{"id":13723,"date":"2024-11-21T12:50:21","date_gmt":"2024-11-21T18:50:21","guid":{"rendered":"https:\/\/soymigrante.com\/revista\/?p=13723"},"modified":"2024-11-21T12:50:22","modified_gmt":"2024-11-21T18:50:22","slug":"desde-florida-migrantes-suman-esfuerzo-para-apoyar-lucha-contra-el-cancer-infantil-en-guatemala","status":"publish","type":"post","link":"https:\/\/soymigrante.com\/revista\/desde-florida-migrantes-suman-esfuerzo-para-apoyar-lucha-contra-el-cancer-infantil-en-guatemala\/","title":{"rendered":"Migrantes en Florida apoyan la lucha contra el c\u00e1ncer infantil en Guatemala"},"content":{"rendered":"\t\t<div data-elementor-type=\"wp-post\" data-elementor-id=\"13723\" class=\"elementor elementor-13723\" data-elementor-post-type=\"post\">\n\t\t\t\t<div data-particle_enable=\"false\" data-particle-mobile-disabled=\"false\" class=\"elementor-element elementor-element-811614b e-flex e-con-boxed e-con e-parent\" data-id=\"811614b\" data-element_type=\"container\" data-e-type=\"container\">\n\t\t\t\t\t<div class=\"e-con-inner\">\n\t\t\t\t<div class=\"elementor-element elementor-element-f00beef elementor-widget elementor-widget-heading\" data-id=\"f00beef\" data-element_type=\"widget\" data-e-type=\"widget\" data-widget_type=\"heading.default\">\n\t\t\t\t\t<h2 class=\"elementor-heading-title elementor-size-default\">Migrantes guatemaltecos organizan Ayuvi Experience: una cena ben\u00e9fica cuya recaudaci\u00f3n ser\u00e1 donada para apoyar a la asociaci\u00f3n Ay\u00fadame a Vivir, que atiende a ni\u00f1os con c\u00e1ncer en Guatemala.<\/h2>\t\t\t\t<\/div>\n\t\t\t\t\t<\/div>\n\t\t\t\t<\/div>\n\t\t<div data-particle_enable=\"false\" data-particle-mobile-disabled=\"false\" class=\"elementor-element elementor-element-2203078 e-flex e-con-boxed e-con e-parent\" data-id=\"2203078\" data-element_type=\"container\" data-e-type=\"container\">\n\t\t\t\t\t<div class=\"e-con-inner\">\n\t\t\t\t<div class=\"elementor-element elementor-element-73e11fb elementor-widget elementor-widget-text-editor\" data-id=\"73e11fb\" data-element_type=\"widget\" data-e-type=\"widget\" data-widget_type=\"text-editor.default\">\n\t\t\t\t\t\t\t\t\t<p>Este 20 de noviembre, a las 19:00 horas, se realizar\u00e1 en 1916 Irish Pub &amp; Second Plate Catering, Cleveland Heights Golf 2900 Buckingham Ave Lakeland, FL 33803 la <a href=\"https:\/\/www.ayuvi.org.gt\/\" target=\"_blank\" rel=\"noopener\">Ayuvi Experience<\/a>, una cena ben\u00e9fica que tiene como objetivo recaudar fondos para la Fundaci\u00f3n Ayuvi, una organizaci\u00f3n que brinda tratamientos oncol\u00f3gicos gratuitos a ni\u00f1os con c\u00e1ncer en Guatemala.<\/p>\n<p>Con un costo de <strong>US$50<\/strong> por persona, los asistentes tendr\u00e1n la oportunidad de disfrutar una velada especial mientras contribuyen a una causa que salva vidas de ni\u00f1os en Guatemala.<\/p>\t\t\t\t\t\t\t\t<\/div>\n\t\t\t\t\t<\/div>\n\t\t\t\t<\/div>\n\t\t<div data-particle_enable=\"false\" data-particle-mobile-disabled=\"false\" class=\"elementor-element elementor-element-81aa0d0 e-flex e-con-boxed e-con e-parent\" data-id=\"81aa0d0\" data-element_type=\"container\" data-e-type=\"container\">\n\t\t\t\t\t<div class=\"e-con-inner\">\n\t\t\t\t<div class=\"elementor-element elementor-element-d47b6bb elementor-widget elementor-widget-facebook-embed\" data-id=\"d47b6bb\" data-element_type=\"widget\" data-e-type=\"widget\" data-widget_type=\"facebook-embed.default\">\n\t\t\t\t\t<div style=\"min-height: 1px\" class=\"elementor-facebook-widget fb-video\" data-href=\"https:\/\/fb.watch\/vZBsBJQSiE\/\" data-show-text=\"false\" data-allowfullscreen=\"false\" data-autoplay=\"false\" data-show-captions=\"false\"><\/div>\t\t\t\t<\/div>\n\t\t\t\t\t<\/div>\n\t\t\t\t<\/div>\n\t\t<div data-particle_enable=\"false\" data-particle-mobile-disabled=\"false\" class=\"elementor-element elementor-element-a2b7a7e e-flex e-con-boxed e-con e-parent\" data-id=\"a2b7a7e\" data-element_type=\"container\" data-e-type=\"container\">\n\t\t\t\t\t<div class=\"e-con-inner\">\n\t\t\t\t<div class=\"elementor-element elementor-element-ae2e875 elementor-widget elementor-widget-heading\" data-id=\"ae2e875\" data-element_type=\"widget\" data-e-type=\"widget\" data-widget_type=\"heading.default\">\n\t\t\t\t\t<h3 class=\"elementor-heading-title elementor-size-default\">Una iniciativa de ayuda por amor <\/h3>\t\t\t\t<\/div>\n\t\t\t\t<div class=\"elementor-element elementor-element-072d61a elementor-widget elementor-widget-text-editor\" data-id=\"072d61a\" data-element_type=\"widget\" data-e-type=\"widget\" data-widget_type=\"text-editor.default\">\n\t\t\t\t\t\t\t\t\t<p>Este evento ha sido posible gracias a la generosidad de un donante an\u00f3nimo, quien financi\u00f3 completamente los costos de la cena, lo que garantiza que el <a href=\"https:\/\/www.ayuvi.org.gt\/\" target=\"_blank\" rel=\"noopener\">100 % de los ingresos se destinar\u00e1n directamente a la organizaci\u00f3n.<\/a><\/p>\t\t\t\t\t\t\t\t<\/div>\n\t\t\t\t\t<\/div>\n\t\t\t\t<\/div>\n\t\t<div data-particle_enable=\"false\" data-particle-mobile-disabled=\"false\" class=\"elementor-element elementor-element-a346541 e-flex e-con-boxed e-con e-parent\" data-id=\"a346541\" data-element_type=\"container\" data-e-type=\"container\">\n\t\t\t\t\t<div class=\"e-con-inner\">\n\t\t\t\t<div class=\"elementor-element elementor-element-a3e48b5 elementor-widget elementor-widget-text-editor\" data-id=\"a3e48b5\" data-element_type=\"widget\" data-e-type=\"widget\" data-widget_type=\"text-editor.default\">\n\t\t\t\t\t\t\t\t\t<p>La cena es una iniciativa de Lisseth Garc\u00eda, una guatemalteca migrante apasionada por la medicina y la ayuda social.<\/p><p>Desde peque\u00f1a, <a href=\"https:\/\/www.ayuvi.org.gt\/\" target=\"_blank\" rel=\"noopener\">Lisseth estuvo interesada en apoyar a quienes m\u00e1s lo necesitan<\/a>, y en Guatemala estudi\u00f3 medicina, lo que le permiti\u00f3 estar en contacto directo con hospitales y programas de atenci\u00f3n infantil.<\/p><p>Ahora, radicada en Estados Unidos, busca continuar ayudando a los ni\u00f1os de su pa\u00eds.<\/p>\t\t\t\t\t\t\t\t<\/div>\n\t\t\t\t\t<\/div>\n\t\t\t\t<\/div>\n\t\t<div data-particle_enable=\"false\" data-particle-mobile-disabled=\"false\" class=\"elementor-element elementor-element-07305ab e-flex e-con-boxed e-con e-parent\" data-id=\"07305ab\" data-element_type=\"container\" data-e-type=\"container\">\n\t\t\t\t\t<div class=\"e-con-inner\">\n\t\t\t\t<div class=\"elementor-element elementor-element-cc19f05 elementor-widget elementor-widget-image\" data-id=\"cc19f05\" data-element_type=\"widget\" data-e-type=\"widget\" data-widget_type=\"image.default\">\n\t\t\t\t\t\t\t\t\t\t\t\t\t\t\t<img fetchpriority=\"high\" decoding=\"async\" width=\"768\" height=\"1024\" src=\"https:\/\/soymigrante.com\/revista\/wp-content\/uploads\/2024\/11\/Migrantes-unen-esfuerzos-para-ayudar-a-Ayuvi-en-Guatemala-7-768x1024.jpeg\" class=\"attachment-large size-large wp-image-13735\" alt=\"Diversidad y uni\u00f3n familiar en Florida, EE.UU., en una noche iluminada junto a un r\u00edo, resaltando la importancia de la comunidad migrante en el contexto de SoyMigrante.com REVISTA.\" srcset=\"https:\/\/soymigrante.com\/revista\/wp-content\/uploads\/2024\/11\/Migrantes-unen-esfuerzos-para-ayudar-a-Ayuvi-en-Guatemala-7-768x1024.jpeg 768w, https:\/\/soymigrante.com\/revista\/wp-content\/uploads\/2024\/11\/Migrantes-unen-esfuerzos-para-ayudar-a-Ayuvi-en-Guatemala-7-225x300.jpeg 225w, https:\/\/soymigrante.com\/revista\/wp-content\/uploads\/2024\/11\/Migrantes-unen-esfuerzos-para-ayudar-a-Ayuvi-en-Guatemala-7-1152x1536.jpeg 1152w, https:\/\/soymigrante.com\/revista\/wp-content\/uploads\/2024\/11\/Migrantes-unen-esfuerzos-para-ayudar-a-Ayuvi-en-Guatemala-7-750x1000.webp 750w, https:\/\/soymigrante.com\/revista\/wp-content\/uploads\/2024\/11\/Migrantes-unen-esfuerzos-para-ayudar-a-Ayuvi-en-Guatemala-7-1140x1520.webp 1140w, https:\/\/soymigrante.com\/revista\/wp-content\/uploads\/2024\/11\/Migrantes-unen-esfuerzos-para-ayudar-a-Ayuvi-en-Guatemala-7.webp 1200w\" sizes=\"(max-width: 768px) 100vw, 768px\" title=\"Migrantes unen esfuerzos para ayudar a Ayuvi en Guatemala 7 \u2013 SoyMigrante.com REVISTA\" \/>\t\t\t\t\t\t\t\t\t\t\t\t\t\t\t<\/div>\n\t\t\t\t\t<\/div>\n\t\t\t\t<\/div>\n\t\t<div data-particle_enable=\"false\" data-particle-mobile-disabled=\"false\" class=\"elementor-element elementor-element-3a87a47 e-flex e-con-boxed e-con e-parent\" data-id=\"3a87a47\" data-element_type=\"container\" data-e-type=\"container\">\n\t\t\t\t\t<div class=\"e-con-inner\">\n\t\t\t\t<div class=\"elementor-element elementor-element-3a61d74 elementor-widget elementor-widget-text-editor\" data-id=\"3a61d74\" data-element_type=\"widget\" data-e-type=\"widget\" data-widget_type=\"text-editor.default\">\n\t\t\t\t\t\t\t\t\t<p>\u201cAyuvi Experience es una forma de unir esfuerzos y extender esperanza a los ni\u00f1os que enfrentan el c\u00e1ncer, porque siempre he estado interesada en ayudar y saber que es lo que pasa con las enfermedades\u201d, expres\u00f3 Garc\u00eda.<\/p><p>En Estados Unidos, se han organizado diversos eventos, como cenas, carreras y actividades deportivas, para apoyar esta causa, logrando unir a la comunidad migrante en torno a la l<a href=\"https:\/\/www.ayuvi.org.gt\/\" target=\"_blank\" rel=\"noopener\">ucha contra el c\u00e1ncer infantil en Guatemala.<\/a><\/p>\t\t\t\t\t\t\t\t<\/div>\n\t\t\t\t\t<\/div>\n\t\t\t\t<\/div>\n\t\t<div data-particle_enable=\"false\" data-particle-mobile-disabled=\"false\" class=\"elementor-element elementor-element-bbe76eb e-flex e-con-boxed e-con e-parent\" data-id=\"bbe76eb\" data-element_type=\"container\" data-e-type=\"container\">\n\t\t\t\t\t<div class=\"e-con-inner\">\n\t\t\t\t<div class=\"elementor-element elementor-element-a6fb498 elementor-widget elementor-widget-image\" data-id=\"a6fb498\" data-element_type=\"widget\" data-e-type=\"widget\" data-widget_type=\"image.default\">\n\t\t\t\t\t\t\t\t\t\t\t\t\t\t\t<img decoding=\"async\" width=\"768\" height=\"576\" src=\"https:\/\/soymigrante.com\/revista\/wp-content\/uploads\/2024\/11\/Migrantes-unen-esfuerzos-para-ayudar-a-Ayuvi-en-Guatemala-5-1024x768.jpeg\" class=\"attachment-large size-large wp-image-13732\" alt=\"Personas en reuni\u00f3n comunitaria en un espacio cerrado, participando en un evento sobre migraci\u00f3n y comunidad, con ambiente de di\u00e1logo y convivencia social.\" srcset=\"https:\/\/soymigrante.com\/revista\/wp-content\/uploads\/2024\/11\/Migrantes-unen-esfuerzos-para-ayudar-a-Ayuvi-en-Guatemala-5-1024x768.jpeg 1024w, https:\/\/soymigrante.com\/revista\/wp-content\/uploads\/2024\/11\/Migrantes-unen-esfuerzos-para-ayudar-a-Ayuvi-en-Guatemala-5-300x225.jpeg 300w, https:\/\/soymigrante.com\/revista\/wp-content\/uploads\/2024\/11\/Migrantes-unen-esfuerzos-para-ayudar-a-Ayuvi-en-Guatemala-5-768x576.jpeg 768w, https:\/\/soymigrante.com\/revista\/wp-content\/uploads\/2024\/11\/Migrantes-unen-esfuerzos-para-ayudar-a-Ayuvi-en-Guatemala-5-750x563.webp 750w, https:\/\/soymigrante.com\/revista\/wp-content\/uploads\/2024\/11\/Migrantes-unen-esfuerzos-para-ayudar-a-Ayuvi-en-Guatemala-5-1140x855.webp 1140w, https:\/\/soymigrante.com\/revista\/wp-content\/uploads\/2024\/11\/Migrantes-unen-esfuerzos-para-ayudar-a-Ayuvi-en-Guatemala-5.webp 1280w\" sizes=\"(max-width: 768px) 100vw, 768px\" title=\"Migrantes unen esfuerzos para ayudar a Ayuvi en Guatemala 5 \u2013 SoyMigrante.com REVISTA\" \/>\t\t\t\t\t\t\t\t\t\t\t\t\t\t\t<\/div>\n\t\t\t\t\t<\/div>\n\t\t\t\t<\/div>\n\t\t<div data-particle_enable=\"false\" data-particle-mobile-disabled=\"false\" class=\"elementor-element elementor-element-e50b95c e-flex e-con-boxed e-con e-parent\" data-id=\"e50b95c\" data-element_type=\"container\" data-e-type=\"container\">\n\t\t\t\t\t<div class=\"e-con-inner\">\n\t\t\t\t<div class=\"elementor-element elementor-element-18738d8 elementor-widget elementor-widget-text-editor\" data-id=\"18738d8\" data-element_type=\"widget\" data-e-type=\"widget\" data-widget_type=\"text-editor.default\">\n\t\t\t\t\t\t\t\t\t<p><a href=\"https:\/\/www.ayuvi.org.gt\/\" target=\"_blank\" rel=\"noopener\">Ayuvi Experience<\/a> es el m\u00e1s reciente de estos esfuerzos, y se espera que inspire a m\u00e1s personas a involucrarse.<\/p><p>La Fundaci\u00f3n <a href=\"https:\/\/www.ayuvi.org.gt\/\" target=\"_blank\" rel=\"noopener\">Ayuvi<\/a> no solo ofrece tratamientos m\u00e9dicos, sino tambi\u00e9n apoyo integral a las familias que atraviesan este desaf\u00edo.<\/p><p>Eventos como este refuerzan su misi\u00f3n y permiten que m\u00e1s ni\u00f1os tengan acceso a las terapias necesarias.<\/p><p>Los interesados en asistir a la cena o contribuir a la causa pueden contactar a los organizadores para obtener m\u00e1s detalles.<\/p>\t\t\t\t\t\t\t\t<\/div>\n\t\t\t\t\t<\/div>\n\t\t\t\t<\/div>\n\t\t<div data-particle_enable=\"false\" data-particle-mobile-disabled=\"false\" class=\"elementor-element elementor-element-a75ceeb e-flex e-con-boxed e-con e-parent\" data-id=\"a75ceeb\" data-element_type=\"container\" data-e-type=\"container\">\n\t\t\t\t\t<div class=\"e-con-inner\">\n\t\t\t\t<div class=\"elementor-element elementor-element-f20ce89 elementor-widget elementor-widget-text-editor\" data-id=\"f20ce89\" data-element_type=\"widget\" data-e-type=\"widget\" data-widget_type=\"text-editor.default\">\n\t\t\t\t\t\t\t\t\t<p>Ayuvi Experience demuestra que la solidaridad no tiene fronteras y que, a trav\u00e9s de peque\u00f1os actos de generosidad, se pueden generar grandes cambios.<\/p>\t\t\t\t\t\t\t\t<\/div>\n\t\t\t\t\t<\/div>\n\t\t\t\t<\/div>\n\t\t<div data-particle_enable=\"false\" data-particle-mobile-disabled=\"false\" class=\"elementor-element elementor-element-806cfca e-flex e-con-boxed e-con e-parent\" data-id=\"806cfca\" data-element_type=\"container\" data-e-type=\"container\">\n\t\t\t\t\t<div class=\"e-con-inner\">\n\t\t\t\t<div class=\"elementor-element elementor-element-4c3531d elementor-widget elementor-widget-image\" data-id=\"4c3531d\" data-element_type=\"widget\" data-e-type=\"widget\" data-widget_type=\"image.default\">\n\t\t\t\t\t\t\t\t\t\t\t\t\t\t\t<img decoding=\"async\" width=\"768\" height=\"576\" src=\"https:\/\/soymigrante.com\/revista\/wp-content\/uploads\/2024\/11\/Migrantes-unen-esfuerzos-para-ayudar-a-Ayuvi-en-Guatemala-3-1024x768.jpeg\" class=\"attachment-large size-large wp-image-13733\" alt=\".UN grupo de voluntarios en una campa\u00f1a de concientizaci\u00f3n sobre el c\u00e1ncer infantil en una feria al aire libre, portando camisetas verdes y gorras azules, con un edificio moderno y \u00e1rboles de fondo.\" srcset=\"https:\/\/soymigrante.com\/revista\/wp-content\/uploads\/2024\/11\/Migrantes-unen-esfuerzos-para-ayudar-a-Ayuvi-en-Guatemala-3-1024x768.jpeg 1024w, https:\/\/soymigrante.com\/revista\/wp-content\/uploads\/2024\/11\/Migrantes-unen-esfuerzos-para-ayudar-a-Ayuvi-en-Guatemala-3-300x225.jpeg 300w, https:\/\/soymigrante.com\/revista\/wp-content\/uploads\/2024\/11\/Migrantes-unen-esfuerzos-para-ayudar-a-Ayuvi-en-Guatemala-3-768x576.jpeg 768w, https:\/\/soymigrante.com\/revista\/wp-content\/uploads\/2024\/11\/Migrantes-unen-esfuerzos-para-ayudar-a-Ayuvi-en-Guatemala-3-750x563.webp 750w, https:\/\/soymigrante.com\/revista\/wp-content\/uploads\/2024\/11\/Migrantes-unen-esfuerzos-para-ayudar-a-Ayuvi-en-Guatemala-3-1140x855.webp 1140w, https:\/\/soymigrante.com\/revista\/wp-content\/uploads\/2024\/11\/Migrantes-unen-esfuerzos-para-ayudar-a-Ayuvi-en-Guatemala-3.webp 1280w\" sizes=\"(max-width: 768px) 100vw, 768px\" title=\"Migrantes unen esfuerzos para ayudar a Ayuvi en Guatemala 3 \u2013 SoyMigrante.com REVISTA\" \/>\t\t\t\t\t\t\t\t\t\t\t\t\t\t\t<\/div>\n\t\t\t\t\t<\/div>\n\t\t\t\t<\/div>\n\t\t<div data-particle_enable=\"false\" data-particle-mobile-disabled=\"false\" class=\"elementor-element elementor-element-f83f035 e-flex e-con-boxed e-con e-parent\" data-id=\"f83f035\" data-element_type=\"container\" data-e-type=\"container\">\n\t\t\t\t\t<div class=\"e-con-inner\">\n\t\t\t\t<div class=\"elementor-element elementor-element-5f1e8ca elementor-widget elementor-widget-heading\" data-id=\"5f1e8ca\" data-element_type=\"widget\" data-e-type=\"widget\" data-widget_type=\"heading.default\">\n\t\t\t\t\t<h3 class=\"elementor-heading-title elementor-size-default\">Cenas en otros Estados <\/h3>\t\t\t\t<\/div>\n\t\t\t\t\t<\/div>\n\t\t\t\t<\/div>\n\t\t<div data-particle_enable=\"false\" data-particle-mobile-disabled=\"false\" class=\"elementor-element elementor-element-754d9da e-flex e-con-boxed e-con e-parent\" data-id=\"754d9da\" data-element_type=\"container\" data-e-type=\"container\">\n\t\t\t\t\t<div class=\"e-con-inner\">\n\t\t\t\t<div class=\"elementor-element elementor-element-68779a8 elementor-widget elementor-widget-text-editor\" data-id=\"68779a8\" data-element_type=\"widget\" data-e-type=\"widget\" data-widget_type=\"text-editor.default\">\n\t\t\t\t\t\t\t\t\t<p>Esta experiencia tambi\u00e9n se ha realizado en otros lugares de Estados Unidos, como Los \u00c1ngeles, donde los migrantes guatemaltecos se han dado a la tarea de recaudar dinero para apoyar en estas causas.<\/p><p>En Los \u00c1ngeles tambi\u00e9n se llev\u00f3 a cabo una carrera de 5 kil\u00f3metros para buscar m\u00e1s apoyo econ\u00f3mico con la finalidad de <a href=\"https:\/\/www.ayuvi.org.gt\/\" target=\"_blank\" rel=\"noopener\">ayudar a los ni\u00f1os con c\u00e1ncer.<\/a><\/p>\t\t\t\t\t\t\t\t<\/div>\n\t\t\t\t\t<\/div>\n\t\t\t\t<\/div>\n\t\t<div data-particle_enable=\"false\" data-particle-mobile-disabled=\"false\" class=\"elementor-element elementor-element-89b4e77 e-flex e-con-boxed e-con e-parent\" data-id=\"89b4e77\" data-element_type=\"container\" data-e-type=\"container\">\n\t\t\t\t\t<div class=\"e-con-inner\">\n\t\t\t\t<div class=\"elementor-element elementor-element-881fc52 elementor-widget elementor-widget-image\" data-id=\"881fc52\" data-element_type=\"widget\" data-e-type=\"widget\" data-widget_type=\"image.default\">\n\t\t\t\t\t\t\t\t\t\t\t\t\t\t\t<img loading=\"lazy\" decoding=\"async\" width=\"768\" height=\"1024\" src=\"https:\/\/soymigrante.com\/revista\/wp-content\/uploads\/2024\/11\/Migrantes-unen-esfuerzos-para-ayudar-a-Ayuvi-en-Guatemala-1-768x1024.jpeg\" class=\"attachment-large size-large wp-image-13734\" alt=\"Corredores migrantes en carrera solidaria con bandera de finalizaci\u00f3n, grupo diverso de personas en evento comunitario, promoci\u00f3n de la inclusi\u00f3n y apoyo a migrantes, salud y bienestar comunitario,.\" srcset=\"https:\/\/soymigrante.com\/revista\/wp-content\/uploads\/2024\/11\/Migrantes-unen-esfuerzos-para-ayudar-a-Ayuvi-en-Guatemala-1-768x1024.jpeg 768w, https:\/\/soymigrante.com\/revista\/wp-content\/uploads\/2024\/11\/Migrantes-unen-esfuerzos-para-ayudar-a-Ayuvi-en-Guatemala-1-225x300.jpeg 225w, https:\/\/soymigrante.com\/revista\/wp-content\/uploads\/2024\/11\/Migrantes-unen-esfuerzos-para-ayudar-a-Ayuvi-en-Guatemala-1-750x1000.webp 750w, https:\/\/soymigrante.com\/revista\/wp-content\/uploads\/2024\/11\/Migrantes-unen-esfuerzos-para-ayudar-a-Ayuvi-en-Guatemala-1.webp 960w\" sizes=\"(max-width: 768px) 100vw, 768px\" title=\"Migrantes unen esfuerzos para ayudar a Ayuvi en Guatemala 1 \u2013 SoyMigrante.com REVISTA\" \/>\t\t\t\t\t\t\t\t\t\t\t\t\t\t\t<\/div>\n\t\t\t\t\t<\/div>\n\t\t\t\t<\/div>\n\t\t<div data-particle_enable=\"false\" data-particle-mobile-disabled=\"false\" class=\"elementor-element elementor-element-32f4226 e-flex e-con-boxed e-con e-parent\" data-id=\"32f4226\" data-element_type=\"container\" data-e-type=\"container\">\n\t\t\t\t\t<div class=\"e-con-inner\">\n\t\t\t\t<div class=\"elementor-element elementor-element-c3b41e3 elementor-widget elementor-widget-heading\" data-id=\"c3b41e3\" data-element_type=\"widget\" data-e-type=\"widget\" data-widget_type=\"heading.default\">\n\t\t\t\t\t<h2 class=\"elementor-heading-title elementor-size-default\">Apoyo migrante a su pa\u00eds es constante<\/h2>\t\t\t\t<\/div>\n\t\t\t\t\t<\/div>\n\t\t\t\t<\/div>\n\t\t<div data-particle_enable=\"false\" data-particle-mobile-disabled=\"false\" class=\"elementor-element elementor-element-76dca76 e-flex e-con-boxed e-con e-parent\" data-id=\"76dca76\" data-element_type=\"container\" data-e-type=\"container\">\n\t\t\t\t\t<div class=\"e-con-inner\">\n\t\t\t\t<div class=\"elementor-element elementor-element-003a48f elementor-grid-eael-col-3 elementor-grid-tablet-eael-col-2 elementor-grid-mobile-eael-col-1 elementor-widget elementor-widget-eael-post-grid\" data-id=\"003a48f\" data-element_type=\"widget\" data-e-type=\"widget\" data-settings=\"{&quot;eael_post_grid_columns&quot;:&quot;eael-col-3&quot;,&quot;eael_post_grid_columns_tablet&quot;:&quot;eael-col-2&quot;,&quot;eael_post_grid_columns_mobile&quot;:&quot;eael-col-1&quot;}\" data-widget_type=\"eael-post-grid.default\">\n\t\t\t\t\t<div id=\"eael-post-grid-003a48f\" class=\"eael-post-grid-container\">\n            <div class=\"eael-post-grid eael-post-appender eael-post-appender-003a48f eael-post-grid-style-one\" data-layout-mode=\"masonry\"><article class=\"eael-grid-post  eael-post-grid-column eael-pg-post-9925 category-estamos-unidos\" data-id=\"9925\">\n        <div class=\"eael-grid-post-holder\">\n            <div class=\"eael-grid-post-holder-inner\"><div class=\"eael-entry-media\"><div class=\"eael-entry-overlay fade-in\"><i class=\"far fa-hand-pointer\" aria-hidden=\"true\"><\/i><a href=\"https:\/\/soymigrante.com\/revista\/ninos-festejan-su-dia-gracias-a-aportes-de-migrantes-guatemaltecos\/\"><\/a><\/div><div class=\"eael-entry-thumbnail \">\n                <img loading=\"lazy\" decoding=\"async\" width=\"1024\" height=\"1024\" src=\"https:\/\/soymigrante.com\/revista\/wp-content\/uploads\/2024\/10\/dia-del-nino-2024-1024x1024.webp\" class=\"attachment-large size-large wp-image-9926\" alt=\"Torta de cumplea\u00f1os con ni\u00f1os en aula escolar, celebraci\u00f3n en comunidad educativa, actividades culturales y sociales, Revista SoyMigrante.com, integraci\u00f3n y alegr\u00eda infantil.\" srcset=\"https:\/\/soymigrante.com\/revista\/wp-content\/uploads\/2024\/10\/dia-del-nino-2024-1024x1024.webp 1024w, https:\/\/soymigrante.com\/revista\/wp-content\/uploads\/2024\/10\/dia-del-nino-2024-300x300.webp 300w, https:\/\/soymigrante.com\/revista\/wp-content\/uploads\/2024\/10\/dia-del-nino-2024-150x150.webp 150w, https:\/\/soymigrante.com\/revista\/wp-content\/uploads\/2024\/10\/dia-del-nino-2024-768x768.webp 768w, https:\/\/soymigrante.com\/revista\/wp-content\/uploads\/2024\/10\/dia-del-nino-2024-75x75.webp 75w, https:\/\/soymigrante.com\/revista\/wp-content\/uploads\/2024\/10\/dia-del-nino-2024-750x750.webp 750w, https:\/\/soymigrante.com\/revista\/wp-content\/uploads\/2024\/10\/dia-del-nino-2024-1140x1140.webp 1140w, https:\/\/soymigrante.com\/revista\/wp-content\/uploads\/2024\/10\/dia-del-nino-2024.webp 1200w\" sizes=\"(max-width: 1024px) 100vw, 1024px\" \/>\n            <\/div>\n        <\/div><div class=\"eael-entry-wrapper\"><header class=\"eael-entry-header\"><h2 class=\"eael-entry-title\"><a class=\"eael-grid-post-link\" href=\"https:\/\/soymigrante.com\/revista\/ninos-festejan-su-dia-gracias-a-aportes-de-migrantes-guatemaltecos\/\" title=\"Ni\u00f1os festejan su D\u00eda gracias a aportes de migrantes guatemaltecos\">Ni\u00f1os festejan su D\u00eda gracias a aportes de migrantes guatemaltecos<\/a><\/h2><\/header><div class=\"eael-entry-content\">\n                        <div class=\"eael-grid-post-excerpt\"><a href=\"https:\/\/soymigrante.com\/revista\/ninos-festejan-su-dia-gracias-a-aportes-de-migrantes-guatemaltecos\/\" class=\"eael-post-elements-readmore-btn\">CONOCE SU HISTORIA <\/a><\/div>\n                    <\/div><\/div><\/div>\n        <\/div>\n    <\/article><article class=\"eael-grid-post  eael-post-grid-column eael-pg-post-6429 category-lugar-de-voces\" data-id=\"6429\">\n        <div class=\"eael-grid-post-holder\">\n            <div class=\"eael-grid-post-holder-inner\"><div class=\"eael-entry-media\"><div class=\"eael-entry-overlay fade-in\"><i class=\"far fa-hand-pointer\" aria-hidden=\"true\"><\/i><a href=\"https:\/\/soymigrante.com\/revista\/donativo-migrantes-guatemaltecos-escuela-palencia-quetzi\/\"><\/a><\/div><div class=\"eael-entry-thumbnail \">\n                <img loading=\"lazy\" decoding=\"async\" width=\"1024\" height=\"1024\" src=\"https:\/\/soymigrante.com\/revista\/wp-content\/uploads\/2024\/05\/IMG-20240513-WA0045-e1718760507162-1024x1024.webp\" class=\"attachment-large size-large wp-image-6435\" alt=\"D\u00eda de la diversidad cultural en el colegio, ni\u00f1os celebrando con juguetes y actividades relacionadas con sus ra\u00edces y tradiciones en un entorno escolar.\" srcset=\"https:\/\/soymigrante.com\/revista\/wp-content\/uploads\/2024\/05\/IMG-20240513-WA0045-e1718760507162-1024x1024.webp 1024w, https:\/\/soymigrante.com\/revista\/wp-content\/uploads\/2024\/05\/IMG-20240513-WA0045-e1718760507162-300x300.webp 300w, https:\/\/soymigrante.com\/revista\/wp-content\/uploads\/2024\/05\/IMG-20240513-WA0045-e1718760507162-150x150.webp 150w, https:\/\/soymigrante.com\/revista\/wp-content\/uploads\/2024\/05\/IMG-20240513-WA0045-e1718760507162-768x768.webp 768w, https:\/\/soymigrante.com\/revista\/wp-content\/uploads\/2024\/05\/IMG-20240513-WA0045-e1718760507162-75x75.webp 75w, https:\/\/soymigrante.com\/revista\/wp-content\/uploads\/2024\/05\/IMG-20240513-WA0045-e1718760507162-750x750.webp 750w, https:\/\/soymigrante.com\/revista\/wp-content\/uploads\/2024\/05\/IMG-20240513-WA0045-e1718760507162-1140x1140.webp 1140w, https:\/\/soymigrante.com\/revista\/wp-content\/uploads\/2024\/05\/IMG-20240513-WA0045-e1718760507162.webp 1244w\" sizes=\"(max-width: 1024px) 100vw, 1024px\" \/>\n            <\/div>\n        <\/div><div class=\"eael-entry-wrapper\"><header class=\"eael-entry-header\"><h2 class=\"eael-entry-title\"><a class=\"eael-grid-post-link\" href=\"https:\/\/soymigrante.com\/revista\/donativo-migrantes-guatemaltecos-escuela-palencia-quetzi\/\" title=\"Proyecto Quetzi: donaci\u00f3n migrante para ni\u00f1os y j\u00f3venes de una escuela en Guatemala\">Proyecto Quetzi: donaci\u00f3n migrante para ni\u00f1os y j\u00f3venes de una escuela en Guatemala<\/a><\/h2><\/header><div class=\"eael-entry-content\">\n                        <div class=\"eael-grid-post-excerpt\"><a href=\"https:\/\/soymigrante.com\/revista\/donativo-migrantes-guatemaltecos-escuela-palencia-quetzi\/\" class=\"eael-post-elements-readmore-btn\">CONOCE SU HISTORIA <\/a><\/div>\n                    <\/div><\/div><\/div>\n        <\/div>\n    <\/article><article class=\"eael-grid-post  eael-post-grid-column eael-pg-post-4809 category-exitos\" data-id=\"4809\">\n        <div class=\"eael-grid-post-holder\">\n            <div class=\"eael-grid-post-holder-inner\"><div class=\"eael-entry-media\"><div class=\"eael-entry-overlay fade-in\"><i class=\"far fa-hand-pointer\" aria-hidden=\"true\"><\/i><a href=\"https:\/\/soymigrante.com\/revista\/migrante-mister-oklahoma-donativo-utiles-escolares-guatemala\/\"><\/a><\/div><div class=\"eael-entry-thumbnail \">\n                <img loading=\"lazy\" decoding=\"async\" width=\"501\" height=\"455\" src=\"https:\/\/soymigrante.com\/revista\/wp-content\/uploads\/2024\/02\/mr.webp\" class=\"attachment-large size-large wp-image-4815\" alt=\"Migrante Brian de Leon recaud\u00f3 donativos en Oklahoma y los vino a entregar en utiles escolares a Guatemala. Brian de Leon Mister Oklahoma\" srcset=\"https:\/\/soymigrante.com\/revista\/wp-content\/uploads\/2024\/02\/mr.webp 501w, https:\/\/soymigrante.com\/revista\/wp-content\/uploads\/2024\/02\/mr-300x272.webp 300w\" sizes=\"(max-width: 501px) 100vw, 501px\" \/>\n            <\/div>\n        <\/div><div class=\"eael-entry-wrapper\"><header class=\"eael-entry-header\"><h2 class=\"eael-entry-title\"><a class=\"eael-grid-post-link\" href=\"https:\/\/soymigrante.com\/revista\/migrante-mister-oklahoma-donativo-utiles-escolares-guatemala\/\" title=\"M\u00edster Oklahoma Brian de Le\u00f3n entrega donativo migrante en Guatemala\">M\u00edster Oklahoma Brian de Le\u00f3n entrega donativo migrante en Guatemala<\/a><\/h2><\/header><div class=\"eael-entry-content\">\n                        <div class=\"eael-grid-post-excerpt\"><a href=\"https:\/\/soymigrante.com\/revista\/migrante-mister-oklahoma-donativo-utiles-escolares-guatemala\/\" class=\"eael-post-elements-readmore-btn\">CONOCE SU HISTORIA <\/a><\/div>\n                    <\/div><\/div><\/div>\n        <\/div>\n    <\/article><\/div>\n            <div class=\"clearfix\"><\/div>\n        <\/div>\t\t\t\t<\/div>\n\t\t\t\t\t<\/div>\n\t\t\t\t<\/div>\n\t\t\t\t<\/div>\n\t\t","protected":false},"excerpt":{"rendered":"<p>Migrantes guatemaltecos organizan Ayuvi Experience: una cena ben\u00e9fica cuya recaudaci\u00f3n ser\u00e1 donada para apoyar a la asociaci\u00f3n Ay\u00fadame a Vivir, que atiende a ni\u00f1os con c\u00e1ncer en Guatemala. Este 20 de noviembre, a las 19:00 horas, se realizar\u00e1 en 1916 Irish Pub &amp; Second Plate Catering, Cleveland Heights Golf 2900 Buckingham Ave Lakeland, FL 33803 [&hellip;]<\/p>\n","protected":false},"author":19,"featured_media":13726,"comment_status":"open","ping_status":"open","sticky":false,"template":"","format":"standard","meta":{"_acf_changed":false,"_eb_attr":"","footnotes":""},"categories":[54],"tags":[],"class_list":["post-13723","post","type-post","status-publish","format-standard","has-post-thumbnail","hentry","category-estamos-unidos"],"acf":[],"aioseo_notices":[],"aioseo_head":"\n\t\t<!-- All in One SEO Pro 4.9.6.2 - aioseo.com -->\n\t<meta name=\"description\" content=\"Migrante guatemaltec m\u00edster Oklahoma, se propone contribuir a la educaci\u00f3n con la donaci\u00f3n de \u00fatiles escolares en su tierra natal Palestina de Los Altos\" \/>\n\t<meta name=\"robots\" content=\"max-snippet:-1, max-image-preview:large, max-video-preview:-1\" \/>\n\t<meta name=\"author\" content=\"Diana Batz\"\/>\n\t<link rel=\"canonical\" href=\"https:\/\/soymigrante.com\/revista\/migrante-mister-oklahoma-donativo-utiles-escolares-guatemala\/\" \/>\n\t<meta name=\"generator\" content=\"All in One SEO Pro (AIOSEO) 4.9.6.2\" \/>\n\n\t\t<link rel=\"preconnect\" href=\"https:\/\/fonts.googleapis.com\" crossorigin>\n<link rel=\"preconnect\" href=\"https:\/\/fonts.gstatic.com\" crossorigin>\n\t\t<meta property=\"og:locale\" content=\"es_ES\" \/>\n\t\t<meta property=\"og:site_name\" content=\"SoyMigrante.com REVISTA \u2013 Nuestra misi\u00f3n es reconocer y dignificar al migrante.\" \/>\n\t\t<meta property=\"og:type\" content=\"article\" \/>\n\t\t<meta property=\"og:title\" content=\"M\u00edster Oklahoma Brian de Le\u00f3n entrega donativo migrante en Guatemala\" \/>\n\t\t<meta property=\"og:description\" content=\"Migrante guatemaltec m\u00edster Oklahoma, se propone contribuir a la educaci\u00f3n con la donaci\u00f3n de \u00fatiles escolares en su tierra natal Palestina de Los Altos\" \/>\n\t\t<meta property=\"og:url\" content=\"https:\/\/soymigrante.com\/revista\/migrante-mister-oklahoma-donativo-utiles-escolares-guatemala\/\" \/>\n\t\t<meta property=\"og:image\" content=\"https:\/\/soymigrante.com\/revista\/wp-content\/uploads\/2024\/02\/mr.webp\" \/>\n\t\t<meta property=\"og:image:secure_url\" content=\"https:\/\/soymigrante.com\/revista\/wp-content\/uploads\/2024\/02\/mr.webp\" \/>\n\t\t<meta property=\"og:image:width\" content=\"501\" \/>\n\t\t<meta property=\"og:image:height\" content=\"455\" \/>\n\t\t<meta property=\"article:published_time\" content=\"2024-02-09T21:22:59+00:00\" \/>\n\t\t<meta property=\"article:modified_time\" content=\"2024-11-01T21:44:23+00:00\" \/>\n\t\t<meta property=\"article:publisher\" content=\"https:\/\/www.facebook.com\/soymigrantecom\" \/>\n\t\t<meta name=\"twitter:card\" content=\"summary_large_image\" \/>\n\t\t<meta name=\"twitter:site\" content=\"@SoyMigrante_com\" \/>\n\t\t<meta name=\"twitter:title\" content=\"M\u00edster Oklahoma Brian de Le\u00f3n entrega donativo migrante en Guatemala\" \/>\n\t\t<meta name=\"twitter:description\" content=\"Migrante guatemaltec m\u00edster Oklahoma, se propone contribuir a la educaci\u00f3n con la donaci\u00f3n de \u00fatiles escolares en su tierra natal Palestina de Los Altos\" \/>\n\t\t<meta name=\"twitter:creator\" content=\"@SoyMigrante_com\" \/>\n\t\t<meta name=\"twitter:image\" content=\"https:\/\/soymigrante.com\/revista\/wp-content\/uploads\/2024\/02\/mr.webp\" \/>\n\t\t<!-- All in One SEO Pro -->\r\n\t\t<title>M\u00edster Oklahoma Brian de Le\u00f3n entrega donativo migrante en Guatemala<\/title>\n\n","aioseo_head_json":{"title":"M\u00edster Oklahoma Brian de Le\u00f3n entrega donativo migrante en Guatemala","description":"Migrante guatemaltec m\u00edster Oklahoma, se propone contribuir a la educaci\u00f3n con la donaci\u00f3n de \u00fatiles escolares en su tierra natal Palestina de Los Altos","canonical_url":"https:\/\/soymigrante.com\/revista\/migrante-mister-oklahoma-donativo-utiles-escolares-guatemala\/","robots":"max-snippet:-1, max-image-preview:large, max-video-preview:-1","keywords":"","webmasterTools":{"miscellaneous":"&lt;link rel=\"preconnect\" href=\"https:\/\/fonts.googleapis.com\" crossorigin&gt;\n&lt;link rel=\"preconnect\" href=\"https:\/\/fonts.gstatic.com\" crossorigin&gt;"},"schema":null,"og:locale":"es_ES","og:site_name":"SoyMigrante.com REVISTA \u2013 Nuestra misi\u00f3n es reconocer y dignificar al migrante.","og:type":"article","og:title":"M\u00edster Oklahoma Brian de Le\u00f3n entrega donativo migrante en Guatemala","og:description":"Migrante guatemaltec m\u00edster Oklahoma, se propone contribuir a la educaci\u00f3n con la donaci\u00f3n de \u00fatiles escolares en su tierra natal Palestina de Los Altos","og:url":"https:\/\/soymigrante.com\/revista\/migrante-mister-oklahoma-donativo-utiles-escolares-guatemala\/","og:image":"https:\/\/soymigrante.com\/revista\/wp-content\/uploads\/2024\/02\/mr.webp","og:image:secure_url":"https:\/\/soymigrante.com\/revista\/wp-content\/uploads\/2024\/02\/mr.webp","og:image:width":501,"og:image:height":455,"article:published_time":"2024-02-09T21:22:59+00:00","article:modified_time":"2024-11-01T21:44:23+00:00","article:publisher":"https:\/\/www.facebook.com\/soymigrantecom","twitter:card":"summary_large_image","twitter:site":"@SoyMigrante_com","twitter:title":"M\u00edster Oklahoma Brian de Le\u00f3n entrega donativo migrante en Guatemala","twitter:description":"Migrante guatemaltec m\u00edster Oklahoma, se propone contribuir a la educaci\u00f3n con la donaci\u00f3n de \u00fatiles escolares en su tierra natal Palestina de Los Altos","twitter:creator":"@SoyMigrante_com","twitter:image":"https:\/\/soymigrante.com\/revista\/wp-content\/uploads\/2024\/02\/mr.webp"},"aioseo_meta_data":{"post_id":"13723","title":"Migrantes apoyan lucha contra el c\u00e1ncer infantil en Guatemala","description":"Migrantes guatemaltecos en Florida organizaron una centa para reunir recursos para donar a Ay\u00fadame a Vivir, asociaci\u00f3n que apoya a los ni\u00f1os co c\u00e1ncer en Guatemala.","keywords":null,"keyphrases":{"focus":{"keyphrase":"migrantes","score":82,"analysis":{"keyphraseInTitle":{"score":9,"maxScore":9,"error":0},"keyphraseInDescription":{"score":9,"maxScore":9,"error":0},"keyphraseLength":{"score":9,"maxScore":9,"error":0,"length":1},"keyphraseInURL":{"score":5,"maxScore":5,"error":0},"keyphraseInIntroduction":{"score":3,"maxScore":9,"error":1},"keyphraseInSubHeadings":{"score":3,"maxScore":9,"error":1},"keyphraseInImageAlt":{"score":9,"maxScore":9,"error":0},"keywordDensity":{"type":"best","score":9,"maxScore":9,"error":0}}},"additional":[{"keyphrase":"migrantes","score":87,"analysis":{"keyphraseInDescription":{"score":9,"maxScore":9,"error":0},"keyphraseLength":{"score":9,"maxScore":9,"error":0,"length":1},"keyphraseInIntroduction":{"score":3,"maxScore":9,"error":1},"keyphraseInImageAlt":{"score":9,"maxScore":9,"error":0},"keywordDensity":{"type":"best","score":9,"maxScore":9,"error":0}}}]},"primary_term":null,"canonical_url":null,"og_title":null,"og_description":null,"og_object_type":"default","og_image_type":"default","og_image_url":null,"og_image_width":null,"og_image_height":null,"og_image_custom_url":null,"og_image_custom_fields":null,"og_video":"","og_custom_url":null,"og_article_section":null,"og_article_tags":null,"twitter_use_og":false,"twitter_card":"default","twitter_image_type":"default","twitter_image_url":null,"twitter_image_custom_url":null,"twitter_image_custom_fields":null,"twitter_title":null,"twitter_description":null,"schema":{"blockGraphs":[],"customGraphs":[],"default":{"data":{"Article":[],"Course":[],"Dataset":[],"FAQPage":[],"Movie":[],"Person":[],"Product":[],"ProductReview":[],"Car":[],"Recipe":[],"Service":[],"SoftwareApplication":[],"WebPage":[]},"graphName":"Article","isEnabled":true},"graphs":[]},"schema_type":"default","schema_type_options":null,"pillar_content":false,"robots_default":true,"robots_noindex":false,"robots_noarchive":false,"robots_nosnippet":false,"robots_nofollow":false,"robots_noimageindex":false,"robots_noodp":false,"robots_notranslate":false,"robots_max_snippet":"-1","robots_max_videopreview":"-1","robots_max_imagepreview":"large","priority":null,"frequency":"default","local_seo":null,"seo_analyzer_scan_date":"2025-10-09 00:26:14","breadcrumb_settings":null,"limit_modified_date":false,"reviewed_by":null,"open_ai":"{\"title\":{\"suggestions\":[],\"usage\":0},\"description\":{\"suggestions\":[],\"usage\":0}}","ai":null,"created":"2024-11-19 18:15:55","updated":"2026-02-04 16:41:20"},"aioseo_breadcrumb":"<div class=\"aioseo-breadcrumbs\"><span class=\"aioseo-breadcrumb\">\n\t<a href=\"https:\/\/soymigrante.com\/revista\" title=\"Home\">Home<\/a>\n<\/span><span class=\"aioseo-breadcrumb-separator\">\u00bb<\/span><span class=\"aioseo-breadcrumb\">\n\t<a href=\"https:\/\/soymigrante.com\/revista\/category\/estamos-unidos\/\" title=\"Estamos Unidos\">Estamos Unidos<\/a>\n<\/span><span class=\"aioseo-breadcrumb-separator\">\u00bb<\/span><span class=\"aioseo-breadcrumb\">\n\tMigrantes en Florida apoyan la lucha contra el c\u00e1ncer infantil en Guatemala\n<\/span><\/div>","aioseo_breadcrumb_json":[{"label":"Home","link":"https:\/\/soymigrante.com\/revista"},{"label":"Estamos Unidos","link":"https:\/\/soymigrante.com\/revista\/category\/estamos-unidos\/"},{"label":"Migrantes en Florida apoyan la lucha contra el c\u00e1ncer infantil en Guatemala","link":"https:\/\/soymigrante.com\/revista\/desde-florida-migrantes-suman-esfuerzo-para-apoyar-lucha-contra-el-cancer-infantil-en-guatemala\/"}],"_links":{"self":[{"href":"https:\/\/soymigrante.com\/revista\/wp-json\/wp\/v2\/posts\/13723","targetHints":{"allow":["GET"]}}],"collection":[{"href":"https:\/\/soymigrante.com\/revista\/wp-json\/wp\/v2\/posts"}],"about":[{"href":"https:\/\/soymigrante.com\/revista\/wp-json\/wp\/v2\/types\/post"}],"author":[{"embeddable":true,"href":"https:\/\/soymigrante.com\/revista\/wp-json\/wp\/v2\/users\/19"}],"replies":[{"embeddable":true,"href":"https:\/\/soymigrante.com\/revista\/wp-json\/wp\/v2\/comments?post=13723"}],"version-history":[{"count":0,"href":"https:\/\/soymigrante.com\/revista\/wp-json\/wp\/v2\/posts\/13723\/revisions"}],"wp:featuredmedia":[{"embeddable":true,"href":"https:\/\/soymigrante.com\/revista\/wp-json\/wp\/v2\/media\/13726"}],"wp:attachment":[{"href":"https:\/\/soymigrante.com\/revista\/wp-json\/wp\/v2\/media?parent=13723"}],"wp:term":[{"taxonomy":"category","embeddable":true,"href":"https:\/\/soymigrante.com\/revista\/wp-json\/wp\/v2\/categories?post=13723"},{"taxonomy":"post_tag","embeddable":true,"href":"https:\/\/soymigrante.com\/revista\/wp-json\/wp\/v2\/tags?post=13723"}],"curies":[{"name":"wp","href":"https:\/\/api.w.org\/{rel}","templated":true}]}}