{"id":13619,"date":"2024-11-21T11:01:11","date_gmt":"2024-11-21T17:01:11","guid":{"rendered":"https:\/\/soymigrante.com\/revista\/?p=13619"},"modified":"2024-11-25T18:03:44","modified_gmt":"2024-11-26T00:03:44","slug":"verdelimon-un-emprendimiento-dulce-y-saludable-lleno-de-arte","status":"publish","type":"post","link":"https:\/\/soymigrante.com\/revista\/verdelimon-un-emprendimiento-dulce-y-saludable-lleno-de-arte\/","title":{"rendered":"Verde&amp;Lim\u00f3n: un emprendimiento dulce y saludable lleno de arte est\u00e1 ahora en MERCADO"},"content":{"rendered":"\t\t<div data-elementor-type=\"wp-post\" data-elementor-id=\"13619\" class=\"elementor elementor-13619\" data-elementor-post-type=\"post\">\n\t\t\t\t<div data-particle_enable=\"false\" data-particle-mobile-disabled=\"false\" class=\"elementor-element elementor-element-e2b9af3 e-flex e-con-boxed e-con e-parent\" data-id=\"e2b9af3\" data-element_type=\"container\" data-e-type=\"container\">\n\t\t\t\t\t<div class=\"e-con-inner\">\n\t\t\t\t<div class=\"elementor-element elementor-element-9c42887 elementor-widget elementor-widget-heading\" data-id=\"9c42887\" data-element_type=\"widget\" data-e-type=\"widget\" data-widget_type=\"heading.default\">\n\t\t\t\t\t<h2 class=\"elementor-heading-title elementor-size-default\">Carolina Alvarado Argueta, inspirada por los aromas dulces y por los paisajes emblem\u00e1ticos de Guatemala cocina fruta deshidratada y pinta con amor y pasi\u00f3n, productos que puedes adquirir ahora en SoyMigrante.com MERCADO. Conoce su historia.<\/h2>\t\t\t\t<\/div>\n\t\t\t\t\t<\/div>\n\t\t\t\t<\/div>\n\t\t<div data-particle_enable=\"false\" data-particle-mobile-disabled=\"false\" class=\"elementor-element elementor-element-c42072e e-flex e-con-boxed e-con e-parent\" data-id=\"c42072e\" data-element_type=\"container\" data-e-type=\"container\">\n\t\t\t\t\t<div class=\"e-con-inner\">\n\t\t\t\t<div class=\"elementor-element elementor-element-d06b785 elementor-widget elementor-widget-text-editor\" data-id=\"d06b785\" data-element_type=\"widget\" data-e-type=\"widget\" data-widget_type=\"text-editor.default\">\n\t\t\t\t\t\t\t\t\t<p>De ni\u00f1a so\u00f1aba entre los sabores dulces que expon\u00edan los postres que se preparaban en su casa. Ella es Carolina Alvarado Argueta, creadora de Verde&amp;Lim\u00f3n, un concepto saludable para que las personas puedan disfrutar de las frutas en su versi\u00f3n deshidratada, pero tambi\u00e9n a trav\u00e9s de SoyMigrante.com MERCADO busca exponer su arte, misma inspirada en rincones tan caracter\u00edsticos de Guatemala.<\/p><p><a href=\"https:\/\/soymigrante.com\/mercado\/marketplace\/seller\/profile\/verdeylimon\">Su tienda digital Verde&amp;Lim\u00f3n ya est\u00e1 abierta en\u00a0SoyMigrante.com MERCADO,<\/a> la comunidad en l\u00ednea creada para que emprendedores y compradores guatemaltecos se encuentren:<a href=\"https:\/\/soymigrante.com\/mercado\/\"> un proyecto activo, proactivo e innovador\u00a0para peque\u00f1os negocios y creadores de productos elaborados a mano<\/a>, detr\u00e1s de los cuales siempre hay una historia. Y esta es la historia de c\u00f3mo naci\u00f3 este emprendimiento de Carolina Alvarado Argueta.<\/p>\t\t\t\t\t\t\t\t<\/div>\n\t\t\t\t\t<\/div>\n\t\t\t\t<\/div>\n\t\t<div data-particle_enable=\"false\" data-particle-mobile-disabled=\"false\" class=\"elementor-element elementor-element-653309b e-flex e-con-boxed e-con e-parent\" data-id=\"653309b\" data-element_type=\"container\" data-e-type=\"container\">\n\t\t\t\t\t<div class=\"e-con-inner\">\n\t\t\t\t<div class=\"elementor-element elementor-element-c2a0970 elementor-widget elementor-widget-image\" data-id=\"c2a0970\" data-element_type=\"widget\" data-e-type=\"widget\" data-widget_type=\"image.default\">\n\t\t\t\t\t\t\t\t\t\t\t\t<figure class=\"wp-caption\">\n\t\t\t\t\t\t\t\t\t\t<img fetchpriority=\"high\" decoding=\"async\" width=\"768\" height=\"621\" src=\"https:\/\/soymigrante.com\/revista\/wp-content\/uploads\/2024\/11\/Carolina-Alvarado-nina-verde-y-limon3-e1732208369492-1024x828.webp\" class=\"attachment-large size-large wp-image-13628\" alt=\"Estudiante en evento de migraci\u00f3n y derechos humanos en la revista SoyMigrante.com REVISTA, promoviendo la integraci\u00f3n y la lucha por los derechos de los migrantes en Am\u00e9rica Latina.\" srcset=\"https:\/\/soymigrante.com\/revista\/wp-content\/uploads\/2024\/11\/Carolina-Alvarado-nina-verde-y-limon3-e1732208369492-1024x828.webp 1024w, https:\/\/soymigrante.com\/revista\/wp-content\/uploads\/2024\/11\/Carolina-Alvarado-nina-verde-y-limon3-e1732208369492-300x243.webp 300w, https:\/\/soymigrante.com\/revista\/wp-content\/uploads\/2024\/11\/Carolina-Alvarado-nina-verde-y-limon3-e1732208369492-768x621.webp 768w, https:\/\/soymigrante.com\/revista\/wp-content\/uploads\/2024\/11\/Carolina-Alvarado-nina-verde-y-limon3-e1732208369492-750x606.webp 750w, https:\/\/soymigrante.com\/revista\/wp-content\/uploads\/2024\/11\/Carolina-Alvarado-nina-verde-y-limon3-e1732208369492-1140x922.webp 1140w, https:\/\/soymigrante.com\/revista\/wp-content\/uploads\/2024\/11\/Carolina-Alvarado-nina-verde-y-limon3-e1732208369492.webp 1190w\" sizes=\"(max-width: 768px) 100vw, 768px\" title=\"Carolina Alvarado ni\u00f1a verde y limon3 \u2013 SoyMigrante.com REVISTA\" \/>\t\t\t\t\t\t\t\t\t\t\t<figcaption class=\"widget-image-caption wp-caption-text\">Renace la voz de los migrantes en SoyMigrante.com REVISTA, plataforma que destaca historias, derechos y desaf\u00edos de la comunidad migrante en Latinoam\u00e9rica y el mundo.<\/figcaption>\n\t\t\t\t\t\t\t\t\t\t<\/figure>\n\t\t\t\t\t\t\t\t\t<\/div>\n\t\t\t\t\t<\/div>\n\t\t\t\t<\/div>\n\t\t<div data-particle_enable=\"false\" data-particle-mobile-disabled=\"false\" class=\"elementor-element elementor-element-1f1d930 e-flex e-con-boxed e-con e-parent\" data-id=\"1f1d930\" data-element_type=\"container\" data-e-type=\"container\">\n\t\t\t\t\t<div class=\"e-con-inner\">\n\t\t\t\t<div class=\"elementor-element elementor-element-2c2851e elementor-widget elementor-widget-heading\" data-id=\"2c2851e\" data-element_type=\"widget\" data-e-type=\"widget\" data-widget_type=\"heading.default\">\n\t\t\t\t\t<h3 class=\"elementor-heading-title elementor-size-default\">Dulces sue\u00f1os\u2026 y saludables<\/h3>\t\t\t\t<\/div>\n\t\t\t\t\t<\/div>\n\t\t\t\t<\/div>\n\t\t<div data-particle_enable=\"false\" data-particle-mobile-disabled=\"false\" class=\"elementor-element elementor-element-90148a8 e-flex e-con-boxed e-con e-parent\" data-id=\"90148a8\" data-element_type=\"container\" data-e-type=\"container\">\n\t\t\t\t\t<div class=\"e-con-inner\">\n\t\t\t\t<div class=\"elementor-element elementor-element-5dfe539 elementor-widget elementor-widget-text-editor\" data-id=\"5dfe539\" data-element_type=\"widget\" data-e-type=\"widget\" data-widget_type=\"text-editor.default\">\n\t\t\t\t\t\t\t\t\t<p>Se caracteriza por ser una mujer emprendedora, tiene m\u00e1s de tres a\u00f1os cocinando con amor fruta deshidrata. En Verde&amp;Lim\u00f3n puedes encontrar opciones de fruta deshidratada para el ponche hasta chile pimiento deshidratado es una experiencia de mil sabores, pero que conlleva un proceso largo.<\/p><p>Carolina explica que la fruta deshidratada que prepara es el hit en sus ventas. Por ejemplo, para preparar manzana le lleva 8 horas lograr la consistencia de deshidrataci\u00f3n y en el caso de la pi\u00f1a, el mismo proceso puede durar entre 10 a 12 horas. Todo ello lo logra con apoyo de una deshidratadora de alimentos italiana, por lo que la calidad y el sabor de la fruta es garantizada.<\/p><p>As\u00ed que cada semana se encargar de ir a\u00a0<a href=\"https:\/\/soymigrante.com\/revista\/evita-llevar-estas-frutas-si-viajas-a-usa-hay-restricciones\/\" target=\"_blank\" rel=\"noopener\">comprar la mejor fruta<\/a>\u00a0con proveedores para luego desinfectar la fruta. En el caso de la manzana, por ejemplo, la deshidrata con su c\u00e1scara para aprovechar las propiedades de la c\u00e1scara. Luego del proceso de la deshidrataci\u00f3n al fruta debe enfriarse para luego ser empacada en bolsas draft ziploc.\u00a0<\/p>\t\t\t\t\t\t\t\t<\/div>\n\t\t\t\t\t<\/div>\n\t\t\t\t<\/div>\n\t\t<div data-particle_enable=\"false\" data-particle-mobile-disabled=\"false\" class=\"elementor-element elementor-element-72e2451 e-flex e-con-boxed e-con e-parent\" data-id=\"72e2451\" data-element_type=\"container\" data-e-type=\"container\">\n\t\t\t\t\t<div class=\"e-con-inner\">\n\t\t\t\t<div class=\"elementor-element elementor-element-fe65208 elementor-widget elementor-widget-image\" data-id=\"fe65208\" data-element_type=\"widget\" data-e-type=\"widget\" data-widget_type=\"image.default\">\n\t\t\t\t\t\t\t\t\t\t\t\t\t\t\t\t<a href=\"https:\/\/www.soymigrante.com\/mercado\/marketplace\/seller\/profile\/verdeylimon\">\n\t\t\t\t\t\t\t<img decoding=\"async\" width=\"768\" height=\"359\" src=\"https:\/\/soymigrante.com\/revista\/wp-content\/uploads\/2024\/11\/fruta-deshidratada-1024x479.jpg\" class=\"attachment-large size-large wp-image-13629\" alt=\"Atractiva imagen de frutas deshidratadas como mango, fresa y pi\u00f1a, destacando productos naturales y sanos en la tienda online SoyMigrante.com con enfoque en productos org\u00e1nicos y comercio justo.\" srcset=\"https:\/\/soymigrante.com\/revista\/wp-content\/uploads\/2024\/11\/fruta-deshidratada-1024x479.jpg 1024w, https:\/\/soymigrante.com\/revista\/wp-content\/uploads\/2024\/11\/fruta-deshidratada-300x140.jpg 300w, https:\/\/soymigrante.com\/revista\/wp-content\/uploads\/2024\/11\/fruta-deshidratada-768x359.jpg 768w, https:\/\/soymigrante.com\/revista\/wp-content\/uploads\/2024\/11\/fruta-deshidratada-750x351.webp 750w, https:\/\/soymigrante.com\/revista\/wp-content\/uploads\/2024\/11\/fruta-deshidratada-1140x533.webp 1140w, https:\/\/soymigrante.com\/revista\/wp-content\/uploads\/2024\/11\/fruta-deshidratada.webp 1326w\" sizes=\"(max-width: 768px) 100vw, 768px\" title=\"fruta deshidratada \u2013 SoyMigrante.com REVISTA\" \/>\t\t\t\t\t\t\t\t<\/a>\n\t\t\t\t\t\t\t\t\t\t\t\t\t\t\t<\/div>\n\t\t\t\t\t<\/div>\n\t\t\t\t<\/div>\n\t\t<div data-particle_enable=\"false\" data-particle-mobile-disabled=\"false\" class=\"elementor-element elementor-element-732d6c3 e-flex e-con-boxed e-con e-parent\" data-id=\"732d6c3\" data-element_type=\"container\" data-e-type=\"container\">\n\t\t\t\t\t<div class=\"e-con-inner\">\n\t\t\t\t<div class=\"elementor-element elementor-element-c270d3e elementor-widget elementor-widget-text-editor\" data-id=\"c270d3e\" data-element_type=\"widget\" data-e-type=\"widget\" data-widget_type=\"text-editor.default\">\n\t\t\t\t\t\t\t\t\t<p>\u201cAunque soy repostera de coraz\u00f3n, entend\u00ed que el placer de disfrutar un postre no deb\u00eda estar peleado con el bienestar. Decid\u00ed que, si iba a continuar mi camino en la reposter\u00eda, deb\u00eda hacerlo de una manera diferente, transformadora. As\u00ed, me sumerg\u00ed durante varios a\u00f1os en cursos de cocina saludable, aprendiendo a crear postres y snacks que no solo fueran deliciosos, sino que tambi\u00e9n nutrieran y llenaran de energ\u00eda\u201d, comparte Carolina.<\/p>\t\t\t\t\t\t\t\t<\/div>\n\t\t\t\t\t<\/div>\n\t\t\t\t<\/div>\n\t\t<div data-particle_enable=\"false\" data-particle-mobile-disabled=\"false\" class=\"elementor-element elementor-element-d9b9d35 e-flex e-con-boxed e-con e-parent\" data-id=\"d9b9d35\" data-element_type=\"container\" data-e-type=\"container\">\n\t\t\t\t\t<div class=\"e-con-inner\">\n\t\t\t\t<div class=\"elementor-element elementor-element-2f596dc elementor-widget elementor-widget-heading\" data-id=\"2f596dc\" data-element_type=\"widget\" data-e-type=\"widget\" data-widget_type=\"heading.default\">\n\t\t\t\t\t<h3 class=\"elementor-heading-title elementor-size-default\">Emprendedora y artista\n<\/h3>\t\t\t\t<\/div>\n\t\t\t\t\t<\/div>\n\t\t\t\t<\/div>\n\t\t<div data-particle_enable=\"false\" data-particle-mobile-disabled=\"false\" class=\"elementor-element elementor-element-0dc6584 e-flex e-con-boxed e-con e-parent\" data-id=\"0dc6584\" data-element_type=\"container\" data-e-type=\"container\">\n\t\t\t\t\t<div class=\"e-con-inner\">\n\t\t\t\t<div class=\"elementor-element elementor-element-a560815 elementor-widget elementor-widget-text-editor\" data-id=\"a560815\" data-element_type=\"widget\" data-e-type=\"widget\" data-widget_type=\"text-editor.default\">\n\t\t\t\t\t\t\t\t\t<p>Pero los sue\u00f1os de Carolina no se limitan solo a la cocina tambi\u00e9n\u00a0<a href=\"https:\/\/soymigrante.com\/revista\/arte-kat-aretes-y-accesorios-originales-elaborados-con-hilos-semillas-pero-sobre-todo-con-amor\/\" target=\"_blank\" rel=\"noopener\">le apasiona el arte<\/a>, de hecho es algo en lo que se desarroll\u00f3 mucho antes de Verde&amp;Lim\u00f3n.<\/p><p>Pinta en peque\u00f1as piezas paisajes representativos guatemaltecos, pero tambi\u00e9n lleva el pincel a la tela con la que crea bellas cosmetiqueras y bolsos. Adem\u00e1s, el deseo de que su conocimiento no quede solo ah\u00ed tambi\u00e9n es catedr\u00e1tica de arte y su talento tambi\u00e9n se lo imparte a ni\u00f1os como maestra.<\/p>\t\t\t\t\t\t\t\t<\/div>\n\t\t\t\t\t<\/div>\n\t\t\t\t<\/div>\n\t\t<div data-particle_enable=\"false\" data-particle-mobile-disabled=\"false\" class=\"elementor-element elementor-element-4421a42 e-flex e-con-boxed e-con e-parent\" data-id=\"4421a42\" data-element_type=\"container\" data-e-type=\"container\">\n\t\t\t\t\t<div class=\"e-con-inner\">\n\t\t\t\t<div class=\"elementor-element elementor-element-646651b elementor-widget elementor-widget-video\" data-id=\"646651b\" data-element_type=\"widget\" data-e-type=\"widget\" data-settings=\"{&quot;video_type&quot;:&quot;hosted&quot;,&quot;controls&quot;:&quot;yes&quot;}\" data-widget_type=\"video.default\">\n\t\t\t\t\t\t\t<div class=\"e-hosted-video elementor-wrapper elementor-open-inline\">\n\t\t\t\t\t<video class=\"elementor-video\" src=\"https:\/\/soymigrante.com\/revista\/wp-content\/uploads\/2024\/11\/arte-verde-y-limon.mp4\" controls=\"\" preload=\"metadata\" controlsList=\"nodownload\"><\/video>\n\t\t\t\t<\/div>\n\t\t\t\t\t\t<\/div>\n\t\t\t\t\t<\/div>\n\t\t\t\t<\/div>\n\t\t<div data-particle_enable=\"false\" data-particle-mobile-disabled=\"false\" class=\"elementor-element elementor-element-f6cd90f e-flex e-con-boxed e-con e-parent\" data-id=\"f6cd90f\" data-element_type=\"container\" data-e-type=\"container\">\n\t\t\t\t\t<div class=\"e-con-inner\">\n\t\t\t\t<div class=\"elementor-element elementor-element-5f656b0 elementor-widget elementor-widget-heading\" data-id=\"5f656b0\" data-element_type=\"widget\" data-e-type=\"widget\" data-widget_type=\"heading.default\">\n\t\t\t\t\t<h3 class=\"elementor-heading-title elementor-size-default\">Una motivaci\u00f3n desde el coraz\u00f3n <\/h3>\t\t\t\t<\/div>\n\t\t\t\t\t<\/div>\n\t\t\t\t<\/div>\n\t\t<div data-particle_enable=\"false\" data-particle-mobile-disabled=\"false\" class=\"elementor-element elementor-element-f2c1b40 e-flex e-con-boxed e-con e-parent\" data-id=\"f2c1b40\" data-element_type=\"container\" data-e-type=\"container\">\n\t\t\t\t\t<div class=\"e-con-inner\">\n\t\t\t\t<div class=\"elementor-element elementor-element-30ffced elementor-widget elementor-widget-text-editor\" data-id=\"30ffced\" data-element_type=\"widget\" data-e-type=\"widget\" data-widget_type=\"text-editor.default\">\n\t\t\t\t\t\t\t\t\t<p>Verde&amp;Lim\u00f3n tambi\u00e9n representa para Carolina un motivo desde la nostalgia. Una t\u00eda falleci\u00f3 por diabetes y su padre muri\u00f3 hace un a\u00f1o, lo que motiv\u00f3 a la emprendedora a buscar formas saludables de preparar alimentos.<\/p><p>\u201cCada postre que creo no es solo un alimento, es tambi\u00e9n una peque\u00f1a obra de arte, hecha con cuidado, amor y un prop\u00f3sito claro: ofrecer una experiencia deliciosa que nutra cuerpo y alma\u201d, expresa Carolina quien construye d\u00eda a d\u00eda el sue\u00f1o de que su emprendimiento llegue a m\u00e1s personas gracias a\u00a0<a href=\"https:\/\/www.soymigrante.com\/mercado\/\" target=\"_blank\" rel=\"noopener\">SoyMigrante.com MERCADO,<\/a>\u00a0y en un futuro pueda generar empleo contratando personal que le apoye, para lograr que sus productos crucen fronteras.<\/p><p>\u201cFui una ni\u00f1a muy so\u00f1adora, mi pap\u00e1 siempre me apoy\u00f3, \u00e9l era muy visionario fue el que me impuls\u00f3 y vend\u00eda mis miniaturas de arte\u201d, refiere con amor Carolina al recordar el objetivo de hacer crecer su emprendimiento fruto de un legado familiar.<\/p>\t\t\t\t\t\t\t\t<\/div>\n\t\t\t\t\t<\/div>\n\t\t\t\t<\/div>\n\t\t<div data-particle_enable=\"false\" data-particle-mobile-disabled=\"false\" class=\"elementor-element elementor-element-ad491ec e-flex e-con-boxed e-con e-parent\" data-id=\"ad491ec\" data-element_type=\"container\" data-e-type=\"container\">\n\t\t\t\t\t<div class=\"e-con-inner\">\n\t\t\t\t<div class=\"elementor-element elementor-element-a6aced4 elementor-arrows-position-inside elementor-pagination-position-outside elementor-widget elementor-widget-image-carousel\" data-id=\"a6aced4\" data-element_type=\"widget\" data-e-type=\"widget\" data-settings=\"{&quot;slides_to_show&quot;:&quot;1&quot;,&quot;navigation&quot;:&quot;both&quot;,&quot;autoplay&quot;:&quot;yes&quot;,&quot;pause_on_hover&quot;:&quot;yes&quot;,&quot;pause_on_interaction&quot;:&quot;yes&quot;,&quot;autoplay_speed&quot;:5000,&quot;infinite&quot;:&quot;yes&quot;,&quot;effect&quot;:&quot;slide&quot;,&quot;speed&quot;:500}\" data-widget_type=\"image-carousel.default\">\n\t\t\t\t\t\t\t<div class=\"elementor-image-carousel-wrapper swiper\" role=\"region\" aria-roledescription=\"carousel\" aria-label=\"Carrusel de im\u00e1genes\" dir=\"ltr\">\n\t\t\t<div class=\"elementor-image-carousel swiper-wrapper\" aria-live=\"off\">\n\t\t\t\t\t\t\t\t<div class=\"swiper-slide\" role=\"group\" aria-roledescription=\"slide\" aria-label=\"1 de 5\"><figure class=\"swiper-slide-inner\"><img decoding=\"async\" class=\"swiper-slide-image\" src=\"https:\/\/soymigrante.com\/revista\/wp-content\/uploads\/2024\/11\/chile.webp\" alt=\"Chile Pimiento Deshidratado, ingredientes naturales, sin conservantes ni aditivos para cocina y recetas mexicanas.\" \/><\/figure><\/div><div class=\"swiper-slide\" role=\"group\" aria-roledescription=\"slide\" aria-label=\"2 de 5\"><figure class=\"swiper-slide-inner\"><img decoding=\"async\" class=\"swiper-slide-image\" src=\"https:\/\/soymigrante.com\/revista\/wp-content\/uploads\/2024\/11\/fresa-.webp\" alt=\"Fresa deshidratada de 10 gramos, producto saludable y natural, con recetas y beneficios, ideal para snacks o desayunos, en empaque ecol\u00f3gico y preparado sin conservantes ni aditivos.\" \/><\/figure><\/div><div class=\"swiper-slide\" role=\"group\" aria-roledescription=\"slide\" aria-label=\"3 de 5\"><figure class=\"swiper-slide-inner\"><img decoding=\"async\" class=\"swiper-slide-image\" src=\"https:\/\/soymigrante.com\/revista\/wp-content\/uploads\/2024\/11\/banano2.webp\" alt=\"Bananos deshidratados de diferentes frutas: manzana, banana y pi\u00f1a, en variedad de sabores naturales y saludables, en presentaci\u00f3n de 20 gramos, ideales para comer en cualquier momento.\" \/><\/figure><\/div><div class=\"swiper-slide\" role=\"group\" aria-roledescription=\"slide\" aria-label=\"4 de 5\"><figure class=\"swiper-slide-inner\"><img decoding=\"async\" class=\"swiper-slide-image\" src=\"https:\/\/soymigrante.com\/revista\/wp-content\/uploads\/2024\/11\/pina.webp\" alt=\"Pina deshidratada en paquete, opci\u00f3n saludable y natural, con sabor a manzana, banano y pi\u00f1a, ideal para recetas y meriendas, sin conservantes ni aditivos, disponible en SoyMigrante.com REVISTA.\" \/><\/figure><\/div><div class=\"swiper-slide\" role=\"group\" aria-roledescription=\"slide\" aria-label=\"5 de 5\"><figure class=\"swiper-slide-inner\"><img decoding=\"async\" class=\"swiper-slide-image\" src=\"https:\/\/soymigrante.com\/revista\/wp-content\/uploads\/2024\/11\/manzana.webp\" alt=\"Manzana deshidratada ecol\u00f3gica con sabor a verde y lim\u00f3n, 30 gramos, ideal para snacks saludables y nutritivos. Oferta: 1 unidad Q15 o 2 unidades Q25 en SoyMigrante.com REVISTA.\" \/><\/figure><\/div>\t\t\t<\/div>\n\t\t\t\t\t\t\t\t\t\t\t\t<div class=\"elementor-swiper-button elementor-swiper-button-prev\" role=\"button\" tabindex=\"0\">\n\t\t\t\t\t\t<i aria-hidden=\"true\" class=\"eicon-chevron-left\"><\/i>\t\t\t\t\t<\/div>\n\t\t\t\t\t<div class=\"elementor-swiper-button elementor-swiper-button-next\" role=\"button\" tabindex=\"0\">\n\t\t\t\t\t\t<i aria-hidden=\"true\" class=\"eicon-chevron-right\"><\/i>\t\t\t\t\t<\/div>\n\t\t\t\t\n\t\t\t\t\t\t\t\t\t<div class=\"swiper-pagination\"><\/div>\n\t\t\t\t\t\t\t\t\t<\/div>\n\t\t\t\t\t\t<\/div>\n\t\t\t\t\t<\/div>\n\t\t\t\t<\/div>\n\t\t<div data-particle_enable=\"false\" data-particle-mobile-disabled=\"false\" class=\"elementor-element elementor-element-1e84353 e-flex e-con-boxed e-con e-parent\" data-id=\"1e84353\" data-element_type=\"container\" data-e-type=\"container\">\n\t\t\t\t\t<div class=\"e-con-inner\">\n\t\t\t\t<div class=\"elementor-element elementor-element-e8ea31b elementor-widget elementor-widget-heading\" data-id=\"e8ea31b\" data-element_type=\"widget\" data-e-type=\"widget\" data-widget_type=\"heading.default\">\n\t\t\t\t\t<h2 class=\"elementor-heading-title elementor-size-default\">Cada emprendimiento tiene una historia<\/h2>\t\t\t\t<\/div>\n\t\t\t\t\t<\/div>\n\t\t\t\t<\/div>\n\t\t<div data-particle_enable=\"false\" data-particle-mobile-disabled=\"false\" class=\"elementor-element elementor-element-b214799 e-flex e-con-boxed e-con e-parent\" data-id=\"b214799\" data-element_type=\"container\" data-e-type=\"container\">\n\t\t\t\t\t<div class=\"e-con-inner\">\n\t\t\t\t<div class=\"elementor-element elementor-element-32687a5 elementor-grid-eael-col-3 elementor-grid-tablet-eael-col-2 elementor-grid-mobile-eael-col-1 elementor-widget elementor-widget-eael-post-grid\" data-id=\"32687a5\" data-element_type=\"widget\" data-e-type=\"widget\" data-settings=\"{&quot;eael_post_grid_columns&quot;:&quot;eael-col-3&quot;,&quot;eael_post_grid_columns_tablet&quot;:&quot;eael-col-2&quot;,&quot;eael_post_grid_columns_mobile&quot;:&quot;eael-col-1&quot;}\" data-widget_type=\"eael-post-grid.default\">\n\t\t\t\t\t<div id=\"eael-post-grid-32687a5\" class=\"eael-post-grid-container\">\n            <div class=\"eael-post-grid eael-post-appender eael-post-appender-32687a5 eael-post-grid-style-one\" data-layout-mode=\"masonry\"><article class=\"eael-grid-post  eael-post-grid-column eael-pg-post-12811 category-guate-nuestra tags-mercado-emprendedores\" data-id=\"12811\">\n        <div class=\"eael-grid-post-holder\">\n            <div class=\"eael-grid-post-holder-inner\"><div class=\"eael-entry-media\"><div class=\"eael-entry-overlay fade-in\"><i class=\"far fa-hand-pointer\" aria-hidden=\"true\"><\/i><a href=\"https:\/\/soymigrante.com\/revista\/arte-kat-aretes-y-accesorios-originales-elaborados-con-hilos-semillas-pero-sobre-todo-con-amor\/\"><\/a><\/div><div class=\"eael-entry-thumbnail \">\n                <img decoding=\"async\" width=\"458\" height=\"458\" src=\"https:\/\/soymigrante.com\/revista\/wp-content\/uploads\/2024\/11\/arte-kat-feature.webp\" class=\"attachment-large size-large wp-image-12816\" alt=\"Colar de cuentas de colores con dise\u00f1o tradicional, usado en trajes folcl\u00f3ricos, simboliza la cultura y la identidad de comunidades ind\u00edgenas en Latinoam\u00e9rica.\" srcset=\"https:\/\/soymigrante.com\/revista\/wp-content\/uploads\/2024\/11\/arte-kat-feature.webp 458w, https:\/\/soymigrante.com\/revista\/wp-content\/uploads\/2024\/11\/arte-kat-feature-300x300.webp 300w, https:\/\/soymigrante.com\/revista\/wp-content\/uploads\/2024\/11\/arte-kat-feature-150x150.webp 150w, https:\/\/soymigrante.com\/revista\/wp-content\/uploads\/2024\/11\/arte-kat-feature-75x75.webp 75w\" sizes=\"(max-width: 458px) 100vw, 458px\" \/>\n            <\/div>\n        <\/div><div class=\"eael-entry-wrapper\"><header class=\"eael-entry-header\"><h2 class=\"eael-entry-title\"><a class=\"eael-grid-post-link\" href=\"https:\/\/soymigrante.com\/revista\/arte-kat-aretes-y-accesorios-originales-elaborados-con-hilos-semillas-pero-sobre-todo-con-amor\/\" title=\"Arte K\u00b4at: aretes y accesorios originales elaborados con hilos, semillas, pero sobre todo con amor\">Arte K\u00b4at: aretes y accesorios originales elaborados con hilos, semillas, pero sobre todo con amor<\/a><\/h2><\/header><div class=\"eael-entry-content\">\n                        <div class=\"eael-grid-post-excerpt\"><a href=\"https:\/\/soymigrante.com\/revista\/arte-kat-aretes-y-accesorios-originales-elaborados-con-hilos-semillas-pero-sobre-todo-con-amor\/\" class=\"eael-post-elements-readmore-btn\">CONOCE SU HISTORIA <\/a><\/div>\n                    <\/div><\/div><\/div>\n        <\/div>\n    <\/article><article class=\"eael-grid-post  eael-post-grid-column eael-pg-post-11002 category-guate-nuestra tags-mercado-emprendedores\" data-id=\"11002\">\n        <div class=\"eael-grid-post-holder\">\n            <div class=\"eael-grid-post-holder-inner\"><div class=\"eael-entry-media\"><div class=\"eael-entry-overlay fade-in\"><i class=\"far fa-hand-pointer\" aria-hidden=\"true\"><\/i><a href=\"https:\/\/soymigrante.com\/revista\/alumin-art-128-crea-pistas-de-formula-1-orquestas-o-procesiones-mini-a-base-de-alambre\/\"><\/a><\/div><div class=\"eael-entry-thumbnail \">\n                <img loading=\"lazy\" decoding=\"async\" width=\"440\" height=\"440\" src=\"https:\/\/soymigrante.com\/revista\/wp-content\/uploads\/2024\/10\/alambre-piezas-10-1.webp\" class=\"attachment-large size-large wp-image-11035\" alt=\"Creador de arte con latas recicladas de colores y musicalina que forma a un personaje con guitarra y nombre Marely, promoviendo la creatividad y el reciclaje en la comunidad migrante.\" srcset=\"https:\/\/soymigrante.com\/revista\/wp-content\/uploads\/2024\/10\/alambre-piezas-10-1.webp 440w, https:\/\/soymigrante.com\/revista\/wp-content\/uploads\/2024\/10\/alambre-piezas-10-1-300x300.webp 300w, https:\/\/soymigrante.com\/revista\/wp-content\/uploads\/2024\/10\/alambre-piezas-10-1-150x150.webp 150w, https:\/\/soymigrante.com\/revista\/wp-content\/uploads\/2024\/10\/alambre-piezas-10-1-75x75.webp 75w\" sizes=\"(max-width: 440px) 100vw, 440px\" \/>\n            <\/div>\n        <\/div><div class=\"eael-entry-wrapper\"><header class=\"eael-entry-header\"><h2 class=\"eael-entry-title\"><a class=\"eael-grid-post-link\" href=\"https:\/\/soymigrante.com\/revista\/alumin-art-128-crea-pistas-de-formula-1-orquestas-o-procesiones-mini-a-base-de-alambre\/\" title=\"Alumin-Art transforma el alambre en creativas figuras y recuerdos con nombre\">Alumin-Art transforma el alambre en creativas figuras y recuerdos con nombre<\/a><\/h2><\/header><div class=\"eael-entry-content\">\n                        <div class=\"eael-grid-post-excerpt\"><a href=\"https:\/\/soymigrante.com\/revista\/alumin-art-128-crea-pistas-de-formula-1-orquestas-o-procesiones-mini-a-base-de-alambre\/\" class=\"eael-post-elements-readmore-btn\">CONOCE SU HISTORIA <\/a><\/div>\n                    <\/div><\/div><\/div>\n        <\/div>\n    <\/article><article class=\"eael-grid-post  eael-post-grid-column eael-pg-post-10732 category-guate-nuestra tags-mercado-emprendedores\" data-id=\"10732\">\n        <div class=\"eael-grid-post-holder\">\n            <div class=\"eael-grid-post-holder-inner\"><div class=\"eael-entry-media\"><div class=\"eael-entry-overlay fade-in\"><i class=\"far fa-hand-pointer\" aria-hidden=\"true\"><\/i><a href=\"https:\/\/soymigrante.com\/revista\/maderas-grissell-de-la-familia-oxom-crea-muebles-y-piezas-decorativas-en-coban\/\"><\/a><\/div><div class=\"eael-entry-thumbnail \">\n                <img loading=\"lazy\" decoding=\"async\" width=\"750\" height=\"750\" src=\"https:\/\/soymigrante.com\/revista\/wp-content\/uploads\/2024\/10\/grissell-coban.webp\" class=\"attachment-large size-large wp-image-10972\" alt=\"Espejo de pie de madera, art\u00edculos de decoraci\u00f3n y accesorios para ba\u00f1os en un espacio comercial. Muestra productos de est\u00e9tica, mobiliario y art\u00edculos de higiene personal.\" srcset=\"https:\/\/soymigrante.com\/revista\/wp-content\/uploads\/2024\/10\/grissell-coban.webp 750w, https:\/\/soymigrante.com\/revista\/wp-content\/uploads\/2024\/10\/grissell-coban-300x300.webp 300w, https:\/\/soymigrante.com\/revista\/wp-content\/uploads\/2024\/10\/grissell-coban-150x150.webp 150w, https:\/\/soymigrante.com\/revista\/wp-content\/uploads\/2024\/10\/grissell-coban-75x75.webp 75w\" sizes=\"(max-width: 750px) 100vw, 750px\" \/>\n            <\/div>\n        <\/div><div class=\"eael-entry-wrapper\"><header class=\"eael-entry-header\"><h2 class=\"eael-entry-title\"><a class=\"eael-grid-post-link\" href=\"https:\/\/soymigrante.com\/revista\/maderas-grissell-de-la-familia-oxom-crea-muebles-y-piezas-decorativas-en-coban\/\" title=\"Familia Oxom crea muebles y piezas decorativas en Maderas Gryssell que ya est\u00e1 en MERCADO\">Familia Oxom crea muebles y piezas decorativas en Maderas Gryssell que ya est\u00e1 en MERCADO<\/a><\/h2><\/header><div class=\"eael-entry-content\">\n                        <div class=\"eael-grid-post-excerpt\"><a href=\"https:\/\/soymigrante.com\/revista\/maderas-grissell-de-la-familia-oxom-crea-muebles-y-piezas-decorativas-en-coban\/\" class=\"eael-post-elements-readmore-btn\">CONOCE SU HISTORIA <\/a><\/div>\n                    <\/div><\/div><\/div>\n        <\/div>\n    <\/article><\/div>\n            <div class=\"clearfix\"><\/div>\n        <\/div>\t\t\t\t<\/div>\n\t\t\t\t\t<\/div>\n\t\t\t\t<\/div>\n\t\t\t\t<\/div>\n\t\t","protected":false},"excerpt":{"rendered":"<p>Carolina Alvarado Argueta, inspirada por los aromas dulces y por los paisajes emblem\u00e1ticos de Guatemala cocina fruta deshidratada y pinta con amor y pasi\u00f3n, productos que puedes adquirir ahora en SoyMigrante.com MERCADO. Conoce su historia. De ni\u00f1a so\u00f1aba entre los sabores dulces que expon\u00edan los postres que se preparaban en su casa. Ella es Carolina [&hellip;]<\/p>\n","protected":false},"author":23,"featured_media":13645,"comment_status":"open","ping_status":"open","sticky":false,"template":"","format":"standard","meta":{"_acf_changed":false,"_eb_attr":"","footnotes":""},"categories":[58],"tags":[130],"class_list":["post-13619","post","type-post","status-publish","format-standard","has-post-thumbnail","hentry","category-guate-nuestra","tag-mercado-emprendedores"],"acf":[],"aioseo_notices":[],"aioseo_head":"\n\t\t<!-- All in One SEO Pro 4.9.6.2 - aioseo.com -->\n\t<meta name=\"description\" content=\"Maderas Gryssell es una peque\u00f1a empresa familiar que surgi\u00f3 hace 30 a\u00f1os en la cabecera departamental de Cob\u00e1n, Alta Verapaz.\" \/>\n\t<meta name=\"robots\" content=\"max-snippet:-1, max-image-preview:large, max-video-preview:-1\" \/>\n\t<meta name=\"author\" content=\"Beatriz Tercero\"\/>\n\t<link rel=\"canonical\" href=\"https:\/\/soymigrante.com\/revista\/maderas-grissell-de-la-familia-oxom-crea-muebles-y-piezas-decorativas-en-coban\/\" \/>\n\t<meta name=\"generator\" content=\"All in One SEO Pro (AIOSEO) 4.9.6.2\" \/>\n\n\t\t<link rel=\"preconnect\" href=\"https:\/\/fonts.googleapis.com\" crossorigin>\n<link rel=\"preconnect\" href=\"https:\/\/fonts.gstatic.com\" crossorigin>\n\t\t<meta property=\"og:locale\" content=\"es_ES\" \/>\n\t\t<meta property=\"og:site_name\" content=\"SoyMigrante.com REVISTA \u2013 Nuestra misi\u00f3n es reconocer y dignificar al migrante.\" \/>\n\t\t<meta property=\"og:type\" content=\"article\" \/>\n\t\t<meta property=\"og:title\" content=\"Maderas Gryssell convierte la madera en arte y utilidad\" \/>\n\t\t<meta property=\"og:description\" content=\"Maderas Gryssell es una peque\u00f1a empresa familiar que surgi\u00f3 hace 30 a\u00f1os en la cabecera departamental de Cob\u00e1n, Alta Verapaz.\" \/>\n\t\t<meta property=\"og:url\" content=\"https:\/\/soymigrante.com\/revista\/maderas-grissell-de-la-familia-oxom-crea-muebles-y-piezas-decorativas-en-coban\/\" \/>\n\t\t<meta property=\"og:image\" content=\"https:\/\/soymigrante.com\/revista\/wp-content\/uploads\/2024\/10\/grissell-coban.webp\" \/>\n\t\t<meta property=\"og:image:secure_url\" content=\"https:\/\/soymigrante.com\/revista\/wp-content\/uploads\/2024\/10\/grissell-coban.webp\" \/>\n\t\t<meta property=\"og:image:width\" content=\"750\" \/>\n\t\t<meta property=\"og:image:height\" content=\"750\" \/>\n\t\t<meta property=\"article:published_time\" content=\"2024-10-30T22:23:17+00:00\" \/>\n\t\t<meta property=\"article:modified_time\" content=\"2025-07-21T20:27:30+00:00\" \/>\n\t\t<meta property=\"article:publisher\" content=\"https:\/\/www.facebook.com\/soymigrantecom\" \/>\n\t\t<meta name=\"twitter:card\" content=\"summary_large_image\" \/>\n\t\t<meta name=\"twitter:site\" content=\"@SoyMigrante_com\" \/>\n\t\t<meta name=\"twitter:title\" content=\"Maderas Gryssell convierte la madera en arte y utilidad\" \/>\n\t\t<meta name=\"twitter:description\" content=\"Maderas Gryssell es una peque\u00f1a empresa familiar que surgi\u00f3 hace 30 a\u00f1os en la cabecera departamental de Cob\u00e1n, Alta Verapaz.\" \/>\n\t\t<meta name=\"twitter:creator\" content=\"@SoyMigrante_com\" \/>\n\t\t<meta name=\"twitter:image\" content=\"https:\/\/soymigrante.com\/revista\/wp-content\/uploads\/2024\/10\/grissell-coban.webp\" \/>\n\t\t<!-- All in One SEO Pro -->\r\n\t\t<title>Maderas Gryssell convierte la madera en arte y utilidad<\/title>\n\n","aioseo_head_json":{"title":"Maderas Gryssell convierte la madera en arte y utilidad","description":"Maderas Gryssell es una peque\u00f1a empresa familiar que surgi\u00f3 hace 30 a\u00f1os en la cabecera departamental de Cob\u00e1n, Alta Verapaz.","canonical_url":"https:\/\/soymigrante.com\/revista\/maderas-grissell-de-la-familia-oxom-crea-muebles-y-piezas-decorativas-en-coban\/","robots":"max-snippet:-1, max-image-preview:large, max-video-preview:-1","keywords":"","webmasterTools":{"miscellaneous":"&lt;link rel=\"preconnect\" href=\"https:\/\/fonts.googleapis.com\" crossorigin&gt;\n&lt;link rel=\"preconnect\" href=\"https:\/\/fonts.gstatic.com\" crossorigin&gt;"},"schema":null,"og:locale":"es_ES","og:site_name":"SoyMigrante.com REVISTA \u2013 Nuestra misi\u00f3n es reconocer y dignificar al migrante.","og:type":"article","og:title":"Maderas Gryssell convierte la madera en arte y utilidad","og:description":"Maderas Gryssell es una peque\u00f1a empresa familiar que surgi\u00f3 hace 30 a\u00f1os en la cabecera departamental de Cob\u00e1n, Alta Verapaz.","og:url":"https:\/\/soymigrante.com\/revista\/maderas-grissell-de-la-familia-oxom-crea-muebles-y-piezas-decorativas-en-coban\/","og:image":"https:\/\/soymigrante.com\/revista\/wp-content\/uploads\/2024\/10\/grissell-coban.webp","og:image:secure_url":"https:\/\/soymigrante.com\/revista\/wp-content\/uploads\/2024\/10\/grissell-coban.webp","og:image:width":750,"og:image:height":750,"article:published_time":"2024-10-30T22:23:17+00:00","article:modified_time":"2025-07-21T20:27:30+00:00","article:publisher":"https:\/\/www.facebook.com\/soymigrantecom","twitter:card":"summary_large_image","twitter:site":"@SoyMigrante_com","twitter:title":"Maderas Gryssell convierte la madera en arte y utilidad","twitter:description":"Maderas Gryssell es una peque\u00f1a empresa familiar que surgi\u00f3 hace 30 a\u00f1os en la cabecera departamental de Cob\u00e1n, Alta Verapaz.","twitter:creator":"@SoyMigrante_com","twitter:image":"https:\/\/soymigrante.com\/revista\/wp-content\/uploads\/2024\/10\/grissell-coban.webp"},"aioseo_meta_data":{"post_id":"13619","title":"Verde&amp;Lim\u00f3n: un sue\u00f1o dulce y saludable lleno de arte y de sabor","description":"Carolina Alvarado Argueta, inspirada por los aromas dulces y los paisajes de Guatemala procesa y distribuye frutas deshidratadas. Ahora en SoyMigrante MERCADO","keywords":null,"keyphrases":{"focus":{"keyphrase":"Emprendimiento","score":56,"analysis":{"keyphraseInTitle":{"score":3,"maxScore":9,"error":1},"keyphraseInDescription":{"score":3,"maxScore":9,"error":1},"keyphraseLength":{"score":9,"maxScore":9,"error":0,"length":1},"keyphraseInURL":{"score":5,"maxScore":5,"error":0},"keyphraseInIntroduction":{"score":3,"maxScore":9,"error":1},"keyphraseInSubHeadings":{"score":3,"maxScore":9,"error":1},"keyphraseInImageAlt":{"score":3,"maxScore":9,"error":1},"keywordDensity":{"type":"best","score":9,"maxScore":9,"error":0}}},"additional":[{"keyphrase":"Guatemala","score":67,"analysis":{"keyphraseInDescription":{"score":9,"maxScore":9,"error":0},"keyphraseLength":{"score":9,"maxScore":9,"error":0,"length":1},"keyphraseInIntroduction":{"score":9,"maxScore":9,"error":0},"keyphraseInImageAlt":{"score":3,"maxScore":9,"error":1},"keywordDensity":{"score":0,"type":"low","maxScore":9,"error":1}}},{"keyphrase":"Mercado","score":100,"analysis":{"keyphraseInDescription":{"score":9,"maxScore":9,"error":0},"keyphraseLength":{"score":9,"maxScore":9,"error":0,"length":1},"keyphraseInIntroduction":{"score":9,"maxScore":9,"error":0},"keyphraseInImageAlt":{"score":9,"maxScore":9,"error":0},"keywordDensity":{"type":"best","score":9,"maxScore":9,"error":0}}}]},"primary_term":null,"canonical_url":null,"og_title":null,"og_description":null,"og_object_type":"default","og_image_type":"default","og_image_url":null,"og_image_width":null,"og_image_height":null,"og_image_custom_url":null,"og_image_custom_fields":null,"og_video":"","og_custom_url":null,"og_article_section":null,"og_article_tags":null,"twitter_use_og":false,"twitter_card":"default","twitter_image_type":"default","twitter_image_url":null,"twitter_image_custom_url":null,"twitter_image_custom_fields":null,"twitter_title":null,"twitter_description":null,"schema":{"blockGraphs":[],"customGraphs":[],"default":{"data":{"Article":[],"Course":[],"Dataset":[],"FAQPage":[],"Movie":[],"Person":[],"Product":[],"ProductReview":[],"Car":[],"Recipe":[],"Service":[],"SoftwareApplication":[],"WebPage":[]},"graphName":"Article","isEnabled":true},"graphs":[]},"schema_type":"default","schema_type_options":null,"pillar_content":false,"robots_default":true,"robots_noindex":false,"robots_noarchive":false,"robots_nosnippet":false,"robots_nofollow":false,"robots_noimageindex":false,"robots_noodp":false,"robots_notranslate":false,"robots_max_snippet":"-1","robots_max_videopreview":"-1","robots_max_imagepreview":"large","priority":null,"frequency":"default","local_seo":null,"seo_analyzer_scan_date":"2025-10-09 00:26:13","breadcrumb_settings":null,"limit_modified_date":false,"reviewed_by":null,"open_ai":"{\"title\":{\"suggestions\":[],\"usage\":0},\"description\":{\"suggestions\":[],\"usage\":0}}","ai":null,"created":"2024-11-19 01:17:18","updated":"2026-02-04 16:41:19"},"aioseo_breadcrumb":"<div class=\"aioseo-breadcrumbs\"><span class=\"aioseo-breadcrumb\">\n\t<a href=\"https:\/\/soymigrante.com\/revista\" title=\"Home\">Home<\/a>\n<\/span><span class=\"aioseo-breadcrumb-separator\">\u00bb<\/span><span class=\"aioseo-breadcrumb\">\n\t<a href=\"https:\/\/soymigrante.com\/revista\/category\/guate-nuestra\/\" title=\"Guate Nuestra\">Guate Nuestra<\/a>\n<\/span><span class=\"aioseo-breadcrumb-separator\">\u00bb<\/span><span class=\"aioseo-breadcrumb\">\n\tVerde&amp;Lim\u00f3n: un emprendimiento dulce y saludable lleno de arte est\u00e1 ahora en MERCADO\n<\/span><\/div>","aioseo_breadcrumb_json":[{"label":"Home","link":"https:\/\/soymigrante.com\/revista"},{"label":"Guate Nuestra","link":"https:\/\/soymigrante.com\/revista\/category\/guate-nuestra\/"},{"label":"Verde&amp;Lim\u00f3n: un emprendimiento dulce y saludable lleno de arte est\u00e1 ahora en MERCADO","link":"https:\/\/soymigrante.com\/revista\/verdelimon-un-emprendimiento-dulce-y-saludable-lleno-de-arte\/"}],"_links":{"self":[{"href":"https:\/\/soymigrante.com\/revista\/wp-json\/wp\/v2\/posts\/13619","targetHints":{"allow":["GET"]}}],"collection":[{"href":"https:\/\/soymigrante.com\/revista\/wp-json\/wp\/v2\/posts"}],"about":[{"href":"https:\/\/soymigrante.com\/revista\/wp-json\/wp\/v2\/types\/post"}],"author":[{"embeddable":true,"href":"https:\/\/soymigrante.com\/revista\/wp-json\/wp\/v2\/users\/23"}],"replies":[{"embeddable":true,"href":"https:\/\/soymigrante.com\/revista\/wp-json\/wp\/v2\/comments?post=13619"}],"version-history":[{"count":0,"href":"https:\/\/soymigrante.com\/revista\/wp-json\/wp\/v2\/posts\/13619\/revisions"}],"wp:featuredmedia":[{"embeddable":true,"href":"https:\/\/soymigrante.com\/revista\/wp-json\/wp\/v2\/media\/13645"}],"wp:attachment":[{"href":"https:\/\/soymigrante.com\/revista\/wp-json\/wp\/v2\/media?parent=13619"}],"wp:term":[{"taxonomy":"category","embeddable":true,"href":"https:\/\/soymigrante.com\/revista\/wp-json\/wp\/v2\/categories?post=13619"},{"taxonomy":"post_tag","embeddable":true,"href":"https:\/\/soymigrante.com\/revista\/wp-json\/wp\/v2\/tags?post=13619"}],"curies":[{"name":"wp","href":"https:\/\/api.w.org\/{rel}","templated":true}]}}