{"id":1359,"date":"2025-11-08T10:00:00","date_gmt":"2025-11-08T16:00:00","guid":{"rendered":"https:\/\/soymigrante.com\/revista\/?p=1359"},"modified":"2025-11-08T08:14:16","modified_gmt":"2025-11-08T14:14:16","slug":"salud-dental-se-descuida-a-menudo-por-migrantes","status":"publish","type":"post","link":"https:\/\/soymigrante.com\/revista\/salud-dental-se-descuida-a-menudo-por-migrantes\/","title":{"rendered":"Salud dental: Muchos retrasan atenderse hasta que un d\u00eda el dolor los obliga"},"content":{"rendered":"\t\t<div data-elementor-type=\"wp-post\" data-elementor-id=\"1359\" class=\"elementor elementor-1359\" data-elementor-post-type=\"post\">\n\t\t\t\t\t\t<section data-particle_enable=\"false\" data-particle-mobile-disabled=\"false\" class=\"elementor-section elementor-top-section elementor-element elementor-element-7a7e05d elementor-section-boxed elementor-section-height-default elementor-section-height-default\" data-id=\"7a7e05d\" data-element_type=\"section\" data-e-type=\"section\">\n\t\t\t\t\t\t<div class=\"elementor-container elementor-column-gap-default\">\n\t\t\t\t\t<div class=\"elementor-column elementor-col-100 elementor-top-column elementor-element elementor-element-f70b9be\" data-id=\"f70b9be\" data-element_type=\"column\" data-e-type=\"column\">\n\t\t\t<div class=\"elementor-widget-wrap elementor-element-populated\">\n\t\t\t\t\t\t<div class=\"elementor-element elementor-element-c90fb51 elementor-widget elementor-widget-heading\" data-id=\"c90fb51\" data-element_type=\"widget\" data-e-type=\"widget\" data-widget_type=\"heading.default\">\n\t\t\t\t\t<h2 class=\"elementor-heading-title elementor-size-default\">La salud dental suele ser descuidada o incluso abandonada por migrantes guatemaltecos e hispanos por falta de tiempo, recursos econ\u00f3micos o acceso a tratamientos; sin embargo a la hora de una emergencia igual la deben atender.<\/h2>\t\t\t\t<\/div>\n\t\t\t\t\t<\/div>\n\t\t<\/div>\n\t\t\t\t\t<\/div>\n\t\t<\/section>\n\t\t\t\t<section data-particle_enable=\"false\" data-particle-mobile-disabled=\"false\" class=\"elementor-section elementor-top-section elementor-element elementor-element-efb5617 elementor-section-boxed elementor-section-height-default elementor-section-height-default\" data-id=\"efb5617\" data-element_type=\"section\" data-e-type=\"section\">\n\t\t\t\t\t\t<div class=\"elementor-container elementor-column-gap-default\">\n\t\t\t\t\t<div class=\"elementor-column elementor-col-100 elementor-top-column elementor-element elementor-element-44e55f7\" data-id=\"44e55f7\" data-element_type=\"column\" data-e-type=\"column\">\n\t\t\t<div class=\"elementor-widget-wrap elementor-element-populated\">\n\t\t\t\t\t\t<div class=\"elementor-element elementor-element-d570bac elementor-widget elementor-widget-text-editor\" data-id=\"d570bac\" data-element_type=\"widget\" data-e-type=\"widget\" data-widget_type=\"text-editor.default\">\n\t\t\t\t\t\t\t\t\t<p><span style=\"background-color: transparent; color: #1c1d1e; font-family: 'Open Sans', sans-serif; font-size: 12pt; font-style: normal; font-variant-ligatures: normal; font-variant-caps: normal; font-weight: 400; white-space-collapse: preserve;\">Las prisas diarias conllevan falta de tiempo para los migrantes guatemaltecos. La falta de recursos obliga a relegar ciertos gastos en las familias migrantes. Una situaci\u00f3n migratoria irregular genera temor a acudir en busca de ayuda. <\/span><\/p><p><span style=\"background-color: transparent; color: #1c1d1e; font-family: 'Open Sans', sans-serif; font-size: 12pt; font-style: normal; font-variant-ligatures: normal; font-variant-caps: normal; font-weight: 400; white-space-collapse: preserve;\">Estos tres factores se conjugan para crear un problema que tarde o temprano duele y duele mucho, momento en el cual igual debe atenderse y sale m\u00e1s caro: los problemas dentales, que en la poblaci\u00f3n de migrantes hispanos suele tener gran incidencia debido a que se dejan al tiempo como si no fuera una necesidad. Pero sin duda alguna, lo es.<\/span><\/p>\t\t\t\t\t\t\t\t<\/div>\n\t\t\t\t\t<\/div>\n\t\t<\/div>\n\t\t\t\t\t<\/div>\n\t\t<\/section>\n\t\t\t\t<section data-particle_enable=\"false\" data-particle-mobile-disabled=\"false\" class=\"elementor-section elementor-top-section elementor-element elementor-element-0420d7f elementor-section-boxed elementor-section-height-default elementor-section-height-default\" data-id=\"0420d7f\" data-element_type=\"section\" data-e-type=\"section\">\n\t\t\t\t\t\t<div class=\"elementor-container elementor-column-gap-default\">\n\t\t\t\t\t<div class=\"elementor-column elementor-col-100 elementor-top-column elementor-element elementor-element-5bb1ac3\" data-id=\"5bb1ac3\" data-element_type=\"column\" data-e-type=\"column\">\n\t\t\t<div class=\"elementor-widget-wrap elementor-element-populated\">\n\t\t\t\t\t\t<div class=\"elementor-element elementor-element-af8563d elementor-widget elementor-widget-image\" data-id=\"af8563d\" data-element_type=\"widget\" data-e-type=\"widget\" data-widget_type=\"image.default\">\n\t\t\t\t\t\t\t\t\t\t\t\t<figure class=\"wp-caption\">\n\t\t\t\t\t\t\t\t\t\t<img fetchpriority=\"high\" decoding=\"async\" width=\"300\" height=\"300\" src=\"https:\/\/soymigrante.com\/revista\/wp-content\/uploads\/2023\/06\/4-mejor-con-salud-dental-300x300.webp\" class=\"attachment-medium size-medium wp-image-1362\" alt=\"Un sencillo examen preventivo puede ayudar a programar limpieza y a presupuestar tratamientos.\" srcset=\"https:\/\/soymigrante.com\/revista\/wp-content\/uploads\/2023\/06\/4-mejor-con-salud-dental-300x300.webp 300w, https:\/\/soymigrante.com\/revista\/wp-content\/uploads\/2023\/06\/4-mejor-con-salud-dental-1024x1024.webp 1024w, https:\/\/soymigrante.com\/revista\/wp-content\/uploads\/2023\/06\/4-mejor-con-salud-dental-150x150.webp 150w, https:\/\/soymigrante.com\/revista\/wp-content\/uploads\/2023\/06\/4-mejor-con-salud-dental-768x768.webp 768w, https:\/\/soymigrante.com\/revista\/wp-content\/uploads\/2023\/06\/4-mejor-con-salud-dental-75x75.webp 75w, https:\/\/soymigrante.com\/revista\/wp-content\/uploads\/2023\/06\/4-mejor-con-salud-dental-750x750.webp 750w, https:\/\/soymigrante.com\/revista\/wp-content\/uploads\/2023\/06\/4-mejor-con-salud-dental-1140x1140.webp 1140w, https:\/\/soymigrante.com\/revista\/wp-content\/uploads\/2023\/06\/4-mejor-con-salud-dental-600x600.webp 600w, https:\/\/soymigrante.com\/revista\/wp-content\/uploads\/2023\/06\/4-mejor-con-salud-dental.webp 1200w\" sizes=\"(max-width: 300px) 100vw, 300px\" title=\"Un sencillo examen preventivo puede ayudar a programar limpieza y a presupuestar tratamientos. \u2013 SoyMigrante.com REVISTA\" \/>\t\t\t\t\t\t\t\t\t\t\t<figcaption class=\"widget-image-caption wp-caption-text\">Un sencillo examen preventivo puede ayudar a programar limpieza y a presupuestar tratamientos.<\/figcaption>\n\t\t\t\t\t\t\t\t\t\t<\/figure>\n\t\t\t\t\t\t\t\t\t<\/div>\n\t\t\t\t\t<\/div>\n\t\t<\/div>\n\t\t\t\t\t<\/div>\n\t\t<\/section>\n\t\t\t\t<section data-particle_enable=\"false\" data-particle-mobile-disabled=\"false\" class=\"elementor-section elementor-top-section elementor-element elementor-element-b54b27f elementor-section-boxed elementor-section-height-default elementor-section-height-default\" data-id=\"b54b27f\" data-element_type=\"section\" data-e-type=\"section\">\n\t\t\t\t\t\t<div class=\"elementor-container elementor-column-gap-default\">\n\t\t\t\t\t<div class=\"elementor-column elementor-col-100 elementor-top-column elementor-element elementor-element-ec41e9c\" data-id=\"ec41e9c\" data-element_type=\"column\" data-e-type=\"column\">\n\t\t\t<div class=\"elementor-widget-wrap elementor-element-populated\">\n\t\t\t\t\t\t<div class=\"elementor-element elementor-element-8af15e3 elementor-widget elementor-widget-heading\" data-id=\"8af15e3\" data-element_type=\"widget\" data-e-type=\"widget\" data-widget_type=\"heading.default\">\n\t\t\t\t\t<h2 class=\"elementor-heading-title elementor-size-default\">Migrantes hispanos descuidan su boca<\/h2>\t\t\t\t<\/div>\n\t\t\t\t\t<\/div>\n\t\t<\/div>\n\t\t\t\t\t<\/div>\n\t\t<\/section>\n\t\t\t\t<section data-particle_enable=\"false\" data-particle-mobile-disabled=\"false\" class=\"elementor-section elementor-top-section elementor-element elementor-element-a9d9a36 elementor-section-boxed elementor-section-height-default elementor-section-height-default\" data-id=\"a9d9a36\" data-element_type=\"section\" data-e-type=\"section\">\n\t\t\t\t\t\t<div class=\"elementor-container elementor-column-gap-default\">\n\t\t\t\t\t<div class=\"elementor-column elementor-col-100 elementor-top-column elementor-element elementor-element-d4f051a\" data-id=\"d4f051a\" data-element_type=\"column\" data-e-type=\"column\">\n\t\t\t<div class=\"elementor-widget-wrap elementor-element-populated\">\n\t\t\t\t\t\t<div class=\"elementor-element elementor-element-49ba1b7 elementor-widget elementor-widget-text-editor\" data-id=\"49ba1b7\" data-element_type=\"widget\" data-e-type=\"widget\" data-widget_type=\"text-editor.default\">\n\t\t\t\t\t\t\t\t\t<p><span style=\"background-color: transparent; color: #1c1d1e; font-family: 'Open Sans', sans-serif; font-size: 12pt; font-style: normal; font-variant-ligatures: normal; font-variant-caps: normal; font-weight: 400; white-space-collapse: preserve;\">La poblaci\u00f3n hispana es el grupo \u00e9tnico no mayoritario m\u00e1s grande (18,5 %) y de m\u00e1s r\u00e1pido crecimiento en los Estados Unidos. M\u00e1s de la mitad de los hispanos no naci\u00f3 en EE.UU. y muchos acarrean problemas de legalizaci\u00f3n, con lo cual el cuidado dental suele quedar relegado por falta de dinero, de tiempo o temor a acudir a un centro de atenci\u00f3n. <\/span><\/p><p><span style=\"background-color: transparent; color: #1c1d1e; font-family: 'Open Sans', sans-serif; font-size: 12pt; font-style: normal; font-variant-ligatures: normal; font-variant-caps: normal; font-weight: 400; white-space-collapse: preserve;\">Sin embargo, seg\u00fan un estudio publicado en 2022 por el Journal of Public Health Dentistry (Revista de Salud P\u00fablica Dental) se\u00f1ala que una de las mayores causas de da\u00f1o dental agravado es la poca importancia que se le da al cuidado preventivo, quiz\u00e1 por falta de informaci\u00f3n, temores infundados y por supuesto bajos ingresos econ\u00f3micos.\u00a0<\/span><\/p>\t\t\t\t\t\t\t\t<\/div>\n\t\t\t\t\t<\/div>\n\t\t<\/div>\n\t\t\t\t\t<\/div>\n\t\t<\/section>\n\t\t\t\t<section data-particle_enable=\"false\" data-particle-mobile-disabled=\"false\" class=\"elementor-section elementor-top-section elementor-element elementor-element-587d670 elementor-section-boxed elementor-section-height-default elementor-section-height-default\" data-id=\"587d670\" data-element_type=\"section\" data-e-type=\"section\">\n\t\t\t\t\t\t<div class=\"elementor-container elementor-column-gap-default\">\n\t\t\t\t\t<div class=\"elementor-column elementor-col-100 elementor-top-column elementor-element elementor-element-4e7fa6c\" data-id=\"4e7fa6c\" data-element_type=\"column\" data-e-type=\"column\">\n\t\t\t<div class=\"elementor-widget-wrap elementor-element-populated\">\n\t\t\t\t\t\t<div class=\"elementor-element elementor-element-e395bb1 elementor-widget elementor-widget-video\" data-id=\"e395bb1\" data-element_type=\"widget\" data-e-type=\"widget\" data-settings=\"{&quot;youtube_url&quot;:&quot;https:\\\/\\\/www.youtube.com\\\/watch?v=1-JkBhm2nMI&quot;,&quot;start&quot;:8,&quot;motion_fx_motion_fx_mouse&quot;:&quot;yes&quot;,&quot;motion_fx_tilt_effect&quot;:&quot;yes&quot;,&quot;motion_fx_tilt_speed&quot;:{&quot;unit&quot;:&quot;px&quot;,&quot;size&quot;:3.6,&quot;sizes&quot;:[]},&quot;video_type&quot;:&quot;youtube&quot;,&quot;controls&quot;:&quot;yes&quot;}\" data-widget_type=\"video.default\">\n\t\t\t\t\t\t\t<div class=\"elementor-wrapper elementor-open-inline\">\n\t\t\t<div class=\"elementor-video\"><\/div>\t\t<\/div>\n\t\t\t\t\t\t<\/div>\n\t\t\t\t\t<\/div>\n\t\t<\/div>\n\t\t\t\t\t<\/div>\n\t\t<\/section>\n\t\t\t\t<section data-particle_enable=\"false\" data-particle-mobile-disabled=\"false\" class=\"elementor-section elementor-top-section elementor-element elementor-element-bab82c4 elementor-section-boxed elementor-section-height-default elementor-section-height-default\" data-id=\"bab82c4\" data-element_type=\"section\" data-e-type=\"section\">\n\t\t\t\t\t\t<div class=\"elementor-container elementor-column-gap-default\">\n\t\t\t\t\t<div class=\"elementor-column elementor-col-100 elementor-top-column elementor-element elementor-element-5ca8b6c\" data-id=\"5ca8b6c\" data-element_type=\"column\" data-e-type=\"column\">\n\t\t\t<div class=\"elementor-widget-wrap elementor-element-populated\">\n\t\t\t\t\t\t<div class=\"elementor-element elementor-element-61a1e88 elementor-widget elementor-widget-heading\" data-id=\"61a1e88\" data-element_type=\"widget\" data-e-type=\"widget\" data-widget_type=\"heading.default\">\n\t\t\t\t\t<h2 class=\"elementor-heading-title elementor-size-default\">Cifras llaman a actuar preventivamente<\/h2>\t\t\t\t<\/div>\n\t\t\t\t\t<\/div>\n\t\t<\/div>\n\t\t\t\t\t<\/div>\n\t\t<\/section>\n\t\t\t\t<section data-particle_enable=\"false\" data-particle-mobile-disabled=\"false\" class=\"elementor-section elementor-top-section elementor-element elementor-element-ea6b29a elementor-section-boxed elementor-section-height-default elementor-section-height-default\" data-id=\"ea6b29a\" data-element_type=\"section\" data-e-type=\"section\">\n\t\t\t\t\t\t<div class=\"elementor-container elementor-column-gap-default\">\n\t\t\t\t\t<div class=\"elementor-column elementor-col-100 elementor-top-column elementor-element elementor-element-4ad34e1\" data-id=\"4ad34e1\" data-element_type=\"column\" data-e-type=\"column\">\n\t\t\t<div class=\"elementor-widget-wrap elementor-element-populated\">\n\t\t\t\t\t\t<div class=\"elementor-element elementor-element-da8a48a elementor-widget elementor-widget-text-editor\" data-id=\"da8a48a\" data-element_type=\"widget\" data-e-type=\"widget\" data-widget_type=\"text-editor.default\">\n\t\t\t\t\t\t\t\t\t<p><span style=\"background-color: transparent; color: #1c1d1e; font-family: 'Open Sans', sans-serif; font-size: 12pt; font-style: normal; font-variant-ligatures: normal; font-variant-caps: normal; font-weight: 400; white-space-collapse: preserve;\">Aproximadamente el 40 % de los adultos hispanos en los EE. UU. viven en estados donde la atenci\u00f3n dental, incluida la atenci\u00f3n de emergencia, no est\u00e1 cubierta por los beneficios dentales para adultos de Medicaid. Es as\u00ed como los adultos hispanos tienen una mayor prevalencia de enfermedades orales que los blancos no hispanos. <\/span><\/p><p><span style=\"background-color: transparent; color: #1c1d1e; font-family: 'Open Sans', sans-serif; font-size: 12pt; font-style: normal; font-variant-ligatures: normal; font-variant-caps: normal; font-weight: 400; white-space-collapse: preserve;\">Datos de la Encuesta Nacional de Salud muestran que los adultos latinos en EE.UU. de 30 a\u00f1os o m\u00e1s ten\u00edan la prevalencia m\u00e1s alta de enfermedad periodontal (enc\u00edas) entre todos los grupos raciales o \u00e9tnicos.\u00a0<\/span><\/p><p><span style=\"background-color: transparent; color: #1c1d1e; font-family: 'Open Sans', sans-serif; font-size: 12pt; font-style: normal; font-variant-ligatures: normal; font-variant-caps: normal; font-weight: 400; white-space-collapse: preserve;\">Los ni\u00f1os hispanos en los EE. UU. tambi\u00e9n enfrentan importantes disparidades en la salud oral.\u00a0La prevalencia de caries dental es m\u00e1s alta entre los j\u00f3venes hispanos de 2 a 19 a\u00f1os (52 %) en comparaci\u00f3n con los j\u00f3venes afroamericanos no hispanos (44,3 %), asi\u00e1ticos (42,6 %) y anglos (39 %).\u00a0<\/span><\/p><p><span style=\"background-color: transparent; color: #1c1d1e; font-family: 'Open Sans', sans-serif; font-size: 12pt; font-style: normal; font-variant-ligatures: normal; font-variant-caps: normal; font-weight: 400; white-space-collapse: preserve;\">En 2017, el 7,2 % de los dientes de los ni\u00f1os hispanos (de 1 a 17 a\u00f1os de edad) se caracterizaron como \u201cregulares o malos\u201d en comparaci\u00f3n con el 4,2 % entre los no hispanos.<\/span><\/p><div><span style=\"font-size: 12pt; font-family: 'Open Sans', sans-serif; color: #1c1d1e; background-color: transparent; font-weight: 400; font-style: normal; font-variant: normal; white-space-collapse: preserve;\">\u00a0<\/span><\/div>\t\t\t\t\t\t\t\t<\/div>\n\t\t\t\t\t<\/div>\n\t\t<\/div>\n\t\t\t\t\t<\/div>\n\t\t<\/section>\n\t\t\t\t<section data-particle_enable=\"false\" data-particle-mobile-disabled=\"false\" class=\"elementor-section elementor-top-section elementor-element elementor-element-697c350 elementor-section-boxed elementor-section-height-default elementor-section-height-default\" data-id=\"697c350\" data-element_type=\"section\" data-e-type=\"section\">\n\t\t\t\t\t\t<div class=\"elementor-container elementor-column-gap-default\">\n\t\t\t\t\t<div class=\"elementor-column elementor-col-100 elementor-top-column elementor-element elementor-element-b7be82b\" data-id=\"b7be82b\" data-element_type=\"column\" data-e-type=\"column\">\n\t\t\t<div class=\"elementor-widget-wrap elementor-element-populated\">\n\t\t\t\t\t\t<div class=\"elementor-element elementor-element-398b8b1 elementor-widget elementor-widget-image\" data-id=\"398b8b1\" data-element_type=\"widget\" data-e-type=\"widget\" data-widget_type=\"image.default\">\n\t\t\t\t\t\t\t\t\t\t\t\t<figure class=\"wp-caption\">\n\t\t\t\t\t\t\t\t\t\t<img decoding=\"async\" width=\"1024\" height=\"652\" src=\"https:\/\/soymigrante.com\/revista\/wp-content\/uploads\/2023\/06\/salud-dental-soy-migrante-1024x652.webp\" class=\"attachment-large size-large wp-image-1360\" alt=\"Muchos migrantes con situaci\u00f3n legal regular optan por viajar a Guatemala para recibir atenci\u00f3n dental, sobre todo por razones de costo.\" srcset=\"https:\/\/soymigrante.com\/revista\/wp-content\/uploads\/2023\/06\/salud-dental-soy-migrante-1024x652.webp 1024w, https:\/\/soymigrante.com\/revista\/wp-content\/uploads\/2023\/06\/salud-dental-soy-migrante-300x191.webp 300w, https:\/\/soymigrante.com\/revista\/wp-content\/uploads\/2023\/06\/salud-dental-soy-migrante-768x489.webp 768w, https:\/\/soymigrante.com\/revista\/wp-content\/uploads\/2023\/06\/salud-dental-soy-migrante-750x477.webp 750w, https:\/\/soymigrante.com\/revista\/wp-content\/uploads\/2023\/06\/salud-dental-soy-migrante-1140x726.webp 1140w, https:\/\/soymigrante.com\/revista\/wp-content\/uploads\/2023\/06\/salud-dental-soy-migrante.webp 1472w\" sizes=\"(max-width: 1024px) 100vw, 1024px\" title=\"Muchos migrantes con situaci\u00f3n legal regular optan por viajar a Guatemala para recibir atenci\u00f3n dental \u2013 SoyMigrante.com REVISTA\" \/>\t\t\t\t\t\t\t\t\t\t\t<figcaption class=\"widget-image-caption wp-caption-text\">Muchos migrantes con situaci\u00f3n legal regular optan por viajar a Guatemala para recibir atenci\u00f3n dental, sobre todo por razones de costo.<\/figcaption>\n\t\t\t\t\t\t\t\t\t\t<\/figure>\n\t\t\t\t\t\t\t\t\t<\/div>\n\t\t\t\t\t<\/div>\n\t\t<\/div>\n\t\t\t\t\t<\/div>\n\t\t<\/section>\n\t\t\t\t<section data-particle_enable=\"false\" data-particle-mobile-disabled=\"false\" class=\"elementor-section elementor-top-section elementor-element elementor-element-64b0597 elementor-section-boxed elementor-section-height-default elementor-section-height-default\" data-id=\"64b0597\" data-element_type=\"section\" data-e-type=\"section\">\n\t\t\t\t\t\t<div class=\"elementor-container elementor-column-gap-default\">\n\t\t\t\t\t<div class=\"elementor-column elementor-col-100 elementor-top-column elementor-element elementor-element-43cec9c\" data-id=\"43cec9c\" data-element_type=\"column\" data-e-type=\"column\">\n\t\t\t<div class=\"elementor-widget-wrap elementor-element-populated\">\n\t\t\t\t\t\t<div class=\"elementor-element elementor-element-e8f544c elementor-widget elementor-widget-heading\" data-id=\"e8f544c\" data-element_type=\"widget\" data-e-type=\"widget\" data-widget_type=\"heading.default\">\n\t\t\t\t\t<h2 class=\"elementor-heading-title elementor-size-default\">Barrera idiom\u00e1tica afecta los dientes<\/h2>\t\t\t\t<\/div>\n\t\t\t\t\t<\/div>\n\t\t<\/div>\n\t\t\t\t\t<\/div>\n\t\t<\/section>\n\t\t\t\t<section data-particle_enable=\"false\" data-particle-mobile-disabled=\"false\" class=\"elementor-section elementor-top-section elementor-element elementor-element-3ac16f5 elementor-section-boxed elementor-section-height-default elementor-section-height-default\" data-id=\"3ac16f5\" data-element_type=\"section\" data-e-type=\"section\">\n\t\t\t\t\t\t<div class=\"elementor-container elementor-column-gap-default\">\n\t\t\t\t\t<div class=\"elementor-column elementor-col-100 elementor-top-column elementor-element elementor-element-be3b47d\" data-id=\"be3b47d\" data-element_type=\"column\" data-e-type=\"column\">\n\t\t\t<div class=\"elementor-widget-wrap elementor-element-populated\">\n\t\t\t\t\t\t<div class=\"elementor-element elementor-element-9165bf3 elementor-widget elementor-widget-text-editor\" data-id=\"9165bf3\" data-element_type=\"widget\" data-e-type=\"widget\" data-widget_type=\"text-editor.default\">\n\t\t\t\t\t\t\t\t\t<p>o<span style=\"background-color: transparent; color: #1c1d1e; font-family: 'Open Sans', sans-serif; font-size: 12pt; font-style: normal; font-variant-ligatures: normal; font-variant-caps: normal; font-weight: 400; white-space-collapse: preserve;\">El uso limitado o nulo de ingl\u00e9s crea una barrera ling\u00fc\u00edsitica que a menudo dificulta buscar atenci\u00f3n m\u00e9dica o cobertura de seguros de salud de EE. UU., seg\u00fan detalla el estudio de National Health Dentistry. <\/span><\/p><p><span style=\"background-color: transparent; color: #1c1d1e; font-family: 'Open Sans', sans-serif; font-size: 12pt; font-style: normal; font-variant-ligatures: normal; font-variant-caps: normal; font-weight: 400; white-space-collapse: preserve;\">Los hispanos pueden sentirse m\u00e1s c\u00f3modos yendo a un dentista que hable espa\u00f1ol, sin embargo los dentistas hispanos representan solo el 5.6 % de los dentistas activos en los EE. UU.\u00a0<\/span><\/p><p><span style=\"background-color: transparent; color: #1c1d1e; font-family: 'Open Sans', sans-serif; font-size: 12pt; font-style: normal; font-variant-ligatures: normal; font-variant-caps: normal; font-weight: 400; white-space-collapse: preserve;\">Sabrir la profesi\u00f3n dental de los EE. UU. a m\u00e1s dentistas hispanos capacitados en el extranjero podr\u00eda brindar varias ventajas, incluido el aumento de la diversidad de dentistas en los EE. UU. y la ampliaci\u00f3n del acceso a las comunidades minoritarias y subrepresentadas.\u00a0Sin embargo, muchos estados han eliminado gradualmente las v\u00edas de obtenci\u00f3n de licencias para dentistas formados en el extranjero, detalla el informe.\u00a0 <\/span><\/p><p><span style=\"background-color: transparent; color: #1c1d1e; font-family: 'Open Sans', sans-serif; font-size: 12pt; font-style: normal; font-variant-ligatures: normal; font-variant-caps: normal; font-weight: 400; white-space-collapse: preserve;\">Otro estudio mostr\u00f3 que en los hogares en Estados Unidos donde el espa\u00f1ol era el idioma principal, la probabilidad de caries dental era del 70 % en comparaci\u00f3n con el 47 % en los hogares principalmente de habla inglesa. <\/span><span style=\"background-color: transparent; color: #1c1d1e; font-family: 'Open Sans', sans-serif; font-size: 12pt; font-style: normal; font-variant-ligatures: normal; font-variant-caps: normal; font-weight: 400; white-space-collapse: preserve;\">En otras palabras: aprender ingl\u00e9s no solo tiene implicaciones laborales y sociales, tambi\u00e9n en la salud de todo tipo, en este caso la bucal. <\/span><\/p>\t\t\t\t\t\t\t\t<\/div>\n\t\t\t\t\t<\/div>\n\t\t<\/div>\n\t\t\t\t\t<\/div>\n\t\t<\/section>\n\t\t\t\t<section data-particle_enable=\"false\" data-particle-mobile-disabled=\"false\" class=\"elementor-section elementor-top-section elementor-element elementor-element-de2202b elementor-section-boxed elementor-section-height-default elementor-section-height-default\" data-id=\"de2202b\" data-element_type=\"section\" data-e-type=\"section\">\n\t\t\t\t\t\t<div class=\"elementor-container elementor-column-gap-default\">\n\t\t\t\t\t<div class=\"elementor-column elementor-col-100 elementor-top-column elementor-element elementor-element-2f6ece9\" data-id=\"2f6ece9\" data-element_type=\"column\" data-e-type=\"column\">\n\t\t\t<div class=\"elementor-widget-wrap elementor-element-populated\">\n\t\t\t\t\t\t<div class=\"elementor-element elementor-element-5534135 elementor-headline--style-highlight elementor-widget elementor-widget-animated-headline\" data-id=\"5534135\" data-element_type=\"widget\" data-e-type=\"widget\" data-settings=\"{&quot;highlighted_text&quot;:&quot;pierda el miedo y ac\\u00e9rquese&quot;,&quot;highlight_animation_duration&quot;:2000,&quot;highlight_iteration_delay&quot;:12000,&quot;headline_style&quot;:&quot;highlight&quot;,&quot;marker&quot;:&quot;circle&quot;,&quot;loop&quot;:&quot;yes&quot;}\" data-widget_type=\"animated-headline.default\">\n\t\t\t\t\t\t\t<h3 class=\"elementor-headline\">\n\t\t\t\t\t<span class=\"elementor-headline-plain-text elementor-headline-text-wrapper\">Si usted no habla ingl\u00e9s, pero desea cuidar su salud dental<\/span>\n\t\t\t\t<span class=\"elementor-headline-dynamic-wrapper elementor-headline-text-wrapper\">\n\t\t\t\t\t<span class=\"elementor-headline-dynamic-text elementor-headline-text-active\">pierda el miedo y ac\u00e9rquese<\/span>\n\t\t\t\t<\/span>\n\t\t\t\t\t<span class=\"elementor-headline-plain-text elementor-headline-text-wrapper\">a iglesias, organizaciones sociales o asociaciones de migrantes (f\u00edsicas o en l\u00ednea)  para identificar jornadas  a bajo costo<\/span>\n\t\t\t\t\t<\/h3>\n\t\t\t\t\t\t<\/div>\n\t\t\t\t\t<\/div>\n\t\t<\/div>\n\t\t\t\t\t<\/div>\n\t\t<\/section>\n\t\t\t\t<section data-particle_enable=\"false\" data-particle-mobile-disabled=\"false\" class=\"elementor-section elementor-top-section elementor-element elementor-element-6bd2742 elementor-section-boxed elementor-section-height-default elementor-section-height-default\" data-id=\"6bd2742\" data-element_type=\"section\" data-e-type=\"section\">\n\t\t\t\t\t\t<div class=\"elementor-container elementor-column-gap-default\">\n\t\t\t\t\t<div class=\"elementor-column elementor-col-100 elementor-top-column elementor-element elementor-element-8119b64\" data-id=\"8119b64\" data-element_type=\"column\" data-e-type=\"column\">\n\t\t\t<div class=\"elementor-widget-wrap elementor-element-populated\">\n\t\t\t\t\t\t<div class=\"elementor-element elementor-element-4b21495 elementor-widget elementor-widget-image\" data-id=\"4b21495\" data-element_type=\"widget\" data-e-type=\"widget\" data-widget_type=\"image.default\">\n\t\t\t\t\t\t\t\t\t\t\t\t<figure class=\"wp-caption\">\n\t\t\t\t\t\t\t\t\t\t<img decoding=\"async\" width=\"1024\" height=\"686\" src=\"https:\/\/soymigrante.com\/revista\/wp-content\/uploads\/2023\/06\/salud-dental-soy-migrante3-1024x686.webp\" class=\"attachment-large size-large wp-image-1363\" alt=\"Muchas personas temen esta visi\u00f3n, pero es mejor que sea para una limpieza o rellenos, que para una extracci\u00f3n. No lo deje al tiempo, porque tarde o temprano llega.\" srcset=\"https:\/\/soymigrante.com\/revista\/wp-content\/uploads\/2023\/06\/salud-dental-soy-migrante3-1024x686.webp 1024w, https:\/\/soymigrante.com\/revista\/wp-content\/uploads\/2023\/06\/salud-dental-soy-migrante3-300x201.webp 300w, https:\/\/soymigrante.com\/revista\/wp-content\/uploads\/2023\/06\/salud-dental-soy-migrante3-768x514.webp 768w, https:\/\/soymigrante.com\/revista\/wp-content\/uploads\/2023\/06\/salud-dental-soy-migrante3-750x502.webp 750w, https:\/\/soymigrante.com\/revista\/wp-content\/uploads\/2023\/06\/salud-dental-soy-migrante3-1140x764.webp 1140w, https:\/\/soymigrante.com\/revista\/wp-content\/uploads\/2023\/06\/salud-dental-soy-migrante3.webp 1408w\" sizes=\"(max-width: 1024px) 100vw, 1024px\" title=\"Muchas personas temen esta visi\u00f3n, pero es mejor que sea para una limpieza o rellenos, que para una extracci\u00f3n.  No lo deje al tiempo, porque tarde o temprano llega. \u2013 SoyMigrante.com REVISTA\" \/>\t\t\t\t\t\t\t\t\t\t\t<figcaption class=\"widget-image-caption wp-caption-text\">Muchas personas temen esta visi\u00f3n, pero es mejor que sea para una limpieza o rellenos, que para una extracci\u00f3n.  No lo deje al tiempo, porque tarde o temprano llega.<\/figcaption>\n\t\t\t\t\t\t\t\t\t\t<\/figure>\n\t\t\t\t\t\t\t\t\t<\/div>\n\t\t\t\t\t<\/div>\n\t\t<\/div>\n\t\t\t\t\t<\/div>\n\t\t<\/section>\n\t\t\t\t<\/div>\n\t\t","protected":false},"excerpt":{"rendered":"<p>La salud dental suele ser descuidada o incluso abandonada por migrantes guatemaltecos e hispanos por falta de tiempo, recursos econ\u00f3micos o acceso a tratamientos; sin embargo a la hora de una emergencia igual la deben atender. Las prisas diarias conllevan falta de tiempo para los migrantes guatemaltecos. La falta de recursos obliga a relegar ciertos [&hellip;]<\/p>\n","protected":false},"author":7,"featured_media":1361,"comment_status":"open","ping_status":"open","sticky":false,"template":"","format":"standard","meta":{"_acf_changed":false,"_eb_attr":"","footnotes":""},"categories":[55],"tags":[],"class_list":["post-1359","post","type-post","status-publish","format-standard","has-post-thumbnail","hentry","category-bienestar"],"acf":[],"aioseo_notices":[],"aioseo_head":"\n\t\t<!-- All in One SEO Pro 4.9.6.2 - aioseo.com -->\n\t<meta name=\"description\" content=\"La salud dental suele ser descuidada o incluso abandonada por migrantes guatemaltecos e hispanos por falta de tiempo, recursos econ\u00f3micos o acceso a tratamientos; sin embargo a la hora de una emergencia igual la deben atender. Las prisas diarias conllevan falta de tiempo para los migrantes guatemaltecos. La falta de recursos obliga a relegar ciertos\" \/>\n\t<meta name=\"robots\" content=\"max-snippet:-1, max-image-preview:large, max-video-preview:-1\" \/>\n\t<meta name=\"author\" content=\"Gustavo Montenegro\"\/>\n\t<link rel=\"canonical\" href=\"https:\/\/soymigrante.com\/revista\/salud-dental-se-descuida-a-menudo-por-migrantes\/\" \/>\n\t<meta name=\"generator\" content=\"All in One SEO Pro (AIOSEO) 4.9.6.2\" \/>\n\n\t\t<link rel=\"preconnect\" href=\"https:\/\/fonts.googleapis.com\" crossorigin>\n<link rel=\"preconnect\" href=\"https:\/\/fonts.gstatic.com\" crossorigin>\n\t\t<meta property=\"og:locale\" content=\"es_ES\" \/>\n\t\t<meta property=\"og:site_name\" content=\"SoyMigrante.com REVISTA \u2013 Nuestra misi\u00f3n es reconocer y dignificar al migrante.\" \/>\n\t\t<meta property=\"og:type\" content=\"article\" \/>\n\t\t<meta property=\"og:title\" content=\"Salud dental: Muchos retrasan atenderse hasta que un d\u00eda el dolor los obliga\" \/>\n\t\t<meta property=\"og:description\" content=\"La salud dental suele ser descuidada o incluso abandonada por migrantes guatemaltecos e hispanos por falta de tiempo, recursos econ\u00f3micos o acceso a tratamientos; sin embargo a la hora de una emergencia igual la deben atender. Las prisas diarias conllevan falta de tiempo para los migrantes guatemaltecos. La falta de recursos obliga a relegar ciertos\" \/>\n\t\t<meta property=\"og:url\" content=\"https:\/\/soymigrante.com\/revista\/salud-dental-se-descuida-a-menudo-por-migrantes\/\" \/>\n\t\t<meta property=\"og:image\" content=\"https:\/\/soymigrante.com\/revista\/wp-content\/uploads\/2023\/06\/salud-dental-soy-migrante2.webp\" \/>\n\t\t<meta property=\"og:image:secure_url\" content=\"https:\/\/soymigrante.com\/revista\/wp-content\/uploads\/2023\/06\/salud-dental-soy-migrante2.webp\" \/>\n\t\t<meta property=\"og:image:width\" content=\"1436\" \/>\n\t\t<meta property=\"og:image:height\" content=\"952\" \/>\n\t\t<meta property=\"article:published_time\" content=\"2025-11-08T16:00:00+00:00\" \/>\n\t\t<meta property=\"article:modified_time\" content=\"2025-11-08T14:14:16+00:00\" \/>\n\t\t<meta property=\"article:publisher\" content=\"https:\/\/www.facebook.com\/soymigrantecom\" \/>\n\t\t<meta name=\"twitter:card\" content=\"summary_large_image\" \/>\n\t\t<meta name=\"twitter:site\" content=\"@SoyMigrante_com\" \/>\n\t\t<meta name=\"twitter:title\" content=\"Salud dental: Muchos retrasan atenderse hasta que un d\u00eda el dolor los obliga\" \/>\n\t\t<meta name=\"twitter:description\" content=\"La salud dental suele ser descuidada o incluso abandonada por migrantes guatemaltecos e hispanos por falta de tiempo, recursos econ\u00f3micos o acceso a tratamientos; sin embargo a la hora de una emergencia igual la deben atender. Las prisas diarias conllevan falta de tiempo para los migrantes guatemaltecos. La falta de recursos obliga a relegar ciertos\" \/>\n\t\t<meta name=\"twitter:creator\" content=\"@SoyMigrante_com\" \/>\n\t\t<meta name=\"twitter:image\" content=\"https:\/\/soymigrante.com\/revista\/wp-content\/uploads\/2023\/06\/salud-dental-soy-migrante2.webp\" \/>\n\t\t<!-- All in One SEO Pro -->\r\n\t\t<title>Salud dental: Muchos retrasan atenderse hasta que un d\u00eda el dolor los obliga<\/title>\n\n","aioseo_head_json":{"title":"Salud dental: Muchos retrasan atenderse hasta que un d\u00eda el dolor los obliga","description":"La salud dental suele ser descuidada o incluso abandonada por migrantes guatemaltecos e hispanos por falta de tiempo, recursos econ\u00f3micos o acceso a tratamientos; sin embargo a la hora de una emergencia igual la deben atender. Las prisas diarias conllevan falta de tiempo para los migrantes guatemaltecos. La falta de recursos obliga a relegar ciertos","canonical_url":"https:\/\/soymigrante.com\/revista\/salud-dental-se-descuida-a-menudo-por-migrantes\/","robots":"max-snippet:-1, max-image-preview:large, max-video-preview:-1","keywords":"","webmasterTools":{"miscellaneous":"&lt;link rel=\"preconnect\" href=\"https:\/\/fonts.googleapis.com\" crossorigin&gt;\n&lt;link rel=\"preconnect\" href=\"https:\/\/fonts.gstatic.com\" crossorigin&gt;"},"schema":null,"og:locale":"es_ES","og:site_name":"SoyMigrante.com REVISTA \u2013 Nuestra misi\u00f3n es reconocer y dignificar al migrante.","og:type":"article","og:title":"Salud dental: Muchos retrasan atenderse hasta que un d\u00eda el dolor los obliga","og:description":"La salud dental suele ser descuidada o incluso abandonada por migrantes guatemaltecos e hispanos por falta de tiempo, recursos econ\u00f3micos o acceso a tratamientos; sin embargo a la hora de una emergencia igual la deben atender. Las prisas diarias conllevan falta de tiempo para los migrantes guatemaltecos. La falta de recursos obliga a relegar ciertos","og:url":"https:\/\/soymigrante.com\/revista\/salud-dental-se-descuida-a-menudo-por-migrantes\/","og:image":"https:\/\/soymigrante.com\/revista\/wp-content\/uploads\/2023\/06\/salud-dental-soy-migrante2.webp","og:image:secure_url":"https:\/\/soymigrante.com\/revista\/wp-content\/uploads\/2023\/06\/salud-dental-soy-migrante2.webp","og:image:width":1436,"og:image:height":952,"article:published_time":"2025-11-08T16:00:00+00:00","article:modified_time":"2025-11-08T14:14:16+00:00","article:publisher":"https:\/\/www.facebook.com\/soymigrantecom","twitter:card":"summary_large_image","twitter:site":"@SoyMigrante_com","twitter:title":"Salud dental: Muchos retrasan atenderse hasta que un d\u00eda el dolor los obliga","twitter:description":"La salud dental suele ser descuidada o incluso abandonada por migrantes guatemaltecos e hispanos por falta de tiempo, recursos econ\u00f3micos o acceso a tratamientos; sin embargo a la hora de una emergencia igual la deben atender. Las prisas diarias conllevan falta de tiempo para los migrantes guatemaltecos. La falta de recursos obliga a relegar ciertos","twitter:creator":"@SoyMigrante_com","twitter:image":"https:\/\/soymigrante.com\/revista\/wp-content\/uploads\/2023\/06\/salud-dental-soy-migrante2.webp"},"aioseo_meta_data":{"post_id":"1359","title":null,"description":null,"keywords":null,"keyphrases":{"focus":{"keyphrase":"Salud","score":74,"analysis":{"keyphraseInTitle":{"score":9,"maxScore":9,"error":0},"keyphraseInDescription":{"score":9,"maxScore":9,"error":0},"keyphraseLength":{"score":9,"maxScore":9,"error":0,"length":1},"keyphraseInURL":{"score":5,"maxScore":5,"error":0},"keyphraseInIntroduction":{"score":3,"maxScore":9,"error":1},"keyphraseInSubHeadings":{"score":3,"maxScore":9,"error":1},"keyphraseInImageAlt":{"score":3,"maxScore":9,"error":1},"keywordDensity":{"type":"best","score":9,"maxScore":9,"error":0}}},"additional":[{"keyphrase":"Dientes","score":53,"analysis":{"keyphraseInDescription":{"score":9,"maxScore":9,"error":0},"keyphraseLength":{"score":9,"maxScore":9,"error":0,"length":1},"keyphraseInIntroduction":{"score":3,"maxScore":9,"error":1},"keyphraseInImageAlt":{"score":3,"maxScore":9,"error":1},"keywordDensity":{"score":0,"type":"low","maxScore":9,"error":1}}},{"keyphrase":"Dental","score":87,"analysis":{"keyphraseInDescription":{"score":9,"maxScore":9,"error":0},"keyphraseLength":{"score":9,"maxScore":9,"error":0,"length":1},"keyphraseInIntroduction":{"score":3,"maxScore":9,"error":1},"keyphraseInImageAlt":{"score":9,"maxScore":9,"error":0},"keywordDensity":{"type":"best","score":9,"maxScore":9,"error":0}}},{"keyphrase":"odont\u00f3logo","score":40,"analysis":{"keyphraseInDescription":{"score":3,"maxScore":9,"error":1},"keyphraseLength":{"score":9,"maxScore":9,"error":0,"length":2},"keyphraseInIntroduction":{"score":3,"maxScore":9,"error":1},"keyphraseInImageAlt":{"score":3,"maxScore":9,"error":1},"keywordDensity":{"score":0,"type":"low","maxScore":9,"error":1}}},{"keyphrase":"salud","score":73,"analysis":{"keyphraseInDescription":{"score":9,"maxScore":9,"error":0},"keyphraseLength":{"score":9,"maxScore":9,"error":0,"length":1},"keyphraseInIntroduction":{"score":3,"maxScore":9,"error":1},"keyphraseInImageAlt":{"score":3,"maxScore":9,"error":1},"keywordDensity":{"type":"best","score":9,"maxScore":9,"error":0}}}]},"primary_term":null,"canonical_url":null,"og_title":null,"og_description":null,"og_object_type":"default","og_image_type":"default","og_image_url":null,"og_image_width":null,"og_image_height":null,"og_image_custom_url":null,"og_image_custom_fields":null,"og_video":"","og_custom_url":null,"og_article_section":null,"og_article_tags":null,"twitter_use_og":false,"twitter_card":"default","twitter_image_type":"default","twitter_image_url":null,"twitter_image_custom_url":null,"twitter_image_custom_fields":null,"twitter_title":null,"twitter_description":null,"schema":{"blockGraphs":[],"customGraphs":[],"default":{"data":{"Article":[],"Course":[],"Dataset":[],"FAQPage":[],"Movie":[],"Person":[],"Product":[],"ProductReview":[],"Car":[],"Recipe":[],"Service":[],"SoftwareApplication":[],"WebPage":[]},"graphName":"NewsArticle","isEnabled":true},"graphs":[]},"schema_type":"default","schema_type_options":null,"pillar_content":false,"robots_default":true,"robots_noindex":false,"robots_noarchive":false,"robots_nosnippet":false,"robots_nofollow":false,"robots_noimageindex":false,"robots_noodp":false,"robots_notranslate":false,"robots_max_snippet":"-1","robots_max_videopreview":"-1","robots_max_imagepreview":"large","priority":null,"frequency":"default","local_seo":null,"seo_analyzer_scan_date":"2025-11-08 16:00:34","breadcrumb_settings":null,"limit_modified_date":false,"reviewed_by":"0","open_ai":"{\"title\":{\"suggestions\":[],\"usage\":0},\"description\":{\"suggestions\":[],\"usage\":0}}","ai":{"faqs":[],"keyPoints":[],"titles":[],"descriptions":[],"socialPosts":{"email":[],"linkedin":[],"twitter":[],"facebook":[],"instagram":[]}},"created":"2023-08-18 13:17:29","updated":"2026-02-05 07:00:15"},"aioseo_breadcrumb":"<div class=\"aioseo-breadcrumbs\"><span class=\"aioseo-breadcrumb\">\n\t<a href=\"https:\/\/soymigrante.com\/revista\" title=\"Home\">Home<\/a>\n<\/span><span class=\"aioseo-breadcrumb-separator\">\u00bb<\/span><span class=\"aioseo-breadcrumb\">\n\t<a href=\"https:\/\/soymigrante.com\/revista\/category\/bienestar\/\" title=\"Bienestar\">Bienestar<\/a>\n<\/span><span class=\"aioseo-breadcrumb-separator\">\u00bb<\/span><span class=\"aioseo-breadcrumb\">\n\tSalud dental: Muchos retrasan atenderse hasta que un d\u00eda el dolor los obliga\n<\/span><\/div>","aioseo_breadcrumb_json":[{"label":"Home","link":"https:\/\/soymigrante.com\/revista"},{"label":"Bienestar","link":"https:\/\/soymigrante.com\/revista\/category\/bienestar\/"},{"label":"Salud dental: Muchos retrasan atenderse hasta que un d\u00eda el dolor los obliga","link":"https:\/\/soymigrante.com\/revista\/salud-dental-se-descuida-a-menudo-por-migrantes\/"}],"_links":{"self":[{"href":"https:\/\/soymigrante.com\/revista\/wp-json\/wp\/v2\/posts\/1359","targetHints":{"allow":["GET"]}}],"collection":[{"href":"https:\/\/soymigrante.com\/revista\/wp-json\/wp\/v2\/posts"}],"about":[{"href":"https:\/\/soymigrante.com\/revista\/wp-json\/wp\/v2\/types\/post"}],"author":[{"embeddable":true,"href":"https:\/\/soymigrante.com\/revista\/wp-json\/wp\/v2\/users\/7"}],"replies":[{"embeddable":true,"href":"https:\/\/soymigrante.com\/revista\/wp-json\/wp\/v2\/comments?post=1359"}],"version-history":[{"count":1,"href":"https:\/\/soymigrante.com\/revista\/wp-json\/wp\/v2\/posts\/1359\/revisions"}],"predecessor-version":[{"id":48302,"href":"https:\/\/soymigrante.com\/revista\/wp-json\/wp\/v2\/posts\/1359\/revisions\/48302"}],"wp:featuredmedia":[{"embeddable":true,"href":"https:\/\/soymigrante.com\/revista\/wp-json\/wp\/v2\/media\/1361"}],"wp:attachment":[{"href":"https:\/\/soymigrante.com\/revista\/wp-json\/wp\/v2\/media?parent=1359"}],"wp:term":[{"taxonomy":"category","embeddable":true,"href":"https:\/\/soymigrante.com\/revista\/wp-json\/wp\/v2\/categories?post=1359"},{"taxonomy":"post_tag","embeddable":true,"href":"https:\/\/soymigrante.com\/revista\/wp-json\/wp\/v2\/tags?post=1359"}],"curies":[{"name":"wp","href":"https:\/\/api.w.org\/{rel}","templated":true}]}}