{"id":13480,"date":"2024-11-18T20:00:00","date_gmt":"2024-11-19T02:00:00","guid":{"rendered":"https:\/\/soymigrante.com\/revista\/?p=13480"},"modified":"2025-05-16T18:15:42","modified_gmt":"2025-05-17T00:15:42","slug":"joyas-mayas-migrantes-el-vaso-de-los-senores-danzantes-esta-en-chicago","status":"publish","type":"post","link":"https:\/\/soymigrante.com\/revista\/joyas-mayas-migrantes-el-vaso-de-los-senores-danzantes-esta-en-chicago\/","title":{"rendered":"Joyas mayas migrantes: El vaso de los Se\u00f1ores Danzantes est\u00e1 en Chicago"},"content":{"rendered":"\t\t<div data-elementor-type=\"wp-post\" data-elementor-id=\"13480\" class=\"elementor elementor-13480\" data-elementor-post-type=\"post\">\n\t\t\t\t<div data-particle_enable=\"false\" data-particle-mobile-disabled=\"false\" class=\"elementor-element elementor-element-739c804 e-flex e-con-boxed e-con e-parent\" data-id=\"739c804\" data-element_type=\"container\" data-e-type=\"container\">\n\t\t\t\t\t<div class=\"e-con-inner\">\n\t\t\t\t<div class=\"elementor-element elementor-element-eabc7ed elementor-widget elementor-widget-heading\" data-id=\"eabc7ed\" data-element_type=\"widget\" data-e-type=\"widget\" data-widget_type=\"heading.default\">\n\t\t\t\t\t<h2 class=\"elementor-heading-title elementor-size-default\"><span style=\"font-size: 31.2px\">Este deslumbrante vaso policromado del siglo 8 y proveniente del sitio Naranjo, en Pet\u00e9n, presenta a un gobernante en plenos movimientos de un baile ritual que le convierte por un momento en Dios del Ma\u00edz. Se conserva en el Art Institute of Chicago y te presentamos algo m\u00e1s de su significado.<\/span><\/h2>\t\t\t\t<\/div>\n\t\t\t\t<div class=\"elementor-element elementor-element-ab57653 elementor-widget elementor-widget-html\" data-id=\"ab57653\" data-element_type=\"widget\" data-e-type=\"widget\" data-widget_type=\"html.default\">\n\t\t\t\t\t<div id=\"buzzsprout-player-17177771\"><\/div><script src=\"https:\/\/www.buzzsprout.com\/2444168\/episodes\/17177771-vaso-danzante-del-sitio-naranjo-en-chicago-otra-joya-maya-migrante.js?container_id=buzzsprout-player-17177771&player=small\" type=\"text\/javascript\" charset=\"utf-8\"><\/script>\t\t\t\t<\/div>\n\t\t\t\t\t<\/div>\n\t\t\t\t<\/div>\n\t\t<div data-particle_enable=\"false\" data-particle-mobile-disabled=\"false\" class=\"elementor-element elementor-element-5250a85 e-flex e-con-boxed e-con e-parent\" data-id=\"5250a85\" data-element_type=\"container\" data-e-type=\"container\">\n\t\t\t\t\t<div class=\"e-con-inner\">\n\t\t\t\t<div class=\"elementor-element elementor-element-4541910 elementor-widget elementor-widget-text-editor\" data-id=\"4541910\" data-element_type=\"widget\" data-e-type=\"widget\" data-widget_type=\"text-editor.default\">\n\t\t\t\t\t\t\t\t\t<p>Es uno de los m\u00e1s impresionantes vasos mayas porque tiene movimiento, como si se tratara de &#8220;fotograf\u00edas&#8221;, que tienen similitudes y diferencias para exhibir una secuencia de pasos efectuados por un gobernante durante una ceremonia que le transforma en Dios del Ma\u00edz.<\/p><p>Este vaso, proveniente del sitio Naranjo, en Pet\u00e9n, se encuentra cuidadosamente conservado en el Art Institute of Chicago.\u00a0<span style=\"font-family: Roboto, sans-serif; font-size: 16px; font-style: normal; font-variant-ligatures: normal; font-variant-caps: normal; font-weight: 400; color: var( --e-global-color-text ); text-align: var(--text-align);\">&#8220;Esta vasija del per\u00edodo Cl\u00e1sico Tard\u00edo (600-800) representa a un gobernante maya vestido como el dios del ma\u00edz en tres paneles casi id\u00e9nticos. En su espalda, el gobernante lleva un enorme cors\u00e9 que contiene plumas brillantes&#8221;,<a href=\"https:\/\/www.artic.edu\/artworks\/65290\/vessel-of-the-dancing-lords\"> se\u00f1ala la ficha de dicha instituci\u00f3n.<\/a><\/span><\/p><p><span style=\"color: var( --e-global-color-text ); text-align: var(--text-align);\">Dicho ritual evoca el momento en que los cuatro grandes dioses lograron crear a los seres humanos a base de masa de ma\u00edz, el sustento de la vida.<\/span><\/p><p>\u00a0<\/p>\t\t\t\t\t\t\t\t<\/div>\n\t\t\t\t\t<\/div>\n\t\t\t\t<\/div>\n\t\t<div data-particle_enable=\"false\" data-particle-mobile-disabled=\"false\" class=\"elementor-element elementor-element-7367321 e-flex e-con-boxed e-con e-parent\" data-id=\"7367321\" data-element_type=\"container\" data-e-type=\"container\">\n\t\t\t\t\t<div class=\"e-con-inner\">\n\t\t\t\t<div class=\"elementor-element elementor-element-69c923a elementor-arrows-position-inside elementor-pagination-position-outside elementor-widget elementor-widget-image-carousel\" data-id=\"69c923a\" data-element_type=\"widget\" data-e-type=\"widget\" data-settings=\"{&quot;slides_to_show&quot;:&quot;1&quot;,&quot;navigation&quot;:&quot;both&quot;,&quot;autoplay&quot;:&quot;yes&quot;,&quot;pause_on_hover&quot;:&quot;yes&quot;,&quot;pause_on_interaction&quot;:&quot;yes&quot;,&quot;autoplay_speed&quot;:5000,&quot;infinite&quot;:&quot;yes&quot;,&quot;effect&quot;:&quot;slide&quot;,&quot;speed&quot;:500}\" data-widget_type=\"image-carousel.default\">\n\t\t\t\t\t\t\t<div class=\"elementor-image-carousel-wrapper swiper\" role=\"region\" aria-roledescription=\"carousel\" aria-label=\"Carrusel de im\u00e1genes\" dir=\"ltr\">\n\t\t\t<div class=\"elementor-image-carousel swiper-wrapper\" aria-live=\"off\">\n\t\t\t\t\t\t\t\t<div class=\"swiper-slide\" role=\"group\" aria-roledescription=\"slide\" aria-label=\"1 de 4\"><figure class=\"swiper-slide-inner\"><img decoding=\"async\" class=\"swiper-slide-image\" src=\"https:\/\/soymigrante.com\/revista\/wp-content\/uploads\/2024\/11\/vaso-de-los-dioses-danzantes-chicago-1-776x1024.jpg\" alt=\"Arte prehisp\u00e1nico mexica, vasija de barro con motivos iconogr\u00e1ficos, historia ind\u00edgena, cultura ancestral mexicana, restauraci\u00f3n y estudio arqueol\u00f3gico de cer\u00e1mica antigua.\" \/><figcaption class=\"elementor-image-carousel-caption\">Cer\u00e1mica mexicana decorada con motivos prehisp\u00e1nicos, resaltando la cultura ancestral mexicana, ideal para ilustrar art\u00edculos sobre historia, arte y tradiciones en SoyMigrante.com.<\/figcaption><\/figure><\/div><div class=\"swiper-slide\" role=\"group\" aria-roledescription=\"slide\" aria-label=\"2 de 4\"><figure class=\"swiper-slide-inner\"><img decoding=\"async\" class=\"swiper-slide-image\" src=\"https:\/\/soymigrante.com\/revista\/wp-content\/uploads\/2024\/11\/vaso-de-los-dioses-danzantes-chicago-3-776x1024.jpeg\" alt=\"Taza de cer\u00e1mica con arte precolombino maya, decorada con im\u00e1genes tradicionales, fragmentos rotos, cultura ind\u00edgena, historia mexicana, arte ancestral y legado cultural, en tonos terracota y beige.\" \/><figcaption class=\"elementor-image-carousel-caption\">Imagen de una taza de cer\u00e1mica antigua con decoraciones mayas, que refleja la riqueza cultural de las civilizaciones prehisp\u00e1nicas mexicanas y su legado art\u00edstico.<\/figcaption><\/figure><\/div><div class=\"swiper-slide\" role=\"group\" aria-roledescription=\"slide\" aria-label=\"3 de 4\"><figure class=\"swiper-slide-inner\"><img decoding=\"async\" class=\"swiper-slide-image\" src=\"https:\/\/soymigrante.com\/revista\/wp-content\/uploads\/2024\/11\/vaso-de-los-dioses-danzantes-chicago-2-776x1024.jpeg\" alt=\"Antigua vasija de cer\u00e1mica maya con relieves y glifos hist\u00f3ricos, representando cultura ancestral y arte prehisp\u00e1nico de M\u00e9xico y Am\u00e9rica Central.\" \/><figcaption class=\"elementor-image-carousel-caption\">Vasija maya antigua con relieves y glifos hist\u00f3ricos, ejemplo de arte prehisp\u00e1nico y cultura ancestral.<\/figcaption><\/figure><\/div><div class=\"swiper-slide\" role=\"group\" aria-roledescription=\"slide\" aria-label=\"4 de 4\"><figure class=\"swiper-slide-inner\"><img decoding=\"async\" class=\"swiper-slide-image\" src=\"https:\/\/soymigrante.com\/revista\/wp-content\/uploads\/2024\/11\/vaso-de-los-dioses-danzantes-chicago-1-1-813x1024.jpeg\" alt=\"Ancient Mexican ceramic vessel with intricate Mayan glyphs and glyphs depicting historical or mythological scenes. Perfect for exploring cultura y historia mexicana en la revista SoyMigrante.\" \/><figcaption class=\"elementor-image-carousel-caption\">Mesoamerican ceramic vessel with Mayan glyphs, ideal for cultural and historical articles in SoyMigrante.<\/figcaption><\/figure><\/div>\t\t\t<\/div>\n\t\t\t\t\t\t\t\t\t\t\t\t<div class=\"elementor-swiper-button elementor-swiper-button-prev\" role=\"button\" tabindex=\"0\">\n\t\t\t\t\t\t<i aria-hidden=\"true\" class=\"eicon-chevron-left\"><\/i>\t\t\t\t\t<\/div>\n\t\t\t\t\t<div class=\"elementor-swiper-button elementor-swiper-button-next\" role=\"button\" tabindex=\"0\">\n\t\t\t\t\t\t<i aria-hidden=\"true\" class=\"eicon-chevron-right\"><\/i>\t\t\t\t\t<\/div>\n\t\t\t\t\n\t\t\t\t\t\t\t\t\t<div class=\"swiper-pagination\"><\/div>\n\t\t\t\t\t\t\t\t\t<\/div>\n\t\t\t\t\t\t<\/div>\n\t\t\t\t\t<\/div>\n\t\t\t\t<\/div>\n\t\t<div data-particle_enable=\"false\" data-particle-mobile-disabled=\"false\" class=\"elementor-element elementor-element-dc5db0f e-flex e-con-boxed e-con e-parent\" data-id=\"dc5db0f\" data-element_type=\"container\" data-e-type=\"container\">\n\t\t\t\t\t<div class=\"e-con-inner\">\n\t\t\t\t<div class=\"elementor-element elementor-element-e7ed292 elementor-widget elementor-widget-heading\" data-id=\"e7ed292\" data-element_type=\"widget\" data-e-type=\"widget\" data-widget_type=\"heading.default\">\n\t\t\t\t\t<h3 class=\"elementor-heading-title elementor-size-default\">Significado del ma\u00edz: ciclo de vida y muerte<\/h3>\t\t\t\t<\/div>\n\t\t\t\t\t<\/div>\n\t\t\t\t<\/div>\n\t\t<div data-particle_enable=\"false\" data-particle-mobile-disabled=\"false\" class=\"elementor-element elementor-element-6949c2f e-flex e-con-boxed e-con e-parent\" data-id=\"6949c2f\" data-element_type=\"container\" data-e-type=\"container\">\n\t\t\t\t\t<div class=\"e-con-inner\">\n\t\t\t\t<div class=\"elementor-element elementor-element-4f1548d elementor-widget elementor-widget-text-editor\" data-id=\"4f1548d\" data-element_type=\"widget\" data-e-type=\"widget\" data-widget_type=\"text-editor.default\">\n\t\t\t\t\t\t\t\t\t<p><span style=\"color: var( --e-global-color-text ); text-align: var(--text-align);\">En la cosmovisi\u00f3n maya, el ma\u00edz representa ese ciclo de vida, muerte y resurrecci\u00f3n: la semilla de ma\u00edz va a la tierra, brota, produce nueva vida, m\u00e1s ma\u00edz que vuelve a sembrarse, en un ciclo interminable y por ende sagrado.<\/span><\/p><p>&#8220;Esta vasija del per\u00edodo Cl\u00e1sico Tard\u00edo (600-800) representa a un gobernante maya vestido como el dios del ma\u00edz en tres paneles casi id\u00e9nticos. En su espalda, el gobernante lleva un enorme cors\u00e9 que contiene plumas brillantes&#8221;.\u00a0<\/p><p>Es una danza en\u00e9rgica, que se refleja en los pies del gobernante. Aparece acompa\u00f1ado de una persona de baja estatura. Entre los mayas, las personas con enanismo eran vistas como seres especiales con poderosas conexiones espirituales con la tierra y el inframundo.<\/p>\t\t\t\t\t\t\t\t<\/div>\n\t\t\t\t\t<\/div>\n\t\t\t\t<\/div>\n\t\t<div data-particle_enable=\"false\" data-particle-mobile-disabled=\"false\" class=\"elementor-element elementor-element-0ae4022 e-flex e-con-boxed e-con e-parent\" data-id=\"0ae4022\" data-element_type=\"container\" data-e-type=\"container\">\n\t\t\t\t\t<div class=\"e-con-inner\">\n\t\t\t\t<div class=\"elementor-element elementor-element-312d948 elementor-widget elementor-widget-image\" data-id=\"312d948\" data-element_type=\"widget\" data-e-type=\"widget\" data-widget_type=\"image.default\">\n\t\t\t\t\t\t\t\t\t\t\t\t<figure class=\"wp-caption\">\n\t\t\t\t\t\t\t\t\t\t\t<a href=\"https:\/\/research.mayavase.com\/kerrmaya_list.php?_allSearch=dancing&#038;hold_search=&#038;x=0&#038;y=0&#038;vase_number=&#038;date_added=&#038;ms_number=&#038;site=\">\n\t\t\t\t\t\t\t<img fetchpriority=\"high\" decoding=\"async\" width=\"768\" height=\"365\" src=\"https:\/\/soymigrante.com\/revista\/wp-content\/uploads\/2024\/11\/joyas-mayas-vaso-1-1024x486.jpg\" class=\"attachment-large size-large wp-image-13508\" alt=\"Guerreros mexicas en mural antiguo, arte prehisp\u00e1nico, historia de M\u00e9xico, cultura ind\u00edgena, s\u00edmbolos mayas destacados.\" srcset=\"https:\/\/soymigrante.com\/revista\/wp-content\/uploads\/2024\/11\/joyas-mayas-vaso-1-1024x486.jpg 1024w, https:\/\/soymigrante.com\/revista\/wp-content\/uploads\/2024\/11\/joyas-mayas-vaso-1-300x142.jpg 300w, https:\/\/soymigrante.com\/revista\/wp-content\/uploads\/2024\/11\/joyas-mayas-vaso-1-768x364.jpg 768w, https:\/\/soymigrante.com\/revista\/wp-content\/uploads\/2024\/11\/joyas-mayas-vaso-1-750x356.webp 750w, https:\/\/soymigrante.com\/revista\/wp-content\/uploads\/2024\/11\/joyas-mayas-vaso-1-1140x541.webp 1140w, https:\/\/soymigrante.com\/revista\/wp-content\/uploads\/2024\/11\/joyas-mayas-vaso-1.webp 1200w\" sizes=\"(max-width: 768px) 100vw, 768px\" title=\"Fotograf\u00eda de rollo plano exhibe la escena completa del vaso de los se\u00f1ores danzantes. Imagen de Justin Kerr, fot\u00f3grafo que se dedic\u00f3 a resguardar cientos de vasos mayas. \u2013 SoyMigrante.com REVISTA\" \/>\t\t\t\t\t\t\t\t<\/a>\n\t\t\t\t\t\t\t\t\t\t\t<figcaption class=\"widget-image-caption wp-caption-text\">Mural prehisp\u00e1nico con guerreros mexicas en tonos rojos y detalles hist\u00f3ricos, reflejando la riqueza cultural y art\u00edstica de la historia ind\u00edgena mexicana.<\/figcaption>\n\t\t\t\t\t\t\t\t\t\t<\/figure>\n\t\t\t\t\t\t\t\t\t<\/div>\n\t\t\t\t\t<\/div>\n\t\t\t\t<\/div>\n\t\t<div data-particle_enable=\"false\" data-particle-mobile-disabled=\"false\" class=\"elementor-element elementor-element-9374b1d e-flex e-con-boxed e-con e-parent\" data-id=\"9374b1d\" data-element_type=\"container\" data-e-type=\"container\">\n\t\t\t\t\t<div class=\"e-con-inner\">\n\t\t\t\t<div class=\"elementor-element elementor-element-3c9212b elementor-widget elementor-widget-text-editor\" data-id=\"3c9212b\" data-element_type=\"widget\" data-e-type=\"widget\" data-widget_type=\"text-editor.default\">\n\t\t\t\t\t\t\t\t\t<p><span style=\"color: var( --e-global-color-text ); text-align: var(--text-align);\">El vaso parece representar un ritual en el cual los enanos ayudan al alma de un difundo a pasar al reino de los muertos, donde renacer\u00e1 en el linaje real, as\u00ed como el ma\u00edz.\u00a0<\/span><\/p><p><span style=\"color: var( --e-global-color-text ); text-align: var(--text-align);\">El vaso del Se\u00f1or Danzante parece haber sido pintado como ofrenda funeraria para una mujer noble con conexiones din\u00e1sticas en la ciudad de Naranjo, donde fue realizado por un artista que es de los pocos creadores prehisp\u00e1nicos que se conoce su nombre: Ah Waxam.<\/span><\/p>\t\t\t\t\t\t\t\t<\/div>\n\t\t\t\t\t<\/div>\n\t\t\t\t<\/div>\n\t\t<div data-particle_enable=\"false\" data-particle-mobile-disabled=\"false\" class=\"elementor-element elementor-element-b9e189b e-flex e-con-boxed e-con e-parent\" data-id=\"b9e189b\" data-element_type=\"container\" data-e-type=\"container\">\n\t\t\t\t\t<div class=\"e-con-inner\">\n\t\t\t\t<div class=\"elementor-element elementor-element-32cc8cf elementor-widget elementor-widget-image\" data-id=\"32cc8cf\" data-element_type=\"widget\" data-e-type=\"widget\" data-widget_type=\"image.default\">\n\t\t\t\t\t\t\t\t\t\t\t\t<figure class=\"wp-caption\">\n\t\t\t\t\t\t\t\t\t\t<img decoding=\"async\" width=\"768\" height=\"485\" src=\"https:\/\/soymigrante.com\/revista\/wp-content\/uploads\/2024\/11\/sitio-naranjo-1024x647.jpg\" class=\"attachment-large size-large wp-image-13530\" alt=\"M\u00e9xico en un mapa con ruta migratoria resaltada hacia EE. UU. y enfoque en comunidades migrantes en la frontera.\" srcset=\"https:\/\/soymigrante.com\/revista\/wp-content\/uploads\/2024\/11\/sitio-naranjo-1024x647.jpg 1024w, https:\/\/soymigrante.com\/revista\/wp-content\/uploads\/2024\/11\/sitio-naranjo-300x190.jpg 300w, https:\/\/soymigrante.com\/revista\/wp-content\/uploads\/2024\/11\/sitio-naranjo-768x486.jpg 768w, https:\/\/soymigrante.com\/revista\/wp-content\/uploads\/2024\/11\/sitio-naranjo-750x474.webp 750w, https:\/\/soymigrante.com\/revista\/wp-content\/uploads\/2024\/11\/sitio-naranjo-1140x721.webp 1140w, https:\/\/soymigrante.com\/revista\/wp-content\/uploads\/2024\/11\/sitio-naranjo.webp 1300w\" sizes=\"(max-width: 768px) 100vw, 768px\" title=\"Mapa del departamento de Pet\u00e9n con varios sitios arqueol\u00f3gicos mayas marcados.  La flecha y el punto de color marcan la ubicaci\u00f3n del sitio Naranjo, de donde proviene el Vaso de los Se\u00f1ores Danzantes. Aproximadamente siglo 8 de nuestra era. \u2013 SoyMigrante.com REVISTA\" \/>\t\t\t\t\t\t\t\t\t\t\t<figcaption class=\"widget-image-caption wp-caption-text\">Mapa de migraci\u00f3n en M\u00e9xico, destacando las rutas y comunidades migrantes hacia Estados Unidos. Informaci\u00f3n relevante de migrantes en la regi\u00f3n.<\/figcaption>\n\t\t\t\t\t\t\t\t\t\t<\/figure>\n\t\t\t\t\t\t\t\t\t<\/div>\n\t\t\t\t\t<\/div>\n\t\t\t\t<\/div>\n\t\t<div data-particle_enable=\"false\" data-particle-mobile-disabled=\"false\" class=\"elementor-element elementor-element-00fb0d9 e-flex e-con-boxed e-con e-parent\" data-id=\"00fb0d9\" data-element_type=\"container\" data-e-type=\"container\">\n\t\t\t\t\t<div class=\"e-con-inner\">\n\t\t\t\t<div class=\"elementor-element elementor-element-8fa79d9 elementor-widget elementor-widget-heading\" data-id=\"8fa79d9\" data-element_type=\"widget\" data-e-type=\"widget\" data-widget_type=\"heading.default\">\n\t\t\t\t\t<h3 class=\"elementor-heading-title elementor-size-default\">MIra de cerca detalles de  este impresionante vaso<\/h3>\t\t\t\t<\/div>\n\t\t\t\t\t<\/div>\n\t\t\t\t<\/div>\n\t\t<div data-particle_enable=\"false\" data-particle-mobile-disabled=\"false\" class=\"elementor-element elementor-element-3808487 e-flex e-con-boxed e-con e-parent\" data-id=\"3808487\" data-element_type=\"container\" data-e-type=\"container\">\n\t\t\t\t\t<div class=\"e-con-inner\">\n\t\t\t\t<div class=\"elementor-element elementor-element-2c1b7d3 elementor-invisible elementor-widget elementor-widget-image\" data-id=\"2c1b7d3\" data-element_type=\"widget\" data-e-type=\"widget\" data-settings=\"{&quot;_animation&quot;:&quot;fadeInLeft&quot;}\" data-widget_type=\"image.default\">\n\t\t\t\t\t\t\t\t\t\t\t\t\t\t\t<img decoding=\"async\" width=\"768\" height=\"473\" src=\"https:\/\/soymigrante.com\/revista\/wp-content\/uploads\/2024\/11\/joyas-mayas-vaso-7-1024x630.jpg\" class=\"attachment-large size-large wp-image-13521\" alt=\"Arte rupestre prehisp\u00e1nico en M\u00e9xico, grabados en piedra que reflejan cultura ancestral y tradiciones ind\u00edgenas. Patrimonio cultural de M\u00e9xico, importante historia y arte ind\u00edgena.\" srcset=\"https:\/\/soymigrante.com\/revista\/wp-content\/uploads\/2024\/11\/joyas-mayas-vaso-7-1024x630.jpg 1024w, https:\/\/soymigrante.com\/revista\/wp-content\/uploads\/2024\/11\/joyas-mayas-vaso-7-300x184.jpg 300w, https:\/\/soymigrante.com\/revista\/wp-content\/uploads\/2024\/11\/joyas-mayas-vaso-7-768x472.jpg 768w, https:\/\/soymigrante.com\/revista\/wp-content\/uploads\/2024\/11\/joyas-mayas-vaso-7-750x461.webp 750w, https:\/\/soymigrante.com\/revista\/wp-content\/uploads\/2024\/11\/joyas-mayas-vaso-7-1140x701.webp 1140w, https:\/\/soymigrante.com\/revista\/wp-content\/uploads\/2024\/11\/joyas-mayas-vaso-7.webp 1272w\" sizes=\"(max-width: 768px) 100vw, 768px\" title=\"joyas mayas vaso 7 \u2013 SoyMigrante.com REVISTA\" \/>\t\t\t\t\t\t\t\t\t\t\t\t\t\t\t<\/div>\n\t\t\t\t\t<\/div>\n\t\t\t\t<\/div>\n\t\t<div data-particle_enable=\"false\" data-particle-mobile-disabled=\"false\" class=\"elementor-element elementor-element-9bb7141 e-flex e-con-boxed e-con e-parent\" data-id=\"9bb7141\" data-element_type=\"container\" data-e-type=\"container\">\n\t\t\t\t\t<div class=\"e-con-inner\">\n\t\t\t\t<div class=\"elementor-element elementor-element-501125c elementor-widget elementor-widget-text-editor\" data-id=\"501125c\" data-element_type=\"widget\" data-e-type=\"widget\" data-widget_type=\"text-editor.default\">\n\t\t\t\t\t\t\t\t\t<p><span style=\"color: var( --e-global-color-text ); text-align: var(--text-align);\">Aunque no se conoce el significado preciso de los gestos con las manos, su repetici\u00f3n frecuente y constante en el arte maya es una demostraci\u00f3n de su importancia.\u00a0<\/span><\/p>\t\t\t\t\t\t\t\t<\/div>\n\t\t\t\t\t<\/div>\n\t\t\t\t<\/div>\n\t\t<div data-particle_enable=\"false\" data-particle-mobile-disabled=\"false\" class=\"elementor-element elementor-element-1897709 e-flex e-con-boxed e-con e-parent\" data-id=\"1897709\" data-element_type=\"container\" data-e-type=\"container\">\n\t\t\t\t\t<div class=\"e-con-inner\">\n\t\t\t\t<div class=\"elementor-element elementor-element-af1f952 elementor-invisible elementor-widget elementor-widget-image\" data-id=\"af1f952\" data-element_type=\"widget\" data-e-type=\"widget\" data-settings=\"{&quot;_animation&quot;:&quot;fadeInRight&quot;}\" data-widget_type=\"image.default\">\n\t\t\t\t\t\t\t\t\t\t\t\t\t\t\t<img loading=\"lazy\" decoding=\"async\" width=\"766\" height=\"762\" src=\"https:\/\/soymigrante.com\/revista\/wp-content\/uploads\/2024\/11\/joyas-mayas-vaso-9-1.webp\" class=\"attachment-large size-large wp-image-13523\" alt=\"Arte prehisp\u00e1nica mexicana en cer\u00e1mica, con detalles de figuras y s\u00edmbolos antiguos, exhibida en la revista SoyMigrante.com REVISTA, resaltando cultura, historia y migraci\u00f3n en M\u00e9xico.\" srcset=\"https:\/\/soymigrante.com\/revista\/wp-content\/uploads\/2024\/11\/joyas-mayas-vaso-9-1.webp 766w, https:\/\/soymigrante.com\/revista\/wp-content\/uploads\/2024\/11\/joyas-mayas-vaso-9-1-300x298.jpg 300w, https:\/\/soymigrante.com\/revista\/wp-content\/uploads\/2024\/11\/joyas-mayas-vaso-9-1-150x150.jpg 150w, https:\/\/soymigrante.com\/revista\/wp-content\/uploads\/2024\/11\/joyas-mayas-vaso-9-1-75x75.webp 75w, https:\/\/soymigrante.com\/revista\/wp-content\/uploads\/2024\/11\/joyas-mayas-vaso-9-1-750x746.webp 750w\" sizes=\"(max-width: 766px) 100vw, 766px\" title=\"joyas mayas vaso 9 \u2013 SoyMigrante.com REVISTA\" \/>\t\t\t\t\t\t\t\t\t\t\t\t\t\t\t<\/div>\n\t\t\t\t\t<\/div>\n\t\t\t\t<\/div>\n\t\t<div data-particle_enable=\"false\" data-particle-mobile-disabled=\"false\" class=\"elementor-element elementor-element-cd7d016 e-flex e-con-boxed e-con e-parent\" data-id=\"cd7d016\" data-element_type=\"container\" data-e-type=\"container\">\n\t\t\t\t\t<div class=\"e-con-inner\">\n\t\t\t\t<div class=\"elementor-element elementor-element-8d99733 elementor-widget elementor-widget-text-editor\" data-id=\"8d99733\" data-element_type=\"widget\" data-e-type=\"widget\" data-widget_type=\"text-editor.default\">\n\t\t\t\t\t\t\t\t\t<p><span style=\"color: var( --e-global-color-text ); text-align: var(--text-align);\">El rey est\u00e1 ataviado con joyas de jade (\u201caliento\u201d, \u201cesp\u00edritu\u201d): collar de cuentas, orejeras, bandas en los brazos y las rodillas, y pulseras y tobillos con cuentas.<\/span><\/p><p>\u00a0<\/p>\t\t\t\t\t\t\t\t<\/div>\n\t\t\t\t\t<\/div>\n\t\t\t\t<\/div>\n\t\t<div data-particle_enable=\"false\" data-particle-mobile-disabled=\"false\" class=\"elementor-element elementor-element-c1da5ff e-flex e-con-boxed e-con e-parent\" data-id=\"c1da5ff\" data-element_type=\"container\" data-e-type=\"container\">\n\t\t\t\t\t<div class=\"e-con-inner\">\n\t\t\t\t<div class=\"elementor-element elementor-element-f3fffe2 elementor-invisible elementor-widget elementor-widget-image\" data-id=\"f3fffe2\" data-element_type=\"widget\" data-e-type=\"widget\" data-settings=\"{&quot;_animation&quot;:&quot;fadeInUp&quot;}\" data-widget_type=\"image.default\">\n\t\t\t\t\t\t\t\t\t\t\t\t\t\t\t<img loading=\"lazy\" decoding=\"async\" width=\"768\" height=\"509\" src=\"https:\/\/soymigrante.com\/revista\/wp-content\/uploads\/2024\/11\/joyas-mayas-vaso-6.webp\" class=\"attachment-large size-large wp-image-13520\" alt=\"Huellas de arte precolombino en cer\u00e1mica mexicana, destacando s\u00edmbolos y dise\u00f1os culturales ancestrales de la historia ind\u00edgena de M\u00e9xico.\" srcset=\"https:\/\/soymigrante.com\/revista\/wp-content\/uploads\/2024\/11\/joyas-mayas-vaso-6.webp 885w, https:\/\/soymigrante.com\/revista\/wp-content\/uploads\/2024\/11\/joyas-mayas-vaso-6-300x199.jpg 300w, https:\/\/soymigrante.com\/revista\/wp-content\/uploads\/2024\/11\/joyas-mayas-vaso-6-768x509.jpg 768w, https:\/\/soymigrante.com\/revista\/wp-content\/uploads\/2024\/11\/joyas-mayas-vaso-6-750x497.webp 750w\" sizes=\"(max-width: 768px) 100vw, 768px\" title=\"joyas mayas vaso 6 \u2013 SoyMigrante.com REVISTA\" \/>\t\t\t\t\t\t\t\t\t\t\t\t\t\t\t<\/div>\n\t\t\t\t\t<\/div>\n\t\t\t\t<\/div>\n\t\t<div data-particle_enable=\"false\" data-particle-mobile-disabled=\"false\" class=\"elementor-element elementor-element-393452d e-flex e-con-boxed e-con e-parent\" data-id=\"393452d\" data-element_type=\"container\" data-e-type=\"container\">\n\t\t\t\t\t<div class=\"e-con-inner\">\n\t\t\t\t<div class=\"elementor-element elementor-element-c930b6a elementor-widget elementor-widget-text-editor\" data-id=\"c930b6a\" data-element_type=\"widget\" data-e-type=\"widget\" data-widget_type=\"text-editor.default\">\n\t\t\t\t\t\t\t\t\t<p><span style=\"color: var( --e-global-color-text ); text-align: var(--text-align);\">Su tocado est\u00e1 formado por plumas de quetzal iridiscentes, cuyo color azul verdoso simboliza el agua, la vida y el cielo. La presencia de otros seres o animales evoca sucesos c\u00f3smicos acontecidos en otro tiempo, pero que el gobernante convertido en Dios del Ma\u00edz puede visualizar.<\/span><\/p>\t\t\t\t\t\t\t\t<\/div>\n\t\t\t\t\t<\/div>\n\t\t\t\t<\/div>\n\t\t<div data-particle_enable=\"false\" data-particle-mobile-disabled=\"false\" class=\"elementor-element elementor-element-370542d e-flex e-con-boxed e-con e-parent\" data-id=\"370542d\" data-element_type=\"container\" data-e-type=\"container\">\n\t\t\t\t\t<div class=\"e-con-inner\">\n\t\t\t\t<div class=\"elementor-element elementor-element-aad4012 elementor-invisible elementor-widget elementor-widget-image\" data-id=\"aad4012\" data-element_type=\"widget\" data-e-type=\"widget\" data-settings=\"{&quot;_animation&quot;:&quot;swing&quot;}\" data-widget_type=\"image.default\">\n\t\t\t\t\t\t\t\t\t\t\t\t\t\t\t<img loading=\"lazy\" decoding=\"async\" width=\"768\" height=\"554\" src=\"https:\/\/soymigrante.com\/revista\/wp-content\/uploads\/2024\/11\/joyas-mayas-vaso-5-1024x739.jpg\" class=\"attachment-large size-large wp-image-13519\" alt=\"V\u00e9lez y compa\u00f1ero en una mural de la revista SoyMigrante.com, destacando la cultura migrante y el arte en comunidades migrantes.\" srcset=\"https:\/\/soymigrante.com\/revista\/wp-content\/uploads\/2024\/11\/joyas-mayas-vaso-5-1024x739.jpg 1024w, https:\/\/soymigrante.com\/revista\/wp-content\/uploads\/2024\/11\/joyas-mayas-vaso-5-300x216.jpg 300w, https:\/\/soymigrante.com\/revista\/wp-content\/uploads\/2024\/11\/joyas-mayas-vaso-5-768x554.jpg 768w, https:\/\/soymigrante.com\/revista\/wp-content\/uploads\/2024\/11\/joyas-mayas-vaso-5-120x86.webp 120w, https:\/\/soymigrante.com\/revista\/wp-content\/uploads\/2024\/11\/joyas-mayas-vaso-5-750x541.webp 750w, https:\/\/soymigrante.com\/revista\/wp-content\/uploads\/2024\/11\/joyas-mayas-vaso-5.webp 1117w\" sizes=\"(max-width: 768px) 100vw, 768px\" title=\"joyas mayas vaso 5 \u2013 SoyMigrante.com REVISTA\" \/>\t\t\t\t\t\t\t\t\t\t\t\t\t\t\t<\/div>\n\t\t\t\t\t<\/div>\n\t\t\t\t<\/div>\n\t\t<div data-particle_enable=\"false\" data-particle-mobile-disabled=\"false\" class=\"elementor-element elementor-element-06bf14d e-flex e-con-boxed e-con e-parent\" data-id=\"06bf14d\" data-element_type=\"container\" data-e-type=\"container\">\n\t\t\t\t\t<div class=\"e-con-inner\">\n\t\t\t\t<div class=\"elementor-element elementor-element-60de203 elementor-widget elementor-widget-text-editor\" data-id=\"60de203\" data-element_type=\"widget\" data-e-type=\"widget\" data-widget_type=\"text-editor.default\">\n\t\t\t\t\t\t\t\t\t<p><span style=\"color: var( --e-global-color-text ); text-align: var(--text-align);\">Su tal\u00f3n elevado y los largos extremos exteriores de su taparrabos indican un movimiento vigoroso, replicando las estrellas que \u201cbailan\u201d en c\u00edrculos alrededor de la Estrella del Norte, a veces llamada \u201cCoraz\u00f3n del Cielo\u201d.\u00a0<\/span><\/p>\t\t\t\t\t\t\t\t<\/div>\n\t\t\t\t\t<\/div>\n\t\t\t\t<\/div>\n\t\t<div data-particle_enable=\"false\" data-particle-mobile-disabled=\"false\" class=\"elementor-element elementor-element-8bf2146 e-flex e-con-boxed e-con e-parent\" data-id=\"8bf2146\" data-element_type=\"container\" data-e-type=\"container\">\n\t\t\t\t\t<div class=\"e-con-inner\">\n\t\t\t\t<div class=\"elementor-element elementor-element-6566b47 elementor-invisible elementor-widget elementor-widget-image\" data-id=\"6566b47\" data-element_type=\"widget\" data-e-type=\"widget\" data-settings=\"{&quot;_animation&quot;:&quot;fadeInRight&quot;}\" data-widget_type=\"image.default\">\n\t\t\t\t\t\t\t\t\t\t\t\t\t\t\t<img loading=\"lazy\" decoding=\"async\" width=\"768\" height=\"514\" src=\"https:\/\/soymigrante.com\/revista\/wp-content\/uploads\/2024\/11\/joyas-mayas-vaso-8-1.webp\" class=\"attachment-large size-large wp-image-13524\" alt=\"Frescos prehisp\u00e1nicos en M\u00e9xico, historia aut\u00e9ntica y patrimonio cultural, muestran escenas ancestrales y rituales antiguos en un arte rupestre lleno de simbolismo y significado hist\u00f3rico.\" srcset=\"https:\/\/soymigrante.com\/revista\/wp-content\/uploads\/2024\/11\/joyas-mayas-vaso-8-1.webp 818w, https:\/\/soymigrante.com\/revista\/wp-content\/uploads\/2024\/11\/joyas-mayas-vaso-8-1-300x201.jpg 300w, https:\/\/soymigrante.com\/revista\/wp-content\/uploads\/2024\/11\/joyas-mayas-vaso-8-1-768x514.jpg 768w, https:\/\/soymigrante.com\/revista\/wp-content\/uploads\/2024\/11\/joyas-mayas-vaso-8-1-750x502.webp 750w\" sizes=\"(max-width: 768px) 100vw, 768px\" title=\"joyas mayas vaso 8 \u2013 SoyMigrante.com REVISTA\" \/>\t\t\t\t\t\t\t\t\t\t\t\t\t\t\t<\/div>\n\t\t\t\t\t<\/div>\n\t\t\t\t<\/div>\n\t\t<div data-particle_enable=\"false\" data-particle-mobile-disabled=\"false\" class=\"elementor-element elementor-element-c8003c9 e-flex e-con-boxed e-con e-parent\" data-id=\"c8003c9\" data-element_type=\"container\" data-e-type=\"container\">\n\t\t\t\t\t<div class=\"e-con-inner\">\n\t\t\t\t<div class=\"elementor-element elementor-element-b099206 elementor-widget elementor-widget-text-editor\" data-id=\"b099206\" data-element_type=\"widget\" data-e-type=\"widget\" data-widget_type=\"text-editor.default\">\n\t\t\t\t\t\t\t\t\t<p><span style=\"color: var( --e-global-color-text ); text-align: var(--text-align);\">Las personas de baja estatura eran consideradas compa\u00f1eros de confianza. Se ha sugerido que representan la mazorca de ma\u00edz rechoncha que se formaba en el mismo tallo que la mazorca dominante. La l\u00ednea sobre su nariz indica el habla: eran consejeros.\u00a0<\/span><\/p>\t\t\t\t\t\t\t\t<\/div>\n\t\t\t\t\t<\/div>\n\t\t\t\t<\/div>\n\t\t<div data-particle_enable=\"false\" data-particle-mobile-disabled=\"false\" class=\"elementor-element elementor-element-2b877af e-flex e-con-boxed e-con e-parent\" data-id=\"2b877af\" data-element_type=\"container\" data-e-type=\"container\">\n\t\t\t\t\t<div class=\"e-con-inner\">\n\t\t\t\t<div class=\"elementor-element elementor-element-b3ec771 elementor-invisible elementor-widget elementor-widget-image\" data-id=\"b3ec771\" data-element_type=\"widget\" data-e-type=\"widget\" data-settings=\"{&quot;_animation&quot;:&quot;rotateIn&quot;}\" data-widget_type=\"image.default\">\n\t\t\t\t\t\t\t\t\t\t\t\t\t\t\t<img loading=\"lazy\" decoding=\"async\" width=\"768\" height=\"523\" src=\"https:\/\/soymigrante.com\/revista\/wp-content\/uploads\/2024\/11\/joyas-mayas-vaso-4-1.webp\" class=\"attachment-large size-large wp-image-13525\" alt=\"Antiguo arte prehisp\u00e1nico en cer\u00e1mica mexicana, detallado en tonos rojos y blancos con patrones geom\u00e9tricos y s\u00edmbolos ancestrales.\" srcset=\"https:\/\/soymigrante.com\/revista\/wp-content\/uploads\/2024\/11\/joyas-mayas-vaso-4-1.webp 967w, https:\/\/soymigrante.com\/revista\/wp-content\/uploads\/2024\/11\/joyas-mayas-vaso-4-1-300x204.jpg 300w, https:\/\/soymigrante.com\/revista\/wp-content\/uploads\/2024\/11\/joyas-mayas-vaso-4-1-768x523.jpg 768w, https:\/\/soymigrante.com\/revista\/wp-content\/uploads\/2024\/11\/joyas-mayas-vaso-4-1-750x510.webp 750w\" sizes=\"(max-width: 768px) 100vw, 768px\" title=\"joyas mayas vaso 4 \u2013 SoyMigrante.com REVISTA\" \/>\t\t\t\t\t\t\t\t\t\t\t\t\t\t\t<\/div>\n\t\t\t\t\t<\/div>\n\t\t\t\t<\/div>\n\t\t<div data-particle_enable=\"false\" data-particle-mobile-disabled=\"false\" class=\"elementor-element elementor-element-6ff4b47 e-flex e-con-boxed e-con e-parent\" data-id=\"6ff4b47\" data-element_type=\"container\" data-e-type=\"container\">\n\t\t\t\t\t<div class=\"e-con-inner\">\n\t\t\t\t<div class=\"elementor-element elementor-element-c7053f3 elementor-widget elementor-widget-text-editor\" data-id=\"c7053f3\" data-element_type=\"widget\" data-e-type=\"widget\" data-widget_type=\"text-editor.default\">\n\t\t\t\t\t\t\t\t\t<p><span style=\"color: var( --e-global-color-text ); text-align: var(--text-align);\">El conjunto del cintur\u00f3n consiste en una gran concha de Spondylus (ostra espinosa) <a href=\"https:\/\/soymigrante.com\/revista\/joyas-mayas-migrantes-incensario-con-antepasado-y-concha-marina-en-baltimore\/\">un s\u00edmbolo relacionado con el inframundo que se ha visto en otras piezas<\/a>. Hay tres estrellas en ella que indican la constelaci\u00f3n de Ori\u00f3n, que marca las tres piedras de hogar c\u00f3smicas y el lugar de la divisi\u00f3n (nacimiento) en el caparaz\u00f3n de tortuga m\u00edtico de donde surgi\u00f3 el dios del ma\u00edz, renacido del inframundo.\u00a0<\/span><\/p><p><span style=\"color: var( --e-global-color-text ); text-align: var(--text-align);\">Cada elemento alrededor: rostros, s\u00edmbolos, plumas figuras de animales, hacen referencia a eventos c\u00f3smicos asociados con el dios despu\u00e9s de su resurrecci\u00f3n.\u00a0<\/span><\/p>\t\t\t\t\t\t\t\t<\/div>\n\t\t\t\t\t<\/div>\n\t\t\t\t<\/div>\n\t\t<div data-particle_enable=\"false\" data-particle-mobile-disabled=\"false\" class=\"elementor-element elementor-element-65d4d05 e-flex e-con-boxed e-con e-parent\" data-id=\"65d4d05\" data-element_type=\"container\" data-e-type=\"container\">\n\t\t\t\t\t<div class=\"e-con-inner\">\n\t\t\t\t<div class=\"elementor-element elementor-element-1fcf78b elementor-widget elementor-widget-video\" data-id=\"1fcf78b\" data-element_type=\"widget\" data-e-type=\"widget\" data-settings=\"{&quot;youtube_url&quot;:&quot;https:\\\/\\\/www.youtube.com\\\/watch?v=sdQblVx9uO8&quot;,&quot;video_type&quot;:&quot;youtube&quot;,&quot;controls&quot;:&quot;yes&quot;}\" data-widget_type=\"video.default\">\n\t\t\t\t\t\t\t<div class=\"elementor-wrapper elementor-open-inline\">\n\t\t\t<div class=\"elementor-video\"><\/div>\t\t<\/div>\n\t\t\t\t\t\t<\/div>\n\t\t\t\t\t<\/div>\n\t\t\t\t<\/div>\n\t\t<div data-particle_enable=\"false\" data-particle-mobile-disabled=\"false\" class=\"elementor-element elementor-element-e14bcea e-flex e-con-boxed e-con e-parent\" data-id=\"e14bcea\" data-element_type=\"container\" data-e-type=\"container\">\n\t\t\t\t\t<div class=\"e-con-inner\">\n\t\t\t\t<div class=\"elementor-element elementor-element-6a70460 elementor-widget elementor-widget-heading\" data-id=\"6a70460\" data-element_type=\"widget\" data-e-type=\"widget\" data-widget_type=\"heading.default\">\n\t\t\t\t\t<h2 class=\"elementor-heading-title elementor-size-default\">La riqueza prehisp\u00e1nica guatemalteca nunca deja de impresionar<\/h2>\t\t\t\t<\/div>\n\t\t\t\t\t<\/div>\n\t\t\t\t<\/div>\n\t\t<div data-particle_enable=\"false\" data-particle-mobile-disabled=\"false\" class=\"elementor-element elementor-element-b016eba e-flex e-con-boxed e-con e-parent\" data-id=\"b016eba\" data-element_type=\"container\" data-e-type=\"container\">\n\t\t\t\t\t<div class=\"e-con-inner\">\n\t\t\t\t<div class=\"elementor-element elementor-element-9f04544 elementor-grid-eael-col-3 elementor-grid-tablet-eael-col-2 elementor-grid-mobile-eael-col-1 elementor-widget elementor-widget-eael-post-grid\" data-id=\"9f04544\" data-element_type=\"widget\" data-e-type=\"widget\" data-settings=\"{&quot;eael_post_grid_columns&quot;:&quot;eael-col-3&quot;,&quot;eael_post_grid_columns_tablet&quot;:&quot;eael-col-2&quot;,&quot;eael_post_grid_columns_mobile&quot;:&quot;eael-col-1&quot;}\" data-widget_type=\"eael-post-grid.default\">\n\t\t\t\t\t<div id=\"eael-post-grid-9f04544\" class=\"eael-post-grid-container\">\n            <div class=\"eael-post-grid eael-post-appender eael-post-appender-9f04544 eael-post-grid-style-one\" data-layout-mode=\"masonry\"><article class=\"eael-grid-post  eael-post-grid-column eael-pg-post-10289 category-guate-nuestra\" data-id=\"10289\">\n        <div class=\"eael-grid-post-holder\">\n            <div class=\"eael-grid-post-holder-inner\"><div class=\"eael-entry-media\"><div class=\"eael-entry-overlay fade-in\"><i class=\"far fa-hand-pointer\" aria-hidden=\"true\"><\/i><a href=\"https:\/\/soymigrante.com\/revista\/10-datos-de-la-laguna-yaxha-que-quizas-no-conocias\/\"><\/a><\/div><div class=\"eael-entry-thumbnail \">\n                <img loading=\"lazy\" decoding=\"async\" width=\"1024\" height=\"1024\" src=\"https:\/\/soymigrante.com\/revista\/wp-content\/uploads\/2024\/10\/laguna-Yxha-3-scaled-e1728665754729-1024x1024.webp\" class=\"attachment-large size-large wp-image-10290\" alt=\"Atardecer en un r\u00edo con cielo nublado y c\u00e1lidos tonos dorados, reflejados en el agua, representando la belleza natural y la tranquilidad del paisaje.\" srcset=\"https:\/\/soymigrante.com\/revista\/wp-content\/uploads\/2024\/10\/laguna-Yxha-3-scaled-e1728665754729-1024x1024.webp 1024w, https:\/\/soymigrante.com\/revista\/wp-content\/uploads\/2024\/10\/laguna-Yxha-3-scaled-e1728665754729-300x300.webp 300w, https:\/\/soymigrante.com\/revista\/wp-content\/uploads\/2024\/10\/laguna-Yxha-3-scaled-e1728665754729-150x150.webp 150w, https:\/\/soymigrante.com\/revista\/wp-content\/uploads\/2024\/10\/laguna-Yxha-3-scaled-e1728665754729-768x768.webp 768w, https:\/\/soymigrante.com\/revista\/wp-content\/uploads\/2024\/10\/laguna-Yxha-3-scaled-e1728665754729-75x75.webp 75w, https:\/\/soymigrante.com\/revista\/wp-content\/uploads\/2024\/10\/laguna-Yxha-3-scaled-e1728665754729-750x750.webp 750w, https:\/\/soymigrante.com\/revista\/wp-content\/uploads\/2024\/10\/laguna-Yxha-3-scaled-e1728665754729.webp 1075w\" sizes=\"(max-width: 1024px) 100vw, 1024px\" \/>\n            <\/div>\n        <\/div><div class=\"eael-entry-wrapper\"><header class=\"eael-entry-header\"><h2 class=\"eael-entry-title\"><a class=\"eael-grid-post-link\" href=\"https:\/\/soymigrante.com\/revista\/10-datos-de-la-laguna-yaxha-que-quizas-no-conocias\/\" title=\"10 datos de la admirada Laguna Yaxh\u00e1 en Pet\u00e9n que quiz\u00e1s ya conoc\u00edas&#8230; (O tal vez no)\">10 datos de la admirada Laguna Yaxh\u00e1 en Pet\u00e9n que quiz\u00e1s ya conoc\u00edas&#8230; (O tal vez no)<\/a><\/h2><\/header><div class=\"eael-entry-content\">\n                        <div class=\"eael-grid-post-excerpt\"><a href=\"https:\/\/soymigrante.com\/revista\/10-datos-de-la-laguna-yaxha-que-quizas-no-conocias\/\" class=\"eael-post-elements-readmore-btn\">CONOCE SU HISTORIA <\/a><\/div>\n                    <\/div><\/div><\/div>\n        <\/div>\n    <\/article><article class=\"eael-grid-post  eael-post-grid-column eael-pg-post-10662 category-guate-nuestra\" data-id=\"10662\">\n        <div class=\"eael-grid-post-holder\">\n            <div class=\"eael-grid-post-holder-inner\"><div class=\"eael-entry-media\"><div class=\"eael-entry-overlay fade-in\"><i class=\"far fa-hand-pointer\" aria-hidden=\"true\"><\/i><a href=\"https:\/\/soymigrante.com\/revista\/dos-pilas-sitio-maya-guatemalteco-ciudades-mayas\/\"><\/a><\/div><div class=\"eael-entry-thumbnail \">\n                <img loading=\"lazy\" decoding=\"async\" width=\"1024\" height=\"768\" src=\"https:\/\/soymigrante.com\/revista\/wp-content\/uploads\/2024\/10\/Aguateca-La-ciudad-maya-fortificada-en-el-corazon-de-Peten-1-1024x768.jpeg\" class=\"attachment-large size-large wp-image-10626\" alt=\"Ancient archaeological site with stone structures in a lush jungle setting, highlighting Mayan ruins and cultural heritage for tourism and history exploration.\" srcset=\"https:\/\/soymigrante.com\/revista\/wp-content\/uploads\/2024\/10\/Aguateca-La-ciudad-maya-fortificada-en-el-corazon-de-Peten-1-1024x768.jpeg 1024w, https:\/\/soymigrante.com\/revista\/wp-content\/uploads\/2024\/10\/Aguateca-La-ciudad-maya-fortificada-en-el-corazon-de-Peten-1-300x225.webp 300w, https:\/\/soymigrante.com\/revista\/wp-content\/uploads\/2024\/10\/Aguateca-La-ciudad-maya-fortificada-en-el-corazon-de-Peten-1-768x576.jpeg 768w, https:\/\/soymigrante.com\/revista\/wp-content\/uploads\/2024\/10\/Aguateca-La-ciudad-maya-fortificada-en-el-corazon-de-Peten-1-1536x1152.jpeg 1536w, https:\/\/soymigrante.com\/revista\/wp-content\/uploads\/2024\/10\/Aguateca-La-ciudad-maya-fortificada-en-el-corazon-de-Peten-1-750x563.webp 750w, https:\/\/soymigrante.com\/revista\/wp-content\/uploads\/2024\/10\/Aguateca-La-ciudad-maya-fortificada-en-el-corazon-de-Peten-1-1140x855.jpeg 1140w, https:\/\/soymigrante.com\/revista\/wp-content\/uploads\/2024\/10\/Aguateca-La-ciudad-maya-fortificada-en-el-corazon-de-Peten-1.webp 1920w\" sizes=\"(max-width: 1024px) 100vw, 1024px\" \/>\n            <\/div>\n        <\/div><div class=\"eael-entry-wrapper\"><header class=\"eael-entry-header\"><h2 class=\"eael-entry-title\"><a class=\"eael-grid-post-link\" href=\"https:\/\/soymigrante.com\/revista\/dos-pilas-sitio-maya-guatemalteco-ciudades-mayas\/\" title=\"\u00bfHas o\u00eddo hablar de Dos Pilas? Una  ciudad maya clave en la historia\">\u00bfHas o\u00eddo hablar de Dos Pilas? Una  ciudad maya clave en la historia<\/a><\/h2><\/header><div class=\"eael-entry-content\">\n                        <div class=\"eael-grid-post-excerpt\"><a href=\"https:\/\/soymigrante.com\/revista\/dos-pilas-sitio-maya-guatemalteco-ciudades-mayas\/\" class=\"eael-post-elements-readmore-btn\">CONOCE SU HISTORIA <\/a><\/div>\n                    <\/div><\/div><\/div>\n        <\/div>\n    <\/article><article class=\"eael-grid-post  eael-post-grid-column eael-pg-post-6808 category-guate-nuestra\" data-id=\"6808\">\n        <div class=\"eael-grid-post-holder\">\n            <div class=\"eael-grid-post-holder-inner\"><div class=\"eael-entry-media\"><div class=\"eael-entry-overlay fade-in\"><i class=\"far fa-hand-pointer\" aria-hidden=\"true\"><\/i><a href=\"https:\/\/soymigrante.com\/revista\/la-danta-de-el-mirador-la-mayor-piramide-del-mundo-7-datos\/\"><\/a><\/div><div class=\"eael-entry-thumbnail \">\n                <img loading=\"lazy\" decoding=\"async\" width=\"466\" height=\"466\" src=\"https:\/\/soymigrante.com\/revista\/wp-content\/uploads\/2024\/06\/la-danta.webp\" class=\"attachment-large size-large wp-image-6810\" alt=\"Formaci\u00f3n geol\u00f3gica con formaciones destacadas en un paisaje \u00e1rido, resaltando la belleza natural y la importancia del medio ambiente en el contexto de la migraci\u00f3n y la cultura.\" srcset=\"https:\/\/soymigrante.com\/revista\/wp-content\/uploads\/2024\/06\/la-danta.webp 466w, https:\/\/soymigrante.com\/revista\/wp-content\/uploads\/2024\/06\/la-danta-300x300.webp 300w, https:\/\/soymigrante.com\/revista\/wp-content\/uploads\/2024\/06\/la-danta-150x150.webp 150w, https:\/\/soymigrante.com\/revista\/wp-content\/uploads\/2024\/06\/la-danta-75x75.webp 75w\" sizes=\"(max-width: 466px) 100vw, 466px\" \/>\n            <\/div>\n        <\/div><div class=\"eael-entry-wrapper\"><header class=\"eael-entry-header\"><h2 class=\"eael-entry-title\"><a class=\"eael-grid-post-link\" href=\"https:\/\/soymigrante.com\/revista\/la-danta-de-el-mirador-la-mayor-piramide-del-mundo-7-datos\/\" title=\"La Danta de El Mirador, la mayor pir\u00e1mide del mundo: 7 datos\">La Danta de El Mirador, la mayor pir\u00e1mide del mundo: 7 datos<\/a><\/h2><\/header><div class=\"eael-entry-content\">\n                        <div class=\"eael-grid-post-excerpt\"><a href=\"https:\/\/soymigrante.com\/revista\/la-danta-de-el-mirador-la-mayor-piramide-del-mundo-7-datos\/\" class=\"eael-post-elements-readmore-btn\">CONOCE SU HISTORIA <\/a><\/div>\n                    <\/div><\/div><\/div>\n        <\/div>\n    <\/article><\/div>\n            <div class=\"clearfix\"><\/div>\n        <\/div>\t\t\t\t<\/div>\n\t\t\t\t\t<\/div>\n\t\t\t\t<\/div>\n\t\t\t\t<\/div>\n\t\t","protected":false},"excerpt":{"rendered":"<p>Este deslumbrante vaso policromado del siglo 8 y proveniente del sitio Naranjo, en Pet\u00e9n, presenta a un gobernante en plenos movimientos de un baile ritual que le convierte por un momento en Dios del Ma\u00edz. Se conserva en el Art Institute of Chicago y te presentamos algo m\u00e1s de su significado. Es uno de los [&hellip;]<\/p>\n","protected":false},"author":7,"featured_media":13484,"comment_status":"open","ping_status":"open","sticky":false,"template":"","format":"standard","meta":{"_acf_changed":false,"_eb_attr":"","footnotes":""},"categories":[58],"tags":[134],"class_list":["post-13480","post","type-post","status-publish","format-standard","has-post-thumbnail","hentry","category-guate-nuestra","tag-joyas-mayas-migrantes"],"acf":[],"aioseo_notices":[],"aioseo_head":"\n\t\t<!-- All in One SEO Pro 4.9.6.2 - aioseo.com -->\n\t<meta name=\"description\" content=\"La gigantesca pir\u00e1mide La Danta y la antigua ciudad maya de El Mirador en Pet\u00e9n, Guatemala, son s\u00edmbolos de la magnificencia prehisp\u00e1nica: un tesoro cultural, arqueol\u00f3gico y natural que debe ser protegido y conservado. El sitio El Mirador, en el norte de Pet\u00e9n, Guatemala, se encuentra dentro de una cuenca considerada como la Cuna de Es un s\u00edmbolo de la magnificencia maya preshisp\u00e1nica. La Danta es considerada la pir\u00e1mite m\u00e1s grande del mundo, pero en El Mirador hay mucho m\u00e1s. Conoce m\u00e1s.\" \/>\n\t<meta name=\"robots\" content=\"max-snippet:-1, max-image-preview:large, max-video-preview:-1\" \/>\n\t<meta name=\"author\" content=\"Gustavo Montenegro\"\/>\n\t<link rel=\"canonical\" href=\"https:\/\/soymigrante.com\/revista\/joyas-mayas-migrantes-el-vaso-de-los-senores-danzantes-esta-en-chicago\/\" \/>\n\t<meta name=\"generator\" content=\"All in One SEO Pro (AIOSEO) 4.9.6.2\" \/>\n\n\t\t<link rel=\"preconnect\" href=\"https:\/\/fonts.googleapis.com\" crossorigin>\n<link rel=\"preconnect\" href=\"https:\/\/fonts.gstatic.com\" crossorigin>\n\t\t<meta property=\"og:locale\" content=\"es_ES\" \/>\n\t\t<meta property=\"og:site_name\" content=\"SoyMigrante.com REVISTA \u2013 Nuestra misi\u00f3n es reconocer y dignificar al migrante.\" \/>\n\t\t<meta property=\"og:type\" content=\"article\" \/>\n\t\t<meta property=\"og:title\" content=\"Joyas mayas migrantes: En Chicago, vaso de se\u00f1ores danzantes\" \/>\n\t\t<meta property=\"og:description\" content=\"Bell\u00edsimo vaso policromado del siglo 8 muestra a un gobernante maya en ritual que le transforma en Dios del Ma\u00edz. Se conserva en el Art Institute of Chicago\" \/>\n\t\t<meta property=\"og:url\" content=\"https:\/\/soymigrante.com\/revista\/joyas-mayas-migrantes-el-vaso-de-los-senores-danzantes-esta-en-chicago\/\" \/>\n\t\t<meta property=\"og:image\" content=\"https:\/\/soymigrante.com\/revista\/wp-content\/uploads\/2024\/11\/joyas-mayas-vaso-9-e1731906211690.webp\" \/>\n\t\t<meta property=\"og:image:secure_url\" content=\"https:\/\/soymigrante.com\/revista\/wp-content\/uploads\/2024\/11\/joyas-mayas-vaso-9-e1731906211690.webp\" \/>\n\t\t<meta property=\"og:image:width\" content=\"763\" \/>\n\t\t<meta property=\"og:image:height\" content=\"762\" \/>\n\t\t<meta property=\"article:published_time\" content=\"2024-11-19T02:00:00+00:00\" \/>\n\t\t<meta property=\"article:modified_time\" content=\"2025-05-17T00:15:42+00:00\" \/>\n\t\t<meta property=\"article:publisher\" content=\"https:\/\/www.facebook.com\/soymigrantecom\" \/>\n\t\t<meta name=\"twitter:card\" content=\"summary_large_image\" \/>\n\t\t<meta name=\"twitter:site\" content=\"@SoyMigrante_com\" \/>\n\t\t<meta name=\"twitter:title\" content=\"Joyas mayas migrantes: En Chicago, vaso de se\u00f1ores danzantes\" \/>\n\t\t<meta name=\"twitter:description\" content=\"Bell\u00edsimo vaso policromado del siglo 8 muestra a un gobernante maya en ritual que le transforma en Dios del Ma\u00edz. Se conserva en el Art Institute of Chicago\" \/>\n\t\t<meta name=\"twitter:creator\" content=\"@SoyMigrante_com\" \/>\n\t\t<meta name=\"twitter:image\" content=\"https:\/\/soymigrante.com\/revista\/wp-content\/uploads\/2024\/11\/joyas-mayas-vaso-9-e1731906211690.webp\" \/>\n\t\t<!-- All in One SEO Pro -->\r\n\t\t<title>Joyas mayas migrantes: En Chicago, vaso de se\u00f1ores danzantes<\/title>\n\n","aioseo_head_json":{"title":"Joyas mayas migrantes: En Chicago, vaso de se\u00f1ores danzantes","description":"Bell\u00edsimo vaso policromado del siglo 8 muestra a un gobernante maya en ritual que le transforma en Dios del Ma\u00edz. Se conserva en el Art Institute of Chicago","canonical_url":"https:\/\/soymigrante.com\/revista\/joyas-mayas-migrantes-el-vaso-de-los-senores-danzantes-esta-en-chicago\/","robots":"max-snippet:-1, max-image-preview:large, max-video-preview:-1","keywords":"","webmasterTools":{"miscellaneous":"&lt;link rel=\"preconnect\" href=\"https:\/\/fonts.googleapis.com\" crossorigin&gt;\n&lt;link rel=\"preconnect\" href=\"https:\/\/fonts.gstatic.com\" crossorigin&gt;"},"schema":null,"og:locale":"es_ES","og:site_name":"SoyMigrante.com REVISTA \u2013 Nuestra misi\u00f3n es reconocer y dignificar al migrante.","og:type":"article","og:title":"Joyas mayas migrantes: En Chicago, vaso de se\u00f1ores danzantes","og:description":"Bell\u00edsimo vaso policromado del siglo 8 muestra a un gobernante maya en ritual que le transforma en Dios del Ma\u00edz. Se conserva en el Art Institute of Chicago","og:url":"https:\/\/soymigrante.com\/revista\/joyas-mayas-migrantes-el-vaso-de-los-senores-danzantes-esta-en-chicago\/","og:image":"https:\/\/soymigrante.com\/revista\/wp-content\/uploads\/2024\/11\/joyas-mayas-vaso-9-e1731906211690.webp","og:image:secure_url":"https:\/\/soymigrante.com\/revista\/wp-content\/uploads\/2024\/11\/joyas-mayas-vaso-9-e1731906211690.webp","og:image:width":763,"og:image:height":762,"article:published_time":"2024-11-19T02:00:00+00:00","article:modified_time":"2025-05-17T00:15:42+00:00","article:publisher":"https:\/\/www.facebook.com\/soymigrantecom","twitter:card":"summary_large_image","twitter:site":"@SoyMigrante_com","twitter:title":"Joyas mayas migrantes: En Chicago, vaso de se\u00f1ores danzantes","twitter:description":"Bell\u00edsimo vaso policromado del siglo 8 muestra a un gobernante maya en ritual que le transforma en Dios del Ma\u00edz. Se conserva en el Art Institute of Chicago","twitter:creator":"@SoyMigrante_com","twitter:image":"https:\/\/soymigrante.com\/revista\/wp-content\/uploads\/2024\/11\/joyas-mayas-vaso-9-e1731906211690.webp"},"aioseo_meta_data":{"post_id":"13480","title":"Joyas mayas migrantes: En Chicago, vaso de se\u00f1ores danzantes","description":"Bell\u00edsimo vaso policromado del siglo 8 muestra a un gobernante maya en ritual que le transforma en Dios del Ma\u00edz. Se conserva en el Art Institute of Chicago","keywords":null,"keyphrases":{"focus":{"keyphrase":"Joyas mayas","score":51,"analysis":{"keyphraseInTitle":{"score":9,"maxScore":9,"error":0},"keyphraseInDescription":{"score":3,"maxScore":9,"error":1},"keyphraseLength":{"score":9,"maxScore":9,"error":0,"length":2},"keyphraseInURL":{"score":5,"maxScore":5,"error":0},"keyphraseInIntroduction":{"score":3,"maxScore":9,"error":1},"keyphraseInSubHeadings":{"score":3,"maxScore":9,"error":1},"keyphraseInImageAlt":{"score":3,"maxScore":9,"error":1},"keywordDensity":{"score":0,"type":"low","maxScore":9,"error":1}}},"additional":[{"keyphrase":"Arqueolog\u00eda","score":40,"analysis":{"keyphraseInDescription":{"score":3,"maxScore":9,"error":1},"keyphraseLength":{"score":9,"maxScore":9,"error":0,"length":2},"keyphraseInIntroduction":{"score":3,"maxScore":9,"error":1},"keyphraseInImageAlt":{"score":3,"maxScore":9,"error":1},"keywordDensity":{"score":0,"type":"low","maxScore":9,"error":1}}},{"keyphrase":"Patrimonio guatemalteco","score":40,"analysis":{"keyphraseInDescription":{"score":3,"maxScore":9,"error":1},"keyphraseLength":{"score":9,"maxScore":9,"error":0,"length":2},"keyphraseInIntroduction":{"score":3,"maxScore":9,"error":1},"keyphraseInImageAlt":{"score":3,"maxScore":9,"error":1},"keywordDensity":{"score":0,"type":"low","maxScore":9,"error":1}}},{"keyphrase":"Maya","score":87,"analysis":{"keyphraseInDescription":{"score":9,"maxScore":9,"error":0},"keyphraseLength":{"score":9,"maxScore":9,"error":0,"length":1},"keyphraseInIntroduction":{"score":3,"maxScore":9,"error":1},"keyphraseInImageAlt":{"score":9,"maxScore":9,"error":0},"keywordDensity":{"type":"best","score":9,"maxScore":9,"error":0}}},{"keyphrase":"Guatemala","score":40,"analysis":{"keyphraseInDescription":{"score":3,"maxScore":9,"error":1},"keyphraseLength":{"score":9,"maxScore":9,"error":0,"length":1},"keyphraseInIntroduction":{"score":3,"maxScore":9,"error":1},"keyphraseInImageAlt":{"score":3,"maxScore":9,"error":1},"keywordDensity":{"score":0,"type":"low","maxScore":9,"error":1}}}]},"primary_term":null,"canonical_url":null,"og_title":null,"og_description":null,"og_object_type":"default","og_image_type":"default","og_image_url":null,"og_image_width":null,"og_image_height":null,"og_image_custom_url":null,"og_image_custom_fields":null,"og_video":"","og_custom_url":null,"og_article_section":null,"og_article_tags":null,"twitter_use_og":false,"twitter_card":"default","twitter_image_type":"default","twitter_image_url":null,"twitter_image_custom_url":null,"twitter_image_custom_fields":null,"twitter_title":null,"twitter_description":null,"schema":{"blockGraphs":[],"customGraphs":[],"default":{"data":{"Article":[],"Course":[],"Dataset":[],"FAQPage":[],"Movie":[],"Person":[],"Product":[],"ProductReview":[],"Car":[],"Recipe":[],"Service":[],"SoftwareApplication":[],"WebPage":[]},"graphName":"Article","isEnabled":true},"graphs":[]},"schema_type":"default","schema_type_options":null,"pillar_content":false,"robots_default":true,"robots_noindex":false,"robots_noarchive":false,"robots_nosnippet":false,"robots_nofollow":false,"robots_noimageindex":false,"robots_noodp":false,"robots_notranslate":false,"robots_max_snippet":"-1","robots_max_videopreview":"-1","robots_max_imagepreview":"large","priority":null,"frequency":"default","local_seo":null,"seo_analyzer_scan_date":"2025-10-09 00:23:15","breadcrumb_settings":null,"limit_modified_date":false,"reviewed_by":null,"open_ai":"{\"title\":{\"suggestions\":[],\"usage\":0},\"description\":{\"suggestions\":[],\"usage\":0}}","ai":null,"created":"2024-11-18 04:56:32","updated":"2026-02-04 16:38:11"},"aioseo_breadcrumb":"<div class=\"aioseo-breadcrumbs\"><span class=\"aioseo-breadcrumb\">\n\t<a href=\"https:\/\/soymigrante.com\/revista\" title=\"Home\">Home<\/a>\n<\/span><span class=\"aioseo-breadcrumb-separator\">\u00bb<\/span><span class=\"aioseo-breadcrumb\">\n\t<a href=\"https:\/\/soymigrante.com\/revista\/category\/guate-nuestra\/\" title=\"Guate Nuestra\">Guate Nuestra<\/a>\n<\/span><span class=\"aioseo-breadcrumb-separator\">\u00bb<\/span><span class=\"aioseo-breadcrumb\">\n\tJoyas mayas migrantes: El vaso de los Se\u00f1ores Danzantes est\u00e1 en Chicago\n<\/span><\/div>","aioseo_breadcrumb_json":[{"label":"Home","link":"https:\/\/soymigrante.com\/revista"},{"label":"Guate Nuestra","link":"https:\/\/soymigrante.com\/revista\/category\/guate-nuestra\/"},{"label":"Joyas mayas migrantes: El vaso de los Se\u00f1ores Danzantes est\u00e1 en Chicago","link":"https:\/\/soymigrante.com\/revista\/joyas-mayas-migrantes-el-vaso-de-los-senores-danzantes-esta-en-chicago\/"}],"_links":{"self":[{"href":"https:\/\/soymigrante.com\/revista\/wp-json\/wp\/v2\/posts\/13480","targetHints":{"allow":["GET"]}}],"collection":[{"href":"https:\/\/soymigrante.com\/revista\/wp-json\/wp\/v2\/posts"}],"about":[{"href":"https:\/\/soymigrante.com\/revista\/wp-json\/wp\/v2\/types\/post"}],"author":[{"embeddable":true,"href":"https:\/\/soymigrante.com\/revista\/wp-json\/wp\/v2\/users\/7"}],"replies":[{"embeddable":true,"href":"https:\/\/soymigrante.com\/revista\/wp-json\/wp\/v2\/comments?post=13480"}],"version-history":[{"count":3,"href":"https:\/\/soymigrante.com\/revista\/wp-json\/wp\/v2\/posts\/13480\/revisions"}],"predecessor-version":[{"id":33841,"href":"https:\/\/soymigrante.com\/revista\/wp-json\/wp\/v2\/posts\/13480\/revisions\/33841"}],"wp:featuredmedia":[{"embeddable":true,"href":"https:\/\/soymigrante.com\/revista\/wp-json\/wp\/v2\/media\/13484"}],"wp:attachment":[{"href":"https:\/\/soymigrante.com\/revista\/wp-json\/wp\/v2\/media?parent=13480"}],"wp:term":[{"taxonomy":"category","embeddable":true,"href":"https:\/\/soymigrante.com\/revista\/wp-json\/wp\/v2\/categories?post=13480"},{"taxonomy":"post_tag","embeddable":true,"href":"https:\/\/soymigrante.com\/revista\/wp-json\/wp\/v2\/tags?post=13480"}],"curies":[{"name":"wp","href":"https:\/\/api.w.org\/{rel}","templated":true}]}}