{"id":13476,"date":"2024-12-07T09:48:04","date_gmt":"2024-12-07T15:48:04","guid":{"rendered":"https:\/\/soymigrante.com\/revista\/?p=13476"},"modified":"2024-12-07T09:48:05","modified_gmt":"2024-12-07T15:48:05","slug":"diciembre-trae-rezados-danzas-y-tradiciones-guatemaltecas-que-encienden-nostalgia-migrante","status":"publish","type":"post","link":"https:\/\/soymigrante.com\/revista\/diciembre-trae-rezados-danzas-y-tradiciones-guatemaltecas-que-encienden-nostalgia-migrante\/","title":{"rendered":"La quema del diablo y otras tradiciones de diciembre que encienden la nostalgia migrante"},"content":{"rendered":"\t\t<div data-elementor-type=\"wp-post\" data-elementor-id=\"13476\" class=\"elementor elementor-13476\" data-elementor-post-type=\"post\">\n\t\t\t\t<div data-particle_enable=\"false\" data-particle-mobile-disabled=\"false\" class=\"elementor-element elementor-element-7e39038 e-flex e-con-boxed e-con e-parent\" data-id=\"7e39038\" data-element_type=\"container\" data-e-type=\"container\">\n\t\t\t\t\t<div class=\"e-con-inner\">\n\t\t\t\t<div class=\"elementor-element elementor-element-d913761 elementor-widget elementor-widget-heading\" data-id=\"d913761\" data-element_type=\"widget\" data-e-type=\"widget\" data-widget_type=\"heading.default\">\n\t\t\t\t\t<h2 class=\"elementor-heading-title elementor-size-default\">Los rezados de barrio, la quema del diablo, los toritos pirot\u00e9cnicos, las loas o los bailes de moros son expresiones guatemaltecas que te hacen recordar quiz\u00e1 momentos de ni\u00f1ez e infancia en el diciembre de Guatemala lleno de tradiciones.<\/h2>\t\t\t\t<\/div>\n\t\t\t\t\t<\/div>\n\t\t\t\t<\/div>\n\t\t<div data-particle_enable=\"false\" data-particle-mobile-disabled=\"false\" class=\"elementor-element elementor-element-cb95a5e e-flex e-con-boxed e-con e-parent\" data-id=\"cb95a5e\" data-element_type=\"container\" data-e-type=\"container\">\n\t\t\t\t\t<div class=\"e-con-inner\">\n\t\t\t\t<div class=\"elementor-element elementor-element-ad25ef0 elementor-widget elementor-widget-text-editor\" data-id=\"ad25ef0\" data-element_type=\"widget\" data-e-type=\"widget\" data-widget_type=\"text-editor.default\">\n\t\t\t\t\t\t\t\t\t<p>En Guatemala, las tradiciones y costumbres culturales est\u00e1n profundamente arraigadas en la vida cotidiana y las celebraciones religiosas. Estas\u00a0<a href=\"https:\/\/soymigrante.com\/revista\/tres-comidas-guatemaltecas-que-son-saludables-por-sus-ingredientes-prehispanicos\/\" target=\"_blank\" rel=\"noopener\">expresiones culturales<\/a>, muchas de ellas de origen mestizo e ind\u00edgena, son parte esencial de la identidad del pa\u00eds.<\/p><p>Esta vez te comparto un recorrido\u00a0 a trav\u00e9s de la rese\u00f1a de cada una de esas expresiones que hacen de Guatemala\u00a0<a href=\"https:\/\/soymigrante.com\/revista\/siete-expresiones-de-multiculturalidad-guatemalteca-ganan-fuerza-en-usa\/\" target=\"_blank\" rel=\"noopener\">una caracter\u00edstica cultural y que un chap\u00edn recuerda\u00a0<\/a>desde la nostalgia un pedacito de su tierra a donde quiera que vaya.<\/p>\t\t\t\t\t\t\t\t<\/div>\n\t\t\t\t\t<\/div>\n\t\t\t\t<\/div>\n\t\t<div data-particle_enable=\"false\" data-particle-mobile-disabled=\"false\" class=\"elementor-element elementor-element-7bd49a6 e-flex e-con-boxed e-con e-parent\" data-id=\"7bd49a6\" data-element_type=\"container\" data-e-type=\"container\">\n\t\t\t\t\t<div class=\"e-con-inner\">\n\t\t\t\t<div class=\"elementor-element elementor-element-d8507b0 elementor-widget elementor-widget-image\" data-id=\"d8507b0\" data-element_type=\"widget\" data-e-type=\"widget\" data-widget_type=\"image.default\">\n\t\t\t\t\t\t\t\t\t\t\t\t<figure class=\"wp-caption\">\n\t\t\t\t\t\t\t\t\t\t<img fetchpriority=\"high\" decoding=\"async\" width=\"768\" height=\"768\" src=\"https:\/\/soymigrante.com\/revista\/wp-content\/uploads\/2024\/11\/virgen-concepcion-quema-diablo-oscar-rivas-1-1024x1024.jpg\" class=\"attachment-large size-large wp-image-15134\" alt=\"Fuego en ritual tradicional durante celebraci\u00f3n en Guatemala, con mascarada de Diablo y personas observando en la noche frente a una iglesia hist\u00f3rica.\" srcset=\"https:\/\/soymigrante.com\/revista\/wp-content\/uploads\/2024\/11\/virgen-concepcion-quema-diablo-oscar-rivas-1-1024x1024.jpg 1024w, https:\/\/soymigrante.com\/revista\/wp-content\/uploads\/2024\/11\/virgen-concepcion-quema-diablo-oscar-rivas-1-300x300.jpg 300w, https:\/\/soymigrante.com\/revista\/wp-content\/uploads\/2024\/11\/virgen-concepcion-quema-diablo-oscar-rivas-1-150x150.jpg 150w, https:\/\/soymigrante.com\/revista\/wp-content\/uploads\/2024\/11\/virgen-concepcion-quema-diablo-oscar-rivas-1-768x768.jpg 768w, https:\/\/soymigrante.com\/revista\/wp-content\/uploads\/2024\/11\/virgen-concepcion-quema-diablo-oscar-rivas-1-75x75.webp 75w, https:\/\/soymigrante.com\/revista\/wp-content\/uploads\/2024\/11\/virgen-concepcion-quema-diablo-oscar-rivas-1-750x750.webp 750w, https:\/\/soymigrante.com\/revista\/wp-content\/uploads\/2024\/11\/virgen-concepcion-quema-diablo-oscar-rivas-1.webp 1089w\" sizes=\"(max-width: 768px) 100vw, 768px\" title=\"El rezado de la Virgen de Concepci\u00f3n se abre paso a trav\u00e9s de la Quema del Diablo, cada 7 de diciembre. Un simbolismo de c\u00f3mo el bien siempre vence sobre el mal. Fotograf\u00eda cortes\u00eda Oscar Rivas \u2013 SoyMigrante.com REVISTA\" \/>\t\t\t\t\t\t\t\t\t\t\t<figcaption class=\"widget-image-caption wp-caption-text\">Celebraci\u00f3n cultural en Guatemala con ritual de Diablada, donde se enciende un mu\u00f1eco quemado como parte de las festividades tradicionales en la noche.<\/figcaption>\n\t\t\t\t\t\t\t\t\t\t<\/figure>\n\t\t\t\t\t\t\t\t\t<\/div>\n\t\t\t\t\t<\/div>\n\t\t\t\t<\/div>\n\t\t<div data-particle_enable=\"false\" data-particle-mobile-disabled=\"false\" class=\"elementor-element elementor-element-ca51be5 e-flex e-con-boxed e-con e-parent\" data-id=\"ca51be5\" data-element_type=\"container\" data-e-type=\"container\">\n\t\t\t\t\t<div class=\"e-con-inner\">\n\t\t\t\t<div class=\"elementor-element elementor-element-88e4d76 elementor-widget elementor-widget-heading\" data-id=\"88e4d76\" data-element_type=\"widget\" data-e-type=\"widget\" data-widget_type=\"heading.default\">\n\t\t\t\t\t<h3 class=\"elementor-heading-title elementor-size-default\">Los rezados de la Virgen de Concepci\u00f3n<\/h3>\t\t\t\t<\/div>\n\t\t\t\t\t<\/div>\n\t\t\t\t<\/div>\n\t\t<div data-particle_enable=\"false\" data-particle-mobile-disabled=\"false\" class=\"elementor-element elementor-element-00d4357 e-flex e-con-boxed e-con e-parent\" data-id=\"00d4357\" data-element_type=\"container\" data-e-type=\"container\">\n\t\t\t\t\t<div class=\"e-con-inner\">\n\t\t\t\t<div class=\"elementor-element elementor-element-120a8a0 elementor-widget elementor-widget-text-editor\" data-id=\"120a8a0\" data-element_type=\"widget\" data-e-type=\"widget\" data-widget_type=\"text-editor.default\">\n\t\t\t\t\t\t\t\t\t<p>Los Rezados de la Virgen de Concepci\u00f3n en Guatemala son una de las tradiciones religiosas m\u00e1s arraigadas y representativas del pa\u00eds. Esta celebraci\u00f3n, que honra a la Inmaculada Concepci\u00f3n de Mar\u00eda, tiene profundas ra\u00edces coloniales y combina elementos espirituales, culturales y comunitarios.<\/p><p>La devoci\u00f3n a la Virgen de Concepci\u00f3n lleg\u00f3 a Guatemala durante la \u00e9poca colonial, cuando los misioneros espa\u00f1oles introdujeron esta advocaci\u00f3n mariana como parte de su labor evangelizadora. La Inmaculada Concepci\u00f3n fue proclamada patrona de muchas ciudades y pueblos, consolid\u00e1ndose como una de las im\u00e1genes m\u00e1s veneradas en el pa\u00eds.<\/p><p>Siglo XVIII: En este per\u00edodo, los rezados empezaron a adquirir una estructura m\u00e1s organizada. Aunque los rezados de la Virgen de Concepci\u00f3n se celebran en varias partes del pa\u00eds, destacan por su esplendor y tradici\u00f3n en Ciudad de Guatemala y algunos municipios como\u00a0<a href=\"https:\/\/soymigrante.com\/revista\/tantas-parejas-suenan-con-celebrar-sus-bodas-en-antigua-guatemala\/\" target=\"_blank\" rel=\"noopener\">Jocotenango y Antigua Guatemala.<\/a>\u00a0En estos lugares, la festividad incluye ferias, juegos pirot\u00e9cnicos y actividades religiosas.<br \/>Lorem fistrum por la gloria de mi madre esse jarl aliqua llevame al sircoo. De la pradera ullamco qu\u00e9 dise usteer est\u00e1 la cosa muy malar.<\/p>\t\t\t\t\t\t\t\t<\/div>\n\t\t\t\t\t<\/div>\n\t\t\t\t<\/div>\n\t\t<div data-particle_enable=\"false\" data-particle-mobile-disabled=\"false\" class=\"elementor-element elementor-element-3b1374f e-flex e-con-boxed e-con e-parent\" data-id=\"3b1374f\" data-element_type=\"container\" data-e-type=\"container\">\n\t\t\t\t\t<div class=\"e-con-inner\">\n\t\t\t\t<div class=\"elementor-element elementor-element-e7ce63a elementor-widget elementor-widget-video\" data-id=\"e7ce63a\" data-element_type=\"widget\" data-e-type=\"widget\" data-settings=\"{&quot;youtube_url&quot;:&quot;https:\\\/\\\/www.youtube.com\\\/watch?v=4v2fOJVUlvI&quot;,&quot;video_type&quot;:&quot;youtube&quot;}\" data-widget_type=\"video.default\">\n\t\t\t\t\t\t\t<div class=\"elementor-wrapper elementor-open-inline\">\n\t\t\t<div class=\"elementor-video\"><\/div>\t\t<\/div>\n\t\t\t\t\t\t<\/div>\n\t\t\t\t\t<\/div>\n\t\t\t\t<\/div>\n\t\t<div data-particle_enable=\"false\" data-particle-mobile-disabled=\"false\" class=\"elementor-element elementor-element-2176823 e-flex e-con-boxed e-con e-parent\" data-id=\"2176823\" data-element_type=\"container\" data-e-type=\"container\">\n\t\t\t\t\t<div class=\"e-con-inner\">\n\t\t\t\t<div class=\"elementor-element elementor-element-740d92e elementor-widget elementor-widget-heading\" data-id=\"740d92e\" data-element_type=\"widget\" data-e-type=\"widget\" data-widget_type=\"heading.default\">\n\t\t\t\t\t<h2 class=\"elementor-heading-title elementor-size-default\">La quema del Diablo el 7 de diciembre<\/h2>\t\t\t\t<\/div>\n\t\t\t\t\t<\/div>\n\t\t\t\t<\/div>\n\t\t<div data-particle_enable=\"false\" data-particle-mobile-disabled=\"false\" class=\"elementor-element elementor-element-f57188b e-flex e-con-boxed e-con e-parent\" data-id=\"f57188b\" data-element_type=\"container\" data-e-type=\"container\">\n\t\t\t\t\t<div class=\"e-con-inner\">\n\t\t\t\t<div class=\"elementor-element elementor-element-6f1a7a8 elementor-widget elementor-widget-text-editor\" data-id=\"6f1a7a8\" data-element_type=\"widget\" data-e-type=\"widget\" data-widget_type=\"text-editor.default\">\n\t\t\t\t\t\t\t\t\t<p>Una tradici\u00f3n que en tiemposa modernos es considerada altamente contaminante por la emisi\u00f3n de humbo y la combusti\u00f3n de basura. Sin embargo surgi\u00f3 en la \u00e9poca colonial, cuando no hab\u00eda electricidad, como una forma de iluminar el paso del rezado de la Virgen de Concepci\u00f3n. Antorchas y fogatas sobrevivieron a la llegada de la luz el\u00e9ctrica.<\/p><p>En Guatemala este simb\u00f3lico fuego representa el decir no a la maldad y s\u00ed a la luz. simb\u00f3licamente se queman pi\u00f1atas con forma del enemigo de la humanidad.<\/p><p>Esta tradici\u00f3n tiene un lado considerado da\u00f1ino al medio ambiente debido a las emanaciones de humo causadas por la incineraci\u00f3n de diversos materiales; as\u00ed tambi\u00e9n la quema de juegos pirot\u00e9cnicos est\u00e1 asociada a riesgos graves de quemaduras o incendios. Sin embargo, a\u00fan as\u00ed muchos migrantes recuerdan el 7 de diciembre con nostalgia.<\/p>\t\t\t\t\t\t\t\t<\/div>\n\t\t\t\t\t<\/div>\n\t\t\t\t<\/div>\n\t\t<div data-particle_enable=\"false\" data-particle-mobile-disabled=\"false\" class=\"elementor-element elementor-element-02adb3c e-flex e-con-boxed e-con e-parent\" data-id=\"02adb3c\" data-element_type=\"container\" data-e-type=\"container\">\n\t\t\t\t\t<div class=\"e-con-inner\">\n\t\t\t\t<div class=\"elementor-element elementor-element-89bde6b elementor-widget elementor-widget-video\" data-id=\"89bde6b\" data-element_type=\"widget\" data-e-type=\"widget\" data-settings=\"{&quot;youtube_url&quot;:&quot;https:\\\/\\\/www.youtube.com\\\/watch?v=rxI1eN2b7Jo&quot;,&quot;video_type&quot;:&quot;youtube&quot;,&quot;controls&quot;:&quot;yes&quot;}\" data-widget_type=\"video.default\">\n\t\t\t\t\t\t\t<div class=\"elementor-wrapper elementor-open-inline\">\n\t\t\t<div class=\"elementor-video\"><\/div>\t\t<\/div>\n\t\t\t\t\t\t<\/div>\n\t\t\t\t\t<\/div>\n\t\t\t\t<\/div>\n\t\t<div data-particle_enable=\"false\" data-particle-mobile-disabled=\"false\" class=\"elementor-element elementor-element-1624538 e-flex e-con-boxed e-con e-parent\" data-id=\"1624538\" data-element_type=\"container\" data-e-type=\"container\">\n\t\t\t\t\t<div class=\"e-con-inner\">\n\t\t\t\t<div class=\"elementor-element elementor-element-de6ff27 elementor-widget elementor-widget-heading\" data-id=\"de6ff27\" data-element_type=\"widget\" data-e-type=\"widget\" data-widget_type=\"heading.default\">\n\t\t\t\t\t<h3 class=\"elementor-heading-title elementor-size-default\">Las loas<\/h3>\t\t\t\t<\/div>\n\t\t\t\t\t<\/div>\n\t\t\t\t<\/div>\n\t\t<div data-particle_enable=\"false\" data-particle-mobile-disabled=\"false\" class=\"elementor-element elementor-element-a845ecc e-flex e-con-boxed e-con e-parent\" data-id=\"a845ecc\" data-element_type=\"container\" data-e-type=\"container\">\n\t\t\t\t\t<div class=\"e-con-inner\">\n\t\t\t\t<div class=\"elementor-element elementor-element-ab8bb42 elementor-widget elementor-widget-text-editor\" data-id=\"ab8bb42\" data-element_type=\"widget\" data-e-type=\"widget\" data-widget_type=\"text-editor.default\">\n\t\t\t\t\t\t\t\t\t<p>Son representaciones teatrales breves que se realizan en las fiestas patronales, especialmente en pueblos. Relatan historias religiosas o eventos significativos con di\u00e1logos y canciones.<\/p><p>Surgieron como herramientas de evangelizaci\u00f3n durante la colonia, adaptando conceptos cristianos a lenguas y contextos locales. Por ejemplo, la loa a Santiago Ap\u00f3stol, patr\u00f3n de Guatemala, mezcla elementos cristianos con alusiones a la resistencia ind\u00edgena.<\/p>\t\t\t\t\t\t\t\t<\/div>\n\t\t\t\t\t<\/div>\n\t\t\t\t<\/div>\n\t\t<div data-particle_enable=\"false\" data-particle-mobile-disabled=\"false\" class=\"elementor-element elementor-element-5493e4d e-flex e-con-boxed e-con e-parent\" data-id=\"5493e4d\" data-element_type=\"container\" data-e-type=\"container\">\n\t\t\t\t\t<div class=\"e-con-inner\">\n\t\t\t\t<div class=\"elementor-element elementor-element-6fa6211 elementor-widget elementor-widget-video\" data-id=\"6fa6211\" data-element_type=\"widget\" data-e-type=\"widget\" data-settings=\"{&quot;youtube_url&quot;:&quot;https:\\\/\\\/www.youtube.com\\\/watch?v=R7h65wiglMs&quot;,&quot;video_type&quot;:&quot;youtube&quot;,&quot;controls&quot;:&quot;yes&quot;}\" data-widget_type=\"video.default\">\n\t\t\t\t\t\t\t<div class=\"elementor-wrapper elementor-open-inline\">\n\t\t\t<div class=\"elementor-video\"><\/div>\t\t<\/div>\n\t\t\t\t\t\t<\/div>\n\t\t\t\t\t<\/div>\n\t\t\t\t<\/div>\n\t\t<div data-particle_enable=\"false\" data-particle-mobile-disabled=\"false\" class=\"elementor-element elementor-element-2ba0b29 e-flex e-con-boxed e-con e-parent\" data-id=\"2ba0b29\" data-element_type=\"container\" data-e-type=\"container\">\n\t\t\t\t\t<div class=\"e-con-inner\">\n\t\t\t\t<div class=\"elementor-element elementor-element-c03f7a2 elementor-widget elementor-widget-heading\" data-id=\"c03f7a2\" data-element_type=\"widget\" data-e-type=\"widget\" data-widget_type=\"heading.default\">\n\t\t\t\t\t<h3 class=\"elementor-heading-title elementor-size-default\">Convite de moros antes de Concepci\u00f3n y Guadalupe<\/h3>\t\t\t\t<\/div>\n\t\t\t\t\t<\/div>\n\t\t\t\t<\/div>\n\t\t<div data-particle_enable=\"false\" data-particle-mobile-disabled=\"false\" class=\"elementor-element elementor-element-762d42f e-flex e-con-boxed e-con e-parent\" data-id=\"762d42f\" data-element_type=\"container\" data-e-type=\"container\">\n\t\t\t\t\t<div class=\"e-con-inner\">\n\t\t\t\t<div class=\"elementor-element elementor-element-167c798 elementor-widget elementor-widget-text-editor\" data-id=\"167c798\" data-element_type=\"widget\" data-e-type=\"widget\" data-widget_type=\"text-editor.default\">\n\t\t\t\t\t\t\t\t\t<p>El baile de los moros y cristianos es una tradici\u00f3n que representa la lucha entre musulmanes y cristianos durante la reconquista de Espa\u00f1a. En Guatemala, se dramatiza en forma de danza colorida, con personajes que usan m\u00e1scaras y trajes extravagantes.<\/p><p><span style=\"color: var( --e-global-color-text ); text-align: var(--text-align);\">Tra\u00eddo por los espa\u00f1oles, se transform\u00f3 en una expresi\u00f3n local donde los personajes a menudo representan figuras pol\u00edticas o sociales relevantes para la comunidad.<\/span><\/p><p>Algo a destacar es que los &#8220;moros&#8221; suelen usar m\u00e1scaras grotescas y llevar espadas, mientras que los &#8220;cristianos&#8221; portan trajes m\u00e1s refinados. Los moros suelen pasar bailando en calles de pueblos y barrios anunciando el lugar por donde pasar\u00e1 la procesi\u00f3n de la Virgen de Concepci\u00f3n, el 8 de diciembre o la Virgen de Guadalupe, el 12. Recaudan fondos para el adorno y alegran a los vecinos.<\/p>\t\t\t\t\t\t\t\t<\/div>\n\t\t\t\t\t<\/div>\n\t\t\t\t<\/div>\n\t\t<div data-particle_enable=\"false\" data-particle-mobile-disabled=\"false\" class=\"elementor-element elementor-element-32ec35e e-flex e-con-boxed e-con e-parent\" data-id=\"32ec35e\" data-element_type=\"container\" data-e-type=\"container\">\n\t\t\t\t\t<div class=\"e-con-inner\">\n\t\t\t\t<div class=\"elementor-element elementor-element-e3711d4 elementor-widget elementor-widget-video\" data-id=\"e3711d4\" data-element_type=\"widget\" data-e-type=\"widget\" data-settings=\"{&quot;youtube_url&quot;:&quot;https:\\\/\\\/www.youtube.com\\\/watch?v=szse4YR6gzc&quot;,&quot;video_type&quot;:&quot;youtube&quot;,&quot;controls&quot;:&quot;yes&quot;}\" data-widget_type=\"video.default\">\n\t\t\t\t\t\t\t<div class=\"elementor-wrapper elementor-open-inline\">\n\t\t\t<div class=\"elementor-video\"><\/div>\t\t<\/div>\n\t\t\t\t\t\t<\/div>\n\t\t\t\t\t<\/div>\n\t\t\t\t<\/div>\n\t\t<div data-particle_enable=\"false\" data-particle-mobile-disabled=\"false\" class=\"elementor-element elementor-element-15bc484 e-flex e-con-boxed e-con e-parent\" data-id=\"15bc484\" data-element_type=\"container\" data-e-type=\"container\">\n\t\t\t\t\t<div class=\"e-con-inner\">\n\t\t\t\t<div class=\"elementor-element elementor-element-30fbaf7 elementor-widget elementor-widget-heading\" data-id=\"30fbaf7\" data-element_type=\"widget\" data-e-type=\"widget\" data-widget_type=\"heading.default\">\n\t\t\t\t\t<h3 class=\"elementor-heading-title elementor-size-default\">La quema del torito<\/h3>\t\t\t\t<\/div>\n\t\t\t\t\t<\/div>\n\t\t\t\t<\/div>\n\t\t<div data-particle_enable=\"false\" data-particle-mobile-disabled=\"false\" class=\"elementor-element elementor-element-40a5bb9 e-flex e-con-boxed e-con e-parent\" data-id=\"40a5bb9\" data-element_type=\"container\" data-e-type=\"container\">\n\t\t\t\t\t<div class=\"e-con-inner\">\n\t\t\t\t<div class=\"elementor-element elementor-element-afbe383 elementor-widget elementor-widget-text-editor\" data-id=\"afbe383\" data-element_type=\"widget\" data-e-type=\"widget\" data-widget_type=\"text-editor.default\">\n\t\t\t\t\t\t\t\t\t<p>La quema del torito es\u00a0<a href=\"https:\/\/soymigrante.com\/revista\/tradiciones-de-fin-de-ano-encienden-la-nostalgia-migrante\/\" target=\"_blank\" rel=\"noopener\">una tradici\u00f3n festiva, t\u00edpica en celebraciones como fiestas patronales,<\/a>\u00a0bodas y ferias. Consiste en un armaz\u00f3n de alambre o madera en forma de toro, cubierto con cohetes y pirotecnia.<\/p><p>Un voluntario carga el torito mientras baila y recorre la plaza o calle, mientras los cohetes explotan. Tiene ra\u00edces en celebraciones espa\u00f1olas, pero ha sido adoptada y adaptada en Guatemala como un evento l\u00fadico y alegre. A pesar de lo divertido, tambi\u00e9n es conocido por ser emocionante y, a veces, peligroso.<\/p>\t\t\t\t\t\t\t\t<\/div>\n\t\t\t\t\t<\/div>\n\t\t\t\t<\/div>\n\t\t<div data-particle_enable=\"false\" data-particle-mobile-disabled=\"false\" class=\"elementor-element elementor-element-8719a7e e-flex e-con-boxed e-con e-parent\" data-id=\"8719a7e\" data-element_type=\"container\" data-e-type=\"container\">\n\t\t\t\t\t<div class=\"e-con-inner\">\n\t\t\t\t<div class=\"elementor-element elementor-element-cebac3e elementor-widget elementor-widget-video\" data-id=\"cebac3e\" data-element_type=\"widget\" data-e-type=\"widget\" data-settings=\"{&quot;youtube_url&quot;:&quot;https:\\\/\\\/www.youtube.com\\\/watch?v=Pxdw5Aw1UO0&quot;,&quot;video_type&quot;:&quot;youtube&quot;,&quot;controls&quot;:&quot;yes&quot;}\" data-widget_type=\"video.default\">\n\t\t\t\t\t\t\t<div class=\"elementor-wrapper elementor-open-inline\">\n\t\t\t<div class=\"elementor-video\"><\/div>\t\t<\/div>\n\t\t\t\t\t\t<\/div>\n\t\t\t\t\t<\/div>\n\t\t\t\t<\/div>\n\t\t<div data-particle_enable=\"false\" data-particle-mobile-disabled=\"false\" class=\"elementor-element elementor-element-0dbae67 e-flex e-con-boxed e-con e-parent\" data-id=\"0dbae67\" data-element_type=\"container\" data-e-type=\"container\">\n\t\t\t\t\t<div class=\"e-con-inner\">\n\t\t\t\t<div class=\"elementor-element elementor-element-029b461 elementor-widget elementor-widget-text-editor\" data-id=\"029b461\" data-element_type=\"widget\" data-e-type=\"widget\" data-widget_type=\"text-editor.default\">\n\t\t\t\t\t\t\t\t\t<p>Estas expresiones surgieron como resultado del sincretismo cultural entre las pr\u00e1cticas ind\u00edgenas precolombinas y las celebraciones religiosas tra\u00eddas por los espa\u00f1oles.<\/p><p>En la \u00e9poca prehisp\u00e1nica, los pueblos mayas realizaban ceremonias dedicadas a sus dioses y ciclos agr\u00edcolas. Con la llegada de los colonizadores, estas pr\u00e1cticas fueron adaptadas para incluir elementos cristianos.<\/p>\t\t\t\t\t\t\t\t<\/div>\n\t\t\t\t\t<\/div>\n\t\t\t\t<\/div>\n\t\t<div data-particle_enable=\"false\" data-particle-mobile-disabled=\"false\" class=\"elementor-element elementor-element-79f0f61 e-flex e-con-boxed e-con e-parent\" data-id=\"79f0f61\" data-element_type=\"container\" data-e-type=\"container\">\n\t\t\t\t\t<div class=\"e-con-inner\">\n\t\t\t\t<div class=\"elementor-element elementor-element-288dc90 elementor-widget elementor-widget-heading\" data-id=\"288dc90\" data-element_type=\"widget\" data-e-type=\"widget\" data-widget_type=\"heading.default\">\n\t\t\t\t\t<h2 class=\"elementor-heading-title elementor-size-default\">Descubre y valora la riqueza de Guatemala<\/h2>\t\t\t\t<\/div>\n\t\t\t\t\t<\/div>\n\t\t\t\t<\/div>\n\t\t<div data-particle_enable=\"false\" data-particle-mobile-disabled=\"false\" class=\"elementor-element elementor-element-83132ba e-flex e-con-boxed e-con e-parent\" data-id=\"83132ba\" data-element_type=\"container\" data-e-type=\"container\">\n\t\t\t\t\t<div class=\"e-con-inner\">\n\t\t\t\t<div class=\"elementor-element elementor-element-a3f660b elementor-grid-eael-col-3 elementor-grid-tablet-eael-col-2 elementor-grid-mobile-eael-col-1 elementor-widget elementor-widget-eael-post-grid\" data-id=\"a3f660b\" data-element_type=\"widget\" data-e-type=\"widget\" data-settings=\"{&quot;eael_post_grid_columns&quot;:&quot;eael-col-3&quot;,&quot;eael_post_grid_columns_tablet&quot;:&quot;eael-col-2&quot;,&quot;eael_post_grid_columns_mobile&quot;:&quot;eael-col-1&quot;}\" data-widget_type=\"eael-post-grid.default\">\n\t\t\t\t\t<div id=\"eael-post-grid-a3f660b\" class=\"eael-post-grid-container\">\n            <div class=\"eael-post-grid eael-post-appender eael-post-appender-a3f660b eael-post-grid-style-one\" data-layout-mode=\"masonry\"><article class=\"eael-grid-post  eael-post-grid-column eael-pg-post-2390 category-guate-nuestra tags-danzas-de-guatemala\" data-id=\"2390\">\n        <div class=\"eael-grid-post-holder\">\n            <div class=\"eael-grid-post-holder-inner\"><div class=\"eael-entry-media\"><div class=\"eael-entry-overlay fade-in\"><i class=\"far fa-hand-pointer\" aria-hidden=\"true\"><\/i><a href=\"https:\/\/soymigrante.com\/revista\/guatemala-danza-el-baile-de-la-paach-de-san-marcos-es-patrimonio-de-la-humanidad\/\"><\/a><\/div><div class=\"eael-entry-thumbnail \">\n                <img decoding=\"async\" width=\"1000\" height=\"636\" src=\"https:\/\/soymigrante.com\/revista\/wp-content\/uploads\/2023\/09\/03672-HUG.webp\" class=\"attachment-large size-large wp-image-2424\" alt=\"La percusi\u00f3n del tambor abre paso al recorrido de los ancianos, padrinos y comunidad, en camino a la Casa de la Paazh (Fotograf\u00eda Archivo FLAAR-Unesco)\" srcset=\"https:\/\/soymigrante.com\/revista\/wp-content\/uploads\/2023\/09\/03672-HUG.webp 1000w, https:\/\/soymigrante.com\/revista\/wp-content\/uploads\/2023\/09\/03672-HUG-300x191.webp 300w, https:\/\/soymigrante.com\/revista\/wp-content\/uploads\/2023\/09\/03672-HUG-768x488.webp 768w, https:\/\/soymigrante.com\/revista\/wp-content\/uploads\/2023\/09\/03672-HUG-750x477.webp 750w\" sizes=\"(max-width: 1000px) 100vw, 1000px\" \/>\n            <\/div>\n        <\/div><div class=\"eael-entry-wrapper\"><header class=\"eael-entry-header\"><h2 class=\"eael-entry-title\"><a class=\"eael-grid-post-link\" href=\"https:\/\/soymigrante.com\/revista\/guatemala-danza-el-baile-de-la-paach-de-san-marcos-es-patrimonio-de-la-humanidad\/\" title=\"Danzas de Guatemala: El baile de La Paach, de San Marcos es Patrimonio de la Humanidad\">Danzas de Guatemala: El baile de La Paach, de San Marcos es Patrimonio de la Humanidad<\/a><\/h2><\/header><div class=\"eael-entry-content\">\n                        <div class=\"eael-grid-post-excerpt\"><a href=\"https:\/\/soymigrante.com\/revista\/guatemala-danza-el-baile-de-la-paach-de-san-marcos-es-patrimonio-de-la-humanidad\/\" class=\"eael-post-elements-readmore-btn\">CONOCE SU HISTORIA <\/a><\/div>\n                    <\/div><\/div><\/div>\n        <\/div>\n    <\/article><article class=\"eael-grid-post  eael-post-grid-column eael-pg-post-2456 category-guate-nuestra tags-danzas-de-guatemala\" data-id=\"2456\">\n        <div class=\"eael-grid-post-holder\">\n            <div class=\"eael-grid-post-holder-inner\"><div class=\"eael-entry-media\"><div class=\"eael-entry-overlay fade-in\"><i class=\"far fa-hand-pointer\" aria-hidden=\"true\"><\/i><a href=\"https:\/\/soymigrante.com\/revista\/guatemala-danza-el-palo-volador-en-joyabaj-cubulco-o-chichicastenango-siempre-es-memorable\/\"><\/a><\/div><div class=\"eael-entry-thumbnail \">\n                <img decoding=\"async\" width=\"1024\" height=\"604\" src=\"https:\/\/soymigrante.com\/revista\/wp-content\/uploads\/2023\/09\/Captura-de-pantalla-2023-09-04-073800-e1693837574983-1024x604.webp\" class=\"attachment-large size-large wp-image-2458\" alt=\"Los monos Hun Batz y Hun Chouen en lo alto del palo antes de descender. Captura de pantalla de video de TV Asunci\u00f3n Joyabaj.\" srcset=\"https:\/\/soymigrante.com\/revista\/wp-content\/uploads\/2023\/09\/Captura-de-pantalla-2023-09-04-073800-e1693837574983-1024x604.webp 1024w, https:\/\/soymigrante.com\/revista\/wp-content\/uploads\/2023\/09\/Captura-de-pantalla-2023-09-04-073800-e1693837574983-300x177.webp 300w, https:\/\/soymigrante.com\/revista\/wp-content\/uploads\/2023\/09\/Captura-de-pantalla-2023-09-04-073800-e1693837574983-768x453.webp 768w, https:\/\/soymigrante.com\/revista\/wp-content\/uploads\/2023\/09\/Captura-de-pantalla-2023-09-04-073800-e1693837574983-750x442.webp 750w, https:\/\/soymigrante.com\/revista\/wp-content\/uploads\/2023\/09\/Captura-de-pantalla-2023-09-04-073800-e1693837574983-1140x673.webp 1140w, https:\/\/soymigrante.com\/revista\/wp-content\/uploads\/2023\/09\/Captura-de-pantalla-2023-09-04-073800-e1693837574983.webp 1256w\" sizes=\"(max-width: 1024px) 100vw, 1024px\" \/>\n            <\/div>\n        <\/div><div class=\"eael-entry-wrapper\"><header class=\"eael-entry-header\"><h2 class=\"eael-entry-title\"><a class=\"eael-grid-post-link\" href=\"https:\/\/soymigrante.com\/revista\/guatemala-danza-el-palo-volador-en-joyabaj-cubulco-o-chichicastenango-siempre-es-memorable\/\" title=\"Danzas de Guatemala: El Palo Volador en Joyabaj, Cubulco o Chichicastenango es inolvidable\">Danzas de Guatemala: El Palo Volador en Joyabaj, Cubulco o Chichicastenango es inolvidable<\/a><\/h2><\/header><div class=\"eael-entry-content\">\n                        <div class=\"eael-grid-post-excerpt\"><a href=\"https:\/\/soymigrante.com\/revista\/guatemala-danza-el-palo-volador-en-joyabaj-cubulco-o-chichicastenango-siempre-es-memorable\/\" class=\"eael-post-elements-readmore-btn\">CONOCE SU HISTORIA <\/a><\/div>\n                    <\/div><\/div><\/div>\n        <\/div>\n    <\/article><article class=\"eael-grid-post  eael-post-grid-column eael-pg-post-2449 category-guate-nuestra tags-danzas-de-guatemala\" data-id=\"2449\">\n        <div class=\"eael-grid-post-holder\">\n            <div class=\"eael-grid-post-holder-inner\"><div class=\"eael-entry-media\"><div class=\"eael-entry-overlay fade-in\"><i class=\"far fa-hand-pointer\" aria-hidden=\"true\"><\/i><a href=\"https:\/\/soymigrante.com\/revista\/danza-guatemala-el-ancestral-baile-del-venado\/\"><\/a><\/div><div class=\"eael-entry-thumbnail \">\n                <img loading=\"lazy\" decoding=\"async\" width=\"1024\" height=\"683\" src=\"https:\/\/soymigrante.com\/revista\/wp-content\/uploads\/2023\/09\/DANZA-DEL-VENADO-CUNEN-QUICHE-1024x683.webp\" class=\"attachment-large size-large wp-image-2450\" alt=\"DANZA DEL VENADO CUNEN QUICHE\" srcset=\"https:\/\/soymigrante.com\/revista\/wp-content\/uploads\/2023\/09\/DANZA-DEL-VENADO-CUNEN-QUICHE-1024x683.webp 1024w, https:\/\/soymigrante.com\/revista\/wp-content\/uploads\/2023\/09\/DANZA-DEL-VENADO-CUNEN-QUICHE-300x200.webp 300w, https:\/\/soymigrante.com\/revista\/wp-content\/uploads\/2023\/09\/DANZA-DEL-VENADO-CUNEN-QUICHE-768x512.webp 768w, https:\/\/soymigrante.com\/revista\/wp-content\/uploads\/2023\/09\/DANZA-DEL-VENADO-CUNEN-QUICHE-1536x1024.webp 1536w, https:\/\/soymigrante.com\/revista\/wp-content\/uploads\/2023\/09\/DANZA-DEL-VENADO-CUNEN-QUICHE-750x500.webp 750w, https:\/\/soymigrante.com\/revista\/wp-content\/uploads\/2023\/09\/DANZA-DEL-VENADO-CUNEN-QUICHE-1140x760.webp 1140w, https:\/\/soymigrante.com\/revista\/wp-content\/uploads\/2023\/09\/DANZA-DEL-VENADO-CUNEN-QUICHE-600x400.webp 600w, https:\/\/soymigrante.com\/revista\/wp-content\/uploads\/2023\/09\/DANZA-DEL-VENADO-CUNEN-QUICHE.webp 1920w\" sizes=\"(max-width: 1024px) 100vw, 1024px\" \/>\n            <\/div>\n        <\/div><div class=\"eael-entry-wrapper\"><header class=\"eael-entry-header\"><h2 class=\"eael-entry-title\"><a class=\"eael-grid-post-link\" href=\"https:\/\/soymigrante.com\/revista\/danza-guatemala-el-ancestral-baile-del-venado\/\" title=\"Danzas de Guatemala: El  Baile del Venado est\u00e1 en la memoria de muchos migrantes.\">Danzas de Guatemala: El  Baile del Venado est\u00e1 en la memoria de muchos migrantes.<\/a><\/h2><\/header><div class=\"eael-entry-content\">\n                        <div class=\"eael-grid-post-excerpt\"><a href=\"https:\/\/soymigrante.com\/revista\/danza-guatemala-el-ancestral-baile-del-venado\/\" class=\"eael-post-elements-readmore-btn\">CONOCE SU HISTORIA <\/a><\/div>\n                    <\/div><\/div><\/div>\n        <\/div>\n    <\/article><\/div>\n            <div class=\"clearfix\"><\/div>\n        <\/div>\t\t\t\t<\/div>\n\t\t\t\t\t<\/div>\n\t\t\t\t<\/div>\n\t\t\t\t<\/div>\n\t\t","protected":false},"excerpt":{"rendered":"<p>Los rezados de barrio, la quema del diablo, los toritos pirot\u00e9cnicos, las loas o los bailes de moros son expresiones guatemaltecas que te hacen recordar quiz\u00e1 momentos de ni\u00f1ez e infancia en el diciembre de Guatemala lleno de tradiciones. En Guatemala, las tradiciones y costumbres culturales est\u00e1n profundamente arraigadas en la vida cotidiana y las [&hellip;]<\/p>\n","protected":false},"author":23,"featured_media":15131,"comment_status":"open","ping_status":"open","sticky":false,"template":"","format":"standard","meta":{"_acf_changed":false,"_eb_attr":"","footnotes":""},"categories":[58],"tags":[],"class_list":["post-13476","post","type-post","status-publish","format-standard","has-post-thumbnail","hentry","category-guate-nuestra"],"acf":[],"aioseo_notices":[],"aioseo_head":"\n\t\t<!-- All in One SEO Pro 4.9.6.2 - aioseo.com -->\n\t<meta name=\"description\" content=\"Se calcula que El Baile del Venado surgi\u00f3 hace 1,500 a\u00f1os como un ritual de cacer\u00eda; tiene unos 26 danzantes y en cada localidad donde se celebra tiene distintas caracter\u00edsticas. Tradici\u00f3n en al menos 35 comunidades El Baile del Venado es una danza ritual que surgi\u00f3 hace unos 1,500 a\u00f1os, es decir en plena \u00e9poca\" \/>\n\t<meta name=\"robots\" content=\"max-snippet:-1, max-image-preview:large, max-video-preview:-1\" \/>\n\t<meta name=\"author\" content=\"Beatriz Tercero\"\/>\n\t<link rel=\"canonical\" href=\"https:\/\/soymigrante.com\/revista\/diciembre-trae-rezados-danzas-y-tradiciones-guatemaltecas-que-encienden-nostalgia-migrante\/\" \/>\n\t<meta name=\"generator\" content=\"All in One SEO Pro (AIOSEO) 4.9.6.2\" \/>\n\n\t\t<link rel=\"preconnect\" href=\"https:\/\/fonts.googleapis.com\" crossorigin>\n<link rel=\"preconnect\" href=\"https:\/\/fonts.gstatic.com\" crossorigin>\n\t\t<meta property=\"og:locale\" content=\"es_ES\" \/>\n\t\t<meta property=\"og:site_name\" content=\"SoyMigrante.com REVISTA \u2013 Nuestra misi\u00f3n es reconocer y dignificar al migrante.\" \/>\n\t\t<meta property=\"og:type\" content=\"article\" \/>\n\t\t<meta property=\"og:title\" content=\"Expresiones chapinas: las loas, procesiones, moros... y m\u00e1s\" \/>\n\t\t<meta property=\"og:description\" content=\"Los rezados de la Virgen de Concepci\u00f3n son una expresi\u00f3n de fe que trasciende generaciones en Guatemala. Descubre m\u00e1s desde la nostalgia.\" \/>\n\t\t<meta property=\"og:url\" content=\"https:\/\/soymigrante.com\/revista\/diciembre-trae-rezados-danzas-y-tradiciones-guatemaltecas-que-encienden-nostalgia-migrante\/\" \/>\n\t\t<meta property=\"og:image\" content=\"https:\/\/soymigrante.com\/revista\/wp-content\/uploads\/2024\/11\/virgen-concepcion-quema-diablo-oscar-rivas-4.webp\" \/>\n\t\t<meta property=\"og:image:secure_url\" content=\"https:\/\/soymigrante.com\/revista\/wp-content\/uploads\/2024\/11\/virgen-concepcion-quema-diablo-oscar-rivas-4.webp\" \/>\n\t\t<meta property=\"og:image:width\" content=\"1338\" \/>\n\t\t<meta property=\"og:image:height\" content=\"1338\" \/>\n\t\t<meta property=\"article:published_time\" content=\"2024-12-07T15:48:04+00:00\" \/>\n\t\t<meta property=\"article:modified_time\" content=\"2024-12-07T15:48:05+00:00\" \/>\n\t\t<meta property=\"article:publisher\" content=\"https:\/\/www.facebook.com\/soymigrantecom\" \/>\n\t\t<meta name=\"twitter:card\" content=\"summary_large_image\" \/>\n\t\t<meta name=\"twitter:site\" content=\"@SoyMigrante_com\" \/>\n\t\t<meta name=\"twitter:title\" content=\"Expresiones chapinas: las loas, procesiones, moros... y m\u00e1s\" \/>\n\t\t<meta name=\"twitter:description\" content=\"Los rezados de la Virgen de Concepci\u00f3n son una expresi\u00f3n de fe que trasciende generaciones en Guatemala. Descubre m\u00e1s desde la nostalgia.\" \/>\n\t\t<meta name=\"twitter:creator\" content=\"@SoyMigrante_com\" \/>\n\t\t<meta name=\"twitter:image\" content=\"https:\/\/soymigrante.com\/revista\/wp-content\/uploads\/2024\/11\/virgen-concepcion-quema-diablo-oscar-rivas-4.webp\" \/>\n\t\t<!-- All in One SEO Pro -->\r\n\t\t<title>Expresiones chapinas: las loas, procesiones, moros... y m\u00e1s<\/title>\n\n","aioseo_head_json":{"title":"Expresiones chapinas: las loas, procesiones, moros... y m\u00e1s","description":"Los rezados de la Virgen de Concepci\u00f3n son una expresi\u00f3n de fe que trasciende generaciones en Guatemala. Descubre m\u00e1s desde la nostalgia.","canonical_url":"https:\/\/soymigrante.com\/revista\/diciembre-trae-rezados-danzas-y-tradiciones-guatemaltecas-que-encienden-nostalgia-migrante\/","robots":"max-snippet:-1, max-image-preview:large, max-video-preview:-1","keywords":"","webmasterTools":{"miscellaneous":"&lt;link rel=\"preconnect\" href=\"https:\/\/fonts.googleapis.com\" crossorigin&gt;\n&lt;link rel=\"preconnect\" href=\"https:\/\/fonts.gstatic.com\" crossorigin&gt;"},"schema":null,"og:locale":"es_ES","og:site_name":"SoyMigrante.com REVISTA \u2013 Nuestra misi\u00f3n es reconocer y dignificar al migrante.","og:type":"article","og:title":"Expresiones chapinas: las loas, procesiones, moros... y m\u00e1s","og:description":"Los rezados de la Virgen de Concepci\u00f3n son una expresi\u00f3n de fe que trasciende generaciones en Guatemala. Descubre m\u00e1s desde la nostalgia.","og:url":"https:\/\/soymigrante.com\/revista\/diciembre-trae-rezados-danzas-y-tradiciones-guatemaltecas-que-encienden-nostalgia-migrante\/","og:image":"https:\/\/soymigrante.com\/revista\/wp-content\/uploads\/2024\/11\/virgen-concepcion-quema-diablo-oscar-rivas-4.webp","og:image:secure_url":"https:\/\/soymigrante.com\/revista\/wp-content\/uploads\/2024\/11\/virgen-concepcion-quema-diablo-oscar-rivas-4.webp","og:image:width":1338,"og:image:height":1338,"article:published_time":"2024-12-07T15:48:04+00:00","article:modified_time":"2024-12-07T15:48:05+00:00","article:publisher":"https:\/\/www.facebook.com\/soymigrantecom","twitter:card":"summary_large_image","twitter:site":"@SoyMigrante_com","twitter:title":"Expresiones chapinas: las loas, procesiones, moros... y m\u00e1s","twitter:description":"Los rezados de la Virgen de Concepci\u00f3n son una expresi\u00f3n de fe que trasciende generaciones en Guatemala. Descubre m\u00e1s desde la nostalgia.","twitter:creator":"@SoyMigrante_com","twitter:image":"https:\/\/soymigrante.com\/revista\/wp-content\/uploads\/2024\/11\/virgen-concepcion-quema-diablo-oscar-rivas-4.webp"},"aioseo_meta_data":{"post_id":"13476","title":"Expresiones chapinas: las loas, procesiones, moros... y m\u00e1s","description":"Los rezados de la Virgen de Concepci\u00f3n son una expresi\u00f3n de fe que trasciende generaciones en Guatemala. Descubre m\u00e1s desde la nostalgia.","keywords":null,"keyphrases":{"focus":{"keyphrase":"Tradiciones","score":51,"analysis":{"keyphraseInTitle":{"score":3,"maxScore":9,"error":1},"keyphraseInDescription":{"score":3,"maxScore":9,"error":1},"keyphraseLength":{"score":9,"maxScore":9,"error":0,"length":1},"keyphraseInURL":{"score":5,"maxScore":5,"error":0},"keyphraseInIntroduction":{"score":9,"maxScore":9,"error":0},"keyphraseInSubHeadings":{"score":3,"maxScore":9,"error":1},"keyphraseInImageAlt":{"score":3,"maxScore":9,"error":1},"keywordDensity":{"score":0,"type":"low","maxScore":9,"error":1}}},"additional":[{"keyphrase":"rezado de concepci\u00f3n","score":53,"analysis":{"keyphraseInDescription":{"score":3,"maxScore":9,"error":1},"keyphraseLength":{"score":9,"maxScore":9,"error":0,"length":4},"keyphraseInIntroduction":{"score":3,"maxScore":9,"error":1},"keyphraseInImageAlt":{"score":9,"maxScore":9,"error":0},"keywordDensity":{"score":0,"type":"low","maxScore":9,"error":1}}},{"keyphrase":"soy migrante","score":40,"analysis":{"keyphraseInDescription":{"score":3,"maxScore":9,"error":1},"keyphraseLength":{"score":9,"maxScore":9,"error":0,"length":2},"keyphraseInIntroduction":{"score":3,"maxScore":9,"error":1},"keyphraseInImageAlt":{"score":3,"maxScore":9,"error":1},"keywordDensity":{"score":0,"type":"low","maxScore":9,"error":1}}},{"keyphrase":"tradiciones mayas","score":40,"analysis":{"keyphraseInDescription":{"score":3,"maxScore":9,"error":1},"keyphraseLength":{"score":9,"maxScore":9,"error":0,"length":2},"keyphraseInIntroduction":{"score":3,"maxScore":9,"error":1},"keyphraseInImageAlt":{"score":3,"maxScore":9,"error":1},"keywordDensity":{"score":0,"type":"low","maxScore":9,"error":1}}},{"keyphrase":"Migrante","score":40,"analysis":{"keyphraseInDescription":{"score":3,"maxScore":9,"error":1},"keyphraseLength":{"score":9,"maxScore":9,"error":0,"length":1},"keyphraseInIntroduction":{"score":3,"maxScore":9,"error":1},"keyphraseInImageAlt":{"score":3,"maxScore":9,"error":1},"keywordDensity":{"score":0,"type":"low","maxScore":9,"error":1}}},{"keyphrase":"Nostalgia","score":53,"analysis":{"keyphraseInDescription":{"score":9,"maxScore":9,"error":0},"keyphraseLength":{"score":9,"maxScore":9,"error":0,"length":1},"keyphraseInIntroduction":{"score":3,"maxScore":9,"error":1},"keyphraseInImageAlt":{"score":3,"maxScore":9,"error":1},"keywordDensity":{"score":0,"type":"low","maxScore":9,"error":1}}}]},"primary_term":null,"canonical_url":null,"og_title":null,"og_description":null,"og_object_type":"default","og_image_type":"default","og_image_url":null,"og_image_width":null,"og_image_height":null,"og_image_custom_url":null,"og_image_custom_fields":null,"og_video":"","og_custom_url":null,"og_article_section":null,"og_article_tags":null,"twitter_use_og":false,"twitter_card":"default","twitter_image_type":"default","twitter_image_url":null,"twitter_image_custom_url":null,"twitter_image_custom_fields":null,"twitter_title":null,"twitter_description":null,"schema":{"blockGraphs":[],"customGraphs":[],"default":{"data":{"Article":[],"Course":[],"Dataset":[],"FAQPage":[],"Movie":[],"Person":[],"Product":[],"ProductReview":[],"Car":[],"Recipe":[],"Service":[],"SoftwareApplication":[],"WebPage":[]},"graphName":"Article","isEnabled":true},"graphs":[]},"schema_type":"default","schema_type_options":null,"pillar_content":false,"robots_default":true,"robots_noindex":false,"robots_noarchive":false,"robots_nosnippet":false,"robots_nofollow":false,"robots_noimageindex":false,"robots_noodp":false,"robots_notranslate":false,"robots_max_snippet":"-1","robots_max_videopreview":"-1","robots_max_imagepreview":"large","priority":null,"frequency":"default","local_seo":null,"seo_analyzer_scan_date":"2025-10-09 00:52:02","breadcrumb_settings":null,"limit_modified_date":false,"reviewed_by":null,"open_ai":"{\"title\":{\"suggestions\":[],\"usage\":0},\"description\":{\"suggestions\":[],\"usage\":0}}","ai":null,"created":"2024-11-18 04:39:24","updated":"2026-02-04 18:18:22"},"aioseo_breadcrumb":"<div class=\"aioseo-breadcrumbs\"><span class=\"aioseo-breadcrumb\">\n\t<a href=\"https:\/\/soymigrante.com\/revista\" title=\"Home\">Home<\/a>\n<\/span><span class=\"aioseo-breadcrumb-separator\">\u00bb<\/span><span class=\"aioseo-breadcrumb\">\n\t<a href=\"https:\/\/soymigrante.com\/revista\/category\/guate-nuestra\/\" title=\"Guate Nuestra\">Guate Nuestra<\/a>\n<\/span><span class=\"aioseo-breadcrumb-separator\">\u00bb<\/span><span class=\"aioseo-breadcrumb\">\n\tLa quema del diablo y otras tradiciones de diciembre que encienden la nostalgia migrante\n<\/span><\/div>","aioseo_breadcrumb_json":[{"label":"Home","link":"https:\/\/soymigrante.com\/revista"},{"label":"Guate Nuestra","link":"https:\/\/soymigrante.com\/revista\/category\/guate-nuestra\/"},{"label":"La quema del diablo y otras tradiciones de diciembre que encienden la nostalgia migrante","link":"https:\/\/soymigrante.com\/revista\/diciembre-trae-rezados-danzas-y-tradiciones-guatemaltecas-que-encienden-nostalgia-migrante\/"}],"_links":{"self":[{"href":"https:\/\/soymigrante.com\/revista\/wp-json\/wp\/v2\/posts\/13476","targetHints":{"allow":["GET"]}}],"collection":[{"href":"https:\/\/soymigrante.com\/revista\/wp-json\/wp\/v2\/posts"}],"about":[{"href":"https:\/\/soymigrante.com\/revista\/wp-json\/wp\/v2\/types\/post"}],"author":[{"embeddable":true,"href":"https:\/\/soymigrante.com\/revista\/wp-json\/wp\/v2\/users\/23"}],"replies":[{"embeddable":true,"href":"https:\/\/soymigrante.com\/revista\/wp-json\/wp\/v2\/comments?post=13476"}],"version-history":[{"count":0,"href":"https:\/\/soymigrante.com\/revista\/wp-json\/wp\/v2\/posts\/13476\/revisions"}],"wp:featuredmedia":[{"embeddable":true,"href":"https:\/\/soymigrante.com\/revista\/wp-json\/wp\/v2\/media\/15131"}],"wp:attachment":[{"href":"https:\/\/soymigrante.com\/revista\/wp-json\/wp\/v2\/media?parent=13476"}],"wp:term":[{"taxonomy":"category","embeddable":true,"href":"https:\/\/soymigrante.com\/revista\/wp-json\/wp\/v2\/categories?post=13476"},{"taxonomy":"post_tag","embeddable":true,"href":"https:\/\/soymigrante.com\/revista\/wp-json\/wp\/v2\/tags?post=13476"}],"curies":[{"name":"wp","href":"https:\/\/api.w.org\/{rel}","templated":true}]}}