{"id":1346,"date":"2023-06-12T06:05:53","date_gmt":"2023-06-12T06:05:53","guid":{"rendered":"https:\/\/soymigrante.com\/revista\/?p=1346"},"modified":"2024-07-31T18:13:58","modified_gmt":"2024-08-01T00:13:58","slug":"gobierno-de-guatemala-sin-actuar-ni-pronunciarse-ante-ley-antimigrantes-de-florida","status":"publish","type":"post","link":"https:\/\/soymigrante.com\/revista\/gobierno-de-guatemala-sin-actuar-ni-pronunciarse-ante-ley-antimigrantes-de-florida\/","title":{"rendered":"Gobierno de Guatemala sigue sin auxiliar a connacionales ante ley antimigrante de Florida"},"content":{"rendered":"\t\t<div data-elementor-type=\"wp-post\" data-elementor-id=\"1346\" class=\"elementor elementor-1346\" data-elementor-post-type=\"post\">\n\t\t\t\t\t\t<section data-particle_enable=\"false\" data-particle-mobile-disabled=\"false\" class=\"elementor-section elementor-top-section elementor-element elementor-element-755433c elementor-section-boxed elementor-section-height-default elementor-section-height-default\" data-id=\"755433c\" data-element_type=\"section\" data-e-type=\"section\">\n\t\t\t\t\t\t<div class=\"elementor-container elementor-column-gap-default\">\n\t\t\t\t\t<div class=\"elementor-column elementor-col-100 elementor-top-column elementor-element elementor-element-91fc52a\" data-id=\"91fc52a\" data-element_type=\"column\" data-e-type=\"column\">\n\t\t\t<div class=\"elementor-widget-wrap elementor-element-populated\">\n\t\t\t\t\t\t<div class=\"elementor-element elementor-element-235639f elementor-widget elementor-widget-heading\" data-id=\"235639f\" data-element_type=\"widget\" data-e-type=\"widget\" data-widget_type=\"heading.default\">\n\t\t\t\t\t<h2 class=\"elementor-heading-title elementor-size-default\">A pesar de que la ley antimigrante aprobada por el gobernador de Florida Ron De Santis entra en vigencia el 1 de julio, no existe pronunciamiento ni estrategia conocida del Gobierno de Guatemala en favor de migrantes guatemaltecos <\/h2>\t\t\t\t<\/div>\n\t\t\t\t\t<\/div>\n\t\t<\/div>\n\t\t\t\t\t<\/div>\n\t\t<\/section>\n\t\t\t\t<section data-particle_enable=\"false\" data-particle-mobile-disabled=\"false\" class=\"elementor-section elementor-top-section elementor-element elementor-element-0184730 elementor-section-boxed elementor-section-height-default elementor-section-height-default\" data-id=\"0184730\" data-element_type=\"section\" data-e-type=\"section\">\n\t\t\t\t\t\t<div class=\"elementor-container elementor-column-gap-default\">\n\t\t\t\t\t<div class=\"elementor-column elementor-col-100 elementor-top-column elementor-element elementor-element-e4c43ea\" data-id=\"e4c43ea\" data-element_type=\"column\" data-e-type=\"column\">\n\t\t\t<div class=\"elementor-widget-wrap elementor-element-populated\">\n\t\t\t\t\t\t<div class=\"elementor-element elementor-element-6918142 elementor-widget elementor-widget-text-editor\" data-id=\"6918142\" data-element_type=\"widget\" data-e-type=\"widget\" data-widget_type=\"text-editor.default\">\n\t\t\t\t\t\t\t\t\t<p>Po<b>r Fernando Castro, analista de migraci\u00f3n<\/b><\/p>\t\t\t\t\t\t\t\t<\/div>\n\t\t\t\t\t<\/div>\n\t\t<\/div>\n\t\t\t\t\t<\/div>\n\t\t<\/section>\n\t\t\t\t<section data-particle_enable=\"false\" data-particle-mobile-disabled=\"false\" class=\"elementor-section elementor-top-section elementor-element elementor-element-b9ca7ff elementor-section-boxed elementor-section-height-default elementor-section-height-default\" data-id=\"b9ca7ff\" data-element_type=\"section\" data-e-type=\"section\">\n\t\t\t\t\t\t<div class=\"elementor-container elementor-column-gap-default\">\n\t\t\t\t\t<div class=\"elementor-column elementor-col-100 elementor-top-column elementor-element elementor-element-44dbb6c\" data-id=\"44dbb6c\" data-element_type=\"column\" data-e-type=\"column\">\n\t\t\t<div class=\"elementor-widget-wrap\">\n\t\t\t\t\t\t\t<\/div>\n\t\t<\/div>\n\t\t\t\t\t<\/div>\n\t\t<\/section>\n\t\t\t\t<section data-particle_enable=\"false\" data-particle-mobile-disabled=\"false\" class=\"elementor-section elementor-top-section elementor-element elementor-element-e804fc5 elementor-section-boxed elementor-section-height-default elementor-section-height-default\" data-id=\"e804fc5\" data-element_type=\"section\" data-e-type=\"section\">\n\t\t\t\t\t\t<div class=\"elementor-container elementor-column-gap-default\">\n\t\t\t\t\t<div class=\"elementor-column elementor-col-100 elementor-top-column elementor-element elementor-element-d010583\" data-id=\"d010583\" data-element_type=\"column\" data-e-type=\"column\">\n\t\t\t<div class=\"elementor-widget-wrap elementor-element-populated\">\n\t\t\t\t\t\t<div class=\"elementor-element elementor-element-9551524 elementor-widget elementor-widget-text-editor\" data-id=\"9551524\" data-element_type=\"widget\" data-e-type=\"widget\" data-widget_type=\"text-editor.default\">\n\t\t\t\t\t\t\t\t\t<p><span style=\"background-color: var(--ak-bg-color); color: var( --e-global-color-text );\">La Ley antimigrante SB 1718, entrar\u00e1 en vigencia el 1 de julio del 2023 en el Estado de Florida, Estados Unidos. Esta norma tiene contemplados castigos severos tanto para migrantes como para quienes los asisten, incluidas organizaciones religiosas o personas.\u00a0 Ante esto \u00bfqu\u00e9 estrategia ha elaborado el Ministerio de Relaciones Exteriores de Guatemalasi es que la tiene como gobierno y porqu\u00e9 no la da a conocer?<\/span><\/p>\t\t\t\t\t\t\t\t<\/div>\n\t\t\t\t\t<\/div>\n\t\t<\/div>\n\t\t\t\t\t<\/div>\n\t\t<\/section>\n\t\t\t\t<section data-particle_enable=\"false\" data-particle-mobile-disabled=\"false\" class=\"elementor-section elementor-top-section elementor-element elementor-element-ba5678a elementor-section-boxed elementor-section-height-default elementor-section-height-default\" data-id=\"ba5678a\" data-element_type=\"section\" data-e-type=\"section\">\n\t\t\t\t\t\t<div class=\"elementor-container elementor-column-gap-default\">\n\t\t\t\t\t<div class=\"elementor-column elementor-col-100 elementor-top-column elementor-element elementor-element-5ba84d8\" data-id=\"5ba84d8\" data-element_type=\"column\" data-e-type=\"column\">\n\t\t\t<div class=\"elementor-widget-wrap elementor-element-populated\">\n\t\t\t\t\t\t<div class=\"elementor-element elementor-element-8c691f5 elementor-widget elementor-widget-facebook-embed\" data-id=\"8c691f5\" data-element_type=\"widget\" data-e-type=\"widget\" data-settings=\"{&quot;motion_fx_motion_fx_mouse&quot;:&quot;yes&quot;}\" data-widget_type=\"facebook-embed.default\">\n\t\t\t\t\t<div style=\"min-height: 1px\" class=\"elementor-facebook-widget fb-post\" data-href=\"https:\/\/www.facebook.com\/flimmigrant\/videos\/1587786338722537\" data-show-text=\"true\"><\/div>\t\t\t\t<\/div>\n\t\t\t\t\t<\/div>\n\t\t<\/div>\n\t\t\t\t\t<\/div>\n\t\t<\/section>\n\t\t\t\t<section data-particle_enable=\"false\" data-particle-mobile-disabled=\"false\" class=\"elementor-section elementor-top-section elementor-element elementor-element-2c90495 elementor-section-boxed elementor-section-height-default elementor-section-height-default\" data-id=\"2c90495\" data-element_type=\"section\" data-e-type=\"section\">\n\t\t\t\t\t\t<div class=\"elementor-container elementor-column-gap-default\">\n\t\t\t\t\t<div class=\"elementor-column elementor-col-100 elementor-top-column elementor-element elementor-element-806b551\" data-id=\"806b551\" data-element_type=\"column\" data-e-type=\"column\">\n\t\t\t<div class=\"elementor-widget-wrap elementor-element-populated\">\n\t\t\t\t\t\t<div class=\"elementor-element elementor-element-9e09c2c elementor-widget elementor-widget-text-editor\" data-id=\"9e09c2c\" data-element_type=\"widget\" data-e-type=\"widget\" data-widget_type=\"text-editor.default\">\n\t\t\t\t\t\t\t\t\t<p><span style=\"font-family: Roboto, sans-serif; font-size: 16px; font-style: normal; font-variant-ligatures: normal; font-variant-caps: normal; font-weight: 400; color: var( --e-global-color-text ); background-color: var(--ak-bg-color);\">Previ\u00f3 a la vigencia tal ley,\u00a0 organizaciones pro inmigrantes, han convocado a manifestaciones y realizar pronunciamientos. Tan preocupante es, que el propio canciller mexicano Marcelo Ebrard, se hizo presente en Florida, reuni\u00e9ndose con m\u00e1s de 1,200 trabajadores inmigrantes mexicanos, ofreciendo asistencia y protecci\u00f3n consular.\u00a0<\/span><\/p><p><span style=\"background-color: var(--ak-bg-color); color: var( --e-global-color-text ); font-family: Roboto, sans-serif; font-size: 16px; font-style: normal; font-variant-ligatures: normal; font-variant-caps: normal; font-weight: 400;\">Ebrard anunci\u00f3 un pr\u00f3ximo encuentro entre dirigentes comunitarios y autoridades en Miami, para dise\u00f1ar una estrategia de acci\u00f3n frente a iniciativas y leyes antimigrantes y racistas en Estados Unidos.<\/span><\/p>\t\t\t\t\t\t\t\t<\/div>\n\t\t\t\t\t<\/div>\n\t\t<\/div>\n\t\t\t\t\t<\/div>\n\t\t<\/section>\n\t\t\t\t<section data-particle_enable=\"false\" data-particle-mobile-disabled=\"false\" class=\"elementor-section elementor-top-section elementor-element elementor-element-4e8d7a0 elementor-section-boxed elementor-section-height-default elementor-section-height-default\" data-id=\"4e8d7a0\" data-element_type=\"section\" data-e-type=\"section\">\n\t\t\t\t\t\t<div class=\"elementor-container elementor-column-gap-default\">\n\t\t\t\t\t<div class=\"elementor-column elementor-col-100 elementor-top-column elementor-element elementor-element-5cd7d90\" data-id=\"5cd7d90\" data-element_type=\"column\" data-e-type=\"column\">\n\t\t\t<div class=\"elementor-widget-wrap elementor-element-populated\">\n\t\t\t\t\t\t<div class=\"elementor-element elementor-element-1e57966 elementor-widget elementor-widget-image\" data-id=\"1e57966\" data-element_type=\"widget\" data-e-type=\"widget\" data-widget_type=\"image.default\">\n\t\t\t\t\t\t\t\t\t\t\t\t<figure class=\"wp-caption\">\n\t\t\t\t\t\t\t\t\t\t\t<a href=\"https:\/\/twitter.com\/FLImmigrant\/status\/1666079494812184576\/photo\/1\">\n\t\t\t\t\t\t\t<img fetchpriority=\"high\" decoding=\"async\" width=\"1024\" height=\"683\" src=\"https:\/\/soymigrante.com\/revista\/wp-content\/uploads\/2023\/06\/Trabajadores-de-inmokalee-Florida-protestan-contra-ley-SB1718-1024x683.webp\" class=\"attachment-large size-large wp-image-1347\" alt=\"Trabajadores de Inmokalee, Florida, protestaron el 7 de junio contra la ley antimigrante SB1718. Pueden observarse banderas guatemaltecas.\" srcset=\"https:\/\/soymigrante.com\/revista\/wp-content\/uploads\/2023\/06\/Trabajadores-de-inmokalee-Florida-protestan-contra-ley-SB1718-1024x683.webp 1024w, https:\/\/soymigrante.com\/revista\/wp-content\/uploads\/2023\/06\/Trabajadores-de-inmokalee-Florida-protestan-contra-ley-SB1718-300x200.webp 300w, https:\/\/soymigrante.com\/revista\/wp-content\/uploads\/2023\/06\/Trabajadores-de-inmokalee-Florida-protestan-contra-ley-SB1718-768x512.webp 768w, https:\/\/soymigrante.com\/revista\/wp-content\/uploads\/2023\/06\/Trabajadores-de-inmokalee-Florida-protestan-contra-ley-SB1718-1536x1024.webp 1536w, https:\/\/soymigrante.com\/revista\/wp-content\/uploads\/2023\/06\/Trabajadores-de-inmokalee-Florida-protestan-contra-ley-SB1718-scaled.webp 1920w, https:\/\/soymigrante.com\/revista\/wp-content\/uploads\/2023\/06\/Trabajadores-de-inmokalee-Florida-protestan-contra-ley-SB1718-750x500.webp 750w, https:\/\/soymigrante.com\/revista\/wp-content\/uploads\/2023\/06\/Trabajadores-de-inmokalee-Florida-protestan-contra-ley-SB1718-1140x760.webp 1140w, https:\/\/soymigrante.com\/revista\/wp-content\/uploads\/2023\/06\/Trabajadores-de-inmokalee-Florida-protestan-contra-ley-SB1718-600x400.webp 600w\" sizes=\"(max-width: 1024px) 100vw, 1024px\" \/>\t\t\t\t\t\t\t\t<\/a>\n\t\t\t\t\t\t\t\t\t\t\t<figcaption class=\"widget-image-caption wp-caption-text\">Trabajadores migrantes de  Inmokalee, Florida, protestan contra la ley antimigrante SB1718. En la manifestaci\u00f3n del 7 de junio pudieron observarse banderas de Guatemala (Fotograf\u00eda Twitter @FLImmigrant)<\/figcaption>\n\t\t\t\t\t\t\t\t\t\t<\/figure>\n\t\t\t\t\t\t\t\t\t<\/div>\n\t\t\t\t\t<\/div>\n\t\t<\/div>\n\t\t\t\t\t<\/div>\n\t\t<\/section>\n\t\t\t\t<section data-particle_enable=\"false\" data-particle-mobile-disabled=\"false\" class=\"elementor-section elementor-top-section elementor-element elementor-element-d1fc89d elementor-section-boxed elementor-section-height-default elementor-section-height-default\" data-id=\"d1fc89d\" data-element_type=\"section\" data-e-type=\"section\">\n\t\t\t\t\t\t<div class=\"elementor-container elementor-column-gap-default\">\n\t\t\t\t\t<div class=\"elementor-column elementor-col-100 elementor-top-column elementor-element elementor-element-140743f\" data-id=\"140743f\" data-element_type=\"column\" data-e-type=\"column\">\n\t\t\t<div class=\"elementor-widget-wrap elementor-element-populated\">\n\t\t\t\t\t\t<div class=\"elementor-element elementor-element-f09f7cf elementor-widget elementor-widget-heading\" data-id=\"f09f7cf\" data-element_type=\"widget\" data-e-type=\"widget\" data-widget_type=\"heading.default\">\n\t\t\t\t\t<h2 class=\"elementor-heading-title elementor-size-default\">Canciller\u00eda guatemalteca sin reaccionar <\/h2>\t\t\t\t<\/div>\n\t\t\t\t\t<\/div>\n\t\t<\/div>\n\t\t\t\t\t<\/div>\n\t\t<\/section>\n\t\t\t\t<section data-particle_enable=\"false\" data-particle-mobile-disabled=\"false\" class=\"elementor-section elementor-top-section elementor-element elementor-element-6cf95a4 elementor-section-boxed elementor-section-height-default elementor-section-height-default\" data-id=\"6cf95a4\" data-element_type=\"section\" data-e-type=\"section\">\n\t\t\t\t\t\t<div class=\"elementor-container elementor-column-gap-default\">\n\t\t\t\t\t<div class=\"elementor-column elementor-col-100 elementor-top-column elementor-element elementor-element-0267584\" data-id=\"0267584\" data-element_type=\"column\" data-e-type=\"column\">\n\t\t\t<div class=\"elementor-widget-wrap elementor-element-populated\">\n\t\t\t\t\t\t<div class=\"elementor-element elementor-element-3ba21b1 elementor-widget elementor-widget-text-editor\" data-id=\"3ba21b1\" data-element_type=\"widget\" data-e-type=\"widget\" data-widget_type=\"text-editor.default\">\n\t\t\t\t\t\t\t\t\t<p><span style=\"background-color: var(--ak-bg-color);\">El canciller mexicano se comprometi\u00f3 a fortalecer la participaci\u00f3n y orientaci\u00f3n del Gobierno mexicano en c\u00f3mo defender a mexicanos en toda la Uni\u00f3n Americana, sobre todo en Florida. &#8220;Va entrar en vigor una ley claramente contraria a nuestra comunidad y que puede dar lugar a muchos abusos&#8221;, dijo.<\/span><\/p><p><span style=\"background-color: var(--ak-bg-color);\">Eso contrasta con que\u00a0<\/span><span style=\"color: var( --e-global-color-text ); background-color: var(--ak-bg-color);\">el Ministerio de Relaciones Exteriores de Guatemala, MINEX, a la fecha, no se ha pronunciado de realizar acciones de orientaci\u00f3n preventiva, o tener una estrategia de acci\u00f3n.<\/span><\/p><p><span style=\"color: var( --e-global-color-text ); background-color: var(--ak-bg-color);\">Este silencio se alarga a pesar de haberse conocido de la aprobaci\u00f3n de la Ley SB 1718 antes del 10 de mayo del presente a\u00f1o, pero a la fecha, pasa inadvertido, para dicha instituci\u00f3n. De no tener, recomiendo que podr\u00eda adherirse al gobierno mexicano, en las acciones a realizar.<\/span><\/p>\t\t\t\t\t\t\t\t<\/div>\n\t\t\t\t\t<\/div>\n\t\t<\/div>\n\t\t\t\t\t<\/div>\n\t\t<\/section>\n\t\t\t\t<section data-particle_enable=\"false\" data-particle-mobile-disabled=\"false\" class=\"elementor-section elementor-top-section elementor-element elementor-element-cd09c5d elementor-section-boxed elementor-section-height-default elementor-section-height-default\" data-id=\"cd09c5d\" data-element_type=\"section\" data-e-type=\"section\">\n\t\t\t\t\t\t<div class=\"elementor-container elementor-column-gap-default\">\n\t\t\t\t\t<div class=\"elementor-column elementor-col-100 elementor-top-column elementor-element elementor-element-ffe3174\" data-id=\"ffe3174\" data-element_type=\"column\" data-e-type=\"column\">\n\t\t\t<div class=\"elementor-widget-wrap elementor-element-populated\">\n\t\t\t\t\t\t<div class=\"elementor-element elementor-element-6178621 elementor-widget elementor-widget-image\" data-id=\"6178621\" data-element_type=\"widget\" data-e-type=\"widget\" data-widget_type=\"image.default\">\n\t\t\t\t\t\t\t\t\t\t\t\t<figure class=\"wp-caption\">\n\t\t\t\t\t\t\t\t\t\t<img decoding=\"async\" width=\"1024\" height=\"683\" src=\"https:\/\/soymigrante.com\/revista\/wp-content\/uploads\/2023\/06\/UNION-OF-INMOKALEE-WORKERS-7-DE-JUNIO-1024x683.webp\" class=\"attachment-large size-large wp-image-1348\" alt=\"Uni\u00f3n de Trabajadores de Inmokalee, Florida, protesta contra la ley antimigrante SB1718. Guatemaltecos tambi\u00e9n participaron en esta marcha de 2023.\" srcset=\"https:\/\/soymigrante.com\/revista\/wp-content\/uploads\/2023\/06\/UNION-OF-INMOKALEE-WORKERS-7-DE-JUNIO-1024x683.webp 1024w, https:\/\/soymigrante.com\/revista\/wp-content\/uploads\/2023\/06\/UNION-OF-INMOKALEE-WORKERS-7-DE-JUNIO-300x200.webp 300w, https:\/\/soymigrante.com\/revista\/wp-content\/uploads\/2023\/06\/UNION-OF-INMOKALEE-WORKERS-7-DE-JUNIO-768x512.webp 768w, https:\/\/soymigrante.com\/revista\/wp-content\/uploads\/2023\/06\/UNION-OF-INMOKALEE-WORKERS-7-DE-JUNIO-1536x1024.webp 1536w, https:\/\/soymigrante.com\/revista\/wp-content\/uploads\/2023\/06\/UNION-OF-INMOKALEE-WORKERS-7-DE-JUNIO-scaled.webp 1920w, https:\/\/soymigrante.com\/revista\/wp-content\/uploads\/2023\/06\/UNION-OF-INMOKALEE-WORKERS-7-DE-JUNIO-750x500.webp 750w, https:\/\/soymigrante.com\/revista\/wp-content\/uploads\/2023\/06\/UNION-OF-INMOKALEE-WORKERS-7-DE-JUNIO-1140x760.webp 1140w, https:\/\/soymigrante.com\/revista\/wp-content\/uploads\/2023\/06\/UNION-OF-INMOKALEE-WORKERS-7-DE-JUNIO-600x400.webp 600w\" sizes=\"(max-width: 1024px) 100vw, 1024px\" \/>\t\t\t\t\t\t\t\t\t\t\t<figcaption class=\"widget-image-caption wp-caption-text\">Uni\u00f3n de Trabajadores de Inmokalee, Florida, protesta contra la ley antimigrante SB1718. Guatemaltecos tambi\u00e9n participaron en esta marcha de 2023.<\/figcaption>\n\t\t\t\t\t\t\t\t\t\t<\/figure>\n\t\t\t\t\t\t\t\t\t<\/div>\n\t\t\t\t\t<\/div>\n\t\t<\/div>\n\t\t\t\t\t<\/div>\n\t\t<\/section>\n\t\t\t\t<section data-particle_enable=\"false\" data-particle-mobile-disabled=\"false\" class=\"elementor-section elementor-top-section elementor-element elementor-element-7600e29 elementor-section-boxed elementor-section-height-default elementor-section-height-default\" data-id=\"7600e29\" data-element_type=\"section\" data-e-type=\"section\">\n\t\t\t\t\t\t<div class=\"elementor-container elementor-column-gap-default\">\n\t\t\t\t\t<div class=\"elementor-column elementor-col-100 elementor-top-column elementor-element elementor-element-1730af4\" data-id=\"1730af4\" data-element_type=\"column\" data-e-type=\"column\">\n\t\t\t<div class=\"elementor-widget-wrap elementor-element-populated\">\n\t\t\t\t\t\t<div class=\"elementor-element elementor-element-611a46a elementor-widget elementor-widget-heading\" data-id=\"611a46a\" data-element_type=\"widget\" data-e-type=\"widget\" data-widget_type=\"heading.default\">\n\t\t\t\t\t<h2 class=\"elementor-heading-title elementor-size-default\">Conamigua tampoco hace nada<\/h2>\t\t\t\t<\/div>\n\t\t\t\t\t<\/div>\n\t\t<\/div>\n\t\t\t\t\t<\/div>\n\t\t<\/section>\n\t\t\t\t<section data-particle_enable=\"false\" data-particle-mobile-disabled=\"false\" class=\"elementor-section elementor-top-section elementor-element elementor-element-410e64d elementor-section-boxed elementor-section-height-default elementor-section-height-default\" data-id=\"410e64d\" data-element_type=\"section\" data-e-type=\"section\">\n\t\t\t\t\t\t<div class=\"elementor-container elementor-column-gap-default\">\n\t\t\t\t\t<div class=\"elementor-column elementor-col-100 elementor-top-column elementor-element elementor-element-cbd18bf\" data-id=\"cbd18bf\" data-element_type=\"column\" data-e-type=\"column\">\n\t\t\t<div class=\"elementor-widget-wrap elementor-element-populated\">\n\t\t\t\t\t\t<div class=\"elementor-element elementor-element-5777f0c elementor-widget elementor-widget-text-editor\" data-id=\"5777f0c\" data-element_type=\"widget\" data-e-type=\"widget\" data-widget_type=\"text-editor.default\">\n\t\t\t\t\t\t\t\t\t<p><span style=\"background-color: var(--ak-bg-color);\">Del Consejo Nacional de Atenci\u00f3n al Migrante de Guatemala, CONAMIGUA, no es de extra\u00f1ar la indiferencia hacia inmigrantes y migrantes, por no generar campa\u00f1as informativas en medios radiales, televisivos y escritos, para advertir a connacionales, sobre los peligros que representa la SB 1718. Es vergonzosa su falta de acci\u00f3n, ya que el Estado de Florida es el que ocupa el segundo lugar de poblaci\u00f3n de inmigrantes guatemaltecos con m\u00e1s de 145,000 .<\/span><\/p><p>Es tal la desinformaci\u00f3n y la falta de acci\u00f3n del gobierno de Guatemala que muchas personas se preguntan a estas alturas:<span style=\"background-color: var(--ak-bg-color); color: var( --e-global-color-text );\">\u00a0\u00bfCu\u00e1ndo entra en vigor la nueva ley SB1718?\u00a0\u00a0<\/span><\/p><p><span style=\"background-color: var(--ak-bg-color); color: var( --e-global-color-text );\">Hay que recordar que muchos inmigrantes guatemaltecos residentes en Florida, que laboran en el campo o la construcci\u00f3n, en servicios, hoteler\u00eda, restaurantes, no conocen muy bien el idioma castellano y menos el idioma ingl\u00e9s.<\/span><\/p><p><span style=\"background-color: var(--ak-bg-color); color: var( --e-global-color-text );\">El gobierno de Guatemala deber\u00eda efectuar campa\u00f1as informativas en idiomas mayas para informarles sobre las implicaciones de esa ley antimigrante, como una responsabilidad social con guatemaltecos residentes en extranjero.<\/span><\/p>\t\t\t\t\t\t\t\t<\/div>\n\t\t\t\t\t<\/div>\n\t\t<\/div>\n\t\t\t\t\t<\/div>\n\t\t<\/section>\n\t\t\t\t<\/div>\n\t\t","protected":false},"excerpt":{"rendered":"<p>A pesar de que la ley antimigrante aprobada por el gobernador de Florida Ron De Santis entra en vigencia el 1 de julio, no existe pronunciamiento ni estrategia conocida del Gobierno de Guatemala en favor de migrantes guatemaltecos Por Fernando Castro, analista de migraci\u00f3n La Ley antimigrante SB 1718, entrar\u00e1 en vigencia el 1 de [&hellip;]<\/p>\n","protected":false},"author":1,"featured_media":1348,"comment_status":"open","ping_status":"open","sticky":false,"template":"","format":"standard","meta":{"_acf_changed":false,"_eb_attr":"","footnotes":""},"categories":[56],"tags":[],"class_list":["post-1346","post","type-post","status-publish","format-standard","has-post-thumbnail","hentry","category-lugar-de-voces"],"acf":[],"aioseo_notices":[],"aioseo_head":"\n\t\t<!-- All in One SEO Pro 4.9.6.2 - aioseo.com -->\n\t<meta name=\"description\" content=\"A pesar de que la ley antimigrante aprobada por el gobernador de Florida Ron De Santis entra en vigencia el 1 de julio, no existe pronunciamiento ni estrategia conocida del Gobierno de Guatemala en favor de migrantes guatemaltecos Por Fernando Castro, analista de migraci\u00f3n La Ley antimigrante SB 1718, entrar\u00e1 en vigencia el 1 de\" \/>\n\t<meta name=\"robots\" content=\"max-snippet:-1, max-image-preview:large, max-video-preview:-1\" \/>\n\t<meta name=\"author\" content=\"SoyMigrante.com REVISTA\"\/>\n\t<link rel=\"canonical\" href=\"https:\/\/soymigrante.com\/revista\/gobierno-de-guatemala-sin-actuar-ni-pronunciarse-ante-ley-antimigrantes-de-florida\/\" \/>\n\t<meta name=\"generator\" content=\"All in One SEO Pro (AIOSEO) 4.9.6.2\" \/>\n\n\t\t<link rel=\"preconnect\" href=\"https:\/\/fonts.googleapis.com\" crossorigin>\n<link rel=\"preconnect\" href=\"https:\/\/fonts.gstatic.com\" crossorigin>\n\t\t<meta property=\"og:locale\" content=\"es_ES\" \/>\n\t\t<meta property=\"og:site_name\" content=\"SoyMigrante.com REVISTA \u2013 Nuestra misi\u00f3n es reconocer y dignificar al migrante.\" \/>\n\t\t<meta property=\"og:type\" content=\"article\" \/>\n\t\t<meta property=\"og:title\" content=\"Gobierno de Guatemala sigue sin auxiliar a connacionales ante ley antimigrante de Florida\" \/>\n\t\t<meta property=\"og:description\" content=\"A pesar de que la ley antimigrante aprobada por el gobernador de Florida Ron De Santis entra en vigencia el 1 de julio, no existe pronunciamiento ni estrategia conocida del Gobierno de Guatemala en favor de migrantes guatemaltecos Por Fernando Castro, analista de migraci\u00f3n La Ley antimigrante SB 1718, entrar\u00e1 en vigencia el 1 de\" \/>\n\t\t<meta property=\"og:url\" content=\"https:\/\/soymigrante.com\/revista\/gobierno-de-guatemala-sin-actuar-ni-pronunciarse-ante-ley-antimigrantes-de-florida\/\" \/>\n\t\t<meta property=\"og:image\" content=\"https:\/\/soymigrante.com\/revista\/wp-content\/uploads\/2023\/06\/UNION-OF-INMOKALEE-WORKERS-7-DE-JUNIO-scaled.webp\" \/>\n\t\t<meta property=\"og:image:secure_url\" content=\"https:\/\/soymigrante.com\/revista\/wp-content\/uploads\/2023\/06\/UNION-OF-INMOKALEE-WORKERS-7-DE-JUNIO-scaled.webp\" \/>\n\t\t<meta property=\"og:image:width\" content=\"1920\" \/>\n\t\t<meta property=\"og:image:height\" content=\"1280\" \/>\n\t\t<meta property=\"article:published_time\" content=\"2023-06-12T06:05:53+00:00\" \/>\n\t\t<meta property=\"article:modified_time\" content=\"2024-08-01T00:13:58+00:00\" \/>\n\t\t<meta property=\"article:publisher\" content=\"https:\/\/www.facebook.com\/soymigrantecom\" \/>\n\t\t<meta name=\"twitter:card\" content=\"summary_large_image\" \/>\n\t\t<meta name=\"twitter:site\" content=\"@SoyMigrante_com\" \/>\n\t\t<meta name=\"twitter:title\" content=\"Gobierno de Guatemala sigue sin auxiliar a connacionales ante ley antimigrante de Florida\" \/>\n\t\t<meta name=\"twitter:description\" content=\"A pesar de que la ley antimigrante aprobada por el gobernador de Florida Ron De Santis entra en vigencia el 1 de julio, no existe pronunciamiento ni estrategia conocida del Gobierno de Guatemala en favor de migrantes guatemaltecos Por Fernando Castro, analista de migraci\u00f3n La Ley antimigrante SB 1718, entrar\u00e1 en vigencia el 1 de\" \/>\n\t\t<meta name=\"twitter:creator\" content=\"@SoyMigrante_com\" \/>\n\t\t<meta name=\"twitter:image\" content=\"https:\/\/soymigrante.com\/revista\/wp-content\/uploads\/2023\/06\/UNION-OF-INMOKALEE-WORKERS-7-DE-JUNIO-scaled.webp\" \/>\n\t\t<!-- All in One SEO Pro -->\r\n\t\t<title>Gobierno de Guatemala sigue sin auxiliar a connacionales ante ley antimigrante de Florida<\/title>\n\n","aioseo_head_json":{"title":"Gobierno de Guatemala sigue sin auxiliar a connacionales ante ley antimigrante de Florida","description":"A pesar de que la ley antimigrante aprobada por el gobernador de Florida Ron De Santis entra en vigencia el 1 de julio, no existe pronunciamiento ni estrategia conocida del Gobierno de Guatemala en favor de migrantes guatemaltecos Por Fernando Castro, analista de migraci\u00f3n La Ley antimigrante SB 1718, entrar\u00e1 en vigencia el 1 de","canonical_url":"https:\/\/soymigrante.com\/revista\/gobierno-de-guatemala-sin-actuar-ni-pronunciarse-ante-ley-antimigrantes-de-florida\/","robots":"max-snippet:-1, max-image-preview:large, max-video-preview:-1","keywords":"","webmasterTools":{"miscellaneous":"&lt;link rel=\"preconnect\" href=\"https:\/\/fonts.googleapis.com\" crossorigin&gt;\n&lt;link rel=\"preconnect\" href=\"https:\/\/fonts.gstatic.com\" crossorigin&gt;"},"schema":null,"og:locale":"es_ES","og:site_name":"SoyMigrante.com REVISTA \u2013 Nuestra misi\u00f3n es reconocer y dignificar al migrante.","og:type":"article","og:title":"Gobierno de Guatemala sigue sin auxiliar a connacionales ante ley antimigrante de Florida","og:description":"A pesar de que la ley antimigrante aprobada por el gobernador de Florida Ron De Santis entra en vigencia el 1 de julio, no existe pronunciamiento ni estrategia conocida del Gobierno de Guatemala en favor de migrantes guatemaltecos Por Fernando Castro, analista de migraci\u00f3n La Ley antimigrante SB 1718, entrar\u00e1 en vigencia el 1 de","og:url":"https:\/\/soymigrante.com\/revista\/gobierno-de-guatemala-sin-actuar-ni-pronunciarse-ante-ley-antimigrantes-de-florida\/","og:image":"https:\/\/soymigrante.com\/revista\/wp-content\/uploads\/2023\/06\/UNION-OF-INMOKALEE-WORKERS-7-DE-JUNIO-scaled.webp","og:image:secure_url":"https:\/\/soymigrante.com\/revista\/wp-content\/uploads\/2023\/06\/UNION-OF-INMOKALEE-WORKERS-7-DE-JUNIO-scaled.webp","og:image:width":1920,"og:image:height":1280,"article:published_time":"2023-06-12T06:05:53+00:00","article:modified_time":"2024-08-01T00:13:58+00:00","article:publisher":"https:\/\/www.facebook.com\/soymigrantecom","twitter:card":"summary_large_image","twitter:site":"@SoyMigrante_com","twitter:title":"Gobierno de Guatemala sigue sin auxiliar a connacionales ante ley antimigrante de Florida","twitter:description":"A pesar de que la ley antimigrante aprobada por el gobernador de Florida Ron De Santis entra en vigencia el 1 de julio, no existe pronunciamiento ni estrategia conocida del Gobierno de Guatemala en favor de migrantes guatemaltecos Por Fernando Castro, analista de migraci\u00f3n La Ley antimigrante SB 1718, entrar\u00e1 en vigencia el 1 de","twitter:creator":"@SoyMigrante_com","twitter:image":"https:\/\/soymigrante.com\/revista\/wp-content\/uploads\/2023\/06\/UNION-OF-INMOKALEE-WORKERS-7-DE-JUNIO-scaled.webp"},"aioseo_meta_data":{"post_id":"1346","title":null,"description":null,"keywords":null,"keyphrases":{"focus":{"keyphrase":"Ley de Florida","score":46,"analysis":{"keyphraseInTitle":{"score":3,"maxScore":9,"error":1},"keyphraseInDescription":{"score":3,"maxScore":9,"error":1},"keyphraseLength":{"score":9,"maxScore":9,"error":0,"length":3},"keyphraseInURL":{"score":1,"maxScore":5,"error":1},"keyphraseInIntroduction":{"score":3,"maxScore":9,"error":1},"keyphraseInSubHeadings":{"score":3,"maxScore":9,"error":1},"keyphraseInImageAlt":{"score":9,"maxScore":9,"error":0},"keywordDensity":{"score":0,"type":"low","maxScore":9,"error":1}}},"additional":[]},"primary_term":null,"canonical_url":null,"og_title":null,"og_description":null,"og_object_type":"default","og_image_type":"default","og_image_url":null,"og_image_width":null,"og_image_height":null,"og_image_custom_url":null,"og_image_custom_fields":null,"og_video":"","og_custom_url":null,"og_article_section":null,"og_article_tags":null,"twitter_use_og":false,"twitter_card":"default","twitter_image_type":"default","twitter_image_url":null,"twitter_image_custom_url":null,"twitter_image_custom_fields":null,"twitter_title":null,"twitter_description":null,"schema":{"blockGraphs":[],"customGraphs":[],"default":{"data":{"Article":[],"Course":[],"Dataset":[],"FAQPage":[],"Movie":[],"Person":[],"Product":[],"ProductReview":[],"Car":[],"Recipe":[],"Service":[],"SoftwareApplication":[],"WebPage":[]},"graphName":"Article","isEnabled":true},"graphs":[]},"schema_type":"default","schema_type_options":null,"pillar_content":false,"robots_default":true,"robots_noindex":false,"robots_noarchive":false,"robots_nosnippet":false,"robots_nofollow":false,"robots_noimageindex":false,"robots_noodp":false,"robots_notranslate":false,"robots_max_snippet":"-1","robots_max_videopreview":"-1","robots_max_imagepreview":"large","priority":null,"frequency":"default","local_seo":null,"seo_analyzer_scan_date":"2025-10-08 19:52:43","breadcrumb_settings":null,"limit_modified_date":false,"reviewed_by":null,"open_ai":"{\"title\":{\"suggestions\":[],\"usage\":0},\"description\":{\"suggestions\":[],\"usage\":0}}","ai":null,"created":"2023-08-18 13:15:28","updated":"2026-02-04 04:36:39"},"aioseo_breadcrumb":"<div class=\"aioseo-breadcrumbs\"><span class=\"aioseo-breadcrumb\">\n\t<a href=\"https:\/\/soymigrante.com\/revista\" title=\"Home\">Home<\/a>\n<\/span><span class=\"aioseo-breadcrumb-separator\">\u00bb<\/span><span class=\"aioseo-breadcrumb\">\n\t<a href=\"https:\/\/soymigrante.com\/revista\/category\/estamos-unidos\/\" title=\"Estamos Unidos\">Estamos Unidos<\/a>\n<\/span><span class=\"aioseo-breadcrumb-separator\">\u00bb<\/span><span class=\"aioseo-breadcrumb\">\n\t<a href=\"https:\/\/soymigrante.com\/revista\/category\/estamos-unidos\/lugar-de-voces\/\" title=\"Lugar de Voces\">Lugar de Voces<\/a>\n<\/span><span class=\"aioseo-breadcrumb-separator\">\u00bb<\/span><span class=\"aioseo-breadcrumb\">\n\tGobierno de Guatemala sigue sin auxiliar a connacionales ante ley antimigrante de Florida\n<\/span><\/div>","aioseo_breadcrumb_json":[{"label":"Home","link":"https:\/\/soymigrante.com\/revista"},{"label":"Estamos Unidos","link":"https:\/\/soymigrante.com\/revista\/category\/estamos-unidos\/"},{"label":"Lugar de Voces","link":"https:\/\/soymigrante.com\/revista\/category\/estamos-unidos\/lugar-de-voces\/"},{"label":"Gobierno de Guatemala sigue sin auxiliar a connacionales ante ley antimigrante de Florida","link":"https:\/\/soymigrante.com\/revista\/gobierno-de-guatemala-sin-actuar-ni-pronunciarse-ante-ley-antimigrantes-de-florida\/"}],"_links":{"self":[{"href":"https:\/\/soymigrante.com\/revista\/wp-json\/wp\/v2\/posts\/1346","targetHints":{"allow":["GET"]}}],"collection":[{"href":"https:\/\/soymigrante.com\/revista\/wp-json\/wp\/v2\/posts"}],"about":[{"href":"https:\/\/soymigrante.com\/revista\/wp-json\/wp\/v2\/types\/post"}],"author":[{"embeddable":true,"href":"https:\/\/soymigrante.com\/revista\/wp-json\/wp\/v2\/users\/1"}],"replies":[{"embeddable":true,"href":"https:\/\/soymigrante.com\/revista\/wp-json\/wp\/v2\/comments?post=1346"}],"version-history":[{"count":0,"href":"https:\/\/soymigrante.com\/revista\/wp-json\/wp\/v2\/posts\/1346\/revisions"}],"wp:featuredmedia":[{"embeddable":true,"href":"https:\/\/soymigrante.com\/revista\/wp-json\/wp\/v2\/media\/1348"}],"wp:attachment":[{"href":"https:\/\/soymigrante.com\/revista\/wp-json\/wp\/v2\/media?parent=1346"}],"wp:term":[{"taxonomy":"category","embeddable":true,"href":"https:\/\/soymigrante.com\/revista\/wp-json\/wp\/v2\/categories?post=1346"},{"taxonomy":"post_tag","embeddable":true,"href":"https:\/\/soymigrante.com\/revista\/wp-json\/wp\/v2\/tags?post=1346"}],"curies":[{"name":"wp","href":"https:\/\/api.w.org\/{rel}","templated":true}]}}