{"id":13457,"date":"2024-11-19T12:06:58","date_gmt":"2024-11-19T18:06:58","guid":{"rendered":"https:\/\/soymigrante.com\/revista\/?p=13457"},"modified":"2024-11-25T18:38:24","modified_gmt":"2024-11-26T00:38:24","slug":"impulsar-la-sabiduria-e-idiomas-mayas-es-el-hilo-del-esfuerzo-de-raxche-rodriguez-en-maya-wuj","status":"publish","type":"post","link":"https:\/\/soymigrante.com\/revista\/impulsar-la-sabiduria-e-idiomas-mayas-es-el-hilo-del-esfuerzo-de-raxche-rodriguez-en-maya-wuj\/","title":{"rendered":"Impulsar la sabidur\u00eda e idiomas mayas es el hilo que teje el esfuerzo de Raxche&#8217; Rodr\u00edguez en Maya&#8217; Wuj"},"content":{"rendered":"\t\t<div data-elementor-type=\"wp-post\" data-elementor-id=\"13457\" class=\"elementor elementor-13457\" data-elementor-post-type=\"post\">\n\t\t\t\t<div data-particle_enable=\"false\" data-particle-mobile-disabled=\"false\" class=\"elementor-element elementor-element-0f5ee90 e-flex e-con-boxed e-con e-parent\" data-id=\"0f5ee90\" data-element_type=\"container\" data-e-type=\"container\">\n\t\t\t\t\t<div class=\"e-con-inner\">\n\t\t\t\t<div class=\"elementor-element elementor-element-9e40bd0 elementor-widget elementor-widget-heading\" data-id=\"9e40bd0\" data-element_type=\"widget\" data-e-type=\"widget\" data-widget_type=\"heading.default\">\n\t\t\t\t\t<h2 class=\"elementor-heading-title elementor-size-default\">De ni\u00f1o, a Raxche' Rodr\u00edguez lo enviaba su mam\u00e1 a comprar hilo para tejer. Esa y otras vivencias le inspiran para seguir impuls\u00e1ndolos idiomas, saberes y tradiciones mayas de Guatemala a trav\u00e9s de la editorial Maya' Wuj,  presente en SoyMigrante.com MERCADO. <\/h2>\t\t\t\t<\/div>\n\t\t\t\t\t<\/div>\n\t\t\t\t<\/div>\n\t\t<div data-particle_enable=\"false\" data-particle-mobile-disabled=\"false\" class=\"elementor-element elementor-element-f376d27 e-flex e-con-boxed e-con e-parent\" data-id=\"f376d27\" data-element_type=\"container\" data-e-type=\"container\">\n\t\t\t\t\t<div class=\"e-con-inner\">\n\t\t\t\t<div class=\"elementor-element elementor-element-5b7f09f elementor-widget elementor-widget-text-editor\" data-id=\"5b7f09f\" data-element_type=\"widget\" data-e-type=\"widget\" data-widget_type=\"text-editor.default\">\n\t\t\t\t\t\t\t\t\t<p>Maya Wuj es una editorial que publica libros de literatura, ciencia, cosmovisi\u00f3n e historia maya. Tambi\u00e9n ha impulsado la difusi\u00f3n del calendario Cholq\u00b4ij desarrollado por esta civilizaci\u00f3n comprendido por 13 meses de 20 d\u00edas cada uno para un total de 260 d\u00edas. Dar a conocer esta riqueza multicultural de Guatemala ha sido la convicci\u00f3n de Raxche&#8217; Rodr\u00edguez Guaj\u00e1n, maya <a href=\"https:\/\/soymigrante.com\/revista\/el-pueblo-kaqchikel-abarca-a-1-millon-68-mil-guatemaltecos\/\">kaqchikel<\/a>\u00a0 y director de Maya Wuj, nacido en Chi Iximche&#8217;, hoy Tecp\u00e1n, Chimaltenango.\u00a0<\/p><p><span style=\"color: var( --e-global-color-text ); text-align: var(--text-align);\"><a href=\"https:\/\/soymigrante.com\/mercado\/marketplace\/seller\/profile\/Maya-Wuj\">La tienda digital de Maya&#8217; Wuj ya est\u00e1 abierta en SoyMigrante.com MERCADO<\/a>, la comunidad en l\u00ednea creada para que emprendedores y compradores guatemaltecos se encuentren: <a href=\"https:\/\/soymigrante.com\/mercado\/\">un proyecto activo, proactivo e innovador para peque\u00f1os negocios y creadores de productos elaborados a mano<\/a>, detr\u00e1s de los cuales siempre hay una historia\u00a0\u00a0y esta es la historia de inspiraci\u00f3n e ideales de Raxche\u00b4, Rodr\u00edguez.\u00a0<\/span><\/p><p><span style=\"color: var( --e-global-color-text ); text-align: var(--text-align);\">Dentro de las ediciones m\u00e1s difundidas de Maya Wuj est\u00e1n <a href=\"https:\/\/soymigrante.com\/revista\/poeta-maya-kiche-migrante-humberto-akabal-fallecio-2019\/\">los poemas y relatos de Humberto Ak&#8217;abal (1952-2019), poeta maya k&#8217;iche,<\/a> pero tambi\u00e9n hay explicaciones del calendario maya para ni\u00f1os y adultos, ensayos, relatos, poemas de otros autores mayas y m\u00e1s, todo con el fin de exaltar una cultura viva, presente y valiosa.<\/span><\/p>\t\t\t\t\t\t\t\t<\/div>\n\t\t\t\t\t<\/div>\n\t\t\t\t<\/div>\n\t\t<div data-particle_enable=\"false\" data-particle-mobile-disabled=\"false\" class=\"elementor-element elementor-element-78c875b e-flex e-con-boxed e-con e-parent\" data-id=\"78c875b\" data-element_type=\"container\" data-e-type=\"container\">\n\t\t\t\t\t<div class=\"e-con-inner\">\n\t\t\t\t<div class=\"elementor-element elementor-element-00333c9 elementor-widget elementor-widget-image\" data-id=\"00333c9\" data-element_type=\"widget\" data-e-type=\"widget\" data-widget_type=\"image.default\">\n\t\t\t\t\t\t\t\t\t\t\t\t<figure class=\"wp-caption\">\n\t\t\t\t\t\t\t\t\t\t<img fetchpriority=\"high\" decoding=\"async\" width=\"768\" height=\"511\" src=\"https:\/\/soymigrante.com\/revista\/wp-content\/uploads\/2024\/11\/raxche-rodriguez-nawal-wuj-2-1024x681.jpg\" class=\"attachment-large size-large wp-image-13695\" alt=\"Hombre en conferencia, hablando con micr\u00f3fono y portapapeles en mano, en evento de revista SoyMigrante.com REVISTA.\" srcset=\"https:\/\/soymigrante.com\/revista\/wp-content\/uploads\/2024\/11\/raxche-rodriguez-nawal-wuj-2-1024x681.jpg 1024w, https:\/\/soymigrante.com\/revista\/wp-content\/uploads\/2024\/11\/raxche-rodriguez-nawal-wuj-2-300x199.jpg 300w, https:\/\/soymigrante.com\/revista\/wp-content\/uploads\/2024\/11\/raxche-rodriguez-nawal-wuj-2-768x510.jpg 768w, https:\/\/soymigrante.com\/revista\/wp-content\/uploads\/2024\/11\/raxche-rodriguez-nawal-wuj-2-1536x1021.jpg 1536w, https:\/\/soymigrante.com\/revista\/wp-content\/uploads\/2024\/11\/raxche-rodriguez-nawal-wuj-2-750x498.webp 750w, https:\/\/soymigrante.com\/revista\/wp-content\/uploads\/2024\/11\/raxche-rodriguez-nawal-wuj-2-1140x758.webp 1140w, https:\/\/soymigrante.com\/revista\/wp-content\/uploads\/2024\/11\/raxche-rodriguez-nawal-wuj-2.webp 1920w\" sizes=\"(max-width: 768px) 100vw, 768px\" title=\"El editor k&#039;aqchikel Raxch\u00e9 Rodr\u00edguez impulsa el desarrollo y conservaci\u00f3n de la cultura maya, sus idiomas, cosmovisi\u00f3n y valores. \u2013 SoyMigrante.com REVISTA\" \/>\t\t\t\t\t\t\t\t\t\t\t<figcaption class=\"widget-image-caption wp-caption-text\">Hombre en evento de SoyMigrante.com REVISTA hablando con micr\u00f3fono en mano.<\/figcaption>\n\t\t\t\t\t\t\t\t\t\t<\/figure>\n\t\t\t\t\t\t\t\t\t<\/div>\n\t\t\t\t\t<\/div>\n\t\t\t\t<\/div>\n\t\t<div data-particle_enable=\"false\" data-particle-mobile-disabled=\"false\" class=\"elementor-element elementor-element-20e417e e-flex e-con-boxed e-con e-parent\" data-id=\"20e417e\" data-element_type=\"container\" data-e-type=\"container\">\n\t\t\t\t\t<div class=\"e-con-inner\">\n\t\t\t\t<div class=\"elementor-element elementor-element-d86c1f2 elementor-align-center elementor-widget elementor-widget-global elementor-global-14402 elementor-widget-button\" data-id=\"d86c1f2\" data-element_type=\"widget\" data-e-type=\"widget\" data-widget_type=\"button.default\">\n\t\t\t\t\t\t\t\t\t\t<a class=\"elementor-button elementor-button-link elementor-size-sm\" href=\"https:\/\/soymigrante.com\/mercado\/marketplace\/seller\/register\">\n\t\t\t\t\t\t<span class=\"elementor-button-content-wrapper\">\n\t\t\t\t\t\t<span class=\"elementor-button-icon\">\n\t\t\t\t<i aria-hidden=\"true\" class=\"fas fa-cart-arrow-down\"><\/i>\t\t\t<\/span>\n\t\t\t\t\t\t\t\t\t<span class=\"elementor-button-text\">\u00bfERES EMPRENDEDOR Y QUIERES ENTRAR AL COMERCIO DIGITAL? NO ESPERES M\u00c1S Y  ABRE TU TIENDA DIGITAL  EN SOYMIGRANTE.COM\/MERCADO <\/span>\n\t\t\t\t\t<\/span>\n\t\t\t\t\t<\/a>\n\t\t\t\t\t\t\t\t<\/div>\n\t\t\t\t\t<\/div>\n\t\t\t\t<\/div>\n\t\t<div data-particle_enable=\"false\" data-particle-mobile-disabled=\"false\" class=\"elementor-element elementor-element-c0ef630 e-flex e-con-boxed e-con e-parent\" data-id=\"c0ef630\" data-element_type=\"container\" data-e-type=\"container\">\n\t\t\t\t\t<div class=\"e-con-inner\">\n\t\t\t\t<div class=\"elementor-element elementor-element-4150306 elementor-widget elementor-widget-heading\" data-id=\"4150306\" data-element_type=\"widget\" data-e-type=\"widget\" data-widget_type=\"heading.default\">\n\t\t\t\t\t<h3 class=\"elementor-heading-title elementor-size-default\">El ni\u00f1o que pastoreaba bueyes y le\u00eda libros<\/h3>\t\t\t\t<\/div>\n\t\t\t\t\t<\/div>\n\t\t\t\t<\/div>\n\t\t<div data-particle_enable=\"false\" data-particle-mobile-disabled=\"false\" class=\"elementor-element elementor-element-9204742 e-flex e-con-boxed e-con e-parent\" data-id=\"9204742\" data-element_type=\"container\" data-e-type=\"container\">\n\t\t\t\t\t<div class=\"e-con-inner\">\n\t\t\t\t<div class=\"elementor-element elementor-element-e40621f elementor-widget elementor-widget-text-editor\" data-id=\"e40621f\" data-element_type=\"widget\" data-e-type=\"widget\" data-widget_type=\"text-editor.default\">\n\t\t\t\t\t\t\t\t\t<p>Raxche\u00b4 Rodr\u00edguez so\u00f1aba desde que era un ni\u00f1o que al llegar a su adultez y formara una familia le ense\u00f1ar\u00eda a sus hijos a preservar el idioma Maya Kaqchikel. Rodr\u00edguez es un reconocido escritor, ling\u00fcista, investigador y editor de idiomas de los pueblos ind\u00edgenas en Guatemala. \u201cNo soy abogado, pero conozco los derechos individuales y colectivos del Pueblo Maya\u201d, explica el escritor y educador originario de Tecp\u00e1n, Chimaltenango.<\/p><p>En su infancia Rodr\u00edguez descubri\u00f3 el amor por la lectura gracias a los comics de la \u00e9poca y se enamor\u00f3 de ello al descubrir el libro Ben Hur, que uno de sus hermanos llev\u00f3 a su casa durante una Semana Santa.\u00a0<\/p><p>\u201cWow, qu\u00e9 bonito libro\u201d, recuerda exclamar en ese momento. Ten\u00eda alrededor de 13 a\u00f1os cuando comenz\u00f3 a explorar los libros. Contribu\u00eda en su hogar con pastorear bueyes y al mismo tiempo era el momento propicio para devorarse los libros disponibles, pocos por cierto, con la lectura que le apasionaba.<\/p>\t\t\t\t\t\t\t\t<\/div>\n\t\t\t\t\t<\/div>\n\t\t\t\t<\/div>\n\t\t<div data-particle_enable=\"false\" data-particle-mobile-disabled=\"false\" class=\"elementor-element elementor-element-d05ac72 e-flex e-con-boxed e-con e-parent\" data-id=\"d05ac72\" data-element_type=\"container\" data-e-type=\"container\">\n\t\t\t\t\t<div class=\"e-con-inner\">\n\t\t\t\t<div class=\"elementor-element elementor-element-70399b6 elementor-widget elementor-widget-image\" data-id=\"70399b6\" data-element_type=\"widget\" data-e-type=\"widget\" data-widget_type=\"image.default\">\n\t\t\t\t\t\t\t\t\t\t\t\t<figure class=\"wp-caption\">\n\t\t\t\t\t\t\t\t\t\t<img decoding=\"async\" width=\"768\" height=\"432\" src=\"https:\/\/soymigrante.com\/revista\/wp-content\/uploads\/2024\/11\/raxche-rodriguez-nawal-wuj-1-1024x576.jpg\" class=\"attachment-large size-large wp-image-13694\" alt=\"Quemados de ofrenda floral en ceremonia ancestral ind\u00edgena en un espacio natural, con participantes respetuosos en vestimenta tradicional y moderna, en busca de fortalecer la cultura y ra\u00edces ind\u00edgenas.\" srcset=\"https:\/\/soymigrante.com\/revista\/wp-content\/uploads\/2024\/11\/raxche-rodriguez-nawal-wuj-1-1024x576.jpg 1024w, https:\/\/soymigrante.com\/revista\/wp-content\/uploads\/2024\/11\/raxche-rodriguez-nawal-wuj-1-300x169.jpg 300w, https:\/\/soymigrante.com\/revista\/wp-content\/uploads\/2024\/11\/raxche-rodriguez-nawal-wuj-1-768x432.jpg 768w, https:\/\/soymigrante.com\/revista\/wp-content\/uploads\/2024\/11\/raxche-rodriguez-nawal-wuj-1-1536x864.jpg 1536w, https:\/\/soymigrante.com\/revista\/wp-content\/uploads\/2024\/11\/raxche-rodriguez-nawal-wuj-1-750x422.webp 750w, https:\/\/soymigrante.com\/revista\/wp-content\/uploads\/2024\/11\/raxche-rodriguez-nawal-wuj-1-1140x641.webp 1140w, https:\/\/soymigrante.com\/revista\/wp-content\/uploads\/2024\/11\/raxche-rodriguez-nawal-wuj-1.webp 1599w\" sizes=\"(max-width: 768px) 100vw, 768px\" title=\"Ceremonia maya de agradecimiento y dedicaci\u00f3n del trabajo editorial de Maya Wuj. Raxch\u00e9 Rodr\u00edguez sostiene algunos de los productos editoriales generados para potenciar los idiomas mayas del pa\u00eds. \u2013 SoyMigrante.com REVISTA\" \/>\t\t\t\t\t\t\t\t\t\t\t<figcaption class=\"widget-image-caption wp-caption-text\">Celebraci\u00f3n cultural ind\u00edgena con ofrendas florales, ritual ancestral y participaci\u00f3n comunitaria en un entorno natural, resaltando la tradici\u00f3n y el respeto por las ra\u00edces ind\u00edgenas en un acto de memoria y cultura.<\/figcaption>\n\t\t\t\t\t\t\t\t\t\t<\/figure>\n\t\t\t\t\t\t\t\t\t<\/div>\n\t\t\t\t\t<\/div>\n\t\t\t\t<\/div>\n\t\t<div data-particle_enable=\"false\" data-particle-mobile-disabled=\"false\" class=\"elementor-element elementor-element-085a751 e-flex e-con-boxed e-con e-parent\" data-id=\"085a751\" data-element_type=\"container\" data-e-type=\"container\">\n\t\t\t\t\t<div class=\"e-con-inner\">\n\t\t\t\t<div class=\"elementor-element elementor-element-caf2390 elementor-widget elementor-widget-heading\" data-id=\"caf2390\" data-element_type=\"widget\" data-e-type=\"widget\" data-widget_type=\"heading.default\">\n\t\t\t\t\t<h3 class=\"elementor-heading-title elementor-size-default\">Ver a unos ciudadanos chinos conversar, origin\u00f3 un objetivo<\/h3>\t\t\t\t<\/div>\n\t\t\t\t\t<\/div>\n\t\t\t\t<\/div>\n\t\t<div data-particle_enable=\"false\" data-particle-mobile-disabled=\"false\" class=\"elementor-element elementor-element-7c713fe e-flex e-con-boxed e-con e-parent\" data-id=\"7c713fe\" data-element_type=\"container\" data-e-type=\"container\">\n\t\t\t\t\t<div class=\"e-con-inner\">\n\t\t\t\t<div class=\"elementor-element elementor-element-2f52edb elementor-widget elementor-widget-text-editor\" data-id=\"2f52edb\" data-element_type=\"widget\" data-e-type=\"widget\" data-widget_type=\"text-editor.default\">\n\t\t\t\t\t\t\t\t\t<p>Raxche\u00b4 Rodr\u00edguez a menudo ten\u00eda que viajar solo a la ciudad de Guatemala durante su infancia. Su madre lo enviaba en bus para que comprara hilo para tejidos. Recuerda que le daban Q0.50 para el pasaje y el almuerzo.\u00a0<\/p><p>Sol\u00eda comer en restaurantes chinos con los Q0.50, muchas veces prefer\u00eda comprar comics y revistas de la \u00e9poca que comer. Algo que llamaba siempre su atenci\u00f3n al ir a esos restaurantes era la forma en que los propietarios de los restaurantes se comunicaban con sus hijos en su propio idioma.\u00a0<\/p><p>\u201cNo s\u00e9 si era mandar\u00edn o qu\u00e9, pero me llamaba la atenci\u00f3n que siempre conservaban su idioma entre ellos&#8221;, refiere Rodr\u00edguez. Fue ello lo que lo motiv\u00f3 con determinaci\u00f3n que \u00e9l en un futuro les ense\u00f1ar\u00eda a sus hijos tambi\u00e9n el Maya Kaqchikel.<\/p><p><span style=\"color: var( --e-global-color-text );text-align: var(--text-align)\">En 1976 cuando ocurri\u00f3 el fatal terremoto en Guatemala, Tecp\u00e1n qued\u00f3 en ruinas, recuerda el ling\u00fcista. Tendr\u00eda entre 19 o 20 a\u00f1os y decidi\u00f3 estudiar en la universidad, pero v\u00edctima de la discriminaci\u00f3n opt\u00f3 por abandonar el estudio superior en ese momento. Pero ello lo motiv\u00f3 para continuar estudiando la cultura e historia maya.<\/span><\/p><p><span style=\"color: var( --e-global-color-text );text-align: var(--text-align)\">A trav\u00e9s de Maya Wuj edita poemas, narrativa, ensayo, textos escolares para la ense\u00f1anza de idiomas mayas y el ingl\u00e9s, elaborados por numerosos autores.<\/span><\/p>\t\t\t\t\t\t\t\t<\/div>\n\t\t\t\t\t<\/div>\n\t\t\t\t<\/div>\n\t\t<div data-particle_enable=\"false\" data-particle-mobile-disabled=\"false\" class=\"elementor-element elementor-element-ac655af e-flex e-con-boxed e-con e-parent\" data-id=\"ac655af\" data-element_type=\"container\" data-e-type=\"container\">\n\t\t\t\t\t<div class=\"e-con-inner\">\n\t\t\t\t<div class=\"elementor-element elementor-element-03fcc86 elementor-widget elementor-widget-image\" data-id=\"03fcc86\" data-element_type=\"widget\" data-e-type=\"widget\" data-widget_type=\"image.default\">\n\t\t\t\t\t\t\t\t\t\t\t\t\t\t\t\t<a href=\"https:\/\/soymigrante.com\/mercado\/marketplace\/seller\/profile\/Maya-Wuj\">\n\t\t\t\t\t\t\t<img decoding=\"async\" width=\"768\" height=\"306\" src=\"https:\/\/soymigrante.com\/revista\/wp-content\/uploads\/2024\/11\/libro-nawal-1024x408.jpg\" class=\"attachment-large size-large wp-image-13707\" alt=\"Libro de la Cuenta de los Nawares - publicaci\u00f3n de SoyMigrante.com Revista sobre cultura guatemalteca y temas migratorios.\" srcset=\"https:\/\/soymigrante.com\/revista\/wp-content\/uploads\/2024\/11\/libro-nawal-1024x408.jpg 1024w, https:\/\/soymigrante.com\/revista\/wp-content\/uploads\/2024\/11\/libro-nawal-300x120.jpg 300w, https:\/\/soymigrante.com\/revista\/wp-content\/uploads\/2024\/11\/libro-nawal-768x306.jpg 768w, https:\/\/soymigrante.com\/revista\/wp-content\/uploads\/2024\/11\/libro-nawal-1536x613.jpg 1536w, https:\/\/soymigrante.com\/revista\/wp-content\/uploads\/2024\/11\/libro-nawal-750x299.webp 750w, https:\/\/soymigrante.com\/revista\/wp-content\/uploads\/2024\/11\/libro-nawal-1140x455.webp 1140w, https:\/\/soymigrante.com\/revista\/wp-content\/uploads\/2024\/11\/libro-nawal.webp 1860w\" sizes=\"(max-width: 768px) 100vw, 768px\" title=\"Maya wuj editorial Raxch\u00e9 Rodriguez \u2013 SoyMigrante.com REVISTA\" \/>\t\t\t\t\t\t\t\t<\/a>\n\t\t\t\t\t\t\t\t\t\t\t\t\t\t\t<\/div>\n\t\t\t\t\t<\/div>\n\t\t\t\t<\/div>\n\t\t<div data-particle_enable=\"false\" data-particle-mobile-disabled=\"false\" class=\"elementor-element elementor-element-5ac041d e-flex e-con-boxed e-con e-parent\" data-id=\"5ac041d\" data-element_type=\"container\" data-e-type=\"container\">\n\t\t\t\t\t<div class=\"e-con-inner\">\n\t\t\t\t<div class=\"elementor-element elementor-element-bb9fdc8 elementor-widget elementor-widget-heading\" data-id=\"bb9fdc8\" data-element_type=\"widget\" data-e-type=\"widget\" data-widget_type=\"heading.default\">\n\t\t\t\t\t<h3 class=\"elementor-heading-title elementor-size-default\">Uno de varios productos editoriales: el Cholq'ij<\/h3>\t\t\t\t<\/div>\n\t\t\t\t\t<\/div>\n\t\t\t\t<\/div>\n\t\t<div data-particle_enable=\"false\" data-particle-mobile-disabled=\"false\" class=\"elementor-element elementor-element-e0ffb0d e-flex e-con-boxed e-con e-parent\" data-id=\"e0ffb0d\" data-element_type=\"container\" data-e-type=\"container\">\n\t\t\t\t\t<div class=\"e-con-inner\">\n\t\t\t\t<div class=\"elementor-element elementor-element-12f2d84 elementor-widget elementor-widget-text-editor\" data-id=\"12f2d84\" data-element_type=\"widget\" data-e-type=\"widget\" data-widget_type=\"text-editor.default\">\n\t\t\t\t\t\t\t\t\t<p>\u00bfSabes en qu\u00e9 d\u00eda del calendario maya est\u00e1s justo ahora que lees este art\u00edculo? Probablemente no o tal vez, s\u00ed.\u00a0<\/p><p>El Cholq\u2019ij es uno de los calendarios sagrados m\u00e1s importantes\u00a0<a href=\"https:\/\/soymigrante.com\/revista\/joyas-mayas-migrantes-ocarina-del-siglo-8-de-alta-verapaz-en-el-museo-de-arte-de-denver\/\" target=\"_blank\" rel=\"noopener\">de la civilizaci\u00f3n maya,<\/a>\u00a0utilizado principalmente con fines espirituales, agr\u00edcolas y ceremoniales. Es conocido tambi\u00e9n como el Calendario Sagrado y se compone de un ciclo de 260 d\u00edas, dividido en 20 energ\u00edas y 13 n\u00fameros, lo que forma combinaciones \u00fanicas que se repiten cada 260 d\u00edas.<\/p><p><span style=\"font-family: Roboto, sans-serif;font-size: 16px;font-style: normal;font-weight: 400\">\u201cEl libro Nuestra Misi\u00f3n de Vida<\/span><span style=\"font-style: normal;font-weight: 400;font-size: 16px;font-family: Roboto, sans-serif;color: var( --e-global-color-text );text-align: var(--text-align)\">\u00a0nos puede dar a leerlo el d\u00eda en el que nac\u00ed y cu\u00e1les son mis fortalezas\u201d, seg\u00fan la cosmovisi\u00f3n maya. Es el aporte el calendario Cholq&#8217;ij, refiere Rodr\u00edguez.<\/span><\/p><p>Es precisamente editoriales como Maya\u00b4 Wuj, que durante m\u00e1s de 34 a\u00f1os de trabajo, han contribuido con contenidos para la ense\u00f1anza del sistema educativo de Guatemala a trav\u00e9s de sus textos elaborados en diferentes idiomas mayas.<\/p>\t\t\t\t\t\t\t\t<\/div>\n\t\t\t\t\t<\/div>\n\t\t\t\t<\/div>\n\t\t<div data-particle_enable=\"false\" data-particle-mobile-disabled=\"false\" class=\"elementor-element elementor-element-92c7320 e-flex e-con-boxed e-con e-parent\" data-id=\"92c7320\" data-element_type=\"container\" data-e-type=\"container\">\n\t\t\t\t\t<div class=\"e-con-inner\">\n\t\t\t\t<div class=\"elementor-element elementor-element-3f3a2b7 elementor-invisible elementor-widget elementor-widget-testimonial\" data-id=\"3f3a2b7\" data-element_type=\"widget\" data-e-type=\"widget\" data-settings=\"{&quot;_animation&quot;:&quot;rotateInUpRight&quot;}\" data-widget_type=\"testimonial.default\">\n\t\t\t\t\t\t\t<div class=\"elementor-testimonial-wrapper\">\n\t\t\t\t\t\t\t<div class=\"elementor-testimonial-content\">\"Sentimos orgullo pero a\u00fan desconocemos\n mucho de la cultura maya\"<\/div>\n\t\t\t\n\t\t\t\t\t\t<div class=\"elementor-testimonial-meta elementor-has-image elementor-testimonial-image-position-aside\">\n\t\t\t\t<div class=\"elementor-testimonial-meta-inner\">\n\t\t\t\t\t\t\t\t\t\t\t<div class=\"elementor-testimonial-image\">\n\t\t\t\t\t\t\t<img loading=\"lazy\" decoding=\"async\" width=\"1854\" height=\"1854\" src=\"https:\/\/soymigrante.com\/revista\/wp-content\/uploads\/2024\/11\/raxche-rodriguez-nawal-wuj-5-1.webp\" class=\"attachment-full size-full wp-image-13706\" alt=\"Persona de origen ind\u00edgena en traje tradicional con bordados y detalles coloridos, en un entorno institucional que refleja cultura y diversidad.\" title=\"raxche rodriguez nawal wuj 5 \u2013 SoyMigrante.com REVISTA\" srcset=\"https:\/\/soymigrante.com\/revista\/wp-content\/uploads\/2024\/11\/raxche-rodriguez-nawal-wuj-5-1.webp 1854w, https:\/\/soymigrante.com\/revista\/wp-content\/uploads\/2024\/11\/raxche-rodriguez-nawal-wuj-5-1-300x300.jpg 300w, https:\/\/soymigrante.com\/revista\/wp-content\/uploads\/2024\/11\/raxche-rodriguez-nawal-wuj-5-1-1024x1024.jpg 1024w, https:\/\/soymigrante.com\/revista\/wp-content\/uploads\/2024\/11\/raxche-rodriguez-nawal-wuj-5-1-150x150.jpg 150w, https:\/\/soymigrante.com\/revista\/wp-content\/uploads\/2024\/11\/raxche-rodriguez-nawal-wuj-5-1-768x768.jpg 768w, https:\/\/soymigrante.com\/revista\/wp-content\/uploads\/2024\/11\/raxche-rodriguez-nawal-wuj-5-1-1536x1536.jpg 1536w, https:\/\/soymigrante.com\/revista\/wp-content\/uploads\/2024\/11\/raxche-rodriguez-nawal-wuj-5-1-75x75.webp 75w, https:\/\/soymigrante.com\/revista\/wp-content\/uploads\/2024\/11\/raxche-rodriguez-nawal-wuj-5-1-750x750.webp 750w, https:\/\/soymigrante.com\/revista\/wp-content\/uploads\/2024\/11\/raxche-rodriguez-nawal-wuj-5-1-1140x1140.webp 1140w\" sizes=\"(max-width: 1854px) 100vw, 1854px\" \/>\t\t\t\t\t\t<\/div>\n\t\t\t\t\t\n\t\t\t\t\t\t\t\t\t\t<div class=\"elementor-testimonial-details\">\n\t\t\t\t\t\t\t\t\t\t\t\t\t\t<div class=\"elementor-testimonial-name\">Raxch\u00e9 Rodr\u00edguez Guajan<\/div>\n\t\t\t\t\t\t\t\t\t\t\t\t\t\t\t\t\t\t\t\t\t\t<div class=\"elementor-testimonial-job\">Editor y emprendedor guatemalteco\nmaya k'aqchikel<\/div>\n\t\t\t\t\t\t\t\t\t\t\t\t\t<\/div>\n\t\t\t\t\t\t\t\t\t<\/div>\n\t\t\t<\/div>\n\t\t\t\t\t<\/div>\n\t\t\t\t\t\t<\/div>\n\t\t\t\t\t<\/div>\n\t\t\t\t<\/div>\n\t\t<div data-particle_enable=\"false\" data-particle-mobile-disabled=\"false\" class=\"elementor-element elementor-element-9e484d0 e-flex e-con-boxed e-con e-parent\" data-id=\"9e484d0\" data-element_type=\"container\" data-e-type=\"container\">\n\t\t\t\t\t<div class=\"e-con-inner\">\n\t\t\t\t<div class=\"elementor-element elementor-element-12fd32d elementor-widget elementor-widget-heading\" data-id=\"12fd32d\" data-element_type=\"widget\" data-e-type=\"widget\" data-widget_type=\"heading.default\">\n\t\t\t\t\t<h3 class=\"elementor-heading-title elementor-size-default\">M\u00e1s all\u00e1 de la literatura<\/h3>\t\t\t\t<\/div>\n\t\t\t\t\t<\/div>\n\t\t\t\t<\/div>\n\t\t<div data-particle_enable=\"false\" data-particle-mobile-disabled=\"false\" class=\"elementor-element elementor-element-f3993bc e-flex e-con-boxed e-con e-parent\" data-id=\"f3993bc\" data-element_type=\"container\" data-e-type=\"container\">\n\t\t\t\t\t<div class=\"e-con-inner\">\n\t\t\t\t<div class=\"elementor-element elementor-element-e3f74bf elementor-widget elementor-widget-text-editor\" data-id=\"e3f74bf\" data-element_type=\"widget\" data-e-type=\"widget\" data-widget_type=\"text-editor.default\">\n\t\t\t\t\t\t\t\t\t<p>Rodr\u00edguez admite que le apasiona la l\u00f3gica matem\u00e1tica y con ello agrega que es importante reconocer que se viene de una civilizaci\u00f3n num\u00e9rica de gran referencia como lo es la Maya. En una ocasi\u00f3n recuerda que un misionero cristiano le pregunt\u00f3 si sab\u00eda contar e inmediatamente \u00e9l le hizo la traducci\u00f3n, le explic\u00f3 el significado de veinte en el idioma Kaqchikel al espa\u00f1ol.<\/p><p>\u201cSentimos orgullo, pero desconocemos la cultura maya\u201d, reitera Rodr\u00edguez. La editorial Maya\u00b4Wuj tiene entre sus proyectos ya concretados la publicaci\u00f3n de un libro sobre el sistema num\u00e9rico maya del cual puedes aprender del 1 hasta la cifra de 3 millones inicialmente. Est\u00e1sn disponibles inmediatamente en K\u00b4iche\u00b4, Mam y Kaqchikel. Y contrademanda de los otros idiomas mayas de Guatemala.<\/p>\t\t\t\t\t\t\t\t<\/div>\n\t\t\t\t\t<\/div>\n\t\t\t\t<\/div>\n\t\t<div data-particle_enable=\"false\" data-particle-mobile-disabled=\"false\" class=\"elementor-element elementor-element-8c0ec16 e-flex e-con-boxed e-con e-parent\" data-id=\"8c0ec16\" data-element_type=\"container\" data-e-type=\"container\">\n\t\t\t\t\t<div class=\"e-con-inner\">\n\t\t\t\t<div class=\"elementor-element elementor-element-3ebdaeb elementor-widget elementor-widget-image\" data-id=\"3ebdaeb\" data-element_type=\"widget\" data-e-type=\"widget\" data-widget_type=\"image.default\">\n\t\t\t\t\t\t\t\t\t\t\t\t<figure class=\"wp-caption\">\n\t\t\t\t\t\t\t\t\t\t<img loading=\"lazy\" decoding=\"async\" width=\"768\" height=\"359\" src=\"https:\/\/soymigrante.com\/revista\/wp-content\/uploads\/2024\/11\/raxche-rodriguez-nawal-wuj-4-1-1024x479.jpg\" class=\"attachment-large size-large wp-image-13708\" alt=\"Biblioteca en evento cultural en Guatemala con personas en escenario, fondo azul con logos y texto informativo, varios asistentes participando en feria internacional del libro.\" srcset=\"https:\/\/soymigrante.com\/revista\/wp-content\/uploads\/2024\/11\/raxche-rodriguez-nawal-wuj-4-1-1024x479.jpg 1024w, https:\/\/soymigrante.com\/revista\/wp-content\/uploads\/2024\/11\/raxche-rodriguez-nawal-wuj-4-1-300x140.jpg 300w, https:\/\/soymigrante.com\/revista\/wp-content\/uploads\/2024\/11\/raxche-rodriguez-nawal-wuj-4-1-768x359.jpg 768w, https:\/\/soymigrante.com\/revista\/wp-content\/uploads\/2024\/11\/raxche-rodriguez-nawal-wuj-4-1-1536x718.jpg 1536w, https:\/\/soymigrante.com\/revista\/wp-content\/uploads\/2024\/11\/raxche-rodriguez-nawal-wuj-4-1-750x350.webp 750w, https:\/\/soymigrante.com\/revista\/wp-content\/uploads\/2024\/11\/raxche-rodriguez-nawal-wuj-4-1-1140x533.webp 1140w, https:\/\/soymigrante.com\/revista\/wp-content\/uploads\/2024\/11\/raxche-rodriguez-nawal-wuj-4-1.webp 1920w\" sizes=\"(max-width: 768px) 100vw, 768px\" title=\"Muchos libros sobre cultura, historia, idiomas e identidad maya, de prestigiosos autores, figuran en el cat\u00e1logo de Nawal Wuj. \u2013 SoyMigrante.com REVISTA\" \/>\t\t\t\t\t\t\t\t\t\t\t<figcaption class=\"widget-image-caption wp-caption-text\">Participantes en la Feria del Libro en Guatemala 2023, mostrando la diversidad cultural y literaria en el evento, incluyendo discursos y entrega de premios.<\/figcaption>\n\t\t\t\t\t\t\t\t\t\t<\/figure>\n\t\t\t\t\t\t\t\t\t<\/div>\n\t\t\t\t\t<\/div>\n\t\t\t\t<\/div>\n\t\t<div data-particle_enable=\"false\" data-particle-mobile-disabled=\"false\" class=\"elementor-element elementor-element-3167e9a e-flex e-con-boxed e-con e-parent\" data-id=\"3167e9a\" data-element_type=\"container\" data-e-type=\"container\">\n\t\t\t\t\t<div class=\"e-con-inner\">\n\t\t\t\t<div class=\"elementor-element elementor-element-258d5fe elementor-widget elementor-widget-heading\" data-id=\"258d5fe\" data-element_type=\"widget\" data-e-type=\"widget\" data-widget_type=\"heading.default\">\n\t\t\t\t\t<h3 class=\"elementor-heading-title elementor-size-default\">MERCADO, un gran proyecto para Maya\u00b4Wuj\n<\/h3>\t\t\t\t<\/div>\n\t\t\t\t\t<\/div>\n\t\t\t\t<\/div>\n\t\t<div data-particle_enable=\"false\" data-particle-mobile-disabled=\"false\" class=\"elementor-element elementor-element-5a5adc9 e-flex e-con-boxed e-con e-parent\" data-id=\"5a5adc9\" data-element_type=\"container\" data-e-type=\"container\">\n\t\t\t\t\t<div class=\"e-con-inner\">\n\t\t\t\t<div class=\"elementor-element elementor-element-04b968b elementor-widget elementor-widget-text-editor\" data-id=\"04b968b\" data-element_type=\"widget\" data-e-type=\"widget\" data-widget_type=\"text-editor.default\">\n\t\t\t\t\t\t\t\t\t<p>El el educador, escritor y linguista kaqchikel est\u00e1 convencido que las plataformas digitales deben ser utilizadas para desarrollar los idiomas ind\u00edgenas con el fin de preservarlos y, por supuesto, a trav\u00e9s del aprendizaje de los mismos.<\/p>\n<p>A trav\u00e9s de Maya\u00b4Wuj Rodr\u00edguez apunta a que aparte de promover desde la editorial la literatura tambi\u00e9n es aportar una lectura fluida, a trav\u00e9s de libros como El Libro de la Cuenta de los Nawales, de Tito Medina. Espera que<a href=\"https:\/\/soymigrante.com\/revista\/mercado-es-una-comunidad-digital-para-emprendedores-guatemaltecos\/\" target=\"_blank\" rel=\"noopener\"> a trav\u00e9s de SoyMigrante.com MERCADO&nbsp;<\/a>puedan exponer muchos ejemplares m\u00e1s. \u201cVemos un proyecto con gran potencial y hay bastante exposici\u00f3n. Promoveremos comercializar productos empastados artesanalmente con manos mayas\u201d, recalca el kaqchikel.<\/p>\n<p>Para \u00e9l, la civilizaci\u00f3n maya es tan importante que ha dedicado muchos a\u00f1os de su vida a trabajar en pol\u00edticas ling\u00fc\u00edsticas que preserven a trav\u00e9s de textos educativos, entre otras acciones significativas, los idiomas de los pueblos ind\u00edgenas guatemaltecos.<\/p>\t\t\t\t\t\t\t\t<\/div>\n\t\t\t\t\t<\/div>\n\t\t\t\t<\/div>\n\t\t<div data-particle_enable=\"false\" data-particle-mobile-disabled=\"false\" class=\"elementor-element elementor-element-5b1bacb e-flex e-con-boxed e-con e-parent\" data-id=\"5b1bacb\" data-element_type=\"container\" data-e-type=\"container\">\n\t\t\t\t\t<div class=\"e-con-inner\">\n\t\t\t\t<div class=\"elementor-element elementor-element-7190fbe elementor-align-center elementor-widget elementor-widget-global elementor-global-14402 elementor-widget-button\" data-id=\"7190fbe\" data-element_type=\"widget\" data-e-type=\"widget\" data-widget_type=\"button.default\">\n\t\t\t\t\t\t\t\t\t\t<a class=\"elementor-button elementor-button-link elementor-size-sm\" href=\"https:\/\/soymigrante.com\/mercado\/marketplace\/seller\/register\">\n\t\t\t\t\t\t<span class=\"elementor-button-content-wrapper\">\n\t\t\t\t\t\t<span class=\"elementor-button-icon\">\n\t\t\t\t<i aria-hidden=\"true\" class=\"fas fa-cart-arrow-down\"><\/i>\t\t\t<\/span>\n\t\t\t\t\t\t\t\t\t<span class=\"elementor-button-text\">\u00bfERES EMPRENDEDOR Y QUIERES ENTRAR AL COMERCIO DIGITAL? NO ESPERES M\u00c1S Y  ABRE TU TIENDA DIGITAL  EN SOYMIGRANTE.COM\/MERCADO <\/span>\n\t\t\t\t\t<\/span>\n\t\t\t\t\t<\/a>\n\t\t\t\t\t\t\t\t<\/div>\n\t\t\t\t\t<\/div>\n\t\t\t\t<\/div>\n\t\t<div data-particle_enable=\"false\" data-particle-mobile-disabled=\"false\" class=\"elementor-element elementor-element-ab14e1f e-flex e-con-boxed e-con e-parent\" data-id=\"ab14e1f\" data-element_type=\"container\" data-e-type=\"container\">\n\t\t\t\t\t<div class=\"e-con-inner\">\n\t\t\t\t<div class=\"elementor-element elementor-element-1f7ce3c elementor-widget elementor-widget-image\" data-id=\"1f7ce3c\" data-element_type=\"widget\" data-e-type=\"widget\" data-widget_type=\"image.default\">\n\t\t\t\t\t\t\t\t\t\t\t\t<figure class=\"wp-caption\">\n\t\t\t\t\t\t\t\t\t\t\t<a href=\"https:\/\/soymigrante.com\/mercado\/marketplace\/seller\/profile\/Maya-Wuj\">\n\t\t\t\t\t\t\t<img loading=\"lazy\" decoding=\"async\" width=\"768\" height=\"768\" src=\"https:\/\/soymigrante.com\/revista\/wp-content\/uploads\/2024\/11\/maya-wuj-1-1024x1024.jpg\" class=\"attachment-large size-large wp-image-13705\" alt=\"Guerrero Maya&#039; Wuj, logotipo de Mayan Wuj, s\u00edmbolo de la cultura originaria maya, destacado en la revista SoyMigrante.com, enfocado en migrantes y cultura ind\u00edgena en M\u00e9xico y Am\u00e9rica Central.\" srcset=\"https:\/\/soymigrante.com\/revista\/wp-content\/uploads\/2024\/11\/maya-wuj-1-1024x1024.jpg 1024w, https:\/\/soymigrante.com\/revista\/wp-content\/uploads\/2024\/11\/maya-wuj-1-300x300.jpg 300w, https:\/\/soymigrante.com\/revista\/wp-content\/uploads\/2024\/11\/maya-wuj-1-150x150.jpg 150w, https:\/\/soymigrante.com\/revista\/wp-content\/uploads\/2024\/11\/maya-wuj-1-768x768.jpg 768w, https:\/\/soymigrante.com\/revista\/wp-content\/uploads\/2024\/11\/maya-wuj-1-75x75.webp 75w, https:\/\/soymigrante.com\/revista\/wp-content\/uploads\/2024\/11\/maya-wuj-1-750x750.webp 750w, https:\/\/soymigrante.com\/revista\/wp-content\/uploads\/2024\/11\/maya-wuj-1-1140x1140.webp 1140w, https:\/\/soymigrante.com\/revista\/wp-content\/uploads\/2024\/11\/maya-wuj-1.webp 1157w\" sizes=\"(max-width: 768px) 100vw, 768px\" title=\"El logo de la editorial Maya Wuj representa a un escribano maya, pues fue su trabajo y legado el que registr\u00f3 fechas calend\u00e1ricas, datos, observaciones y conocimientos prehisp\u00e1nicos  que a\u00fan trascienden hasta hoy. \u2013 SoyMigrante.com REVISTA\" \/>\t\t\t\t\t\t\t\t<\/a>\n\t\t\t\t\t\t\t\t\t\t\t<figcaption class=\"widget-image-caption wp-caption-text\">Revista SoyMigrante.com presenta contenido sobre cultura, historia y temas migratorios relacionados con May\u00e1' Wuj.<\/figcaption>\n\t\t\t\t\t\t\t\t\t\t<\/figure>\n\t\t\t\t\t\t\t\t\t<\/div>\n\t\t\t\t\t<\/div>\n\t\t\t\t<\/div>\n\t\t<div data-particle_enable=\"false\" data-particle-mobile-disabled=\"false\" class=\"elementor-element elementor-element-6d48be4 e-flex e-con-boxed e-con e-parent\" data-id=\"6d48be4\" data-element_type=\"container\" data-e-type=\"container\">\n\t\t\t\t\t<div class=\"e-con-inner\">\n\t\t\t\t<div class=\"elementor-element elementor-element-cfb676c elementor-widget elementor-widget-heading\" data-id=\"cfb676c\" data-element_type=\"widget\" data-e-type=\"widget\" data-widget_type=\"heading.default\">\n\t\t\t\t\t<h2 class=\"elementor-heading-title elementor-size-default\"><a href=\"https:\/\/soymigrante.com\/mercado\">Conoce m\u00e1s en SoyMigrante.com MERCADO<\/a><\/h2>\t\t\t\t<\/div>\n\t\t\t\t\t<\/div>\n\t\t\t\t<\/div>\n\t\t<div data-particle_enable=\"false\" data-particle-mobile-disabled=\"false\" class=\"elementor-element elementor-element-bb33cab e-flex e-con-boxed e-con e-parent\" data-id=\"bb33cab\" data-element_type=\"container\" data-e-type=\"container\">\n\t\t\t\t\t<div class=\"e-con-inner\">\n\t\t\t\t<div class=\"elementor-element elementor-element-7636e9f elementor-grid-eael-col-3 elementor-grid-tablet-eael-col-2 elementor-grid-mobile-eael-col-1 elementor-widget elementor-widget-eael-post-grid\" data-id=\"7636e9f\" data-element_type=\"widget\" data-e-type=\"widget\" data-settings=\"{&quot;eael_post_grid_columns&quot;:&quot;eael-col-3&quot;,&quot;eael_post_grid_columns_tablet&quot;:&quot;eael-col-2&quot;,&quot;eael_post_grid_columns_mobile&quot;:&quot;eael-col-1&quot;}\" data-widget_type=\"eael-post-grid.default\">\n\t\t\t\t\t<div id=\"eael-post-grid-7636e9f\" class=\"eael-post-grid-container\">\n            <div class=\"eael-post-grid eael-post-appender eael-post-appender-7636e9f eael-post-grid-style-one\" data-layout-mode=\"masonry\"><article class=\"eael-grid-post  eael-post-grid-column eael-pg-post-11002 category-guate-nuestra tags-mercado-emprendedores\" data-id=\"11002\">\n        <div class=\"eael-grid-post-holder\">\n            <div class=\"eael-grid-post-holder-inner\"><div class=\"eael-entry-media\"><div class=\"eael-entry-overlay fade-in\"><i class=\"far fa-hand-pointer\" aria-hidden=\"true\"><\/i><a href=\"https:\/\/soymigrante.com\/revista\/alumin-art-128-crea-pistas-de-formula-1-orquestas-o-procesiones-mini-a-base-de-alambre\/\"><\/a><\/div><div class=\"eael-entry-thumbnail \">\n                <img loading=\"lazy\" decoding=\"async\" width=\"440\" height=\"440\" src=\"https:\/\/soymigrante.com\/revista\/wp-content\/uploads\/2024\/10\/alambre-piezas-10-1.webp\" class=\"attachment-large size-large wp-image-11035\" alt=\"Creador de arte con latas recicladas de colores y musicalina que forma a un personaje con guitarra y nombre Marely, promoviendo la creatividad y el reciclaje en la comunidad migrante.\" srcset=\"https:\/\/soymigrante.com\/revista\/wp-content\/uploads\/2024\/10\/alambre-piezas-10-1.webp 440w, https:\/\/soymigrante.com\/revista\/wp-content\/uploads\/2024\/10\/alambre-piezas-10-1-300x300.webp 300w, https:\/\/soymigrante.com\/revista\/wp-content\/uploads\/2024\/10\/alambre-piezas-10-1-150x150.webp 150w, https:\/\/soymigrante.com\/revista\/wp-content\/uploads\/2024\/10\/alambre-piezas-10-1-75x75.webp 75w\" sizes=\"(max-width: 440px) 100vw, 440px\" \/>\n            <\/div>\n        <\/div><div class=\"eael-entry-wrapper\"><header class=\"eael-entry-header\"><h2 class=\"eael-entry-title\"><a class=\"eael-grid-post-link\" href=\"https:\/\/soymigrante.com\/revista\/alumin-art-128-crea-pistas-de-formula-1-orquestas-o-procesiones-mini-a-base-de-alambre\/\" title=\"Alumin-Art transforma el alambre en creativas figuras y recuerdos con nombre\">Alumin-Art transforma el alambre en creativas figuras y recuerdos con nombre<\/a><\/h2><\/header><div class=\"eael-entry-content\">\n                        <div class=\"eael-grid-post-excerpt\"><a href=\"https:\/\/soymigrante.com\/revista\/alumin-art-128-crea-pistas-de-formula-1-orquestas-o-procesiones-mini-a-base-de-alambre\/\" class=\"eael-post-elements-readmore-btn\">CONOCE SU HISTORIA <\/a><\/div>\n                    <\/div><\/div><\/div>\n        <\/div>\n    <\/article><article class=\"eael-grid-post  eael-post-grid-column eael-pg-post-10940 category-guate-nuestra tags-mercado-emprendedores\" data-id=\"10940\">\n        <div class=\"eael-grid-post-holder\">\n            <div class=\"eael-grid-post-holder-inner\"><div class=\"eael-entry-media\"><div class=\"eael-entry-overlay fade-in\"><i class=\"far fa-hand-pointer\" aria-hidden=\"true\"><\/i><a href=\"https:\/\/soymigrante.com\/revista\/black-and-white-piezas-artesanales-de-mostacilla-e-ingenio\/\"><\/a><\/div><div class=\"eael-entry-thumbnail \">\n                <img loading=\"lazy\" decoding=\"async\" width=\"736\" height=\"736\" src=\"https:\/\/soymigrante.com\/revista\/wp-content\/uploads\/2024\/10\/Mostacilla-feature.webp\" class=\"attachment-large size-large wp-image-10943\" alt=\"Amuletos tradicionales de Guatemala hechos a mano con mostacillas representando cultura y protecci\u00f3n.\" srcset=\"https:\/\/soymigrante.com\/revista\/wp-content\/uploads\/2024\/10\/Mostacilla-feature.webp 736w, https:\/\/soymigrante.com\/revista\/wp-content\/uploads\/2024\/10\/Mostacilla-feature-300x300.webp 300w, https:\/\/soymigrante.com\/revista\/wp-content\/uploads\/2024\/10\/Mostacilla-feature-150x150.webp 150w, https:\/\/soymigrante.com\/revista\/wp-content\/uploads\/2024\/10\/Mostacilla-feature-75x75.webp 75w\" sizes=\"(max-width: 736px) 100vw, 736px\" \/>\n            <\/div>\n        <\/div><div class=\"eael-entry-wrapper\"><header class=\"eael-entry-header\"><h2 class=\"eael-entry-title\"><a class=\"eael-grid-post-link\" href=\"https:\/\/soymigrante.com\/revista\/black-and-white-piezas-artesanales-de-mostacilla-e-ingenio\/\" title=\"KLB Studio: mujeres mayas de Solol\u00e1 elaboran accesorios originales con mostacilla y creatividad\">KLB Studio: mujeres mayas de Solol\u00e1 elaboran accesorios originales con mostacilla y creatividad<\/a><\/h2><\/header><div class=\"eael-entry-content\">\n                        <div class=\"eael-grid-post-excerpt\"><a href=\"https:\/\/soymigrante.com\/revista\/black-and-white-piezas-artesanales-de-mostacilla-e-ingenio\/\" class=\"eael-post-elements-readmore-btn\">CONOCE SU HISTORIA <\/a><\/div>\n                    <\/div><\/div><\/div>\n        <\/div>\n    <\/article><article class=\"eael-grid-post  eael-post-grid-column eael-pg-post-10385 category-guate-nuestra tags-mercado-emprendedores\" data-id=\"10385\">\n        <div class=\"eael-grid-post-holder\">\n            <div class=\"eael-grid-post-holder-inner\"><div class=\"eael-entry-media\"><div class=\"eael-entry-overlay fade-in\"><i class=\"far fa-hand-pointer\" aria-hidden=\"true\"><\/i><a href=\"https:\/\/soymigrante.com\/revista\/cooperativa-yax-transforma-una-planta-recicladora-en-huehuetenango-que-crea-y-genera-empleo\/\"><\/a><\/div><div class=\"eael-entry-thumbnail \">\n                <img loading=\"lazy\" decoding=\"async\" width=\"1024\" height=\"1024\" src=\"https:\/\/soymigrante.com\/revista\/wp-content\/uploads\/2024\/10\/yax-transforma-1024x1024.webp\" class=\"attachment-large size-large wp-image-10489\" alt=\"Transformaci\u00f3n social en eventos de SoyMigrante.com REVISTA, promoviendo inclusi\u00f3n y derechos de migrantes en Am\u00e9rica Latina.\" srcset=\"https:\/\/soymigrante.com\/revista\/wp-content\/uploads\/2024\/10\/yax-transforma-1024x1024.webp 1024w, https:\/\/soymigrante.com\/revista\/wp-content\/uploads\/2024\/10\/yax-transforma-300x300.webp 300w, https:\/\/soymigrante.com\/revista\/wp-content\/uploads\/2024\/10\/yax-transforma-150x150.webp 150w, https:\/\/soymigrante.com\/revista\/wp-content\/uploads\/2024\/10\/yax-transforma-768x768.webp 768w, https:\/\/soymigrante.com\/revista\/wp-content\/uploads\/2024\/10\/yax-transforma-75x75.webp 75w, https:\/\/soymigrante.com\/revista\/wp-content\/uploads\/2024\/10\/yax-transforma-750x750.webp 750w, https:\/\/soymigrante.com\/revista\/wp-content\/uploads\/2024\/10\/yax-transforma.webp 1049w\" sizes=\"(max-width: 1024px) 100vw, 1024px\" \/>\n            <\/div>\n        <\/div><div class=\"eael-entry-wrapper\"><header class=\"eael-entry-header\"><h2 class=\"eael-entry-title\"><a class=\"eael-grid-post-link\" href=\"https:\/\/soymigrante.com\/revista\/cooperativa-yax-transforma-una-planta-recicladora-en-huehuetenango-que-crea-y-genera-empleo\/\" title=\"Yax Transforma recolecta pl\u00e1stico y lo convierte en tablas, mesas, postes y&#8230; empleos\">Yax Transforma recolecta pl\u00e1stico y lo convierte en tablas, mesas, postes y&#8230; empleos<\/a><\/h2><\/header><div class=\"eael-entry-content\">\n                        <div class=\"eael-grid-post-excerpt\"><a href=\"https:\/\/soymigrante.com\/revista\/cooperativa-yax-transforma-una-planta-recicladora-en-huehuetenango-que-crea-y-genera-empleo\/\" class=\"eael-post-elements-readmore-btn\">CONOCE SU HISTORIA <\/a><\/div>\n                    <\/div><\/div><\/div>\n        <\/div>\n    <\/article><\/div>\n            <div class=\"clearfix\"><\/div>\n        <\/div>\t\t\t\t<\/div>\n\t\t\t\t\t<\/div>\n\t\t\t\t<\/div>\n\t\t\t\t<\/div>\n\t\t","protected":false},"excerpt":{"rendered":"<p>De ni\u00f1o, a Raxche&#8217; Rodr\u00edguez lo enviaba su mam\u00e1 a comprar hilo para tejer. Esa y otras vivencias le inspiran para seguir impuls\u00e1ndolos idiomas, saberes y tradiciones mayas de Guatemala a trav\u00e9s de la editorial Maya&#8217; Wuj, presente en SoyMigrante.com MERCADO. Maya Wuj es una editorial que publica libros de literatura, ciencia, cosmovisi\u00f3n e historia [&hellip;]<\/p>\n","protected":false},"author":23,"featured_media":13686,"comment_status":"open","ping_status":"open","sticky":false,"template":"","format":"standard","meta":{"_acf_changed":false,"_eb_attr":"","footnotes":""},"categories":[58],"tags":[130],"class_list":["post-13457","post","type-post","status-publish","format-standard","has-post-thumbnail","hentry","category-guate-nuestra","tag-mercado-emprendedores"],"acf":[],"aioseo_notices":[],"aioseo_head":"\n\t\t<!-- All in One SEO Pro 4.9.6.2 - aioseo.com -->\n\t<meta name=\"description\" content=\"La cooperativa Yax Transforma naci\u00f3 en Jacaltenango. Recolecta pl\u00e1sticos y los torna en objetos \u00fatiles. Sus productos estar\u00e1n en SoyMigrante MERCADO. Esta es la historia\" \/>\n\t<meta name=\"robots\" content=\"max-snippet:-1, max-image-preview:large, max-video-preview:-1\" \/>\n\t<meta name=\"author\" content=\"Beatriz Tercero\"\/>\n\t<link rel=\"canonical\" href=\"https:\/\/soymigrante.com\/revista\/cooperativa-yax-transforma-una-planta-recicladora-en-huehuetenango-que-crea-y-genera-empleo\/\" \/>\n\t<meta name=\"generator\" content=\"All in One SEO Pro (AIOSEO) 4.9.6.2\" \/>\n\n\t\t<link rel=\"preconnect\" href=\"https:\/\/fonts.googleapis.com\" crossorigin>\n<link rel=\"preconnect\" href=\"https:\/\/fonts.gstatic.com\" crossorigin>\n\t\t<meta property=\"og:locale\" content=\"es_ES\" \/>\n\t\t<meta property=\"og:site_name\" content=\"SoyMigrante.com REVISTA \u2013 Nuestra misi\u00f3n es reconocer y dignificar al migrante.\" \/>\n\t\t<meta property=\"og:type\" content=\"article\" \/>\n\t\t<meta property=\"og:title\" content=\"Cooperativa Yax Transforma: Pplanta recicladora en Huehuetenango\" \/>\n\t\t<meta property=\"og:description\" content=\"La cooperativa Yax Transforma naci\u00f3 en Jacaltenango. Recolecta pl\u00e1sticos y los torna en objetos \u00fatiles. Sus productos estar\u00e1n en SoyMigrante MERCADO. Esta es la historia\" \/>\n\t\t<meta property=\"og:url\" content=\"https:\/\/soymigrante.com\/revista\/cooperativa-yax-transforma-una-planta-recicladora-en-huehuetenango-que-crea-y-genera-empleo\/\" \/>\n\t\t<meta property=\"og:image\" content=\"https:\/\/soymigrante.com\/revista\/wp-content\/uploads\/2024\/10\/yax-transforma.webp\" \/>\n\t\t<meta property=\"og:image:secure_url\" content=\"https:\/\/soymigrante.com\/revista\/wp-content\/uploads\/2024\/10\/yax-transforma.webp\" \/>\n\t\t<meta property=\"og:image:width\" content=\"1049\" \/>\n\t\t<meta property=\"og:image:height\" content=\"1049\" \/>\n\t\t<meta property=\"article:published_time\" content=\"2024-10-17T17:09:52+00:00\" \/>\n\t\t<meta property=\"article:modified_time\" content=\"2024-11-05T06:58:36+00:00\" \/>\n\t\t<meta property=\"article:publisher\" content=\"https:\/\/www.facebook.com\/soymigrantecom\" \/>\n\t\t<meta name=\"twitter:card\" content=\"summary_large_image\" \/>\n\t\t<meta name=\"twitter:site\" content=\"@SoyMigrante_com\" \/>\n\t\t<meta name=\"twitter:title\" content=\"Cooperativa Yax Transforma: Pplanta recicladora en Huehuetenango\" \/>\n\t\t<meta name=\"twitter:description\" content=\"La cooperativa Yax Transforma naci\u00f3 en Jacaltenango. Recolecta pl\u00e1sticos y los torna en objetos \u00fatiles. Sus productos estar\u00e1n en SoyMigrante MERCADO. Esta es la historia\" \/>\n\t\t<meta name=\"twitter:creator\" content=\"@SoyMigrante_com\" \/>\n\t\t<meta name=\"twitter:image\" content=\"https:\/\/soymigrante.com\/revista\/wp-content\/uploads\/2024\/10\/yax-transforma.webp\" \/>\n\t\t<!-- All in One SEO Pro -->\r\n\t\t<title>Cooperativa Yax Transforma: Pplanta recicladora en Huehuetenango<\/title>\n\n","aioseo_head_json":{"title":"Cooperativa Yax Transforma: Pplanta recicladora en Huehuetenango","description":"La cooperativa Yax Transforma naci\u00f3 en Jacaltenango. Recolecta pl\u00e1sticos y los torna en objetos \u00fatiles. Sus productos estar\u00e1n en SoyMigrante MERCADO. Esta es la historia","canonical_url":"https:\/\/soymigrante.com\/revista\/cooperativa-yax-transforma-una-planta-recicladora-en-huehuetenango-que-crea-y-genera-empleo\/","robots":"max-snippet:-1, max-image-preview:large, max-video-preview:-1","keywords":"","webmasterTools":{"miscellaneous":"&lt;link rel=\"preconnect\" href=\"https:\/\/fonts.googleapis.com\" crossorigin&gt;\n&lt;link rel=\"preconnect\" href=\"https:\/\/fonts.gstatic.com\" crossorigin&gt;"},"schema":null,"og:locale":"es_ES","og:site_name":"SoyMigrante.com REVISTA \u2013 Nuestra misi\u00f3n es reconocer y dignificar al migrante.","og:type":"article","og:title":"Cooperativa Yax Transforma: Pplanta recicladora en Huehuetenango","og:description":"La cooperativa Yax Transforma naci\u00f3 en Jacaltenango. Recolecta pl\u00e1sticos y los torna en objetos \u00fatiles. Sus productos estar\u00e1n en SoyMigrante MERCADO. Esta es la historia","og:url":"https:\/\/soymigrante.com\/revista\/cooperativa-yax-transforma-una-planta-recicladora-en-huehuetenango-que-crea-y-genera-empleo\/","og:image":"https:\/\/soymigrante.com\/revista\/wp-content\/uploads\/2024\/10\/yax-transforma.webp","og:image:secure_url":"https:\/\/soymigrante.com\/revista\/wp-content\/uploads\/2024\/10\/yax-transforma.webp","og:image:width":1049,"og:image:height":1049,"article:published_time":"2024-10-17T17:09:52+00:00","article:modified_time":"2024-11-05T06:58:36+00:00","article:publisher":"https:\/\/www.facebook.com\/soymigrantecom","twitter:card":"summary_large_image","twitter:site":"@SoyMigrante_com","twitter:title":"Cooperativa Yax Transforma: Pplanta recicladora en Huehuetenango","twitter:description":"La cooperativa Yax Transforma naci\u00f3 en Jacaltenango. Recolecta pl\u00e1sticos y los torna en objetos \u00fatiles. Sus productos estar\u00e1n en SoyMigrante MERCADO. Esta es la historia","twitter:creator":"@SoyMigrante_com","twitter:image":"https:\/\/soymigrante.com\/revista\/wp-content\/uploads\/2024\/10\/yax-transforma.webp"},"aioseo_meta_data":{"post_id":"13457","title":"Impulsar la cultura maya motiva a Raxche' Rodr\u00edguez y Maya Wuj","description":"El amor a su cultura e identidad motiva a Raxche' Rodr\u00edguez a impulsar idiomas, calendario y tradici\u00f3n de la cosmovisi\u00f3n maya a trav\u00e9s de la editorial Maya' Wuj.","keywords":null,"keyphrases":{"focus":{"keyphrase":"Maya","score":78,"analysis":{"keyphraseInTitle":{"score":9,"maxScore":9,"error":0},"keyphraseInDescription":{"score":9,"maxScore":9,"error":0},"keyphraseLength":{"score":9,"maxScore":9,"error":0,"length":1},"keyphraseInURL":{"score":5,"maxScore":5,"error":0},"keyphraseInIntroduction":{"score":9,"maxScore":9,"error":0},"keyphraseInSubHeadings":{"score":3,"maxScore":9,"error":1},"keyphraseInImageAlt":{"score":9,"maxScore":9,"error":0},"keywordDensity":{"type":"high","score":0,"maxScore":9,"error":1}}},"additional":[{"keyphrase":"calendario maya","score":40,"analysis":{"keyphraseInDescription":{"score":3,"maxScore":9,"error":1},"keyphraseLength":{"score":9,"maxScore":9,"error":0,"length":2},"keyphraseInIntroduction":{"score":3,"maxScore":9,"error":1},"keyphraseInImageAlt":{"score":3,"maxScore":9,"error":1},"keywordDensity":{"score":0,"type":"low","maxScore":9,"error":1}}},{"keyphrase":"civilizaci\u00f3n maya","score":40,"analysis":{"keyphraseInDescription":{"score":3,"maxScore":9,"error":1},"keyphraseLength":{"score":9,"maxScore":9,"error":0,"length":3},"keyphraseInIntroduction":{"score":3,"maxScore":9,"error":1},"keyphraseInImageAlt":{"score":3,"maxScore":9,"error":1},"keywordDensity":{"score":0,"type":"low","maxScore":9,"error":1}}},{"keyphrase":"Mercado","score":40,"analysis":{"keyphraseInDescription":{"score":3,"maxScore":9,"error":1},"keyphraseLength":{"score":9,"maxScore":9,"error":0,"length":1},"keyphraseInIntroduction":{"score":3,"maxScore":9,"error":1},"keyphraseInImageAlt":{"score":3,"maxScore":9,"error":1},"keywordDensity":{"score":0,"type":"low","maxScore":9,"error":1}}},{"keyphrase":"Soy Migrante","score":40,"analysis":{"keyphraseInDescription":{"score":3,"maxScore":9,"error":1},"keyphraseLength":{"score":9,"maxScore":9,"error":0,"length":2},"keyphraseInIntroduction":{"score":3,"maxScore":9,"error":1},"keyphraseInImageAlt":{"score":3,"maxScore":9,"error":1},"keywordDensity":{"score":0,"type":"low","maxScore":9,"error":1}}},{"keyphrase":"literatura","score":53,"analysis":{"keyphraseInDescription":{"score":3,"maxScore":9,"error":1},"keyphraseLength":{"score":9,"maxScore":9,"error":0,"length":1},"keyphraseInIntroduction":{"score":9,"maxScore":9,"error":0},"keyphraseInImageAlt":{"score":3,"maxScore":9,"error":1},"keywordDensity":{"score":0,"type":"low","maxScore":9,"error":1}}}]},"primary_term":null,"canonical_url":null,"og_title":null,"og_description":null,"og_object_type":"default","og_image_type":"default","og_image_url":null,"og_image_width":null,"og_image_height":null,"og_image_custom_url":null,"og_image_custom_fields":null,"og_video":"","og_custom_url":null,"og_article_section":null,"og_article_tags":null,"twitter_use_og":false,"twitter_card":"default","twitter_image_type":"default","twitter_image_url":null,"twitter_image_custom_url":null,"twitter_image_custom_fields":null,"twitter_title":null,"twitter_description":null,"schema":{"blockGraphs":[],"customGraphs":[],"default":{"data":{"Article":[],"Course":[],"Dataset":[],"FAQPage":[],"Movie":[],"Person":[],"Product":[],"ProductReview":[],"Car":[],"Recipe":[],"Service":[],"SoftwareApplication":[],"WebPage":[]},"graphName":"Article","isEnabled":true},"graphs":[]},"schema_type":"default","schema_type_options":null,"pillar_content":false,"robots_default":true,"robots_noindex":false,"robots_noarchive":false,"robots_nosnippet":false,"robots_nofollow":false,"robots_noimageindex":false,"robots_noodp":false,"robots_notranslate":false,"robots_max_snippet":"-1","robots_max_videopreview":"-1","robots_max_imagepreview":"large","priority":null,"frequency":"default","local_seo":null,"seo_analyzer_scan_date":"2025-10-09 00:24:21","breadcrumb_settings":null,"limit_modified_date":false,"reviewed_by":null,"open_ai":"{\"title\":{\"suggestions\":[],\"usage\":0},\"description\":{\"suggestions\":[],\"usage\":0}}","ai":null,"created":"2024-11-18 03:07:17","updated":"2026-02-04 16:38:12"},"aioseo_breadcrumb":"<div class=\"aioseo-breadcrumbs\"><span class=\"aioseo-breadcrumb\">\n\t<a href=\"https:\/\/soymigrante.com\/revista\" title=\"Home\">Home<\/a>\n<\/span><span class=\"aioseo-breadcrumb-separator\">\u00bb<\/span><span class=\"aioseo-breadcrumb\">\n\t<a href=\"https:\/\/soymigrante.com\/revista\/category\/guate-nuestra\/\" title=\"Guate Nuestra\">Guate Nuestra<\/a>\n<\/span><span class=\"aioseo-breadcrumb-separator\">\u00bb<\/span><span class=\"aioseo-breadcrumb\">\n\tImpulsar la sabidur\u00eda e idiomas mayas es el hilo que teje el esfuerzo de Raxche\u2019 Rodr\u00edguez en Maya\u2019 Wuj\n<\/span><\/div>","aioseo_breadcrumb_json":[{"label":"Home","link":"https:\/\/soymigrante.com\/revista"},{"label":"Guate Nuestra","link":"https:\/\/soymigrante.com\/revista\/category\/guate-nuestra\/"},{"label":"Impulsar la sabidur\u00eda e idiomas mayas es el hilo que teje el esfuerzo de Raxche&#8217; Rodr\u00edguez en Maya&#8217; Wuj","link":"https:\/\/soymigrante.com\/revista\/impulsar-la-sabiduria-e-idiomas-mayas-es-el-hilo-del-esfuerzo-de-raxche-rodriguez-en-maya-wuj\/"}],"_links":{"self":[{"href":"https:\/\/soymigrante.com\/revista\/wp-json\/wp\/v2\/posts\/13457","targetHints":{"allow":["GET"]}}],"collection":[{"href":"https:\/\/soymigrante.com\/revista\/wp-json\/wp\/v2\/posts"}],"about":[{"href":"https:\/\/soymigrante.com\/revista\/wp-json\/wp\/v2\/types\/post"}],"author":[{"embeddable":true,"href":"https:\/\/soymigrante.com\/revista\/wp-json\/wp\/v2\/users\/23"}],"replies":[{"embeddable":true,"href":"https:\/\/soymigrante.com\/revista\/wp-json\/wp\/v2\/comments?post=13457"}],"version-history":[{"count":0,"href":"https:\/\/soymigrante.com\/revista\/wp-json\/wp\/v2\/posts\/13457\/revisions"}],"wp:featuredmedia":[{"embeddable":true,"href":"https:\/\/soymigrante.com\/revista\/wp-json\/wp\/v2\/media\/13686"}],"wp:attachment":[{"href":"https:\/\/soymigrante.com\/revista\/wp-json\/wp\/v2\/media?parent=13457"}],"wp:term":[{"taxonomy":"category","embeddable":true,"href":"https:\/\/soymigrante.com\/revista\/wp-json\/wp\/v2\/categories?post=13457"},{"taxonomy":"post_tag","embeddable":true,"href":"https:\/\/soymigrante.com\/revista\/wp-json\/wp\/v2\/tags?post=13457"}],"curies":[{"name":"wp","href":"https:\/\/api.w.org\/{rel}","templated":true}]}}