{"id":13339,"date":"2024-12-07T09:56:22","date_gmt":"2024-12-07T15:56:22","guid":{"rendered":"https:\/\/soymigrante.com\/revista\/?p=13339"},"modified":"2024-12-07T10:16:21","modified_gmt":"2024-12-07T16:16:21","slug":"van-a-quemar-el-torito-una-tradicion-de-polvora-y-luces-al-final-de-la-procesion","status":"publish","type":"post","link":"https:\/\/soymigrante.com\/revista\/van-a-quemar-el-torito-una-tradicion-de-polvora-y-luces-al-final-de-la-procesion\/","title":{"rendered":"Quema del Torito cierra procesiones festivas en pueblos y barrios de Guatemala"},"content":{"rendered":"\t\t<div data-elementor-type=\"wp-post\" data-elementor-id=\"13339\" class=\"elementor elementor-13339\" data-elementor-post-type=\"post\">\n\t\t\t\t<div data-particle_enable=\"false\" data-particle-mobile-disabled=\"false\" class=\"elementor-element elementor-element-1389dbc e-flex e-con-boxed e-con e-parent\" data-id=\"1389dbc\" data-element_type=\"container\" data-e-type=\"container\">\n\t\t\t\t\t<div class=\"e-con-inner\">\n\t\t\t\t<div class=\"elementor-element elementor-element-106cb09 elementor-widget elementor-widget-heading\" data-id=\"106cb09\" data-element_type=\"widget\" data-e-type=\"widget\" data-widget_type=\"heading.default\">\n\t\t\t\t\t<h2 class=\"elementor-heading-title elementor-size-default\">La tradici\u00f3n de los toritos en Guatemala es un reflejo de la riqueza cultural y religiosa del pa\u00eds.<\/h2>\t\t\t\t<\/div>\n\t\t\t\t\t<\/div>\n\t\t\t\t<\/div>\n\t\t<div data-particle_enable=\"false\" data-particle-mobile-disabled=\"false\" class=\"elementor-element elementor-element-2f083c5 e-flex e-con-boxed e-con e-parent\" data-id=\"2f083c5\" data-element_type=\"container\" data-e-type=\"container\">\n\t\t\t\t\t<div class=\"e-con-inner\">\n\t\t\t\t<div class=\"elementor-element elementor-element-b5fc051 elementor-widget elementor-widget-text-editor\" data-id=\"b5fc051\" data-element_type=\"widget\" data-e-type=\"widget\" data-widget_type=\"text-editor.default\">\n\t\t\t\t\t\t\t\t\t<p>Los toritos, un espect\u00e1culo de fuegos artificiales con <a href=\"https:\/\/soymigrante.com\/revista\/category\/guate-nuestra\/\" target=\"_blank\" rel=\"noopener\">gran arraigo en Guatemala, son un s\u00edmbolo de festividad y celebraci\u00f3n<\/a> en las fiestas patronales del pa\u00eds. Reci\u00e9n este 6 de diciembre de 2024 fue posible observar la quema de \u00a1dos! toritos al mismo tiempo al finalizar la procesi\u00f3n de la Virgen de Concepci\u00f3n del templo La Recolecci\u00f3n, en la Ciudad de Guatemala, justo despu\u00e9s de haber recibido la consagraci\u00f3n can\u00f3nica.\u00a0<\/p><p>Esta tradici\u00f3n, profundamente ligada a las creencias y celebraciones religiosas, convierte el espacio p\u00fablico en un escenario de luces, m\u00fasica y emoci\u00f3n, donde los habitantes se re\u00fanen para presenciar la \u201cquema\u201d de un toro de fuegos artificiales, transformando la noche en una explosi\u00f3n de color y fervor.<\/p>\t\t\t\t\t\t\t\t<\/div>\n\t\t\t\t\t<\/div>\n\t\t\t\t<\/div>\n\t\t<div data-particle_enable=\"false\" data-particle-mobile-disabled=\"false\" class=\"elementor-element elementor-element-5938d43 e-flex e-con-boxed e-con e-parent\" data-id=\"5938d43\" data-element_type=\"container\" data-e-type=\"container\">\n\t\t\t\t\t<div class=\"e-con-inner\">\n\t\t\t\t<div class=\"elementor-element elementor-element-bc5fff0 elementor-widget elementor-widget-heading\" data-id=\"bc5fff0\" data-element_type=\"widget\" data-e-type=\"widget\" data-widget_type=\"heading.default\">\n\t\t\t\t\t<h4 class=\"elementor-heading-title elementor-size-default\">Admira este emotivo momento de este 6 de diciembre 2024<\/h4>\t\t\t\t<\/div>\n\t\t\t\t\t<\/div>\n\t\t\t\t<\/div>\n\t\t<div data-particle_enable=\"false\" data-particle-mobile-disabled=\"false\" class=\"elementor-element elementor-element-4960a81 e-flex e-con-boxed e-con e-parent\" data-id=\"4960a81\" data-element_type=\"container\" data-e-type=\"container\">\n\t\t\t\t\t<div class=\"e-con-inner\">\n\t\t\t\t<div class=\"elementor-element elementor-element-278ee2d elementor-widget elementor-widget-html\" data-id=\"278ee2d\" data-element_type=\"widget\" data-e-type=\"widget\" data-widget_type=\"html.default\">\n\t\t\t\t\t<iframe src=\"https:\/\/www.facebook.com\/plugins\/video.php?height=314&href=https%3A%2F%2Fwww.facebook.com%2FArcangelCorp%2Fvideos%2F821538729748145%2F&show_text=true&width=560&t=720\" width=\"560\" height=\"429\" style=\"border:none;overflow:hidden\" scrolling=\"no\" frameborder=\"0\" allowfullscreen=\"true\" allow=\"autoplay; clipboard-write; encrypted-media; picture-in-picture; web-share\" allowFullScreen=\"true\"><\/iframe>\t\t\t\t<\/div>\n\t\t\t\t\t<\/div>\n\t\t\t\t<\/div>\n\t\t<div data-particle_enable=\"false\" data-particle-mobile-disabled=\"false\" class=\"elementor-element elementor-element-fae2b2c e-flex e-con-boxed e-con e-parent\" data-id=\"fae2b2c\" data-element_type=\"container\" data-e-type=\"container\">\n\t\t\t\t\t<div class=\"e-con-inner\">\n\t\t\t\t<div class=\"elementor-element elementor-element-96874fb elementor-widget elementor-widget-heading\" data-id=\"96874fb\" data-element_type=\"widget\" data-e-type=\"widget\" data-widget_type=\"heading.default\">\n\t\t\t\t\t<h3 class=\"elementor-heading-title elementor-size-default\">Or\u00edgenes y significado cultural<\/h3>\t\t\t\t<\/div>\n\t\t\t\t\t<\/div>\n\t\t\t\t<\/div>\n\t\t<div data-particle_enable=\"false\" data-particle-mobile-disabled=\"false\" class=\"elementor-element elementor-element-281fe28 e-flex e-con-boxed e-con e-parent\" data-id=\"281fe28\" data-element_type=\"container\" data-e-type=\"container\">\n\t\t\t\t\t<div class=\"e-con-inner\">\n\t\t\t\t<div class=\"elementor-element elementor-element-0256a77 elementor-widget elementor-widget-text-editor\" data-id=\"0256a77\" data-element_type=\"widget\" data-e-type=\"widget\" data-widget_type=\"text-editor.default\">\n\t\t\t\t\t\t\t\t\t<p>La tradici\u00f3n de los toritos tiene sus ra\u00edces en<a href=\"https:\/\/soymigrante.com\/revista\/category\/guate-nuestra\/\" target=\"_blank\" rel=\"noopener\"> las costumbres de las comunidades ind\u00edgenas y ladinas de Guatemala,<\/a> quienes adoptaron elementos tra\u00eddos por los colonizadores espa\u00f1oles y los fusionaron con sus propias festividades, seg\u00fan el historiador, Miguel \u00c1lvarez.<\/p><p>Los toritos est\u00e1n dise\u00f1ados en la figura de un toro, un animal que simboliza fuerza, pero en este contexto tambi\u00e9n representa una especie de ofrenda a los santos patronos de cada comunidad, a quienes se les pide protecci\u00f3n y buenas cosechas.<\/p>\t\t\t\t\t\t\t\t<\/div>\n\t\t\t\t\t<\/div>\n\t\t\t\t<\/div>\n\t\t<div data-particle_enable=\"false\" data-particle-mobile-disabled=\"false\" class=\"elementor-element elementor-element-40d9885 e-flex e-con-boxed e-con e-parent\" data-id=\"40d9885\" data-element_type=\"container\" data-e-type=\"container\">\n\t\t\t\t\t<div class=\"e-con-inner\">\n\t\t\t\t<div class=\"elementor-element elementor-element-4d7fd7f elementor-widget elementor-widget-facebook-embed\" data-id=\"4d7fd7f\" data-element_type=\"widget\" data-e-type=\"widget\" data-widget_type=\"facebook-embed.default\">\n\t\t\t\t\t<div style=\"min-height: 1px\" class=\"elementor-facebook-widget fb-post\" data-href=\"https:\/\/www.facebook.com\/RadioEstrella89.3\/videos\/852290079144188\" data-show-text=\"false\"><\/div>\t\t\t\t<\/div>\n\t\t\t\t\t<\/div>\n\t\t\t\t<\/div>\n\t\t<div data-particle_enable=\"false\" data-particle-mobile-disabled=\"false\" class=\"elementor-element elementor-element-e9988d8 e-flex e-con-boxed e-con e-parent\" data-id=\"e9988d8\" data-element_type=\"container\" data-e-type=\"container\">\n\t\t\t\t\t<div class=\"e-con-inner\">\n\t\t\t\t<div class=\"elementor-element elementor-element-e7b2ce1 elementor-widget elementor-widget-text-editor\" data-id=\"e7b2ce1\" data-element_type=\"widget\" data-e-type=\"widget\" data-widget_type=\"text-editor.default\">\n\t\t\t\t\t\t\t\t\t<p>Estas celebraciones se llevan a cabo principalmente en las festividades <a href=\"https:\/\/soymigrante.com\/revista\/category\/guate-nuestra\/\" target=\"_blank\" rel=\"noopener\">religiosas, conocidas como fiestas patronales,<\/a> que suelen durar varios d\u00edas. Cada pueblo honra a su santo patrono con diversas actividades, como misas, procesiones, bailes, y, por supuesto, la quema de los toritos.<\/p><p>Esta tradici\u00f3n se ha mantenido viva de generaci\u00f3n en generaci\u00f3n, pasando de padres a hijos y conservando el simbolismo que hace \u00fanica a la cultura guatemalteca.<\/p>\t\t\t\t\t\t\t\t<\/div>\n\t\t\t\t\t<\/div>\n\t\t\t\t<\/div>\n\t\t<div data-particle_enable=\"false\" data-particle-mobile-disabled=\"false\" class=\"elementor-element elementor-element-3cacc7d e-flex e-con-boxed e-con e-parent\" data-id=\"3cacc7d\" data-element_type=\"container\" data-e-type=\"container\">\n\t\t\t\t\t<div class=\"e-con-inner\">\n\t\t\t\t<div class=\"elementor-element elementor-element-9cc112c elementor-widget elementor-widget-video\" data-id=\"9cc112c\" data-element_type=\"widget\" data-e-type=\"widget\" data-settings=\"{&quot;youtube_url&quot;:&quot;https:\\\/\\\/www.youtube.com\\\/watch?v=wTAQHkUEgxA&quot;,&quot;video_type&quot;:&quot;youtube&quot;,&quot;controls&quot;:&quot;yes&quot;}\" data-widget_type=\"video.default\">\n\t\t\t\t\t\t\t<div class=\"elementor-wrapper elementor-open-inline\">\n\t\t\t<div class=\"elementor-video\"><\/div>\t\t<\/div>\n\t\t\t\t\t\t<\/div>\n\t\t\t\t\t<\/div>\n\t\t\t\t<\/div>\n\t\t<div data-particle_enable=\"false\" data-particle-mobile-disabled=\"false\" class=\"elementor-element elementor-element-f05d3df e-flex e-con-boxed e-con e-parent\" data-id=\"f05d3df\" data-element_type=\"container\" data-e-type=\"container\">\n\t\t\t\t\t<div class=\"e-con-inner\">\n\t\t\t\t<div class=\"elementor-element elementor-element-1a34fc1 elementor-widget elementor-widget-heading\" data-id=\"1a34fc1\" data-element_type=\"widget\" data-e-type=\"widget\" data-widget_type=\"heading.default\">\n\t\t\t\t\t<h3 class=\"elementor-heading-title elementor-size-default\">La construcci\u00f3n de los toritos<\/h3>\t\t\t\t<\/div>\n\t\t\t\t\t<\/div>\n\t\t\t\t<\/div>\n\t\t<div data-particle_enable=\"false\" data-particle-mobile-disabled=\"false\" class=\"elementor-element elementor-element-5d38e36 e-flex e-con-boxed e-con e-parent\" data-id=\"5d38e36\" data-element_type=\"container\" data-e-type=\"container\">\n\t\t\t\t\t<div class=\"e-con-inner\">\n\t\t\t\t<div class=\"elementor-element elementor-element-4caa0a1 elementor-widget elementor-widget-text-editor\" data-id=\"4caa0a1\" data-element_type=\"widget\" data-e-type=\"widget\" data-widget_type=\"text-editor.default\">\n\t\t\t\t\t\t\t\t\t<p>Los toritos se construyen a partir de una estructura de ca\u00f1a o madera ligera, que se cubre con papel y otros materiales decorativos para imitar la figura de un toro.<\/p><p>A esta estructura se le a\u00f1aden una serie de fuegos artificiales \u2014cohetes, luces y otros efectos pirot\u00e9cnicos\u2014 cuidadosamente distribuidos para lograr un espect\u00e1culo seguro y llamativo.<\/p><p><a href=\"https:\/\/soymigrante.com\/revista\/category\/guate-nuestra\/\" target=\"_blank\" rel=\"noopener\">Los encargados de construirlos suelen ser artesanos locales,<\/a> quienes conocen bien la t\u00e9cnica y saben c\u00f3mo asegurar que el espect\u00e1culo sea impresionante sin poner en riesgo la seguridad de los participantes y espectadores.<\/p>\t\t\t\t\t\t\t\t<\/div>\n\t\t\t\t\t<\/div>\n\t\t\t\t<\/div>\n\t\t<div data-particle_enable=\"false\" data-particle-mobile-disabled=\"false\" class=\"elementor-element elementor-element-b3fca94 e-flex e-con-boxed e-con e-parent\" data-id=\"b3fca94\" data-element_type=\"container\" data-e-type=\"container\">\n\t\t\t\t\t<div class=\"e-con-inner\">\n\t\t\t\t<div class=\"elementor-element elementor-element-8b1c02e elementor-widget elementor-widget-text-editor\" data-id=\"8b1c02e\" data-element_type=\"widget\" data-e-type=\"widget\" data-widget_type=\"text-editor.default\">\n\t\t\t\t\t\t\t\t\t<p>Cuando llega la noche de la fiesta, una persona valiente se coloca bajo la estructura del torito, sosteni\u00e9ndolo en sus hombros para hacerlo \u201ccorrer\u201d entre la gente mientras los fuegos artificiales se encienden. Este acto, conocido como \u201cel baile del torito\u201d, llena de emoci\u00f3n a los asistentes, quienes <a href=\"https:\/\/soymigrante.com\/revista\/category\/guate-nuestra\/\" target=\"_blank\" rel=\"noopener\">esquivan al toro en llamas mientras suena la marimba o la m\u00fasica local en el fondo.<\/a><\/p>\t\t\t\t\t\t\t\t<\/div>\n\t\t\t\t\t<\/div>\n\t\t\t\t<\/div>\n\t\t<div data-particle_enable=\"false\" data-particle-mobile-disabled=\"false\" class=\"elementor-element elementor-element-4a378e1 e-flex e-con-boxed e-con e-parent\" data-id=\"4a378e1\" data-element_type=\"container\" data-e-type=\"container\">\n\t\t\t\t\t<div class=\"e-con-inner\">\n\t\t\t\t<div class=\"elementor-element elementor-element-f2d37ec elementor-widget elementor-widget-video\" data-id=\"f2d37ec\" data-element_type=\"widget\" data-e-type=\"widget\" data-settings=\"{&quot;youtube_url&quot;:&quot;https:\\\/\\\/www.youtube.com\\\/watch?v=xobVOL-O5Go&quot;,&quot;video_type&quot;:&quot;youtube&quot;,&quot;controls&quot;:&quot;yes&quot;}\" data-widget_type=\"video.default\">\n\t\t\t\t\t\t\t<div class=\"elementor-wrapper elementor-open-inline\">\n\t\t\t<div class=\"elementor-video\"><\/div>\t\t<\/div>\n\t\t\t\t\t\t<\/div>\n\t\t\t\t\t<\/div>\n\t\t\t\t<\/div>\n\t\t<div data-particle_enable=\"false\" data-particle-mobile-disabled=\"false\" class=\"elementor-element elementor-element-5e475ec e-flex e-con-boxed e-con e-parent\" data-id=\"5e475ec\" data-element_type=\"container\" data-e-type=\"container\">\n\t\t\t\t\t<div class=\"e-con-inner\">\n\t\t\t\t<div class=\"elementor-element elementor-element-0bfe4db elementor-widget elementor-widget-heading\" data-id=\"0bfe4db\" data-element_type=\"widget\" data-e-type=\"widget\" data-widget_type=\"heading.default\">\n\t\t\t\t\t<h3 class=\"elementor-heading-title elementor-size-default\">Seguridad y precauciones<\/h3>\t\t\t\t<\/div>\n\t\t\t\t\t<\/div>\n\t\t\t\t<\/div>\n\t\t<div data-particle_enable=\"false\" data-particle-mobile-disabled=\"false\" class=\"elementor-element elementor-element-9d12899 e-flex e-con-boxed e-con e-parent\" data-id=\"9d12899\" data-element_type=\"container\" data-e-type=\"container\">\n\t\t\t\t\t<div class=\"e-con-inner\">\n\t\t\t\t<div class=\"elementor-element elementor-element-9c724a1 elementor-widget elementor-widget-text-editor\" data-id=\"9c724a1\" data-element_type=\"widget\" data-e-type=\"widget\" data-widget_type=\"text-editor.default\">\n\t\t\t\t\t\t\t\t\t<p>Si bien los toritos son un espect\u00e1culo esperado y querido por las comunidades, la seguridad siempre ha sido un tema importante. <a href=\"https:\/\/soymigrante.com\/revista\/category\/guate-nuestra\/\" target=\"_blank\" rel=\"noopener\">Debido al riesgo inherente de los fuegos artificiales, las autoridades y los organizadores suelen establecer medidas preventivas para evitar accidentes.<\/a><\/p><p>Algunas comunidades han introducido normativas que limitan el uso de ciertos tipos de pirotecnia para minimizar el riesgo de quemaduras o incendios.<\/p><p>Adem\u00e1s, se recomienda a los asistentes mantener una distancia prudente, especialmente a los ni\u00f1os y personas mayores, para reducir el riesgo de accidentes durante la carrera del torito.<\/p>\t\t\t\t\t\t\t\t<\/div>\n\t\t\t\t\t<\/div>\n\t\t\t\t<\/div>\n\t\t<div data-particle_enable=\"false\" data-particle-mobile-disabled=\"false\" class=\"elementor-element elementor-element-50354a9 e-flex e-con-boxed e-con e-parent\" data-id=\"50354a9\" data-element_type=\"container\" data-e-type=\"container\">\n\t\t\t\t\t<div class=\"e-con-inner\">\n\t\t\t\t<div class=\"elementor-element elementor-element-bc006c0 elementor-widget elementor-widget-video\" data-id=\"bc006c0\" data-element_type=\"widget\" data-e-type=\"widget\" data-settings=\"{&quot;youtube_url&quot;:&quot;https:\\\/\\\/www.youtube.com\\\/watch?v=ktudYB98FgM&quot;,&quot;video_type&quot;:&quot;youtube&quot;,&quot;controls&quot;:&quot;yes&quot;}\" data-widget_type=\"video.default\">\n\t\t\t\t\t\t\t<div class=\"elementor-wrapper elementor-open-inline\">\n\t\t\t<div class=\"elementor-video\"><\/div>\t\t<\/div>\n\t\t\t\t\t\t<\/div>\n\t\t\t\t\t<\/div>\n\t\t\t\t<\/div>\n\t\t<div data-particle_enable=\"false\" data-particle-mobile-disabled=\"false\" class=\"elementor-element elementor-element-e0cffbc e-flex e-con-boxed e-con e-parent\" data-id=\"e0cffbc\" data-element_type=\"container\" data-e-type=\"container\">\n\t\t\t\t\t<div class=\"e-con-inner\">\n\t\t\t\t<div class=\"elementor-element elementor-element-d60d615 elementor-widget elementor-widget-heading\" data-id=\"d60d615\" data-element_type=\"widget\" data-e-type=\"widget\" data-widget_type=\"heading.default\">\n\t\t\t\t\t<h3 class=\"elementor-heading-title elementor-size-default\">El valor cultural de los toritos<\/h3>\t\t\t\t<\/div>\n\t\t\t\t\t<\/div>\n\t\t\t\t<\/div>\n\t\t<div data-particle_enable=\"false\" data-particle-mobile-disabled=\"false\" class=\"elementor-element elementor-element-b0ca46c e-flex e-con-boxed e-con e-parent\" data-id=\"b0ca46c\" data-element_type=\"container\" data-e-type=\"container\">\n\t\t\t\t\t<div class=\"e-con-inner\">\n\t\t\t\t<div class=\"elementor-element elementor-element-252474b elementor-widget elementor-widget-text-editor\" data-id=\"252474b\" data-element_type=\"widget\" data-e-type=\"widget\" data-widget_type=\"text-editor.default\">\n\t\t\t\t\t\t\t\t\t<p>Para los guatemaltecos, los toritos representan mucho m\u00e1s que un simple acto de entretenimiento.<a href=\"https:\/\/soymigrante.com\/revista\/category\/guate-nuestra\/\" target=\"_blank\" rel=\"noopener\"> Se trata de una manifestaci\u00f3n cultural y religiosa, un recordatorio de la identidad<\/a> y las tradiciones que unen a las comunidades.<\/p><p>A trav\u00e9s de la quema del torito, las personas honran sus ra\u00edces y celebran el esp\u00edritu de comunidad, preservando un ritual que sigue vivo a pesar del paso del tiempo.<\/p><p>En la actualidad, algunos sectores han expresado la necesidad de modernizar estas celebraciones o incluso de reemplazarlas con alternativas menos riesgosas. Sin embargo, para muchas comunidades, esta tradici\u00f3n sigue siendo una parte esencial de sus festividades y representa una conexi\u00f3n con el pasado que desean preservar.<\/p>\t\t\t\t\t\t\t\t<\/div>\n\t\t\t\t\t<\/div>\n\t\t\t\t<\/div>\n\t\t<div data-particle_enable=\"false\" data-particle-mobile-disabled=\"false\" class=\"elementor-element elementor-element-2eeb740 e-flex e-con-boxed e-con e-parent\" data-id=\"2eeb740\" data-element_type=\"container\" data-e-type=\"container\">\n\t\t\t\t\t<div class=\"e-con-inner\">\n\t\t\t\t<div class=\"elementor-element elementor-element-7ec03c6 elementor-widget elementor-widget-facebook-embed\" data-id=\"7ec03c6\" data-element_type=\"widget\" data-e-type=\"widget\" data-widget_type=\"facebook-embed.default\">\n\t\t\t\t\t<div style=\"min-height: 1px\" class=\"elementor-facebook-widget fb-post\" data-href=\"https:\/\/www.facebook.com\/camofilmsgt\/videos\/467005803028322\" data-show-text=\"false\"><\/div>\t\t\t\t<\/div>\n\t\t\t\t\t<\/div>\n\t\t\t\t<\/div>\n\t\t<div data-particle_enable=\"false\" data-particle-mobile-disabled=\"false\" class=\"elementor-element elementor-element-7eee89d e-flex e-con-boxed e-con e-parent\" data-id=\"7eee89d\" data-element_type=\"container\" data-e-type=\"container\">\n\t\t\t\t\t<div class=\"e-con-inner\">\n\t\t\t\t<div class=\"elementor-element elementor-element-e284217 elementor-widget elementor-widget-text-editor\" data-id=\"e284217\" data-element_type=\"widget\" data-e-type=\"widget\" data-widget_type=\"text-editor.default\">\n\t\t\t\t\t\t\t\t\t<p>Esta pr\u00e1ctica, llena de luces y sonidos, <a href=\"https:\/\/soymigrante.com\/revista\/category\/guate-nuestra\/\" target=\"_blank\" rel=\"noopener\">sigue cautivando a los habitantes de cada comunidad y a los visitantes que llegan a presenciarla.<\/a> Los toritos son una muestra de c\u00f3mo las tradiciones y las creencias populares perduran y se adaptan a las nuevas generaciones, manteniendo viva la esencia de las fiestas patronales y el esp\u00edritu de unidad que caracteriza a las comunidades guatemaltecas.<\/p>\t\t\t\t\t\t\t\t<\/div>\n\t\t\t\t\t<\/div>\n\t\t\t\t<\/div>\n\t\t<div data-particle_enable=\"false\" data-particle-mobile-disabled=\"false\" class=\"elementor-element elementor-element-b692f4b e-flex e-con-boxed e-con e-parent\" data-id=\"b692f4b\" data-element_type=\"container\" data-e-type=\"container\">\n\t\t\t\t\t<div class=\"e-con-inner\">\n\t\t\t\t<div class=\"elementor-element elementor-element-83080b1 elementor-widget elementor-widget-video\" data-id=\"83080b1\" data-element_type=\"widget\" data-e-type=\"widget\" data-settings=\"{&quot;youtube_url&quot;:&quot;https:\\\/\\\/www.youtube.com\\\/watch?v=BED4UbTwMKU&quot;,&quot;video_type&quot;:&quot;youtube&quot;,&quot;controls&quot;:&quot;yes&quot;}\" data-widget_type=\"video.default\">\n\t\t\t\t\t\t\t<div class=\"elementor-wrapper elementor-open-inline\">\n\t\t\t<div class=\"elementor-video\"><\/div>\t\t<\/div>\n\t\t\t\t\t\t<\/div>\n\t\t\t\t\t<\/div>\n\t\t\t\t<\/div>\n\t\t<div data-particle_enable=\"false\" data-particle-mobile-disabled=\"false\" class=\"elementor-element elementor-element-328bc40 e-flex e-con-boxed e-con e-parent\" data-id=\"328bc40\" data-element_type=\"container\" data-e-type=\"container\">\n\t\t\t\t\t<div class=\"e-con-inner\">\n\t\t\t\t<div class=\"elementor-element elementor-element-d05bacc elementor-widget elementor-widget-heading\" data-id=\"d05bacc\" data-element_type=\"widget\" data-e-type=\"widget\" data-widget_type=\"heading.default\">\n\t\t\t\t\t<h2 class=\"elementor-heading-title elementor-size-default\">Te puede interesar...<\/h2>\t\t\t\t<\/div>\n\t\t\t\t\t<\/div>\n\t\t\t\t<\/div>\n\t\t<div data-particle_enable=\"false\" data-particle-mobile-disabled=\"false\" class=\"elementor-element elementor-element-fc3e923 e-flex e-con-boxed e-con e-parent\" data-id=\"fc3e923\" data-element_type=\"container\" data-e-type=\"container\">\n\t\t\t\t\t<div class=\"e-con-inner\">\n\t\t\t\t<div class=\"elementor-element elementor-element-5759b6f elementor-widget elementor-widget-blfe-post-grid\" data-id=\"5759b6f\" data-element_type=\"widget\" data-e-type=\"widget\" data-settings=\"{&quot;columns&quot;:&quot;3&quot;,&quot;columns_tablet&quot;:&quot;6&quot;,&quot;columns_mobile&quot;:&quot;12&quot;,&quot;hero1_layout_column_gap&quot;:{&quot;unit&quot;:&quot;px&quot;,&quot;size&quot;:30,&quot;sizes&quot;:[]},&quot;hero1_layout_column_gap_tablet&quot;:{&quot;unit&quot;:&quot;px&quot;,&quot;size&quot;:&quot;&quot;,&quot;sizes&quot;:[]},&quot;hero1_layout_column_gap_mobile&quot;:{&quot;unit&quot;:&quot;px&quot;,&quot;size&quot;:&quot;&quot;,&quot;sizes&quot;:[]},&quot;hero1_layout_row_gap&quot;:{&quot;unit&quot;:&quot;px&quot;,&quot;size&quot;:30,&quot;sizes&quot;:[]},&quot;hero1_layout_row_gap_tablet&quot;:{&quot;unit&quot;:&quot;px&quot;,&quot;size&quot;:&quot;&quot;,&quot;sizes&quot;:[]},&quot;hero1_layout_row_gap_mobile&quot;:{&quot;unit&quot;:&quot;px&quot;,&quot;size&quot;:&quot;&quot;,&quot;sizes&quot;:[]}}\" data-widget_type=\"blfe-post-grid.hero1\">\n\t\t\t\t<div class=\"elementor-widget-container\">\n\t\t\t\t\t\n                        <div class=\"blfe-post-grid-container \">\n            \n                <div data-skin=\"hero1\" class=\"blfe-row blfe-posts-inner blfe-hero1 blfe-posts-inner blfe-col-3 blfe-col-tab-6 blfe-col-mob-12     \">\n                            <div class=\"blfe-post-grid-item\">\n            <div class=\"blfe-post-grid-item-inner blfe-modern-zoom\">\n                        <div class=\"blfe-post-grid-bg-image\">\n            <a class=\"blfe-post-grid-image-inner\" href=\"https:\/\/soymigrante.com\/revista\/hay-vida-despues-de-un-trasplante-pero-no-es-facil\/\" title=\"Testimonio: hay vida despu\u00e9s de un trasplante de h\u00edgado&#8230; pero no es f\u00e1cil\" rel=\"nofollow\" target=\"_blank\"><img decoding=\"async\" src=\"https:\/\/soymigrante.com\/revista\/wp-content\/uploads\/2023\/03\/trasplante-4-1.webp\" alt=\"Testimonio: hay vida despu\u00e9s de un trasplante de h\u00edgado&#8230; pero no es f\u00e1cil\"\/><\/a>        <\/div>\n                        <div class=\"blfe-post-grid-details\">\n                    <div class=\"blfe-post-grid-details-inner\">\n                        <span class=\"blfe-post-category\"><a href=\"https:\/\/soymigrante.com\/revista\/category\/estamos-unidos\/lugar-de-voces\/\">Lugar de Voces<\/a><\/span>                        <h3 class=\"blfe-post-grid-title\">\n            <a href=\"https:\/\/soymigrante.com\/revista\/hay-vida-despues-de-un-trasplante-pero-no-es-facil\/\" title=\"Testimonio: hay vida despu\u00e9s de un trasplante de h\u00edgado&#8230; pero no es f\u00e1cil\" rel=\"nofollow\" target=\"_blank\">Testimonio: hay vida despu\u00e9s de un trasplante de h\u00edgado&#8230; pero no es f\u00e1cil<\/a>\n            <\/h3>                                                            <div class=\"blfe-post-grid-meta\">\n                <span class=\"blfe-post-grid-time\"><i class=\"fas fa-book-reader\"><\/i>6 Min read<\/span>            <\/div>\n                                                        <\/div>\n                <\/div>\n\n            <\/div>\n        <\/div>\n                <div class=\"blfe-post-grid-item\">\n            <div class=\"blfe-post-grid-item-inner blfe-modern-zoom\">\n                        <div class=\"blfe-post-grid-bg-image\">\n            <a class=\"blfe-post-grid-image-inner\" href=\"https:\/\/soymigrante.com\/revista\/el-migrante-llego-al-limite-de-la-desesperacion-y-tuvo-que-irse\/\" title=\"El migrante lleg\u00f3 al l\u00edmite de la desesperaci\u00f3n y tuvo que irse\" rel=\"nofollow\" target=\"_blank\"><img decoding=\"async\" src=\"https:\/\/soymigrante.com\/revista\/wp-content\/uploads\/2023\/04\/migracion5.webp\" alt=\"El migrante lleg\u00f3 al l\u00edmite de la desesperaci\u00f3n y tuvo que irse\"\/><\/a>        <\/div>\n                        <div class=\"blfe-post-grid-details\">\n                    <div class=\"blfe-post-grid-details-inner\">\n                        <span class=\"blfe-post-category\"><a href=\"https:\/\/soymigrante.com\/revista\/category\/estamos-unidos\/lugar-de-voces\/\">Lugar de Voces<\/a><\/span>                        <h3 class=\"blfe-post-grid-title\">\n            <a href=\"https:\/\/soymigrante.com\/revista\/el-migrante-llego-al-limite-de-la-desesperacion-y-tuvo-que-irse\/\" title=\"El migrante lleg\u00f3 al l\u00edmite de la desesperaci\u00f3n y tuvo que irse\" rel=\"nofollow\" target=\"_blank\">El migrante lleg\u00f3 al l\u00edmite de la desesperaci\u00f3n y tuvo que irse<\/a>\n            <\/h3>                                                            <div class=\"blfe-post-grid-meta\">\n                <span class=\"blfe-post-grid-time\"><i class=\"fas fa-book-reader\"><\/i>10 Min read<\/span>            <\/div>\n                                                        <\/div>\n                <\/div>\n\n            <\/div>\n        <\/div>\n                <div class=\"blfe-post-grid-item\">\n            <div class=\"blfe-post-grid-item-inner blfe-modern-zoom\">\n                        <div class=\"blfe-post-grid-bg-image\">\n            <a class=\"blfe-post-grid-image-inner\" href=\"https:\/\/soymigrante.com\/revista\/ecoturismo-en-guatemala\/\" title=\"Joya natural en la bocacosta de Chiquimulilla, Santa Rosa\" rel=\"nofollow\" target=\"_blank\"><img decoding=\"async\" src=\"https:\/\/soymigrante.com\/revista\/wp-content\/uploads\/2023\/02\/3-Guate-Nuestra-Chiquimulilla-1-scaled.webp\" alt=\"Joya natural en la bocacosta de Chiquimulilla, Santa Rosa\"\/><\/a>        <\/div>\n                        <div class=\"blfe-post-grid-details\">\n                    <div class=\"blfe-post-grid-details-inner\">\n                        <span class=\"blfe-post-category\"><a href=\"https:\/\/soymigrante.com\/revista\/category\/guate-nuestra\/\">Guate Nuestra<\/a><\/span>                        <h3 class=\"blfe-post-grid-title\">\n            <a href=\"https:\/\/soymigrante.com\/revista\/ecoturismo-en-guatemala\/\" title=\"Joya natural en la bocacosta de Chiquimulilla, Santa Rosa\" rel=\"nofollow\" target=\"_blank\">Joya natural en la bocacosta de Chiquimulilla, Santa Rosa<\/a>\n            <\/h3>                                                            <div class=\"blfe-post-grid-meta\">\n                <span class=\"blfe-post-grid-time\"><i class=\"fas fa-book-reader\"><\/i>3 Min read<\/span>            <\/div>\n                                                        <\/div>\n                <\/div>\n\n            <\/div>\n        <\/div>\n                        <\/div>\n\n                        <\/div>\n            \n                        <div class=\"blfe-post-footer\">\n                        <\/div>\n            \t\t\t\t<\/div>\n\t\t\t\t<\/div>\n\t\t\t\t\t<\/div>\n\t\t\t\t<\/div>\n\t\t\t\t<\/div>\n\t\t","protected":false},"excerpt":{"rendered":"<p>La tradici\u00f3n de los toritos en Guatemala es un reflejo de la riqueza cultural y religiosa del pa\u00eds. Los toritos, un espect\u00e1culo de fuegos artificiales con gran arraigo en Guatemala, son un s\u00edmbolo de festividad y celebraci\u00f3n en las fiestas patronales del pa\u00eds. Reci\u00e9n este 6 de diciembre de 2024 fue posible observar la quema [&hellip;]<\/p>\n","protected":false},"author":19,"featured_media":13341,"comment_status":"open","ping_status":"open","sticky":false,"template":"","format":"standard","meta":{"_acf_changed":false,"_eb_attr":"","footnotes":""},"categories":[58],"tags":[],"class_list":["post-13339","post","type-post","status-publish","format-standard","has-post-thumbnail","hentry","category-guate-nuestra"],"acf":[],"aioseo_notices":[],"aioseo_head":"\n\t\t<!-- All in One SEO Pro 4.9.6.2 - aioseo.com -->\n\t<meta name=\"description\" content=\"Imag\u00ednese un refrescante ba\u00f1o enmedio del calor tropical, entre las monta\u00f1as y la Costa Sur. Rodeados de naturaleza conservada gracias a la labor de un visionario y entusiasta el ecoturismo. Quien visita Guatemala y desea una experiencia ecol\u00f3gica integral no puede dejar de visitar este parque natural conservado gracias a los ideales de un agr\u00f3nomo\" \/>\n\t<meta name=\"robots\" content=\"max-snippet:-1, max-image-preview:large, max-video-preview:-1\" \/>\n\t<meta name=\"author\" content=\"Gustavo Montenegro\"\/>\n\t<link rel=\"canonical\" href=\"https:\/\/soymigrante.com\/revista\/ecoturismo-en-guatemala\/\" \/>\n\t<meta name=\"generator\" content=\"All in One SEO Pro (AIOSEO) 4.9.6.2\" \/>\n\n\t\t<link rel=\"preconnect\" href=\"https:\/\/fonts.googleapis.com\" crossorigin>\n<link rel=\"preconnect\" href=\"https:\/\/fonts.gstatic.com\" crossorigin>\n\t\t<meta property=\"og:locale\" content=\"es_ES\" \/>\n\t\t<meta property=\"og:site_name\" content=\"SoyMigrante.com REVISTA \u2013 Nuestra misi\u00f3n es reconocer y dignificar al migrante.\" \/>\n\t\t<meta property=\"og:type\" content=\"article\" \/>\n\t\t<meta property=\"og:title\" content=\"Joya natural en la bocacosta de Chiquimulilla, Santa Rosa\" \/>\n\t\t<meta property=\"og:description\" content=\"Imag\u00ednese un refrescante ba\u00f1o enmedio del calor tropical, entre las monta\u00f1as y la Costa Sur. Rodeados de naturaleza conservada gracias a la labor de un visionario y entusiasta el ecoturismo. Quien visita Guatemala y desea una experiencia ecol\u00f3gica integral no puede dejar de visitar este parque natural conservado gracias a los ideales de un agr\u00f3nomo\" \/>\n\t\t<meta property=\"og:url\" content=\"https:\/\/soymigrante.com\/revista\/ecoturismo-en-guatemala\/\" \/>\n\t\t<meta property=\"og:image\" content=\"https:\/\/soymigrante.com\/revista\/wp-content\/uploads\/2023\/02\/3-Guate-Nuestra-Chiquimulilla-1-scaled.webp\" \/>\n\t\t<meta property=\"og:image:secure_url\" content=\"https:\/\/soymigrante.com\/revista\/wp-content\/uploads\/2023\/02\/3-Guate-Nuestra-Chiquimulilla-1-scaled.webp\" \/>\n\t\t<meta property=\"og:image:width\" content=\"1440\" \/>\n\t\t<meta property=\"og:image:height\" content=\"1920\" \/>\n\t\t<meta property=\"article:published_time\" content=\"2023-05-26T00:28:52+00:00\" \/>\n\t\t<meta property=\"article:modified_time\" content=\"2024-06-25T22:37:53+00:00\" \/>\n\t\t<meta property=\"article:publisher\" content=\"https:\/\/www.facebook.com\/soymigrantecom\" \/>\n\t\t<meta name=\"twitter:card\" content=\"summary_large_image\" \/>\n\t\t<meta name=\"twitter:site\" content=\"@SoyMigrante_com\" \/>\n\t\t<meta name=\"twitter:title\" content=\"Joya natural en la bocacosta de Chiquimulilla, Santa Rosa\" \/>\n\t\t<meta name=\"twitter:description\" content=\"Imag\u00ednese un refrescante ba\u00f1o enmedio del calor tropical, entre las monta\u00f1as y la Costa Sur. Rodeados de naturaleza conservada gracias a la labor de un visionario y entusiasta el ecoturismo. Quien visita Guatemala y desea una experiencia ecol\u00f3gica integral no puede dejar de visitar este parque natural conservado gracias a los ideales de un agr\u00f3nomo\" \/>\n\t\t<meta name=\"twitter:creator\" content=\"@SoyMigrante_com\" \/>\n\t\t<meta name=\"twitter:image\" content=\"https:\/\/soymigrante.com\/revista\/wp-content\/uploads\/2023\/02\/3-Guate-Nuestra-Chiquimulilla-1-scaled.webp\" \/>\n\t\t<!-- All in One SEO Pro -->\r\n\t\t<title>Joya natural en la bocacosta de Chiquimulilla, Santa Rosa<\/title>\n\n","aioseo_head_json":{"title":"Joya natural en la bocacosta de Chiquimulilla, Santa Rosa","description":"Imag\u00ednese un refrescante ba\u00f1o enmedio del calor tropical, entre las monta\u00f1as y la Costa Sur. Rodeados de naturaleza conservada gracias a la labor de un visionario y entusiasta el ecoturismo. Quien visita Guatemala y desea una experiencia ecol\u00f3gica integral no puede dejar de visitar este parque natural conservado gracias a los ideales de un agr\u00f3nomo","canonical_url":"https:\/\/soymigrante.com\/revista\/ecoturismo-en-guatemala\/","robots":"max-snippet:-1, max-image-preview:large, max-video-preview:-1","keywords":"","webmasterTools":{"miscellaneous":"&lt;link rel=\"preconnect\" href=\"https:\/\/fonts.googleapis.com\" crossorigin&gt;\n&lt;link rel=\"preconnect\" href=\"https:\/\/fonts.gstatic.com\" crossorigin&gt;"},"schema":null,"og:locale":"es_ES","og:site_name":"SoyMigrante.com REVISTA \u2013 Nuestra misi\u00f3n es reconocer y dignificar al migrante.","og:type":"article","og:title":"Joya natural en la bocacosta de Chiquimulilla, Santa Rosa","og:description":"Imag\u00ednese un refrescante ba\u00f1o enmedio del calor tropical, entre las monta\u00f1as y la Costa Sur. Rodeados de naturaleza conservada gracias a la labor de un visionario y entusiasta el ecoturismo. Quien visita Guatemala y desea una experiencia ecol\u00f3gica integral no puede dejar de visitar este parque natural conservado gracias a los ideales de un agr\u00f3nomo","og:url":"https:\/\/soymigrante.com\/revista\/ecoturismo-en-guatemala\/","og:image":"https:\/\/soymigrante.com\/revista\/wp-content\/uploads\/2023\/02\/3-Guate-Nuestra-Chiquimulilla-1-scaled.webp","og:image:secure_url":"https:\/\/soymigrante.com\/revista\/wp-content\/uploads\/2023\/02\/3-Guate-Nuestra-Chiquimulilla-1-scaled.webp","og:image:width":1440,"og:image:height":1920,"article:published_time":"2023-05-26T00:28:52+00:00","article:modified_time":"2024-06-25T22:37:53+00:00","article:publisher":"https:\/\/www.facebook.com\/soymigrantecom","twitter:card":"summary_large_image","twitter:site":"@SoyMigrante_com","twitter:title":"Joya natural en la bocacosta de Chiquimulilla, Santa Rosa","twitter:description":"Imag\u00ednese un refrescante ba\u00f1o enmedio del calor tropical, entre las monta\u00f1as y la Costa Sur. Rodeados de naturaleza conservada gracias a la labor de un visionario y entusiasta el ecoturismo. Quien visita Guatemala y desea una experiencia ecol\u00f3gica integral no puede dejar de visitar este parque natural conservado gracias a los ideales de un agr\u00f3nomo","twitter:creator":"@SoyMigrante_com","twitter:image":"https:\/\/soymigrante.com\/revista\/wp-content\/uploads\/2023\/02\/3-Guate-Nuestra-Chiquimulilla-1-scaled.webp"},"aioseo_meta_data":{"post_id":"13339","title":"Quema del Torito es festejo en pueblos y barrios de Guatemala","description":"La quema de toritos con luces suele incluir un baile al son de marimba o banda. Este ritual cierra procesiones festivas en pueblos y barrios de Guatemala","keywords":null,"keyphrases":{"focus":{"keyphrase":"toritos","score":76,"analysis":{"keyphraseInTitle":{"score":3,"maxScore":9,"error":1},"keyphraseInDescription":{"score":9,"maxScore":9,"error":0},"keyphraseLength":{"score":9,"maxScore":9,"error":0,"length":1},"keyphraseInURL":{"score":1,"maxScore":5,"error":1},"keyphraseInIntroduction":{"score":9,"maxScore":9,"error":0},"keyphraseInSubHeadings":{"score":9,"maxScore":9,"error":0},"keyphraseInImageAlt":{"score":3,"maxScore":9,"error":1},"keywordDensity":{"type":"best","score":9,"maxScore":9,"error":0}}},"additional":[{"keyphrase":"toritos","score":87,"analysis":{"keyphraseInDescription":{"score":9,"maxScore":9,"error":0},"keyphraseLength":{"score":9,"maxScore":9,"error":0,"length":1},"keyphraseInIntroduction":{"score":9,"maxScore":9,"error":0},"keyphraseInImageAlt":{"score":3,"maxScore":9,"error":1},"keywordDensity":{"type":"best","score":9,"maxScore":9,"error":0}}},{"keyphrase":"Guatemala","score":67,"analysis":{"keyphraseInDescription":{"score":9,"maxScore":9,"error":0},"keyphraseLength":{"score":9,"maxScore":9,"error":0,"length":1},"keyphraseInIntroduction":{"score":9,"maxScore":9,"error":0},"keyphraseInImageAlt":{"score":3,"maxScore":9,"error":1},"keywordDensity":{"score":0,"type":"low","maxScore":9,"error":1}}}]},"primary_term":null,"canonical_url":null,"og_title":null,"og_description":null,"og_object_type":"default","og_image_type":"default","og_image_url":null,"og_image_width":null,"og_image_height":null,"og_image_custom_url":null,"og_image_custom_fields":null,"og_video":"","og_custom_url":null,"og_article_section":null,"og_article_tags":null,"twitter_use_og":false,"twitter_card":"default","twitter_image_type":"default","twitter_image_url":null,"twitter_image_custom_url":null,"twitter_image_custom_fields":null,"twitter_title":null,"twitter_description":null,"schema":{"blockGraphs":[],"customGraphs":[],"default":{"data":{"Article":[],"Course":[],"Dataset":[],"FAQPage":[],"Movie":[],"Person":[],"Product":[],"ProductReview":[],"Car":[],"Recipe":[],"Service":[],"SoftwareApplication":[],"WebPage":[]},"graphName":"Article","isEnabled":true},"graphs":[]},"schema_type":"default","schema_type_options":null,"pillar_content":false,"robots_default":true,"robots_noindex":false,"robots_noarchive":false,"robots_nosnippet":false,"robots_nofollow":false,"robots_noimageindex":false,"robots_noodp":false,"robots_notranslate":false,"robots_max_snippet":"-1","robots_max_videopreview":"-1","robots_max_imagepreview":"large","priority":null,"frequency":"default","local_seo":null,"seo_analyzer_scan_date":"2025-10-09 00:52:02","breadcrumb_settings":null,"limit_modified_date":false,"reviewed_by":null,"open_ai":"{\"title\":{\"suggestions\":[],\"usage\":0},\"description\":{\"suggestions\":[],\"usage\":0}}","ai":null,"created":"2024-11-15 17:25:33","updated":"2026-02-04 18:18:22"},"aioseo_breadcrumb":"<div class=\"aioseo-breadcrumbs\"><span class=\"aioseo-breadcrumb\">\n\t<a href=\"https:\/\/soymigrante.com\/revista\" title=\"Home\">Home<\/a>\n<\/span><span class=\"aioseo-breadcrumb-separator\">\u00bb<\/span><span class=\"aioseo-breadcrumb\">\n\t<a href=\"https:\/\/soymigrante.com\/revista\/category\/guate-nuestra\/\" title=\"Guate Nuestra\">Guate Nuestra<\/a>\n<\/span><span class=\"aioseo-breadcrumb-separator\">\u00bb<\/span><span class=\"aioseo-breadcrumb\">\n\tQuema del Torito cierra procesiones festivas en pueblos y barrios de Guatemala\n<\/span><\/div>","aioseo_breadcrumb_json":[{"label":"Home","link":"https:\/\/soymigrante.com\/revista"},{"label":"Guate Nuestra","link":"https:\/\/soymigrante.com\/revista\/category\/guate-nuestra\/"},{"label":"Quema del Torito cierra procesiones festivas en pueblos y barrios de Guatemala","link":"https:\/\/soymigrante.com\/revista\/van-a-quemar-el-torito-una-tradicion-de-polvora-y-luces-al-final-de-la-procesion\/"}],"_links":{"self":[{"href":"https:\/\/soymigrante.com\/revista\/wp-json\/wp\/v2\/posts\/13339","targetHints":{"allow":["GET"]}}],"collection":[{"href":"https:\/\/soymigrante.com\/revista\/wp-json\/wp\/v2\/posts"}],"about":[{"href":"https:\/\/soymigrante.com\/revista\/wp-json\/wp\/v2\/types\/post"}],"author":[{"embeddable":true,"href":"https:\/\/soymigrante.com\/revista\/wp-json\/wp\/v2\/users\/19"}],"replies":[{"embeddable":true,"href":"https:\/\/soymigrante.com\/revista\/wp-json\/wp\/v2\/comments?post=13339"}],"version-history":[{"count":0,"href":"https:\/\/soymigrante.com\/revista\/wp-json\/wp\/v2\/posts\/13339\/revisions"}],"wp:featuredmedia":[{"embeddable":true,"href":"https:\/\/soymigrante.com\/revista\/wp-json\/wp\/v2\/media\/13341"}],"wp:attachment":[{"href":"https:\/\/soymigrante.com\/revista\/wp-json\/wp\/v2\/media?parent=13339"}],"wp:term":[{"taxonomy":"category","embeddable":true,"href":"https:\/\/soymigrante.com\/revista\/wp-json\/wp\/v2\/categories?post=13339"},{"taxonomy":"post_tag","embeddable":true,"href":"https:\/\/soymigrante.com\/revista\/wp-json\/wp\/v2\/tags?post=13339"}],"curies":[{"name":"wp","href":"https:\/\/api.w.org\/{rel}","templated":true}]}}