{"id":13310,"date":"2024-11-15T09:43:28","date_gmt":"2024-11-15T15:43:28","guid":{"rendered":"https:\/\/soymigrante.com\/revista\/?p=13310"},"modified":"2024-11-21T00:34:07","modified_gmt":"2024-11-21T06:34:07","slug":"barrilete-guatemalteco-migrante-otto-sun-historia","status":"publish","type":"post","link":"https:\/\/soymigrante.com\/revista\/barrilete-guatemalteco-migrante-otto-sun-historia\/","title":{"rendered":"&#8220;Somos como barriletes: estamos hechos para volar alto&#8221;: Otto Sun, guatemalteco en Massachussets"},"content":{"rendered":"\t\t<div data-elementor-type=\"wp-post\" data-elementor-id=\"13310\" class=\"elementor elementor-13310\" data-elementor-post-type=\"post\">\n\t\t\t\t<div data-particle_enable=\"false\" data-particle-mobile-disabled=\"false\" class=\"elementor-element elementor-element-e86caf2 e-flex e-con-boxed e-con e-parent\" data-id=\"e86caf2\" data-element_type=\"container\" data-e-type=\"container\">\n\t\t\t\t\t<div class=\"e-con-inner\">\n\t\t\t\t<div class=\"elementor-element elementor-element-cb42348 elementor-widget elementor-widget-heading\" data-id=\"cb42348\" data-element_type=\"widget\" data-e-type=\"widget\" data-widget_type=\"heading.default\">\n\t\t\t\t\t<h2 class=\"elementor-heading-title elementor-size-default\">Otto Sun naci\u00f3 y creci\u00f3 en Santiago Sacatep\u00e9quez, cuna de los barriletes gigantes; migr\u00f3 a EE.UU. en 2021 y cada a\u00f1o ha elaborado un barrilete para conectar con su identidad. Quiere volar alto, pero anhela volver a su tierra un d\u00eda. Este es el hilo de su historia.<\/h2>\t\t\t\t<\/div>\n\t\t\t\t\t<\/div>\n\t\t\t\t<\/div>\n\t\t<div data-particle_enable=\"false\" data-particle-mobile-disabled=\"false\" class=\"elementor-element elementor-element-7f83a3c e-flex e-con-boxed e-con e-parent\" data-id=\"7f83a3c\" data-element_type=\"container\" data-e-type=\"container\">\n\t\t\t\t\t<div class=\"e-con-inner\">\n\t\t\t\t<div class=\"elementor-element elementor-element-56a972f elementor-widget elementor-widget-text-editor\" data-id=\"56a972f\" data-element_type=\"widget\" data-e-type=\"widget\" data-widget_type=\"text-editor.default\">\n\t\t\t\t\t\t\t\t\t<p>La conversaci\u00f3n con Otto Sun tard\u00f3 varios d\u00edas en llegar. De hecho empez\u00f3 con otros guatemaltecos volando sus barriletes el 2 de noviembre en una llanura de los Berkshires, Massachussets: Salvador Sajquiy, originario de Chicacao, Suchitep\u00e9quez, junto a unos amigos, elevaron las cometas\u00a0 que fabricaron, para conmemorar la emblem\u00e1tica tradici\u00f3n y ritual de los barriletes gigantes.\u00a0 <a href=\"https:\/\/soymigrante.com\/revista\/migrantes-elevan-sus-barriletes-en-llanura-de-los-berkshires-massachussetes\/\">Si gustas leer ese relato, esta aqu\u00ed.<\/a><\/p><p>El 10 de noviembre, Salvador coloc\u00f3 en sus redes sociales las fotos y videos del vuelo de un barrilete grande, de casi metro y medio: el primero de esa dimensi\u00f3n que vuela en Massachussets. Nos puso en contacto con <a href=\"https:\/\/soymigrante.com\/revista\/nunca-es-tarde-para-un-barrilete-gigante-en-usa-migrantes-volaron-uno-el-10-de-noviembre\/\">Roberto Sun, migrante de Santiago Sacatep\u00e9quez, quien aclar\u00f3 que hasta ese d\u00eda pudo elevarlo por motivos de trabajo, pero que fue una gran emoci\u00f3n<\/a>. Aclar\u00f3, eso s\u00ed, que \u00e9l no hab\u00eda construido el barrilete, sino su hermano Otto Sun.<\/p><p>Y despu\u00e9s de varios d\u00edas, pudimos conversar con Otto: lleva tres a\u00f1os en EE.UU. y en cada noviembre ha elaborado un barrilete, tal como lo hac\u00eda en Santiago Sacatep\u00e9quez junto a un grupo de amigos. Pero los de 2022 y 2023 no volaron. Fue hasta el 2024 que por fin se elev\u00f3 uno y nos cuenta por qu\u00e9, adem\u00e1s de su vuelo de vida, unido siempre por un hilo de amor a su identidad, a su pueblo y a Guatemala.<\/p>\t\t\t\t\t\t\t\t<\/div>\n\t\t\t\t\t<\/div>\n\t\t\t\t<\/div>\n\t\t<div data-particle_enable=\"false\" data-particle-mobile-disabled=\"false\" class=\"elementor-element elementor-element-9349315 e-flex e-con-boxed e-con e-parent\" data-id=\"9349315\" data-element_type=\"container\" data-e-type=\"container\">\n\t\t\t\t\t<div class=\"e-con-inner\">\n\t\t\t\t<div class=\"elementor-element elementor-element-6cb6c20 elementor-widget elementor-widget-image\" data-id=\"6cb6c20\" data-element_type=\"widget\" data-e-type=\"widget\" data-widget_type=\"image.default\">\n\t\t\t\t\t\t\t\t\t\t\t\t<figure class=\"wp-caption\">\n\t\t\t\t\t\t\t\t\t\t<img fetchpriority=\"high\" decoding=\"async\" width=\"768\" height=\"1024\" src=\"https:\/\/soymigrante.com\/revista\/wp-content\/uploads\/2024\/11\/otto-sun-4-768x1024.jpg\" class=\"attachment-large size-large wp-image-13322\" alt=\"Arte ind\u00edgena mexicana en expo cultural relacionada con la migraci\u00f3n en SoyMigrante.com Revista.\" srcset=\"https:\/\/soymigrante.com\/revista\/wp-content\/uploads\/2024\/11\/otto-sun-4-768x1024.jpg 768w, https:\/\/soymigrante.com\/revista\/wp-content\/uploads\/2024\/11\/otto-sun-4-225x300.jpg 225w, https:\/\/soymigrante.com\/revista\/wp-content\/uploads\/2024\/11\/otto-sun-4-1152x1536.jpg 1152w, https:\/\/soymigrante.com\/revista\/wp-content\/uploads\/2024\/11\/otto-sun-4-750x1000.webp 750w, https:\/\/soymigrante.com\/revista\/wp-content\/uploads\/2024\/11\/otto-sun-4-1140x1520.webp 1140w, https:\/\/soymigrante.com\/revista\/wp-content\/uploads\/2024\/11\/otto-sun-4.webp 1440w\" sizes=\"(max-width: 768px) 100vw, 768px\" title=\"Otto Sun elabor\u00f3 este barrilete, que por motivos de tiempo y trabajo, fue elevado por su hermano Roberto Sun en una llanura de Massachussets. \u2013 SoyMigrante.com REVISTA\" \/>\t\t\t\t\t\t\t\t\t\t\t<figcaption class=\"widget-image-caption wp-caption-text\">Pintor adolescente observa y trabaja en una exposici\u00f3n de arte tradicional mexicana en un evento cultural vinculado a temas migratorios en SoyMigrante.com Revista.<\/figcaption>\n\t\t\t\t\t\t\t\t\t\t<\/figure>\n\t\t\t\t\t\t\t\t\t<\/div>\n\t\t\t\t\t<\/div>\n\t\t\t\t<\/div>\n\t\t<div data-particle_enable=\"false\" data-particle-mobile-disabled=\"false\" class=\"elementor-element elementor-element-95f16c2 e-flex e-con-boxed e-con e-parent\" data-id=\"95f16c2\" data-element_type=\"container\" data-e-type=\"container\">\n\t\t\t\t\t<div class=\"e-con-inner\">\n\t\t\t\t<div class=\"elementor-element elementor-element-2414b74 elementor-widget elementor-widget-heading\" data-id=\"2414b74\" data-element_type=\"widget\" data-e-type=\"widget\" data-widget_type=\"heading.default\">\n\t\t\t\t\t<h3 class=\"elementor-heading-title elementor-size-default\">Un n\u00f3mada en busca del \u00e9xito<\/h3>\t\t\t\t<\/div>\n\t\t\t\t\t<\/div>\n\t\t\t\t<\/div>\n\t\t<div data-particle_enable=\"false\" data-particle-mobile-disabled=\"false\" class=\"elementor-element elementor-element-f795564 e-flex e-con-boxed e-con e-parent\" data-id=\"f795564\" data-element_type=\"container\" data-e-type=\"container\">\n\t\t\t\t\t<div class=\"e-con-inner\">\n\t\t\t\t<div class=\"elementor-element elementor-element-cf51199 elementor-widget elementor-widget-text-editor\" data-id=\"cf51199\" data-element_type=\"widget\" data-e-type=\"widget\" data-widget_type=\"text-editor.default\">\n\t\t\t\t\t\t\t\t\t<p><span style=\"color: var( --e-global-color-text ); text-align: var(--text-align);\">&#8220;Vengo de una familia 100 por ciento agricultora. Crec\u00ed en el campo, cultivando y\u00a0 mi gran sue\u00f1o es alguna vez volver a Guatemala para dedicarme a eso. Siento orgullo por mis ra\u00edces y por lo que soy. Me siento orgulloso de haber nacido en Santiago Sacatep\u00e9quez, cuna de los barriletes gigantes&#8221;, dice Otto Sun.<\/span><\/p><p><span style=\"color: var( --e-global-color-text ); text-align: var(--text-align);\">A los 10 a\u00f1os empez\u00f3 a elaborar barriletes peque\u00f1os. Sus pap\u00e1s no le daban permiso de ir al vuelo de barriletes gigantes el 1 y 2, pero s\u00ed para ir a volar el suyo a alguna llanura cercana. &#8220;Los fabricaba con pl\u00e1stico de bolsas, porque no ten\u00eda dinero para papel de china&#8221;, relata.\u00a0<\/span><\/p><p><span style=\"color: var( --e-global-color-text ); text-align: var(--text-align);\">As\u00ed fue durante varios a\u00f1os, hasta que a los 18 empez\u00f3 a colaborar con un grupo que hac\u00eda los barriletes gigantes. A\u00f1o con a\u00f1o se fue ganando su aceptaci\u00f3n y aportaba recursos para los materiales Con ellos aprendi\u00f3 el arte de cortar, pegar, integrar figuras de gran tama\u00f1o. Poco a poco, no fue r\u00e1pido.<\/span><\/p>\t\t\t\t\t\t\t\t<\/div>\n\t\t\t\t\t<\/div>\n\t\t\t\t<\/div>\n\t\t<div data-particle_enable=\"false\" data-particle-mobile-disabled=\"false\" class=\"elementor-element elementor-element-d90afe5 e-flex e-con-boxed e-con e-parent\" data-id=\"d90afe5\" data-element_type=\"container\" data-e-type=\"container\">\n\t\t\t\t\t<div class=\"e-con-inner\">\n\t\t\t\t<div class=\"elementor-element elementor-element-db7bb16 elementor-widget elementor-widget-image\" data-id=\"db7bb16\" data-element_type=\"widget\" data-e-type=\"widget\" data-widget_type=\"image.default\">\n\t\t\t\t\t\t\t\t\t\t\t\t<figure class=\"wp-caption\">\n\t\t\t\t\t\t\t\t\t\t<img decoding=\"async\" width=\"768\" height=\"989\" src=\"https:\/\/soymigrante.com\/revista\/wp-content\/uploads\/2024\/11\/otto-sun-1-795x1024.jpg\" class=\"attachment-large size-large wp-image-13323\" alt=\"Colorido arte de carnaval con banderas internacionales en una exposici\u00f3n cultural en la revista SoyMigrante.com REVISTA.\" srcset=\"https:\/\/soymigrante.com\/revista\/wp-content\/uploads\/2024\/11\/otto-sun-1-795x1024.jpg 795w, https:\/\/soymigrante.com\/revista\/wp-content\/uploads\/2024\/11\/otto-sun-1-233x300.jpg 233w, https:\/\/soymigrante.com\/revista\/wp-content\/uploads\/2024\/11\/otto-sun-1-768x989.jpg 768w, https:\/\/soymigrante.com\/revista\/wp-content\/uploads\/2024\/11\/otto-sun-1-750x966.webp 750w, https:\/\/soymigrante.com\/revista\/wp-content\/uploads\/2024\/11\/otto-sun-1-1140x1468.webp 1140w, https:\/\/soymigrante.com\/revista\/wp-content\/uploads\/2024\/11\/otto-sun-1.webp 1144w\" sizes=\"(max-width: 768px) 100vw, 768px\" title=\"Este fue el primer barrilete que Otto Sun elabor\u00f3 en Massachussets en 2022. Fue para exhibici\u00f3n en una asociaci\u00f3n de ayuda a migrantes durante el Mes de la Hispanidad, en septiembre 2022. Quiso aportar lo que sab\u00eda hacer, algo de s\u00ed mismo. \u2013 SoyMigrante.com REVISTA\" \/>\t\t\t\t\t\t\t\t\t\t\t<figcaption class=\"widget-image-caption wp-caption-text\">Vibrante exhibici\u00f3n cultural con elementos folcl\u00f3ricos y banderas internacionales en la revista SoyMigrante.com REVISTA.<\/figcaption>\n\t\t\t\t\t\t\t\t\t\t<\/figure>\n\t\t\t\t\t\t\t\t\t<\/div>\n\t\t\t\t\t<\/div>\n\t\t\t\t<\/div>\n\t\t<div data-particle_enable=\"false\" data-particle-mobile-disabled=\"false\" class=\"elementor-element elementor-element-b0eec02 e-flex e-con-boxed e-con e-parent\" data-id=\"b0eec02\" data-element_type=\"container\" data-e-type=\"container\">\n\t\t\t\t\t<div class=\"e-con-inner\">\n\t\t\t\t<div class=\"elementor-element elementor-element-78c60ea elementor-widget elementor-widget-heading\" data-id=\"78c60ea\" data-element_type=\"widget\" data-e-type=\"widget\" data-widget_type=\"heading.default\">\n\t\t\t\t\t<h3 class=\"elementor-heading-title elementor-size-default\">La cocina ha sido su otra pasi\u00f3n<\/h3>\t\t\t\t<\/div>\n\t\t\t\t\t<\/div>\n\t\t\t\t<\/div>\n\t\t<div data-particle_enable=\"false\" data-particle-mobile-disabled=\"false\" class=\"elementor-element elementor-element-663fd21 e-flex e-con-boxed e-con e-parent\" data-id=\"663fd21\" data-element_type=\"container\" data-e-type=\"container\">\n\t\t\t\t\t<div class=\"e-con-inner\">\n\t\t\t\t<div class=\"elementor-element elementor-element-ae8627b elementor-widget elementor-widget-text-editor\" data-id=\"ae8627b\" data-element_type=\"widget\" data-e-type=\"widget\" data-widget_type=\"text-editor.default\">\n\t\t\t\t\t\t\t\t\t<p>&#8220;Al crecer estudi\u00e9 la carrera de cocinero en un instituto de la capital de Guatemala. No fue f\u00e1cil, tuve que trabajar para sostener mis estudios, comprar utensilios, ingredientes. Mis hermanos que ya estaban en EE.UU. me ayudaron mucho&#8221;, cuenta.<\/p><p>Empez\u00f3 a trabajar en algunos restaurantes del \u00e1rea cercana a Santiago Sacatep\u00e9quez, donde adquiri\u00f3 experiencia, conocimientos y conceptos de servicio al cliente. &#8220;Una vez alguien me dijo si pod\u00eda apoyarle en la cocina de un restaurante en Panajachel y estuve all\u00e1 un tiempo. Luego me ped\u00edan apoyo para organizar un men\u00fa en otros y as\u00ed conoc\u00ed la capital, Antigua Guatemala, L\u00edvingston,Flores, Cob\u00e1n, Escuintla. Como en tres a\u00f1os me conoc\u00ed casi toda Guatemala&#8221;, relata.<\/p><p>Despu\u00e9s lleg\u00f3 a fundar sus propios negocios: un restaurante y una cevicher\u00eda en el \u00e1rea de Sacatep\u00e9quez. &#8220;Llegu\u00e9 a tener unos 10 empleados, no me iba mal, iba poco a poco. Me quedaba poca ganancia pero pensaba que iba a crecer. En eso vino la pandemia y acab\u00f3 con muchos negocios&#8221;, relata. Y ese fue el motivo que le oblig\u00f3 a migrar a EE.UU., en donde ha trabajado cocinando en varios restaurantes. M\u00e1s aprendizaje, m\u00e1s crecimiento.<\/p>\t\t\t\t\t\t\t\t<\/div>\n\t\t\t\t\t<\/div>\n\t\t\t\t<\/div>\n\t\t<div data-particle_enable=\"false\" data-particle-mobile-disabled=\"false\" class=\"elementor-element elementor-element-0b7bb08 e-flex e-con-boxed e-con e-parent\" data-id=\"0b7bb08\" data-element_type=\"container\" data-e-type=\"container\">\n\t\t\t\t\t<div class=\"e-con-inner\">\n\t\t\t\t<div class=\"elementor-element elementor-element-9700234 elementor-grid-eael-col-1 elementor-grid-tablet-eael-col-2 elementor-grid-mobile-eael-col-1 elementor-widget elementor-widget-eael-post-grid\" data-id=\"9700234\" data-element_type=\"widget\" data-e-type=\"widget\" data-settings=\"{&quot;eael_post_grid_columns&quot;:&quot;eael-col-1&quot;,&quot;eael_post_grid_columns_tablet&quot;:&quot;eael-col-2&quot;,&quot;eael_post_grid_columns_mobile&quot;:&quot;eael-col-1&quot;}\" data-widget_type=\"eael-post-grid.default\">\n\t\t\t\t\t<div id=\"eael-post-grid-9700234\" class=\"eael-post-grid-container\">\n            <div class=\"eael-post-grid eael-post-appender eael-post-appender-9700234 eael-post-grid-style-one\" data-layout-mode=\"masonry\"><article class=\"eael-grid-post  eael-post-grid-column eael-pg-post-12924 category-guate-nuestra\" data-id=\"12924\">\n        <div class=\"eael-grid-post-holder\">\n            <div class=\"eael-grid-post-holder-inner\"><div class=\"eael-entry-media\"><div class=\"eael-entry-overlay fade-in\"><i class=\"far fa-hand-pointer\" aria-hidden=\"true\"><\/i><a href=\"https:\/\/soymigrante.com\/revista\/nunca-es-tarde-para-un-barrilete-gigante-en-usa-migrantes-volaron-uno-el-10-de-noviembre\/\"><\/a><\/div><div class=\"eael-entry-thumbnail \">\n                <img decoding=\"async\" width=\"1024\" height=\"1024\" src=\"https:\/\/soymigrante.com\/revista\/wp-content\/uploads\/2024\/11\/barrilete-massachussets-1024x1024.jpg\" class=\"attachment-large size-large wp-image-12950\" alt=\"Colorida ofrenda de D\u00eda de Muertos en un campo abierto, con banderas de Estados Unidos, M\u00e9xico y Guatemala; celebrando cultura y tradiciones migrantes.\" srcset=\"https:\/\/soymigrante.com\/revista\/wp-content\/uploads\/2024\/11\/barrilete-massachussets-1024x1024.jpg 1024w, https:\/\/soymigrante.com\/revista\/wp-content\/uploads\/2024\/11\/barrilete-massachussets-300x300.webp 300w, https:\/\/soymigrante.com\/revista\/wp-content\/uploads\/2024\/11\/barrilete-massachussets-150x150.webp 150w, https:\/\/soymigrante.com\/revista\/wp-content\/uploads\/2024\/11\/barrilete-massachussets-768x768.jpg 768w, https:\/\/soymigrante.com\/revista\/wp-content\/uploads\/2024\/11\/barrilete-massachussets-75x75.webp 75w, https:\/\/soymigrante.com\/revista\/wp-content\/uploads\/2024\/11\/barrilete-massachussets-750x750.webp 750w, https:\/\/soymigrante.com\/revista\/wp-content\/uploads\/2024\/11\/barrilete-massachussets-1140x1140.jpg 1140w, https:\/\/soymigrante.com\/revista\/wp-content\/uploads\/2024\/11\/barrilete-massachussets.webp 1256w\" sizes=\"(max-width: 1024px) 100vw, 1024px\" \/>\n            <\/div>\n        <\/div><div class=\"eael-entry-wrapper\"><header class=\"eael-entry-header\"><h2 class=\"eael-entry-title\"><a class=\"eael-grid-post-link\" href=\"https:\/\/soymigrante.com\/revista\/nunca-es-tarde-para-un-barrilete-gigante-en-usa-migrantes-volaron-uno-el-10-de-noviembre\/\" title=\"Nunca es tarde para un barrilete gigante: guatemaltecos elevan uno en Massachussets\">Nunca es tarde para un barrilete gigante: guatemaltecos elevan uno en Massachussets<\/a><\/h2><\/header><div class=\"eael-entry-content\">\n                        <div class=\"eael-grid-post-excerpt\"><a href=\"https:\/\/soymigrante.com\/revista\/nunca-es-tarde-para-un-barrilete-gigante-en-usa-migrantes-volaron-uno-el-10-de-noviembre\/\" class=\"eael-post-elements-readmore-btn\">CONOCE SU HISTORIA <\/a><\/div>\n                    <\/div><\/div><\/div>\n        <\/div>\n    <\/article><\/div>\n            <div class=\"clearfix\"><\/div>\n        <\/div>\t\t\t\t<\/div>\n\t\t\t\t\t<\/div>\n\t\t\t\t<\/div>\n\t\t<div data-particle_enable=\"false\" data-particle-mobile-disabled=\"false\" class=\"elementor-element elementor-element-9a34f05 e-flex e-con-boxed e-con e-parent\" data-id=\"9a34f05\" data-element_type=\"container\" data-e-type=\"container\">\n\t\t\t\t\t<div class=\"e-con-inner\">\n\t\t\t\t<div class=\"elementor-element elementor-element-01deff0 elementor-widget elementor-widget-heading\" data-id=\"01deff0\" data-element_type=\"widget\" data-e-type=\"widget\" data-widget_type=\"heading.default\">\n\t\t\t\t\t<h3 class=\"elementor-heading-title elementor-size-default\">Dos barriletes que no volaron y por fin uno s\u00ed<\/h3>\t\t\t\t<\/div>\n\t\t\t\t\t<\/div>\n\t\t\t\t<\/div>\n\t\t<div data-particle_enable=\"false\" data-particle-mobile-disabled=\"false\" class=\"elementor-element elementor-element-221b3d5 e-flex e-con-boxed e-con e-parent\" data-id=\"221b3d5\" data-element_type=\"container\" data-e-type=\"container\">\n\t\t\t\t\t<div class=\"e-con-inner\">\n\t\t\t\t<div class=\"elementor-element elementor-element-1a68ba1 elementor-widget elementor-widget-text-editor\" data-id=\"1a68ba1\" data-element_type=\"widget\" data-e-type=\"widget\" data-widget_type=\"text-editor.default\">\n\t\t\t\t\t\t\t\t\t<p>&#8220;En Estados Unidos uno extra\u00f1a a su pueblo, a los amigos, extra\u00f1a todo. Pero si eres de Santiago y no est\u00e1s el 1 de noviembre all\u00ed, extra\u00f1as esa ceremonia y ese ritual. No es una exhibici\u00f3n tur\u00edstica, es una conexi\u00f3n con nuestros ancestros. Es un s\u00edmbolo de uni\u00f3n de tierra y cielo, de los que ya se fueron con los que estamos aqu\u00ed&#8221;, expresa.<\/p>\n<p>&#8220;En el primer a\u00f1o que estuve, en una asociaci\u00f3n que ayuda mucho a los migrantes en Massachussets, celebraron el Mes de la Herencia Hispana, en septiembre. Y yo quise aportar algo de lo que yo sab\u00eda hacer, de lo que yo soy. Hice un barrilete: no muy grande, para una exposici\u00f3n de s\u00edmbolos de identidad. Nunca vol\u00f3. Se qued\u00f3 en exhibici\u00f3n&#8221;.<\/p>\n<p>&#8220;Despu\u00e9s, en el segundo a\u00f1o, hice otro barrilete. Me cost\u00f3 conseguir los materiales para hacerlo un poco m\u00e1s grande. Recuerdo que qued\u00f3 expuesto en el restaurante donde trabajaba y al poco tiempo se lo hab\u00edan llevado. No se qui\u00e9n o si lo guardaron. Espero que s\u00ed&#8221;.<\/p>\t\t\t\t\t\t\t\t<\/div>\n\t\t\t\t\t<\/div>\n\t\t\t\t<\/div>\n\t\t<div data-particle_enable=\"false\" data-particle-mobile-disabled=\"false\" class=\"elementor-element elementor-element-eea7131 e-flex e-con-boxed e-con e-parent\" data-id=\"eea7131\" data-element_type=\"container\" data-e-type=\"container\">\n\t\t\t\t\t<div class=\"e-con-inner\">\n\t\t\t\t<div class=\"elementor-element elementor-element-54e843d elementor-widget elementor-widget-heading\" data-id=\"54e843d\" data-element_type=\"widget\" data-e-type=\"widget\" data-widget_type=\"heading.default\">\n\t\t\t\t\t<h4 class=\"elementor-heading-title elementor-size-default\">Mira el proceso del barrilete elaborado por Otto Sun, en Massachussets<\/h4>\t\t\t\t<\/div>\n\t\t\t\t\t<\/div>\n\t\t\t\t<\/div>\n\t\t<div data-particle_enable=\"false\" data-particle-mobile-disabled=\"false\" class=\"elementor-element elementor-element-b910e1b e-flex e-con-boxed e-con e-parent\" data-id=\"b910e1b\" data-element_type=\"container\" data-e-type=\"container\">\n\t\t\t\t\t<div class=\"e-con-inner\">\n\t\t\t\t<div class=\"elementor-element elementor-element-86b8a91 elementor-arrows-position-inside elementor-pagination-position-outside elementor-widget elementor-widget-image-carousel\" data-id=\"86b8a91\" data-element_type=\"widget\" data-e-type=\"widget\" data-settings=\"{&quot;slides_to_show&quot;:&quot;1&quot;,&quot;navigation&quot;:&quot;both&quot;,&quot;autoplay&quot;:&quot;yes&quot;,&quot;pause_on_hover&quot;:&quot;yes&quot;,&quot;pause_on_interaction&quot;:&quot;yes&quot;,&quot;autoplay_speed&quot;:5000,&quot;infinite&quot;:&quot;yes&quot;,&quot;effect&quot;:&quot;slide&quot;,&quot;speed&quot;:500}\" data-widget_type=\"image-carousel.default\">\n\t\t\t\t\t\t\t<div class=\"elementor-image-carousel-wrapper swiper\" role=\"region\" aria-roledescription=\"carousel\" aria-label=\"Carrusel de im\u00e1genes\" dir=\"ltr\">\n\t\t\t<div class=\"elementor-image-carousel swiper-wrapper\" aria-live=\"off\">\n\t\t\t\t\t\t\t\t<div class=\"swiper-slide\" role=\"group\" aria-roledescription=\"slide\" aria-label=\"1 de 5\"><figure class=\"swiper-slide-inner\"><img decoding=\"async\" class=\"swiper-slide-image\" src=\"https:\/\/soymigrante.com\/revista\/wp-content\/uploads\/2024\/11\/otto-sun-8-768x1024.jpg\" alt=\"L\u00e1mina de cartel\u00f3n con terminaci\u00f3n de pictograma de la entrevista del profesional del \u00e1rea de comunicaci\u00f3n y medios en el c\u00edrculo de trabajo, rodeada de herramientas y materiales escolares o creativos.\" \/><\/figure><\/div><div class=\"swiper-slide\" role=\"group\" aria-roledescription=\"slide\" aria-label=\"2 de 5\"><figure class=\"swiper-slide-inner\"><img decoding=\"async\" class=\"swiper-slide-image\" src=\"https:\/\/soymigrante.com\/revista\/wp-content\/uploads\/2024\/11\/otto-sun-7-768x1024.jpg\" alt=\"Colorido mural de arte ind\u00edgena y cultura popular en proceso de creaci\u00f3n, resaltando patrones tradicionales y modernos en un trabajo art\u00edstico colaborativo.\" \/><\/figure><\/div><div class=\"swiper-slide\" role=\"group\" aria-roledescription=\"slide\" aria-label=\"3 de 5\"><figure class=\"swiper-slide-inner\"><img decoding=\"async\" class=\"swiper-slide-image\" src=\"https:\/\/soymigrante.com\/revista\/wp-content\/uploads\/2024\/11\/otto-sun-10-768x1024.jpg\" alt=\"Colorido mural de arte urbano con elementos culturales diversos y patrones geom\u00e9tricos vibrantes.\" \/><\/figure><\/div><div class=\"swiper-slide\" role=\"group\" aria-roledescription=\"slide\" aria-label=\"4 de 5\"><figure class=\"swiper-slide-inner\"><img decoding=\"async\" class=\"swiper-slide-image\" src=\"https:\/\/soymigrante.com\/revista\/wp-content\/uploads\/2024\/11\/otto-sun-9-969x1024.jpg\" alt=\"Colorido tapiz de arte mexicano con s\u00edmbolos culturales y personajes tradicionales, ideal para promover la cultura en comunidades migrantes y eventos culturales en el contexto de SoyMigrante.com.\" \/><\/figure><\/div><div class=\"swiper-slide\" role=\"group\" aria-roledescription=\"slide\" aria-label=\"5 de 5\"><figure class=\"swiper-slide-inner\"><img decoding=\"async\" class=\"swiper-slide-image\" src=\"https:\/\/soymigrante.com\/revista\/wp-content\/uploads\/2024\/11\/HERMANOS-SUN.webp\" alt=\"Colof\u00f3n colorido y artesanal en una feria con dos j\u00f3venes, rodeados de cultura ind\u00edgena y arte popular, en un entorno urbano.\" \/><\/figure><\/div>\t\t\t<\/div>\n\t\t\t\t\t\t\t\t\t\t\t\t<div class=\"elementor-swiper-button elementor-swiper-button-prev\" role=\"button\" tabindex=\"0\">\n\t\t\t\t\t\t<i aria-hidden=\"true\" class=\"eicon-chevron-left\"><\/i>\t\t\t\t\t<\/div>\n\t\t\t\t\t<div class=\"elementor-swiper-button elementor-swiper-button-next\" role=\"button\" tabindex=\"0\">\n\t\t\t\t\t\t<i aria-hidden=\"true\" class=\"eicon-chevron-right\"><\/i>\t\t\t\t\t<\/div>\n\t\t\t\t\n\t\t\t\t\t\t\t\t\t<div class=\"swiper-pagination\"><\/div>\n\t\t\t\t\t\t\t\t\t<\/div>\n\t\t\t\t\t\t<\/div>\n\t\t\t\t\t<\/div>\n\t\t\t\t<\/div>\n\t\t<div data-particle_enable=\"false\" data-particle-mobile-disabled=\"false\" class=\"elementor-element elementor-element-87bcb24 e-flex e-con-boxed e-con e-parent\" data-id=\"87bcb24\" data-element_type=\"container\" data-e-type=\"container\">\n\t\t\t\t\t<div class=\"e-con-inner\">\n\t\t\t\t<div class=\"elementor-element elementor-element-ddebdf5 elementor-widget elementor-widget-heading\" data-id=\"ddebdf5\" data-element_type=\"widget\" data-e-type=\"widget\" data-widget_type=\"heading.default\">\n\t\t\t\t\t<h3 class=\"elementor-heading-title elementor-size-default\">Un sue\u00f1o en pleno vuelo<\/h3>\t\t\t\t<\/div>\n\t\t\t\t\t<\/div>\n\t\t\t\t<\/div>\n\t\t<div data-particle_enable=\"false\" data-particle-mobile-disabled=\"false\" class=\"elementor-element elementor-element-2ff9c92 e-flex e-con-boxed e-con e-parent\" data-id=\"2ff9c92\" data-element_type=\"container\" data-e-type=\"container\">\n\t\t\t\t\t<div class=\"e-con-inner\">\n\t\t\t\t<div class=\"elementor-element elementor-element-d7c80c6 elementor-widget elementor-widget-text-editor\" data-id=\"d7c80c6\" data-element_type=\"widget\" data-e-type=\"widget\" data-widget_type=\"text-editor.default\">\n\t\t\t\t\t\t\t\t\t<p><span style=\"color: var( --e-global-color-text ); text-align: var(--text-align);\">&#8220;En este 2024 ten\u00eda ganas de hacer un barrilete grande, de un metro. Preguntando con amigos uno logra averiguar donde venden papel y materiales. Se dise\u00f1\u00f3 un tema de homenaje a nuestra identidad. Hab\u00eda d\u00edas que llegaba tan cansado del trabajo que ya no lo quer\u00eda terminar. Aqu\u00ed el trabajo es agotador. Pero poco a poco lo fui terminando. Pero no lo pude ir a volar ni el 1 ni el 2. La verdad es que queda poco tiempo. Entonces mi hermano Roberto me dijo que pod\u00eda ir a tratar de elevarlo&#8230; y as\u00ed lo hizo. Me alegr\u00f3 mucho que volara&#8221;, cuenta Otto.<\/span><\/p><p>El barrilete estuvo expuesto en una muestra organizada por migrantes santiagueros en Nueva York, el 28 de octubre y el gran vuelo tuvo lugar el 10 de octubre. &#8220;Quiero que nuestra cultura guatemalteca sea conocida y valorada. Pienso que los guatemaltecos somos como barriletes, estamos hechos para volar alto y siempre tenemos un hilo, un lazo que nos une con nuestra tierra&#8221;, comenta.<\/p>\t\t\t\t\t\t\t\t<\/div>\n\t\t\t\t\t<\/div>\n\t\t\t\t<\/div>\n\t\t<div data-particle_enable=\"false\" data-particle-mobile-disabled=\"false\" class=\"elementor-element elementor-element-0557e82 e-flex e-con-boxed e-con e-parent\" data-id=\"0557e82\" data-element_type=\"container\" data-e-type=\"container\">\n\t\t\t\t\t<div class=\"e-con-inner\">\n\t\t\t\t<div class=\"elementor-element elementor-element-88fe1ae elementor-widget elementor-widget-heading\" data-id=\"88fe1ae\" data-element_type=\"widget\" data-e-type=\"widget\" data-widget_type=\"heading.default\">\n\t\t\t\t\t<h3 class=\"elementor-heading-title elementor-size-default\">El vuelo del barrilete de Otto Sun en Massachussetts<\/h3>\t\t\t\t<\/div>\n\t\t\t\t\t<\/div>\n\t\t\t\t<\/div>\n\t\t<div data-particle_enable=\"false\" data-particle-mobile-disabled=\"false\" class=\"elementor-element elementor-element-731ba4a e-flex e-con-boxed e-con e-parent\" data-id=\"731ba4a\" data-element_type=\"container\" data-e-type=\"container\">\n\t\t\t\t\t<div class=\"e-con-inner\">\n\t\t\t\t<div class=\"elementor-element elementor-element-411e12b elementor-widget elementor-widget-video\" data-id=\"411e12b\" data-element_type=\"widget\" data-e-type=\"widget\" data-settings=\"{&quot;video_type&quot;:&quot;hosted&quot;,&quot;controls&quot;:&quot;yes&quot;}\" data-widget_type=\"video.default\">\n\t\t\t\t\t\t\t<div class=\"e-hosted-video elementor-wrapper elementor-open-inline\">\n\t\t\t\t\t<video class=\"elementor-video\" src=\"https:\/\/soymigrante.com\/revista\/wp-content\/uploads\/2024\/11\/vuelo-del-barrilete-1_OQewEh3i.mp4\" controls=\"\" preload=\"metadata\" controlsList=\"nodownload\"><\/video>\n\t\t\t\t<\/div>\n\t\t\t\t\t\t<\/div>\n\t\t\t\t\t<\/div>\n\t\t\t\t<\/div>\n\t\t<div data-particle_enable=\"false\" data-particle-mobile-disabled=\"false\" class=\"elementor-element elementor-element-6461558 e-flex e-con-boxed e-con e-parent\" data-id=\"6461558\" data-element_type=\"container\" data-e-type=\"container\">\n\t\t\t\t\t<div class=\"e-con-inner\">\n\t\t\t\t<div class=\"elementor-element elementor-element-0b58128 elementor-widget elementor-widget-heading\" data-id=\"0b58128\" data-element_type=\"widget\" data-e-type=\"widget\" data-widget_type=\"heading.default\">\n\t\t\t\t\t<h3 class=\"elementor-heading-title elementor-size-default\">Nuevos sue\u00f1os en la superficie de su tierra<\/h3>\t\t\t\t<\/div>\n\t\t\t\t\t<\/div>\n\t\t\t\t<\/div>\n\t\t<div data-particle_enable=\"false\" data-particle-mobile-disabled=\"false\" class=\"elementor-element elementor-element-313ece1 e-flex e-con-boxed e-con e-parent\" data-id=\"313ece1\" data-element_type=\"container\" data-e-type=\"container\">\n\t\t\t\t\t<div class=\"e-con-inner\">\n\t\t\t\t<div class=\"elementor-element elementor-element-45f5c08 elementor-widget elementor-widget-text-editor\" data-id=\"45f5c08\" data-element_type=\"widget\" data-e-type=\"widget\" data-widget_type=\"text-editor.default\">\n\t\t\t\t\t\t\t\t\t<p>&#8220;Mi gran sue\u00f1o ahora es poder un d\u00eda volver a Santiago para cultivar la tierra, sembrar verduras, cosecharlas, venderlas y tambi\u00e9n prepararlas. En Estados Unidos uno valora sus ra\u00edces y se da cuenta de que nuestra tierra siempre nos llama&#8221;, expresa Otto Sun.<\/p><p>&#8220;El barrilete es una conexi\u00f3n de dos mundos. Y yo aqu\u00ed soy como un barrilete volando, pero s\u00e9 que el hilo, el lazo, la pita que me une con mi pueblo es muy fuerte. Los barriletes que he realizado ha sido con mucho amor. No es por exhibici\u00f3n sino porque tenemos que volar alto. Desde lo alto uno mira la vida de otra forma. Somos barriletes porque a veces no nos damos la importancia y el valor que tenemos como guatemaltecos. Pero si actuamos con amor a nuestra identidad, siempre llegaremos m\u00e1s alto&#8221;.<\/p><p>Y as\u00ed sigue otro noviembre, con la esperanza de alg\u00fan dia llegar a este mes y estar en su pueblo, en pleno vuelo de una tradici\u00f3n. Escuchando a Otto no cabe ninguna duda de que lo lograr\u00e1.<\/p>\t\t\t\t\t\t\t\t<\/div>\n\t\t\t\t\t<\/div>\n\t\t\t\t<\/div>\n\t\t<div data-particle_enable=\"false\" data-particle-mobile-disabled=\"false\" class=\"elementor-element elementor-element-6805851 e-flex e-con-boxed e-con e-parent\" data-id=\"6805851\" data-element_type=\"container\" data-e-type=\"container\">\n\t\t\t\t\t<div class=\"e-con-inner\">\n\t\t\t\t<div class=\"elementor-element elementor-element-3d3ff5e elementor-grid-eael-col-3 elementor-grid-tablet-eael-col-2 elementor-grid-mobile-eael-col-1 elementor-widget elementor-widget-eael-post-grid\" data-id=\"3d3ff5e\" data-element_type=\"widget\" data-e-type=\"widget\" data-settings=\"{&quot;eael_post_grid_columns&quot;:&quot;eael-col-3&quot;,&quot;eael_post_grid_columns_tablet&quot;:&quot;eael-col-2&quot;,&quot;eael_post_grid_columns_mobile&quot;:&quot;eael-col-1&quot;}\" data-widget_type=\"eael-post-grid.default\">\n\t\t\t\t\t<div id=\"eael-post-grid-3d3ff5e\" class=\"eael-post-grid-container\">\n            <div class=\"eael-post-grid eael-post-appender eael-post-appender-3d3ff5e eael-post-grid-style-one\" data-layout-mode=\"masonry\"><article class=\"eael-grid-post  eael-post-grid-column eael-pg-post-2390 category-guate-nuestra tags-danzas-de-guatemala\" data-id=\"2390\">\n        <div class=\"eael-grid-post-holder\">\n            <div class=\"eael-grid-post-holder-inner\"><div class=\"eael-entry-media\"><div class=\"eael-entry-overlay fade-in\"><i class=\"far fa-hand-pointer\" aria-hidden=\"true\"><\/i><a href=\"https:\/\/soymigrante.com\/revista\/guatemala-danza-el-baile-de-la-paach-de-san-marcos-es-patrimonio-de-la-humanidad\/\"><\/a><\/div><div class=\"eael-entry-thumbnail \">\n                <img loading=\"lazy\" decoding=\"async\" width=\"1000\" height=\"636\" src=\"https:\/\/soymigrante.com\/revista\/wp-content\/uploads\/2023\/09\/03672-HUG.webp\" class=\"attachment-large size-large wp-image-2424\" alt=\"La percusi\u00f3n del tambor abre paso al recorrido de los ancianos, padrinos y comunidad, en camino a la Casa de la Paazh (Fotograf\u00eda Archivo FLAAR-Unesco)\" srcset=\"https:\/\/soymigrante.com\/revista\/wp-content\/uploads\/2023\/09\/03672-HUG.webp 1000w, https:\/\/soymigrante.com\/revista\/wp-content\/uploads\/2023\/09\/03672-HUG-300x191.webp 300w, https:\/\/soymigrante.com\/revista\/wp-content\/uploads\/2023\/09\/03672-HUG-768x488.webp 768w, https:\/\/soymigrante.com\/revista\/wp-content\/uploads\/2023\/09\/03672-HUG-750x477.webp 750w\" sizes=\"(max-width: 1000px) 100vw, 1000px\" \/>\n            <\/div>\n        <\/div><div class=\"eael-entry-wrapper\"><header class=\"eael-entry-header\"><h2 class=\"eael-entry-title\"><a class=\"eael-grid-post-link\" href=\"https:\/\/soymigrante.com\/revista\/guatemala-danza-el-baile-de-la-paach-de-san-marcos-es-patrimonio-de-la-humanidad\/\" title=\"Danzas de Guatemala: El baile de La Paach, de San Marcos es Patrimonio de la Humanidad\">Danzas de Guatemala: El baile de La Paach, de San Marcos es Patrimonio de la Humanidad<\/a><\/h2><\/header><div class=\"eael-entry-content\">\n                        <div class=\"eael-grid-post-excerpt\"><a href=\"https:\/\/soymigrante.com\/revista\/guatemala-danza-el-baile-de-la-paach-de-san-marcos-es-patrimonio-de-la-humanidad\/\" class=\"eael-post-elements-readmore-btn\">CONOCE SU HISTORIA <\/a><\/div>\n                    <\/div><\/div><\/div>\n        <\/div>\n    <\/article><article class=\"eael-grid-post  eael-post-grid-column eael-pg-post-3738 category-guate-nuestra\" data-id=\"3738\">\n        <div class=\"eael-grid-post-holder\">\n            <div class=\"eael-grid-post-holder-inner\"><div class=\"eael-entry-media\"><div class=\"eael-entry-overlay fade-in\"><i class=\"far fa-hand-pointer\" aria-hidden=\"true\"><\/i><a href=\"https:\/\/soymigrante.com\/revista\/tradiciones-de-fin-de-ano-encienden-la-nostalgia-migrante\/\"><\/a><\/div><div class=\"eael-entry-thumbnail \">\n                <img loading=\"lazy\" decoding=\"async\" width=\"1024\" height=\"1024\" src=\"https:\/\/soymigrante.com\/revista\/wp-content\/uploads\/2024\/11\/virgen-concepcion-quema-diablo-oscar-rivas-4-1-1024x1024.jpg\" class=\"attachment-large size-large wp-image-15152\" alt=\"\" srcset=\"https:\/\/soymigrante.com\/revista\/wp-content\/uploads\/2024\/11\/virgen-concepcion-quema-diablo-oscar-rivas-4-1-1024x1024.jpg 1024w, https:\/\/soymigrante.com\/revista\/wp-content\/uploads\/2024\/11\/virgen-concepcion-quema-diablo-oscar-rivas-4-1-300x300.jpg 300w, https:\/\/soymigrante.com\/revista\/wp-content\/uploads\/2024\/11\/virgen-concepcion-quema-diablo-oscar-rivas-4-1-150x150.jpg 150w, https:\/\/soymigrante.com\/revista\/wp-content\/uploads\/2024\/11\/virgen-concepcion-quema-diablo-oscar-rivas-4-1-768x768.jpg 768w, https:\/\/soymigrante.com\/revista\/wp-content\/uploads\/2024\/11\/virgen-concepcion-quema-diablo-oscar-rivas-4-1-75x75.webp 75w, https:\/\/soymigrante.com\/revista\/wp-content\/uploads\/2024\/11\/virgen-concepcion-quema-diablo-oscar-rivas-4-1-750x750.webp 750w, https:\/\/soymigrante.com\/revista\/wp-content\/uploads\/2024\/11\/virgen-concepcion-quema-diablo-oscar-rivas-4-1-1140x1140.webp 1140w, https:\/\/soymigrante.com\/revista\/wp-content\/uploads\/2024\/11\/virgen-concepcion-quema-diablo-oscar-rivas-4-1.webp 1338w\" sizes=\"(max-width: 1024px) 100vw, 1024px\" \/>\n            <\/div>\n        <\/div><div class=\"eael-entry-wrapper\"><header class=\"eael-entry-header\"><h2 class=\"eael-entry-title\"><a class=\"eael-grid-post-link\" href=\"https:\/\/soymigrante.com\/revista\/tradiciones-de-fin-de-ano-encienden-la-nostalgia-migrante\/\" title=\"Tradiciones y recuerdos de diciembre en Guatemala encienden nostalgia migrante\">Tradiciones y recuerdos de diciembre en Guatemala encienden nostalgia migrante<\/a><\/h2><\/header><div class=\"eael-entry-content\">\n                        <div class=\"eael-grid-post-excerpt\"><a href=\"https:\/\/soymigrante.com\/revista\/tradiciones-de-fin-de-ano-encienden-la-nostalgia-migrante\/\" class=\"eael-post-elements-readmore-btn\">CONOCE SU HISTORIA <\/a><\/div>\n                    <\/div><\/div><\/div>\n        <\/div>\n    <\/article><article class=\"eael-grid-post  eael-post-grid-column eael-pg-post-2581 category-guate-nuestra tags-danzas-de-guatemala\" data-id=\"2581\">\n        <div class=\"eael-grid-post-holder\">\n            <div class=\"eael-grid-post-holder-inner\"><div class=\"eael-entry-media\"><div class=\"eael-entry-overlay fade-in\"><i class=\"far fa-hand-pointer\" aria-hidden=\"true\"><\/i><a href=\"https:\/\/soymigrante.com\/revista\/guatemala-danza-yancunu-es-un-baile-garifuna-que-evoca-a-un-pueblo-migrante-en-lucha-por-su-libertad\/\"><\/a><\/div><div class=\"eael-entry-thumbnail \">\n                <img loading=\"lazy\" decoding=\"async\" width=\"960\" height=\"540\" src=\"https:\/\/soymigrante.com\/revista\/wp-content\/uploads\/2023\/09\/yancunu-en-el-bronx-2020.jpg\" class=\"attachment-large size-large wp-image-2583\" alt=\"Baile de Yancun\u00fa o Wuaranagu\u00e1, en un parque de el barrio de el Bronx, Nueva York, efectuado en 2020.\" srcset=\"https:\/\/soymigrante.com\/revista\/wp-content\/uploads\/2023\/09\/yancunu-en-el-bronx-2020.jpg 960w, https:\/\/soymigrante.com\/revista\/wp-content\/uploads\/2023\/09\/yancunu-en-el-bronx-2020-300x169.webp 300w, https:\/\/soymigrante.com\/revista\/wp-content\/uploads\/2023\/09\/yancunu-en-el-bronx-2020-768x432.webp 768w, https:\/\/soymigrante.com\/revista\/wp-content\/uploads\/2023\/09\/yancunu-en-el-bronx-2020-750x422.webp 750w\" sizes=\"(max-width: 960px) 100vw, 960px\" \/>\n            <\/div>\n        <\/div><div class=\"eael-entry-wrapper\"><header class=\"eael-entry-header\"><h2 class=\"eael-entry-title\"><a class=\"eael-grid-post-link\" href=\"https:\/\/soymigrante.com\/revista\/guatemala-danza-yancunu-es-un-baile-garifuna-que-evoca-a-un-pueblo-migrante-en-lucha-por-su-libertad\/\" title=\"Danzas de Guatemala: Yancun\u00fa es un baile gar\u00edfuna para expresar libertad\">Danzas de Guatemala: Yancun\u00fa es un baile gar\u00edfuna para expresar libertad<\/a><\/h2><\/header><div class=\"eael-entry-content\">\n                        <div class=\"eael-grid-post-excerpt\"><a href=\"https:\/\/soymigrante.com\/revista\/guatemala-danza-yancunu-es-un-baile-garifuna-que-evoca-a-un-pueblo-migrante-en-lucha-por-su-libertad\/\" class=\"eael-post-elements-readmore-btn\">CONOCE SU HISTORIA <\/a><\/div>\n                    <\/div><\/div><\/div>\n        <\/div>\n    <\/article><\/div>\n            <div class=\"clearfix\"><\/div>\n        <\/div>\t\t\t\t<\/div>\n\t\t\t\t\t<\/div>\n\t\t\t\t<\/div>\n\t\t\t\t<\/div>\n\t\t","protected":false},"excerpt":{"rendered":"<p>Otto Sun naci\u00f3 y creci\u00f3 en Santiago Sacatep\u00e9quez, cuna de los barriletes gigantes; migr\u00f3 a EE.UU. en 2021 y cada a\u00f1o ha elaborado un barrilete para conectar con su identidad. Quiere volar alto, pero anhela volver a su tierra un d\u00eda. Este es el hilo de su historia. La conversaci\u00f3n con Otto Sun tard\u00f3 varios [&hellip;]<\/p>\n","protected":false},"author":7,"featured_media":13311,"comment_status":"open","ping_status":"open","sticky":false,"template":"","format":"standard","meta":{"_acf_changed":false,"_eb_attr":"","footnotes":""},"categories":[50],"tags":[],"class_list":["post-13310","post","type-post","status-publish","format-standard","has-post-thumbnail","hentry","category-exitos"],"acf":[],"aioseo_notices":[],"aioseo_head":"\n\t\t<!-- All in One SEO Pro 4.9.6.2 - aioseo.com -->\n\t<meta name=\"description\" content=\"La cultura de Guatemala integra cuatro grandes pueblos: ladinos, mayas, xincas y gar\u00edfunas. Los afrodescendientes habitan en L\u00edvingston, Izabal, de donde han migrado a todo el pa\u00eds y a Estados Unidos. Yancun\u00fa es una danza de batalla que evoca su esp\u00edritu libre. Con dignidad se conmemora una llegada y un anhelo de libertad a trav\u00e9s La etnia gar\u00edfuna celebra cada 26 de noviembre con esta danza la llegada a L\u00edvingston, Guatemala y otras localidades del caribe centroamericano.\" \/>\n\t<meta name=\"robots\" content=\"max-snippet:-1, max-image-preview:large, max-video-preview:-1\" \/>\n\t<meta name=\"author\" content=\"Gustavo Montenegro\"\/>\n\t<link rel=\"canonical\" href=\"https:\/\/soymigrante.com\/revista\/barrilete-guatemalteco-migrante-otto-sun-historia\/\" \/>\n\t<meta name=\"generator\" content=\"All in One SEO Pro (AIOSEO) 4.9.6.2\" \/>\n\n\t\t<link rel=\"preconnect\" href=\"https:\/\/fonts.googleapis.com\" crossorigin>\n<link rel=\"preconnect\" href=\"https:\/\/fonts.gstatic.com\" crossorigin>\n\t\t<meta property=\"og:locale\" content=\"es_ES\" \/>\n\t\t<meta property=\"og:site_name\" content=\"SoyMigrante.com REVISTA \u2013 Nuestra misi\u00f3n es reconocer y dignificar al migrante.\" \/>\n\t\t<meta property=\"og:type\" content=\"article\" \/>\n\t\t<meta property=\"og:title\" content=\"Volamos alto como barriletes: Otto Sun, chap\u00edn en Massachussets\" \/>\n\t\t<meta property=\"og:description\" content=\"Otto Sun es cocinero, oficio que le permiti\u00f3 conocer toda Guatemala. En USA labora en un restaurante. Cada a\u00f1o hace un barrilete por amor a su pueblo: Santiago Sac.\" \/>\n\t\t<meta property=\"og:url\" content=\"https:\/\/soymigrante.com\/revista\/barrilete-guatemalteco-migrante-otto-sun-historia\/\" \/>\n\t\t<meta property=\"og:image\" content=\"https:\/\/soymigrante.com\/revista\/wp-content\/uploads\/2024\/11\/otto-sun-5.webp\" \/>\n\t\t<meta property=\"og:image:secure_url\" content=\"https:\/\/soymigrante.com\/revista\/wp-content\/uploads\/2024\/11\/otto-sun-5.webp\" \/>\n\t\t<meta property=\"og:image:width\" content=\"971\" \/>\n\t\t<meta property=\"og:image:height\" content=\"971\" \/>\n\t\t<meta property=\"article:published_time\" content=\"2024-11-15T15:43:28+00:00\" \/>\n\t\t<meta property=\"article:modified_time\" content=\"2024-11-21T06:34:07+00:00\" \/>\n\t\t<meta property=\"article:publisher\" content=\"https:\/\/www.facebook.com\/soymigrantecom\" \/>\n\t\t<meta name=\"twitter:card\" content=\"summary_large_image\" \/>\n\t\t<meta name=\"twitter:site\" content=\"@SoyMigrante_com\" \/>\n\t\t<meta name=\"twitter:title\" content=\"Volamos alto como barriletes: Otto Sun, chap\u00edn en Massachussets\" \/>\n\t\t<meta name=\"twitter:description\" content=\"Otto Sun es cocinero, oficio que le permiti\u00f3 conocer toda Guatemala. En USA labora en un restaurante. Cada a\u00f1o hace un barrilete por amor a su pueblo: Santiago Sac.\" \/>\n\t\t<meta name=\"twitter:creator\" content=\"@SoyMigrante_com\" \/>\n\t\t<meta name=\"twitter:image\" content=\"https:\/\/soymigrante.com\/revista\/wp-content\/uploads\/2024\/11\/otto-sun-5.webp\" \/>\n\t\t<!-- All in One SEO Pro -->\r\n\t\t<title>Volamos alto como barriletes: Otto Sun, chap\u00edn en Massachussets<\/title>\n\n","aioseo_head_json":{"title":"Volamos alto como barriletes: Otto Sun, chap\u00edn en Massachussets","description":"Otto Sun es cocinero, oficio que le permiti\u00f3 conocer toda Guatemala. En USA labora en un restaurante. Cada a\u00f1o hace un barrilete por amor a su pueblo: Santiago Sac.","canonical_url":"https:\/\/soymigrante.com\/revista\/barrilete-guatemalteco-migrante-otto-sun-historia\/","robots":"max-snippet:-1, max-image-preview:large, max-video-preview:-1","keywords":"","webmasterTools":{"miscellaneous":"&lt;link rel=\"preconnect\" href=\"https:\/\/fonts.googleapis.com\" crossorigin&gt;\n&lt;link rel=\"preconnect\" href=\"https:\/\/fonts.gstatic.com\" crossorigin&gt;"},"schema":null,"og:locale":"es_ES","og:site_name":"SoyMigrante.com REVISTA \u2013 Nuestra misi\u00f3n es reconocer y dignificar al migrante.","og:type":"article","og:title":"Volamos alto como barriletes: Otto Sun, chap\u00edn en Massachussets","og:description":"Otto Sun es cocinero, oficio que le permiti\u00f3 conocer toda Guatemala. En USA labora en un restaurante. Cada a\u00f1o hace un barrilete por amor a su pueblo: Santiago Sac.","og:url":"https:\/\/soymigrante.com\/revista\/barrilete-guatemalteco-migrante-otto-sun-historia\/","og:image":"https:\/\/soymigrante.com\/revista\/wp-content\/uploads\/2024\/11\/otto-sun-5.webp","og:image:secure_url":"https:\/\/soymigrante.com\/revista\/wp-content\/uploads\/2024\/11\/otto-sun-5.webp","og:image:width":971,"og:image:height":971,"article:published_time":"2024-11-15T15:43:28+00:00","article:modified_time":"2024-11-21T06:34:07+00:00","article:publisher":"https:\/\/www.facebook.com\/soymigrantecom","twitter:card":"summary_large_image","twitter:site":"@SoyMigrante_com","twitter:title":"Volamos alto como barriletes: Otto Sun, chap\u00edn en Massachussets","twitter:description":"Otto Sun es cocinero, oficio que le permiti\u00f3 conocer toda Guatemala. En USA labora en un restaurante. Cada a\u00f1o hace un barrilete por amor a su pueblo: Santiago Sac.","twitter:creator":"@SoyMigrante_com","twitter:image":"https:\/\/soymigrante.com\/revista\/wp-content\/uploads\/2024\/11\/otto-sun-5.webp"},"aioseo_meta_data":{"post_id":"13310","title":"Volamos alto como barriletes: Otto Sun, chap\u00edn en Massachussets","description":"Otto Sun es cocinero, oficio que le permiti\u00f3 conocer toda Guatemala. En USA labora en un restaurante. Cada a\u00f1o hace un barrilete por amor a su pueblo: Santiago Sac.","keywords":null,"keyphrases":{"focus":{"keyphrase":"Barrilete","score":74,"analysis":{"keyphraseInTitle":{"score":3,"maxScore":9,"error":1},"keyphraseInDescription":{"score":9,"maxScore":9,"error":0},"keyphraseLength":{"score":9,"maxScore":9,"error":0,"length":1},"keyphraseInURL":{"score":5,"maxScore":5,"error":0},"keyphraseInIntroduction":{"score":3,"maxScore":9,"error":1},"keyphraseInSubHeadings":{"score":3,"maxScore":9,"error":1},"keyphraseInImageAlt":{"score":9,"maxScore":9,"error":0},"keywordDensity":{"type":"best","score":9,"maxScore":9,"error":0}}},"additional":[{"keyphrase":"Guatemalteco","score":40,"analysis":{"keyphraseInDescription":{"score":3,"maxScore":9,"error":1},"keyphraseLength":{"score":9,"maxScore":9,"error":0,"length":1},"keyphraseInIntroduction":{"score":3,"maxScore":9,"error":1},"keyphraseInImageAlt":{"score":3,"maxScore":9,"error":1},"keywordDensity":{"score":0,"type":"low","maxScore":9,"error":1}}},{"keyphrase":"Migrante","score":53,"analysis":{"keyphraseInDescription":{"score":3,"maxScore":9,"error":1},"keyphraseLength":{"score":9,"maxScore":9,"error":0,"length":1},"keyphraseInIntroduction":{"score":3,"maxScore":9,"error":1},"keyphraseInImageAlt":{"score":9,"maxScore":9,"error":0},"keywordDensity":{"score":0,"type":"low","maxScore":9,"error":1}}}]},"primary_term":null,"canonical_url":null,"og_title":null,"og_description":null,"og_object_type":"default","og_image_type":"default","og_image_url":null,"og_image_width":null,"og_image_height":null,"og_image_custom_url":null,"og_image_custom_fields":null,"og_video":"","og_custom_url":null,"og_article_section":null,"og_article_tags":null,"twitter_use_og":false,"twitter_card":"default","twitter_image_type":"default","twitter_image_url":null,"twitter_image_custom_url":null,"twitter_image_custom_fields":null,"twitter_title":null,"twitter_description":null,"schema":{"blockGraphs":[],"customGraphs":[],"default":{"data":{"Article":[],"Course":[],"Dataset":[],"FAQPage":[],"Movie":[],"Person":[],"Product":[],"ProductReview":[],"Car":[],"Recipe":[],"Service":[],"SoftwareApplication":[],"WebPage":[]},"graphName":"Article","isEnabled":true},"graphs":[]},"schema_type":"default","schema_type_options":null,"pillar_content":false,"robots_default":true,"robots_noindex":false,"robots_noarchive":false,"robots_nosnippet":false,"robots_nofollow":false,"robots_noimageindex":false,"robots_noodp":false,"robots_notranslate":false,"robots_max_snippet":"-1","robots_max_videopreview":"-1","robots_max_imagepreview":"large","priority":null,"frequency":"default","local_seo":null,"seo_analyzer_scan_date":"2025-10-09 00:18:04","breadcrumb_settings":null,"limit_modified_date":false,"reviewed_by":null,"open_ai":"{\"title\":{\"suggestions\":[],\"usage\":0},\"description\":{\"suggestions\":[],\"usage\":0}}","ai":null,"created":"2024-11-15 03:52:46","updated":"2026-02-04 16:33:45"},"aioseo_breadcrumb":"<div class=\"aioseo-breadcrumbs\"><span class=\"aioseo-breadcrumb\">\n\t<a href=\"https:\/\/soymigrante.com\/revista\" title=\"Home\">Home<\/a>\n<\/span><span class=\"aioseo-breadcrumb-separator\">\u00bb<\/span><span class=\"aioseo-breadcrumb\">\n\t<a href=\"https:\/\/soymigrante.com\/revista\/category\/exitos\/\" title=\"\u00c9xitos\">\u00c9xitos<\/a>\n<\/span><span class=\"aioseo-breadcrumb-separator\">\u00bb<\/span><span class=\"aioseo-breadcrumb\">\n\t\u201cSomos como barriletes: estamos hechos para volar alto\u201d: Otto Sun, guatemalteco en Massachussets\n<\/span><\/div>","aioseo_breadcrumb_json":[{"label":"Home","link":"https:\/\/soymigrante.com\/revista"},{"label":"\u00c9xitos","link":"https:\/\/soymigrante.com\/revista\/category\/exitos\/"},{"label":"&#8220;Somos como barriletes: estamos hechos para volar alto&#8221;: Otto Sun, guatemalteco en Massachussets","link":"https:\/\/soymigrante.com\/revista\/barrilete-guatemalteco-migrante-otto-sun-historia\/"}],"_links":{"self":[{"href":"https:\/\/soymigrante.com\/revista\/wp-json\/wp\/v2\/posts\/13310","targetHints":{"allow":["GET"]}}],"collection":[{"href":"https:\/\/soymigrante.com\/revista\/wp-json\/wp\/v2\/posts"}],"about":[{"href":"https:\/\/soymigrante.com\/revista\/wp-json\/wp\/v2\/types\/post"}],"author":[{"embeddable":true,"href":"https:\/\/soymigrante.com\/revista\/wp-json\/wp\/v2\/users\/7"}],"replies":[{"embeddable":true,"href":"https:\/\/soymigrante.com\/revista\/wp-json\/wp\/v2\/comments?post=13310"}],"version-history":[{"count":0,"href":"https:\/\/soymigrante.com\/revista\/wp-json\/wp\/v2\/posts\/13310\/revisions"}],"wp:featuredmedia":[{"embeddable":true,"href":"https:\/\/soymigrante.com\/revista\/wp-json\/wp\/v2\/media\/13311"}],"wp:attachment":[{"href":"https:\/\/soymigrante.com\/revista\/wp-json\/wp\/v2\/media?parent=13310"}],"wp:term":[{"taxonomy":"category","embeddable":true,"href":"https:\/\/soymigrante.com\/revista\/wp-json\/wp\/v2\/categories?post=13310"},{"taxonomy":"post_tag","embeddable":true,"href":"https:\/\/soymigrante.com\/revista\/wp-json\/wp\/v2\/tags?post=13310"}],"curies":[{"name":"wp","href":"https:\/\/api.w.org\/{rel}","templated":true}]}}