{"id":1326,"date":"2023-08-14T16:47:12","date_gmt":"2023-08-14T16:47:12","guid":{"rendered":"https:\/\/soymigrante.com\/revista\/?p=1326"},"modified":"2023-10-14T12:18:16","modified_gmt":"2023-10-14T18:18:16","slug":"centros-de-votacion-para-migrantes-guatemaltecos-en-el-noreste-de-estados-unidos","status":"publish","type":"post","link":"https:\/\/soymigrante.com\/revista\/centros-de-votacion-para-migrantes-guatemaltecos-en-el-noreste-de-estados-unidos\/","title":{"rendered":"NORESTE DE EE.UU: Centros de votaci\u00f3n  para migrantes guatemaltecos."},"content":{"rendered":"\t\t<div data-elementor-type=\"wp-post\" data-elementor-id=\"1326\" class=\"elementor elementor-1326\" data-elementor-post-type=\"post\">\n\t\t\t\t\t\t<section data-particle_enable=\"false\" data-particle-mobile-disabled=\"false\" class=\"elementor-section elementor-top-section elementor-element elementor-element-2b102ff elementor-section-boxed elementor-section-height-default elementor-section-height-default\" data-id=\"2b102ff\" data-element_type=\"section\" data-e-type=\"section\">\n\t\t\t\t\t\t<div class=\"elementor-container elementor-column-gap-default\">\n\t\t\t\t\t<div class=\"elementor-column elementor-col-100 elementor-top-column elementor-element elementor-element-c6632bc\" data-id=\"c6632bc\" data-element_type=\"column\" data-e-type=\"column\">\n\t\t\t<div class=\"elementor-widget-wrap elementor-element-populated\">\n\t\t\t\t\t\t<div class=\"elementor-element elementor-element-25f485d elementor-widget elementor-widget-heading\" data-id=\"25f485d\" data-element_type=\"widget\" data-e-type=\"widget\" data-widget_type=\"heading.default\">\n\t\t\t\t\t<h2 class=\"elementor-heading-title elementor-size-default\">M\u00e1s de 90 mil guatemaltecos migrantes est\u00e1n empadronados para votar  en segunda vuelta el 20 de agosto: esta es una gu\u00eda para localizar y visualizar la ruta a los tres centros de votaci\u00f3n en la circunscripci\u00f3n Noreste de EE.UU.\n<\/h2>\t\t\t\t<\/div>\n\t\t\t\t\t<\/div>\n\t\t<\/div>\n\t\t\t\t\t<\/div>\n\t\t<\/section>\n\t\t\t\t<section data-particle_enable=\"false\" data-particle-mobile-disabled=\"false\" class=\"elementor-section elementor-top-section elementor-element elementor-element-fdd4657 elementor-section-boxed elementor-section-height-default elementor-section-height-default\" data-id=\"fdd4657\" data-element_type=\"section\" data-e-type=\"section\">\n\t\t\t\t\t\t<div class=\"elementor-container elementor-column-gap-default\">\n\t\t\t\t\t<div class=\"elementor-column elementor-col-100 elementor-top-column elementor-element elementor-element-8345660\" data-id=\"8345660\" data-element_type=\"column\" data-e-type=\"column\">\n\t\t\t<div class=\"elementor-widget-wrap elementor-element-populated\">\n\t\t\t\t\t\t<div class=\"elementor-element elementor-element-1021e25 elementor-widget elementor-widget-video\" data-id=\"1021e25\" data-element_type=\"widget\" data-e-type=\"widget\" data-settings=\"{&quot;youtube_url&quot;:&quot;https:\\\/\\\/www.youtube.com\\\/watch?v=TiHB4QjMX58&amp;list=PLIN-Iv8oYZtbmpJJyBQEE7MeLNstqPunq&quot;,&quot;video_type&quot;:&quot;youtube&quot;,&quot;controls&quot;:&quot;yes&quot;}\" data-widget_type=\"video.default\">\n\t\t\t\t\t\t\t<div class=\"elementor-wrapper elementor-open-inline\">\n\t\t\t<div class=\"elementor-video\"><\/div>\t\t<\/div>\n\t\t\t\t\t\t<\/div>\n\t\t\t\t\t<\/div>\n\t\t<\/div>\n\t\t\t\t\t<\/div>\n\t\t<\/section>\n\t\t\t\t<section data-particle_enable=\"false\" data-particle-mobile-disabled=\"false\" class=\"elementor-section elementor-top-section elementor-element elementor-element-dcacd77 elementor-section-boxed elementor-section-height-default elementor-section-height-default\" data-id=\"dcacd77\" data-element_type=\"section\" data-e-type=\"section\">\n\t\t\t\t\t\t<div class=\"elementor-container elementor-column-gap-default\">\n\t\t\t\t\t<div class=\"elementor-column elementor-col-100 elementor-top-column elementor-element elementor-element-71bdc4f\" data-id=\"71bdc4f\" data-element_type=\"column\" data-e-type=\"column\">\n\t\t\t<div class=\"elementor-widget-wrap elementor-element-populated\">\n\t\t\t\t\t\t<div class=\"elementor-element elementor-element-c4c5ad5 elementor-widget elementor-widget-text-editor\" data-id=\"c4c5ad5\" data-element_type=\"widget\" data-e-type=\"widget\" data-widget_type=\"text-editor.default\">\n\t\t\t\t\t\t\t\t\t<p><span style=\"font-weight: 400;\">Los guatemaltecos empadronados residentes en Estados Unidos podr\u00e1n&nbsp; votar para elegir presidente de la Rep\u00fablica de Guatemala, en 17 centros de votaci\u00f3n, distribuidos en cuatro circunscripciones electorales.&nbsp;&nbsp;<\/span><span style=\"font-weight: 400; color: var( --e-global-color-text ); background-color: var(--ak-bg-color);\">Estas abarcan 15 ciudades en donde se registran las mayores cifras de connacionales registrados.<\/span><\/p>\n<p><span style=\"font-weight: 400; color: var( --e-global-color-text ); background-color: var(--ak-bg-color);\">En la<\/span><span style=\"color: var( --e-global-color-text ); background-color: var(--ak-bg-color);\"><b> circunscripci\u00f3n Noreste,<\/b><\/span><span style=\"font-weight: 400; color: var( --e-global-color-text ); background-color: var(--ak-bg-color);\"> estos ser\u00e1n los centros que funcionar\u00e1n el domingo 20 de agosto para la segunda vuelta de la elecci\u00f3n presidencial Para participar es necesario presentar el documento de identificaci\u00f3n personal o pasaporte.&nbsp;<\/span><span style=\"background-color: var(--ak-bg-color); color: var( --e-global-color-text );\">Para facilitar la participaci\u00f3n, presentamos aqu\u00ed la localizaci\u00f3n de los&nbsp; centros a trav\u00e9s de la aplicaci\u00f3n Google Maps.<\/span><\/p>\t\t\t\t\t\t\t\t<\/div>\n\t\t\t\t\t<\/div>\n\t\t<\/div>\n\t\t\t\t\t<\/div>\n\t\t<\/section>\n\t\t\t\t<section data-particle_enable=\"false\" data-particle-mobile-disabled=\"false\" class=\"elementor-section elementor-top-section elementor-element elementor-element-f4fdc67 elementor-section-boxed elementor-section-height-default elementor-section-height-default\" data-id=\"f4fdc67\" data-element_type=\"section\" data-e-type=\"section\">\n\t\t\t\t\t\t<div class=\"elementor-container elementor-column-gap-default\">\n\t\t\t\t\t<div class=\"elementor-column elementor-col-100 elementor-top-column elementor-element elementor-element-561e915\" data-id=\"561e915\" data-element_type=\"column\" data-e-type=\"column\">\n\t\t\t<div class=\"elementor-widget-wrap elementor-element-populated\">\n\t\t\t\t\t\t<div class=\"elementor-element elementor-element-9f97c99 elementor-widget elementor-widget-heading\" data-id=\"9f97c99\" data-element_type=\"widget\" data-e-type=\"widget\" data-widget_type=\"heading.default\">\n\t\t\t\t\t<h2 class=\"elementor-heading-title elementor-size-default\">Trenton, New Jersey: Sam Naples Community Center <\/h2>\t\t\t\t<\/div>\n\t\t\t\t\t<\/div>\n\t\t<\/div>\n\t\t\t\t\t<\/div>\n\t\t<\/section>\n\t\t\t\t<section data-particle_enable=\"false\" data-particle-mobile-disabled=\"false\" class=\"elementor-section elementor-top-section elementor-element elementor-element-58ee180 elementor-section-boxed elementor-section-height-default elementor-section-height-default\" data-id=\"58ee180\" data-element_type=\"section\" data-e-type=\"section\">\n\t\t\t\t\t\t<div class=\"elementor-container elementor-column-gap-default\">\n\t\t\t\t\t<div class=\"elementor-column elementor-col-100 elementor-top-column elementor-element elementor-element-e51376b\" data-id=\"e51376b\" data-element_type=\"column\" data-e-type=\"column\">\n\t\t\t<div class=\"elementor-widget-wrap elementor-element-populated\">\n\t\t\t\t\t\t<div class=\"elementor-element elementor-element-925a2bf elementor-widget elementor-widget-google_maps\" data-id=\"925a2bf\" data-element_type=\"widget\" data-e-type=\"widget\" data-widget_type=\"google_maps.default\">\n\t\t\t\t\t\t\t<div class=\"elementor-custom-embed\">\n\t\t\t<iframe loading=\"lazy\"\n\t\t\t\t\tsrc=\"https:\/\/maps.google.com\/maps?q=Sam%20Naples%20Community%20center&#038;t=m&#038;z=10&#038;output=embed&#038;iwloc=near\"\n\t\t\t\t\ttitle=\"Sam Naples Community center\"\n\t\t\t\t\taria-label=\"Sam Naples Community center\"\n\t\t\t><\/iframe>\n\t\t<\/div>\n\t\t\t\t\t\t<\/div>\n\t\t\t\t\t<\/div>\n\t\t<\/div>\n\t\t\t\t\t<\/div>\n\t\t<\/section>\n\t\t\t\t<section data-particle_enable=\"false\" data-particle-mobile-disabled=\"false\" class=\"elementor-section elementor-top-section elementor-element elementor-element-1722506 elementor-section-boxed elementor-section-height-default elementor-section-height-default\" data-id=\"1722506\" data-element_type=\"section\" data-e-type=\"section\">\n\t\t\t\t\t\t<div class=\"elementor-container elementor-column-gap-default\">\n\t\t\t\t\t<div class=\"elementor-column elementor-col-100 elementor-top-column elementor-element elementor-element-d6881dc\" data-id=\"d6881dc\" data-element_type=\"column\" data-e-type=\"column\">\n\t\t\t<div class=\"elementor-widget-wrap elementor-element-populated\">\n\t\t\t\t\t\t<div class=\"elementor-element elementor-element-9389dbf elementor-widget-divider--view-line elementor-widget elementor-widget-divider\" data-id=\"9389dbf\" data-element_type=\"widget\" data-e-type=\"widget\" data-widget_type=\"divider.default\">\n\t\t\t\t\t\t\t<div class=\"elementor-divider\">\n\t\t\t<span class=\"elementor-divider-separator\">\n\t\t\t\t\t\t<\/span>\n\t\t<\/div>\n\t\t\t\t\t\t<\/div>\n\t\t\t\t\t<\/div>\n\t\t<\/div>\n\t\t\t\t\t<\/div>\n\t\t<\/section>\n\t\t\t\t<section data-particle_enable=\"false\" data-particle-mobile-disabled=\"false\" class=\"elementor-section elementor-top-section elementor-element elementor-element-8234a92 elementor-section-boxed elementor-section-height-default elementor-section-height-default\" data-id=\"8234a92\" data-element_type=\"section\" data-e-type=\"section\">\n\t\t\t\t\t\t<div class=\"elementor-container elementor-column-gap-default\">\n\t\t\t\t\t<div class=\"elementor-column elementor-col-100 elementor-top-column elementor-element elementor-element-d0b1461\" data-id=\"d0b1461\" data-element_type=\"column\" data-e-type=\"column\">\n\t\t\t<div class=\"elementor-widget-wrap elementor-element-populated\">\n\t\t\t\t\t\t<div class=\"elementor-element elementor-element-51763ec elementor-widget elementor-widget-heading\" data-id=\"51763ec\" data-element_type=\"widget\" data-e-type=\"widget\" data-widget_type=\"heading.default\">\n\t\t\t\t\t<h2 class=\"elementor-heading-title elementor-size-default\">Queens, New York Centro 1: SisaParari CCL\n<\/h2>\t\t\t\t<\/div>\n\t\t\t\t\t<\/div>\n\t\t<\/div>\n\t\t\t\t\t<\/div>\n\t\t<\/section>\n\t\t\t\t<section data-particle_enable=\"false\" data-particle-mobile-disabled=\"false\" class=\"elementor-section elementor-top-section elementor-element elementor-element-b5b1dcf elementor-section-boxed elementor-section-height-default elementor-section-height-default\" data-id=\"b5b1dcf\" data-element_type=\"section\" data-e-type=\"section\">\n\t\t\t\t\t\t<div class=\"elementor-container elementor-column-gap-default\">\n\t\t\t\t\t<div class=\"elementor-column elementor-col-100 elementor-top-column elementor-element elementor-element-bdcc16e\" data-id=\"bdcc16e\" data-element_type=\"column\" data-e-type=\"column\">\n\t\t\t<div class=\"elementor-widget-wrap elementor-element-populated\">\n\t\t\t\t\t\t<div class=\"elementor-element elementor-element-3997ad0 elementor-widget elementor-widget-google_maps\" data-id=\"3997ad0\" data-element_type=\"widget\" data-e-type=\"widget\" data-widget_type=\"google_maps.default\">\n\t\t\t\t\t\t\t<div class=\"elementor-custom-embed\">\n\t\t\t<iframe loading=\"lazy\"\n\t\t\t\t\tsrc=\"https:\/\/maps.google.com\/maps?q=SisaPakari%20CCL%202do.%20piso&#038;t=m&#038;z=10&#038;output=embed&#038;iwloc=near\"\n\t\t\t\t\ttitle=\"SisaPakari CCL 2do. piso\"\n\t\t\t\t\taria-label=\"SisaPakari CCL 2do. piso\"\n\t\t\t><\/iframe>\n\t\t<\/div>\n\t\t\t\t\t\t<\/div>\n\t\t\t\t\t<\/div>\n\t\t<\/div>\n\t\t\t\t\t<\/div>\n\t\t<\/section>\n\t\t\t\t<section data-particle_enable=\"false\" data-particle-mobile-disabled=\"false\" class=\"elementor-section elementor-top-section elementor-element elementor-element-c6155f3 elementor-section-boxed elementor-section-height-default elementor-section-height-default\" data-id=\"c6155f3\" data-element_type=\"section\" data-e-type=\"section\">\n\t\t\t\t\t\t<div class=\"elementor-container elementor-column-gap-default\">\n\t\t\t\t\t<div class=\"elementor-column elementor-col-100 elementor-top-column elementor-element elementor-element-bfc925a\" data-id=\"bfc925a\" data-element_type=\"column\" data-e-type=\"column\">\n\t\t\t<div class=\"elementor-widget-wrap elementor-element-populated\">\n\t\t\t\t\t\t<div class=\"elementor-element elementor-element-4baf166 elementor-widget-divider--view-line elementor-widget elementor-widget-divider\" data-id=\"4baf166\" data-element_type=\"widget\" data-e-type=\"widget\" data-widget_type=\"divider.default\">\n\t\t\t\t\t\t\t<div class=\"elementor-divider\">\n\t\t\t<span class=\"elementor-divider-separator\">\n\t\t\t\t\t\t<\/span>\n\t\t<\/div>\n\t\t\t\t\t\t<\/div>\n\t\t\t\t\t<\/div>\n\t\t<\/div>\n\t\t\t\t\t<\/div>\n\t\t<\/section>\n\t\t\t\t<section data-particle_enable=\"false\" data-particle-mobile-disabled=\"false\" class=\"elementor-section elementor-top-section elementor-element elementor-element-4d55a05 elementor-section-boxed elementor-section-height-default elementor-section-height-default\" data-id=\"4d55a05\" data-element_type=\"section\" data-e-type=\"section\">\n\t\t\t\t\t\t<div class=\"elementor-container elementor-column-gap-default\">\n\t\t\t\t\t<div class=\"elementor-column elementor-col-100 elementor-top-column elementor-element elementor-element-73c53aa\" data-id=\"73c53aa\" data-element_type=\"column\" data-e-type=\"column\">\n\t\t\t<div class=\"elementor-widget-wrap elementor-element-populated\">\n\t\t\t\t\t\t<div class=\"elementor-element elementor-element-b4efab4 elementor-widget elementor-widget-heading\" data-id=\"b4efab4\" data-element_type=\"widget\" data-e-type=\"widget\" data-widget_type=\"heading.default\">\n\t\t\t\t\t<h2 class=\"elementor-heading-title elementor-size-default\">Queens, New York Centro 2: Bula Arts and Culture<\/h2>\t\t\t\t<\/div>\n\t\t\t\t\t<\/div>\n\t\t<\/div>\n\t\t\t\t\t<\/div>\n\t\t<\/section>\n\t\t\t\t<section data-particle_enable=\"false\" data-particle-mobile-disabled=\"false\" class=\"elementor-section elementor-top-section elementor-element elementor-element-e608c55 elementor-section-boxed elementor-section-height-default elementor-section-height-default\" data-id=\"e608c55\" data-element_type=\"section\" data-e-type=\"section\">\n\t\t\t\t\t\t<div class=\"elementor-container elementor-column-gap-default\">\n\t\t\t\t\t<div class=\"elementor-column elementor-col-100 elementor-top-column elementor-element elementor-element-21183ad\" data-id=\"21183ad\" data-element_type=\"column\" data-e-type=\"column\">\n\t\t\t<div class=\"elementor-widget-wrap elementor-element-populated\">\n\t\t\t\t\t\t<div class=\"elementor-element elementor-element-d5b4f72 elementor-widget elementor-widget-google_maps\" data-id=\"d5b4f72\" data-element_type=\"widget\" data-e-type=\"widget\" data-widget_type=\"google_maps.default\">\n\t\t\t\t\t\t\t<div class=\"elementor-custom-embed\">\n\t\t\t<iframe loading=\"lazy\"\n\t\t\t\t\tsrc=\"https:\/\/maps.google.com\/maps?q=Bula%20Arts%20and%20Culture%2C%202do%20nivel%2C%20timber%201&#038;t=m&#038;z=10&#038;output=embed&#038;iwloc=near\"\n\t\t\t\t\ttitle=\"Bula Arts and Culture, 2do nivel, timber 1\"\n\t\t\t\t\taria-label=\"Bula Arts and Culture, 2do nivel, timber 1\"\n\t\t\t><\/iframe>\n\t\t<\/div>\n\t\t\t\t\t\t<\/div>\n\t\t\t\t\t<\/div>\n\t\t<\/div>\n\t\t\t\t\t<\/div>\n\t\t<\/section>\n\t\t\t\t<section data-particle_enable=\"false\" data-particle-mobile-disabled=\"false\" class=\"elementor-section elementor-top-section elementor-element elementor-element-f7c109b elementor-section-boxed elementor-section-height-default elementor-section-height-default\" data-id=\"f7c109b\" data-element_type=\"section\" data-e-type=\"section\">\n\t\t\t\t\t\t<div class=\"elementor-container elementor-column-gap-default\">\n\t\t\t\t\t<div class=\"elementor-column elementor-col-100 elementor-top-column elementor-element elementor-element-c3e835c\" data-id=\"c3e835c\" data-element_type=\"column\" data-e-type=\"column\">\n\t\t\t<div class=\"elementor-widget-wrap elementor-element-populated\">\n\t\t\t\t\t\t<div class=\"elementor-element elementor-element-427ae7a elementor-widget-divider--view-line elementor-widget elementor-widget-divider\" data-id=\"427ae7a\" data-element_type=\"widget\" data-e-type=\"widget\" data-widget_type=\"divider.default\">\n\t\t\t\t\t\t\t<div class=\"elementor-divider\">\n\t\t\t<span class=\"elementor-divider-separator\">\n\t\t\t\t\t\t<\/span>\n\t\t<\/div>\n\t\t\t\t\t\t<\/div>\n\t\t\t\t\t<\/div>\n\t\t<\/div>\n\t\t\t\t\t<\/div>\n\t\t<\/section>\n\t\t\t\t<section data-particle_enable=\"false\" data-particle-mobile-disabled=\"false\" class=\"elementor-section elementor-top-section elementor-element elementor-element-2f3baac elementor-section-boxed elementor-section-height-default elementor-section-height-default\" data-id=\"2f3baac\" data-element_type=\"section\" data-e-type=\"section\">\n\t\t\t\t\t\t<div class=\"elementor-container elementor-column-gap-default\">\n\t\t\t\t\t<div class=\"elementor-column elementor-col-100 elementor-top-column elementor-element elementor-element-d2933b0\" data-id=\"d2933b0\" data-element_type=\"column\" data-e-type=\"column\">\n\t\t\t<div class=\"elementor-widget-wrap elementor-element-populated\">\n\t\t\t\t\t\t<div class=\"elementor-element elementor-element-7e759cc elementor-widget elementor-widget-heading\" data-id=\"7e759cc\" data-element_type=\"widget\" data-e-type=\"widget\" data-widget_type=\"heading.default\">\n\t\t\t\t\t<h2 class=\"elementor-heading-title elementor-size-default\">Arlington, Virginia: Moose Association<\/h2>\t\t\t\t<\/div>\n\t\t\t\t\t<\/div>\n\t\t<\/div>\n\t\t\t\t\t<\/div>\n\t\t<\/section>\n\t\t\t\t<section data-particle_enable=\"false\" data-particle-mobile-disabled=\"false\" class=\"elementor-section elementor-top-section elementor-element elementor-element-5c81632 elementor-section-boxed elementor-section-height-default elementor-section-height-default\" data-id=\"5c81632\" data-element_type=\"section\" data-e-type=\"section\">\n\t\t\t\t\t\t<div class=\"elementor-container elementor-column-gap-default\">\n\t\t\t\t\t<div class=\"elementor-column elementor-col-100 elementor-top-column elementor-element elementor-element-1a55f6c\" data-id=\"1a55f6c\" data-element_type=\"column\" data-e-type=\"column\">\n\t\t\t<div class=\"elementor-widget-wrap elementor-element-populated\">\n\t\t\t\t\t\t<div class=\"elementor-element elementor-element-08a35ad elementor-widget elementor-widget-google_maps\" data-id=\"08a35ad\" data-element_type=\"widget\" data-e-type=\"widget\" data-widget_type=\"google_maps.default\">\n\t\t\t\t\t\t\t<div class=\"elementor-custom-embed\">\n\t\t\t<iframe loading=\"lazy\"\n\t\t\t\t\tsrc=\"https:\/\/maps.google.com\/maps?q=Arlington%20Moose%20Loge%2013155710%20Scoville%20St%2C%20Falls%20Church%20Va.%2022041&#038;t=m&#038;z=10&#038;output=embed&#038;iwloc=near\"\n\t\t\t\t\ttitle=\"Arlington Moose Loge 13155710 Scoville St, Falls Church Va. 22041\"\n\t\t\t\t\taria-label=\"Arlington Moose Loge 13155710 Scoville St, Falls Church Va. 22041\"\n\t\t\t><\/iframe>\n\t\t<\/div>\n\t\t\t\t\t\t<\/div>\n\t\t\t\t\t<\/div>\n\t\t<\/div>\n\t\t\t\t\t<\/div>\n\t\t<\/section>\n\t\t\t\t<section data-particle_enable=\"false\" data-particle-mobile-disabled=\"false\" class=\"elementor-section elementor-top-section elementor-element elementor-element-b414f3a elementor-section-boxed elementor-section-height-default elementor-section-height-default\" data-id=\"b414f3a\" data-element_type=\"section\" data-e-type=\"section\">\n\t\t\t\t\t\t<div class=\"elementor-container elementor-column-gap-default\">\n\t\t\t\t\t<div class=\"elementor-column elementor-col-100 elementor-top-column elementor-element elementor-element-880c9d1\" data-id=\"880c9d1\" data-element_type=\"column\" data-e-type=\"column\">\n\t\t\t<div class=\"elementor-widget-wrap elementor-element-populated\">\n\t\t\t\t\t\t<div class=\"elementor-element elementor-element-2be04a8 elementor-widget-divider--view-line elementor-widget elementor-widget-divider\" data-id=\"2be04a8\" data-element_type=\"widget\" data-e-type=\"widget\" data-widget_type=\"divider.default\">\n\t\t\t\t\t\t\t<div class=\"elementor-divider\">\n\t\t\t<span class=\"elementor-divider-separator\">\n\t\t\t\t\t\t<\/span>\n\t\t<\/div>\n\t\t\t\t\t\t<\/div>\n\t\t\t\t\t<\/div>\n\t\t<\/div>\n\t\t\t\t\t<\/div>\n\t\t<\/section>\n\t\t\t\t<section data-particle_enable=\"false\" data-particle-mobile-disabled=\"false\" class=\"elementor-section elementor-top-section elementor-element elementor-element-c8338a0 elementor-section-boxed elementor-section-height-default elementor-section-height-default\" data-id=\"c8338a0\" data-element_type=\"section\" data-e-type=\"section\">\n\t\t\t\t\t\t<div class=\"elementor-container elementor-column-gap-default\">\n\t\t\t\t\t<div class=\"elementor-column elementor-col-100 elementor-top-column elementor-element elementor-element-513648b\" data-id=\"513648b\" data-element_type=\"column\" data-e-type=\"column\">\n\t\t\t<div class=\"elementor-widget-wrap elementor-element-populated\">\n\t\t\t\t\t\t<div class=\"elementor-element elementor-element-944c74e elementor-widget elementor-widget-heading\" data-id=\"944c74e\" data-element_type=\"widget\" data-e-type=\"widget\" data-widget_type=\"heading.default\">\n\t\t\t\t\t<h3 class=\"elementor-heading-title elementor-size-default\">Migrante guatemalteco, an\u00edmate, traza la ruta y participa<\/h3>\t\t\t\t<\/div>\n\t\t\t\t<div class=\"elementor-element elementor-element-9fd0a53 elementor-widget elementor-widget-text-editor\" data-id=\"9fd0a53\" data-element_type=\"widget\" data-e-type=\"widget\" data-widget_type=\"text-editor.default\">\n\t\t\t\t\t\t\t\t\t<p><span style=\"font-weight: 400\">En cada centro de votaci\u00f3n habr\u00e1 una o varias mesas electorales, ante las cuales el ciudadano debe identificarse. Recibir\u00e1 la papeleta para elegir Presidente y Vicepresidente de la Rep\u00fablica.&nbsp; Posteriormente pasar\u00e1 al espacio secreto especialmente destinado para emitir el sufragio.&nbsp;<\/span><\/p>\t\t\t\t\t\t\t\t<\/div>\n\t\t\t\t\t<\/div>\n\t\t<\/div>\n\t\t\t\t\t<\/div>\n\t\t<\/section>\n\t\t\t\t<section data-particle_enable=\"false\" data-particle-mobile-disabled=\"false\" class=\"elementor-section elementor-top-section elementor-element elementor-element-aef309f elementor-section-boxed elementor-section-height-default elementor-section-height-default\" data-id=\"aef309f\" data-element_type=\"section\" data-e-type=\"section\">\n\t\t\t\t\t\t<div class=\"elementor-container elementor-column-gap-default\">\n\t\t\t\t\t<div class=\"elementor-column elementor-col-100 elementor-top-column elementor-element elementor-element-80d405e\" data-id=\"80d405e\" data-element_type=\"column\" data-e-type=\"column\">\n\t\t\t<div class=\"elementor-widget-wrap elementor-element-populated\">\n\t\t\t\t\t\t<div class=\"elementor-element elementor-element-8e16019 elementor-widget elementor-widget-heading\" data-id=\"8e16019\" data-element_type=\"widget\" data-e-type=\"widget\" data-widget_type=\"heading.default\">\n\t\t\t\t\t<h2 class=\"elementor-heading-title elementor-size-default\">Encuentre los centros de votaci\u00f3n para guatemaltecos en las otras 3 circunscripciones en Estados Unidos <\/h2>\t\t\t\t<\/div>\n\t\t\t\t\t<\/div>\n\t\t<\/div>\n\t\t\t\t\t<\/div>\n\t\t<\/section>\n\t\t\t\t<section data-particle_enable=\"false\" data-particle-mobile-disabled=\"false\" class=\"elementor-section elementor-top-section elementor-element elementor-element-14631bd elementor-section-boxed elementor-section-height-default elementor-section-height-default\" data-id=\"14631bd\" data-element_type=\"section\" data-e-type=\"section\" data-settings=\"{&quot;motion_fx_motion_fx_scrolling&quot;:&quot;yes&quot;,&quot;motion_fx_devices&quot;:[&quot;desktop&quot;,&quot;tablet&quot;,&quot;mobile&quot;]}\">\n\t\t\t\t\t\t<div class=\"elementor-container elementor-column-gap-default\">\n\t\t\t\t\t<div class=\"elementor-column elementor-col-100 elementor-top-column elementor-element elementor-element-3e2127d\" data-id=\"3e2127d\" data-element_type=\"column\" data-e-type=\"column\">\n\t\t\t<div class=\"elementor-widget-wrap elementor-element-populated\">\n\t\t\t\t\t\t<div class=\"elementor-element elementor-element-4bd12b7 elementor-grid-3 elementor-grid-tablet-2 elementor-grid-mobile-1 elementor-widget elementor-widget-portfolio\" data-id=\"4bd12b7\" data-element_type=\"widget\" data-e-type=\"widget\" data-settings=\"{&quot;columns&quot;:&quot;3&quot;,&quot;columns_tablet&quot;:&quot;2&quot;,&quot;columns_mobile&quot;:&quot;1&quot;,&quot;item_ratio&quot;:{&quot;unit&quot;:&quot;px&quot;,&quot;size&quot;:0.66,&quot;sizes&quot;:[]},&quot;item_gap&quot;:{&quot;unit&quot;:&quot;px&quot;,&quot;size&quot;:&quot;&quot;,&quot;sizes&quot;:[]},&quot;row_gap&quot;:{&quot;unit&quot;:&quot;px&quot;,&quot;size&quot;:&quot;&quot;,&quot;sizes&quot;:[]}}\" data-widget_type=\"portfolio.default\">\n\t\t\t\t<div class=\"elementor-widget-container\">\n\t\t\t\t\t\t\t<div class=\"elementor-portfolio elementor-grid elementor-posts-container\" role=\"list\">\n\t\t\t\t<article class=\"elementor-portfolio-item elementor-post  post-1321 post type-post status-publish format-standard has-post-thumbnail hentry category-estamos-unidos tag-segunda-vuelta-2023\" role=\"listitem\">\n\t\t\t<a class=\"elementor-post__thumbnail__link\" href=\"https:\/\/soymigrante.com\/revista\/centros-de-votacion-para-guatemaltecos-en-el-centro-de-estados-unidos-copy\/\">\n\t\t\t\t<div class=\"elementor-portfolio-item__img elementor-post__thumbnail\">\n\t\t\t<img fetchpriority=\"high\" decoding=\"async\" width=\"300\" height=\"200\" src=\"https:\/\/soymigrante.com\/revista\/wp-content\/uploads\/2023\/06\/man-putting-ballot-into-voting-box-on-blue-backgro-2021-09-02-22-33-36-utc-300x200.webp\" class=\"attachment-medium size-medium wp-image-1327\" alt=\"\" srcset=\"https:\/\/soymigrante.com\/revista\/wp-content\/uploads\/2023\/06\/man-putting-ballot-into-voting-box-on-blue-backgro-2021-09-02-22-33-36-utc-300x200.webp 300w, https:\/\/soymigrante.com\/revista\/wp-content\/uploads\/2023\/06\/man-putting-ballot-into-voting-box-on-blue-backgro-2021-09-02-22-33-36-utc-1024x683.webp 1024w, https:\/\/soymigrante.com\/revista\/wp-content\/uploads\/2023\/06\/man-putting-ballot-into-voting-box-on-blue-backgro-2021-09-02-22-33-36-utc-768x512.webp 768w, https:\/\/soymigrante.com\/revista\/wp-content\/uploads\/2023\/06\/man-putting-ballot-into-voting-box-on-blue-backgro-2021-09-02-22-33-36-utc-1536x1024.webp 1536w, https:\/\/soymigrante.com\/revista\/wp-content\/uploads\/2023\/06\/man-putting-ballot-into-voting-box-on-blue-backgro-2021-09-02-22-33-36-utc-scaled.webp 1920w, https:\/\/soymigrante.com\/revista\/wp-content\/uploads\/2023\/06\/man-putting-ballot-into-voting-box-on-blue-backgro-2021-09-02-22-33-36-utc-750x500.webp 750w, https:\/\/soymigrante.com\/revista\/wp-content\/uploads\/2023\/06\/man-putting-ballot-into-voting-box-on-blue-backgro-2021-09-02-22-33-36-utc-1140x760.webp 1140w, https:\/\/soymigrante.com\/revista\/wp-content\/uploads\/2023\/06\/man-putting-ballot-into-voting-box-on-blue-backgro-2021-09-02-22-33-36-utc-600x400.webp 600w\" sizes=\"(max-width: 300px) 100vw, 300px\" \/>\t\t<\/div>\n\t\t\t\t<div class=\"elementor-portfolio-item__overlay\">\n\t\t\t\t<h3 class=\"elementor-portfolio-item__title\">\n\t\tCENTRO DE EE.UU:  Centros de votaci\u00f3n para migrantes guatemaltecos\t\t<\/h3>\n\t\t\t\t<\/div>\n\t\t\t\t<\/a>\n\t\t<\/article>\n\t\t\t\t<article class=\"elementor-portfolio-item elementor-post  post-1310 post type-post status-publish format-standard has-post-thumbnail hentry category-estamos-unidos tag-segunda-vuelta-2023\" role=\"listitem\">\n\t\t\t<a class=\"elementor-post__thumbnail__link\" href=\"https:\/\/soymigrante.com\/revista\/centros-de-votacion-para-migrantes-guatemaltecos-en-el-sureste-de-estados-unidos\/\">\n\t\t\t\t<div class=\"elementor-portfolio-item__img elementor-post__thumbnail\">\n\t\t\t<img decoding=\"async\" width=\"300\" height=\"202\" src=\"https:\/\/soymigrante.com\/revista\/wp-content\/uploads\/2023\/06\/VOTO-VOTO-300x202.webp\" class=\"attachment-medium size-medium wp-image-1320\" alt=\"\" srcset=\"https:\/\/soymigrante.com\/revista\/wp-content\/uploads\/2023\/06\/VOTO-VOTO-300x202.webp 300w, https:\/\/soymigrante.com\/revista\/wp-content\/uploads\/2023\/06\/VOTO-VOTO-1024x690.webp 1024w, https:\/\/soymigrante.com\/revista\/wp-content\/uploads\/2023\/06\/VOTO-VOTO-768x517.webp 768w, https:\/\/soymigrante.com\/revista\/wp-content\/uploads\/2023\/06\/VOTO-VOTO-750x505.webp 750w, https:\/\/soymigrante.com\/revista\/wp-content\/uploads\/2023\/06\/VOTO-VOTO-1140x768.webp 1140w, https:\/\/soymigrante.com\/revista\/wp-content\/uploads\/2023\/06\/VOTO-VOTO.webp 1228w\" sizes=\"(max-width: 300px) 100vw, 300px\" \/>\t\t<\/div>\n\t\t\t\t<div class=\"elementor-portfolio-item__overlay\">\n\t\t\t\t<h3 class=\"elementor-portfolio-item__title\">\n\t\tSURESTE DE EE.UU: Centros de votaci\u00f3n  para migrantes guatemaltecos\t\t<\/h3>\n\t\t\t\t<\/div>\n\t\t\t\t<\/a>\n\t\t<\/article>\n\t\t\t\t<article class=\"elementor-portfolio-item elementor-post  post-1323 post type-post status-publish format-standard has-post-thumbnail hentry category-estamos-unidos tag-segunda-vuelta-2023\" role=\"listitem\">\n\t\t\t<a class=\"elementor-post__thumbnail__link\" href=\"https:\/\/soymigrante.com\/revista\/centros-de-votacion-para-migrantes-guatemaltecos-en-el-oeste-de-estados-unidos\/\">\n\t\t\t\t<div class=\"elementor-portfolio-item__img elementor-post__thumbnail\">\n\t\t\t<img decoding=\"async\" width=\"300\" height=\"200\" src=\"https:\/\/soymigrante.com\/revista\/wp-content\/uploads\/2023\/06\/woman-votes-on-election-day-2021-08-27-12-41-45-utc-300x200.webp\" class=\"attachment-medium size-medium wp-image-1329\" alt=\"\" srcset=\"https:\/\/soymigrante.com\/revista\/wp-content\/uploads\/2023\/06\/woman-votes-on-election-day-2021-08-27-12-41-45-utc-300x200.webp 300w, https:\/\/soymigrante.com\/revista\/wp-content\/uploads\/2023\/06\/woman-votes-on-election-day-2021-08-27-12-41-45-utc-1024x683.webp 1024w, https:\/\/soymigrante.com\/revista\/wp-content\/uploads\/2023\/06\/woman-votes-on-election-day-2021-08-27-12-41-45-utc-768x512.webp 768w, https:\/\/soymigrante.com\/revista\/wp-content\/uploads\/2023\/06\/woman-votes-on-election-day-2021-08-27-12-41-45-utc-1536x1024.webp 1536w, https:\/\/soymigrante.com\/revista\/wp-content\/uploads\/2023\/06\/woman-votes-on-election-day-2021-08-27-12-41-45-utc-scaled.webp 1920w, https:\/\/soymigrante.com\/revista\/wp-content\/uploads\/2023\/06\/woman-votes-on-election-day-2021-08-27-12-41-45-utc-750x500.webp 750w, https:\/\/soymigrante.com\/revista\/wp-content\/uploads\/2023\/06\/woman-votes-on-election-day-2021-08-27-12-41-45-utc-1140x760.webp 1140w, https:\/\/soymigrante.com\/revista\/wp-content\/uploads\/2023\/06\/woman-votes-on-election-day-2021-08-27-12-41-45-utc-600x400.webp 600w\" sizes=\"(max-width: 300px) 100vw, 300px\" \/>\t\t<\/div>\n\t\t\t\t<div class=\"elementor-portfolio-item__overlay\">\n\t\t\t\t<h3 class=\"elementor-portfolio-item__title\">\n\t\tOESTE DE EE.UU: Centros de votaci\u00f3n  para migrantes guatemaltecos\t\t<\/h3>\n\t\t\t\t<\/div>\n\t\t\t\t<\/a>\n\t\t<\/article>\n\t\t\t\t<\/div>\n\t\t\t\t\t\t<\/div>\n\t\t\t\t<\/div>\n\t\t\t\t\t<\/div>\n\t\t<\/div>\n\t\t\t\t\t<\/div>\n\t\t<\/section>\n\t\t\t\t<\/div>\n\t\t","protected":false},"excerpt":{"rendered":"<p>M\u00e1s de 90 mil guatemaltecos migrantes est\u00e1n empadronados para votar en segunda vuelta el 20 de agosto: esta es una gu\u00eda para localizar y visualizar la ruta a los tres centros de votaci\u00f3n en la circunscripci\u00f3n Noreste de EE.UU. Los guatemaltecos empadronados residentes en Estados Unidos podr\u00e1n&nbsp; votar para elegir presidente de la Rep\u00fablica de [&hellip;]<\/p>\n","protected":false},"author":1,"featured_media":1322,"comment_status":"open","ping_status":"open","sticky":true,"template":"","format":"standard","meta":{"_acf_changed":false,"_eb_attr":"","footnotes":""},"categories":[54],"tags":[85],"class_list":["post-1326","post","type-post","status-publish","format-standard","has-post-thumbnail","hentry","category-estamos-unidos","tag-segunda-vuelta-2023"],"acf":[],"aioseo_notices":[],"aioseo_head":"\n\t\t<!-- All in One SEO Pro 4.9.6.2 - aioseo.com -->\n\t<meta name=\"description\" content=\"M\u00e1s de 90 mil guatemaltecos migrantes est\u00e1n empadronados para votar en segunda vuelta el pr\u00f3ximo 20 de agosto: esta es una gu\u00eda para localizar los centros de votaci\u00f3n en la Circunscripci\u00f3n Oeste de EE.UU. Los guatemaltecos empadronados residentes en Estados Unidos podr\u00e1n votar para elegir presidente de la Rep\u00fablica de Guatemala, en 17 centros de\" \/>\n\t<meta name=\"robots\" content=\"max-snippet:-1, max-image-preview:large, max-video-preview:-1\" \/>\n\t<meta name=\"author\" content=\"SoyMigrante.com REVISTA\"\/>\n\t<link rel=\"canonical\" href=\"https:\/\/soymigrante.com\/revista\/centros-de-votacion-para-migrantes-guatemaltecos-en-el-noreste-de-estados-unidos\/\" \/>\n\t<meta name=\"generator\" content=\"All in One SEO Pro (AIOSEO) 4.9.6.2\" \/>\n\n\t\t<link rel=\"preconnect\" href=\"https:\/\/fonts.googleapis.com\" crossorigin>\n<link rel=\"preconnect\" href=\"https:\/\/fonts.gstatic.com\" crossorigin>\n\t\t<meta property=\"og:locale\" content=\"es_ES\" \/>\n\t\t<meta property=\"og:site_name\" content=\"SoyMigrante.com REVISTA \u2013 Nuestra misi\u00f3n es reconocer y dignificar al migrante.\" \/>\n\t\t<meta property=\"og:type\" content=\"article\" \/>\n\t\t<meta property=\"og:title\" content=\"NORESTE DE EE.UU: Centros de votaci\u00f3n para migrantes guatemaltecos.\" \/>\n\t\t<meta property=\"og:description\" content=\"M\u00e1s de 90 mil guatemaltecos migrantes est\u00e1n empadronados para votar en segunda vuelta el 20 de agosto: esta es una gu\u00eda para localizar y visualizar la ruta a los tres centros de votaci\u00f3n en la circunscripci\u00f3n Noreste de EE.UU. Los guatemaltecos empadronados residentes en Estados Unidos podr\u00e1n votar para elegir presidente de la Rep\u00fablica de\" \/>\n\t\t<meta property=\"og:url\" content=\"https:\/\/soymigrante.com\/revista\/centros-de-votacion-para-migrantes-guatemaltecos-en-el-noreste-de-estados-unidos\/\" \/>\n\t\t<meta property=\"og:image\" content=\"https:\/\/soymigrante.com\/revista\/wp-content\/uploads\/2023\/06\/voto-2-mujer.webp\" \/>\n\t\t<meta property=\"og:image:secure_url\" content=\"https:\/\/soymigrante.com\/revista\/wp-content\/uploads\/2023\/06\/voto-2-mujer.webp\" \/>\n\t\t<meta property=\"og:image:width\" content=\"1188\" \/>\n\t\t<meta property=\"og:image:height\" content=\"902\" \/>\n\t\t<meta property=\"article:published_time\" content=\"2023-08-14T16:47:12+00:00\" \/>\n\t\t<meta property=\"article:modified_time\" content=\"2023-10-14T18:18:16+00:00\" \/>\n\t\t<meta property=\"article:publisher\" content=\"https:\/\/www.facebook.com\/soymigrantecom\" \/>\n\t\t<meta name=\"twitter:card\" content=\"summary_large_image\" \/>\n\t\t<meta name=\"twitter:site\" content=\"@SoyMigrante_com\" \/>\n\t\t<meta name=\"twitter:title\" content=\"NORESTE DE EE.UU: Centros de votaci\u00f3n para migrantes guatemaltecos.\" \/>\n\t\t<meta name=\"twitter:description\" content=\"M\u00e1s de 90 mil guatemaltecos migrantes est\u00e1n empadronados para votar en segunda vuelta el 20 de agosto: esta es una gu\u00eda para localizar y visualizar la ruta a los tres centros de votaci\u00f3n en la circunscripci\u00f3n Noreste de EE.UU. Los guatemaltecos empadronados residentes en Estados Unidos podr\u00e1n votar para elegir presidente de la Rep\u00fablica de\" \/>\n\t\t<meta name=\"twitter:creator\" content=\"@SoyMigrante_com\" \/>\n\t\t<meta name=\"twitter:image\" content=\"https:\/\/soymigrante.com\/revista\/wp-content\/uploads\/2023\/06\/voto-2-mujer.webp\" \/>\n\t\t<!-- All in One SEO Pro -->\r\n\t\t<title>NORESTE DE EE.UU: Centros de votaci\u00f3n para migrantes guatemaltecos.<\/title>\n\n","aioseo_head_json":{"title":"NORESTE DE EE.UU: Centros de votaci\u00f3n para migrantes guatemaltecos.","description":"M\u00e1s de 90 mil guatemaltecos migrantes est\u00e1n empadronados para votar en segunda vuelta el 20 de agosto: esta es una gu\u00eda para localizar y visualizar la ruta a los tres centros de votaci\u00f3n en la circunscripci\u00f3n Noreste de EE.UU. Los guatemaltecos empadronados residentes en Estados Unidos podr\u00e1n votar para elegir presidente de la Rep\u00fablica de","canonical_url":"https:\/\/soymigrante.com\/revista\/centros-de-votacion-para-migrantes-guatemaltecos-en-el-noreste-de-estados-unidos\/","robots":"max-snippet:-1, max-image-preview:large, max-video-preview:-1","keywords":"","webmasterTools":{"miscellaneous":"&lt;link rel=\"preconnect\" href=\"https:\/\/fonts.googleapis.com\" crossorigin&gt;\n&lt;link rel=\"preconnect\" href=\"https:\/\/fonts.gstatic.com\" crossorigin&gt;"},"schema":null,"og:locale":"es_ES","og:site_name":"SoyMigrante.com REVISTA \u2013 Nuestra misi\u00f3n es reconocer y dignificar al migrante.","og:type":"article","og:title":"NORESTE DE EE.UU: Centros de votaci\u00f3n para migrantes guatemaltecos.","og:description":"M\u00e1s de 90 mil guatemaltecos migrantes est\u00e1n empadronados para votar en segunda vuelta el 20 de agosto: esta es una gu\u00eda para localizar y visualizar la ruta a los tres centros de votaci\u00f3n en la circunscripci\u00f3n Noreste de EE.UU. Los guatemaltecos empadronados residentes en Estados Unidos podr\u00e1n votar para elegir presidente de la Rep\u00fablica de","og:url":"https:\/\/soymigrante.com\/revista\/centros-de-votacion-para-migrantes-guatemaltecos-en-el-noreste-de-estados-unidos\/","og:image":"https:\/\/soymigrante.com\/revista\/wp-content\/uploads\/2023\/06\/voto-2-mujer.webp","og:image:secure_url":"https:\/\/soymigrante.com\/revista\/wp-content\/uploads\/2023\/06\/voto-2-mujer.webp","og:image:width":1188,"og:image:height":902,"article:published_time":"2023-08-14T16:47:12+00:00","article:modified_time":"2023-10-14T18:18:16+00:00","article:publisher":"https:\/\/www.facebook.com\/soymigrantecom","twitter:card":"summary_large_image","twitter:site":"@SoyMigrante_com","twitter:title":"NORESTE DE EE.UU: Centros de votaci\u00f3n para migrantes guatemaltecos.","twitter:description":"M\u00e1s de 90 mil guatemaltecos migrantes est\u00e1n empadronados para votar en segunda vuelta el 20 de agosto: esta es una gu\u00eda para localizar y visualizar la ruta a los tres centros de votaci\u00f3n en la circunscripci\u00f3n Noreste de EE.UU. Los guatemaltecos empadronados residentes en Estados Unidos podr\u00e1n votar para elegir presidente de la Rep\u00fablica de","twitter:creator":"@SoyMigrante_com","twitter:image":"https:\/\/soymigrante.com\/revista\/wp-content\/uploads\/2023\/06\/voto-2-mujer.webp"},"aioseo_meta_data":{"post_id":"1326","title":null,"description":null,"keywords":[],"keyphrases":{"focus":{"keyphrase":"guatemaltecos","score":80,"analysis":{"keyphraseInTitle":{"score":9,"maxScore":9,"error":0},"keyphraseInDescription":{"score":9,"maxScore":9,"error":0},"keyphraseLength":{"score":9,"maxScore":9,"error":0,"length":1},"keyphraseInURL":{"score":5,"maxScore":5,"error":0},"keyphraseInIntroduction":{"score":3,"maxScore":9,"error":1},"keyphraseInSubHeadings":{"score":3,"maxScore":9,"error":1},"keyphraseInImageAlt":[],"keywordDensity":{"type":"best","score":9,"maxScore":9,"error":0}}},"additional":[]},"primary_term":null,"canonical_url":null,"og_title":null,"og_description":null,"og_object_type":"default","og_image_type":"default","og_image_url":null,"og_image_width":null,"og_image_height":null,"og_image_custom_url":null,"og_image_custom_fields":null,"og_video":"","og_custom_url":null,"og_article_section":null,"og_article_tags":[],"twitter_use_og":false,"twitter_card":"default","twitter_image_type":"default","twitter_image_url":null,"twitter_image_custom_url":null,"twitter_image_custom_fields":null,"twitter_title":null,"twitter_description":null,"schema":{"blockGraphs":[],"customGraphs":[],"default":{"data":{"Article":[],"Course":[],"Dataset":[],"FAQPage":[],"Movie":[],"Person":[],"Product":[],"ProductReview":[],"Car":[],"Recipe":[],"Service":[],"SoftwareApplication":[],"WebPage":[]},"graphName":"BlogPosting","isEnabled":true},"graphs":[]},"schema_type":"default","schema_type_options":null,"pillar_content":false,"robots_default":true,"robots_noindex":false,"robots_noarchive":false,"robots_nosnippet":false,"robots_nofollow":false,"robots_noimageindex":false,"robots_noodp":false,"robots_notranslate":false,"robots_max_snippet":"-1","robots_max_videopreview":"-1","robots_max_imagepreview":"large","priority":null,"frequency":"default","local_seo":null,"seo_analyzer_scan_date":"2025-10-08 20:14:31","breadcrumb_settings":null,"limit_modified_date":false,"reviewed_by":null,"open_ai":null,"ai":null,"created":"2023-08-18 13:15:28","updated":"2026-02-04 09:30:13"},"aioseo_breadcrumb":"<div class=\"aioseo-breadcrumbs\"><span class=\"aioseo-breadcrumb\">\n\t<a href=\"https:\/\/soymigrante.com\/revista\" title=\"Home\">Home<\/a>\n<\/span><span class=\"aioseo-breadcrumb-separator\">\u00bb<\/span><span class=\"aioseo-breadcrumb\">\n\t<a href=\"https:\/\/soymigrante.com\/revista\/category\/estamos-unidos\/\" title=\"Estamos Unidos\">Estamos Unidos<\/a>\n<\/span><span class=\"aioseo-breadcrumb-separator\">\u00bb<\/span><span class=\"aioseo-breadcrumb\">\n\tNORESTE DE EE.UU: Centros de votaci\u00f3n  para migrantes guatemaltecos.\n<\/span><\/div>","aioseo_breadcrumb_json":[{"label":"Home","link":"https:\/\/soymigrante.com\/revista"},{"label":"Estamos Unidos","link":"https:\/\/soymigrante.com\/revista\/category\/estamos-unidos\/"},{"label":"NORESTE DE EE.UU: Centros de votaci\u00f3n  para migrantes guatemaltecos.","link":"https:\/\/soymigrante.com\/revista\/centros-de-votacion-para-migrantes-guatemaltecos-en-el-noreste-de-estados-unidos\/"}],"_links":{"self":[{"href":"https:\/\/soymigrante.com\/revista\/wp-json\/wp\/v2\/posts\/1326","targetHints":{"allow":["GET"]}}],"collection":[{"href":"https:\/\/soymigrante.com\/revista\/wp-json\/wp\/v2\/posts"}],"about":[{"href":"https:\/\/soymigrante.com\/revista\/wp-json\/wp\/v2\/types\/post"}],"author":[{"embeddable":true,"href":"https:\/\/soymigrante.com\/revista\/wp-json\/wp\/v2\/users\/1"}],"replies":[{"embeddable":true,"href":"https:\/\/soymigrante.com\/revista\/wp-json\/wp\/v2\/comments?post=1326"}],"version-history":[{"count":0,"href":"https:\/\/soymigrante.com\/revista\/wp-json\/wp\/v2\/posts\/1326\/revisions"}],"wp:featuredmedia":[{"embeddable":true,"href":"https:\/\/soymigrante.com\/revista\/wp-json\/wp\/v2\/media\/1322"}],"wp:attachment":[{"href":"https:\/\/soymigrante.com\/revista\/wp-json\/wp\/v2\/media?parent=1326"}],"wp:term":[{"taxonomy":"category","embeddable":true,"href":"https:\/\/soymigrante.com\/revista\/wp-json\/wp\/v2\/categories?post=1326"},{"taxonomy":"post_tag","embeddable":true,"href":"https:\/\/soymigrante.com\/revista\/wp-json\/wp\/v2\/tags?post=1326"}],"curies":[{"name":"wp","href":"https:\/\/api.w.org\/{rel}","templated":true}]}}