{"id":13242,"date":"2025-11-17T08:18:42","date_gmt":"2025-11-17T14:18:42","guid":{"rendered":"https:\/\/soymigrante.com\/revista\/?p=13242"},"modified":"2025-11-17T08:22:26","modified_gmt":"2025-11-17T14:22:26","slug":"el-26-de-noviembre-se-celebra-el-dia-de-los-garifunas-en-guatemala-para-honrar-su-dignidad-y-resiliencia","status":"publish","type":"post","link":"https:\/\/soymigrante.com\/revista\/el-26-de-noviembre-se-celebra-el-dia-de-los-garifunas-en-guatemala-para-honrar-su-dignidad-y-resiliencia\/","title":{"rendered":"El 26 de noviembre se celebra el d\u00eda de los gar\u00edfunas en Guatemala para honrar su dignidad y resiliencia"},"content":{"rendered":"\t\t<div data-elementor-type=\"wp-post\" data-elementor-id=\"13242\" class=\"elementor elementor-13242\" data-elementor-post-type=\"post\">\n\t\t\t\t<div data-particle_enable=\"false\" data-particle-mobile-disabled=\"false\" class=\"elementor-element elementor-element-3d0bb5f e-flex e-con-boxed e-con e-parent\" data-id=\"3d0bb5f\" data-element_type=\"container\" data-e-type=\"container\">\n\t\t\t\t\t<div class=\"e-con-inner\">\n\t\t\t\t<div class=\"elementor-element elementor-element-cda051a elementor-widget elementor-widget-heading\" data-id=\"cda051a\" data-element_type=\"widget\" data-e-type=\"widget\" data-widget_type=\"heading.default\">\n\t\t\t\t\t<h2 class=\"elementor-heading-title elementor-size-default\">La historia de los gar\u00edfunas en Guatemala es una lecci\u00f3n de valent\u00eda y perseverancia. Su lucha por la libertad y la preservaci\u00f3n de su cultura ha dejado una huella. \n<\/h2>\t\t\t\t<\/div>\n\t\t\t\t\t<\/div>\n\t\t\t\t<\/div>\n\t\t<div data-particle_enable=\"false\" data-particle-mobile-disabled=\"false\" class=\"elementor-element elementor-element-5217e94 e-flex e-con-boxed e-con e-parent\" data-id=\"5217e94\" data-element_type=\"container\" data-e-type=\"container\">\n\t\t\t\t\t<div class=\"e-con-inner\">\n\t\t\t\t<div class=\"elementor-element elementor-element-0be19b2 elementor-widget elementor-widget-text-editor\" data-id=\"0be19b2\" data-element_type=\"widget\" data-e-type=\"widget\" data-widget_type=\"text-editor.default\">\n\t\t\t\t\t\t\t\t\t<p>La historia de los gar\u00edfunas en Guatemala es un testimonio de resistencia, libertad y riqueza cultural. Originarios del Caribe, los gar\u00edfunas han mantenido, a lo largo de los siglos, sus tradiciones, idioma y autonom\u00eda, a pesar de los desaf\u00edos que enfrentaron al llegar a Centroam\u00e9rica.<\/p><p>La palabra adecuada, en su propio idioma, para definir el colectivo es Gar\u00ednagu. Gar\u00edfuna es el singular, una sola persona, pero se ha convertido en el t\u00e9rmino m\u00e1s popular: en todo caso, lo m\u00e1s importante es la riqueza cultural que evocan.<\/p><p><a href=\"https:\/\/soymigrante-com.translate.goog\/revista\/category\/guate-nuestra\/?_x_tr_sl=es&amp;_x_tr_tl=en&amp;_x_tr_hl=en&amp;_x_tr_pto=sc\" target=\"_blank\" rel=\"noopener\">Hoy en d\u00eda, sus comunidades, especialmente en el \u00e1rea de Livingston (La Buga, en idioma gar\u00edfuna), en Izabal<\/a>, son s\u00edmbolo de diversidad y orgullo en la historia guatemalteca.<\/p>\t\t\t\t\t\t\t\t<\/div>\n\t\t\t\t\t<\/div>\n\t\t\t\t<\/div>\n\t\t<div data-particle_enable=\"false\" data-particle-mobile-disabled=\"false\" class=\"elementor-element elementor-element-23685cb e-flex e-con-boxed e-con e-parent\" data-id=\"23685cb\" data-element_type=\"container\" data-e-type=\"container\">\n\t\t\t\t\t<div class=\"e-con-inner\">\n\t\t\t\t<div class=\"elementor-element elementor-element-adfb9b8 elementor-widget elementor-widget-image\" data-id=\"adfb9b8\" data-element_type=\"widget\" data-e-type=\"widget\" data-widget_type=\"image.default\">\n\t\t\t\t\t\t\t\t\t\t\t\t<figure class=\"wp-caption\">\n\t\t\t\t\t\t\t\t\t\t<img fetchpriority=\"high\" decoding=\"async\" width=\"660\" height=\"660\" src=\"https:\/\/soymigrante.com\/revista\/wp-content\/uploads\/2024\/11\/garifunas-guatemala.webp\" class=\"attachment-large size-large wp-image-13609\" alt=\"Peregrinaci\u00f3n por la justicia en Guatemala con banderas y retratos, promoviendo derechos y solidaridad en comunidad migrante.\" srcset=\"https:\/\/soymigrante.com\/revista\/wp-content\/uploads\/2024\/11\/garifunas-guatemala.webp 660w, https:\/\/soymigrante.com\/revista\/wp-content\/uploads\/2024\/11\/garifunas-guatemala-300x300.jpg 300w, https:\/\/soymigrante.com\/revista\/wp-content\/uploads\/2024\/11\/garifunas-guatemala-150x150.jpg 150w, https:\/\/soymigrante.com\/revista\/wp-content\/uploads\/2024\/11\/garifunas-guatemala-75x75.webp 75w\" sizes=\"(max-width: 660px) 100vw, 660px\" title=\"Por m\u00e1s de 200 a\u00f1os, los gar\u00edfunas guatemaltecos  han preservado sus tradiciones, costumbres, gastronom\u00eda y danzas como homenaje al anhelo de libertad de sus antepasados. (Fotograf\u00eda Marco Ortiz) \u2013 SoyMigrante.com REVISTA\" \/>\t\t\t\t\t\t\t\t\t\t\t<figcaption class=\"widget-image-caption wp-caption-text\">Manifestaci\u00f3n en Guatemala con banderas y retrato, centrada en lucha social y derechos comunitarios.<\/figcaption>\n\t\t\t\t\t\t\t\t\t\t<\/figure>\n\t\t\t\t\t\t\t\t\t<\/div>\n\t\t\t\t\t<\/div>\n\t\t\t\t<\/div>\n\t\t<div data-particle_enable=\"false\" data-particle-mobile-disabled=\"false\" class=\"elementor-element elementor-element-9cebd18 e-flex e-con-boxed e-con e-parent\" data-id=\"9cebd18\" data-element_type=\"container\" data-e-type=\"container\">\n\t\t\t\t\t<div class=\"e-con-inner\">\n\t\t\t\t<div class=\"elementor-element elementor-element-94ed980 elementor-widget elementor-widget-heading\" data-id=\"94ed980\" data-element_type=\"widget\" data-e-type=\"widget\" data-widget_type=\"heading.default\">\n\t\t\t\t\t<h3 class=\"elementor-heading-title elementor-size-default\">Or\u00edgenes: El encuentro en San Vicente<\/h3>\t\t\t\t<\/div>\n\t\t\t\t\t<\/div>\n\t\t\t\t<\/div>\n\t\t<div data-particle_enable=\"false\" data-particle-mobile-disabled=\"false\" class=\"elementor-element elementor-element-2c10c24 e-flex e-con-boxed e-con e-parent\" data-id=\"2c10c24\" data-element_type=\"container\" data-e-type=\"container\">\n\t\t\t\t\t<div class=\"e-con-inner\">\n\t\t\t\t<div class=\"elementor-element elementor-element-bfbe460 elementor-widget elementor-widget-text-editor\" data-id=\"bfbe460\" data-element_type=\"widget\" data-e-type=\"widget\" data-widget_type=\"text-editor.default\">\n\t\t\t\t\t\t\t\t\t<p>Los gar\u00edfunas son descendientes de africanos esclavizados que llegaron al Caribe y que, en la isla de San Vicente, se mezclaron con los pueblos ind\u00edgenas caribes.<\/p><p>A lo largo del siglo XVII, San Vicente se convirti\u00f3 en un refugio para africanos que lograron escapar de la esclavitud y convivieron con las comunidades locales. <a href=\"https:\/\/soymigrante-com.translate.goog\/revista\/category\/guate-nuestra\/?_x_tr_sl=es&amp;_x_tr_tl=en&amp;_x_tr_hl=en&amp;_x_tr_pto=sc\" target=\"_blank\" rel=\"noopener\">Este grupo mixto adopt\u00f3 el nombre de \u201cgar\u00edfuna\u201d,<\/a> que significa \u201cgente que comemos yuca\u201d en su idioma.<\/p>\t\t\t\t\t\t\t\t<\/div>\n\t\t\t\t\t<\/div>\n\t\t\t\t<\/div>\n\t\t<div data-particle_enable=\"false\" data-particle-mobile-disabled=\"false\" class=\"elementor-element elementor-element-4c10938 e-flex e-con-boxed e-con e-parent\" data-id=\"4c10938\" data-element_type=\"container\" data-e-type=\"container\">\n\t\t\t\t\t<div class=\"e-con-inner\">\n\t\t\t\t<div class=\"elementor-element elementor-element-453a86a elementor-widget elementor-widget-video\" data-id=\"453a86a\" data-element_type=\"widget\" data-e-type=\"widget\" data-settings=\"{&quot;youtube_url&quot;:&quot;https:\\\/\\\/www.youtube.com\\\/watch?v=6N3NU1dGUrk&quot;,&quot;video_type&quot;:&quot;youtube&quot;,&quot;controls&quot;:&quot;yes&quot;}\" data-widget_type=\"video.default\">\n\t\t\t\t\t\t\t<div class=\"elementor-wrapper elementor-open-inline\">\n\t\t\t<div class=\"elementor-video\"><\/div>\t\t<\/div>\n\t\t\t\t\t\t<\/div>\n\t\t\t\t\t<\/div>\n\t\t\t\t<\/div>\n\t\t<div data-particle_enable=\"false\" data-particle-mobile-disabled=\"false\" class=\"elementor-element elementor-element-039e652 e-flex e-con-boxed e-con e-parent\" data-id=\"039e652\" data-element_type=\"container\" data-e-type=\"container\">\n\t\t\t\t\t<div class=\"e-con-inner\">\n\t\t\t\t<div class=\"elementor-element elementor-element-e3b3d6b elementor-widget elementor-widget-heading\" data-id=\"e3b3d6b\" data-element_type=\"widget\" data-e-type=\"widget\" data-widget_type=\"heading.default\">\n\t\t\t\t\t<h3 class=\"elementor-heading-title elementor-size-default\">Expulsi\u00f3n de San Vicente<\/h3>\t\t\t\t<\/div>\n\t\t\t\t\t<\/div>\n\t\t\t\t<\/div>\n\t\t<div data-particle_enable=\"false\" data-particle-mobile-disabled=\"false\" class=\"elementor-element elementor-element-f5b2562 e-flex e-con-boxed e-con e-parent\" data-id=\"f5b2562\" data-element_type=\"container\" data-e-type=\"container\">\n\t\t\t\t\t<div class=\"e-con-inner\">\n\t\t\t\t<div class=\"elementor-element elementor-element-9bfb951 elementor-widget elementor-widget-text-editor\" data-id=\"9bfb951\" data-element_type=\"widget\" data-e-type=\"widget\" data-widget_type=\"text-editor.default\">\n\t\t\t\t\t\t\t\t\t<p>En el siglo XVIII, la isla de San Vicente fue disputada por franceses e ingleses, quienes buscaban el control de la regi\u00f3n. En 1797, tras la derrota de los gar\u00edfunas y los caribes negros en una serie de conflictos con las fuerzas coloniales brit\u00e1nicas, los ingleses decidieron expulsarlos de San Vicente.<\/p><p>Cientos de gar\u00edfunas fueron deportados a la isla de Roat\u00e1n, en Honduras. Desde all\u00ed, muchos migraron hacia otras zonas de Centroam\u00e9rica, buscando mejores condiciones de vida y<a href=\"https:\/\/soymigrante-com.translate.goog\/revista\/category\/guate-nuestra\/?_x_tr_sl=es&amp;_x_tr_tl=en&amp;_x_tr_hl=en&amp;_x_tr_pto=sc\" target=\"_blank\" rel=\"noopener\"> asent\u00e1ndose en las costas de Honduras, Belice, Nicaragua y Guatemala.<\/a><\/p>\t\t\t\t\t\t\t\t<\/div>\n\t\t\t\t\t<\/div>\n\t\t\t\t<\/div>\n\t\t<div data-particle_enable=\"false\" data-particle-mobile-disabled=\"false\" class=\"elementor-element elementor-element-ffedea8 e-flex e-con-boxed e-con e-parent\" data-id=\"ffedea8\" data-element_type=\"container\" data-e-type=\"container\">\n\t\t\t\t\t<div class=\"e-con-inner\">\n\t\t\t\t<div class=\"elementor-element elementor-element-5bdbc96 elementor-grid-eael-col-1 elementor-grid-tablet-eael-col-2 elementor-grid-mobile-eael-col-1 elementor-widget elementor-widget-eael-post-grid\" data-id=\"5bdbc96\" data-element_type=\"widget\" data-e-type=\"widget\" data-settings=\"{&quot;eael_post_grid_columns&quot;:&quot;eael-col-1&quot;,&quot;eael_post_grid_columns_tablet&quot;:&quot;eael-col-2&quot;,&quot;eael_post_grid_columns_mobile&quot;:&quot;eael-col-1&quot;}\" data-widget_type=\"eael-post-grid.default\">\n\t\t\t\t\t<div id=\"eael-post-grid-5bdbc96\" class=\"eael-post-grid-container\">\n            <div class=\"eael-post-grid eael-post-appender eael-post-appender-5bdbc96 eael-post-grid-style-one\" data-layout-mode=\"masonry\"><article class=\"eael-grid-post  eael-post-grid-column eael-pg-post-48123 category-estamos-unidos\" data-id=\"48123\">\n        <div class=\"eael-grid-post-holder\">\n            <div class=\"eael-grid-post-holder-inner\"><div class=\"eael-entry-media\"><div class=\"eael-entry-overlay fade-in\"><i class=\"far fa-hand-pointer\" aria-hidden=\"true\"><\/i><a href=\"https:\/\/soymigrante.com\/revista\/garifunas-en-ny-lanzan-documental-yurumein-filmado-en-livingston-izabal\/\"><\/a><\/div><div class=\"eael-entry-thumbnail eael-image-ratio\">\n                <img decoding=\"async\" width=\"1140\" height=\"497\" src=\"https:\/\/soymigrante.com\/revista\/wp-content\/uploads\/2025\/11\/yurumein-fiesta-garifuna-1140x497.png\" class=\"attachment-large size-large wp-image-48125\" alt=\"ste documental Gar\u00edfuna titulado Yurumein narra la historia del pueblo Gar\u00edfuna desde su exilio en San Vicente hasta su llegada a Livingston, Guatemala. Aprende sobre la cultura Gar\u00edfuna, su m\u00fasica, su lengua y su legado. Descubre c\u00f3mo los Gar\u00edfunas de Guatemala llegaron a las islas del Caribe, fueron expulsados de San Vicente y lograron sobrevivir, adaptarse y mantener viva su identidad. Este documental es una celebraci\u00f3n de su cultura, m\u00fasica, gastronom\u00eda y tradiciones \u2014 una historia de resistencia, orgullo y esperanza que sigue inspirando al mundo. \ud83c\udf0d\" srcset=\"https:\/\/soymigrante.com\/revista\/wp-content\/uploads\/2025\/11\/yurumein-fiesta-garifuna-1140x497.png 1140w, https:\/\/soymigrante.com\/revista\/wp-content\/uploads\/2025\/11\/yurumein-fiesta-garifuna-300x131.png 300w, https:\/\/soymigrante.com\/revista\/wp-content\/uploads\/2025\/11\/yurumein-fiesta-garifuna-768x335.png 768w, https:\/\/soymigrante.com\/revista\/wp-content\/uploads\/2025\/11\/yurumein-fiesta-garifuna-750x327.png 750w, https:\/\/soymigrante.com\/revista\/wp-content\/uploads\/2025\/11\/yurumein-fiesta-garifuna.png 1332w\" sizes=\"(max-width: 1140px) 100vw, 1140px\" \/>\n            <\/div>\n        <\/div><div class=\"eael-entry-wrapper\"><header class=\"eael-entry-header\"><h2 class=\"eael-entry-title\"><a class=\"eael-grid-post-link\" href=\"https:\/\/soymigrante.com\/revista\/garifunas-en-ny-lanzan-documental-yurumein-filmado-en-livingston-izabal\/\" title=\"Gar\u00edfunas Arnold Ciego y Gilroy Alvarez en NY lanzan documental Yurumein filmado en L\u00edvingston, Izabal\">Gar\u00edfunas Arnold Ciego y Gilroy Alvarez en NY lanzan documental Yurumein filmado en L\u00edvingston, Izabal<\/a><\/h2><\/header><div class=\"eael-entry-content\">\n                        <div class=\"eael-grid-post-excerpt\"><a href=\"https:\/\/soymigrante.com\/revista\/garifunas-en-ny-lanzan-documental-yurumein-filmado-en-livingston-izabal\/\" class=\"eael-post-elements-readmore-btn\">CONOCE SU HISTORIA <\/a><\/div>\n                    <\/div><\/div><\/div>\n        <\/div>\n    <\/article><\/div>\n            <div class=\"clearfix\"><\/div>\n        <\/div>\t\t\t\t<\/div>\n\t\t\t\t\t<\/div>\n\t\t\t\t<\/div>\n\t\t<div data-particle_enable=\"false\" data-particle-mobile-disabled=\"false\" class=\"elementor-element elementor-element-eb74810 e-flex e-con-boxed e-con e-parent\" data-id=\"eb74810\" data-element_type=\"container\" data-e-type=\"container\">\n\t\t\t\t\t<div class=\"e-con-inner\">\n\t\t\t\t<div class=\"elementor-element elementor-element-0b8a4cf elementor-widget elementor-widget-heading\" data-id=\"0b8a4cf\" data-element_type=\"widget\" data-e-type=\"widget\" data-widget_type=\"heading.default\">\n\t\t\t\t\t<h3 class=\"elementor-heading-title elementor-size-default\">Llegada a Guatemala<\/h3>\t\t\t\t<\/div>\n\t\t\t\t\t<\/div>\n\t\t\t\t<\/div>\n\t\t<div data-particle_enable=\"false\" data-particle-mobile-disabled=\"false\" class=\"elementor-element elementor-element-07ca01c e-flex e-con-boxed e-con e-parent\" data-id=\"07ca01c\" data-element_type=\"container\" data-e-type=\"container\">\n\t\t\t\t\t<div class=\"e-con-inner\">\n\t\t\t\t<div class=\"elementor-element elementor-element-c05f119 elementor-widget elementor-widget-text-editor\" data-id=\"c05f119\" data-element_type=\"widget\" data-e-type=\"widget\" data-widget_type=\"text-editor.default\">\n\t\t\t\t\t\t\t\t\t<p>La comunidad gar\u00edfuna lleg\u00f3 a Guatemala a inicios del siglo XIX, posiblemente en 1802, asent\u00e1ndose en Livingston, Izabal, una regi\u00f3n cercana al r\u00edo Dulce y con acceso directo al Caribe. Livingston se convirti\u00f3 en su hogar y principal centro cultural en Guatemala. <br \/><a href=\"https:\/\/soymigrante-com.translate.goog\/revista\/category\/guate-nuestra\/?_x_tr_sl=es&amp;_x_tr_tl=en&amp;_x_tr_hl=en&amp;_x_tr_pto=sc\" target=\"_blank\" rel=\"noopener\">Este lugar, al estar relativamente aislado del resto del pa\u00eds, permiti\u00f3 a los gar\u00edfunas mantener sus costumbres, idioma (el gar\u00edfuna), y tradiciones<\/a>, sin la interferencia de procesos de asimilaci\u00f3n impuestos por la sociedad dominante.<\/p>\t\t\t\t\t\t\t\t<\/div>\n\t\t\t\t\t<\/div>\n\t\t\t\t<\/div>\n\t\t<div data-particle_enable=\"false\" data-particle-mobile-disabled=\"false\" class=\"elementor-element elementor-element-7ffe0f6 e-flex e-con-boxed e-con e-parent\" data-id=\"7ffe0f6\" data-element_type=\"container\" data-e-type=\"container\">\n\t\t\t\t\t<div class=\"e-con-inner\">\n\t\t\t\t<div class=\"elementor-element elementor-element-aa4014b elementor-widget elementor-widget-video\" data-id=\"aa4014b\" data-element_type=\"widget\" data-e-type=\"widget\" data-settings=\"{&quot;youtube_url&quot;:&quot;https:\\\/\\\/www.youtube.com\\\/watch?v=pt-neFLccEs&quot;,&quot;start&quot;:26,&quot;video_type&quot;:&quot;youtube&quot;,&quot;controls&quot;:&quot;yes&quot;}\" data-widget_type=\"video.default\">\n\t\t\t\t\t\t\t<div class=\"elementor-wrapper elementor-open-inline\">\n\t\t\t<div class=\"elementor-video\"><\/div>\t\t<\/div>\n\t\t\t\t\t\t<\/div>\n\t\t\t\t\t<\/div>\n\t\t\t\t<\/div>\n\t\t<div data-particle_enable=\"false\" data-particle-mobile-disabled=\"false\" class=\"elementor-element elementor-element-f0461c6 e-flex e-con-boxed e-con e-parent\" data-id=\"f0461c6\" data-element_type=\"container\" data-e-type=\"container\">\n\t\t\t\t\t<div class=\"e-con-inner\">\n\t\t\t\t<div class=\"elementor-element elementor-element-546992c elementor-widget elementor-widget-heading\" data-id=\"546992c\" data-element_type=\"widget\" data-e-type=\"widget\" data-widget_type=\"heading.default\">\n\t\t\t\t\t<h3 class=\"elementor-heading-title elementor-size-default\">Un pueblo libre <\/h3>\t\t\t\t<\/div>\n\t\t\t\t\t<\/div>\n\t\t\t\t<\/div>\n\t\t<div data-particle_enable=\"false\" data-particle-mobile-disabled=\"false\" class=\"elementor-element elementor-element-ad98ca3 e-flex e-con-boxed e-con e-parent\" data-id=\"ad98ca3\" data-element_type=\"container\" data-e-type=\"container\">\n\t\t\t\t\t<div class=\"e-con-inner\">\n\t\t\t\t<div class=\"elementor-element elementor-element-045110b elementor-widget elementor-widget-text-editor\" data-id=\"045110b\" data-element_type=\"widget\" data-e-type=\"widget\" data-widget_type=\"text-editor.default\">\n\t\t\t\t\t\t\t\t\t<p>Los gar\u00edfunas han mantenido su libertad y autonom\u00eda a lo largo de los siglos. Su resiliencia les permiti\u00f3 resistir la opresi\u00f3n colonial y conservar su cultura y sus formas de organizaci\u00f3n social.<\/p><p>A diferencia de otros grupos afrodescendientes en Am\u00e9rica Latina, <a href=\"https:\/\/soymigrante-com.translate.goog\/revista\/category\/guate-nuestra\/?_x_tr_sl=es&amp;_x_tr_tl=en&amp;_x_tr_hl=en&amp;_x_tr_pto=sc\" target=\"_blank\" rel=\"noopener\">los gar\u00edfunas nunca fueron esclavizados en Centroam\u00e9rica<\/a>. Esto los ha hecho un grupo orgulloso de su identidad y libres en el sentido pleno de la palabra.<\/p>\t\t\t\t\t\t\t\t<\/div>\n\t\t\t\t\t<\/div>\n\t\t\t\t<\/div>\n\t\t<div data-particle_enable=\"false\" data-particle-mobile-disabled=\"false\" class=\"elementor-element elementor-element-4a897b5 e-flex e-con-boxed e-con e-parent\" data-id=\"4a897b5\" data-element_type=\"container\" data-e-type=\"container\">\n\t\t\t\t\t<div class=\"e-con-inner\">\n\t\t\t\t<div class=\"elementor-element elementor-element-1b66e32 elementor-grid-eael-col-1 elementor-grid-tablet-eael-col-2 elementor-grid-mobile-eael-col-1 elementor-widget elementor-widget-eael-post-grid\" data-id=\"1b66e32\" data-element_type=\"widget\" data-e-type=\"widget\" data-settings=\"{&quot;eael_post_grid_columns&quot;:&quot;eael-col-1&quot;,&quot;eael_post_grid_columns_tablet&quot;:&quot;eael-col-2&quot;,&quot;eael_post_grid_columns_mobile&quot;:&quot;eael-col-1&quot;}\" data-widget_type=\"eael-post-grid.default\">\n\t\t\t\t\t<div id=\"eael-post-grid-1b66e32\" class=\"eael-post-grid-container\">\n            <div class=\"eael-post-grid eael-post-appender eael-post-appender-1b66e32 eael-post-grid-style-one\" data-layout-mode=\"masonry\"><article class=\"eael-grid-post  eael-post-grid-column eael-pg-post-8709 category-pueblos-de-guatemala\" data-id=\"8709\">\n        <div class=\"eael-grid-post-holder\">\n            <div class=\"eael-grid-post-holder-inner\"><div class=\"eael-entry-media\"><div class=\"eael-entry-overlay fade-in\"><i class=\"far fa-hand-pointer\" aria-hidden=\"true\"><\/i><a href=\"https:\/\/soymigrante.com\/revista\/pueblo-garinagu-garifuna-lleva-mas-de-dos-siglos-en-guatemala\/\"><\/a><\/div><div class=\"eael-entry-thumbnail \">\n                <img decoding=\"async\" width=\"664\" height=\"664\" src=\"https:\/\/soymigrante.com\/revista\/wp-content\/uploads\/2024\/09\/garifuna-garinagu.webp\" class=\"attachment-large size-large wp-image-8710\" alt=\"Trabajador migrante en manifestaci\u00f3n, derechos laborales, emigrantes, igualdad social, protesta migrante.\" srcset=\"https:\/\/soymigrante.com\/revista\/wp-content\/uploads\/2024\/09\/garifuna-garinagu.webp 664w, https:\/\/soymigrante.com\/revista\/wp-content\/uploads\/2024\/09\/garifuna-garinagu-300x300.webp 300w, https:\/\/soymigrante.com\/revista\/wp-content\/uploads\/2024\/09\/garifuna-garinagu-150x150.webp 150w, https:\/\/soymigrante.com\/revista\/wp-content\/uploads\/2024\/09\/garifuna-garinagu-75x75.webp 75w\" sizes=\"(max-width: 664px) 100vw, 664px\" \/>\n            <\/div>\n        <\/div><div class=\"eael-entry-wrapper\"><header class=\"eael-entry-header\"><h2 class=\"eael-entry-title\"><a class=\"eael-grid-post-link\" href=\"https:\/\/soymigrante.com\/revista\/pueblo-garinagu-garifuna-lleva-mas-de-dos-siglos-en-guatemala\/\" title=\"Pueblo Gar\u00ednagu (Gar\u00edfuna) lleva m\u00e1s de 200 a\u00f1os en Guatemala y el 26 noviembre es su d\u00eda\">Pueblo Gar\u00ednagu (Gar\u00edfuna) lleva m\u00e1s de 200 a\u00f1os en Guatemala y el 26 noviembre es su d\u00eda<\/a><\/h2><\/header><div class=\"eael-entry-content\">\n                        <div class=\"eael-grid-post-excerpt\"><a href=\"https:\/\/soymigrante.com\/revista\/pueblo-garinagu-garifuna-lleva-mas-de-dos-siglos-en-guatemala\/\" class=\"eael-post-elements-readmore-btn\">CONOCE SU HISTORIA <\/a><\/div>\n                    <\/div><\/div><\/div>\n        <\/div>\n    <\/article><\/div>\n            <div class=\"clearfix\"><\/div>\n        <\/div>\t\t\t\t<\/div>\n\t\t\t\t\t<\/div>\n\t\t\t\t<\/div>\n\t\t<div data-particle_enable=\"false\" data-particle-mobile-disabled=\"false\" class=\"elementor-element elementor-element-59d37fe e-flex e-con-boxed e-con e-parent\" data-id=\"59d37fe\" data-element_type=\"container\" data-e-type=\"container\">\n\t\t\t\t\t<div class=\"e-con-inner\">\n\t\t\t\t<div class=\"elementor-element elementor-element-bbc5e5c elementor-widget elementor-widget-heading\" data-id=\"bbc5e5c\" data-element_type=\"widget\" data-e-type=\"widget\" data-widget_type=\"heading.default\">\n\t\t\t\t\t<h3 class=\"elementor-heading-title elementor-size-default\">Cultura y tradiciones en Guatemala<\/h3>\t\t\t\t<\/div>\n\t\t\t\t\t<\/div>\n\t\t\t\t<\/div>\n\t\t<div data-particle_enable=\"false\" data-particle-mobile-disabled=\"false\" class=\"elementor-element elementor-element-f971803 e-flex e-con-boxed e-con e-parent\" data-id=\"f971803\" data-element_type=\"container\" data-e-type=\"container\">\n\t\t\t\t\t<div class=\"e-con-inner\">\n\t\t\t\t<div class=\"elementor-element elementor-element-70401c6 elementor-widget elementor-widget-text-editor\" data-id=\"70401c6\" data-element_type=\"widget\" data-e-type=\"widget\" data-widget_type=\"text-editor.default\">\n\t\t\t\t\t\t\t\t\t<p><a href=\"https:\/\/soymigrante-com.translate.goog\/revista\/category\/guate-nuestra\/?_x_tr_sl=es&amp;_x_tr_tl=en&amp;_x_tr_hl=en&amp;_x_tr_pto=sc\" target=\"_blank\" rel=\"noopener\">Hoy en d\u00eda, los gar\u00edfunas son conocidos por sus ricas tradiciones,<\/a> que incluyen la m\u00fasica punta, una expresi\u00f3n r\u00edtmica que es parte central de su identidad cultural, y sus rituales espirituales, en los que honran a sus ancestros.<\/p><p>La gastronom\u00eda gar\u00edfuna, con platos como el tapado (un guiso de mariscos y coco), tambi\u00e9n es un rasgo distintivo que ha ganado reconocimiento en Guatemala.<\/p>\t\t\t\t\t\t\t\t<\/div>\n\t\t\t\t\t<\/div>\n\t\t\t\t<\/div>\n\t\t<div data-particle_enable=\"false\" data-particle-mobile-disabled=\"false\" class=\"elementor-element elementor-element-900853f e-flex e-con-boxed e-con e-parent\" data-id=\"900853f\" data-element_type=\"container\" data-e-type=\"container\">\n\t\t\t\t\t<div class=\"e-con-inner\">\n\t\t\t\t<div class=\"elementor-element elementor-element-a3ee6fe elementor-widget elementor-widget-video\" data-id=\"a3ee6fe\" data-element_type=\"widget\" data-e-type=\"widget\" data-settings=\"{&quot;youtube_url&quot;:&quot;https:\\\/\\\/www.youtube.com\\\/watch?v=cHrFd5Zwd5Y&amp;t=349s&quot;,&quot;video_type&quot;:&quot;youtube&quot;,&quot;controls&quot;:&quot;yes&quot;}\" data-widget_type=\"video.default\">\n\t\t\t\t\t\t\t<div class=\"elementor-wrapper elementor-open-inline\">\n\t\t\t<div class=\"elementor-video\"><\/div>\t\t<\/div>\n\t\t\t\t\t\t<\/div>\n\t\t\t\t\t<\/div>\n\t\t\t\t<\/div>\n\t\t<div data-particle_enable=\"false\" data-particle-mobile-disabled=\"false\" class=\"elementor-element elementor-element-3dd0dd6 e-flex e-con-boxed e-con e-parent\" data-id=\"3dd0dd6\" data-element_type=\"container\" data-e-type=\"container\">\n\t\t\t\t\t<div class=\"e-con-inner\">\n\t\t\t\t<div class=\"elementor-element elementor-element-b9d0d3e elementor-widget elementor-widget-heading\" data-id=\"b9d0d3e\" data-element_type=\"widget\" data-e-type=\"widget\" data-widget_type=\"heading.default\">\n\t\t\t\t\t<h3 class=\"elementor-heading-title elementor-size-default\">Desaf\u00edos actuales y resiliencia<\/h3>\t\t\t\t<\/div>\n\t\t\t\t\t<\/div>\n\t\t\t\t<\/div>\n\t\t<div data-particle_enable=\"false\" data-particle-mobile-disabled=\"false\" class=\"elementor-element elementor-element-c1dacc8 e-flex e-con-boxed e-con e-parent\" data-id=\"c1dacc8\" data-element_type=\"container\" data-e-type=\"container\">\n\t\t\t\t\t<div class=\"e-con-inner\">\n\t\t\t\t<div class=\"elementor-element elementor-element-d2525b5 elementor-widget elementor-widget-text-editor\" data-id=\"d2525b5\" data-element_type=\"widget\" data-e-type=\"widget\" data-widget_type=\"text-editor.default\">\n\t\t\t\t\t\t\t\t\t<p>A pesar de su rica herencia y legado, las comunidades gar\u00edfunas en Guatemala enfrentan desaf\u00edos econ\u00f3micos, educativos y de acceso a servicios b\u00e1sicos. Aun as\u00ed, mantienen un fuerte sentido de identidad, comunidad y libertad, luchando por el respeto a sus derechos territoriales y culturales.<\/p><p>Desde Livingston,<a href=\"https:\/\/soymigrante-com.translate.goog\/revista\/category\/guate-nuestra\/?_x_tr_sl=es&amp;_x_tr_tl=en&amp;_x_tr_hl=en&amp;_x_tr_pto=sc\" target=\"_blank\" rel=\"noopener\"> los gar\u00edfunas nos ense\u00f1an cada d\u00eda el valor de la diversidad, el orgullo cultural y la importancia de la libertad.<\/a><\/p>\t\t\t\t\t\t\t\t<\/div>\n\t\t\t\t\t<\/div>\n\t\t\t\t<\/div>\n\t\t<div data-particle_enable=\"false\" data-particle-mobile-disabled=\"false\" class=\"elementor-element elementor-element-2cee85a e-flex e-con-boxed e-con e-parent\" data-id=\"2cee85a\" data-element_type=\"container\" data-e-type=\"container\">\n\t\t\t\t\t<div class=\"e-con-inner\">\n\t\t\t\t<div class=\"elementor-element elementor-element-6e605b3 elementor-grid-eael-col-1 elementor-grid-tablet-eael-col-2 elementor-grid-mobile-eael-col-1 elementor-widget elementor-widget-eael-post-grid\" data-id=\"6e605b3\" data-element_type=\"widget\" data-e-type=\"widget\" data-settings=\"{&quot;eael_post_grid_columns&quot;:&quot;eael-col-1&quot;,&quot;eael_post_grid_columns_tablet&quot;:&quot;eael-col-2&quot;,&quot;eael_post_grid_columns_mobile&quot;:&quot;eael-col-1&quot;}\" data-widget_type=\"eael-post-grid.default\">\n\t\t\t\t\t<div id=\"eael-post-grid-6e605b3\" class=\"eael-post-grid-container\">\n            <div class=\"eael-post-grid eael-post-appender eael-post-appender-6e605b3 eael-post-grid-style-one\" data-layout-mode=\"masonry\"><article class=\"eael-grid-post  eael-post-grid-column eael-pg-post-2581 category-guate-nuestra tags-danzas-de-guatemala\" data-id=\"2581\">\n        <div class=\"eael-grid-post-holder\">\n            <div class=\"eael-grid-post-holder-inner\"><div class=\"eael-entry-media\"><div class=\"eael-entry-overlay fade-in\"><i class=\"far fa-hand-pointer\" aria-hidden=\"true\"><\/i><a href=\"https:\/\/soymigrante.com\/revista\/guatemala-danza-yancunu-es-un-baile-garifuna-que-evoca-a-un-pueblo-migrante-en-lucha-por-su-libertad\/\"><\/a><\/div><div class=\"eael-entry-thumbnail \">\n                <img loading=\"lazy\" decoding=\"async\" width=\"960\" height=\"540\" src=\"https:\/\/soymigrante.com\/revista\/wp-content\/uploads\/2023\/09\/yancunu-en-el-bronx-2020.jpg\" class=\"attachment-large size-large wp-image-2583\" alt=\"Baile de Yancun\u00fa o Wuaranagu\u00e1, en un parque de el barrio de el Bronx, Nueva York, efectuado en 2020.\" srcset=\"https:\/\/soymigrante.com\/revista\/wp-content\/uploads\/2023\/09\/yancunu-en-el-bronx-2020.jpg 960w, https:\/\/soymigrante.com\/revista\/wp-content\/uploads\/2023\/09\/yancunu-en-el-bronx-2020-300x169.webp 300w, https:\/\/soymigrante.com\/revista\/wp-content\/uploads\/2023\/09\/yancunu-en-el-bronx-2020-768x432.webp 768w, https:\/\/soymigrante.com\/revista\/wp-content\/uploads\/2023\/09\/yancunu-en-el-bronx-2020-750x422.webp 750w\" sizes=\"(max-width: 960px) 100vw, 960px\" \/>\n            <\/div>\n        <\/div><div class=\"eael-entry-wrapper\"><header class=\"eael-entry-header\"><h2 class=\"eael-entry-title\"><a class=\"eael-grid-post-link\" href=\"https:\/\/soymigrante.com\/revista\/guatemala-danza-yancunu-es-un-baile-garifuna-que-evoca-a-un-pueblo-migrante-en-lucha-por-su-libertad\/\" title=\"Danzas de Guatemala: Yancun\u00fa es un baile gar\u00edfuna para expresar libertad\">Danzas de Guatemala: Yancun\u00fa es un baile gar\u00edfuna para expresar libertad<\/a><\/h2><\/header><div class=\"eael-entry-content\">\n                        <div class=\"eael-grid-post-excerpt\"><a href=\"https:\/\/soymigrante.com\/revista\/guatemala-danza-yancunu-es-un-baile-garifuna-que-evoca-a-un-pueblo-migrante-en-lucha-por-su-libertad\/\" class=\"eael-post-elements-readmore-btn\">CONOCE SU HISTORIA <\/a><\/div>\n                    <\/div><\/div><\/div>\n        <\/div>\n    <\/article><\/div>\n            <div class=\"clearfix\"><\/div>\n        <\/div>\t\t\t\t<\/div>\n\t\t\t\t\t<\/div>\n\t\t\t\t<\/div>\n\t\t<div data-particle_enable=\"false\" data-particle-mobile-disabled=\"false\" class=\"elementor-element elementor-element-90acda5 e-flex e-con-boxed e-con e-parent\" data-id=\"90acda5\" data-element_type=\"container\" data-e-type=\"container\">\n\t\t\t\t\t<div class=\"e-con-inner\">\n\t\t\t\t<div class=\"elementor-element elementor-element-7e8f117 elementor-widget elementor-widget-heading\" data-id=\"7e8f117\" data-element_type=\"widget\" data-e-type=\"widget\" data-widget_type=\"heading.default\">\n\t\t\t\t\t<h2 class=\"elementor-heading-title elementor-size-default\">Migrantes gar\u00edfunas guatemaltecos en EE.UU. buscan la excelencia<\/h2>\t\t\t\t<\/div>\n\t\t\t\t\t<\/div>\n\t\t\t\t<\/div>\n\t\t<div data-particle_enable=\"false\" data-particle-mobile-disabled=\"false\" class=\"elementor-element elementor-element-330a8ca e-flex e-con-boxed e-con e-parent\" data-id=\"330a8ca\" data-element_type=\"container\" data-e-type=\"container\">\n\t\t\t\t\t<div class=\"e-con-inner\">\n\t\t\t\t<div class=\"elementor-element elementor-element-0979c8e elementor-grid-eael-col-3 elementor-grid-tablet-eael-col-2 elementor-grid-mobile-eael-col-1 elementor-widget elementor-widget-eael-post-grid\" data-id=\"0979c8e\" data-element_type=\"widget\" data-e-type=\"widget\" data-settings=\"{&quot;eael_post_grid_columns&quot;:&quot;eael-col-3&quot;,&quot;eael_post_grid_columns_tablet&quot;:&quot;eael-col-2&quot;,&quot;eael_post_grid_columns_mobile&quot;:&quot;eael-col-1&quot;}\" data-widget_type=\"eael-post-grid.default\">\n\t\t\t\t\t<div id=\"eael-post-grid-0979c8e\" class=\"eael-post-grid-container\">\n            <div class=\"eael-post-grid eael-post-appender eael-post-appender-0979c8e eael-post-grid-style-one\" data-layout-mode=\"masonry\"><article class=\"eael-grid-post  eael-post-grid-column eael-pg-post-6678 category-exitos\" data-id=\"6678\">\n        <div class=\"eael-grid-post-holder\">\n            <div class=\"eael-grid-post-holder-inner\"><div class=\"eael-entry-media\"><div class=\"eael-entry-overlay fade-in\"><i class=\"far fa-hand-pointer\" aria-hidden=\"true\"><\/i><a href=\"https:\/\/soymigrante.com\/revista\/asi-cambio-de-pies-a-cabeza-el-sueno-de-gilroy-alvarez\/\"><\/a><\/div><div class=\"eael-entry-thumbnail \">\n                <img loading=\"lazy\" decoding=\"async\" width=\"1024\" height=\"1024\" src=\"https:\/\/soymigrante.com\/revista\/wp-content\/uploads\/2024\/05\/Gilroy-Alvarez-dfdf-1024x1024.webp\" class=\"attachment-large size-large wp-image-6679\" alt=\"Vendedor de bienes ra\u00edces mostrando un cartel de propiedad en venta con enfoque en la comunidad migrante en EE. UU. y servicios de inmobiliaria.\" srcset=\"https:\/\/soymigrante.com\/revista\/wp-content\/uploads\/2024\/05\/Gilroy-Alvarez-dfdf-1024x1024.webp 1024w, https:\/\/soymigrante.com\/revista\/wp-content\/uploads\/2024\/05\/Gilroy-Alvarez-dfdf-300x300.webp 300w, https:\/\/soymigrante.com\/revista\/wp-content\/uploads\/2024\/05\/Gilroy-Alvarez-dfdf-150x150.webp 150w, https:\/\/soymigrante.com\/revista\/wp-content\/uploads\/2024\/05\/Gilroy-Alvarez-dfdf-768x768.webp 768w, https:\/\/soymigrante.com\/revista\/wp-content\/uploads\/2024\/05\/Gilroy-Alvarez-dfdf-75x75.webp 75w, https:\/\/soymigrante.com\/revista\/wp-content\/uploads\/2024\/05\/Gilroy-Alvarez-dfdf-750x750.webp 750w, https:\/\/soymigrante.com\/revista\/wp-content\/uploads\/2024\/05\/Gilroy-Alvarez-dfdf-1140x1140.webp 1140w, https:\/\/soymigrante.com\/revista\/wp-content\/uploads\/2024\/05\/Gilroy-Alvarez-dfdf.webp 1366w\" sizes=\"(max-width: 1024px) 100vw, 1024px\" \/>\n            <\/div>\n        <\/div><div class=\"eael-entry-wrapper\"><header class=\"eael-entry-header\"><h2 class=\"eael-entry-title\"><a class=\"eael-grid-post-link\" href=\"https:\/\/soymigrante.com\/revista\/asi-cambio-de-pies-a-cabeza-el-sueno-de-gilroy-alvarez\/\" title=\"As\u00ed cambi\u00f3 de pies a cabeza el sue\u00f1o de Gilroy \u00c1lvarez\">As\u00ed cambi\u00f3 de pies a cabeza el sue\u00f1o de Gilroy \u00c1lvarez<\/a><\/h2><\/header><div class=\"eael-entry-content\">\n                        <div class=\"eael-grid-post-excerpt\"><a href=\"https:\/\/soymigrante.com\/revista\/asi-cambio-de-pies-a-cabeza-el-sueno-de-gilroy-alvarez\/\" class=\"eael-post-elements-readmore-btn\">CONOCE SU HISTORIA <\/a><\/div>\n                    <\/div><\/div><\/div>\n        <\/div>\n    <\/article><article class=\"eael-grid-post  eael-post-grid-column eael-pg-post-5483 category-exitos\" data-id=\"5483\">\n        <div class=\"eael-grid-post-holder\">\n            <div class=\"eael-grid-post-holder-inner\"><div class=\"eael-entry-media\"><div class=\"eael-entry-overlay fade-in\"><i class=\"far fa-hand-pointer\" aria-hidden=\"true\"><\/i><a href=\"https:\/\/soymigrante.com\/revista\/guatemalteca-ejercito-estados-unidos-garifuna-prueba\/\"><\/a><\/div><div class=\"eael-entry-thumbnail \">\n                <img loading=\"lazy\" decoding=\"async\" width=\"825\" height=\"693\" src=\"https:\/\/soymigrante.com\/revista\/wp-content\/uploads\/2024\/03\/geramycita.webp\" class=\"attachment-large size-large wp-image-5484\" alt=\"Migrante guatemalteca gar\u00edfuna Geramy Oliva se alista en el Ej\u00e9rcito de Estados Unidos\" srcset=\"https:\/\/soymigrante.com\/revista\/wp-content\/uploads\/2024\/03\/geramycita.webp 825w, https:\/\/soymigrante.com\/revista\/wp-content\/uploads\/2024\/03\/geramycita-300x252.webp 300w, https:\/\/soymigrante.com\/revista\/wp-content\/uploads\/2024\/03\/geramycita-768x645.webp 768w, https:\/\/soymigrante.com\/revista\/wp-content\/uploads\/2024\/03\/geramycita-750x630.webp 750w\" sizes=\"(max-width: 825px) 100vw, 825px\" \/>\n            <\/div>\n        <\/div><div class=\"eael-entry-wrapper\"><header class=\"eael-entry-header\"><h2 class=\"eael-entry-title\"><a class=\"eael-grid-post-link\" href=\"https:\/\/soymigrante.com\/revista\/guatemalteca-ejercito-estados-unidos-garifuna-prueba\/\" title=\"Migrante gar\u00edfuna Geramy Oliva venci\u00f3 retos para entrar al Ej\u00e9rcito de EE.UU.\">Migrante gar\u00edfuna Geramy Oliva venci\u00f3 retos para entrar al Ej\u00e9rcito de EE.UU.<\/a><\/h2><\/header><div class=\"eael-entry-content\">\n                        <div class=\"eael-grid-post-excerpt\"><a href=\"https:\/\/soymigrante.com\/revista\/guatemalteca-ejercito-estados-unidos-garifuna-prueba\/\" class=\"eael-post-elements-readmore-btn\">CONOCE SU HISTORIA <\/a><\/div>\n                    <\/div><\/div><\/div>\n        <\/div>\n    <\/article><article class=\"eael-grid-post  eael-post-grid-column eael-pg-post-2639 category-exitos\" data-id=\"2639\">\n        <div class=\"eael-grid-post-holder\">\n            <div class=\"eael-grid-post-holder-inner\"><div class=\"eael-entry-media\"><div class=\"eael-entry-overlay fade-in\"><i class=\"far fa-hand-pointer\" aria-hidden=\"true\"><\/i><a href=\"https:\/\/soymigrante.com\/revista\/empresario-migrante-guatemalteco-arnold-ciego-impulsa-identidad-garifuna-desde-bronx-ny\/\"><\/a><\/div><div class=\"eael-entry-thumbnail \">\n                <img loading=\"lazy\" decoding=\"async\" width=\"810\" height=\"552\" src=\"https:\/\/soymigrante.com\/revista\/wp-content\/uploads\/2023\/09\/arnold-ciego-e1695409486578.webp\" class=\"attachment-large size-large wp-image-2640\" alt=\"Arnold Ciego migrante gar\u00edfuna guatemalteco presta sus servicios de asesor\u00eda tributaria en el barrio del Bronx, en Nueva York.\" srcset=\"https:\/\/soymigrante.com\/revista\/wp-content\/uploads\/2023\/09\/arnold-ciego-e1695409486578.webp 810w, https:\/\/soymigrante.com\/revista\/wp-content\/uploads\/2023\/09\/arnold-ciego-e1695409486578-300x204.webp 300w, https:\/\/soymigrante.com\/revista\/wp-content\/uploads\/2023\/09\/arnold-ciego-e1695409486578-768x523.webp 768w, https:\/\/soymigrante.com\/revista\/wp-content\/uploads\/2023\/09\/arnold-ciego-e1695409486578-750x511.webp 750w\" sizes=\"(max-width: 810px) 100vw, 810px\" \/>\n            <\/div>\n        <\/div><div class=\"eael-entry-wrapper\"><header class=\"eael-entry-header\"><h2 class=\"eael-entry-title\"><a class=\"eael-grid-post-link\" href=\"https:\/\/soymigrante.com\/revista\/empresario-migrante-guatemalteco-arnold-ciego-impulsa-identidad-garifuna-desde-bronx-ny\/\" title=\"Empresario migrante gar\u00edfuna guatemalteco Arnold Ciego exalta su identidad desde el Bronx, NY\">Empresario migrante gar\u00edfuna guatemalteco Arnold Ciego exalta su identidad desde el Bronx, NY<\/a><\/h2><\/header><div class=\"eael-entry-content\">\n                        <div class=\"eael-grid-post-excerpt\"><a href=\"https:\/\/soymigrante.com\/revista\/empresario-migrante-guatemalteco-arnold-ciego-impulsa-identidad-garifuna-desde-bronx-ny\/\" class=\"eael-post-elements-readmore-btn\">CONOCE SU HISTORIA <\/a><\/div>\n                    <\/div><\/div><\/div>\n        <\/div>\n    <\/article><\/div>\n            <div class=\"clearfix\"><\/div>\n        <\/div>\t\t\t\t<\/div>\n\t\t\t\t\t<\/div>\n\t\t\t\t<\/div>\n\t\t\t\t<\/div>\n\t\t","protected":false},"excerpt":{"rendered":"<p>La historia de los gar\u00edfunas en Guatemala es una lecci\u00f3n de valent\u00eda y perseverancia. Su lucha por la libertad y la preservaci\u00f3n de su cultura ha dejado una huella. La historia de los gar\u00edfunas en Guatemala es un testimonio de resistencia, libertad y riqueza cultural. Originarios del Caribe, los gar\u00edfunas han mantenido, a lo largo [&hellip;]<\/p>\n","protected":false},"author":19,"featured_media":13244,"comment_status":"open","ping_status":"open","sticky":false,"template":"","format":"standard","meta":{"_acf_changed":false,"_eb_attr":"","footnotes":""},"categories":[58],"tags":[],"class_list":["post-13242","post","type-post","status-publish","format-standard","has-post-thumbnail","hentry","category-guate-nuestra"],"acf":[],"aioseo_notices":[],"aioseo_head":"\n\t\t<!-- All in One SEO Pro 4.9.6.2 - aioseo.com -->\n\t<meta name=\"description\" content=\"Experto en contabilidad y asesor\u00eda tributaria en Estados Unidos, pero tambi\u00e9n predicador, activista, padre y esposo, Arnold Ciego impulsa la mejora de la comunidad gar\u00edfuna migrante en el Bronx y en su natal Livingston, Izabal. A trav\u00e9s de su canal de Youtube, el migrante guatemalteco Arnold Ciego efect\u00faa entrevistas y en este video espec\u00edfico, exalta Trabaja en su firma de contabilidad y es activista de los derechos y la cultura de la comunidad migrante gar\u00edfuna de Guatemala, Honduras y Belice\" \/>\n\t<meta name=\"robots\" content=\"max-snippet:-1, max-image-preview:large, max-video-preview:-1\" \/>\n\t<meta name=\"author\" content=\"Gustavo Montenegro\"\/>\n\t<link rel=\"canonical\" href=\"https:\/\/soymigrante.com\/revista\/empresario-migrante-guatemalteco-arnold-ciego-impulsa-identidad-garifuna-desde-bronx-ny\/\" \/>\n\t<meta name=\"generator\" content=\"All in One SEO Pro (AIOSEO) 4.9.6.2\" \/>\n\n\t\t<link rel=\"preconnect\" href=\"https:\/\/fonts.googleapis.com\" crossorigin>\n<link rel=\"preconnect\" href=\"https:\/\/fonts.gstatic.com\" crossorigin>\n\t\t<meta property=\"og:locale\" content=\"es_ES\" \/>\n\t\t<meta property=\"og:site_name\" content=\"SoyMigrante.com REVISTA \u2013 Nuestra misi\u00f3n es reconocer y dignificar al migrante.\" \/>\n\t\t<meta property=\"og:type\" content=\"article\" \/>\n\t\t<meta property=\"og:title\" content=\"Empresario migrante gar\u00edfuna guatemalteco Arnold Ciego exalta su identidad desde el Bronx, NY\" \/>\n\t\t<meta property=\"og:description\" content=\"Experto en contabilidad y asesor\u00eda tributaria en Estados Unidos, pero tambi\u00e9n predicador, activista, padre y esposo, Arnold Ciego impulsa la mejora de la comunidad gar\u00edfuna migrante en el Bronx y en su natal Livingston, Izabal. A trav\u00e9s de su canal de Youtube, el migrante guatemalteco Arnold Ciego efect\u00faa entrevistas y en este video espec\u00edfico, exalta Trabaja en su firma de contabilidad y es activista de los derechos y la cultura de la comunidad migrante gar\u00edfuna de Guatemala, Honduras y Belice\" \/>\n\t\t<meta property=\"og:url\" content=\"https:\/\/soymigrante.com\/revista\/empresario-migrante-guatemalteco-arnold-ciego-impulsa-identidad-garifuna-desde-bronx-ny\/\" \/>\n\t\t<meta property=\"og:image\" content=\"https:\/\/soymigrante.com\/revista\/wp-content\/uploads\/2023\/09\/arnold-ciego-e1695409486578.webp\" \/>\n\t\t<meta property=\"og:image:secure_url\" content=\"https:\/\/soymigrante.com\/revista\/wp-content\/uploads\/2023\/09\/arnold-ciego-e1695409486578.webp\" \/>\n\t\t<meta property=\"og:image:width\" content=\"810\" \/>\n\t\t<meta property=\"og:image:height\" content=\"552\" \/>\n\t\t<meta property=\"article:published_time\" content=\"2023-09-22T18:54:42+00:00\" \/>\n\t\t<meta property=\"article:modified_time\" content=\"2024-07-30T16:19:41+00:00\" \/>\n\t\t<meta property=\"article:publisher\" content=\"https:\/\/www.facebook.com\/soymigrantecom\" \/>\n\t\t<meta name=\"twitter:card\" content=\"summary_large_image\" \/>\n\t\t<meta name=\"twitter:site\" content=\"@SoyMigrante_com\" \/>\n\t\t<meta name=\"twitter:title\" content=\"Empresario migrante gar\u00edfuna guatemalteco Arnold Ciego exalta su identidad desde el Bronx, NY\" \/>\n\t\t<meta name=\"twitter:description\" content=\"Experto en contabilidad y asesor\u00eda tributaria en Estados Unidos, pero tambi\u00e9n predicador, activista, padre y esposo, Arnold Ciego impulsa la mejora de la comunidad gar\u00edfuna migrante en el Bronx y en su natal Livingston, Izabal. A trav\u00e9s de su canal de Youtube, el migrante guatemalteco Arnold Ciego efect\u00faa entrevistas y en este video espec\u00edfico, exalta Trabaja en su firma de contabilidad y es activista de los derechos y la cultura de la comunidad migrante gar\u00edfuna de Guatemala, Honduras y Belice\" \/>\n\t\t<meta name=\"twitter:creator\" content=\"@SoyMigrante_com\" \/>\n\t\t<meta name=\"twitter:image\" content=\"https:\/\/soymigrante.com\/revista\/wp-content\/uploads\/2023\/09\/arnold-ciego-e1695409486578.webp\" \/>\n\t\t<!-- All in One SEO Pro -->\r\n\t\t<title>Empresario migrante gar\u00edfuna guatemalteco Arnold Ciego exalta su identidad desde el Bronx, NY<\/title>\n\n","aioseo_head_json":{"title":"Empresario migrante gar\u00edfuna guatemalteco Arnold Ciego exalta su identidad desde el Bronx, NY","description":"Experto en contabilidad y asesor\u00eda tributaria en Estados Unidos, pero tambi\u00e9n predicador, activista, padre y esposo, Arnold Ciego impulsa la mejora de la comunidad gar\u00edfuna migrante en el Bronx y en su natal Livingston, Izabal. A trav\u00e9s de su canal de Youtube, el migrante guatemalteco Arnold Ciego efect\u00faa entrevistas y en este video espec\u00edfico, exalta Trabaja en su firma de contabilidad y es activista de los derechos y la cultura de la comunidad migrante gar\u00edfuna de Guatemala, Honduras y Belice","canonical_url":"https:\/\/soymigrante.com\/revista\/empresario-migrante-guatemalteco-arnold-ciego-impulsa-identidad-garifuna-desde-bronx-ny\/","robots":"max-snippet:-1, max-image-preview:large, max-video-preview:-1","keywords":"","webmasterTools":{"miscellaneous":"&lt;link rel=\"preconnect\" href=\"https:\/\/fonts.googleapis.com\" crossorigin&gt;\n&lt;link rel=\"preconnect\" href=\"https:\/\/fonts.gstatic.com\" crossorigin&gt;"},"schema":null,"og:locale":"es_ES","og:site_name":"SoyMigrante.com REVISTA \u2013 Nuestra misi\u00f3n es reconocer y dignificar al migrante.","og:type":"article","og:title":"Empresario migrante gar\u00edfuna guatemalteco Arnold Ciego exalta su identidad desde el Bronx, NY","og:description":"Experto en contabilidad y asesor\u00eda tributaria en Estados Unidos, pero tambi\u00e9n predicador, activista, padre y esposo, Arnold Ciego impulsa la mejora de la comunidad gar\u00edfuna migrante en el Bronx y en su natal Livingston, Izabal. A trav\u00e9s de su canal de Youtube, el migrante guatemalteco Arnold Ciego efect\u00faa entrevistas y en este video espec\u00edfico, exalta Trabaja en su firma de contabilidad y es activista de los derechos y la cultura de la comunidad migrante gar\u00edfuna de Guatemala, Honduras y Belice","og:url":"https:\/\/soymigrante.com\/revista\/empresario-migrante-guatemalteco-arnold-ciego-impulsa-identidad-garifuna-desde-bronx-ny\/","og:image":"https:\/\/soymigrante.com\/revista\/wp-content\/uploads\/2023\/09\/arnold-ciego-e1695409486578.webp","og:image:secure_url":"https:\/\/soymigrante.com\/revista\/wp-content\/uploads\/2023\/09\/arnold-ciego-e1695409486578.webp","og:image:width":810,"og:image:height":552,"article:published_time":"2023-09-22T18:54:42+00:00","article:modified_time":"2024-07-30T16:19:41+00:00","article:publisher":"https:\/\/www.facebook.com\/soymigrantecom","twitter:card":"summary_large_image","twitter:site":"@SoyMigrante_com","twitter:title":"Empresario migrante gar\u00edfuna guatemalteco Arnold Ciego exalta su identidad desde el Bronx, NY","twitter:description":"Experto en contabilidad y asesor\u00eda tributaria en Estados Unidos, pero tambi\u00e9n predicador, activista, padre y esposo, Arnold Ciego impulsa la mejora de la comunidad gar\u00edfuna migrante en el Bronx y en su natal Livingston, Izabal. A trav\u00e9s de su canal de Youtube, el migrante guatemalteco Arnold Ciego efect\u00faa entrevistas y en este video espec\u00edfico, exalta Trabaja en su firma de contabilidad y es activista de los derechos y la cultura de la comunidad migrante gar\u00edfuna de Guatemala, Honduras y Belice","twitter:creator":"@SoyMigrante_com","twitter:image":"https:\/\/soymigrante.com\/revista\/wp-content\/uploads\/2023\/09\/arnold-ciego-e1695409486578.webp"},"aioseo_meta_data":{"post_id":"13242","title":"Viene el D\u00eda del Pueblo Gar\u00edfuna (Gar\u00ednagu) : 26 de noviembre","description":"El pueblo gar\u00edfuna lleg\u00f3 en 1802 a Guatemala. Su historia es una lecci\u00f3n de valent\u00eda, libertad y perseverancia. El 26 de noviembre se celebra su fiesta Yurumein","keywords":null,"keyphrases":{"focus":{"keyphrase":"Gar\u00edfunas","score":74,"analysis":{"keyphraseInTitle":{"score":3,"maxScore":9,"error":1},"keyphraseInDescription":{"score":3,"maxScore":9,"error":1},"keyphraseLength":{"score":9,"maxScore":9,"error":0,"length":2},"keyphraseInURL":{"score":5,"maxScore":5,"error":0},"keyphraseInIntroduction":{"score":9,"maxScore":9,"error":0},"keyphraseInSubHeadings":{"score":3,"maxScore":9,"error":1},"keyphraseInImageAlt":{"score":9,"maxScore":9,"error":0},"keywordDensity":{"type":"best","score":9,"maxScore":9,"error":0}}},"additional":[{"keyphrase":"Gar\u00edfunas","score":87,"analysis":{"keyphraseInDescription":{"score":3,"maxScore":9,"error":1},"keyphraseLength":{"score":9,"maxScore":9,"error":0,"length":2},"keyphraseInIntroduction":{"score":9,"maxScore":9,"error":0},"keyphraseInImageAlt":{"score":9,"maxScore":9,"error":0},"keywordDensity":{"type":"best","score":9,"maxScore":9,"error":0}}},{"keyphrase":"Guatemala","score":87,"analysis":{"keyphraseInDescription":{"score":9,"maxScore":9,"error":0},"keyphraseLength":{"score":9,"maxScore":9,"error":0,"length":1},"keyphraseInIntroduction":{"score":9,"maxScore":9,"error":0},"keyphraseInImageAlt":{"score":3,"maxScore":9,"error":1},"keywordDensity":{"type":"best","score":9,"maxScore":9,"error":0}}}]},"primary_term":null,"canonical_url":null,"og_title":null,"og_description":null,"og_object_type":"default","og_image_type":"default","og_image_url":null,"og_image_width":null,"og_image_height":null,"og_image_custom_url":null,"og_image_custom_fields":null,"og_video":"","og_custom_url":null,"og_article_section":null,"og_article_tags":null,"twitter_use_og":false,"twitter_card":"default","twitter_image_type":"default","twitter_image_url":null,"twitter_image_custom_url":null,"twitter_image_custom_fields":null,"twitter_title":null,"twitter_description":null,"schema":{"blockGraphs":[],"customGraphs":[],"default":{"data":{"Article":[],"Course":[],"Dataset":[],"FAQPage":[],"Movie":[],"Person":[],"Product":[],"ProductReview":[],"Car":[],"Recipe":[],"Service":[],"SoftwareApplication":[],"WebPage":[]},"graphName":"NewsArticle","isEnabled":true},"graphs":[]},"schema_type":"default","schema_type_options":null,"pillar_content":false,"robots_default":true,"robots_noindex":false,"robots_noarchive":false,"robots_nosnippet":false,"robots_nofollow":false,"robots_noimageindex":false,"robots_noodp":false,"robots_notranslate":false,"robots_max_snippet":"-1","robots_max_videopreview":"-1","robots_max_imagepreview":"large","priority":null,"frequency":"default","local_seo":null,"seo_analyzer_scan_date":"2025-11-17 14:22:40","breadcrumb_settings":null,"limit_modified_date":false,"reviewed_by":"0","open_ai":"{\"title\":{\"suggestions\":[],\"usage\":0},\"description\":{\"suggestions\":[],\"usage\":0}}","ai":{"faqs":[],"keyPoints":[],"titles":[],"descriptions":[],"socialPosts":{"email":[],"linkedin":[],"twitter":[],"facebook":[],"instagram":[]}},"created":"2024-11-14 19:53:19","updated":"2026-02-05 07:05:15"},"aioseo_breadcrumb":"<div class=\"aioseo-breadcrumbs\"><span class=\"aioseo-breadcrumb\">\n\t<a href=\"https:\/\/soymigrante.com\/revista\" title=\"Home\">Home<\/a>\n<\/span><span class=\"aioseo-breadcrumb-separator\">\u00bb<\/span><span class=\"aioseo-breadcrumb\">\n\t<a href=\"https:\/\/soymigrante.com\/revista\/category\/guate-nuestra\/\" title=\"Guate Nuestra\">Guate Nuestra<\/a>\n<\/span><span class=\"aioseo-breadcrumb-separator\">\u00bb<\/span><span class=\"aioseo-breadcrumb\">\n\tEl 26 de noviembre se celebra el d\u00eda de los gar\u00edfunas en Guatemala para honrar su dignidad y resiliencia\n<\/span><\/div>","aioseo_breadcrumb_json":[{"label":"Home","link":"https:\/\/soymigrante.com\/revista"},{"label":"Guate Nuestra","link":"https:\/\/soymigrante.com\/revista\/category\/guate-nuestra\/"},{"label":"El 26 de noviembre se celebra el d\u00eda de los gar\u00edfunas en Guatemala para honrar su dignidad y resiliencia","link":"https:\/\/soymigrante.com\/revista\/el-26-de-noviembre-se-celebra-el-dia-de-los-garifunas-en-guatemala-para-honrar-su-dignidad-y-resiliencia\/"}],"_links":{"self":[{"href":"https:\/\/soymigrante.com\/revista\/wp-json\/wp\/v2\/posts\/13242","targetHints":{"allow":["GET"]}}],"collection":[{"href":"https:\/\/soymigrante.com\/revista\/wp-json\/wp\/v2\/posts"}],"about":[{"href":"https:\/\/soymigrante.com\/revista\/wp-json\/wp\/v2\/types\/post"}],"author":[{"embeddable":true,"href":"https:\/\/soymigrante.com\/revista\/wp-json\/wp\/v2\/users\/19"}],"replies":[{"embeddable":true,"href":"https:\/\/soymigrante.com\/revista\/wp-json\/wp\/v2\/comments?post=13242"}],"version-history":[{"count":8,"href":"https:\/\/soymigrante.com\/revista\/wp-json\/wp\/v2\/posts\/13242\/revisions"}],"predecessor-version":[{"id":48695,"href":"https:\/\/soymigrante.com\/revista\/wp-json\/wp\/v2\/posts\/13242\/revisions\/48695"}],"wp:featuredmedia":[{"embeddable":true,"href":"https:\/\/soymigrante.com\/revista\/wp-json\/wp\/v2\/media\/13244"}],"wp:attachment":[{"href":"https:\/\/soymigrante.com\/revista\/wp-json\/wp\/v2\/media?parent=13242"}],"wp:term":[{"taxonomy":"category","embeddable":true,"href":"https:\/\/soymigrante.com\/revista\/wp-json\/wp\/v2\/categories?post=13242"},{"taxonomy":"post_tag","embeddable":true,"href":"https:\/\/soymigrante.com\/revista\/wp-json\/wp\/v2\/tags?post=13242"}],"curies":[{"name":"wp","href":"https:\/\/api.w.org\/{rel}","templated":true}]}}