{"id":13232,"date":"2025-12-23T10:12:38","date_gmt":"2025-12-23T16:12:38","guid":{"rendered":"https:\/\/soymigrante.com\/revista\/?p=13232"},"modified":"2025-12-23T10:14:08","modified_gmt":"2025-12-23T16:14:08","slug":"temas-que-puede-ser-mejor-evitar-en-las-cenas-de-accion-de-gracias-y-navidad","status":"publish","type":"post","link":"https:\/\/soymigrante.com\/revista\/temas-que-puede-ser-mejor-evitar-en-las-cenas-de-accion-de-gracias-y-navidad\/","title":{"rendered":"Temas de conversaci\u00f3n que resulta mejor evitar en reuniones familiares navide\u00f1as"},"content":{"rendered":"\t\t<div data-elementor-type=\"wp-post\" data-elementor-id=\"13232\" class=\"elementor elementor-13232\" data-elementor-post-type=\"post\">\n\t\t\t\t<div data-particle_enable=\"false\" data-particle-mobile-disabled=\"false\" class=\"elementor-element elementor-element-26c94e0 e-flex e-con-boxed e-con e-parent\" data-id=\"26c94e0\" data-element_type=\"container\" data-e-type=\"container\">\n\t\t\t\t\t<div class=\"e-con-inner\">\n\t\t\t\t<div class=\"elementor-element elementor-element-0e34e2f elementor-widget elementor-widget-heading\" data-id=\"0e34e2f\" data-element_type=\"widget\" data-e-type=\"widget\" data-widget_type=\"heading.default\">\n\t\t\t\t\t<h2 class=\"elementor-heading-title elementor-size-default\">Las reuniones familiares son momentos para recordar el amor y el apoyo mutuo, aunque hay temas que se tienen que evitar para no faltar el respeto. \n<\/h2>\t\t\t\t<\/div>\n\t\t\t\t\t<\/div>\n\t\t\t\t<\/div>\n\t\t<div data-particle_enable=\"false\" data-particle-mobile-disabled=\"false\" class=\"elementor-element elementor-element-8d55174 e-flex e-con-boxed e-con e-parent\" data-id=\"8d55174\" data-element_type=\"container\" data-e-type=\"container\">\n\t\t\t\t\t<div class=\"e-con-inner\">\n\t\t\t\t<div class=\"elementor-element elementor-element-2ce4955 elementor-widget elementor-widget-text-editor\" data-id=\"2ce4955\" data-element_type=\"widget\" data-e-type=\"widget\" data-widget_type=\"text-editor.default\">\n\t\t\t\t\t\t\t\t\t<p>Las celebraciones de fin de a\u00f1o, como el <a href=\"https:\/\/soymigrante-com.translate.goog\/revista\/category\/mejor\/?_x_tr_sl=es&amp;_x_tr_tl=en&amp;_x_tr_hl=en&amp;_x_tr_pto=sc\" target=\"_blank\" rel=\"noopener\">D\u00eda de Acci\u00f3n de Gracias y Navidad<\/a>, suelen ser momentos de uni\u00f3n familiar y disfrute. Sin embargo, estas ocasiones tambi\u00e9n pueden generar tensiones si surgen temas de conversaci\u00f3n delicados o controversiales.<\/p><p>Para evitar conflictos y asegurar un ambiente positivo,<a href=\"https:\/\/soymigrante-com.translate.goog\/revista\/category\/mejor\/?_x_tr_sl=es&amp;_x_tr_tl=en&amp;_x_tr_hl=en&amp;_x_tr_pto=sc\" target=\"_blank\" rel=\"noopener\"> es importante identificar ciertos temas que es mejor evitar en la mesa<\/a>, as\u00ed como establecer reglas familiares para una convivencia armoniosa.<\/p>\t\t\t\t\t\t\t\t<\/div>\n\t\t\t\t\t<\/div>\n\t\t\t\t<\/div>\n\t\t<div data-particle_enable=\"false\" data-particle-mobile-disabled=\"false\" class=\"elementor-element elementor-element-83ca594 e-flex e-con-boxed e-con e-parent\" data-id=\"83ca594\" data-element_type=\"container\" data-e-type=\"container\">\n\t\t\t\t\t<div class=\"e-con-inner\">\n\t\t\t\t<div class=\"elementor-element elementor-element-779a467 elementor-widget elementor-widget-image\" data-id=\"779a467\" data-element_type=\"widget\" data-e-type=\"widget\" data-widget_type=\"image.default\">\n\t\t\t\t\t\t\t\t\t\t\t\t<figure class=\"wp-caption\">\n\t\t\t\t\t\t\t\t\t\t<img fetchpriority=\"high\" decoding=\"async\" width=\"1024\" height=\"682\" src=\"https:\/\/soymigrante.com\/revista\/wp-content\/uploads\/2024\/11\/Temas-a-evitar-durante-Accio\u0301n-de-Gracias-y-Navidad7-1024x682.jpeg\" class=\"attachment-large size-large wp-image-13238\" alt=\"Temas a evitar durante Acci\u00f3n de Gracias y Navidad\" srcset=\"https:\/\/soymigrante.com\/revista\/wp-content\/uploads\/2024\/11\/Temas-a-evitar-durante-Accio\u0301n-de-Gracias-y-Navidad7-1024x682.jpeg 1024w, https:\/\/soymigrante.com\/revista\/wp-content\/uploads\/2024\/11\/Temas-a-evitar-durante-Accio\u0301n-de-Gracias-y-Navidad7-300x200.jpeg 300w, https:\/\/soymigrante.com\/revista\/wp-content\/uploads\/2024\/11\/Temas-a-evitar-durante-Accio\u0301n-de-Gracias-y-Navidad7-768x512.jpeg 768w, https:\/\/soymigrante.com\/revista\/wp-content\/uploads\/2024\/11\/Temas-a-evitar-durante-Accio\u0301n-de-Gracias-y-Navidad7-1536x1023.jpeg 1536w, https:\/\/soymigrante.com\/revista\/wp-content\/uploads\/2024\/11\/Temas-a-evitar-durante-Accio\u0301n-de-Gracias-y-Navidad7-750x500.webp 750w, https:\/\/soymigrante.com\/revista\/wp-content\/uploads\/2024\/11\/Temas-a-evitar-durante-Accio\u0301n-de-Gracias-y-Navidad7-1140x760.webp 1140w, https:\/\/soymigrante.com\/revista\/wp-content\/uploads\/2024\/11\/Temas-a-evitar-durante-Accio\u0301n-de-Gracias-y-Navidad7.webp 1600w\" sizes=\"(max-width: 1024px) 100vw, 1024px\" title=\"Temas a evitar durante Accio\u0301n de Gracias y Navidad7 \u2013 SoyMigrante.com REVISTA\" \/>\t\t\t\t\t\t\t\t\t\t\t<figcaption class=\"widget-image-caption wp-caption-text\">Foto: Pexels<\/figcaption>\n\t\t\t\t\t\t\t\t\t\t<\/figure>\n\t\t\t\t\t\t\t\t\t<\/div>\n\t\t\t\t\t<\/div>\n\t\t\t\t<\/div>\n\t\t<div data-particle_enable=\"false\" data-particle-mobile-disabled=\"false\" class=\"elementor-element elementor-element-3c9c7f3 e-flex e-con-boxed e-con e-parent\" data-id=\"3c9c7f3\" data-element_type=\"container\" data-e-type=\"container\">\n\t\t\t\t\t<div class=\"e-con-inner\">\n\t\t\t\t<div class=\"elementor-element elementor-element-49b834b elementor-widget elementor-widget-heading\" data-id=\"49b834b\" data-element_type=\"widget\" data-e-type=\"widget\" data-widget_type=\"heading.default\">\n\t\t\t\t\t<h3 class=\"elementor-heading-title elementor-size-default\">Temas a evitar en la mesa<\/h3>\t\t\t\t<\/div>\n\t\t\t\t\t<\/div>\n\t\t\t\t<\/div>\n\t\t<div data-particle_enable=\"false\" data-particle-mobile-disabled=\"false\" class=\"elementor-element elementor-element-077ecee e-flex e-con-boxed e-con e-parent\" data-id=\"077ecee\" data-element_type=\"container\" data-e-type=\"container\">\n\t\t\t\t\t<div class=\"e-con-inner\">\n\t\t\t\t<div class=\"elementor-element elementor-element-0eafe08 elementor-widget elementor-widget-heading\" data-id=\"0eafe08\" data-element_type=\"widget\" data-e-type=\"widget\" data-widget_type=\"heading.default\">\n\t\t\t\t\t<h3 class=\"elementor-heading-title elementor-size-default\">\t1.\tPol\u00edtica<\/h3>\t\t\t\t<\/div>\n\t\t\t\t\t<\/div>\n\t\t\t\t<\/div>\n\t\t<div data-particle_enable=\"false\" data-particle-mobile-disabled=\"false\" class=\"elementor-element elementor-element-8170f71 e-flex e-con-boxed e-con e-parent\" data-id=\"8170f71\" data-element_type=\"container\" data-e-type=\"container\">\n\t\t\t\t\t<div class=\"e-con-inner\">\n\t\t\t\t<div class=\"elementor-element elementor-element-08e5390 elementor-widget elementor-widget-text-editor\" data-id=\"08e5390\" data-element_type=\"widget\" data-e-type=\"widget\" data-widget_type=\"text-editor.default\">\n\t\t\t\t\t\t\t\t\t<p>Las diferencias de opiniones pol\u00edticas suelen ser una de las causas m\u00e1s comunes de desacuerdos durante las reuniones familiares. <a href=\"https:\/\/soymigrante-com.translate.goog\/revista\/category\/mejor\/?_x_tr_sl=es&amp;_x_tr_tl=en&amp;_x_tr_hl=en&amp;_x_tr_pto=sc\" target=\"_blank\" rel=\"noopener\">Especialmente en tiempos donde los temas pol\u00edticos son tan polarizantes, es mejor evitar hablar de elecciones,<\/a> ideolog\u00edas o cualquier tema relacionado. Esto ayudar\u00e1 a reducir el estr\u00e9s y evitar confrontaciones que podr\u00edan opacar la celebraci\u00f3n.<\/p>\t\t\t\t\t\t\t\t<\/div>\n\t\t\t\t\t<\/div>\n\t\t\t\t<\/div>\n\t\t<div data-particle_enable=\"false\" data-particle-mobile-disabled=\"false\" class=\"elementor-element elementor-element-ecfb6cc e-flex e-con-boxed e-con e-parent\" data-id=\"ecfb6cc\" data-element_type=\"container\" data-e-type=\"container\">\n\t\t\t\t\t<div class=\"e-con-inner\">\n\t\t\t\t<div class=\"elementor-element elementor-element-66f5b90 elementor-widget elementor-widget-heading\" data-id=\"66f5b90\" data-element_type=\"widget\" data-e-type=\"widget\" data-widget_type=\"heading.default\">\n\t\t\t\t\t<h3 class=\"elementor-heading-title elementor-size-default\">2.\tReligi\u00f3n<\/h3>\t\t\t\t<\/div>\n\t\t\t\t\t<\/div>\n\t\t\t\t<\/div>\n\t\t<div data-particle_enable=\"false\" data-particle-mobile-disabled=\"false\" class=\"elementor-element elementor-element-39702b6 e-flex e-con-boxed e-con e-parent\" data-id=\"39702b6\" data-element_type=\"container\" data-e-type=\"container\">\n\t\t\t\t\t<div class=\"e-con-inner\">\n\t\t\t\t<div class=\"elementor-element elementor-element-6a04366 elementor-widget elementor-widget-text-editor\" data-id=\"6a04366\" data-element_type=\"widget\" data-e-type=\"widget\" data-widget_type=\"text-editor.default\">\n\t\t\t\t\t\t\t\t\t<p>Aunque la religi\u00f3n puede ser una parte importante de las festividades, en muchas familias puede ser un tema que divida opiniones. <a href=\"https:\/\/soymigrante-com.translate.goog\/revista\/category\/mejor\/?_x_tr_sl=es&amp;_x_tr_tl=en&amp;_x_tr_hl=en&amp;_x_tr_pto=sc\" target=\"_blank\" rel=\"noopener\">Si hay miembros que no comparten la misma fe o tienen creencias distintas<\/a>, es recomendable no abordar la religi\u00f3n de manera intensa o comparativa.<\/p>\t\t\t\t\t\t\t\t<\/div>\n\t\t\t\t\t<\/div>\n\t\t\t\t<\/div>\n\t\t<div data-particle_enable=\"false\" data-particle-mobile-disabled=\"false\" class=\"elementor-element elementor-element-fa046a7 e-flex e-con-boxed e-con e-parent\" data-id=\"fa046a7\" data-element_type=\"container\" data-e-type=\"container\">\n\t\t\t\t\t<div class=\"e-con-inner\">\n\t\t\t\t<div class=\"elementor-element elementor-element-662b3e1 elementor-widget elementor-widget-image\" data-id=\"662b3e1\" data-element_type=\"widget\" data-e-type=\"widget\" data-widget_type=\"image.default\">\n\t\t\t\t\t\t\t\t\t\t\t\t<figure class=\"wp-caption\">\n\t\t\t\t\t\t\t\t\t\t<img decoding=\"async\" width=\"683\" height=\"1024\" src=\"https:\/\/soymigrante.com\/revista\/wp-content\/uploads\/2024\/11\/Temas-a-evitar-durante-Accio\u0301n-de-Gracias-y-Navidad-683x1024.jpg\" class=\"attachment-large size-large wp-image-13235\" alt=\"Temas a evitar durante Acci\u00f3n de Gracias y Navidad\" srcset=\"https:\/\/soymigrante.com\/revista\/wp-content\/uploads\/2024\/11\/Temas-a-evitar-durante-Accio\u0301n-de-Gracias-y-Navidad-683x1024.jpg 683w, https:\/\/soymigrante.com\/revista\/wp-content\/uploads\/2024\/11\/Temas-a-evitar-durante-Accio\u0301n-de-Gracias-y-Navidad-200x300.jpg 200w, https:\/\/soymigrante.com\/revista\/wp-content\/uploads\/2024\/11\/Temas-a-evitar-durante-Accio\u0301n-de-Gracias-y-Navidad-768x1152.jpg 768w, https:\/\/soymigrante.com\/revista\/wp-content\/uploads\/2024\/11\/Temas-a-evitar-durante-Accio\u0301n-de-Gracias-y-Navidad-1024x1536.jpg 1024w, https:\/\/soymigrante.com\/revista\/wp-content\/uploads\/2024\/11\/Temas-a-evitar-durante-Accio\u0301n-de-Gracias-y-Navidad-1365x2048.jpg 1365w, https:\/\/soymigrante.com\/revista\/wp-content\/uploads\/2024\/11\/Temas-a-evitar-durante-Accio\u0301n-de-Gracias-y-Navidad-750x1125.webp 750w, https:\/\/soymigrante.com\/revista\/wp-content\/uploads\/2024\/11\/Temas-a-evitar-durante-Accio\u0301n-de-Gracias-y-Navidad-1140x1710.jpg 1140w, https:\/\/soymigrante.com\/revista\/wp-content\/uploads\/2024\/11\/Temas-a-evitar-durante-Accio\u0301n-de-Gracias-y-Navidad-scaled.webp 1280w\" sizes=\"(max-width: 683px) 100vw, 683px\" title=\"Temas a evitar durante Accio\u0301n de Gracias y Navidad \u2013 SoyMigrante.com REVISTA\" \/>\t\t\t\t\t\t\t\t\t\t\t<figcaption class=\"widget-image-caption wp-caption-text\">Foto: Pexels<\/figcaption>\n\t\t\t\t\t\t\t\t\t\t<\/figure>\n\t\t\t\t\t\t\t\t\t<\/div>\n\t\t\t\t\t<\/div>\n\t\t\t\t<\/div>\n\t\t<div data-particle_enable=\"false\" data-particle-mobile-disabled=\"false\" class=\"elementor-element elementor-element-f605694 e-flex e-con-boxed e-con e-parent\" data-id=\"f605694\" data-element_type=\"container\" data-e-type=\"container\">\n\t\t\t\t\t<div class=\"e-con-inner\">\n\t\t\t\t<div class=\"elementor-element elementor-element-0a422d2 elementor-widget elementor-widget-heading\" data-id=\"0a422d2\" data-element_type=\"widget\" data-e-type=\"widget\" data-widget_type=\"heading.default\">\n\t\t\t\t\t<h3 class=\"elementor-heading-title elementor-size-default\">3.\tDinero y finanzas<\/h3>\t\t\t\t<\/div>\n\t\t\t\t\t<\/div>\n\t\t\t\t<\/div>\n\t\t<div data-particle_enable=\"false\" data-particle-mobile-disabled=\"false\" class=\"elementor-element elementor-element-0be24fe e-flex e-con-boxed e-con e-parent\" data-id=\"0be24fe\" data-element_type=\"container\" data-e-type=\"container\">\n\t\t\t\t\t<div class=\"e-con-inner\">\n\t\t\t\t<div class=\"elementor-element elementor-element-7003a9f elementor-widget elementor-widget-text-editor\" data-id=\"7003a9f\" data-element_type=\"widget\" data-e-type=\"widget\" data-widget_type=\"text-editor.default\">\n\t\t\t\t\t\t\t\t\t<p>Los temas econ\u00f3micos, como el <a href=\"https:\/\/soymigrante-com.translate.goog\/revista\/category\/mejor\/?_x_tr_sl=es&amp;_x_tr_tl=en&amp;_x_tr_hl=en&amp;_x_tr_pto=sc\" target=\"_blank\" rel=\"noopener\">sueldo, deudas o la situaci\u00f3n financiera de cada miembro de la familia,<\/a> pueden generar incomodidad. Las conversaciones sobre dinero a veces se interpretan como juicios de valor o comparaciones, lo que puede provocar tensi\u00f3n y afectar el ambiente de la reuni\u00f3n.<\/p>\t\t\t\t\t\t\t\t<\/div>\n\t\t\t\t\t<\/div>\n\t\t\t\t<\/div>\n\t\t<div data-particle_enable=\"false\" data-particle-mobile-disabled=\"false\" class=\"elementor-element elementor-element-780c617 e-flex e-con-boxed e-con e-parent\" data-id=\"780c617\" data-element_type=\"container\" data-e-type=\"container\">\n\t\t\t\t\t<div class=\"e-con-inner\">\n\t\t\t\t<div class=\"elementor-element elementor-element-d2c469b elementor-widget elementor-widget-heading\" data-id=\"d2c469b\" data-element_type=\"widget\" data-e-type=\"widget\" data-widget_type=\"heading.default\">\n\t\t\t\t\t<h3 class=\"elementor-heading-title elementor-size-default\">4.\tVida personal y decisiones personales<\/h3>\t\t\t\t<\/div>\n\t\t\t\t\t<\/div>\n\t\t\t\t<\/div>\n\t\t<div data-particle_enable=\"false\" data-particle-mobile-disabled=\"false\" class=\"elementor-element elementor-element-1821e96 e-flex e-con-boxed e-con e-parent\" data-id=\"1821e96\" data-element_type=\"container\" data-e-type=\"container\">\n\t\t\t\t\t<div class=\"e-con-inner\">\n\t\t\t\t<div class=\"elementor-element elementor-element-f1e3a07 elementor-widget elementor-widget-text-editor\" data-id=\"f1e3a07\" data-element_type=\"widget\" data-e-type=\"widget\" data-widget_type=\"text-editor.default\">\n\t\t\t\t\t\t\t\t\t<p>Preguntar a familiares sobre temas como <a href=\"https:\/\/soymigrante-com.translate.goog\/revista\/category\/mejor\/?_x_tr_sl=es&amp;_x_tr_tl=en&amp;_x_tr_hl=en&amp;_x_tr_pto=sc\" target=\"_blank\" rel=\"noopener\">relaciones amorosas, decisiones de vida o planes personales puede incomodar.<\/a> A veces, este tipo de preguntas se perciben como invasivas, y lo mejor es respetar la privacidad de cada persona.<\/p>\t\t\t\t\t\t\t\t<\/div>\n\t\t\t\t\t<\/div>\n\t\t\t\t<\/div>\n\t\t<div data-particle_enable=\"false\" data-particle-mobile-disabled=\"false\" class=\"elementor-element elementor-element-49cc0b4 e-flex e-con-boxed e-con e-parent\" data-id=\"49cc0b4\" data-element_type=\"container\" data-e-type=\"container\">\n\t\t\t\t\t<div class=\"e-con-inner\">\n\t\t\t\t<div class=\"elementor-element elementor-element-48e649e elementor-widget elementor-widget-heading\" data-id=\"48e649e\" data-element_type=\"widget\" data-e-type=\"widget\" data-widget_type=\"heading.default\">\n\t\t\t\t\t<h3 class=\"elementor-heading-title elementor-size-default\">5.\tSalud y apariencia f\u00edsica<\/h3>\t\t\t\t<\/div>\n\t\t\t\t\t<\/div>\n\t\t\t\t<\/div>\n\t\t<div data-particle_enable=\"false\" data-particle-mobile-disabled=\"false\" class=\"elementor-element elementor-element-70ddcae e-flex e-con-boxed e-con e-parent\" data-id=\"70ddcae\" data-element_type=\"container\" data-e-type=\"container\">\n\t\t\t\t\t<div class=\"e-con-inner\">\n\t\t\t\t<div class=\"elementor-element elementor-element-6ced10a elementor-widget elementor-widget-text-editor\" data-id=\"6ced10a\" data-element_type=\"widget\" data-e-type=\"widget\" data-widget_type=\"text-editor.default\">\n\t\t\t\t\t\t\t\t\t<p><a href=\"https:\/\/soymigrante-com.translate.goog\/revista\/category\/mejor\/?_x_tr_sl=es&amp;_x_tr_tl=en&amp;_x_tr_hl=en&amp;_x_tr_pto=sc\" target=\"_blank\" rel=\"noopener\">Hablar sobre la salud, peso o apariencia de los familiares puede ser sensible y provocar molestias.<\/a> Aunque algunos pueden ver este tema como una preocupaci\u00f3n genuina, otros pueden sentirse juzgados o inc\u00f3modos. Es importante recordar que cada persona tiene su propia relaci\u00f3n con su cuerpo y su salud.<\/p>\t\t\t\t\t\t\t\t<\/div>\n\t\t\t\t\t<\/div>\n\t\t\t\t<\/div>\n\t\t<div data-particle_enable=\"false\" data-particle-mobile-disabled=\"false\" class=\"elementor-element elementor-element-8f52677 e-flex e-con-boxed e-con e-parent\" data-id=\"8f52677\" data-element_type=\"container\" data-e-type=\"container\">\n\t\t\t\t\t<div class=\"e-con-inner\">\n\t\t\t\t<div class=\"elementor-element elementor-element-b2b1e23 elementor-widget elementor-widget-image\" data-id=\"b2b1e23\" data-element_type=\"widget\" data-e-type=\"widget\" data-widget_type=\"image.default\">\n\t\t\t\t\t\t\t\t\t\t\t\t<figure class=\"wp-caption\">\n\t\t\t\t\t\t\t\t\t\t<img decoding=\"async\" width=\"1024\" height=\"682\" src=\"https:\/\/soymigrante.com\/revista\/wp-content\/uploads\/2024\/11\/Temas-a-evitar-durante-Accio\u0301n-de-Gracias-y-Navidad5-1024x682.jpeg\" class=\"attachment-large size-large wp-image-13236\" alt=\"Temas a evitar durante Acci\u00f3n de Gracias y Navidad\" srcset=\"https:\/\/soymigrante.com\/revista\/wp-content\/uploads\/2024\/11\/Temas-a-evitar-durante-Accio\u0301n-de-Gracias-y-Navidad5-1024x682.jpeg 1024w, https:\/\/soymigrante.com\/revista\/wp-content\/uploads\/2024\/11\/Temas-a-evitar-durante-Accio\u0301n-de-Gracias-y-Navidad5-300x200.jpeg 300w, https:\/\/soymigrante.com\/revista\/wp-content\/uploads\/2024\/11\/Temas-a-evitar-durante-Accio\u0301n-de-Gracias-y-Navidad5-768x512.jpeg 768w, https:\/\/soymigrante.com\/revista\/wp-content\/uploads\/2024\/11\/Temas-a-evitar-durante-Accio\u0301n-de-Gracias-y-Navidad5-1536x1023.jpeg 1536w, https:\/\/soymigrante.com\/revista\/wp-content\/uploads\/2024\/11\/Temas-a-evitar-durante-Accio\u0301n-de-Gracias-y-Navidad5-750x500.webp 750w, https:\/\/soymigrante.com\/revista\/wp-content\/uploads\/2024\/11\/Temas-a-evitar-durante-Accio\u0301n-de-Gracias-y-Navidad5-1140x760.webp 1140w, https:\/\/soymigrante.com\/revista\/wp-content\/uploads\/2024\/11\/Temas-a-evitar-durante-Accio\u0301n-de-Gracias-y-Navidad5.webp 1600w\" sizes=\"(max-width: 1024px) 100vw, 1024px\" title=\"Temas a evitar durante Accio\u0301n de Gracias y Navidad5 \u2013 SoyMigrante.com REVISTA\" \/>\t\t\t\t\t\t\t\t\t\t\t<figcaption class=\"widget-image-caption wp-caption-text\">Foto: Pexels<\/figcaption>\n\t\t\t\t\t\t\t\t\t\t<\/figure>\n\t\t\t\t\t\t\t\t\t<\/div>\n\t\t\t\t\t<\/div>\n\t\t\t\t<\/div>\n\t\t<div data-particle_enable=\"false\" data-particle-mobile-disabled=\"false\" class=\"elementor-element elementor-element-bdd9cfa e-flex e-con-boxed e-con e-parent\" data-id=\"bdd9cfa\" data-element_type=\"container\" data-e-type=\"container\">\n\t\t\t\t\t<div class=\"e-con-inner\">\n\t\t\t\t<div class=\"elementor-element elementor-element-6d78dc3 elementor-widget elementor-widget-heading\" data-id=\"6d78dc3\" data-element_type=\"widget\" data-e-type=\"widget\" data-widget_type=\"heading.default\">\n\t\t\t\t\t<h3 class=\"elementor-heading-title elementor-size-default\">Reglas para una mesa armoniosa<\/h3>\t\t\t\t<\/div>\n\t\t\t\t\t<\/div>\n\t\t\t\t<\/div>\n\t\t<div data-particle_enable=\"false\" data-particle-mobile-disabled=\"false\" class=\"elementor-element elementor-element-0474a5a e-flex e-con-boxed e-con e-parent\" data-id=\"0474a5a\" data-element_type=\"container\" data-e-type=\"container\">\n\t\t\t\t\t<div class=\"e-con-inner\">\n\t\t\t\t<div class=\"elementor-element elementor-element-d5df077 elementor-widget elementor-widget-text-editor\" data-id=\"d5df077\" data-element_type=\"widget\" data-e-type=\"widget\" data-widget_type=\"text-editor.default\">\n\t\t\t\t\t\t\t\t\t<p>Para mantener el ambiente relajado y acogedor, <a href=\"https:\/\/soymigrante-com.translate.goog\/revista\/category\/mejor\/?_x_tr_sl=es&amp;_x_tr_tl=en&amp;_x_tr_hl=en&amp;_x_tr_pto=sc\" target=\"_blank\" rel=\"noopener\">se pueden implementar algunas reglas sencillas que fomenten el respeto y la armon\u00eda<\/a>. Algunas de estas reglas pueden ser:<\/p>\t\t\t\t\t\t\t\t<\/div>\n\t\t\t\t\t<\/div>\n\t\t\t\t<\/div>\n\t\t<div data-particle_enable=\"false\" data-particle-mobile-disabled=\"false\" class=\"elementor-element elementor-element-a45df2e e-flex e-con-boxed e-con e-parent\" data-id=\"a45df2e\" data-element_type=\"container\" data-e-type=\"container\">\n\t\t\t\t\t<div class=\"e-con-inner\">\n\t\t\t\t<div class=\"elementor-element elementor-element-fa9b5f1 elementor-widget elementor-widget-heading\" data-id=\"fa9b5f1\" data-element_type=\"widget\" data-e-type=\"widget\" data-widget_type=\"heading.default\">\n\t\t\t\t\t<h3 class=\"elementor-heading-title elementor-size-default\">1.\tEstablecer un \u201ctema de conversaci\u00f3n\u201d positivo<\/h3>\t\t\t\t<\/div>\n\t\t\t\t\t<\/div>\n\t\t\t\t<\/div>\n\t\t<div data-particle_enable=\"false\" data-particle-mobile-disabled=\"false\" class=\"elementor-element elementor-element-a31e6bf e-flex e-con-boxed e-con e-parent\" data-id=\"a31e6bf\" data-element_type=\"container\" data-e-type=\"container\">\n\t\t\t\t\t<div class=\"e-con-inner\">\n\t\t\t\t<div class=\"elementor-element elementor-element-8737efb elementor-widget elementor-widget-text-editor\" data-id=\"8737efb\" data-element_type=\"widget\" data-e-type=\"widget\" data-widget_type=\"text-editor.default\">\n\t\t\t\t\t\t\t\t\t<p>Al inicio de la cena, se pueden proponer temas de conversaci\u00f3n que fomenten recuerdos positivos, como \u201c\u00bfCu\u00e1l ha sido el mejor momento de tu a\u00f1o?\u201d o \u201c\u00bfQu\u00e9 est\u00e1s agradecido este a\u00f1o?\u201d. <a href=\"https:\/\/soymigrante-com.translate.goog\/revista\/category\/mejor\/?_x_tr_sl=es&amp;_x_tr_tl=en&amp;_x_tr_hl=en&amp;_x_tr_pto=sc\" target=\"_blank\" rel=\"noopener\">Esto orienta la conversaci\u00f3n hacia aspectos agradables<\/a> y fortalece la conexi\u00f3n entre los miembros de la familia.<\/p>\t\t\t\t\t\t\t\t<\/div>\n\t\t\t\t\t<\/div>\n\t\t\t\t<\/div>\n\t\t<div data-particle_enable=\"false\" data-particle-mobile-disabled=\"false\" class=\"elementor-element elementor-element-ecdba99 e-flex e-con-boxed e-con e-parent\" data-id=\"ecdba99\" data-element_type=\"container\" data-e-type=\"container\">\n\t\t\t\t\t<div class=\"e-con-inner\">\n\t\t\t\t<div class=\"elementor-element elementor-element-1fa936e elementor-widget elementor-widget-heading\" data-id=\"1fa936e\" data-element_type=\"widget\" data-e-type=\"widget\" data-widget_type=\"heading.default\">\n\t\t\t\t\t<h3 class=\"elementor-heading-title elementor-size-default\">2.\tProponer una regla de respeto mutuo<\/h3>\t\t\t\t<\/div>\n\t\t\t\t\t<\/div>\n\t\t\t\t<\/div>\n\t\t<div data-particle_enable=\"false\" data-particle-mobile-disabled=\"false\" class=\"elementor-element elementor-element-75638b0 e-flex e-con-boxed e-con e-parent\" data-id=\"75638b0\" data-element_type=\"container\" data-e-type=\"container\">\n\t\t\t\t\t<div class=\"e-con-inner\">\n\t\t\t\t<div class=\"elementor-element elementor-element-63a5f61 elementor-widget elementor-widget-text-editor\" data-id=\"63a5f61\" data-element_type=\"widget\" data-e-type=\"widget\" data-widget_type=\"text-editor.default\">\n\t\t\t\t\t\t\t\t\t<p>Recordar a todos que, aunque tengan diferentes opiniones, <a href=\"https:\/\/soymigrante-com.translate.goog\/revista\/category\/mejor\/?_x_tr_sl=es&amp;_x_tr_tl=en&amp;_x_tr_hl=en&amp;_x_tr_pto=sc\" target=\"_blank\" rel=\"noopener\">la cena es un momento para disfrutar juntos<\/a>. Si surge alg\u00fan tema sensible, se puede sugerir cambiar de conversaci\u00f3n o invitar a un di\u00e1logo respetuoso sin imponer puntos de vista.<\/p>\t\t\t\t\t\t\t\t<\/div>\n\t\t\t\t\t<\/div>\n\t\t\t\t<\/div>\n\t\t<div data-particle_enable=\"false\" data-particle-mobile-disabled=\"false\" class=\"elementor-element elementor-element-dd1bcec e-flex e-con-boxed e-con e-parent\" data-id=\"dd1bcec\" data-element_type=\"container\" data-e-type=\"container\">\n\t\t\t\t\t<div class=\"e-con-inner\">\n\t\t\t\t<div class=\"elementor-element elementor-element-80d00c2 elementor-widget elementor-widget-image\" data-id=\"80d00c2\" data-element_type=\"widget\" data-e-type=\"widget\" data-widget_type=\"image.default\">\n\t\t\t\t\t\t\t\t\t\t\t\t<figure class=\"wp-caption\">\n\t\t\t\t\t\t\t\t\t\t<img loading=\"lazy\" decoding=\"async\" width=\"682\" height=\"1024\" src=\"https:\/\/soymigrante.com\/revista\/wp-content\/uploads\/2024\/11\/Temas-a-evitar-durante-Accio\u0301n-de-Gracias-y-Navidad6-682x1024.jpeg\" class=\"attachment-large size-large wp-image-13237\" alt=\"Temas a evitar durante Acci\u00f3n de Gracias y Navidad\" srcset=\"https:\/\/soymigrante.com\/revista\/wp-content\/uploads\/2024\/11\/Temas-a-evitar-durante-Accio\u0301n-de-Gracias-y-Navidad6-682x1024.jpeg 682w, https:\/\/soymigrante.com\/revista\/wp-content\/uploads\/2024\/11\/Temas-a-evitar-durante-Accio\u0301n-de-Gracias-y-Navidad6-200x300.jpeg 200w, https:\/\/soymigrante.com\/revista\/wp-content\/uploads\/2024\/11\/Temas-a-evitar-durante-Accio\u0301n-de-Gracias-y-Navidad6-768x1153.jpeg 768w, https:\/\/soymigrante.com\/revista\/wp-content\/uploads\/2024\/11\/Temas-a-evitar-durante-Accio\u0301n-de-Gracias-y-Navidad6-1023x1536.jpeg 1023w, https:\/\/soymigrante.com\/revista\/wp-content\/uploads\/2024\/11\/Temas-a-evitar-durante-Accio\u0301n-de-Gracias-y-Navidad6-750x1126.webp 750w, https:\/\/soymigrante.com\/revista\/wp-content\/uploads\/2024\/11\/Temas-a-evitar-durante-Accio\u0301n-de-Gracias-y-Navidad6.webp 1066w\" sizes=\"(max-width: 682px) 100vw, 682px\" title=\"Temas a evitar durante Acci\u00f3n de Gracias y Navidad \u2013 SoyMigrante.com REVISTA\" \/>\t\t\t\t\t\t\t\t\t\t\t<figcaption class=\"widget-image-caption wp-caption-text\">Foto: Pexels<\/figcaption>\n\t\t\t\t\t\t\t\t\t\t<\/figure>\n\t\t\t\t\t\t\t\t\t<\/div>\n\t\t\t\t\t<\/div>\n\t\t\t\t<\/div>\n\t\t<div data-particle_enable=\"false\" data-particle-mobile-disabled=\"false\" class=\"elementor-element elementor-element-426e02a e-flex e-con-boxed e-con e-parent\" data-id=\"426e02a\" data-element_type=\"container\" data-e-type=\"container\">\n\t\t\t\t\t<div class=\"e-con-inner\">\n\t\t\t\t<div class=\"elementor-element elementor-element-d1d13de elementor-widget elementor-widget-heading\" data-id=\"d1d13de\" data-element_type=\"widget\" data-e-type=\"widget\" data-widget_type=\"heading.default\">\n\t\t\t\t\t<h3 class=\"elementor-heading-title elementor-size-default\">3.\tEvitar la insistencia en preguntas personales<\/h3>\t\t\t\t<\/div>\n\t\t\t\t\t<\/div>\n\t\t\t\t<\/div>\n\t\t<div data-particle_enable=\"false\" data-particle-mobile-disabled=\"false\" class=\"elementor-element elementor-element-f8f7d4d e-flex e-con-boxed e-con e-parent\" data-id=\"f8f7d4d\" data-element_type=\"container\" data-e-type=\"container\">\n\t\t\t\t\t<div class=\"e-con-inner\">\n\t\t\t\t<div class=\"elementor-element elementor-element-38315a2 elementor-widget elementor-widget-text-editor\" data-id=\"38315a2\" data-element_type=\"widget\" data-e-type=\"widget\" data-widget_type=\"text-editor.default\">\n\t\t\t\t\t\t\t\t\t<p>Para algunos, es tentador preguntar sobre temas personales, especialmente si no se ven frecuentemente. Sin embargo, es importante recordar que no todos se sienten c\u00f3modos hablando de su vida personal. <a href=\"https:\/\/soymigrante-com.translate.goog\/revista\/category\/mejor\/?_x_tr_sl=es&amp;_x_tr_tl=en&amp;_x_tr_hl=en&amp;_x_tr_pto=sc\" target=\"_blank\" rel=\"noopener\">Fomentar el respeto por la privacidad ayudar\u00e1 a crear un espacio seguro<\/a> para todos.<\/p>\t\t\t\t\t\t\t\t<\/div>\n\t\t\t\t\t<\/div>\n\t\t\t\t<\/div>\n\t\t<div data-particle_enable=\"false\" data-particle-mobile-disabled=\"false\" class=\"elementor-element elementor-element-f05d666 e-flex e-con-boxed e-con e-parent\" data-id=\"f05d666\" data-element_type=\"container\" data-e-type=\"container\">\n\t\t\t\t\t<div class=\"e-con-inner\">\n\t\t\t\t<div class=\"elementor-element elementor-element-0e17898 elementor-widget elementor-widget-heading\" data-id=\"0e17898\" data-element_type=\"widget\" data-e-type=\"widget\" data-widget_type=\"heading.default\">\n\t\t\t\t\t<h3 class=\"elementor-heading-title elementor-size-default\">4.\tDesignar un mediador<\/h3>\t\t\t\t<\/div>\n\t\t\t\t\t<\/div>\n\t\t\t\t<\/div>\n\t\t<div data-particle_enable=\"false\" data-particle-mobile-disabled=\"false\" class=\"elementor-element elementor-element-fc368a0 e-flex e-con-boxed e-con e-parent\" data-id=\"fc368a0\" data-element_type=\"container\" data-e-type=\"container\">\n\t\t\t\t\t<div class=\"e-con-inner\">\n\t\t\t\t<div class=\"elementor-element elementor-element-734d490 elementor-widget elementor-widget-text-editor\" data-id=\"734d490\" data-element_type=\"widget\" data-e-type=\"widget\" data-widget_type=\"text-editor.default\">\n\t\t\t\t\t\t\t\t\t<p>En caso de que los temas sensibles comiencen a surgir, <a href=\"https:\/\/soymigrante-com.translate.goog\/revista\/category\/mejor\/?_x_tr_sl=es&amp;_x_tr_tl=en&amp;_x_tr_hl=en&amp;_x_tr_pto=sc\" target=\"_blank\" rel=\"noopener\">un miembro de la familia puede asumir el rol de mediador.<\/a> Esta persona podr\u00eda, de forma educada y amable, redirigir la conversaci\u00f3n hacia temas m\u00e1s amenos o recordarle a los presentes la importancia de la armon\u00eda.<\/p>\t\t\t\t\t\t\t\t<\/div>\n\t\t\t\t\t<\/div>\n\t\t\t\t<\/div>\n\t\t<div data-particle_enable=\"false\" data-particle-mobile-disabled=\"false\" class=\"elementor-element elementor-element-1faded2 e-flex e-con-boxed e-con e-parent\" data-id=\"1faded2\" data-element_type=\"container\" data-e-type=\"container\">\n\t\t\t\t\t<div class=\"e-con-inner\">\n\t\t\t\t<div class=\"elementor-element elementor-element-1fb0e0e elementor-widget elementor-widget-text-editor\" data-id=\"1fb0e0e\" data-element_type=\"widget\" data-e-type=\"widget\" data-widget_type=\"text-editor.default\">\n\t\t\t\t\t\t\t\t\t<p>Las diferencias son normales, establecer l\u00edmites sobre ciertos temas y promover el respeto puede hacer de estas celebraciones una experiencia agradable para todos. <a href=\"https:\/\/soymigrante-com.translate.goog\/revista\/category\/mejor\/?_x_tr_sl=es&amp;_x_tr_tl=en&amp;_x_tr_hl=en&amp;_x_tr_pto=sc\" target=\"_blank\" rel=\"noopener\">A trav\u00e9s de la anticipaci\u00f3n y la consideraci\u00f3n mutua, es posible disfrutar de una mesa llena de alegr\u00eda y gratitud,<\/a> centrada en lo que realmente importa.<\/p>\t\t\t\t\t\t\t\t<\/div>\n\t\t\t\t\t<\/div>\n\t\t\t\t<\/div>\n\t\t<div data-particle_enable=\"false\" data-particle-mobile-disabled=\"false\" class=\"elementor-element elementor-element-f3795c6 e-flex e-con-boxed e-con e-parent\" data-id=\"f3795c6\" data-element_type=\"container\" data-e-type=\"container\">\n\t\t\t\t\t<div class=\"e-con-inner\">\n\t\t\t\t<div class=\"elementor-element elementor-element-e5a9441 elementor-widget elementor-widget-heading\" data-id=\"e5a9441\" data-element_type=\"widget\" data-e-type=\"widget\" data-widget_type=\"heading.default\">\n\t\t\t\t\t<h2 class=\"elementor-heading-title elementor-size-default\">Te puede interesar...<\/h2>\t\t\t\t<\/div>\n\t\t\t\t\t<\/div>\n\t\t\t\t<\/div>\n\t\t<div data-particle_enable=\"false\" data-particle-mobile-disabled=\"false\" class=\"elementor-element elementor-element-b20105c e-flex e-con-boxed e-con e-parent\" data-id=\"b20105c\" data-element_type=\"container\" data-e-type=\"container\">\n\t\t\t\t\t<div class=\"e-con-inner\">\n\t\t\t\t<div class=\"elementor-element elementor-element-79a2925 elementor-widget elementor-widget-blfe-post-grid\" data-id=\"79a2925\" data-element_type=\"widget\" data-e-type=\"widget\" data-settings=\"{&quot;columns&quot;:&quot;3&quot;,&quot;columns_tablet&quot;:&quot;6&quot;,&quot;columns_mobile&quot;:&quot;12&quot;,&quot;hero1_layout_column_gap&quot;:{&quot;unit&quot;:&quot;px&quot;,&quot;size&quot;:30,&quot;sizes&quot;:[]},&quot;hero1_layout_column_gap_tablet&quot;:{&quot;unit&quot;:&quot;px&quot;,&quot;size&quot;:&quot;&quot;,&quot;sizes&quot;:[]},&quot;hero1_layout_column_gap_mobile&quot;:{&quot;unit&quot;:&quot;px&quot;,&quot;size&quot;:&quot;&quot;,&quot;sizes&quot;:[]},&quot;hero1_layout_row_gap&quot;:{&quot;unit&quot;:&quot;px&quot;,&quot;size&quot;:30,&quot;sizes&quot;:[]},&quot;hero1_layout_row_gap_tablet&quot;:{&quot;unit&quot;:&quot;px&quot;,&quot;size&quot;:&quot;&quot;,&quot;sizes&quot;:[]},&quot;hero1_layout_row_gap_mobile&quot;:{&quot;unit&quot;:&quot;px&quot;,&quot;size&quot;:&quot;&quot;,&quot;sizes&quot;:[]}}\" data-widget_type=\"blfe-post-grid.hero1\">\n\t\t\t\t<div class=\"elementor-widget-container\">\n\t\t\t\t\t\n                        <div class=\"blfe-post-grid-container \">\n            \n                <div data-skin=\"hero1\" class=\"blfe-row blfe-posts-inner blfe-hero1 blfe-posts-inner blfe-col-3 blfe-col-tab-6 blfe-col-mob-12     \">\n                            <div class=\"blfe-post-grid-item\">\n            <div class=\"blfe-post-grid-item-inner blfe-modern-zoom\">\n                        <div class=\"blfe-post-grid-bg-image\">\n            <a class=\"blfe-post-grid-image-inner\" href=\"https:\/\/soymigrante.com\/revista\/ecoturismo-en-guatemala\/\" title=\"Joya natural en la bocacosta de Chiquimulilla, Santa Rosa\" rel=\"nofollow\" target=\"_blank\"><img decoding=\"async\" src=\"https:\/\/soymigrante.com\/revista\/wp-content\/uploads\/2023\/02\/3-Guate-Nuestra-Chiquimulilla-1-scaled.webp\" alt=\"Joya natural en la bocacosta de Chiquimulilla, Santa Rosa\"\/><\/a>        <\/div>\n                        <div class=\"blfe-post-grid-details\">\n                    <div class=\"blfe-post-grid-details-inner\">\n                        <span class=\"blfe-post-category\"><a href=\"https:\/\/soymigrante.com\/revista\/category\/guate-nuestra\/\">Guate Nuestra<\/a><\/span>                        <h3 class=\"blfe-post-grid-title\">\n            <a href=\"https:\/\/soymigrante.com\/revista\/ecoturismo-en-guatemala\/\" title=\"Joya natural en la bocacosta de Chiquimulilla, Santa Rosa\" rel=\"nofollow\" target=\"_blank\">Joya natural en la bocacosta de Chiquimulilla, Santa Rosa<\/a>\n            <\/h3>                                                            <div class=\"blfe-post-grid-meta\">\n                <span class=\"blfe-post-grid-time\"><i class=\"fas fa-book-reader\"><\/i>3 Min read<\/span>            <\/div>\n                                                        <\/div>\n                <\/div>\n\n            <\/div>\n        <\/div>\n                <div class=\"blfe-post-grid-item\">\n            <div class=\"blfe-post-grid-item-inner blfe-modern-zoom\">\n                        <div class=\"blfe-post-grid-bg-image\">\n            <a class=\"blfe-post-grid-image-inner\" href=\"https:\/\/soymigrante.com\/revista\/indumentaria-tradicional-del-varon-tzutujil\/\" title=\"Legendario \u201cN\u2019skaw\u201d: pantal\u00f3n del var\u00f3n tz&#8217;utuj&#8217;il de San Juan la Laguna\" rel=\"nofollow\" target=\"_blank\"><img decoding=\"async\" src=\"https:\/\/soymigrante.com\/revista\/wp-content\/uploads\/2023\/02\/San-Juan-pantalon-3-ecastro.webp\" alt=\"Legendario \u201cN\u2019skaw\u201d: pantal\u00f3n del var\u00f3n tz&#8217;utuj&#8217;il de San Juan la Laguna\"\/><\/a>        <\/div>\n                        <div class=\"blfe-post-grid-details\">\n                    <div class=\"blfe-post-grid-details-inner\">\n                        <span class=\"blfe-post-category\"><a href=\"https:\/\/soymigrante.com\/revista\/category\/guate-nuestra\/\">Guate Nuestra<\/a><\/span>                        <h3 class=\"blfe-post-grid-title\">\n            <a href=\"https:\/\/soymigrante.com\/revista\/indumentaria-tradicional-del-varon-tzutujil\/\" title=\"Legendario \u201cN\u2019skaw\u201d: pantal\u00f3n del var\u00f3n tz&#8217;utuj&#8217;il de San Juan la Laguna\" rel=\"nofollow\" target=\"_blank\">Legendario \u201cN\u2019skaw\u201d: pantal\u00f3n del var\u00f3n tz&#8217;utuj&#8217;il de San Juan la Laguna<\/a>\n            <\/h3>                                                            <div class=\"blfe-post-grid-meta\">\n                <span class=\"blfe-post-grid-time\"><i class=\"fas fa-book-reader\"><\/i>2 Min read<\/span>            <\/div>\n                                                        <\/div>\n                <\/div>\n\n            <\/div>\n        <\/div>\n                <div class=\"blfe-post-grid-item\">\n            <div class=\"blfe-post-grid-item-inner blfe-modern-zoom\">\n                        <div class=\"blfe-post-grid-bg-image\">\n            <a class=\"blfe-post-grid-image-inner\" href=\"https:\/\/soymigrante.com\/revista\/viaje-en-autobus-extraurbano-de-guatemala\/\" title=\"Cr\u00f3nica: el viaje en camioneta, recuerdo de muchos migrantes\" rel=\"nofollow\" target=\"_blank\"><img decoding=\"async\" src=\"https:\/\/soymigrante.com\/revista\/wp-content\/uploads\/2023\/06\/Camionetas-en-paso-adesnivel-cuatro-caminos-San-Cistobal-Totonicapan.webp\" alt=\"Cr\u00f3nica: el viaje en camioneta, recuerdo de muchos migrantes\"\/><\/a>        <\/div>\n                        <div class=\"blfe-post-grid-details\">\n                    <div class=\"blfe-post-grid-details-inner\">\n                        <span class=\"blfe-post-category\"><a href=\"https:\/\/soymigrante.com\/revista\/category\/guate-nuestra\/\">Guate Nuestra<\/a><\/span>                        <h3 class=\"blfe-post-grid-title\">\n            <a href=\"https:\/\/soymigrante.com\/revista\/viaje-en-autobus-extraurbano-de-guatemala\/\" title=\"Cr\u00f3nica: el viaje en camioneta, recuerdo de muchos migrantes\" rel=\"nofollow\" target=\"_blank\">Cr\u00f3nica: el viaje en camioneta, recuerdo de muchos migrantes<\/a>\n            <\/h3>                                                            <div class=\"blfe-post-grid-meta\">\n                <span class=\"blfe-post-grid-time\"><i class=\"fas fa-book-reader\"><\/i>5 Min read<\/span>            <\/div>\n                                                        <\/div>\n                <\/div>\n\n            <\/div>\n        <\/div>\n                        <\/div>\n\n                        <\/div>\n            \n                        <div class=\"blfe-post-footer\">\n                        <\/div>\n            \t\t\t\t<\/div>\n\t\t\t\t<\/div>\n\t\t\t\t\t<\/div>\n\t\t\t\t<\/div>\n\t\t\t\t<\/div>\n\t\t","protected":false},"excerpt":{"rendered":"<p>Las reuniones familiares son momentos para recordar el amor y el apoyo mutuo, aunque hay temas que se tienen que evitar para no faltar el respeto. Las celebraciones de fin de a\u00f1o, como el D\u00eda de Acci\u00f3n de Gracias y Navidad, suelen ser momentos de uni\u00f3n familiar y disfrute. Sin embargo, estas ocasiones tambi\u00e9n pueden [&hellip;]<\/p>\n","protected":false},"author":1,"featured_media":50089,"comment_status":"open","ping_status":"open","sticky":false,"template":"","format":"standard","meta":{"_acf_changed":false,"_eb_attr":"","footnotes":""},"categories":[55],"tags":[],"class_list":["post-13232","post","type-post","status-publish","format-standard","has-post-thumbnail","hentry","category-bienestar"],"acf":[],"aioseo_notices":[],"aioseo_head":"\n\t\t<!-- All in One SEO Pro 4.9.6.2 - aioseo.com -->\n\t<meta name=\"description\" content=\"\u00a1S\u00fabale s\u00fabale!, \u00bfA d\u00f3nde va? \u00a1llega, llega! Toto, Xela, Guate, San Marcos, Huhue: el viaje tantas veces efectuado en camioneta extraurbana\" \/>\n\t<meta name=\"robots\" content=\"max-snippet:-1, max-image-preview:large, max-video-preview:-1\" \/>\n\t<meta name=\"author\" content=\"Diana Batz\"\/>\n\t<link rel=\"canonical\" href=\"https:\/\/soymigrante.com\/revista\/viaje-en-autobus-extraurbano-de-guatemala\/\" \/>\n\t<meta name=\"generator\" content=\"All in One SEO Pro (AIOSEO) 4.9.6.2\" \/>\n\n\t\t<link rel=\"preconnect\" href=\"https:\/\/fonts.googleapis.com\" crossorigin>\n<link rel=\"preconnect\" href=\"https:\/\/fonts.gstatic.com\" crossorigin>\n\t\t<meta property=\"og:locale\" content=\"es_ES\" \/>\n\t\t<meta property=\"og:site_name\" content=\"SoyMigrante.com REVISTA \u2013 Nuestra misi\u00f3n es reconocer y dignificar al migrante.\" \/>\n\t\t<meta property=\"og:type\" content=\"article\" \/>\n\t\t<meta property=\"og:title\" content=\"Cr\u00f3nica: el viaje en camioneta, recuerdo de muchos migrantes\" \/>\n\t\t<meta property=\"og:description\" content=\"\u00a1S\u00fabale s\u00fabale!, \u00bfA d\u00f3nde va? \u00a1llega, llega! Toto, Xela, Guate, San Marcos, Huhue: el viaje tantas veces efectuado en camioneta extraurbana\" \/>\n\t\t<meta property=\"og:url\" content=\"https:\/\/soymigrante.com\/revista\/viaje-en-autobus-extraurbano-de-guatemala\/\" \/>\n\t\t<meta property=\"og:image\" content=\"https:\/\/soymigrante.com\/revista\/wp-content\/uploads\/2023\/06\/Camionetas-en-paso-adesnivel-cuatro-caminos-San-Cistobal-Totonicapan.webp\" \/>\n\t\t<meta property=\"og:image:secure_url\" content=\"https:\/\/soymigrante.com\/revista\/wp-content\/uploads\/2023\/06\/Camionetas-en-paso-adesnivel-cuatro-caminos-San-Cistobal-Totonicapan.webp\" \/>\n\t\t<meta property=\"og:image:width\" content=\"1101\" \/>\n\t\t<meta property=\"og:image:height\" content=\"619\" \/>\n\t\t<meta property=\"article:published_time\" content=\"2023-06-08T07:30:00+00:00\" \/>\n\t\t<meta property=\"article:modified_time\" content=\"2024-11-01T10:35:50+00:00\" \/>\n\t\t<meta property=\"article:publisher\" content=\"https:\/\/www.facebook.com\/soymigrantecom\" \/>\n\t\t<meta name=\"twitter:card\" content=\"summary_large_image\" \/>\n\t\t<meta name=\"twitter:site\" content=\"@SoyMigrante_com\" \/>\n\t\t<meta name=\"twitter:title\" content=\"Cr\u00f3nica: el viaje en camioneta, recuerdo de muchos migrantes\" \/>\n\t\t<meta name=\"twitter:description\" content=\"\u00a1S\u00fabale s\u00fabale!, \u00bfA d\u00f3nde va? \u00a1llega, llega! Toto, Xela, Guate, San Marcos, Huhue: el viaje tantas veces efectuado en camioneta extraurbana\" \/>\n\t\t<meta name=\"twitter:creator\" content=\"@SoyMigrante_com\" \/>\n\t\t<meta name=\"twitter:image\" content=\"https:\/\/soymigrante.com\/revista\/wp-content\/uploads\/2023\/06\/Camionetas-en-paso-adesnivel-cuatro-caminos-San-Cistobal-Totonicapan.webp\" \/>\n\t\t<!-- All in One SEO Pro -->\r\n\t\t<title>Cr\u00f3nica: el viaje en camioneta, recuerdo de muchos migrantes<\/title>\n\n","aioseo_head_json":{"title":"Cr\u00f3nica: el viaje en camioneta, recuerdo de muchos migrantes","description":"\u00a1S\u00fabale s\u00fabale!, \u00bfA d\u00f3nde va? \u00a1llega, llega! Toto, Xela, Guate, San Marcos, Huhue: el viaje tantas veces efectuado en camioneta extraurbana","canonical_url":"https:\/\/soymigrante.com\/revista\/viaje-en-autobus-extraurbano-de-guatemala\/","robots":"max-snippet:-1, max-image-preview:large, max-video-preview:-1","keywords":"","webmasterTools":{"miscellaneous":"&lt;link rel=\"preconnect\" href=\"https:\/\/fonts.googleapis.com\" crossorigin&gt;\n&lt;link rel=\"preconnect\" href=\"https:\/\/fonts.gstatic.com\" crossorigin&gt;"},"schema":null,"og:locale":"es_ES","og:site_name":"SoyMigrante.com REVISTA \u2013 Nuestra misi\u00f3n es reconocer y dignificar al migrante.","og:type":"article","og:title":"Cr\u00f3nica: el viaje en camioneta, recuerdo de muchos migrantes","og:description":"\u00a1S\u00fabale s\u00fabale!, \u00bfA d\u00f3nde va? \u00a1llega, llega! Toto, Xela, Guate, San Marcos, Huhue: el viaje tantas veces efectuado en camioneta extraurbana","og:url":"https:\/\/soymigrante.com\/revista\/viaje-en-autobus-extraurbano-de-guatemala\/","og:image":"https:\/\/soymigrante.com\/revista\/wp-content\/uploads\/2023\/06\/Camionetas-en-paso-adesnivel-cuatro-caminos-San-Cistobal-Totonicapan.webp","og:image:secure_url":"https:\/\/soymigrante.com\/revista\/wp-content\/uploads\/2023\/06\/Camionetas-en-paso-adesnivel-cuatro-caminos-San-Cistobal-Totonicapan.webp","og:image:width":1101,"og:image:height":619,"article:published_time":"2023-06-08T07:30:00+00:00","article:modified_time":"2024-11-01T10:35:50+00:00","article:publisher":"https:\/\/www.facebook.com\/soymigrantecom","twitter:card":"summary_large_image","twitter:site":"@SoyMigrante_com","twitter:title":"Cr\u00f3nica: el viaje en camioneta, recuerdo de muchos migrantes","twitter:description":"\u00a1S\u00fabale s\u00fabale!, \u00bfA d\u00f3nde va? \u00a1llega, llega! Toto, Xela, Guate, San Marcos, Huhue: el viaje tantas veces efectuado en camioneta extraurbana","twitter:creator":"@SoyMigrante_com","twitter:image":"https:\/\/soymigrante.com\/revista\/wp-content\/uploads\/2023\/06\/Camionetas-en-paso-adesnivel-cuatro-caminos-San-Cistobal-Totonicapan.webp"},"aioseo_meta_data":{"post_id":"13232","title":"Temas que es mejor evitar en la cena de Acci\u00f3n de Gracias","description":"Las reuniones familiares Navidad son muy ansiadas, pero tambi\u00e9n traen memorias. En favor de la armon\u00eda hay temas que resulta mejor evitar traer a colaci\u00f3n.","keywords":null,"keyphrases":{"focus":{"keyphrase":"navidad","score":69,"analysis":{"keyphraseInTitle":{"score":3,"maxScore":9,"error":1},"keyphraseInDescription":{"score":9,"maxScore":9,"error":0},"keyphraseLength":{"score":9,"maxScore":9,"error":0,"length":1},"keyphraseInURL":{"score":5,"maxScore":5,"error":0},"keyphraseInIntroduction":{"score":9,"maxScore":9,"error":0},"keyphraseInSubHeadings":{"score":3,"maxScore":9,"error":1},"keyphraseInImageAlt":{"score":9,"maxScore":9,"error":0},"keywordDensity":{"score":0,"type":"low","maxScore":9,"error":1}}},"additional":[{"keyphrase":"navidad","score":80,"analysis":{"keyphraseInDescription":{"score":9,"maxScore":9,"error":0},"keyphraseLength":{"score":9,"maxScore":9,"error":0,"length":1},"keyphraseInIntroduction":{"score":9,"maxScore":9,"error":0},"keyphraseInImageAlt":{"score":9,"maxScore":9,"error":0},"keywordDensity":{"score":0,"type":"low","maxScore":9,"error":1}}},{"keyphrase":"acci\u00f3n de gracias","score":67,"analysis":{"keyphraseInDescription":{"score":3,"maxScore":9,"error":1},"keyphraseLength":{"score":9,"maxScore":9,"error":0,"length":4},"keyphraseInIntroduction":{"score":9,"maxScore":9,"error":0},"keyphraseInImageAlt":{"score":9,"maxScore":9,"error":0},"keywordDensity":{"score":0,"type":"low","maxScore":9,"error":1}}}]},"primary_term":null,"canonical_url":null,"og_title":null,"og_description":null,"og_object_type":"default","og_image_type":"default","og_image_url":null,"og_image_width":null,"og_image_height":null,"og_image_custom_url":null,"og_image_custom_fields":null,"og_video":"","og_custom_url":null,"og_article_section":null,"og_article_tags":null,"twitter_use_og":false,"twitter_card":"default","twitter_image_type":"default","twitter_image_url":null,"twitter_image_custom_url":null,"twitter_image_custom_fields":null,"twitter_title":null,"twitter_description":null,"schema":{"blockGraphs":[],"customGraphs":[],"default":{"data":{"Article":[],"Course":[],"Dataset":[],"FAQPage":[],"Movie":[],"Person":[],"Product":[],"ProductReview":[],"Car":[],"Recipe":[],"Service":[],"SoftwareApplication":[],"WebPage":[]},"graphName":"NewsArticle","isEnabled":true},"graphs":[]},"schema_type":"default","schema_type_options":null,"pillar_content":false,"robots_default":true,"robots_noindex":false,"robots_noarchive":false,"robots_nosnippet":false,"robots_nofollow":false,"robots_noimageindex":false,"robots_noodp":false,"robots_notranslate":false,"robots_max_snippet":"-1","robots_max_videopreview":"-1","robots_max_imagepreview":"large","priority":null,"frequency":"default","local_seo":null,"seo_analyzer_scan_date":"2025-12-29 20:48:37","breadcrumb_settings":null,"limit_modified_date":false,"reviewed_by":"0","open_ai":"{\"title\":{\"suggestions\":[],\"usage\":0},\"description\":{\"suggestions\":[],\"usage\":0}}","ai":{"faqs":[],"keyPoints":[],"titles":[],"descriptions":[],"socialPosts":{"email":[],"linkedin":[],"twitter":[],"facebook":[],"instagram":[]}},"created":"2024-11-14 17:51:04","updated":"2026-02-05 08:05:02"},"aioseo_breadcrumb":"<div class=\"aioseo-breadcrumbs\"><span class=\"aioseo-breadcrumb\">\n\t<a href=\"https:\/\/soymigrante.com\/revista\" title=\"Home\">Home<\/a>\n<\/span><span class=\"aioseo-breadcrumb-separator\">\u00bb<\/span><span class=\"aioseo-breadcrumb\">\n\t<a href=\"https:\/\/soymigrante.com\/revista\/category\/bienestar\/\" title=\"Bienestar\">Bienestar<\/a>\n<\/span><span class=\"aioseo-breadcrumb-separator\">\u00bb<\/span><span class=\"aioseo-breadcrumb\">\n\tTemas de conversaci\u00f3n que resulta mejor evitar en reuniones familiares navide\u00f1as\n<\/span><\/div>","aioseo_breadcrumb_json":[{"label":"Home","link":"https:\/\/soymigrante.com\/revista"},{"label":"Bienestar","link":"https:\/\/soymigrante.com\/revista\/category\/bienestar\/"},{"label":"Temas de conversaci\u00f3n que resulta mejor evitar en reuniones familiares navide\u00f1as","link":"https:\/\/soymigrante.com\/revista\/temas-que-puede-ser-mejor-evitar-en-las-cenas-de-accion-de-gracias-y-navidad\/"}],"_links":{"self":[{"href":"https:\/\/soymigrante.com\/revista\/wp-json\/wp\/v2\/posts\/13232","targetHints":{"allow":["GET"]}}],"collection":[{"href":"https:\/\/soymigrante.com\/revista\/wp-json\/wp\/v2\/posts"}],"about":[{"href":"https:\/\/soymigrante.com\/revista\/wp-json\/wp\/v2\/types\/post"}],"author":[{"embeddable":true,"href":"https:\/\/soymigrante.com\/revista\/wp-json\/wp\/v2\/users\/1"}],"replies":[{"embeddable":true,"href":"https:\/\/soymigrante.com\/revista\/wp-json\/wp\/v2\/comments?post=13232"}],"version-history":[{"count":3,"href":"https:\/\/soymigrante.com\/revista\/wp-json\/wp\/v2\/posts\/13232\/revisions"}],"predecessor-version":[{"id":50091,"href":"https:\/\/soymigrante.com\/revista\/wp-json\/wp\/v2\/posts\/13232\/revisions\/50091"}],"wp:featuredmedia":[{"embeddable":true,"href":"https:\/\/soymigrante.com\/revista\/wp-json\/wp\/v2\/media\/50089"}],"wp:attachment":[{"href":"https:\/\/soymigrante.com\/revista\/wp-json\/wp\/v2\/media?parent=13232"}],"wp:term":[{"taxonomy":"category","embeddable":true,"href":"https:\/\/soymigrante.com\/revista\/wp-json\/wp\/v2\/categories?post=13232"},{"taxonomy":"post_tag","embeddable":true,"href":"https:\/\/soymigrante.com\/revista\/wp-json\/wp\/v2\/tags?post=13232"}],"curies":[{"name":"wp","href":"https:\/\/api.w.org\/{rel}","templated":true}]}}