{"id":13125,"date":"2024-12-20T16:48:44","date_gmt":"2024-12-20T22:48:44","guid":{"rendered":"https:\/\/soymigrante.com\/revista\/?p=13125"},"modified":"2024-12-21T18:26:33","modified_gmt":"2024-12-22T00:26:33","slug":"suman-mas-de-66-mil-las-deportacioens-de-guatemaltecos-en-2024","status":"publish","type":"post","link":"https:\/\/soymigrante.com\/revista\/suman-mas-de-66-mil-las-deportacioens-de-guatemaltecos-en-2024\/","title":{"rendered":"Suman m\u00e1s de 66 mil las deportacioens de guatemaltecos en  2024"},"content":{"rendered":"\t\t<div data-elementor-type=\"wp-post\" data-elementor-id=\"13125\" class=\"elementor elementor-13125\" data-elementor-post-type=\"post\">\n\t\t\t\t<div data-particle_enable=\"false\" data-particle-mobile-disabled=\"false\" class=\"elementor-element elementor-element-a45861e e-flex e-con-boxed e-con e-parent\" data-id=\"a45861e\" data-element_type=\"container\" data-e-type=\"container\">\n\t\t\t\t\t<div class=\"e-con-inner\">\n\t\t\t\t<div class=\"elementor-element elementor-element-6e69214 elementor-widget elementor-widget-heading\" data-id=\"6e69214\" data-element_type=\"widget\" data-e-type=\"widget\" data-widget_type=\"heading.default\">\n\t\t\t\t\t<h2 class=\"elementor-heading-title elementor-size-default\">En el pr\u00f3ximo gobierno de Donald Trump se temen deportaciones masivas, pero la cifra guatemaltecos enviados desde Estados Unidos ya es enorme, seg\u00fan analistas, pues representa en incremento en comparaci\u00f3n al 2023.  \n<\/h2>\t\t\t\t<\/div>\n\t\t\t\t\t<\/div>\n\t\t\t\t<\/div>\n\t\t<div data-particle_enable=\"false\" data-particle-mobile-disabled=\"false\" class=\"elementor-element elementor-element-c97a6a0 e-flex e-con-boxed e-con e-parent\" data-id=\"c97a6a0\" data-element_type=\"container\" data-e-type=\"container\">\n\t\t\t\t\t<div class=\"e-con-inner\">\n\t\t\t\t<div class=\"elementor-element elementor-element-31c6992 elementor-widget elementor-widget-text-editor\" data-id=\"31c6992\" data-element_type=\"widget\" data-e-type=\"widget\" data-widget_type=\"text-editor.default\">\n\t\t\t\t\t\t\t\t\t<p>El <a href=\"https:\/\/igm.gob.gt\/informes-estadisticos\/\" target=\"_blank\" rel=\"noopener\">aumento en las deportaciones de guatemaltecos desde Estados Unidos<\/a> es una realidad preocupante en 2024. Las pol\u00edticas migratorias m\u00e1s estrictas, especialmente tras el fin del T\u00edtulo 42, han contribuido a una mayor cantidad de retornados, generando un impacto significativo en las familias y comunidades de origen en Guatemala.<\/p><p>A lo largo de este a\u00f1o, el<a href=\"https:\/\/igm.gob.gt\/\" target=\"_blank\" rel=\"noopener\"> Instituto Guatemalteco de Migraci\u00f3n (IGM)<\/a> ha registrado una intensificaci\u00f3n en la llegada de guatemaltecos deportados, un incremento que ya se ve\u00eda desde 2023 y que afecta en mayor medida a personas de departamentos ind\u00edgenas como Huehuetenango, Quich\u00e9 y San Marcos.<\/p>\t\t\t\t\t\t\t\t<\/div>\n\t\t\t\t\t<\/div>\n\t\t\t\t<\/div>\n\t\t<div data-particle_enable=\"false\" data-particle-mobile-disabled=\"false\" class=\"elementor-element elementor-element-fd8cc09 e-flex e-con-boxed e-con e-parent\" data-id=\"fd8cc09\" data-element_type=\"container\" data-e-type=\"container\">\n\t\t\t\t\t<div class=\"e-con-inner\">\n\t\t\t\t<div class=\"elementor-element elementor-element-9f4c4e3 elementor-widget elementor-widget-text-editor\" data-id=\"9f4c4e3\" data-element_type=\"widget\" data-e-type=\"widget\" data-widget_type=\"text-editor.default\">\n\t\t\t\t\t\t\t\t\t<p>En 2023, <strong><a href=\"https:\/\/igm.gob.gt\/informes-estadisticos\/\" target=\"_blank\" rel=\"noopener\">Guatemala recibi\u00f3 55,302 deportados desde Estados Unidos, un aumento del 35.8% comparado con 2022, y se espera que 2024 cierre con cifras a\u00fan m\u00e1s altas<\/a><\/strong> debido al cambio en las normativas migratorias en Estados Unidos. Hasta ahora se cuentan 66 mil 435 deportaciones.\u00a0<\/p>\t\t\t\t\t\t\t\t<\/div>\n\t\t\t\t\t<\/div>\n\t\t\t\t<\/div>\n\t\t<div data-particle_enable=\"false\" data-particle-mobile-disabled=\"false\" class=\"elementor-element elementor-element-950532a e-flex e-con-boxed e-con e-parent\" data-id=\"950532a\" data-element_type=\"container\" data-e-type=\"container\">\n\t\t\t\t\t<div class=\"e-con-inner\">\n\t\t\t\t\t<\/div>\n\t\t\t\t<\/div>\n\t\t<div data-particle_enable=\"false\" data-particle-mobile-disabled=\"false\" class=\"elementor-element elementor-element-0c82d4d e-flex e-con-boxed e-con e-parent\" data-id=\"0c82d4d\" data-element_type=\"container\" data-e-type=\"container\">\n\t\t\t\t\t<div class=\"e-con-inner\">\n\t\t\t\t<div class=\"elementor-element elementor-element-c2b8c0a elementor-widget elementor-widget-heading\" data-id=\"c2b8c0a\" data-element_type=\"widget\" data-e-type=\"widget\" data-widget_type=\"heading.default\">\n\t\t\t\t\t<h3 class=\"elementor-heading-title elementor-size-default\">\u00bfDe d\u00f3nde son las deportaciones?<\/h3>\t\t\t\t<\/div>\n\t\t\t\t\t<\/div>\n\t\t\t\t<\/div>\n\t\t<div data-particle_enable=\"false\" data-particle-mobile-disabled=\"false\" class=\"elementor-element elementor-element-5eb8872 e-flex e-con-boxed e-con e-parent\" data-id=\"5eb8872\" data-element_type=\"container\" data-e-type=\"container\">\n\t\t\t\t\t<div class=\"e-con-inner\">\n\t\t\t\t<div class=\"elementor-element elementor-element-401a9bb elementor-widget elementor-widget-text-editor\" data-id=\"401a9bb\" data-element_type=\"widget\" data-e-type=\"widget\" data-widget_type=\"text-editor.default\">\n\t\t\t\t\t\t\t\t\t<p>Las deportaciones son especialmente frecuentes desde los estados fronterizos de <a href=\"https:\/\/igm.gob.gt\/informes-estadisticos\/\" target=\"_blank\" rel=\"noopener\">Texas y Arizona, donde se encuentran puntos de cruce como El Paso y San Antonio.<\/a> Estos puntos se han convertido en epicentros de detenci\u00f3n para los migrantes centroamericanos, quienes, tras ser capturados, son trasladados a centros de detenci\u00f3n en condiciones dif\u00edciles para luego ser retornados a Guatemala.<\/p><p>Adem\u00e1s del doloroso proceso de deportaci\u00f3n, el aumento de retornados plantea retos significativos en la integraci\u00f3n de estas personas.<\/p><p>Muchos de los<a href=\"https:\/\/igm.gob.gt\/informes-estadisticos\/\" target=\"_blank\" rel=\"noopener\"> migrantes retornan con deudas y sin haber alcanzado los objetivos econ\u00f3micos<\/a> por los que arriesgaron sus vidas para cruzar la frontera. Seg\u00fan los testimonios de algunos deportados, las semanas en centros de detenci\u00f3n en EE.UU. son extremadamente dif\u00edciles, ya que muchos no cuentan con servicios adecuados ni suficiente alimento.<\/p>\t\t\t\t\t\t\t\t<\/div>\n\t\t\t\t\t<\/div>\n\t\t\t\t<\/div>\n\t\t<div data-particle_enable=\"false\" data-particle-mobile-disabled=\"false\" class=\"elementor-element elementor-element-dfedf68 e-flex e-con-boxed e-con e-parent\" data-id=\"dfedf68\" data-element_type=\"container\" data-e-type=\"container\">\n\t\t\t\t\t<div class=\"e-con-inner\">\n\t\t\t\t<div class=\"elementor-element elementor-element-fdecda0 elementor-grid-eael-col-1 elementor-grid-tablet-eael-col-2 elementor-grid-mobile-eael-col-1 elementor-widget elementor-widget-eael-post-grid\" data-id=\"fdecda0\" data-element_type=\"widget\" data-e-type=\"widget\" data-settings=\"{&quot;eael_post_grid_columns&quot;:&quot;eael-col-1&quot;,&quot;eael_post_grid_columns_tablet&quot;:&quot;eael-col-2&quot;,&quot;eael_post_grid_columns_mobile&quot;:&quot;eael-col-1&quot;}\" data-widget_type=\"eael-post-grid.default\">\n\t\t\t\t\t<div id=\"eael-post-grid-fdecda0\" class=\"eael-post-grid-container\">\n            <div class=\"eael-post-grid eael-post-appender eael-post-appender-fdecda0 eael-post-grid-style-one\" data-layout-mode=\"masonry\"><article class=\"eael-grid-post  eael-post-grid-column eael-pg-post-12574 category-estamos-unidos tags-remesas-migrantes\" data-id=\"12574\">\n        <div class=\"eael-grid-post-holder\">\n            <div class=\"eael-grid-post-holder-inner\"><div class=\"eael-entry-media\"><div class=\"eael-entry-overlay fade-in\"><i class=\"far fa-hand-pointer\" aria-hidden=\"true\"><\/i><a href=\"https:\/\/soymigrante.com\/revista\/millones-en-remesas-migrantes-apuntan-a-record-2024\/\"><\/a><\/div><div class=\"eael-entry-thumbnail \">\n                <img fetchpriority=\"high\" decoding=\"async\" width=\"624\" height=\"624\" src=\"https:\/\/soymigrante.com\/revista\/wp-content\/uploads\/2024\/11\/remesa-migrante-envio.webp\" class=\"attachment-large size-large wp-image-12575\" alt=\"Transferencias internacionales para migrantes en Guatemala Revista SoyMigrante.com, informaci\u00f3n sobre pagos y tasas en d\u00f3lares y moneda local, gu\u00eda para migrantes y comunidad migrante.\" srcset=\"https:\/\/soymigrante.com\/revista\/wp-content\/uploads\/2024\/11\/remesa-migrante-envio.webp 624w, https:\/\/soymigrante.com\/revista\/wp-content\/uploads\/2024\/11\/remesa-migrante-envio-300x300.webp 300w, https:\/\/soymigrante.com\/revista\/wp-content\/uploads\/2024\/11\/remesa-migrante-envio-150x150.webp 150w, https:\/\/soymigrante.com\/revista\/wp-content\/uploads\/2024\/11\/remesa-migrante-envio-75x75.webp 75w\" sizes=\"(max-width: 624px) 100vw, 624px\" \/>\n            <\/div>\n        <\/div><div class=\"eael-entry-wrapper\"><header class=\"eael-entry-header\"><h2 class=\"eael-entry-title\"><a class=\"eael-grid-post-link\" href=\"https:\/\/soymigrante.com\/revista\/millones-en-remesas-migrantes-apuntan-a-record-2024\/\" title=\"Migrantes env\u00edan US$1 mil 734 millones en remesas en noviembre y se prev\u00e9 nuevo r\u00e9cord en 2024\">Migrantes env\u00edan US$1 mil 734 millones en remesas en noviembre y se prev\u00e9 nuevo r\u00e9cord en 2024<\/a><\/h2><\/header><div class=\"eael-entry-content\">\n                        <div class=\"eael-grid-post-excerpt\"><a href=\"https:\/\/soymigrante.com\/revista\/millones-en-remesas-migrantes-apuntan-a-record-2024\/\" class=\"eael-post-elements-readmore-btn\">CONOCE SU HISTORIA <\/a><\/div>\n                    <\/div><\/div><\/div>\n        <\/div>\n    <\/article><\/div>\n            <div class=\"clearfix\"><\/div>\n        <\/div>\t\t\t\t<\/div>\n\t\t\t\t\t<\/div>\n\t\t\t\t<\/div>\n\t\t<div data-particle_enable=\"false\" data-particle-mobile-disabled=\"false\" class=\"elementor-element elementor-element-618810f e-flex e-con-boxed e-con e-parent\" data-id=\"618810f\" data-element_type=\"container\" data-e-type=\"container\">\n\t\t\t\t\t<div class=\"e-con-inner\">\n\t\t\t\t<div class=\"elementor-element elementor-element-8903ed5 elementor-widget elementor-widget-heading\" data-id=\"8903ed5\" data-element_type=\"widget\" data-e-type=\"widget\" data-widget_type=\"heading.default\">\n\t\t\t\t\t<h3 class=\"elementor-heading-title elementor-size-default\">Papel de las remesas en Guatemala<\/h3>\t\t\t\t<\/div>\n\t\t\t\t\t<\/div>\n\t\t\t\t<\/div>\n\t\t<div data-particle_enable=\"false\" data-particle-mobile-disabled=\"false\" class=\"elementor-element elementor-element-37bdb3b e-flex e-con-boxed e-con e-parent\" data-id=\"37bdb3b\" data-element_type=\"container\" data-e-type=\"container\">\n\t\t\t\t\t<div class=\"e-con-inner\">\n\t\t\t\t<div class=\"elementor-element elementor-element-b7d4541 elementor-widget elementor-widget-text-editor\" data-id=\"b7d4541\" data-element_type=\"widget\" data-e-type=\"widget\" data-widget_type=\"text-editor.default\">\n\t\t\t\t\t\t\t\t\t<p>A pesar del alto n\u00famero de deportaciones, la comunidad guatemalteca en Estados Unidos sigue siendo crucial para la econom\u00eda de <a href=\"https:\/\/soymigrante.com\/revista\/us2-mil-millones-en-remesas-migrantes-en-octubre-apuntan-a-record-de-envios-en-2024\/\" target=\"_blank\" rel=\"noopener\">Guatemala a trav\u00e9s del env\u00edo de remesas.<\/a><\/p><p>En 2023, las remesas alcanzaron cifras r\u00e9cord y, de hecho, constituyen una de las principales fuentes de ingresos para la econom\u00eda guatemalteca.<\/p><p>Estas remesas, enviadas mensualmente por miles de migrantes, <a href=\"https:\/\/soymigrante.com\/revista\/us2-mil-millones-en-remesas-migrantes-en-octubre-apuntan-a-record-de-envios-en-2024\/\" target=\"_blank\" rel=\"noopener\">son esenciales para el sustento de las familias en comunidades rurales y urbanas en todo el pa\u00eds,<\/a> quienes dependen de este dinero para cubrir necesidades b\u00e1sicas como alimentaci\u00f3n, vivienda y educaci\u00f3n.<\/p>\t\t\t\t\t\t\t\t<\/div>\n\t\t\t\t\t<\/div>\n\t\t\t\t<\/div>\n\t\t<div data-particle_enable=\"false\" data-particle-mobile-disabled=\"false\" class=\"elementor-element elementor-element-aa917d3 e-flex e-con-boxed e-con e-parent\" data-id=\"aa917d3\" data-element_type=\"container\" data-e-type=\"container\">\n\t\t\t\t\t<div class=\"e-con-inner\">\n\t\t\t\t<div class=\"elementor-element elementor-element-0bc1a36 elementor-grid-eael-col-1 elementor-grid-tablet-eael-col-2 elementor-grid-mobile-eael-col-1 elementor-widget elementor-widget-eael-post-grid\" data-id=\"0bc1a36\" data-element_type=\"widget\" data-e-type=\"widget\" data-settings=\"{&quot;eael_post_grid_columns&quot;:&quot;eael-col-1&quot;,&quot;eael_post_grid_columns_tablet&quot;:&quot;eael-col-2&quot;,&quot;eael_post_grid_columns_mobile&quot;:&quot;eael-col-1&quot;}\" data-widget_type=\"eael-post-grid.default\">\n\t\t\t\t\t<div id=\"eael-post-grid-0bc1a36\" class=\"eael-post-grid-container\">\n            <div class=\"eael-post-grid eael-post-appender eael-post-appender-0bc1a36 eael-post-grid-style-one\" data-layout-mode=\"masonry\"><article class=\"eael-grid-post  eael-post-grid-column eael-pg-post-17069 category-editorial\" data-id=\"17069\">\n        <div class=\"eael-grid-post-holder\">\n            <div class=\"eael-grid-post-holder-inner\"><div class=\"eael-entry-media\"><div class=\"eael-entry-overlay fade-in\"><i class=\"far fa-hand-pointer\" aria-hidden=\"true\"><\/i><a href=\"https:\/\/soymigrante.com\/revista\/corazon-migrante-vuela-alto-trabaja-duro-y-suena-una-patria-mejor\/\"><\/a><\/div><div class=\"eael-entry-thumbnail \">\n                <img decoding=\"async\" width=\"810\" height=\"810\" src=\"https:\/\/soymigrante.com\/revista\/wp-content\/uploads\/2024\/12\/dia-del-migrante-2.webp\" class=\"attachment-large size-large wp-image-17071\" alt=\"Guatemaltecos y estadounidenses participan en una manifestaci\u00f3n con banderas de Guatemala y Estados Unidos en un parque al aire libre.\" srcset=\"https:\/\/soymigrante.com\/revista\/wp-content\/uploads\/2024\/12\/dia-del-migrante-2.webp 810w, https:\/\/soymigrante.com\/revista\/wp-content\/uploads\/2024\/12\/dia-del-migrante-2-300x300.jpg 300w, https:\/\/soymigrante.com\/revista\/wp-content\/uploads\/2024\/12\/dia-del-migrante-2-150x150.jpg 150w, https:\/\/soymigrante.com\/revista\/wp-content\/uploads\/2024\/12\/dia-del-migrante-2-768x768.jpg 768w, https:\/\/soymigrante.com\/revista\/wp-content\/uploads\/2024\/12\/dia-del-migrante-2-75x75.webp 75w, https:\/\/soymigrante.com\/revista\/wp-content\/uploads\/2024\/12\/dia-del-migrante-2-750x750.webp 750w\" sizes=\"(max-width: 810px) 100vw, 810px\" \/>\n            <\/div>\n        <\/div><div class=\"eael-entry-wrapper\"><header class=\"eael-entry-header\"><h2 class=\"eael-entry-title\"><a class=\"eael-grid-post-link\" href=\"https:\/\/soymigrante.com\/revista\/corazon-migrante-vuela-alto-trabaja-duro-y-suena-una-patria-mejor\/\" title=\"Coraz\u00f3n migrante vuela alto, trabaja duro y sue\u00f1a una patria mejor\">Coraz\u00f3n migrante vuela alto, trabaja duro y sue\u00f1a una patria mejor<\/a><\/h2><\/header><div class=\"eael-entry-content\">\n                        <div class=\"eael-grid-post-excerpt\"><a href=\"https:\/\/soymigrante.com\/revista\/corazon-migrante-vuela-alto-trabaja-duro-y-suena-una-patria-mejor\/\" class=\"eael-post-elements-readmore-btn\">CONOCE SU HISTORIA <\/a><\/div>\n                    <\/div><\/div><\/div>\n        <\/div>\n    <\/article><\/div>\n            <div class=\"clearfix\"><\/div>\n        <\/div>\t\t\t\t<\/div>\n\t\t\t\t\t<\/div>\n\t\t\t\t<\/div>\n\t\t<div data-particle_enable=\"false\" data-particle-mobile-disabled=\"false\" class=\"elementor-element elementor-element-a306e1a e-flex e-con-boxed e-con e-parent\" data-id=\"a306e1a\" data-element_type=\"container\" data-e-type=\"container\">\n\t\t\t\t\t<div class=\"e-con-inner\">\n\t\t\t\t<div class=\"elementor-element elementor-element-139e048 elementor-widget elementor-widget-heading\" data-id=\"139e048\" data-element_type=\"widget\" data-e-type=\"widget\" data-widget_type=\"heading.default\">\n\t\t\t\t\t<h3 class=\"elementor-heading-title elementor-size-default\">Remesas en el presupuesto<\/h3>\t\t\t\t<\/div>\n\t\t\t\t\t<\/div>\n\t\t\t\t<\/div>\n\t\t<div data-particle_enable=\"false\" data-particle-mobile-disabled=\"false\" class=\"elementor-element elementor-element-44bc6f8 e-flex e-con-boxed e-con e-parent\" data-id=\"44bc6f8\" data-element_type=\"container\" data-e-type=\"container\">\n\t\t\t\t\t<div class=\"e-con-inner\">\n\t\t\t\t<div class=\"elementor-element elementor-element-134d9dc elementor-widget elementor-widget-text-editor\" data-id=\"134d9dc\" data-element_type=\"widget\" data-e-type=\"widget\" data-widget_type=\"text-editor.default\">\n\t\t\t\t\t\t\t\t\t<p>En 2024, se prev\u00e9 que las remesas mantengan un crecimiento sostenido a pesar de los desaf\u00edos migratorios. Seg\u00fan datos del Banco de Guatemala, las remesas han mostrado un incremento <a href=\"https:\/\/soymigrante.com\/revista\/us2-mil-millones-en-remesas-migrantes-en-octubre-apuntan-a-record-de-envios-en-2024\/\" target=\"_blank\" rel=\"noopener\">del 8% en comparaci\u00f3n con 2023, llegando a superar los 18,000 millones de d\u00f3lares anuales.<\/a><\/p><p>Este dinero representa casi el 15% del Producto Interno Bruto (PIB) del pa\u00eds y es un factor clave para mejorar la calidad de vida en muchas zonas que dependen de esta fuente de ingresos.<\/p><p>Sin embargo, el incremento en las deportaciones plantea una amenaza a la estabilidad de estas remesas, ya que, si el n\u00famero de guatemaltecos retornados contin\u00faa en aumento, las familias podr\u00edan ver una disminuci\u00f3n en los recursos que reciben desde Estados Unidos.<\/p>\t\t\t\t\t\t\t\t<\/div>\n\t\t\t\t\t<\/div>\n\t\t\t\t<\/div>\n\t\t<div data-particle_enable=\"false\" data-particle-mobile-disabled=\"false\" class=\"elementor-element elementor-element-d2d7fd3 e-flex e-con-boxed e-con e-parent\" data-id=\"d2d7fd3\" data-element_type=\"container\" data-e-type=\"container\">\n\t\t\t\t\t<div class=\"e-con-inner\">\n\t\t\t\t<div class=\"elementor-element elementor-element-bbf8aa6 elementor-widget elementor-widget-heading\" data-id=\"bbf8aa6\" data-element_type=\"widget\" data-e-type=\"widget\" data-widget_type=\"heading.default\">\n\t\t\t\t\t<h2 class=\"elementor-heading-title elementor-size-default\">Panorama complicado pero debe prevalecer la serenidad y las instituciones <\/h2>\t\t\t\t<\/div>\n\t\t\t\t\t<\/div>\n\t\t\t\t<\/div>\n\t\t<div data-particle_enable=\"false\" data-particle-mobile-disabled=\"false\" class=\"elementor-element elementor-element-0bef50b e-flex e-con-boxed e-con e-parent\" data-id=\"0bef50b\" data-element_type=\"container\" data-e-type=\"container\">\n\t\t\t\t\t<div class=\"e-con-inner\">\n\t\t\t\t<div class=\"elementor-element elementor-element-8286773 elementor-widget elementor-widget-text-editor\" data-id=\"8286773\" data-element_type=\"widget\" data-e-type=\"widget\" data-widget_type=\"text-editor.default\">\n\t\t\t\t\t\t\t\t\t<p>\u201c<em>La comunidad migrante enfrenta una dualidad: por un lado, siguen enviando remesas, y por otro, enfrentan un contexto de vulnerabilidad, especialmente con los recientes ajustes en la pol\u00edtica migratoria de Estados Unidos<\/em>\u201d, coment\u00f3 Armando Castro, analista en temas de migraci\u00f3n.<\/p><p>La situaci\u00f3n actual refleja la necesidad de implementar programas de reintegraci\u00f3n en Guatemala que apoyen a <a href=\"https:\/\/soymigrante.com\/revista\/us2-mil-millones-en-remesas-migrantes-en-octubre-apuntan-a-record-de-envios-en-2024\/\" target=\"_blank\" rel=\"noopener\">los deportados para que puedan establecerse en el pa\u00eds y contribuir econ\u00f3micamente.<\/a><\/p><p>Al mismo tiempo, organismos como el IGM y la Canciller\u00eda guatemalteca contin\u00faan trabajando en medidas de apoyo para los migrantes en Estados Unidos, tanto en la protecci\u00f3n de sus derechos como en la promoci\u00f3n de v\u00edas legales para la migraci\u00f3n.<\/p><p>\u201c<em>Entre los retos importantes tanto para los migrantes guatemaltecos como para el propio gobierno de Guatemala, es que necesita reforzar sus pol\u00edticas de apoyo a los retornados y buscar alternativas de desarrollo econ\u00f3mico en las regiones m\u00e1s afectadas por la migraci\u00f3n<\/em>\u201d, coment\u00f3 Andr\u00e9s Oliva, analista en migraci\u00f3n.<\/p>\t\t\t\t\t\t\t\t<\/div>\n\t\t\t\t\t<\/div>\n\t\t\t\t<\/div>\n\t\t<div data-particle_enable=\"false\" data-particle-mobile-disabled=\"false\" class=\"elementor-element elementor-element-e7f7cd8 e-flex e-con-boxed e-con e-parent\" data-id=\"e7f7cd8\" data-element_type=\"container\" data-e-type=\"container\">\n\t\t\t\t\t<div class=\"e-con-inner\">\n\t\t\t\t<div class=\"elementor-element elementor-element-cf22cb4 elementor-widget elementor-widget-heading\" data-id=\"cf22cb4\" data-element_type=\"widget\" data-e-type=\"widget\" data-widget_type=\"heading.default\">\n\t\t\t\t\t<h2 class=\"elementor-heading-title elementor-size-default\">Te puede interesar...<\/h2>\t\t\t\t<\/div>\n\t\t\t\t\t<\/div>\n\t\t\t\t<\/div>\n\t\t<div data-particle_enable=\"false\" data-particle-mobile-disabled=\"false\" class=\"elementor-element elementor-element-7a45c6a e-flex e-con-boxed e-con e-parent\" data-id=\"7a45c6a\" data-element_type=\"container\" data-e-type=\"container\">\n\t\t\t\t\t<div class=\"e-con-inner\">\n\t\t\t\t<div class=\"elementor-element elementor-element-e6dda6a elementor-widget elementor-widget-blfe-post-grid\" data-id=\"e6dda6a\" data-element_type=\"widget\" data-e-type=\"widget\" data-settings=\"{&quot;columns&quot;:&quot;3&quot;,&quot;columns_tablet&quot;:&quot;6&quot;,&quot;columns_mobile&quot;:&quot;12&quot;,&quot;hero1_layout_column_gap&quot;:{&quot;unit&quot;:&quot;px&quot;,&quot;size&quot;:30,&quot;sizes&quot;:[]},&quot;hero1_layout_column_gap_tablet&quot;:{&quot;unit&quot;:&quot;px&quot;,&quot;size&quot;:&quot;&quot;,&quot;sizes&quot;:[]},&quot;hero1_layout_column_gap_mobile&quot;:{&quot;unit&quot;:&quot;px&quot;,&quot;size&quot;:&quot;&quot;,&quot;sizes&quot;:[]},&quot;hero1_layout_row_gap&quot;:{&quot;unit&quot;:&quot;px&quot;,&quot;size&quot;:30,&quot;sizes&quot;:[]},&quot;hero1_layout_row_gap_tablet&quot;:{&quot;unit&quot;:&quot;px&quot;,&quot;size&quot;:&quot;&quot;,&quot;sizes&quot;:[]},&quot;hero1_layout_row_gap_mobile&quot;:{&quot;unit&quot;:&quot;px&quot;,&quot;size&quot;:&quot;&quot;,&quot;sizes&quot;:[]}}\" data-widget_type=\"blfe-post-grid.hero1\">\n\t\t\t\t<div class=\"elementor-widget-container\">\n\t\t\t\t\t\n                        <div class=\"blfe-post-grid-container \">\n            \n                <div data-skin=\"hero1\" class=\"blfe-row blfe-posts-inner blfe-hero1 blfe-posts-inner blfe-col-3 blfe-col-tab-6 blfe-col-mob-12     \">\n                            <div class=\"blfe-post-grid-item\">\n            <div class=\"blfe-post-grid-item-inner blfe-modern-zoom\">\n                        <div class=\"blfe-post-grid-bg-image\">\n            <a class=\"blfe-post-grid-image-inner\" href=\"https:\/\/soymigrante.com\/revista\/tramite-de-la-tarjeta-de-residencia-o-green-card\/\" title=\"El anhelado tr\u00e1mite de la Green Card: requisitos y pasos\" rel=\"nofollow\" target=\"_blank\"><img decoding=\"async\" src=\"https:\/\/soymigrante.com\/revista\/wp-content\/uploads\/2023\/03\/bandera-y-green-card.webp\" alt=\"El anhelado tr\u00e1mite de la Green Card: requisitos y pasos\"\/><\/a>        <\/div>\n                        <div class=\"blfe-post-grid-details\">\n                    <div class=\"blfe-post-grid-details-inner\">\n                        <span class=\"blfe-post-category\"><a href=\"https:\/\/soymigrante.com\/revista\/category\/recursos-migratorios\/\">Recursos Migratorios<\/a><\/span>                        <h3 class=\"blfe-post-grid-title\">\n            <a href=\"https:\/\/soymigrante.com\/revista\/tramite-de-la-tarjeta-de-residencia-o-green-card\/\" title=\"El anhelado tr\u00e1mite de la Green Card: requisitos y pasos\" rel=\"nofollow\" target=\"_blank\">El anhelado tr\u00e1mite de la Green Card: requisitos y pasos<\/a>\n            <\/h3>                                                            <div class=\"blfe-post-grid-meta\">\n                <span class=\"blfe-post-grid-time\"><i class=\"fas fa-book-reader\"><\/i>5 Min read<\/span>            <\/div>\n                                                        <\/div>\n                <\/div>\n\n            <\/div>\n        <\/div>\n                <div class=\"blfe-post-grid-item\">\n            <div class=\"blfe-post-grid-item-inner blfe-modern-zoom\">\n                        <div class=\"blfe-post-grid-bg-image\">\n            <a class=\"blfe-post-grid-image-inner\" href=\"https:\/\/soymigrante.com\/revista\/proceso-para-tramitar-la-residencia-permanente-en-eeuu-para-un-familiar\/\" title=\"Proceso para tramitar la residencia permanente en EE.UU. para un familiar\" rel=\"nofollow\" target=\"_blank\"><img decoding=\"async\" src=\"https:\/\/soymigrante.com\/revista\/wp-content\/uploads\/2023\/03\/SoyM_Ilust_2-80.webp\" alt=\"Proceso para tramitar la residencia permanente en EE.UU. para un familiar\"\/><\/a>        <\/div>\n                        <div class=\"blfe-post-grid-details\">\n                    <div class=\"blfe-post-grid-details-inner\">\n                        <span class=\"blfe-post-category\"><a href=\"https:\/\/soymigrante.com\/revista\/category\/recursos-migratorios\/\">Recursos Migratorios<\/a><\/span>                        <h3 class=\"blfe-post-grid-title\">\n            <a href=\"https:\/\/soymigrante.com\/revista\/proceso-para-tramitar-la-residencia-permanente-en-eeuu-para-un-familiar\/\" title=\"Proceso para tramitar la residencia permanente en EE.UU. para un familiar\" rel=\"nofollow\" target=\"_blank\">Proceso para tramitar la residencia permanente en EE.UU. para un familiar<\/a>\n            <\/h3>                                                            <div class=\"blfe-post-grid-meta\">\n                <span class=\"blfe-post-grid-time\"><i class=\"fas fa-book-reader\"><\/i>7 Min read<\/span>            <\/div>\n                                                        <\/div>\n                <\/div>\n\n            <\/div>\n        <\/div>\n                <div class=\"blfe-post-grid-item\">\n            <div class=\"blfe-post-grid-item-inner blfe-modern-zoom\">\n                        <div class=\"blfe-post-grid-bg-image\">\n            <a class=\"blfe-post-grid-image-inner\" href=\"https:\/\/soymigrante.com\/revista\/tramite-gratuito-de-dpi-para-retornados-a-guatemala\/\" title=\"Tr\u00e1mite gratuito de DPI para retornados a Guatemala\" rel=\"nofollow\" target=\"_blank\"><img decoding=\"async\" src=\"https:\/\/soymigrante.com\/revista\/wp-content\/uploads\/2023\/03\/dpi-cortesia-la-hora.webp\" alt=\"Tr\u00e1mite gratuito de DPI para retornados a Guatemala\"\/><\/a>        <\/div>\n                        <div class=\"blfe-post-grid-details\">\n                    <div class=\"blfe-post-grid-details-inner\">\n                        <span class=\"blfe-post-category\"><a href=\"https:\/\/soymigrante.com\/revista\/category\/recursos-migratorios\/\">Recursos Migratorios<\/a><\/span>                        <h3 class=\"blfe-post-grid-title\">\n            <a href=\"https:\/\/soymigrante.com\/revista\/tramite-gratuito-de-dpi-para-retornados-a-guatemala\/\" title=\"Tr\u00e1mite gratuito de DPI para retornados a Guatemala\" rel=\"nofollow\" target=\"_blank\">Tr\u00e1mite gratuito de DPI para retornados a Guatemala<\/a>\n            <\/h3>                                                            <div class=\"blfe-post-grid-meta\">\n                <span class=\"blfe-post-grid-time\"><i class=\"fas fa-book-reader\"><\/i>2 Min read<\/span>            <\/div>\n                                                        <\/div>\n                <\/div>\n\n            <\/div>\n        <\/div>\n                        <\/div>\n\n                        <\/div>\n            \n                        <div class=\"blfe-post-footer\">\n                        <\/div>\n            \t\t\t\t<\/div>\n\t\t\t\t<\/div>\n\t\t\t\t\t<\/div>\n\t\t\t\t<\/div>\n\t\t\t\t<\/div>\n\t\t","protected":false},"excerpt":{"rendered":"<p>En el pr\u00f3ximo gobierno de Donald Trump se temen deportaciones masivas, pero la cifra guatemaltecos enviados desde Estados Unidos ya es enorme, seg\u00fan analistas, pues representa en incremento en comparaci\u00f3n al 2023. El aumento en las deportaciones de guatemaltecos desde Estados Unidos es una realidad preocupante en 2024. Las pol\u00edticas migratorias m\u00e1s estrictas, especialmente tras [&hellip;]<\/p>\n","protected":false},"author":19,"featured_media":13127,"comment_status":"open","ping_status":"open","sticky":false,"template":"","format":"standard","meta":{"_acf_changed":false,"_eb_attr":"","footnotes":""},"categories":[59],"tags":[],"class_list":["post-13125","post","type-post","status-publish","format-standard","has-post-thumbnail","hentry","category-recursos-migratorios"],"acf":[],"aioseo_notices":[],"aioseo_head":"\n\t\t<!-- All in One SEO Pro 4.9.6.2 - aioseo.com -->\n\t<meta name=\"description\" content=\"Servicio gratuito es prestado por el Registro Nacional de las Personas, para los connacionales deportados por v\u00eda a\u00e9rea de Estados Unidos.\" \/>\n\t<meta name=\"robots\" content=\"max-snippet:-1, max-image-preview:large, max-video-preview:-1\" \/>\n\t<meta name=\"author\" content=\"SoyMigrante.com REVISTA\"\/>\n\t<link rel=\"canonical\" href=\"https:\/\/soymigrante.com\/revista\/tramite-gratuito-de-dpi-para-retornados-a-guatemala\/\" \/>\n\t<meta name=\"generator\" content=\"All in One SEO Pro (AIOSEO) 4.9.6.2\" \/>\n\n\t\t<link rel=\"preconnect\" href=\"https:\/\/fonts.googleapis.com\" crossorigin>\n<link rel=\"preconnect\" href=\"https:\/\/fonts.gstatic.com\" crossorigin>\n\t\t<meta property=\"og:locale\" content=\"es_ES\" \/>\n\t\t<meta property=\"og:site_name\" content=\"SoyMigrante.com REVISTA \u2013 Nuestra misi\u00f3n es reconocer y dignificar al migrante.\" \/>\n\t\t<meta property=\"og:type\" content=\"article\" \/>\n\t\t<meta property=\"og:title\" content=\"Tr\u00e1mite gratuito de DPI para retornados a Guatemala\" \/>\n\t\t<meta property=\"og:description\" content=\"Servicio gratuito es prestado por el Registro Nacional de las Personas, para los connacionales deportados por v\u00eda a\u00e9rea de Estados Unidos.\" \/>\n\t\t<meta property=\"og:url\" content=\"https:\/\/soymigrante.com\/revista\/tramite-gratuito-de-dpi-para-retornados-a-guatemala\/\" \/>\n\t\t<meta property=\"og:image\" content=\"https:\/\/soymigrante.com\/revista\/wp-content\/uploads\/2023\/03\/dpi-cortesia-la-hora.webp\" \/>\n\t\t<meta property=\"og:image:secure_url\" content=\"https:\/\/soymigrante.com\/revista\/wp-content\/uploads\/2023\/03\/dpi-cortesia-la-hora.webp\" \/>\n\t\t<meta property=\"og:image:width\" content=\"1276\" \/>\n\t\t<meta property=\"og:image:height\" content=\"927\" \/>\n\t\t<meta property=\"article:published_time\" content=\"2023-05-26T00:37:43+00:00\" \/>\n\t\t<meta property=\"article:modified_time\" content=\"2024-11-01T16:54:56+00:00\" \/>\n\t\t<meta property=\"article:publisher\" content=\"https:\/\/www.facebook.com\/soymigrantecom\" \/>\n\t\t<meta name=\"twitter:card\" content=\"summary_large_image\" \/>\n\t\t<meta name=\"twitter:site\" content=\"@SoyMigrante_com\" \/>\n\t\t<meta name=\"twitter:title\" content=\"Tr\u00e1mite gratuito de DPI para retornados a Guatemala\" \/>\n\t\t<meta name=\"twitter:description\" content=\"Servicio gratuito es prestado por el Registro Nacional de las Personas, para los connacionales deportados por v\u00eda a\u00e9rea de Estados Unidos.\" \/>\n\t\t<meta name=\"twitter:creator\" content=\"@SoyMigrante_com\" \/>\n\t\t<meta name=\"twitter:image\" content=\"https:\/\/soymigrante.com\/revista\/wp-content\/uploads\/2023\/03\/dpi-cortesia-la-hora.webp\" \/>\n\t\t<!-- All in One SEO Pro -->\r\n\t\t<title>Tr\u00e1mite gratuito de DPI para retornados a Guatemala<\/title>\n\n","aioseo_head_json":{"title":"Tr\u00e1mite gratuito de DPI para retornados a Guatemala","description":"Servicio gratuito es prestado por el Registro Nacional de las Personas, para los connacionales deportados por v\u00eda a\u00e9rea de Estados Unidos.","canonical_url":"https:\/\/soymigrante.com\/revista\/tramite-gratuito-de-dpi-para-retornados-a-guatemala\/","robots":"max-snippet:-1, max-image-preview:large, max-video-preview:-1","keywords":"","webmasterTools":{"miscellaneous":"&lt;link rel=\"preconnect\" href=\"https:\/\/fonts.googleapis.com\" crossorigin&gt;\n&lt;link rel=\"preconnect\" href=\"https:\/\/fonts.gstatic.com\" crossorigin&gt;"},"schema":null,"og:locale":"es_ES","og:site_name":"SoyMigrante.com REVISTA \u2013 Nuestra misi\u00f3n es reconocer y dignificar al migrante.","og:type":"article","og:title":"Tr\u00e1mite gratuito de DPI para retornados a Guatemala","og:description":"Servicio gratuito es prestado por el Registro Nacional de las Personas, para los connacionales deportados por v\u00eda a\u00e9rea de Estados Unidos.","og:url":"https:\/\/soymigrante.com\/revista\/tramite-gratuito-de-dpi-para-retornados-a-guatemala\/","og:image":"https:\/\/soymigrante.com\/revista\/wp-content\/uploads\/2023\/03\/dpi-cortesia-la-hora.webp","og:image:secure_url":"https:\/\/soymigrante.com\/revista\/wp-content\/uploads\/2023\/03\/dpi-cortesia-la-hora.webp","og:image:width":1276,"og:image:height":927,"article:published_time":"2023-05-26T00:37:43+00:00","article:modified_time":"2024-11-01T16:54:56+00:00","article:publisher":"https:\/\/www.facebook.com\/soymigrantecom","twitter:card":"summary_large_image","twitter:site":"@SoyMigrante_com","twitter:title":"Tr\u00e1mite gratuito de DPI para retornados a Guatemala","twitter:description":"Servicio gratuito es prestado por el Registro Nacional de las Personas, para los connacionales deportados por v\u00eda a\u00e9rea de Estados Unidos.","twitter:creator":"@SoyMigrante_com","twitter:image":"https:\/\/soymigrante.com\/revista\/wp-content\/uploads\/2023\/03\/dpi-cortesia-la-hora.webp"},"aioseo_meta_data":{"post_id":"13125","title":null,"description":"Aunque se habla de aumento en las deportaciones en el pr\u00f3ximo gobierno de USA, la cifra de guatemaltecos enviados desde desde EE.UU. ya rompe record en 2024","keywords":null,"keyphrases":{"focus":{"keyphrase":"deportaciones","score":74,"analysis":{"keyphraseInTitle":{"score":3,"maxScore":9,"error":1},"keyphraseInDescription":{"score":9,"maxScore":9,"error":0},"keyphraseLength":{"score":9,"maxScore":9,"error":0,"length":1},"keyphraseInURL":{"score":5,"maxScore":5,"error":0},"keyphraseInIntroduction":{"score":9,"maxScore":9,"error":0},"keyphraseInSubHeadings":{"score":3,"maxScore":9,"error":1},"keyphraseInImageAlt":{"score":3,"maxScore":9,"error":1},"keywordDensity":{"type":"best","score":9,"maxScore":9,"error":0}}},"additional":[{"keyphrase":"deportaciones","score":87,"analysis":{"keyphraseInDescription":{"score":9,"maxScore":9,"error":0},"keyphraseLength":{"score":9,"maxScore":9,"error":0,"length":1},"keyphraseInIntroduction":{"score":9,"maxScore":9,"error":0},"keyphraseInImageAlt":{"score":3,"maxScore":9,"error":1},"keywordDensity":{"type":"best","score":9,"maxScore":9,"error":0}}},{"keyphrase":"guatemaltecos","score":87,"analysis":{"keyphraseInDescription":{"score":9,"maxScore":9,"error":0},"keyphraseLength":{"score":9,"maxScore":9,"error":0,"length":1},"keyphraseInIntroduction":{"score":9,"maxScore":9,"error":0},"keyphraseInImageAlt":{"score":3,"maxScore":9,"error":1},"keywordDensity":{"type":"best","score":9,"maxScore":9,"error":0}}}]},"primary_term":null,"canonical_url":null,"og_title":null,"og_description":null,"og_object_type":"default","og_image_type":"default","og_image_url":null,"og_image_width":null,"og_image_height":null,"og_image_custom_url":null,"og_image_custom_fields":null,"og_video":"","og_custom_url":null,"og_article_section":null,"og_article_tags":null,"twitter_use_og":false,"twitter_card":"default","twitter_image_type":"default","twitter_image_url":null,"twitter_image_custom_url":null,"twitter_image_custom_fields":null,"twitter_title":null,"twitter_description":null,"schema":{"blockGraphs":[],"customGraphs":[],"default":{"data":{"Article":[],"Course":[],"Dataset":[],"FAQPage":[],"Movie":[],"Person":[],"Product":[],"ProductReview":[],"Car":[],"Recipe":[],"Service":[],"SoftwareApplication":[],"WebPage":[]},"graphName":"Article","isEnabled":true},"graphs":[]},"schema_type":"default","schema_type_options":null,"pillar_content":false,"robots_default":true,"robots_noindex":false,"robots_noarchive":false,"robots_nosnippet":false,"robots_nofollow":false,"robots_noimageindex":false,"robots_noodp":false,"robots_notranslate":false,"robots_max_snippet":"-1","robots_max_videopreview":"-1","robots_max_imagepreview":"large","priority":null,"frequency":"default","local_seo":null,"seo_analyzer_scan_date":"2025-10-09 01:12:17","breadcrumb_settings":null,"limit_modified_date":false,"reviewed_by":null,"open_ai":"{\"title\":{\"suggestions\":[],\"usage\":0},\"description\":{\"suggestions\":[],\"usage\":0}}","ai":null,"created":"2024-11-13 16:03:32","updated":"2026-02-04 18:33:28"},"aioseo_breadcrumb":"<div class=\"aioseo-breadcrumbs\"><span class=\"aioseo-breadcrumb\">\n\t<a href=\"https:\/\/soymigrante.com\/revista\" title=\"Home\">Home<\/a>\n<\/span><span class=\"aioseo-breadcrumb-separator\">\u00bb<\/span><span class=\"aioseo-breadcrumb\">\n\t<a href=\"https:\/\/soymigrante.com\/revista\/category\/recursos-migratorios\/\" title=\"Recursos Migratorios\">Recursos Migratorios<\/a>\n<\/span><span class=\"aioseo-breadcrumb-separator\">\u00bb<\/span><span class=\"aioseo-breadcrumb\">\n\tSuman m\u00e1s de 66 mil las deportacioens de guatemaltecos en  2024\n<\/span><\/div>","aioseo_breadcrumb_json":[{"label":"Home","link":"https:\/\/soymigrante.com\/revista"},{"label":"Recursos Migratorios","link":"https:\/\/soymigrante.com\/revista\/category\/recursos-migratorios\/"},{"label":"Suman m\u00e1s de 66 mil las deportacioens de guatemaltecos en  2024","link":"https:\/\/soymigrante.com\/revista\/suman-mas-de-66-mil-las-deportacioens-de-guatemaltecos-en-2024\/"}],"_links":{"self":[{"href":"https:\/\/soymigrante.com\/revista\/wp-json\/wp\/v2\/posts\/13125","targetHints":{"allow":["GET"]}}],"collection":[{"href":"https:\/\/soymigrante.com\/revista\/wp-json\/wp\/v2\/posts"}],"about":[{"href":"https:\/\/soymigrante.com\/revista\/wp-json\/wp\/v2\/types\/post"}],"author":[{"embeddable":true,"href":"https:\/\/soymigrante.com\/revista\/wp-json\/wp\/v2\/users\/19"}],"replies":[{"embeddable":true,"href":"https:\/\/soymigrante.com\/revista\/wp-json\/wp\/v2\/comments?post=13125"}],"version-history":[{"count":0,"href":"https:\/\/soymigrante.com\/revista\/wp-json\/wp\/v2\/posts\/13125\/revisions"}],"wp:featuredmedia":[{"embeddable":true,"href":"https:\/\/soymigrante.com\/revista\/wp-json\/wp\/v2\/media\/13127"}],"wp:attachment":[{"href":"https:\/\/soymigrante.com\/revista\/wp-json\/wp\/v2\/media?parent=13125"}],"wp:term":[{"taxonomy":"category","embeddable":true,"href":"https:\/\/soymigrante.com\/revista\/wp-json\/wp\/v2\/categories?post=13125"},{"taxonomy":"post_tag","embeddable":true,"href":"https:\/\/soymigrante.com\/revista\/wp-json\/wp\/v2\/tags?post=13125"}],"curies":[{"name":"wp","href":"https:\/\/api.w.org\/{rel}","templated":true}]}}