{"id":13088,"date":"2024-11-13T10:10:01","date_gmt":"2024-11-13T16:10:01","guid":{"rendered":"https:\/\/soymigrante.com\/revista\/?p=13088"},"modified":"2024-11-13T13:39:04","modified_gmt":"2024-11-13T19:39:04","slug":"actor-migrante-maya-dionicio-virvez-visita-su-tierra-santa-eulalia-y-anima-vocaciones-de-cine","status":"publish","type":"post","link":"https:\/\/soymigrante.com\/revista\/actor-migrante-maya-dionicio-virvez-visita-su-tierra-santa-eulalia-y-anima-vocaciones-de-cine\/","title":{"rendered":"Actor migrante maya Dionicio Virvez visita su tierra Santa Eulalia y anima vocaciones de cine"},"content":{"rendered":"\t\t<div data-elementor-type=\"wp-post\" data-elementor-id=\"13088\" class=\"elementor elementor-13088\" data-elementor-post-type=\"post\">\n\t\t\t\t<div data-particle_enable=\"false\" data-particle-mobile-disabled=\"false\" class=\"elementor-element elementor-element-485d089 e-flex e-con-boxed e-con e-parent\" data-id=\"485d089\" data-element_type=\"container\" data-e-type=\"container\">\n\t\t\t\t\t<div class=\"e-con-inner\">\n\t\t\t\t<div class=\"elementor-element elementor-element-5f403c8 elementor-widget elementor-widget-heading\" data-id=\"5f403c8\" data-element_type=\"widget\" data-e-type=\"widget\" data-widget_type=\"heading.default\">\n\t\t\t\t\t<h2 class=\"elementor-heading-title elementor-size-default\">El actor q'anjob'al Dionicio Virvez se sinti\u00f3 feliz en su pueblo natal, Santa Eulalia, Huehuetenango pero tambi\u00e9n viaj\u00f3 a Guatemala para anunciar la convocatoria de una beca de cine patrocinada por la Asociaci\u00f3n Americana Multicultural de Cine, que preside en California.<\/h2>\t\t\t\t<\/div>\n\t\t\t\t\t<\/div>\n\t\t\t\t<\/div>\n\t\t<div data-particle_enable=\"false\" data-particle-mobile-disabled=\"false\" class=\"elementor-element elementor-element-d8cd5c8 e-flex e-con-boxed e-con e-parent\" data-id=\"d8cd5c8\" data-element_type=\"container\" data-e-type=\"container\">\n\t\t\t\t\t<div class=\"e-con-inner\">\n\t\t\t\t<div class=\"elementor-element elementor-element-b211155 elementor-widget elementor-widget-text-editor\" data-id=\"b211155\" data-element_type=\"widget\" data-e-type=\"widget\" data-widget_type=\"text-editor.default\">\n\t\t\t\t\t\t\t\t\t<p>Es un gui\u00f3n de pel\u00edcula la historia de Dionicio Virvez: sus sue\u00f1os de cine desde joven en Santa Eulalia, su llegada a EE.UU. y c\u00f3mo persigui\u00f3, por a\u00f1os cumplir aquel gran objetivo y <a href=\"https:\/\/soymigrante.com\/revista\/actor-maya-guatemalteco-dionicio-virvez-aconseja-nunca-rendirse-al-buscar-un-sueno\/\">si quisieras conocerla primero, para comprender su motivaci\u00f3n, su convicci\u00f3n y su ideal, te sugerimos dar clic en este link.<\/a><\/p><p><span style=\"color: var( --e-global-color-text ); text-align: var(--text-align);\">El actor guatemalteco, migrante, maya q&#8217;anjob&#8217;al, Dionicio Virvez, quien ha actuado en pel\u00edculas como Los Asesinos de la Luna Llena, de Martin Scorsese, o en la serie Echo, de Marvel, vino a Guatemala para descansar unos d\u00edas en su pueblo natal, Santa Eulalia: &#8220;Me sent\u00ed bienvenido y en familia. En Santa Eulalia todos somos familia&#8221;, dice. All\u00ed fue invitado a ser orador en un acto muy especial.<\/span><\/p><p>Pero tambi\u00e9n vino para invitar a j\u00f3venes guatemaltecos\u00a0 (o no tan j\u00f3venes) que posean y vivan la pasi\u00f3n por el cine, a participar en una beca de formaci\u00f3n cinematogr\u00e1fica que incluye una estad\u00eda en Hollywood. Pero el requisito es tener alg\u00fan trabajo previo, documentado y comprobable como guionista, camar\u00f3grafo, productor, realizador, actor o actriz.\u00a0\u00a0<\/p><p>\u00bfQu\u00e9 quiere decir con comprobable? Adelante te lo contamos, entre otros detalles.<\/p>\t\t\t\t\t\t\t\t<\/div>\n\t\t\t\t\t<\/div>\n\t\t\t\t<\/div>\n\t\t<div data-particle_enable=\"false\" data-particle-mobile-disabled=\"false\" class=\"elementor-element elementor-element-a1d1d08 e-flex e-con-boxed e-con e-parent\" data-id=\"a1d1d08\" data-element_type=\"container\" data-e-type=\"container\">\n\t\t\t\t\t<div class=\"e-con-inner\">\n\t\t\t\t<div class=\"elementor-element elementor-element-e0f8c0e elementor-widget elementor-widget-image\" data-id=\"e0f8c0e\" data-element_type=\"widget\" data-e-type=\"widget\" data-widget_type=\"image.default\">\n\t\t\t\t\t\t\t\t\t\t\t\t<figure class=\"wp-caption\">\n\t\t\t\t\t\t\t\t\t\t<img fetchpriority=\"high\" decoding=\"async\" width=\"768\" height=\"511\" src=\"https:\/\/soymigrante.com\/revista\/wp-content\/uploads\/2024\/11\/DIONICIO-VIRVEZ-1-1024x681.jpg\" class=\"attachment-large size-large wp-image-13098\" alt=\"Hombre caminando en un huerto urbano con vista de la ciudad en colina al fondo.\" srcset=\"https:\/\/soymigrante.com\/revista\/wp-content\/uploads\/2024\/11\/DIONICIO-VIRVEZ-1-1024x681.jpg.webp 1024w, https:\/\/soymigrante.com\/revista\/wp-content\/uploads\/2024\/11\/DIONICIO-VIRVEZ-1-300x200.webp 300w, https:\/\/soymigrante.com\/revista\/wp-content\/uploads\/2024\/11\/DIONICIO-VIRVEZ-1-768x511.jpg.webp 768w, https:\/\/soymigrante.com\/revista\/wp-content\/uploads\/2024\/11\/DIONICIO-VIRVEZ-1-1536x1022.jpg.webp 1536w, https:\/\/soymigrante.com\/revista\/wp-content\/uploads\/2024\/11\/DIONICIO-VIRVEZ-1-2048x1363.jpg.webp 2048w, https:\/\/soymigrante.com\/revista\/wp-content\/uploads\/2024\/11\/DIONICIO-VIRVEZ-1-750x499.webp 750w, https:\/\/soymigrante.com\/revista\/wp-content\/uploads\/2024\/11\/DIONICIO-VIRVEZ-1-1140x759.jpg.webp 1140w, https:\/\/soymigrante.com\/revista\/wp-content\/uploads\/2024\/11\/DIONICIO-VIRVEZ-1-scaled.webp 1920w\" sizes=\"(max-width: 768px) 100vw, 768px\" title=\"&quot;Mi pueblo ha cambiado mucho desde que me fu\u00ed. Muchos campos donde jugu\u00e9 de ni\u00f1o o joven ya no existe.   Ha crecido mucho y buena parte de eso se debe al aporte de los migrantes&quot;, dice el actor Dionicio Virvez, quien acept\u00f3 hacer un recorrido por su pueblo para esta sesi\u00f3n fotogr\u00e1fica (Foto Abel Ju\u00e1rez) \u2013 SoyMigrante.com REVISTA\" \/>\t\t\t\t\t\t\t\t\t\t\t<figcaption class=\"widget-image-caption wp-caption-text\">Personas migrantes y comunidades en espacios rurales y urbanos en crecimiento.<\/figcaption>\n\t\t\t\t\t\t\t\t\t\t<\/figure>\n\t\t\t\t\t\t\t\t\t<\/div>\n\t\t\t\t\t<\/div>\n\t\t\t\t<\/div>\n\t\t<div data-particle_enable=\"false\" data-particle-mobile-disabled=\"false\" class=\"elementor-element elementor-element-625d11e e-flex e-con-boxed e-con e-parent\" data-id=\"625d11e\" data-element_type=\"container\" data-e-type=\"container\">\n\t\t\t\t\t<div class=\"e-con-inner\">\n\t\t\t\t<div class=\"elementor-element elementor-element-37ab01e elementor-widget elementor-widget-heading\" data-id=\"37ab01e\" data-element_type=\"widget\" data-e-type=\"widget\" data-widget_type=\"heading.default\">\n\t\t\t\t\t<h3 class=\"elementor-heading-title elementor-size-default\">Un paisano distinguido en Jolom Konob<\/h3>\t\t\t\t<\/div>\n\t\t\t\t\t<\/div>\n\t\t\t\t<\/div>\n\t\t<div data-particle_enable=\"false\" data-particle-mobile-disabled=\"false\" class=\"elementor-element elementor-element-96e9c2f e-flex e-con-boxed e-con e-parent\" data-id=\"96e9c2f\" data-element_type=\"container\" data-e-type=\"container\">\n\t\t\t\t\t<div class=\"e-con-inner\">\n\t\t\t\t<div class=\"elementor-element elementor-element-423c461 elementor-widget elementor-widget-text-editor\" data-id=\"423c461\" data-element_type=\"widget\" data-e-type=\"widget\" data-widget_type=\"text-editor.default\">\n\t\t\t\t\t\t\t\t\t<p>&#8220;La \u00faltima vez que hab\u00eda estado en Santa Eulalia casi no pude admirar sus cambios, que ahora son m\u00e1s. Fue en 2017 que vine, pero fue para el sepelio de mi mam\u00e1. Era una ocasi\u00f3n de duelo&#8221;, cuenta <a href=\"https:\/\/www.virvezonline.com\/\">Dionicio Virvez,<\/a> en un hotel de la zona 1 de Guatemala.\u00a0<\/p><p>&#8220;Santa Eulalia\u00a0<span style=\"color: var( --e-global-color-text ); text-align: var(--text-align);\">ha crecido, hay grandes casas, edificios incluso, una iglesia bell\u00edsima que fue construida con el aporte de los migrantes. El acceso sigue siendo dif\u00edcil, a causa de que no toda la carretera est\u00e1 en buen estado, pero fue una alegr\u00eda encontrarme con toda la familia: me hicieron un almuerzo al que llegaron m\u00e1s de 37 familiares: bueno que en Santa Eulalia todos somos familia&#8221;, cuenta.<\/span><\/p><p>&#8220;En los d\u00edas que estuve en Santa Eulalia fue la graduaci\u00f3n del Instituto donde yo estudi\u00e9. No me pude graduar all\u00ed porque migr\u00e9. Mi sorpresa fue grande cuando me invitaron a dar la conferencia principal a los graduados. Habl\u00e9 acerca de los sue\u00f1os. Les dije que la clave de cumplir un sue\u00f1o es la perseverancia, seguir adelante a pesar de las barreras. As\u00ed como me pas\u00f3 a m\u00ed: pasaron a\u00f1os para tener la oportunidad de participar en una grabaci\u00f3n de una pel\u00edcula que nunca supe si sali\u00f3 o si sal\u00eda yo, pero me motiv\u00f3 a seguir buscando&#8221;<\/p>\t\t\t\t\t\t\t\t<\/div>\n\t\t\t\t\t<\/div>\n\t\t\t\t<\/div>\n\t\t<div data-particle_enable=\"false\" data-particle-mobile-disabled=\"false\" class=\"elementor-element elementor-element-a18352c e-flex e-con-boxed e-con e-parent\" data-id=\"a18352c\" data-element_type=\"container\" data-e-type=\"container\">\n\t\t\t\t\t<div class=\"e-con-inner\">\n\t\t\t\t<div class=\"elementor-element elementor-element-1a59b27 elementor-arrows-position-inside elementor-pagination-position-outside elementor-widget elementor-widget-image-carousel\" data-id=\"1a59b27\" data-element_type=\"widget\" data-e-type=\"widget\" data-settings=\"{&quot;slides_to_show&quot;:&quot;1&quot;,&quot;navigation&quot;:&quot;both&quot;,&quot;autoplay&quot;:&quot;yes&quot;,&quot;pause_on_hover&quot;:&quot;yes&quot;,&quot;pause_on_interaction&quot;:&quot;yes&quot;,&quot;autoplay_speed&quot;:5000,&quot;infinite&quot;:&quot;yes&quot;,&quot;effect&quot;:&quot;slide&quot;,&quot;speed&quot;:500}\" data-widget_type=\"image-carousel.default\">\n\t\t\t\t\t\t\t<div class=\"elementor-image-carousel-wrapper swiper\" role=\"region\" aria-roledescription=\"carousel\" aria-label=\"Carrusel de im\u00e1genes\" dir=\"ltr\">\n\t\t\t<div class=\"elementor-image-carousel swiper-wrapper\" aria-live=\"off\">\n\t\t\t\t\t\t\t\t<div class=\"swiper-slide\" role=\"group\" aria-roledescription=\"slide\" aria-label=\"1 de 5\"><figure class=\"swiper-slide-inner\"><img decoding=\"async\" class=\"swiper-slide-image\" src=\"https:\/\/soymigrante.com\/revista\/wp-content\/uploads\/2024\/11\/DIONICIO-VIRVEZ-2-1024x681.jpg\" alt=\"Padrino ind\u00edgena sentado en la plataforma de la plaza frente a un colorido edificio azul en Michoac\u00e1n, M\u00e9xico, destacando la cultura y tradiciones mexicanas para Revista SoyMigrante.com.\" \/><figcaption class=\"elementor-image-carousel-caption\">Disfruta de la cultura mexicana en Tlaxcala, con una escultura en la entrada de un edificio azul, reflejando tradici\u00f3n, identidad y orgullo en un entorno urbano colorido y lleno de vida.<\/figcaption><\/figure><\/div><div class=\"swiper-slide\" role=\"group\" aria-roledescription=\"slide\" aria-label=\"2 de 5\"><figure class=\"swiper-slide-inner\"><img decoding=\"async\" class=\"swiper-slide-image\" src=\"https:\/\/soymigrante.com\/revista\/wp-content\/uploads\/2024\/11\/dionicio-virvez-migrante-2-1024x681.webp\" alt=\"Im\u00e1genes de un hombre de pie frente a una iglesia hist\u00f3rica en un pueblo mexicano, destacando arquitectura religiosa, cultura y migraci\u00f3n en M\u00e9xico para Revista SoyMigrante.com.\" \/><figcaption class=\"elementor-image-carousel-caption\">La imagen muestra una iglesia hist\u00f3rica en San Crist\u00f3bal de las Casas, destacando su arquitectura impresionante y detalles religiosos, siendo un punto cultural y tur\u00edstico clave en Chiapas.<\/figcaption><\/figure><\/div><div class=\"swiper-slide\" role=\"group\" aria-roledescription=\"slide\" aria-label=\"3 de 5\"><figure class=\"swiper-slide-inner\"><img decoding=\"async\" class=\"swiper-slide-image\" src=\"https:\/\/soymigrante.com\/revista\/wp-content\/uploads\/2024\/11\/dionicio-virvez-migrante-3-1024x682.jpg\" alt=\"Multimedia journalist with urban background, cityscape, mountains, cloudy sky, resident of urban area, documentary photography, cultural and social themes, featuring a person outdoors.\" \/><figcaption class=\"elementor-image-carousel-caption\">Un hombre migrant en un barrio urbano con casas y edificios, reflejando temas de migraci\u00f3n, comunidad y vida en las ciudades latinoamericanas en la portada de SoyMigrante.com Revista.<\/figcaption><\/figure><\/div><div class=\"swiper-slide\" role=\"group\" aria-roledescription=\"slide\" aria-label=\"4 de 5\"><figure class=\"swiper-slide-inner\"><img decoding=\"async\" class=\"swiper-slide-image\" src=\"https:\/\/soymigrante.com\/revista\/wp-content\/uploads\/2024\/11\/dionicio-virvez-migrante-1-1024x681.jpg\" alt=\"Vendedora en mercado callejero en Guatemala, donde se disfrutan de productos frescos, ropa y cultura local, reflejando la vida cotidiana y la econom\u00eda informal en Latinoam\u00e9rica.\" \/><figcaption class=\"elementor-image-carousel-caption\">Una mujer vende productos en un mercado de Guatemala, rodeada de puestos con ropa, verduras y accesorios, mostrando la vibrante econom\u00eda local y la cultura del comercio callejero en pa\u00edses latinoamericanos.<\/figcaption><\/figure><\/div><div class=\"swiper-slide\" role=\"group\" aria-roledescription=\"slide\" aria-label=\"5 de 5\"><figure class=\"swiper-slide-inner\"><img decoding=\"async\" class=\"swiper-slide-image\" src=\"https:\/\/soymigrante.com\/revista\/wp-content\/uploads\/2024\/11\/DIONICIO-VIRVEZ-4-1-1024x681.jpg\" alt=\"Vendedor de helados en mercado callejero con clientes y puestos coloridos en fondo, promoviendo econom\u00eda y cultura en comunidad mexicana.\" \/><figcaption class=\"elementor-image-carousel-caption\">Vendedor ambulante de helados en mercado, ofreciendo productos tradicionales en un ambiente animado y multicultural, resaltando la importancia de la gastronom\u00eda local y la integraci\u00f3n social.<\/figcaption><\/figure><\/div>\t\t\t<\/div>\n\t\t\t\t\t\t\t\t\t\t\t\t<div class=\"elementor-swiper-button elementor-swiper-button-prev\" role=\"button\" tabindex=\"0\">\n\t\t\t\t\t\t<i aria-hidden=\"true\" class=\"eicon-chevron-left\"><\/i>\t\t\t\t\t<\/div>\n\t\t\t\t\t<div class=\"elementor-swiper-button elementor-swiper-button-next\" role=\"button\" tabindex=\"0\">\n\t\t\t\t\t\t<i aria-hidden=\"true\" class=\"eicon-chevron-right\"><\/i>\t\t\t\t\t<\/div>\n\t\t\t\t\n\t\t\t\t\t\t\t\t\t<div class=\"swiper-pagination\"><\/div>\n\t\t\t\t\t\t\t\t\t<\/div>\n\t\t\t\t\t\t<\/div>\n\t\t\t\t\t<\/div>\n\t\t\t\t<\/div>\n\t\t<div data-particle_enable=\"false\" data-particle-mobile-disabled=\"false\" class=\"elementor-element elementor-element-817c6d0 e-flex e-con-boxed e-con e-parent\" data-id=\"817c6d0\" data-element_type=\"container\" data-e-type=\"container\">\n\t\t\t\t\t<div class=\"e-con-inner\">\n\t\t\t\t<div class=\"elementor-element elementor-element-439dcbf elementor-widget elementor-widget-heading\" data-id=\"439dcbf\" data-element_type=\"widget\" data-e-type=\"widget\" data-widget_type=\"heading.default\">\n\t\t\t\t\t<h3 class=\"elementor-heading-title elementor-size-default\">Una beca para gente que ya est\u00e9 trabajando en lo audiovisual<\/h3>\t\t\t\t<\/div>\n\t\t\t\t\t<\/div>\n\t\t\t\t<\/div>\n\t\t<div data-particle_enable=\"false\" data-particle-mobile-disabled=\"false\" class=\"elementor-element elementor-element-6808930 e-flex e-con-boxed e-con e-parent\" data-id=\"6808930\" data-element_type=\"container\" data-e-type=\"container\">\n\t\t\t\t\t<div class=\"e-con-inner\">\n\t\t\t\t<div class=\"elementor-element elementor-element-0a19c59 elementor-widget elementor-widget-text-editor\" data-id=\"0a19c59\" data-element_type=\"widget\" data-e-type=\"widget\" data-widget_type=\"text-editor.default\">\n\t\t\t\t\t\t\t\t\t<p>&#8220;Cuando yo empec\u00e9 en esto del cine no sab\u00eda en donde buscar oportunidades y en estos tiempos digitales, en que veo tantos talentos de j\u00f3venes guatemaltecos, a\u00fan no existe suficientes oportunidades de formaci\u00f3n para ellos. La Academia Americana Multicultural de Cine impulsa la capacitaci\u00f3n del talento en diversas \u00e1reas y por eso se abre esta convocatoria para guatemaltecos que ya est\u00e9n trabajando en cine&#8221;, explica Dionicio Virvez.<\/p><p>Magdalena Gallego, profesional maya del \u00e1rea social, ser\u00e1 el contacto en Guatemala a quien se deben enviar las solicitudes. &#8220;Esta beca es para personas que ya est\u00e9n trabajando en alg\u00fan \u00e1rea de producci\u00f3n: puede ser camar\u00f3grafo, actuaci\u00f3n, guionista, productor, vestuario. Y por eso, s\u00ed deben enviar su curriculum, pero en este lo m\u00e1s importante son las pruebas, las referencias de aquello en lo que ha trabajado: links de youtube o de cualquier red social en donde se pueda ver lo que han hecho. Eso marca el inicio del proceso de selecci\u00f3n&#8221;, explica Gallego.<\/p>\t\t\t\t\t\t\t\t<\/div>\n\t\t\t\t\t<\/div>\n\t\t\t\t<\/div>\n\t\t<div data-particle_enable=\"false\" data-particle-mobile-disabled=\"false\" class=\"elementor-element elementor-element-4bd0059 e-flex e-con-boxed e-con e-parent\" data-id=\"4bd0059\" data-element_type=\"container\" data-e-type=\"container\">\n\t\t\t\t\t<div class=\"e-con-inner\">\n\t\t\t\t<div class=\"elementor-element elementor-element-3f0461d elementor-widget elementor-widget-image\" data-id=\"3f0461d\" data-element_type=\"widget\" data-e-type=\"widget\" data-widget_type=\"image.default\">\n\t\t\t\t\t\t\t\t\t\t\t\t<figure class=\"wp-caption\">\n\t\t\t\t\t\t\t\t\t\t\t<a href=\"https:\/\/www.virvezonline.com\/\">\n\t\t\t\t\t\t\t<img decoding=\"async\" width=\"768\" height=\"459\" src=\"https:\/\/soymigrante.com\/revista\/wp-content\/uploads\/2024\/11\/dionicio-virvez-becas-de-cine-1024x612.jpg\" class=\"attachment-large size-large wp-image-13117\" alt=\"Migrantes en reuni\u00f3n, entrevista en Revista SoyMigrante.com, encuentro cultural y di\u00e1logo sobre migraci\u00f3n y derechos humanos, paisaje con plantas verdes y ambiente c\u00e1lido.\" srcset=\"https:\/\/soymigrante.com\/revista\/wp-content\/uploads\/2024\/11\/dionicio-virvez-becas-de-cine-1024x612.jpg.webp 1024w, https:\/\/soymigrante.com\/revista\/wp-content\/uploads\/2024\/11\/dionicio-virvez-becas-de-cine-300x179.webp 300w, https:\/\/soymigrante.com\/revista\/wp-content\/uploads\/2024\/11\/dionicio-virvez-becas-de-cine-768x459.jpg.webp 768w, https:\/\/soymigrante.com\/revista\/wp-content\/uploads\/2024\/11\/dionicio-virvez-becas-de-cine-1536x918.jpg.webp 1536w, https:\/\/soymigrante.com\/revista\/wp-content\/uploads\/2024\/11\/dionicio-virvez-becas-de-cine-750x448.webp 750w, https:\/\/soymigrante.com\/revista\/wp-content\/uploads\/2024\/11\/dionicio-virvez-becas-de-cine-1140x681.jpg.webp 1140w, https:\/\/soymigrante.com\/revista\/wp-content\/uploads\/2024\/11\/dionicio-virvez-becas-de-cine.webp 1600w\" sizes=\"(max-width: 768px) 100vw, 768px\" title=\"El actor Dionicio Virvez invita a j\u00f3venes guatemaltecos a participar en esta convocatoria. La trabajadora social y psic\u00f3loga maya Magdalena Gallego ser\u00e1 el contacto local para las solicitudes. \u2013 SoyMigrante.com REVISTA\" \/>\t\t\t\t\t\t\t\t<\/a>\n\t\t\t\t\t\t\t\t\t\t\t<figcaption class=\"widget-image-caption wp-caption-text\">Imagen de dos personas sentadas en un jard\u00edn con vegetaci\u00f3n, participando en una entrevista o reuni\u00f3n cultural, representando temas de migraci\u00f3n, derechos y comunidad en la revista SoyMigrante.com.<\/figcaption>\n\t\t\t\t\t\t\t\t\t\t<\/figure>\n\t\t\t\t\t\t\t\t\t<\/div>\n\t\t\t\t\t<\/div>\n\t\t\t\t<\/div>\n\t\t<div data-particle_enable=\"false\" data-particle-mobile-disabled=\"false\" class=\"elementor-element elementor-element-00a1b9a e-flex e-con-boxed e-con e-parent\" data-id=\"00a1b9a\" data-element_type=\"container\" data-e-type=\"container\">\n\t\t\t\t\t<div class=\"e-con-inner\">\n\t\t\t\t<div class=\"elementor-element elementor-element-ef33e69 elementor-widget elementor-widget-heading\" data-id=\"ef33e69\" data-element_type=\"widget\" data-e-type=\"widget\" data-widget_type=\"heading.default\">\n\t\t\t\t\t<h3 class=\"elementor-heading-title elementor-size-default\">\u00bfHay alg\u00fan l\u00edmite de edad para participar?<\/h3>\t\t\t\t<\/div>\n\t\t\t\t\t<\/div>\n\t\t\t\t<\/div>\n\t\t<div data-particle_enable=\"false\" data-particle-mobile-disabled=\"false\" class=\"elementor-element elementor-element-c6d65d0 e-flex e-con-boxed e-con e-parent\" data-id=\"c6d65d0\" data-element_type=\"container\" data-e-type=\"container\">\n\t\t\t\t\t<div class=\"e-con-inner\">\n\t\t\t\t<div class=\"elementor-element elementor-element-c47d875 elementor-widget elementor-widget-text-editor\" data-id=\"c47d875\" data-element_type=\"widget\" data-e-type=\"widget\" data-widget_type=\"text-editor.default\">\n\t\t\t\t\t\t\t\t\t<p>La convocatoria no tiene un l\u00edmite de edades. De preferencia se tomar\u00e1 en cuenta a j\u00f3venes que puedan ampliar sus horizontes y que ya tengan pr\u00e1ctica en alguna rama de la producci\u00f3n de cine. Esta experiencia es clave y se debe demostrar.\u00a0<\/p>\t\t\t\t\t\t\t\t<\/div>\n\t\t\t\t\t<\/div>\n\t\t\t\t<\/div>\n\t\t<div data-particle_enable=\"false\" data-particle-mobile-disabled=\"false\" class=\"elementor-element elementor-element-37a7526 e-flex e-con-boxed e-con e-parent\" data-id=\"37a7526\" data-element_type=\"container\" data-e-type=\"container\">\n\t\t\t\t\t<div class=\"e-con-inner\">\n\t\t\t\t<div class=\"elementor-element elementor-element-f1c655d elementor-widget elementor-widget-heading\" data-id=\"f1c655d\" data-element_type=\"widget\" data-e-type=\"widget\" data-widget_type=\"heading.default\">\n\t\t\t\t\t<h3 class=\"elementor-heading-title elementor-size-default\">\u00bfAlg\u00fan requisito por lugar de origen o etnia?<\/h3>\t\t\t\t<\/div>\n\t\t\t\t\t<\/div>\n\t\t\t\t<\/div>\n\t\t<div data-particle_enable=\"false\" data-particle-mobile-disabled=\"false\" class=\"elementor-element elementor-element-d639e95 e-flex e-con-boxed e-con e-parent\" data-id=\"d639e95\" data-element_type=\"container\" data-e-type=\"container\">\n\t\t\t\t\t<div class=\"e-con-inner\">\n\t\t\t\t<div class=\"elementor-element elementor-element-e93472e elementor-widget elementor-widget-text-editor\" data-id=\"e93472e\" data-element_type=\"widget\" data-e-type=\"widget\" data-widget_type=\"text-editor.default\">\n\t\t\t\t\t\t\t\t\t<p>Ninguno. La convocatoria est\u00e1 abierta a guatemaltecos y guatemaltecas. La condici\u00f3n es tener experiencia demostrable, documentada, en alg\u00fan \u00e1rea de producci\u00f3n.<\/p>\t\t\t\t\t\t\t\t<\/div>\n\t\t\t\t\t<\/div>\n\t\t\t\t<\/div>\n\t\t<div data-particle_enable=\"false\" data-particle-mobile-disabled=\"false\" class=\"elementor-element elementor-element-2af319b e-flex e-con-boxed e-con e-parent\" data-id=\"2af319b\" data-element_type=\"container\" data-e-type=\"container\">\n\t\t\t\t\t<div class=\"e-con-inner\">\n\t\t\t\t<div class=\"elementor-element elementor-element-e44cfea elementor-grid-eael-col-1 elementor-grid-tablet-eael-col-2 elementor-grid-mobile-eael-col-1 elementor-widget elementor-widget-eael-post-grid\" data-id=\"e44cfea\" data-element_type=\"widget\" data-e-type=\"widget\" data-settings=\"{&quot;eael_post_grid_columns&quot;:&quot;eael-col-1&quot;,&quot;eael_post_grid_columns_tablet&quot;:&quot;eael-col-2&quot;,&quot;eael_post_grid_columns_mobile&quot;:&quot;eael-col-1&quot;}\" data-widget_type=\"eael-post-grid.default\">\n\t\t\t\t\t<div id=\"eael-post-grid-e44cfea\" class=\"eael-post-grid-container\">\n            <div class=\"eael-post-grid eael-post-appender eael-post-appender-e44cfea eael-post-grid-style-one\" data-layout-mode=\"masonry\"><article class=\"eael-grid-post  eael-post-grid-column eael-pg-post-4741 category-exitos\" data-id=\"4741\">\n        <div class=\"eael-grid-post-holder\">\n            <div class=\"eael-grid-post-holder-inner\"><div class=\"eael-entry-media\"><div class=\"eael-entry-overlay fade-in\"><i class=\"far fa-hand-pointer\" aria-hidden=\"true\"><\/i><a href=\"https:\/\/soymigrante.com\/revista\/actor-maya-guatemalteco-dionicio-virvez-aconseja-nunca-rendirse-al-buscar-un-sueno\/\"><\/a><\/div><div class=\"eael-entry-thumbnail \">\n                <img decoding=\"async\" width=\"1024\" height=\"733\" src=\"https:\/\/soymigrante.com\/revista\/wp-content\/uploads\/2024\/02\/dionix-1024x733.webp\" class=\"attachment-large size-large wp-image-4751\" alt=\"\" srcset=\"https:\/\/soymigrante.com\/revista\/wp-content\/uploads\/2024\/02\/dionix-1024x733.webp 1024w, https:\/\/soymigrante.com\/revista\/wp-content\/uploads\/2024\/02\/dionix-300x215.webp 300w, https:\/\/soymigrante.com\/revista\/wp-content\/uploads\/2024\/02\/dionix-768x550.webp 768w, https:\/\/soymigrante.com\/revista\/wp-content\/uploads\/2024\/02\/dionix-1536x1099.webp 1536w, https:\/\/soymigrante.com\/revista\/wp-content\/uploads\/2024\/02\/dionix-120x86.webp 120w, https:\/\/soymigrante.com\/revista\/wp-content\/uploads\/2024\/02\/dionix-350x250.webp 350w, https:\/\/soymigrante.com\/revista\/wp-content\/uploads\/2024\/02\/dionix-750x537.webp 750w, https:\/\/soymigrante.com\/revista\/wp-content\/uploads\/2024\/02\/dionix-1140x816.webp 1140w, https:\/\/soymigrante.com\/revista\/wp-content\/uploads\/2024\/02\/dionix.webp 1601w\" sizes=\"(max-width: 1024px) 100vw, 1024px\" \/>\n            <\/div>\n        <\/div><div class=\"eael-entry-wrapper\"><header class=\"eael-entry-header\"><h2 class=\"eael-entry-title\"><a class=\"eael-grid-post-link\" href=\"https:\/\/soymigrante.com\/revista\/actor-maya-guatemalteco-dionicio-virvez-aconseja-nunca-rendirse-al-buscar-un-sueno\/\" title=\"Acci\u00f3n, drama y ficci\u00f3n cruzan la vida del actor migrante maya Dionicio Virvez\">Acci\u00f3n, drama y ficci\u00f3n cruzan la vida del actor migrante maya Dionicio Virvez<\/a><\/h2><\/header><div class=\"eael-entry-content\">\n                        <div class=\"eael-grid-post-excerpt\"><a href=\"https:\/\/soymigrante.com\/revista\/actor-maya-guatemalteco-dionicio-virvez-aconseja-nunca-rendirse-al-buscar-un-sueno\/\" class=\"eael-post-elements-readmore-btn\">CONOCE SU HISTORIA <\/a><\/div>\n                    <\/div><\/div><\/div>\n        <\/div>\n    <\/article><\/div>\n            <div class=\"clearfix\"><\/div>\n        <\/div>\t\t\t\t<\/div>\n\t\t\t\t\t<\/div>\n\t\t\t\t<\/div>\n\t\t<div data-particle_enable=\"false\" data-particle-mobile-disabled=\"false\" class=\"elementor-element elementor-element-a30736f e-flex e-con-boxed e-con e-parent\" data-id=\"a30736f\" data-element_type=\"container\" data-e-type=\"container\">\n\t\t\t\t\t<div class=\"e-con-inner\">\n\t\t\t\t<div class=\"elementor-element elementor-element-a1df1dc elementor-widget elementor-widget-heading\" data-id=\"a1df1dc\" data-element_type=\"widget\" data-e-type=\"widget\" data-widget_type=\"heading.default\">\n\t\t\t\t\t<h3 class=\"elementor-heading-title elementor-size-default\">\u00bfQu\u00e9 ofrece la beca?<\/h3>\t\t\t\t<\/div>\n\t\t\t\t\t<\/div>\n\t\t\t\t<\/div>\n\t\t<div data-particle_enable=\"false\" data-particle-mobile-disabled=\"false\" class=\"elementor-element elementor-element-1adb012 e-flex e-con-boxed e-con e-parent\" data-id=\"1adb012\" data-element_type=\"container\" data-e-type=\"container\">\n\t\t\t\t\t<div class=\"e-con-inner\">\n\t\t\t\t<div class=\"elementor-element elementor-element-a5574bb elementor-widget elementor-widget-text-editor\" data-id=\"a5574bb\" data-element_type=\"widget\" data-e-type=\"widget\" data-widget_type=\"text-editor.default\">\n\t\t\t\t\t\t\t\t\t<p>Ser\u00e1 una inmersi\u00f3n en el mundo del cine, que incluye una estad\u00eda en un estudio de Hollywood, en Estados Unidos para aprender y poner en pr\u00e1ctica conocimientos. El objetivo es contribuir al desarrollo del cine en Guatemala.<\/p>\t\t\t\t\t\t\t\t<\/div>\n\t\t\t\t\t<\/div>\n\t\t\t\t<\/div>\n\t\t<div data-particle_enable=\"false\" data-particle-mobile-disabled=\"false\" class=\"elementor-element elementor-element-1642b2a e-flex e-con-boxed e-con e-parent\" data-id=\"1642b2a\" data-element_type=\"container\" data-e-type=\"container\">\n\t\t\t\t\t<div class=\"e-con-inner\">\n\t\t\t\t<div class=\"elementor-element elementor-element-2b1ce0b elementor-widget elementor-widget-heading\" data-id=\"2b1ce0b\" data-element_type=\"widget\" data-e-type=\"widget\" data-widget_type=\"heading.default\">\n\t\t\t\t\t<h3 class=\"elementor-heading-title elementor-size-default\">\u00bfA donde dirigir las solicitudes?<\/h3>\t\t\t\t<\/div>\n\t\t\t\t\t<\/div>\n\t\t\t\t<\/div>\n\t\t<div data-particle_enable=\"false\" data-particle-mobile-disabled=\"false\" class=\"elementor-element elementor-element-121f454 e-flex e-con-boxed e-con e-parent\" data-id=\"121f454\" data-element_type=\"container\" data-e-type=\"container\">\n\t\t\t\t\t<div class=\"e-con-inner\">\n\t\t\t\t<div class=\"elementor-element elementor-element-c3eaed8 elementor-widget elementor-widget-text-editor\" data-id=\"c3eaed8\" data-element_type=\"widget\" data-e-type=\"widget\" data-widget_type=\"text-editor.default\">\n\t\t\t\t\t\t\t\t\t<p>El correo es: <b>centroamericagallego@gmail.com\u00a0\u00a0<\/b><\/p><p>Es importante incluir un curriculum actualizado referente a la formaci\u00f3n personal educativa y tambi\u00e9n en alg\u00fan \u00e1rea cinematogr\u00e1fica, pero <b>lo m\u00e1s importante es incluir links para ver o descargar trabajos que se hayan efectuado, ya sea producciones, narrativas o pel\u00edculas en redes sociales. El perfil es para cineasta.<\/b><\/p>\t\t\t\t\t\t\t\t<\/div>\n\t\t\t\t\t<\/div>\n\t\t\t\t<\/div>\n\t\t<div data-particle_enable=\"false\" data-particle-mobile-disabled=\"false\" class=\"elementor-element elementor-element-a61251d e-flex e-con-boxed e-con e-parent\" data-id=\"a61251d\" data-element_type=\"container\" data-e-type=\"container\">\n\t\t\t\t\t<div class=\"e-con-inner\">\n\t\t\t\t<div class=\"elementor-element elementor-element-490b816 elementor-widget elementor-widget-heading\" data-id=\"490b816\" data-element_type=\"widget\" data-e-type=\"widget\" data-widget_type=\"heading.default\">\n\t\t\t\t\t<h3 class=\"elementor-heading-title elementor-size-default\">\u00bfCu\u00e1ndo se abre y cierra la convocatoria?<\/h3>\t\t\t\t<\/div>\n\t\t\t\t\t<\/div>\n\t\t\t\t<\/div>\n\t\t<div data-particle_enable=\"false\" data-particle-mobile-disabled=\"false\" class=\"elementor-element elementor-element-11ed89f e-flex e-con-boxed e-con e-parent\" data-id=\"11ed89f\" data-element_type=\"container\" data-e-type=\"container\">\n\t\t\t\t\t<div class=\"e-con-inner\">\n\t\t\t\t<div class=\"elementor-element elementor-element-ea6ae7a elementor-widget elementor-widget-text-editor\" data-id=\"ea6ae7a\" data-element_type=\"widget\" data-e-type=\"widget\" data-widget_type=\"text-editor.default\">\n\t\t\t\t\t\t\t\t\t<p>Ya est\u00e1 abierta y estar\u00e1 abierta hasta marzo de 2025. Esta aplicaci\u00f3n es totalmente gratuita. Todas las postulaciones ser\u00e1n debidamente revisadas y evaluadas.<\/p>\t\t\t\t\t\t\t\t<\/div>\n\t\t\t\t\t<\/div>\n\t\t\t\t<\/div>\n\t\t<div data-particle_enable=\"false\" data-particle-mobile-disabled=\"false\" class=\"elementor-element elementor-element-405c8a5 e-flex e-con-boxed e-con e-parent\" data-id=\"405c8a5\" data-element_type=\"container\" data-e-type=\"container\">\n\t\t\t\t\t<div class=\"e-con-inner\">\n\t\t\t\t<div class=\"elementor-element elementor-element-d9a6783 elementor-widget elementor-widget-image\" data-id=\"d9a6783\" data-element_type=\"widget\" data-e-type=\"widget\" data-widget_type=\"image.default\">\n\t\t\t\t\t\t\t\t\t\t\t\t<figure class=\"wp-caption\">\n\t\t\t\t\t\t\t\t\t\t<img loading=\"lazy\" decoding=\"async\" width=\"735\" height=\"1024\" src=\"https:\/\/soymigrante.com\/revista\/wp-content\/uploads\/2024\/11\/dionicio-virvez-735x1024.jpg\" class=\"attachment-large size-large wp-image-13124\" alt=\"Camisa negra, hombre con gafete en ciudad hist\u00f3rica, arquitectura colonial, calle con veh\u00edculos, edificio con arcos y balcones, turismo en zona hist\u00f3rica, estilo arquitect\u00f3nico colonial, visita cultural, paseando por el centro de la ciudad.\" srcset=\"https:\/\/soymigrante.com\/revista\/wp-content\/uploads\/2024\/11\/dionicio-virvez-735x1024.jpg.webp 735w, https:\/\/soymigrante.com\/revista\/wp-content\/uploads\/2024\/11\/dionicio-virvez-215x300.webp 215w, https:\/\/soymigrante.com\/revista\/wp-content\/uploads\/2024\/11\/dionicio-virvez-768x1069.jpg.webp 768w, https:\/\/soymigrante.com\/revista\/wp-content\/uploads\/2024\/11\/dionicio-virvez-750x1044.webp 750w, https:\/\/soymigrante.com\/revista\/wp-content\/uploads\/2024\/11\/dionicio-virvez.webp 956w\" sizes=\"(max-width: 735px) 100vw, 735px\" title=\"dionicio virvez \u2013 SoyMigrante.com REVISTA\" \/>\t\t\t\t\t\t\t\t\t\t\t<figcaption class=\"widget-image-caption wp-caption-text\">Dionicio Virvez fue entrevistado v\u00eda videoconferencia en febrero de 2024. Este noviembre estuvo en Guatemala para visitar a su pueblo Santa Eulalia y traer la buena noticia el programa de oportunidad de beca para cineastas.<\/figcaption>\n\t\t\t\t\t\t\t\t\t\t<\/figure>\n\t\t\t\t\t\t\t\t\t<\/div>\n\t\t\t\t\t<\/div>\n\t\t\t\t<\/div>\n\t\t<div data-particle_enable=\"false\" data-particle-mobile-disabled=\"false\" class=\"elementor-element elementor-element-fb6299d e-flex e-con-boxed e-con e-parent\" data-id=\"fb6299d\" data-element_type=\"container\" data-e-type=\"container\">\n\t\t\t\t\t<div class=\"e-con-inner\">\n\t\t\t\t<div class=\"elementor-element elementor-element-97640bf elementor-invisible elementor-widget elementor-widget-testimonial\" data-id=\"97640bf\" data-element_type=\"widget\" data-e-type=\"widget\" data-settings=\"{&quot;_animation&quot;:&quot;rotateInUpRight&quot;}\" data-widget_type=\"testimonial.default\">\n\t\t\t\t\t\t\t<div class=\"elementor-testimonial-wrapper\">\n\t\t\t\t\t\t\t<div class=\"elementor-testimonial-content\">\"Yo tuve un sue\u00f1o de llegar a actuar en cine. No fue f\u00e1cil ni ocurri\u00f3 r\u00e1pido. Hay muchas exclusiones y barreras. La clave est\u00e1 en la perseverancia. Seguir adelante, prepar\u00e1ndose en busca de la meta. As\u00ed cuando llega la oportunidad est\u00e1s preparado para tomarla\".<\/div>\n\t\t\t\n\t\t\t\t\t\t<div class=\"elementor-testimonial-meta elementor-has-image elementor-testimonial-image-position-aside\">\n\t\t\t\t<div class=\"elementor-testimonial-meta-inner\">\n\t\t\t\t\t\t\t\t\t\t\t<div class=\"elementor-testimonial-image\">\n\t\t\t\t\t\t\t<a href=\"https:\/\/soymigrante.com\/revista\/actor-maya-guatemalteco-dionicio-virvez-aconseja-nunca-rendirse-al-buscar-un-sueno\/\"><img loading=\"lazy\" decoding=\"async\" width=\"814\" height=\"775\" src=\"https:\/\/soymigrante.com\/revista\/wp-content\/uploads\/2024\/11\/dionicio-2-e1731514295202.webp\" class=\"attachment-full size-full wp-image-13128\" alt=\"Estudiante con cultura y pasi\u00f3n en el centro hist\u00f3rico de la ciudad, participando en actividades culturales y acad\u00e9micas en un entorno urbano con arquitectura colonial.\" title=\"dionicio 2 \u2013 SoyMigrante.com REVISTA\" srcset=\"https:\/\/soymigrante.com\/revista\/wp-content\/uploads\/2024\/11\/dionicio-2-e1731514295202.webp 814w, https:\/\/soymigrante.com\/revista\/wp-content\/uploads\/2024\/11\/dionicio-2-e1731514295202-300x286.webp 300w, https:\/\/soymigrante.com\/revista\/wp-content\/uploads\/2024\/11\/dionicio-2-e1731514295202-768x731.webp 768w, https:\/\/soymigrante.com\/revista\/wp-content\/uploads\/2024\/11\/dionicio-2-e1731514295202-750x714.webp 750w\" sizes=\"(max-width: 814px) 100vw, 814px\" \/><\/a>\t\t\t\t\t\t<\/div>\n\t\t\t\t\t\n\t\t\t\t\t\t\t\t\t\t<div class=\"elementor-testimonial-details\">\n\t\t\t\t\t\t\t\t\t\t\t\t\t\t<a class=\"elementor-testimonial-name\" href=\"https:\/\/soymigrante.com\/revista\/actor-maya-guatemalteco-dionicio-virvez-aconseja-nunca-rendirse-al-buscar-un-sueno\/\">Dionicio Virvez<\/a>\n\t\t\t\t\t\t\t\t\t\t\t\t\t\t\t\t\t\t\t\t\t\t<a class=\"elementor-testimonial-job\" href=\"https:\/\/soymigrante.com\/revista\/actor-maya-guatemalteco-dionicio-virvez-aconseja-nunca-rendirse-al-buscar-un-sueno\/\">Migrante guatemalteco maya q'anjob'al\ny actor en Hollywood, miembro de la \nAcademia Americana Multicultural de Cine.<\/a>\n\t\t\t\t\t\t\t\t\t\t\t\t\t<\/div>\n\t\t\t\t\t\t\t\t\t<\/div>\n\t\t\t<\/div>\n\t\t\t\t\t<\/div>\n\t\t\t\t\t\t<\/div>\n\t\t\t\t\t<\/div>\n\t\t\t\t<\/div>\n\t\t<div data-particle_enable=\"false\" data-particle-mobile-disabled=\"false\" class=\"elementor-element elementor-element-3561075 e-flex e-con-boxed e-con e-parent\" data-id=\"3561075\" data-element_type=\"container\" data-e-type=\"container\">\n\t\t\t\t\t<div class=\"e-con-inner\">\n\t\t\t\t<div class=\"elementor-element elementor-element-7d3d4f8 elementor-widget elementor-widget-heading\" data-id=\"7d3d4f8\" data-element_type=\"widget\" data-e-type=\"widget\" data-widget_type=\"heading.default\">\n\t\t\t\t\t<h2 class=\"elementor-heading-title elementor-size-default\">Talento f\u00edlmico migrante guatemalteco brilla en Estados Unidos<\/h2>\t\t\t\t<\/div>\n\t\t\t\t\t<\/div>\n\t\t\t\t<\/div>\n\t\t<div data-particle_enable=\"false\" data-particle-mobile-disabled=\"false\" class=\"elementor-element elementor-element-5cc666e e-flex e-con-boxed e-con e-parent\" data-id=\"5cc666e\" data-element_type=\"container\" data-e-type=\"container\">\n\t\t\t\t\t<div class=\"e-con-inner\">\n\t\t\t\t<div class=\"elementor-element elementor-element-ec9aaa8 elementor-grid-eael-col-3 elementor-grid-tablet-eael-col-2 elementor-grid-mobile-eael-col-1 elementor-widget elementor-widget-eael-post-grid\" data-id=\"ec9aaa8\" data-element_type=\"widget\" data-e-type=\"widget\" data-settings=\"{&quot;eael_post_grid_columns&quot;:&quot;eael-col-3&quot;,&quot;eael_post_grid_columns_tablet&quot;:&quot;eael-col-2&quot;,&quot;eael_post_grid_columns_mobile&quot;:&quot;eael-col-1&quot;}\" data-widget_type=\"eael-post-grid.default\">\n\t\t\t\t\t<div id=\"eael-post-grid-ec9aaa8\" class=\"eael-post-grid-container\">\n            <div class=\"eael-post-grid eael-post-appender eael-post-appender-ec9aaa8 eael-post-grid-style-one\" data-layout-mode=\"masonry\"><article class=\"eael-grid-post  eael-post-grid-column eael-pg-post-3056 category-exitos\" data-id=\"3056\">\n        <div class=\"eael-grid-post-holder\">\n            <div class=\"eael-grid-post-holder-inner\"><div class=\"eael-entry-media\"><div class=\"eael-entry-overlay fade-in\"><i class=\"far fa-hand-pointer\" aria-hidden=\"true\"><\/i><a href=\"https:\/\/soymigrante.com\/revista\/actriz-migrante-y-defensora-del-talento-de-la-mujer-hispana-sandra-chavarria\/\"><\/a><\/div><div class=\"eael-entry-thumbnail \">\n                <img loading=\"lazy\" decoding=\"async\" width=\"900\" height=\"855\" src=\"https:\/\/soymigrante.com\/revista\/wp-content\/uploads\/2024\/09\/actriz-sandra-chavarria.webp\" class=\"attachment-large size-large wp-image-9813\" alt=\"Medalla de oro en igualdad y migraci\u00f3n, mujer sonriendo con vestido colorido y fondo de ladrillos en revista SoyMigrante.com REVISTA.\" srcset=\"https:\/\/soymigrante.com\/revista\/wp-content\/uploads\/2024\/09\/actriz-sandra-chavarria.webp 900w, https:\/\/soymigrante.com\/revista\/wp-content\/uploads\/2024\/09\/actriz-sandra-chavarria-300x285.webp 300w, https:\/\/soymigrante.com\/revista\/wp-content\/uploads\/2024\/09\/actriz-sandra-chavarria-768x730.webp 768w, https:\/\/soymigrante.com\/revista\/wp-content\/uploads\/2024\/09\/actriz-sandra-chavarria-750x713.webp 750w\" sizes=\"(max-width: 900px) 100vw, 900px\" \/>\n            <\/div>\n        <\/div><div class=\"eael-entry-wrapper\"><header class=\"eael-entry-header\"><h2 class=\"eael-entry-title\"><a class=\"eael-grid-post-link\" href=\"https:\/\/soymigrante.com\/revista\/actriz-migrante-y-defensora-del-talento-de-la-mujer-hispana-sandra-chavarria\/\" title=\"Actriz guatemalteca Sandra Chavarr\u00eda cosecha \u00e9xitos en teatro y cine\">Actriz guatemalteca Sandra Chavarr\u00eda cosecha \u00e9xitos en teatro y cine<\/a><\/h2><\/header><div class=\"eael-entry-content\">\n                        <div class=\"eael-grid-post-excerpt\"><a href=\"https:\/\/soymigrante.com\/revista\/actriz-migrante-y-defensora-del-talento-de-la-mujer-hispana-sandra-chavarria\/\" class=\"eael-post-elements-readmore-btn\">CONOCE SU HISTORIA <\/a><\/div>\n                    <\/div><\/div><\/div>\n        <\/div>\n    <\/article><article class=\"eael-grid-post  eael-post-grid-column eael-pg-post-5890 category-exitos\" data-id=\"5890\">\n        <div class=\"eael-grid-post-holder\">\n            <div class=\"eael-grid-post-holder-inner\"><div class=\"eael-entry-media\"><div class=\"eael-entry-overlay fade-in\"><i class=\"far fa-hand-pointer\" aria-hidden=\"true\"><\/i><a href=\"https:\/\/soymigrante.com\/revista\/la-historia-del-cineasta-samuel-carrillo-podria-titularse-dos-veces-migrante\/\"><\/a><\/div><div class=\"eael-entry-thumbnail \">\n                <img loading=\"lazy\" decoding=\"async\" width=\"456\" height=\"453\" src=\"https:\/\/soymigrante.com\/revista\/wp-content\/uploads\/2024\/04\/samuel-carrillo-cineasta-oklahoma-2.webp\" class=\"attachment-large size-large wp-image-5891\" alt=\"Americano en evento de SoyMigrante.com REVISTA participando en tema de migraci\u00f3n y derechos laborales de migrantes latinoamericanos, promoviendo integraci\u00f3n y apoyo comunitario.\" srcset=\"https:\/\/soymigrante.com\/revista\/wp-content\/uploads\/2024\/04\/samuel-carrillo-cineasta-oklahoma-2.webp 456w, https:\/\/soymigrante.com\/revista\/wp-content\/uploads\/2024\/04\/samuel-carrillo-cineasta-oklahoma-2-300x298.webp 300w, https:\/\/soymigrante.com\/revista\/wp-content\/uploads\/2024\/04\/samuel-carrillo-cineasta-oklahoma-2-150x150.webp 150w, https:\/\/soymigrante.com\/revista\/wp-content\/uploads\/2024\/04\/samuel-carrillo-cineasta-oklahoma-2-75x75.webp 75w\" sizes=\"(max-width: 456px) 100vw, 456px\" \/>\n            <\/div>\n        <\/div><div class=\"eael-entry-wrapper\"><header class=\"eael-entry-header\"><h2 class=\"eael-entry-title\"><a class=\"eael-grid-post-link\" href=\"https:\/\/soymigrante.com\/revista\/la-historia-del-cineasta-samuel-carrillo-podria-titularse-dos-veces-migrante\/\" title=\"Cineasta Samuel Carrillo, premiado en Oklahoma, es dos veces migrante\">Cineasta Samuel Carrillo, premiado en Oklahoma, es dos veces migrante<\/a><\/h2><\/header><div class=\"eael-entry-content\">\n                        <div class=\"eael-grid-post-excerpt\"><a href=\"https:\/\/soymigrante.com\/revista\/la-historia-del-cineasta-samuel-carrillo-podria-titularse-dos-veces-migrante\/\" class=\"eael-post-elements-readmore-btn\">CONOCE SU HISTORIA <\/a><\/div>\n                    <\/div><\/div><\/div>\n        <\/div>\n    <\/article><article class=\"eael-grid-post  eael-post-grid-column eael-pg-post-3582 category-exitos\" data-id=\"3582\">\n        <div class=\"eael-grid-post-holder\">\n            <div class=\"eael-grid-post-holder-inner\"><div class=\"eael-entry-media\"><div class=\"eael-entry-overlay fade-in\"><i class=\"far fa-hand-pointer\" aria-hidden=\"true\"><\/i><a href=\"https:\/\/soymigrante.com\/revista\/musico-actor-guatemalteco-migrante-en-nueva-york-domingo-lemus\/\"><\/a><\/div><div class=\"eael-entry-thumbnail \">\n                <img loading=\"lazy\" decoding=\"async\" width=\"855\" height=\"755\" src=\"https:\/\/soymigrante.com\/revista\/wp-content\/uploads\/2023\/12\/minguito.webp\" class=\"attachment-large size-large wp-image-3599\" alt=\"\" srcset=\"https:\/\/soymigrante.com\/revista\/wp-content\/uploads\/2023\/12\/minguito.webp 855w, https:\/\/soymigrante.com\/revista\/wp-content\/uploads\/2023\/12\/minguito-300x265.webp 300w, https:\/\/soymigrante.com\/revista\/wp-content\/uploads\/2023\/12\/minguito-768x678.webp 768w, https:\/\/soymigrante.com\/revista\/wp-content\/uploads\/2023\/12\/minguito-750x662.jpg 750w\" sizes=\"(max-width: 855px) 100vw, 855px\" \/>\n            <\/div>\n        <\/div><div class=\"eael-entry-wrapper\"><header class=\"eael-entry-header\"><h2 class=\"eael-entry-title\"><a class=\"eael-grid-post-link\" href=\"https:\/\/soymigrante.com\/revista\/musico-actor-guatemalteco-migrante-en-nueva-york-domingo-lemus\/\" title=\"\u201cTodos somos migrantes\u201d: Domingo Lemus, cineasta y m\u00fasico en NY\">\u201cTodos somos migrantes\u201d: Domingo Lemus, cineasta y m\u00fasico en NY<\/a><\/h2><\/header><div class=\"eael-entry-content\">\n                        <div class=\"eael-grid-post-excerpt\"><a href=\"https:\/\/soymigrante.com\/revista\/musico-actor-guatemalteco-migrante-en-nueva-york-domingo-lemus\/\" class=\"eael-post-elements-readmore-btn\">CONOCE SU HISTORIA <\/a><\/div>\n                    <\/div><\/div><\/div>\n        <\/div>\n    <\/article><\/div>\n            <div class=\"clearfix\"><\/div>\n        <\/div>\t\t\t\t<\/div>\n\t\t\t\t\t<\/div>\n\t\t\t\t<\/div>\n\t\t\t\t<\/div>\n\t\t","protected":false},"excerpt":{"rendered":"<p>El actor q&#8217;anjob&#8217;al Dionicio Virvez se sinti\u00f3 feliz en su pueblo natal, Santa Eulalia, Huehuetenango pero tambi\u00e9n viaj\u00f3 a Guatemala para anunciar la convocatoria de una beca de cine patrocinada por la Asociaci\u00f3n Americana Multicultural de Cine, que preside en California. Es un gui\u00f3n de pel\u00edcula la historia de Dionicio Virvez: sus sue\u00f1os de cine [&hellip;]<\/p>\n","protected":false},"author":7,"featured_media":13090,"comment_status":"open","ping_status":"open","sticky":false,"template":"","format":"standard","meta":{"_acf_changed":false,"_eb_attr":"","footnotes":""},"categories":[54],"tags":[],"class_list":["post-13088","post","type-post","status-publish","format-standard","has-post-thumbnail","hentry","category-estamos-unidos"],"acf":[],"aioseo_notices":[],"aioseo_head":"\n\t\t<!-- All in One SEO Pro 4.9.6.2 - aioseo.com -->\n\t<meta name=\"description\" content=\"\u201cMi vida ha sido migrante casi desde que nac\u00ed\u201d, dice el guatemalteco Domingo Lemus, cuyo rostro se hizo ic\u00f3nico por la pel\u00edcula &quot;Puro Mula&quot;, de 2011, pero cuyo talento musical, creativo y f\u00edlmico crece en EE.UU al trabajar en producciones de cine y TV. En cada llegada o salida de Guatemala, vibran emociones en la\" \/>\n\t<meta name=\"robots\" content=\"max-snippet:-1, max-image-preview:large, max-video-preview:-1\" \/>\n\t<meta name=\"author\" content=\"Gustavo Montenegro\"\/>\n\t<link rel=\"canonical\" href=\"https:\/\/soymigrante.com\/revista\/actor-migrante-maya-dionicio-virvez-visita-su-tierra-santa-eulalia-y-anima-vocaciones-de-cine\/\" \/>\n\t<meta name=\"generator\" content=\"All in One SEO Pro (AIOSEO) 4.9.6.2\" \/>\n\n\t\t<link rel=\"preconnect\" href=\"https:\/\/fonts.googleapis.com\" crossorigin>\n<link rel=\"preconnect\" href=\"https:\/\/fonts.gstatic.com\" crossorigin>\n\t\t<meta property=\"og:locale\" content=\"es_ES\" \/>\n\t\t<meta property=\"og:site_name\" content=\"SoyMigrante.com REVISTA \u2013 Nuestra misi\u00f3n es reconocer y dignificar al migrante.\" \/>\n\t\t<meta property=\"og:type\" content=\"article\" \/>\n\t\t<meta property=\"og:title\" content=\"Actor maya Dionicio Virvez anima vocaciones de cine\" \/>\n\t\t<meta property=\"og:description\" content=\"Actor maya q&#039;anjob&#039;al Dionicio Virvez se sinti\u00f3 bienvenido en su natal Santa Eulalia, Huehuetenango, pero adem\u00e1s abre una convocatoria de beca de cine.\" \/>\n\t\t<meta property=\"og:url\" content=\"https:\/\/soymigrante.com\/revista\/actor-migrante-maya-dionicio-virvez-visita-su-tierra-santa-eulalia-y-anima-vocaciones-de-cine\/\" \/>\n\t\t<meta property=\"og:image\" content=\"https:\/\/soymigrante.com\/revista\/wp-content\/uploads\/2024\/11\/DIONICIO-VIRVEZ-6.webp\" \/>\n\t\t<meta property=\"og:image:secure_url\" content=\"https:\/\/soymigrante.com\/revista\/wp-content\/uploads\/2024\/11\/DIONICIO-VIRVEZ-6.webp\" \/>\n\t\t<meta property=\"og:image:width\" content=\"1920\" \/>\n\t\t<meta property=\"og:image:height\" content=\"1920\" \/>\n\t\t<meta property=\"article:published_time\" content=\"2024-11-13T16:10:01+00:00\" \/>\n\t\t<meta property=\"article:modified_time\" content=\"2024-11-13T19:39:04+00:00\" \/>\n\t\t<meta property=\"article:publisher\" content=\"https:\/\/www.facebook.com\/soymigrantecom\" \/>\n\t\t<meta name=\"twitter:card\" content=\"summary_large_image\" \/>\n\t\t<meta name=\"twitter:site\" content=\"@SoyMigrante_com\" \/>\n\t\t<meta name=\"twitter:title\" content=\"Actor maya Dionicio Virvez anima vocaciones de cine\" \/>\n\t\t<meta name=\"twitter:description\" content=\"Actor maya q&#039;anjob&#039;al Dionicio Virvez se sinti\u00f3 bienvenido en su natal Santa Eulalia, Huehuetenango, pero adem\u00e1s abre una convocatoria de beca de cine.\" \/>\n\t\t<meta name=\"twitter:creator\" content=\"@SoyMigrante_com\" \/>\n\t\t<meta name=\"twitter:image\" content=\"https:\/\/soymigrante.com\/revista\/wp-content\/uploads\/2024\/11\/DIONICIO-VIRVEZ-6.webp\" \/>\n\t\t<!-- All in One SEO Pro -->\r\n\t\t<title>Actor maya Dionicio Virvez anima vocaciones de cine<\/title>\n\n","aioseo_head_json":{"title":"Actor maya Dionicio Virvez anima vocaciones de cine","description":"Actor maya q'anjob'al Dionicio Virvez se sinti\u00f3 bienvenido en su natal Santa Eulalia, Huehuetenango, pero adem\u00e1s abre una convocatoria de beca de cine.","canonical_url":"https:\/\/soymigrante.com\/revista\/actor-migrante-maya-dionicio-virvez-visita-su-tierra-santa-eulalia-y-anima-vocaciones-de-cine\/","robots":"max-snippet:-1, max-image-preview:large, max-video-preview:-1","keywords":"","webmasterTools":{"miscellaneous":"&lt;link rel=\"preconnect\" href=\"https:\/\/fonts.googleapis.com\" crossorigin&gt;\n&lt;link rel=\"preconnect\" href=\"https:\/\/fonts.gstatic.com\" crossorigin&gt;"},"schema":null,"og:locale":"es_ES","og:site_name":"SoyMigrante.com REVISTA \u2013 Nuestra misi\u00f3n es reconocer y dignificar al migrante.","og:type":"article","og:title":"Actor maya Dionicio Virvez anima vocaciones de cine","og:description":"Actor maya q'anjob'al Dionicio Virvez se sinti\u00f3 bienvenido en su natal Santa Eulalia, Huehuetenango, pero adem\u00e1s abre una convocatoria de beca de cine.","og:url":"https:\/\/soymigrante.com\/revista\/actor-migrante-maya-dionicio-virvez-visita-su-tierra-santa-eulalia-y-anima-vocaciones-de-cine\/","og:image":"https:\/\/soymigrante.com\/revista\/wp-content\/uploads\/2024\/11\/DIONICIO-VIRVEZ-6.webp","og:image:secure_url":"https:\/\/soymigrante.com\/revista\/wp-content\/uploads\/2024\/11\/DIONICIO-VIRVEZ-6.webp","og:image:width":1920,"og:image:height":1920,"article:published_time":"2024-11-13T16:10:01+00:00","article:modified_time":"2024-11-13T19:39:04+00:00","article:publisher":"https:\/\/www.facebook.com\/soymigrantecom","twitter:card":"summary_large_image","twitter:site":"@SoyMigrante_com","twitter:title":"Actor maya Dionicio Virvez anima vocaciones de cine","twitter:description":"Actor maya q'anjob'al Dionicio Virvez se sinti\u00f3 bienvenido en su natal Santa Eulalia, Huehuetenango, pero adem\u00e1s abre una convocatoria de beca de cine.","twitter:creator":"@SoyMigrante_com","twitter:image":"https:\/\/soymigrante.com\/revista\/wp-content\/uploads\/2024\/11\/DIONICIO-VIRVEZ-6.webp"},"aioseo_meta_data":{"post_id":"13088","title":"Actor maya Dionicio Virvez anima vocaciones de cine","description":"Actor maya q'anjob'al Dionicio Virvez se sinti\u00f3 bienvenido en su natal Santa Eulalia, Huehuetenango, pero adem\u00e1s abre una convocatoria de beca de cine.","keywords":null,"keyphrases":{"focus":{"keyphrase":"Actor","score":82,"analysis":{"keyphraseInTitle":{"score":9,"maxScore":9,"error":0},"keyphraseInDescription":{"score":9,"maxScore":9,"error":0},"keyphraseLength":{"score":9,"maxScore":9,"error":0,"length":1},"keyphraseInURL":{"score":5,"maxScore":5,"error":0},"keyphraseInIntroduction":{"score":3,"maxScore":9,"error":1},"keyphraseInSubHeadings":{"score":3,"maxScore":9,"error":1},"keyphraseInImageAlt":{"score":9,"maxScore":9,"error":0},"keywordDensity":{"type":"best","score":9,"maxScore":9,"error":0}}},"additional":[{"keyphrase":"Maya","score":67,"analysis":{"keyphraseInDescription":{"score":9,"maxScore":9,"error":0},"keyphraseLength":{"score":9,"maxScore":9,"error":0,"length":1},"keyphraseInIntroduction":{"score":3,"maxScore":9,"error":1},"keyphraseInImageAlt":{"score":9,"maxScore":9,"error":0},"keywordDensity":{"score":0,"type":"low","maxScore":9,"error":1}}},{"keyphrase":"Cine","score":100,"analysis":{"keyphraseInDescription":{"score":9,"maxScore":9,"error":0},"keyphraseLength":{"score":9,"maxScore":9,"error":0,"length":1},"keyphraseInIntroduction":{"score":9,"maxScore":9,"error":0},"keyphraseInImageAlt":{"score":9,"maxScore":9,"error":0},"keywordDensity":{"type":"best","score":9,"maxScore":9,"error":0}}}]},"primary_term":null,"canonical_url":null,"og_title":null,"og_description":null,"og_object_type":"default","og_image_type":"default","og_image_url":null,"og_image_width":null,"og_image_height":null,"og_image_custom_url":null,"og_image_custom_fields":null,"og_video":"","og_custom_url":null,"og_article_section":null,"og_article_tags":null,"twitter_use_og":false,"twitter_card":"default","twitter_image_type":"default","twitter_image_url":null,"twitter_image_custom_url":null,"twitter_image_custom_fields":null,"twitter_title":null,"twitter_description":null,"schema":{"blockGraphs":[],"customGraphs":[],"default":{"data":{"Article":[],"Course":[],"Dataset":[],"FAQPage":[],"Movie":[],"Person":[],"Product":[],"ProductReview":[],"Car":[],"Recipe":[],"Service":[],"SoftwareApplication":[],"WebPage":[]},"graphName":"Article","isEnabled":true},"graphs":[]},"schema_type":"default","schema_type_options":null,"pillar_content":false,"robots_default":true,"robots_noindex":false,"robots_noarchive":false,"robots_nosnippet":false,"robots_nofollow":false,"robots_noimageindex":false,"robots_noodp":false,"robots_notranslate":false,"robots_max_snippet":"-1","robots_max_videopreview":"-1","robots_max_imagepreview":"large","priority":null,"frequency":"default","local_seo":null,"seo_analyzer_scan_date":"2025-10-09 00:15:00","breadcrumb_settings":null,"limit_modified_date":false,"reviewed_by":null,"open_ai":"{\"title\":{\"suggestions\":[],\"usage\":0},\"description\":{\"suggestions\":[],\"usage\":0}}","ai":null,"created":"2024-11-13 05:35:54","updated":"2026-02-04 16:30:07"},"aioseo_breadcrumb":"<div class=\"aioseo-breadcrumbs\"><span class=\"aioseo-breadcrumb\">\n\t<a href=\"https:\/\/soymigrante.com\/revista\" title=\"Home\">Home<\/a>\n<\/span><span class=\"aioseo-breadcrumb-separator\">\u00bb<\/span><span class=\"aioseo-breadcrumb\">\n\t<a href=\"https:\/\/soymigrante.com\/revista\/category\/estamos-unidos\/\" title=\"Estamos Unidos\">Estamos Unidos<\/a>\n<\/span><span class=\"aioseo-breadcrumb-separator\">\u00bb<\/span><span class=\"aioseo-breadcrumb\">\n\tActor migrante maya Dionicio Virvez visita su tierra Santa Eulalia y anima vocaciones de cine\n<\/span><\/div>","aioseo_breadcrumb_json":[{"label":"Home","link":"https:\/\/soymigrante.com\/revista"},{"label":"Estamos Unidos","link":"https:\/\/soymigrante.com\/revista\/category\/estamos-unidos\/"},{"label":"Actor migrante maya Dionicio Virvez visita su tierra Santa Eulalia y anima vocaciones de cine","link":"https:\/\/soymigrante.com\/revista\/actor-migrante-maya-dionicio-virvez-visita-su-tierra-santa-eulalia-y-anima-vocaciones-de-cine\/"}],"_links":{"self":[{"href":"https:\/\/soymigrante.com\/revista\/wp-json\/wp\/v2\/posts\/13088","targetHints":{"allow":["GET"]}}],"collection":[{"href":"https:\/\/soymigrante.com\/revista\/wp-json\/wp\/v2\/posts"}],"about":[{"href":"https:\/\/soymigrante.com\/revista\/wp-json\/wp\/v2\/types\/post"}],"author":[{"embeddable":true,"href":"https:\/\/soymigrante.com\/revista\/wp-json\/wp\/v2\/users\/7"}],"replies":[{"embeddable":true,"href":"https:\/\/soymigrante.com\/revista\/wp-json\/wp\/v2\/comments?post=13088"}],"version-history":[{"count":0,"href":"https:\/\/soymigrante.com\/revista\/wp-json\/wp\/v2\/posts\/13088\/revisions"}],"wp:featuredmedia":[{"embeddable":true,"href":"https:\/\/soymigrante.com\/revista\/wp-json\/wp\/v2\/media\/13090"}],"wp:attachment":[{"href":"https:\/\/soymigrante.com\/revista\/wp-json\/wp\/v2\/media?parent=13088"}],"wp:term":[{"taxonomy":"category","embeddable":true,"href":"https:\/\/soymigrante.com\/revista\/wp-json\/wp\/v2\/categories?post=13088"},{"taxonomy":"post_tag","embeddable":true,"href":"https:\/\/soymigrante.com\/revista\/wp-json\/wp\/v2\/tags?post=13088"}],"curies":[{"name":"wp","href":"https:\/\/api.w.org\/{rel}","templated":true}]}}