{"id":13039,"date":"2025-06-19T14:45:02","date_gmt":"2025-06-19T20:45:02","guid":{"rendered":"https:\/\/soymigrante.com\/revista\/?p=13039"},"modified":"2025-06-19T15:44:21","modified_gmt":"2025-06-19T21:44:21","slug":"el-aguacate-guatemalteco-tambien-es-migrante-y-llega-al-mercado-de-ee-uu","status":"publish","type":"post","link":"https:\/\/soymigrante.com\/revista\/el-aguacate-guatemalteco-tambien-es-migrante-y-llega-al-mercado-de-ee-uu\/","title":{"rendered":"El aguacate guatemalteco tambi\u00e9n es migrante y est\u00e1 por llegar al mercado de Estados Unidos"},"content":{"rendered":"\t\t<div data-elementor-type=\"wp-post\" data-elementor-id=\"13039\" class=\"elementor elementor-13039\" data-elementor-post-type=\"post\">\n\t\t\t\t<div data-particle_enable=\"false\" data-particle-mobile-disabled=\"false\" class=\"elementor-element elementor-element-3cf1421 e-flex e-con-boxed e-con e-parent\" data-id=\"3cf1421\" data-element_type=\"container\" data-e-type=\"container\">\n\t\t\t\t\t<div class=\"e-con-inner\">\n\t\t\t\t<div class=\"elementor-element elementor-element-ba3d565 elementor-widget elementor-widget-heading\" data-id=\"ba3d565\" data-element_type=\"widget\" data-e-type=\"widget\" data-widget_type=\"heading.default\">\n\t\t\t\t\t<h2 class=\"elementor-heading-title elementor-size-default\">El aguacate Hass guatemalteco  est\u00e1 cada vez m\u00e1s cerca de poder llegar al mercado estadounidense. Lo curioso es que su origen gen\u00e9tico est\u00e1 en Guatemala, pero fue patentado en California y ahora regresar\u00e1 a ese mercado.<\/h2>\t\t\t\t<\/div>\n\t\t\t\t<div class=\"elementor-element elementor-element-f736a33 elementor-widget elementor-widget-html\" data-id=\"f736a33\" data-element_type=\"widget\" data-e-type=\"widget\" data-widget_type=\"html.default\">\n\t\t\t\t\t<div id=\"buzzsprout-player-17366437\"><\/div><script src=\"https:\/\/www.buzzsprout.com\/2444168\/episodes\/17366437-aguacate-guatemaltecoi-tambien-es-migrante-esta-cerca-de-ser-exportado-a-estados-unidos.js?container_id=buzzsprout-player-17366437&player=small\" type=\"text\/javascript\" charset=\"utf-8\"><\/script>\t\t\t\t<\/div>\n\t\t\t\t\t<\/div>\n\t\t\t\t<\/div>\n\t\t<div data-particle_enable=\"false\" data-particle-mobile-disabled=\"false\" class=\"elementor-element elementor-element-b553386 e-flex e-con-boxed e-con e-parent\" data-id=\"b553386\" data-element_type=\"container\" data-e-type=\"container\">\n\t\t\t\t\t<div class=\"e-con-inner\">\n\t\t\t\t<div class=\"elementor-element elementor-element-172e863 elementor-widget elementor-widget-text-editor\" data-id=\"172e863\" data-element_type=\"widget\" data-e-type=\"widget\" data-widget_type=\"text-editor.default\">\n\t\t\t\t\t\t\t\t\t<p>En Estados Unidos se han popularizado mucho los famosos <a href=\"https:\/\/soymigrante.com\/revista\/nim-ali-emprendimiento-gastronomico-migrante-en-el-corazon-de-washington-d-c\/\">&#8220;shucos<\/a>&#8221; cuyo ingrediente principal es el aguacate y quiz\u00e1 ahora, en algunos lugares comience a utilizarse aguacate guatemalteco, para realzar m\u00e1s ese sabor y pertenencia. Pero hay muchos otros platillos en Estados Unidos que tienen este manjar verde como ingrediente.<\/p>\n<p>El aguacate hass es uno de los productos m\u00e1s ic\u00f3nicos y apreciados en la gastronom\u00eda mundial, y pr\u00f3ximamente, el aguacate Hass de origen guatemalteco estar\u00e1 disponible en el mercado estadounidense, gracias a que por fin se dieron todas las autorizaciones para su exporaci\u00f3n.<\/p>\n<p>Esta noticia representa un avance para el sector agr\u00edcola de Guatemala y <a href=\"https:\/\/soymigrante.com\/revista\/category\/guate-nuestra\/\" target=\"_blank\" rel=\"noopener\">una oportunidad para que consumidores estadounidenses puedan disfrutar de un aguacate famoso no solo por su sabor, sino tambi\u00e9n por su calidad.<\/a><\/p>\t\t\t\t\t\t\t\t<\/div>\n\t\t\t\t\t<\/div>\n\t\t\t\t<\/div>\n\t\t<div data-particle_enable=\"false\" data-particle-mobile-disabled=\"false\" class=\"elementor-element elementor-element-f563754 e-flex e-con-boxed e-con e-parent\" data-id=\"f563754\" data-element_type=\"container\" data-e-type=\"container\">\n\t\t\t\t\t<div class=\"e-con-inner\">\n\t\t\t\t<div class=\"elementor-element elementor-element-39af16a elementor-widget elementor-widget-image\" data-id=\"39af16a\" data-element_type=\"widget\" data-e-type=\"widget\" data-widget_type=\"image.default\">\n\t\t\t\t\t\t\t\t\t\t\t\t<figure class=\"wp-caption\">\n\t\t\t\t\t\t\t\t\t\t<img fetchpriority=\"high\" decoding=\"async\" width=\"768\" height=\"705\" src=\"https:\/\/soymigrante.com\/revista\/wp-content\/uploads\/2025\/06\/rudolph-hass-patento-el-aguacate-que-lleva-su-apelllido-1024x940.png\" class=\"attachment-large size-large wp-image-36828\" alt=\"Anciano y joven en fotograf\u00eda cl\u00e1sica, representando historia y cultura, en un entorno natural, mostrando conexi\u00f3n generacional y memoria hist\u00f3rica.\" srcset=\"https:\/\/soymigrante.com\/revista\/wp-content\/uploads\/2025\/06\/rudolph-hass-patento-el-aguacate-que-lleva-su-apelllido-1024x940.png 1024w, https:\/\/soymigrante.com\/revista\/wp-content\/uploads\/2025\/06\/rudolph-hass-patento-el-aguacate-que-lleva-su-apelllido-300x275.png 300w, https:\/\/soymigrante.com\/revista\/wp-content\/uploads\/2025\/06\/rudolph-hass-patento-el-aguacate-que-lleva-su-apelllido-768x705.png 768w, https:\/\/soymigrante.com\/revista\/wp-content\/uploads\/2025\/06\/rudolph-hass-patento-el-aguacate-que-lleva-su-apelllido-750x688.png 750w, https:\/\/soymigrante.com\/revista\/wp-content\/uploads\/2025\/06\/rudolph-hass-patento-el-aguacate-que-lleva-su-apelllido.webp 1069w\" sizes=\"(max-width: 768px) 100vw, 768px\" title=\"Rudolph Hass patent\u00f3 en 1935 el aguacate que lleva su apellido, en California. Pero dicho espec\u00edmen tiene parte de un injerto de aguacate guatemalteco prehisp\u00e1nico. \u2013 SoyMigrante.com REVISTA\" \/>\t\t\t\t\t\t\t\t\t\t\t<figcaption class=\"widget-image-caption wp-caption-text\">Imagen hist\u00f3rica en blanco y negro de un hombre y una mujer mayores, con aspecto nost\u00e1lgico, en un entorno al aire libre, reflejando \u00e9pocas pasadas y tradiciones culturales.<\/figcaption>\n\t\t\t\t\t\t\t\t\t\t<\/figure>\n\t\t\t\t\t\t\t\t\t<\/div>\n\t\t\t\t\t<\/div>\n\t\t\t\t<\/div>\n\t\t<div data-particle_enable=\"false\" data-particle-mobile-disabled=\"false\" class=\"elementor-element elementor-element-9d43647 e-flex e-con-boxed e-con e-parent\" data-id=\"9d43647\" data-element_type=\"container\" data-e-type=\"container\">\n\t\t\t\t\t<div class=\"e-con-inner\">\n\t\t\t\t<div class=\"elementor-element elementor-element-c861788 elementor-widget elementor-widget-heading\" data-id=\"c861788\" data-element_type=\"widget\" data-e-type=\"widget\" data-widget_type=\"heading.default\">\n\t\t\t\t\t<h3 class=\"elementor-heading-title elementor-size-default\">Historia del aguacate hass<\/h3>\t\t\t\t<\/div>\n\t\t\t\t\t<\/div>\n\t\t\t\t<\/div>\n\t\t<div data-particle_enable=\"false\" data-particle-mobile-disabled=\"false\" class=\"elementor-element elementor-element-b9e71bd e-flex e-con-boxed e-con e-parent\" data-id=\"b9e71bd\" data-element_type=\"container\" data-e-type=\"container\">\n\t\t\t\t\t<div class=\"e-con-inner\">\n\t\t\t\t<div class=\"elementor-element elementor-element-2147a6a elementor-widget elementor-widget-text-editor\" data-id=\"2147a6a\" data-element_type=\"widget\" data-e-type=\"widget\" data-widget_type=\"text-editor.default\">\n\t\t\t\t\t\t\t\t\t<p>Aunque el aguacate es originario de Mesoam\u00e9rica, la variedad Hass, conocida por su c\u00e1scara gruesa y rugosa, fue descubierta en California en la d\u00e9cada de 1920 por Rudolph Hass, quien plant\u00f3 varios \u00e1rboles para injertarlos, sin embargo uno de ellos rechazaba los injertos y quiso cortarlo. Un amigo le dijo que no lo hiciera. Despu\u00e9s de tres a\u00f1os, el \u00e1rbol dio fruto y era exquisito: el agricultor lo patent\u00f3 con su apellido en 1935 y lo dem\u00e1s es historia.<\/p><p>Este \u00e1rbol de aguacate, sin embargo, tiene una relaci\u00f3n profunda con Guatemala, pues el aguacate era cultivado desde tiempos prehisp\u00e1nicos. El <a href=\"https:\/\/soymigrante.com\/revista\/category\/guate-nuestra\/\" target=\"_blank\" rel=\"noopener\">aguacate Hass surgi\u00f3 como un h\u00edbrido entre el aguacate mexicano y guatemalteco<\/a>, aunque con mayor cantidad de genes guatemaltecos, lo que lo dot\u00f3 de cualidades \u00fanicas en su textura y sabor.<\/p>\t\t\t\t\t\t\t\t<\/div>\n\t\t\t\t\t<\/div>\n\t\t\t\t<\/div>\n\t\t<div data-particle_enable=\"false\" data-particle-mobile-disabled=\"false\" class=\"elementor-element elementor-element-d22838c e-flex e-con-boxed e-con e-parent\" data-id=\"d22838c\" data-element_type=\"container\" data-e-type=\"container\">\n\t\t\t\t\t<div class=\"e-con-inner\">\n\t\t\t\t<div class=\"elementor-element elementor-element-3d9ef8f elementor-widget elementor-widget-video\" data-id=\"3d9ef8f\" data-element_type=\"widget\" data-e-type=\"widget\" data-settings=\"{&quot;youtube_url&quot;:&quot;https:\\\/\\\/www.youtube.com\\\/watch?v=usS-iNJk6-0&quot;,&quot;video_type&quot;:&quot;youtube&quot;,&quot;controls&quot;:&quot;yes&quot;}\" data-widget_type=\"video.default\">\n\t\t\t\t\t\t\t<div class=\"elementor-wrapper elementor-open-inline\">\n\t\t\t<div class=\"elementor-video\"><\/div>\t\t<\/div>\n\t\t\t\t\t\t<\/div>\n\t\t\t\t\t<\/div>\n\t\t\t\t<\/div>\n\t\t<div data-particle_enable=\"false\" data-particle-mobile-disabled=\"false\" class=\"elementor-element elementor-element-2e675d6 e-flex e-con-boxed e-con e-parent\" data-id=\"2e675d6\" data-element_type=\"container\" data-e-type=\"container\">\n\t\t\t\t\t<div class=\"e-con-inner\">\n\t\t\t\t<div class=\"elementor-element elementor-element-a113935 elementor-widget elementor-widget-text-editor\" data-id=\"a113935\" data-element_type=\"widget\" data-e-type=\"widget\" data-widget_type=\"text-editor.default\">\n\t\t\t\t\t\t\t\t\t<p><a href=\"https:\/\/soymigrante.com\/revista\/category\/guate-nuestra\/\" target=\"_blank\" rel=\"noopener\">Guatemala es uno de los principales pa\u00edses productores de aguacate en Am\u00e9rica Latina,<\/a> y sus condiciones geogr\u00e1ficas y clim\u00e1ticas lo convierten en un lugar ideal para el cultivo de esta fruta. Actualmente lo exporta a Reino Unido, Pa\u00edses Bajos, Costa Rica, Honduras y El Salvador. Ahora ir\u00e1 a EStados Unidos.<\/p><p>A lo largo de los a\u00f1os, los agricultores guatemaltecos han trabajado para perfeccionar la producci\u00f3n de aguacate Hass, creando una reputaci\u00f3n de calidad que ha llamado la atenci\u00f3n de mercados internacionales, especialmente en Estados Unidos, uno de los principales consumidores de aguacate en el mundo.<\/p>\t\t\t\t\t\t\t\t<\/div>\n\t\t\t\t\t<\/div>\n\t\t\t\t<\/div>\n\t\t<div data-particle_enable=\"false\" data-particle-mobile-disabled=\"false\" class=\"elementor-element elementor-element-b561507 e-flex e-con-boxed e-con e-parent\" data-id=\"b561507\" data-element_type=\"container\" data-e-type=\"container\">\n\t\t\t\t\t<div class=\"e-con-inner\">\n\t\t\t\t<div class=\"elementor-element elementor-element-6d1b9af elementor-widget elementor-widget-heading\" data-id=\"6d1b9af\" data-element_type=\"widget\" data-e-type=\"widget\" data-widget_type=\"heading.default\">\n\t\t\t\t\t<h3 class=\"elementor-heading-title elementor-size-default\">Propiedades y beneficios del aguacate Hass<\/h3>\t\t\t\t<\/div>\n\t\t\t\t\t<\/div>\n\t\t\t\t<\/div>\n\t\t<div data-particle_enable=\"false\" data-particle-mobile-disabled=\"false\" class=\"elementor-element elementor-element-360537d e-flex e-con-boxed e-con e-parent\" data-id=\"360537d\" data-element_type=\"container\" data-e-type=\"container\">\n\t\t\t\t\t<div class=\"e-con-inner\">\n\t\t\t\t<div class=\"elementor-element elementor-element-b46c8fd elementor-widget elementor-widget-text-editor\" data-id=\"b46c8fd\" data-element_type=\"widget\" data-e-type=\"widget\" data-widget_type=\"text-editor.default\">\n\t\t\t\t\t\t\t\t\t<div><a href=\"https:\/\/soymigrante.com\/revista\/category\/guate-nuestra\/\" target=\"_blank\" rel=\"noopener\">El aguacate Hass es valorado por sus propiedades nutritivas y su versatilidad en la cocina.<\/a> A continuaci\u00f3n, se destacan algunos de sus principales beneficios:<\/div><div><strong>\u2022Alto contenido de grasas saludables:<\/strong> La grasa del aguacate es en su mayor\u00eda grasa monoinsaturada, que es beneficiosa para el coraz\u00f3n y ayuda a reducir el colesterol malo en el cuerpo.<\/div><div><strong>\u2022Rico en vitaminas y minerales:<\/strong> Contiene vitaminas esenciales como la vitamina K, C, E y varias del complejo B. Adem\u00e1s, es una buena fuente de potasio, un mineral que ayuda a mantener el equilibrio de electrolitos y es fundamental para el buen funcionamiento del coraz\u00f3n.<\/div><div><strong>\u2022Fuente de fibra:<\/strong> El aguacate es rico en fibra, lo que favorece la digesti\u00f3n, ayuda a mantener un nivel de az\u00facar en sangre estable y contribuye a la saciedad, lo que puede ser \u00fatil para controlar el peso.<\/div><div><strong>\u2022Antioxidantes y protecci\u00f3n celular:<\/strong> Contiene antioxidantes como la lute\u00edna y la zeaxantina, que son importantes para la salud ocular, adem\u00e1s de ayudar a proteger las c\u00e9lulas del da\u00f1o causado por los radicales libres.<\/div>\t\t\t\t\t\t\t\t<\/div>\n\t\t\t\t\t<\/div>\n\t\t\t\t<\/div>\n\t\t<div data-particle_enable=\"false\" data-particle-mobile-disabled=\"false\" class=\"elementor-element elementor-element-283de53 e-flex e-con-boxed e-con e-parent\" data-id=\"283de53\" data-element_type=\"container\" data-e-type=\"container\">\n\t\t\t\t\t<div class=\"e-con-inner\">\n\t\t\t\t<div class=\"elementor-element elementor-element-bde967f elementor-widget elementor-widget-video\" data-id=\"bde967f\" data-element_type=\"widget\" data-e-type=\"widget\" data-settings=\"{&quot;youtube_url&quot;:&quot;https:\\\/\\\/www.youtube.com\\\/watch?v=nG5NPAuBoPw&quot;,&quot;video_type&quot;:&quot;youtube&quot;,&quot;controls&quot;:&quot;yes&quot;}\" data-widget_type=\"video.default\">\n\t\t\t\t\t\t\t<div class=\"elementor-wrapper elementor-open-inline\">\n\t\t\t<div class=\"elementor-video\"><\/div>\t\t<\/div>\n\t\t\t\t\t\t<\/div>\n\t\t\t\t\t<\/div>\n\t\t\t\t<\/div>\n\t\t<div data-particle_enable=\"false\" data-particle-mobile-disabled=\"false\" class=\"elementor-element elementor-element-8ae6301 e-flex e-con-boxed e-con e-parent\" data-id=\"8ae6301\" data-element_type=\"container\" data-e-type=\"container\">\n\t\t\t\t\t<div class=\"e-con-inner\">\n\t\t\t\t<div class=\"elementor-element elementor-element-55ad0ad elementor-widget elementor-widget-heading\" data-id=\"55ad0ad\" data-element_type=\"widget\" data-e-type=\"widget\" data-widget_type=\"heading.default\">\n\t\t\t\t\t<h3 class=\"elementor-heading-title elementor-size-default\">\u00bfPor qu\u00e9 el aguacate Hass guatemalteco es tan famoso?<\/h3>\t\t\t\t<\/div>\n\t\t\t\t\t<\/div>\n\t\t\t\t<\/div>\n\t\t<div data-particle_enable=\"false\" data-particle-mobile-disabled=\"false\" class=\"elementor-element elementor-element-819fcab e-flex e-con-boxed e-con e-parent\" data-id=\"819fcab\" data-element_type=\"container\" data-e-type=\"container\">\n\t\t\t\t\t<div class=\"e-con-inner\">\n\t\t\t\t<div class=\"elementor-element elementor-element-d626f20 elementor-widget elementor-widget-text-editor\" data-id=\"d626f20\" data-element_type=\"widget\" data-e-type=\"widget\" data-widget_type=\"text-editor.default\">\n\t\t\t\t\t\t\t\t\t<p>La calidad del aguacate Hass de Guatemala se ha ganado la fama por varias razones. En primer lugar, el suelo f\u00e9rtil y el clima de las zonas monta\u00f1osas del pa\u00eds crean las condiciones perfectas para el cultivo de esta variedad, d\u00e1ndole un sabor cremoso y una textura suave que lo hace inigualable.<\/p><p>Adem\u00e1s, <a href=\"https:\/\/soymigrante.com\/revista\/category\/guate-nuestra\/\" target=\"_blank\" rel=\"noopener\">la producci\u00f3n en Guatemala suele ser m\u00e1s sostenible y artesanal, con muchos agricultores locales que aplican pr\u00e1cticas tradicionales<\/a> y org\u00e1nicas en su cultivo.<\/p>\t\t\t\t\t\t\t\t<\/div>\n\t\t\t\t\t<\/div>\n\t\t\t\t<\/div>\n\t\t<div data-particle_enable=\"false\" data-particle-mobile-disabled=\"false\" class=\"elementor-element elementor-element-01ea1ea e-flex e-con-boxed e-con e-parent\" data-id=\"01ea1ea\" data-element_type=\"container\" data-e-type=\"container\">\n\t\t\t\t\t<div class=\"e-con-inner\">\n\t\t\t\t<div class=\"elementor-element elementor-element-99c1829 elementor-widget elementor-widget-text-editor\" data-id=\"99c1829\" data-element_type=\"widget\" data-e-type=\"widget\" data-widget_type=\"text-editor.default\">\n\t\t\t\t\t\t\t\t\t<p>Otro factor que ha contribuido a la fama del aguacate Hass guatemalteco es la creciente demanda de productos de alta calidad en el mercado estadounidense, donde los consumidores buscan alimentos nutritivos y frescos.<\/p><p>El aguacate Hass, adem\u00e1s de ser saludable, es un ingrediente b\u00e1sico en la gastronom\u00eda internacional, desde guacamole hasta ensaladas, tostadas y salsas.<\/p>\t\t\t\t\t\t\t\t<\/div>\n\t\t\t\t\t<\/div>\n\t\t\t\t<\/div>\n\t\t<div data-particle_enable=\"false\" data-particle-mobile-disabled=\"false\" class=\"elementor-element elementor-element-c3b368b e-flex e-con-boxed e-con e-parent\" data-id=\"c3b368b\" data-element_type=\"container\" data-e-type=\"container\">\n\t\t\t\t\t<div class=\"e-con-inner\">\n\t\t\t\t<div class=\"elementor-element elementor-element-a7899ff elementor-widget elementor-widget-heading\" data-id=\"a7899ff\" data-element_type=\"widget\" data-e-type=\"widget\" data-widget_type=\"heading.default\">\n\t\t\t\t\t<h3 class=\"elementor-heading-title elementor-size-default\">El mercado estadounidense y el aguacate guatemalteco<\/h3>\t\t\t\t<\/div>\n\t\t\t\t\t<\/div>\n\t\t\t\t<\/div>\n\t\t<div data-particle_enable=\"false\" data-particle-mobile-disabled=\"false\" class=\"elementor-element elementor-element-19e688f e-flex e-con-boxed e-con e-parent\" data-id=\"19e688f\" data-element_type=\"container\" data-e-type=\"container\">\n\t\t\t\t\t<div class=\"e-con-inner\">\n\t\t\t\t<div class=\"elementor-element elementor-element-2c3487b elementor-widget elementor-widget-text-editor\" data-id=\"2c3487b\" data-element_type=\"widget\" data-e-type=\"widget\" data-widget_type=\"text-editor.default\">\n\t\t\t\t\t\t\t\t\t<p>Con el ingreso del aguacate Hass guatemalteco al mercado estadounidense, <a href=\"https:\/\/soymigrante.com\/revista\/category\/guate-nuestra\/\" target=\"_blank\" rel=\"noopener\">Guatemala tiene la oportunidad de expandir sus exportaciones agr\u00edcolas, lo cual representa un impulso para la econom\u00eda local<\/a> y un reconocimiento a la labor de los agricultores guatemaltecos. La exportaci\u00f3n del aguacate Hass tambi\u00e9n abre puertas para otros productos agr\u00edcolas guatemaltecos en el mercado internacional.<\/p><p>La llegada de este producto tambi\u00e9n permite a la comunidad guatemalteca en Estados Unidos disfrutar de un sabor familiar, lo que puede ser un elemento de conexi\u00f3n cultural. Adem\u00e1s, el consumidor estadounidense podr\u00e1 apreciar un producto de origen guatemalteco que cuenta con una gran calidad y reputaci\u00f3n.<\/p>\t\t\t\t\t\t\t\t<\/div>\n\t\t\t\t\t<\/div>\n\t\t\t\t<\/div>\n\t\t<div data-particle_enable=\"false\" data-particle-mobile-disabled=\"false\" class=\"elementor-element elementor-element-1f7e00e e-flex e-con-boxed e-con e-parent\" data-id=\"1f7e00e\" data-element_type=\"container\" data-e-type=\"container\">\n\t\t\t\t\t<div class=\"e-con-inner\">\n\t\t\t\t<div class=\"elementor-element elementor-element-defc9fd elementor-widget elementor-widget-heading\" data-id=\"defc9fd\" data-element_type=\"widget\" data-e-type=\"widget\" data-widget_type=\"heading.default\">\n\t\t\t\t\t<h3 class=\"elementor-heading-title elementor-size-default\">Recomendaciones para disfrutar el aguacate Hass<\/h3>\t\t\t\t<\/div>\n\t\t\t\t\t<\/div>\n\t\t\t\t<\/div>\n\t\t<div data-particle_enable=\"false\" data-particle-mobile-disabled=\"false\" class=\"elementor-element elementor-element-b42cc6e e-flex e-con-boxed e-con e-parent\" data-id=\"b42cc6e\" data-element_type=\"container\" data-e-type=\"container\">\n\t\t\t\t\t<div class=\"e-con-inner\">\n\t\t\t\t<div class=\"elementor-element elementor-element-988591e elementor-widget elementor-widget-text-editor\" data-id=\"988591e\" data-element_type=\"widget\" data-e-type=\"widget\" data-widget_type=\"text-editor.default\">\n\t\t\t\t\t\t\t\t\t<div><a href=\"https:\/\/soymigrante.com\/revista\/category\/guate-nuestra\/\" target=\"_blank\" rel=\"noopener\">Para disfrutar al m\u00e1ximo de las cualidades del aguacate Hass, se recomienda consumirlo fresco.<\/a> Su versatilidad permite utilizarlo en m\u00faltiples recetas. Algunas ideas incluyen:<\/div><div><strong>\u2022Guacamole cl\u00e1sico:<\/strong> Machaca el aguacate y m\u00e9zclalo con cebolla, tomate, jugo de lim\u00f3n y un toque de sal.<\/div><div>\u2022<strong>Ensalada de aguacate:<\/strong> Comb\u00ednalo con vegetales frescos y prote\u00ednas, como pollo o camarones.<\/div><div><strong>\u2022Tostadas de aguacate:<\/strong> \u00dantalo sobre pan integral y agrega tus toppings favoritos, como huevo pochado, tomate o espinaca.<\/div><div><strong>\u2022Smoothies:<\/strong> Su textura cremosa es ideal para a\u00f1adirlo a batidos con frutas, aportando una textura espesa y un sabor suave.<\/div>\t\t\t\t\t\t\t\t<\/div>\n\t\t\t\t\t<\/div>\n\t\t\t\t<\/div>\n\t\t<div data-particle_enable=\"false\" data-particle-mobile-disabled=\"false\" class=\"elementor-element elementor-element-8ad2d14 e-flex e-con-boxed e-con e-parent\" data-id=\"8ad2d14\" data-element_type=\"container\" data-e-type=\"container\">\n\t\t\t\t\t<div class=\"e-con-inner\">\n\t\t\t\t<div class=\"elementor-element elementor-element-de0d9b7 elementor-widget elementor-widget-video\" data-id=\"de0d9b7\" data-element_type=\"widget\" data-e-type=\"widget\" data-settings=\"{&quot;youtube_url&quot;:&quot;https:\\\/\\\/www.youtube.com\\\/watch?v=aNDCqZoQadw&quot;,&quot;video_type&quot;:&quot;youtube&quot;,&quot;controls&quot;:&quot;yes&quot;}\" data-widget_type=\"video.default\">\n\t\t\t\t\t\t\t<div class=\"elementor-wrapper elementor-open-inline\">\n\t\t\t<div class=\"elementor-video\"><\/div>\t\t<\/div>\n\t\t\t\t\t\t<\/div>\n\t\t\t\t\t<\/div>\n\t\t\t\t<\/div>\n\t\t<div data-particle_enable=\"false\" data-particle-mobile-disabled=\"false\" class=\"elementor-element elementor-element-7a94e8a e-flex e-con-boxed e-con e-parent\" data-id=\"7a94e8a\" data-element_type=\"container\" data-e-type=\"container\">\n\t\t\t\t\t<div class=\"e-con-inner\">\n\t\t\t\t<div class=\"elementor-element elementor-element-b9cc16b elementor-widget elementor-widget-heading\" data-id=\"b9cc16b\" data-element_type=\"widget\" data-e-type=\"widget\" data-widget_type=\"heading.default\">\n\t\t\t\t\t<h3 class=\"elementor-heading-title elementor-size-default\">Un producto que representa a Guatemala en el mundo<\/h3>\t\t\t\t<\/div>\n\t\t\t\t\t<\/div>\n\t\t\t\t<\/div>\n\t\t<div data-particle_enable=\"false\" data-particle-mobile-disabled=\"false\" class=\"elementor-element elementor-element-c74a4c0 e-flex e-con-boxed e-con e-parent\" data-id=\"c74a4c0\" data-element_type=\"container\" data-e-type=\"container\">\n\t\t\t\t\t<div class=\"e-con-inner\">\n\t\t\t\t<div class=\"elementor-element elementor-element-4b0fd26 elementor-widget elementor-widget-text-editor\" data-id=\"4b0fd26\" data-element_type=\"widget\" data-e-type=\"widget\" data-widget_type=\"text-editor.default\">\n\t\t\t\t\t\t\t\t\t<p>Su llegada al mercado estadounidense no solo ofrece beneficios econ\u00f3micos para Guatemala, <a href=\"https:\/\/soymigrante.com\/revista\/category\/guate-nuestra\/\" target=\"_blank\" rel=\"noopener\">sino tambi\u00e9n un reconocimiento de sus productos y tradiciones agr\u00edcolas.<\/a><\/p><p>Con una combinaci\u00f3n de sabor, propiedades nutritivas y un impacto positivo para los agricultores locales, el aguacate Hass guatemalteco est\u00e1 destinado a convertirse en un favorito en Estados Unidos, llevando consigo una parte del orgullo y la riqueza natural de Guatemala.<\/p>\t\t\t\t\t\t\t\t<\/div>\n\t\t\t\t\t<\/div>\n\t\t\t\t<\/div>\n\t\t<div data-particle_enable=\"false\" data-particle-mobile-disabled=\"false\" class=\"elementor-element elementor-element-2b92b89 e-flex e-con-boxed e-con e-parent\" data-id=\"2b92b89\" data-element_type=\"container\" data-e-type=\"container\">\n\t\t\t\t\t<div class=\"e-con-inner\">\n\t\t\t\t<div class=\"elementor-element elementor-element-250dab7 elementor-widget elementor-widget-video\" data-id=\"250dab7\" data-element_type=\"widget\" data-e-type=\"widget\" data-settings=\"{&quot;youtube_url&quot;:&quot;https:\\\/\\\/www.youtube.com\\\/watch?v=b8Dd-HRcsls&quot;,&quot;video_type&quot;:&quot;youtube&quot;,&quot;controls&quot;:&quot;yes&quot;}\" data-widget_type=\"video.default\">\n\t\t\t\t\t\t\t<div class=\"elementor-wrapper elementor-open-inline\">\n\t\t\t<div class=\"elementor-video\"><\/div>\t\t<\/div>\n\t\t\t\t\t\t<\/div>\n\t\t\t\t\t<\/div>\n\t\t\t\t<\/div>\n\t\t<div data-particle_enable=\"false\" data-particle-mobile-disabled=\"false\" class=\"elementor-element elementor-element-775ce3c e-flex e-con-boxed e-con e-parent\" data-id=\"775ce3c\" data-element_type=\"container\" data-e-type=\"container\">\n\t\t\t\t\t<div class=\"e-con-inner\">\n\t\t\t\t<div class=\"elementor-element elementor-element-cf57ae0 elementor-widget elementor-widget-heading\" data-id=\"cf57ae0\" data-element_type=\"widget\" data-e-type=\"widget\" data-widget_type=\"heading.default\">\n\t\t\t\t\t<h2 class=\"elementor-heading-title elementor-size-default\">Guatemala es una tierra de maravillas<\/h2>\t\t\t\t<\/div>\n\t\t\t\t\t<\/div>\n\t\t\t\t<\/div>\n\t\t<div data-particle_enable=\"false\" data-particle-mobile-disabled=\"false\" class=\"elementor-element elementor-element-ed5d7ea e-flex e-con-boxed e-con e-parent\" data-id=\"ed5d7ea\" data-element_type=\"container\" data-e-type=\"container\">\n\t\t\t\t\t<div class=\"e-con-inner\">\n\t\t\t\t<div class=\"elementor-element elementor-element-fe91e9b elementor-widget elementor-widget-blfe-post-grid\" data-id=\"fe91e9b\" data-element_type=\"widget\" data-e-type=\"widget\" data-settings=\"{&quot;columns&quot;:&quot;3&quot;,&quot;columns_tablet&quot;:&quot;6&quot;,&quot;columns_mobile&quot;:&quot;12&quot;,&quot;hero1_layout_column_gap&quot;:{&quot;unit&quot;:&quot;px&quot;,&quot;size&quot;:30,&quot;sizes&quot;:[]},&quot;hero1_layout_column_gap_tablet&quot;:{&quot;unit&quot;:&quot;px&quot;,&quot;size&quot;:&quot;&quot;,&quot;sizes&quot;:[]},&quot;hero1_layout_column_gap_mobile&quot;:{&quot;unit&quot;:&quot;px&quot;,&quot;size&quot;:&quot;&quot;,&quot;sizes&quot;:[]},&quot;hero1_layout_row_gap&quot;:{&quot;unit&quot;:&quot;px&quot;,&quot;size&quot;:30,&quot;sizes&quot;:[]},&quot;hero1_layout_row_gap_tablet&quot;:{&quot;unit&quot;:&quot;px&quot;,&quot;size&quot;:&quot;&quot;,&quot;sizes&quot;:[]},&quot;hero1_layout_row_gap_mobile&quot;:{&quot;unit&quot;:&quot;px&quot;,&quot;size&quot;:&quot;&quot;,&quot;sizes&quot;:[]}}\" data-widget_type=\"blfe-post-grid.hero1\">\n\t\t\t\t<div class=\"elementor-widget-container\">\n\t\t\t\t\t\n                        <div class=\"blfe-post-grid-container \">\n            \n                <div data-skin=\"hero1\" class=\"blfe-row blfe-posts-inner blfe-hero1 blfe-posts-inner blfe-col-3 blfe-col-tab-6 blfe-col-mob-12     \">\n                            <div class=\"blfe-post-grid-item\">\n            <div class=\"blfe-post-grid-item-inner blfe-modern-zoom\">\n                        <div class=\"blfe-post-grid-bg-image\">\n            <a class=\"blfe-post-grid-image-inner\" href=\"https:\/\/soymigrante.com\/revista\/poeta-maya-kiche-migrante-humberto-akabal-fallecio-2019\/\" title=\"El gran migrante k&#8217;iche&#8217; de palabra dulce Humberto Ak&#8217;abal (1952-2019)\" rel=\"nofollow\" target=\"_blank\"><img decoding=\"async\" src=\"https:\/\/soymigrante.com\/revista\/wp-content\/uploads\/2024\/01\/Captura-de-pantalla-2024-01-29-140421.webp\" alt=\"El gran migrante k&#8217;iche&#8217; de palabra dulce Humberto Ak&#8217;abal (1952-2019)\"\/><\/a>        <\/div>\n                        <div class=\"blfe-post-grid-details\">\n                    <div class=\"blfe-post-grid-details-inner\">\n                        <span class=\"blfe-post-category\"><a href=\"https:\/\/soymigrante.com\/revista\/category\/guate-nuestra\/\">Guate Nuestra<\/a><\/span>                        <h3 class=\"blfe-post-grid-title\">\n            <a href=\"https:\/\/soymigrante.com\/revista\/poeta-maya-kiche-migrante-humberto-akabal-fallecio-2019\/\" title=\"El gran migrante k&#8217;iche&#8217; de palabra dulce Humberto Ak&#8217;abal (1952-2019)\" rel=\"nofollow\" target=\"_blank\">El gran migrante k&#8217;iche&#8217; de palabra dulce Humberto Ak&#8217;abal (1952-2019)<\/a>\n            <\/h3>                                                            <div class=\"blfe-post-grid-meta\">\n                <span class=\"blfe-post-grid-time\"><i class=\"fas fa-book-reader\"><\/i>6 Min read<\/span>            <\/div>\n                                                        <\/div>\n                <\/div>\n\n            <\/div>\n        <\/div>\n                <div class=\"blfe-post-grid-item\">\n            <div class=\"blfe-post-grid-item-inner blfe-modern-zoom\">\n                        <div class=\"blfe-post-grid-bg-image\">\n            <a class=\"blfe-post-grid-image-inner\" href=\"https:\/\/soymigrante.com\/revista\/cultura-migrante-tigre-lazo-baile\/\" title=\"Recordando el Tigre, Lazo y Baile: Tradiciones Migrantes\" rel=\"nofollow\" target=\"_blank\"><img decoding=\"async\" src=\"https:\/\/soymigrante.com\/revista\/wp-content\/uploads\/2023\/07\/seuimiento-monos-y-tigres.webp\" alt=\"Recordando el Tigre, Lazo y Baile: Tradiciones Migrantes\"\/><\/a>        <\/div>\n                        <div class=\"blfe-post-grid-details\">\n                    <div class=\"blfe-post-grid-details-inner\">\n                        <span class=\"blfe-post-category\"><a href=\"https:\/\/soymigrante.com\/revista\/category\/guate-nuestra\/\">Guate Nuestra<\/a><\/span>                        <h3 class=\"blfe-post-grid-title\">\n            <a href=\"https:\/\/soymigrante.com\/revista\/cultura-migrante-tigre-lazo-baile\/\" title=\"Recordando el Tigre, Lazo y Baile: Tradiciones Migrantes\" rel=\"nofollow\" target=\"_blank\">Recordando el Tigre, Lazo y Baile: Tradiciones Migrantes<\/a>\n            <\/h3>                                                            <div class=\"blfe-post-grid-meta\">\n                <span class=\"blfe-post-grid-time\"><i class=\"fas fa-book-reader\"><\/i>4 Min read<\/span>            <\/div>\n                                                        <\/div>\n                <\/div>\n\n            <\/div>\n        <\/div>\n                <div class=\"blfe-post-grid-item\">\n            <div class=\"blfe-post-grid-item-inner blfe-modern-zoom\">\n                        <div class=\"blfe-post-grid-bg-image\">\n            <a class=\"blfe-post-grid-image-inner\" href=\"https:\/\/soymigrante.com\/revista\/sara-curruchich-los-migrantes-se-van-buscando-una-vida-mas-digna-por-eso-hay-que-reconocerlos\/\" title=\"Sara Curruchich: \u201cLos migrantes se van, buscando una vida m\u00e1s digna, por eso hay que reconocerlos\u201d\" rel=\"nofollow\" target=\"_blank\"><img decoding=\"async\" src=\"https:\/\/soymigrante.com\/revista\/wp-content\/uploads\/2024\/07\/sara-curruchich-cantautora-maya.webp\" alt=\"Sara Curruchich: \u201cLos migrantes se van, buscando una vida m\u00e1s digna, por eso hay que reconocerlos\u201d\"\/><\/a>        <\/div>\n                        <div class=\"blfe-post-grid-details\">\n                    <div class=\"blfe-post-grid-details-inner\">\n                        <span class=\"blfe-post-category\"><a href=\"https:\/\/soymigrante.com\/revista\/category\/guate-nuestra\/\">Guate Nuestra<\/a><\/span>                        <h3 class=\"blfe-post-grid-title\">\n            <a href=\"https:\/\/soymigrante.com\/revista\/sara-curruchich-los-migrantes-se-van-buscando-una-vida-mas-digna-por-eso-hay-que-reconocerlos\/\" title=\"Sara Curruchich: \u201cLos migrantes se van, buscando una vida m\u00e1s digna, por eso hay que reconocerlos\u201d\" rel=\"nofollow\" target=\"_blank\">Sara Curruchich: \u201cLos migrantes se van, buscando una vida m\u00e1s digna, por eso hay que reconocerlos\u201d<\/a>\n            <\/h3>                                                            <div class=\"blfe-post-grid-meta\">\n                <span class=\"blfe-post-grid-time\"><i class=\"fas fa-book-reader\"><\/i>5 Min read<\/span>            <\/div>\n                                                        <\/div>\n                <\/div>\n\n            <\/div>\n        <\/div>\n                        <\/div>\n\n                        <\/div>\n            \n                        <div class=\"blfe-post-footer\">\n                        <\/div>\n            \t\t\t\t<\/div>\n\t\t\t\t<\/div>\n\t\t\t\t\t<\/div>\n\t\t\t\t<\/div>\n\t\t\t\t<\/div>\n\t\t","protected":false},"excerpt":{"rendered":"<p>El aguacate Hass guatemalteco est\u00e1 cada vez m\u00e1s cerca de poder llegar al mercado estadounidense. Lo curioso es que su origen gen\u00e9tico est\u00e1 en Guatemala, pero fue patentado en California y ahora regresar\u00e1 a ese mercado. En Estados Unidos se han popularizado mucho los famosos &#8220;shucos&#8221; cuyo ingrediente principal es el aguacate y quiz\u00e1 ahora, [&hellip;]<\/p>\n","protected":false},"author":19,"featured_media":13252,"comment_status":"open","ping_status":"open","sticky":false,"template":"","format":"standard","meta":{"_acf_changed":false,"_eb_attr":"","footnotes":""},"categories":[58],"tags":[],"class_list":["post-13039","post","type-post","status-publish","format-standard","has-post-thumbnail","hentry","category-guate-nuestra"],"acf":[],"aioseo_notices":[],"aioseo_head":"\n\t\t<!-- All in One SEO Pro 4.9.6.2 - aioseo.com -->\n\t<meta name=\"description\" content=\"Cantautora maya kaqchiq&#039;el se present\u00f3 en Estados Unidos y migrantes guatemaltecos acudieron a su concierto. Sara Curruchich reconoce y admira su aporte.\" \/>\n\t<meta name=\"robots\" content=\"max-snippet:-1, max-image-preview:large, max-video-preview:-1\" \/>\n\t<meta name=\"author\" content=\"Marysabel Aldana\"\/>\n\t<link rel=\"canonical\" href=\"https:\/\/soymigrante.com\/revista\/sara-curruchich-los-migrantes-se-van-buscando-una-vida-mas-digna-por-eso-hay-que-reconocerlos\/\" \/>\n\t<meta name=\"generator\" content=\"All in One SEO Pro (AIOSEO) 4.9.6.2\" \/>\n\n\t\t<link rel=\"preconnect\" href=\"https:\/\/fonts.googleapis.com\" crossorigin>\n<link rel=\"preconnect\" href=\"https:\/\/fonts.gstatic.com\" crossorigin>\n\t\t<meta property=\"og:locale\" content=\"es_ES\" \/>\n\t\t<meta property=\"og:site_name\" content=\"SoyMigrante.com REVISTA \u2013 Nuestra misi\u00f3n es reconocer y dignificar al migrante.\" \/>\n\t\t<meta property=\"og:type\" content=\"article\" \/>\n\t\t<meta property=\"og:title\" content=\"&quot;Los migrantes van buscando una vida&quot;: cantante Sara Curruchich\" \/>\n\t\t<meta property=\"og:description\" content=\"Cantautora maya kaqchiq&#039;el se present\u00f3 en Estados Unidos y migrantes guatemaltecos acudieron a su concierto. Sara Curruchich reconoce y admira su aporte.\" \/>\n\t\t<meta property=\"og:url\" content=\"https:\/\/soymigrante.com\/revista\/sara-curruchich-los-migrantes-se-van-buscando-una-vida-mas-digna-por-eso-hay-que-reconocerlos\/\" \/>\n\t\t<meta property=\"og:image\" content=\"https:\/\/soymigrante.com\/revista\/wp-content\/uploads\/2024\/07\/sara-curruchich-cantautora-maya.webp\" \/>\n\t\t<meta property=\"og:image:secure_url\" content=\"https:\/\/soymigrante.com\/revista\/wp-content\/uploads\/2024\/07\/sara-curruchich-cantautora-maya.webp\" \/>\n\t\t<meta property=\"og:image:width\" content=\"465\" \/>\n\t\t<meta property=\"og:image:height\" content=\"465\" \/>\n\t\t<meta property=\"article:published_time\" content=\"2024-07-09T20:36:42+00:00\" \/>\n\t\t<meta property=\"article:modified_time\" content=\"2026-03-06T00:28:32+00:00\" \/>\n\t\t<meta property=\"article:publisher\" content=\"https:\/\/www.facebook.com\/soymigrantecom\" \/>\n\t\t<meta name=\"twitter:card\" content=\"summary_large_image\" \/>\n\t\t<meta name=\"twitter:site\" content=\"@SoyMigrante_com\" \/>\n\t\t<meta name=\"twitter:title\" content=\"&quot;Los migrantes van buscando una vida&quot;: cantante Sara Curruchich\" \/>\n\t\t<meta name=\"twitter:description\" content=\"Cantautora maya kaqchiq&#039;el se present\u00f3 en Estados Unidos y migrantes guatemaltecos acudieron a su concierto. Sara Curruchich reconoce y admira su aporte.\" \/>\n\t\t<meta name=\"twitter:creator\" content=\"@SoyMigrante_com\" \/>\n\t\t<meta name=\"twitter:image\" content=\"https:\/\/soymigrante.com\/revista\/wp-content\/uploads\/2024\/07\/sara-curruchich-cantautora-maya.webp\" \/>\n\t\t<!-- All in One SEO Pro -->\r\n\t\t<title>&quot;Los migrantes van buscando una vida&quot;: cantante Sara Curruchich<\/title>\n\n","aioseo_head_json":{"title":"\"Los migrantes van buscando una vida\": cantante Sara Curruchich","description":"Cantautora maya kaqchiq'el se present\u00f3 en Estados Unidos y migrantes guatemaltecos acudieron a su concierto. Sara Curruchich reconoce y admira su aporte.","canonical_url":"https:\/\/soymigrante.com\/revista\/sara-curruchich-los-migrantes-se-van-buscando-una-vida-mas-digna-por-eso-hay-que-reconocerlos\/","robots":"max-snippet:-1, max-image-preview:large, max-video-preview:-1","keywords":"","webmasterTools":{"miscellaneous":"&lt;link rel=\"preconnect\" href=\"https:\/\/fonts.googleapis.com\" crossorigin&gt;\n&lt;link rel=\"preconnect\" href=\"https:\/\/fonts.gstatic.com\" crossorigin&gt;"},"schema":null,"og:locale":"es_ES","og:site_name":"SoyMigrante.com REVISTA \u2013 Nuestra misi\u00f3n es reconocer y dignificar al migrante.","og:type":"article","og:title":"&quot;Los migrantes van buscando una vida&quot;: cantante Sara Curruchich","og:description":"Cantautora maya kaqchiq'el se present\u00f3 en Estados Unidos y migrantes guatemaltecos acudieron a su concierto. Sara Curruchich reconoce y admira su aporte.","og:url":"https:\/\/soymigrante.com\/revista\/sara-curruchich-los-migrantes-se-van-buscando-una-vida-mas-digna-por-eso-hay-que-reconocerlos\/","og:image":"https:\/\/soymigrante.com\/revista\/wp-content\/uploads\/2024\/07\/sara-curruchich-cantautora-maya.webp","og:image:secure_url":"https:\/\/soymigrante.com\/revista\/wp-content\/uploads\/2024\/07\/sara-curruchich-cantautora-maya.webp","og:image:width":465,"og:image:height":465,"article:published_time":"2024-07-09T20:36:42+00:00","article:modified_time":"2026-03-06T00:28:32+00:00","article:publisher":"https:\/\/www.facebook.com\/soymigrantecom","twitter:card":"summary_large_image","twitter:site":"@SoyMigrante_com","twitter:title":"&quot;Los migrantes van buscando una vida&quot;: cantante Sara Curruchich","twitter:description":"Cantautora maya kaqchiq'el se present\u00f3 en Estados Unidos y migrantes guatemaltecos acudieron a su concierto. Sara Curruchich reconoce y admira su aporte.","twitter:creator":"@SoyMigrante_com","twitter:image":"https:\/\/soymigrante.com\/revista\/wp-content\/uploads\/2024\/07\/sara-curruchich-cantautora-maya.webp"},"aioseo_meta_data":{"post_id":"13039","title":"Aguacate guatemalteco es migrante y llega al mercado de USA","description":"Est\u00e1 muy pr\u00f3xima la entrada del aguacate Hass guatemalteco al mercado estadounidense. Es un logro de pa\u00eds como productor agr\u00edcola de calidad.","keywords":null,"keyphrases":{"focus":{"keyphrase":"Aguacate","score":78,"analysis":{"keyphraseInTitle":{"score":9,"maxScore":9,"error":0},"keyphraseInDescription":{"score":9,"maxScore":9,"error":0},"keyphraseLength":{"score":9,"maxScore":9,"error":0,"length":1},"keyphraseInURL":{"score":5,"maxScore":5,"error":0},"keyphraseInIntroduction":{"score":9,"maxScore":9,"error":0},"keyphraseInSubHeadings":{"score":9,"maxScore":9,"error":0},"keyphraseInImageAlt":{"score":3,"maxScore":9,"error":1},"keywordDensity":{"type":"high","score":0,"maxScore":9,"error":1}}},"additional":[{"keyphrase":"aguacate","score":67,"analysis":{"keyphraseInDescription":{"score":9,"maxScore":9,"error":0},"keyphraseLength":{"score":9,"maxScore":9,"error":0,"length":1},"keyphraseInIntroduction":{"score":9,"maxScore":9,"error":0},"keyphraseInImageAlt":{"score":3,"maxScore":9,"error":1},"keywordDensity":{"type":"high","score":0,"maxScore":9,"error":1}}},{"keyphrase":"guatemalteco","score":87,"analysis":{"keyphraseInDescription":{"score":9,"maxScore":9,"error":0},"keyphraseLength":{"score":9,"maxScore":9,"error":0,"length":1},"keyphraseInIntroduction":{"score":9,"maxScore":9,"error":0},"keyphraseInImageAlt":{"score":3,"maxScore":9,"error":1},"keywordDensity":{"type":"best","score":9,"maxScore":9,"error":0}}}]},"primary_term":null,"canonical_url":null,"og_title":null,"og_description":null,"og_object_type":"default","og_image_type":"default","og_image_url":null,"og_image_width":null,"og_image_height":null,"og_image_custom_url":null,"og_image_custom_fields":null,"og_video":"","og_custom_url":null,"og_article_section":null,"og_article_tags":null,"twitter_use_og":false,"twitter_card":"default","twitter_image_type":"default","twitter_image_url":null,"twitter_image_custom_url":null,"twitter_image_custom_fields":null,"twitter_title":null,"twitter_description":null,"schema":{"blockGraphs":[],"customGraphs":[],"default":{"data":{"Article":[],"Course":[],"Dataset":[],"FAQPage":[],"Movie":[],"Person":[],"Product":[],"ProductReview":[],"Car":[],"Recipe":[],"Service":[],"SoftwareApplication":[],"WebPage":[]},"graphName":"none","isEnabled":true},"graphs":[]},"schema_type":"default","schema_type_options":null,"pillar_content":false,"robots_default":true,"robots_noindex":false,"robots_noarchive":false,"robots_nosnippet":false,"robots_nofollow":false,"robots_noimageindex":false,"robots_noodp":false,"robots_notranslate":false,"robots_max_snippet":"-1","robots_max_videopreview":"-1","robots_max_imagepreview":"large","priority":null,"frequency":"default","local_seo":null,"seo_analyzer_scan_date":"2025-10-09 06:04:11","breadcrumb_settings":null,"limit_modified_date":false,"reviewed_by":"0","open_ai":"{\"title\":{\"suggestions\":[],\"usage\":0},\"description\":{\"suggestions\":[],\"usage\":0}}","ai":null,"created":"2024-11-12 20:31:19","updated":"2026-02-05 01:15:30"},"aioseo_breadcrumb":"<div class=\"aioseo-breadcrumbs\"><span class=\"aioseo-breadcrumb\">\n\t<a href=\"https:\/\/soymigrante.com\/revista\" title=\"Home\">Home<\/a>\n<\/span><span class=\"aioseo-breadcrumb-separator\">\u00bb<\/span><span class=\"aioseo-breadcrumb\">\n\t<a href=\"https:\/\/soymigrante.com\/revista\/category\/guate-nuestra\/\" title=\"Guate Nuestra\">Guate Nuestra<\/a>\n<\/span><span class=\"aioseo-breadcrumb-separator\">\u00bb<\/span><span class=\"aioseo-breadcrumb\">\n\tEl aguacate guatemalteco tambi\u00e9n es migrante y est\u00e1 por llegar al mercado de Estados Unidos\n<\/span><\/div>","aioseo_breadcrumb_json":[{"label":"Home","link":"https:\/\/soymigrante.com\/revista"},{"label":"Guate Nuestra","link":"https:\/\/soymigrante.com\/revista\/category\/guate-nuestra\/"},{"label":"El aguacate guatemalteco tambi\u00e9n es migrante y est\u00e1 por llegar al mercado de Estados Unidos","link":"https:\/\/soymigrante.com\/revista\/el-aguacate-guatemalteco-tambien-es-migrante-y-llega-al-mercado-de-ee-uu\/"}],"_links":{"self":[{"href":"https:\/\/soymigrante.com\/revista\/wp-json\/wp\/v2\/posts\/13039","targetHints":{"allow":["GET"]}}],"collection":[{"href":"https:\/\/soymigrante.com\/revista\/wp-json\/wp\/v2\/posts"}],"about":[{"href":"https:\/\/soymigrante.com\/revista\/wp-json\/wp\/v2\/types\/post"}],"author":[{"embeddable":true,"href":"https:\/\/soymigrante.com\/revista\/wp-json\/wp\/v2\/users\/19"}],"replies":[{"embeddable":true,"href":"https:\/\/soymigrante.com\/revista\/wp-json\/wp\/v2\/comments?post=13039"}],"version-history":[{"count":11,"href":"https:\/\/soymigrante.com\/revista\/wp-json\/wp\/v2\/posts\/13039\/revisions"}],"predecessor-version":[{"id":36832,"href":"https:\/\/soymigrante.com\/revista\/wp-json\/wp\/v2\/posts\/13039\/revisions\/36832"}],"wp:featuredmedia":[{"embeddable":true,"href":"https:\/\/soymigrante.com\/revista\/wp-json\/wp\/v2\/media\/13252"}],"wp:attachment":[{"href":"https:\/\/soymigrante.com\/revista\/wp-json\/wp\/v2\/media?parent=13039"}],"wp:term":[{"taxonomy":"category","embeddable":true,"href":"https:\/\/soymigrante.com\/revista\/wp-json\/wp\/v2\/categories?post=13039"},{"taxonomy":"post_tag","embeddable":true,"href":"https:\/\/soymigrante.com\/revista\/wp-json\/wp\/v2\/tags?post=13039"}],"curies":[{"name":"wp","href":"https:\/\/api.w.org\/{rel}","templated":true}]}}