{"id":12811,"date":"2024-11-18T12:22:54","date_gmt":"2024-11-18T18:22:54","guid":{"rendered":"https:\/\/soymigrante.com\/revista\/?p=12811"},"modified":"2025-05-29T16:12:47","modified_gmt":"2025-05-29T22:12:47","slug":"arte-kat-aretes-y-accesorios-originales-elaborados-con-hilos-semillas-pero-sobre-todo-con-amor","status":"publish","type":"post","link":"https:\/\/soymigrante.com\/revista\/arte-kat-aretes-y-accesorios-originales-elaborados-con-hilos-semillas-pero-sobre-todo-con-amor\/","title":{"rendered":"Arte K\u00b4at: aretes y accesorios originales elaborados con hilos, semillas, pero sobre todo con amor"},"content":{"rendered":"\t\t<div data-elementor-type=\"wp-post\" data-elementor-id=\"12811\" class=\"elementor elementor-12811\" data-elementor-post-type=\"post\">\n\t\t\t\t<div data-particle_enable=\"false\" data-particle-mobile-disabled=\"false\" class=\"elementor-element elementor-element-776de7e e-flex e-con-boxed e-con e-parent\" data-id=\"776de7e\" data-element_type=\"container\" data-e-type=\"container\">\n\t\t\t\t\t<div class=\"e-con-inner\">\n\t\t\t\t<div class=\"elementor-element elementor-element-b5a713f elementor-widget elementor-widget-heading\" data-id=\"b5a713f\" data-element_type=\"widget\" data-e-type=\"widget\" data-widget_type=\"heading.default\">\n\t\t\t\t\t<h2 class=\"elementor-heading-title elementor-size-default\">Arte K\u00b4at es un original emprendimiento  de joyer\u00eda textil creado por Edna Ang\u00e9lica Serech, originaria de San Juan Comalapa, Chimaltenango, que ofrece m\u00e1s de 200 estilos los cuales son elaborados cuidadosamente a mano por su dise\u00f1adora desde hace 15 a\u00f1os.<\/h2>\t\t\t\t<\/div>\n\t\t\t\t\t<\/div>\n\t\t\t\t<\/div>\n\t\t<div data-particle_enable=\"false\" data-particle-mobile-disabled=\"false\" class=\"elementor-element elementor-element-4f5556f e-flex e-con-boxed e-con e-parent\" data-id=\"4f5556f\" data-element_type=\"container\" data-e-type=\"container\">\n\t\t\t\t\t<div class=\"e-con-inner\">\n\t\t\t\t<div class=\"elementor-element elementor-element-4d124f0 elementor-widget elementor-widget-text-editor\" data-id=\"4d124f0\" data-element_type=\"widget\" data-e-type=\"widget\" data-widget_type=\"text-editor.default\">\n\t\t\t\t\t\t\t\t\t<p>El nombre de Arte Kat se deriva de la palabra en kakchiquel que significa Redes. \u201cSiempre he buscado trabajar en comunidad, de forma colectiva y esa palabra me hizo clic. Vengo de un pueblo kakchiquel\u201d, refiere Edna Serech quien en el 2009 emprendi\u00f3 un mundo nuevo:\u00a0<a href=\"https:\/\/soymigrante.com\/revista\/codice-joyas-mayas-migrantes-textiles-washington\/\" target=\"_blank\" rel=\"noopener\">el de la joyer\u00eda textil<\/a>\u00a0elaborando aretes con semillas como las del chilacayote, ma\u00edz, ciruela, uvas, entre otros.<\/p><p><span style=\"font-family: Roboto, sans-serif; font-size: 16px; font-style: normal; font-variant-ligatures: normal; font-variant-caps: normal; font-weight: 400;\">Edna trabaja sus joyas<\/span>\u00a0textiles de forma independiente\u00a0pero sobre todo original: p<span style=\"font-family: Roboto, sans-serif; font-size: 16px; font-style: normal; font-variant-ligatures: normal; font-variant-caps: normal; font-weight: 400;\">uede elaborar bellos aretes con granos de ma\u00edz rojo, amarillo, blanco o negro, por citar un ejemplo, lo que hace de esas piezas creaciones \u00fanicas. En algunas ocasiones los clientes le han solicitado la elaboraci\u00f3n de alguna joya textil con caracter\u00edsticas espec\u00edficas y los complace al detalles. Sin embargo en su cat\u00e1logo tiene encantadores aretes que conquistan el gusto del consumidor.<\/span><\/p><p><a style=\"text-align: var(--text-align);\" href=\"https:\/\/soymigrante.com\/mercado\/marketplace\/seller\/profile\/artekat\" target=\"_blank\" rel=\"noopener\">Su tienda digital Arte K\u00b4at ya est\u00e1 abierta en SoyMigrante.com MERCADO<\/a>, la comunidad en l\u00ednea creada para que emprendedores y compradores guatemaltecos se encuentren: <a href=\"https:\/\/soymigrante.com\/mercado\/\">un proyecto activo, proactivo e innovador para peque\u00f1os negocios y creadores de productos elaborados a mano,<\/a> detr\u00e1s de los cuales siempre hay una historia. Y esta es la historia de como naci\u00f3 este emprendimiento de Edna Ang\u00e9lica Serech.<\/p>\t\t\t\t\t\t\t\t<\/div>\n\t\t\t\t\t<\/div>\n\t\t\t\t<\/div>\n\t\t<div data-particle_enable=\"false\" data-particle-mobile-disabled=\"false\" class=\"elementor-element elementor-element-bb2c8fa e-flex e-con-boxed e-con e-parent\" data-id=\"bb2c8fa\" data-element_type=\"container\" data-e-type=\"container\">\n\t\t\t\t\t<div class=\"e-con-inner\">\n\t\t\t\t<div class=\"elementor-element elementor-element-bb59579 elementor-widget elementor-widget-video\" data-id=\"bb59579\" data-element_type=\"widget\" data-e-type=\"widget\" data-settings=\"{&quot;youtube_url&quot;:&quot;https:\\\/\\\/www.youtube.com\\\/watch?v=fhcUQkm1Mdc&quot;,&quot;video_type&quot;:&quot;youtube&quot;,&quot;controls&quot;:&quot;yes&quot;}\" data-widget_type=\"video.default\">\n\t\t\t\t\t\t\t<div class=\"elementor-wrapper elementor-open-inline\">\n\t\t\t<div class=\"elementor-video\"><\/div>\t\t<\/div>\n\t\t\t\t\t\t<\/div>\n\t\t\t\t\t<\/div>\n\t\t\t\t<\/div>\n\t\t<div data-particle_enable=\"false\" data-particle-mobile-disabled=\"false\" class=\"elementor-element elementor-element-c1035b1 e-flex e-con-boxed e-con e-parent\" data-id=\"c1035b1\" data-element_type=\"container\" data-e-type=\"container\">\n\t\t\t\t\t<div class=\"e-con-inner\">\n\t\t\t\t<div class=\"elementor-element elementor-element-c5e4eb6 elementor-align-center elementor-widget elementor-widget-global elementor-global-14402 elementor-widget-button\" data-id=\"c5e4eb6\" data-element_type=\"widget\" data-e-type=\"widget\" data-widget_type=\"button.default\">\n\t\t\t\t\t\t\t\t\t\t<a class=\"elementor-button elementor-button-link elementor-size-sm\" href=\"https:\/\/soymigrante.com\/mercado\/marketplace\/seller\/register\">\n\t\t\t\t\t\t<span class=\"elementor-button-content-wrapper\">\n\t\t\t\t\t\t<span class=\"elementor-button-icon\">\n\t\t\t\t<i aria-hidden=\"true\" class=\"fas fa-cart-arrow-down\"><\/i>\t\t\t<\/span>\n\t\t\t\t\t\t\t\t\t<span class=\"elementor-button-text\">\u00bfERES EMPRENDEDOR Y QUIERES ENTRAR AL COMERCIO DIGITAL? NO ESPERES M\u00c1S Y  ABRE TU TIENDA DIGITAL  EN SOYMIGRANTE.COM\/MERCADO <\/span>\n\t\t\t\t\t<\/span>\n\t\t\t\t\t<\/a>\n\t\t\t\t\t\t\t\t<\/div>\n\t\t\t\t\t<\/div>\n\t\t\t\t<\/div>\n\t\t<div data-particle_enable=\"false\" data-particle-mobile-disabled=\"false\" class=\"elementor-element elementor-element-c7efacd e-flex e-con-boxed e-con e-parent\" data-id=\"c7efacd\" data-element_type=\"container\" data-e-type=\"container\">\n\t\t\t\t\t<div class=\"e-con-inner\">\n\t\t\t\t<div class=\"elementor-element elementor-element-f92be96 elementor-widget elementor-widget-heading\" data-id=\"f92be96\" data-element_type=\"widget\" data-e-type=\"widget\" data-widget_type=\"heading.default\">\n\t\t\t\t\t<h3 class=\"elementor-heading-title elementor-size-default\">Madre, esposa y artista<\/h3>\t\t\t\t<\/div>\n\t\t\t\t\t<\/div>\n\t\t\t\t<\/div>\n\t\t<div data-particle_enable=\"false\" data-particle-mobile-disabled=\"false\" class=\"elementor-element elementor-element-6db5369 e-flex e-con-boxed e-con e-parent\" data-id=\"6db5369\" data-element_type=\"container\" data-e-type=\"container\">\n\t\t\t\t\t<div class=\"e-con-inner\">\n\t\t\t\t<div class=\"elementor-element elementor-element-25b258e elementor-widget elementor-widget-text-editor\" data-id=\"25b258e\" data-element_type=\"widget\" data-e-type=\"widget\" data-widget_type=\"text-editor.default\">\n\t\t\t\t\t\t\t\t\t<p>Edna Serech es madre y esposa. Todos los d\u00edas se levanta a las 6 de la ma\u00f1ana para preparar la refacci\u00f3n de su hijo y luego lo lleva a la escuela. A casi una hora de camino. Al regresar se organiza para los quehaceres del hogar y al medio d\u00eda regresa nuevamente por su hijo.\u00a0<\/p><p>Alrededor de las 14 horas es cuando ella dispone de tiempo para comenzar a crear las joyas textiles que conllevan tiempo y dedicaci\u00f3n. Mientras las elabora cuida de su hijo quien la acompa\u00f1a mientras \u00e9l hace sus tareas escolares. Luego de avanzar en sus joyas, retoma actividades del hogar y por las noches vuelve a elaborar joyas.<\/p><p>Ella a\u00fan recuerda sus comienzos. Fue maestra y trabajaba en una escuela p\u00fablica y otra privada. En una ocasi\u00f3n ella llev\u00f3 al trabajo unos aretes que hab\u00eda hecho y sus alumnos la animaron a que fabricara\u00a0 m\u00e1s pues eran muy bonitos.\u00a0<\/p><p>Rosal\u00eda Notz era compa\u00f1era de Edna. Not\u00f3 los aretes que llevaba y le pidi\u00f3 que le fabricara un par. Ser\u00edan los primeros aretes que Edna vend\u00eda. Luego le volvi\u00f3 a pedir otro par de distinto color. Y as\u00ed empez\u00f3 una ronda de creatividad que todav\u00eda sigue girando.\u00a0\u00a0<\/p>\t\t\t\t\t\t\t\t<\/div>\n\t\t\t\t\t<\/div>\n\t\t\t\t<\/div>\n\t\t<div data-particle_enable=\"false\" data-particle-mobile-disabled=\"false\" class=\"elementor-element elementor-element-ad78d6f e-flex e-con-boxed e-con e-parent\" data-id=\"ad78d6f\" data-element_type=\"container\" data-e-type=\"container\">\n\t\t\t\t\t<div class=\"e-con-inner\">\n\t\t\t\t<div class=\"elementor-element elementor-element-423a258 elementor-widget elementor-widget-image\" data-id=\"423a258\" data-element_type=\"widget\" data-e-type=\"widget\" data-widget_type=\"image.default\">\n\t\t\t\t\t\t\t\t\t\t\t\t\t\t\t\t<a href=\"https:\/\/soymigrante.com\/mercado\/marketplace\/seller\/profile\/artekat\">\n\t\t\t\t\t\t\t<img fetchpriority=\"high\" decoding=\"async\" width=\"768\" height=\"363\" src=\"https:\/\/soymigrante.com\/revista\/wp-content\/uploads\/2024\/11\/ARTE-KAT-MERCADO-1024x484.jpg\" class=\"attachment-large size-large wp-image-12817\" alt=\"Joyer\u00eda artesanal ind\u00edgena de Guatemala en SoyMigrante.com REVISTA, exhibiendo accesorios \u00fanicos y hechos a mano con identidad cultural.\" srcset=\"https:\/\/soymigrante.com\/revista\/wp-content\/uploads\/2024\/11\/ARTE-KAT-MERCADO-1024x484.jpg 1024w, https:\/\/soymigrante.com\/revista\/wp-content\/uploads\/2024\/11\/ARTE-KAT-MERCADO-300x142.webp 300w, https:\/\/soymigrante.com\/revista\/wp-content\/uploads\/2024\/11\/ARTE-KAT-MERCADO-768x363.jpg 768w, https:\/\/soymigrante.com\/revista\/wp-content\/uploads\/2024\/11\/ARTE-KAT-MERCADO-750x354.webp 750w, https:\/\/soymigrante.com\/revista\/wp-content\/uploads\/2024\/11\/ARTE-KAT-MERCADO-1140x539.jpg 1140w, https:\/\/soymigrante.com\/revista\/wp-content\/uploads\/2024\/11\/ARTE-KAT-MERCADO.webp 1304w\" sizes=\"(max-width: 768px) 100vw, 768px\" title=\"ARTE KAT MERCADO \u2013 SoyMigrante.com REVISTA\" \/>\t\t\t\t\t\t\t\t<\/a>\n\t\t\t\t\t\t\t\t\t\t\t\t\t\t\t<\/div>\n\t\t\t\t\t<\/div>\n\t\t\t\t<\/div>\n\t\t<div data-particle_enable=\"false\" data-particle-mobile-disabled=\"false\" class=\"elementor-element elementor-element-a28f51a e-flex e-con-boxed e-con e-parent\" data-id=\"a28f51a\" data-element_type=\"container\" data-e-type=\"container\">\n\t\t\t\t\t<div class=\"e-con-inner\">\n\t\t\t\t<div class=\"elementor-element elementor-element-b55d77b elementor-widget elementor-widget-heading\" data-id=\"b55d77b\" data-element_type=\"widget\" data-e-type=\"widget\" data-widget_type=\"heading.default\">\n\t\t\t\t\t<h3 class=\"elementor-heading-title elementor-size-default\">Comenz\u00f3 sin dinero. sin herramientas, sin tienda f\u00edsica pero con creatividad<\/h3>\t\t\t\t<\/div>\n\t\t\t\t\t<\/div>\n\t\t\t\t<\/div>\n\t\t<div data-particle_enable=\"false\" data-particle-mobile-disabled=\"false\" class=\"elementor-element elementor-element-a1ca53a e-flex e-con-boxed e-con e-parent\" data-id=\"a1ca53a\" data-element_type=\"container\" data-e-type=\"container\">\n\t\t\t\t\t<div class=\"e-con-inner\">\n\t\t\t\t<div class=\"elementor-element elementor-element-1d357a6 elementor-widget elementor-widget-text-editor\" data-id=\"1d357a6\" data-element_type=\"widget\" data-e-type=\"widget\" data-widget_type=\"text-editor.default\">\n\t\t\t\t\t\t\t\t\t<p>Edna tiene muy presente que sus comienzos fueron muy precarios. \u201cComenc\u00e9 por la necesidad de generar ingresos\u201d, admite. Cuando comenz\u00f3 a crear sus dise\u00f1os \u00fanicos de joyer\u00eda no ten\u00eda fondos ni herramienta y mucho menos\u00a0<a href=\"https:\/\/soymigrante.com\/revista\/considerando-una-tienda-digital-evalua-ventajas-y-desafios-versus-una-venta-fisica\/\" target=\"_blank\" rel=\"noopener\">un lugar f\u00edsico para venderlos.\u00a0<\/a>De hecho, sol\u00eda aprovechar vender algo cuando iba en el microb\u00fas de camino a la universidad donde curs\u00f3 Derecho. \u201cLe agradezco mucho a mis amigos que me apoyaron\u201d, refiere Edna.<\/p><p>En el 2017, Edna abri\u00f3 un peque\u00f1o local para mostrar su trabajo a los paisanos y a los turistas.\u00a0 Lleg\u00f3 incluso a contratar algunas personas para elaborar sus dise\u00f1os de joya textil pero luego lleg\u00f3 la pandemia por lo que se vio obligada a no continuar con el crecimiento de su negocio. \u201cFui la primera en elaborar esas joyas en hilo y hay dise\u00f1os que son bajo pedido\u201d, explica.<\/p>\t\t\t\t\t\t\t\t<\/div>\n\t\t\t\t\t<\/div>\n\t\t\t\t<\/div>\n\t\t<div data-particle_enable=\"false\" data-particle-mobile-disabled=\"false\" class=\"elementor-element elementor-element-33f048b e-flex e-con-boxed e-con e-parent\" data-id=\"33f048b\" data-element_type=\"container\" data-e-type=\"container\">\n\t\t\t\t\t<div class=\"e-con-inner\">\n\t\t\t\t<div class=\"elementor-element elementor-element-2424112 elementor-widget elementor-widget-image\" data-id=\"2424112\" data-element_type=\"widget\" data-e-type=\"widget\" data-widget_type=\"image.default\">\n\t\t\t\t\t\t\t\t\t\t\t\t\t\t\t<img decoding=\"async\" width=\"750\" height=\"978\" src=\"https:\/\/soymigrante.com\/revista\/wp-content\/uploads\/2024\/11\/Edna-Angelica-Serech-Arte-Kat.webp\" class=\"attachment-large size-large wp-image-12909\" alt=\"SoyMigrante.com REVISTA mujer ind\u00edgena en traje tradicional sentada en un sill\u00f3n, mostrando cultura y labores artesanales de migrantes en M\u00e9xico.\" srcset=\"https:\/\/soymigrante.com\/revista\/wp-content\/uploads\/2024\/11\/Edna-Angelica-Serech-Arte-Kat.webp 750w, https:\/\/soymigrante.com\/revista\/wp-content\/uploads\/2024\/11\/Edna-Angelica-Serech-Arte-Kat-230x300.webp 230w\" sizes=\"(max-width: 750px) 100vw, 750px\" title=\"Edna Ang\u00e9lica Serech Arte Kat \u2013 SoyMigrante.com REVISTA\" \/>\t\t\t\t\t\t\t\t\t\t\t\t\t\t\t<\/div>\n\t\t\t\t\t<\/div>\n\t\t\t\t<\/div>\n\t\t<div data-particle_enable=\"false\" data-particle-mobile-disabled=\"false\" class=\"elementor-element elementor-element-cb1dee7 e-flex e-con-boxed e-con e-parent\" data-id=\"cb1dee7\" data-element_type=\"container\" data-e-type=\"container\">\n\t\t\t\t\t<div class=\"e-con-inner\">\n\t\t\t\t<div class=\"elementor-element elementor-element-30a959f elementor-widget elementor-widget-text-editor\" data-id=\"30a959f\" data-element_type=\"widget\" data-e-type=\"widget\" data-widget_type=\"text-editor.default\">\n\t\t\t\t\t\t\t\t\t<p>Sus creaciones han despertado inter\u00e9s y en una ocasi\u00f3n Edna tuvo la oportunidad de participar en un concurso de emprendimiento llamado Ixoqu\u00ed en Tecp\u00e1n, Chimaltenango, donde gan\u00f3 cuatro veces de forma consecutiva en la categor\u00eda de \u201cProductos Innovadores\u201d.\u00a0<\/p><p>En el 2019 tuvo la oportunidad de presentar sus productos en una feria de emprendedores a nivel iberoamericano que se celebr\u00f3 en Bogot\u00e1, Colombia, gracias al apoyo Hortencia Sim\u00f3n a quien Edna agradece desde entonces confiar en su trabajo para haberlo dado a conocer fuera de Guatemala.<\/p>\t\t\t\t\t\t\t\t<\/div>\n\t\t\t\t\t<\/div>\n\t\t\t\t<\/div>\n\t\t<div data-particle_enable=\"false\" data-particle-mobile-disabled=\"false\" class=\"elementor-element elementor-element-e943166 e-flex e-con-boxed e-con e-parent\" data-id=\"e943166\" data-element_type=\"container\" data-e-type=\"container\">\n\t\t\t\t\t<div class=\"e-con-inner\">\n\t\t\t\t<div class=\"elementor-element elementor-element-0ef6b31 elementor-arrows-position-inside elementor-pagination-position-outside elementor-widget elementor-widget-image-carousel\" data-id=\"0ef6b31\" data-element_type=\"widget\" data-e-type=\"widget\" data-settings=\"{&quot;slides_to_show&quot;:&quot;1&quot;,&quot;navigation&quot;:&quot;both&quot;,&quot;autoplay&quot;:&quot;yes&quot;,&quot;pause_on_hover&quot;:&quot;yes&quot;,&quot;pause_on_interaction&quot;:&quot;yes&quot;,&quot;autoplay_speed&quot;:5000,&quot;infinite&quot;:&quot;yes&quot;,&quot;effect&quot;:&quot;slide&quot;,&quot;speed&quot;:500}\" data-widget_type=\"image-carousel.default\">\n\t\t\t\t\t\t\t<div class=\"elementor-image-carousel-wrapper swiper\" role=\"region\" aria-roledescription=\"carousel\" aria-label=\"Carrusel de im\u00e1genes\" dir=\"ltr\">\n\t\t\t<div class=\"elementor-image-carousel swiper-wrapper\" aria-live=\"off\">\n\t\t\t\t\t\t\t\t<div class=\"swiper-slide\" role=\"group\" aria-roledescription=\"slide\" aria-label=\"1 de 12\"><figure class=\"swiper-slide-inner\"><img decoding=\"async\" class=\"swiper-slide-image\" src=\"https:\/\/soymigrante.com\/revista\/wp-content\/uploads\/2024\/11\/ARTE-KAT14-768x1058.jpeg\" alt=\"Pulsera y pendientes artesanales de semillas y madera, accesorios de moda sostenibles, hechos a mano para promover la cultura y el arte en la comunidad.\" \/><\/figure><\/div><div class=\"swiper-slide\" role=\"group\" aria-roledescription=\"slide\" aria-label=\"2 de 12\"><figure class=\"swiper-slide-inner\"><img decoding=\"async\" class=\"swiper-slide-image\" src=\"https:\/\/soymigrante.com\/revista\/wp-content\/uploads\/2024\/11\/ARTE-KAT12-768x825.jpeg\" alt=\"Juego de aretes artesanales con bolas de plata y flores blancas en un fondo rosa profundo.\" \/><\/figure><\/div><div class=\"swiper-slide\" role=\"group\" aria-roledescription=\"slide\" aria-label=\"3 de 12\"><figure class=\"swiper-slide-inner\"><img decoding=\"async\" class=\"swiper-slide-image\" src=\"https:\/\/soymigrante.com\/revista\/wp-content\/uploads\/2024\/11\/ARTE-KAT13-768x890.jpeg\" alt=\"Pendientes de concha blanca con cord\u00f3n blanco, accesorios de moda para inmigrantes y sus comunidades.\" \/><\/figure><\/div><div class=\"swiper-slide\" role=\"group\" aria-roledescription=\"slide\" aria-label=\"4 de 12\"><figure class=\"swiper-slide-inner\"><img decoding=\"async\" class=\"swiper-slide-image\" src=\"https:\/\/soymigrante.com\/revista\/wp-content\/uploads\/2024\/11\/Angelica-Serech.webp\" alt=\"Diversa mujer ind\u00edgena mexicana con vestimenta tradicional y collar de cuentas, simbolizando cultura y resistencia en M\u00e9xico.\" \/><\/figure><\/div><div class=\"swiper-slide\" role=\"group\" aria-roledescription=\"slide\" aria-label=\"5 de 12\"><figure class=\"swiper-slide-inner\"><img decoding=\"async\" class=\"swiper-slide-image\" src=\"https:\/\/soymigrante.com\/revista\/wp-content\/uploads\/2024\/11\/arte-kat10.webp\" alt=\"Colgantes de hilo azul en forma de bolas, perfectos para accesorios bohemios y artesanales, en un entorno natural con plantas verdes y fondo de papel kraft.\" \/><\/figure><\/div><div class=\"swiper-slide\" role=\"group\" aria-roledescription=\"slide\" aria-label=\"6 de 12\"><figure class=\"swiper-slide-inner\"><img decoding=\"async\" class=\"swiper-slide-image\" src=\"https:\/\/soymigrante.com\/revista\/wp-content\/uploads\/2024\/11\/arte-kat2.webp\" alt=\"Colar tradicional de colores vibrantes con formas geom\u00e9tricas, usado en celebraciones culturales en comunidades ind\u00edgenas de Am\u00e9rica Latina.\" \/><\/figure><\/div><div class=\"swiper-slide\" role=\"group\" aria-roledescription=\"slide\" aria-label=\"7 de 12\"><figure class=\"swiper-slide-inner\"><img decoding=\"async\" class=\"swiper-slide-image\" src=\"https:\/\/soymigrante.com\/revista\/wp-content\/uploads\/2024\/11\/arte-kat4.webp\" alt=\"Joya artesanal con colores vibrantes colgada de un cord\u00f3n negro frente a un jarr\u00f3n de cer\u00e1mica grande y plantas verdes.\" \/><\/figure><\/div><div class=\"swiper-slide\" role=\"group\" aria-roledescription=\"slide\" aria-label=\"8 de 12\"><figure class=\"swiper-slide-inner\"><img decoding=\"async\" class=\"swiper-slide-image\" src=\"https:\/\/soymigrante.com\/revista\/wp-content\/uploads\/2024\/11\/arte-kat8.webp\" alt=\"Colorful beaded jewelry set: necklace and earrings featuring large blue beads with red, yellow, orange, and purple accent beads, perfect for vibrant accessories.\" \/><\/figure><\/div><div class=\"swiper-slide\" role=\"group\" aria-roledescription=\"slide\" aria-label=\"9 de 12\"><figure class=\"swiper-slide-inner\"><img decoding=\"async\" class=\"swiper-slide-image\" src=\"https:\/\/soymigrante.com\/revista\/wp-content\/uploads\/2024\/11\/arte-kat7.webp\" alt=\"Zarcillos artesanales con c\u00edrculos tejidos y bolas de hilo en tonos verdes y azules, ideales para accesorios de moda \u00fanicos y creativos.\" \/><\/figure><\/div><div class=\"swiper-slide\" role=\"group\" aria-roledescription=\"slide\" aria-label=\"10 de 12\"><figure class=\"swiper-slide-inner\"><img decoding=\"async\" class=\"swiper-slide-image\" src=\"https:\/\/soymigrante.com\/revista\/wp-content\/uploads\/2024\/11\/arte-kat5.webp\" alt=\"Cortinas de perla y capulhuas en aretes artesanales colgados sobre una vasija de barro, destacando la artesan\u00eda tradicional mexicana.\" \/><\/figure><\/div><div class=\"swiper-slide\" role=\"group\" aria-roledescription=\"slide\" aria-label=\"11 de 12\"><figure class=\"swiper-slide-inner\"><img decoding=\"async\" class=\"swiper-slide-image\" src=\"https:\/\/soymigrante.com\/revista\/wp-content\/uploads\/2024\/11\/arte-kat3.webp\" alt=\"Aretes de fibra de lana en tonos terracota, artesan\u00eda hecha a mano, accesorio de moda sustentable y creativo, perfecto para estilos bohemios y ecol\u00f3gicos.\" \/><\/figure><\/div><div class=\"swiper-slide\" role=\"group\" aria-roledescription=\"slide\" aria-label=\"12 de 12\"><figure class=\"swiper-slide-inner\"><img decoding=\"async\" class=\"swiper-slide-image\" src=\"https:\/\/soymigrante.com\/revista\/wp-content\/uploads\/2024\/11\/ARTE-KAT11-768x782.jpeg\" alt=\"Pendientes artesanales con semillas naturales, ideales para moda migrante y cultura latinoamericana. Dise\u00f1o \u00fanico y ecol\u00f3gico que refleja identidad y tradici\u00f3n en accesorios de moda.\" \/><\/figure><\/div>\t\t\t<\/div>\n\t\t\t\t\t\t\t\t\t\t\t\t<div class=\"elementor-swiper-button elementor-swiper-button-prev\" role=\"button\" tabindex=\"0\">\n\t\t\t\t\t\t<i aria-hidden=\"true\" class=\"eicon-chevron-left\"><\/i>\t\t\t\t\t<\/div>\n\t\t\t\t\t<div class=\"elementor-swiper-button elementor-swiper-button-next\" role=\"button\" tabindex=\"0\">\n\t\t\t\t\t\t<i aria-hidden=\"true\" class=\"eicon-chevron-right\"><\/i>\t\t\t\t\t<\/div>\n\t\t\t\t\n\t\t\t\t\t\t\t\t\t<div class=\"swiper-pagination\"><\/div>\n\t\t\t\t\t\t\t\t\t<\/div>\n\t\t\t\t\t\t<\/div>\n\t\t\t\t\t<\/div>\n\t\t\t\t<\/div>\n\t\t<div data-particle_enable=\"false\" data-particle-mobile-disabled=\"false\" class=\"elementor-element elementor-element-c0fc2ba e-flex e-con-boxed e-con e-parent\" data-id=\"c0fc2ba\" data-element_type=\"container\" data-e-type=\"container\">\n\t\t\t\t\t<div class=\"e-con-inner\">\n\t\t\t\t<div class=\"elementor-element elementor-element-fa0a541 elementor-widget elementor-widget-heading\" data-id=\"fa0a541\" data-element_type=\"widget\" data-e-type=\"widget\" data-widget_type=\"heading.default\">\n\t\t\t\t\t<h3 class=\"elementor-heading-title elementor-size-default\">Feliz de estar en SoyMigrante.com MERCADO<\/h3>\t\t\t\t<\/div>\n\t\t\t\t\t<\/div>\n\t\t\t\t<\/div>\n\t\t<div data-particle_enable=\"false\" data-particle-mobile-disabled=\"false\" class=\"elementor-element elementor-element-9fd7f52 e-flex e-con-boxed e-con e-parent\" data-id=\"9fd7f52\" data-element_type=\"container\" data-e-type=\"container\">\n\t\t\t\t\t<div class=\"e-con-inner\">\n\t\t\t\t<div class=\"elementor-element elementor-element-9301da1 elementor-widget elementor-widget-text-editor\" data-id=\"9301da1\" data-element_type=\"widget\" data-e-type=\"widget\" data-widget_type=\"text-editor.default\">\n\t\t\t\t\t\t\t\t\t<p>Algo que tiene muy presente Edna desde que comenz\u00f3 a trabajar de forma independiente es crear piezas \u00fanicas que no representen una competencia desleal ante el resto de artesanos de su localidad.<\/p><p><span style=\"color: var( --e-global-color-text ); text-align: var(--text-align);\">\u201cEstoy feliz. <a href=\"https:\/\/soymigrante.com\/mercado\/marketplace\/seller\/profile\/artekat\">Tengo la oportunidad de estar en MERCADO.<\/a> Al ver a Marcos Antil pensaba que deb\u00eda aprovechar para llenar el formulario (de inscripci\u00f3n para ser de los primeros 100 emprendedores). Creo que es una oportunidad que vale la pena. En alg\u00fan momento llegu\u00e9 a tener mi taller y le daba empleo a unas cinco personas pero al llegar la pandemia nos bot\u00f3. Me volv\u00ed a quedar sola porque no ten\u00eda c\u00f3mo comercializar&#8221;, comparte Edna agradecida y enfocada en su proyecto.<\/span><\/p><p>Pero Edna tiene el sue\u00f1o de volver abrir una sucursal para generar m\u00e1s ingresos y empleo. \u201cNunca olvidar\u00e9esos Q15, Q30 o Q45 on los que comenc\u00e9\u201d, a\u00f1ade con esperanza para continuar elaborando sus joyas textiles con creatividad, innovaci\u00f3n y amor.<\/p>\t\t\t\t\t\t\t\t<\/div>\n\t\t\t\t\t<\/div>\n\t\t\t\t<\/div>\n\t\t<div data-particle_enable=\"false\" data-particle-mobile-disabled=\"false\" class=\"elementor-element elementor-element-3bc8eb4 e-flex e-con-boxed e-con e-parent\" data-id=\"3bc8eb4\" data-element_type=\"container\" data-e-type=\"container\">\n\t\t\t\t\t<div class=\"e-con-inner\">\n\t\t\t\t<div class=\"elementor-element elementor-element-e4e1a10 elementor-align-center elementor-widget elementor-widget-global elementor-global-14402 elementor-widget-button\" data-id=\"e4e1a10\" data-element_type=\"widget\" data-e-type=\"widget\" data-widget_type=\"button.default\">\n\t\t\t\t\t\t\t\t\t\t<a class=\"elementor-button elementor-button-link elementor-size-sm\" href=\"https:\/\/soymigrante.com\/mercado\/marketplace\/seller\/register\">\n\t\t\t\t\t\t<span class=\"elementor-button-content-wrapper\">\n\t\t\t\t\t\t<span class=\"elementor-button-icon\">\n\t\t\t\t<i aria-hidden=\"true\" class=\"fas fa-cart-arrow-down\"><\/i>\t\t\t<\/span>\n\t\t\t\t\t\t\t\t\t<span class=\"elementor-button-text\">\u00bfERES EMPRENDEDOR Y QUIERES ENTRAR AL COMERCIO DIGITAL? NO ESPERES M\u00c1S Y  ABRE TU TIENDA DIGITAL  EN SOYMIGRANTE.COM\/MERCADO <\/span>\n\t\t\t\t\t<\/span>\n\t\t\t\t\t<\/a>\n\t\t\t\t\t\t\t\t<\/div>\n\t\t\t\t\t<\/div>\n\t\t\t\t<\/div>\n\t\t<div data-particle_enable=\"false\" data-particle-mobile-disabled=\"false\" class=\"elementor-element elementor-element-9adfa4d e-flex e-con-boxed e-con e-parent\" data-id=\"9adfa4d\" data-element_type=\"container\" data-e-type=\"container\">\n\t\t\t\t\t<div class=\"e-con-inner\">\n\t\t\t\t<div class=\"elementor-element elementor-element-23fe8da elementor-widget elementor-widget-heading\" data-id=\"23fe8da\" data-element_type=\"widget\" data-e-type=\"widget\" data-widget_type=\"heading.default\">\n\t\t\t\t\t<h2 class=\"elementor-heading-title elementor-size-default\">Conoce otras historias de emprendedores de \nSoyMigrante.com MERCADO<\/h2>\t\t\t\t<\/div>\n\t\t\t\t\t<\/div>\n\t\t\t\t<\/div>\n\t\t<div data-particle_enable=\"false\" data-particle-mobile-disabled=\"false\" class=\"elementor-element elementor-element-32277ce e-flex e-con-boxed e-con e-parent\" data-id=\"32277ce\" data-element_type=\"container\" data-e-type=\"container\">\n\t\t\t\t\t<div class=\"e-con-inner\">\n\t\t\t\t<div class=\"elementor-element elementor-element-bff5b7d elementor-grid-eael-col-3 elementor-grid-tablet-eael-col-2 elementor-grid-mobile-eael-col-1 elementor-widget elementor-widget-eael-post-grid\" data-id=\"bff5b7d\" data-element_type=\"widget\" data-e-type=\"widget\" data-settings=\"{&quot;eael_post_grid_columns&quot;:&quot;eael-col-3&quot;,&quot;eael_post_grid_columns_tablet&quot;:&quot;eael-col-2&quot;,&quot;eael_post_grid_columns_mobile&quot;:&quot;eael-col-1&quot;}\" data-widget_type=\"eael-post-grid.default\">\n\t\t\t\t\t<div id=\"eael-post-grid-bff5b7d\" class=\"eael-post-grid-container\">\n            <div class=\"eael-post-grid eael-post-appender eael-post-appender-bff5b7d eael-post-grid-style-one\" data-layout-mode=\"masonry\"><article class=\"eael-grid-post  eael-post-grid-column eael-pg-post-10940 category-guate-nuestra tags-mercado-emprendedores\" data-id=\"10940\">\n        <div class=\"eael-grid-post-holder\">\n            <div class=\"eael-grid-post-holder-inner\"><div class=\"eael-entry-media\"><div class=\"eael-entry-overlay fade-in\"><i class=\"far fa-hand-pointer\" aria-hidden=\"true\"><\/i><a href=\"https:\/\/soymigrante.com\/revista\/black-and-white-piezas-artesanales-de-mostacilla-e-ingenio\/\"><\/a><\/div><div class=\"eael-entry-thumbnail \">\n                <img decoding=\"async\" width=\"736\" height=\"736\" src=\"https:\/\/soymigrante.com\/revista\/wp-content\/uploads\/2024\/10\/Mostacilla-feature.webp\" class=\"attachment-large size-large wp-image-10943\" alt=\"Amuletos tradicionales de Guatemala hechos a mano con mostacillas representando cultura y protecci\u00f3n.\" srcset=\"https:\/\/soymigrante.com\/revista\/wp-content\/uploads\/2024\/10\/Mostacilla-feature.webp 736w, https:\/\/soymigrante.com\/revista\/wp-content\/uploads\/2024\/10\/Mostacilla-feature-300x300.webp 300w, https:\/\/soymigrante.com\/revista\/wp-content\/uploads\/2024\/10\/Mostacilla-feature-150x150.webp 150w, https:\/\/soymigrante.com\/revista\/wp-content\/uploads\/2024\/10\/Mostacilla-feature-75x75.webp 75w\" sizes=\"(max-width: 736px) 100vw, 736px\" \/>\n            <\/div>\n        <\/div><div class=\"eael-entry-wrapper\"><header class=\"eael-entry-header\"><h2 class=\"eael-entry-title\"><a class=\"eael-grid-post-link\" href=\"https:\/\/soymigrante.com\/revista\/black-and-white-piezas-artesanales-de-mostacilla-e-ingenio\/\" title=\"KLB Studio: mujeres mayas de Solol\u00e1 elaboran accesorios originales con mostacilla y creatividad\">KLB Studio: mujeres mayas de Solol\u00e1 elaboran accesorios originales con mostacilla y creatividad<\/a><\/h2><\/header><div class=\"eael-entry-content\">\n                        <div class=\"eael-grid-post-excerpt\"><a href=\"https:\/\/soymigrante.com\/revista\/black-and-white-piezas-artesanales-de-mostacilla-e-ingenio\/\" class=\"eael-post-elements-readmore-btn\">CONOCE SU HISTORIA <\/a><\/div>\n                    <\/div><\/div><\/div>\n        <\/div>\n    <\/article><article class=\"eael-grid-post  eael-post-grid-column eael-pg-post-10732 category-guate-nuestra tags-mercado-emprendedores\" data-id=\"10732\">\n        <div class=\"eael-grid-post-holder\">\n            <div class=\"eael-grid-post-holder-inner\"><div class=\"eael-entry-media\"><div class=\"eael-entry-overlay fade-in\"><i class=\"far fa-hand-pointer\" aria-hidden=\"true\"><\/i><a href=\"https:\/\/soymigrante.com\/revista\/maderas-grissell-de-la-familia-oxom-crea-muebles-y-piezas-decorativas-en-coban\/\"><\/a><\/div><div class=\"eael-entry-thumbnail \">\n                <img loading=\"lazy\" decoding=\"async\" width=\"750\" height=\"750\" src=\"https:\/\/soymigrante.com\/revista\/wp-content\/uploads\/2024\/10\/grissell-coban.webp\" class=\"attachment-large size-large wp-image-10972\" alt=\"Espejo de pie de madera, art\u00edculos de decoraci\u00f3n y accesorios para ba\u00f1os en un espacio comercial. Muestra productos de est\u00e9tica, mobiliario y art\u00edculos de higiene personal.\" srcset=\"https:\/\/soymigrante.com\/revista\/wp-content\/uploads\/2024\/10\/grissell-coban.webp 750w, https:\/\/soymigrante.com\/revista\/wp-content\/uploads\/2024\/10\/grissell-coban-300x300.webp 300w, https:\/\/soymigrante.com\/revista\/wp-content\/uploads\/2024\/10\/grissell-coban-150x150.webp 150w, https:\/\/soymigrante.com\/revista\/wp-content\/uploads\/2024\/10\/grissell-coban-75x75.webp 75w\" sizes=\"(max-width: 750px) 100vw, 750px\" \/>\n            <\/div>\n        <\/div><div class=\"eael-entry-wrapper\"><header class=\"eael-entry-header\"><h2 class=\"eael-entry-title\"><a class=\"eael-grid-post-link\" href=\"https:\/\/soymigrante.com\/revista\/maderas-grissell-de-la-familia-oxom-crea-muebles-y-piezas-decorativas-en-coban\/\" title=\"Familia Oxom crea muebles y piezas decorativas en Maderas Gryssell que ya est\u00e1 en MERCADO\">Familia Oxom crea muebles y piezas decorativas en Maderas Gryssell que ya est\u00e1 en MERCADO<\/a><\/h2><\/header><div class=\"eael-entry-content\">\n                        <div class=\"eael-grid-post-excerpt\"><a href=\"https:\/\/soymigrante.com\/revista\/maderas-grissell-de-la-familia-oxom-crea-muebles-y-piezas-decorativas-en-coban\/\" class=\"eael-post-elements-readmore-btn\">CONOCE SU HISTORIA <\/a><\/div>\n                    <\/div><\/div><\/div>\n        <\/div>\n    <\/article><article class=\"eael-grid-post  eael-post-grid-column eael-pg-post-10385 category-guate-nuestra tags-mercado-emprendedores\" data-id=\"10385\">\n        <div class=\"eael-grid-post-holder\">\n            <div class=\"eael-grid-post-holder-inner\"><div class=\"eael-entry-media\"><div class=\"eael-entry-overlay fade-in\"><i class=\"far fa-hand-pointer\" aria-hidden=\"true\"><\/i><a href=\"https:\/\/soymigrante.com\/revista\/cooperativa-yax-transforma-una-planta-recicladora-en-huehuetenango-que-crea-y-genera-empleo\/\"><\/a><\/div><div class=\"eael-entry-thumbnail \">\n                <img loading=\"lazy\" decoding=\"async\" width=\"1024\" height=\"1024\" src=\"https:\/\/soymigrante.com\/revista\/wp-content\/uploads\/2024\/10\/yax-transforma-1024x1024.webp\" class=\"attachment-large size-large wp-image-10489\" alt=\"Transformaci\u00f3n social en eventos de SoyMigrante.com REVISTA, promoviendo inclusi\u00f3n y derechos de migrantes en Am\u00e9rica Latina.\" srcset=\"https:\/\/soymigrante.com\/revista\/wp-content\/uploads\/2024\/10\/yax-transforma-1024x1024.webp 1024w, https:\/\/soymigrante.com\/revista\/wp-content\/uploads\/2024\/10\/yax-transforma-300x300.webp 300w, https:\/\/soymigrante.com\/revista\/wp-content\/uploads\/2024\/10\/yax-transforma-150x150.webp 150w, https:\/\/soymigrante.com\/revista\/wp-content\/uploads\/2024\/10\/yax-transforma-768x768.webp 768w, https:\/\/soymigrante.com\/revista\/wp-content\/uploads\/2024\/10\/yax-transforma-75x75.webp 75w, https:\/\/soymigrante.com\/revista\/wp-content\/uploads\/2024\/10\/yax-transforma-750x750.webp 750w, https:\/\/soymigrante.com\/revista\/wp-content\/uploads\/2024\/10\/yax-transforma.webp 1049w\" sizes=\"(max-width: 1024px) 100vw, 1024px\" \/>\n            <\/div>\n        <\/div><div class=\"eael-entry-wrapper\"><header class=\"eael-entry-header\"><h2 class=\"eael-entry-title\"><a class=\"eael-grid-post-link\" href=\"https:\/\/soymigrante.com\/revista\/cooperativa-yax-transforma-una-planta-recicladora-en-huehuetenango-que-crea-y-genera-empleo\/\" title=\"Yax Transforma recolecta pl\u00e1stico y lo convierte en tablas, mesas, postes y&#8230; empleos\">Yax Transforma recolecta pl\u00e1stico y lo convierte en tablas, mesas, postes y&#8230; empleos<\/a><\/h2><\/header><div class=\"eael-entry-content\">\n                        <div class=\"eael-grid-post-excerpt\"><a href=\"https:\/\/soymigrante.com\/revista\/cooperativa-yax-transforma-una-planta-recicladora-en-huehuetenango-que-crea-y-genera-empleo\/\" class=\"eael-post-elements-readmore-btn\">CONOCE SU HISTORIA <\/a><\/div>\n                    <\/div><\/div><\/div>\n        <\/div>\n    <\/article><\/div>\n            <div class=\"clearfix\"><\/div>\n        <\/div>\t\t\t\t<\/div>\n\t\t\t\t\t<\/div>\n\t\t\t\t<\/div>\n\t\t\t\t<\/div>\n\t\t","protected":false},"excerpt":{"rendered":"<p>Arte K\u00b4at es un original emprendimiento de joyer\u00eda textil creado por Edna Ang\u00e9lica Serech, originaria de San Juan Comalapa, Chimaltenango, que ofrece m\u00e1s de 200 estilos los cuales son elaborados cuidadosamente a mano por su dise\u00f1adora desde hace 15 a\u00f1os. El nombre de Arte Kat se deriva de la palabra en kakchiquel que significa Redes. [&hellip;]<\/p>\n","protected":false},"author":23,"featured_media":12816,"comment_status":"open","ping_status":"open","sticky":false,"template":"","format":"standard","meta":{"_acf_changed":false,"_eb_attr":"","footnotes":""},"categories":[58],"tags":[130],"class_list":["post-12811","post","type-post","status-publish","format-standard","has-post-thumbnail","hentry","category-guate-nuestra","tag-mercado-emprendedores"],"acf":[],"aioseo_notices":[],"aioseo_head":"\n\t\t<!-- All in One SEO Pro 4.9.6.2 - aioseo.com -->\n\t<meta name=\"description\" content=\"La cooperativa Yax Transforma naci\u00f3 en Jacaltenango. Recolecta pl\u00e1sticos y los torna en objetos \u00fatiles. Sus productos estar\u00e1n en SoyMigrante MERCADO. Esta es la historia\" \/>\n\t<meta name=\"robots\" content=\"max-snippet:-1, max-image-preview:large, max-video-preview:-1\" \/>\n\t<meta name=\"author\" content=\"Beatriz Tercero\"\/>\n\t<link rel=\"canonical\" href=\"https:\/\/soymigrante.com\/revista\/cooperativa-yax-transforma-una-planta-recicladora-en-huehuetenango-que-crea-y-genera-empleo\/\" \/>\n\t<meta name=\"generator\" content=\"All in One SEO Pro (AIOSEO) 4.9.6.2\" \/>\n\n\t\t<link rel=\"preconnect\" href=\"https:\/\/fonts.googleapis.com\" crossorigin>\n<link rel=\"preconnect\" href=\"https:\/\/fonts.gstatic.com\" crossorigin>\n\t\t<meta property=\"og:locale\" content=\"es_ES\" \/>\n\t\t<meta property=\"og:site_name\" content=\"SoyMigrante.com REVISTA \u2013 Nuestra misi\u00f3n es reconocer y dignificar al migrante.\" \/>\n\t\t<meta property=\"og:type\" content=\"article\" \/>\n\t\t<meta property=\"og:title\" content=\"Cooperativa Yax Transforma: Pplanta recicladora en Huehuetenango\" \/>\n\t\t<meta property=\"og:description\" content=\"La cooperativa Yax Transforma naci\u00f3 en Jacaltenango. Recolecta pl\u00e1sticos y los torna en objetos \u00fatiles. Sus productos estar\u00e1n en SoyMigrante MERCADO. Esta es la historia\" \/>\n\t\t<meta property=\"og:url\" content=\"https:\/\/soymigrante.com\/revista\/cooperativa-yax-transforma-una-planta-recicladora-en-huehuetenango-que-crea-y-genera-empleo\/\" \/>\n\t\t<meta property=\"og:image\" content=\"https:\/\/soymigrante.com\/revista\/wp-content\/uploads\/2024\/10\/yax-transforma.webp\" \/>\n\t\t<meta property=\"og:image:secure_url\" content=\"https:\/\/soymigrante.com\/revista\/wp-content\/uploads\/2024\/10\/yax-transforma.webp\" \/>\n\t\t<meta property=\"og:image:width\" content=\"1049\" \/>\n\t\t<meta property=\"og:image:height\" content=\"1049\" \/>\n\t\t<meta property=\"article:published_time\" content=\"2024-10-17T17:09:52+00:00\" \/>\n\t\t<meta property=\"article:modified_time\" content=\"2024-11-05T06:58:36+00:00\" \/>\n\t\t<meta property=\"article:publisher\" content=\"https:\/\/www.facebook.com\/soymigrantecom\" \/>\n\t\t<meta name=\"twitter:card\" content=\"summary_large_image\" \/>\n\t\t<meta name=\"twitter:site\" content=\"@SoyMigrante_com\" \/>\n\t\t<meta name=\"twitter:title\" content=\"Cooperativa Yax Transforma: Pplanta recicladora en Huehuetenango\" \/>\n\t\t<meta name=\"twitter:description\" content=\"La cooperativa Yax Transforma naci\u00f3 en Jacaltenango. Recolecta pl\u00e1sticos y los torna en objetos \u00fatiles. Sus productos estar\u00e1n en SoyMigrante MERCADO. Esta es la historia\" \/>\n\t\t<meta name=\"twitter:creator\" content=\"@SoyMigrante_com\" \/>\n\t\t<meta name=\"twitter:image\" content=\"https:\/\/soymigrante.com\/revista\/wp-content\/uploads\/2024\/10\/yax-transforma.webp\" \/>\n\t\t<!-- All in One SEO Pro -->\r\n\t\t<title>Cooperativa Yax Transforma: Pplanta recicladora en Huehuetenango<\/title>\n\n","aioseo_head_json":{"title":"Cooperativa Yax Transforma: Pplanta recicladora en Huehuetenango","description":"La cooperativa Yax Transforma naci\u00f3 en Jacaltenango. Recolecta pl\u00e1sticos y los torna en objetos \u00fatiles. Sus productos estar\u00e1n en SoyMigrante MERCADO. Esta es la historia","canonical_url":"https:\/\/soymigrante.com\/revista\/cooperativa-yax-transforma-una-planta-recicladora-en-huehuetenango-que-crea-y-genera-empleo\/","robots":"max-snippet:-1, max-image-preview:large, max-video-preview:-1","keywords":"","webmasterTools":{"miscellaneous":"&lt;link rel=\"preconnect\" href=\"https:\/\/fonts.googleapis.com\" crossorigin&gt;\n&lt;link rel=\"preconnect\" href=\"https:\/\/fonts.gstatic.com\" crossorigin&gt;"},"schema":null,"og:locale":"es_ES","og:site_name":"SoyMigrante.com REVISTA \u2013 Nuestra misi\u00f3n es reconocer y dignificar al migrante.","og:type":"article","og:title":"Cooperativa Yax Transforma: Pplanta recicladora en Huehuetenango","og:description":"La cooperativa Yax Transforma naci\u00f3 en Jacaltenango. Recolecta pl\u00e1sticos y los torna en objetos \u00fatiles. Sus productos estar\u00e1n en SoyMigrante MERCADO. Esta es la historia","og:url":"https:\/\/soymigrante.com\/revista\/cooperativa-yax-transforma-una-planta-recicladora-en-huehuetenango-que-crea-y-genera-empleo\/","og:image":"https:\/\/soymigrante.com\/revista\/wp-content\/uploads\/2024\/10\/yax-transforma.webp","og:image:secure_url":"https:\/\/soymigrante.com\/revista\/wp-content\/uploads\/2024\/10\/yax-transforma.webp","og:image:width":1049,"og:image:height":1049,"article:published_time":"2024-10-17T17:09:52+00:00","article:modified_time":"2024-11-05T06:58:36+00:00","article:publisher":"https:\/\/www.facebook.com\/soymigrantecom","twitter:card":"summary_large_image","twitter:site":"@SoyMigrante_com","twitter:title":"Cooperativa Yax Transforma: Pplanta recicladora en Huehuetenango","twitter:description":"La cooperativa Yax Transforma naci\u00f3 en Jacaltenango. Recolecta pl\u00e1sticos y los torna en objetos \u00fatiles. Sus productos estar\u00e1n en SoyMigrante MERCADO. Esta es la historia","twitter:creator":"@SoyMigrante_com","twitter:image":"https:\/\/soymigrante.com\/revista\/wp-content\/uploads\/2024\/10\/yax-transforma.webp"},"aioseo_meta_data":{"post_id":"12811","title":"Arte K\u00b4at: joyer\u00eda textil elaborada con semillas y amor","description":"Arte K'at es el emprendimiento de joyer\u00eda textil de Edna Serech de San Juan Comalapa, Chimaltenango. Ahora est\u00e1 en SoyMigrante.com MERCADO y esta es su historia.","keywords":null,"keyphrases":{"focus":{"keyphrase":"joyer\u00eda textil","score":72,"analysis":{"keyphraseInTitle":{"score":9,"maxScore":9,"error":0},"keyphraseInDescription":{"score":9,"maxScore":9,"error":0},"keyphraseLength":{"score":9,"maxScore":9,"error":0,"length":3},"keyphraseInURL":{"score":1,"maxScore":5,"error":1},"keyphraseInIntroduction":{"score":9,"maxScore":9,"error":0},"keyphraseInSubHeadings":{"score":3,"maxScore":9,"error":1},"keyphraseInImageAlt":{"score":9,"maxScore":9,"error":0},"keywordDensity":{"score":0,"type":"low","maxScore":9,"error":1}}},"additional":[{"keyphrase":"dise\u00f1os","score":40,"analysis":{"keyphraseInDescription":{"score":3,"maxScore":9,"error":1},"keyphraseLength":{"score":9,"maxScore":9,"error":0,"length":2},"keyphraseInIntroduction":{"score":3,"maxScore":9,"error":1},"keyphraseInImageAlt":{"score":3,"maxScore":9,"error":1},"keywordDensity":{"score":0,"type":"low","maxScore":9,"error":1}}},{"keyphrase":"trabajo artesanal","score":40,"analysis":{"keyphraseInDescription":{"score":3,"maxScore":9,"error":1},"keyphraseLength":{"score":9,"maxScore":9,"error":0,"length":2},"keyphraseInIntroduction":{"score":3,"maxScore":9,"error":1},"keyphraseInImageAlt":{"score":3,"maxScore":9,"error":1},"keywordDensity":{"score":0,"type":"low","maxScore":9,"error":1}}},{"keyphrase":"emprendimiento","score":53,"analysis":{"keyphraseInDescription":{"score":9,"maxScore":9,"error":0},"keyphraseLength":{"score":9,"maxScore":9,"error":0,"length":1},"keyphraseInIntroduction":{"score":3,"maxScore":9,"error":1},"keyphraseInImageAlt":{"score":3,"maxScore":9,"error":1},"keywordDensity":{"score":0,"type":"low","maxScore":9,"error":1}}}]},"primary_term":null,"canonical_url":null,"og_title":null,"og_description":null,"og_object_type":"default","og_image_type":"default","og_image_url":null,"og_image_width":null,"og_image_height":null,"og_image_custom_url":null,"og_image_custom_fields":null,"og_video":"","og_custom_url":null,"og_article_section":null,"og_article_tags":null,"twitter_use_og":false,"twitter_card":"default","twitter_image_type":"default","twitter_image_url":null,"twitter_image_custom_url":null,"twitter_image_custom_fields":null,"twitter_title":null,"twitter_description":null,"schema":{"blockGraphs":[],"customGraphs":[],"default":{"data":{"Article":[],"Course":[],"Dataset":[],"FAQPage":[],"Movie":[],"Person":[],"Product":[],"ProductReview":[],"Car":[],"Recipe":[],"Service":[],"SoftwareApplication":[],"WebPage":[]},"graphName":"Article","isEnabled":true},"graphs":[]},"schema_type":"default","schema_type_options":null,"pillar_content":false,"robots_default":true,"robots_noindex":false,"robots_noarchive":false,"robots_nosnippet":false,"robots_nofollow":false,"robots_noimageindex":false,"robots_noodp":false,"robots_notranslate":false,"robots_max_snippet":"-1","robots_max_videopreview":"-1","robots_max_imagepreview":"large","priority":null,"frequency":"default","local_seo":null,"seo_analyzer_scan_date":"2025-10-09 00:21:40","breadcrumb_settings":null,"limit_modified_date":false,"reviewed_by":null,"open_ai":"{\"title\":{\"suggestions\":[],\"usage\":0},\"description\":{\"suggestions\":[],\"usage\":0}}","ai":null,"created":"2024-11-11 03:29:31","updated":"2026-02-04 16:38:10"},"aioseo_breadcrumb":"<div class=\"aioseo-breadcrumbs\"><span class=\"aioseo-breadcrumb\">\n\t<a href=\"https:\/\/soymigrante.com\/revista\" title=\"Home\">Home<\/a>\n<\/span><span class=\"aioseo-breadcrumb-separator\">\u00bb<\/span><span class=\"aioseo-breadcrumb\">\n\t<a href=\"https:\/\/soymigrante.com\/revista\/category\/guate-nuestra\/\" title=\"Guate Nuestra\">Guate Nuestra<\/a>\n<\/span><span class=\"aioseo-breadcrumb-separator\">\u00bb<\/span><span class=\"aioseo-breadcrumb\">\n\tArte K\u00b4at: aretes y accesorios originales elaborados con hilos, semillas, pero sobre todo con amor\n<\/span><\/div>","aioseo_breadcrumb_json":[{"label":"Home","link":"https:\/\/soymigrante.com\/revista"},{"label":"Guate Nuestra","link":"https:\/\/soymigrante.com\/revista\/category\/guate-nuestra\/"},{"label":"Arte K\u00b4at: aretes y accesorios originales elaborados con hilos, semillas, pero sobre todo con amor","link":"https:\/\/soymigrante.com\/revista\/arte-kat-aretes-y-accesorios-originales-elaborados-con-hilos-semillas-pero-sobre-todo-con-amor\/"}],"_links":{"self":[{"href":"https:\/\/soymigrante.com\/revista\/wp-json\/wp\/v2\/posts\/12811","targetHints":{"allow":["GET"]}}],"collection":[{"href":"https:\/\/soymigrante.com\/revista\/wp-json\/wp\/v2\/posts"}],"about":[{"href":"https:\/\/soymigrante.com\/revista\/wp-json\/wp\/v2\/types\/post"}],"author":[{"embeddable":true,"href":"https:\/\/soymigrante.com\/revista\/wp-json\/wp\/v2\/users\/23"}],"replies":[{"embeddable":true,"href":"https:\/\/soymigrante.com\/revista\/wp-json\/wp\/v2\/comments?post=12811"}],"version-history":[{"count":6,"href":"https:\/\/soymigrante.com\/revista\/wp-json\/wp\/v2\/posts\/12811\/revisions"}],"predecessor-version":[{"id":35063,"href":"https:\/\/soymigrante.com\/revista\/wp-json\/wp\/v2\/posts\/12811\/revisions\/35063"}],"wp:featuredmedia":[{"embeddable":true,"href":"https:\/\/soymigrante.com\/revista\/wp-json\/wp\/v2\/media\/12816"}],"wp:attachment":[{"href":"https:\/\/soymigrante.com\/revista\/wp-json\/wp\/v2\/media?parent=12811"}],"wp:term":[{"taxonomy":"category","embeddable":true,"href":"https:\/\/soymigrante.com\/revista\/wp-json\/wp\/v2\/categories?post=12811"},{"taxonomy":"post_tag","embeddable":true,"href":"https:\/\/soymigrante.com\/revista\/wp-json\/wp\/v2\/tags?post=12811"}],"curies":[{"name":"wp","href":"https:\/\/api.w.org\/{rel}","templated":true}]}}