{"id":12756,"date":"2024-11-11T10:42:57","date_gmt":"2024-11-11T16:42:57","guid":{"rendered":"https:\/\/soymigrante.com\/revista\/?p=12756"},"modified":"2025-07-26T09:18:49","modified_gmt":"2025-07-26T15:18:49","slug":"granola-del-comal-nacio-del-amor-de-marina-chen-al-esperar-a-su-bebe","status":"publish","type":"post","link":"https:\/\/soymigrante.com\/revista\/granola-del-comal-nacio-del-amor-de-marina-chen-al-esperar-a-su-bebe\/","title":{"rendered":"Granola Del Comal naci\u00f3 del amor de Marina Chen al esperar a su beb\u00e9"},"content":{"rendered":"\t\t<div data-elementor-type=\"wp-post\" data-elementor-id=\"12756\" class=\"elementor elementor-12756\" data-elementor-post-type=\"post\">\n\t\t\t\t<div data-particle_enable=\"false\" data-particle-mobile-disabled=\"false\" class=\"elementor-element elementor-element-4ae2bef e-flex e-con-boxed e-con e-parent\" data-id=\"4ae2bef\" data-element_type=\"container\" data-e-type=\"container\">\n\t\t\t\t\t<div class=\"e-con-inner\">\n\t\t\t\t<div class=\"elementor-element elementor-element-f82864b elementor-widget elementor-widget-heading\" data-id=\"f82864b\" data-element_type=\"widget\" data-e-type=\"widget\" data-widget_type=\"heading.default\">\n\t\t\t\t\t<h2 class=\"elementor-heading-title elementor-size-default\">El cuidado de tener una sana nutrici\u00f3n durante su primer embarazo impuls\u00f3 a Marina Chen a buscar una dieta natural. Esto la llev\u00f3 a elaborar su propia receta artesanal de granola, que ahora distribuye bajo su marca Del Comal, disponible ahora  a trav\u00e9s de SoyMigrante.com MERCADO <\/h2>\t\t\t\t<\/div>\n\t\t\t\t\t<\/div>\n\t\t\t\t<\/div>\n\t\t<div data-particle_enable=\"false\" data-particle-mobile-disabled=\"false\" class=\"elementor-element elementor-element-be57121 e-flex e-con-boxed e-con e-parent\" data-id=\"be57121\" data-element_type=\"container\" data-e-type=\"container\">\n\t\t\t\t\t<div class=\"e-con-inner\">\n\t\t\t\t<div class=\"elementor-element elementor-element-998ea1b elementor-widget elementor-widget-text-editor\" data-id=\"998ea1b\" data-element_type=\"widget\" data-e-type=\"widget\" data-widget_type=\"text-editor.default\">\n\t\t\t\t\t\t\t\t\t<p>&#8220;Soy Gloria Marina Chen creadora de mi propia marca de granola saludable. Mi historia como emprendedora empieza de manera inesperada y se fue formando a partir de una necesidad personal, que se convirti\u00f3 en una oportunidad de proveer un producto artesanal nutritivo&#8221;, cuenta con emoci\u00f3n y alegr\u00eda la emprendedora guatemalteca.<\/p><p>Cuando Marina esperaba a su primer beb\u00e9, busc\u00f3 una opci\u00f3n natural y nutritiva de alimento para el desayuno. Esto la impuls\u00f3 a crear y elaborar su propia receta de granola keto. Luego, animada por familiares y amigos, empez\u00f3 a venderla bajo la marca Del Comal.\u00a0<\/p>\t\t\t\t\t\t\t\t<\/div>\n\t\t\t\t\t<\/div>\n\t\t\t\t<\/div>\n\t\t<div data-particle_enable=\"false\" data-particle-mobile-disabled=\"false\" class=\"elementor-element elementor-element-056a8a4 e-flex e-con-boxed e-con e-parent\" data-id=\"056a8a4\" data-element_type=\"container\" data-e-type=\"container\">\n\t\t\t\t\t<div class=\"e-con-inner\">\n\t\t\t\t<div class=\"elementor-element elementor-element-d6a8089 elementor-widget elementor-widget-text-editor\" data-id=\"d6a8089\" data-element_type=\"widget\" data-e-type=\"widget\" data-widget_type=\"text-editor.default\">\n\t\t\t\t\t\t\t\t\t<p>Marina ya abri\u00f3 su <a href=\"https:\/\/soymigrante.com\/mercado\/marketplace\/delcomal\">tienda digital de productos Del Comal-Granola Keto en SoyMigrante.com MERCADO<\/a>, la comunidad en l\u00ednea creada para que emprendedores y compradores guatemaltecos se encuentren: <a href=\"https:\/\/soymigrante.com\/mercado\/\">un proyecto activo, proactivo e innovador para peque\u00f1os negocios y creadores de productos elaborados a mano<\/a>, detr\u00e1s de los cuales siempre hay una historia. Y esta es la historia de Gloria Marina Chen.<\/p>\t\t\t\t\t\t\t\t<\/div>\n\t\t\t\t\t<\/div>\n\t\t\t\t<\/div>\n\t\t<div data-particle_enable=\"false\" data-particle-mobile-disabled=\"false\" class=\"elementor-element elementor-element-b69a76b e-flex e-con-boxed e-con e-parent\" data-id=\"b69a76b\" data-element_type=\"container\" data-e-type=\"container\">\n\t\t\t\t\t<div class=\"e-con-inner\">\n\t\t\t\t<div class=\"elementor-element elementor-element-122cd4f elementor-widget elementor-widget-image\" data-id=\"122cd4f\" data-element_type=\"widget\" data-e-type=\"widget\" data-widget_type=\"image.default\">\n\t\t\t\t\t\t\t\t\t\t\t\t<figure class=\"wp-caption\">\n\t\t\t\t\t\t\t\t\t\t\t<a href=\"https:\/\/soymigrante.com\/mercado\/marketplace\/delcomal\">\n\t\t\t\t\t\t\t<img fetchpriority=\"high\" decoding=\"async\" width=\"768\" height=\"576\" src=\"https:\/\/soymigrante.com\/revista\/wp-content\/uploads\/2024\/11\/Marina-Chen-y-su-emprendimiento-de-granola-saludable-2-1024x768.jpeg\" class=\"attachment-large size-large wp-image-12759\" alt=\"Granos keto en bolsas kraft, producto saludable y natural, ideal para una alimentaci\u00f3n low carb, saludable y sin gluten, promocionado por Del Comal en Revista SoyMigrante.com.\" srcset=\"https:\/\/soymigrante.com\/revista\/wp-content\/uploads\/2024\/11\/Marina-Chen-y-su-emprendimiento-de-granola-saludable-2-1024x768.jpeg 1024w, https:\/\/soymigrante.com\/revista\/wp-content\/uploads\/2024\/11\/Marina-Chen-y-su-emprendimiento-de-granola-saludable-2-300x225.webp 300w, https:\/\/soymigrante.com\/revista\/wp-content\/uploads\/2024\/11\/Marina-Chen-y-su-emprendimiento-de-granola-saludable-2-768x576.jpeg 768w, https:\/\/soymigrante.com\/revista\/wp-content\/uploads\/2024\/11\/Marina-Chen-y-su-emprendimiento-de-granola-saludable-2-1536x1152.jpeg 1536w, https:\/\/soymigrante.com\/revista\/wp-content\/uploads\/2024\/11\/Marina-Chen-y-su-emprendimiento-de-granola-saludable-2-750x563.webp 750w, https:\/\/soymigrante.com\/revista\/wp-content\/uploads\/2024\/11\/Marina-Chen-y-su-emprendimiento-de-granola-saludable-2-1140x855.jpeg 1140w, https:\/\/soymigrante.com\/revista\/wp-content\/uploads\/2024\/11\/Marina-Chen-y-su-emprendimiento-de-granola-saludable-2.webp 1600w\" sizes=\"(max-width: 768px) 100vw, 768px\" title=\"Marina Chen  brinda nutrici\u00f3n natural a trav\u00e9s de su l\u00ednea de granolas artesanales. \u2013 SoyMigrante.com REVISTA\" \/>\t\t\t\t\t\t\t\t<\/a>\n\t\t\t\t\t\t\t\t\t\t\t<figcaption class=\"widget-image-caption wp-caption-text\">Granola keto en bolsas de papel kraft del Comal, con ingredientes naturales y semillas, ideal para dietas keto y alimentaci\u00f3n saludable.<\/figcaption>\n\t\t\t\t\t\t\t\t\t\t<\/figure>\n\t\t\t\t\t\t\t\t\t<\/div>\n\t\t\t\t\t<\/div>\n\t\t\t\t<\/div>\n\t\t<div data-particle_enable=\"false\" data-particle-mobile-disabled=\"false\" class=\"elementor-element elementor-element-c8c3337 e-flex e-con-boxed e-con e-parent\" data-id=\"c8c3337\" data-element_type=\"container\" data-e-type=\"container\">\n\t\t\t\t\t<div class=\"e-con-inner\">\n\t\t\t\t<div class=\"elementor-element elementor-element-5e5361a elementor-widget elementor-widget-heading\" data-id=\"5e5361a\" data-element_type=\"widget\" data-e-type=\"widget\" data-widget_type=\"heading.default\">\n\t\t\t\t\t<h3 class=\"elementor-heading-title elementor-size-default\">La fuerza de un gran amor <\/h3>\t\t\t\t<\/div>\n\t\t\t\t\t<\/div>\n\t\t\t\t<\/div>\n\t\t<div data-particle_enable=\"false\" data-particle-mobile-disabled=\"false\" class=\"elementor-element elementor-element-e6062c6 e-flex e-con-boxed e-con e-parent\" data-id=\"e6062c6\" data-element_type=\"container\" data-e-type=\"container\">\n\t\t\t\t\t<div class=\"e-con-inner\">\n\t\t\t\t<div class=\"elementor-element elementor-element-b6edf70 elementor-widget elementor-widget-text-editor\" data-id=\"b6edf70\" data-element_type=\"widget\" data-e-type=\"widget\" data-widget_type=\"text-editor.default\">\n\t\t\t\t\t\t\t\t\t<p>&#8220;Todo comenz\u00f3 en diciembre de 2023, cuando qued\u00e9 embarazada. La alegr\u00eda de ese momento fue inmensa, pero tambi\u00e9n trajo consigo una serie de desaf\u00edos en mi alimentaci\u00f3n.\u00a0<span style=\"color: var( --e-global-color-text ); text-align: var(--text-align);\">Durante el embarazo, descubr\u00ed que era complicado encontrar alimentos que realmente me alimentaran y que, a la vez, no me resultaran pesados o dif\u00edciles de consumir&#8221;.<\/span><\/p>\t\t\t\t\t\t\t\t<\/div>\n\t\t\t\t\t<\/div>\n\t\t\t\t<\/div>\n\t\t<div data-particle_enable=\"false\" data-particle-mobile-disabled=\"false\" class=\"elementor-element elementor-element-2fca4ef e-flex e-con-boxed e-con e-parent\" data-id=\"2fca4ef\" data-element_type=\"container\" data-e-type=\"container\">\n\t\t\t\t\t<div class=\"e-con-inner\">\n\t\t\t\t<div class=\"elementor-element elementor-element-b43f905 elementor-widget elementor-widget-text-editor\" data-id=\"b43f905\" data-element_type=\"widget\" data-e-type=\"widget\" data-widget_type=\"text-editor.default\">\n\t\t\t\t\t\t\t\t\t<p>&#8220;Quer\u00eda cuidar mi salud y la de mi beb\u00e9, y sab\u00eda que la alimentaci\u00f3n ser\u00eda clave para ello. As\u00ed fue como, en mi b\u00fasqueda de opciones, termin\u00e9 elaborando mi propia granola casera, algo que pudiera ser nutritivo, natural y, sobre todo, f\u00e1cil de digerir.\u00a0<span style=\"color: var( --e-global-color-text ); text-align: var(--text-align);\">A partir de ah\u00ed, lo que empez\u00f3 como una soluci\u00f3n personal<\/span> <a href=\"https:\/\/soymigrante.com\/mercado\/marketplace\/delcomal\"><span style=\"text-align: var(--text-align);\">se <\/span>transform\u00f3 <span style=\"text-align: var(--text-align);\">en algo mucho m\u00e1s grande<\/span>&#8220;<\/a>:\u00a0 expone Marina Chen acerca de la l\u00ednea Del Comal.<\/p>\t\t\t\t\t\t\t\t<\/div>\n\t\t\t\t\t<\/div>\n\t\t\t\t<\/div>\n\t\t<div data-particle_enable=\"false\" data-particle-mobile-disabled=\"false\" class=\"elementor-element elementor-element-bb5cefe e-flex e-con-boxed e-con e-parent\" data-id=\"bb5cefe\" data-element_type=\"container\" data-e-type=\"container\">\n\t\t\t\t\t<div class=\"e-con-inner\">\n\t\t\t\t<div class=\"elementor-element elementor-element-6486729 elementor-widget elementor-widget-image\" data-id=\"6486729\" data-element_type=\"widget\" data-e-type=\"widget\" data-widget_type=\"image.default\">\n\t\t\t\t\t\t\t\t\t\t\t\t<figure class=\"wp-caption\">\n\t\t\t\t\t\t\t\t\t\t\t<a href=\"https:\/\/soymigrante.com\/mercado\/marketplace\/delcomal\/\">\n\t\t\t\t\t\t\t<img decoding=\"async\" width=\"768\" height=\"369\" src=\"https:\/\/soymigrante.com\/revista\/wp-content\/uploads\/2024\/11\/granola-keto-1024x492.jpg\" class=\"attachment-large size-large wp-image-12870\" alt=\"A woman smiling holding granola and seeds products from Del Comal, Granola Keto, displayed on SoyMigrante.com REVISTA, showcasing Guatemalan handmade food products for healthy eating and cultural entrepreneurship.\" srcset=\"https:\/\/soymigrante.com\/revista\/wp-content\/uploads\/2024\/11\/granola-keto-1024x492.jpg 1024w, https:\/\/soymigrante.com\/revista\/wp-content\/uploads\/2024\/11\/granola-keto-300x144.webp 300w, https:\/\/soymigrante.com\/revista\/wp-content\/uploads\/2024\/11\/granola-keto-768x369.jpg 768w, https:\/\/soymigrante.com\/revista\/wp-content\/uploads\/2024\/11\/granola-keto-1536x738.jpg 1536w, https:\/\/soymigrante.com\/revista\/wp-content\/uploads\/2024\/11\/granola-keto-750x360.webp 750w, https:\/\/soymigrante.com\/revista\/wp-content\/uploads\/2024\/11\/granola-keto-1140x547.jpg 1140w, https:\/\/soymigrante.com\/revista\/wp-content\/uploads\/2024\/11\/granola-keto.webp 1693w\" sizes=\"(max-width: 768px) 100vw, 768px\" title=\"Del Comal, productos de granola keto, de Marina Chen, ya est\u00e1 disponible a trav\u00e9s de SoyMigrante.com MERCADO. \u2013 SoyMigrante.com REVISTA\" \/>\t\t\t\t\t\t\t\t<\/a>\n\t\t\t\t\t\t\t\t\t\t\t<figcaption class=\"widget-image-caption wp-caption-text\">Del Comal, productos de granola keto, de Marina Chen, ya est\u00e1 disponible a trav\u00e9s de SoyMigrante.com MERCADO.<\/figcaption>\n\t\t\t\t\t\t\t\t\t\t<\/figure>\n\t\t\t\t\t\t\t\t\t<\/div>\n\t\t\t\t\t<\/div>\n\t\t\t\t<\/div>\n\t\t<div data-particle_enable=\"false\" data-particle-mobile-disabled=\"false\" class=\"elementor-element elementor-element-29c8256 e-flex e-con-boxed e-con e-parent\" data-id=\"29c8256\" data-element_type=\"container\" data-e-type=\"container\">\n\t\t\t\t\t<div class=\"e-con-inner\">\n\t\t\t\t<div class=\"elementor-element elementor-element-47421fb elementor-widget elementor-widget-heading\" data-id=\"47421fb\" data-element_type=\"widget\" data-e-type=\"widget\" data-widget_type=\"heading.default\">\n\t\t\t\t\t<h3 class=\"elementor-heading-title elementor-size-default\">Una mezcla completa y un m\u00e9todo artesanal<\/h3>\t\t\t\t<\/div>\n\t\t\t\t\t<\/div>\n\t\t\t\t<\/div>\n\t\t<div data-particle_enable=\"false\" data-particle-mobile-disabled=\"false\" class=\"elementor-element elementor-element-d9537d6 e-flex e-con-boxed e-con e-parent\" data-id=\"d9537d6\" data-element_type=\"container\" data-e-type=\"container\">\n\t\t\t\t\t<div class=\"e-con-inner\">\n\t\t\t\t<div class=\"elementor-element elementor-element-71eaefd elementor-widget elementor-widget-text-editor\" data-id=\"71eaefd\" data-element_type=\"widget\" data-e-type=\"widget\" data-widget_type=\"text-editor.default\">\n\t\t\t\t\t\t\t\t\t<p>&#8220;Recuerdo bien esos primeros d\u00edas, experimentando en la cocina de mi casa para dar con la receta ideal. Mi objetivo era crear una granola sin aditivos ni conservantes, compuesta solo de ingredientes naturales y cuidadosamente seleccionados&#8221;.<\/p><p>&#8220;Con el tiempo, encontr\u00e9 una mezcla perfecta que no solo era deliciosa, sino que tambi\u00e9n cumpl\u00eda con todas las necesidades nutricionales que estaba buscando. Esa necesidad fue la semilla que dio vida a <a href=\"https:\/\/soymigrante.com\/mercado\/marketplace\/delcomal\">Productos del Comal-Granolas Keto.<\/a><\/p><p>Familiares y amigos comenzaron a probarla, y su respuesta fue tan positiva que empec\u00e9 a considerar la posibilidad de comercializar mi producto. En ese momento no lo sab\u00eda, pero esa decisi\u00f3n marcar\u00eda el inicio de un nuevo cap\u00edtulo en mi vida&#8221;.<\/p><p>&#8220;Comenc\u00e9 vendiendo la granola en mi casa, en peque\u00f1as cantidades y casi siempre a conocidos, quienes poco a poco fueron recomend\u00e1ndola.<strong>\u00a0 <\/strong>Fue un proceso lleno de aprendizajes pero\u00a0tambi\u00e9n de gratitud, ya que cada venta me confirmaba que estaba haciendo algo bien&#8221;. Y as\u00ed sigue siendo hasta ahora. Por eso Marina distribuye Granola Del Comal a trav\u00e9s de SoyMigrante.com MERCADO<\/p>\t\t\t\t\t\t\t\t<\/div>\n\t\t\t\t\t<\/div>\n\t\t\t\t<\/div>\n\t\t<div data-particle_enable=\"false\" data-particle-mobile-disabled=\"false\" class=\"elementor-element elementor-element-53d570b e-flex e-con-boxed e-con e-parent\" data-id=\"53d570b\" data-element_type=\"container\" data-e-type=\"container\">\n\t\t\t\t\t<div class=\"e-con-inner\">\n\t\t\t\t<div class=\"elementor-element elementor-element-20d600c elementor-widget elementor-widget-image\" data-id=\"20d600c\" data-element_type=\"widget\" data-e-type=\"widget\" data-widget_type=\"image.default\">\n\t\t\t\t\t\t\t\t\t\t\t\t<figure class=\"wp-caption\">\n\t\t\t\t\t\t\t\t\t\t<img decoding=\"async\" width=\"768\" height=\"576\" src=\"https:\/\/soymigrante.com\/revista\/wp-content\/uploads\/2024\/11\/Marina-Chen-y-su-emprendimiento-de-granola-saludable-3-1024x768.jpeg\" class=\"attachment-large size-large wp-image-12760\" alt=\"Dulces keto con nueces y semillas en empaques con etiqueta del logotipo del Comal, ideales para una alimentaci\u00f3n saludable y baja en carbohidratos.\" srcset=\"https:\/\/soymigrante.com\/revista\/wp-content\/uploads\/2024\/11\/Marina-Chen-y-su-emprendimiento-de-granola-saludable-3-1024x768.jpeg 1024w, https:\/\/soymigrante.com\/revista\/wp-content\/uploads\/2024\/11\/Marina-Chen-y-su-emprendimiento-de-granola-saludable-3-300x225.webp 300w, https:\/\/soymigrante.com\/revista\/wp-content\/uploads\/2024\/11\/Marina-Chen-y-su-emprendimiento-de-granola-saludable-3-768x576.jpeg 768w, https:\/\/soymigrante.com\/revista\/wp-content\/uploads\/2024\/11\/Marina-Chen-y-su-emprendimiento-de-granola-saludable-3-1536x1152.jpeg 1536w, https:\/\/soymigrante.com\/revista\/wp-content\/uploads\/2024\/11\/Marina-Chen-y-su-emprendimiento-de-granola-saludable-3-750x563.webp 750w, https:\/\/soymigrante.com\/revista\/wp-content\/uploads\/2024\/11\/Marina-Chen-y-su-emprendimiento-de-granola-saludable-3-1140x855.jpeg 1140w, https:\/\/soymigrante.com\/revista\/wp-content\/uploads\/2024\/11\/Marina-Chen-y-su-emprendimiento-de-granola-saludable-3.webp 1600w\" sizes=\"(max-width: 768px) 100vw, 768px\" title=\"Granolas Keto se enfoca en ofrecer productos frescos, naturales, artesanalmente procesados con higiene y buen sabor. \u2013 SoyMigrante.com REVISTA\" \/>\t\t\t\t\t\t\t\t\t\t\t<figcaption class=\"widget-image-caption wp-caption-text\">Dulces keto con nueces y semillas en empaques con etiqueta del logotipo del Comal, ideales para una alimentaci\u00f3n saludable y baja en carbohidratos.<\/figcaption>\n\t\t\t\t\t\t\t\t\t\t<\/figure>\n\t\t\t\t\t\t\t\t\t<\/div>\n\t\t\t\t\t<\/div>\n\t\t\t\t<\/div>\n\t\t<div data-particle_enable=\"false\" data-particle-mobile-disabled=\"false\" class=\"elementor-element elementor-element-5e7055e e-flex e-con-boxed e-con e-parent\" data-id=\"5e7055e\" data-element_type=\"container\" data-e-type=\"container\">\n\t\t\t\t\t<div class=\"e-con-inner\">\n\t\t\t\t<div class=\"elementor-element elementor-element-038d4c5 elementor-widget elementor-widget-heading\" data-id=\"038d4c5\" data-element_type=\"widget\" data-e-type=\"widget\" data-widget_type=\"heading.default\">\n\t\t\t\t\t<h3 class=\"elementor-heading-title elementor-size-default\">Las barritas de granola y un nuevo reto<\/h3>\t\t\t\t<\/div>\n\t\t\t\t\t<\/div>\n\t\t\t\t<\/div>\n\t\t<div data-particle_enable=\"false\" data-particle-mobile-disabled=\"false\" class=\"elementor-element elementor-element-13f8be9 e-flex e-con-boxed e-con e-parent\" data-id=\"13f8be9\" data-element_type=\"container\" data-e-type=\"container\">\n\t\t\t\t\t<div class=\"e-con-inner\">\n\t\t\t\t<div class=\"elementor-element elementor-element-f3f1bbc elementor-widget elementor-widget-text-editor\" data-id=\"f3f1bbc\" data-element_type=\"widget\" data-e-type=\"widget\" data-widget_type=\"text-editor.default\">\n\t\t\t\t\t\t\t\t\t<p>&#8220;A medida que mi emprendimiento crec\u00eda, pens\u00e9 en nuevas formas de innovar. Me di cuenta de que muchas personas, como yo, estaban en busca de opciones pr\u00e1cticas y saludables para consumir en cualquier momento del d\u00eda. Fue as\u00ed como, en febrero de 2024, <a href=\"https:\/\/soymigrante.com\/mercado\/barritas-de-granola-paquete-de-25-unidades\">decid\u00ed desarrollar las barritas de granola. Las barritas no solo manten\u00edan el mismo sabor y calidad de mi granola, sino que adem\u00e1s eran mucho m\u00e1s pr\u00e1cticas y accesibles<\/a> para llevar a cualquier parte&#8221;.<\/p><p>&#8220;Este nuevo producto fue un acierto. <a href=\"https:\/\/soymigrante.com\/mercado\/barritas-de-granola-paquete-de-25-unidades\">Las barritas de granola<\/a> resultaron ser un \u00e9xito entre mis clientes, quienes las compraban no solo para consumirlas en casa, sino tambi\u00e9n para llevar al trabajo, a la universidad o incluso como merienda para los ni\u00f1os&#8221;.<\/p>\t\t\t\t\t\t\t\t<\/div>\n\t\t\t\t\t<\/div>\n\t\t\t\t<\/div>\n\t\t<div data-particle_enable=\"false\" data-particle-mobile-disabled=\"false\" class=\"elementor-element elementor-element-ef4dacf e-flex e-con-boxed e-con e-parent\" data-id=\"ef4dacf\" data-element_type=\"container\" data-e-type=\"container\">\n\t\t\t\t\t<div class=\"e-con-inner\">\n\t\t\t\t<div class=\"elementor-element elementor-element-39edae1 elementor-widget elementor-widget-image\" data-id=\"39edae1\" data-element_type=\"widget\" data-e-type=\"widget\" data-widget_type=\"image.default\">\n\t\t\t\t\t\t\t\t\t\t\t\t<figure class=\"wp-caption\">\n\t\t\t\t\t\t\t\t\t\t\t<a href=\"https:\/\/soymigrante.com\/mercado\/marketplace\/delcomal\">\n\t\t\t\t\t\t\t<img loading=\"lazy\" decoding=\"async\" width=\"768\" height=\"1024\" src=\"https:\/\/soymigrante.com\/revista\/wp-content\/uploads\/2024\/11\/Marina-Chen-y-su-emprendimiento-de-granola-saludable-6-e1731335099591-768x1024.webp\" class=\"attachment-large size-large wp-image-12761\" alt=\"Granola keto saludable, semillas y nueces para dieta keto, productos naturales para migrantes, alimentos preparados para estilo de vida keto, estilos de vida saludables para comunidad migrante.\" srcset=\"https:\/\/soymigrante.com\/revista\/wp-content\/uploads\/2024\/11\/Marina-Chen-y-su-emprendimiento-de-granola-saludable-6-e1731335099591-768x1024.webp 768w, https:\/\/soymigrante.com\/revista\/wp-content\/uploads\/2024\/11\/Marina-Chen-y-su-emprendimiento-de-granola-saludable-6-e1731335099591-225x300.webp 225w, https:\/\/soymigrante.com\/revista\/wp-content\/uploads\/2024\/11\/Marina-Chen-y-su-emprendimiento-de-granola-saludable-6-e1731335099591-1152x1536.webp 1152w, https:\/\/soymigrante.com\/revista\/wp-content\/uploads\/2024\/11\/Marina-Chen-y-su-emprendimiento-de-granola-saludable-6-e1731335099591-750x1000.webp 750w, https:\/\/soymigrante.com\/revista\/wp-content\/uploads\/2024\/11\/Marina-Chen-y-su-emprendimiento-de-granola-saludable-6-e1731335099591-1140x1520.webp 1140w, https:\/\/soymigrante.com\/revista\/wp-content\/uploads\/2024\/11\/Marina-Chen-y-su-emprendimiento-de-granola-saludable-6-e1731335099591.webp 1200w\" sizes=\"(max-width: 768px) 100vw, 768px\" title=\"Marina Chen y su emprendimiento de granola saludable 6 \u2013 SoyMigrante.com REVISTA\" \/>\t\t\t\t\t\t\t\t<\/a>\n\t\t\t\t\t\t\t\t\t\t\t<figcaption class=\"widget-image-caption wp-caption-text\">Marina Chen y su emprendimiento de granola saludable <\/figcaption>\n\t\t\t\t\t\t\t\t\t\t<\/figure>\n\t\t\t\t\t\t\t\t\t<\/div>\n\t\t\t\t\t<\/div>\n\t\t\t\t<\/div>\n\t\t<div data-particle_enable=\"false\" data-particle-mobile-disabled=\"false\" class=\"elementor-element elementor-element-0e42fd4 e-flex e-con-boxed e-con e-parent\" data-id=\"0e42fd4\" data-element_type=\"container\" data-e-type=\"container\">\n\t\t\t\t\t<div class=\"e-con-inner\">\n\t\t\t\t<div class=\"elementor-element elementor-element-1432668 elementor-widget elementor-widget-heading\" data-id=\"1432668\" data-element_type=\"widget\" data-e-type=\"widget\" data-widget_type=\"heading.default\">\n\t\t\t\t\t<h3 class=\"elementor-heading-title elementor-size-default\">La oportunidad de llegar a Estados Unidos<\/h3>\t\t\t\t<\/div>\n\t\t\t\t\t<\/div>\n\t\t\t\t<\/div>\n\t\t<div data-particle_enable=\"false\" data-particle-mobile-disabled=\"false\" class=\"elementor-element elementor-element-62322cf e-flex e-con-boxed e-con e-parent\" data-id=\"62322cf\" data-element_type=\"container\" data-e-type=\"container\">\n\t\t\t\t\t<div class=\"e-con-inner\">\n\t\t\t\t<div class=\"elementor-element elementor-element-b90a719 elementor-widget elementor-widget-text-editor\" data-id=\"b90a719\" data-element_type=\"widget\" data-e-type=\"widget\" data-widget_type=\"text-editor.default\">\n\t\t\t\t\t\t\t\t\t<p>&#8220;Este a\u00f1o tengo la oportunidad de dar un paso importante en mi emprendimiento: la posibilidad de vender mis productos en el extranjero. Gracias a la plataforma digital\u00a0<a href=\"https:\/\/soymigrante.com\/mercado\/\">SoyMigrante.com MERCADO<\/a>, puedo ofrecer mi granola y barritas a m\u00e1s guatemaltecos, dentro del pa\u00eds per tambi\u00e9n a quienes viven en Estados Unidos&#8221;.\u00a0<\/p><p>&#8220;Cada paquete que preparo lleva mucho esfuerzo y dedicaci\u00f3n, pero tambi\u00e9n el deseo de que quienes la consuman puedan experimentar el mismo bienestar y el mismo cuidado que yo busqu\u00e9 para m\u00ed y para mi beb\u00e9 cuando todo esto empez\u00f3&#8221;.<\/p>\t\t\t\t\t\t\t\t<\/div>\n\t\t\t\t\t<\/div>\n\t\t\t\t<\/div>\n\t\t<div data-particle_enable=\"false\" data-particle-mobile-disabled=\"false\" class=\"elementor-element elementor-element-0f3f01a e-flex e-con-boxed e-con e-parent\" data-id=\"0f3f01a\" data-element_type=\"container\" data-e-type=\"container\">\n\t\t\t\t\t<div class=\"e-con-inner\">\n\t\t\t\t<div class=\"elementor-element elementor-element-43a61cd elementor-widget elementor-widget-image\" data-id=\"43a61cd\" data-element_type=\"widget\" data-e-type=\"widget\" data-widget_type=\"image.default\">\n\t\t\t\t\t\t\t\t\t\t\t\t\t\t\t<img loading=\"lazy\" decoding=\"async\" width=\"768\" height=\"576\" src=\"https:\/\/soymigrante.com\/revista\/wp-content\/uploads\/2024\/11\/Marina-Chen-y-su-emprendimiento-de-granola-saludable-5-1024x768.jpeg\" class=\"attachment-large size-large wp-image-12763\" alt=\"Gr\u00e1nola keto de del comal con semillas y frutos secos, ideal para una dieta saludable y baja en carbohidratos, presentada en caja con etiquetas y envuelta en pl\u00e1stico.\" srcset=\"https:\/\/soymigrante.com\/revista\/wp-content\/uploads\/2024\/11\/Marina-Chen-y-su-emprendimiento-de-granola-saludable-5-1024x768.jpeg 1024w, https:\/\/soymigrante.com\/revista\/wp-content\/uploads\/2024\/11\/Marina-Chen-y-su-emprendimiento-de-granola-saludable-5-300x225.webp 300w, https:\/\/soymigrante.com\/revista\/wp-content\/uploads\/2024\/11\/Marina-Chen-y-su-emprendimiento-de-granola-saludable-5-768x576.jpeg 768w, https:\/\/soymigrante.com\/revista\/wp-content\/uploads\/2024\/11\/Marina-Chen-y-su-emprendimiento-de-granola-saludable-5-1536x1152.jpeg 1536w, https:\/\/soymigrante.com\/revista\/wp-content\/uploads\/2024\/11\/Marina-Chen-y-su-emprendimiento-de-granola-saludable-5-750x563.webp 750w, https:\/\/soymigrante.com\/revista\/wp-content\/uploads\/2024\/11\/Marina-Chen-y-su-emprendimiento-de-granola-saludable-5-1140x855.jpeg 1140w, https:\/\/soymigrante.com\/revista\/wp-content\/uploads\/2024\/11\/Marina-Chen-y-su-emprendimiento-de-granola-saludable-5.webp 1600w\" sizes=\"(max-width: 768px) 100vw, 768px\" title=\"Marina Chen y su emprendimiento de granola saludable 5 \u2013 SoyMigrante.com REVISTA\" \/>\t\t\t\t\t\t\t\t\t\t\t\t\t\t\t<\/div>\n\t\t\t\t\t<\/div>\n\t\t\t\t<\/div>\n\t\t<div data-particle_enable=\"false\" data-particle-mobile-disabled=\"false\" class=\"elementor-element elementor-element-4889f32 e-flex e-con-boxed e-con e-parent\" data-id=\"4889f32\" data-element_type=\"container\" data-e-type=\"container\">\n\t\t\t\t\t<div class=\"e-con-inner\">\n\t\t\t\t<div class=\"elementor-element elementor-element-21f81da elementor-widget elementor-widget-heading\" data-id=\"21f81da\" data-element_type=\"widget\" data-e-type=\"widget\" data-widget_type=\"heading.default\">\n\t\t\t\t\t<h3 class=\"elementor-heading-title elementor-size-default\">No fue f\u00e1cil empezar pero ahora va al futuro<\/h3>\t\t\t\t<\/div>\n\t\t\t\t\t<\/div>\n\t\t\t\t<\/div>\n\t\t<div data-particle_enable=\"false\" data-particle-mobile-disabled=\"false\" class=\"elementor-element elementor-element-50ec307 e-flex e-con-boxed e-con e-parent\" data-id=\"50ec307\" data-element_type=\"container\" data-e-type=\"container\">\n\t\t\t\t\t<div class=\"e-con-inner\">\n\t\t\t\t<div class=\"elementor-element elementor-element-a85e8db elementor-widget elementor-widget-text-editor\" data-id=\"a85e8db\" data-element_type=\"widget\" data-e-type=\"widget\" data-widget_type=\"text-editor.default\">\n\t\t\t\t\t\t\t\t\t<p>&#8220;Hoy, mi emprendimiento sigue creciendo y yo sigo so\u00f1ando en grande. Mis productos ya no solo est\u00e1n en la cocina de mi casa, sino en muchas otras, en Guatemala y espero que pronto en Estados Unidos&#8221;, expresa Marina.<\/p><p>&#8220;Pienso en nuevas recetas y en la posibilidad de expandir a\u00fan m\u00e1s mi oferta, siempre manteniendo el compromiso con la salud y el bienestar de las personas.\u00a0<span style=\"color: var( --e-global-color-text ); text-align: var(--text-align);\">Empezar este negocio no fue f\u00e1cil, y no ha sido un camino sin retos, pero cada logro, cada comentario positivo y cada cliente satisfecho me llenan de gratitud y me animan a continuar&#8221;.<\/span><\/p>\t\t\t\t\t\t\t\t<\/div>\n\t\t\t\t\t<\/div>\n\t\t\t\t<\/div>\n\t\t<div data-particle_enable=\"false\" data-particle-mobile-disabled=\"false\" class=\"elementor-element elementor-element-bc8988e e-flex e-con-boxed e-con e-parent\" data-id=\"bc8988e\" data-element_type=\"container\" data-e-type=\"container\">\n\t\t\t\t\t<div class=\"e-con-inner\">\n\t\t\t\t<div class=\"elementor-element elementor-element-d8594fa elementor-widget elementor-widget-html\" data-id=\"d8594fa\" data-element_type=\"widget\" data-e-type=\"widget\" data-widget_type=\"html.default\">\n\t\t\t\t\t<blockquote class=\"tiktok-embed\" cite=\"https:\/\/www.tiktok.com\/@marinachensam\/video\/7444590350552829240\" data-video-id=\"7444590350552829240\" style=\"max-width: 605px;min-width: 325px;\" > <section> <a target=\"_blank\" title=\"@marinachensam\" href=\"https:\/\/www.tiktok.com\/@marinachensam?refer=embed\">@marinachensam<\/a> \ud83c\udf89 \u00a1Logramos nuestro primer env\u00edo siendo parte de una incre\u00edble plataforma de emprendedores guatemaltecos @SoyMigrante.com  ! \ud83c\uddec\ud83c\uddf9\ud83d\udca5 Cada paquete de Granola Keto del Comal lleva no solo sabor, sino historia, esfuerzo y pasi\u00f3n. \ud83d\udc9a  \u00a1Apoya lo nuestro, porque juntos llevamos a Guatemala m\u00e1s lejos! \ud83d\ude80\u2728 <a title=\"granoladelcomal\" target=\"_blank\" href=\"https:\/\/www.tiktok.com\/tag\/granoladelcomal?refer=embed\">#GranolaDelComal<\/a> <a title=\"granolaketo\" target=\"_blank\" href=\"https:\/\/www.tiktok.com\/tag\/granolaketo?refer=embed\">#GranolaKeto<\/a> <a title=\"ketoguatemala\" target=\"_blank\" href=\"https:\/\/www.tiktok.com\/tag\/ketoguatemala?refer=embed\">#ketoguatemala<\/a>  <a title=\"hechoenguate\" target=\"_blank\" href=\"https:\/\/www.tiktok.com\/tag\/hechoenguate?refer=embed\">#hechoenguate<\/a>  <a title=\"apoyalolocal\" target=\"_blank\" href=\"https:\/\/www.tiktok.com\/tag\/apoyalolocal?refer=embed\">#apoyalolocal<\/a> <a target=\"_blank\" title=\"\u266c Feliz Navidad - Instrumental - Lullaby Players\" href=\"https:\/\/www.tiktok.com\/music\/Feliz-Navidad-Instrumental-6784522596546250754?refer=embed\">\u266c Feliz Navidad - Instrumental - Lullaby Players<\/a> <\/section> <\/blockquote> <script async src=\"https:\/\/www.tiktok.com\/embed.js\"><\/script>\t\t\t\t<\/div>\n\t\t\t\t\t<\/div>\n\t\t\t\t<\/div>\n\t\t<div data-particle_enable=\"false\" data-particle-mobile-disabled=\"false\" class=\"elementor-element elementor-element-b1a4aca e-flex e-con-boxed e-con e-parent\" data-id=\"b1a4aca\" data-element_type=\"container\" data-e-type=\"container\">\n\t\t\t\t\t<div class=\"e-con-inner\">\n\t\t\t\t<div class=\"elementor-element elementor-element-ee401d5 elementor-align-center elementor-widget elementor-widget-global elementor-global-14402 elementor-widget-button\" data-id=\"ee401d5\" data-element_type=\"widget\" data-e-type=\"widget\" data-widget_type=\"button.default\">\n\t\t\t\t\t\t\t\t\t\t<a class=\"elementor-button elementor-button-link elementor-size-sm\" href=\"https:\/\/soymigrante.com\/mercado\/marketplace\/seller\/register\">\n\t\t\t\t\t\t<span class=\"elementor-button-content-wrapper\">\n\t\t\t\t\t\t<span class=\"elementor-button-icon\">\n\t\t\t\t<i aria-hidden=\"true\" class=\"fas fa-cart-arrow-down\"><\/i>\t\t\t<\/span>\n\t\t\t\t\t\t\t\t\t<span class=\"elementor-button-text\">\u00bfERES EMPRENDEDOR Y QUIERES ENTRAR AL COMERCIO DIGITAL? NO ESPERES M\u00c1S Y  ABRE TU TIENDA DIGITAL  EN SOYMIGRANTE.COM\/MERCADO <\/span>\n\t\t\t\t\t<\/span>\n\t\t\t\t\t<\/a>\n\t\t\t\t\t\t\t\t<\/div>\n\t\t\t\t\t<\/div>\n\t\t\t\t<\/div>\n\t\t<div data-particle_enable=\"false\" data-particle-mobile-disabled=\"false\" class=\"elementor-element elementor-element-1a78b53 e-flex e-con-boxed e-con e-parent\" data-id=\"1a78b53\" data-element_type=\"container\" data-e-type=\"container\">\n\t\t\t\t\t<div class=\"e-con-inner\">\n\t\t\t\t<div class=\"elementor-element elementor-element-11d8f88 elementor-widget elementor-widget-heading\" data-id=\"11d8f88\" data-element_type=\"widget\" data-e-type=\"widget\" data-widget_type=\"heading.default\">\n\t\t\t\t\t<h2 class=\"elementor-heading-title elementor-size-default\">Ingenio guatemalteco en SoyMigrante MERCADO<\/h2>\t\t\t\t<\/div>\n\t\t\t\t\t<\/div>\n\t\t\t\t<\/div>\n\t\t<div data-particle_enable=\"false\" data-particle-mobile-disabled=\"false\" class=\"elementor-element elementor-element-82939b1 e-flex e-con-boxed e-con e-parent\" data-id=\"82939b1\" data-element_type=\"container\" data-e-type=\"container\">\n\t\t\t\t\t<div class=\"e-con-inner\">\n\t\t\t\t<div class=\"elementor-element elementor-element-9c92621 elementor-widget elementor-widget-blfe-post-grid\" data-id=\"9c92621\" data-element_type=\"widget\" data-e-type=\"widget\" data-settings=\"{&quot;columns&quot;:&quot;3&quot;,&quot;columns_tablet&quot;:&quot;6&quot;,&quot;columns_mobile&quot;:&quot;12&quot;,&quot;hero1_layout_column_gap&quot;:{&quot;unit&quot;:&quot;px&quot;,&quot;size&quot;:30,&quot;sizes&quot;:[]},&quot;hero1_layout_column_gap_tablet&quot;:{&quot;unit&quot;:&quot;px&quot;,&quot;size&quot;:&quot;&quot;,&quot;sizes&quot;:[]},&quot;hero1_layout_column_gap_mobile&quot;:{&quot;unit&quot;:&quot;px&quot;,&quot;size&quot;:&quot;&quot;,&quot;sizes&quot;:[]},&quot;hero1_layout_row_gap&quot;:{&quot;unit&quot;:&quot;px&quot;,&quot;size&quot;:30,&quot;sizes&quot;:[]},&quot;hero1_layout_row_gap_tablet&quot;:{&quot;unit&quot;:&quot;px&quot;,&quot;size&quot;:&quot;&quot;,&quot;sizes&quot;:[]},&quot;hero1_layout_row_gap_mobile&quot;:{&quot;unit&quot;:&quot;px&quot;,&quot;size&quot;:&quot;&quot;,&quot;sizes&quot;:[]}}\" data-widget_type=\"blfe-post-grid.hero1\">\n\t\t\t\t<div class=\"elementor-widget-container\">\n\t\t\t\t\t\n                        <div class=\"blfe-post-grid-container \">\n            \n                <div data-skin=\"hero1\" class=\"blfe-row blfe-posts-inner blfe-hero1 blfe-posts-inner blfe-col-3 blfe-col-tab-6 blfe-col-mob-12     \">\n                            <div class=\"blfe-post-grid-item\">\n            <div class=\"blfe-post-grid-item-inner blfe-modern-zoom\">\n                        <div class=\"blfe-post-grid-bg-image\">\n            <a class=\"blfe-post-grid-image-inner\" href=\"https:\/\/soymigrante.com\/revista\/cooperativa-yax-transforma-una-planta-recicladora-en-huehuetenango-que-crea-y-genera-empleo\/\" title=\"Yax Transforma recolecta pl\u00e1stico y lo convierte en tablas, mesas, postes y&#8230; empleos\" rel=\"nofollow\" target=\"_blank\"><img decoding=\"async\" src=\"https:\/\/soymigrante.com\/revista\/wp-content\/uploads\/2024\/10\/yax-transforma.webp\" alt=\"Yax Transforma recolecta pl\u00e1stico y lo convierte en tablas, mesas, postes y&#8230; empleos\"\/><\/a>        <\/div>\n                        <div class=\"blfe-post-grid-details\">\n                    <div class=\"blfe-post-grid-details-inner\">\n                        <span class=\"blfe-post-category\"><a href=\"https:\/\/soymigrante.com\/revista\/category\/guate-nuestra\/\">Guate Nuestra<\/a><\/span>                        <h3 class=\"blfe-post-grid-title\">\n            <a href=\"https:\/\/soymigrante.com\/revista\/cooperativa-yax-transforma-una-planta-recicladora-en-huehuetenango-que-crea-y-genera-empleo\/\" title=\"Yax Transforma recolecta pl\u00e1stico y lo convierte en tablas, mesas, postes y&#8230; empleos\" rel=\"nofollow\" target=\"_blank\">Yax Transforma recolecta pl\u00e1stico y lo convierte en tablas, mesas, postes y&#8230; empleos<\/a>\n            <\/h3>                                                            <div class=\"blfe-post-grid-meta\">\n                <span class=\"blfe-post-grid-time\"><i class=\"fas fa-book-reader\"><\/i>7 Min read<\/span>            <\/div>\n                                                        <\/div>\n                <\/div>\n\n            <\/div>\n        <\/div>\n                <div class=\"blfe-post-grid-item\">\n            <div class=\"blfe-post-grid-item-inner blfe-modern-zoom\">\n                        <div class=\"blfe-post-grid-bg-image\">\n            <a class=\"blfe-post-grid-image-inner\" href=\"https:\/\/soymigrante.com\/revista\/escritor-manuel-orantes-alvarez-confecciona-relatos-que-invitan-al-cambio\/\" title=\"Escritor Manuel Orantes-\u00c1lvarez crea relatos que invitan a la transformaci\u00f3n personal\" rel=\"nofollow\" target=\"_blank\"><img decoding=\"async\" src=\"https:\/\/soymigrante.com\/revista\/wp-content\/uploads\/2024\/10\/manuel-orantes-guatemalteco-escritor-migrante-3.webp\" alt=\"Escritor Manuel Orantes-\u00c1lvarez crea relatos que invitan a la transformaci\u00f3n personal\"\/><\/a>        <\/div>\n                        <div class=\"blfe-post-grid-details\">\n                    <div class=\"blfe-post-grid-details-inner\">\n                        <span class=\"blfe-post-category\"><a href=\"https:\/\/soymigrante.com\/revista\/category\/guate-nuestra\/\">Guate Nuestra<\/a><\/span>                        <h3 class=\"blfe-post-grid-title\">\n            <a href=\"https:\/\/soymigrante.com\/revista\/escritor-manuel-orantes-alvarez-confecciona-relatos-que-invitan-al-cambio\/\" title=\"Escritor Manuel Orantes-\u00c1lvarez crea relatos que invitan a la transformaci\u00f3n personal\" rel=\"nofollow\" target=\"_blank\">Escritor Manuel Orantes-\u00c1lvarez crea relatos que invitan a la transformaci\u00f3n personal<\/a>\n            <\/h3>                                                            <div class=\"blfe-post-grid-meta\">\n                <span class=\"blfe-post-grid-time\"><i class=\"fas fa-book-reader\"><\/i>6 Min read<\/span>            <\/div>\n                                                        <\/div>\n                <\/div>\n\n            <\/div>\n        <\/div>\n                <div class=\"blfe-post-grid-item\">\n            <div class=\"blfe-post-grid-item-inner blfe-modern-zoom\">\n                        <div class=\"blfe-post-grid-bg-image\">\n            <a class=\"blfe-post-grid-image-inner\" href=\"https:\/\/soymigrante.com\/revista\/tejido-con-el-mismo-carino-de-la-abuelita-el-emprendimiento-crochet-con-amor\/\" title=\"Tejido con el mismo cari\u00f1o de la abuelita: el emprendimiento Crochet con Amor\" rel=\"nofollow\" target=\"_blank\"><img decoding=\"async\" src=\"https:\/\/soymigrante.com\/revista\/wp-content\/uploads\/2024\/10\/crochet-con-amor-2.webp\" alt=\"Tejido con el mismo cari\u00f1o de la abuelita: el emprendimiento Crochet con Amor\"\/><\/a>        <\/div>\n                        <div class=\"blfe-post-grid-details\">\n                    <div class=\"blfe-post-grid-details-inner\">\n                        <span class=\"blfe-post-category\"><a href=\"https:\/\/soymigrante.com\/revista\/category\/guate-nuestra\/\">Guate Nuestra<\/a><\/span>                        <h3 class=\"blfe-post-grid-title\">\n            <a href=\"https:\/\/soymigrante.com\/revista\/tejido-con-el-mismo-carino-de-la-abuelita-el-emprendimiento-crochet-con-amor\/\" title=\"Tejido con el mismo cari\u00f1o de la abuelita: el emprendimiento Crochet con Amor\" rel=\"nofollow\" target=\"_blank\">Tejido con el mismo cari\u00f1o de la abuelita: el emprendimiento Crochet con Amor<\/a>\n            <\/h3>                                                            <div class=\"blfe-post-grid-meta\">\n                <span class=\"blfe-post-grid-time\"><i class=\"fas fa-book-reader\"><\/i>5 Min read<\/span>            <\/div>\n                                                        <\/div>\n                <\/div>\n\n            <\/div>\n        <\/div>\n                        <\/div>\n\n                        <\/div>\n            \n                        <div class=\"blfe-post-footer\">\n                        <\/div>\n            \t\t\t\t<\/div>\n\t\t\t\t<\/div>\n\t\t\t\t\t<\/div>\n\t\t\t\t<\/div>\n\t\t\t\t<\/div>\n\t\t","protected":false},"excerpt":{"rendered":"<p>El cuidado de tener una sana nutrici\u00f3n durante su primer embarazo impuls\u00f3 a Marina Chen a buscar una dieta natural. Esto la llev\u00f3 a elaborar su propia receta artesanal de granola, que ahora distribuye bajo su marca Del Comal, disponible ahora a trav\u00e9s de SoyMigrante.com MERCADO &#8220;Soy Gloria Marina Chen creadora de mi propia marca [&hellip;]<\/p>\n","protected":false},"author":19,"featured_media":12758,"comment_status":"open","ping_status":"open","sticky":false,"template":"","format":"standard","meta":{"_acf_changed":false,"_eb_attr":"","footnotes":""},"categories":[58],"tags":[130],"class_list":["post-12756","post","type-post","status-publish","format-standard","has-post-thumbnail","hentry","category-guate-nuestra","tag-mercado-emprendedores"],"acf":[],"aioseo_notices":[],"aioseo_head":"\n\t\t<!-- All in One SEO Pro 4.9.6.2 - aioseo.com -->\n\t<meta name=\"description\" content=\"La emprendedora Claudia Garc\u00eda aprendi\u00f3 de ni\u00f1a a tejer con su abuelita Elizabeth. Aquella habilidad es hoy el hilo de un arte a la venta en SoyMigrante MERCADO\" \/>\n\t<meta name=\"robots\" content=\"max-snippet:-1, max-image-preview:large, max-video-preview:-1\" \/>\n\t<meta name=\"author\" content=\"Gustavo Montenegro\"\/>\n\t<link rel=\"canonical\" href=\"https:\/\/soymigrante.com\/revista\/tejido-con-el-mismo-carino-de-la-abuelita-el-emprendimiento-crochet-con-amor\/\" \/>\n\t<meta name=\"generator\" content=\"All in One SEO Pro (AIOSEO) 4.9.6.2\" \/>\n\n\t\t<link rel=\"preconnect\" href=\"https:\/\/fonts.googleapis.com\" crossorigin>\n<link rel=\"preconnect\" href=\"https:\/\/fonts.gstatic.com\" crossorigin>\n\t\t<meta property=\"og:locale\" content=\"es_ES\" \/>\n\t\t<meta property=\"og:site_name\" content=\"SoyMigrante.com REVISTA \u2013 Nuestra misi\u00f3n es reconocer y dignificar al migrante.\" \/>\n\t\t<meta property=\"og:type\" content=\"article\" \/>\n\t\t<meta property=\"og:title\" content=\"Tejido con cari\u00f1o de la abuelita: Crochet con Amor\" \/>\n\t\t<meta property=\"og:description\" content=\"La emprendedora Claudia Garc\u00eda aprendi\u00f3 de ni\u00f1a a tejer con su abuelita Elizabeth. Aquella habilidad es hoy el hilo de un arte a la venta en SoyMigrante MERCADO\" \/>\n\t\t<meta property=\"og:url\" content=\"https:\/\/soymigrante.com\/revista\/tejido-con-el-mismo-carino-de-la-abuelita-el-emprendimiento-crochet-con-amor\/\" \/>\n\t\t<meta property=\"og:image\" content=\"https:\/\/soymigrante.com\/revista\/wp-content\/uploads\/2024\/10\/crochet-con-amor-2.webp\" \/>\n\t\t<meta property=\"og:image:secure_url\" content=\"https:\/\/soymigrante.com\/revista\/wp-content\/uploads\/2024\/10\/crochet-con-amor-2.webp\" \/>\n\t\t<meta property=\"og:image:width\" content=\"670\" \/>\n\t\t<meta property=\"og:image:height\" content=\"661\" \/>\n\t\t<meta property=\"article:published_time\" content=\"2024-10-25T18:53:11+00:00\" \/>\n\t\t<meta property=\"article:modified_time\" content=\"2025-07-21T17:43:40+00:00\" \/>\n\t\t<meta property=\"article:publisher\" content=\"https:\/\/www.facebook.com\/soymigrantecom\" \/>\n\t\t<meta name=\"twitter:card\" content=\"summary_large_image\" \/>\n\t\t<meta name=\"twitter:site\" content=\"@SoyMigrante_com\" \/>\n\t\t<meta name=\"twitter:title\" content=\"Tejido con cari\u00f1o de la abuelita: Crochet con Amor\" \/>\n\t\t<meta name=\"twitter:description\" content=\"La emprendedora Claudia Garc\u00eda aprendi\u00f3 de ni\u00f1a a tejer con su abuelita Elizabeth. Aquella habilidad es hoy el hilo de un arte a la venta en SoyMigrante MERCADO\" \/>\n\t\t<meta name=\"twitter:creator\" content=\"@SoyMigrante_com\" \/>\n\t\t<meta name=\"twitter:image\" content=\"https:\/\/soymigrante.com\/revista\/wp-content\/uploads\/2024\/10\/crochet-con-amor-2.webp\" \/>\n\t\t<!-- All in One SEO Pro -->\r\n\t\t<title>Tejido con cari\u00f1o de la abuelita: Crochet con Amor<\/title>\n\n","aioseo_head_json":{"title":"Tejido con cari\u00f1o de la abuelita: Crochet con Amor","description":"La emprendedora Claudia Garc\u00eda aprendi\u00f3 de ni\u00f1a a tejer con su abuelita Elizabeth. Aquella habilidad es hoy el hilo de un arte a la venta en SoyMigrante MERCADO","canonical_url":"https:\/\/soymigrante.com\/revista\/tejido-con-el-mismo-carino-de-la-abuelita-el-emprendimiento-crochet-con-amor\/","robots":"max-snippet:-1, max-image-preview:large, max-video-preview:-1","keywords":"","webmasterTools":{"miscellaneous":"&lt;link rel=\"preconnect\" href=\"https:\/\/fonts.googleapis.com\" crossorigin&gt;\n&lt;link rel=\"preconnect\" href=\"https:\/\/fonts.gstatic.com\" crossorigin&gt;"},"schema":null,"og:locale":"es_ES","og:site_name":"SoyMigrante.com REVISTA \u2013 Nuestra misi\u00f3n es reconocer y dignificar al migrante.","og:type":"article","og:title":"Tejido con cari\u00f1o de la abuelita: Crochet con Amor","og:description":"La emprendedora Claudia Garc\u00eda aprendi\u00f3 de ni\u00f1a a tejer con su abuelita Elizabeth. Aquella habilidad es hoy el hilo de un arte a la venta en SoyMigrante MERCADO","og:url":"https:\/\/soymigrante.com\/revista\/tejido-con-el-mismo-carino-de-la-abuelita-el-emprendimiento-crochet-con-amor\/","og:image":"https:\/\/soymigrante.com\/revista\/wp-content\/uploads\/2024\/10\/crochet-con-amor-2.webp","og:image:secure_url":"https:\/\/soymigrante.com\/revista\/wp-content\/uploads\/2024\/10\/crochet-con-amor-2.webp","og:image:width":670,"og:image:height":661,"article:published_time":"2024-10-25T18:53:11+00:00","article:modified_time":"2025-07-21T17:43:40+00:00","article:publisher":"https:\/\/www.facebook.com\/soymigrantecom","twitter:card":"summary_large_image","twitter:site":"@SoyMigrante_com","twitter:title":"Tejido con cari\u00f1o de la abuelita: Crochet con Amor","twitter:description":"La emprendedora Claudia Garc\u00eda aprendi\u00f3 de ni\u00f1a a tejer con su abuelita Elizabeth. Aquella habilidad es hoy el hilo de un arte a la venta en SoyMigrante MERCADO","twitter:creator":"@SoyMigrante_com","twitter:image":"https:\/\/soymigrante.com\/revista\/wp-content\/uploads\/2024\/10\/crochet-con-amor-2.webp"},"aioseo_meta_data":{"post_id":"12756","title":null,"description":"Buscando una opci\u00f3n saludable de alimentaci\u00f3n durante el embarazo Marina Chen cre\u00f3 su propia y natural receta de granola artesanal. As\u00ed surgi\u00f3 su emprendimiento","keywords":null,"keyphrases":{"focus":{"keyphrase":"Emprendedora","score":46,"analysis":{"keyphraseInTitle":{"score":3,"maxScore":9,"error":1},"keyphraseInDescription":{"score":3,"maxScore":9,"error":1},"keyphraseLength":{"score":9,"maxScore":9,"error":0,"length":1},"keyphraseInURL":{"score":1,"maxScore":5,"error":1},"keyphraseInIntroduction":{"score":9,"maxScore":9,"error":0},"keyphraseInSubHeadings":{"score":3,"maxScore":9,"error":1},"keyphraseInImageAlt":{"score":3,"maxScore":9,"error":1},"keywordDensity":{"score":0,"type":"low","maxScore":9,"error":1}}},"additional":[{"keyphrase":"emprendedora","score":53,"analysis":{"keyphraseInDescription":{"score":3,"maxScore":9,"error":1},"keyphraseLength":{"score":9,"maxScore":9,"error":0,"length":1},"keyphraseInIntroduction":{"score":9,"maxScore":9,"error":0},"keyphraseInImageAlt":{"score":3,"maxScore":9,"error":1},"keywordDensity":{"score":0,"type":"low","maxScore":9,"error":1}}},{"keyphrase":"granola","score":100,"analysis":{"keyphraseInDescription":{"score":9,"maxScore":9,"error":0},"keyphraseLength":{"score":9,"maxScore":9,"error":0,"length":1},"keyphraseInIntroduction":{"score":9,"maxScore":9,"error":0},"keyphraseInImageAlt":{"score":9,"maxScore":9,"error":0},"keywordDensity":{"type":"best","score":9,"maxScore":9,"error":0}}},{"keyphrase":"SoyMigrante.com MERCADO","score":53,"analysis":{"keyphraseInDescription":{"score":3,"maxScore":9,"error":1},"keyphraseLength":{"score":9,"maxScore":9,"error":0,"length":2},"keyphraseInIntroduction":{"score":3,"maxScore":9,"error":1},"keyphraseInImageAlt":{"score":9,"maxScore":9,"error":0},"keywordDensity":{"score":0,"type":"low","maxScore":9,"error":1}}}]},"primary_term":null,"canonical_url":null,"og_title":null,"og_description":null,"og_object_type":"default","og_image_type":"default","og_image_url":null,"og_image_width":null,"og_image_height":null,"og_image_custom_url":null,"og_image_custom_fields":null,"og_video":"","og_custom_url":null,"og_article_section":null,"og_article_tags":null,"twitter_use_og":false,"twitter_card":"default","twitter_image_type":"default","twitter_image_url":null,"twitter_image_custom_url":null,"twitter_image_custom_fields":null,"twitter_title":null,"twitter_description":null,"schema":{"blockGraphs":[],"customGraphs":[],"default":{"data":{"Article":[],"Course":[],"Dataset":[],"FAQPage":[],"Movie":[],"Person":[],"Product":[],"ProductReview":[],"Car":[],"Recipe":[],"Service":[],"SoftwareApplication":[],"WebPage":[]},"graphName":"Article","isEnabled":true},"graphs":[]},"schema_type":"default","schema_type_options":null,"pillar_content":false,"robots_default":true,"robots_noindex":false,"robots_noarchive":false,"robots_nosnippet":false,"robots_nofollow":false,"robots_noimageindex":false,"robots_noodp":false,"robots_notranslate":false,"robots_max_snippet":"-1","robots_max_videopreview":"-1","robots_max_imagepreview":"large","priority":null,"frequency":"default","local_seo":null,"seo_analyzer_scan_date":"2025-10-09 00:09:45","breadcrumb_settings":null,"limit_modified_date":false,"reviewed_by":null,"open_ai":"{\"title\":{\"suggestions\":[],\"usage\":0},\"description\":{\"suggestions\":[],\"usage\":0}}","ai":null,"created":"2024-11-08 19:39:49","updated":"2026-02-04 16:27:15"},"aioseo_breadcrumb":"<div class=\"aioseo-breadcrumbs\"><span class=\"aioseo-breadcrumb\">\n\t<a href=\"https:\/\/soymigrante.com\/revista\" title=\"Home\">Home<\/a>\n<\/span><span class=\"aioseo-breadcrumb-separator\">\u00bb<\/span><span class=\"aioseo-breadcrumb\">\n\t<a href=\"https:\/\/soymigrante.com\/revista\/category\/guate-nuestra\/\" title=\"Guate Nuestra\">Guate Nuestra<\/a>\n<\/span><span class=\"aioseo-breadcrumb-separator\">\u00bb<\/span><span class=\"aioseo-breadcrumb\">\n\tGranola Del Comal naci\u00f3 del amor de Marina Chen al esperar a su beb\u00e9\n<\/span><\/div>","aioseo_breadcrumb_json":[{"label":"Home","link":"https:\/\/soymigrante.com\/revista"},{"label":"Guate Nuestra","link":"https:\/\/soymigrante.com\/revista\/category\/guate-nuestra\/"},{"label":"Granola Del Comal naci\u00f3 del amor de Marina Chen al esperar a su beb\u00e9","link":"https:\/\/soymigrante.com\/revista\/granola-del-comal-nacio-del-amor-de-marina-chen-al-esperar-a-su-bebe\/"}],"_links":{"self":[{"href":"https:\/\/soymigrante.com\/revista\/wp-json\/wp\/v2\/posts\/12756","targetHints":{"allow":["GET"]}}],"collection":[{"href":"https:\/\/soymigrante.com\/revista\/wp-json\/wp\/v2\/posts"}],"about":[{"href":"https:\/\/soymigrante.com\/revista\/wp-json\/wp\/v2\/types\/post"}],"author":[{"embeddable":true,"href":"https:\/\/soymigrante.com\/revista\/wp-json\/wp\/v2\/users\/19"}],"replies":[{"embeddable":true,"href":"https:\/\/soymigrante.com\/revista\/wp-json\/wp\/v2\/comments?post=12756"}],"version-history":[{"count":12,"href":"https:\/\/soymigrante.com\/revista\/wp-json\/wp\/v2\/posts\/12756\/revisions"}],"predecessor-version":[{"id":40510,"href":"https:\/\/soymigrante.com\/revista\/wp-json\/wp\/v2\/posts\/12756\/revisions\/40510"}],"wp:featuredmedia":[{"embeddable":true,"href":"https:\/\/soymigrante.com\/revista\/wp-json\/wp\/v2\/media\/12758"}],"wp:attachment":[{"href":"https:\/\/soymigrante.com\/revista\/wp-json\/wp\/v2\/media?parent=12756"}],"wp:term":[{"taxonomy":"category","embeddable":true,"href":"https:\/\/soymigrante.com\/revista\/wp-json\/wp\/v2\/categories?post=12756"},{"taxonomy":"post_tag","embeddable":true,"href":"https:\/\/soymigrante.com\/revista\/wp-json\/wp\/v2\/tags?post=12756"}],"curies":[{"name":"wp","href":"https:\/\/api.w.org\/{rel}","templated":true}]}}