{"id":12689,"date":"2024-11-08T10:25:50","date_gmt":"2024-11-08T16:25:50","guid":{"rendered":"https:\/\/soymigrante.com\/revista\/?p=12689"},"modified":"2024-11-08T11:54:48","modified_gmt":"2024-11-08T17:54:48","slug":"encuentro-con-primer-grupo-de-emprendedores-de-soymigrante-com-mercado","status":"publish","type":"post","link":"https:\/\/soymigrante.com\/revista\/encuentro-con-primer-grupo-de-emprendedores-de-soymigrante-com-mercado\/","title":{"rendered":"Encuentro con primer grupo de emprendedores de  SoyMigrante.com MERCADO"},"content":{"rendered":"\t\t<div data-elementor-type=\"wp-post\" data-elementor-id=\"12689\" class=\"elementor elementor-12689\" data-elementor-post-type=\"post\">\n\t\t\t\t<div data-particle_enable=\"false\" data-particle-mobile-disabled=\"false\" class=\"elementor-element elementor-element-b9c7af9 e-flex e-con-boxed e-con e-parent\" data-id=\"b9c7af9\" data-element_type=\"container\" data-e-type=\"container\">\n\t\t\t\t\t<div class=\"e-con-inner\">\n\t\t\t\t<div class=\"elementor-element elementor-element-e074d56 elementor-widget elementor-widget-heading\" data-id=\"e074d56\" data-element_type=\"widget\" data-e-type=\"widget\" data-widget_type=\"heading.default\">\n\t\t\t\t\t<h2 class=\"elementor-heading-title elementor-size-default\"><a href=\"https:\/\/soymigrante.com\/mercado\/\">A trav\u00e9s de un encuentro virtual, nuestro CEO Marcos Antil dio la bienvenida a los emprendedores  que ya abrieron sus tiendas digitales en  SoyMigrante MERCADO,  la innovadora  comunidad digital que pone en contacto a compradores y vendedores de art\u00edculos hechos a mano para impulsar el desarrollo.<\/a><\/h2>\t\t\t\t<\/div>\n\t\t\t\t\t<\/div>\n\t\t\t\t<\/div>\n\t\t<div data-particle_enable=\"false\" data-particle-mobile-disabled=\"false\" class=\"elementor-element elementor-element-f42bf6e e-flex e-con-boxed e-con e-parent\" data-id=\"f42bf6e\" data-element_type=\"container\" data-e-type=\"container\">\n\t\t\t\t\t<div class=\"e-con-inner\">\n\t\t\t\t<div class=\"elementor-element elementor-element-8adb1e3 elementor-widget elementor-widget-text-editor\" data-id=\"8adb1e3\" data-element_type=\"widget\" data-e-type=\"widget\" data-widget_type=\"text-editor.default\">\n\t\t\t\t\t\t\t\t\t<p>&#8220;<a href=\"https:\/\/www.soymigrante.com\/mercado\/\">SoyMigrante MERCADO<\/a> no tiene bodegas, pero tampoco fronteras. Cada vendedor tiene su propio inventario de productos hechos a mano, pero ahora tienen la oportunidad de no depender solo de su tienda f\u00edsica, sino de llegar a compradores de toda Guatemala e incluso, en ciertos art\u00edculos que no est\u00e1n sujetos a restricciones, a Estados Unidos. Estamos innovando a trav\u00e9s de esta herramienta&#8221;, dijo el emprendedor tecnol\u00f3gico <a href=\"https:\/\/marcosantil.com\/\">Marcos Antil<\/a> al grupo inicial de emprendedores que tienen abiertas sus tiendas en esta innovadora comunidad de comercio digital.<\/p><p><span style=\"color: var( --e-global-color-text ); text-align: var(--text-align);\">Antil agradeci\u00f3 a los m\u00e1s de 60 participantes en este encuentro por su confianza, debido a que se registraron y empezaron a implementar sus tiendas, las cuales ya est\u00e1n abiertas en <a href=\"https:\/\/www.soymigrante.com\/mercado\/\">SoyMigrante MERCADO<\/a> y por lo tanto son pioneros.<\/span><\/p><p>\u00a0<\/p><p>&#8220;Ahora ya se puede ver el proyecto en l\u00ednea y los emprendedores, artesanos, fabricantes de productos a mano pueen registrarse para vender. Estamos enfocados en servirles para que puedan vender sus productos sin fronteras para fomentar el desarrollo de las comunidades con una herramienta tecnol\u00f3gica de vanguardia&#8221;, agreg\u00f3 el emprendedor tecnol\u00f3gico maya q&#8217;anjob&#8217;al.\u00a0<\/p>\t\t\t\t\t\t\t\t<\/div>\n\t\t\t\t\t<\/div>\n\t\t\t\t<\/div>\n\t\t<div data-particle_enable=\"false\" data-particle-mobile-disabled=\"false\" class=\"elementor-element elementor-element-c6a47f2 e-flex e-con-boxed e-con e-parent\" data-id=\"c6a47f2\" data-element_type=\"container\" data-e-type=\"container\">\n\t\t\t\t\t<div class=\"e-con-inner\">\n\t\t\t\t<div class=\"elementor-element elementor-element-433d43a elementor-widget elementor-widget-image\" data-id=\"433d43a\" data-element_type=\"widget\" data-e-type=\"widget\" data-widget_type=\"image.default\">\n\t\t\t\t\t\t\t\t\t\t\t\t<figure class=\"wp-caption\">\n\t\t\t\t\t\t\t\t\t\t\t<a href=\"https:\/\/soymigrante.com\/mercado\/\">\n\t\t\t\t\t\t\t<img fetchpriority=\"high\" decoding=\"async\" width=\"768\" height=\"363\" src=\"https:\/\/soymigrante.com\/revista\/wp-content\/uploads\/2024\/11\/Captura-de-pantalla-2024-11-08-102227-1024x484.jpg\" class=\"attachment-large size-large wp-image-12706\" alt=\"Artesan\u00edas guatemaltecas, productos hechos a mano, regalos personalizados, comercio en l\u00ednea para guatemaltecos, promoci\u00f3n de productos tradicionales y artesanales en SoyMigrante.com REVISTA.\" srcset=\"https:\/\/soymigrante.com\/revista\/wp-content\/uploads\/2024\/11\/Captura-de-pantalla-2024-11-08-102227-1024x484.jpg 1024w, https:\/\/soymigrante.com\/revista\/wp-content\/uploads\/2024\/11\/Captura-de-pantalla-2024-11-08-102227-300x142.webp 300w, https:\/\/soymigrante.com\/revista\/wp-content\/uploads\/2024\/11\/Captura-de-pantalla-2024-11-08-102227-768x363.jpg 768w, https:\/\/soymigrante.com\/revista\/wp-content\/uploads\/2024\/11\/Captura-de-pantalla-2024-11-08-102227-1536x727.jpg 1536w, https:\/\/soymigrante.com\/revista\/wp-content\/uploads\/2024\/11\/Captura-de-pantalla-2024-11-08-102227-750x355.webp 750w, https:\/\/soymigrante.com\/revista\/wp-content\/uploads\/2024\/11\/Captura-de-pantalla-2024-11-08-102227-1140x539.jpg 1140w, https:\/\/soymigrante.com\/revista\/wp-content\/uploads\/2024\/11\/Captura-de-pantalla-2024-11-08-102227.webp 1653w\" sizes=\"(max-width: 768px) 100vw, 768px\" title=\"SoyMigrante MERCADO es la comunidad digital que une a compradores con emprendedores guatemaltecos que elaboran productos a mano. Se trata de una plataforma sin fronteras para generar oportunidades. Est\u00e1 abierta a todos. \u2013 SoyMigrante.com REVISTA\" \/>\t\t\t\t\t\t\t\t<\/a>\n\t\t\t\t\t\t\t\t\t\t\t<figcaption class=\"widget-image-caption wp-caption-text\">Productos hechos a mano, artesan\u00edas, regalos \u00fanicos, tienda en l\u00ednea, productos guatemaltecos, artesan\u00eda tradicional, regalos personalizados, comercio digital en Guatemala, gu\u00eda de productos culturales.<\/figcaption>\n\t\t\t\t\t\t\t\t\t\t<\/figure>\n\t\t\t\t\t\t\t\t\t<\/div>\n\t\t\t\t\t<\/div>\n\t\t\t\t<\/div>\n\t\t<div data-particle_enable=\"false\" data-particle-mobile-disabled=\"false\" class=\"elementor-element elementor-element-3be31fe e-flex e-con-boxed e-con e-parent\" data-id=\"3be31fe\" data-element_type=\"container\" data-e-type=\"container\">\n\t\t\t\t\t<div class=\"e-con-inner\">\n\t\t\t\t<div class=\"elementor-element elementor-element-6a61053 elementor-widget elementor-widget-heading\" data-id=\"6a61053\" data-element_type=\"widget\" data-e-type=\"widget\" data-widget_type=\"heading.default\">\n\t\t\t\t\t<h3 class=\"elementor-heading-title elementor-size-default\">Un mercado lleno de posibilidades<\/h3>\t\t\t\t<\/div>\n\t\t\t\t\t<\/div>\n\t\t\t\t<\/div>\n\t\t<div data-particle_enable=\"false\" data-particle-mobile-disabled=\"false\" class=\"elementor-element elementor-element-2d1ed52 e-flex e-con-boxed e-con e-parent\" data-id=\"2d1ed52\" data-element_type=\"container\" data-e-type=\"container\">\n\t\t\t\t\t<div class=\"e-con-inner\">\n\t\t\t\t<div class=\"elementor-element elementor-element-59ad554 elementor-widget elementor-widget-text-editor\" data-id=\"59ad554\" data-element_type=\"widget\" data-e-type=\"widget\" data-widget_type=\"text-editor.default\">\n\t\t\t\t\t\t\t\t\t<p>SoyMigrante.com MERCADO est\u00e1 abierto a todo emprendedor guatemalteco.<\/p><p>&#8220;Cuando hice el recorrido de ferias de emprendimiento en 2022, por todos los departamentos de Guatemala, me d\u00ed cuenta del enorme talento de los guatemaltecos y de la inmensa variedad de productos que elaboran a mano. Pero tienen la limitaci\u00f3n de solo contar con un local f\u00edsico y depender de la llegada de turistas a sus comunidades. Por eso abrimos esta comunidad digital sin fronteras que est\u00e1 abierta 24\/7, en donde pones tu precio, puedes crear ofertas, subir todos los productos que quieras&#8221;, explic\u00f3 <a href=\"https:\/\/marcosantil.com\/\">Marcos Antil.<\/a><\/p><p>&#8220;En esas ferias del empleo pude ver la creatividad, el ingenio, la habilidad de los artesanos. Esto merece tener una oportuniadad mejor para que se venda. Y a la vez aportamos con ello a que las personas puedan vivir, estar y crecer en sus comunidades, para frenar la migraci\u00f3n&#8221;, agreg\u00f3.<\/p>\t\t\t\t\t\t\t\t<\/div>\n\t\t\t\t\t<\/div>\n\t\t\t\t<\/div>\n\t\t<div data-particle_enable=\"false\" data-particle-mobile-disabled=\"false\" class=\"elementor-element elementor-element-38c89df e-flex e-con-boxed e-con e-parent\" data-id=\"38c89df\" data-element_type=\"container\" data-e-type=\"container\">\n\t\t\t\t\t<div class=\"e-con-inner\">\n\t\t\t\t<div class=\"elementor-element elementor-element-78fa3a3 elementor-align-center elementor-widget elementor-widget-button\" data-id=\"78fa3a3\" data-element_type=\"widget\" data-e-type=\"widget\" data-widget_type=\"button.default\">\n\t\t\t\t\t\t\t\t\t\t<a class=\"elementor-button elementor-button-link elementor-size-sm\" href=\"https:\/\/soymigrante.com\/mercado\/marketplace\/seller\/register\">\n\t\t\t\t\t\t<span class=\"elementor-button-content-wrapper\">\n\t\t\t\t\t\t\t\t\t<span class=\"elementor-button-text\">\u00bfEres emprendedor guatemalteco y deseas vender tus productos en SoyMigrante.com MERCADO?  Clic aqu\u00ed para registrarte<\/span>\n\t\t\t\t\t<\/span>\n\t\t\t\t\t<\/a>\n\t\t\t\t\t\t\t\t<\/div>\n\t\t\t\t\t<\/div>\n\t\t\t\t<\/div>\n\t\t<div data-particle_enable=\"false\" data-particle-mobile-disabled=\"false\" class=\"elementor-element elementor-element-ffb2f1b e-flex e-con-boxed e-con e-parent\" data-id=\"ffb2f1b\" data-element_type=\"container\" data-e-type=\"container\">\n\t\t\t\t\t<div class=\"e-con-inner\">\n\t\t\t\t<div class=\"elementor-element elementor-element-5f1b33a elementor-grid-eael-col-1 elementor-grid-tablet-eael-col-2 elementor-grid-mobile-eael-col-1 elementor-widget elementor-widget-eael-post-grid\" data-id=\"5f1b33a\" data-element_type=\"widget\" data-e-type=\"widget\" data-settings=\"{&quot;eael_post_grid_columns&quot;:&quot;eael-col-1&quot;,&quot;eael_post_grid_columns_tablet&quot;:&quot;eael-col-2&quot;,&quot;eael_post_grid_columns_mobile&quot;:&quot;eael-col-1&quot;}\" data-widget_type=\"eael-post-grid.default\">\n\t\t\t\t\t<div id=\"eael-post-grid-5f1b33a\" class=\"eael-post-grid-container\">\n            <div class=\"eael-post-grid eael-post-appender eael-post-appender-5f1b33a eael-post-grid-style-one\" data-layout-mode=\"masonry\"><article class=\"eael-grid-post  eael-post-grid-column eael-pg-post-10038 category-editorial\" data-id=\"10038\">\n        <div class=\"eael-grid-post-holder\">\n            <div class=\"eael-grid-post-holder-inner\"><div class=\"eael-entry-media\"><div class=\"eael-entry-overlay fade-in\"><i class=\"far fa-hand-pointer\" aria-hidden=\"true\"><\/i><a href=\"https:\/\/soymigrante.com\/revista\/mercado-es-una-comunidad-digital-para-emprendedores-guatemaltecos\/\"><\/a><\/div><div class=\"eael-entry-thumbnail \">\n                <img decoding=\"async\" width=\"823\" height=\"823\" src=\"https:\/\/soymigrante.com\/revista\/wp-content\/uploads\/2024\/10\/empren.webp\" class=\"attachment-large size-large wp-image-10041\" alt=\"Colaborador mostrando su obra art\u00edstica en una exposici\u00f3n de la revista SoyMigrante.com REVISTA en Guatemala. Destaca la cultura y el talento migrante a trav\u00e9s del arte y la fotograf\u00eda.\" srcset=\"https:\/\/soymigrante.com\/revista\/wp-content\/uploads\/2024\/10\/empren.webp 823w, https:\/\/soymigrante.com\/revista\/wp-content\/uploads\/2024\/10\/empren-300x300.webp 300w, https:\/\/soymigrante.com\/revista\/wp-content\/uploads\/2024\/10\/empren-150x150.webp 150w, https:\/\/soymigrante.com\/revista\/wp-content\/uploads\/2024\/10\/empren-768x768.webp 768w, https:\/\/soymigrante.com\/revista\/wp-content\/uploads\/2024\/10\/empren-75x75.webp 75w, https:\/\/soymigrante.com\/revista\/wp-content\/uploads\/2024\/10\/empren-750x750.webp 750w\" sizes=\"(max-width: 823px) 100vw, 823px\" \/>\n            <\/div>\n        <\/div><div class=\"eael-entry-wrapper\"><header class=\"eael-entry-header\"><h2 class=\"eael-entry-title\"><a class=\"eael-grid-post-link\" href=\"https:\/\/soymigrante.com\/revista\/mercado-es-una-comunidad-digital-para-emprendedores-guatemaltecos\/\" title=\"MERCADO es una comunidad digital para emprendedores guatemaltecos\">MERCADO es una comunidad digital para emprendedores guatemaltecos<\/a><\/h2><\/header><div class=\"eael-entry-content\">\n                        <div class=\"eael-grid-post-excerpt\"><a href=\"https:\/\/soymigrante.com\/revista\/mercado-es-una-comunidad-digital-para-emprendedores-guatemaltecos\/\" class=\"eael-post-elements-readmore-btn\">CONOCE SU HISTORIA <\/a><\/div>\n                    <\/div><\/div><\/div>\n        <\/div>\n    <\/article><\/div>\n            <div class=\"clearfix\"><\/div>\n        <\/div>\t\t\t\t<\/div>\n\t\t\t\t\t<\/div>\n\t\t\t\t<\/div>\n\t\t<div data-particle_enable=\"false\" data-particle-mobile-disabled=\"false\" class=\"elementor-element elementor-element-45e2ac6 e-flex e-con-boxed e-con e-parent\" data-id=\"45e2ac6\" data-element_type=\"container\" data-e-type=\"container\">\n\t\t\t\t\t<div class=\"e-con-inner\">\n\t\t\t\t<div class=\"elementor-element elementor-element-35f9a45 elementor-widget elementor-widget-heading\" data-id=\"35f9a45\" data-element_type=\"widget\" data-e-type=\"widget\" data-widget_type=\"heading.default\">\n\t\t\t\t\t<h3 class=\"elementor-heading-title elementor-size-default\">Detr\u00e1s de cada emprendimiento hay una historia<\/h3>\t\t\t\t<\/div>\n\t\t\t\t\t<\/div>\n\t\t\t\t<\/div>\n\t\t<div data-particle_enable=\"false\" data-particle-mobile-disabled=\"false\" class=\"elementor-element elementor-element-f7ddf59 e-flex e-con-boxed e-con e-parent\" data-id=\"f7ddf59\" data-element_type=\"container\" data-e-type=\"container\">\n\t\t\t\t\t<div class=\"e-con-inner\">\n\t\t\t\t<div class=\"elementor-element elementor-element-ec99294 elementor-widget elementor-widget-text-editor\" data-id=\"ec99294\" data-element_type=\"widget\" data-e-type=\"widget\" data-widget_type=\"text-editor.default\">\n\t\t\t\t\t\t\t\t\t<p>&#8220;A trav\u00e9s de SoyMigrante.com REVISTA se han empezado a publicar las historias de&nbsp; emprendedores de mercado. Es as\u00ed como tenemos la historia de<a href=\"https:\/\/soymigrante.com\/revista\/tejido-con-el-mismo-carino-de-la-abuelita-el-emprendimiento-crochet-con-amor\/\"> Claudia Garc\u00eda, de Crochet con Amor<\/a>, que aprendi\u00f3 de su abuelita pero hoy tiene su tienda en donde crea incre\u00edbles pizas&#8221;.&nbsp;<\/p>\n<p>&#8220;Tambi\u00e9n la del escritor <a href=\"https:\/\/soymigrante.com\/revista\/escritor-manuel-orantes-alvarez-confecciona-relatos-que-invitan-al-cambio\/\">Manuel Orantes Alvarez,<\/a> los productos de reciclaje de <a href=\"https:\/\/soymigrante.com\/revista\/cooperativa-yax-transforma-una-planta-recicladora-en-huehuetenango-que-crea-y-genera-empleo\/\">Yax Transforma<\/a>, las pinturas de<a href=\"https:\/\/soymigrante.com\/revista\/galeria-de-arte-maya-xejul-de-miguel-angel-mux-ofrece-arte-maya-sin-fronteras\/\"> Miguel \u00c1ngel Mux&nbsp;<\/a> o las joyas de <a href=\"https:\/\/soymigrante.com\/revista\/emprendedora-lilia-rojas-elabora-joyas-con-creatividad-marca-livero\/\">Livero<\/a>, y muchos m\u00e1s. Cada relato es inspirador. Seguiremos contando esas historias que son las que le dan valor a cada producto hecho a mano&#8221;.<\/p><p>Finalmente <a href=\"https:\/\/marcosantil.com\/\">Marcos Antil <\/a>reiter\u00f3 la bienvenida a los m\u00e1s de 60 emprendedores que ya est\u00e1n participando e invit\u00f3 a quienes deseen entrar a formar parte de esta plaza comercial digital sin fronteras, a registrarse.<\/p>\t\t\t\t\t\t\t\t<\/div>\n\t\t\t\t\t<\/div>\n\t\t\t\t<\/div>\n\t\t<div data-particle_enable=\"false\" data-particle-mobile-disabled=\"false\" class=\"elementor-element elementor-element-31357ae e-flex e-con-boxed e-con e-parent\" data-id=\"31357ae\" data-element_type=\"container\" data-e-type=\"container\">\n\t\t\t\t\t<div class=\"e-con-inner\">\n\t\t\t\t<div class=\"elementor-element elementor-element-d4bc12b elementor-align-center elementor-widget elementor-widget-button\" data-id=\"d4bc12b\" data-element_type=\"widget\" data-e-type=\"widget\" data-widget_type=\"button.default\">\n\t\t\t\t\t\t\t\t\t\t<a class=\"elementor-button elementor-button-link elementor-size-sm\" href=\"https:\/\/soymigrante.com\/mercado\/marketplace\/seller\/register\">\n\t\t\t\t\t\t<span class=\"elementor-button-content-wrapper\">\n\t\t\t\t\t\t\t\t\t<span class=\"elementor-button-text\">\u00bfEres emprendedor guatemalteco y deseas vender tus productos en SoyMigrante.com MERCADO?  Clic aqu\u00ed para registrarte<\/span>\n\t\t\t\t\t<\/span>\n\t\t\t\t\t<\/a>\n\t\t\t\t\t\t\t\t<\/div>\n\t\t\t\t\t<\/div>\n\t\t\t\t<\/div>\n\t\t<div data-particle_enable=\"false\" data-particle-mobile-disabled=\"false\" class=\"elementor-element elementor-element-7b21014 e-flex e-con-boxed e-con e-parent\" data-id=\"7b21014\" data-element_type=\"container\" data-e-type=\"container\">\n\t\t\t\t\t<div class=\"e-con-inner\">\n\t\t\t\t<div class=\"elementor-element elementor-element-2fe1bb2 elementor-widget elementor-widget-blfe-post-grid\" data-id=\"2fe1bb2\" data-element_type=\"widget\" data-e-type=\"widget\" data-settings=\"{&quot;columns&quot;:&quot;3&quot;,&quot;columns_tablet&quot;:&quot;6&quot;,&quot;columns_mobile&quot;:&quot;12&quot;,&quot;hero1_layout_column_gap&quot;:{&quot;unit&quot;:&quot;px&quot;,&quot;size&quot;:30,&quot;sizes&quot;:[]},&quot;hero1_layout_column_gap_tablet&quot;:{&quot;unit&quot;:&quot;px&quot;,&quot;size&quot;:&quot;&quot;,&quot;sizes&quot;:[]},&quot;hero1_layout_column_gap_mobile&quot;:{&quot;unit&quot;:&quot;px&quot;,&quot;size&quot;:&quot;&quot;,&quot;sizes&quot;:[]},&quot;hero1_layout_row_gap&quot;:{&quot;unit&quot;:&quot;px&quot;,&quot;size&quot;:30,&quot;sizes&quot;:[]},&quot;hero1_layout_row_gap_tablet&quot;:{&quot;unit&quot;:&quot;px&quot;,&quot;size&quot;:&quot;&quot;,&quot;sizes&quot;:[]},&quot;hero1_layout_row_gap_mobile&quot;:{&quot;unit&quot;:&quot;px&quot;,&quot;size&quot;:&quot;&quot;,&quot;sizes&quot;:[]}}\" data-widget_type=\"blfe-post-grid.hero1\">\n\t\t\t\t<div class=\"elementor-widget-container\">\n\t\t\t\t\t\n                        <div class=\"blfe-post-grid-container \">\n            \n                <div data-skin=\"hero1\" class=\"blfe-row blfe-posts-inner blfe-hero1 blfe-posts-inner blfe-col-3 blfe-col-tab-6 blfe-col-mob-12     \">\n                            <div class=\"blfe-post-grid-item\">\n            <div class=\"blfe-post-grid-item-inner blfe-modern-zoom\">\n                        <div class=\"blfe-post-grid-bg-image\">\n            <a class=\"blfe-post-grid-image-inner\" href=\"https:\/\/soymigrante.com\/revista\/cooperativa-yax-transforma-una-planta-recicladora-en-huehuetenango-que-crea-y-genera-empleo\/\" title=\"Yax Transforma recolecta pl\u00e1stico y lo convierte en tablas, mesas, postes y&#8230; empleos\" rel=\"nofollow\" target=\"_blank\"><img decoding=\"async\" src=\"https:\/\/soymigrante.com\/revista\/wp-content\/uploads\/2024\/10\/yax-transforma.webp\" alt=\"Yax Transforma recolecta pl\u00e1stico y lo convierte en tablas, mesas, postes y&#8230; empleos\"\/><\/a>        <\/div>\n                        <div class=\"blfe-post-grid-details\">\n                    <div class=\"blfe-post-grid-details-inner\">\n                        <span class=\"blfe-post-category\"><a href=\"https:\/\/soymigrante.com\/revista\/category\/guate-nuestra\/\">Guate Nuestra<\/a><\/span>                        <h3 class=\"blfe-post-grid-title\">\n            <a href=\"https:\/\/soymigrante.com\/revista\/cooperativa-yax-transforma-una-planta-recicladora-en-huehuetenango-que-crea-y-genera-empleo\/\" title=\"Yax Transforma recolecta pl\u00e1stico y lo convierte en tablas, mesas, postes y&#8230; empleos\" rel=\"nofollow\" target=\"_blank\">Yax Transforma recolecta pl\u00e1stico y lo convierte en tablas, mesas, postes y&#8230; empleos<\/a>\n            <\/h3>                                                            <div class=\"blfe-post-grid-meta\">\n                <span class=\"blfe-post-grid-time\"><i class=\"fas fa-book-reader\"><\/i>7 Min read<\/span>            <\/div>\n                                                        <\/div>\n                <\/div>\n\n            <\/div>\n        <\/div>\n                <div class=\"blfe-post-grid-item\">\n            <div class=\"blfe-post-grid-item-inner blfe-modern-zoom\">\n                        <div class=\"blfe-post-grid-bg-image\">\n            <a class=\"blfe-post-grid-image-inner\" href=\"https:\/\/soymigrante.com\/revista\/escritor-manuel-orantes-alvarez-confecciona-relatos-que-invitan-al-cambio\/\" title=\"Escritor Manuel Orantes-\u00c1lvarez crea relatos que invitan a la transformaci\u00f3n personal\" rel=\"nofollow\" target=\"_blank\"><img decoding=\"async\" src=\"https:\/\/soymigrante.com\/revista\/wp-content\/uploads\/2024\/10\/manuel-orantes-guatemalteco-escritor-migrante-3.webp\" alt=\"Escritor Manuel Orantes-\u00c1lvarez crea relatos que invitan a la transformaci\u00f3n personal\"\/><\/a>        <\/div>\n                        <div class=\"blfe-post-grid-details\">\n                    <div class=\"blfe-post-grid-details-inner\">\n                        <span class=\"blfe-post-category\"><a href=\"https:\/\/soymigrante.com\/revista\/category\/guate-nuestra\/\">Guate Nuestra<\/a><\/span>                        <h3 class=\"blfe-post-grid-title\">\n            <a href=\"https:\/\/soymigrante.com\/revista\/escritor-manuel-orantes-alvarez-confecciona-relatos-que-invitan-al-cambio\/\" title=\"Escritor Manuel Orantes-\u00c1lvarez crea relatos que invitan a la transformaci\u00f3n personal\" rel=\"nofollow\" target=\"_blank\">Escritor Manuel Orantes-\u00c1lvarez crea relatos que invitan a la transformaci\u00f3n personal<\/a>\n            <\/h3>                                                            <div class=\"blfe-post-grid-meta\">\n                <span class=\"blfe-post-grid-time\"><i class=\"fas fa-book-reader\"><\/i>6 Min read<\/span>            <\/div>\n                                                        <\/div>\n                <\/div>\n\n            <\/div>\n        <\/div>\n                <div class=\"blfe-post-grid-item\">\n            <div class=\"blfe-post-grid-item-inner blfe-modern-zoom\">\n                        <div class=\"blfe-post-grid-bg-image\">\n            <a class=\"blfe-post-grid-image-inner\" href=\"https:\/\/soymigrante.com\/revista\/tejido-con-el-mismo-carino-de-la-abuelita-el-emprendimiento-crochet-con-amor\/\" title=\"Tejido con el mismo cari\u00f1o de la abuelita: el emprendimiento Crochet con Amor\" rel=\"nofollow\" target=\"_blank\"><img decoding=\"async\" src=\"https:\/\/soymigrante.com\/revista\/wp-content\/uploads\/2024\/10\/crochet-con-amor-2.webp\" alt=\"Tejido con el mismo cari\u00f1o de la abuelita: el emprendimiento Crochet con Amor\"\/><\/a>        <\/div>\n                        <div class=\"blfe-post-grid-details\">\n                    <div class=\"blfe-post-grid-details-inner\">\n                        <span class=\"blfe-post-category\"><a href=\"https:\/\/soymigrante.com\/revista\/category\/guate-nuestra\/\">Guate Nuestra<\/a><\/span>                        <h3 class=\"blfe-post-grid-title\">\n            <a href=\"https:\/\/soymigrante.com\/revista\/tejido-con-el-mismo-carino-de-la-abuelita-el-emprendimiento-crochet-con-amor\/\" title=\"Tejido con el mismo cari\u00f1o de la abuelita: el emprendimiento Crochet con Amor\" rel=\"nofollow\" target=\"_blank\">Tejido con el mismo cari\u00f1o de la abuelita: el emprendimiento Crochet con Amor<\/a>\n            <\/h3>                                                            <div class=\"blfe-post-grid-meta\">\n                <span class=\"blfe-post-grid-time\"><i class=\"fas fa-book-reader\"><\/i>5 Min read<\/span>            <\/div>\n                                                        <\/div>\n                <\/div>\n\n            <\/div>\n        <\/div>\n                        <\/div>\n\n                        <\/div>\n            \n                        <div class=\"blfe-post-footer\">\n                        <\/div>\n            \t\t\t\t<\/div>\n\t\t\t\t<\/div>\n\t\t\t\t\t<\/div>\n\t\t\t\t<\/div>\n\t\t<div data-particle_enable=\"false\" data-particle-mobile-disabled=\"false\" class=\"elementor-element elementor-element-b5da35f e-flex e-con-boxed e-con e-parent\" data-id=\"b5da35f\" data-element_type=\"container\" data-e-type=\"container\">\n\t\t\t\t\t<div class=\"e-con-inner\">\n\t\t\t\t<div class=\"elementor-element elementor-element-19f1696 elementor-widget elementor-widget-heading\" data-id=\"19f1696\" data-element_type=\"widget\" data-e-type=\"widget\" data-widget_type=\"heading.default\">\n\t\t\t\t\t<h3 class=\"elementor-heading-title elementor-size-default\">Expresiones de alegr\u00eda y confianza<\/h3>\t\t\t\t<\/div>\n\t\t\t\t\t<\/div>\n\t\t\t\t<\/div>\n\t\t<div data-particle_enable=\"false\" data-particle-mobile-disabled=\"false\" class=\"elementor-element elementor-element-1dfe71d e-flex e-con-boxed e-con e-parent\" data-id=\"1dfe71d\" data-element_type=\"container\" data-e-type=\"container\">\n\t\t\t\t\t<div class=\"e-con-inner\">\n\t\t\t\t<div class=\"elementor-element elementor-element-4a7904e elementor-widget elementor-widget-text-editor\" data-id=\"4a7904e\" data-element_type=\"widget\" data-e-type=\"widget\" data-widget_type=\"text-editor.default\">\n\t\t\t\t\t\t\t\t\t<p>&#8220;Estoy en Colomba Costa Cuco, Centro de Medicina De la Monta\u00f1a, distribuimos productos naturales, elaborados con conocimiento maya y felicito a Marcos Antil por esta idea que nos abre oportunidades. Pr\u00f3ximamente tambi\u00e9n empezaremos a vender miel natural y desde ya lo invito a que venga a conocernos cuando pueda&#8221;, dijo Danny S\u00e1nchez.<\/p>\n<p>&#8220;En Blue and White elaboramos art\u00edculos en mostacilla y se generan oportunidades para mujeres mayas. Nuestros dise\u00f1os son originales y estamos felices de tener ahora el espacio en este gran MERCADO. Ya estamos preparando art\u00edculo especiales para la temporada de Navidad&#8221;, dijo Nicol\u00e1s Coc\u00f3n.<\/p>\n<p>&#8220;Es un honor y una alegr\u00eda poder participar en esta iniciativa de Marcos Antil. Ya tenemos dos libros para adultos y cuatro para ni\u00f1os colocados en SoyMigrante.com MERCADO y estoy seguro de que ser\u00e1 un gran \u00e9xito&#8221;, dijo el escritor y conferencista Allan Tenembaum, de <a href=\"https:\/\/soymigrante.com\/mercado\/marketplace\/seller\/profile\/Teikirizi\">Tekirizi&amp;Pa&#8217;lante<\/a>.<\/p>\t\t\t\t\t\t\t\t<\/div>\n\t\t\t\t\t<\/div>\n\t\t\t\t<\/div>\n\t\t<div data-particle_enable=\"false\" data-particle-mobile-disabled=\"false\" class=\"elementor-element elementor-element-c0e7133 e-flex e-con-boxed e-con e-parent\" data-id=\"c0e7133\" data-element_type=\"container\" data-e-type=\"container\">\n\t\t\t\t\t<div class=\"e-con-inner\">\n\t\t\t\t<div class=\"elementor-element elementor-element-3339d4a elementor-widget elementor-widget-image\" data-id=\"3339d4a\" data-element_type=\"widget\" data-e-type=\"widget\" data-widget_type=\"image.default\">\n\t\t\t\t\t\t\t\t\t\t\t\t<figure class=\"wp-caption\">\n\t\t\t\t\t\t\t\t\t\t\t<a href=\"https:\/\/soymigrante.com\/mercado\/\">\n\t\t\t\t\t\t\t<img decoding=\"async\" width=\"768\" height=\"513\" src=\"https:\/\/soymigrante.com\/revista\/wp-content\/uploads\/2024\/09\/marcos-antil-mercado-1024x684.webp\" class=\"attachment-large size-large wp-image-8883\" alt=\"Tejidos tradicionales y artesan\u00edas coloridas en exhibici\u00f3n en una tienda de textiles mexicanas, con un vendedor conversando con una clienta que lleva puesto un vestido de huipil con dise\u00f1os bordados.\" srcset=\"https:\/\/soymigrante.com\/revista\/wp-content\/uploads\/2024\/09\/marcos-antil-mercado-1024x684.webp 1024w, https:\/\/soymigrante.com\/revista\/wp-content\/uploads\/2024\/09\/marcos-antil-mercado-300x200.webp 300w, https:\/\/soymigrante.com\/revista\/wp-content\/uploads\/2024\/09\/marcos-antil-mercado-768x513.webp 768w, https:\/\/soymigrante.com\/revista\/wp-content\/uploads\/2024\/09\/marcos-antil-mercado-1536x1025.webp 1536w, https:\/\/soymigrante.com\/revista\/wp-content\/uploads\/2024\/09\/marcos-antil-mercado.webp 1920w\" sizes=\"(max-width: 768px) 100vw, 768px\" title=\"El emprendedor digital Marcos Antil conoci\u00f3 a cientos de emprendedores durante la gira Migrante de 2022. Muchos le expusieron la necesidad de tener nuevas v\u00edas para ampliar el alcance de las ventas de sus productos artesanales.  SoyMigrante.com\/Mercado es la propuesta para potenciar ese crecimiento \u2013 SoyMigrante.com REVISTA\" \/>\t\t\t\t\t\t\t\t<\/a>\n\t\t\t\t\t\t\t\t\t\t\t<figcaption class=\"widget-image-caption wp-caption-text\">Tejidos tradicionales, textiles artesanales, comunidad ind\u00edgena, cultura mexicana, productos hechos a mano, turismo cultural, artesan\u00eda mexicana, comercio local, vestimenta tradicional, handlebar cultura mexicana, comercio de textiles en M\u00e9xico.<\/figcaption>\n\t\t\t\t\t\t\t\t\t\t<\/figure>\n\t\t\t\t\t\t\t\t\t<\/div>\n\t\t\t\t\t<\/div>\n\t\t\t\t<\/div>\n\t\t\t\t<\/div>\n\t\t","protected":false},"excerpt":{"rendered":"<p>A trav\u00e9s de un encuentro virtual, nuestro CEO Marcos Antil dio la bienvenida a los emprendedores que ya abrieron sus tiendas digitales en SoyMigrante MERCADO, la innovadora comunidad digital que pone en contacto a compradores y vendedores de art\u00edculos hechos a mano para impulsar el desarrollo. &#8220;SoyMigrante MERCADO no tiene bodegas, pero tampoco fronteras. Cada [&hellip;]<\/p>\n","protected":false},"author":1,"featured_media":12691,"comment_status":"open","ping_status":"open","sticky":false,"template":"","format":"standard","meta":{"_acf_changed":false,"_eb_attr":"","footnotes":""},"categories":[58],"tags":[],"class_list":["post-12689","post","type-post","status-publish","format-standard","has-post-thumbnail","hentry","category-guate-nuestra"],"acf":[],"aioseo_notices":[],"aioseo_head":"\n\t\t<!-- All in One SEO Pro 4.9.6.2 - aioseo.com -->\n\t<meta name=\"description\" content=\"La emprendedora Claudia Garc\u00eda aprendi\u00f3 de ni\u00f1a a tejer con su abuelita Elizabeth. Aquella habilidad es hoy el hilo de un arte a la venta en SoyMigrante MERCADO\" \/>\n\t<meta name=\"robots\" content=\"max-snippet:-1, max-image-preview:large, max-video-preview:-1\" \/>\n\t<meta name=\"author\" content=\"Gustavo Montenegro\"\/>\n\t<link rel=\"canonical\" href=\"https:\/\/soymigrante.com\/revista\/tejido-con-el-mismo-carino-de-la-abuelita-el-emprendimiento-crochet-con-amor\/\" \/>\n\t<meta name=\"generator\" content=\"All in One SEO Pro (AIOSEO) 4.9.6.2\" \/>\n\n\t\t<link rel=\"preconnect\" href=\"https:\/\/fonts.googleapis.com\" crossorigin>\n<link rel=\"preconnect\" href=\"https:\/\/fonts.gstatic.com\" crossorigin>\n\t\t<meta property=\"og:locale\" content=\"es_ES\" \/>\n\t\t<meta property=\"og:site_name\" content=\"SoyMigrante.com REVISTA \u2013 Nuestra misi\u00f3n es reconocer y dignificar al migrante.\" \/>\n\t\t<meta property=\"og:type\" content=\"article\" \/>\n\t\t<meta property=\"og:title\" content=\"Tejido con cari\u00f1o de la abuelita: Crochet con Amor\" \/>\n\t\t<meta property=\"og:description\" content=\"La emprendedora Claudia Garc\u00eda aprendi\u00f3 de ni\u00f1a a tejer con su abuelita Elizabeth. Aquella habilidad es hoy el hilo de un arte a la venta en SoyMigrante MERCADO\" \/>\n\t\t<meta property=\"og:url\" content=\"https:\/\/soymigrante.com\/revista\/tejido-con-el-mismo-carino-de-la-abuelita-el-emprendimiento-crochet-con-amor\/\" \/>\n\t\t<meta property=\"og:image\" content=\"https:\/\/soymigrante.com\/revista\/wp-content\/uploads\/2024\/10\/crochet-con-amor-2.webp\" \/>\n\t\t<meta property=\"og:image:secure_url\" content=\"https:\/\/soymigrante.com\/revista\/wp-content\/uploads\/2024\/10\/crochet-con-amor-2.webp\" \/>\n\t\t<meta property=\"og:image:width\" content=\"670\" \/>\n\t\t<meta property=\"og:image:height\" content=\"661\" \/>\n\t\t<meta property=\"article:published_time\" content=\"2024-10-25T18:53:11+00:00\" \/>\n\t\t<meta property=\"article:modified_time\" content=\"2025-07-21T17:43:40+00:00\" \/>\n\t\t<meta property=\"article:publisher\" content=\"https:\/\/www.facebook.com\/soymigrantecom\" \/>\n\t\t<meta name=\"twitter:card\" content=\"summary_large_image\" \/>\n\t\t<meta name=\"twitter:site\" content=\"@SoyMigrante_com\" \/>\n\t\t<meta name=\"twitter:title\" content=\"Tejido con cari\u00f1o de la abuelita: Crochet con Amor\" \/>\n\t\t<meta name=\"twitter:description\" content=\"La emprendedora Claudia Garc\u00eda aprendi\u00f3 de ni\u00f1a a tejer con su abuelita Elizabeth. Aquella habilidad es hoy el hilo de un arte a la venta en SoyMigrante MERCADO\" \/>\n\t\t<meta name=\"twitter:creator\" content=\"@SoyMigrante_com\" \/>\n\t\t<meta name=\"twitter:image\" content=\"https:\/\/soymigrante.com\/revista\/wp-content\/uploads\/2024\/10\/crochet-con-amor-2.webp\" \/>\n\t\t<!-- All in One SEO Pro -->\r\n\t\t<title>Tejido con cari\u00f1o de la abuelita: Crochet con Amor<\/title>\n\n","aioseo_head_json":{"title":"Tejido con cari\u00f1o de la abuelita: Crochet con Amor","description":"La emprendedora Claudia Garc\u00eda aprendi\u00f3 de ni\u00f1a a tejer con su abuelita Elizabeth. Aquella habilidad es hoy el hilo de un arte a la venta en SoyMigrante MERCADO","canonical_url":"https:\/\/soymigrante.com\/revista\/tejido-con-el-mismo-carino-de-la-abuelita-el-emprendimiento-crochet-con-amor\/","robots":"max-snippet:-1, max-image-preview:large, max-video-preview:-1","keywords":"","webmasterTools":{"miscellaneous":"&lt;link rel=\"preconnect\" href=\"https:\/\/fonts.googleapis.com\" crossorigin&gt;\n&lt;link rel=\"preconnect\" href=\"https:\/\/fonts.gstatic.com\" crossorigin&gt;"},"schema":null,"og:locale":"es_ES","og:site_name":"SoyMigrante.com REVISTA \u2013 Nuestra misi\u00f3n es reconocer y dignificar al migrante.","og:type":"article","og:title":"Tejido con cari\u00f1o de la abuelita: Crochet con Amor","og:description":"La emprendedora Claudia Garc\u00eda aprendi\u00f3 de ni\u00f1a a tejer con su abuelita Elizabeth. Aquella habilidad es hoy el hilo de un arte a la venta en SoyMigrante MERCADO","og:url":"https:\/\/soymigrante.com\/revista\/tejido-con-el-mismo-carino-de-la-abuelita-el-emprendimiento-crochet-con-amor\/","og:image":"https:\/\/soymigrante.com\/revista\/wp-content\/uploads\/2024\/10\/crochet-con-amor-2.webp","og:image:secure_url":"https:\/\/soymigrante.com\/revista\/wp-content\/uploads\/2024\/10\/crochet-con-amor-2.webp","og:image:width":670,"og:image:height":661,"article:published_time":"2024-10-25T18:53:11+00:00","article:modified_time":"2025-07-21T17:43:40+00:00","article:publisher":"https:\/\/www.facebook.com\/soymigrantecom","twitter:card":"summary_large_image","twitter:site":"@SoyMigrante_com","twitter:title":"Tejido con cari\u00f1o de la abuelita: Crochet con Amor","twitter:description":"La emprendedora Claudia Garc\u00eda aprendi\u00f3 de ni\u00f1a a tejer con su abuelita Elizabeth. Aquella habilidad es hoy el hilo de un arte a la venta en SoyMigrante MERCADO","twitter:creator":"@SoyMigrante_com","twitter:image":"https:\/\/soymigrante.com\/revista\/wp-content\/uploads\/2024\/10\/crochet-con-amor-2.webp"},"aioseo_meta_data":{"post_id":"12689","title":"Encuentro con emprendedores de SoyMIgrante.com MERCADO","description":"SoyMigrante.com MERCADO ya est\u00e1 abierto y su primer grupo de emprendedores ya ofrece sus productos en esta comunidad digital innovadora y sin fronteras","keywords":null,"keyphrases":{"focus":{"keyphrase":"Mercado","score":100,"analysis":{"keyphraseInTitle":{"score":9,"maxScore":9,"error":0},"keyphraseInDescription":{"score":9,"maxScore":9,"error":0},"keyphraseLength":{"score":9,"maxScore":9,"error":0,"length":1},"keyphraseInURL":{"score":5,"maxScore":5,"error":0},"keyphraseInIntroduction":{"score":9,"maxScore":9,"error":0},"keyphraseInSubHeadings":{"score":9,"maxScore":9,"error":0},"keyphraseInImageAlt":{"score":9,"maxScore":9,"error":0},"keywordDensity":{"type":"best","score":9,"maxScore":9,"error":0}}},"additional":[{"keyphrase":"Emprendedores","score":100,"analysis":{"keyphraseInDescription":{"score":9,"maxScore":9,"error":0},"keyphraseLength":{"score":9,"maxScore":9,"error":0,"length":1},"keyphraseInIntroduction":{"score":9,"maxScore":9,"error":0},"keyphraseInImageAlt":{"score":9,"maxScore":9,"error":0},"keywordDensity":{"type":"best","score":9,"maxScore":9,"error":0}}},{"keyphrase":"Guatemala","score":67,"analysis":{"keyphraseInDescription":{"score":3,"maxScore":9,"error":1},"keyphraseLength":{"score":9,"maxScore":9,"error":0,"length":1},"keyphraseInIntroduction":{"score":9,"maxScore":9,"error":0},"keyphraseInImageAlt":{"score":9,"maxScore":9,"error":0},"keywordDensity":{"score":0,"type":"low","maxScore":9,"error":1}}}]},"primary_term":null,"canonical_url":null,"og_title":null,"og_description":null,"og_object_type":"default","og_image_type":"default","og_image_url":null,"og_image_width":null,"og_image_height":null,"og_image_custom_url":null,"og_image_custom_fields":null,"og_video":"","og_custom_url":null,"og_article_section":null,"og_article_tags":null,"twitter_use_og":false,"twitter_card":"default","twitter_image_type":"default","twitter_image_url":null,"twitter_image_custom_url":null,"twitter_image_custom_fields":null,"twitter_title":null,"twitter_description":null,"schema":{"blockGraphs":[],"customGraphs":[],"default":{"data":{"Article":[],"Course":[],"Dataset":[],"FAQPage":[],"Movie":[],"Person":[],"Product":[],"ProductReview":[],"Car":[],"Recipe":[],"Service":[],"SoftwareApplication":[],"WebPage":[]},"graphName":"Article","isEnabled":true},"graphs":[]},"schema_type":"default","schema_type_options":null,"pillar_content":false,"robots_default":true,"robots_noindex":false,"robots_noarchive":false,"robots_nosnippet":false,"robots_nofollow":false,"robots_noimageindex":false,"robots_noodp":false,"robots_notranslate":false,"robots_max_snippet":"-1","robots_max_videopreview":"-1","robots_max_imagepreview":"large","priority":null,"frequency":"default","local_seo":null,"seo_analyzer_scan_date":"2025-10-09 00:07:25","breadcrumb_settings":null,"limit_modified_date":false,"reviewed_by":null,"open_ai":"{\"title\":{\"suggestions\":[],\"usage\":0},\"description\":{\"suggestions\":[],\"usage\":0}}","ai":null,"created":"2024-11-08 15:09:11","updated":"2026-02-04 16:27:11"},"aioseo_breadcrumb":"<div class=\"aioseo-breadcrumbs\"><span class=\"aioseo-breadcrumb\">\n\t<a href=\"https:\/\/soymigrante.com\/revista\" title=\"Home\">Home<\/a>\n<\/span><span class=\"aioseo-breadcrumb-separator\">\u00bb<\/span><span class=\"aioseo-breadcrumb\">\n\t<a href=\"https:\/\/soymigrante.com\/revista\/category\/guate-nuestra\/\" title=\"Guate Nuestra\">Guate Nuestra<\/a>\n<\/span><span class=\"aioseo-breadcrumb-separator\">\u00bb<\/span><span class=\"aioseo-breadcrumb\">\n\tEncuentro con primer grupo de emprendedores de  SoyMigrante.com MERCADO\n<\/span><\/div>","aioseo_breadcrumb_json":[{"label":"Home","link":"https:\/\/soymigrante.com\/revista"},{"label":"Guate Nuestra","link":"https:\/\/soymigrante.com\/revista\/category\/guate-nuestra\/"},{"label":"Encuentro con primer grupo de emprendedores de  SoyMigrante.com MERCADO","link":"https:\/\/soymigrante.com\/revista\/encuentro-con-primer-grupo-de-emprendedores-de-soymigrante-com-mercado\/"}],"_links":{"self":[{"href":"https:\/\/soymigrante.com\/revista\/wp-json\/wp\/v2\/posts\/12689","targetHints":{"allow":["GET"]}}],"collection":[{"href":"https:\/\/soymigrante.com\/revista\/wp-json\/wp\/v2\/posts"}],"about":[{"href":"https:\/\/soymigrante.com\/revista\/wp-json\/wp\/v2\/types\/post"}],"author":[{"embeddable":true,"href":"https:\/\/soymigrante.com\/revista\/wp-json\/wp\/v2\/users\/1"}],"replies":[{"embeddable":true,"href":"https:\/\/soymigrante.com\/revista\/wp-json\/wp\/v2\/comments?post=12689"}],"version-history":[{"count":0,"href":"https:\/\/soymigrante.com\/revista\/wp-json\/wp\/v2\/posts\/12689\/revisions"}],"wp:featuredmedia":[{"embeddable":true,"href":"https:\/\/soymigrante.com\/revista\/wp-json\/wp\/v2\/media\/12691"}],"wp:attachment":[{"href":"https:\/\/soymigrante.com\/revista\/wp-json\/wp\/v2\/media?parent=12689"}],"wp:term":[{"taxonomy":"category","embeddable":true,"href":"https:\/\/soymigrante.com\/revista\/wp-json\/wp\/v2\/categories?post=12689"},{"taxonomy":"post_tag","embeddable":true,"href":"https:\/\/soymigrante.com\/revista\/wp-json\/wp\/v2\/tags?post=12689"}],"curies":[{"name":"wp","href":"https:\/\/api.w.org\/{rel}","templated":true}]}}