{"id":1261,"date":"2023-06-11T18:28:43","date_gmt":"2023-06-11T18:28:43","guid":{"rendered":"https:\/\/soymigrante.com\/revista\/?p=1261"},"modified":"2026-03-11T16:36:04","modified_gmt":"2026-03-11T22:36:04","slug":"esposos-migrantes-estilistas-guatemaltecos","status":"publish","type":"post","link":"https:\/\/soymigrante.com\/revista\/esposos-migrantes-estilistas-guatemaltecos\/","title":{"rendered":"Viaje migrante &#8220;de al pelo&#8221;, de ida y vuelta, de Totonicap\u00e1n a Texas"},"content":{"rendered":"\t\t<div data-elementor-type=\"wp-post\" data-elementor-id=\"1261\" class=\"elementor elementor-1261\" data-elementor-post-type=\"post\">\n\t\t\t\t\t\t<section data-particle_enable=\"false\" data-particle-mobile-disabled=\"false\" class=\"elementor-section elementor-top-section elementor-element elementor-element-38c58eb elementor-section-boxed elementor-section-height-default elementor-section-height-default\" data-id=\"38c58eb\" data-element_type=\"section\" data-e-type=\"section\">\n\t\t\t\t\t\t<div class=\"elementor-container elementor-column-gap-default\">\n\t\t\t\t\t<div class=\"elementor-column elementor-col-100 elementor-top-column elementor-element elementor-element-3e0c3f2\" data-id=\"3e0c3f2\" data-element_type=\"column\" data-e-type=\"column\">\n\t\t\t<div class=\"elementor-widget-wrap elementor-element-populated\">\n\t\t\t\t\t\t<div class=\"elementor-element elementor-element-c65367a elementor-widget elementor-widget-heading\" data-id=\"c65367a\" data-element_type=\"widget\" data-e-type=\"widget\" data-widget_type=\"heading.default\">\n\t\t\t\t\t<h2 class=\"elementor-heading-title elementor-size-default\">Los esposos Zapeta Vel\u00e1squez lograron, como migrantes en Texas, ganarse la vida con el corte de cabello a damas y caballeros. Regresaron a su tierra natal para seguir trabajando con calidad y compartir sus conocimientos. Esta es su historia<\/h2>\t\t\t\t<\/div>\n\t\t\t\t\t<\/div>\n\t\t<\/div>\n\t\t\t\t\t<\/div>\n\t\t<\/section>\n\t\t\t\t<section data-particle_enable=\"false\" data-particle-mobile-disabled=\"false\" class=\"elementor-section elementor-top-section elementor-element elementor-element-2446a46 elementor-section-boxed elementor-section-height-default elementor-section-height-default\" data-id=\"2446a46\" data-element_type=\"section\" data-e-type=\"section\">\n\t\t\t\t\t\t<div class=\"elementor-container elementor-column-gap-default\">\n\t\t\t\t\t<div class=\"elementor-column elementor-col-100 elementor-top-column elementor-element elementor-element-bc35e4a\" data-id=\"bc35e4a\" data-element_type=\"column\" data-e-type=\"column\">\n\t\t\t<div class=\"elementor-widget-wrap elementor-element-populated\">\n\t\t\t\t\t\t<div class=\"elementor-element elementor-element-d30a938 elementor-widget elementor-widget-image\" data-id=\"d30a938\" data-element_type=\"widget\" data-e-type=\"widget\" data-widget_type=\"image.default\">\n\t\t\t\t\t\t\t\t\t\t\t\t<figure class=\"wp-caption\">\n\t\t\t\t\t\t\t\t\t\t<img fetchpriority=\"high\" decoding=\"async\" width=\"1024\" height=\"460\" src=\"https:\/\/soymigrante.com\/revista\/wp-content\/uploads\/2023\/06\/El-actual-negocio-se-ubica-en-la-12-avenida-de-la-zona-3-de-Totonicapan-2-1024x460.jpg\" class=\"attachment-large size-large wp-image-1262\" alt=\"Negocio de do\u00f1a Nicolasa y don Francisco\" srcset=\"https:\/\/soymigrante.com\/revista\/wp-content\/uploads\/2023\/06\/El-actual-negocio-se-ubica-en-la-12-avenida-de-la-zona-3-de-Totonicapan-2-1024x460.jpg 1024w, https:\/\/soymigrante.com\/revista\/wp-content\/uploads\/2023\/06\/El-actual-negocio-se-ubica-en-la-12-avenida-de-la-zona-3-de-Totonicapan-2-300x135.webp 300w, https:\/\/soymigrante.com\/revista\/wp-content\/uploads\/2023\/06\/El-actual-negocio-se-ubica-en-la-12-avenida-de-la-zona-3-de-Totonicapan-2-768x345.jpg 768w, https:\/\/soymigrante.com\/revista\/wp-content\/uploads\/2023\/06\/El-actual-negocio-se-ubica-en-la-12-avenida-de-la-zona-3-de-Totonicapan-2-1536x691.jpg 1536w, https:\/\/soymigrante.com\/revista\/wp-content\/uploads\/2023\/06\/El-actual-negocio-se-ubica-en-la-12-avenida-de-la-zona-3-de-Totonicapan-2-2048x921.jpg 2048w, https:\/\/soymigrante.com\/revista\/wp-content\/uploads\/2023\/06\/El-actual-negocio-se-ubica-en-la-12-avenida-de-la-zona-3-de-Totonicapan-2-750x337.webp 750w, https:\/\/soymigrante.com\/revista\/wp-content\/uploads\/2023\/06\/El-actual-negocio-se-ubica-en-la-12-avenida-de-la-zona-3-de-Totonicapan-2-1140x513.jpg 1140w, https:\/\/soymigrante.com\/revista\/wp-content\/uploads\/2023\/06\/El-actual-negocio-se-ubica-en-la-12-avenida-de-la-zona-3-de-Totonicapan-2-scaled.webp 1920w\" sizes=\"(max-width: 1024px) 100vw, 1024px\" title=\"Negocio de do\u00f1a Nicolasa y don Francisco \u2013 SoyMigrante.com REVISTA\" \/>\t\t\t\t\t\t\t\t\t\t\t<figcaption class=\"widget-image-caption wp-caption-text\">En la 12 avenida de la zona 3 de Totonicap\u00e1n se encuentra la barber\u00eda y sal\u00f3n de belleza Tikal.<\/figcaption>\n\t\t\t\t\t\t\t\t\t\t<\/figure>\n\t\t\t\t\t\t\t\t\t<\/div>\n\t\t\t\t\t<\/div>\n\t\t<\/div>\n\t\t\t\t\t<\/div>\n\t\t<\/section>\n\t\t\t\t<section data-particle_enable=\"false\" data-particle-mobile-disabled=\"false\" class=\"elementor-section elementor-top-section elementor-element elementor-element-7903a46 elementor-section-boxed elementor-section-height-default elementor-section-height-default\" data-id=\"7903a46\" data-element_type=\"section\" data-e-type=\"section\">\n\t\t\t\t\t\t<div class=\"elementor-container elementor-column-gap-default\">\n\t\t\t\t\t<div class=\"elementor-column elementor-col-100 elementor-top-column elementor-element elementor-element-46dccec\" data-id=\"46dccec\" data-element_type=\"column\" data-e-type=\"column\">\n\t\t\t<div class=\"elementor-widget-wrap elementor-element-populated\">\n\t\t\t\t\t\t<div class=\"elementor-element elementor-element-68f51f4 elementor-widget elementor-widget-text-editor\" data-id=\"68f51f4\" data-element_type=\"widget\" data-e-type=\"widget\" data-widget_type=\"text-editor.default\">\n\t\t\t\t\t\t\t\t\t<p><span style=\"font-weight: 400;\">Los esposos Francisco Zapeta y Nicolasa Vel\u00e1squez, originarios de Xant\u00fan, Totonicap\u00e1n tomaron la decisi\u00f3n de migrar a Estados Unidos hace 13 a\u00f1os. Pr\u00e1cticamente desde que se casaron estaban convencidos que ten\u00edan que ir all\u00e1 para buscar las oportunidades que no encontraban en su municipio.\u00a0<\/span><\/p><p><span style=\"font-weight: 400;\">No fue f\u00e1cil ni fue r\u00e1pido, pero all\u00e1 en suelo distante descubrieron el tesoro de habilidad que ya tra\u00edan desde su infancia y juventud en Guatemala. En otras palabras y utilizando un dicho muy guatemalteco, gracias a su esfuerzo y valores, su viaje ha sido &#8220;de al pelo&#8221;.<\/span><\/p><p><span style=\"font-weight: 400;\">Francisco viaj\u00f3 hacia Estados Unidos cuando era soltero. Al llegar tuvo algunos empleos pero muy pronto identific\u00f3 una oportunidad de negocio: ten\u00eda la oportunidad de brindar un servicio a otros guatemaltecos migrantes. A muchos se les dificultaba encontrar un sitio para cortarse el cabello, ya sea por situaciones de idioma o de simple confianza. motiv\u00e1ndole a emprender su peque\u00f1o negocio de corte de cabello para caballero. Francisco aprovech\u00f3 all\u00e1 el aprendizaje que tuvo desde su ni\u00f1ez y juventud, porque su pap\u00e1 era barbero en Totonicap\u00e1n.\u00a0<\/span><\/p><p><span style=\"font-weight: 400;\">La clientela abarc\u00f3 mucho m\u00e1s que guatemaltecos. Vecinos de diversas nacionalidades y tambi\u00e9n estadounidenses empezaron a visitar la barber\u00eda.\u00a0 Francisco vio la necesidad de formarse y especializarse en esta \u00e1rea. Despu\u00e9s de algunos a\u00f1os regres\u00f3 a Totonicap\u00e1n. Se cas\u00f3 con Nicolasa Vel\u00e1squez, a qui\u00e9n tambi\u00e9n le llam\u00f3 la atenci\u00f3n el estilismo y la belleza.<\/span><\/p>\t\t\t\t\t\t\t\t<\/div>\n\t\t\t\t\t<\/div>\n\t\t<\/div>\n\t\t\t\t\t<\/div>\n\t\t<\/section>\n\t\t\t\t<section data-particle_enable=\"false\" data-particle-mobile-disabled=\"false\" class=\"elementor-section elementor-top-section elementor-element elementor-element-7981392 elementor-section-boxed elementor-section-height-default elementor-section-height-default\" data-id=\"7981392\" data-element_type=\"section\" data-e-type=\"section\">\n\t\t\t\t\t\t<div class=\"elementor-container elementor-column-gap-default\">\n\t\t\t\t\t<div class=\"elementor-column elementor-col-100 elementor-top-column elementor-element elementor-element-6b87fba\" data-id=\"6b87fba\" data-element_type=\"column\" data-e-type=\"column\">\n\t\t\t<div class=\"elementor-widget-wrap elementor-element-populated\">\n\t\t\t\t\t\t<div class=\"elementor-element elementor-element-8e686d9 elementor-widget elementor-widget-image\" data-id=\"8e686d9\" data-element_type=\"widget\" data-e-type=\"widget\" data-widget_type=\"image.default\">\n\t\t\t\t\t\t\t\t\t\t\t\t<figure class=\"wp-caption\">\n\t\t\t\t\t\t\t\t\t\t<img decoding=\"async\" width=\"1024\" height=\"461\" src=\"https:\/\/soymigrante.com\/revista\/wp-content\/uploads\/2023\/06\/Emprendio-en-Estados-Unidos-para-atender-a-sus-connacionales-1024x461.jpg\" class=\"attachment-large size-large wp-image-1263\" alt=\"Talento en las venas\" srcset=\"https:\/\/soymigrante.com\/revista\/wp-content\/uploads\/2023\/06\/Emprendio-en-Estados-Unidos-para-atender-a-sus-connacionales-1024x461.jpg 1024w, https:\/\/soymigrante.com\/revista\/wp-content\/uploads\/2023\/06\/Emprendio-en-Estados-Unidos-para-atender-a-sus-connacionales-300x135.webp 300w, https:\/\/soymigrante.com\/revista\/wp-content\/uploads\/2023\/06\/Emprendio-en-Estados-Unidos-para-atender-a-sus-connacionales-768x345.jpg 768w, https:\/\/soymigrante.com\/revista\/wp-content\/uploads\/2023\/06\/Emprendio-en-Estados-Unidos-para-atender-a-sus-connacionales-1536x691.jpg 1536w, https:\/\/soymigrante.com\/revista\/wp-content\/uploads\/2023\/06\/Emprendio-en-Estados-Unidos-para-atender-a-sus-connacionales-2048x921.jpg 2048w, https:\/\/soymigrante.com\/revista\/wp-content\/uploads\/2023\/06\/Emprendio-en-Estados-Unidos-para-atender-a-sus-connacionales-750x337.webp 750w, https:\/\/soymigrante.com\/revista\/wp-content\/uploads\/2023\/06\/Emprendio-en-Estados-Unidos-para-atender-a-sus-connacionales-1140x513.jpg 1140w, https:\/\/soymigrante.com\/revista\/wp-content\/uploads\/2023\/06\/Emprendio-en-Estados-Unidos-para-atender-a-sus-connacionales-scaled.webp 1920w\" sizes=\"(max-width: 1024px) 100vw, 1024px\" title=\" \u2013 SoyMigrante.com REVISTA\" \/>\t\t\t\t\t\t\t\t\t\t\t<figcaption class=\"widget-image-caption wp-caption-text\">Emprendi\u00f3 en Estados Unidos para atender a sus connacionales, talento que adquiri\u00f3 a trav\u00e9s de  su padre<\/figcaption>\n\t\t\t\t\t\t\t\t\t\t<\/figure>\n\t\t\t\t\t\t\t\t\t<\/div>\n\t\t\t\t\t<\/div>\n\t\t<\/div>\n\t\t\t\t\t<\/div>\n\t\t<\/section>\n\t\t\t\t<section data-particle_enable=\"false\" data-particle-mobile-disabled=\"false\" class=\"elementor-section elementor-top-section elementor-element elementor-element-a5c7577 elementor-section-boxed elementor-section-height-default elementor-section-height-default\" data-id=\"a5c7577\" data-element_type=\"section\" data-e-type=\"section\">\n\t\t\t\t\t\t<div class=\"elementor-container elementor-column-gap-default\">\n\t\t\t\t\t<div class=\"elementor-column elementor-col-100 elementor-top-column elementor-element elementor-element-8872764\" data-id=\"8872764\" data-element_type=\"column\" data-e-type=\"column\">\n\t\t\t<div class=\"elementor-widget-wrap elementor-element-populated\">\n\t\t\t\t\t\t<div class=\"elementor-element elementor-element-62d14d0 elementor-widget elementor-widget-heading\" data-id=\"62d14d0\" data-element_type=\"widget\" data-e-type=\"widget\" data-widget_type=\"heading.default\">\n\t\t\t\t\t<h2 class=\"elementor-heading-title elementor-size-default\">De regreso a Texas, juntos <\/h2>\t\t\t\t<\/div>\n\t\t\t\t\t<\/div>\n\t\t<\/div>\n\t\t\t\t\t<\/div>\n\t\t<\/section>\n\t\t\t\t<section data-particle_enable=\"false\" data-particle-mobile-disabled=\"false\" class=\"elementor-section elementor-top-section elementor-element elementor-element-45ab1c7 elementor-section-boxed elementor-section-height-default elementor-section-height-default\" data-id=\"45ab1c7\" data-element_type=\"section\" data-e-type=\"section\">\n\t\t\t\t\t\t<div class=\"elementor-container elementor-column-gap-default\">\n\t\t\t\t\t<div class=\"elementor-column elementor-col-100 elementor-top-column elementor-element elementor-element-8c4b513\" data-id=\"8c4b513\" data-element_type=\"column\" data-e-type=\"column\">\n\t\t\t<div class=\"elementor-widget-wrap elementor-element-populated\">\n\t\t\t\t\t\t<div class=\"elementor-element elementor-element-3f4bc66 elementor-widget elementor-widget-text-editor\" data-id=\"3f4bc66\" data-element_type=\"widget\" data-e-type=\"widget\" data-widget_type=\"text-editor.default\">\n\t\t\t\t\t\t\t\t\t<p><span style=\"font-weight: 400;\">Al casarse tomaron la decisi\u00f3n de migrar nuevamente, pero esta vez ser\u00eda el primer viaje de do\u00f1a Nicolasa. De aquella vivencia recuerda: \u201cFue muy fuerte, yo iba con mi hijo mayor, dif\u00edcil, pero logramos pasar (la frontera)\u201d.\u00a0<\/span><\/p><p><span style=\"font-weight: 400;\">A su llegada ella desempe\u00f1\u00f3 varios trabajos en restaurantes.\u00a0 Fue ayudante de cocina, mesera, encargada de limpieza y otros oficios. Sin embargo, despu\u00e9s de la jornada laboral se ocup\u00f3 en aprender: estudi\u00f3\u00a0cosmetolog\u00eda. Este oficio oficio le llamaba la atenci\u00f3n desde joven. Requiri\u00f3 de sacrificio e inversi\u00f3n.\u00a0<\/span><span style=\"font-family: Roboto, sans-serif; font-size: 16px; font-style: normal; font-variant-ligatures: normal; font-variant-caps: normal; font-weight: 400; color: var( --e-global-color-text ); background-color: var(--ak-bg-color);\">\u201cPagu\u00e9 una escuela privada de cosmetolog\u00eda que brindaba las clases en espa\u00f1ol. Consegu\u00ed las herramientas y productos para brindar un servicio de calidad\u201d, cuenta.\u00a0<\/span><\/p><p><span style=\"font-weight: 400;\">Con el apoyo de Francisco lleg\u00f3 a especializarse en el corte y cuidado de cabello para dama, adem\u00e1s de otros servicios est\u00e9ticos.\u00a0Consigui\u00f3 acreditarse para laborar en Texas. Despu\u00e9s de esta formaci\u00f3n, ambos empezaron a trabajar en su propio sal\u00f3n de belleza. Eran el equipo perfecto. Ella atend\u00eda a las damas y \u00e9l a los caballeros.\u00a0<\/span><\/p><p>Les iba muy bien. Pero les hac\u00eda falta algo. A base de esfuerzo y trabajo consiguieron construir su vivienda en Totonicap\u00e1n y quer\u00edan volver a vivir en su pa\u00eds, en su departamento.\u00a0 Junto a sus hijos,<span style=\"background-color: var(--ak-bg-color); color: var( --e-global-color-text ); font-weight: 400;\">\u00a0todos retornaron a su tierra natal, Cant\u00f3n Xant\u00fan, Totonicap\u00e1n, Guatemala, en donde ahora trabajan en su emprendimiento: la sala de peluquer\u00eda y belleza Tikal 1.<\/span><\/p>\t\t\t\t\t\t\t\t<\/div>\n\t\t\t\t\t<\/div>\n\t\t<\/div>\n\t\t\t\t\t<\/div>\n\t\t<\/section>\n\t\t\t\t<section data-particle_enable=\"false\" data-particle-mobile-disabled=\"false\" class=\"elementor-section elementor-top-section elementor-element elementor-element-679efb5 elementor-section-boxed elementor-section-height-default elementor-section-height-default\" data-id=\"679efb5\" data-element_type=\"section\" data-e-type=\"section\">\n\t\t\t\t\t\t<div class=\"elementor-container elementor-column-gap-default\">\n\t\t\t\t\t<div class=\"elementor-column elementor-col-100 elementor-top-column elementor-element elementor-element-635b51f\" data-id=\"635b51f\" data-element_type=\"column\" data-e-type=\"column\">\n\t\t\t<div class=\"elementor-widget-wrap elementor-element-populated\">\n\t\t\t\t\t\t<div class=\"elementor-element elementor-element-29d3b0e elementor-widget elementor-widget-image\" data-id=\"29d3b0e\" data-element_type=\"widget\" data-e-type=\"widget\" data-widget_type=\"image.default\">\n\t\t\t\t\t\t\t\t\t\t\t\t<figure class=\"wp-caption\">\n\t\t\t\t\t\t\t\t\t\t<img decoding=\"async\" width=\"1024\" height=\"461\" src=\"https:\/\/soymigrante.com\/revista\/wp-content\/uploads\/2023\/06\/galeria-de-fotos-2-1024x461.jpg\" class=\"attachment-large size-large wp-image-1264\" alt=\"Don Francisco talento en las venas\" srcset=\"https:\/\/soymigrante.com\/revista\/wp-content\/uploads\/2023\/06\/galeria-de-fotos-2-1024x461.jpg 1024w, https:\/\/soymigrante.com\/revista\/wp-content\/uploads\/2023\/06\/galeria-de-fotos-2-300x135.webp 300w, https:\/\/soymigrante.com\/revista\/wp-content\/uploads\/2023\/06\/galeria-de-fotos-2-768x345.jpg 768w, https:\/\/soymigrante.com\/revista\/wp-content\/uploads\/2023\/06\/galeria-de-fotos-2-1536x691.jpg 1536w, https:\/\/soymigrante.com\/revista\/wp-content\/uploads\/2023\/06\/galeria-de-fotos-2-2048x921.jpg 2048w, https:\/\/soymigrante.com\/revista\/wp-content\/uploads\/2023\/06\/galeria-de-fotos-2-750x337.webp 750w, https:\/\/soymigrante.com\/revista\/wp-content\/uploads\/2023\/06\/galeria-de-fotos-2-1140x513.jpg 1140w, https:\/\/soymigrante.com\/revista\/wp-content\/uploads\/2023\/06\/galeria-de-fotos-2-scaled.webp 1920w\" sizes=\"(max-width: 1024px) 100vw, 1024px\" title=\" \u2013 SoyMigrante.com REVISTA\" \/>\t\t\t\t\t\t\t\t\t\t\t<figcaption class=\"widget-image-caption wp-caption-text\">Con el pasar del Tiempo a mejorado su t\u00e9cnica de corte de cabello por lo que el lugar es recurrente<\/figcaption>\n\t\t\t\t\t\t\t\t\t\t<\/figure>\n\t\t\t\t\t\t\t\t\t<\/div>\n\t\t\t\t<div class=\"elementor-element elementor-element-3f002e1 elementor-widget elementor-widget-image\" data-id=\"3f002e1\" data-element_type=\"widget\" data-e-type=\"widget\" data-widget_type=\"image.default\">\n\t\t\t\t\t\t\t\t\t\t\t\t<figure class=\"wp-caption\">\n\t\t\t\t\t\t\t\t\t\t<img loading=\"lazy\" decoding=\"async\" width=\"1024\" height=\"461\" src=\"https:\/\/soymigrante.com\/revista\/wp-content\/uploads\/2023\/06\/Ambos-son-migrantes-guatemaltecos-que-decidieron-trabajar-y-emprender-su-negocio-en-la-localidad-de-Totonicapan-1024x461.jpg\" class=\"attachment-large size-large wp-image-1266\" alt=\"Un lugar que atiende a toda una localidad\" srcset=\"https:\/\/soymigrante.com\/revista\/wp-content\/uploads\/2023\/06\/Ambos-son-migrantes-guatemaltecos-que-decidieron-trabajar-y-emprender-su-negocio-en-la-localidad-de-Totonicapan-1024x461.jpg 1024w, https:\/\/soymigrante.com\/revista\/wp-content\/uploads\/2023\/06\/Ambos-son-migrantes-guatemaltecos-que-decidieron-trabajar-y-emprender-su-negocio-en-la-localidad-de-Totonicapan-300x135.webp 300w, https:\/\/soymigrante.com\/revista\/wp-content\/uploads\/2023\/06\/Ambos-son-migrantes-guatemaltecos-que-decidieron-trabajar-y-emprender-su-negocio-en-la-localidad-de-Totonicapan-768x345.jpg 768w, https:\/\/soymigrante.com\/revista\/wp-content\/uploads\/2023\/06\/Ambos-son-migrantes-guatemaltecos-que-decidieron-trabajar-y-emprender-su-negocio-en-la-localidad-de-Totonicapan-1536x691.jpg 1536w, https:\/\/soymigrante.com\/revista\/wp-content\/uploads\/2023\/06\/Ambos-son-migrantes-guatemaltecos-que-decidieron-trabajar-y-emprender-su-negocio-en-la-localidad-de-Totonicapan-2048x921.jpg 2048w, https:\/\/soymigrante.com\/revista\/wp-content\/uploads\/2023\/06\/Ambos-son-migrantes-guatemaltecos-que-decidieron-trabajar-y-emprender-su-negocio-en-la-localidad-de-Totonicapan-750x337.webp 750w, https:\/\/soymigrante.com\/revista\/wp-content\/uploads\/2023\/06\/Ambos-son-migrantes-guatemaltecos-que-decidieron-trabajar-y-emprender-su-negocio-en-la-localidad-de-Totonicapan-1140x513.jpg 1140w, https:\/\/soymigrante.com\/revista\/wp-content\/uploads\/2023\/06\/Ambos-son-migrantes-guatemaltecos-que-decidieron-trabajar-y-emprender-su-negocio-en-la-localidad-de-Totonicapan-scaled.webp 1920w\" sizes=\"(max-width: 1024px) 100vw, 1024px\" title=\"Un lugar que atiende a toda una localidad \u2013 SoyMigrante.com REVISTA\" \/>\t\t\t\t\t\t\t\t\t\t\t<figcaption class=\"widget-image-caption wp-caption-text\">Ambos son migrantes guatemaltecos, que decidieron trabajar y emprender su negocio en la localidad de Totonicap\u00e1n<\/figcaption>\n\t\t\t\t\t\t\t\t\t\t<\/figure>\n\t\t\t\t\t\t\t\t\t<\/div>\n\t\t\t\t\t<\/div>\n\t\t<\/div>\n\t\t\t\t\t<\/div>\n\t\t<\/section>\n\t\t\t\t<section data-particle_enable=\"false\" data-particle-mobile-disabled=\"false\" class=\"elementor-section elementor-top-section elementor-element elementor-element-9e92f66 elementor-section-boxed elementor-section-height-default elementor-section-height-default\" data-id=\"9e92f66\" data-element_type=\"section\" data-e-type=\"section\">\n\t\t\t\t\t\t<div class=\"elementor-container elementor-column-gap-default\">\n\t\t\t\t\t<div class=\"elementor-column elementor-col-100 elementor-top-column elementor-element elementor-element-6f68f04\" data-id=\"6f68f04\" data-element_type=\"column\" data-e-type=\"column\">\n\t\t\t<div class=\"elementor-widget-wrap elementor-element-populated\">\n\t\t\t\t\t\t<div class=\"elementor-element elementor-element-d9a6d6b elementor-widget elementor-widget-heading\" data-id=\"d9a6d6b\" data-element_type=\"widget\" data-e-type=\"widget\" data-widget_type=\"heading.default\">\n\t\t\t\t\t<h3 class=\"elementor-heading-title elementor-size-default\">Migrantes comparten y multiplican talentos<\/h3>\t\t\t\t<\/div>\n\t\t\t\t<div class=\"elementor-element elementor-element-dac009a elementor-widget elementor-widget-text-editor\" data-id=\"dac009a\" data-element_type=\"widget\" data-e-type=\"widget\" data-widget_type=\"text-editor.default\">\n\t\t\t\t\t\t\t\t\t<p><span style=\"font-weight: 400;\">Es usual que haya alta afluencia de clientes en el sal\u00f3n Tikal 1.\u00a0 La labor es constante para ambos esposos migrantes de vuelta en su terru\u00f1o. Sin embargo no solo se dedican a efectuar el oficio que conocen. Tambi\u00e9n comparten sus conocimientos y experiencias en el mismo. Por eso han abierto espacios de aprendizaje, ya que coordinan\u00a0 espacios para practicantes del Instituto T\u00e9cnico de Capacitaci\u00f3n y productividad INTECAP. Es usual ver a Nicolasa explicando conceptos e instrucciones con se\u00f1oritas de la localidad.\u00a0<\/span><\/p><p><span style=\"font-weight: 400;\">El local\u00a0 se ubica en la 12 avenida de la zona 3 de Totonicap\u00e1n, atienen a damas y caballeros con especialidad de distintos productos. Tambi\u00e9n tienen un \u00e1rea de reparaci\u00f3n de m\u00e1quinas y utensilios de belleza. Los esposos\u00a0 esperan continuar creciendo y apoyando a la econ\u00f3mica local.<\/span><\/p>\t\t\t\t\t\t\t\t<\/div>\n\t\t\t\t\t<\/div>\n\t\t<\/div>\n\t\t\t\t\t<\/div>\n\t\t<\/section>\n\t\t\t\t<section data-particle_enable=\"false\" data-particle-mobile-disabled=\"false\" class=\"elementor-section elementor-top-section elementor-element elementor-element-d1debb7 elementor-section-boxed elementor-section-height-default elementor-section-height-default\" data-id=\"d1debb7\" data-element_type=\"section\" data-e-type=\"section\">\n\t\t\t\t\t\t<div class=\"elementor-container elementor-column-gap-default\">\n\t\t\t\t\t<div class=\"elementor-column elementor-col-100 elementor-top-column elementor-element elementor-element-f31ca73\" data-id=\"f31ca73\" data-element_type=\"column\" data-e-type=\"column\">\n\t\t\t<div class=\"elementor-widget-wrap elementor-element-populated\">\n\t\t\t\t\t\t<div class=\"elementor-element elementor-element-67c46b7 elementor-widget elementor-widget-image\" data-id=\"67c46b7\" data-element_type=\"widget\" data-e-type=\"widget\" data-widget_type=\"image.default\">\n\t\t\t\t\t\t\t\t\t\t\t\t<figure class=\"wp-caption\">\n\t\t\t\t\t\t\t\t\t\t<img loading=\"lazy\" decoding=\"async\" width=\"1024\" height=\"461\" src=\"https:\/\/soymigrante.com\/revista\/wp-content\/uploads\/2023\/06\/Dona-Nico-se-ha-especializo-en-el-arte-del-corte-de-cabello-en-Estados-Unidos.-1024x461.jpg\" class=\"attachment-large size-large wp-image-1267\" alt=\"Un ejemplo familiar\" srcset=\"https:\/\/soymigrante.com\/revista\/wp-content\/uploads\/2023\/06\/Dona-Nico-se-ha-especializo-en-el-arte-del-corte-de-cabello-en-Estados-Unidos.-1024x461.jpg 1024w, https:\/\/soymigrante.com\/revista\/wp-content\/uploads\/2023\/06\/Dona-Nico-se-ha-especializo-en-el-arte-del-corte-de-cabello-en-Estados-Unidos.-300x135.webp 300w, https:\/\/soymigrante.com\/revista\/wp-content\/uploads\/2023\/06\/Dona-Nico-se-ha-especializo-en-el-arte-del-corte-de-cabello-en-Estados-Unidos.-768x345.jpg 768w, https:\/\/soymigrante.com\/revista\/wp-content\/uploads\/2023\/06\/Dona-Nico-se-ha-especializo-en-el-arte-del-corte-de-cabello-en-Estados-Unidos.-1536x691.jpg 1536w, https:\/\/soymigrante.com\/revista\/wp-content\/uploads\/2023\/06\/Dona-Nico-se-ha-especializo-en-el-arte-del-corte-de-cabello-en-Estados-Unidos.-2048x921.jpg 2048w, https:\/\/soymigrante.com\/revista\/wp-content\/uploads\/2023\/06\/Dona-Nico-se-ha-especializo-en-el-arte-del-corte-de-cabello-en-Estados-Unidos.-750x337.webp 750w, https:\/\/soymigrante.com\/revista\/wp-content\/uploads\/2023\/06\/Dona-Nico-se-ha-especializo-en-el-arte-del-corte-de-cabello-en-Estados-Unidos.-1140x513.jpg 1140w, https:\/\/soymigrante.com\/revista\/wp-content\/uploads\/2023\/06\/Dona-Nico-se-ha-especializo-en-el-arte-del-corte-de-cabello-en-Estados-Unidos.-scaled.webp 1920w\" sizes=\"(max-width: 1024px) 100vw, 1024px\" title=\"Un ejemplo familiar \u2013 SoyMigrante.com REVISTA\" \/>\t\t\t\t\t\t\t\t\t\t\t<figcaption class=\"widget-image-caption wp-caption-text\">Do\u00f1a Nico, se ha especializo en el arte del corte de cabello en Estados Unidos.<\/figcaption>\n\t\t\t\t\t\t\t\t\t\t<\/figure>\n\t\t\t\t\t\t\t\t\t<\/div>\n\t\t\t\t\t<\/div>\n\t\t<\/div>\n\t\t\t\t\t<\/div>\n\t\t<\/section>\n\t\t\t\t<section data-particle_enable=\"false\" data-particle-mobile-disabled=\"false\" class=\"elementor-section elementor-top-section elementor-element elementor-element-6a7afc0 elementor-section-boxed elementor-section-height-default elementor-section-height-default\" data-id=\"6a7afc0\" data-element_type=\"section\" data-e-type=\"section\">\n\t\t\t\t\t\t<div class=\"elementor-container elementor-column-gap-default\">\n\t\t\t\t\t<div class=\"elementor-column elementor-col-100 elementor-top-column elementor-element elementor-element-af5ad49\" data-id=\"af5ad49\" data-element_type=\"column\" data-e-type=\"column\">\n\t\t\t<div class=\"elementor-widget-wrap elementor-element-populated\">\n\t\t\t\t\t\t<div class=\"elementor-element elementor-element-2f0c40c elementor-widget elementor-widget-heading\" data-id=\"2f0c40c\" data-element_type=\"widget\" data-e-type=\"widget\" data-widget_type=\"heading.default\">\n\t\t\t\t\t<h3 class=\"elementor-heading-title elementor-size-default\">\u00bfPor qu\u00e9 deciden regresar a su pa\u00eds?<\/h3>\t\t\t\t<\/div>\n\t\t\t\t<div class=\"elementor-element elementor-element-2197e5e elementor-widget elementor-widget-text-editor\" data-id=\"2197e5e\" data-element_type=\"widget\" data-e-type=\"widget\" data-widget_type=\"text-editor.default\">\n\t\t\t\t\t\t\t\t\t<p><span style=\"font-weight: 400;\">\u201cEs nuestro pa\u00eds, nuestra ra\u00edz, es el lugar que nos vio crecer, damos oportunidad para los nuestros y para nosotros\u201d\u00a0 afirma Nicolasa.\u00a0<\/span><span style=\"font-weight: 400; color: var( --e-global-color-text ); background-color: var(--ak-bg-color);\">Las oportunidades se tienen que buscar, agrega, pero tambi\u00e9n se deben visualizar objetivos para mejorar y construir un futuro para s\u00ed mismo y la familia.<\/span><\/p><p><span style=\"font-weight: 400; color: var( --e-global-color-text ); background-color: var(--ak-bg-color);\">Al observar se noto la afluencia de los clientes principalmente de caballeros, las damas deben tomar citas para poder ser atendidas, tambi\u00e9n los clientes se van satisfechos, sin duda alguna han sido una novedad en la localidad por los productos que utilizan y sobre todo la calidad de manejo en los cortes.<\/span><\/p>\t\t\t\t\t\t\t\t<\/div>\n\t\t\t\t\t<\/div>\n\t\t<\/div>\n\t\t\t\t\t<\/div>\n\t\t<\/section>\n\t\t\t\t<section data-particle_enable=\"false\" data-particle-mobile-disabled=\"false\" class=\"elementor-section elementor-top-section elementor-element elementor-element-1a8d88a elementor-section-boxed elementor-section-height-default elementor-section-height-default\" data-id=\"1a8d88a\" data-element_type=\"section\" data-e-type=\"section\">\n\t\t\t\t\t\t<div class=\"elementor-container elementor-column-gap-default\">\n\t\t\t\t\t<div class=\"elementor-column elementor-col-100 elementor-top-column elementor-element elementor-element-3c0e0ec\" data-id=\"3c0e0ec\" data-element_type=\"column\" data-e-type=\"column\">\n\t\t\t<div class=\"elementor-widget-wrap elementor-element-populated\">\n\t\t\t\t\t\t<div class=\"elementor-element elementor-element-23c631a elementor-widget elementor-widget-facebook-embed\" data-id=\"23c631a\" data-element_type=\"widget\" data-e-type=\"widget\" data-widget_type=\"facebook-embed.default\">\n\t\t\t\t\t<div style=\"min-height: 1px\" class=\"elementor-facebook-widget fb-video\" data-href=\"https:\/\/fb.watch\/l5P6BhjDoA\/\" data-show-text=\"false\" data-allowfullscreen=\"false\" data-autoplay=\"false\" data-show-captions=\"false\"><\/div>\t\t\t\t<\/div>\n\t\t\t\t\t<\/div>\n\t\t<\/div>\n\t\t\t\t\t<\/div>\n\t\t<\/section>\n\t\t\t\t<\/div>\n\t\t","protected":false},"excerpt":{"rendered":"<p>Los esposos Zapeta Vel\u00e1squez lograron, como migrantes en Texas, ganarse la vida con el corte de cabello a damas y caballeros. Regresaron a su tierra natal para seguir trabajando con calidad y compartir sus conocimientos. Esta es su historia En la 12 avenida de la zona 3 de Totonicap\u00e1n se encuentra la barber\u00eda y sal\u00f3n [&hellip;]<\/p>\n","protected":false},"author":10,"featured_media":1266,"comment_status":"open","ping_status":"open","sticky":false,"template":"","format":"standard","meta":{"_acf_changed":false,"_eb_attr":"","footnotes":""},"categories":[50,274],"tags":[295],"class_list":["post-1261","post","type-post","status-publish","format-standard","has-post-thumbnail","hentry","category-exitos","category-guatemala","tag-texas"],"acf":[],"aioseo_notices":[],"aioseo_head":"\n\t\t<!-- All in One SEO Pro 4.9.6.2 - aioseo.com -->\n\t<meta name=\"description\" content=\"Los esposos Zapeta Vel\u00e1squez lograron, como migrantes en Texas, ganarse la vida con el corte de cabello a damas y caballeros. Regresaron a su tierra natal para seguir trabajando con calidad y compartir sus conocimientos. Esta es su historia Los esposos Francisco Zapeta y Nicolasa Vel\u00e1squez, originarios de Xant\u00fan, Totonicap\u00e1n tomaron la decisi\u00f3n de migrar\" \/>\n\t<meta name=\"robots\" content=\"max-snippet:-1, max-image-preview:large, max-video-preview:-1\" \/>\n\t<meta name=\"author\" content=\"Diana Batz\"\/>\n\t<link rel=\"canonical\" href=\"https:\/\/soymigrante.com\/revista\/esposos-migrantes-estilistas-guatemaltecos\/\" \/>\n\t<meta name=\"generator\" content=\"All in One SEO Pro (AIOSEO) 4.9.6.2\" \/>\n\n\t\t<link rel=\"preconnect\" href=\"https:\/\/fonts.googleapis.com\" crossorigin>\n<link rel=\"preconnect\" href=\"https:\/\/fonts.gstatic.com\" crossorigin>\n\t\t<meta property=\"og:locale\" content=\"es_ES\" \/>\n\t\t<meta property=\"og:site_name\" content=\"SoyMigrante.com REVISTA \u2013 Nuestra misi\u00f3n es reconocer y dignificar al migrante.\" \/>\n\t\t<meta property=\"og:type\" content=\"article\" \/>\n\t\t<meta property=\"og:title\" content=\"Viaje migrante \u201cde al pelo\u201d, de ida y vuelta, de Totonicap\u00e1n a Texas\" \/>\n\t\t<meta property=\"og:description\" content=\"Los esposos Zapeta Vel\u00e1squez lograron, como migrantes en Texas, ganarse la vida con el corte de cabello a damas y caballeros. Regresaron a su tierra natal para seguir trabajando con calidad y compartir sus conocimientos. Esta es su historia Los esposos Francisco Zapeta y Nicolasa Vel\u00e1squez, originarios de Xant\u00fan, Totonicap\u00e1n tomaron la decisi\u00f3n de migrar\" \/>\n\t\t<meta property=\"og:url\" content=\"https:\/\/soymigrante.com\/revista\/esposos-migrantes-estilistas-guatemaltecos\/\" \/>\n\t\t<meta property=\"og:image\" content=\"https:\/\/soymigrante.com\/revista\/wp-content\/uploads\/2023\/06\/Ambos-son-migrantes-guatemaltecos-que-decidieron-trabajar-y-emprender-su-negocio-en-la-localidad-de-Totonicapan-scaled.webp\" \/>\n\t\t<meta property=\"og:image:secure_url\" content=\"https:\/\/soymigrante.com\/revista\/wp-content\/uploads\/2023\/06\/Ambos-son-migrantes-guatemaltecos-que-decidieron-trabajar-y-emprender-su-negocio-en-la-localidad-de-Totonicapan-scaled.webp\" \/>\n\t\t<meta property=\"og:image:width\" content=\"1920\" \/>\n\t\t<meta property=\"og:image:height\" content=\"864\" \/>\n\t\t<meta property=\"article:published_time\" content=\"2023-06-11T18:28:43+00:00\" \/>\n\t\t<meta property=\"article:modified_time\" content=\"2026-03-11T22:36:04+00:00\" \/>\n\t\t<meta property=\"article:publisher\" content=\"https:\/\/www.facebook.com\/soymigrantecom\" \/>\n\t\t<meta name=\"twitter:card\" content=\"summary_large_image\" \/>\n\t\t<meta name=\"twitter:site\" content=\"@SoyMigrante_com\" \/>\n\t\t<meta name=\"twitter:title\" content=\"Viaje migrante \u201cde al pelo\u201d, de ida y vuelta, de Totonicap\u00e1n a Texas\" \/>\n\t\t<meta name=\"twitter:description\" content=\"Los esposos Zapeta Vel\u00e1squez lograron, como migrantes en Texas, ganarse la vida con el corte de cabello a damas y caballeros. Regresaron a su tierra natal para seguir trabajando con calidad y compartir sus conocimientos. Esta es su historia Los esposos Francisco Zapeta y Nicolasa Vel\u00e1squez, originarios de Xant\u00fan, Totonicap\u00e1n tomaron la decisi\u00f3n de migrar\" \/>\n\t\t<meta name=\"twitter:creator\" content=\"@SoyMigrante_com\" \/>\n\t\t<meta name=\"twitter:image\" content=\"https:\/\/soymigrante.com\/revista\/wp-content\/uploads\/2023\/06\/Ambos-son-migrantes-guatemaltecos-que-decidieron-trabajar-y-emprender-su-negocio-en-la-localidad-de-Totonicapan-scaled.webp\" \/>\n\t\t<!-- All in One SEO Pro -->\r\n\t\t<title>Viaje migrante \u201cde al pelo\u201d, de ida y vuelta, de Totonicap\u00e1n a Texas<\/title>\n\n","aioseo_head_json":{"title":"Viaje migrante \u201cde al pelo\u201d, de ida y vuelta, de Totonicap\u00e1n a Texas","description":"Los esposos Zapeta Vel\u00e1squez lograron, como migrantes en Texas, ganarse la vida con el corte de cabello a damas y caballeros. Regresaron a su tierra natal para seguir trabajando con calidad y compartir sus conocimientos. Esta es su historia Los esposos Francisco Zapeta y Nicolasa Vel\u00e1squez, originarios de Xant\u00fan, Totonicap\u00e1n tomaron la decisi\u00f3n de migrar","canonical_url":"https:\/\/soymigrante.com\/revista\/esposos-migrantes-estilistas-guatemaltecos\/","robots":"max-snippet:-1, max-image-preview:large, max-video-preview:-1","keywords":"","webmasterTools":{"miscellaneous":"&lt;link rel=\"preconnect\" href=\"https:\/\/fonts.googleapis.com\" crossorigin&gt;\n&lt;link rel=\"preconnect\" href=\"https:\/\/fonts.gstatic.com\" crossorigin&gt;"},"schema":null,"og:locale":"es_ES","og:site_name":"SoyMigrante.com REVISTA \u2013 Nuestra misi\u00f3n es reconocer y dignificar al migrante.","og:type":"article","og:title":"Viaje migrante \u201cde al pelo\u201d, de ida y vuelta, de Totonicap\u00e1n a Texas","og:description":"Los esposos Zapeta Vel\u00e1squez lograron, como migrantes en Texas, ganarse la vida con el corte de cabello a damas y caballeros. Regresaron a su tierra natal para seguir trabajando con calidad y compartir sus conocimientos. Esta es su historia Los esposos Francisco Zapeta y Nicolasa Vel\u00e1squez, originarios de Xant\u00fan, Totonicap\u00e1n tomaron la decisi\u00f3n de migrar","og:url":"https:\/\/soymigrante.com\/revista\/esposos-migrantes-estilistas-guatemaltecos\/","og:image":"https:\/\/soymigrante.com\/revista\/wp-content\/uploads\/2023\/06\/Ambos-son-migrantes-guatemaltecos-que-decidieron-trabajar-y-emprender-su-negocio-en-la-localidad-de-Totonicapan-scaled.webp","og:image:secure_url":"https:\/\/soymigrante.com\/revista\/wp-content\/uploads\/2023\/06\/Ambos-son-migrantes-guatemaltecos-que-decidieron-trabajar-y-emprender-su-negocio-en-la-localidad-de-Totonicapan-scaled.webp","og:image:width":1920,"og:image:height":864,"article:published_time":"2023-06-11T18:28:43+00:00","article:modified_time":"2026-03-11T22:36:04+00:00","article:publisher":"https:\/\/www.facebook.com\/soymigrantecom","twitter:card":"summary_large_image","twitter:site":"@SoyMigrante_com","twitter:title":"Viaje migrante \u201cde al pelo\u201d, de ida y vuelta, de Totonicap\u00e1n a Texas","twitter:description":"Los esposos Zapeta Vel\u00e1squez lograron, como migrantes en Texas, ganarse la vida con el corte de cabello a damas y caballeros. Regresaron a su tierra natal para seguir trabajando con calidad y compartir sus conocimientos. Esta es su historia Los esposos Francisco Zapeta y Nicolasa Vel\u00e1squez, originarios de Xant\u00fan, Totonicap\u00e1n tomaron la decisi\u00f3n de migrar","twitter:creator":"@SoyMigrante_com","twitter:image":"https:\/\/soymigrante.com\/revista\/wp-content\/uploads\/2023\/06\/Ambos-son-migrantes-guatemaltecos-que-decidieron-trabajar-y-emprender-su-negocio-en-la-localidad-de-Totonicapan-scaled.webp"},"aioseo_meta_data":{"post_id":"1261","title":null,"description":null,"keywords":null,"keyphrases":{"focus":{"keyphrase":"Migrante","score":65,"analysis":{"keyphraseInTitle":{"score":9,"maxScore":9,"error":0},"keyphraseInDescription":{"score":3,"maxScore":9,"error":1},"keyphraseLength":{"score":9,"maxScore":9,"error":0,"length":1},"keyphraseInURL":{"score":5,"maxScore":5,"error":0},"keyphraseInIntroduction":{"score":3,"maxScore":9,"error":1},"keyphraseInSubHeadings":{"score":3,"maxScore":9,"error":1},"keyphraseInImageAlt":{"score":3,"maxScore":9,"error":1},"keywordDensity":{"type":"best","score":9,"maxScore":9,"error":0}}},"additional":[]},"primary_term":null,"canonical_url":null,"og_title":null,"og_description":null,"og_object_type":"default","og_image_type":"default","og_image_url":null,"og_image_width":null,"og_image_height":null,"og_image_custom_url":null,"og_image_custom_fields":null,"og_video":"","og_custom_url":null,"og_article_section":null,"og_article_tags":null,"twitter_use_og":false,"twitter_card":"default","twitter_image_type":"default","twitter_image_url":null,"twitter_image_custom_url":null,"twitter_image_custom_fields":null,"twitter_title":null,"twitter_description":null,"schema":{"blockGraphs":[],"customGraphs":[],"default":{"data":{"Article":[],"Course":[],"Dataset":[],"FAQPage":[],"Movie":[],"Person":[],"Product":[],"ProductReview":[],"Car":[],"Recipe":[],"Service":[],"SoftwareApplication":[],"WebPage":[]},"graphName":"NewsArticle","isEnabled":true},"graphs":[]},"schema_type":"default","schema_type_options":null,"pillar_content":false,"robots_default":true,"robots_noindex":false,"robots_noarchive":false,"robots_nosnippet":false,"robots_nofollow":false,"robots_noimageindex":false,"robots_noodp":false,"robots_notranslate":false,"robots_max_snippet":"-1","robots_max_videopreview":"-1","robots_max_imagepreview":"large","priority":null,"frequency":"default","local_seo":null,"seo_analyzer_scan_date":"2026-03-16 21:44:41","breadcrumb_settings":null,"limit_modified_date":false,"reviewed_by":"0","open_ai":null,"ai":{"faqs":[],"keyPoints":[],"titles":[],"descriptions":[],"socialPosts":{"email":[],"linkedin":[],"twitter":[],"facebook":[],"instagram":[]}},"created":"2023-08-18 13:12:20","updated":"2026-03-16 21:44:41"},"aioseo_breadcrumb":"<div class=\"aioseo-breadcrumbs\"><span class=\"aioseo-breadcrumb\">\n\t<a href=\"https:\/\/soymigrante.com\/revista\" title=\"Home\">Home<\/a>\n<\/span><span class=\"aioseo-breadcrumb-separator\">\u00bb<\/span><span class=\"aioseo-breadcrumb\">\n\t<a href=\"https:\/\/soymigrante.com\/revista\/category\/exitos\/\" title=\"\u00c9xitos\">\u00c9xitos<\/a>\n<\/span><span class=\"aioseo-breadcrumb-separator\">\u00bb<\/span><span class=\"aioseo-breadcrumb\">\n\t<a href=\"https:\/\/soymigrante.com\/revista\/category\/exitos\/guatemala\/\" title=\"Guatemala\">Guatemala<\/a>\n<\/span><span class=\"aioseo-breadcrumb-separator\">\u00bb<\/span><span class=\"aioseo-breadcrumb\">\n\tViaje migrante \u201cde al pelo\u201d, de ida y vuelta, de Totonicap\u00e1n a Texas\n<\/span><\/div>","aioseo_breadcrumb_json":[{"label":"Home","link":"https:\/\/soymigrante.com\/revista"},{"label":"\u00c9xitos","link":"https:\/\/soymigrante.com\/revista\/category\/exitos\/"},{"label":"Guatemala","link":"https:\/\/soymigrante.com\/revista\/category\/exitos\/guatemala\/"},{"label":"Viaje migrante &#8220;de al pelo&#8221;, de ida y vuelta, de Totonicap\u00e1n a Texas","link":"https:\/\/soymigrante.com\/revista\/esposos-migrantes-estilistas-guatemaltecos\/"}],"_links":{"self":[{"href":"https:\/\/soymigrante.com\/revista\/wp-json\/wp\/v2\/posts\/1261","targetHints":{"allow":["GET"]}}],"collection":[{"href":"https:\/\/soymigrante.com\/revista\/wp-json\/wp\/v2\/posts"}],"about":[{"href":"https:\/\/soymigrante.com\/revista\/wp-json\/wp\/v2\/types\/post"}],"author":[{"embeddable":true,"href":"https:\/\/soymigrante.com\/revista\/wp-json\/wp\/v2\/users\/10"}],"replies":[{"embeddable":true,"href":"https:\/\/soymigrante.com\/revista\/wp-json\/wp\/v2\/comments?post=1261"}],"version-history":[{"count":1,"href":"https:\/\/soymigrante.com\/revista\/wp-json\/wp\/v2\/posts\/1261\/revisions"}],"predecessor-version":[{"id":53577,"href":"https:\/\/soymigrante.com\/revista\/wp-json\/wp\/v2\/posts\/1261\/revisions\/53577"}],"wp:featuredmedia":[{"embeddable":true,"href":"https:\/\/soymigrante.com\/revista\/wp-json\/wp\/v2\/media\/1266"}],"wp:attachment":[{"href":"https:\/\/soymigrante.com\/revista\/wp-json\/wp\/v2\/media?parent=1261"}],"wp:term":[{"taxonomy":"category","embeddable":true,"href":"https:\/\/soymigrante.com\/revista\/wp-json\/wp\/v2\/categories?post=1261"},{"taxonomy":"post_tag","embeddable":true,"href":"https:\/\/soymigrante.com\/revista\/wp-json\/wp\/v2\/tags?post=1261"}],"curies":[{"name":"wp","href":"https:\/\/api.w.org\/{rel}","templated":true}]}}