{"id":12462,"date":"2024-11-11T09:08:36","date_gmt":"2024-11-11T15:08:36","guid":{"rendered":"https:\/\/soymigrante.com\/revista\/?p=12462"},"modified":"2024-11-11T10:10:45","modified_gmt":"2024-11-11T16:10:45","slug":"tu-hijo-tiene-capacidades-diferentes-y-necesita-educacion-especial-te-decimos-en-donde-buscar","status":"publish","type":"post","link":"https:\/\/soymigrante.com\/revista\/tu-hijo-tiene-capacidades-diferentes-y-necesita-educacion-especial-te-decimos-en-donde-buscar\/","title":{"rendered":"\u00bfTu hijo tiene capacidades diferentes y necesita educaci\u00f3n especial? Te decimos en d\u00f3nde buscar"},"content":{"rendered":"\t\t<div data-elementor-type=\"wp-post\" data-elementor-id=\"12462\" class=\"elementor elementor-12462\" data-elementor-post-type=\"post\">\n\t\t\t\t<div data-particle_enable=\"false\" data-particle-mobile-disabled=\"false\" class=\"elementor-element elementor-element-8255e4d e-flex e-con-boxed e-con e-parent\" data-id=\"8255e4d\" data-element_type=\"container\" data-e-type=\"container\">\n\t\t\t\t\t<div class=\"e-con-inner\">\n\t\t\t\t<div class=\"elementor-element elementor-element-b4e17bf elementor-widget elementor-widget-heading\" data-id=\"b4e17bf\" data-element_type=\"widget\" data-e-type=\"widget\" data-widget_type=\"heading.default\">\n\t\t\t\t\t<h2 class=\"elementor-heading-title elementor-size-default\">El acceso a servicios de intervenci\u00f3n temprana y educaci\u00f3n especial puede marcar una gran diferencia en el desarrollo y aprendizaje de ni\u00f1os con discapacidades. Sigue estos consejos.<\/h2>\t\t\t\t<\/div>\n\t\t\t\t\t<\/div>\n\t\t\t\t<\/div>\n\t\t<div data-particle_enable=\"false\" data-particle-mobile-disabled=\"false\" class=\"elementor-element elementor-element-ca47968 e-flex e-con-boxed e-con e-parent\" data-id=\"ca47968\" data-element_type=\"container\" data-e-type=\"container\">\n\t\t\t\t\t<div class=\"e-con-inner\">\n\t\t\t\t<div class=\"elementor-element elementor-element-16c085c elementor-widget elementor-widget-text-editor\" data-id=\"16c085c\" data-element_type=\"widget\" data-e-type=\"widget\" data-widget_type=\"text-editor.default\">\n\t\t\t\t\t\t\t\t\t<p>En este art\u00edculo te explicamos c\u00f3mo identificar y solicitar estos servicios para brindar el apoyo adecuado a tu hijo o hija.<\/p><p>La intervenci\u00f3n temprana y la educaci\u00f3n especial ofrecen recursos esenciales para los ni\u00f1os que presentan discapacidades o retrasos en su desarrollo. Con la orientaci\u00f3n y las evaluaciones adecuadas, las familias pueden acceder a servicios personalizados, como terapia f\u00edsica y del habla, as\u00ed como educaci\u00f3n especializada.<\/p>\t\t\t\t\t\t\t\t<\/div>\n\t\t\t\t\t<\/div>\n\t\t\t\t<\/div>\n\t\t<div data-particle_enable=\"false\" data-particle-mobile-disabled=\"false\" class=\"elementor-element elementor-element-11444c8 e-flex e-con-boxed e-con e-parent\" data-id=\"11444c8\" data-element_type=\"container\" data-e-type=\"container\">\n\t\t\t\t\t<div class=\"e-con-inner\">\n\t\t\t\t<div class=\"elementor-element elementor-element-5f32fc1 elementor-widget elementor-widget-image\" data-id=\"5f32fc1\" data-element_type=\"widget\" data-e-type=\"widget\" data-widget_type=\"image.default\">\n\t\t\t\t\t\t\t\t\t\t\t\t\t\t\t<img fetchpriority=\"high\" decoding=\"async\" width=\"768\" height=\"512\" src=\"https:\/\/soymigrante.com\/revista\/wp-content\/uploads\/2024\/11\/ninos-capacidades-diferentes-1024x683.jpg\" class=\"attachment-large size-large wp-image-12479\" alt=\"Joven en silla de ruedas explorando libros en una biblioteca, promoviendo inclusi\u00f3n, accesibilidad y diversidad en el aprendizaje y la cultura para migrantes y personas con discapacidad.\" srcset=\"https:\/\/soymigrante.com\/revista\/wp-content\/uploads\/2024\/11\/ninos-capacidades-diferentes-1024x683.jpg 1024w, https:\/\/soymigrante.com\/revista\/wp-content\/uploads\/2024\/11\/ninos-capacidades-diferentes-300x200.webp 300w, https:\/\/soymigrante.com\/revista\/wp-content\/uploads\/2024\/11\/ninos-capacidades-diferentes-768x512.jpg 768w, https:\/\/soymigrante.com\/revista\/wp-content\/uploads\/2024\/11\/ninos-capacidades-diferentes-1536x1024.jpg 1536w, https:\/\/soymigrante.com\/revista\/wp-content\/uploads\/2024\/11\/ninos-capacidades-diferentes-2048x1365.jpg 2048w, https:\/\/soymigrante.com\/revista\/wp-content\/uploads\/2024\/11\/ninos-capacidades-diferentes-750x500.webp 750w, https:\/\/soymigrante.com\/revista\/wp-content\/uploads\/2024\/11\/ninos-capacidades-diferentes-1140x760.jpg 1140w, https:\/\/soymigrante.com\/revista\/wp-content\/uploads\/2024\/11\/ninos-capacidades-diferentes-scaled.webp 1920w\" sizes=\"(max-width: 768px) 100vw, 768px\" title=\"ni\u00f1os capacidades diferentes \u2013 SoyMigrante.com REVISTA\" \/>\t\t\t\t\t\t\t\t\t\t\t\t\t\t\t<\/div>\n\t\t\t\t\t<\/div>\n\t\t\t\t<\/div>\n\t\t<div data-particle_enable=\"false\" data-particle-mobile-disabled=\"false\" class=\"elementor-element elementor-element-831c53c e-flex e-con-boxed e-con e-parent\" data-id=\"831c53c\" data-element_type=\"container\" data-e-type=\"container\">\n\t\t\t\t\t<div class=\"e-con-inner\">\n\t\t\t\t<div class=\"elementor-element elementor-element-92ada58 elementor-widget elementor-widget-heading\" data-id=\"92ada58\" data-element_type=\"widget\" data-e-type=\"widget\" data-widget_type=\"heading.default\">\n\t\t\t\t\t<h3 class=\"elementor-heading-title elementor-size-default\">Servicios de intervenci\u00f3n temprana<\/h3>\t\t\t\t<\/div>\n\t\t\t\t\t<\/div>\n\t\t\t\t<\/div>\n\t\t<div data-particle_enable=\"false\" data-particle-mobile-disabled=\"false\" class=\"elementor-element elementor-element-32394f8 e-flex e-con-boxed e-con e-parent\" data-id=\"32394f8\" data-element_type=\"container\" data-e-type=\"container\">\n\t\t\t\t\t<div class=\"e-con-inner\">\n\t\t\t\t<div class=\"elementor-element elementor-element-b192f4c elementor-widget elementor-widget-text-editor\" data-id=\"b192f4c\" data-element_type=\"widget\" data-e-type=\"widget\" data-widget_type=\"text-editor.default\">\n\t\t\t\t\t\t\t\t\t<p><a style=\"text-align: var(--text-align)\" href=\"https:\/\/www.cdc.gov\/ncbddd\/spanish\/actearly\/parents\/intervencionTemprana.html\" target=\"_blank\" rel=\"noopener\">Los servicios de intervenci\u00f3n temprana<\/a>\u00a0se dirigen a ni\u00f1os menores de tres a\u00f1os que presentan alg\u00fan retraso en su desarrollo o una discapacidad. Estos servicios incluyen terapias y apoyos para mejorar sus habilidades y capacidades. Las familias deben contactar al programa de intervenci\u00f3n temprana de su estado o territorio para iniciar una evaluaci\u00f3n y determinar si el ni\u00f1o califica.<\/p><p>Para ni\u00f1os de tres a\u00f1os en adelante, el proceso de evaluaci\u00f3n cambia. Las familias deben comunicarse con una escuela primaria p\u00fablica o el distrito escolar local, sin importar si el ni\u00f1o est\u00e1 inscrito en esa instituci\u00f3n. La evaluaci\u00f3n establecer\u00e1 si el ni\u00f1o es elegible para continuar recibiendo apoyo en su educaci\u00f3n.<\/p>\t\t\t\t\t\t\t\t<\/div>\n\t\t\t\t\t<\/div>\n\t\t\t\t<\/div>\n\t\t<div data-particle_enable=\"false\" data-particle-mobile-disabled=\"false\" class=\"elementor-element elementor-element-65f5342 e-flex e-con-boxed e-con e-parent\" data-id=\"65f5342\" data-element_type=\"container\" data-e-type=\"container\">\n\t\t\t\t\t<div class=\"e-con-inner\">\n\t\t\t\t<div class=\"elementor-element elementor-element-4d72d97 elementor-widget elementor-widget-image\" data-id=\"4d72d97\" data-element_type=\"widget\" data-e-type=\"widget\" data-widget_type=\"image.default\">\n\t\t\t\t\t\t\t\t\t\t\t\t\t\t\t<img decoding=\"async\" width=\"768\" height=\"512\" src=\"https:\/\/soymigrante.com\/revista\/wp-content\/uploads\/2024\/11\/capacidades-diferentes-6-1024x683.jpg\" class=\"attachment-large size-large wp-image-12477\" alt=\"Acceso inclusivo en espacios p\u00fablicos para personas con discapacidad en el contexto de la revista SoyMigrante.com REVISTA.\" srcset=\"https:\/\/soymigrante.com\/revista\/wp-content\/uploads\/2024\/11\/capacidades-diferentes-6-1024x683.jpg 1024w, https:\/\/soymigrante.com\/revista\/wp-content\/uploads\/2024\/11\/capacidades-diferentes-6-300x200.webp 300w, https:\/\/soymigrante.com\/revista\/wp-content\/uploads\/2024\/11\/capacidades-diferentes-6-768x512.jpg 768w, https:\/\/soymigrante.com\/revista\/wp-content\/uploads\/2024\/11\/capacidades-diferentes-6-1536x1024.jpg 1536w, https:\/\/soymigrante.com\/revista\/wp-content\/uploads\/2024\/11\/capacidades-diferentes-6-2048x1365.jpg 2048w, https:\/\/soymigrante.com\/revista\/wp-content\/uploads\/2024\/11\/capacidades-diferentes-6-scaled.webp 1920w\" sizes=\"(max-width: 768px) 100vw, 768px\" title=\"capacidades diferentes 6 \u2013 SoyMigrante.com REVISTA\" \/>\t\t\t\t\t\t\t\t\t\t\t\t\t\t\t<\/div>\n\t\t\t\t\t<\/div>\n\t\t\t\t<\/div>\n\t\t<div data-particle_enable=\"false\" data-particle-mobile-disabled=\"false\" class=\"elementor-element elementor-element-14a8881 e-flex e-con-boxed e-con e-parent\" data-id=\"14a8881\" data-element_type=\"container\" data-e-type=\"container\">\n\t\t\t\t\t<div class=\"e-con-inner\">\n\t\t\t\t<div class=\"elementor-element elementor-element-2feeab7 elementor-widget elementor-widget-heading\" data-id=\"2feeab7\" data-element_type=\"widget\" data-e-type=\"widget\" data-widget_type=\"heading.default\">\n\t\t\t\t\t<h3 class=\"elementor-heading-title elementor-size-default\">Servicios de educaci\u00f3n especial<\/h3>\t\t\t\t<\/div>\n\t\t\t\t\t<\/div>\n\t\t\t\t<\/div>\n\t\t<div data-particle_enable=\"false\" data-particle-mobile-disabled=\"false\" class=\"elementor-element elementor-element-c457ba1 e-flex e-con-boxed e-con e-parent\" data-id=\"c457ba1\" data-element_type=\"container\" data-e-type=\"container\">\n\t\t\t\t\t<div class=\"e-con-inner\">\n\t\t\t\t<div class=\"elementor-element elementor-element-9b554e0 elementor-widget elementor-widget-text-editor\" data-id=\"9b554e0\" data-element_type=\"widget\" data-e-type=\"widget\" data-widget_type=\"text-editor.default\">\n\t\t\t\t\t\t\t\t\t<p>La educaci\u00f3n especial est\u00e1 dise\u00f1ada\u00a0<a href=\"https:\/\/soymigrante.com\/revista\/consejos-para-tener-a-tus-hijos-lejos-de-malas-juntas\/\" target=\"_blank\" rel=\"noopener\">para ni\u00f1os y adolescentes<\/a>\u00a0entre tres y 21 a\u00f1os que tienen una discapacidad. Si el ni\u00f1o califica, se elabora un Programa de Educaci\u00f3n Individualizado (IEP,\u00a0 en ingl\u00e9s), que proporciona ense\u00f1anza adaptada y servicios adicionales sin costo para la familia.<\/p><p>Para iniciar este proceso, los padres deben contactar a su escuela o distrito escolar y solicitar una evaluaci\u00f3n de necesidades educativas.<\/p>\t\t\t\t\t\t\t\t<\/div>\n\t\t\t\t\t<\/div>\n\t\t\t\t<\/div>\n\t\t<div data-particle_enable=\"false\" data-particle-mobile-disabled=\"false\" class=\"elementor-element elementor-element-1334616 e-flex e-con-boxed e-con e-parent\" data-id=\"1334616\" data-element_type=\"container\" data-e-type=\"container\">\n\t\t\t\t\t<div class=\"e-con-inner\">\n\t\t\t\t<div class=\"elementor-element elementor-element-1d21350 elementor-widget elementor-widget-heading\" data-id=\"1d21350\" data-element_type=\"widget\" data-e-type=\"widget\" data-widget_type=\"heading.default\">\n\t\t\t\t\t<h3 class=\"elementor-heading-title elementor-size-default\">Asistencia y Recursos Adicionales\n<\/h3>\t\t\t\t<\/div>\n\t\t\t\t<div class=\"elementor-element elementor-element-f8952fe elementor-widget elementor-widget-text-editor\" data-id=\"f8952fe\" data-element_type=\"widget\" data-e-type=\"widget\" data-widget_type=\"text-editor.default\">\n\t\t\t\t\t\t\t\t\t<p>Los Centros de Capacitaci\u00f3n e Informaci\u00f3n para Padres (PTI) proporcionan informaci\u00f3n y apoyo a familias con hijos de hasta 26 a\u00f1os de edad. Estos centros ayudan a los padres a navegar el sistema de intervenci\u00f3n y educaci\u00f3n especial, ofreciendo recursos personalizados y orientaci\u00f3n en cada estado.<\/p><p>Si la familia considera que\u00a0<a href=\"https:\/\/soymigrante.com\/revista\/tema-dificil-pero-necesario-como-hablar-a-los-hijos-sobre-el-peligro-de-las-drogas\/\" target=\"_blank\" rel=\"noopener\">el ni\u00f1o no est\u00e1 recibiendo los servicios necesarios<\/a>, puede presentar una queja ante el Departamento de Educaci\u00f3n de su estado o territorio. Esto permite que se revisen y ajusten los servicios para satisfacer mejor las necesidades del estudiante.<\/p>\t\t\t\t\t\t\t\t<\/div>\n\t\t\t\t\t<\/div>\n\t\t\t\t<\/div>\n\t\t<div data-particle_enable=\"false\" data-particle-mobile-disabled=\"false\" class=\"elementor-element elementor-element-6b44419 e-flex e-con-boxed e-con e-parent\" data-id=\"6b44419\" data-element_type=\"container\" data-e-type=\"container\">\n\t\t\t\t\t<div class=\"e-con-inner\">\n\t\t\t\t<div class=\"elementor-element elementor-element-b491b27 elementor-widget elementor-widget-image\" data-id=\"b491b27\" data-element_type=\"widget\" data-e-type=\"widget\" data-widget_type=\"image.default\">\n\t\t\t\t\t\t\t\t\t\t\t\t\t\t\t<img decoding=\"async\" width=\"768\" height=\"512\" src=\"https:\/\/soymigrante.com\/revista\/wp-content\/uploads\/2024\/11\/capacidades-diferentes4-1024x683.jpg\" class=\"attachment-large size-large wp-image-12476\" alt=\"Joven artista y su instructora pintando en un taller de arte para migrantes en un espacio de creatividad y aprendizaje.\" srcset=\"https:\/\/soymigrante.com\/revista\/wp-content\/uploads\/2024\/11\/capacidades-diferentes4-1024x683.jpg 1024w, https:\/\/soymigrante.com\/revista\/wp-content\/uploads\/2024\/11\/capacidades-diferentes4-300x200.webp 300w, https:\/\/soymigrante.com\/revista\/wp-content\/uploads\/2024\/11\/capacidades-diferentes4-768x512.jpg 768w, https:\/\/soymigrante.com\/revista\/wp-content\/uploads\/2024\/11\/capacidades-diferentes4-1536x1024.jpg 1536w, https:\/\/soymigrante.com\/revista\/wp-content\/uploads\/2024\/11\/capacidades-diferentes4-2048x1365.jpg 2048w, https:\/\/soymigrante.com\/revista\/wp-content\/uploads\/2024\/11\/capacidades-diferentes4-750x500.webp 750w, https:\/\/soymigrante.com\/revista\/wp-content\/uploads\/2024\/11\/capacidades-diferentes4-1140x760.webp 1140w, https:\/\/soymigrante.com\/revista\/wp-content\/uploads\/2024\/11\/capacidades-diferentes4-scaled.webp 1920w\" sizes=\"(max-width: 768px) 100vw, 768px\" title=\"capacidades diferentes4 \u2013 SoyMigrante.com REVISTA\" \/>\t\t\t\t\t\t\t\t\t\t\t\t\t\t\t<\/div>\n\t\t\t\t\t<\/div>\n\t\t\t\t<\/div>\n\t\t<div data-particle_enable=\"false\" data-particle-mobile-disabled=\"false\" class=\"elementor-element elementor-element-3e38c95 e-flex e-con-boxed e-con e-parent\" data-id=\"3e38c95\" data-element_type=\"container\" data-e-type=\"container\">\n\t\t\t\t\t<div class=\"e-con-inner\">\n\t\t\t\t<div class=\"elementor-element elementor-element-de3c9f8 elementor-widget elementor-widget-text-editor\" data-id=\"de3c9f8\" data-element_type=\"widget\" data-e-type=\"widget\" data-widget_type=\"text-editor.default\">\n\t\t\t\t\t\t\t\t\t<p>La intervenci\u00f3n temprana y la educaci\u00f3n especial brindan una oportunidad clave para que los ni\u00f1os con discapacidades o retrasos en su desarrollo reciban el apoyo que necesitan<a href=\"https:\/\/soymigrante.com\/revista\/aunque-tu-trabajo-en-ee-uu-sea-extenuante-recuerda-que-tus-hijos-aprenden-jugando\/\" target=\"_blank\" style=\"text-align: var(--text-align)\">para su crecimiento integral.<\/a><\/p>\t\t\t\t\t\t\t\t<\/div>\n\t\t\t\t\t<\/div>\n\t\t\t\t<\/div>\n\t\t<div data-particle_enable=\"false\" data-particle-mobile-disabled=\"false\" class=\"elementor-element elementor-element-6a22df4 e-flex e-con-boxed e-con e-parent\" data-id=\"6a22df4\" data-element_type=\"container\" data-e-type=\"container\">\n\t\t\t\t\t<div class=\"e-con-inner\">\n\t\t\t\t<div class=\"elementor-element elementor-element-d80bea8 elementor-widget elementor-widget-heading\" data-id=\"d80bea8\" data-element_type=\"widget\" data-e-type=\"widget\" data-widget_type=\"heading.default\">\n\t\t\t\t\t<h2 class=\"elementor-heading-title elementor-size-default\">Para que tus hijos crezcan sanos y fuertes<\/h2>\t\t\t\t<\/div>\n\t\t\t\t\t<\/div>\n\t\t\t\t<\/div>\n\t\t<div data-particle_enable=\"false\" data-particle-mobile-disabled=\"false\" class=\"elementor-element elementor-element-5d6e1f5 e-flex e-con-boxed e-con e-parent\" data-id=\"5d6e1f5\" data-element_type=\"container\" data-e-type=\"container\">\n\t\t\t\t\t<div class=\"e-con-inner\">\n\t\t\t\t<div class=\"elementor-element elementor-element-5d2fe65 elementor-grid-eael-col-3 elementor-grid-tablet-eael-col-2 elementor-grid-mobile-eael-col-1 elementor-widget elementor-widget-eael-post-grid\" data-id=\"5d2fe65\" data-element_type=\"widget\" data-e-type=\"widget\" data-settings=\"{&quot;eael_post_grid_columns&quot;:&quot;eael-col-3&quot;,&quot;eael_post_grid_columns_tablet&quot;:&quot;eael-col-2&quot;,&quot;eael_post_grid_columns_mobile&quot;:&quot;eael-col-1&quot;}\" data-widget_type=\"eael-post-grid.default\">\n\t\t\t\t\t<div id=\"eael-post-grid-5d2fe65\" class=\"eael-post-grid-container\">\n            <div class=\"eael-post-grid eael-post-appender eael-post-appender-5d2fe65 eael-post-grid-style-one\" data-layout-mode=\"masonry\"><article class=\"eael-grid-post  eael-post-grid-column eael-pg-post-8203 category-bienestar\" data-id=\"8203\">\n        <div class=\"eael-grid-post-holder\">\n            <div class=\"eael-grid-post-holder-inner\"><div class=\"eael-entry-media\"><div class=\"eael-entry-overlay fade-in\"><i class=\"far fa-hand-pointer\" aria-hidden=\"true\"><\/i><a href=\"https:\/\/soymigrante.com\/revista\/como-cuidar-la-alimentacion-de-tus-hijos-instituto-americano-de-salud-digiestiva\/\"><\/a><\/div><div class=\"eael-entry-thumbnail \">\n                <img loading=\"lazy\" decoding=\"async\" width=\"792\" height=\"792\" src=\"https:\/\/soymigrante.com\/revista\/wp-content\/uploads\/2024\/08\/ALIMENTACION-INFANTIL.webp\" class=\"attachment-large size-large wp-image-8242\" alt=\"Disfrutando de una rodaja de sand\u00eda, ni\u00f1a comiendo fruta refrescante, verano, saludable, en el parque, sonriente, saludable y feliz.\" srcset=\"https:\/\/soymigrante.com\/revista\/wp-content\/uploads\/2024\/08\/ALIMENTACION-INFANTIL.webp 792w, https:\/\/soymigrante.com\/revista\/wp-content\/uploads\/2024\/08\/ALIMENTACION-INFANTIL-300x300.webp 300w, https:\/\/soymigrante.com\/revista\/wp-content\/uploads\/2024\/08\/ALIMENTACION-INFANTIL-150x150.webp 150w, https:\/\/soymigrante.com\/revista\/wp-content\/uploads\/2024\/08\/ALIMENTACION-INFANTIL-768x768.webp 768w, https:\/\/soymigrante.com\/revista\/wp-content\/uploads\/2024\/08\/ALIMENTACION-INFANTIL-75x75.webp 75w, https:\/\/soymigrante.com\/revista\/wp-content\/uploads\/2024\/08\/ALIMENTACION-INFANTIL-750x750.webp 750w\" sizes=\"(max-width: 792px) 100vw, 792px\" \/>\n            <\/div>\n        <\/div><div class=\"eael-entry-wrapper\"><header class=\"eael-entry-header\"><h2 class=\"eael-entry-title\"><a class=\"eael-grid-post-link\" href=\"https:\/\/soymigrante.com\/revista\/como-cuidar-la-alimentacion-de-tus-hijos-instituto-americano-de-salud-digiestiva\/\" title=\"C\u00f3mo cuidar la alimentaci\u00f3n de tus hijos: instituto americano de salud digestiva\">C\u00f3mo cuidar la alimentaci\u00f3n de tus hijos: instituto americano de salud digestiva<\/a><\/h2><\/header><div class=\"eael-entry-content\">\n                        <div class=\"eael-grid-post-excerpt\"><a href=\"https:\/\/soymigrante.com\/revista\/como-cuidar-la-alimentacion-de-tus-hijos-instituto-americano-de-salud-digiestiva\/\" class=\"eael-post-elements-readmore-btn\">CONOCE SU HISTORIA <\/a><\/div>\n                    <\/div><\/div><\/div>\n        <\/div>\n    <\/article><article class=\"eael-grid-post  eael-post-grid-column eael-pg-post-8187 category-bienestar\" data-id=\"8187\">\n        <div class=\"eael-grid-post-holder\">\n            <div class=\"eael-grid-post-holder-inner\"><div class=\"eael-entry-media\"><div class=\"eael-entry-overlay fade-in\"><i class=\"far fa-hand-pointer\" aria-hidden=\"true\"><\/i><a href=\"https:\/\/soymigrante.com\/revista\/aunque-tu-trabajo-en-ee-uu-sea-extenuante-recuerda-que-tus-hijos-aprenden-jugando\/\"><\/a><\/div><div class=\"eael-entry-thumbnail \">\n                <img loading=\"lazy\" decoding=\"async\" width=\"1024\" height=\"1024\" src=\"https:\/\/soymigrante.com\/revista\/wp-content\/uploads\/2024\/08\/padres-jugando-con-sus-hijos-soy-migrante-1-scaled-e1724182673371-1024x1024.webp\" class=\"attachment-large size-large wp-image-8197\" alt=\"Hombre y ni\u00f1a jugando a un juego de apilamiento con bloques de madera en un ambiente familiar y acogedor.\" srcset=\"https:\/\/soymigrante.com\/revista\/wp-content\/uploads\/2024\/08\/padres-jugando-con-sus-hijos-soy-migrante-1-scaled-e1724182673371-1024x1024.webp 1024w, https:\/\/soymigrante.com\/revista\/wp-content\/uploads\/2024\/08\/padres-jugando-con-sus-hijos-soy-migrante-1-scaled-e1724182673371-300x300.webp 300w, https:\/\/soymigrante.com\/revista\/wp-content\/uploads\/2024\/08\/padres-jugando-con-sus-hijos-soy-migrante-1-scaled-e1724182673371-150x150.webp 150w, https:\/\/soymigrante.com\/revista\/wp-content\/uploads\/2024\/08\/padres-jugando-con-sus-hijos-soy-migrante-1-scaled-e1724182673371-768x768.webp 768w, https:\/\/soymigrante.com\/revista\/wp-content\/uploads\/2024\/08\/padres-jugando-con-sus-hijos-soy-migrante-1-scaled-e1724182673371-1536x1536.webp 1536w, https:\/\/soymigrante.com\/revista\/wp-content\/uploads\/2024\/08\/padres-jugando-con-sus-hijos-soy-migrante-1-scaled-e1724182673371-75x75.webp 75w, https:\/\/soymigrante.com\/revista\/wp-content\/uploads\/2024\/08\/padres-jugando-con-sus-hijos-soy-migrante-1-scaled-e1724182673371-750x750.webp 750w, https:\/\/soymigrante.com\/revista\/wp-content\/uploads\/2024\/08\/padres-jugando-con-sus-hijos-soy-migrante-1-scaled-e1724182673371-1140x1140.webp 1140w, https:\/\/soymigrante.com\/revista\/wp-content\/uploads\/2024\/08\/padres-jugando-con-sus-hijos-soy-migrante-1-scaled-e1724182673371.webp 1728w\" sizes=\"(max-width: 1024px) 100vw, 1024px\" \/>\n            <\/div>\n        <\/div><div class=\"eael-entry-wrapper\"><header class=\"eael-entry-header\"><h2 class=\"eael-entry-title\"><a class=\"eael-grid-post-link\" href=\"https:\/\/soymigrante.com\/revista\/aunque-tu-trabajo-en-ee-uu-sea-extenuante-recuerda-que-tus-hijos-aprenden-jugando\/\" title=\"Aunque tu trabajo en EE. UU. sea extenuante, recuerda que tus hijos aprenden jugando\">Aunque tu trabajo en EE. UU. sea extenuante, recuerda que tus hijos aprenden jugando<\/a><\/h2><\/header><div class=\"eael-entry-content\">\n                        <div class=\"eael-grid-post-excerpt\"><a href=\"https:\/\/soymigrante.com\/revista\/aunque-tu-trabajo-en-ee-uu-sea-extenuante-recuerda-que-tus-hijos-aprenden-jugando\/\" class=\"eael-post-elements-readmore-btn\">CONOCE SU HISTORIA <\/a><\/div>\n                    <\/div><\/div><\/div>\n        <\/div>\n    <\/article><article class=\"eael-grid-post  eael-post-grid-column eael-pg-post-8026 category-bienestar\" data-id=\"8026\">\n        <div class=\"eael-grid-post-holder\">\n            <div class=\"eael-grid-post-holder-inner\"><div class=\"eael-entry-media\"><div class=\"eael-entry-overlay fade-in\"><i class=\"far fa-hand-pointer\" aria-hidden=\"true\"><\/i><a href=\"https:\/\/soymigrante.com\/revista\/algunas-claves-sobre-el-cuidado-de-los-ninos-de-cero-a-5-anos\/\"><\/a><\/div><div class=\"eael-entry-thumbnail \">\n                <img loading=\"lazy\" decoding=\"async\" width=\"1024\" height=\"683\" src=\"https:\/\/soymigrante.com\/revista\/wp-content\/uploads\/2024\/08\/Desarrollo-infantil-envato-1024x683.webp\" class=\"attachment-large size-large wp-image-8041\" alt=\"Ni\u00f1a en parque infantil deslizando en tobog\u00e1n, juego para ni\u00f1os, diversi\u00f3n infantil, espacio de recreo y esparcimiento, infancia y juegos.\" \/>\n            <\/div>\n        <\/div><div class=\"eael-entry-wrapper\"><header class=\"eael-entry-header\"><h2 class=\"eael-entry-title\"><a class=\"eael-grid-post-link\" href=\"https:\/\/soymigrante.com\/revista\/algunas-claves-sobre-el-cuidado-de-los-ninos-de-cero-a-5-anos\/\" title=\"Algunas claves sobre el cuidado de los ni\u00f1os de cero a 5 a\u00f1os\">Algunas claves sobre el cuidado de los ni\u00f1os de cero a 5 a\u00f1os<\/a><\/h2><\/header><div class=\"eael-entry-content\">\n                        <div class=\"eael-grid-post-excerpt\"><a href=\"https:\/\/soymigrante.com\/revista\/algunas-claves-sobre-el-cuidado-de-los-ninos-de-cero-a-5-anos\/\" class=\"eael-post-elements-readmore-btn\">CONOCE SU HISTORIA <\/a><\/div>\n                    <\/div><\/div><\/div>\n        <\/div>\n    <\/article><\/div>\n            <div class=\"clearfix\"><\/div>\n        <\/div>\t\t\t\t<\/div>\n\t\t\t\t\t<\/div>\n\t\t\t\t<\/div>\n\t\t\t\t<\/div>\n\t\t","protected":false},"excerpt":{"rendered":"<p>El acceso a servicios de intervenci\u00f3n temprana y educaci\u00f3n especial puede marcar una gran diferencia en el desarrollo y aprendizaje de ni\u00f1os con discapacidades. Sigue estos consejos. En este art\u00edculo te explicamos c\u00f3mo identificar y solicitar estos servicios para brindar el apoyo adecuado a tu hijo o hija. La intervenci\u00f3n temprana y la educaci\u00f3n especial [&hellip;]<\/p>\n","protected":false},"author":23,"featured_media":12469,"comment_status":"open","ping_status":"open","sticky":false,"template":"","format":"standard","meta":{"_acf_changed":false,"_eb_attr":"","footnotes":""},"categories":[55],"tags":[],"class_list":["post-12462","post","type-post","status-publish","format-standard","has-post-thumbnail","hentry","category-bienestar"],"acf":[],"aioseo_notices":[],"aioseo_head":"\n\t\t<!-- All in One SEO Pro 4.9.6.2 - aioseo.com -->\n\t<meta name=\"description\" content=\"El desarrollo de tus hijos entre el primer a\u00f1o y los cincos a\u00f1os de vida son fundamentales en su desenvolvimiento y aprendizaje.\" \/>\n\t<meta name=\"robots\" content=\"max-snippet:-1, max-image-preview:large, max-video-preview:-1\" \/>\n\t<meta name=\"author\" content=\"Beatriz Tercero\"\/>\n\t<link rel=\"canonical\" href=\"https:\/\/soymigrante.com\/revista\/algunas-claves-sobre-el-cuidado-de-los-ninos-de-cero-a-5-anos\/\" \/>\n\t<meta name=\"generator\" content=\"All in One SEO Pro (AIOSEO) 4.9.6.2\" \/>\n\n\t\t<link rel=\"preconnect\" href=\"https:\/\/fonts.googleapis.com\" crossorigin>\n<link rel=\"preconnect\" href=\"https:\/\/fonts.gstatic.com\" crossorigin>\n\t\t<meta property=\"og:locale\" content=\"es_ES\" \/>\n\t\t<meta property=\"og:site_name\" content=\"SoyMigrante.com REVISTA \u2013 Nuestra misi\u00f3n es reconocer y dignificar al migrante.\" \/>\n\t\t<meta property=\"og:type\" content=\"article\" \/>\n\t\t<meta property=\"og:title\" content=\"Algunas claves para el cuidado de ni\u00f1os de 0 a 5 a\u00f1os\" \/>\n\t\t<meta property=\"og:description\" content=\"El desarrollo de tus hijos entre el primer a\u00f1o y los cincos a\u00f1os de vida son fundamentales en su desenvolvimiento y aprendizaje.\" \/>\n\t\t<meta property=\"og:url\" content=\"https:\/\/soymigrante.com\/revista\/algunas-claves-sobre-el-cuidado-de-los-ninos-de-cero-a-5-anos\/\" \/>\n\t\t<meta property=\"og:image\" content=\"https:\/\/soymigrante.com\/revista\/wp-content\/uploads\/2024\/08\/Desarrollo-infantil-envato-scaled-e1723822763708.webp\" \/>\n\t\t<meta property=\"og:image:secure_url\" content=\"https:\/\/soymigrante.com\/revista\/wp-content\/uploads\/2024\/08\/Desarrollo-infantil-envato-scaled-e1723822763708.webp\" \/>\n\t\t<meta property=\"og:image:width\" content=\"1020\" \/>\n\t\t<meta property=\"og:image:height\" content=\"1020\" \/>\n\t\t<meta property=\"article:published_time\" content=\"2024-08-16T15:26:18+00:00\" \/>\n\t\t<meta property=\"article:modified_time\" content=\"2024-08-16T15:39:32+00:00\" \/>\n\t\t<meta property=\"article:publisher\" content=\"https:\/\/www.facebook.com\/soymigrantecom\" \/>\n\t\t<meta name=\"twitter:card\" content=\"summary_large_image\" \/>\n\t\t<meta name=\"twitter:site\" content=\"@SoyMigrante_com\" \/>\n\t\t<meta name=\"twitter:title\" content=\"Algunas claves para el cuidado de ni\u00f1os de 0 a 5 a\u00f1os\" \/>\n\t\t<meta name=\"twitter:description\" content=\"El desarrollo de tus hijos entre el primer a\u00f1o y los cincos a\u00f1os de vida son fundamentales en su desenvolvimiento y aprendizaje.\" \/>\n\t\t<meta name=\"twitter:creator\" content=\"@SoyMigrante_com\" \/>\n\t\t<meta name=\"twitter:image\" content=\"https:\/\/soymigrante.com\/revista\/wp-content\/uploads\/2024\/08\/Desarrollo-infantil-envato-scaled-e1723822763708.webp\" \/>\n\t\t<!-- All in One SEO Pro -->\r\n\t\t<title>Algunas claves para el cuidado de ni\u00f1os de 0 a 5 a\u00f1os<\/title>\n\n","aioseo_head_json":{"title":"Algunas claves para el cuidado de ni\u00f1os de 0 a 5 a\u00f1os","description":"El desarrollo de tus hijos entre el primer a\u00f1o y los cincos a\u00f1os de vida son fundamentales en su desenvolvimiento y aprendizaje.","canonical_url":"https:\/\/soymigrante.com\/revista\/algunas-claves-sobre-el-cuidado-de-los-ninos-de-cero-a-5-anos\/","robots":"max-snippet:-1, max-image-preview:large, max-video-preview:-1","keywords":"","webmasterTools":{"miscellaneous":"&lt;link rel=\"preconnect\" href=\"https:\/\/fonts.googleapis.com\" crossorigin&gt;\n&lt;link rel=\"preconnect\" href=\"https:\/\/fonts.gstatic.com\" crossorigin&gt;"},"schema":null,"og:locale":"es_ES","og:site_name":"SoyMigrante.com REVISTA \u2013 Nuestra misi\u00f3n es reconocer y dignificar al migrante.","og:type":"article","og:title":"Algunas claves para el cuidado de ni\u00f1os de 0 a 5 a\u00f1os","og:description":"El desarrollo de tus hijos entre el primer a\u00f1o y los cincos a\u00f1os de vida son fundamentales en su desenvolvimiento y aprendizaje.","og:url":"https:\/\/soymigrante.com\/revista\/algunas-claves-sobre-el-cuidado-de-los-ninos-de-cero-a-5-anos\/","og:image":"https:\/\/soymigrante.com\/revista\/wp-content\/uploads\/2024\/08\/Desarrollo-infantil-envato-scaled-e1723822763708.webp","og:image:secure_url":"https:\/\/soymigrante.com\/revista\/wp-content\/uploads\/2024\/08\/Desarrollo-infantil-envato-scaled-e1723822763708.webp","og:image:width":1020,"og:image:height":1020,"article:published_time":"2024-08-16T15:26:18+00:00","article:modified_time":"2024-08-16T15:39:32+00:00","article:publisher":"https:\/\/www.facebook.com\/soymigrantecom","twitter:card":"summary_large_image","twitter:site":"@SoyMigrante_com","twitter:title":"Algunas claves para el cuidado de ni\u00f1os de 0 a 5 a\u00f1os","twitter:description":"El desarrollo de tus hijos entre el primer a\u00f1o y los cincos a\u00f1os de vida son fundamentales en su desenvolvimiento y aprendizaje.","twitter:creator":"@SoyMigrante_com","twitter:image":"https:\/\/soymigrante.com\/revista\/wp-content\/uploads\/2024\/08\/Desarrollo-infantil-envato-scaled-e1723822763708.webp"},"aioseo_meta_data":{"post_id":"12462","title":"C\u00f3mo solicitar servicios de educaci\u00f3n especial para tu hijo","description":"El acceso a servicios de intervenci\u00f3n temprana y educaci\u00f3n especial puede marcar una gran diferencia en el desarrollo y aprendizaje de ni\u00f1os con discapacidades.","keywords":null,"keyphrases":{"focus":{"keyphrase":"educaci\u00f3n especial","score":74,"analysis":{"keyphraseInTitle":{"score":9,"maxScore":9,"error":0},"keyphraseInDescription":{"score":9,"maxScore":9,"error":0},"keyphraseLength":{"score":9,"maxScore":9,"error":0,"length":3},"keyphraseInURL":{"score":5,"maxScore":5,"error":0},"keyphraseInIntroduction":{"score":3,"maxScore":9,"error":1},"keyphraseInSubHeadings":{"score":3,"maxScore":9,"error":1},"keyphraseInImageAlt":{"score":3,"maxScore":9,"error":1},"keywordDensity":{"type":"best","score":9,"maxScore":9,"error":0}}},"additional":[{"keyphrase":"capacidades diferentes","score":40,"analysis":{"keyphraseInDescription":{"score":3,"maxScore":9,"error":1},"keyphraseLength":{"score":9,"maxScore":9,"error":0,"length":2},"keyphraseInIntroduction":{"score":3,"maxScore":9,"error":1},"keyphraseInImageAlt":{"score":3,"maxScore":9,"error":1},"keywordDensity":{"score":0,"type":"low","maxScore":9,"error":1}}},{"keyphrase":"hijos","score":73,"analysis":{"keyphraseInDescription":{"score":3,"maxScore":9,"error":1},"keyphraseLength":{"score":9,"maxScore":9,"error":0,"length":1},"keyphraseInIntroduction":{"score":3,"maxScore":9,"error":1},"keyphraseInImageAlt":{"score":9,"maxScore":9,"error":0},"keywordDensity":{"type":"best","score":9,"maxScore":9,"error":0}}},{"keyphrase":"soy migrante","score":40,"analysis":{"keyphraseInDescription":{"score":3,"maxScore":9,"error":1},"keyphraseLength":{"score":9,"maxScore":9,"error":0,"length":2},"keyphraseInIntroduction":{"score":3,"maxScore":9,"error":1},"keyphraseInImageAlt":{"score":3,"maxScore":9,"error":1},"keywordDensity":{"score":0,"type":"low","maxScore":9,"error":1}}}]},"primary_term":null,"canonical_url":null,"og_title":null,"og_description":null,"og_object_type":"default","og_image_type":"default","og_image_url":null,"og_image_width":null,"og_image_height":null,"og_image_custom_url":null,"og_image_custom_fields":null,"og_video":"","og_custom_url":null,"og_article_section":null,"og_article_tags":null,"twitter_use_og":false,"twitter_card":"default","twitter_image_type":"default","twitter_image_url":null,"twitter_image_custom_url":null,"twitter_image_custom_fields":null,"twitter_title":null,"twitter_description":null,"schema":{"blockGraphs":[],"customGraphs":[],"default":{"data":{"Article":[],"Course":[],"Dataset":[],"FAQPage":[],"Movie":[],"Person":[],"Product":[],"ProductReview":[],"Car":[],"Recipe":[],"Service":[],"SoftwareApplication":[],"WebPage":[]},"graphName":"Article","isEnabled":true},"graphs":[]},"schema_type":"default","schema_type_options":null,"pillar_content":false,"robots_default":true,"robots_noindex":false,"robots_noarchive":false,"robots_nosnippet":false,"robots_nofollow":false,"robots_noimageindex":false,"robots_noodp":false,"robots_notranslate":false,"robots_max_snippet":"-1","robots_max_videopreview":"-1","robots_max_imagepreview":"large","priority":null,"frequency":"default","local_seo":null,"seo_analyzer_scan_date":"2025-10-09 00:09:44","breadcrumb_settings":null,"limit_modified_date":false,"reviewed_by":null,"open_ai":"{\"title\":{\"suggestions\":[],\"usage\":0},\"description\":{\"suggestions\":[],\"usage\":0}}","ai":null,"created":"2024-11-07 01:51:06","updated":"2026-02-04 16:27:15"},"aioseo_breadcrumb":"<div class=\"aioseo-breadcrumbs\"><span class=\"aioseo-breadcrumb\">\n\t<a href=\"https:\/\/soymigrante.com\/revista\" title=\"Home\">Home<\/a>\n<\/span><span class=\"aioseo-breadcrumb-separator\">\u00bb<\/span><span class=\"aioseo-breadcrumb\">\n\t<a href=\"https:\/\/soymigrante.com\/revista\/category\/bienestar\/\" title=\"Bienestar\">Bienestar<\/a>\n<\/span><span class=\"aioseo-breadcrumb-separator\">\u00bb<\/span><span class=\"aioseo-breadcrumb\">\n\t\u00bfTu hijo tiene capacidades diferentes y necesita educaci\u00f3n especial? Te decimos en d\u00f3nde buscar\n<\/span><\/div>","aioseo_breadcrumb_json":[{"label":"Home","link":"https:\/\/soymigrante.com\/revista"},{"label":"Bienestar","link":"https:\/\/soymigrante.com\/revista\/category\/bienestar\/"},{"label":"\u00bfTu hijo tiene capacidades diferentes y necesita educaci\u00f3n especial? Te decimos en d\u00f3nde buscar","link":"https:\/\/soymigrante.com\/revista\/tu-hijo-tiene-capacidades-diferentes-y-necesita-educacion-especial-te-decimos-en-donde-buscar\/"}],"_links":{"self":[{"href":"https:\/\/soymigrante.com\/revista\/wp-json\/wp\/v2\/posts\/12462","targetHints":{"allow":["GET"]}}],"collection":[{"href":"https:\/\/soymigrante.com\/revista\/wp-json\/wp\/v2\/posts"}],"about":[{"href":"https:\/\/soymigrante.com\/revista\/wp-json\/wp\/v2\/types\/post"}],"author":[{"embeddable":true,"href":"https:\/\/soymigrante.com\/revista\/wp-json\/wp\/v2\/users\/23"}],"replies":[{"embeddable":true,"href":"https:\/\/soymigrante.com\/revista\/wp-json\/wp\/v2\/comments?post=12462"}],"version-history":[{"count":0,"href":"https:\/\/soymigrante.com\/revista\/wp-json\/wp\/v2\/posts\/12462\/revisions"}],"wp:featuredmedia":[{"embeddable":true,"href":"https:\/\/soymigrante.com\/revista\/wp-json\/wp\/v2\/media\/12469"}],"wp:attachment":[{"href":"https:\/\/soymigrante.com\/revista\/wp-json\/wp\/v2\/media?parent=12462"}],"wp:term":[{"taxonomy":"category","embeddable":true,"href":"https:\/\/soymigrante.com\/revista\/wp-json\/wp\/v2\/categories?post=12462"},{"taxonomy":"post_tag","embeddable":true,"href":"https:\/\/soymigrante.com\/revista\/wp-json\/wp\/v2\/tags?post=12462"}],"curies":[{"name":"wp","href":"https:\/\/api.w.org\/{rel}","templated":true}]}}