{"id":12420,"date":"2024-11-07T05:00:00","date_gmt":"2024-11-07T11:00:00","guid":{"rendered":"https:\/\/soymigrante.com\/revista\/?p=12420"},"modified":"2024-11-06T20:06:02","modified_gmt":"2024-11-07T02:06:02","slug":"siete-inventos-guatemaltecos-que-siguen-dejando-huella-en-la-historia","status":"publish","type":"post","link":"https:\/\/soymigrante.com\/revista\/siete-inventos-guatemaltecos-que-siguen-dejando-huella-en-la-historia\/","title":{"rendered":"Siete inventos guatemaltecos que siguen dejando huella en la historia"},"content":{"rendered":"\t\t<div data-elementor-type=\"wp-post\" data-elementor-id=\"12420\" class=\"elementor elementor-12420\" data-elementor-post-type=\"post\">\n\t\t\t\t<div data-particle_enable=\"false\" data-particle-mobile-disabled=\"false\" class=\"elementor-element elementor-element-2cbaae1 e-flex e-con-boxed e-con e-parent\" data-id=\"2cbaae1\" data-element_type=\"container\" data-e-type=\"container\">\n\t\t\t\t\t<div class=\"e-con-inner\">\n\t\t\t\t<div class=\"elementor-element elementor-element-f2fab3d elementor-widget elementor-widget-heading\" data-id=\"f2fab3d\" data-element_type=\"widget\" data-e-type=\"widget\" data-widget_type=\"heading.default\">\n\t\t\t\t\t<h2 class=\"elementor-heading-title elementor-size-default\">Guatemala ha hecho contribuciones notables en diversos campos, desde la astronom\u00eda y la matem\u00e1tica hasta la tecnolog\u00eda moderna y la salud.\n<\/h2>\t\t\t\t<\/div>\n\t\t\t\t\t<\/div>\n\t\t\t\t<\/div>\n\t\t<div data-particle_enable=\"false\" data-particle-mobile-disabled=\"false\" class=\"elementor-element elementor-element-d65c3a1 e-flex e-con-boxed e-con e-parent\" data-id=\"d65c3a1\" data-element_type=\"container\" data-e-type=\"container\">\n\t\t\t\t\t<div class=\"e-con-inner\">\n\t\t\t\t<div class=\"elementor-element elementor-element-c86f13d elementor-widget elementor-widget-text-editor\" data-id=\"c86f13d\" data-element_type=\"widget\" data-e-type=\"widget\" data-widget_type=\"text-editor.default\">\n\t\t\t\t\t\t\t\t\t<p><a href=\"https:\/\/soymigrante.com\/revista\/category\/guate-nuestra\/\" target=\"_blank\" rel=\"noopener\">Guatemala ha sido cuna de importantes descubrimientos y avances,<\/a> desde logros matem\u00e1ticos milenarios hasta innovaciones tecnol\u00f3gicas actuales.<\/p><p>A continuaci\u00f3n, exploramos algunos de los inventos guatemaltecos m\u00e1s destacados y c\u00f3mo han impactado en el mundo.<\/p>\t\t\t\t\t\t\t\t<\/div>\n\t\t\t\t\t<\/div>\n\t\t\t\t<\/div>\n\t\t<div data-particle_enable=\"false\" data-particle-mobile-disabled=\"false\" class=\"elementor-element elementor-element-4a903ca e-flex e-con-boxed e-con e-parent\" data-id=\"4a903ca\" data-element_type=\"container\" data-e-type=\"container\">\n\t\t\t\t\t<div class=\"e-con-inner\">\n\t\t\t\t<div class=\"elementor-element elementor-element-e2dffcc elementor-widget elementor-widget-heading\" data-id=\"e2dffcc\" data-element_type=\"widget\" data-e-type=\"widget\" data-widget_type=\"heading.default\">\n\t\t\t\t\t<h3 class=\"elementor-heading-title elementor-size-default\">1. El Caf\u00e9 Instant\u00e1neo<\/h3>\t\t\t\t<\/div>\n\t\t\t\t\t<\/div>\n\t\t\t\t<\/div>\n\t\t<div data-particle_enable=\"false\" data-particle-mobile-disabled=\"false\" class=\"elementor-element elementor-element-db5d7ee e-flex e-con-boxed e-con e-parent\" data-id=\"db5d7ee\" data-element_type=\"container\" data-e-type=\"container\">\n\t\t\t\t\t<div class=\"e-con-inner\">\n\t\t\t\t<div class=\"elementor-element elementor-element-a66a7d3 elementor-widget elementor-widget-text-editor\" data-id=\"a66a7d3\" data-element_type=\"widget\" data-e-type=\"widget\" data-widget_type=\"text-editor.default\">\n\t\t\t\t\t\t\t\t\t<div>Guatemala, conocido por su excelente producci\u00f3n de caf\u00e9, tambi\u00e9n tiene un lugar especial en la historia del caf\u00e9 instant\u00e1neo. <a href=\"https:\/\/soymigrante.com\/revista\/category\/guate-nuestra\/\" target=\"_blank\" rel=\"noopener\">En la d\u00e9cada de 1910, se desarrollaron en el pa\u00eds los primeros experimentos para crear una versi\u00f3n instant\u00e1nea de esta bebida.\u00a0<\/a><\/div><div>\u00a0<\/div><div>La innovaci\u00f3n consist\u00eda en deshidratar el caf\u00e9 y convertirlo en polvo para facilitar su preparaci\u00f3n y consumo. Aunque las versiones comerciales exitosas llegaron despu\u00e9s, el caf\u00e9 instant\u00e1neo guatemalteco mostr\u00f3 el potencial para llevar el sabor del caf\u00e9 a los hogares del mundo.<\/div><div><strong>\u2022Impacto:<\/strong> El caf\u00e9 instant\u00e1neo se populariz\u00f3 globalmente por su conveniencia, revolucionando la forma en que el caf\u00e9 se consume y convirti\u00e9ndose en un producto b\u00e1sico en muchos hogares.<\/div>\t\t\t\t\t\t\t\t<\/div>\n\t\t\t\t\t<\/div>\n\t\t\t\t<\/div>\n\t\t<div data-particle_enable=\"false\" data-particle-mobile-disabled=\"false\" class=\"elementor-element elementor-element-a992e90 e-flex e-con-boxed e-con e-parent\" data-id=\"a992e90\" data-element_type=\"container\" data-e-type=\"container\">\n\t\t\t\t\t<div class=\"e-con-inner\">\n\t\t\t\t<div class=\"elementor-element elementor-element-ee45fbf elementor-widget elementor-widget-video\" data-id=\"ee45fbf\" data-element_type=\"widget\" data-e-type=\"widget\" data-settings=\"{&quot;youtube_url&quot;:&quot;https:\\\/\\\/www.youtube.com\\\/watch?v=NW_XuHMxBRI&quot;,&quot;video_type&quot;:&quot;youtube&quot;,&quot;controls&quot;:&quot;yes&quot;}\" data-widget_type=\"video.default\">\n\t\t\t\t\t\t\t<div class=\"elementor-wrapper elementor-open-inline\">\n\t\t\t<div class=\"elementor-video\"><\/div>\t\t<\/div>\n\t\t\t\t\t\t<\/div>\n\t\t\t\t\t<\/div>\n\t\t\t\t<\/div>\n\t\t<div data-particle_enable=\"false\" data-particle-mobile-disabled=\"false\" class=\"elementor-element elementor-element-da0c214 e-flex e-con-boxed e-con e-parent\" data-id=\"da0c214\" data-element_type=\"container\" data-e-type=\"container\">\n\t\t\t\t\t<div class=\"e-con-inner\">\n\t\t\t\t<div class=\"elementor-element elementor-element-35e7c49 elementor-widget elementor-widget-heading\" data-id=\"35e7c49\" data-element_type=\"widget\" data-e-type=\"widget\" data-widget_type=\"heading.default\">\n\t\t\t\t\t<h3 class=\"elementor-heading-title elementor-size-default\">2. El Cero en la Matem\u00e1tica Maya<\/h3>\t\t\t\t<\/div>\n\t\t\t\t\t<\/div>\n\t\t\t\t<\/div>\n\t\t<div data-particle_enable=\"false\" data-particle-mobile-disabled=\"false\" class=\"elementor-element elementor-element-6dc3d90 e-flex e-con-boxed e-con e-parent\" data-id=\"6dc3d90\" data-element_type=\"container\" data-e-type=\"container\">\n\t\t\t\t\t<div class=\"e-con-inner\">\n\t\t\t\t<div class=\"elementor-element elementor-element-234140f elementor-widget elementor-widget-text-editor\" data-id=\"234140f\" data-element_type=\"widget\" data-e-type=\"widget\" data-widget_type=\"text-editor.default\">\n\t\t\t\t\t\t\t\t\t<div>Uno de los mayores legados de la antigua civilizaci\u00f3n maya fue su sistema num\u00e9rico, que incluy\u00f3 el concepto del cero mucho antes que otros sistemas num\u00e9ricos en el mundo. <a href=\"https:\/\/soymigrante.com\/revista\/category\/guate-nuestra\/\" target=\"_blank\" rel=\"noopener\">Los mayas utilizaban una notaci\u00f3n vigesimal (base 20) y representaban el cero con una concha.<\/a> Este s\u00edmbolo permit\u00eda a los mayas llevar un registro preciso del tiempo y desarrollar complejos calendarios astron\u00f3micos.<\/div><div><strong>\u2022Impacto:<\/strong> La incorporaci\u00f3n del cero fue un avance matem\u00e1tico de enorme relevancia, ya que permiti\u00f3 c\u00e1lculos y registros m\u00e1s avanzados en la astronom\u00eda y en la vida cotidiana. Este conocimiento es considerado uno de los mayores logros intelectuales de las culturas precolombinas en Am\u00e9rica.<\/div>\t\t\t\t\t\t\t\t<\/div>\n\t\t\t\t\t<\/div>\n\t\t\t\t<\/div>\n\t\t<div data-particle_enable=\"false\" data-particle-mobile-disabled=\"false\" class=\"elementor-element elementor-element-1a549a9 e-flex e-con-boxed e-con e-parent\" data-id=\"1a549a9\" data-element_type=\"container\" data-e-type=\"container\">\n\t\t\t\t\t<div class=\"e-con-inner\">\n\t\t\t\t<div class=\"elementor-element elementor-element-b347d02 elementor-widget elementor-widget-video\" data-id=\"b347d02\" data-element_type=\"widget\" data-e-type=\"widget\" data-settings=\"{&quot;youtube_url&quot;:&quot;https:\\\/\\\/www.youtube.com\\\/watch?v=IiXn2nc7bM8&quot;,&quot;video_type&quot;:&quot;youtube&quot;,&quot;controls&quot;:&quot;yes&quot;}\" data-widget_type=\"video.default\">\n\t\t\t\t\t\t\t<div class=\"elementor-wrapper elementor-open-inline\">\n\t\t\t<div class=\"elementor-video\"><\/div>\t\t<\/div>\n\t\t\t\t\t\t<\/div>\n\t\t\t\t\t<\/div>\n\t\t\t\t<\/div>\n\t\t<div data-particle_enable=\"false\" data-particle-mobile-disabled=\"false\" class=\"elementor-element elementor-element-5a79822 e-flex e-con-boxed e-con e-parent\" data-id=\"5a79822\" data-element_type=\"container\" data-e-type=\"container\">\n\t\t\t\t\t<div class=\"e-con-inner\">\n\t\t\t\t<div class=\"elementor-element elementor-element-37fa569 elementor-widget elementor-widget-heading\" data-id=\"37fa569\" data-element_type=\"widget\" data-e-type=\"widget\" data-widget_type=\"heading.default\">\n\t\t\t\t\t<h3 class=\"elementor-heading-title elementor-size-default\">3. La Cura contra la Oncocercosis<\/h3>\t\t\t\t<\/div>\n\t\t\t\t\t<\/div>\n\t\t\t\t<\/div>\n\t\t<div data-particle_enable=\"false\" data-particle-mobile-disabled=\"false\" class=\"elementor-element elementor-element-1aa822e e-flex e-con-boxed e-con e-parent\" data-id=\"1aa822e\" data-element_type=\"container\" data-e-type=\"container\">\n\t\t\t\t\t<div class=\"e-con-inner\">\n\t\t\t\t<div class=\"elementor-element elementor-element-cb9cf9c elementor-widget elementor-widget-text-editor\" data-id=\"cb9cf9c\" data-element_type=\"widget\" data-e-type=\"widget\" data-widget_type=\"text-editor.default\">\n\t\t\t\t\t\t\t\t\t<div>La oncocercosis, tambi\u00e9n conocida como \u201cceguera de los r\u00edos\u201d, es una enfermedad parasitaria transmitida por la picadura de ciertas moscas negras. En Guatemala, se realizaron investigaciones exhaustivas sobre el ciclo de transmisi\u00f3n de la enfermedad en regiones afectadas.<a href=\"https:\/\/soymigrante.com\/revista\/category\/guate-nuestra\/\" target=\"_blank\" rel=\"noopener\"> Estas investigaciones contribuyeron al desarrollo de tratamientos que permiten reducir su incidencia y han sido clave en los esfuerzos para erradicar la enfermedad.<\/a><\/div><div><strong>\u2022Impacto:<\/strong> La lucha contra la oncocercosis en Guatemala ha sido un ejemplo de colaboraci\u00f3n entre cient\u00edficos locales e internacionales, ayudando a mejorar la salud de comunidades vulnerables y a reducir el impacto de esta enfermedad en el pa\u00eds y en otras regiones de Am\u00e9rica y \u00c1frica.<\/div>\t\t\t\t\t\t\t\t<\/div>\n\t\t\t\t\t<\/div>\n\t\t\t\t<\/div>\n\t\t<div data-particle_enable=\"false\" data-particle-mobile-disabled=\"false\" class=\"elementor-element elementor-element-99ed52b e-flex e-con-boxed e-con e-parent\" data-id=\"99ed52b\" data-element_type=\"container\" data-e-type=\"container\">\n\t\t\t\t\t<div class=\"e-con-inner\">\n\t\t\t\t<div class=\"elementor-element elementor-element-ace3f48 elementor-widget elementor-widget-video\" data-id=\"ace3f48\" data-element_type=\"widget\" data-e-type=\"widget\" data-settings=\"{&quot;youtube_url&quot;:&quot;https:\\\/\\\/www.youtube.com\\\/watch?v=_mi1OETThuo&quot;,&quot;video_type&quot;:&quot;youtube&quot;,&quot;controls&quot;:&quot;yes&quot;}\" data-widget_type=\"video.default\">\n\t\t\t\t\t\t\t<div class=\"elementor-wrapper elementor-open-inline\">\n\t\t\t<div class=\"elementor-video\"><\/div>\t\t<\/div>\n\t\t\t\t\t\t<\/div>\n\t\t\t\t\t<\/div>\n\t\t\t\t<\/div>\n\t\t<div data-particle_enable=\"false\" data-particle-mobile-disabled=\"false\" class=\"elementor-element elementor-element-252115e e-flex e-con-boxed e-con e-parent\" data-id=\"252115e\" data-element_type=\"container\" data-e-type=\"container\">\n\t\t\t\t\t<div class=\"e-con-inner\">\n\t\t\t\t<div class=\"elementor-element elementor-element-f613d83 elementor-widget elementor-widget-heading\" data-id=\"f613d83\" data-element_type=\"widget\" data-e-type=\"widget\" data-widget_type=\"heading.default\">\n\t\t\t\t\t<h3 class=\"elementor-heading-title elementor-size-default\">4. Duolingo: plataforma global para aprender idiomas<\/h3>\t\t\t\t<\/div>\n\t\t\t\t\t<\/div>\n\t\t\t\t<\/div>\n\t\t<div data-particle_enable=\"false\" data-particle-mobile-disabled=\"false\" class=\"elementor-element elementor-element-4acfa53 e-flex e-con-boxed e-con e-parent\" data-id=\"4acfa53\" data-element_type=\"container\" data-e-type=\"container\">\n\t\t\t\t\t<div class=\"e-con-inner\">\n\t\t\t\t<div class=\"elementor-element elementor-element-96e18a5 elementor-widget elementor-widget-text-editor\" data-id=\"96e18a5\" data-element_type=\"widget\" data-e-type=\"widget\" data-widget_type=\"text-editor.default\">\n\t\t\t\t\t\t\t\t\t<div>Luis von Ahn, un talentoso cient\u00edfico guatemalteco, es cofundador de Duolingo, la popular aplicaci\u00f3n de aprendizaje de idiomas. Von Ahn, tambi\u00e9n conocido por ser uno de los creadores de reCAPTCHA, desarroll\u00f3 Duolingo para democratizar el acceso a la educaci\u00f3n. <a href=\"https:\/\/soymigrante.com\/revista\/category\/guate-nuestra\/\" target=\"_blank\" rel=\"noopener\">La aplicaci\u00f3n utiliza t\u00e9cnicas de gamificaci\u00f3n y algoritmos de aprendizaje adaptativo,<\/a> lo que permite a millones de personas aprender idiomas de manera gratuita y efectiva.<\/div><div><strong>\u2022Impacto:<\/strong> Duolingo es hoy una de las aplicaciones de aprendizaje de idiomas m\u00e1s utilizadas en el mundo, con millones de usuarios. Su enfoque gratuito y accesible ha revolucionado la educaci\u00f3n en l\u00ednea, haciendo que el aprendizaje de idiomas sea accesible para personas de todos los niveles socioecon\u00f3micos.<\/div>\t\t\t\t\t\t\t\t<\/div>\n\t\t\t\t\t<\/div>\n\t\t\t\t<\/div>\n\t\t<div data-particle_enable=\"false\" data-particle-mobile-disabled=\"false\" class=\"elementor-element elementor-element-bdae029 e-flex e-con-boxed e-con e-parent\" data-id=\"bdae029\" data-element_type=\"container\" data-e-type=\"container\">\n\t\t\t\t\t<div class=\"e-con-inner\">\n\t\t\t\t<div class=\"elementor-element elementor-element-c4fad5a elementor-widget elementor-widget-video\" data-id=\"c4fad5a\" data-element_type=\"widget\" data-e-type=\"widget\" data-settings=\"{&quot;youtube_url&quot;:&quot;https:\\\/\\\/www.youtube.com\\\/watch?v=yRIFObZciy0&quot;,&quot;video_type&quot;:&quot;youtube&quot;,&quot;controls&quot;:&quot;yes&quot;}\" data-widget_type=\"video.default\">\n\t\t\t\t\t\t\t<div class=\"elementor-wrapper elementor-open-inline\">\n\t\t\t<div class=\"elementor-video\"><\/div>\t\t<\/div>\n\t\t\t\t\t\t<\/div>\n\t\t\t\t\t<\/div>\n\t\t\t\t<\/div>\n\t\t<div data-particle_enable=\"false\" data-particle-mobile-disabled=\"false\" class=\"elementor-element elementor-element-0e98ad1 e-flex e-con-boxed e-con e-parent\" data-id=\"0e98ad1\" data-element_type=\"container\" data-e-type=\"container\">\n\t\t\t\t\t<div class=\"e-con-inner\">\n\t\t\t\t<div class=\"elementor-element elementor-element-2e562df elementor-widget elementor-widget-text-editor\" data-id=\"2e562df\" data-element_type=\"widget\" data-e-type=\"widget\" data-widget_type=\"text-editor.default\">\n\t\t\t\t\t\t\t\t\t<div>Adem\u00e1s de Duolingo, Luis von Ahn es conocido por desarrollar el sistema reCAPTCHA, <a href=\"https:\/\/soymigrante.com\/revista\/category\/guate-nuestra\/\" target=\"_blank\" rel=\"noopener\">que millones de usuarios ven a diario en internet para proteger sus datos y evitar el acceso de bots.<\/a> Este invento fue esencial para la seguridad en l\u00ednea, al permitir que los usuarios ayuden en la digitalizaci\u00f3n de libros y documentos mientras verifican su identidad.<\/div><div><strong>\u2022Impacto:<\/strong> El reCAPTCHA no solo ha protegido la seguridad en l\u00ednea, sino que tambi\u00e9n ha contribuido a la preservaci\u00f3n de textos y archivos hist\u00f3ricos al involucrar a millones de personas en el proceso de digitalizaci\u00f3n.<\/div>\t\t\t\t\t\t\t\t<\/div>\n\t\t\t\t\t<\/div>\n\t\t\t\t<\/div>\n\t\t<div data-particle_enable=\"false\" data-particle-mobile-disabled=\"false\" class=\"elementor-element elementor-element-42c44d3 e-flex e-con-boxed e-con e-parent\" data-id=\"42c44d3\" data-element_type=\"container\" data-e-type=\"container\">\n\t\t\t\t\t<div class=\"e-con-inner\">\n\t\t\t\t<div class=\"elementor-element elementor-element-6a581b7 elementor-widget elementor-widget-heading\" data-id=\"6a581b7\" data-element_type=\"widget\" data-e-type=\"widget\" data-widget_type=\"heading.default\">\n\t\t\t\t\t<h3 class=\"elementor-heading-title elementor-size-default\">5. El Sistema de Escritura Maya<\/h3>\t\t\t\t<\/div>\n\t\t\t\t\t<\/div>\n\t\t\t\t<\/div>\n\t\t<div data-particle_enable=\"false\" data-particle-mobile-disabled=\"false\" class=\"elementor-element elementor-element-196ffe6 e-flex e-con-boxed e-con e-parent\" data-id=\"196ffe6\" data-element_type=\"container\" data-e-type=\"container\">\n\t\t\t\t\t<div class=\"e-con-inner\">\n\t\t\t\t<div class=\"elementor-element elementor-element-b1ce498 elementor-widget elementor-widget-text-editor\" data-id=\"b1ce498\" data-element_type=\"widget\" data-e-type=\"widget\" data-widget_type=\"text-editor.default\">\n\t\t\t\t\t\t\t\t\t<div>Adem\u00e1s del cero, los mayas desarrollaron un sistema de escritura altamente sofisticado, uno de los pocos sistemas completos y funcionales de escritura en Am\u00e9rica precolombina. <a href=\"https:\/\/soymigrante.com\/revista\/category\/guate-nuestra\/\" target=\"_blank\" rel=\"noopener\">Este sistema, basado en glifos, permiti\u00f3 a los mayas documentar su historia, conocimientos y cultura en estelas,<\/a> c\u00f3dices y otros materiales.<\/div><div><strong>\u2022Impacto:<\/strong> La escritura maya ha sido clave para comprender la historia, religi\u00f3n y avances cient\u00edficos de esta civilizaci\u00f3n. Hoy en d\u00eda, estudiosos de la epigraf\u00eda maya contin\u00faan descifrando sus glifos, aportando valiosa informaci\u00f3n sobre una de las culturas m\u00e1s avanzadas de Am\u00e9rica.<\/div>\t\t\t\t\t\t\t\t<\/div>\n\t\t\t\t\t<\/div>\n\t\t\t\t<\/div>\n\t\t<div data-particle_enable=\"false\" data-particle-mobile-disabled=\"false\" class=\"elementor-element elementor-element-90105cb e-flex e-con-boxed e-con e-parent\" data-id=\"90105cb\" data-element_type=\"container\" data-e-type=\"container\">\n\t\t\t\t\t<div class=\"e-con-inner\">\n\t\t\t\t<div class=\"elementor-element elementor-element-385e618 elementor-widget elementor-widget-video\" data-id=\"385e618\" data-element_type=\"widget\" data-e-type=\"widget\" data-settings=\"{&quot;youtube_url&quot;:&quot;https:\\\/\\\/www.youtube.com\\\/watch?v=h8TXAbl8oCI&quot;,&quot;video_type&quot;:&quot;youtube&quot;,&quot;controls&quot;:&quot;yes&quot;}\" data-widget_type=\"video.default\">\n\t\t\t\t\t\t\t<div class=\"elementor-wrapper elementor-open-inline\">\n\t\t\t<div class=\"elementor-video\"><\/div>\t\t<\/div>\n\t\t\t\t\t\t<\/div>\n\t\t\t\t\t<\/div>\n\t\t\t\t<\/div>\n\t\t<div data-particle_enable=\"false\" data-particle-mobile-disabled=\"false\" class=\"elementor-element elementor-element-17e6a57 e-flex e-con-boxed e-con e-parent\" data-id=\"17e6a57\" data-element_type=\"container\" data-e-type=\"container\">\n\t\t\t\t\t<div class=\"e-con-inner\">\n\t\t\t\t<div class=\"elementor-element elementor-element-ae73c21 elementor-widget elementor-widget-heading\" data-id=\"ae73c21\" data-element_type=\"widget\" data-e-type=\"widget\" data-widget_type=\"heading.default\">\n\t\t\t\t\t<h3 class=\"elementor-heading-title elementor-size-default\">6. Biog\u00e1s como Alternativa de Energ\u00eda<\/h3>\t\t\t\t<\/div>\n\t\t\t\t\t<\/div>\n\t\t\t\t<\/div>\n\t\t<div data-particle_enable=\"false\" data-particle-mobile-disabled=\"false\" class=\"elementor-element elementor-element-37101b1 e-flex e-con-boxed e-con e-parent\" data-id=\"37101b1\" data-element_type=\"container\" data-e-type=\"container\">\n\t\t\t\t\t<div class=\"e-con-inner\">\n\t\t\t\t<div class=\"elementor-element elementor-element-7209a7d elementor-widget elementor-widget-text-editor\" data-id=\"7209a7d\" data-element_type=\"widget\" data-e-type=\"widget\" data-widget_type=\"text-editor.default\">\n\t\t\t\t\t\t\t\t\t<div>En las zonas rurales de Guatemala, se han desarrollado proyectos que aprovechan los desechos org\u00e1nicos para producir biog\u00e1s, una fuente de energ\u00eda alternativa y limpia. <a href=\"https:\/\/soymigrante.com\/revista\/category\/guate-nuestra\/\" target=\"_blank\" rel=\"noopener\">Este tipo de iniciativas ha permitido a las comunidades utilizar recursos renovables, reduciendo su dependencia de la le\u00f1a y disminuyendo la deforestaci\u00f3n<\/a>.<\/div><div><strong>\u2022Impacto:<\/strong> El uso de biog\u00e1s contribuye al cuidado del medio ambiente, mejorando la calidad de vida de las personas al reducir la contaminaci\u00f3n en sus hogares y disminuyendo los problemas respiratorios causados por el humo de le\u00f1a.<\/div>\t\t\t\t\t\t\t\t<\/div>\n\t\t\t\t\t<\/div>\n\t\t\t\t<\/div>\n\t\t<div data-particle_enable=\"false\" data-particle-mobile-disabled=\"false\" class=\"elementor-element elementor-element-4702d28 e-flex e-con-boxed e-con e-parent\" data-id=\"4702d28\" data-element_type=\"container\" data-e-type=\"container\">\n\t\t\t\t\t<div class=\"e-con-inner\">\n\t\t\t\t<div class=\"elementor-element elementor-element-a01a17b elementor-widget elementor-widget-video\" data-id=\"a01a17b\" data-element_type=\"widget\" data-e-type=\"widget\" data-settings=\"{&quot;youtube_url&quot;:&quot;https:\\\/\\\/www.youtube.com\\\/watch?v=kAjFyVASC10&quot;,&quot;video_type&quot;:&quot;youtube&quot;,&quot;controls&quot;:&quot;yes&quot;}\" data-widget_type=\"video.default\">\n\t\t\t\t\t\t\t<div class=\"elementor-wrapper elementor-open-inline\">\n\t\t\t<div class=\"elementor-video\"><\/div>\t\t<\/div>\n\t\t\t\t\t\t<\/div>\n\t\t\t\t\t<\/div>\n\t\t\t\t<\/div>\n\t\t<div data-particle_enable=\"false\" data-particle-mobile-disabled=\"false\" class=\"elementor-element elementor-element-1d7beeb e-flex e-con-boxed e-con e-parent\" data-id=\"1d7beeb\" data-element_type=\"container\" data-e-type=\"container\">\n\t\t\t\t\t<div class=\"e-con-inner\">\n\t\t\t\t<div class=\"elementor-element elementor-element-a07c379 elementor-widget elementor-widget-heading\" data-id=\"a07c379\" data-element_type=\"widget\" data-e-type=\"widget\" data-widget_type=\"heading.default\">\n\t\t\t\t\t<h3 class=\"elementor-heading-title elementor-size-default\">7. La mezcla nutritiva de la Incaparina<\/h3>\t\t\t\t<\/div>\n\t\t\t\t\t<\/div>\n\t\t\t\t<\/div>\n\t\t<div data-particle_enable=\"false\" data-particle-mobile-disabled=\"false\" class=\"elementor-element elementor-element-706e999 e-flex e-con-boxed e-con e-parent\" data-id=\"706e999\" data-element_type=\"container\" data-e-type=\"container\">\n\t\t\t\t\t<div class=\"e-con-inner\">\n\t\t\t\t<div class=\"elementor-element elementor-element-caeca5a elementor-widget elementor-widget-text-editor\" data-id=\"caeca5a\" data-element_type=\"widget\" data-e-type=\"widget\" data-widget_type=\"text-editor.default\">\n\t\t\t\t\t\t\t\t\t<div><span style=\"text-align: var(--text-align);\">&nbsp;Ricardo Bressani (1926-2015) fue un bioqu\u00edmico guatemalteco que efect\u00fa\u00f3 varias investigaciones sobre gen\u00e9tica nutricional de granos como el ma\u00edz y el frijol. Public\u00f3 m\u00faltiples investigaciones, pero su gran logro es el aporte de mezclas vegetales con alto valor nutritivo.<\/span><\/div><div>La m\u00e1s famosa se llam\u00f3 Incaparina y consiste en una mezcla altamente nutritiva, cuyo objetivo era combatir la desnutrici\u00f3n infantil. Dicho producto hoy se vende en seis pa\u00edses y le vali\u00f3 al doctor Bressani varios reconocimientos. As\u00ed tambi\u00e9n desarroll\u00f3 otros compuestos dirigidos a proveer soluciones de nutrici\u00f3n para la infancia guatemalteca.<\/div>\t\t\t\t\t\t\t\t<\/div>\n\t\t\t\t\t<\/div>\n\t\t\t\t<\/div>\n\t\t<div data-particle_enable=\"false\" data-particle-mobile-disabled=\"false\" class=\"elementor-element elementor-element-eb825f8 e-flex e-con-boxed e-con e-parent\" data-id=\"eb825f8\" data-element_type=\"container\" data-e-type=\"container\">\n\t\t\t\t\t<div class=\"e-con-inner\">\n\t\t\t\t<div class=\"elementor-element elementor-element-1b45a8f elementor-widget elementor-widget-video\" data-id=\"1b45a8f\" data-element_type=\"widget\" data-e-type=\"widget\" data-settings=\"{&quot;youtube_url&quot;:&quot;https:\\\/\\\/www.youtube.com\\\/watch?v=3xXxtQx6W7U&quot;,&quot;video_type&quot;:&quot;youtube&quot;,&quot;controls&quot;:&quot;yes&quot;}\" data-widget_type=\"video.default\">\n\t\t\t\t\t\t\t<div class=\"elementor-wrapper elementor-open-inline\">\n\t\t\t<div class=\"elementor-video\"><\/div>\t\t<\/div>\n\t\t\t\t\t\t<\/div>\n\t\t\t\t\t<\/div>\n\t\t\t\t<\/div>\n\t\t<div data-particle_enable=\"false\" data-particle-mobile-disabled=\"false\" class=\"elementor-element elementor-element-4ad58e2 e-flex e-con-boxed e-con e-parent\" data-id=\"4ad58e2\" data-element_type=\"container\" data-e-type=\"container\">\n\t\t\t\t\t<div class=\"e-con-inner\">\n\t\t\t\t<div class=\"elementor-element elementor-element-8ebe1e1 elementor-widget elementor-widget-text-editor\" data-id=\"8ebe1e1\" data-element_type=\"widget\" data-e-type=\"widget\" data-widget_type=\"text-editor.default\">\n\t\t\t\t\t\t\t\t\t<p>Estos inventos y descubrimientos no solo reflejan el talento y la creatividad de los guatemaltecos, sino que tambi\u00e9n destacan la riqueza cultural y cient\u00edfica que el pa\u00eds ha aportado a la humanidad. La innovaci\u00f3n, tanto en el pasado como en el presente,<a href=\"https:\/\/soymigrante.com\/revista\/category\/guate-nuestra\/\" target=\"_blank\" rel=\"noopener\"> es una muestra del ingenio guatemalteco y su impacto global,<\/a> que sigue inspirando a futuras generaciones.<\/p>\t\t\t\t\t\t\t\t<\/div>\n\t\t\t\t\t<\/div>\n\t\t\t\t<\/div>\n\t\t<div data-particle_enable=\"false\" data-particle-mobile-disabled=\"false\" class=\"elementor-element elementor-element-cdeba47 e-flex e-con-boxed e-con e-parent\" data-id=\"cdeba47\" data-element_type=\"container\" data-e-type=\"container\">\n\t\t\t\t\t<div class=\"e-con-inner\">\n\t\t\t\t<div class=\"elementor-element elementor-element-08489db elementor-widget elementor-widget-heading\" data-id=\"08489db\" data-element_type=\"widget\" data-e-type=\"widget\" data-widget_type=\"heading.default\">\n\t\t\t\t\t<h2 class=\"elementor-heading-title elementor-size-default\">Te puede interesar...<\/h2>\t\t\t\t<\/div>\n\t\t\t\t\t<\/div>\n\t\t\t\t<\/div>\n\t\t<div data-particle_enable=\"false\" data-particle-mobile-disabled=\"false\" class=\"elementor-element elementor-element-8846dc9 e-flex e-con-boxed e-con e-parent\" data-id=\"8846dc9\" data-element_type=\"container\" data-e-type=\"container\">\n\t\t\t\t\t<div class=\"e-con-inner\">\n\t\t\t\t<div class=\"elementor-element elementor-element-40a5278 elementor-widget elementor-widget-blfe-post-grid\" data-id=\"40a5278\" data-element_type=\"widget\" data-e-type=\"widget\" data-settings=\"{&quot;columns&quot;:&quot;3&quot;,&quot;columns_tablet&quot;:&quot;6&quot;,&quot;columns_mobile&quot;:&quot;12&quot;,&quot;hero1_layout_column_gap&quot;:{&quot;unit&quot;:&quot;px&quot;,&quot;size&quot;:30,&quot;sizes&quot;:[]},&quot;hero1_layout_column_gap_tablet&quot;:{&quot;unit&quot;:&quot;px&quot;,&quot;size&quot;:&quot;&quot;,&quot;sizes&quot;:[]},&quot;hero1_layout_column_gap_mobile&quot;:{&quot;unit&quot;:&quot;px&quot;,&quot;size&quot;:&quot;&quot;,&quot;sizes&quot;:[]},&quot;hero1_layout_row_gap&quot;:{&quot;unit&quot;:&quot;px&quot;,&quot;size&quot;:30,&quot;sizes&quot;:[]},&quot;hero1_layout_row_gap_tablet&quot;:{&quot;unit&quot;:&quot;px&quot;,&quot;size&quot;:&quot;&quot;,&quot;sizes&quot;:[]},&quot;hero1_layout_row_gap_mobile&quot;:{&quot;unit&quot;:&quot;px&quot;,&quot;size&quot;:&quot;&quot;,&quot;sizes&quot;:[]}}\" data-widget_type=\"blfe-post-grid.hero1\">\n\t\t\t\t<div class=\"elementor-widget-container\">\n\t\t\t\t\t\n                        <div class=\"blfe-post-grid-container \">\n            \n                <div data-skin=\"hero1\" class=\"blfe-row blfe-posts-inner blfe-hero1 blfe-posts-inner blfe-col-3 blfe-col-tab-6 blfe-col-mob-12     \">\n                            <div class=\"blfe-post-grid-item\">\n            <div class=\"blfe-post-grid-item-inner blfe-modern-zoom\">\n                        <div class=\"blfe-post-grid-bg-image\">\n            <a class=\"blfe-post-grid-image-inner\" href=\"https:\/\/soymigrante.com\/revista\/ecoturismo-en-guatemala\/\" title=\"Joya natural en la bocacosta de Chiquimulilla, Santa Rosa\" rel=\"nofollow\" target=\"_blank\"><img decoding=\"async\" src=\"https:\/\/soymigrante.com\/revista\/wp-content\/uploads\/2023\/02\/3-Guate-Nuestra-Chiquimulilla-1-scaled.webp\" alt=\"Joya natural en la bocacosta de Chiquimulilla, Santa Rosa\"\/><\/a>        <\/div>\n                        <div class=\"blfe-post-grid-details\">\n                    <div class=\"blfe-post-grid-details-inner\">\n                        <span class=\"blfe-post-category\"><a href=\"https:\/\/soymigrante.com\/revista\/category\/guate-nuestra\/\">Guate Nuestra<\/a><\/span>                        <h3 class=\"blfe-post-grid-title\">\n            <a href=\"https:\/\/soymigrante.com\/revista\/ecoturismo-en-guatemala\/\" title=\"Joya natural en la bocacosta de Chiquimulilla, Santa Rosa\" rel=\"nofollow\" target=\"_blank\">Joya natural en la bocacosta de Chiquimulilla, Santa Rosa<\/a>\n            <\/h3>                                                            <div class=\"blfe-post-grid-meta\">\n                <span class=\"blfe-post-grid-time\"><i class=\"fas fa-book-reader\"><\/i>3 Min read<\/span>            <\/div>\n                                                        <\/div>\n                <\/div>\n\n            <\/div>\n        <\/div>\n                <div class=\"blfe-post-grid-item\">\n            <div class=\"blfe-post-grid-item-inner blfe-modern-zoom\">\n                        <div class=\"blfe-post-grid-bg-image\">\n            <a class=\"blfe-post-grid-image-inner\" href=\"https:\/\/soymigrante.com\/revista\/indumentaria-tradicional-del-varon-tzutujil\/\" title=\"Legendario \u201cN\u2019skaw\u201d: pantal\u00f3n del var\u00f3n tz&#8217;utuj&#8217;il de San Juan la Laguna\" rel=\"nofollow\" target=\"_blank\"><img decoding=\"async\" src=\"https:\/\/soymigrante.com\/revista\/wp-content\/uploads\/2023\/02\/San-Juan-pantalon-3-ecastro.webp\" alt=\"Legendario \u201cN\u2019skaw\u201d: pantal\u00f3n del var\u00f3n tz&#8217;utuj&#8217;il de San Juan la Laguna\"\/><\/a>        <\/div>\n                        <div class=\"blfe-post-grid-details\">\n                    <div class=\"blfe-post-grid-details-inner\">\n                        <span class=\"blfe-post-category\"><a href=\"https:\/\/soymigrante.com\/revista\/category\/guate-nuestra\/\">Guate Nuestra<\/a><\/span>                        <h3 class=\"blfe-post-grid-title\">\n            <a href=\"https:\/\/soymigrante.com\/revista\/indumentaria-tradicional-del-varon-tzutujil\/\" title=\"Legendario \u201cN\u2019skaw\u201d: pantal\u00f3n del var\u00f3n tz&#8217;utuj&#8217;il de San Juan la Laguna\" rel=\"nofollow\" target=\"_blank\">Legendario \u201cN\u2019skaw\u201d: pantal\u00f3n del var\u00f3n tz&#8217;utuj&#8217;il de San Juan la Laguna<\/a>\n            <\/h3>                                                            <div class=\"blfe-post-grid-meta\">\n                <span class=\"blfe-post-grid-time\"><i class=\"fas fa-book-reader\"><\/i>2 Min read<\/span>            <\/div>\n                                                        <\/div>\n                <\/div>\n\n            <\/div>\n        <\/div>\n                <div class=\"blfe-post-grid-item\">\n            <div class=\"blfe-post-grid-item-inner blfe-modern-zoom\">\n                        <div class=\"blfe-post-grid-bg-image\">\n            <a class=\"blfe-post-grid-image-inner\" href=\"https:\/\/soymigrante.com\/revista\/viaje-en-autobus-extraurbano-de-guatemala\/\" title=\"Cr\u00f3nica: el viaje en camioneta, recuerdo de muchos migrantes\" rel=\"nofollow\" target=\"_blank\"><img decoding=\"async\" src=\"https:\/\/soymigrante.com\/revista\/wp-content\/uploads\/2023\/06\/Camionetas-en-paso-adesnivel-cuatro-caminos-San-Cistobal-Totonicapan.webp\" alt=\"Cr\u00f3nica: el viaje en camioneta, recuerdo de muchos migrantes\"\/><\/a>        <\/div>\n                        <div class=\"blfe-post-grid-details\">\n                    <div class=\"blfe-post-grid-details-inner\">\n                        <span class=\"blfe-post-category\"><a href=\"https:\/\/soymigrante.com\/revista\/category\/guate-nuestra\/\">Guate Nuestra<\/a><\/span>                        <h3 class=\"blfe-post-grid-title\">\n            <a href=\"https:\/\/soymigrante.com\/revista\/viaje-en-autobus-extraurbano-de-guatemala\/\" title=\"Cr\u00f3nica: el viaje en camioneta, recuerdo de muchos migrantes\" rel=\"nofollow\" target=\"_blank\">Cr\u00f3nica: el viaje en camioneta, recuerdo de muchos migrantes<\/a>\n            <\/h3>                                                            <div class=\"blfe-post-grid-meta\">\n                <span class=\"blfe-post-grid-time\"><i class=\"fas fa-book-reader\"><\/i>5 Min read<\/span>            <\/div>\n                                                        <\/div>\n                <\/div>\n\n            <\/div>\n        <\/div>\n                        <\/div>\n\n                        <\/div>\n            \n                        <div class=\"blfe-post-footer\">\n                        <\/div>\n            \t\t\t\t<\/div>\n\t\t\t\t<\/div>\n\t\t\t\t\t<\/div>\n\t\t\t\t<\/div>\n\t\t\t\t<\/div>\n\t\t","protected":false},"excerpt":{"rendered":"<p>Guatemala ha hecho contribuciones notables en diversos campos, desde la astronom\u00eda y la matem\u00e1tica hasta la tecnolog\u00eda moderna y la salud. Guatemala ha sido cuna de importantes descubrimientos y avances, desde logros matem\u00e1ticos milenarios hasta innovaciones tecnol\u00f3gicas actuales. A continuaci\u00f3n, exploramos algunos de los inventos guatemaltecos m\u00e1s destacados y c\u00f3mo han impactado en el mundo. [&hellip;]<\/p>\n","protected":false},"author":19,"featured_media":12422,"comment_status":"open","ping_status":"open","sticky":false,"template":"","format":"standard","meta":{"_acf_changed":false,"_eb_attr":"","footnotes":""},"categories":[58],"tags":[],"class_list":["post-12420","post","type-post","status-publish","format-standard","has-post-thumbnail","hentry","category-guate-nuestra"],"acf":[],"aioseo_notices":[],"aioseo_head":"\n\t\t<!-- All in One SEO Pro 4.9.6.2 - aioseo.com -->\n\t<meta name=\"description\" content=\"\u00a1S\u00fabale s\u00fabale!, \u00bfA d\u00f3nde va? \u00a1llega, llega! Toto, Xela, Guate, San Marcos, Huhue: el viaje tantas veces efectuado en camioneta extraurbana\" \/>\n\t<meta name=\"robots\" content=\"max-snippet:-1, max-image-preview:large, max-video-preview:-1\" \/>\n\t<meta name=\"author\" content=\"Diana Batz\"\/>\n\t<link rel=\"canonical\" href=\"https:\/\/soymigrante.com\/revista\/viaje-en-autobus-extraurbano-de-guatemala\/\" \/>\n\t<meta name=\"generator\" content=\"All in One SEO Pro (AIOSEO) 4.9.6.2\" \/>\n\n\t\t<link rel=\"preconnect\" href=\"https:\/\/fonts.googleapis.com\" crossorigin>\n<link rel=\"preconnect\" href=\"https:\/\/fonts.gstatic.com\" crossorigin>\n\t\t<meta property=\"og:locale\" content=\"es_ES\" \/>\n\t\t<meta property=\"og:site_name\" content=\"SoyMigrante.com REVISTA \u2013 Nuestra misi\u00f3n es reconocer y dignificar al migrante.\" \/>\n\t\t<meta property=\"og:type\" content=\"article\" \/>\n\t\t<meta property=\"og:title\" content=\"Cr\u00f3nica: el viaje en camioneta, recuerdo de muchos migrantes\" \/>\n\t\t<meta property=\"og:description\" content=\"\u00a1S\u00fabale s\u00fabale!, \u00bfA d\u00f3nde va? \u00a1llega, llega! Toto, Xela, Guate, San Marcos, Huhue: el viaje tantas veces efectuado en camioneta extraurbana\" \/>\n\t\t<meta property=\"og:url\" content=\"https:\/\/soymigrante.com\/revista\/viaje-en-autobus-extraurbano-de-guatemala\/\" \/>\n\t\t<meta property=\"og:image\" content=\"https:\/\/soymigrante.com\/revista\/wp-content\/uploads\/2023\/06\/Camionetas-en-paso-adesnivel-cuatro-caminos-San-Cistobal-Totonicapan.webp\" \/>\n\t\t<meta property=\"og:image:secure_url\" content=\"https:\/\/soymigrante.com\/revista\/wp-content\/uploads\/2023\/06\/Camionetas-en-paso-adesnivel-cuatro-caminos-San-Cistobal-Totonicapan.webp\" \/>\n\t\t<meta property=\"og:image:width\" content=\"1101\" \/>\n\t\t<meta property=\"og:image:height\" content=\"619\" \/>\n\t\t<meta property=\"article:published_time\" content=\"2023-06-08T07:30:00+00:00\" \/>\n\t\t<meta property=\"article:modified_time\" content=\"2024-11-01T10:35:50+00:00\" \/>\n\t\t<meta property=\"article:publisher\" content=\"https:\/\/www.facebook.com\/soymigrantecom\" \/>\n\t\t<meta name=\"twitter:card\" content=\"summary_large_image\" \/>\n\t\t<meta name=\"twitter:site\" content=\"@SoyMigrante_com\" \/>\n\t\t<meta name=\"twitter:title\" content=\"Cr\u00f3nica: el viaje en camioneta, recuerdo de muchos migrantes\" \/>\n\t\t<meta name=\"twitter:description\" content=\"\u00a1S\u00fabale s\u00fabale!, \u00bfA d\u00f3nde va? \u00a1llega, llega! Toto, Xela, Guate, San Marcos, Huhue: el viaje tantas veces efectuado en camioneta extraurbana\" \/>\n\t\t<meta name=\"twitter:creator\" content=\"@SoyMigrante_com\" \/>\n\t\t<meta name=\"twitter:image\" content=\"https:\/\/soymigrante.com\/revista\/wp-content\/uploads\/2023\/06\/Camionetas-en-paso-adesnivel-cuatro-caminos-San-Cistobal-Totonicapan.webp\" \/>\n\t\t<!-- All in One SEO Pro -->\r\n\t\t<title>Cr\u00f3nica: el viaje en camioneta, recuerdo de muchos migrantes<\/title>\n\n","aioseo_head_json":{"title":"Cr\u00f3nica: el viaje en camioneta, recuerdo de muchos migrantes","description":"\u00a1S\u00fabale s\u00fabale!, \u00bfA d\u00f3nde va? \u00a1llega, llega! Toto, Xela, Guate, San Marcos, Huhue: el viaje tantas veces efectuado en camioneta extraurbana","canonical_url":"https:\/\/soymigrante.com\/revista\/viaje-en-autobus-extraurbano-de-guatemala\/","robots":"max-snippet:-1, max-image-preview:large, max-video-preview:-1","keywords":"","webmasterTools":{"miscellaneous":"&lt;link rel=\"preconnect\" href=\"https:\/\/fonts.googleapis.com\" crossorigin&gt;\n&lt;link rel=\"preconnect\" href=\"https:\/\/fonts.gstatic.com\" crossorigin&gt;"},"schema":null,"og:locale":"es_ES","og:site_name":"SoyMigrante.com REVISTA \u2013 Nuestra misi\u00f3n es reconocer y dignificar al migrante.","og:type":"article","og:title":"Cr\u00f3nica: el viaje en camioneta, recuerdo de muchos migrantes","og:description":"\u00a1S\u00fabale s\u00fabale!, \u00bfA d\u00f3nde va? \u00a1llega, llega! Toto, Xela, Guate, San Marcos, Huhue: el viaje tantas veces efectuado en camioneta extraurbana","og:url":"https:\/\/soymigrante.com\/revista\/viaje-en-autobus-extraurbano-de-guatemala\/","og:image":"https:\/\/soymigrante.com\/revista\/wp-content\/uploads\/2023\/06\/Camionetas-en-paso-adesnivel-cuatro-caminos-San-Cistobal-Totonicapan.webp","og:image:secure_url":"https:\/\/soymigrante.com\/revista\/wp-content\/uploads\/2023\/06\/Camionetas-en-paso-adesnivel-cuatro-caminos-San-Cistobal-Totonicapan.webp","og:image:width":1101,"og:image:height":619,"article:published_time":"2023-06-08T07:30:00+00:00","article:modified_time":"2024-11-01T10:35:50+00:00","article:publisher":"https:\/\/www.facebook.com\/soymigrantecom","twitter:card":"summary_large_image","twitter:site":"@SoyMigrante_com","twitter:title":"Cr\u00f3nica: el viaje en camioneta, recuerdo de muchos migrantes","twitter:description":"\u00a1S\u00fabale s\u00fabale!, \u00bfA d\u00f3nde va? \u00a1llega, llega! Toto, Xela, Guate, San Marcos, Huhue: el viaje tantas veces efectuado en camioneta extraurbana","twitter:creator":"@SoyMigrante_com","twitter:image":"https:\/\/soymigrante.com\/revista\/wp-content\/uploads\/2023\/06\/Camionetas-en-paso-adesnivel-cuatro-caminos-San-Cistobal-Totonicapan.webp"},"aioseo_meta_data":{"post_id":"12420","title":null,"description":"Guatemaltecos han hecho contribuciones notables en diversos campos, desde la astronom\u00eda y la matem\u00e1tica hasta la tecnolog\u00eda moderna y la salud.","keywords":null,"keyphrases":{"focus":{"keyphrase":"guatemaltecos","score":60,"analysis":{"keyphraseInTitle":{"score":9,"maxScore":9,"error":0},"keyphraseInDescription":{"score":9,"maxScore":9,"error":0},"keyphraseLength":{"score":9,"maxScore":9,"error":0,"length":1},"keyphraseInURL":{"score":5,"maxScore":5,"error":0},"keyphraseInIntroduction":{"score":3,"maxScore":9,"error":1},"keyphraseInSubHeadings":{"score":3,"maxScore":9,"error":1},"keyphraseInImageAlt":{"score":3,"maxScore":9,"error":1},"keywordDensity":{"score":0,"type":"low","maxScore":9,"error":1}}},"additional":[{"keyphrase":"guatemala","score":73,"analysis":{"keyphraseInDescription":{"score":3,"maxScore":9,"error":1},"keyphraseLength":{"score":9,"maxScore":9,"error":0,"length":1},"keyphraseInIntroduction":{"score":9,"maxScore":9,"error":0},"keyphraseInImageAlt":{"score":3,"maxScore":9,"error":1},"keywordDensity":{"type":"best","score":9,"maxScore":9,"error":0}}}]},"primary_term":null,"canonical_url":null,"og_title":null,"og_description":null,"og_object_type":"default","og_image_type":"default","og_image_url":null,"og_image_width":null,"og_image_height":null,"og_image_custom_url":null,"og_image_custom_fields":null,"og_video":"","og_custom_url":null,"og_article_section":null,"og_article_tags":null,"twitter_use_og":false,"twitter_card":"default","twitter_image_type":"default","twitter_image_url":null,"twitter_image_custom_url":null,"twitter_image_custom_fields":null,"twitter_title":null,"twitter_description":null,"schema":{"blockGraphs":[],"customGraphs":[],"default":{"data":{"Article":[],"Course":[],"Dataset":[],"FAQPage":[],"Movie":[],"Person":[],"Product":[],"ProductReview":[],"Car":[],"Recipe":[],"Service":[],"SoftwareApplication":[],"WebPage":[]},"graphName":"Article","isEnabled":true},"graphs":[]},"schema_type":"default","schema_type_options":null,"pillar_content":false,"robots_default":true,"robots_noindex":false,"robots_noarchive":false,"robots_nosnippet":false,"robots_nofollow":false,"robots_noimageindex":false,"robots_noodp":false,"robots_notranslate":false,"robots_max_snippet":"-1","robots_max_videopreview":"-1","robots_max_imagepreview":"large","priority":null,"frequency":"default","local_seo":null,"seo_analyzer_scan_date":"2025-10-09 00:05:23","breadcrumb_settings":null,"limit_modified_date":false,"reviewed_by":null,"open_ai":"{\"title\":{\"suggestions\":[],\"usage\":0},\"description\":{\"suggestions\":[],\"usage\":0}}","ai":null,"created":"2024-11-06 21:28:38","updated":"2026-02-04 15:53:13"},"aioseo_breadcrumb":"<div class=\"aioseo-breadcrumbs\"><span class=\"aioseo-breadcrumb\">\n\t<a href=\"https:\/\/soymigrante.com\/revista\" title=\"Home\">Home<\/a>\n<\/span><span class=\"aioseo-breadcrumb-separator\">\u00bb<\/span><span class=\"aioseo-breadcrumb\">\n\t<a href=\"https:\/\/soymigrante.com\/revista\/category\/guate-nuestra\/\" title=\"Guate Nuestra\">Guate Nuestra<\/a>\n<\/span><span class=\"aioseo-breadcrumb-separator\">\u00bb<\/span><span class=\"aioseo-breadcrumb\">\n\tSiete inventos guatemaltecos que siguen dejando huella en la historia\n<\/span><\/div>","aioseo_breadcrumb_json":[{"label":"Home","link":"https:\/\/soymigrante.com\/revista"},{"label":"Guate Nuestra","link":"https:\/\/soymigrante.com\/revista\/category\/guate-nuestra\/"},{"label":"Siete inventos guatemaltecos que siguen dejando huella en la historia","link":"https:\/\/soymigrante.com\/revista\/siete-inventos-guatemaltecos-que-siguen-dejando-huella-en-la-historia\/"}],"_links":{"self":[{"href":"https:\/\/soymigrante.com\/revista\/wp-json\/wp\/v2\/posts\/12420","targetHints":{"allow":["GET"]}}],"collection":[{"href":"https:\/\/soymigrante.com\/revista\/wp-json\/wp\/v2\/posts"}],"about":[{"href":"https:\/\/soymigrante.com\/revista\/wp-json\/wp\/v2\/types\/post"}],"author":[{"embeddable":true,"href":"https:\/\/soymigrante.com\/revista\/wp-json\/wp\/v2\/users\/19"}],"replies":[{"embeddable":true,"href":"https:\/\/soymigrante.com\/revista\/wp-json\/wp\/v2\/comments?post=12420"}],"version-history":[{"count":0,"href":"https:\/\/soymigrante.com\/revista\/wp-json\/wp\/v2\/posts\/12420\/revisions"}],"wp:featuredmedia":[{"embeddable":true,"href":"https:\/\/soymigrante.com\/revista\/wp-json\/wp\/v2\/media\/12422"}],"wp:attachment":[{"href":"https:\/\/soymigrante.com\/revista\/wp-json\/wp\/v2\/media?parent=12420"}],"wp:term":[{"taxonomy":"category","embeddable":true,"href":"https:\/\/soymigrante.com\/revista\/wp-json\/wp\/v2\/categories?post=12420"},{"taxonomy":"post_tag","embeddable":true,"href":"https:\/\/soymigrante.com\/revista\/wp-json\/wp\/v2\/tags?post=12420"}],"curies":[{"name":"wp","href":"https:\/\/api.w.org\/{rel}","templated":true}]}}