{"id":1239,"date":"2023-06-08T07:30:00","date_gmt":"2023-06-08T07:30:00","guid":{"rendered":"https:\/\/soymigrante.com\/revista\/?p=1239"},"modified":"2024-11-01T04:35:50","modified_gmt":"2024-11-01T10:35:50","slug":"viaje-en-autobus-extraurbano-de-guatemala","status":"publish","type":"post","link":"https:\/\/soymigrante.com\/revista\/viaje-en-autobus-extraurbano-de-guatemala\/","title":{"rendered":"Cr\u00f3nica: el viaje en camioneta, recuerdo de muchos migrantes"},"content":{"rendered":"\t\t<div data-elementor-type=\"wp-post\" data-elementor-id=\"1239\" class=\"elementor elementor-1239\" data-elementor-post-type=\"post\">\n\t\t\t\t\t\t<section data-particle_enable=\"false\" data-particle-mobile-disabled=\"false\" class=\"elementor-section elementor-top-section elementor-element elementor-element-3d9b09a elementor-section-boxed elementor-section-height-default elementor-section-height-default\" data-id=\"3d9b09a\" data-element_type=\"section\" data-e-type=\"section\">\n\t\t\t\t\t\t<div class=\"elementor-container elementor-column-gap-default\">\n\t\t\t\t\t<div class=\"elementor-column elementor-col-100 elementor-top-column elementor-element elementor-element-288275e\" data-id=\"288275e\" data-element_type=\"column\" data-e-type=\"column\">\n\t\t\t<div class=\"elementor-widget-wrap elementor-element-populated\">\n\t\t\t\t\t\t<div class=\"elementor-element elementor-element-443e5d3 elementor-widget elementor-widget-heading\" data-id=\"443e5d3\" data-element_type=\"widget\" data-e-type=\"widget\" data-widget_type=\"heading.default\">\n\t\t\t\t\t<h2 class=\"elementor-heading-title elementor-size-default\">\u00a1S\u00fabale s\u00fabale!, \u00bfA d\u00f3nde va? \u00a1llega, llega!  Toto, Xela, Guate, San Marcos, Huhue: el viaje tantas veces efectuado en camioneta extraurbana, con todo y sus defectos y peligros, figura en la memoria de muchos migrantes guatemaltecos. <\/h2>\t\t\t\t<\/div>\n\t\t\t\t\t<\/div>\n\t\t<\/div>\n\t\t\t\t\t<\/div>\n\t\t<\/section>\n\t\t\t\t<section data-particle_enable=\"false\" data-particle-mobile-disabled=\"false\" class=\"elementor-section elementor-top-section elementor-element elementor-element-7927885 elementor-section-boxed elementor-section-height-default elementor-section-height-default\" data-id=\"7927885\" data-element_type=\"section\" data-e-type=\"section\">\n\t\t\t\t\t\t<div class=\"elementor-container elementor-column-gap-default\">\n\t\t\t\t\t<div class=\"elementor-column elementor-col-100 elementor-top-column elementor-element elementor-element-1394b2e\" data-id=\"1394b2e\" data-element_type=\"column\" data-e-type=\"column\">\n\t\t\t<div class=\"elementor-widget-wrap elementor-element-populated\">\n\t\t\t\t\t\t<div class=\"elementor-element elementor-element-2d482d1 elementor-widget elementor-widget-image\" data-id=\"2d482d1\" data-element_type=\"widget\" data-e-type=\"widget\" data-widget_type=\"image.default\">\n\t\t\t\t\t\t\t\t\t\t\t\t<figure class=\"wp-caption\">\n\t\t\t\t\t\t\t\t\t\t<img fetchpriority=\"high\" decoding=\"async\" width=\"768\" height=\"375\" src=\"https:\/\/soymigrante.com\/revista\/wp-content\/uploads\/2023\/06\/En-nombre-de-Dios-abordan-las-unidades-para-dirigise-a-su-lugar-de-destino-.-1024x500.jpg\" class=\"attachment-large size-large wp-image-1243\" alt=\"Bus de Totonicap\u00e1n hacia Quetzaltenango\" srcset=\"https:\/\/soymigrante.com\/revista\/wp-content\/uploads\/2023\/06\/En-nombre-de-Dios-abordan-las-unidades-para-dirigise-a-su-lugar-de-destino-.-1024x500.jpg 1024w, https:\/\/soymigrante.com\/revista\/wp-content\/uploads\/2023\/06\/En-nombre-de-Dios-abordan-las-unidades-para-dirigise-a-su-lugar-de-destino-.-300x147.webp 300w, https:\/\/soymigrante.com\/revista\/wp-content\/uploads\/2023\/06\/En-nombre-de-Dios-abordan-las-unidades-para-dirigise-a-su-lugar-de-destino-.-768x375.jpg 768w, https:\/\/soymigrante.com\/revista\/wp-content\/uploads\/2023\/06\/En-nombre-de-Dios-abordan-las-unidades-para-dirigise-a-su-lugar-de-destino-.-750x366.webp 750w, https:\/\/soymigrante.com\/revista\/wp-content\/uploads\/2023\/06\/En-nombre-de-Dios-abordan-las-unidades-para-dirigise-a-su-lugar-de-destino-.-1140x557.jpg 1140w, https:\/\/soymigrante.com\/revista\/wp-content\/uploads\/2023\/06\/En-nombre-de-Dios-abordan-las-unidades-para-dirigise-a-su-lugar-de-destino-..webp 1177w\" sizes=\"(max-width: 768px) 100vw, 768px\" title=\"Bus de Totonicap\u00e1n hacia Quetzaltenango \u2013 SoyMigrante.com REVISTA\" \/>\t\t\t\t\t\t\t\t\t\t\t<figcaption class=\"widget-image-caption wp-caption-text\">Varias personas encomiendan su vida a Dios, abordan las unidades para dirigise a su lugar de destino<\/figcaption>\n\t\t\t\t\t\t\t\t\t\t<\/figure>\n\t\t\t\t\t\t\t\t\t<\/div>\n\t\t\t\t\t<\/div>\n\t\t<\/div>\n\t\t\t\t\t<\/div>\n\t\t<\/section>\n\t\t\t\t<section data-particle_enable=\"false\" data-particle-mobile-disabled=\"false\" class=\"elementor-section elementor-top-section elementor-element elementor-element-c745f13 elementor-section-boxed elementor-section-height-default elementor-section-height-default\" data-id=\"c745f13\" data-element_type=\"section\" data-e-type=\"section\">\n\t\t\t\t\t\t<div class=\"elementor-container elementor-column-gap-default\">\n\t\t\t\t\t<div class=\"elementor-column elementor-col-100 elementor-top-column elementor-element elementor-element-6c1b00f\" data-id=\"6c1b00f\" data-element_type=\"column\" data-e-type=\"column\">\n\t\t\t<div class=\"elementor-widget-wrap elementor-element-populated\">\n\t\t\t\t\t\t<div class=\"elementor-element elementor-element-dffdb98 elementor-widget elementor-widget-heading\" data-id=\"dffdb98\" data-element_type=\"widget\" data-e-type=\"widget\" data-widget_type=\"heading.default\">\n\t\t\t\t\t<h3 class=\"elementor-heading-title elementor-size-default\">Inicio diario: a oscuras y con fr\u00edo: a tomar el autob\u00fas<\/h3>\t\t\t\t<\/div>\n\t\t\t\t<div class=\"elementor-element elementor-element-f45f2a3 elementor-widget elementor-widget-text-editor\" data-id=\"f45f2a3\" data-element_type=\"widget\" data-e-type=\"widget\" data-widget_type=\"text-editor.default\">\n\t\t\t\t\t\t\t\t\t<p><span style=\"font-weight: 400;\">Son las cinco de la ma\u00f1ana, salen de casa bien abrigados por el fr\u00edo y la niebla que cubre los ojos. Varias luces de colores se ven desde lejos. Cuando se acercan est\u00e1n las camionetas extraurbanas esperando pasaje.\u00a0 Hay de diferentes colores y tama\u00f1os, las m\u00e1s caracter\u00edsticas son las amarillas o de otros dise\u00f1os con nombres como:\u00a0 Mar\u00eda linda, La Chabelita, La Momosteca, Santa Rita, Esperanza, Esmeralda. Algunos son buses reciclados y rodados desde Estados Unidos.<\/span><\/p><p><span style=\"font-weight: 400;\">En cualquier terminal de Guatemala est\u00e1 el infaltable &#8220;ayudante&#8221; que grita: \u00a1S\u00fabale s\u00fabale!, \u00bfA d\u00f3nde va? \u00a1llega, llega!\u00a0 Toto, Xela, Guate, San Marcos, Huhue; dependiendo del lugar a donde cada persona se dirige. Hay quienes miden bien su tiempo, llegan tranquilamente y eligen su asiento en la unidad a\u00fan vac\u00eda. Otras van apresuradas para alcanzar el trasporte y casi no encuentran lugar para sentarse.<\/span><\/p><p><span style=\"font-weight: 400;\">Entre sonidos de bocina repetitivos y que se oyen en varias calles a la redonda el viaje comienza.\u00a0El piloto prepara su lista musical. Con alto volumen se escucha los temas musicales en g\u00e9neros como: cumbia, salsa, rock nacional o rancheras, eso dependiendo de su\u00a0 gusto musical.\u00a0 En la ruta; van subiendo estudiantes, trabajadores, comerciantes, con distintas cargas y a veces redes con animales o verduras.<\/span><\/p>\t\t\t\t\t\t\t\t<\/div>\n\t\t\t\t\t<\/div>\n\t\t<\/div>\n\t\t\t\t\t<\/div>\n\t\t<\/section>\n\t\t\t\t<section data-particle_enable=\"false\" data-particle-mobile-disabled=\"false\" class=\"elementor-section elementor-top-section elementor-element elementor-element-1ed3a80 elementor-section-boxed elementor-section-height-default elementor-section-height-default\" data-id=\"1ed3a80\" data-element_type=\"section\" data-e-type=\"section\">\n\t\t\t\t\t\t<div class=\"elementor-container elementor-column-gap-default\">\n\t\t\t\t\t<div class=\"elementor-column elementor-col-100 elementor-top-column elementor-element elementor-element-a38efb4\" data-id=\"a38efb4\" data-element_type=\"column\" data-e-type=\"column\">\n\t\t\t<div class=\"elementor-widget-wrap elementor-element-populated\">\n\t\t\t\t\t\t<div class=\"elementor-element elementor-element-0d118f1 elementor-widget elementor-widget-image\" data-id=\"0d118f1\" data-element_type=\"widget\" data-e-type=\"widget\" data-widget_type=\"image.default\">\n\t\t\t\t\t\t\t\t\t\t\t\t<figure class=\"wp-caption\">\n\t\t\t\t\t\t\t\t\t\t<img decoding=\"async\" width=\"768\" height=\"1015\" src=\"https:\/\/soymigrante.com\/revista\/wp-content\/uploads\/2023\/06\/Guatemaltecos-se-dirigen-a-distitnos-puntos-del-pais-775x1024.jpg\" class=\"attachment-large size-large wp-image-1244\" alt=\"Guatemala y sus trasportes\" srcset=\"https:\/\/soymigrante.com\/revista\/wp-content\/uploads\/2023\/06\/Guatemaltecos-se-dirigen-a-distitnos-puntos-del-pais-775x1024.jpg 775w, https:\/\/soymigrante.com\/revista\/wp-content\/uploads\/2023\/06\/Guatemaltecos-se-dirigen-a-distitnos-puntos-del-pais-227x300.webp 227w, https:\/\/soymigrante.com\/revista\/wp-content\/uploads\/2023\/06\/Guatemaltecos-se-dirigen-a-distitnos-puntos-del-pais-768x1014.jpg 768w, https:\/\/soymigrante.com\/revista\/wp-content\/uploads\/2023\/06\/Guatemaltecos-se-dirigen-a-distitnos-puntos-del-pais-1163x1536.jpg 1163w, https:\/\/soymigrante.com\/revista\/wp-content\/uploads\/2023\/06\/Guatemaltecos-se-dirigen-a-distitnos-puntos-del-pais-1550x2048.jpg 1550w, https:\/\/soymigrante.com\/revista\/wp-content\/uploads\/2023\/06\/Guatemaltecos-se-dirigen-a-distitnos-puntos-del-pais-750x991.webp 750w, https:\/\/soymigrante.com\/revista\/wp-content\/uploads\/2023\/06\/Guatemaltecos-se-dirigen-a-distitnos-puntos-del-pais-1140x1506.jpg 1140w, https:\/\/soymigrante.com\/revista\/wp-content\/uploads\/2023\/06\/Guatemaltecos-se-dirigen-a-distitnos-puntos-del-pais-scaled.webp 1454w\" sizes=\"(max-width: 768px) 100vw, 768px\" title=\"Guatemala y sus trasportes \u2013 SoyMigrante.com REVISTA\" \/>\t\t\t\t\t\t\t\t\t\t\t<figcaption class=\"widget-image-caption wp-caption-text\">Guatemaltecos se dirigen a destinos diferentes del pa\u00eds foto: Omar Menchu.<\/figcaption>\n\t\t\t\t\t\t\t\t\t\t<\/figure>\n\t\t\t\t\t\t\t\t\t<\/div>\n\t\t\t\t\t<\/div>\n\t\t<\/div>\n\t\t\t\t\t<\/div>\n\t\t<\/section>\n\t\t\t\t<section data-particle_enable=\"false\" data-particle-mobile-disabled=\"false\" class=\"elementor-section elementor-top-section elementor-element elementor-element-664e96a elementor-section-boxed elementor-section-height-default elementor-section-height-default\" data-id=\"664e96a\" data-element_type=\"section\" data-e-type=\"section\">\n\t\t\t\t\t\t<div class=\"elementor-container elementor-column-gap-default\">\n\t\t\t\t\t<div class=\"elementor-column elementor-col-100 elementor-top-column elementor-element elementor-element-7dbcc37\" data-id=\"7dbcc37\" data-element_type=\"column\" data-e-type=\"column\">\n\t\t\t<div class=\"elementor-widget-wrap elementor-element-populated\">\n\t\t\t\t\t\t<div class=\"elementor-element elementor-element-4da117a elementor-widget elementor-widget-heading\" data-id=\"4da117a\" data-element_type=\"widget\" data-e-type=\"widget\" data-widget_type=\"heading.default\">\n\t\t\t\t\t<h3 class=\"elementor-heading-title elementor-size-default\">Los vendedores de antojitos nunca faltan<\/h3>\t\t\t\t<\/div>\n\t\t\t\t<div class=\"elementor-element elementor-element-a28783a elementor-widget elementor-widget-text-editor\" data-id=\"a28783a\" data-element_type=\"widget\" data-e-type=\"widget\" data-widget_type=\"text-editor.default\">\n\t\t\t\t\t\t\t\t\t<p><span style=\"font-weight: 400\">Algunos trayectos son largos por eso los usuarios aprovechan para comprar comida, agua o dulces para el camino, como Julio, vendedor de fruta o do\u00f1a Mar\u00eda vendedora de panes con frijol, con pollo o jam\u00f3n, desde muy temprano preparan los alimentos y los venden de la forma m\u00e1s sencilla para que las personas puedan consumir sin ning\u00fan problema.\u00a0<\/span><\/p><p><span style=\"font-weight: 400\">Ante la necesidad, existe un aumento de vendedores ambulantes que ofrecen productos variados principalmente comestibles, la mayor\u00eda con accesible precio y facilidad en su envoltorio, pero tambi\u00e9n hay d\u00edas calurosos y los helados en bolsita o en cono refrescan el trayecto. <\/span><\/p>\t\t\t\t\t\t\t\t<\/div>\n\t\t\t\t\t<\/div>\n\t\t<\/div>\n\t\t\t\t\t<\/div>\n\t\t<\/section>\n\t\t\t\t<section data-particle_enable=\"false\" data-particle-mobile-disabled=\"false\" class=\"elementor-section elementor-top-section elementor-element elementor-element-563e23f elementor-section-boxed elementor-section-height-default elementor-section-height-default\" data-id=\"563e23f\" data-element_type=\"section\" data-e-type=\"section\">\n\t\t\t\t\t\t<div class=\"elementor-container elementor-column-gap-default\">\n\t\t\t\t\t<div class=\"elementor-column elementor-col-100 elementor-top-column elementor-element elementor-element-5b271be\" data-id=\"5b271be\" data-element_type=\"column\" data-e-type=\"column\">\n\t\t\t<div class=\"elementor-widget-wrap\">\n\t\t\t\t\t\t\t<\/div>\n\t\t<\/div>\n\t\t\t\t\t<\/div>\n\t\t<\/section>\n\t\t\t\t<section data-particle_enable=\"false\" data-particle-mobile-disabled=\"false\" class=\"elementor-section elementor-top-section elementor-element elementor-element-cbe9dd5 elementor-section-boxed elementor-section-height-default elementor-section-height-default\" data-id=\"cbe9dd5\" data-element_type=\"section\" data-e-type=\"section\">\n\t\t\t\t\t\t<div class=\"elementor-container elementor-column-gap-default\">\n\t\t\t\t\t<div class=\"elementor-column elementor-col-100 elementor-top-column elementor-element elementor-element-bd6c376\" data-id=\"bd6c376\" data-element_type=\"column\" data-e-type=\"column\">\n\t\t\t<div class=\"elementor-widget-wrap elementor-element-populated\">\n\t\t\t\t\t\t<div class=\"elementor-element elementor-element-a5b1062 elementor-widget elementor-widget-heading\" data-id=\"a5b1062\" data-element_type=\"widget\" data-e-type=\"widget\" data-widget_type=\"heading.default\">\n\t\t\t\t\t<h3 class=\"elementor-heading-title elementor-size-default\">El sencillo para el pasaje<\/h3>\t\t\t\t<\/div>\n\t\t\t\t<div class=\"elementor-element elementor-element-627544c elementor-widget elementor-widget-text-editor\" data-id=\"627544c\" data-element_type=\"widget\" data-e-type=\"widget\" data-widget_type=\"text-editor.default\">\n\t\t\t\t\t\t\t\t\t<p><span style=\"font-weight: 400\">A mitad del trayecto el ayudante comienza el cobro del pasaje y le recuerda a la gente llevar el sencillo (pasaje completo) esto para evitar complicaciones a la hora de bajar, porque las paradas son breves y el ayudante se prepara para bajar o subir bultos, canastas o encargos que van en la parrilla de la camioneta y tambi\u00e9n buscan a m\u00e1s pasajeros.<\/span><\/p><p><span style=\"font-weight: 400\">Por ejemplo, en cuatro caminos; es el lugar que concentra varias rutas principalmente hacia los municipios de: San Francisco el Alto, Momostenango, Santa Luc\u00eda, Totonicap\u00e1n y departamentos como: Totonicap\u00e1n, Huehuetenango, Ciudad Capital y Quetzaltenango, en este \u00faltimo tambi\u00e9n se encuentran otras rutas hacia Mazatenango, Coatepeque, Solol\u00e1, San Marcos y otros lugares.<\/span><\/p><p><span style=\"font-weight: 400\">Cada terminal es una fiesta de ruidos; m\u00fasica alta, aglomeraci\u00f3n de personas en busca del bus correcto, los ayudantes gritando las rutas a d\u00f3nde se dirigen, ventas de comida, buses tocando claxon (pitaso, bocina), gente corriendo, comprando esperando, eso s\u00ed \u00fanico e inigualable de los guatemaltecos. <\/span><\/p>\t\t\t\t\t\t\t\t<\/div>\n\t\t\t\t<div class=\"elementor-element elementor-element-47ad717 elementor-widget elementor-widget-image\" data-id=\"47ad717\" data-element_type=\"widget\" data-e-type=\"widget\" data-widget_type=\"image.default\">\n\t\t\t\t\t\t\t\t\t\t\t\t<figure class=\"wp-caption\">\n\t\t\t\t\t\t\t\t\t\t<img decoding=\"async\" width=\"768\" height=\"503\" src=\"https:\/\/soymigrante.com\/revista\/wp-content\/uploads\/2023\/06\/Vendedores-ambulantes-de-comida-rapida-y-frutas-abordan-las-unidades-para-ofrecer-su-producto-y-satisfacer-una-necesidad-a-los-pasajeros-1024x671.jpg\" class=\"attachment-large size-large wp-image-1249\" alt=\"Vendedores ambulantes\" srcset=\"https:\/\/soymigrante.com\/revista\/wp-content\/uploads\/2023\/06\/Vendedores-ambulantes-de-comida-rapida-y-frutas-abordan-las-unidades-para-ofrecer-su-producto-y-satisfacer-una-necesidad-a-los-pasajeros-1024x671.jpg 1024w, https:\/\/soymigrante.com\/revista\/wp-content\/uploads\/2023\/06\/Vendedores-ambulantes-de-comida-rapida-y-frutas-abordan-las-unidades-para-ofrecer-su-producto-y-satisfacer-una-necesidad-a-los-pasajeros-300x197.webp 300w, https:\/\/soymigrante.com\/revista\/wp-content\/uploads\/2023\/06\/Vendedores-ambulantes-de-comida-rapida-y-frutas-abordan-las-unidades-para-ofrecer-su-producto-y-satisfacer-una-necesidad-a-los-pasajeros-768x503.jpg 768w, https:\/\/soymigrante.com\/revista\/wp-content\/uploads\/2023\/06\/Vendedores-ambulantes-de-comida-rapida-y-frutas-abordan-las-unidades-para-ofrecer-su-producto-y-satisfacer-una-necesidad-a-los-pasajeros-750x492.webp 750w, https:\/\/soymigrante.com\/revista\/wp-content\/uploads\/2023\/06\/Vendedores-ambulantes-de-comida-rapida-y-frutas-abordan-las-unidades-para-ofrecer-su-producto-y-satisfacer-una-necesidad-a-los-pasajeros.webp 1077w\" sizes=\"(max-width: 768px) 100vw, 768px\" title=\"Vendedores ambulantes \u2013 SoyMigrante.com REVISTA\" \/>\t\t\t\t\t\t\t\t\t\t\t<figcaption class=\"widget-image-caption wp-caption-text\">Vendedores ambulantes de comida rapida y frutas abordan las unidades para ofrecer su producto y satisfacer una necesidad a los pasajeros<\/figcaption>\n\t\t\t\t\t\t\t\t\t\t<\/figure>\n\t\t\t\t\t\t\t\t\t<\/div>\n\t\t\t\t\t<\/div>\n\t\t<\/div>\n\t\t\t\t\t<\/div>\n\t\t<\/section>\n\t\t\t\t<section data-particle_enable=\"false\" data-particle-mobile-disabled=\"false\" class=\"elementor-section elementor-top-section elementor-element elementor-element-9f5aff2 elementor-section-boxed elementor-section-height-default elementor-section-height-default\" data-id=\"9f5aff2\" data-element_type=\"section\" data-e-type=\"section\">\n\t\t\t\t\t\t<div class=\"elementor-container elementor-column-gap-default\">\n\t\t\t\t\t<div class=\"elementor-column elementor-col-100 elementor-top-column elementor-element elementor-element-77c626b\" data-id=\"77c626b\" data-element_type=\"column\" data-e-type=\"column\">\n\t\t\t<div class=\"elementor-widget-wrap elementor-element-populated\">\n\t\t\t\t\t\t<div class=\"elementor-element elementor-element-72745fc elementor-widget elementor-widget-image\" data-id=\"72745fc\" data-element_type=\"widget\" data-e-type=\"widget\" data-widget_type=\"image.default\">\n\t\t\t\t\t\t\t\t\t\t\t\t<figure class=\"wp-caption\">\n\t\t\t\t\t\t\t\t\t\t<img loading=\"lazy\" decoding=\"async\" width=\"768\" height=\"522\" src=\"https:\/\/soymigrante.com\/revista\/wp-content\/uploads\/2023\/06\/Los-ayudantes-son-personas-que-arriesgan-su-vida-en-movimiento-ayudan-a-subir-y-bajar-costales-cajas-u-otro-objeto-pesado-1024x696.jpg\" class=\"attachment-large size-large wp-image-1251\" alt=\"Ayudante colabora con las personas para subir o bajar costales\" srcset=\"https:\/\/soymigrante.com\/revista\/wp-content\/uploads\/2023\/06\/Los-ayudantes-son-personas-que-arriesgan-su-vida-en-movimiento-ayudan-a-subir-y-bajar-costales-cajas-u-otro-objeto-pesado-1024x696.jpg 1024w, https:\/\/soymigrante.com\/revista\/wp-content\/uploads\/2023\/06\/Los-ayudantes-son-personas-que-arriesgan-su-vida-en-movimiento-ayudan-a-subir-y-bajar-costales-cajas-u-otro-objeto-pesado-300x204.webp 300w, https:\/\/soymigrante.com\/revista\/wp-content\/uploads\/2023\/06\/Los-ayudantes-son-personas-que-arriesgan-su-vida-en-movimiento-ayudan-a-subir-y-bajar-costales-cajas-u-otro-objeto-pesado-768x522.jpg 768w, https:\/\/soymigrante.com\/revista\/wp-content\/uploads\/2023\/06\/Los-ayudantes-son-personas-que-arriesgan-su-vida-en-movimiento-ayudan-a-subir-y-bajar-costales-cajas-u-otro-objeto-pesado-750x510.webp 750w, https:\/\/soymigrante.com\/revista\/wp-content\/uploads\/2023\/06\/Los-ayudantes-son-personas-que-arriesgan-su-vida-en-movimiento-ayudan-a-subir-y-bajar-costales-cajas-u-otro-objeto-pesado.webp 1038w\" sizes=\"(max-width: 768px) 100vw, 768px\" title=\"Ayudante colabora con las personas para subir o bajar costales \u2013 SoyMigrante.com REVISTA\" \/>\t\t\t\t\t\t\t\t\t\t\t<figcaption class=\"widget-image-caption wp-caption-text\">Los ayudantes son personas que arriesgan su vida en movimiento, ayudan a subir y bajar costales, cajas u otro objeto pesado<\/figcaption>\n\t\t\t\t\t\t\t\t\t\t<\/figure>\n\t\t\t\t\t\t\t\t\t<\/div>\n\t\t\t\t\t<\/div>\n\t\t<\/div>\n\t\t\t\t\t<\/div>\n\t\t<\/section>\n\t\t\t\t<section data-particle_enable=\"false\" data-particle-mobile-disabled=\"false\" class=\"elementor-section elementor-top-section elementor-element elementor-element-85ff1ce elementor-section-boxed elementor-section-height-default elementor-section-height-default\" data-id=\"85ff1ce\" data-element_type=\"section\" data-e-type=\"section\">\n\t\t\t\t\t\t<div class=\"elementor-container elementor-column-gap-default\">\n\t\t\t\t\t<div class=\"elementor-column elementor-col-100 elementor-top-column elementor-element elementor-element-32ff398\" data-id=\"32ff398\" data-element_type=\"column\" data-e-type=\"column\">\n\t\t\t<div class=\"elementor-widget-wrap elementor-element-populated\">\n\t\t\t\t\t\t<div class=\"elementor-element elementor-element-2ff06ac elementor-widget elementor-widget-heading\" data-id=\"2ff06ac\" data-element_type=\"widget\" data-e-type=\"widget\" data-widget_type=\"heading.default\">\n\t\t\t\t\t<h3 class=\"elementor-heading-title elementor-size-default\">Un riesgo, una necesidad  <\/h3>\t\t\t\t<\/div>\n\t\t\t\t<div class=\"elementor-element elementor-element-d4188f5 elementor-widget elementor-widget-text-editor\" data-id=\"d4188f5\" data-element_type=\"widget\" data-e-type=\"widget\" data-widget_type=\"text-editor.default\">\n\t\t\t\t\t\t\t\t\t<p><span style=\"font-weight: 400\">La excesiva velocidad es una caracter\u00edstica frecuente en estos buses. Es competencia de pasaje o entre pilotos. A veces es una exigencia para poder ganar m\u00e1s sin embargo a veces termina en tragedia.<\/span><\/p><p><span style=\"font-weight: 400\">Tambi\u00e9n las carreteras incompletas se convierten en largas traves\u00edas y los asaltos son impredecibles, una realidad que d\u00eda a d\u00eda viven los guatemaltecos que por necesidad hacen uso del servicio para dirigirse a distintos <\/span> <span style=\"font-weight: 400\">lugares. Finalmente, los propios ayudantes hacen acrobacias para subir y bajar carga con las unidades en marcha. A veces con la unidad a\u00fan en marcha se suben por la puerta trasera, a la escalera del techo y acomodan carga en riesgosa maniobra.<\/span><\/p>\n<p><\/p>\t\t\t\t\t\t\t\t<\/div>\n\t\t\t\t\t<\/div>\n\t\t<\/div>\n\t\t\t\t\t<\/div>\n\t\t<\/section>\n\t\t\t\t<section data-particle_enable=\"false\" data-particle-mobile-disabled=\"false\" class=\"elementor-section elementor-top-section elementor-element elementor-element-20c793a elementor-section-boxed elementor-section-height-default elementor-section-height-default\" data-id=\"20c793a\" data-element_type=\"section\" data-e-type=\"section\">\n\t\t\t\t\t\t<div class=\"elementor-container elementor-column-gap-default\">\n\t\t\t\t\t<div class=\"elementor-column elementor-col-100 elementor-top-column elementor-element elementor-element-1d8b145\" data-id=\"1d8b145\" data-element_type=\"column\" data-e-type=\"column\">\n\t\t\t<div class=\"elementor-widget-wrap elementor-element-populated\">\n\t\t\t\t\t\t<div class=\"elementor-element elementor-element-a96ab42 elementor-widget elementor-widget-image\" data-id=\"a96ab42\" data-element_type=\"widget\" data-e-type=\"widget\" data-widget_type=\"image.default\">\n\t\t\t\t\t\t\t\t\t\t\t\t<figure class=\"wp-caption\">\n\t\t\t\t\t\t\t\t\t\t<img loading=\"lazy\" decoding=\"async\" width=\"768\" height=\"1015\" src=\"https:\/\/soymigrante.com\/revista\/wp-content\/uploads\/2023\/06\/Guatemaltecos-se-dirigen-a-vender-o-comprar-productos-a-otros-municipios-o-departamentos-775x1024.jpg\" class=\"attachment-large size-large wp-image-1252\" alt=\"Se\u00f1or en la parada de Salcaja Quetzaltenango\" srcset=\"https:\/\/soymigrante.com\/revista\/wp-content\/uploads\/2023\/06\/Guatemaltecos-se-dirigen-a-vender-o-comprar-productos-a-otros-municipios-o-departamentos-775x1024.jpg 775w, https:\/\/soymigrante.com\/revista\/wp-content\/uploads\/2023\/06\/Guatemaltecos-se-dirigen-a-vender-o-comprar-productos-a-otros-municipios-o-departamentos-227x300.webp 227w, https:\/\/soymigrante.com\/revista\/wp-content\/uploads\/2023\/06\/Guatemaltecos-se-dirigen-a-vender-o-comprar-productos-a-otros-municipios-o-departamentos-768x1014.jpg 768w, https:\/\/soymigrante.com\/revista\/wp-content\/uploads\/2023\/06\/Guatemaltecos-se-dirigen-a-vender-o-comprar-productos-a-otros-municipios-o-departamentos-1163x1536.jpg 1163w, https:\/\/soymigrante.com\/revista\/wp-content\/uploads\/2023\/06\/Guatemaltecos-se-dirigen-a-vender-o-comprar-productos-a-otros-municipios-o-departamentos-1550x2048.jpg 1550w, https:\/\/soymigrante.com\/revista\/wp-content\/uploads\/2023\/06\/Guatemaltecos-se-dirigen-a-vender-o-comprar-productos-a-otros-municipios-o-departamentos-750x991.webp 750w, https:\/\/soymigrante.com\/revista\/wp-content\/uploads\/2023\/06\/Guatemaltecos-se-dirigen-a-vender-o-comprar-productos-a-otros-municipios-o-departamentos-1140x1506.jpg 1140w, https:\/\/soymigrante.com\/revista\/wp-content\/uploads\/2023\/06\/Guatemaltecos-se-dirigen-a-vender-o-comprar-productos-a-otros-municipios-o-departamentos-scaled.webp 1454w\" sizes=\"(max-width: 768px) 100vw, 768px\" title=\"Se\u00f1or en la parada de Salcaja Quetzaltenango \u2013 SoyMigrante.com REVISTA\" \/>\t\t\t\t\t\t\t\t\t\t\t<figcaption class=\"widget-image-caption wp-caption-text\">Guatemaltecos se dirigen a vender o comprar productos a otros municipios o departamentos<\/figcaption>\n\t\t\t\t\t\t\t\t\t\t<\/figure>\n\t\t\t\t\t\t\t\t\t<\/div>\n\t\t\t\t\t<\/div>\n\t\t<\/div>\n\t\t\t\t\t<\/div>\n\t\t<\/section>\n\t\t\t\t<section data-particle_enable=\"false\" data-particle-mobile-disabled=\"false\" class=\"elementor-section elementor-top-section elementor-element elementor-element-cad5763 elementor-section-boxed elementor-section-height-default elementor-section-height-default\" data-id=\"cad5763\" data-element_type=\"section\" data-e-type=\"section\">\n\t\t\t\t\t\t<div class=\"elementor-container elementor-column-gap-default\">\n\t\t\t\t\t<div class=\"elementor-column elementor-col-100 elementor-top-column elementor-element elementor-element-907541b\" data-id=\"907541b\" data-element_type=\"column\" data-e-type=\"column\">\n\t\t\t<div class=\"elementor-widget-wrap elementor-element-populated\">\n\t\t\t\t\t\t<div class=\"elementor-element elementor-element-e151378 elementor-widget elementor-widget-heading\" data-id=\"e151378\" data-element_type=\"widget\" data-e-type=\"widget\" data-widget_type=\"heading.default\">\n\t\t\t\t\t<h3 class=\"elementor-heading-title elementor-size-default\">El destino<\/h3>\t\t\t\t<\/div>\n\t\t\t\t<div class=\"elementor-element elementor-element-26b97ef elementor-widget elementor-widget-text-editor\" data-id=\"26b97ef\" data-element_type=\"widget\" data-e-type=\"widget\" data-widget_type=\"text-editor.default\">\n\t\t\t\t\t\t\t\t\t<p><span style=\"font-weight: 400\">Ya se acerca el destino, se alista la mochila, el canasto, la maleta u otro art\u00edculo, se anticipa la parada, si se va en medio de los asientos hay que empezar adelantarse y pedir permiso, lapso que se convierte en una traves\u00eda.<\/span><\/p><p><span style=\"font-weight: 400\">La camioneta va con la velocidad de un tren, por eso se anticipa la parada gritando: <\/span><span style=\"font-weight: 400\">\u00a1Aqu\u00ed por favor!, frena; hay que agarrase fuerte para evitar una tragedia, \u00a1rapidito porfa! Dice el ayudante, y se baja del bus lo m\u00e1s r\u00e1pido pero precavido, no olvidando decir gracias al chofer y al ayudante.<\/span><\/p><p><span style=\"font-weight: 400\">\u201cGracias a Dios, por traerme con bien\u201d, es la frase que muchos guatemaltecos exclaman internamente al llegar a su destino.<\/span><\/p>\t\t\t\t\t\t\t\t<\/div>\n\t\t\t\t\t<\/div>\n\t\t<\/div>\n\t\t\t\t\t<\/div>\n\t\t<\/section>\n\t\t\t\t<section data-particle_enable=\"false\" data-particle-mobile-disabled=\"false\" class=\"elementor-section elementor-top-section elementor-element elementor-element-01f8969 elementor-section-boxed elementor-section-height-default elementor-section-height-default\" data-id=\"01f8969\" data-element_type=\"section\" data-e-type=\"section\">\n\t\t\t\t\t\t<div class=\"elementor-container elementor-column-gap-default\">\n\t\t\t\t\t<div class=\"elementor-column elementor-col-100 elementor-top-column elementor-element elementor-element-87ee4e5\" data-id=\"87ee4e5\" data-element_type=\"column\" data-e-type=\"column\">\n\t\t\t<div class=\"elementor-widget-wrap elementor-element-populated\">\n\t\t\t\t\t\t<div class=\"elementor-element elementor-element-38d380d elementor-arrows-position-inside elementor-pagination-position-outside elementor-widget elementor-widget-image-carousel\" data-id=\"38d380d\" data-element_type=\"widget\" data-e-type=\"widget\" data-settings=\"{&quot;slides_to_show&quot;:&quot;1&quot;,&quot;navigation&quot;:&quot;both&quot;,&quot;autoplay&quot;:&quot;yes&quot;,&quot;pause_on_hover&quot;:&quot;yes&quot;,&quot;pause_on_interaction&quot;:&quot;yes&quot;,&quot;autoplay_speed&quot;:5000,&quot;infinite&quot;:&quot;yes&quot;,&quot;effect&quot;:&quot;slide&quot;,&quot;speed&quot;:500}\" data-widget_type=\"image-carousel.default\">\n\t\t\t\t\t\t\t<div class=\"elementor-image-carousel-wrapper swiper\" role=\"region\" aria-roledescription=\"carousel\" aria-label=\"Carrusel de im\u00e1genes\" dir=\"ltr\">\n\t\t\t<div class=\"elementor-image-carousel swiper-wrapper\" aria-live=\"off\">\n\t\t\t\t\t\t\t\t<div class=\"swiper-slide\" role=\"group\" aria-roledescription=\"slide\" aria-label=\"1 de 7\"><figure class=\"swiper-slide-inner\"><img decoding=\"async\" class=\"swiper-slide-image\" src=\"https:\/\/soymigrante.com\/revista\/wp-content\/uploads\/2023\/06\/Imagen-de-referencia-bus-ruta-de-Quiche-hacia-Guatemala-2-1-1024x576.jpeg\" alt=\"A pesar que la pandemia ya termin\u00f3, muchos pasajeros siguen usando mascarillas.\" \/><\/figure><\/div><div class=\"swiper-slide\" role=\"group\" aria-roledescription=\"slide\" aria-label=\"2 de 7\"><figure class=\"swiper-slide-inner\"><img decoding=\"async\" class=\"swiper-slide-image\" src=\"https:\/\/soymigrante.com\/revista\/wp-content\/uploads\/2023\/06\/interior-de-los-buses-la-mayor-parte-permanecen-llenos-1-1024x671.jpg\" alt=\"La espera por pasaje no es muy larga y en pocos minutos esta camioneta se llenar\u00e1.\" \/><\/figure><\/div><div class=\"swiper-slide\" role=\"group\" aria-roledescription=\"slide\" aria-label=\"3 de 7\"><figure class=\"swiper-slide-inner\"><img decoding=\"async\" class=\"swiper-slide-image\" src=\"https:\/\/soymigrante.com\/revista\/wp-content\/uploads\/2023\/06\/Bus-saliendo-de-la-terminal-de-Quetzaltenango-1-1024x576.jpg\" alt=\"Bus saliendo de la terminal de Quetzaltenango. El colorido es peculiar.\" \/><\/figure><\/div><div class=\"swiper-slide\" role=\"group\" aria-roledescription=\"slide\" aria-label=\"4 de 7\"><figure class=\"swiper-slide-inner\"><img decoding=\"async\" class=\"swiper-slide-image\" src=\"https:\/\/soymigrante.com\/revista\/wp-content\/uploads\/2023\/06\/Camionetas-en-paso-adesnivel-cuatro-caminos-San-Cistobal-Totonicapan-1024x576.jpg\" alt=\"Camionetas en paso a desnivel Cuatro Caminos, San Crist\u00f3bal Totonicap\u00e1n\" \/><\/figure><\/div><div class=\"swiper-slide\" role=\"group\" aria-roledescription=\"slide\" aria-label=\"5 de 7\"><figure class=\"swiper-slide-inner\"><img decoding=\"async\" class=\"swiper-slide-image\" src=\"https:\/\/soymigrante.com\/revista\/wp-content\/uploads\/2023\/06\/Bus-saliendo-de-la-terminal-de-Quetzaltenango-2-1024x671.jpg\" alt=\"Bus saliendo de la terminal de Quetzaltenango\" \/><\/figure><\/div><div class=\"swiper-slide\" role=\"group\" aria-roledescription=\"slide\" aria-label=\"6 de 7\"><figure class=\"swiper-slide-inner\"><img decoding=\"async\" class=\"swiper-slide-image\" src=\"https:\/\/soymigrante.com\/revista\/wp-content\/uploads\/2023\/06\/Ruta-de-Totonicapan-hacia-Quetzaltenango-Trans-xela-bus.webp\" alt=\"Camioneta que cubre la ruta de Totonicap\u00e0n hacia Quetzaltenango. TransXela Bus.\" \/><\/figure><\/div><div class=\"swiper-slide\" role=\"group\" aria-roledescription=\"slide\" aria-label=\"7 de 7\"><figure class=\"swiper-slide-inner\"><img decoding=\"async\" class=\"swiper-slide-image\" src=\"https:\/\/soymigrante.com\/revista\/wp-content\/uploads\/2023\/06\/Bus-amarrillo-ruta-de-Totonicapan-hacia-Quetzaltenango-recoge-a-estudiantes-de-la-ENRO.webp\" alt=\"Bus amarrillo ruta de Totonicap\u00e1n hacia Quetzaltenango, recoge a estudiantes de la Escuela Normal Rural de Occidente.\" \/><\/figure><\/div>\t\t\t<\/div>\n\t\t\t\t\t\t\t\t\t\t\t\t<div class=\"elementor-swiper-button elementor-swiper-button-prev\" role=\"button\" tabindex=\"0\">\n\t\t\t\t\t\t<i aria-hidden=\"true\" class=\"eicon-chevron-left\"><\/i>\t\t\t\t\t<\/div>\n\t\t\t\t\t<div class=\"elementor-swiper-button elementor-swiper-button-next\" role=\"button\" tabindex=\"0\">\n\t\t\t\t\t\t<i aria-hidden=\"true\" class=\"eicon-chevron-right\"><\/i>\t\t\t\t\t<\/div>\n\t\t\t\t\n\t\t\t\t\t\t\t\t\t<div class=\"swiper-pagination\"><\/div>\n\t\t\t\t\t\t\t\t\t<\/div>\n\t\t\t\t\t\t<\/div>\n\t\t\t\t\t<\/div>\n\t\t<\/div>\n\t\t\t\t\t<\/div>\n\t\t<\/section>\n\t\t\t\t<\/div>\n\t\t","protected":false},"excerpt":{"rendered":"<p>\u00a1S\u00fabale s\u00fabale!, \u00bfA d\u00f3nde va? \u00a1llega, llega! Toto, Xela, Guate, San Marcos, Huhue: el viaje tantas veces efectuado en camioneta extraurbana, con todo y sus defectos y peligros, figura en la memoria de muchos migrantes guatemaltecos. Varias personas encomiendan su vida a Dios, abordan las unidades para dirigise a su lugar de destino Inicio diario: [&hellip;]<\/p>\n","protected":false},"author":10,"featured_media":1256,"comment_status":"open","ping_status":"open","sticky":false,"template":"","format":"standard","meta":{"_acf_changed":false,"_eb_attr":"","footnotes":""},"categories":[58],"tags":[],"class_list":["post-1239","post","type-post","status-publish","format-standard","has-post-thumbnail","hentry","category-guate-nuestra"],"acf":[],"aioseo_notices":[],"aioseo_head":"\n\t\t<!-- All in One SEO Pro 4.9.6.2 - aioseo.com -->\n\t<meta name=\"description\" content=\"\u00a1S\u00fabale s\u00fabale!, \u00bfA d\u00f3nde va? \u00a1llega, llega! Toto, Xela, Guate, San Marcos, Huhue: el viaje tantas veces efectuado en camioneta extraurbana\" \/>\n\t<meta name=\"robots\" content=\"max-snippet:-1, max-image-preview:large, max-video-preview:-1\" \/>\n\t<meta name=\"author\" content=\"Diana Batz\"\/>\n\t<link rel=\"canonical\" href=\"https:\/\/soymigrante.com\/revista\/viaje-en-autobus-extraurbano-de-guatemala\/\" \/>\n\t<meta name=\"generator\" content=\"All in One SEO Pro (AIOSEO) 4.9.6.2\" \/>\n\n\t\t<link rel=\"preconnect\" href=\"https:\/\/fonts.googleapis.com\" crossorigin>\n<link rel=\"preconnect\" href=\"https:\/\/fonts.gstatic.com\" crossorigin>\n\t\t<meta property=\"og:locale\" content=\"es_ES\" \/>\n\t\t<meta property=\"og:site_name\" content=\"SoyMigrante.com REVISTA \u2013 Nuestra misi\u00f3n es reconocer y dignificar al migrante.\" \/>\n\t\t<meta property=\"og:type\" content=\"article\" \/>\n\t\t<meta property=\"og:title\" content=\"Cr\u00f3nica: el viaje en camioneta, recuerdo de muchos migrantes\" \/>\n\t\t<meta property=\"og:description\" content=\"\u00a1S\u00fabale s\u00fabale!, \u00bfA d\u00f3nde va? \u00a1llega, llega! Toto, Xela, Guate, San Marcos, Huhue: el viaje tantas veces efectuado en camioneta extraurbana\" \/>\n\t\t<meta property=\"og:url\" content=\"https:\/\/soymigrante.com\/revista\/viaje-en-autobus-extraurbano-de-guatemala\/\" \/>\n\t\t<meta property=\"og:image\" content=\"https:\/\/soymigrante.com\/revista\/wp-content\/uploads\/2023\/06\/Camionetas-en-paso-adesnivel-cuatro-caminos-San-Cistobal-Totonicapan.webp\" \/>\n\t\t<meta property=\"og:image:secure_url\" content=\"https:\/\/soymigrante.com\/revista\/wp-content\/uploads\/2023\/06\/Camionetas-en-paso-adesnivel-cuatro-caminos-San-Cistobal-Totonicapan.webp\" \/>\n\t\t<meta property=\"og:image:width\" content=\"1101\" \/>\n\t\t<meta property=\"og:image:height\" content=\"619\" \/>\n\t\t<meta property=\"article:published_time\" content=\"2023-06-08T07:30:00+00:00\" \/>\n\t\t<meta property=\"article:modified_time\" content=\"2024-11-01T10:35:50+00:00\" \/>\n\t\t<meta property=\"article:publisher\" content=\"https:\/\/www.facebook.com\/soymigrantecom\" \/>\n\t\t<meta name=\"twitter:card\" content=\"summary_large_image\" \/>\n\t\t<meta name=\"twitter:site\" content=\"@SoyMigrante_com\" \/>\n\t\t<meta name=\"twitter:title\" content=\"Cr\u00f3nica: el viaje en camioneta, recuerdo de muchos migrantes\" \/>\n\t\t<meta name=\"twitter:description\" content=\"\u00a1S\u00fabale s\u00fabale!, \u00bfA d\u00f3nde va? \u00a1llega, llega! Toto, Xela, Guate, San Marcos, Huhue: el viaje tantas veces efectuado en camioneta extraurbana\" \/>\n\t\t<meta name=\"twitter:creator\" content=\"@SoyMigrante_com\" \/>\n\t\t<meta name=\"twitter:image\" content=\"https:\/\/soymigrante.com\/revista\/wp-content\/uploads\/2023\/06\/Camionetas-en-paso-adesnivel-cuatro-caminos-San-Cistobal-Totonicapan.webp\" \/>\n\t\t<!-- All in One SEO Pro -->\r\n\t\t<title>Cr\u00f3nica: el viaje en camioneta, recuerdo de muchos migrantes<\/title>\n\n","aioseo_head_json":{"title":"Cr\u00f3nica: el viaje en camioneta, recuerdo de muchos migrantes","description":"\u00a1S\u00fabale s\u00fabale!, \u00bfA d\u00f3nde va? \u00a1llega, llega! Toto, Xela, Guate, San Marcos, Huhue: el viaje tantas veces efectuado en camioneta extraurbana","canonical_url":"https:\/\/soymigrante.com\/revista\/viaje-en-autobus-extraurbano-de-guatemala\/","robots":"max-snippet:-1, max-image-preview:large, max-video-preview:-1","keywords":"","webmasterTools":{"miscellaneous":"&lt;link rel=\"preconnect\" href=\"https:\/\/fonts.googleapis.com\" crossorigin&gt;\n&lt;link rel=\"preconnect\" href=\"https:\/\/fonts.gstatic.com\" crossorigin&gt;"},"schema":null,"og:locale":"es_ES","og:site_name":"SoyMigrante.com REVISTA \u2013 Nuestra misi\u00f3n es reconocer y dignificar al migrante.","og:type":"article","og:title":"Cr\u00f3nica: el viaje en camioneta, recuerdo de muchos migrantes","og:description":"\u00a1S\u00fabale s\u00fabale!, \u00bfA d\u00f3nde va? \u00a1llega, llega! Toto, Xela, Guate, San Marcos, Huhue: el viaje tantas veces efectuado en camioneta extraurbana","og:url":"https:\/\/soymigrante.com\/revista\/viaje-en-autobus-extraurbano-de-guatemala\/","og:image":"https:\/\/soymigrante.com\/revista\/wp-content\/uploads\/2023\/06\/Camionetas-en-paso-adesnivel-cuatro-caminos-San-Cistobal-Totonicapan.webp","og:image:secure_url":"https:\/\/soymigrante.com\/revista\/wp-content\/uploads\/2023\/06\/Camionetas-en-paso-adesnivel-cuatro-caminos-San-Cistobal-Totonicapan.webp","og:image:width":1101,"og:image:height":619,"article:published_time":"2023-06-08T07:30:00+00:00","article:modified_time":"2024-11-01T10:35:50+00:00","article:publisher":"https:\/\/www.facebook.com\/soymigrantecom","twitter:card":"summary_large_image","twitter:site":"@SoyMigrante_com","twitter:title":"Cr\u00f3nica: el viaje en camioneta, recuerdo de muchos migrantes","twitter:description":"\u00a1S\u00fabale s\u00fabale!, \u00bfA d\u00f3nde va? \u00a1llega, llega! Toto, Xela, Guate, San Marcos, Huhue: el viaje tantas veces efectuado en camioneta extraurbana","twitter:creator":"@SoyMigrante_com","twitter:image":"https:\/\/soymigrante.com\/revista\/wp-content\/uploads\/2023\/06\/Camionetas-en-paso-adesnivel-cuatro-caminos-San-Cistobal-Totonicapan.webp"},"aioseo_meta_data":{"post_id":"1239","title":null,"description":"\u00a1S\u00fabale s\u00fabale!, \u00bfA d\u00f3nde va? \u00a1llega, llega! Toto, Xela, Guate, San Marcos, Huhue: el viaje tantas veces efectuado en camioneta extraurbana","keywords":null,"keyphrases":{"focus":{"keyphrase":"camioneta","score":63,"analysis":{"keyphraseInTitle":{"score":9,"maxScore":9,"error":0},"keyphraseInDescription":{"score":9,"maxScore":9,"error":0},"keyphraseLength":{"score":9,"maxScore":9,"error":0,"length":1},"keyphraseInURL":{"score":1,"maxScore":5,"error":1},"keyphraseInIntroduction":{"score":3,"maxScore":9,"error":1},"keyphraseInSubHeadings":{"score":3,"maxScore":9,"error":1},"keyphraseInImageAlt":{"score":9,"maxScore":9,"error":0},"keywordDensity":{"score":0,"type":"low","maxScore":9,"error":1}}},"additional":[]},"primary_term":null,"canonical_url":null,"og_title":null,"og_description":null,"og_object_type":"default","og_image_type":"default","og_image_url":null,"og_image_width":null,"og_image_height":null,"og_image_custom_url":null,"og_image_custom_fields":null,"og_video":"","og_custom_url":null,"og_article_section":null,"og_article_tags":null,"twitter_use_og":false,"twitter_card":"default","twitter_image_type":"default","twitter_image_url":null,"twitter_image_custom_url":null,"twitter_image_custom_fields":null,"twitter_title":null,"twitter_description":null,"schema":{"blockGraphs":[],"customGraphs":[],"default":{"data":{"Article":[],"Course":[],"Dataset":[],"FAQPage":[],"Movie":[],"Person":[],"Product":[],"ProductReview":[],"Car":[],"Recipe":[],"Service":[],"SoftwareApplication":[],"WebPage":[]},"graphName":"BlogPosting","isEnabled":true},"graphs":[]},"schema_type":"default","schema_type_options":null,"pillar_content":false,"robots_default":true,"robots_noindex":false,"robots_noarchive":false,"robots_nosnippet":false,"robots_nofollow":false,"robots_noimageindex":false,"robots_noodp":false,"robots_notranslate":false,"robots_max_snippet":"-1","robots_max_videopreview":"-1","robots_max_imagepreview":"large","priority":null,"frequency":"default","local_seo":null,"seo_analyzer_scan_date":"2025-10-08 19:51:17","breadcrumb_settings":null,"limit_modified_date":false,"reviewed_by":null,"open_ai":"{\"title\":{\"suggestions\":[],\"usage\":0},\"description\":{\"suggestions\":[],\"usage\":0}}","ai":null,"created":"2023-08-18 13:09:48","updated":"2026-02-04 04:36:38"},"aioseo_breadcrumb":"<div class=\"aioseo-breadcrumbs\"><span class=\"aioseo-breadcrumb\">\n\t<a href=\"https:\/\/soymigrante.com\/revista\" title=\"Home\">Home<\/a>\n<\/span><span class=\"aioseo-breadcrumb-separator\">\u00bb<\/span><span class=\"aioseo-breadcrumb\">\n\t<a href=\"https:\/\/soymigrante.com\/revista\/category\/guate-nuestra\/\" title=\"Guate Nuestra\">Guate Nuestra<\/a>\n<\/span><span class=\"aioseo-breadcrumb-separator\">\u00bb<\/span><span class=\"aioseo-breadcrumb\">\n\tCr\u00f3nica: el viaje en camioneta, recuerdo de muchos migrantes\n<\/span><\/div>","aioseo_breadcrumb_json":[{"label":"Home","link":"https:\/\/soymigrante.com\/revista"},{"label":"Guate Nuestra","link":"https:\/\/soymigrante.com\/revista\/category\/guate-nuestra\/"},{"label":"Cr\u00f3nica: el viaje en camioneta, recuerdo de muchos migrantes","link":"https:\/\/soymigrante.com\/revista\/viaje-en-autobus-extraurbano-de-guatemala\/"}],"_links":{"self":[{"href":"https:\/\/soymigrante.com\/revista\/wp-json\/wp\/v2\/posts\/1239","targetHints":{"allow":["GET"]}}],"collection":[{"href":"https:\/\/soymigrante.com\/revista\/wp-json\/wp\/v2\/posts"}],"about":[{"href":"https:\/\/soymigrante.com\/revista\/wp-json\/wp\/v2\/types\/post"}],"author":[{"embeddable":true,"href":"https:\/\/soymigrante.com\/revista\/wp-json\/wp\/v2\/users\/10"}],"replies":[{"embeddable":true,"href":"https:\/\/soymigrante.com\/revista\/wp-json\/wp\/v2\/comments?post=1239"}],"version-history":[{"count":0,"href":"https:\/\/soymigrante.com\/revista\/wp-json\/wp\/v2\/posts\/1239\/revisions"}],"wp:featuredmedia":[{"embeddable":true,"href":"https:\/\/soymigrante.com\/revista\/wp-json\/wp\/v2\/media\/1256"}],"wp:attachment":[{"href":"https:\/\/soymigrante.com\/revista\/wp-json\/wp\/v2\/media?parent=1239"}],"wp:term":[{"taxonomy":"category","embeddable":true,"href":"https:\/\/soymigrante.com\/revista\/wp-json\/wp\/v2\/categories?post=1239"},{"taxonomy":"post_tag","embeddable":true,"href":"https:\/\/soymigrante.com\/revista\/wp-json\/wp\/v2\/tags?post=1239"}],"curies":[{"name":"wp","href":"https:\/\/api.w.org\/{rel}","templated":true}]}}