{"id":1235,"date":"2023-06-06T20:56:55","date_gmt":"2023-06-06T20:56:55","guid":{"rendered":"https:\/\/soymigrante.com\/revista\/?p=1235"},"modified":"2024-11-01T04:44:59","modified_gmt":"2024-11-01T10:44:59","slug":"superar-emociones-negativas-al-migrar","status":"publish","type":"post","link":"https:\/\/soymigrante.com\/revista\/superar-emociones-negativas-al-migrar\/","title":{"rendered":"Cinco herramientas para superar emociones negativas al migrar"},"content":{"rendered":"\t\t<div data-elementor-type=\"wp-post\" data-elementor-id=\"1235\" class=\"elementor elementor-1235\" data-elementor-post-type=\"post\">\n\t\t\t\t\t\t<section data-particle_enable=\"false\" data-particle-mobile-disabled=\"false\" class=\"elementor-section elementor-top-section elementor-element elementor-element-b948be2 elementor-section-boxed elementor-section-height-default elementor-section-height-default\" data-id=\"b948be2\" data-element_type=\"section\" data-e-type=\"section\">\n\t\t\t\t\t\t<div class=\"elementor-container elementor-column-gap-default\">\n\t\t\t\t\t<div class=\"elementor-column elementor-col-100 elementor-top-column elementor-element elementor-element-c040ec8\" data-id=\"c040ec8\" data-element_type=\"column\" data-e-type=\"column\">\n\t\t\t<div class=\"elementor-widget-wrap elementor-element-populated\">\n\t\t\t\t\t\t<div class=\"elementor-element elementor-element-a9f2160 elementor-widget elementor-widget-heading\" data-id=\"a9f2160\" data-element_type=\"widget\" data-e-type=\"widget\" data-widget_type=\"heading.default\">\n\t\t\t\t\t<h2 class=\"elementor-heading-title elementor-size-default\">Existen emociones y sentimientos que pueden afectar el desempe\u00f1o, la visi\u00f3n y las convicciones del migrante guatemalteco que busca un mejor futuro. Pero tambi\u00e9n hay herramientas para controlar tales sensaciones: estas son cinco de ellas.<\/h2>\t\t\t\t<\/div>\n\t\t\t\t\t<\/div>\n\t\t<\/div>\n\t\t\t\t\t<\/div>\n\t\t<\/section>\n\t\t\t\t<section data-particle_enable=\"false\" data-particle-mobile-disabled=\"false\" class=\"elementor-section elementor-top-section elementor-element elementor-element-5f0331b elementor-section-boxed elementor-section-height-default elementor-section-height-default\" data-id=\"5f0331b\" data-element_type=\"section\" data-e-type=\"section\">\n\t\t\t\t\t\t<div class=\"elementor-container elementor-column-gap-default\">\n\t\t\t\t\t<div class=\"elementor-column elementor-col-100 elementor-top-column elementor-element elementor-element-baf4ea1\" data-id=\"baf4ea1\" data-element_type=\"column\" data-e-type=\"column\">\n\t\t\t<div class=\"elementor-widget-wrap elementor-element-populated\">\n\t\t\t\t\t\t<div class=\"elementor-element elementor-element-04897f4 elementor-widget elementor-widget-text-editor\" data-id=\"04897f4\" data-element_type=\"widget\" data-e-type=\"widget\" data-widget_type=\"text-editor.default\">\n\t\t\t\t\t\t\t\t\t<p><b>Por Andr\u00e9 Armas Bran, educador y consejero de bienestar radicado en Guatemala.<\/b><\/p><p>Un migrante tarde o temprano experimenta emociones negativas. Esta reacci\u00f3n emocional se da en&nbsp; cada persona que\nopta por desplazarse a otro&nbsp;<span style=\"color: var( --e-global-color-text ); background-color: var(--ak-bg-color);\">pa\u00eds. A menudo estas reacciones del migrante son desatendidas, a menudo por desconocimiento. A veces tambi\u00e9n hay&nbsp;<\/span><span style=\"color: var( --e-global-color-text ); background-color: var(--ak-bg-color);\">miedo, falta&nbsp;<\/span><span style=\"color: var( --e-global-color-text ); background-color: var(--ak-bg-color);\">de aceptaci\u00f3n, desinter\u00e9s o las reprimen para evitar\nsentirlas con el fin de no enfrentarlas.<\/span><\/p><p><span style=\"color: var( --e-global-color-text ); background-color: var(--ak-bg-color);\">Un migrante puede\nexperimentar las siguientes&nbsp;<\/span><span style=\"color: var( --e-global-color-text ); background-color: var(--ak-bg-color);\">emociones negativas: nostalgia, tristeza, miedo, enojo,\nsoledad o frustraci\u00f3n. Este tipo de&nbsp;<\/span><span style=\"color: var( --e-global-color-text ); background-color: var(--ak-bg-color);\">emociones pueden llevar a la gente que migra a cuestionarse\nsi su decisi\u00f3n fue acertada o&nbsp;<\/span><span style=\"color: var( --e-global-color-text ); background-color: var(--ak-bg-color);\">no, llev\u00e1ndola a experimentar un per\u00edodo de duelo migratorio\nque le provocar\u00e1 infelicidad&nbsp;<\/span><span style=\"color: var( --e-global-color-text ); background-color: var(--ak-bg-color);\">en su nuevo lugar de residencia a pesar de estar en el lugar\ndonde pens\u00f3 que ser\u00eda feliz.<\/span><\/p><p><o:p><\/o:p><\/p><p>Entonces <b>\u00bfque debe hacer un migrante para no ser atacado por\nemociones negativas? <\/b>Para ello&nbsp;<span style=\"color: var( --e-global-color-text ); background-color: var(--ak-bg-color);\">comparto brevemente cinco herramientas para liberarse de esas\nemociones, tener una vida plena y&nbsp;<\/span><span style=\"color: var( --e-global-color-text ); background-color: var(--ak-bg-color);\">mayor bienestar lejos de la tierra natal.<\/span><\/p><p><o:p><\/o:p><\/p>\t\t\t\t\t\t\t\t<\/div>\n\t\t\t\t\t<\/div>\n\t\t<\/div>\n\t\t\t\t\t<\/div>\n\t\t<\/section>\n\t\t\t\t<section data-particle_enable=\"false\" data-particle-mobile-disabled=\"false\" class=\"elementor-section elementor-top-section elementor-element elementor-element-d57e216 elementor-section-boxed elementor-section-height-default elementor-section-height-default\" data-id=\"d57e216\" data-element_type=\"section\" data-e-type=\"section\">\n\t\t\t\t\t\t<div class=\"elementor-container elementor-column-gap-default\">\n\t\t\t\t\t<div class=\"elementor-column elementor-col-100 elementor-top-column elementor-element elementor-element-7be7958\" data-id=\"7be7958\" data-element_type=\"column\" data-e-type=\"column\">\n\t\t\t<div class=\"elementor-widget-wrap elementor-element-populated\">\n\t\t\t\t\t\t<div class=\"elementor-element elementor-element-bf79b80 elementor-widget elementor-widget-heading\" data-id=\"bf79b80\" data-element_type=\"widget\" data-e-type=\"widget\" data-widget_type=\"heading.default\">\n\t\t\t\t\t<h2 class=\"elementor-heading-title elementor-size-default\">1. Cambio de mirada del exterior hacia el interior<\/h2>\t\t\t\t<\/div>\n\t\t\t\t\t<\/div>\n\t\t<\/div>\n\t\t\t\t\t<\/div>\n\t\t<\/section>\n\t\t\t\t<section data-particle_enable=\"false\" data-particle-mobile-disabled=\"false\" class=\"elementor-section elementor-top-section elementor-element elementor-element-2da26ea elementor-section-boxed elementor-section-height-default elementor-section-height-default\" data-id=\"2da26ea\" data-element_type=\"section\" data-e-type=\"section\">\n\t\t\t\t\t\t<div class=\"elementor-container elementor-column-gap-default\">\n\t\t\t\t\t<div class=\"elementor-column elementor-col-100 elementor-top-column elementor-element elementor-element-8397414\" data-id=\"8397414\" data-element_type=\"column\" data-e-type=\"column\">\n\t\t\t<div class=\"elementor-widget-wrap elementor-element-populated\">\n\t\t\t\t\t\t<div class=\"elementor-element elementor-element-87e191b elementor-widget elementor-widget-text-editor\" data-id=\"87e191b\" data-element_type=\"widget\" data-e-type=\"widget\" data-widget_type=\"text-editor.default\">\n\t\t\t\t\t\t\t\t\t<p><span style=\"color: var( --e-global-color-text ); background-color: var(--ak-bg-color);\">Antes de presentar esta herramienta es <\/span>importante mencionar que la mirada del migrante se enfoca en los acontecimientos\u00a0<span style=\"color: var( --e-global-color-text ); background-color: var(--ak-bg-color);\">dif\u00edciles del entorno a los cuales se enfrenta. Estos pueden ser: un lugar en donde se\u00a0<\/span><span style=\"color: var( --e-global-color-text ); background-color: var(--ak-bg-color);\">encuentra solo sin familia o amigos, un tipo de trabajo inesperado, una labor\u00a0<\/span><span style=\"color: var( --e-global-color-text ); background-color: var(--ak-bg-color);\">desagradable, una nueva cultura, un lenguaje que no comprende, lugares y personas\u00a0<\/span><span style=\"color: var( --e-global-color-text ); background-color: var(--ak-bg-color);\">desconocidas, malos tratos por su condici\u00f3n migratoria, etc.\u00a0<\/span><\/p><p><span style=\"color: var( --e-global-color-text ); background-color: var(--ak-bg-color);\">Estas situaciones son\u00a0<\/span><span style=\"color: var( --e-global-color-text ); background-color: var(--ak-bg-color);\">externas ya que se originan afuera de la persona y se consideran la causa del malestar\u00a0<\/span><span style=\"color: var( --e-global-color-text ); background-color: var(--ak-bg-color);\">emocional. Pregunto \u00bfEsta perspectiva ha llevado al hombre a vivir en paz o solo lo ha\u00a0<\/span><span style=\"color: var( --e-global-color-text ); background-color: var(--ak-bg-color);\">conducido a la desesperaci\u00f3n, la queja y la pelea? \u00bfNo ser\u00e1 que esta forma de percibir es\u00a0<\/span><span style=\"color: var( --e-global-color-text ); background-color: var(--ak-bg-color);\">incorrecta?\u00a0<\/span><\/p><p><span style=\"color: var( --e-global-color-text ); background-color: var(--ak-bg-color);\">Por tal raz\u00f3n es vital plantear una nueva mirada que lleve a ver hacia el interior\u00a0<\/span><span style=\"color: var( --e-global-color-text ); background-color: var(--ak-bg-color);\">del ser humano, \u00f3 sea ver a trav\u00e9s de nuestro esp\u00edritu con el objetivo de apreciar lo\u00a0<\/span><span style=\"color: var( --e-global-color-text ); background-color: var(--ak-bg-color);\">positivo de la nueva experiencia que implica migrar.<\/span><\/p>\t\t\t\t\t\t\t\t<\/div>\n\t\t\t\t\t<\/div>\n\t\t<\/div>\n\t\t\t\t\t<\/div>\n\t\t<\/section>\n\t\t\t\t<section data-particle_enable=\"false\" data-particle-mobile-disabled=\"false\" class=\"elementor-section elementor-top-section elementor-element elementor-element-7d7ed35 elementor-section-boxed elementor-section-height-default elementor-section-height-default\" data-id=\"7d7ed35\" data-element_type=\"section\" data-e-type=\"section\">\n\t\t\t\t\t\t<div class=\"elementor-container elementor-column-gap-default\">\n\t\t\t\t\t<div class=\"elementor-column elementor-col-100 elementor-top-column elementor-element elementor-element-a194754\" data-id=\"a194754\" data-element_type=\"column\" data-e-type=\"column\">\n\t\t\t<div class=\"elementor-widget-wrap elementor-element-populated\">\n\t\t\t\t\t\t<div class=\"elementor-element elementor-element-45c0159 elementor-widget elementor-widget-heading\" data-id=\"45c0159\" data-element_type=\"widget\" data-e-type=\"widget\" data-widget_type=\"heading.default\">\n\t\t\t\t\t<h2 class=\"elementor-heading-title elementor-size-default\">2. Plena y profunda atenci\u00f3n al momento presente <\/h2>\t\t\t\t<\/div>\n\t\t\t\t\t<\/div>\n\t\t<\/div>\n\t\t\t\t\t<\/div>\n\t\t<\/section>\n\t\t\t\t<section data-particle_enable=\"false\" data-particle-mobile-disabled=\"false\" class=\"elementor-section elementor-top-section elementor-element elementor-element-c7c3935 elementor-section-boxed elementor-section-height-default elementor-section-height-default\" data-id=\"c7c3935\" data-element_type=\"section\" data-e-type=\"section\">\n\t\t\t\t\t\t<div class=\"elementor-container elementor-column-gap-default\">\n\t\t\t\t\t<div class=\"elementor-column elementor-col-100 elementor-top-column elementor-element elementor-element-d519f50\" data-id=\"d519f50\" data-element_type=\"column\" data-e-type=\"column\">\n\t\t\t<div class=\"elementor-widget-wrap elementor-element-populated\">\n\t\t\t\t\t\t<div class=\"elementor-element elementor-element-43867fa elementor-widget elementor-widget-text-editor\" data-id=\"43867fa\" data-element_type=\"widget\" data-e-type=\"widget\" data-widget_type=\"text-editor.default\">\n\t\t\t\t\t\t\t\t\t<p><span style=\"color: var( --e-global-color-text ); background-color: var(--ak-bg-color);\">Sencillo: vivir en el aqu\u00ed y el ahora, sin\u00a0<\/span><span style=\"color: var( --e-global-color-text ); background-color: var(--ak-bg-color);\">interferencia de las emociones negativas y los pensamientos que estas generan. Esto\u00a0<\/span><span style=\"color: var( --e-global-color-text ); background-color: var(--ak-bg-color);\">significa no sucumbir a las interpretaci\u00f3n y juegos de la mente, es decir solo observar la\u00a0<\/span><span style=\"color: var( --e-global-color-text ); background-color: var(--ak-bg-color);\">vida en el nuevo pa\u00eds, sin querer cambiar nada, aceptar y fluir con la vida.\u00a0<\/span><\/p><p><span style=\"color: var( --e-global-color-text ); background-color: var(--ak-bg-color);\">Es vida que se\u00a0<\/span><span style=\"color: var( --e-global-color-text ); background-color: var(--ak-bg-color);\">expresa en la presencia consciente del momento presente. Consciencia que radica en el\u00a0<\/span><span style=\"color: var( --e-global-color-text ); background-color: var(--ak-bg-color);\">estado espiritual que habita en el interior del ser humano. Int\u00e9ntelo y notar\u00e1 diferencias.<\/span><\/p><p>\u00a0<\/p>\t\t\t\t\t\t\t\t<\/div>\n\t\t\t\t\t<\/div>\n\t\t<\/div>\n\t\t\t\t\t<\/div>\n\t\t<\/section>\n\t\t\t\t<section data-particle_enable=\"false\" data-particle-mobile-disabled=\"false\" class=\"elementor-section elementor-top-section elementor-element elementor-element-7682bb7 elementor-section-boxed elementor-section-height-default elementor-section-height-default\" data-id=\"7682bb7\" data-element_type=\"section\" data-e-type=\"section\">\n\t\t\t\t\t\t<div class=\"elementor-container elementor-column-gap-default\">\n\t\t\t\t\t<div class=\"elementor-column elementor-col-100 elementor-top-column elementor-element elementor-element-35414df\" data-id=\"35414df\" data-element_type=\"column\" data-e-type=\"column\">\n\t\t\t<div class=\"elementor-widget-wrap elementor-element-populated\">\n\t\t\t\t\t\t<div class=\"elementor-element elementor-element-91be648 elementor-widget elementor-widget-image\" data-id=\"91be648\" data-element_type=\"widget\" data-e-type=\"widget\" data-widget_type=\"image.default\">\n\t\t\t\t\t\t\t\t\t\t\t\t<figure class=\"wp-caption\">\n\t\t\t\t\t\t\t\t\t\t<img fetchpriority=\"high\" decoding=\"async\" width=\"768\" height=\"768\" src=\"https:\/\/soymigrante.com\/revista\/wp-content\/uploads\/2023\/06\/SUPERAR-MIGRACION-ARTICULO-HENRY-ARMAS-2-1024x1024.png\" class=\"attachment-large size-large wp-image-1238\" alt=\"\u00b4La b\u00fasqueda de nuevas ideas a trav\u00e9s de la autoconciencia permite abrir mejores horizontes personales de desarrollo. Imagen Envato.\" srcset=\"https:\/\/soymigrante.com\/revista\/wp-content\/uploads\/2023\/06\/SUPERAR-MIGRACION-ARTICULO-HENRY-ARMAS-2-1024x1024.png 1024w, https:\/\/soymigrante.com\/revista\/wp-content\/uploads\/2023\/06\/SUPERAR-MIGRACION-ARTICULO-HENRY-ARMAS-2-300x300.webp 300w, https:\/\/soymigrante.com\/revista\/wp-content\/uploads\/2023\/06\/SUPERAR-MIGRACION-ARTICULO-HENRY-ARMAS-2-150x150.webp 150w, https:\/\/soymigrante.com\/revista\/wp-content\/uploads\/2023\/06\/SUPERAR-MIGRACION-ARTICULO-HENRY-ARMAS-2-768x768.png 768w, https:\/\/soymigrante.com\/revista\/wp-content\/uploads\/2023\/06\/SUPERAR-MIGRACION-ARTICULO-HENRY-ARMAS-2-1536x1536.png 1536w, https:\/\/soymigrante.com\/revista\/wp-content\/uploads\/2023\/06\/SUPERAR-MIGRACION-ARTICULO-HENRY-ARMAS-2-2048x2048.png 2048w, https:\/\/soymigrante.com\/revista\/wp-content\/uploads\/2023\/06\/SUPERAR-MIGRACION-ARTICULO-HENRY-ARMAS-2-75x75.webp 75w, https:\/\/soymigrante.com\/revista\/wp-content\/uploads\/2023\/06\/SUPERAR-MIGRACION-ARTICULO-HENRY-ARMAS-2-750x750.webp 750w, https:\/\/soymigrante.com\/revista\/wp-content\/uploads\/2023\/06\/SUPERAR-MIGRACION-ARTICULO-HENRY-ARMAS-2-1140x1140.png 1140w, https:\/\/soymigrante.com\/revista\/wp-content\/uploads\/2023\/06\/SUPERAR-MIGRACION-ARTICULO-HENRY-ARMAS-2-600x600.png 600w, https:\/\/soymigrante.com\/revista\/wp-content\/uploads\/2023\/06\/SUPERAR-MIGRACION-ARTICULO-HENRY-ARMAS-2.webp 1919w\" sizes=\"(max-width: 768px) 100vw, 768px\" title=\"\u00b4La b\u00fasqueda de nuevas ideas a trav\u00e9s de la autoconciencia permite abrir mejores horizontes personales de desarrollo. Imagen Envato. \u2013 SoyMigrante.com REVISTA\" \/>\t\t\t\t\t\t\t\t\t\t\t<figcaption class=\"widget-image-caption wp-caption-text\">\u00b4La b\u00fasqueda de nuevas ideas a trav\u00e9s de la autoconciencia permite abrir mejores horizontes personales de desarrollo. Imagen Envato.<\/figcaption>\n\t\t\t\t\t\t\t\t\t\t<\/figure>\n\t\t\t\t\t\t\t\t\t<\/div>\n\t\t\t\t\t<\/div>\n\t\t<\/div>\n\t\t\t\t\t<\/div>\n\t\t<\/section>\n\t\t\t\t<section data-particle_enable=\"false\" data-particle-mobile-disabled=\"false\" class=\"elementor-section elementor-top-section elementor-element elementor-element-7784520 elementor-section-boxed elementor-section-height-default elementor-section-height-default\" data-id=\"7784520\" data-element_type=\"section\" data-e-type=\"section\">\n\t\t\t\t\t\t<div class=\"elementor-container elementor-column-gap-default\">\n\t\t\t\t\t<div class=\"elementor-column elementor-col-100 elementor-top-column elementor-element elementor-element-560a44c\" data-id=\"560a44c\" data-element_type=\"column\" data-e-type=\"column\">\n\t\t\t<div class=\"elementor-widget-wrap elementor-element-populated\">\n\t\t\t\t\t\t<div class=\"elementor-element elementor-element-abc2854 elementor-widget elementor-widget-heading\" data-id=\"abc2854\" data-element_type=\"widget\" data-e-type=\"widget\" data-widget_type=\"heading.default\">\n\t\t\t\t\t<h2 class=\"elementor-heading-title elementor-size-default\">3. Autoobservaci\u00f3n consciente es una actividad necesaria<\/h2>\t\t\t\t<\/div>\n\t\t\t\t\t<\/div>\n\t\t<\/div>\n\t\t\t\t\t<\/div>\n\t\t<\/section>\n\t\t\t\t<section data-particle_enable=\"false\" data-particle-mobile-disabled=\"false\" class=\"elementor-section elementor-top-section elementor-element elementor-element-be79a48 elementor-section-boxed elementor-section-height-default elementor-section-height-default\" data-id=\"be79a48\" data-element_type=\"section\" data-e-type=\"section\">\n\t\t\t\t\t\t<div class=\"elementor-container elementor-column-gap-default\">\n\t\t\t\t\t<div class=\"elementor-column elementor-col-100 elementor-top-column elementor-element elementor-element-673ef89\" data-id=\"673ef89\" data-element_type=\"column\" data-e-type=\"column\">\n\t\t\t<div class=\"elementor-widget-wrap elementor-element-populated\">\n\t\t\t\t\t\t<div class=\"elementor-element elementor-element-30f8e5d elementor-widget elementor-widget-text-editor\" data-id=\"30f8e5d\" data-element_type=\"widget\" data-e-type=\"widget\" data-widget_type=\"text-editor.default\">\n\t\t\t\t\t\t\t\t\t<p><span style=\"color: var( --e-global-color-text ); background-color: var(--ak-bg-color);\">Autoobservarse es la acci\u00f3n de percibir pensamientos, forma de hablar y actuar que<\/span><span style=\"color: var( --e-global-color-text ); background-color: var(--ak-bg-color);\">la persona produce por medio de las emociones negativas. La intenci\u00f3n de este ejercicio es\u00a0 \u00a0\u201cconocerse\u00a0<\/span><span style=\"color: var( --e-global-color-text ); background-color: var(--ak-bg-color);\">a uno mismo\u201d y atender estas sensaciones que causan el desequilibrio emocional.<br \/>Al principio no es f\u00e1cil, pero se trata de un h\u00e1bito. Tomar cierta distancia de s\u00ed y notar reacciones, momentos cr\u00edticos.<\/span><\/p>\t\t\t\t\t\t\t\t<\/div>\n\t\t\t\t\t<\/div>\n\t\t<\/div>\n\t\t\t\t\t<\/div>\n\t\t<\/section>\n\t\t\t\t<section data-particle_enable=\"false\" data-particle-mobile-disabled=\"false\" class=\"elementor-section elementor-top-section elementor-element elementor-element-bb0a0ad elementor-section-boxed elementor-section-height-default elementor-section-height-default\" data-id=\"bb0a0ad\" data-element_type=\"section\" data-e-type=\"section\">\n\t\t\t\t\t\t<div class=\"elementor-container elementor-column-gap-default\">\n\t\t\t\t\t<div class=\"elementor-column elementor-col-100 elementor-top-column elementor-element elementor-element-0a1b10a\" data-id=\"0a1b10a\" data-element_type=\"column\" data-e-type=\"column\">\n\t\t\t<div class=\"elementor-widget-wrap elementor-element-populated\">\n\t\t\t\t\t\t<div class=\"elementor-element elementor-element-57972a1 elementor-widget elementor-widget-heading\" data-id=\"57972a1\" data-element_type=\"widget\" data-e-type=\"widget\" data-widget_type=\"heading.default\">\n\t\t\t\t\t<h2 class=\"elementor-heading-title elementor-size-default\">4. Autoindagaci\u00f3n: esto es tratar de un paso m\u00e1s adelante<\/h2>\t\t\t\t<\/div>\n\t\t\t\t\t<\/div>\n\t\t<\/div>\n\t\t\t\t\t<\/div>\n\t\t<\/section>\n\t\t\t\t<section data-particle_enable=\"false\" data-particle-mobile-disabled=\"false\" class=\"elementor-section elementor-top-section elementor-element elementor-element-c2b14be elementor-section-boxed elementor-section-height-default elementor-section-height-default\" data-id=\"c2b14be\" data-element_type=\"section\" data-e-type=\"section\">\n\t\t\t\t\t\t<div class=\"elementor-container elementor-column-gap-default\">\n\t\t\t\t\t<div class=\"elementor-column elementor-col-100 elementor-top-column elementor-element elementor-element-6a0309c\" data-id=\"6a0309c\" data-element_type=\"column\" data-e-type=\"column\">\n\t\t\t<div class=\"elementor-widget-wrap elementor-element-populated\">\n\t\t\t\t\t\t<div class=\"elementor-element elementor-element-8223f06 elementor-widget elementor-widget-text-editor\" data-id=\"8223f06\" data-element_type=\"widget\" data-e-type=\"widget\" data-widget_type=\"text-editor.default\">\n\t\t\t\t\t\t\t\t\t<p><span style=\"color: var( --e-global-color-text ); background-color: var(--ak-bg-color);\">\u00bfQu\u00e9 quiere decir autoindagarse? Es el acto de profundizar en el origen de lo descubierto en la auto\u00a0<\/span><span style=\"color: var( --e-global-color-text ); background-color: var(--ak-bg-color);\">observaci\u00f3n, estudiar el pasado para sanar las heridas de los recuerdos y experiencias que\u00a0<\/span><span style=\"color: var( --e-global-color-text ); background-color: var(--ak-bg-color);\">causaron dolor.<\/span><\/p><p><span style=\"color: var( --e-global-color-text ); background-color: var(--ak-bg-color);\">El prop\u00f3sito de esta acci\u00f3n es no usar el futuro o las nuevas circunstancias de vida\u00a0<\/span><span style=\"color: var( --e-global-color-text ); background-color: var(--ak-bg-color);\">para cubrir, esconder o disimuolar aflicciones pasadas o edificar expectativas con las mismas bases del\u00a0<\/span><span style=\"color: var( --e-global-color-text ); background-color: var(--ak-bg-color);\">sufrimiento o cargas emocionales.<\/span><\/p><p>\u00a0<\/p>\t\t\t\t\t\t\t\t<\/div>\n\t\t\t\t\t<\/div>\n\t\t<\/div>\n\t\t\t\t\t<\/div>\n\t\t<\/section>\n\t\t\t\t<section data-particle_enable=\"false\" data-particle-mobile-disabled=\"false\" class=\"elementor-section elementor-top-section elementor-element elementor-element-73ff2e2 elementor-section-boxed elementor-section-height-default elementor-section-height-default\" data-id=\"73ff2e2\" data-element_type=\"section\" data-e-type=\"section\">\n\t\t\t\t\t\t<div class=\"elementor-container elementor-column-gap-default\">\n\t\t\t\t\t<div class=\"elementor-column elementor-col-100 elementor-top-column elementor-element elementor-element-902968b\" data-id=\"902968b\" data-element_type=\"column\" data-e-type=\"column\">\n\t\t\t<div class=\"elementor-widget-wrap elementor-element-populated\">\n\t\t\t\t\t\t<div class=\"elementor-element elementor-element-a144b71 elementor-widget elementor-widget-heading\" data-id=\"a144b71\" data-element_type=\"widget\" data-e-type=\"widget\" data-widget_type=\"heading.default\">\n\t\t\t\t\t<h2 class=\"elementor-heading-title elementor-size-default\">5. Meditaci\u00f3n consciente: un h\u00e1bito que cambia la vida <\/h2>\t\t\t\t<\/div>\n\t\t\t\t\t<\/div>\n\t\t<\/div>\n\t\t\t\t\t<\/div>\n\t\t<\/section>\n\t\t\t\t<section data-particle_enable=\"false\" data-particle-mobile-disabled=\"false\" class=\"elementor-section elementor-top-section elementor-element elementor-element-c9b371a elementor-section-boxed elementor-section-height-default elementor-section-height-default\" data-id=\"c9b371a\" data-element_type=\"section\" data-e-type=\"section\">\n\t\t\t\t\t\t<div class=\"elementor-container elementor-column-gap-default\">\n\t\t\t\t\t<div class=\"elementor-column elementor-col-100 elementor-top-column elementor-element elementor-element-688ccc0\" data-id=\"688ccc0\" data-element_type=\"column\" data-e-type=\"column\">\n\t\t\t<div class=\"elementor-widget-wrap elementor-element-populated\">\n\t\t\t\t\t\t<div class=\"elementor-element elementor-element-0b28e6e elementor-widget elementor-widget-text-editor\" data-id=\"0b28e6e\" data-element_type=\"widget\" data-e-type=\"widget\" data-widget_type=\"text-editor.default\">\n\t\t\t\t\t\t\t\t\t<p><span style=\"color: var( --e-global-color-text ); background-color: var(--ak-bg-color);\">Esto implica una constante&nbsp;reflexi\u00f3n sobre la autoobservaci\u00f3n&nbsp;<\/span><span style=\"color: var( --e-global-color-text ); background-color: var(--ak-bg-color);\">y autoindagaci\u00f3n para cambiar la programaci\u00f3n mental&nbsp;negativa a un estado espiritual de&nbsp;<\/span><span style=\"color: var( --e-global-color-text ); background-color: var(--ak-bg-color);\">plenitud y bienestar.&nbsp;<\/span><\/p><p><span style=\"background-color: var(--ak-bg-color); color: var( --e-global-color-text );\">En segundo lugar, conlleva la&nbsp;<\/span><span style=\"color: var( --e-global-color-text ); background-color: var(--ak-bg-color);\">permanencia en el momento presente.&nbsp;<\/span><span style=\"color: var( --e-global-color-text ); background-color: var(--ak-bg-color);\">La pr\u00e1ctica constante de estas herramientas llevara al&nbsp;<\/span><span style=\"color: var( --e-global-color-text ); background-color: var(--ak-bg-color);\">migrante a un estado de gratitud y&nbsp;<\/span><span style=\"color: var( --e-global-color-text ); background-color: var(--ak-bg-color);\">felicidad.&nbsp;<\/span><\/p><p><span style=\"color: var( --e-global-color-text ); background-color: var(--ak-bg-color);\">S<b>i desea informaci\u00f3n de como practicar estas cinco&nbsp;herramientas fuera de Guatemala y&nbsp;<\/b><\/span><span style=\"color: var( --e-global-color-text ); background-color: var(--ak-bg-color);\"><b>gustar\u00eda de conocer y participar de nuestras actividades virtuales de bienestar y&nbsp;desarrollo personal escriba al correo<i><u> andre.armas.bran@gmail.com<\/u><\/i><\/b><\/span><\/p>\n<p><o:p><\/o:p><\/p>\t\t\t\t\t\t\t\t<\/div>\n\t\t\t\t\t<\/div>\n\t\t<\/div>\n\t\t\t\t\t<\/div>\n\t\t<\/section>\n\t\t\t\t<\/div>\n\t\t","protected":false},"excerpt":{"rendered":"<p>Existen emociones y sentimientos que pueden afectar el desempe\u00f1o, la visi\u00f3n y las convicciones del migrante guatemalteco que busca un mejor futuro. Pero tambi\u00e9n hay herramientas para controlar tales sensaciones: estas son cinco de ellas. Por Andr\u00e9 Armas Bran, educador y consejero de bienestar radicado en Guatemala. Un migrante tarde o temprano experimenta emociones negativas. [&hellip;]<\/p>\n","protected":false},"author":1,"featured_media":1236,"comment_status":"open","ping_status":"open","sticky":false,"template":"","format":"standard","meta":{"_acf_changed":false,"_eb_attr":"","footnotes":""},"categories":[55],"tags":[],"class_list":["post-1235","post","type-post","status-publish","format-standard","has-post-thumbnail","hentry","category-bienestar"],"acf":[],"aioseo_notices":[],"aioseo_head":"\n\t\t<!-- All in One SEO Pro 4.9.6.2 - aioseo.com -->\n\t<meta name=\"description\" content=\"Existen emociones y sentimientos que pueden afectar el desempe\u00f1o, la visi\u00f3n y las convicciones del migrante guatemalteco que busca un mejor futuro. Pero tambi\u00e9n hay herramientas para controlar tales sensaciones: estas son cinco de ellas. Por Andr\u00e9 Armas Bran, educador y consejero de bienestar radicado en Guatemala. Un migrante tarde o temprano experimenta emociones negativas.\" \/>\n\t<meta name=\"robots\" content=\"max-snippet:-1, max-image-preview:large, max-video-preview:-1\" \/>\n\t<meta name=\"author\" content=\"SoyMigrante.com REVISTA\"\/>\n\t<link rel=\"canonical\" href=\"https:\/\/soymigrante.com\/revista\/superar-emociones-negativas-al-migrar\/\" \/>\n\t<meta name=\"generator\" content=\"All in One SEO Pro (AIOSEO) 4.9.6.2\" \/>\n\n\t\t<link rel=\"preconnect\" href=\"https:\/\/fonts.googleapis.com\" crossorigin>\n<link rel=\"preconnect\" href=\"https:\/\/fonts.gstatic.com\" crossorigin>\n\t\t<meta property=\"og:locale\" content=\"es_ES\" \/>\n\t\t<meta property=\"og:site_name\" content=\"SoyMigrante.com REVISTA \u2013 Nuestra misi\u00f3n es reconocer y dignificar al migrante.\" \/>\n\t\t<meta property=\"og:type\" content=\"article\" \/>\n\t\t<meta property=\"og:title\" content=\"Cinco herramientas para superar emociones negativas al migrar\" \/>\n\t\t<meta property=\"og:description\" content=\"Existen emociones y sentimientos que pueden afectar el desempe\u00f1o, la visi\u00f3n y las convicciones del migrante guatemalteco que busca un mejor futuro. Pero tambi\u00e9n hay herramientas para controlar tales sensaciones: estas son cinco de ellas. Por Andr\u00e9 Armas Bran, educador y consejero de bienestar radicado en Guatemala. Un migrante tarde o temprano experimenta emociones negativas.\" \/>\n\t\t<meta property=\"og:url\" content=\"https:\/\/soymigrante.com\/revista\/superar-emociones-negativas-al-migrar\/\" \/>\n\t\t<meta property=\"og:image\" content=\"https:\/\/soymigrante.com\/revista\/wp-content\/uploads\/2023\/06\/SUPERAR-MIGRACION-ARTICULO-HENRY-ARMAS-1.webp\" \/>\n\t\t<meta property=\"og:image:secure_url\" content=\"https:\/\/soymigrante.com\/revista\/wp-content\/uploads\/2023\/06\/SUPERAR-MIGRACION-ARTICULO-HENRY-ARMAS-1.webp\" \/>\n\t\t<meta property=\"og:image:width\" content=\"1919\" \/>\n\t\t<meta property=\"og:image:height\" content=\"1920\" \/>\n\t\t<meta property=\"article:published_time\" content=\"2023-06-06T20:56:55+00:00\" \/>\n\t\t<meta property=\"article:modified_time\" content=\"2024-11-01T10:44:59+00:00\" \/>\n\t\t<meta property=\"article:publisher\" content=\"https:\/\/www.facebook.com\/soymigrantecom\" \/>\n\t\t<meta name=\"twitter:card\" content=\"summary_large_image\" \/>\n\t\t<meta name=\"twitter:site\" content=\"@SoyMigrante_com\" \/>\n\t\t<meta name=\"twitter:title\" content=\"Cinco herramientas para superar emociones negativas al migrar\" \/>\n\t\t<meta name=\"twitter:description\" content=\"Existen emociones y sentimientos que pueden afectar el desempe\u00f1o, la visi\u00f3n y las convicciones del migrante guatemalteco que busca un mejor futuro. Pero tambi\u00e9n hay herramientas para controlar tales sensaciones: estas son cinco de ellas. Por Andr\u00e9 Armas Bran, educador y consejero de bienestar radicado en Guatemala. Un migrante tarde o temprano experimenta emociones negativas.\" \/>\n\t\t<meta name=\"twitter:creator\" content=\"@SoyMigrante_com\" \/>\n\t\t<meta name=\"twitter:image\" content=\"https:\/\/soymigrante.com\/revista\/wp-content\/uploads\/2023\/06\/SUPERAR-MIGRACION-ARTICULO-HENRY-ARMAS-1.webp\" \/>\n\t\t<!-- All in One SEO Pro -->\r\n\t\t<title>Cinco herramientas para superar emociones negativas al migrar<\/title>\n\n","aioseo_head_json":{"title":"Cinco herramientas para superar emociones negativas al migrar","description":"Existen emociones y sentimientos que pueden afectar el desempe\u00f1o, la visi\u00f3n y las convicciones del migrante guatemalteco que busca un mejor futuro. Pero tambi\u00e9n hay herramientas para controlar tales sensaciones: estas son cinco de ellas. Por Andr\u00e9 Armas Bran, educador y consejero de bienestar radicado en Guatemala. Un migrante tarde o temprano experimenta emociones negativas.","canonical_url":"https:\/\/soymigrante.com\/revista\/superar-emociones-negativas-al-migrar\/","robots":"max-snippet:-1, max-image-preview:large, max-video-preview:-1","keywords":"","webmasterTools":{"miscellaneous":"&lt;link rel=\"preconnect\" href=\"https:\/\/fonts.googleapis.com\" crossorigin&gt;\n&lt;link rel=\"preconnect\" href=\"https:\/\/fonts.gstatic.com\" crossorigin&gt;"},"schema":null,"og:locale":"es_ES","og:site_name":"SoyMigrante.com REVISTA \u2013 Nuestra misi\u00f3n es reconocer y dignificar al migrante.","og:type":"article","og:title":"Cinco herramientas para superar emociones negativas al migrar","og:description":"Existen emociones y sentimientos que pueden afectar el desempe\u00f1o, la visi\u00f3n y las convicciones del migrante guatemalteco que busca un mejor futuro. Pero tambi\u00e9n hay herramientas para controlar tales sensaciones: estas son cinco de ellas. Por Andr\u00e9 Armas Bran, educador y consejero de bienestar radicado en Guatemala. Un migrante tarde o temprano experimenta emociones negativas.","og:url":"https:\/\/soymigrante.com\/revista\/superar-emociones-negativas-al-migrar\/","og:image":"https:\/\/soymigrante.com\/revista\/wp-content\/uploads\/2023\/06\/SUPERAR-MIGRACION-ARTICULO-HENRY-ARMAS-1.webp","og:image:secure_url":"https:\/\/soymigrante.com\/revista\/wp-content\/uploads\/2023\/06\/SUPERAR-MIGRACION-ARTICULO-HENRY-ARMAS-1.webp","og:image:width":1919,"og:image:height":1920,"article:published_time":"2023-06-06T20:56:55+00:00","article:modified_time":"2024-11-01T10:44:59+00:00","article:publisher":"https:\/\/www.facebook.com\/soymigrantecom","twitter:card":"summary_large_image","twitter:site":"@SoyMigrante_com","twitter:title":"Cinco herramientas para superar emociones negativas al migrar","twitter:description":"Existen emociones y sentimientos que pueden afectar el desempe\u00f1o, la visi\u00f3n y las convicciones del migrante guatemalteco que busca un mejor futuro. Pero tambi\u00e9n hay herramientas para controlar tales sensaciones: estas son cinco de ellas. Por Andr\u00e9 Armas Bran, educador y consejero de bienestar radicado en Guatemala. Un migrante tarde o temprano experimenta emociones negativas.","twitter:creator":"@SoyMigrante_com","twitter:image":"https:\/\/soymigrante.com\/revista\/wp-content\/uploads\/2023\/06\/SUPERAR-MIGRACION-ARTICULO-HENRY-ARMAS-1.webp"},"aioseo_meta_data":{"post_id":"1235","title":null,"description":null,"keywords":null,"keyphrases":{"focus":{"keyphrase":"Migrante","score":65,"analysis":{"keyphraseInTitle":{"score":3,"maxScore":9,"error":1},"keyphraseInDescription":{"score":9,"maxScore":9,"error":0},"keyphraseLength":{"score":9,"maxScore":9,"error":0,"length":1},"keyphraseInURL":{"score":5,"maxScore":5,"error":0},"keyphraseInIntroduction":{"score":3,"maxScore":9,"error":1},"keyphraseInSubHeadings":{"score":3,"maxScore":9,"error":1},"keyphraseInImageAlt":{"score":3,"maxScore":9,"error":1},"keywordDensity":{"type":"best","score":9,"maxScore":9,"error":0}}},"additional":[]},"primary_term":null,"canonical_url":null,"og_title":null,"og_description":null,"og_object_type":"default","og_image_type":"default","og_image_url":null,"og_image_width":null,"og_image_height":null,"og_image_custom_url":null,"og_image_custom_fields":null,"og_video":"","og_custom_url":null,"og_article_section":null,"og_article_tags":null,"twitter_use_og":false,"twitter_card":"default","twitter_image_type":"default","twitter_image_url":null,"twitter_image_custom_url":null,"twitter_image_custom_fields":null,"twitter_title":null,"twitter_description":null,"schema":{"blockGraphs":[],"customGraphs":[],"default":{"data":{"Article":[],"Course":[],"Dataset":[],"FAQPage":[],"Movie":[],"Person":[],"Product":[],"ProductReview":[],"Car":[],"Recipe":[],"Service":[],"SoftwareApplication":[],"WebPage":[]},"graphName":"Article","isEnabled":true},"graphs":[]},"schema_type":"default","schema_type_options":null,"pillar_content":false,"robots_default":true,"robots_noindex":false,"robots_noarchive":false,"robots_nosnippet":false,"robots_nofollow":false,"robots_noimageindex":false,"robots_noodp":false,"robots_notranslate":false,"robots_max_snippet":"-1","robots_max_videopreview":"-1","robots_max_imagepreview":"large","priority":null,"frequency":"default","local_seo":null,"seo_analyzer_scan_date":"2025-10-08 19:51:17","breadcrumb_settings":null,"limit_modified_date":false,"reviewed_by":null,"open_ai":"{\"title\":{\"suggestions\":[],\"usage\":0},\"description\":{\"suggestions\":[],\"usage\":0}}","ai":null,"created":"2023-08-18 13:09:48","updated":"2026-02-04 04:36:37"},"aioseo_breadcrumb":"<div class=\"aioseo-breadcrumbs\"><span class=\"aioseo-breadcrumb\">\n\t<a href=\"https:\/\/soymigrante.com\/revista\" title=\"Home\">Home<\/a>\n<\/span><span class=\"aioseo-breadcrumb-separator\">\u00bb<\/span><span class=\"aioseo-breadcrumb\">\n\t<a href=\"https:\/\/soymigrante.com\/revista\/category\/bienestar\/\" title=\"Bienestar\">Bienestar<\/a>\n<\/span><span class=\"aioseo-breadcrumb-separator\">\u00bb<\/span><span class=\"aioseo-breadcrumb\">\n\tCinco herramientas para superar emociones negativas al migrar\n<\/span><\/div>","aioseo_breadcrumb_json":[{"label":"Home","link":"https:\/\/soymigrante.com\/revista"},{"label":"Bienestar","link":"https:\/\/soymigrante.com\/revista\/category\/bienestar\/"},{"label":"Cinco herramientas para superar emociones negativas al migrar","link":"https:\/\/soymigrante.com\/revista\/superar-emociones-negativas-al-migrar\/"}],"_links":{"self":[{"href":"https:\/\/soymigrante.com\/revista\/wp-json\/wp\/v2\/posts\/1235","targetHints":{"allow":["GET"]}}],"collection":[{"href":"https:\/\/soymigrante.com\/revista\/wp-json\/wp\/v2\/posts"}],"about":[{"href":"https:\/\/soymigrante.com\/revista\/wp-json\/wp\/v2\/types\/post"}],"author":[{"embeddable":true,"href":"https:\/\/soymigrante.com\/revista\/wp-json\/wp\/v2\/users\/1"}],"replies":[{"embeddable":true,"href":"https:\/\/soymigrante.com\/revista\/wp-json\/wp\/v2\/comments?post=1235"}],"version-history":[{"count":0,"href":"https:\/\/soymigrante.com\/revista\/wp-json\/wp\/v2\/posts\/1235\/revisions"}],"wp:featuredmedia":[{"embeddable":true,"href":"https:\/\/soymigrante.com\/revista\/wp-json\/wp\/v2\/media\/1236"}],"wp:attachment":[{"href":"https:\/\/soymigrante.com\/revista\/wp-json\/wp\/v2\/media?parent=1235"}],"wp:term":[{"taxonomy":"category","embeddable":true,"href":"https:\/\/soymigrante.com\/revista\/wp-json\/wp\/v2\/categories?post=1235"},{"taxonomy":"post_tag","embeddable":true,"href":"https:\/\/soymigrante.com\/revista\/wp-json\/wp\/v2\/tags?post=1235"}],"curies":[{"name":"wp","href":"https:\/\/api.w.org\/{rel}","templated":true}]}}