{"id":12299,"date":"2024-11-08T14:45:11","date_gmt":"2024-11-08T20:45:11","guid":{"rendered":"https:\/\/soymigrante.com\/revista\/?p=12299"},"modified":"2024-11-08T14:45:48","modified_gmt":"2024-11-08T20:45:48","slug":"esteban-matias-ramos-capta-bellezas-naturales-de-los-cuchumatanes","status":"publish","type":"post","link":"https:\/\/soymigrante.com\/revista\/esteban-matias-ramos-capta-bellezas-naturales-de-los-cuchumatanes\/","title":{"rendered":"Esteban Mat\u00edas Ramos capta la magia natural de los Cuchumatanes"},"content":{"rendered":"\t\t<div data-elementor-type=\"wp-post\" data-elementor-id=\"12299\" class=\"elementor elementor-12299\" data-elementor-post-type=\"post\">\n\t\t\t\t<div data-particle_enable=\"false\" data-particle-mobile-disabled=\"false\" class=\"elementor-element elementor-element-4625d51 e-flex e-con-boxed e-con e-parent\" data-id=\"4625d51\" data-element_type=\"container\" data-e-type=\"container\">\n\t\t\t\t\t<div class=\"e-con-inner\">\n\t\t\t\t<div class=\"elementor-element elementor-element-c9c002a elementor-widget elementor-widget-heading\" data-id=\"c9c002a\" data-element_type=\"widget\" data-e-type=\"widget\" data-widget_type=\"heading.default\">\n\t\t\t\t\t<h2 class=\"elementor-heading-title elementor-size-default\">Con una c\u00e1mara en mano y el sue\u00f1o de ser fot\u00f3grafo desde casi 20 a\u00f1os, Esteban Mat\u00edas Ramos ha documentado la vida natural de la Sierra de los Cuchumatanes en Guatemala, logrando reconocimiento internacional.<\/h2>\t\t\t\t<\/div>\n\t\t\t\t\t<\/div>\n\t\t\t\t<\/div>\n\t\t<div data-particle_enable=\"false\" data-particle-mobile-disabled=\"false\" class=\"elementor-element elementor-element-1e3823a e-flex e-con-boxed e-con e-parent\" data-id=\"1e3823a\" data-element_type=\"container\" data-e-type=\"container\">\n\t\t\t\t\t<div class=\"e-con-inner\">\n\t\t\t\t<div class=\"elementor-element elementor-element-37ead65 elementor-widget elementor-widget-text-editor\" data-id=\"37ead65\" data-element_type=\"widget\" data-e-type=\"widget\" data-widget_type=\"text-editor.default\">\n\t\t\t\t\t\t\t\t\t<p>Con una c\u00e1mara de rollo y con tan solo 13 a\u00f1os, Esteban Mat\u00edas Ramos so\u00f1aba con ser fot\u00f3grafo, aunque no imaginaba lo que el destino le deparar\u00eda en la naturaleza de<a href=\"https:\/\/soymigrante.com\/revista\/el-pueblo-awakateko-llevan-siglos-al-pie-de-los-cuchumatanes\/\" target=\"_blank\" rel=\"noopener\"> la Sierra de los Cuchumatanes<\/a>. El huehueteco, apasionado por su peque\u00f1a c\u00e1mara, comenz\u00f3 a fotografiar en 2004 fiestas locales, bodas e incluso funerales. Poco a poco, las personas fueron reconociendo su trabajo a nivel local. \u201cMe gust\u00f3 la fotograf\u00eda\u201d, expresa Ramos.<\/p><p>Conoce su historia:<\/p>\t\t\t\t\t\t\t\t<\/div>\n\t\t\t\t\t<\/div>\n\t\t\t\t<\/div>\n\t\t<div data-particle_enable=\"false\" data-particle-mobile-disabled=\"false\" class=\"elementor-element elementor-element-4bf67ea e-flex e-con-boxed e-con e-parent\" data-id=\"4bf67ea\" data-element_type=\"container\" data-e-type=\"container\">\n\t\t\t\t\t<div class=\"e-con-inner\">\n\t\t\t\t<div class=\"elementor-element elementor-element-ab9c66f elementor-widget elementor-widget-image\" data-id=\"ab9c66f\" data-element_type=\"widget\" data-e-type=\"widget\" data-widget_type=\"image.default\">\n\t\t\t\t\t\t\t\t\t\t\t\t\t\t\t<img fetchpriority=\"high\" decoding=\"async\" width=\"768\" height=\"765\" src=\"https:\/\/soymigrante.com\/revista\/wp-content\/uploads\/2024\/11\/Esteban-Matias-Ramos-fotografo-huehueteco.webp\" class=\"attachment-large size-large wp-image-12304\" alt=\"Bosque de pinos en una aventura de senderismo con un gu\u00eda equipado y c\u00e1mara para explorar la naturaleza en busca de im\u00e1genes y experiencias \u00fanicas.\" srcset=\"https:\/\/soymigrante.com\/revista\/wp-content\/uploads\/2024\/11\/Esteban-Matias-Ramos-fotografo-huehueteco.webp 960w, https:\/\/soymigrante.com\/revista\/wp-content\/uploads\/2024\/11\/Esteban-Matias-Ramos-fotografo-huehueteco-300x300.webp 300w, https:\/\/soymigrante.com\/revista\/wp-content\/uploads\/2024\/11\/Esteban-Matias-Ramos-fotografo-huehueteco-150x150.webp 150w, https:\/\/soymigrante.com\/revista\/wp-content\/uploads\/2024\/11\/Esteban-Matias-Ramos-fotografo-huehueteco-768x765.jpg 768w, https:\/\/soymigrante.com\/revista\/wp-content\/uploads\/2024\/11\/Esteban-Matias-Ramos-fotografo-huehueteco-75x75.webp 75w, https:\/\/soymigrante.com\/revista\/wp-content\/uploads\/2024\/11\/Esteban-Matias-Ramos-fotografo-huehueteco-750x747.webp 750w\" sizes=\"(max-width: 768px) 100vw, 768px\" title=\"Esteban Mat\u00edas Ramos fotografo huehueteco \u2013 SoyMigrante.com REVISTA\" \/>\t\t\t\t\t\t\t\t\t\t\t\t\t\t\t<\/div>\n\t\t\t\t\t<\/div>\n\t\t\t\t<\/div>\n\t\t<div data-particle_enable=\"false\" data-particle-mobile-disabled=\"false\" class=\"elementor-element elementor-element-145c82f e-flex e-con-boxed e-con e-parent\" data-id=\"145c82f\" data-element_type=\"container\" data-e-type=\"container\">\n\t\t\t\t\t<div class=\"e-con-inner\">\n\t\t\t\t<div class=\"elementor-element elementor-element-1bf102a elementor-widget elementor-widget-text-editor\" data-id=\"1bf102a\" data-element_type=\"widget\" data-e-type=\"widget\" data-widget_type=\"text-editor.default\">\n\t\t\t\t\t\t\t\t\t<p>Al inicio, tambi\u00e9n grababa videos en los que utilizaba cassettes para documentar los eventos. \u201cComenc\u00e9 tomando fotos del 15 de septiembre, bodas y tambi\u00e9n de familias migrantes que me ped\u00edan fotos para enviar a sus familiares\u201d, recuerda el fot\u00f3grafo huehueteco.<\/p><p>Esteban Mat\u00edas tambi\u00e9n es gu\u00eda de turismo, lo que le ha permitido abrirse camino en su verdadera pasi\u00f3n: fotografiar la vida silvestre, aves, hongos y otros elementos naturales. Para ello, recibi\u00f3 capacitaci\u00f3n en el Inguat y el Intecap\u00a0<a href=\"https:\/\/soymigrante.com\/revista\/llamas-de-los-cuchumatanes-migraron-hace-23-anos-a-guatemala\/\" target=\"_blank\" rel=\"noopener\">sobre turismo comunitario.\u00a0<\/a>Con el apoyo de su familia y amistades, sigui\u00f3 persiguiendo su sue\u00f1o. En 2010, sirvi\u00f3 como gu\u00eda para un bi\u00f3logo alem\u00e1n y, durante su estad\u00eda en Guatemala, el contacto dio origen a una amistad profesional. Al ver que el experto extranjero documentaba aves y otros aspectos de la naturaleza con una c\u00e1mara, se inspir\u00f3 para adquirir una c\u00e1mara profesional y, por fortuna, logr\u00f3 comprar un telefoto que le permiti\u00f3 captar mejor la fauna de Guatemala, sobre todo en Huehuetenango. Para adquirir este telefoto, Esteban Mat\u00edas tuvo que solicitar un pr\u00e9stamo.<\/p>\t\t\t\t\t\t\t\t<\/div>\n\t\t\t\t\t<\/div>\n\t\t\t\t<\/div>\n\t\t<div data-particle_enable=\"false\" data-particle-mobile-disabled=\"false\" class=\"elementor-element elementor-element-7feeef8 e-flex e-con-boxed e-con e-parent\" data-id=\"7feeef8\" data-element_type=\"container\" data-e-type=\"container\">\n\t\t\t\t\t<div class=\"e-con-inner\">\n\t\t\t\t<div class=\"elementor-element elementor-element-81137c9 elementor-arrows-position-inside elementor-pagination-position-outside elementor-widget elementor-widget-image-carousel\" data-id=\"81137c9\" data-element_type=\"widget\" data-e-type=\"widget\" data-settings=\"{&quot;slides_to_show&quot;:&quot;1&quot;,&quot;navigation&quot;:&quot;both&quot;,&quot;autoplay&quot;:&quot;yes&quot;,&quot;pause_on_hover&quot;:&quot;yes&quot;,&quot;pause_on_interaction&quot;:&quot;yes&quot;,&quot;autoplay_speed&quot;:5000,&quot;infinite&quot;:&quot;yes&quot;,&quot;effect&quot;:&quot;slide&quot;,&quot;speed&quot;:500}\" data-widget_type=\"image-carousel.default\">\n\t\t\t\t\t\t\t<div class=\"elementor-image-carousel-wrapper swiper\" role=\"region\" aria-roledescription=\"carousel\" aria-label=\"Carrusel de im\u00e1genes\" dir=\"ltr\">\n\t\t\t<div class=\"elementor-image-carousel swiper-wrapper\" aria-live=\"off\">\n\t\t\t\t\t\t\t\t<div class=\"swiper-slide\" role=\"group\" aria-roledescription=\"slide\" aria-label=\"1 de 11\"><figure class=\"swiper-slide-inner\"><img decoding=\"async\" class=\"swiper-slide-image\" src=\"https:\/\/soymigrante.com\/revista\/wp-content\/uploads\/2024\/11\/cultura-huehueteca2-1024x683.jpg\" alt=\"Cabalgata tradicional de ind\u00edgenas en Colombia durante festividad cultural, vestidos con trajes t\u00edpicos coloridos, montando caballos en un entorno natural.\" \/><figcaption class=\"elementor-image-carousel-caption\">Celebraci\u00f3n cultural ind\u00edgena en Colombia con caballos, trajes tradicionales y folclore, resaltando la riqueza cultural y las tradiciones ancestrales.<\/figcaption><\/figure><\/div><div class=\"swiper-slide\" role=\"group\" aria-roledescription=\"slide\" aria-label=\"2 de 11\"><figure class=\"swiper-slide-inner\"><img decoding=\"async\" class=\"swiper-slide-image\" src=\"https:\/\/soymigrante.com\/revista\/wp-content\/uploads\/2024\/11\/cuchumatanes6-1024x576.jpg\" alt=\"Vistas de monta\u00f1as y bosques en una caminata de senderismo, explorando paisajes naturales y bellezas esc\u00e9nicas en la naturaleza colombiana.\" \/><figcaption class=\"elementor-image-carousel-caption\">Una persona observa el paisaje monta\u00f1oso con bosques y niebla en un excusado de senderismo en un entorno natural en Colombia.<\/figcaption><\/figure><\/div><div class=\"swiper-slide\" role=\"group\" aria-roledescription=\"slide\" aria-label=\"3 de 11\"><figure class=\"swiper-slide-inner\"><img decoding=\"async\" class=\"swiper-slide-image\" src=\"https:\/\/soymigrante.com\/revista\/wp-content\/uploads\/2024\/11\/cultura-huehueteca3-1024x683.jpg\" alt=\"Coloridos ind\u00edgenas en caballos participando en una tradicional celebraci\u00f3n en la comunidad.\" \/><figcaption class=\"elementor-image-carousel-caption\">Celebraci\u00f3n cultural ind\u00edgena en caballos en una comunidad tradicional, reflejando la diversidad cultural y las tradiciones ancestrales en Latinoam\u00e9rica.<\/figcaption><\/figure><\/div><div class=\"swiper-slide\" role=\"group\" aria-roledescription=\"slide\" aria-label=\"4 de 11\"><figure class=\"swiper-slide-inner\"><img decoding=\"async\" class=\"swiper-slide-image\" src=\"https:\/\/soymigrante.com\/revista\/wp-content\/uploads\/2024\/11\/cuchumatanes4-1024x576.jpg\" alt=\"Caba\u00f1a en campo abierto bajo arco\u00edris y monta\u00f1a, paisaje rural, naturaleza, tranquilidad, ambiente campestre, vida en el campo, belleza natural, refugio rural, enfoque en paisaje colombiano, inspiraci\u00f3n para viajeros y migrantes.\" \/><figcaption class=\"elementor-image-carousel-caption\">Escapada rural en M\u00e9xico con paisaje de arco iris, casa t\u00edpica y campos dorados, reflejando la cultura y vida de migrantes y comunidades rurales en SoyMigrante.com REVISTA.<\/figcaption><\/figure><\/div><div class=\"swiper-slide\" role=\"group\" aria-roledescription=\"slide\" aria-label=\"5 de 11\"><figure class=\"swiper-slide-inner\"><img decoding=\"async\" class=\"swiper-slide-image\" src=\"https:\/\/soymigrante.com\/revista\/wp-content\/uploads\/2024\/11\/cuchumatanes7-1024x576.jpg\" alt=\"Viajero en un mirador observando la niebla y los paisajes naturales, promoviendo turismo ecol\u00f3gico y destinos de aventura en la naturaleza.\" \/><figcaption class=\"elementor-image-carousel-caption\">Una persona con ropa tradicional y equipo de senderismo disfruta del paisaje en un entorno natural y monta\u00f1oso, resaltando el turismo de ecoturismo y cultura.<\/figcaption><\/figure><\/div><div class=\"swiper-slide\" role=\"group\" aria-roledescription=\"slide\" aria-label=\"6 de 11\"><figure class=\"swiper-slide-inner\"><img decoding=\"async\" class=\"swiper-slide-image\" src=\"https:\/\/soymigrante.com\/revista\/wp-content\/uploads\/2024\/11\/cultura-huehueteca-1024x683.jpg\" alt=\"Campesino ind\u00edgena sosteniendo un gallo en un entorno natural, vestimenta tradicional colorida, s\u00edmbolo de cultura y resistencia en comunidades migrantes.\" \/><figcaption class=\"elementor-image-carousel-caption\">Campesino ind\u00edgena con gallo en tierra lluviosa, representando tradiciones culturales en comunidades migrantes y derechos ind\u00edgenas en movimiento.<\/figcaption><\/figure><\/div><div class=\"swiper-slide\" role=\"group\" aria-roledescription=\"slide\" aria-label=\"7 de 11\"><figure class=\"swiper-slide-inner\"><img decoding=\"async\" class=\"swiper-slide-image\" src=\"https:\/\/soymigrante.com\/revista\/wp-content\/uploads\/2024\/11\/cuchumatanes9-1024x461.jpg\" alt=\"Campo de paramo con ovejas y alpacas en un paisaje rural de monta\u00f1a, ideal para promover turismo rural y cultura andina.\" \/><figcaption class=\"elementor-image-carousel-caption\">Paisaje rural con ovejas y alpacas en un entorno de monta\u00f1a y praderas, resaltando la cultura y el turismo en regiones de alto paisaje natural y biodiversidad.<\/figcaption><\/figure><\/div><div class=\"swiper-slide\" role=\"group\" aria-roledescription=\"slide\" aria-label=\"8 de 11\"><figure class=\"swiper-slide-inner\"><img decoding=\"async\" class=\"swiper-slide-image\" src=\"https:\/\/soymigrante.com\/revista\/wp-content\/uploads\/2024\/11\/cuchumatanes8-1024x551.jpg\" alt=\"Pueblo ind\u00edgena sentado en una roca en la cima de una monta\u00f1a con vistas impresionantes, nubes y vegetaci\u00f3n en un entorno natural hermoso y \u00fanico.\" \/><figcaption class=\"elementor-image-carousel-caption\">Paisaje monta\u00f1oso con nubes y vegetaci\u00f3n, hombre ind\u00edgena en la cima de la monta\u00f1a disfrutando de la vista natural extraordinaria y la cultura ind\u00edgena.<\/figcaption><\/figure><\/div><div class=\"swiper-slide\" role=\"group\" aria-roledescription=\"slide\" aria-label=\"9 de 11\"><figure class=\"swiper-slide-inner\"><img decoding=\"async\" class=\"swiper-slide-image\" src=\"https:\/\/soymigrante.com\/revista\/wp-content\/uploads\/2024\/11\/cuchumatanes3-1024x576.jpg\" alt=\"Arco\u00edris sobre campo monta\u00f1oso con llamas y \u00e1rboles, paisaje natural con cielo despejado en la tarde, fotograf\u00eda de paisajes rurales para revista migrante, turismo y biodiversidad.\" \/><figcaption class=\"elementor-image-carousel-caption\">Paisaje natural con arco\u00edris, llamas y monta\u00f1as en un entorno rural, ideal para contenido sobre migrantes, naturaleza y comunidades rurales en el contexto de SoyMigrante.com.<\/figcaption><\/figure><\/div><div class=\"swiper-slide\" role=\"group\" aria-roledescription=\"slide\" aria-label=\"10 de 11\"><figure class=\"swiper-slide-inner\"><img decoding=\"async\" class=\"swiper-slide-image\" src=\"https:\/\/soymigrante.com\/revista\/wp-content\/uploads\/2024\/11\/cuchumatanes-1024x576.jpg\" alt=\"At alt text: Amanecer en un paisaje monta\u00f1oso con cielos coloridos y \u00e1rboles en primer plano, ideal para contenidos sobre naturaleza y migraci\u00f3n.\" \/><figcaption class=\"elementor-image-carousel-caption\">Caption: Hermoso amanecer en un paisaje monta\u00f1oso, con colores vibrantes en el cielo y siluetas de \u00e1rboles, evocando tranquilidad y conexi\u00f3n con la naturaleza en contextos de migraci\u00f3n.<\/figcaption><\/figure><\/div><div class=\"swiper-slide\" role=\"group\" aria-roledescription=\"slide\" aria-label=\"11 de 11\"><figure class=\"swiper-slide-inner\"><img decoding=\"async\" class=\"swiper-slide-image\" src=\"https:\/\/soymigrante.com\/revista\/wp-content\/uploads\/2024\/11\/cuchumatanes10-1024x461.jpg\" alt=\"Paisaje con campo de flores amarillas y monta\u00f1as al fondo, en un d\u00eda nublado, destac\u00f3 la belleza natural y la diversidad de la flora en un entorno rural.\" \/><figcaption class=\"elementor-image-carousel-caption\">Un hermoso campo de flores amarillas en un paisaje rural con monta\u00f1as y vegetaci\u00f3n, ideal para atraer visitas a la revista SoyMigrante.com relacionada con migraci\u00f3n, cultura y naturaleza.<\/figcaption><\/figure><\/div>\t\t\t<\/div>\n\t\t\t\t\t\t\t\t\t\t\t\t<div class=\"elementor-swiper-button elementor-swiper-button-prev\" role=\"button\" tabindex=\"0\">\n\t\t\t\t\t\t<i aria-hidden=\"true\" class=\"eicon-chevron-left\"><\/i>\t\t\t\t\t<\/div>\n\t\t\t\t\t<div class=\"elementor-swiper-button elementor-swiper-button-next\" role=\"button\" tabindex=\"0\">\n\t\t\t\t\t\t<i aria-hidden=\"true\" class=\"eicon-chevron-right\"><\/i>\t\t\t\t\t<\/div>\n\t\t\t\t\n\t\t\t\t\t\t\t\t\t<div class=\"swiper-pagination\"><\/div>\n\t\t\t\t\t\t\t\t\t<\/div>\n\t\t\t\t\t\t<\/div>\n\t\t\t\t\t<\/div>\n\t\t\t\t<\/div>\n\t\t<div data-particle_enable=\"false\" data-particle-mobile-disabled=\"false\" class=\"elementor-element elementor-element-e2f82b0 e-flex e-con-boxed e-con e-parent\" data-id=\"e2f82b0\" data-element_type=\"container\" data-e-type=\"container\">\n\t\t\t\t\t<div class=\"e-con-inner\">\n\t\t\t\t<div class=\"elementor-element elementor-element-e6a6ccf elementor-widget elementor-widget-text-editor\" data-id=\"e6a6ccf\" data-element_type=\"widget\" data-e-type=\"widget\" data-widget_type=\"text-editor.default\">\n\t\t\t\t\t\t\t\t\t<p>Con el tiempo, su habilidad fotogr\u00e1fica le permiti\u00f3 ahorrar para obtener un equipo m\u00e1s profesional y abrirse puertas a oportunidades \u00fanicas. En 2014, Esteban Mat\u00edas tuvo la fortuna de capturar en imagen a un Puma yagouaroundi.<\/p><p>\u201cDurante una caminata rutinaria en la Sierra de los Cuchumatanes (<a href=\"https:\/\/soymigrante.com\/revista\/semana-santa-guatemalteca-via-crucis-infantil-huehuetenango\/\" target=\"_blank\" rel=\"noopener\">Huehuetenango, Guatemala<\/a>), documentamos un encuentro directo con un jaguarundi y registramos datos espec\u00edficos sobre la ubicaci\u00f3n, la hora del d\u00eda y el comportamiento del individuo. Observamos y fotografiamos un macho adulto a 3,559 metros en el Parque Regional Municipal\u00a0<a href=\"https:\/\/soymigrante.com\/revista\/carrera-de-todos-santos-cuchumatan-un-icono-de-guatemala-y-de-la-cultura-mam\/\" target=\"_blank\" rel=\"noopener\">Todos Santos Cuchumat\u00e1n<\/a>\u201d, relata un extracto de la descripci\u00f3n de la fotograf\u00eda que Esteban Mat\u00edas logr\u00f3 captar en ese momento. El sitio astozoologiamexicana.com recoge y expone ese inolvidable encuentro con un Puma yagouaroundi en Guatemala, ya que la altitud a la que fue localizado por Esteban Mat\u00edas representa un dato curioso para el estudio de los bi\u00f3logos.<\/p><p>El trabajo de Esteban Mat\u00edas ha llegado a ser reconocido y expuesto por la Universidad de Cornell, en Nueva York. Su pasi\u00f3n por el aviturismo le permite adentrarse en este mundo y captar momentos memorables, valiosos para los cient\u00edficos que estudian el comportamiento migratorio de las aves ante el cambio clim\u00e1tico.<\/p>\t\t\t\t\t\t\t\t<\/div>\n\t\t\t\t\t<\/div>\n\t\t\t\t<\/div>\n\t\t<div data-particle_enable=\"false\" data-particle-mobile-disabled=\"false\" class=\"elementor-element elementor-element-04f6b97 e-flex e-con-boxed e-con e-parent\" data-id=\"04f6b97\" data-element_type=\"container\" data-e-type=\"container\">\n\t\t\t\t\t<div class=\"e-con-inner\">\n\t\t\t\t<div class=\"elementor-element elementor-element-395590d elementor-arrows-position-inside elementor-pagination-position-outside elementor-widget elementor-widget-image-carousel\" data-id=\"395590d\" data-element_type=\"widget\" data-e-type=\"widget\" data-settings=\"{&quot;slides_to_show&quot;:&quot;1&quot;,&quot;navigation&quot;:&quot;both&quot;,&quot;autoplay&quot;:&quot;yes&quot;,&quot;pause_on_hover&quot;:&quot;yes&quot;,&quot;pause_on_interaction&quot;:&quot;yes&quot;,&quot;autoplay_speed&quot;:5000,&quot;infinite&quot;:&quot;yes&quot;,&quot;effect&quot;:&quot;slide&quot;,&quot;speed&quot;:500}\" data-widget_type=\"image-carousel.default\">\n\t\t\t\t\t\t\t<div class=\"elementor-image-carousel-wrapper swiper\" role=\"region\" aria-roledescription=\"carousel\" aria-label=\"Carrusel de im\u00e1genes\" dir=\"ltr\">\n\t\t\t<div class=\"elementor-image-carousel swiper-wrapper\" aria-live=\"off\">\n\t\t\t\t\t\t\t\t<div class=\"swiper-slide\" role=\"group\" aria-roledescription=\"slide\" aria-label=\"1 de 9\"><figure class=\"swiper-slide-inner\"><img decoding=\"async\" class=\"swiper-slide-image\" src=\"https:\/\/soymigrante.com\/revista\/wp-content\/uploads\/2024\/11\/Paloma-de-tierra-de-pecho-granate-1024x704.jpg\" alt=\"Pollitos en el nido, inmersos en ramas y ramas, en un entorno natural, destacando la conservaci\u00f3n y la protecci\u00f3n de la fauna silvestre, en un h\u00e1bitat de bosque.\" \/><figcaption class=\"elementor-image-carousel-caption\">Pollitos reci\u00e9n nacidos en el nido en un ambiente natural, representando la vida silvestre, la biodiversidad y la importancia de proteger especies en su h\u00e1bitat natural.<\/figcaption><\/figure><\/div><div class=\"swiper-slide\" role=\"group\" aria-roledescription=\"slide\" aria-label=\"2 de 9\"><figure class=\"swiper-slide-inner\"><img decoding=\"async\" class=\"swiper-slide-image\" src=\"https:\/\/soymigrante.com\/revista\/wp-content\/uploads\/2024\/11\/Chipe-de-cabeza-rosada-1024x648.jpg\" alt=\"Colorido loro en \u00e1rbol de pino, en su h\u00e1bitat natural, fotograf\u00eda de aves para revista Soymigrante.com REVISTA.\" \/><figcaption class=\"elementor-image-carousel-caption\">P\u00e1jaro en naturaleza, fotograf\u00eda de aves para portada de revista sobre migrantes, biodiversidad y conservaci\u00f3n ambiental.<\/figcaption><\/figure><\/div><div class=\"swiper-slide\" role=\"group\" aria-roledescription=\"slide\" aria-label=\"3 de 9\"><figure class=\"swiper-slide-inner\"><img decoding=\"async\" class=\"swiper-slide-image\" src=\"https:\/\/soymigrante.com\/revista\/wp-content\/uploads\/2024\/11\/Lagartija-Sceloporus-smaradignus-1024x738.jpg\" alt=\"Lagarto de colores vibrantes en un entorno natural, destacando por su belleza y biodiversidad.\" \/><figcaption class=\"elementor-image-carousel-caption\">Especie de lagarto con escamas verdes y azul, en roca en su h\u00e1bitat natural, representante de la fauna de Am\u00e9rica Latina.<\/figcaption><\/figure><\/div><div class=\"swiper-slide\" role=\"group\" aria-roledescription=\"slide\" aria-label=\"4 de 9\"><figure class=\"swiper-slide-inner\"><img decoding=\"async\" class=\"swiper-slide-image\" src=\"https:\/\/soymigrante.com\/revista\/wp-content\/uploads\/2024\/11\/Codornices-Ocelada-1024x683.jpg\" alt=\"Bajal o \u00e1ngulo cercano de un p\u00e1jaro de colores vibrantes en su nido entre la hierba seca, en un entorno natural, con fondo difuso.\" \/><figcaption class=\"elementor-image-carousel-caption\">P\u00e1jaro en su nido en un entorno natural, resaltando detalles de su plumaje colorido y ambiente silvestre, ideal para art\u00edculos sobre fauna y conservaci\u00f3n de aves.<\/figcaption><\/figure><\/div><div class=\"swiper-slide\" role=\"group\" aria-roledescription=\"slide\" aria-label=\"5 de 9\"><figure class=\"swiper-slide-inner\"><img decoding=\"async\" class=\"swiper-slide-image\" src=\"https:\/\/soymigrante.com\/revista\/wp-content\/uploads\/2024\/11\/Olive-Warbler-juvenil-1024x758.jpg\" alt=\"P\u00e1jaro peque\u00f1o con plumaje amarillo y gris posado en una rama, rodeado de hojas verdes, en un entorno natural y nublado.\" \/><figcaption class=\"elementor-image-carousel-caption\">Un hermoso ave peque\u00f1a con plumaje amarillo y gris, posada en una rama rodeada de follaje verde, perfecta para ilustrar biodiversidad y aves en su h\u00e1bitat natural.<\/figcaption><\/figure><\/div><div class=\"swiper-slide\" role=\"group\" aria-roledescription=\"slide\" aria-label=\"6 de 9\"><figure class=\"swiper-slide-inner\"><img decoding=\"async\" class=\"swiper-slide-image\" src=\"https:\/\/soymigrante.com\/revista\/wp-content\/uploads\/2024\/11\/Bairds-sandpiper-1024x683.jpg\" alt=\"Polluelo de ave en la orilla de la playa, oriundo de \u00e1reas naturales, en tonos marrones y blancos, con plumas detalladas, en un entorno de rocas y agua, representando biodiversidad y conservaci\u00f3n.\" \/><figcaption class=\"elementor-image-carousel-caption\">Aves migrantes y especies en peligro de extinci\u00f3n en su h\u00e1bitat natural en ambientes costeros, con enfoque en conservaci\u00f3n de aves y biodiversidad.<\/figcaption><\/figure><\/div><div class=\"swiper-slide\" role=\"group\" aria-roledescription=\"slide\" aria-label=\"7 de 9\"><figure class=\"swiper-slide-inner\"><img decoding=\"async\" class=\"swiper-slide-image\" src=\"https:\/\/soymigrante.com\/revista\/wp-content\/uploads\/2024\/11\/Black-capped-Siskin-1024x683.jpg\" alt=\"B\u00faho peque\u00f1o posado en una planta espinosa con flores p\u00farpuras, en un entorno natural y tranquilo.\" \/><figcaption class=\"elementor-image-carousel-caption\">P\u00e1jaro en h\u00e1bitat natural con flores y plantas espinosas, belleza de la fauna silvestre y fotograf\u00eda de naturaleza.<\/figcaption><\/figure><\/div><div class=\"swiper-slide\" role=\"group\" aria-roledescription=\"slide\" aria-label=\"8 de 9\"><figure class=\"swiper-slide-inner\"><img decoding=\"async\" class=\"swiper-slide-image\" src=\"https:\/\/soymigrante.com\/revista\/wp-content\/uploads\/2024\/11\/Ocellated-Quail-1024x683.jpg\" alt=\"Cacatua en su h\u00e1bitat natural durante una expedici\u00f3n, destacando la biodiversidad y conservaci\u00f3n de especies en M\u00e9xico.\" \/><figcaption class=\"elementor-image-carousel-caption\">Imagen de una cacatua en su entorno natural en la naturaleza, mostrando la riqueza de la fauna mexicana y la importancia de la conservaci\u00f3n de especies en su h\u00e1bitat.<\/figcaption><\/figure><\/div><div class=\"swiper-slide\" role=\"group\" aria-roledescription=\"slide\" aria-label=\"9 de 9\"><figure class=\"swiper-slide-inner\"><img decoding=\"async\" class=\"swiper-slide-image\" src=\"https:\/\/soymigrante.com\/revista\/wp-content\/uploads\/2024\/11\/esteba-matias-lagarto-escorpion-1024x576.jpg\" alt=\"Serpiente de monta\u00f1a en roca con musgo, ejemplar de fauna silvestre.\" \/><figcaption class=\"elementor-image-carousel-caption\">Serpiente en su h\u00e1bitat natural entre rocas y musgo, destacando por su patr\u00f3n de escamas.<\/figcaption><\/figure><\/div>\t\t\t<\/div>\n\t\t\t\t\t\t\t\t\t\t\t\t<div class=\"elementor-swiper-button elementor-swiper-button-prev\" role=\"button\" tabindex=\"0\">\n\t\t\t\t\t\t<i aria-hidden=\"true\" class=\"eicon-chevron-left\"><\/i>\t\t\t\t\t<\/div>\n\t\t\t\t\t<div class=\"elementor-swiper-button elementor-swiper-button-next\" role=\"button\" tabindex=\"0\">\n\t\t\t\t\t\t<i aria-hidden=\"true\" class=\"eicon-chevron-right\"><\/i>\t\t\t\t\t<\/div>\n\t\t\t\t\n\t\t\t\t\t\t\t\t\t<div class=\"swiper-pagination\"><\/div>\n\t\t\t\t\t\t\t\t\t<\/div>\n\t\t\t\t\t\t<\/div>\n\t\t\t\t\t<\/div>\n\t\t\t\t<\/div>\n\t\t<div data-particle_enable=\"false\" data-particle-mobile-disabled=\"false\" class=\"elementor-element elementor-element-49c1ece e-flex e-con-boxed e-con e-parent\" data-id=\"49c1ece\" data-element_type=\"container\" data-e-type=\"container\">\n\t\t\t\t\t<div class=\"e-con-inner\">\n\t\t\t\t<div class=\"elementor-element elementor-element-e07cd1b elementor-widget elementor-widget-text-editor\" data-id=\"e07cd1b\" data-element_type=\"widget\" data-e-type=\"widget\" data-widget_type=\"text-editor.default\">\n\t\t\t\t\t\t\t\t\t<p>Tal es su pasi\u00f3n que incluso dej\u00f3 de practicar f\u00fatbol para especializarse en el comportamiento de las aves. \u201cLo importante de la fotograf\u00eda es que, si te gusta hacer algo, no te fijas en la hora, el calor o el tiempo. He aprendido sobre el canto de las aves, sus colores, y por qu\u00e9 anidan en ciertas \u00e9pocas y lugares\u201d, expresa Esteban Mat\u00edas.<\/p><p>El 2015 fue un a\u00f1o importante para Esteban Mat\u00edas: aventur\u00e1ndose por la Sierra de los Cuchumatanes, logr\u00f3 capturar con su c\u00e1mara a un ave originaria de Alaska, lo que atrajo la atenci\u00f3n de un bi\u00f3logo que lo contact\u00f3 y le pidi\u00f3 autorizaci\u00f3n para publicar tan importante hallazgo.<\/p><p>Desafortunadamente, hace un mes, Esteban Mat\u00edas perdi\u00f3 su equipo fotogr\u00e1fico en un accidente, pero eso no lo desmotiva. Al contrario, lo impulsa a\u00fan m\u00e1s. \u201cMientras m\u00e1s practicas, m\u00e1s te vuelves profesional cada d\u00eda\u201d, afirma con \u00edmpetu. Aunque actualmente no cuenta con un equipo adecuado, su pasi\u00f3n por trabajar en medio de la flora y fauna de los Cuchumatanes y como gu\u00eda en el Parque Regional Todosantos Cuchumatanes, autorizado por Conap.<\/p>\t\t\t\t\t\t\t\t<\/div>\n\t\t\t\t\t<\/div>\n\t\t\t\t<\/div>\n\t\t<div data-particle_enable=\"false\" data-particle-mobile-disabled=\"false\" class=\"elementor-element elementor-element-4079274 e-flex e-con-boxed e-con e-parent\" data-id=\"4079274\" data-element_type=\"container\" data-e-type=\"container\">\n\t\t\t\t\t<div class=\"e-con-inner\">\n\t\t\t\t<div class=\"elementor-element elementor-element-4c7667e elementor-widget elementor-widget-facebook-embed\" data-id=\"4c7667e\" data-element_type=\"widget\" data-e-type=\"widget\" data-widget_type=\"facebook-embed.default\">\n\t\t\t\t\t<div style=\"min-height: 1px\" class=\"elementor-facebook-widget fb-post\" data-href=\"https:\/\/www.facebook.com\/estaban.matias\/videos\/2570289846453935\" data-show-text=\"false\"><\/div>\t\t\t\t<\/div>\n\t\t\t\t\t<\/div>\n\t\t\t\t<\/div>\n\t\t<div data-particle_enable=\"false\" data-particle-mobile-disabled=\"false\" class=\"elementor-element elementor-element-2397443 e-flex e-con-boxed e-con e-parent\" data-id=\"2397443\" data-element_type=\"container\" data-e-type=\"container\">\n\t\t\t\t\t<div class=\"e-con-inner\">\n\t\t\t\t<div class=\"elementor-element elementor-element-33c084e elementor-widget elementor-widget-image\" data-id=\"33c084e\" data-element_type=\"widget\" data-e-type=\"widget\" data-widget_type=\"image.default\">\n\t\t\t\t\t\t\t\t\t\t\t\t<figure class=\"wp-caption\">\n\t\t\t\t\t\t\t\t\t\t<img decoding=\"async\" width=\"768\" height=\"384\" src=\"https:\/\/soymigrante.com\/revista\/wp-content\/uploads\/2024\/11\/PUMA.webp\" class=\"attachment-large size-large wp-image-12348\" alt=\"Mam\u00edfero Herpailurus en su h\u00e1bitat natural en la selva tropical.\" srcset=\"https:\/\/soymigrante.com\/revista\/wp-content\/uploads\/2024\/11\/PUMA.webp 855w, https:\/\/soymigrante.com\/revista\/wp-content\/uploads\/2024\/11\/PUMA-300x150.webp 300w, https:\/\/soymigrante.com\/revista\/wp-content\/uploads\/2024\/11\/PUMA-768x384.jpg 768w, https:\/\/soymigrante.com\/revista\/wp-content\/uploads\/2024\/11\/PUMA-360x180.webp 360w, https:\/\/soymigrante.com\/revista\/wp-content\/uploads\/2024\/11\/PUMA-750x375.webp 750w\" sizes=\"(max-width: 768px) 100vw, 768px\" title=\"PUMA \u2013 SoyMigrante.com REVISTA\" \/>\t\t\t\t\t\t\t\t\t\t\t<figcaption class=\"widget-image-caption wp-caption-text\">Revista SoyMigrante presenta art\u00edculos sobre biodiversidad, derechos migrantes y recursos internacionales.<\/figcaption>\n\t\t\t\t\t\t\t\t\t\t<\/figure>\n\t\t\t\t\t\t\t\t\t<\/div>\n\t\t\t\t\t<\/div>\n\t\t\t\t<\/div>\n\t\t<div data-particle_enable=\"false\" data-particle-mobile-disabled=\"false\" class=\"elementor-element elementor-element-1b8a8d5 e-flex e-con-boxed e-con e-parent\" data-id=\"1b8a8d5\" data-element_type=\"container\" data-e-type=\"container\">\n\t\t\t\t\t<div class=\"e-con-inner\">\n\t\t\t\t<div class=\"elementor-element elementor-element-cc03624 elementor-widget elementor-widget-heading\" data-id=\"cc03624\" data-element_type=\"widget\" data-e-type=\"widget\" data-widget_type=\"heading.default\">\n\t\t\t\t\t<h2 class=\"elementor-heading-title elementor-size-default\">Descubriendo Guatemala desde un lente...<\/h2>\t\t\t\t<\/div>\n\t\t\t\t\t<\/div>\n\t\t\t\t<\/div>\n\t\t<div data-particle_enable=\"false\" data-particle-mobile-disabled=\"false\" class=\"elementor-element elementor-element-4013ce7 e-flex e-con-boxed e-con e-parent\" data-id=\"4013ce7\" data-element_type=\"container\" data-e-type=\"container\">\n\t\t\t\t\t<div class=\"e-con-inner\">\n\t\t\t\t<div class=\"elementor-element elementor-element-e6eab02 elementor-grid-eael-col-3 elementor-grid-tablet-eael-col-2 elementor-grid-mobile-eael-col-1 elementor-widget elementor-widget-eael-post-grid\" data-id=\"e6eab02\" data-element_type=\"widget\" data-e-type=\"widget\" data-settings=\"{&quot;eael_post_grid_columns&quot;:&quot;eael-col-3&quot;,&quot;eael_post_grid_columns_tablet&quot;:&quot;eael-col-2&quot;,&quot;eael_post_grid_columns_mobile&quot;:&quot;eael-col-1&quot;}\" data-widget_type=\"eael-post-grid.default\">\n\t\t\t\t\t<div id=\"eael-post-grid-e6eab02\" class=\"eael-post-grid-container\">\n            <div class=\"eael-post-grid eael-post-appender eael-post-appender-e6eab02 eael-post-grid-style-one\" data-layout-mode=\"masonry\"><article class=\"eael-grid-post  eael-post-grid-column eael-pg-post-9026 category-guate-nuestra\" data-id=\"9026\">\n        <div class=\"eael-grid-post-holder\">\n            <div class=\"eael-grid-post-holder-inner\"><div class=\"eael-entry-media\"><div class=\"eael-entry-overlay fade-in\"><i class=\"far fa-hand-pointer\" aria-hidden=\"true\"><\/i><a href=\"https:\/\/soymigrante.com\/revista\/jose-a-pelico-descubre-totonicapan-para-ojos-sin-fronteras\/\"><\/a><\/div><div class=\"eael-entry-thumbnail \">\n                <img decoding=\"async\" width=\"717\" height=\"717\" src=\"https:\/\/soymigrante.com\/revista\/wp-content\/uploads\/2024\/09\/Captura-de-pantalla-2024-09-11-145626.webp\" class=\"attachment-large size-large wp-image-9114\" alt=\"At alt: Atardecer en un paisaje monta\u00f1oso con niebla y un sol creciente, mostrando belleza natural y tranquilidad en un entorno rural.\" srcset=\"https:\/\/soymigrante.com\/revista\/wp-content\/uploads\/2024\/09\/Captura-de-pantalla-2024-09-11-145626.webp 717w, https:\/\/soymigrante.com\/revista\/wp-content\/uploads\/2024\/09\/Captura-de-pantalla-2024-09-11-145626-300x300.webp 300w, https:\/\/soymigrante.com\/revista\/wp-content\/uploads\/2024\/09\/Captura-de-pantalla-2024-09-11-145626-150x150.webp 150w, https:\/\/soymigrante.com\/revista\/wp-content\/uploads\/2024\/09\/Captura-de-pantalla-2024-09-11-145626-75x75.webp 75w\" sizes=\"(max-width: 717px) 100vw, 717px\" \/>\n            <\/div>\n        <\/div><div class=\"eael-entry-wrapper\"><header class=\"eael-entry-header\"><h2 class=\"eael-entry-title\"><a class=\"eael-grid-post-link\" href=\"https:\/\/soymigrante.com\/revista\/jose-a-pelico-descubre-totonicapan-para-ojos-sin-fronteras\/\" title=\"El fot\u00f3grafo Jos\u00e9 Pelic\u00f3 descubre Guatemala para ojos sin fronteras\">El fot\u00f3grafo Jos\u00e9 Pelic\u00f3 descubre Guatemala para ojos sin fronteras<\/a><\/h2><\/header><div class=\"eael-entry-content\">\n                        <div class=\"eael-grid-post-excerpt\"><a href=\"https:\/\/soymigrante.com\/revista\/jose-a-pelico-descubre-totonicapan-para-ojos-sin-fronteras\/\" class=\"eael-post-elements-readmore-btn\">CONOCE SU HISTORIA <\/a><\/div>\n                    <\/div><\/div><\/div>\n        <\/div>\n    <\/article><article class=\"eael-grid-post  eael-post-grid-column eael-pg-post-8757 category-guate-nuestra\" data-id=\"8757\">\n        <div class=\"eael-grid-post-holder\">\n            <div class=\"eael-grid-post-holder-inner\"><div class=\"eael-entry-media\"><div class=\"eael-entry-overlay fade-in\"><i class=\"far fa-hand-pointer\" aria-hidden=\"true\"><\/i><a href=\"https:\/\/soymigrante.com\/revista\/asi-refleja-quiche-tierra-de-eternos-celajes-el-lente-de-peter-hernandez\/\"><\/a><\/div><div class=\"eael-entry-thumbnail \">\n                <img loading=\"lazy\" decoding=\"async\" width=\"1024\" height=\"1024\" src=\"https:\/\/soymigrante.com\/revista\/wp-content\/uploads\/2024\/09\/Peter-Hernandez-Quiche-soy-migrante6-1-1024x1024.webp\" class=\"attachment-large size-large wp-image-8818\" alt=\"Vestido tradicional mexicano con plumas y accesorios coloridos, en un desfile cultural en un pueblo hist\u00f3rico de M\u00e9xico.\" srcset=\"https:\/\/soymigrante.com\/revista\/wp-content\/uploads\/2024\/09\/Peter-Hernandez-Quiche-soy-migrante6-1-1024x1024.webp 1024w, https:\/\/soymigrante.com\/revista\/wp-content\/uploads\/2024\/09\/Peter-Hernandez-Quiche-soy-migrante6-1-300x300.webp 300w, https:\/\/soymigrante.com\/revista\/wp-content\/uploads\/2024\/09\/Peter-Hernandez-Quiche-soy-migrante6-1-150x150.webp 150w, https:\/\/soymigrante.com\/revista\/wp-content\/uploads\/2024\/09\/Peter-Hernandez-Quiche-soy-migrante6-1-768x768.webp 768w, https:\/\/soymigrante.com\/revista\/wp-content\/uploads\/2024\/09\/Peter-Hernandez-Quiche-soy-migrante6-1-1536x1536.webp 1536w, https:\/\/soymigrante.com\/revista\/wp-content\/uploads\/2024\/09\/Peter-Hernandez-Quiche-soy-migrante6-1-scaled.webp 1920w, https:\/\/soymigrante.com\/revista\/wp-content\/uploads\/2024\/09\/Peter-Hernandez-Quiche-soy-migrante6-1-75x75.webp 75w, https:\/\/soymigrante.com\/revista\/wp-content\/uploads\/2024\/09\/Peter-Hernandez-Quiche-soy-migrante6-1-750x750.webp 750w, https:\/\/soymigrante.com\/revista\/wp-content\/uploads\/2024\/09\/Peter-Hernandez-Quiche-soy-migrante6-1-1140x1140.webp 1140w\" sizes=\"(max-width: 1024px) 100vw, 1024px\" \/>\n            <\/div>\n        <\/div><div class=\"eael-entry-wrapper\"><header class=\"eael-entry-header\"><h2 class=\"eael-entry-title\"><a class=\"eael-grid-post-link\" href=\"https:\/\/soymigrante.com\/revista\/asi-refleja-quiche-tierra-de-eternos-celajes-el-lente-de-peter-hernandez\/\" title=\"As\u00ed refleja Quich\u00e9, tierra de eternos celajes,  el lente de Peter Hern\u00e1ndez\">As\u00ed refleja Quich\u00e9, tierra de eternos celajes,  el lente de Peter Hern\u00e1ndez<\/a><\/h2><\/header><div class=\"eael-entry-content\">\n                        <div class=\"eael-grid-post-excerpt\"><a href=\"https:\/\/soymigrante.com\/revista\/asi-refleja-quiche-tierra-de-eternos-celajes-el-lente-de-peter-hernandez\/\" class=\"eael-post-elements-readmore-btn\">CONOCE SU HISTORIA <\/a><\/div>\n                    <\/div><\/div><\/div>\n        <\/div>\n    <\/article><article class=\"eael-grid-post  eael-post-grid-column eael-pg-post-8355 category-guate-nuestra\" data-id=\"8355\">\n        <div class=\"eael-grid-post-holder\">\n            <div class=\"eael-grid-post-holder-inner\"><div class=\"eael-entry-media\"><div class=\"eael-entry-overlay fade-in\"><i class=\"far fa-hand-pointer\" aria-hidden=\"true\"><\/i><a href=\"https:\/\/soymigrante.com\/revista\/fotos-de-guatemala-pablo-galindo-refleja-la-magia-de-la-tierra-del-quetzal\/\"><\/a><\/div><div class=\"eael-entry-thumbnail \">\n                <img loading=\"lazy\" decoding=\"async\" width=\"1024\" height=\"1024\" src=\"https:\/\/soymigrante.com\/revista\/wp-content\/uploads\/2024\/08\/volcanes-pablo-galindo-soy-migrante3-1-1024x1024.webp\" class=\"attachment-large size-large wp-image-8385\" alt=\"Vista del volc\u00e1n en erupci\u00f3n con columnas de humo y lava illuminated por la noche, s\u00edmbolo del poder de la naturaleza y la actividad volc\u00e1nica en Am\u00e9rica Central.\" srcset=\"https:\/\/soymigrante.com\/revista\/wp-content\/uploads\/2024\/08\/volcanes-pablo-galindo-soy-migrante3-1-1024x1024.webp 1024w, https:\/\/soymigrante.com\/revista\/wp-content\/uploads\/2024\/08\/volcanes-pablo-galindo-soy-migrante3-1-300x300.webp 300w, https:\/\/soymigrante.com\/revista\/wp-content\/uploads\/2024\/08\/volcanes-pablo-galindo-soy-migrante3-1-150x150.webp 150w, https:\/\/soymigrante.com\/revista\/wp-content\/uploads\/2024\/08\/volcanes-pablo-galindo-soy-migrante3-1-768x768.webp 768w, https:\/\/soymigrante.com\/revista\/wp-content\/uploads\/2024\/08\/volcanes-pablo-galindo-soy-migrante3-1-75x75.webp 75w, https:\/\/soymigrante.com\/revista\/wp-content\/uploads\/2024\/08\/volcanes-pablo-galindo-soy-migrante3-1-750x750.webp 750w, https:\/\/soymigrante.com\/revista\/wp-content\/uploads\/2024\/08\/volcanes-pablo-galindo-soy-migrante3-1-1140x1140.webp 1140w, https:\/\/soymigrante.com\/revista\/wp-content\/uploads\/2024\/08\/volcanes-pablo-galindo-soy-migrante3-1.webp 1440w\" sizes=\"(max-width: 1024px) 100vw, 1024px\" \/>\n            <\/div>\n        <\/div><div class=\"eael-entry-wrapper\"><header class=\"eael-entry-header\"><h2 class=\"eael-entry-title\"><a class=\"eael-grid-post-link\" href=\"https:\/\/soymigrante.com\/revista\/fotos-de-guatemala-pablo-galindo-refleja-la-magia-de-la-tierra-del-quetzal\/\" title=\"Fotos de Guatemala :  Pablo Galindo refleja la magia de la tierra del Quetzal\">Fotos de Guatemala :  Pablo Galindo refleja la magia de la tierra del Quetzal<\/a><\/h2><\/header><div class=\"eael-entry-content\">\n                        <div class=\"eael-grid-post-excerpt\"><a href=\"https:\/\/soymigrante.com\/revista\/fotos-de-guatemala-pablo-galindo-refleja-la-magia-de-la-tierra-del-quetzal\/\" class=\"eael-post-elements-readmore-btn\">CONOCE SU HISTORIA <\/a><\/div>\n                    <\/div><\/div><\/div>\n        <\/div>\n    <\/article><\/div>\n            <div class=\"clearfix\"><\/div>\n        <\/div>\t\t\t\t<\/div>\n\t\t\t\t\t<\/div>\n\t\t\t\t<\/div>\n\t\t\t\t<\/div>\n\t\t","protected":false},"excerpt":{"rendered":"<p>Con una c\u00e1mara en mano y el sue\u00f1o de ser fot\u00f3grafo desde casi 20 a\u00f1os, Esteban Mat\u00edas Ramos ha documentado la vida natural de la Sierra de los Cuchumatanes en Guatemala, logrando reconocimiento internacional. Con una c\u00e1mara de rollo y con tan solo 13 a\u00f1os, Esteban Mat\u00edas Ramos so\u00f1aba con ser fot\u00f3grafo, aunque no imaginaba [&hellip;]<\/p>\n","protected":false},"author":23,"featured_media":12361,"comment_status":"open","ping_status":"open","sticky":false,"template":"","format":"standard","meta":{"_acf_changed":false,"_eb_attr":"","footnotes":""},"categories":[58],"tags":[],"class_list":["post-12299","post","type-post","status-publish","format-standard","has-post-thumbnail","hentry","category-guate-nuestra"],"acf":[],"aioseo_notices":[],"aioseo_head":"\n\t\t<!-- All in One SEO Pro 4.9.6.2 - aioseo.com -->\n\t<meta name=\"description\" content=\"Parajes naturales como el lago de Atitl\u00e1n, Tikal o Huehuetenango deslumbran gracias al talento del fot\u00f3grafo Pablo Galindo. Conoce y sorpr\u00e9ndete con sus im\u00e1genes.\" \/>\n\t<meta name=\"robots\" content=\"max-snippet:-1, max-image-preview:large, max-video-preview:-1\" \/>\n\t<meta name=\"author\" content=\"Beatriz Tercero\"\/>\n\t<link rel=\"canonical\" href=\"https:\/\/soymigrante.com\/revista\/fotos-de-guatemala-pablo-galindo-refleja-la-magia-de-la-tierra-del-quetzal\/\" \/>\n\t<meta name=\"generator\" content=\"All in One SEO Pro (AIOSEO) 4.9.6.2\" \/>\n\n\t\t<link rel=\"preconnect\" href=\"https:\/\/fonts.googleapis.com\" crossorigin>\n<link rel=\"preconnect\" href=\"https:\/\/fonts.gstatic.com\" crossorigin>\n\t\t<meta property=\"og:locale\" content=\"es_ES\" \/>\n\t\t<meta property=\"og:site_name\" content=\"SoyMigrante.com REVISTA \u2013 Nuestra misi\u00f3n es reconocer y dignificar al migrante.\" \/>\n\t\t<meta property=\"og:type\" content=\"article\" \/>\n\t\t<meta property=\"og:title\" content=\"Fotos de Guatemala: la magia del lente de Pablo Galindo\" \/>\n\t\t<meta property=\"og:description\" content=\"Parajes naturales como el lago de Atitl\u00e1n, Tikal o Huehuetenango deslumbran gracias al talento del fot\u00f3grafo Pablo Galindo. Conoce y sorpr\u00e9ndete con sus im\u00e1genes.\" \/>\n\t\t<meta property=\"og:url\" content=\"https:\/\/soymigrante.com\/revista\/fotos-de-guatemala-pablo-galindo-refleja-la-magia-de-la-tierra-del-quetzal\/\" \/>\n\t\t<meta property=\"og:image\" content=\"https:\/\/soymigrante.com\/revista\/wp-content\/uploads\/2024\/08\/volcanes-pablo-galindo-soy-migrante3-1.webp\" \/>\n\t\t<meta property=\"og:image:secure_url\" content=\"https:\/\/soymigrante.com\/revista\/wp-content\/uploads\/2024\/08\/volcanes-pablo-galindo-soy-migrante3-1.webp\" \/>\n\t\t<meta property=\"og:image:width\" content=\"1440\" \/>\n\t\t<meta property=\"og:image:height\" content=\"1440\" \/>\n\t\t<meta property=\"article:published_time\" content=\"2024-08-28T12:00:00+00:00\" \/>\n\t\t<meta property=\"article:modified_time\" content=\"2024-08-28T04:15:42+00:00\" \/>\n\t\t<meta property=\"article:publisher\" content=\"https:\/\/www.facebook.com\/soymigrantecom\" \/>\n\t\t<meta name=\"twitter:card\" content=\"summary_large_image\" \/>\n\t\t<meta name=\"twitter:site\" content=\"@SoyMigrante_com\" \/>\n\t\t<meta name=\"twitter:title\" content=\"Fotos de Guatemala: la magia del lente de Pablo Galindo\" \/>\n\t\t<meta name=\"twitter:description\" content=\"Parajes naturales como el lago de Atitl\u00e1n, Tikal o Huehuetenango deslumbran gracias al talento del fot\u00f3grafo Pablo Galindo. Conoce y sorpr\u00e9ndete con sus im\u00e1genes.\" \/>\n\t\t<meta name=\"twitter:creator\" content=\"@SoyMigrante_com\" \/>\n\t\t<meta name=\"twitter:image\" content=\"https:\/\/soymigrante.com\/revista\/wp-content\/uploads\/2024\/08\/volcanes-pablo-galindo-soy-migrante3-1.webp\" \/>\n\t\t<!-- All in One SEO Pro -->\r\n\t\t<title>Fotos de Guatemala: la magia del lente de Pablo Galindo<\/title>\n\n","aioseo_head_json":{"title":"Fotos de Guatemala: la magia del lente de Pablo Galindo","description":"Parajes naturales como el lago de Atitl\u00e1n, Tikal o Huehuetenango deslumbran gracias al talento del fot\u00f3grafo Pablo Galindo. Conoce y sorpr\u00e9ndete con sus im\u00e1genes.","canonical_url":"https:\/\/soymigrante.com\/revista\/fotos-de-guatemala-pablo-galindo-refleja-la-magia-de-la-tierra-del-quetzal\/","robots":"max-snippet:-1, max-image-preview:large, max-video-preview:-1","keywords":"","webmasterTools":{"miscellaneous":"&lt;link rel=\"preconnect\" href=\"https:\/\/fonts.googleapis.com\" crossorigin&gt;\n&lt;link rel=\"preconnect\" href=\"https:\/\/fonts.gstatic.com\" crossorigin&gt;"},"schema":null,"og:locale":"es_ES","og:site_name":"SoyMigrante.com REVISTA \u2013 Nuestra misi\u00f3n es reconocer y dignificar al migrante.","og:type":"article","og:title":"Fotos de Guatemala: la magia del lente de Pablo Galindo","og:description":"Parajes naturales como el lago de Atitl\u00e1n, Tikal o Huehuetenango deslumbran gracias al talento del fot\u00f3grafo Pablo Galindo. Conoce y sorpr\u00e9ndete con sus im\u00e1genes.","og:url":"https:\/\/soymigrante.com\/revista\/fotos-de-guatemala-pablo-galindo-refleja-la-magia-de-la-tierra-del-quetzal\/","og:image":"https:\/\/soymigrante.com\/revista\/wp-content\/uploads\/2024\/08\/volcanes-pablo-galindo-soy-migrante3-1.webp","og:image:secure_url":"https:\/\/soymigrante.com\/revista\/wp-content\/uploads\/2024\/08\/volcanes-pablo-galindo-soy-migrante3-1.webp","og:image:width":1440,"og:image:height":1440,"article:published_time":"2024-08-28T12:00:00+00:00","article:modified_time":"2024-08-28T04:15:42+00:00","article:publisher":"https:\/\/www.facebook.com\/soymigrantecom","twitter:card":"summary_large_image","twitter:site":"@SoyMigrante_com","twitter:title":"Fotos de Guatemala: la magia del lente de Pablo Galindo","twitter:description":"Parajes naturales como el lago de Atitl\u00e1n, Tikal o Huehuetenango deslumbran gracias al talento del fot\u00f3grafo Pablo Galindo. Conoce y sorpr\u00e9ndete con sus im\u00e1genes.","twitter:creator":"@SoyMigrante_com","twitter:image":"https:\/\/soymigrante.com\/revista\/wp-content\/uploads\/2024\/08\/volcanes-pablo-galindo-soy-migrante3-1.webp"},"aioseo_meta_data":{"post_id":"12299","title":"Esteban Mat\u00edas Ramos capta la belleza de los Cuchumatanes","description":"Con una c\u00e1mara en mano y el sue\u00f1o de ser fot\u00f3grafo desde los 13 a\u00f1os, Esteban Mat\u00edas Ramos ha documentado la vida natural de la Sierra de los Cuchumatanes.","keywords":null,"keyphrases":{"focus":{"keyphrase":"Belleza de los Cuchumatanes","score":46,"analysis":{"keyphraseInTitle":{"score":9,"maxScore":9,"error":0},"keyphraseInDescription":{"score":3,"maxScore":9,"error":1},"keyphraseLength":{"score":9,"maxScore":9,"error":0,"length":4},"keyphraseInURL":{"score":1,"maxScore":5,"error":1},"keyphraseInIntroduction":{"score":3,"maxScore":9,"error":1},"keyphraseInSubHeadings":{"score":3,"maxScore":9,"error":1},"keyphraseInImageAlt":{"score":3,"maxScore":9,"error":1},"keywordDensity":{"score":0,"type":"low","maxScore":9,"error":1}}},"additional":[{"keyphrase":"Esteban Mat\u00edas Ramos","score":67,"analysis":{"keyphraseInDescription":{"score":9,"maxScore":9,"error":0},"keyphraseLength":{"score":9,"maxScore":9,"error":0,"length":4},"keyphraseInIntroduction":{"score":9,"maxScore":9,"error":0},"keyphraseInImageAlt":{"score":3,"maxScore":9,"error":1},"keywordDensity":{"score":0,"type":"low","maxScore":9,"error":1}}},{"keyphrase":"Sierra de los Cuchumatanes","score":67,"analysis":{"keyphraseInDescription":{"score":9,"maxScore":9,"error":0},"keyphraseLength":{"score":9,"maxScore":9,"error":0,"length":4},"keyphraseInIntroduction":{"score":9,"maxScore":9,"error":0},"keyphraseInImageAlt":{"score":3,"maxScore":9,"error":1},"keywordDensity":{"score":0,"type":"low","maxScore":9,"error":1}}},{"keyphrase":"soy migrante","score":40,"analysis":{"keyphraseInDescription":{"score":3,"maxScore":9,"error":1},"keyphraseLength":{"score":9,"maxScore":9,"error":0,"length":2},"keyphraseInIntroduction":{"score":3,"maxScore":9,"error":1},"keyphraseInImageAlt":{"score":3,"maxScore":9,"error":1},"keywordDensity":{"score":0,"type":"low","maxScore":9,"error":1}}},{"keyphrase":"fotograf\u00eda","score":53,"analysis":{"keyphraseInDescription":{"score":3,"maxScore":9,"error":1},"keyphraseLength":{"score":9,"maxScore":9,"error":0,"length":2},"keyphraseInIntroduction":{"score":9,"maxScore":9,"error":0},"keyphraseInImageAlt":{"score":3,"maxScore":9,"error":1},"keywordDensity":{"score":0,"type":"low","maxScore":9,"error":1}}}]},"primary_term":null,"canonical_url":null,"og_title":null,"og_description":null,"og_object_type":"default","og_image_type":"default","og_image_url":null,"og_image_width":null,"og_image_height":null,"og_image_custom_url":null,"og_image_custom_fields":null,"og_video":"","og_custom_url":null,"og_article_section":null,"og_article_tags":null,"twitter_use_og":false,"twitter_card":"default","twitter_image_type":"default","twitter_image_url":null,"twitter_image_custom_url":null,"twitter_image_custom_fields":null,"twitter_title":null,"twitter_description":null,"schema":{"blockGraphs":[],"customGraphs":[],"default":{"data":{"Article":[],"Course":[],"Dataset":[],"FAQPage":[],"Movie":[],"Person":[],"Product":[],"ProductReview":[],"Car":[],"Recipe":[],"Service":[],"SoftwareApplication":[],"WebPage":[]},"graphName":"Article","isEnabled":true},"graphs":[]},"schema_type":"default","schema_type_options":null,"pillar_content":false,"robots_default":true,"robots_noindex":false,"robots_noarchive":false,"robots_nosnippet":false,"robots_nofollow":false,"robots_noimageindex":false,"robots_noodp":false,"robots_notranslate":false,"robots_max_snippet":"-1","robots_max_videopreview":"-1","robots_max_imagepreview":"large","priority":null,"frequency":"default","local_seo":null,"seo_analyzer_scan_date":"2025-10-09 00:07:25","breadcrumb_settings":null,"limit_modified_date":false,"reviewed_by":null,"open_ai":"{\"title\":{\"suggestions\":[],\"usage\":0},\"description\":{\"suggestions\":[],\"usage\":0}}","ai":null,"created":"2024-11-06 04:21:59","updated":"2026-02-04 16:27:13"},"aioseo_breadcrumb":"<div class=\"aioseo-breadcrumbs\"><span class=\"aioseo-breadcrumb\">\n\t<a href=\"https:\/\/soymigrante.com\/revista\" title=\"Home\">Home<\/a>\n<\/span><span class=\"aioseo-breadcrumb-separator\">\u00bb<\/span><span class=\"aioseo-breadcrumb\">\n\t<a href=\"https:\/\/soymigrante.com\/revista\/category\/guate-nuestra\/\" title=\"Guate Nuestra\">Guate Nuestra<\/a>\n<\/span><span class=\"aioseo-breadcrumb-separator\">\u00bb<\/span><span class=\"aioseo-breadcrumb\">\n\tEsteban Mat\u00edas Ramos capta la magia natural de los Cuchumatanes\n<\/span><\/div>","aioseo_breadcrumb_json":[{"label":"Home","link":"https:\/\/soymigrante.com\/revista"},{"label":"Guate Nuestra","link":"https:\/\/soymigrante.com\/revista\/category\/guate-nuestra\/"},{"label":"Esteban Mat\u00edas Ramos capta la magia natural de los Cuchumatanes","link":"https:\/\/soymigrante.com\/revista\/esteban-matias-ramos-capta-bellezas-naturales-de-los-cuchumatanes\/"}],"_links":{"self":[{"href":"https:\/\/soymigrante.com\/revista\/wp-json\/wp\/v2\/posts\/12299","targetHints":{"allow":["GET"]}}],"collection":[{"href":"https:\/\/soymigrante.com\/revista\/wp-json\/wp\/v2\/posts"}],"about":[{"href":"https:\/\/soymigrante.com\/revista\/wp-json\/wp\/v2\/types\/post"}],"author":[{"embeddable":true,"href":"https:\/\/soymigrante.com\/revista\/wp-json\/wp\/v2\/users\/23"}],"replies":[{"embeddable":true,"href":"https:\/\/soymigrante.com\/revista\/wp-json\/wp\/v2\/comments?post=12299"}],"version-history":[{"count":0,"href":"https:\/\/soymigrante.com\/revista\/wp-json\/wp\/v2\/posts\/12299\/revisions"}],"wp:featuredmedia":[{"embeddable":true,"href":"https:\/\/soymigrante.com\/revista\/wp-json\/wp\/v2\/media\/12361"}],"wp:attachment":[{"href":"https:\/\/soymigrante.com\/revista\/wp-json\/wp\/v2\/media?parent=12299"}],"wp:term":[{"taxonomy":"category","embeddable":true,"href":"https:\/\/soymigrante.com\/revista\/wp-json\/wp\/v2\/categories?post=12299"},{"taxonomy":"post_tag","embeddable":true,"href":"https:\/\/soymigrante.com\/revista\/wp-json\/wp\/v2\/tags?post=12299"}],"curies":[{"name":"wp","href":"https:\/\/api.w.org\/{rel}","templated":true}]}}