{"id":1229,"date":"2023-06-06T05:40:15","date_gmt":"2023-06-06T05:40:15","guid":{"rendered":"https:\/\/soymigrante.com\/revista\/?p=1229"},"modified":"2024-11-01T04:46:45","modified_gmt":"2024-11-01T10:46:45","slug":"ley-antimigrantes-golpea-a-guatemaltecos-en-florida","status":"publish","type":"post","link":"https:\/\/soymigrante.com\/revista\/ley-antimigrantes-golpea-a-guatemaltecos-en-florida\/","title":{"rendered":"\u00bfConoces la pol\u00e9mica ley antimigrante de Florida?"},"content":{"rendered":"\t\t<div data-elementor-type=\"wp-post\" data-elementor-id=\"1229\" class=\"elementor elementor-1229\" data-elementor-post-type=\"post\">\n\t\t\t\t\t\t<section data-particle_enable=\"false\" data-particle-mobile-disabled=\"false\" class=\"elementor-section elementor-top-section elementor-element elementor-element-71e58a6 elementor-section-boxed elementor-section-height-default elementor-section-height-default\" data-id=\"71e58a6\" data-element_type=\"section\" data-e-type=\"section\">\n\t\t\t\t\t\t<div class=\"elementor-container elementor-column-gap-default\">\n\t\t\t\t\t<div class=\"elementor-column elementor-col-100 elementor-top-column elementor-element elementor-element-c664071\" data-id=\"c664071\" data-element_type=\"column\" data-e-type=\"column\">\n\t\t\t<div class=\"elementor-widget-wrap elementor-element-populated\">\n\t\t\t\t\t\t<div class=\"elementor-element elementor-element-112151d elementor-widget elementor-widget-heading\" data-id=\"112151d\" data-element_type=\"widget\" data-e-type=\"widget\" data-widget_type=\"heading.default\">\n\t\t\t\t\t<h2 class=\"elementor-heading-title elementor-size-default\">La llamada Ley SB1718 ha causado amplio rechazo y ya se han convocado protestas para mostrar el valor de los migrantes dentro de la econom\u00eda de Florida.<\/h2>\t\t\t\t<\/div>\n\t\t\t\t\t<\/div>\n\t\t<\/div>\n\t\t\t\t\t<\/div>\n\t\t<\/section>\n\t\t\t\t<section data-particle_enable=\"false\" data-particle-mobile-disabled=\"false\" class=\"elementor-section elementor-top-section elementor-element elementor-element-eca5f07 elementor-section-boxed elementor-section-height-default elementor-section-height-default\" data-id=\"eca5f07\" data-element_type=\"section\" data-e-type=\"section\">\n\t\t\t\t\t\t<div class=\"elementor-container elementor-column-gap-default\">\n\t\t\t\t\t<div class=\"elementor-column elementor-col-100 elementor-top-column elementor-element elementor-element-b2cdcdf\" data-id=\"b2cdcdf\" data-element_type=\"column\" data-e-type=\"column\">\n\t\t\t<div class=\"elementor-widget-wrap elementor-element-populated\">\n\t\t\t\t\t\t<div class=\"elementor-element elementor-element-87a6990 elementor-widget elementor-widget-text-editor\" data-id=\"87a6990\" data-element_type=\"widget\" data-e-type=\"widget\" data-widget_type=\"text-editor.default\">\n\t\t\t\t\t\t\t\t\t<p><span style=\"color: var( --e-global-color-text ); background-color: var(--ak-bg-color);\">Po<b>r Fernando Castro, analista migratorio<\/b><br>Son severas las consecuencias que tendr\u00e1 la Ley SB 1718 o \u201cley antiinmigraci\u00f3n\u201d que entrar\u00e1 en vigencia el pr\u00f3ximo 1 de julio, la cual busca endurecer la estad\u00eda de migrantes indocumentados en el Estado de Florida, Estados&nbsp; Unidos. Dicha norma fue promulgada por el actual gobernador republicano Ron de Santis.<\/span><\/p>\n<p><span style=\"color: var( --e-global-color-text ); background-color: var(--ak-bg-color);\">Entre las medidas m\u00e1s destacadas de la ley est\u00e1 que se exigir\u00e1 a las empresas con m\u00e1s de 25 empleados, que utilicen el sistema digital denominado <a href=\"https:\/\/www.e-verify.gov\/es\">E-Verify<\/a>, un sistema federal para comprobar el estatus migratorio de las personas a las que quieran contratar, ya que de no hacerlo pueden ser sancionados econ\u00f3micamente, con US$1,000 diarios.<\/span><\/p>\n<p>Asimismo, obligar\u00e1 a los hospitales que aceptan el seguro p\u00fablico Medicaid, a recopilar datos sobre el estatus migratorio de sus pacientes, lo que podr\u00eda llevar a migrantes indocumentados a evitar recibir tratamientos, seg\u00fan opositores a la norma.<\/p>\n<p>Por otra parte, el transporte de personas indocumentadas desde otro estado de la Uni\u00f3n Americana, hasta Florida, se convertir\u00e1 en un delito castigado con hasta 15 a\u00f1os de prisi\u00f3n y recibir sanciones econ\u00f3micas para quien lo realice de hasta US$10,000.<\/p>\n<p><span style=\"color: var( --e-global-color-text ); background-color: var(--ak-bg-color);\">En ese sentido, las autoridades dejar\u00e1n de reconocer las licencias de conducir emitidas fuera del estado de Florida a migrantes irregulares y proh\u00edbe el financiamiento de programas locales, para otorgar documentos de identidad a inmigrantes sin papeles.<\/span><\/p>\t\t\t\t\t\t\t\t<\/div>\n\t\t\t\t\t<\/div>\n\t\t<\/div>\n\t\t\t\t\t<\/div>\n\t\t<\/section>\n\t\t\t\t<section data-particle_enable=\"false\" data-particle-mobile-disabled=\"false\" class=\"elementor-section elementor-top-section elementor-element elementor-element-b6ad19b elementor-section-boxed elementor-section-height-default elementor-section-height-default\" data-id=\"b6ad19b\" data-element_type=\"section\" data-e-type=\"section\">\n\t\t\t\t\t\t<div class=\"elementor-container elementor-column-gap-default\">\n\t\t\t\t\t<div class=\"elementor-column elementor-col-100 elementor-top-column elementor-element elementor-element-8679c08\" data-id=\"8679c08\" data-element_type=\"column\" data-e-type=\"column\">\n\t\t\t<div class=\"elementor-widget-wrap elementor-element-populated\">\n\t\t\t\t\t\t<div class=\"elementor-element elementor-element-79ac62d elementor-headline--style-highlight elementor-widget elementor-widget-animated-headline\" data-id=\"79ac62d\" data-element_type=\"widget\" data-e-type=\"widget\" data-settings=\"{&quot;highlighted_text&quot;:&quot;145  mil migrantes guatemaltecos&quot;,&quot;headline_style&quot;:&quot;highlight&quot;,&quot;marker&quot;:&quot;circle&quot;,&quot;loop&quot;:&quot;yes&quot;,&quot;highlight_animation_duration&quot;:1200,&quot;highlight_iteration_delay&quot;:8000}\" data-widget_type=\"animated-headline.default\">\n\t\t\t\t\t\t\t<h3 class=\"elementor-headline\">\n\t\t\t\t\t<span class=\"elementor-headline-plain-text elementor-headline-text-wrapper\">Cabe mencionar que esta ley podr\u00eda afectar a m\u00e1s de <\/span>\n\t\t\t\t<span class=\"elementor-headline-dynamic-wrapper elementor-headline-text-wrapper\">\n\t\t\t\t\t<span class=\"elementor-headline-dynamic-text elementor-headline-text-active\">145  mil migrantes guatemaltecos<\/span>\n\t\t\t\t<\/span>\n\t\t\t\t\t<span class=\"elementor-headline-plain-text elementor-headline-text-wrapper\"> residentes en Florida, uno de los m\u00e1s poblados por connacionales en Estados Unidos<\/span>\n\t\t\t\t\t<\/h3>\n\t\t\t\t\t\t<\/div>\n\t\t\t\t\t<\/div>\n\t\t<\/div>\n\t\t\t\t\t<\/div>\n\t\t<\/section>\n\t\t\t\t<section data-particle_enable=\"false\" data-particle-mobile-disabled=\"false\" class=\"elementor-section elementor-top-section elementor-element elementor-element-f364b9f elementor-section-boxed elementor-section-height-default elementor-section-height-default\" data-id=\"f364b9f\" data-element_type=\"section\" data-e-type=\"section\">\n\t\t\t\t\t\t<div class=\"elementor-container elementor-column-gap-default\">\n\t\t\t\t\t<div class=\"elementor-column elementor-col-100 elementor-top-column elementor-element elementor-element-76ca571\" data-id=\"76ca571\" data-element_type=\"column\" data-e-type=\"column\">\n\t\t\t<div class=\"elementor-widget-wrap elementor-element-populated\">\n\t\t\t\t\t\t<div class=\"elementor-element elementor-element-1f3b387 elementor-widget elementor-widget-text-editor\" data-id=\"1f3b387\" data-element_type=\"widget\" data-e-type=\"widget\" data-widget_type=\"text-editor.default\">\n\t\t\t\t\t\t\t\t\t<p>.<span style=\"background-color: var(--ak-bg-color); color: var( --e-global-color-text );\">El 1 de julio entrar\u00e1 en vigencia la ley SB-1718, promovida desde el despacho del gobernador republicano de Florida Ron de Santis, quien aspira a la nominaci\u00f3n presidencial para las elecciones de 2024.\u00a0\u00a0<\/span><\/p><p style=\"font-style: normal; font-variant-ligatures: normal; font-variant-caps: normal; font-weight: 400; font-size: 16px; font-family: Roboto, sans-serif;\"><span style=\"color: var( --e-global-color-text ); background-color: var(--ak-bg-color);\">Otro de los puntos radica en que la legislaci\u00f3n inv\u00e1lida licencias de conducir y tarjetas de identificaci\u00f3n de 16 estados y el Distrito de Columbia a migrantes \u201cno autorizados\u201d y proh\u00edbe reuniones de negocios, turismo y de cualquier tipo con amigos, compa\u00f1eros de trabajo y familiares.<\/span><\/p>\t\t\t\t\t\t\t\t<\/div>\n\t\t\t\t\t<\/div>\n\t\t<\/div>\n\t\t\t\t\t<\/div>\n\t\t<\/section>\n\t\t\t\t<section data-particle_enable=\"false\" data-particle-mobile-disabled=\"false\" class=\"elementor-section elementor-top-section elementor-element elementor-element-7bc7792 elementor-section-boxed elementor-section-height-default elementor-section-height-default\" data-id=\"7bc7792\" data-element_type=\"section\" data-e-type=\"section\">\n\t\t\t\t\t\t<div class=\"elementor-container elementor-column-gap-default\">\n\t\t\t\t\t<div class=\"elementor-column elementor-col-100 elementor-top-column elementor-element elementor-element-87f8f01\" data-id=\"87f8f01\" data-element_type=\"column\" data-e-type=\"column\">\n\t\t\t<div class=\"elementor-widget-wrap elementor-element-populated\">\n\t\t\t\t\t\t<div class=\"elementor-element elementor-element-0251302 elementor-widget elementor-widget-image\" data-id=\"0251302\" data-element_type=\"widget\" data-e-type=\"widget\" data-widget_type=\"image.default\">\n\t\t\t\t\t\t\t\t\t\t\t\t<figure class=\"wp-caption\">\n\t\t\t\t\t\t\t\t\t\t<img fetchpriority=\"high\" decoding=\"async\" width=\"768\" height=\"511\" src=\"https:\/\/soymigrante.com\/revista\/wp-content\/uploads\/2023\/06\/Mapa-de-Florida-1024x681.jpg\" class=\"attachment-large size-large wp-image-1232\" alt=\"\" srcset=\"https:\/\/soymigrante.com\/revista\/wp-content\/uploads\/2023\/06\/Mapa-de-Florida-1024x681.jpg 1024w, https:\/\/soymigrante.com\/revista\/wp-content\/uploads\/2023\/06\/Mapa-de-Florida-300x199.webp 300w, https:\/\/soymigrante.com\/revista\/wp-content\/uploads\/2023\/06\/Mapa-de-Florida-768x510.jpg 768w, https:\/\/soymigrante.com\/revista\/wp-content\/uploads\/2023\/06\/Mapa-de-Florida-750x499.webp 750w, https:\/\/soymigrante.com\/revista\/wp-content\/uploads\/2023\/06\/Mapa-de-Florida-1140x758.jpg 1140w, https:\/\/soymigrante.com\/revista\/wp-content\/uploads\/2023\/06\/Mapa-de-Florida-600x400.jpg 600w, https:\/\/soymigrante.com\/revista\/wp-content\/uploads\/2023\/06\/Mapa-de-Florida.webp 1363w\" sizes=\"(max-width: 768px) 100vw, 768px\" title=\"Mapa de Florida \u2013 SoyMigrante.com REVISTA\" \/>\t\t\t\t\t\t\t\t\t\t\t<figcaption class=\"widget-image-caption wp-caption-text\">La ley 1718 entrar\u00e1 en vigencia el 1 de julio de 2023<\/figcaption>\n\t\t\t\t\t\t\t\t\t\t<\/figure>\n\t\t\t\t\t\t\t\t\t<\/div>\n\t\t\t\t\t<\/div>\n\t\t<\/div>\n\t\t\t\t\t<\/div>\n\t\t<\/section>\n\t\t\t\t<\/div>\n\t\t","protected":false},"excerpt":{"rendered":"<p>La llamada Ley SB1718 ha causado amplio rechazo y ya se han convocado protestas para mostrar el valor de los migrantes dentro de la econom\u00eda de Florida. Por Fernando Castro, analista migratorio Son severas las consecuencias que tendr\u00e1 la Ley SB 1718 o \u201cley antiinmigraci\u00f3n\u201d que entrar\u00e1 en vigencia el pr\u00f3ximo 1 de julio, la [&hellip;]<\/p>\n","protected":false},"author":1,"featured_media":1232,"comment_status":"open","ping_status":"open","sticky":false,"template":"","format":"standard","meta":{"_acf_changed":false,"_eb_attr":"","footnotes":""},"categories":[56],"tags":[],"class_list":["post-1229","post","type-post","status-publish","format-standard","has-post-thumbnail","hentry","category-lugar-de-voces"],"acf":[],"aioseo_notices":[],"aioseo_head":"\n\t\t<!-- All in One SEO Pro 4.9.6.2 - aioseo.com -->\n\t<meta name=\"description\" content=\"La llamada Ley SB1718 ha causado amplio rechazo y ya se han convocado protestas para mostrar el valor de los migrantes dentro de la econom\u00eda de Florida. Por Fernando Castro, analista migratorioSon severas las consecuencias que tendr\u00e1 la Ley SB 1718 o \u201cley antiinmigraci\u00f3n\u201d que entrar\u00e1 en vigencia el pr\u00f3ximo 1 de julio, la cual\" \/>\n\t<meta name=\"robots\" content=\"max-snippet:-1, max-image-preview:large, max-video-preview:-1\" \/>\n\t<meta name=\"author\" content=\"SoyMigrante.com REVISTA\"\/>\n\t<link rel=\"canonical\" href=\"https:\/\/soymigrante.com\/revista\/ley-antimigrantes-golpea-a-guatemaltecos-en-florida\/\" \/>\n\t<meta name=\"generator\" content=\"All in One SEO Pro (AIOSEO) 4.9.6.2\" \/>\n\n\t\t<link rel=\"preconnect\" href=\"https:\/\/fonts.googleapis.com\" crossorigin>\n<link rel=\"preconnect\" href=\"https:\/\/fonts.gstatic.com\" crossorigin>\n\t\t<meta property=\"og:locale\" content=\"es_ES\" \/>\n\t\t<meta property=\"og:site_name\" content=\"SoyMigrante.com REVISTA \u2013 Nuestra misi\u00f3n es reconocer y dignificar al migrante.\" \/>\n\t\t<meta property=\"og:type\" content=\"article\" \/>\n\t\t<meta property=\"og:title\" content=\"\u00bfConoces la pol\u00e9mica ley antimigrante de Florida?\" \/>\n\t\t<meta property=\"og:description\" content=\"La llamada Ley SB1718 ha causado amplio rechazo y ya se han convocado protestas para mostrar el valor de los migrantes dentro de la econom\u00eda de Florida. Por Fernando Castro, analista migratorioSon severas las consecuencias que tendr\u00e1 la Ley SB 1718 o \u201cley antiinmigraci\u00f3n\u201d que entrar\u00e1 en vigencia el pr\u00f3ximo 1 de julio, la cual\" \/>\n\t\t<meta property=\"og:url\" content=\"https:\/\/soymigrante.com\/revista\/ley-antimigrantes-golpea-a-guatemaltecos-en-florida\/\" \/>\n\t\t<meta property=\"og:image\" content=\"https:\/\/soymigrante.com\/revista\/wp-content\/uploads\/2023\/06\/Mapa-de-Florida.webp\" \/>\n\t\t<meta property=\"og:image:secure_url\" content=\"https:\/\/soymigrante.com\/revista\/wp-content\/uploads\/2023\/06\/Mapa-de-Florida.webp\" \/>\n\t\t<meta property=\"og:image:width\" content=\"1363\" \/>\n\t\t<meta property=\"og:image:height\" content=\"906\" \/>\n\t\t<meta property=\"article:published_time\" content=\"2023-06-06T05:40:15+00:00\" \/>\n\t\t<meta property=\"article:modified_time\" content=\"2024-11-01T10:46:45+00:00\" \/>\n\t\t<meta property=\"article:publisher\" content=\"https:\/\/www.facebook.com\/soymigrantecom\" \/>\n\t\t<meta name=\"twitter:card\" content=\"summary_large_image\" \/>\n\t\t<meta name=\"twitter:site\" content=\"@SoyMigrante_com\" \/>\n\t\t<meta name=\"twitter:title\" content=\"\u00bfConoces la pol\u00e9mica ley antimigrante de Florida?\" \/>\n\t\t<meta name=\"twitter:description\" content=\"La llamada Ley SB1718 ha causado amplio rechazo y ya se han convocado protestas para mostrar el valor de los migrantes dentro de la econom\u00eda de Florida. Por Fernando Castro, analista migratorioSon severas las consecuencias que tendr\u00e1 la Ley SB 1718 o \u201cley antiinmigraci\u00f3n\u201d que entrar\u00e1 en vigencia el pr\u00f3ximo 1 de julio, la cual\" \/>\n\t\t<meta name=\"twitter:creator\" content=\"@SoyMigrante_com\" \/>\n\t\t<meta name=\"twitter:image\" content=\"https:\/\/soymigrante.com\/revista\/wp-content\/uploads\/2023\/06\/Mapa-de-Florida.webp\" \/>\n\t\t<!-- All in One SEO Pro -->\r\n\t\t<title>\u00bfConoces la pol\u00e9mica ley antimigrante de Florida?<\/title>\n\n","aioseo_head_json":{"title":"\u00bfConoces la pol\u00e9mica ley antimigrante de Florida?","description":"La llamada Ley SB1718 ha causado amplio rechazo y ya se han convocado protestas para mostrar el valor de los migrantes dentro de la econom\u00eda de Florida. Por Fernando Castro, analista migratorioSon severas las consecuencias que tendr\u00e1 la Ley SB 1718 o \u201cley antiinmigraci\u00f3n\u201d que entrar\u00e1 en vigencia el pr\u00f3ximo 1 de julio, la cual","canonical_url":"https:\/\/soymigrante.com\/revista\/ley-antimigrantes-golpea-a-guatemaltecos-en-florida\/","robots":"max-snippet:-1, max-image-preview:large, max-video-preview:-1","keywords":"","webmasterTools":{"miscellaneous":"&lt;link rel=\"preconnect\" href=\"https:\/\/fonts.googleapis.com\" crossorigin&gt;\n&lt;link rel=\"preconnect\" href=\"https:\/\/fonts.gstatic.com\" crossorigin&gt;"},"schema":null,"og:locale":"es_ES","og:site_name":"SoyMigrante.com REVISTA \u2013 Nuestra misi\u00f3n es reconocer y dignificar al migrante.","og:type":"article","og:title":"\u00bfConoces la pol\u00e9mica ley antimigrante de Florida?","og:description":"La llamada Ley SB1718 ha causado amplio rechazo y ya se han convocado protestas para mostrar el valor de los migrantes dentro de la econom\u00eda de Florida. Por Fernando Castro, analista migratorioSon severas las consecuencias que tendr\u00e1 la Ley SB 1718 o \u201cley antiinmigraci\u00f3n\u201d que entrar\u00e1 en vigencia el pr\u00f3ximo 1 de julio, la cual","og:url":"https:\/\/soymigrante.com\/revista\/ley-antimigrantes-golpea-a-guatemaltecos-en-florida\/","og:image":"https:\/\/soymigrante.com\/revista\/wp-content\/uploads\/2023\/06\/Mapa-de-Florida.webp","og:image:secure_url":"https:\/\/soymigrante.com\/revista\/wp-content\/uploads\/2023\/06\/Mapa-de-Florida.webp","og:image:width":1363,"og:image:height":906,"article:published_time":"2023-06-06T05:40:15+00:00","article:modified_time":"2024-11-01T10:46:45+00:00","article:publisher":"https:\/\/www.facebook.com\/soymigrantecom","twitter:card":"summary_large_image","twitter:site":"@SoyMigrante_com","twitter:title":"\u00bfConoces la pol\u00e9mica ley antimigrante de Florida?","twitter:description":"La llamada Ley SB1718 ha causado amplio rechazo y ya se han convocado protestas para mostrar el valor de los migrantes dentro de la econom\u00eda de Florida. Por Fernando Castro, analista migratorioSon severas las consecuencias que tendr\u00e1 la Ley SB 1718 o \u201cley antiinmigraci\u00f3n\u201d que entrar\u00e1 en vigencia el pr\u00f3ximo 1 de julio, la cual","twitter:creator":"@SoyMigrante_com","twitter:image":"https:\/\/soymigrante.com\/revista\/wp-content\/uploads\/2023\/06\/Mapa-de-Florida.webp"},"aioseo_meta_data":{"post_id":"1229","title":null,"description":null,"keywords":null,"keyphrases":{"focus":{"keyphrase":"Ley de Florida","score":37,"analysis":{"keyphraseInTitle":{"score":3,"maxScore":9,"error":1},"keyphraseInDescription":{"score":3,"maxScore":9,"error":1},"keyphraseLength":{"score":9,"maxScore":9,"error":0,"length":3},"keyphraseInURL":{"score":1,"maxScore":5,"error":1},"keyphraseInIntroduction":{"score":3,"maxScore":9,"error":1},"keyphraseInSubHeadings":{"score":3,"maxScore":9,"error":1},"keyphraseInImageAlt":{"score":3,"maxScore":9,"error":1},"keywordDensity":{"score":0,"type":"low","maxScore":9,"error":1}}},"additional":[]},"primary_term":null,"canonical_url":null,"og_title":null,"og_description":null,"og_object_type":"default","og_image_type":"default","og_image_url":null,"og_image_width":null,"og_image_height":null,"og_image_custom_url":null,"og_image_custom_fields":null,"og_video":"","og_custom_url":null,"og_article_section":null,"og_article_tags":null,"twitter_use_og":false,"twitter_card":"default","twitter_image_type":"default","twitter_image_url":null,"twitter_image_custom_url":null,"twitter_image_custom_fields":null,"twitter_title":null,"twitter_description":null,"schema":{"blockGraphs":[],"customGraphs":[],"default":{"data":{"Article":[],"Course":[],"Dataset":[],"FAQPage":[],"Movie":[],"Person":[],"Product":[],"ProductReview":[],"Car":[],"Recipe":[],"Service":[],"SoftwareApplication":[],"WebPage":[]},"graphName":"Article","isEnabled":true},"graphs":[]},"schema_type":"default","schema_type_options":null,"pillar_content":false,"robots_default":true,"robots_noindex":false,"robots_noarchive":false,"robots_nosnippet":false,"robots_nofollow":false,"robots_noimageindex":false,"robots_noodp":false,"robots_notranslate":false,"robots_max_snippet":"-1","robots_max_videopreview":"-1","robots_max_imagepreview":"large","priority":null,"frequency":"default","local_seo":null,"seo_analyzer_scan_date":"2025-10-08 19:51:16","breadcrumb_settings":null,"limit_modified_date":false,"reviewed_by":null,"open_ai":"{\"title\":{\"suggestions\":[],\"usage\":0},\"description\":{\"suggestions\":[],\"usage\":0}}","ai":null,"created":"2023-08-18 13:09:07","updated":"2026-02-04 04:36:37"},"aioseo_breadcrumb":"<div class=\"aioseo-breadcrumbs\"><span class=\"aioseo-breadcrumb\">\n\t<a href=\"https:\/\/soymigrante.com\/revista\" title=\"Home\">Home<\/a>\n<\/span><span class=\"aioseo-breadcrumb-separator\">\u00bb<\/span><span class=\"aioseo-breadcrumb\">\n\t<a href=\"https:\/\/soymigrante.com\/revista\/category\/estamos-unidos\/\" title=\"Estamos Unidos\">Estamos Unidos<\/a>\n<\/span><span class=\"aioseo-breadcrumb-separator\">\u00bb<\/span><span class=\"aioseo-breadcrumb\">\n\t<a href=\"https:\/\/soymigrante.com\/revista\/category\/estamos-unidos\/lugar-de-voces\/\" title=\"Lugar de Voces\">Lugar de Voces<\/a>\n<\/span><span class=\"aioseo-breadcrumb-separator\">\u00bb<\/span><span class=\"aioseo-breadcrumb\">\n\t\u00bfConoces la pol\u00e9mica ley antimigrante de Florida?\n<\/span><\/div>","aioseo_breadcrumb_json":[{"label":"Home","link":"https:\/\/soymigrante.com\/revista"},{"label":"Estamos Unidos","link":"https:\/\/soymigrante.com\/revista\/category\/estamos-unidos\/"},{"label":"Lugar de Voces","link":"https:\/\/soymigrante.com\/revista\/category\/estamos-unidos\/lugar-de-voces\/"},{"label":"\u00bfConoces la pol\u00e9mica ley antimigrante de Florida?","link":"https:\/\/soymigrante.com\/revista\/ley-antimigrantes-golpea-a-guatemaltecos-en-florida\/"}],"_links":{"self":[{"href":"https:\/\/soymigrante.com\/revista\/wp-json\/wp\/v2\/posts\/1229","targetHints":{"allow":["GET"]}}],"collection":[{"href":"https:\/\/soymigrante.com\/revista\/wp-json\/wp\/v2\/posts"}],"about":[{"href":"https:\/\/soymigrante.com\/revista\/wp-json\/wp\/v2\/types\/post"}],"author":[{"embeddable":true,"href":"https:\/\/soymigrante.com\/revista\/wp-json\/wp\/v2\/users\/1"}],"replies":[{"embeddable":true,"href":"https:\/\/soymigrante.com\/revista\/wp-json\/wp\/v2\/comments?post=1229"}],"version-history":[{"count":0,"href":"https:\/\/soymigrante.com\/revista\/wp-json\/wp\/v2\/posts\/1229\/revisions"}],"wp:featuredmedia":[{"embeddable":true,"href":"https:\/\/soymigrante.com\/revista\/wp-json\/wp\/v2\/media\/1232"}],"wp:attachment":[{"href":"https:\/\/soymigrante.com\/revista\/wp-json\/wp\/v2\/media?parent=1229"}],"wp:term":[{"taxonomy":"category","embeddable":true,"href":"https:\/\/soymigrante.com\/revista\/wp-json\/wp\/v2\/categories?post=1229"},{"taxonomy":"post_tag","embeddable":true,"href":"https:\/\/soymigrante.com\/revista\/wp-json\/wp\/v2\/tags?post=1229"}],"curies":[{"name":"wp","href":"https:\/\/api.w.org\/{rel}","templated":true}]}}