{"id":12197,"date":"2024-11-28T11:39:44","date_gmt":"2024-11-28T17:39:44","guid":{"rendered":"https:\/\/soymigrante.com\/revista\/?p=12197"},"modified":"2024-11-30T22:52:04","modified_gmt":"2024-12-01T04:52:04","slug":"migrantes-tambien-pueden-celebrar-dia-de-accion-de-gracias-que-nacio-de-migrantes","status":"publish","type":"post","link":"https:\/\/soymigrante.com\/revista\/migrantes-tambien-pueden-celebrar-dia-de-accion-de-gracias-que-nacio-de-migrantes\/","title":{"rendered":"Migrantes tambi\u00e9n pueden celebrar D\u00eda de Acci\u00f3n de Gracias (que tiene origen migrante)"},"content":{"rendered":"\t\t<div data-elementor-type=\"wp-post\" data-elementor-id=\"12197\" class=\"elementor elementor-12197\" data-elementor-post-type=\"post\">\n\t\t\t\t<div data-particle_enable=\"false\" data-particle-mobile-disabled=\"false\" class=\"elementor-element elementor-element-64e9a50 e-flex e-con-boxed e-con e-parent\" data-id=\"64e9a50\" data-element_type=\"container\" data-e-type=\"container\">\n\t\t\t\t\t<div class=\"e-con-inner\">\n\t\t\t\t<div class=\"elementor-element elementor-element-7b50715 elementor-widget elementor-widget-heading\" data-id=\"7b50715\" data-element_type=\"widget\" data-e-type=\"widget\" data-widget_type=\"heading.default\">\n\t\t\t\t\t<h2 class=\"elementor-heading-title elementor-size-default\">El D\u00eda de Acci\u00f3n de Gracias es una tradici\u00f3n t\u00edpicamente estadounidense pero que surgi\u00f3 a partir de una colonia de migrantes en 1623. Entonces para los migrantes guatemaltecos constituye una oportunidad para adaptarse a una nueva cultura sin perder la propia.\n<\/h2>\t\t\t\t<\/div>\n\t\t\t\t\t<\/div>\n\t\t\t\t<\/div>\n\t\t<div data-particle_enable=\"false\" data-particle-mobile-disabled=\"false\" class=\"elementor-element elementor-element-1d33225 e-flex e-con-boxed e-con e-parent\" data-id=\"1d33225\" data-element_type=\"container\" data-e-type=\"container\">\n\t\t\t\t\t<div class=\"e-con-inner\">\n\t\t\t\t<div class=\"elementor-element elementor-element-67aede3 elementor-widget elementor-widget-text-editor\" data-id=\"67aede3\" data-element_type=\"widget\" data-e-type=\"widget\" data-widget_type=\"text-editor.default\">\n\t\t\t\t\t\t\t\t\t<p>El D\u00eda de Acci\u00f3n de Gracias, que en este 2024 ser\u00e1 el jueves 28 de noviembre, es una tradici\u00f3n de cuatro siglos, que se ha convertido en una de las principales festividades estadounidenses y usual motivo para la reuni\u00f3n de familias, incluso m\u00e1s que en Navidad.\u00a0<\/p><p>Aunque se considera una fiesta muy emblem\u00e1tica de EE.UU. su origen est\u00e1 ligado a migrantes ingleses que en 1621-23 recibieron ayuda de los ind\u00edgenas norteamericanos en un crudo invierno. Ello significa que su celebraci\u00f3n, lejos de hacer perder identidad, puede ser un motivo para fortalecerla.\u00a0<\/p><p>Para muchos migrantes guatemaltecos en Estados Unidos, el D\u00eda de Acci\u00f3n de Gracias es una oportunidad para adaptarse a las costumbres del pa\u00eds que los recibe, sin perder su identidad cultural. <a href=\"https:\/\/soymigrante.com\/revista\/category\/guate-nuestra\/\" target=\"_blank\" rel=\"noopener\">Aunque no es una tradici\u00f3n t\u00edpica en Guatemala, los guatemaltecos encuentran en esta celebraci\u00f3n una ocasi\u00f3n especial para reunirse con familiares y amigo<\/a>s, agradecer por las oportunidades y reflexionar sobre su vida en el extranjero. Aqu\u00ed te compartimos algunas sugerencias y claves para disfrutar de este d\u00eda de una manera aut\u00e9ntica y significativa.<\/p>\t\t\t\t\t\t\t\t<\/div>\n\t\t\t\t\t<\/div>\n\t\t\t\t<\/div>\n\t\t<div data-particle_enable=\"false\" data-particle-mobile-disabled=\"false\" class=\"elementor-element elementor-element-51b9f0c e-flex e-con-boxed e-con e-parent\" data-id=\"51b9f0c\" data-element_type=\"container\" data-e-type=\"container\">\n\t\t\t\t\t<div class=\"e-con-inner\">\n\t\t\t\t<div class=\"elementor-element elementor-element-747f53a elementor-widget elementor-widget-image\" data-id=\"747f53a\" data-element_type=\"widget\" data-e-type=\"widget\" data-widget_type=\"image.default\">\n\t\t\t\t\t\t\t\t\t\t\t\t<figure class=\"wp-caption\">\n\t\t\t\t\t\t\t\t\t\t<img fetchpriority=\"high\" decoding=\"async\" width=\"768\" height=\"551\" src=\"https:\/\/soymigrante.com\/revista\/wp-content\/uploads\/2024\/11\/primer-dia-accion-de-gracias.webp\" class=\"attachment-large size-large wp-image-14903\" alt=\"En 1621 se celebr\u00f3 por primera vez Acci\u00f3n de Gracias, en ocasi\u00f3n de que los ind\u00edgenas ayudaron a los primeros migrantes europeos a sobrevivir el duro invierno al proveerles alimento.\" srcset=\"https:\/\/soymigrante.com\/revista\/wp-content\/uploads\/2024\/11\/primer-dia-accion-de-gracias.webp 1007w, https:\/\/soymigrante.com\/revista\/wp-content\/uploads\/2024\/11\/primer-dia-accion-de-gracias-300x215.jpg 300w, https:\/\/soymigrante.com\/revista\/wp-content\/uploads\/2024\/11\/primer-dia-accion-de-gracias-768x551.jpg 768w, https:\/\/soymigrante.com\/revista\/wp-content\/uploads\/2024\/11\/primer-dia-accion-de-gracias-120x86.webp 120w, https:\/\/soymigrante.com\/revista\/wp-content\/uploads\/2024\/11\/primer-dia-accion-de-gracias-350x250.webp 350w, https:\/\/soymigrante.com\/revista\/wp-content\/uploads\/2024\/11\/primer-dia-accion-de-gracias-750x538.webp 750w\" sizes=\"(max-width: 768px) 100vw, 768px\" title=\"En 1621 se celebr\u00f3 por primera vez Acci\u00f3n de Gracias, en ocasi\u00f3n de que los ind\u00edgenas ayudaron a los primeros migrantes europeos a sobrevivir el duro invierno al proveerles alimento. \u2013 SoyMigrante.com REVISTA\" \/>\t\t\t\t\t\t\t\t\t\t\t<figcaption class=\"widget-image-caption wp-caption-text\">En 1621 se celebr\u00f3 por primera vez Acci\u00f3n de Gracias, en ocasi\u00f3n de que los ind\u00edgenas ayudaron a los primeros migrantes europeos a sobrevivir el duro invierno al proveerles alimento.<\/figcaption>\n\t\t\t\t\t\t\t\t\t\t<\/figure>\n\t\t\t\t\t\t\t\t\t<\/div>\n\t\t\t\t\t<\/div>\n\t\t\t\t<\/div>\n\t\t<div data-particle_enable=\"false\" data-particle-mobile-disabled=\"false\" class=\"elementor-element elementor-element-19fd0ac e-flex e-con-boxed e-con e-parent\" data-id=\"19fd0ac\" data-element_type=\"container\" data-e-type=\"container\">\n\t\t\t\t\t<div class=\"e-con-inner\">\n\t\t\t\t<div class=\"elementor-element elementor-element-7d06080 elementor-widget elementor-widget-heading\" data-id=\"7d06080\" data-element_type=\"widget\" data-e-type=\"widget\" data-widget_type=\"heading.default\">\n\t\t\t\t\t<h3 class=\"elementor-heading-title elementor-size-default\">1. Incluye tradiciones de Guatemala en la cena<\/h3>\t\t\t\t<\/div>\n\t\t\t\t\t<\/div>\n\t\t\t\t<\/div>\n\t\t<div data-particle_enable=\"false\" data-particle-mobile-disabled=\"false\" class=\"elementor-element elementor-element-f2dc712 e-flex e-con-boxed e-con e-parent\" data-id=\"f2dc712\" data-element_type=\"container\" data-e-type=\"container\">\n\t\t\t\t\t<div class=\"e-con-inner\">\n\t\t\t\t<div class=\"elementor-element elementor-element-a38fac5 elementor-widget elementor-widget-text-editor\" data-id=\"a38fac5\" data-element_type=\"widget\" data-e-type=\"widget\" data-widget_type=\"text-editor.default\">\n\t\t\t\t\t\t\t\t\t<p>Aunque el pavo es el plato central en la mayor\u00eda de las mesas de Acci\u00f3n de Gracias en Estados Unidos, una excelente forma de personalizar esta festividad es integrar sabores de Guatemala en la cena. <br \/>Puedes acompa\u00f1ar el pavo con platillos <a href=\"https:\/\/soymigrante.com\/revista\/category\/guate-nuestra\/\" target=\"_blank\" rel=\"noopener\">como el fiambre, las hilachas, los tamales colorados o incluso rellenar el pavo con ingredientes t\u00edpicos guatemaltecos, como el loroco<\/a> o las hierbas frescas que le dar\u00e1n un toque \u00fanico.<\/p>\t\t\t\t\t\t\t\t<\/div>\n\t\t\t\t\t<\/div>\n\t\t\t\t<\/div>\n\t\t<div data-particle_enable=\"false\" data-particle-mobile-disabled=\"false\" class=\"elementor-element elementor-element-473c6e2 e-flex e-con-boxed e-con e-parent\" data-id=\"473c6e2\" data-element_type=\"container\" data-e-type=\"container\">\n\t\t\t\t\t<div class=\"e-con-inner\">\n\t\t\t\t<div class=\"elementor-element elementor-element-294ffb9 elementor-widget elementor-widget-heading\" data-id=\"294ffb9\" data-element_type=\"widget\" data-e-type=\"widget\" data-widget_type=\"heading.default\">\n\t\t\t\t\t<h3 class=\"elementor-heading-title elementor-size-default\">2. Recuerda la gratitud a trav\u00e9s de historias y memorias<\/h3>\t\t\t\t<\/div>\n\t\t\t\t\t<\/div>\n\t\t\t\t<\/div>\n\t\t<div data-particle_enable=\"false\" data-particle-mobile-disabled=\"false\" class=\"elementor-element elementor-element-3e612ca e-flex e-con-boxed e-con e-parent\" data-id=\"3e612ca\" data-element_type=\"container\" data-e-type=\"container\">\n\t\t\t\t\t<div class=\"e-con-inner\">\n\t\t\t\t<div class=\"elementor-element elementor-element-2846947 elementor-widget elementor-widget-text-editor\" data-id=\"2846947\" data-element_type=\"widget\" data-e-type=\"widget\" data-widget_type=\"text-editor.default\">\n\t\t\t\t\t\t\t\t\t<p>Acci\u00f3n de Gracias es, ante todo, una celebraci\u00f3n de gratitud. Antes de cenar, re\u00fane a tus seres queridos y comparte historias sobre lo que agradecen en este momento de sus vidas. <a href=\"https:\/\/soymigrante.com\/revista\/category\/guate-nuestra\/\" target=\"_blank\" rel=\"noopener\">Muchas familias guatemaltecas encuentran reconfortante recordar los esfuerzos de sus antepasados y c\u00f3mo ellos han inspirado su camino migrante.<\/a> Hablar sobre la importancia de la familia y el valor del esfuerzo puede darle un sentido profundo y muy personal a la celebraci\u00f3n.<\/p>\t\t\t\t\t\t\t\t<\/div>\n\t\t\t\t\t<\/div>\n\t\t\t\t<\/div>\n\t\t<div data-particle_enable=\"false\" data-particle-mobile-disabled=\"false\" class=\"elementor-element elementor-element-79fddfa e-flex e-con-boxed e-con e-parent\" data-id=\"79fddfa\" data-element_type=\"container\" data-e-type=\"container\">\n\t\t\t\t\t<div class=\"e-con-inner\">\n\t\t\t\t<div class=\"elementor-element elementor-element-4f37ed4 elementor-widget elementor-widget-video\" data-id=\"4f37ed4\" data-element_type=\"widget\" data-e-type=\"widget\" data-settings=\"{&quot;youtube_url&quot;:&quot;https:\\\/\\\/www.youtube.com\\\/watch?v=hJgjk8b8koE&quot;,&quot;video_type&quot;:&quot;youtube&quot;,&quot;controls&quot;:&quot;yes&quot;}\" data-widget_type=\"video.default\">\n\t\t\t\t\t\t\t<div class=\"elementor-wrapper elementor-open-inline\">\n\t\t\t<div class=\"elementor-video\"><\/div>\t\t<\/div>\n\t\t\t\t\t\t<\/div>\n\t\t\t\t\t<\/div>\n\t\t\t\t<\/div>\n\t\t<div data-particle_enable=\"false\" data-particle-mobile-disabled=\"false\" class=\"elementor-element elementor-element-2950967 e-flex e-con-boxed e-con e-parent\" data-id=\"2950967\" data-element_type=\"container\" data-e-type=\"container\">\n\t\t\t\t\t<div class=\"e-con-inner\">\n\t\t\t\t<div class=\"elementor-element elementor-element-b92e9d7 elementor-widget elementor-widget-heading\" data-id=\"b92e9d7\" data-element_type=\"widget\" data-e-type=\"widget\" data-widget_type=\"heading.default\">\n\t\t\t\t\t<h3 class=\"elementor-heading-title elementor-size-default\">3. Decora con elementos que representen Guatemala<\/h3>\t\t\t\t<\/div>\n\t\t\t\t\t<\/div>\n\t\t\t\t<\/div>\n\t\t<div data-particle_enable=\"false\" data-particle-mobile-disabled=\"false\" class=\"elementor-element elementor-element-124ced0 e-flex e-con-boxed e-con e-parent\" data-id=\"124ced0\" data-element_type=\"container\" data-e-type=\"container\">\n\t\t\t\t\t<div class=\"e-con-inner\">\n\t\t\t\t<div class=\"elementor-element elementor-element-5c1cf9e elementor-widget elementor-widget-text-editor\" data-id=\"5c1cf9e\" data-element_type=\"widget\" data-e-type=\"widget\" data-widget_type=\"text-editor.default\">\n\t\t\t\t\t\t\t\t\t<p>La decoraci\u00f3n puede ser una excelente manera de integrar la cultura guatemalteca en la festividad. <a href=\"https:\/\/soymigrante.com\/revista\/category\/guate-nuestra\/\" target=\"_blank\" rel=\"noopener\">Usa manteles t\u00edpicos, cer\u00e1micas de colores, artesan\u00edas de madera y flores como el anturio o la flor de Pascua,<\/a> que crece en la regi\u00f3n. Estos detalles no solo le dar\u00e1n un ambiente especial a la celebraci\u00f3n, sino que recordar\u00e1n tus ra\u00edces y agregar\u00e1n colorido al entorno.<\/p>\t\t\t\t\t\t\t\t<\/div>\n\t\t\t\t\t<\/div>\n\t\t\t\t<\/div>\n\t\t<div data-particle_enable=\"false\" data-particle-mobile-disabled=\"false\" class=\"elementor-element elementor-element-90c6ebb e-flex e-con-boxed e-con e-parent\" data-id=\"90c6ebb\" data-element_type=\"container\" data-e-type=\"container\">\n\t\t\t\t\t<div class=\"e-con-inner\">\n\t\t\t\t<div class=\"elementor-element elementor-element-02f36b9 elementor-widget elementor-widget-heading\" data-id=\"02f36b9\" data-element_type=\"widget\" data-e-type=\"widget\" data-widget_type=\"heading.default\">\n\t\t\t\t\t<h3 class=\"elementor-heading-title elementor-size-default\">4. Incorpora m\u00fasica guatemalteca<\/h3>\t\t\t\t<\/div>\n\t\t\t\t\t<\/div>\n\t\t\t\t<\/div>\n\t\t<div data-particle_enable=\"false\" data-particle-mobile-disabled=\"false\" class=\"elementor-element elementor-element-258b2d6 e-flex e-con-boxed e-con e-parent\" data-id=\"258b2d6\" data-element_type=\"container\" data-e-type=\"container\">\n\t\t\t\t\t<div class=\"e-con-inner\">\n\t\t\t\t<div class=\"elementor-element elementor-element-77265aa elementor-widget elementor-widget-text-editor\" data-id=\"77265aa\" data-element_type=\"widget\" data-e-type=\"widget\" data-widget_type=\"text-editor.default\">\n\t\t\t\t\t\t\t\t\t<p>Para hacer que el ambiente sea realmente familiar, puedes poner m\u00fasica de marimba, canciones de grupos guatemaltecos o baladas que evoquen la nostalgia de tu tierra. Si la familia est\u00e1 acostumbrada a celebrar con m\u00fasica, <a href=\"https:\/\/soymigrante.com\/revista\/category\/guate-nuestra\/\" target=\"_blank\" rel=\"noopener\">este detalle puede ser un toque emotivo que haga que todos se sientan m\u00e1s cerca de casa.<\/a><\/p>\t\t\t\t\t\t\t\t<\/div>\n\t\t\t\t\t<\/div>\n\t\t\t\t<\/div>\n\t\t<div data-particle_enable=\"false\" data-particle-mobile-disabled=\"false\" class=\"elementor-element elementor-element-8f5ced3 e-flex e-con-boxed e-con e-parent\" data-id=\"8f5ced3\" data-element_type=\"container\" data-e-type=\"container\">\n\t\t\t\t\t<div class=\"e-con-inner\">\n\t\t\t\t<div class=\"elementor-element elementor-element-858e5aa elementor-grid-eael-col-1 elementor-grid-tablet-eael-col-2 elementor-grid-mobile-eael-col-1 elementor-widget elementor-widget-eael-post-grid\" data-id=\"858e5aa\" data-element_type=\"widget\" data-e-type=\"widget\" data-settings=\"{&quot;eael_post_grid_columns&quot;:&quot;eael-col-1&quot;,&quot;eael_post_grid_columns_tablet&quot;:&quot;eael-col-2&quot;,&quot;eael_post_grid_columns_mobile&quot;:&quot;eael-col-1&quot;}\" data-widget_type=\"eael-post-grid.default\">\n\t\t\t\t\t<div id=\"eael-post-grid-858e5aa\" class=\"eael-post-grid-container\">\n            <div class=\"eael-post-grid eael-post-appender eael-post-appender-858e5aa eael-post-grid-style-one\" data-layout-mode=\"masonry\"><article class=\"eael-grid-post  eael-post-grid-column eael-pg-post-10598 category-guate-nuestra\" data-id=\"10598\">\n        <div class=\"eael-grid-post-holder\">\n            <div class=\"eael-grid-post-holder-inner\"><div class=\"eael-entry-media\"><div class=\"eael-entry-overlay fade-in\"><i class=\"far fa-hand-pointer\" aria-hidden=\"true\"><\/i><a href=\"https:\/\/soymigrante.com\/revista\/siete-canciones-dedicadas-a-guatemala-que-alegran-emocionan-y-unen\/\"><\/a><\/div><div class=\"eael-entry-thumbnail \">\n                <img decoding=\"async\" width=\"1024\" height=\"1024\" src=\"https:\/\/soymigrante.com\/revista\/wp-content\/uploads\/2024\/10\/quetzal-canciones-guatemala-1024x1024.webp\" class=\"attachment-large size-large wp-image-10599\" alt=\"Colorido p\u00e1jaro de selva con plumaje verde, azul y negro posado en rama cubierta de musgo en un bosque tropical.\" srcset=\"https:\/\/soymigrante.com\/revista\/wp-content\/uploads\/2024\/10\/quetzal-canciones-guatemala-1024x1024.webp 1024w, https:\/\/soymigrante.com\/revista\/wp-content\/uploads\/2024\/10\/quetzal-canciones-guatemala-300x300.webp 300w, https:\/\/soymigrante.com\/revista\/wp-content\/uploads\/2024\/10\/quetzal-canciones-guatemala-150x150.webp 150w, https:\/\/soymigrante.com\/revista\/wp-content\/uploads\/2024\/10\/quetzal-canciones-guatemala-768x768.webp 768w, https:\/\/soymigrante.com\/revista\/wp-content\/uploads\/2024\/10\/quetzal-canciones-guatemala-1536x1536.webp 1536w, https:\/\/soymigrante.com\/revista\/wp-content\/uploads\/2024\/10\/quetzal-canciones-guatemala.webp 1920w, https:\/\/soymigrante.com\/revista\/wp-content\/uploads\/2024\/10\/quetzal-canciones-guatemala-75x75.webp 75w, https:\/\/soymigrante.com\/revista\/wp-content\/uploads\/2024\/10\/quetzal-canciones-guatemala-750x750.webp 750w, https:\/\/soymigrante.com\/revista\/wp-content\/uploads\/2024\/10\/quetzal-canciones-guatemala-1140x1140.jpg 1140w\" sizes=\"(max-width: 1024px) 100vw, 1024px\" \/>\n            <\/div>\n        <\/div><div class=\"eael-entry-wrapper\"><header class=\"eael-entry-header\"><h2 class=\"eael-entry-title\"><a class=\"eael-grid-post-link\" href=\"https:\/\/soymigrante.com\/revista\/siete-canciones-dedicadas-a-guatemala-que-alegran-emocionan-y-unen\/\" title=\"Siete canciones dedicadas a Guatemala que alegran, emocionan y unen\">Siete canciones dedicadas a Guatemala que alegran, emocionan y unen<\/a><\/h2><\/header><div class=\"eael-entry-content\">\n                        <div class=\"eael-grid-post-excerpt\"><a href=\"https:\/\/soymigrante.com\/revista\/siete-canciones-dedicadas-a-guatemala-que-alegran-emocionan-y-unen\/\" class=\"eael-post-elements-readmore-btn\">CONOCE SU HISTORIA <\/a><\/div>\n                    <\/div><\/div><\/div>\n        <\/div>\n    <\/article><\/div>\n            <div class=\"clearfix\"><\/div>\n        <\/div>\t\t\t\t<\/div>\n\t\t\t\t\t<\/div>\n\t\t\t\t<\/div>\n\t\t<div data-particle_enable=\"false\" data-particle-mobile-disabled=\"false\" class=\"elementor-element elementor-element-f7559f4 e-flex e-con-boxed e-con e-parent\" data-id=\"f7559f4\" data-element_type=\"container\" data-e-type=\"container\">\n\t\t\t\t\t<div class=\"e-con-inner\">\n\t\t\t\t<div class=\"elementor-element elementor-element-7ce683f elementor-widget elementor-widget-heading\" data-id=\"7ce683f\" data-element_type=\"widget\" data-e-type=\"widget\" data-widget_type=\"heading.default\">\n\t\t\t\t\t<h3 class=\"elementor-heading-title elementor-size-default\">5. Invita a tus amigos americanos a conocer tus costumbres<\/h3>\t\t\t\t<\/div>\n\t\t\t\t\t<\/div>\n\t\t\t\t<\/div>\n\t\t<div data-particle_enable=\"false\" data-particle-mobile-disabled=\"false\" class=\"elementor-element elementor-element-6b4753c e-flex e-con-boxed e-con e-parent\" data-id=\"6b4753c\" data-element_type=\"container\" data-e-type=\"container\">\n\t\t\t\t\t<div class=\"e-con-inner\">\n\t\t\t\t<div class=\"elementor-element elementor-element-dced819 elementor-widget elementor-widget-text-editor\" data-id=\"dced819\" data-element_type=\"widget\" data-e-type=\"widget\" data-widget_type=\"text-editor.default\">\n\t\t\t\t\t\t\t\t\t<p><a href=\"https:\/\/soymigrante.com\/revista\/category\/guate-nuestra\/\" target=\"_blank\" rel=\"noopener\">Invitar a amigos o colegas estadounidenses a esta celebraci\u00f3n puede ser una buena forma de compartir tu cultura.<\/a> Presentarles platillos guatemaltecos o ense\u00f1arles palabras en espa\u00f1ol y explicaciones sobre tus tradiciones puede crear un ambiente de intercambio cultural. As\u00ed, el D\u00eda de Acci\u00f3n de Gracias se convierte en una experiencia enriquecedora tanto para ti como para ellos.<\/p>\t\t\t\t\t\t\t\t<\/div>\n\t\t\t\t\t<\/div>\n\t\t\t\t<\/div>\n\t\t<div data-particle_enable=\"false\" data-particle-mobile-disabled=\"false\" class=\"elementor-element elementor-element-53529c5 e-flex e-con-boxed e-con e-parent\" data-id=\"53529c5\" data-element_type=\"container\" data-e-type=\"container\">\n\t\t\t\t\t<div class=\"e-con-inner\">\n\t\t\t\t<div class=\"elementor-element elementor-element-3e60673 elementor-widget elementor-widget-image\" data-id=\"3e60673\" data-element_type=\"widget\" data-e-type=\"widget\" data-widget_type=\"image.default\">\n\t\t\t\t\t\t\t\t\t\t\t\t<figure class=\"wp-caption\">\n\t\t\t\t\t\t\t\t\t\t<img decoding=\"async\" width=\"768\" height=\"512\" src=\"https:\/\/soymigrante.com\/revista\/wp-content\/uploads\/2024\/11\/Asi\u0301-pueden-celebrar-el-Di\u0301a-de-Accio\u0301n-de-Gracias-los-migrantes-1-1024x682.jpeg\" class=\"attachment-large size-large wp-image-12203\" alt=\"As\u00ed pueden celebrar el D\u00eda de Acci\u00f3n de Gracias los migrantes\" srcset=\"https:\/\/soymigrante.com\/revista\/wp-content\/uploads\/2024\/11\/Asi\u0301-pueden-celebrar-el-Di\u0301a-de-Accio\u0301n-de-Gracias-los-migrantes-1-1024x682.jpeg 1024w, https:\/\/soymigrante.com\/revista\/wp-content\/uploads\/2024\/11\/Asi\u0301-pueden-celebrar-el-Di\u0301a-de-Accio\u0301n-de-Gracias-los-migrantes-1-300x200.webp 300w, https:\/\/soymigrante.com\/revista\/wp-content\/uploads\/2024\/11\/Asi\u0301-pueden-celebrar-el-Di\u0301a-de-Accio\u0301n-de-Gracias-los-migrantes-1-768x512.jpeg 768w, https:\/\/soymigrante.com\/revista\/wp-content\/uploads\/2024\/11\/Asi\u0301-pueden-celebrar-el-Di\u0301a-de-Accio\u0301n-de-Gracias-los-migrantes-1-1536x1023.jpeg 1536w, https:\/\/soymigrante.com\/revista\/wp-content\/uploads\/2024\/11\/Asi\u0301-pueden-celebrar-el-Di\u0301a-de-Accio\u0301n-de-Gracias-los-migrantes-1-750x500.webp 750w, https:\/\/soymigrante.com\/revista\/wp-content\/uploads\/2024\/11\/Asi\u0301-pueden-celebrar-el-Di\u0301a-de-Accio\u0301n-de-Gracias-los-migrantes-1-1140x760.jpeg 1140w, https:\/\/soymigrante.com\/revista\/wp-content\/uploads\/2024\/11\/Asi\u0301-pueden-celebrar-el-Di\u0301a-de-Accio\u0301n-de-Gracias-los-migrantes-1.webp 1600w\" sizes=\"(max-width: 768px) 100vw, 768px\" title=\"As\u00ed pueden celebrar el D\u00eda de Acci\u00f3n de Gracias los migrantes \u2013 SoyMigrante.com REVISTA\" \/>\t\t\t\t\t\t\t\t\t\t\t<figcaption class=\"widget-image-caption wp-caption-text\">Foto: Pexels<\/figcaption>\n\t\t\t\t\t\t\t\t\t\t<\/figure>\n\t\t\t\t\t\t\t\t\t<\/div>\n\t\t\t\t\t<\/div>\n\t\t\t\t<\/div>\n\t\t<div data-particle_enable=\"false\" data-particle-mobile-disabled=\"false\" class=\"elementor-element elementor-element-bd47c41 e-flex e-con-boxed e-con e-parent\" data-id=\"bd47c41\" data-element_type=\"container\" data-e-type=\"container\">\n\t\t\t\t\t<div class=\"e-con-inner\">\n\t\t\t\t<div class=\"elementor-element elementor-element-5b16847 elementor-widget elementor-widget-heading\" data-id=\"5b16847\" data-element_type=\"widget\" data-e-type=\"widget\" data-widget_type=\"heading.default\">\n\t\t\t\t\t<h3 class=\"elementor-heading-title elementor-size-default\">6. Resalta el valor de la comunidad y el apoyo entre migrantes<\/h3>\t\t\t\t<\/div>\n\t\t\t\t\t<\/div>\n\t\t\t\t<\/div>\n\t\t<div data-particle_enable=\"false\" data-particle-mobile-disabled=\"false\" class=\"elementor-element elementor-element-87d548c e-flex e-con-boxed e-con e-parent\" data-id=\"87d548c\" data-element_type=\"container\" data-e-type=\"container\">\n\t\t\t\t\t<div class=\"e-con-inner\">\n\t\t\t\t<div class=\"elementor-element elementor-element-a9adbce elementor-widget elementor-widget-text-editor\" data-id=\"a9adbce\" data-element_type=\"widget\" data-e-type=\"widget\" data-widget_type=\"text-editor.default\">\n\t\t\t\t\t\t\t\t\t<p>Los guatemaltecos suelen encontrar en su comunidad de migrantes un apoyo fundamental. <a href=\"https:\/\/soymigrante.com\/revista\/category\/guate-nuestra\/\" target=\"_blank\" rel=\"noopener\">Esta celebraci\u00f3n puede ser la ocasi\u00f3n perfecta para reunirte con amigos que, como t\u00fa, dejaron su tierra.<\/a> En muchas ciudades estadounidenses, las comunidades guatemaltecas organizan eventos, cenas o misas especiales de Acci\u00f3n de Gracias, donde se destaca el sentido de unidad y solidaridad que caracteriza a los migrantes.<\/p>\t\t\t\t\t\t\t\t<\/div>\n\t\t\t\t\t<\/div>\n\t\t\t\t<\/div>\n\t\t<div data-particle_enable=\"false\" data-particle-mobile-disabled=\"false\" class=\"elementor-element elementor-element-2035f99 e-flex e-con-boxed e-con e-parent\" data-id=\"2035f99\" data-element_type=\"container\" data-e-type=\"container\">\n\t\t\t\t\t<div class=\"e-con-inner\">\n\t\t\t\t<div class=\"elementor-element elementor-element-1bba9df elementor-widget elementor-widget-heading\" data-id=\"1bba9df\" data-element_type=\"widget\" data-e-type=\"widget\" data-widget_type=\"heading.default\">\n\t\t\t\t\t<h3 class=\"elementor-heading-title elementor-size-default\">7. Comparte en redes sociales para mantener el contacto con familiares en Guatemala<\/h3>\t\t\t\t<\/div>\n\t\t\t\t\t<\/div>\n\t\t\t\t<\/div>\n\t\t<div data-particle_enable=\"false\" data-particle-mobile-disabled=\"false\" class=\"elementor-element elementor-element-dcc6abc e-flex e-con-boxed e-con e-parent\" data-id=\"dcc6abc\" data-element_type=\"container\" data-e-type=\"container\">\n\t\t\t\t\t<div class=\"e-con-inner\">\n\t\t\t\t<div class=\"elementor-element elementor-element-90d2d2a elementor-widget elementor-widget-text-editor\" data-id=\"90d2d2a\" data-element_type=\"widget\" data-e-type=\"widget\" data-widget_type=\"text-editor.default\">\n\t\t\t\t\t\t\t\t\t<p>Si tienes familiares o amigos que no pueden estar contigo en este d\u00eda, puedes usar las redes sociales para compartir fotos o mensajes de gratitud. <a href=\"https:\/\/soymigrante.com\/revista\/category\/guate-nuestra\/\" target=\"_blank\" rel=\"noopener\">Enviar un mensaje de cari\u00f1o y recordarles lo importantes que son en tu vida ayuda a mantener el v\u00ednculo emocional.<\/a> Adem\u00e1s, las redes sociales pueden ser un puente que te permite sentirte conectado con quienes est\u00e1n lejos.<\/p>\t\t\t\t\t\t\t\t<\/div>\n\t\t\t\t\t<\/div>\n\t\t\t\t<\/div>\n\t\t<div data-particle_enable=\"false\" data-particle-mobile-disabled=\"false\" class=\"elementor-element elementor-element-5416f26 e-flex e-con-boxed e-con e-parent\" data-id=\"5416f26\" data-element_type=\"container\" data-e-type=\"container\">\n\t\t\t\t\t<div class=\"e-con-inner\">\n\t\t\t\t<div class=\"elementor-element elementor-element-0d98986 elementor-widget elementor-widget-video\" data-id=\"0d98986\" data-element_type=\"widget\" data-e-type=\"widget\" data-settings=\"{&quot;youtube_url&quot;:&quot;https:\\\/\\\/www.youtube.com\\\/watch?v=Um8HxbCGKEg&quot;,&quot;video_type&quot;:&quot;youtube&quot;,&quot;controls&quot;:&quot;yes&quot;}\" data-widget_type=\"video.default\">\n\t\t\t\t\t\t\t<div class=\"elementor-wrapper elementor-open-inline\">\n\t\t\t<div class=\"elementor-video\"><\/div>\t\t<\/div>\n\t\t\t\t\t\t<\/div>\n\t\t\t\t\t<\/div>\n\t\t\t\t<\/div>\n\t\t<div data-particle_enable=\"false\" data-particle-mobile-disabled=\"false\" class=\"elementor-element elementor-element-845d039 e-flex e-con-boxed e-con e-parent\" data-id=\"845d039\" data-element_type=\"container\" data-e-type=\"container\">\n\t\t\t\t\t<div class=\"e-con-inner\">\n\t\t\t\t<div class=\"elementor-element elementor-element-45e5b6a elementor-widget elementor-widget-heading\" data-id=\"45e5b6a\" data-element_type=\"widget\" data-e-type=\"widget\" data-widget_type=\"heading.default\">\n\t\t\t\t\t<h3 class=\"elementor-heading-title elementor-size-default\">8. Haz un momento de reflexi\u00f3n personal<\/h3>\t\t\t\t<\/div>\n\t\t\t\t\t<\/div>\n\t\t\t\t<\/div>\n\t\t<div data-particle_enable=\"false\" data-particle-mobile-disabled=\"false\" class=\"elementor-element elementor-element-2cd22dd e-flex e-con-boxed e-con e-parent\" data-id=\"2cd22dd\" data-element_type=\"container\" data-e-type=\"container\">\n\t\t\t\t\t<div class=\"e-con-inner\">\n\t\t\t\t<div class=\"elementor-element elementor-element-b39185b elementor-widget elementor-widget-text-editor\" data-id=\"b39185b\" data-element_type=\"widget\" data-e-type=\"widget\" data-widget_type=\"text-editor.default\">\n\t\t\t\t\t\t\t\t\t<p>Para muchos guatemaltecos, la migraci\u00f3n representa sacrificio, trabajo arduo y sue\u00f1os por cumplir. Dedica un momento de este d\u00eda para reflexionar sobre todo lo que has logrado y agradecer por cada paso en tu viaje. <a href=\"https:\/\/soymigrante.com\/revista\/category\/guate-nuestra\/\" target=\"_blank\" rel=\"noopener\">Esta pr\u00e1ctica te permitir\u00e1 conectar con tus sentimientos y recargar energ\u00edas para el futuro.<\/a><\/p>\t\t\t\t\t\t\t\t<\/div>\n\t\t\t\t\t<\/div>\n\t\t\t\t<\/div>\n\t\t<div data-particle_enable=\"false\" data-particle-mobile-disabled=\"false\" class=\"elementor-element elementor-element-5881bd8 e-flex e-con-boxed e-con e-parent\" data-id=\"5881bd8\" data-element_type=\"container\" data-e-type=\"container\">\n\t\t\t\t\t<div class=\"e-con-inner\">\n\t\t\t\t<div class=\"elementor-element elementor-element-6016e31 elementor-widget elementor-widget-heading\" data-id=\"6016e31\" data-element_type=\"widget\" data-e-type=\"widget\" data-widget_type=\"heading.default\">\n\t\t\t\t\t<h3 class=\"elementor-heading-title elementor-size-default\">9. Incorpora un postre con sabor a Guatemala<\/h3>\t\t\t\t<\/div>\n\t\t\t\t\t<\/div>\n\t\t\t\t<\/div>\n\t\t<div data-particle_enable=\"false\" data-particle-mobile-disabled=\"false\" class=\"elementor-element elementor-element-46a358f e-flex e-con-boxed e-con e-parent\" data-id=\"46a358f\" data-element_type=\"container\" data-e-type=\"container\">\n\t\t\t\t\t<div class=\"e-con-inner\">\n\t\t\t\t<div class=\"elementor-element elementor-element-98811f7 elementor-widget elementor-widget-text-editor\" data-id=\"98811f7\" data-element_type=\"widget\" data-e-type=\"widget\" data-widget_type=\"text-editor.default\">\n\t\t\t\t\t\t\t\t\t<p>Termina la cena con un postre tradicional guatemalteco, como los bu\u00f1uelos, las torrejas o el atol de elote, para darle un cierre especial a la celebraci\u00f3n. <a href=\"https:\/\/soymigrante.com\/revista\/category\/guate-nuestra\/\" target=\"_blank\" rel=\"noopener\">Estos sabores traer\u00e1n recuerdos de tu pa\u00eds y ser\u00e1n un detalle encantador para tus invitados.<\/a><\/p>\t\t\t\t\t\t\t\t<\/div>\n\t\t\t\t\t<\/div>\n\t\t\t\t<\/div>\n\t\t<div data-particle_enable=\"false\" data-particle-mobile-disabled=\"false\" class=\"elementor-element elementor-element-a5db39a e-flex e-con-boxed e-con e-parent\" data-id=\"a5db39a\" data-element_type=\"container\" data-e-type=\"container\">\n\t\t\t\t\t<div class=\"e-con-inner\">\n\t\t\t\t<div class=\"elementor-element elementor-element-41fbb09 elementor-grid-eael-col-1 elementor-grid-tablet-eael-col-2 elementor-grid-mobile-eael-col-1 elementor-widget elementor-widget-eael-post-grid\" data-id=\"41fbb09\" data-element_type=\"widget\" data-e-type=\"widget\" data-settings=\"{&quot;eael_post_grid_columns&quot;:&quot;eael-col-1&quot;,&quot;eael_post_grid_columns_tablet&quot;:&quot;eael-col-2&quot;,&quot;eael_post_grid_columns_mobile&quot;:&quot;eael-col-1&quot;}\" data-widget_type=\"eael-post-grid.default\">\n\t\t\t\t\t<div id=\"eael-post-grid-41fbb09\" class=\"eael-post-grid-container\">\n            <div class=\"eael-post-grid eael-post-appender eael-post-appender-41fbb09 eael-post-grid-style-one\" data-layout-mode=\"masonry\"><article class=\"eael-grid-post  eael-post-grid-column eael-pg-post-7781 category-recetas-guatemaltecas\" data-id=\"7781\">\n        <div class=\"eael-grid-post-holder\">\n            <div class=\"eael-grid-post-holder-inner\"><div class=\"eael-entry-media\"><div class=\"eael-entry-overlay fade-in\"><i class=\"far fa-hand-pointer\" aria-hidden=\"true\"><\/i><a href=\"https:\/\/soymigrante.com\/revista\/tamales-de-guatemala-variedad-y-recetas-de-una-tradicion-de-sabor\/\"><\/a><\/div><div class=\"eael-entry-thumbnail \">\n                <img loading=\"lazy\" decoding=\"async\" width=\"480\" height=\"480\" src=\"https:\/\/soymigrante.com\/revista\/wp-content\/uploads\/2024\/08\/tamales-de-Guatemala.webp\" class=\"attachment-large size-large wp-image-7782\" alt=\"Mochilas de hoja de pl\u00e1tano envueltas en cuerda, utilizadas en festividades tradicionales mexicanas y eventos culturales. Perfectas para specialidades gastron\u00f3micas y celebraciones folcl\u00f3ricas.\" srcset=\"https:\/\/soymigrante.com\/revista\/wp-content\/uploads\/2024\/08\/tamales-de-Guatemala.webp 480w, https:\/\/soymigrante.com\/revista\/wp-content\/uploads\/2024\/08\/tamales-de-Guatemala-300x300.webp 300w, https:\/\/soymigrante.com\/revista\/wp-content\/uploads\/2024\/08\/tamales-de-Guatemala-150x150.webp 150w, https:\/\/soymigrante.com\/revista\/wp-content\/uploads\/2024\/08\/tamales-de-Guatemala-75x75.webp 75w\" sizes=\"(max-width: 480px) 100vw, 480px\" \/>\n            <\/div>\n        <\/div><div class=\"eael-entry-wrapper\"><header class=\"eael-entry-header\"><h2 class=\"eael-entry-title\"><a class=\"eael-grid-post-link\" href=\"https:\/\/soymigrante.com\/revista\/tamales-de-guatemala-variedad-y-recetas-de-una-tradicion-de-sabor\/\" title=\"Tamales guatemaltecos: variedad y recetascon una misma tradici\u00f3n sin fronteras\">Tamales guatemaltecos: variedad y recetascon una misma tradici\u00f3n sin fronteras<\/a><\/h2><\/header><div class=\"eael-entry-content\">\n                        <div class=\"eael-grid-post-excerpt\"><a href=\"https:\/\/soymigrante.com\/revista\/tamales-de-guatemala-variedad-y-recetas-de-una-tradicion-de-sabor\/\" class=\"eael-post-elements-readmore-btn\">CONOCE SU HISTORIA <\/a><\/div>\n                    <\/div><\/div><\/div>\n        <\/div>\n    <\/article><\/div>\n            <div class=\"clearfix\"><\/div>\n        <\/div>\t\t\t\t<\/div>\n\t\t\t\t\t<\/div>\n\t\t\t\t<\/div>\n\t\t<div data-particle_enable=\"false\" data-particle-mobile-disabled=\"false\" class=\"elementor-element elementor-element-614c0b7 e-flex e-con-boxed e-con e-parent\" data-id=\"614c0b7\" data-element_type=\"container\" data-e-type=\"container\">\n\t\t\t\t\t<div class=\"e-con-inner\">\n\t\t\t\t<div class=\"elementor-element elementor-element-b00fc29 elementor-widget elementor-widget-heading\" data-id=\"b00fc29\" data-element_type=\"widget\" data-e-type=\"widget\" data-widget_type=\"heading.default\">\n\t\t\t\t\t<h3 class=\"elementor-heading-title elementor-size-default\">10. Involucra a todos en la preparaci\u00f3n de la cena<\/h3>\t\t\t\t<\/div>\n\t\t\t\t\t<\/div>\n\t\t\t\t<\/div>\n\t\t<div data-particle_enable=\"false\" data-particle-mobile-disabled=\"false\" class=\"elementor-element elementor-element-8a6b88b e-flex e-con-boxed e-con e-parent\" data-id=\"8a6b88b\" data-element_type=\"container\" data-e-type=\"container\">\n\t\t\t\t\t<div class=\"e-con-inner\">\n\t\t\t\t<div class=\"elementor-element elementor-element-5bba28c elementor-widget elementor-widget-text-editor\" data-id=\"5bba28c\" data-element_type=\"widget\" data-e-type=\"widget\" data-widget_type=\"text-editor.default\">\n\t\t\t\t\t\t\t\t\t<p>Una forma de fortalecer los lazos familiares y comunitarios <a href=\"https:\/\/soymigrante.com\/revista\/category\/guate-nuestra\/\" target=\"_blank\" rel=\"noopener\">es asignar a cada persona una tarea para la preparaci\u00f3n de la cena.<\/a> Ya sea que alguien se encargue de cocinar un platillo especial o que los ni\u00f1os ayuden a decorar, este proceso colaborativo har\u00e1 que todos se sientan involucrados y que la cena de Acci\u00f3n de Gracias sea un esfuerzo conjunto, lleno de amor y dedicaci\u00f3n.<\/p>\t\t\t\t\t\t\t\t<\/div>\n\t\t\t\t\t<\/div>\n\t\t\t\t<\/div>\n\t\t<div data-particle_enable=\"false\" data-particle-mobile-disabled=\"false\" class=\"elementor-element elementor-element-9b7dcf6 e-flex e-con-boxed e-con e-parent\" data-id=\"9b7dcf6\" data-element_type=\"container\" data-e-type=\"container\">\n\t\t\t\t\t<div class=\"e-con-inner\">\n\t\t\t\t<div class=\"elementor-element elementor-element-1943e56 elementor-widget elementor-widget-video\" data-id=\"1943e56\" data-element_type=\"widget\" data-e-type=\"widget\" data-settings=\"{&quot;youtube_url&quot;:&quot;https:\\\/\\\/www.youtube.com\\\/watch?v=URZauoNK3bY&quot;,&quot;video_type&quot;:&quot;youtube&quot;,&quot;controls&quot;:&quot;yes&quot;}\" data-widget_type=\"video.default\">\n\t\t\t\t\t\t\t<div class=\"elementor-wrapper elementor-open-inline\">\n\t\t\t<div class=\"elementor-video\"><\/div>\t\t<\/div>\n\t\t\t\t\t\t<\/div>\n\t\t\t\t\t<\/div>\n\t\t\t\t<\/div>\n\t\t<div data-particle_enable=\"false\" data-particle-mobile-disabled=\"false\" class=\"elementor-element elementor-element-74d4394 e-flex e-con-boxed e-con e-parent\" data-id=\"74d4394\" data-element_type=\"container\" data-e-type=\"container\">\n\t\t\t\t\t<div class=\"e-con-inner\">\n\t\t\t\t<div class=\"elementor-element elementor-element-c1b4c7d elementor-widget elementor-widget-text-editor\" data-id=\"c1b4c7d\" data-element_type=\"widget\" data-e-type=\"widget\" data-widget_type=\"text-editor.default\">\n\t\t\t\t\t\t\t\t\t<p>La mezcla de tradiciones permite honrar la gratitud, la familia y los sue\u00f1os. En este d\u00eda, agradecer por las oportunidades y recordar las ra\u00edces fortalece el esp\u00edritu y da sentido a la vida en el extranjero.<\/p>\t\t\t\t\t\t\t\t<\/div>\n\t\t\t\t\t<\/div>\n\t\t\t\t<\/div>\n\t\t<div data-particle_enable=\"false\" data-particle-mobile-disabled=\"false\" class=\"elementor-element elementor-element-a685f01 e-flex e-con-boxed e-con e-parent\" data-id=\"a685f01\" data-element_type=\"container\" data-e-type=\"container\">\n\t\t\t\t\t<div class=\"e-con-inner\">\n\t\t\t\t<div class=\"elementor-element elementor-element-7fb2e99 elementor-widget elementor-widget-heading\" data-id=\"7fb2e99\" data-element_type=\"widget\" data-e-type=\"widget\" data-widget_type=\"heading.default\">\n\t\t\t\t\t<h2 class=\"elementor-heading-title elementor-size-default\">Riqueza cultural ilimitada guatemalteca<\/h2>\t\t\t\t<\/div>\n\t\t\t\t\t<\/div>\n\t\t\t\t<\/div>\n\t\t<div data-particle_enable=\"false\" data-particle-mobile-disabled=\"false\" class=\"elementor-element elementor-element-a1e0c6f e-flex e-con-boxed e-con e-parent\" data-id=\"a1e0c6f\" data-element_type=\"container\" data-e-type=\"container\">\n\t\t\t\t\t<div class=\"e-con-inner\">\n\t\t\t\t<div class=\"elementor-element elementor-element-30b9a1d elementor-widget elementor-widget-blfe-post-grid\" data-id=\"30b9a1d\" data-element_type=\"widget\" data-e-type=\"widget\" data-settings=\"{&quot;columns&quot;:&quot;3&quot;,&quot;columns_tablet&quot;:&quot;6&quot;,&quot;columns_mobile&quot;:&quot;12&quot;,&quot;hero1_layout_column_gap&quot;:{&quot;unit&quot;:&quot;px&quot;,&quot;size&quot;:30,&quot;sizes&quot;:[]},&quot;hero1_layout_column_gap_tablet&quot;:{&quot;unit&quot;:&quot;px&quot;,&quot;size&quot;:&quot;&quot;,&quot;sizes&quot;:[]},&quot;hero1_layout_column_gap_mobile&quot;:{&quot;unit&quot;:&quot;px&quot;,&quot;size&quot;:&quot;&quot;,&quot;sizes&quot;:[]},&quot;hero1_layout_row_gap&quot;:{&quot;unit&quot;:&quot;px&quot;,&quot;size&quot;:30,&quot;sizes&quot;:[]},&quot;hero1_layout_row_gap_tablet&quot;:{&quot;unit&quot;:&quot;px&quot;,&quot;size&quot;:&quot;&quot;,&quot;sizes&quot;:[]},&quot;hero1_layout_row_gap_mobile&quot;:{&quot;unit&quot;:&quot;px&quot;,&quot;size&quot;:&quot;&quot;,&quot;sizes&quot;:[]}}\" data-widget_type=\"blfe-post-grid.hero1\">\n\t\t\t\t<div class=\"elementor-widget-container\">\n\t\t\t\t\t\n                        <div class=\"blfe-post-grid-container \">\n            \n                <div data-skin=\"hero1\" class=\"blfe-row blfe-posts-inner blfe-hero1 blfe-posts-inner blfe-col-3 blfe-col-tab-6 blfe-col-mob-12     \">\n                            <div class=\"blfe-post-grid-item\">\n            <div class=\"blfe-post-grid-item-inner blfe-modern-zoom\">\n                        <div class=\"blfe-post-grid-bg-image\">\n            <a class=\"blfe-post-grid-image-inner\" href=\"https:\/\/soymigrante.com\/revista\/si-tienes-un-sueno-siguelo-el-emotivo-mensaje-de-francisco-paez-de-malacates-a-los-jovenes\/\" title=\"Si tienes un sue\u00f1o, s\u00edguelo: el emotivo mensaje de Francisco P\u00e1ez de Malacates a los j\u00f3venes\" rel=\"nofollow\" target=\"_blank\"><img decoding=\"async\" src=\"https:\/\/soymigrante.com\/revista\/wp-content\/uploads\/2025\/08\/Captura-de-pantalla-2025-08-11-152506-e1754947632910.webp\" alt=\"Si tienes un sue\u00f1o, s\u00edguelo: el emotivo mensaje de Francisco P\u00e1ez de Malacates a los j\u00f3venes\"\/><\/a>        <\/div>\n                        <div class=\"blfe-post-grid-details\">\n                    <div class=\"blfe-post-grid-details-inner\">\n                        <span class=\"blfe-post-category\"><a href=\"https:\/\/soymigrante.com\/revista\/category\/guate-nuestra\/\">Guate Nuestra<\/a><\/span>                        <h3 class=\"blfe-post-grid-title\">\n            <a href=\"https:\/\/soymigrante.com\/revista\/si-tienes-un-sueno-siguelo-el-emotivo-mensaje-de-francisco-paez-de-malacates-a-los-jovenes\/\" title=\"Si tienes un sue\u00f1o, s\u00edguelo: el emotivo mensaje de Francisco P\u00e1ez de Malacates a los j\u00f3venes\" rel=\"nofollow\" target=\"_blank\">Si tienes un sue\u00f1o, s\u00edguelo: el emotivo mensaje de Francisco P\u00e1ez de Malacates a los j\u00f3venes<\/a>\n            <\/h3>                                                            <div class=\"blfe-post-grid-meta\">\n                <span class=\"blfe-post-grid-time\"><i class=\"fas fa-book-reader\"><\/i>4 Min read<\/span>            <\/div>\n                                                        <\/div>\n                <\/div>\n\n            <\/div>\n        <\/div>\n                <div class=\"blfe-post-grid-item\">\n            <div class=\"blfe-post-grid-item-inner blfe-modern-zoom\">\n                        <div class=\"blfe-post-grid-bg-image\">\n            <a class=\"blfe-post-grid-image-inner\" href=\"https:\/\/soymigrante.com\/revista\/eres-turista-o-estas-de-visita-en-guatemala-asi-puedes-obtener-un-chip-de-celular\/\" title=\"\u00bfEres turista o est\u00e1s de visita en Guatemala? As\u00ed puedes obtener un chip de celular\" rel=\"nofollow\" target=\"_blank\"><img decoding=\"async\" src=\"https:\/\/soymigrante.com\/revista\/wp-content\/uploads\/2025\/05\/Vas-a-viajar-a-Guatemala-Esto-es-lo-que-debes-saber-antes-de-tu-visita2-e1748292275452.webp\" alt=\"\u00bfEres turista o est\u00e1s de visita en Guatemala? As\u00ed puedes obtener un chip de celular\"\/><\/a>        <\/div>\n                        <div class=\"blfe-post-grid-details\">\n                    <div class=\"blfe-post-grid-details-inner\">\n                        <span class=\"blfe-post-category\"><a href=\"https:\/\/soymigrante.com\/revista\/category\/guate-nuestra\/\">Guate Nuestra<\/a><\/span>                        <h3 class=\"blfe-post-grid-title\">\n            <a href=\"https:\/\/soymigrante.com\/revista\/eres-turista-o-estas-de-visita-en-guatemala-asi-puedes-obtener-un-chip-de-celular\/\" title=\"\u00bfEres turista o est\u00e1s de visita en Guatemala? As\u00ed puedes obtener un chip de celular\" rel=\"nofollow\" target=\"_blank\">\u00bfEres turista o est\u00e1s de visita en Guatemala? As\u00ed puedes obtener un chip de celular<\/a>\n            <\/h3>                                                            <div class=\"blfe-post-grid-meta\">\n                <span class=\"blfe-post-grid-time\"><i class=\"fas fa-book-reader\"><\/i>4 Min read<\/span>            <\/div>\n                                                        <\/div>\n                <\/div>\n\n            <\/div>\n        <\/div>\n                <div class=\"blfe-post-grid-item\">\n            <div class=\"blfe-post-grid-item-inner blfe-modern-zoom\">\n                        <div class=\"blfe-post-grid-bg-image\">\n            <a class=\"blfe-post-grid-image-inner\" href=\"https:\/\/soymigrante.com\/revista\/la-flor-de-ayote-un-super-ingrediente-de-la-gastronomia-guatemalteca\/\" title=\"La Flor de Ayote: un super ingrediente de la gastronom\u00eda guatemalteca\" rel=\"nofollow\" target=\"_blank\"><img decoding=\"async\" src=\"https:\/\/soymigrante.com\/revista\/wp-content\/uploads\/2024\/12\/Flor-de-ayote-e1733421823771.webp\" alt=\"La Flor de Ayote: un super ingrediente de la gastronom\u00eda guatemalteca\"\/><\/a>        <\/div>\n                        <div class=\"blfe-post-grid-details\">\n                    <div class=\"blfe-post-grid-details-inner\">\n                        <span class=\"blfe-post-category\"><a href=\"https:\/\/soymigrante.com\/revista\/category\/guate-nuestra\/\">Guate Nuestra<\/a><\/span>                        <h3 class=\"blfe-post-grid-title\">\n            <a href=\"https:\/\/soymigrante.com\/revista\/la-flor-de-ayote-un-super-ingrediente-de-la-gastronomia-guatemalteca\/\" title=\"La Flor de Ayote: un super ingrediente de la gastronom\u00eda guatemalteca\" rel=\"nofollow\" target=\"_blank\">La Flor de Ayote: un super ingrediente de la gastronom\u00eda guatemalteca<\/a>\n            <\/h3>                                                            <div class=\"blfe-post-grid-meta\">\n                <span class=\"blfe-post-grid-time\"><i class=\"fas fa-book-reader\"><\/i>4 Min read<\/span>            <\/div>\n                                                        <\/div>\n                <\/div>\n\n            <\/div>\n        <\/div>\n                        <\/div>\n\n                        <\/div>\n            \n                        <div class=\"blfe-post-footer\">\n                        <\/div>\n            \t\t\t\t<\/div>\n\t\t\t\t<\/div>\n\t\t\t\t\t<\/div>\n\t\t\t\t<\/div>\n\t\t\t\t<\/div>\n\t\t","protected":false},"excerpt":{"rendered":"<p>El D\u00eda de Acci\u00f3n de Gracias es una tradici\u00f3n t\u00edpicamente estadounidense pero que surgi\u00f3 a partir de una colonia de migrantes en 1623. Entonces para los migrantes guatemaltecos constituye una oportunidad para adaptarse a una nueva cultura sin perder la propia. El D\u00eda de Acci\u00f3n de Gracias, que en este 2024 ser\u00e1 el jueves 28 [&hellip;]<\/p>\n","protected":false},"author":19,"featured_media":12199,"comment_status":"open","ping_status":"open","sticky":false,"template":"","format":"standard","meta":{"_acf_changed":false,"_eb_attr":"","footnotes":""},"categories":[58],"tags":[],"class_list":["post-12197","post","type-post","status-publish","format-standard","has-post-thumbnail","hentry","category-guate-nuestra"],"acf":[],"aioseo_notices":[],"aioseo_head":"\n\t\t<!-- All in One SEO Pro 4.9.6.2 - aioseo.com -->\n\t<meta name=\"description\" content=\"La flor de ayote es una joya de la comida guatemalteca. Su delicado sabor y su versatilidad la convierten en un ingrediente de sabor y aspecto exquisitos.\" \/>\n\t<meta name=\"robots\" content=\"max-snippet:-1, max-image-preview:large, max-video-preview:-1\" \/>\n\t<meta name=\"author\" content=\"Marysabel Aldana\"\/>\n\t<link rel=\"canonical\" href=\"https:\/\/soymigrante.com\/revista\/la-flor-de-ayote-un-super-ingrediente-de-la-gastronomia-guatemalteca\/\" \/>\n\t<meta name=\"generator\" content=\"All in One SEO Pro (AIOSEO) 4.9.6.2\" \/>\n\n\t\t<link rel=\"preconnect\" href=\"https:\/\/fonts.googleapis.com\" crossorigin>\n<link rel=\"preconnect\" href=\"https:\/\/fonts.gstatic.com\" crossorigin>\n\t\t<meta property=\"og:locale\" content=\"es_ES\" \/>\n\t\t<meta property=\"og:site_name\" content=\"SoyMigrante.com REVISTA \u2013 Nuestra misi\u00f3n es reconocer y dignificar al migrante.\" \/>\n\t\t<meta property=\"og:type\" content=\"article\" \/>\n\t\t<meta property=\"og:title\" content=\"La Flor de Ayote: un super ingrediente de la gastronom\u00eda guatemalteca\" \/>\n\t\t<meta property=\"og:description\" content=\"La flor de ayote es una joya de la comida guatemalteca. Su delicado sabor y su versatilidad la convierten en un ingrediente de sabor y aspecto exquisitos.\" \/>\n\t\t<meta property=\"og:url\" content=\"https:\/\/soymigrante.com\/revista\/la-flor-de-ayote-un-super-ingrediente-de-la-gastronomia-guatemalteca\/\" \/>\n\t\t<meta property=\"og:image\" content=\"https:\/\/soymigrante.com\/revista\/wp-content\/uploads\/2024\/12\/Flor-de-ayote-e1733421823771.webp\" \/>\n\t\t<meta property=\"og:image:secure_url\" content=\"https:\/\/soymigrante.com\/revista\/wp-content\/uploads\/2024\/12\/Flor-de-ayote-e1733421823771.webp\" \/>\n\t\t<meta property=\"og:image:width\" content=\"559\" \/>\n\t\t<meta property=\"og:image:height\" content=\"559\" \/>\n\t\t<meta property=\"article:published_time\" content=\"2024-12-09T18:57:25+00:00\" \/>\n\t\t<meta property=\"article:modified_time\" content=\"2024-12-09T19:01:59+00:00\" \/>\n\t\t<meta property=\"article:publisher\" content=\"https:\/\/www.facebook.com\/soymigrantecom\" \/>\n\t\t<meta name=\"twitter:card\" content=\"summary_large_image\" \/>\n\t\t<meta name=\"twitter:site\" content=\"@SoyMigrante_com\" \/>\n\t\t<meta name=\"twitter:title\" content=\"La Flor de Ayote: un super ingrediente de la gastronom\u00eda guatemalteca\" \/>\n\t\t<meta name=\"twitter:description\" content=\"La flor de ayote es una joya de la comida guatemalteca. Su delicado sabor y su versatilidad la convierten en un ingrediente de sabor y aspecto exquisitos.\" \/>\n\t\t<meta name=\"twitter:creator\" content=\"@SoyMigrante_com\" \/>\n\t\t<meta name=\"twitter:image\" content=\"https:\/\/soymigrante.com\/revista\/wp-content\/uploads\/2024\/12\/Flor-de-ayote-e1733421823771.webp\" \/>\n\t\t<!-- All in One SEO Pro -->\r\n\t\t<title>La Flor de Ayote: un super ingrediente de la gastronom\u00eda guatemalteca<\/title>\n\n","aioseo_head_json":{"title":"La Flor de Ayote: un super ingrediente de la gastronom\u00eda guatemalteca","description":"La flor de ayote es una joya de la comida guatemalteca. Su delicado sabor y su versatilidad la convierten en un ingrediente de sabor y aspecto exquisitos.","canonical_url":"https:\/\/soymigrante.com\/revista\/la-flor-de-ayote-un-super-ingrediente-de-la-gastronomia-guatemalteca\/","robots":"max-snippet:-1, max-image-preview:large, max-video-preview:-1","keywords":"","webmasterTools":{"miscellaneous":"&lt;link rel=\"preconnect\" href=\"https:\/\/fonts.googleapis.com\" crossorigin&gt;\n&lt;link rel=\"preconnect\" href=\"https:\/\/fonts.gstatic.com\" crossorigin&gt;"},"schema":null,"og:locale":"es_ES","og:site_name":"SoyMigrante.com REVISTA \u2013 Nuestra misi\u00f3n es reconocer y dignificar al migrante.","og:type":"article","og:title":"La Flor de Ayote: un super ingrediente de la gastronom\u00eda guatemalteca","og:description":"La flor de ayote es una joya de la comida guatemalteca. Su delicado sabor y su versatilidad la convierten en un ingrediente de sabor y aspecto exquisitos.","og:url":"https:\/\/soymigrante.com\/revista\/la-flor-de-ayote-un-super-ingrediente-de-la-gastronomia-guatemalteca\/","og:image":"https:\/\/soymigrante.com\/revista\/wp-content\/uploads\/2024\/12\/Flor-de-ayote-e1733421823771.webp","og:image:secure_url":"https:\/\/soymigrante.com\/revista\/wp-content\/uploads\/2024\/12\/Flor-de-ayote-e1733421823771.webp","og:image:width":559,"og:image:height":559,"article:published_time":"2024-12-09T18:57:25+00:00","article:modified_time":"2024-12-09T19:01:59+00:00","article:publisher":"https:\/\/www.facebook.com\/soymigrantecom","twitter:card":"summary_large_image","twitter:site":"@SoyMigrante_com","twitter:title":"La Flor de Ayote: un super ingrediente de la gastronom\u00eda guatemalteca","twitter:description":"La flor de ayote es una joya de la comida guatemalteca. Su delicado sabor y su versatilidad la convierten en un ingrediente de sabor y aspecto exquisitos.","twitter:creator":"@SoyMigrante_com","twitter:image":"https:\/\/soymigrante.com\/revista\/wp-content\/uploads\/2024\/12\/Flor-de-ayote-e1733421823771.webp"},"aioseo_meta_data":{"post_id":"12197","title":null,"description":"Para los migrantes guatemaltecos, celebrar el D\u00eda de Acci\u00f3n de Gracias es una manera de adaptarse a una nueva cultura sin perder la propia.","keywords":null,"keyphrases":{"focus":{"keyphrase":"Migrantes","score":82,"analysis":{"keyphraseInTitle":{"score":9,"maxScore":9,"error":0},"keyphraseInDescription":{"score":9,"maxScore":9,"error":0},"keyphraseLength":{"score":9,"maxScore":9,"error":0,"length":1},"keyphraseInURL":{"score":5,"maxScore":5,"error":0},"keyphraseInIntroduction":{"score":3,"maxScore":9,"error":1},"keyphraseInSubHeadings":{"score":3,"maxScore":9,"error":1},"keyphraseInImageAlt":{"score":9,"maxScore":9,"error":0},"keywordDensity":{"type":"best","score":9,"maxScore":9,"error":0}}},"additional":[{"keyphrase":"Acci\u00f3n de gracias","score":100,"analysis":{"keyphraseInDescription":{"score":9,"maxScore":9,"error":0},"keyphraseLength":{"score":9,"maxScore":9,"error":0,"length":4},"keyphraseInIntroduction":{"score":9,"maxScore":9,"error":0},"keyphraseInImageAlt":{"score":9,"maxScore":9,"error":0},"keywordDensity":{"type":"best","score":9,"maxScore":9,"error":0}}},{"keyphrase":"migrantes","score":87,"analysis":{"keyphraseInDescription":{"score":9,"maxScore":9,"error":0},"keyphraseLength":{"score":9,"maxScore":9,"error":0,"length":1},"keyphraseInIntroduction":{"score":3,"maxScore":9,"error":1},"keyphraseInImageAlt":{"score":9,"maxScore":9,"error":0},"keywordDensity":{"type":"best","score":9,"maxScore":9,"error":0}}},{"keyphrase":"Accion de Gracias","score":40,"analysis":{"keyphraseInDescription":{"score":3,"maxScore":9,"error":1},"keyphraseLength":{"score":9,"maxScore":9,"error":0,"length":3},"keyphraseInIntroduction":{"score":3,"maxScore":9,"error":1},"keyphraseInImageAlt":{"score":3,"maxScore":9,"error":1},"keywordDensity":{"score":0,"type":"low","maxScore":9,"error":1}}},{"keyphrase":"D\u00eda de Gracias","score":53,"analysis":{"keyphraseInDescription":{"score":3,"maxScore":9,"error":1},"keyphraseLength":{"score":9,"maxScore":9,"error":0,"length":4},"keyphraseInIntroduction":{"score":3,"maxScore":9,"error":1},"keyphraseInImageAlt":{"score":9,"maxScore":9,"error":0},"keywordDensity":{"score":0,"type":"low","maxScore":9,"error":1}}},{"keyphrase":"Migrantes","score":87,"analysis":{"keyphraseInDescription":{"score":9,"maxScore":9,"error":0},"keyphraseLength":{"score":9,"maxScore":9,"error":0,"length":1},"keyphraseInIntroduction":{"score":3,"maxScore":9,"error":1},"keyphraseInImageAlt":{"score":9,"maxScore":9,"error":0},"keywordDensity":{"type":"best","score":9,"maxScore":9,"error":0}}}]},"primary_term":null,"canonical_url":null,"og_title":null,"og_description":null,"og_object_type":"default","og_image_type":"default","og_image_url":null,"og_image_width":null,"og_image_height":null,"og_image_custom_url":null,"og_image_custom_fields":null,"og_video":"","og_custom_url":null,"og_article_section":null,"og_article_tags":null,"twitter_use_og":false,"twitter_card":"default","twitter_image_type":"default","twitter_image_url":null,"twitter_image_custom_url":null,"twitter_image_custom_fields":null,"twitter_title":null,"twitter_description":null,"schema":{"blockGraphs":[],"customGraphs":[],"default":{"data":{"Article":[],"Course":[],"Dataset":[],"FAQPage":[],"Movie":[],"Person":[],"Product":[],"ProductReview":[],"Car":[],"Recipe":[],"Service":[],"SoftwareApplication":[],"WebPage":[]},"graphName":"Article","isEnabled":true},"graphs":[]},"schema_type":"default","schema_type_options":null,"pillar_content":false,"robots_default":true,"robots_noindex":false,"robots_noarchive":false,"robots_nosnippet":false,"robots_nofollow":false,"robots_noimageindex":false,"robots_noodp":false,"robots_notranslate":false,"robots_max_snippet":"-1","robots_max_videopreview":"-1","robots_max_imagepreview":"large","priority":null,"frequency":"default","local_seo":null,"seo_analyzer_scan_date":"2025-10-09 00:35:35","breadcrumb_settings":null,"limit_modified_date":false,"reviewed_by":null,"open_ai":"{\"title\":{\"suggestions\":[],\"usage\":0},\"description\":{\"suggestions\":[],\"usage\":0}}","ai":null,"created":"2024-11-05 21:25:53","updated":"2026-02-04 16:55:04"},"aioseo_breadcrumb":"<div class=\"aioseo-breadcrumbs\"><span class=\"aioseo-breadcrumb\">\n\t<a href=\"https:\/\/soymigrante.com\/revista\" title=\"Home\">Home<\/a>\n<\/span><span class=\"aioseo-breadcrumb-separator\">\u00bb<\/span><span class=\"aioseo-breadcrumb\">\n\t<a href=\"https:\/\/soymigrante.com\/revista\/category\/guate-nuestra\/\" title=\"Guate Nuestra\">Guate Nuestra<\/a>\n<\/span><span class=\"aioseo-breadcrumb-separator\">\u00bb<\/span><span class=\"aioseo-breadcrumb\">\n\tMigrantes tambi\u00e9n pueden celebrar D\u00eda de Acci\u00f3n de Gracias (que tiene origen migrante)\n<\/span><\/div>","aioseo_breadcrumb_json":[{"label":"Home","link":"https:\/\/soymigrante.com\/revista"},{"label":"Guate Nuestra","link":"https:\/\/soymigrante.com\/revista\/category\/guate-nuestra\/"},{"label":"Migrantes tambi\u00e9n pueden celebrar D\u00eda de Acci\u00f3n de Gracias (que tiene origen migrante)","link":"https:\/\/soymigrante.com\/revista\/migrantes-tambien-pueden-celebrar-dia-de-accion-de-gracias-que-nacio-de-migrantes\/"}],"_links":{"self":[{"href":"https:\/\/soymigrante.com\/revista\/wp-json\/wp\/v2\/posts\/12197","targetHints":{"allow":["GET"]}}],"collection":[{"href":"https:\/\/soymigrante.com\/revista\/wp-json\/wp\/v2\/posts"}],"about":[{"href":"https:\/\/soymigrante.com\/revista\/wp-json\/wp\/v2\/types\/post"}],"author":[{"embeddable":true,"href":"https:\/\/soymigrante.com\/revista\/wp-json\/wp\/v2\/users\/19"}],"replies":[{"embeddable":true,"href":"https:\/\/soymigrante.com\/revista\/wp-json\/wp\/v2\/comments?post=12197"}],"version-history":[{"count":0,"href":"https:\/\/soymigrante.com\/revista\/wp-json\/wp\/v2\/posts\/12197\/revisions"}],"wp:featuredmedia":[{"embeddable":true,"href":"https:\/\/soymigrante.com\/revista\/wp-json\/wp\/v2\/media\/12199"}],"wp:attachment":[{"href":"https:\/\/soymigrante.com\/revista\/wp-json\/wp\/v2\/media?parent=12197"}],"wp:term":[{"taxonomy":"category","embeddable":true,"href":"https:\/\/soymigrante.com\/revista\/wp-json\/wp\/v2\/categories?post=12197"},{"taxonomy":"post_tag","embeddable":true,"href":"https:\/\/soymigrante.com\/revista\/wp-json\/wp\/v2\/tags?post=12197"}],"curies":[{"name":"wp","href":"https:\/\/api.w.org\/{rel}","templated":true}]}}