{"id":12172,"date":"2024-11-06T17:46:25","date_gmt":"2024-11-06T23:46:25","guid":{"rendered":"https:\/\/soymigrante.com\/revista\/?p=12172"},"modified":"2025-07-04T11:01:06","modified_gmt":"2025-07-04T17:01:06","slug":"galeria-de-arte-maya-xejul-de-miguel-angel-mux-ofrece-arte-maya-sin-fronteras","status":"publish","type":"post","link":"https:\/\/soymigrante.com\/revista\/galeria-de-arte-maya-xejul-de-miguel-angel-mux-ofrece-arte-maya-sin-fronteras\/","title":{"rendered":"Galer\u00eda de arte maya Xejul, de Miguel \u00c1ngel Mux ofrece arte maya sin fronteras"},"content":{"rendered":"\t\t<div data-elementor-type=\"wp-post\" data-elementor-id=\"12172\" class=\"elementor elementor-12172\" data-elementor-post-type=\"post\">\n\t\t\t\t<div data-particle_enable=\"false\" data-particle-mobile-disabled=\"false\" class=\"elementor-element elementor-element-0bf7407 e-flex e-con-boxed e-con e-parent\" data-id=\"0bf7407\" data-element_type=\"container\" data-e-type=\"container\">\n\t\t\t\t\t<div class=\"e-con-inner\">\n\t\t\t\t<div class=\"elementor-element elementor-element-e51dadc elementor-widget elementor-widget-heading\" data-id=\"e51dadc\" data-element_type=\"widget\" data-e-type=\"widget\" data-widget_type=\"heading.default\">\n\t\t\t\t\t<h2 class=\"elementor-heading-title elementor-size-default\">Miguel \u00c1ngel Mux es m\u00fasico y es un fuerte promotor de la marimba en las nuevas generaciones; sin embargo cuando en pandemia cesaron las actividades p\u00fablicas, encontr\u00f3 en la pintura un medio de expresi\u00f3n y tambi\u00e9n de subsistencia.\n<\/h2>\t\t\t\t<\/div>\n\t\t\t\t<div class=\"elementor-element elementor-element-7e090aa elementor-widget elementor-widget-html\" data-id=\"7e090aa\" data-element_type=\"widget\" data-e-type=\"widget\" data-widget_type=\"html.default\">\n\t\t\t\t\t<div id=\"buzzsprout-player-17450146\"><\/div><script src=\"https:\/\/www.buzzsprout.com\/2444168\/episodes\/17450146-tienda-de-arte-maya-xejul-ya-esta-en-linea-en-mercado.js?container_id=buzzsprout-player-17450146&player=small\" type=\"text\/javascript\" charset=\"utf-8\"><\/script>\t\t\t\t<\/div>\n\t\t\t\t\t<\/div>\n\t\t\t\t<\/div>\n\t\t<div data-particle_enable=\"false\" data-particle-mobile-disabled=\"false\" class=\"elementor-element elementor-element-16ca6ff e-flex e-con-boxed e-con e-parent\" data-id=\"16ca6ff\" data-element_type=\"container\" data-e-type=\"container\">\n\t\t\t\t\t<div class=\"e-con-inner\">\n\t\t\t\t<div class=\"elementor-element elementor-element-404c916 elementor-widget elementor-widget-text-editor\" data-id=\"404c916\" data-element_type=\"widget\" data-e-type=\"widget\" data-widget_type=\"text-editor.default\">\n\t\t\t\t\t\t\t\t\t<p><span style=\"font-family: Roboto, sans-serif; font-size: 16px; font-style: normal; font-variant-ligatures: normal; font-variant-caps: normal; font-weight: 400;\">\u201cNo solo vendo cuadros, vendo un pedazo de mi pa\u00eds y comparto un poco de lo que somos como guatemaltecos\u201d, explica el artista Miguel \u00c1ngel Mux, originario de Comalapa, acerca de sus pinturas sobre\u00a0 paisajes, escenas populares cotidianas y temas de la civilizaci\u00f3n maya.\u00a0\u00a0<\/span><\/p><p><span style=\"text-align: var(--text-align);\">Su galer\u00eda digital Xejul ya est\u00e1 abierta en <a href=\"https:\/\/soymigrante.com\/revista\/galeria-de-arte-maya-xejul-de-miguel-angel-mux-ofrece-arte-maya-sin-fronteras\/\">SoyMigrante.com MERCADO<\/a>, la comunidad en l\u00ednea creada para que emprendedores y compradores guatemaltecos se encuentren: un proyecto activo, proactivo e innovador para peque\u00f1os negocios y creadores de productos elaborados a mano, detr\u00e1s de los cuales siempre hay una historia. Y esta es la historia de Miguel \u00c1ngel.<\/span><\/p><p><span style=\"font-family: Roboto, sans-serif; font-size: 16px; font-style: normal; font-variant-ligatures: normal; font-variant-caps: normal; font-weight: 400;\">Hace poco m\u00e1s de cuatro a\u00f1os empez\u00f3 a crear pinturas para vender.\u00a0\u00a0<\/span><span style=\"color: var( --e-global-color-text ); text-align: var(--text-align);\">Antes de que el mundo cambiara radicalmente debido a la pandemia, Miguel \u00c1ngel Mux dedicaba su vida a la m\u00fasica de marimba, un s\u00edmbolo cultural y emblema de Guatemala. Promov\u00eda presentaciones en diversos espacios.\u00a0<\/span><\/p><p>\u00a0<\/p>\t\t\t\t\t\t\t\t<\/div>\n\t\t\t\t\t<\/div>\n\t\t\t\t<\/div>\n\t\t<div data-particle_enable=\"false\" data-particle-mobile-disabled=\"false\" class=\"elementor-element elementor-element-730f5ac e-flex e-con-boxed e-con e-parent\" data-id=\"730f5ac\" data-element_type=\"container\" data-e-type=\"container\">\n\t\t\t\t\t<div class=\"e-con-inner\">\n\t\t\t\t<div class=\"elementor-element elementor-element-5290282 elementor-widget elementor-widget-video\" data-id=\"5290282\" data-element_type=\"widget\" data-e-type=\"widget\" data-settings=\"{&quot;youtube_url&quot;:&quot;https:\\\/\\\/www.youtube.com\\\/watch?v=4Osdtu0aWD4&amp;feature=youtu.be&quot;,&quot;video_type&quot;:&quot;youtube&quot;,&quot;controls&quot;:&quot;yes&quot;}\" data-widget_type=\"video.default\">\n\t\t\t\t\t\t\t<div class=\"elementor-wrapper elementor-open-inline\">\n\t\t\t<div class=\"elementor-video\"><\/div>\t\t<\/div>\n\t\t\t\t\t\t<\/div>\n\t\t\t\t\t<\/div>\n\t\t\t\t<\/div>\n\t\t<div data-particle_enable=\"false\" data-particle-mobile-disabled=\"false\" class=\"elementor-element elementor-element-471d851 e-flex e-con-boxed e-con e-parent\" data-id=\"471d851\" data-element_type=\"container\" data-e-type=\"container\">\n\t\t\t\t\t<div class=\"e-con-inner\">\n\t\t\t\t<div class=\"elementor-element elementor-element-8188a08 elementor-widget elementor-widget-heading\" data-id=\"8188a08\" data-element_type=\"widget\" data-e-type=\"widget\" data-widget_type=\"heading.default\">\n\t\t\t\t\t<h3 class=\"elementor-heading-title elementor-size-default\">Desde Comalapa con creatividad<\/h3>\t\t\t\t<\/div>\n\t\t\t\t\t<\/div>\n\t\t\t\t<\/div>\n\t\t<div data-particle_enable=\"false\" data-particle-mobile-disabled=\"false\" class=\"elementor-element elementor-element-927daa0 e-flex e-con-boxed e-con e-parent\" data-id=\"927daa0\" data-element_type=\"container\" data-e-type=\"container\">\n\t\t\t\t\t<div class=\"e-con-inner\">\n\t\t\t\t<div class=\"elementor-element elementor-element-4f9a9b0 elementor-widget elementor-widget-text-editor\" data-id=\"4f9a9b0\" data-element_type=\"widget\" data-e-type=\"widget\" data-widget_type=\"text-editor.default\">\n\t\t\t\t\t\t\t\t\t<p><span style=\"color: var( --e-global-color-text ); text-align: var(--text-align);\">Como buen k&#8217;aqchikel, oriundo de San Juan Comalapa, Chimaltenango, ha impulsado su cultura, identidad y expresiones, incluyendo el instrumento nacional a trav\u00e9s del Grupo cultural Maya Kaqchikel.<\/span><\/p><p>&#8220;Tambi\u00e9n creamos una escuela de marimba para ni\u00f1os y j\u00f3venes que deseen aprender el instrumento nacional&#8221;. Miguel ten\u00eda su marimba y s<span style=\"color: var( --e-global-color-text ); text-align: var(--text-align);\">us manos, acostumbradas a interpretar <\/span><a style=\"text-align: var(--text-align);\" href=\"https:\/\/soymigrante.com\/revista\/\" target=\"_blank\" rel=\"noopener\">melod\u00edas tradicionales, llenaban de vida escenarios y eventos donde compart\u00eda su arte y el legado musical guatemalteco<\/a><span style=\"color: var( --e-global-color-text ); text-align: var(--text-align);\">.\u00a0<\/span><\/p><p>\u00a0<\/p>\t\t\t\t\t\t\t\t<\/div>\n\t\t\t\t\t<\/div>\n\t\t\t\t<\/div>\n\t\t<div data-particle_enable=\"false\" data-particle-mobile-disabled=\"false\" class=\"elementor-element elementor-element-0619e30 e-flex e-con-boxed e-con e-parent\" data-id=\"0619e30\" data-element_type=\"container\" data-e-type=\"container\">\n\t\t\t\t\t<div class=\"e-con-inner\">\n\t\t\t\t<div class=\"elementor-element elementor-element-410b49c elementor-widget elementor-widget-image\" data-id=\"410b49c\" data-element_type=\"widget\" data-e-type=\"widget\" data-widget_type=\"image.default\">\n\t\t\t\t\t\t\t\t\t\t\t\t<figure class=\"wp-caption\">\n\t\t\t\t\t\t\t\t\t\t\t<a href=\"https:\/\/soymigrante.com\/mercado\/marketplace\/seller\/profile\/galeria-xejul\">\n\t\t\t\t\t\t\t<img fetchpriority=\"high\" decoding=\"async\" width=\"768\" height=\"348\" src=\"https:\/\/soymigrante.com\/revista\/wp-content\/uploads\/2024\/11\/xejul-tienda-1024x464.jpg\" class=\"attachment-large size-large wp-image-12431\" alt=\"Coloridas pinturas de la Galer\u00eda Xejul en Chimaltenango, Guatemala, mostrando calles y paisajes urbanos llenos de vida y cultura local. Visita SoyMigrante.com para explorar arte y cultura guatemalteca.\" srcset=\"https:\/\/soymigrante.com\/revista\/wp-content\/uploads\/2024\/11\/xejul-tienda-1024x464.jpg 1024w, https:\/\/soymigrante.com\/revista\/wp-content\/uploads\/2024\/11\/xejul-tienda-300x136.webp 300w, https:\/\/soymigrante.com\/revista\/wp-content\/uploads\/2024\/11\/xejul-tienda-768x348.jpg 768w, https:\/\/soymigrante.com\/revista\/wp-content\/uploads\/2024\/11\/xejul-tienda-1536x697.jpg 1536w, https:\/\/soymigrante.com\/revista\/wp-content\/uploads\/2024\/11\/xejul-tienda-750x340.webp 750w, https:\/\/soymigrante.com\/revista\/wp-content\/uploads\/2024\/11\/xejul-tienda-1140x517.jpg 1140w, https:\/\/soymigrante.com\/revista\/wp-content\/uploads\/2024\/11\/xejul-tienda.webp 1755w\" sizes=\"(max-width: 768px) 100vw, 768px\" title=\"tienda digital xejul donde se venden las pinturas del artista de comalapa Miguel Angel Mux \u2013 SoyMigrante.com REVISTA\" \/>\t\t\t\t\t\t\t\t<\/a>\n\t\t\t\t\t\t\t\t\t\t\t<figcaption class=\"widget-image-caption wp-caption-text\">La galer\u00eda virtual de Miguel \u00c1ngel Mux exhibe a todo el mundo las obras que vende. Si desea entrar a la p\u00e1gina puede dar clic en la imagen.<\/figcaption>\n\t\t\t\t\t\t\t\t\t\t<\/figure>\n\t\t\t\t\t\t\t\t\t<\/div>\n\t\t\t\t\t<\/div>\n\t\t\t\t<\/div>\n\t\t<div data-particle_enable=\"false\" data-particle-mobile-disabled=\"false\" class=\"elementor-element elementor-element-f16d73b e-flex e-con-boxed e-con e-parent\" data-id=\"f16d73b\" data-element_type=\"container\" data-e-type=\"container\">\n\t\t\t\t\t<div class=\"e-con-inner\">\n\t\t\t\t<div class=\"elementor-element elementor-element-fd5a816 elementor-widget elementor-widget-text-editor\" data-id=\"fd5a816\" data-element_type=\"widget\" data-e-type=\"widget\" data-widget_type=\"text-editor.default\">\n\t\t\t\t\t\t\t\t\t<p><span style=\"color: var( --e-global-color-text ); text-align: var(--text-align);\">En 2020, con la pandamia, los espacios de presentaci\u00f3n se cerraron y los eventos se suspendieron. Su camino como m\u00fasico se interrumpi\u00f3 abruptamente.<\/span><\/p><p>Obligado a buscar una nueva ocupaci\u00f3n, Miguel \u00c1ngel encontr\u00f3 en la pintura una salida inesperada, una forma de expresi\u00f3n que le permitir\u00eda sostener a su familia y, al mismo tiempo, mantener viva su conexi\u00f3n con su tierra.<\/p>\t\t\t\t\t\t\t\t<\/div>\n\t\t\t\t\t<\/div>\n\t\t\t\t<\/div>\n\t\t<div data-particle_enable=\"false\" data-particle-mobile-disabled=\"false\" class=\"elementor-element elementor-element-32a50c5 e-flex e-con-boxed e-con e-parent\" data-id=\"32a50c5\" data-element_type=\"container\" data-e-type=\"container\">\n\t\t\t\t\t<div class=\"e-con-inner\">\n\t\t\t\t<div class=\"elementor-element elementor-element-cb177b1 elementor-widget elementor-widget-image\" data-id=\"cb177b1\" data-element_type=\"widget\" data-e-type=\"widget\" data-widget_type=\"image.default\">\n\t\t\t\t\t\t\t\t\t\t\t\t<figure class=\"wp-caption\">\n\t\t\t\t\t\t\t\t\t\t<img decoding=\"async\" width=\"720\" height=\"445\" src=\"https:\/\/soymigrante.com\/revista\/wp-content\/uploads\/2024\/11\/miguel-angel-mux.webp\" class=\"attachment-large size-large wp-image-12436\" alt=\"Pintor peruano mostrando su obra de arte en una galer\u00eda de arte en un pasillo color amarillo.\" srcset=\"https:\/\/soymigrante.com\/revista\/wp-content\/uploads\/2024\/11\/miguel-angel-mux.webp 720w, https:\/\/soymigrante.com\/revista\/wp-content\/uploads\/2024\/11\/miguel-angel-mux-300x185.webp 300w\" sizes=\"(max-width: 720px) 100vw, 720px\" title=\"Profundo amor a San Juan Comalapa y a su identidad maya kaqchikel caracterizan la inspiraci\u00f3n de Miguel \u00c1ngel Mux \u2013 SoyMigrante.com REVISTA\" \/>\t\t\t\t\t\t\t\t\t\t\t<figcaption class=\"widget-image-caption wp-caption-text\">Un artista peruano exhibiendo su pintura en una galer\u00eda de arte tradicional, destacando talento y cultura en un espacio p\u00fablico vibrante.<\/figcaption>\n\t\t\t\t\t\t\t\t\t\t<\/figure>\n\t\t\t\t\t\t\t\t\t<\/div>\n\t\t\t\t\t<\/div>\n\t\t\t\t<\/div>\n\t\t<div data-particle_enable=\"false\" data-particle-mobile-disabled=\"false\" class=\"elementor-element elementor-element-bfbbefa e-flex e-con-boxed e-con e-parent\" data-id=\"bfbbefa\" data-element_type=\"container\" data-e-type=\"container\">\n\t\t\t\t\t<div class=\"e-con-inner\">\n\t\t\t\t<div class=\"elementor-element elementor-element-cfb298e elementor-widget elementor-widget-heading\" data-id=\"cfb298e\" data-element_type=\"widget\" data-e-type=\"widget\" data-widget_type=\"heading.default\">\n\t\t\t\t\t<h3 class=\"elementor-heading-title elementor-size-default\">Un emprendimiento bien pintado <\/h3>\t\t\t\t<\/div>\n\t\t\t\t\t<\/div>\n\t\t\t\t<\/div>\n\t\t<div data-particle_enable=\"false\" data-particle-mobile-disabled=\"false\" class=\"elementor-element elementor-element-fc6fa95 e-flex e-con-boxed e-con e-parent\" data-id=\"fc6fa95\" data-element_type=\"container\" data-e-type=\"container\">\n\t\t\t\t\t<div class=\"e-con-inner\">\n\t\t\t\t<div class=\"elementor-element elementor-element-bbdc020 elementor-widget elementor-widget-text-editor\" data-id=\"bbdc020\" data-element_type=\"widget\" data-e-type=\"widget\" data-widget_type=\"text-editor.default\">\n\t\t\t\t\t\t\t\t\t<p>Con pinceles y lienzos en lugar de baquetas, Miguel \u00c1ngel comenz\u00f3 a explorar un talento que floreci\u00f3 de manera muy natural. &#8220;No fue f\u00e1cil, al inicio no todo quedaba como quer\u00eda, pero poco a poco, afinando el pulso y la paciencia se lleg\u00f3 a los detalles&#8221;.<\/p><p>Durante cuatro a\u00f1os de intensa dedicaci\u00f3n, la habilidad de Miguel \u00c1ngel para capturar la esencia de los paisajes y escenas Guatemala en sus obras se fue consolidando, y <a href=\"https:\/\/soymigrante.com\/revista\/\" target=\"_blank\" rel=\"noopener\">cada pintura se convirti\u00f3 en un reflejo vibrante de la riqueza cultural y natural del pa\u00eds.<\/a><\/p><p>Inspirado en lugares emblem\u00e1ticos, tradiciones y escenas cotidianas de la vida de pueblos ind\u00edgenas guatemaltecos, sus obras se han transformado en mosaicos de color y vida que exhibe en sus presentaciones de marimba o en la galer\u00eda Xejul, as\u00ed como en sus redes sociales.<\/p><p>Pero ahora tiene una plataforma innovadora para presentar su inspiraci\u00f3n visual: <a href=\"https:\/\/soymigrante.com\/mercado\/marketplace\/seller\/profile\/galeria-xejul\">su tienda digital Xejul en SoyMigrante.com MERCADO<\/a>, el medio de e-commerce dedicado y creado especialmente para los emprendedores guatemaltecos.<\/p>\t\t\t\t\t\t\t\t<\/div>\n\t\t\t\t\t<\/div>\n\t\t\t\t<\/div>\n\t\t<div data-particle_enable=\"false\" data-particle-mobile-disabled=\"false\" class=\"elementor-element elementor-element-5a12cab e-flex e-con-boxed e-con e-parent\" data-id=\"5a12cab\" data-element_type=\"container\" data-e-type=\"container\">\n\t\t\t\t\t<div class=\"e-con-inner\">\n\t\t\t\t<div class=\"elementor-element elementor-element-b892311 elementor-widget elementor-widget-image\" data-id=\"b892311\" data-element_type=\"widget\" data-e-type=\"widget\" data-widget_type=\"image.default\">\n\t\t\t\t\t\t\t\t\t\t\t\t<figure class=\"wp-caption\">\n\t\t\t\t\t\t\t\t\t\t<img decoding=\"async\" width=\"768\" height=\"1024\" src=\"https:\/\/soymigrante.com\/revista\/wp-content\/uploads\/2024\/11\/Miguel-A\u0301ngel-Del-sonido-de-la-Marimba-a-los-colores-de-Guatemala3-768x1024.jpeg\" class=\"attachment-large size-large wp-image-12180\" alt=\"Miguel \u00c1ngel: Del sonido de la Marimba a los colores de Guatemala\" srcset=\"https:\/\/soymigrante.com\/revista\/wp-content\/uploads\/2024\/11\/Miguel-A\u0301ngel-Del-sonido-de-la-Marimba-a-los-colores-de-Guatemala3-768x1024.jpeg 768w, https:\/\/soymigrante.com\/revista\/wp-content\/uploads\/2024\/11\/Miguel-A\u0301ngel-Del-sonido-de-la-Marimba-a-los-colores-de-Guatemala3-225x300.webp 225w, https:\/\/soymigrante.com\/revista\/wp-content\/uploads\/2024\/11\/Miguel-A\u0301ngel-Del-sonido-de-la-Marimba-a-los-colores-de-Guatemala3-1152x1536.jpeg 1152w, https:\/\/soymigrante.com\/revista\/wp-content\/uploads\/2024\/11\/Miguel-A\u0301ngel-Del-sonido-de-la-Marimba-a-los-colores-de-Guatemala3-750x1000.webp 750w, https:\/\/soymigrante.com\/revista\/wp-content\/uploads\/2024\/11\/Miguel-A\u0301ngel-Del-sonido-de-la-Marimba-a-los-colores-de-Guatemala3-1140x1520.jpeg 1140w, https:\/\/soymigrante.com\/revista\/wp-content\/uploads\/2024\/11\/Miguel-A\u0301ngel-Del-sonido-de-la-Marimba-a-los-colores-de-Guatemala3.webp 1200w\" sizes=\"(max-width: 768px) 100vw, 768px\" title=\"Miguel A\u0301ngel Del sonido de la Marimba a los colores de Guatemala3 \u2013 SoyMigrante.com REVISTA\" \/>\t\t\t\t\t\t\t\t\t\t\t<figcaption class=\"widget-image-caption wp-caption-text\">Cortes\u00eda: Miguel \u00c1ngel Mux<\/figcaption>\n\t\t\t\t\t\t\t\t\t\t<\/figure>\n\t\t\t\t\t\t\t\t\t<\/div>\n\t\t\t\t\t<\/div>\n\t\t\t\t<\/div>\n\t\t<div data-particle_enable=\"false\" data-particle-mobile-disabled=\"false\" class=\"elementor-element elementor-element-d3183b2 e-flex e-con-boxed e-con e-parent\" data-id=\"d3183b2\" data-element_type=\"container\" data-e-type=\"container\">\n\t\t\t\t\t<div class=\"e-con-inner\">\n\t\t\t\t<div class=\"elementor-element elementor-element-a4bb819 elementor-widget elementor-widget-heading\" data-id=\"a4bb819\" data-element_type=\"widget\" data-e-type=\"widget\" data-widget_type=\"heading.default\">\n\t\t\t\t\t<h3 class=\"elementor-heading-title elementor-size-default\">Su primera gran motivaci\u00f3n es el amor <\/h3>\t\t\t\t<\/div>\n\t\t\t\t\t<\/div>\n\t\t\t\t<\/div>\n\t\t<div data-particle_enable=\"false\" data-particle-mobile-disabled=\"false\" class=\"elementor-element elementor-element-54271c4 e-flex e-con-boxed e-con e-parent\" data-id=\"54271c4\" data-element_type=\"container\" data-e-type=\"container\">\n\t\t\t\t\t<div class=\"e-con-inner\">\n\t\t\t\t<div class=\"elementor-element elementor-element-9462b6c elementor-widget elementor-widget-text-editor\" data-id=\"9462b6c\" data-element_type=\"widget\" data-e-type=\"widget\" data-widget_type=\"text-editor.default\">\n\t\t\t\t\t\t\t\t\t<p>Sin embargo, detr\u00e1s de esta transici\u00f3n art\u00edstica, hubo una motivaci\u00f3n personal: el amor que siente por su esposa. &#8220;La primera pintura que vend\u00ed, fue creada y fue valorada y vendida pensando en ella. Q<span style=\"color: var( --e-global-color-text ); text-align: var(--text-align);\">uer\u00eda demostrarle que, aunque la situaci\u00f3n era dif\u00edcil, juntos pod\u00edamos salir adelante\u201d, relata Miguel \u00c1ngel.<\/span><\/p><p><a href=\"https:\/\/soymigrante.com\/revista\/\" target=\"_blank\" rel=\"noopener\">Ese primer cuadro vendido fue m\u00e1s que una simple transacci\u00f3n;<\/a> fue un s\u00edmbolo de esperanza y de esfuerzo conjunto para superar los obst\u00e1culos que la pandemia hab\u00eda impuesto.<\/p>\t\t\t\t\t\t\t\t<\/div>\n\t\t\t\t\t<\/div>\n\t\t\t\t<\/div>\n\t\t<div data-particle_enable=\"false\" data-particle-mobile-disabled=\"false\" class=\"elementor-element elementor-element-e8cff05 e-flex e-con-boxed e-con e-parent\" data-id=\"e8cff05\" data-element_type=\"container\" data-e-type=\"container\">\n\t\t\t\t\t<div class=\"e-con-inner\">\n\t\t\t\t<div class=\"elementor-element elementor-element-45d3d27 elementor-widget elementor-widget-text-editor\" data-id=\"45d3d27\" data-element_type=\"widget\" data-e-type=\"widget\" data-widget_type=\"text-editor.default\">\n\t\t\t\t\t\t\t\t\t<p>El tiempo ha confirmado la vocaci\u00f3n art\u00edstica visual de Miguel \u00c1ngel Mux, lo cual complementa con su af\u00e1n constante de reafirmar sus ra\u00edces culturales. Sus obras han ganado reconocimiento y\u00a0poco a poco\u00a0<a href=\"https:\/\/soymigrante.com\/revista\/\" target=\"_blank\" rel=\"noopener\">se ha convertido en una referencia dentro del arte visual guatemalteco.<\/a><\/p><p>Su estilo distintivo, caracterizado por el uso de colores intensos y detalles que reflejan la esencia de su pa\u00eds, le ha permitido conectar con guatemaltecos que buscan un v\u00ednculo visual y emocional con su tierra.<\/p>\t\t\t\t\t\t\t\t<\/div>\n\t\t\t\t\t<\/div>\n\t\t\t\t<\/div>\n\t\t<div data-particle_enable=\"false\" data-particle-mobile-disabled=\"false\" class=\"elementor-element elementor-element-ed42e43 e-flex e-con-boxed e-con e-parent\" data-id=\"ed42e43\" data-element_type=\"container\" data-e-type=\"container\">\n\t\t\t\t\t<div class=\"e-con-inner\">\n\t\t\t\t<div class=\"elementor-element elementor-element-d90830f elementor-widget elementor-widget-image\" data-id=\"d90830f\" data-element_type=\"widget\" data-e-type=\"widget\" data-widget_type=\"image.default\">\n\t\t\t\t\t\t\t\t\t\t\t\t<figure class=\"wp-caption\">\n\t\t\t\t\t\t\t\t\t\t<img loading=\"lazy\" decoding=\"async\" width=\"768\" height=\"1024\" src=\"https:\/\/soymigrante.com\/revista\/wp-content\/uploads\/2024\/11\/Miguel-A\u0301ngel-Del-sonido-de-la-Marimba-a-los-colores-de-Guatemala5-768x1024.jpeg\" class=\"attachment-large size-large wp-image-12183\" alt=\"Miguel \u00c1ngel: Del sonido de la Marimba a los colores de Guatemala\" srcset=\"https:\/\/soymigrante.com\/revista\/wp-content\/uploads\/2024\/11\/Miguel-A\u0301ngel-Del-sonido-de-la-Marimba-a-los-colores-de-Guatemala5-768x1024.jpeg 768w, https:\/\/soymigrante.com\/revista\/wp-content\/uploads\/2024\/11\/Miguel-A\u0301ngel-Del-sonido-de-la-Marimba-a-los-colores-de-Guatemala5-225x300.webp 225w, https:\/\/soymigrante.com\/revista\/wp-content\/uploads\/2024\/11\/Miguel-A\u0301ngel-Del-sonido-de-la-Marimba-a-los-colores-de-Guatemala5-1152x1536.jpeg 1152w, https:\/\/soymigrante.com\/revista\/wp-content\/uploads\/2024\/11\/Miguel-A\u0301ngel-Del-sonido-de-la-Marimba-a-los-colores-de-Guatemala5-750x1000.webp 750w, https:\/\/soymigrante.com\/revista\/wp-content\/uploads\/2024\/11\/Miguel-A\u0301ngel-Del-sonido-de-la-Marimba-a-los-colores-de-Guatemala5-1140x1520.jpeg 1140w, https:\/\/soymigrante.com\/revista\/wp-content\/uploads\/2024\/11\/Miguel-A\u0301ngel-Del-sonido-de-la-Marimba-a-los-colores-de-Guatemala5.webp 1200w\" sizes=\"(max-width: 768px) 100vw, 768px\" title=\"Miguel A\u0301ngel Del sonido de la Marimba a los colores de Guatemala5 \u2013 SoyMigrante.com REVISTA\" \/>\t\t\t\t\t\t\t\t\t\t\t<figcaption class=\"widget-image-caption wp-caption-text\">Los temas referentes a costumbres y elementos prehisp\u00e1nicos han aflorado en la obra de Miguel \u00c1ngel Mux, como esta escena de Juego de Pelota Maya.<\/figcaption>\n\t\t\t\t\t\t\t\t\t\t<\/figure>\n\t\t\t\t\t\t\t\t\t<\/div>\n\t\t\t\t\t<\/div>\n\t\t\t\t<\/div>\n\t\t<div data-particle_enable=\"false\" data-particle-mobile-disabled=\"false\" class=\"elementor-element elementor-element-6fd2318 e-flex e-con-boxed e-con e-parent\" data-id=\"6fd2318\" data-element_type=\"container\" data-e-type=\"container\">\n\t\t\t\t\t<div class=\"e-con-inner\">\n\t\t\t\t<div class=\"elementor-element elementor-element-167b247 elementor-widget elementor-widget-heading\" data-id=\"167b247\" data-element_type=\"widget\" data-e-type=\"widget\" data-widget_type=\"heading.default\">\n\t\t\t\t\t<h3 class=\"elementor-heading-title elementor-size-default\">SoyMigrante.com MERCADO es galer\u00eda sin fronteras<\/h3>\t\t\t\t<\/div>\n\t\t\t\t\t<\/div>\n\t\t\t\t<\/div>\n\t\t<div data-particle_enable=\"false\" data-particle-mobile-disabled=\"false\" class=\"elementor-element elementor-element-f2a9911 e-flex e-con-boxed e-con e-parent\" data-id=\"f2a9911\" data-element_type=\"container\" data-e-type=\"container\">\n\t\t\t\t\t<div class=\"e-con-inner\">\n\t\t\t\t<div class=\"elementor-element elementor-element-58f5117 elementor-widget elementor-widget-text-editor\" data-id=\"58f5117\" data-element_type=\"widget\" data-e-type=\"widget\" data-widget_type=\"text-editor.default\">\n\t\t\t\t\t\t\t\t\t<p>&#8220;Me interesa poder llegar m\u00e1s lejos, incluso fuera de las fronteras con este arte&#8221;, expresa Mux. Cuya galer\u00eda virtual expone ya algunas pinturas originales en <a href=\"https:\/\/soymigrante.com\/mercado\/marketplace\/seller\/profile\/galeria-xejul\">SoyMigrante.com MERCADO<\/a><\/p><p>A trav\u00e9s de esta propuesta, Miguel \u00c1ngel puede vender sus obras a guatemaltecos que residen en Estados Unidos y buscan rodearse de arte detallado, original y aut\u00e9nticamente maya, que les recuerde sus ra\u00edces.<\/p>\t\t\t\t\t\t\t\t<\/div>\n\t\t\t\t\t<\/div>\n\t\t\t\t<\/div>\n\t\t<div data-particle_enable=\"false\" data-particle-mobile-disabled=\"false\" class=\"elementor-element elementor-element-e97a8c8 e-flex e-con-boxed e-con e-parent\" data-id=\"e97a8c8\" data-element_type=\"container\" data-e-type=\"container\">\n\t\t\t\t\t<div class=\"e-con-inner\">\n\t\t\t\t<div class=\"elementor-element elementor-element-46409be elementor-widget elementor-widget-text-editor\" data-id=\"46409be\" data-element_type=\"widget\" data-e-type=\"widget\" data-widget_type=\"text-editor.default\">\n\t\t\t\t\t\t\t\t\t<p>\u201cNo solo vendo cuadros, vendo un pedazo de mi pa\u00eds y comparto un poco de lo que somos como guatemaltecos\u201d, explica para dimensionar las grandes expectativas que tiene. A la vez, nunca se olvida de la marimba y cada vez que tiene una presentaci\u00f3n combina el arte musical con el visual, no solo para vender sino tambi\u00e9n para llevar la imaginaci\u00f3n a otros rumbos de la patria.<\/p><p>En todo caso, Miguel \u00c1ngel nunca se olvida de las primeras presentaciones que tuvo con su marimba, como en una ocasi\u00f3n en que \u00e9l mismo coste\u00f3 el transporte del instrumento, sin imaginar que en aquella misma funci\u00f3n se vender\u00edan muchas unidades del disco compacto con interpretaciones originales.<\/p><p>\u00a0<\/p>\t\t\t\t\t\t\t\t<\/div>\n\t\t\t\t\t<\/div>\n\t\t\t\t<\/div>\n\t\t<div data-particle_enable=\"false\" data-particle-mobile-disabled=\"false\" class=\"elementor-element elementor-element-b27a278 e-flex e-con-boxed e-con e-parent\" data-id=\"b27a278\" data-element_type=\"container\" data-e-type=\"container\">\n\t\t\t\t\t<div class=\"e-con-inner\">\n\t\t\t\t<div class=\"elementor-element elementor-element-e6ff2c6 elementor-widget elementor-widget-facebook-embed\" data-id=\"e6ff2c6\" data-element_type=\"widget\" data-e-type=\"widget\" data-widget_type=\"facebook-embed.default\">\n\t\t\t\t\t<div style=\"min-height: 1px\" class=\"elementor-facebook-widget fb-video\" data-href=\"https:\/\/www.facebook.com\/100001244781829\/videos\/3265158613535599\/\" data-show-text=\"false\" data-allowfullscreen=\"false\" data-autoplay=\"false\" data-show-captions=\"false\"><\/div>\t\t\t\t<\/div>\n\t\t\t\t\t<\/div>\n\t\t\t\t<\/div>\n\t\t<div data-particle_enable=\"false\" data-particle-mobile-disabled=\"false\" class=\"elementor-element elementor-element-5103edf e-flex e-con-boxed e-con e-parent\" data-id=\"5103edf\" data-element_type=\"container\" data-e-type=\"container\">\n\t\t\t\t\t<div class=\"e-con-inner\">\n\t\t\t\t<div class=\"elementor-element elementor-element-236c1a6 elementor-widget elementor-widget-text-editor\" data-id=\"236c1a6\" data-element_type=\"widget\" data-e-type=\"widget\" data-widget_type=\"text-editor.default\">\n\t\t\t\t\t\t\t\t\t<p>Hoy, Miguel \u00c1ngel contin\u00faa explorando su creatividad y consolidando su estilo. Su arte no solo representa su talento y su pa\u00eds, sino tambi\u00e9n su capacidad para reinventarse.<\/p><p><a href=\"https:\/\/soymigrante.com\/mercado\/\" target=\"_blank\" rel=\"noopener\">Cada venta es un recordatorio de que la adversidad puede ser la chispa para encontrar nuevas pasiones,<\/a> y de que el amor, tanto por el arte como por su esposa, puede ser el motor m\u00e1s poderoso para transformar la vida.<\/p>\t\t\t\t\t\t\t\t<\/div>\n\t\t\t\t\t<\/div>\n\t\t\t\t<\/div>\n\t\t<div data-particle_enable=\"false\" data-particle-mobile-disabled=\"false\" class=\"elementor-element elementor-element-fffc794 e-flex e-con-boxed e-con e-parent\" data-id=\"fffc794\" data-element_type=\"container\" data-e-type=\"container\">\n\t\t\t\t\t<div class=\"e-con-inner\">\n\t\t\t\t<div class=\"elementor-element elementor-element-1a3d753 elementor-widget elementor-widget-image\" data-id=\"1a3d753\" data-element_type=\"widget\" data-e-type=\"widget\" data-widget_type=\"image.default\">\n\t\t\t\t\t\t\t\t\t\t\t\t<figure class=\"wp-caption\">\n\t\t\t\t\t\t\t\t\t\t\t<a href=\"\">\n\t\t\t\t\t\t\t<img loading=\"lazy\" decoding=\"async\" width=\"768\" height=\"576\" src=\"https:\/\/soymigrante.com\/revista\/wp-content\/uploads\/2024\/11\/Miguel-A\u0301ngel-Del-sonido-de-la-Marimba-a-los-colores-de-Guatemala4-1024x768.jpeg\" class=\"attachment-large size-large wp-image-12179\" alt=\"Miguel \u00c1ngel: Del sonido de la Marimba a los colores de Guatemala\" srcset=\"https:\/\/soymigrante.com\/revista\/wp-content\/uploads\/2024\/11\/Miguel-A\u0301ngel-Del-sonido-de-la-Marimba-a-los-colores-de-Guatemala4-1024x768.jpeg 1024w, https:\/\/soymigrante.com\/revista\/wp-content\/uploads\/2024\/11\/Miguel-A\u0301ngel-Del-sonido-de-la-Marimba-a-los-colores-de-Guatemala4-300x225.webp 300w, https:\/\/soymigrante.com\/revista\/wp-content\/uploads\/2024\/11\/Miguel-A\u0301ngel-Del-sonido-de-la-Marimba-a-los-colores-de-Guatemala4-768x576.jpeg 768w, https:\/\/soymigrante.com\/revista\/wp-content\/uploads\/2024\/11\/Miguel-A\u0301ngel-Del-sonido-de-la-Marimba-a-los-colores-de-Guatemala4-1536x1152.jpeg 1536w, https:\/\/soymigrante.com\/revista\/wp-content\/uploads\/2024\/11\/Miguel-A\u0301ngel-Del-sonido-de-la-Marimba-a-los-colores-de-Guatemala4-750x563.webp 750w, https:\/\/soymigrante.com\/revista\/wp-content\/uploads\/2024\/11\/Miguel-A\u0301ngel-Del-sonido-de-la-Marimba-a-los-colores-de-Guatemala4-1140x855.jpeg 1140w, https:\/\/soymigrante.com\/revista\/wp-content\/uploads\/2024\/11\/Miguel-A\u0301ngel-Del-sonido-de-la-Marimba-a-los-colores-de-Guatemala4.webp 1600w\" sizes=\"(max-width: 768px) 100vw, 768px\" title=\"Miguel \u00c1ngel: Del sonido de la Marimba a los colores de Guatemala \u2013 SoyMigrante.com REVISTA\" \/>\t\t\t\t\t\t\t\t<\/a>\n\t\t\t\t\t\t\t\t\t\t\t<figcaption class=\"widget-image-caption wp-caption-text\">Miguel Angel Mux sigue promoviendo la marimba a la vez que expone sus obras al p\u00fablico durante eventos.<\/figcaption>\n\t\t\t\t\t\t\t\t\t\t<\/figure>\n\t\t\t\t\t\t\t\t\t<\/div>\n\t\t\t\t\t<\/div>\n\t\t\t\t<\/div>\n\t\t<div data-particle_enable=\"false\" data-particle-mobile-disabled=\"false\" class=\"elementor-element elementor-element-d8b15c0 e-flex e-con-boxed e-con e-parent\" data-id=\"d8b15c0\" data-element_type=\"container\" data-e-type=\"container\">\n\t\t\t\t\t<div class=\"e-con-inner\">\n\t\t\t\t<div class=\"elementor-element elementor-element-8c92789 elementor-widget elementor-widget-heading\" data-id=\"8c92789\" data-element_type=\"widget\" data-e-type=\"widget\" data-widget_type=\"heading.default\">\n\t\t\t\t\t<h2 class=\"elementor-heading-title elementor-size-default\">Expresiones escritas de connacionales<\/h2>\t\t\t\t<\/div>\n\t\t\t\t\t<\/div>\n\t\t\t\t<\/div>\n\t\t<div data-particle_enable=\"false\" data-particle-mobile-disabled=\"false\" class=\"elementor-element elementor-element-0ebd1cb e-flex e-con-boxed e-con e-parent\" data-id=\"0ebd1cb\" data-element_type=\"container\" data-e-type=\"container\">\n\t\t\t\t\t<div class=\"e-con-inner\">\n\t\t\t\t<div class=\"elementor-element elementor-element-d0e752a elementor-widget elementor-widget-blfe-post-grid\" data-id=\"d0e752a\" data-element_type=\"widget\" data-e-type=\"widget\" data-settings=\"{&quot;columns&quot;:&quot;3&quot;,&quot;columns_tablet&quot;:&quot;6&quot;,&quot;columns_mobile&quot;:&quot;12&quot;,&quot;hero1_layout_column_gap&quot;:{&quot;unit&quot;:&quot;px&quot;,&quot;size&quot;:30,&quot;sizes&quot;:[]},&quot;hero1_layout_column_gap_tablet&quot;:{&quot;unit&quot;:&quot;px&quot;,&quot;size&quot;:&quot;&quot;,&quot;sizes&quot;:[]},&quot;hero1_layout_column_gap_mobile&quot;:{&quot;unit&quot;:&quot;px&quot;,&quot;size&quot;:&quot;&quot;,&quot;sizes&quot;:[]},&quot;hero1_layout_row_gap&quot;:{&quot;unit&quot;:&quot;px&quot;,&quot;size&quot;:30,&quot;sizes&quot;:[]},&quot;hero1_layout_row_gap_tablet&quot;:{&quot;unit&quot;:&quot;px&quot;,&quot;size&quot;:&quot;&quot;,&quot;sizes&quot;:[]},&quot;hero1_layout_row_gap_mobile&quot;:{&quot;unit&quot;:&quot;px&quot;,&quot;size&quot;:&quot;&quot;,&quot;sizes&quot;:[]}}\" data-widget_type=\"blfe-post-grid.hero1\">\n\t\t\t\t<div class=\"elementor-widget-container\">\n\t\t\t\t\t\n                        <div class=\"blfe-post-grid-container \">\n            \n                <div data-skin=\"hero1\" class=\"blfe-row blfe-posts-inner blfe-hero1 blfe-posts-inner blfe-col-3 blfe-col-tab-6 blfe-col-mob-12     \">\n                            <div class=\"blfe-post-grid-item\">\n            <div class=\"blfe-post-grid-item-inner blfe-modern-zoom\">\n                        <div class=\"blfe-post-grid-bg-image\">\n            <a class=\"blfe-post-grid-image-inner\" href=\"https:\/\/soymigrante.com\/revista\/hay-vida-despues-de-un-trasplante-pero-no-es-facil\/\" title=\"Testimonio: hay vida despu\u00e9s de un trasplante de h\u00edgado&#8230; pero no es f\u00e1cil\" rel=\"nofollow\" target=\"_blank\"><img decoding=\"async\" src=\"https:\/\/soymigrante.com\/revista\/wp-content\/uploads\/2023\/03\/trasplante-4-1.webp\" alt=\"Testimonio: hay vida despu\u00e9s de un trasplante de h\u00edgado&#8230; pero no es f\u00e1cil\"\/><\/a>        <\/div>\n                        <div class=\"blfe-post-grid-details\">\n                    <div class=\"blfe-post-grid-details-inner\">\n                        <span class=\"blfe-post-category\"><a href=\"https:\/\/soymigrante.com\/revista\/category\/estamos-unidos\/lugar-de-voces\/\">Lugar de Voces<\/a><\/span>                        <h3 class=\"blfe-post-grid-title\">\n            <a href=\"https:\/\/soymigrante.com\/revista\/hay-vida-despues-de-un-trasplante-pero-no-es-facil\/\" title=\"Testimonio: hay vida despu\u00e9s de un trasplante de h\u00edgado&#8230; pero no es f\u00e1cil\" rel=\"nofollow\" target=\"_blank\">Testimonio: hay vida despu\u00e9s de un trasplante de h\u00edgado&#8230; pero no es f\u00e1cil<\/a>\n            <\/h3>                                                            <div class=\"blfe-post-grid-meta\">\n                <span class=\"blfe-post-grid-time\"><i class=\"fas fa-book-reader\"><\/i>6 Min read<\/span>            <\/div>\n                                                        <\/div>\n                <\/div>\n\n            <\/div>\n        <\/div>\n                <div class=\"blfe-post-grid-item\">\n            <div class=\"blfe-post-grid-item-inner blfe-modern-zoom\">\n                        <div class=\"blfe-post-grid-bg-image\">\n            <a class=\"blfe-post-grid-image-inner\" href=\"https:\/\/soymigrante.com\/revista\/el-migrante-llego-al-limite-de-la-desesperacion-y-tuvo-que-irse\/\" title=\"El migrante lleg\u00f3 al l\u00edmite de la desesperaci\u00f3n y tuvo que irse\" rel=\"nofollow\" target=\"_blank\"><img decoding=\"async\" src=\"https:\/\/soymigrante.com\/revista\/wp-content\/uploads\/2023\/04\/migracion5.webp\" alt=\"El migrante lleg\u00f3 al l\u00edmite de la desesperaci\u00f3n y tuvo que irse\"\/><\/a>        <\/div>\n                        <div class=\"blfe-post-grid-details\">\n                    <div class=\"blfe-post-grid-details-inner\">\n                        <span class=\"blfe-post-category\"><a href=\"https:\/\/soymigrante.com\/revista\/category\/estamos-unidos\/lugar-de-voces\/\">Lugar de Voces<\/a><\/span>                        <h3 class=\"blfe-post-grid-title\">\n            <a href=\"https:\/\/soymigrante.com\/revista\/el-migrante-llego-al-limite-de-la-desesperacion-y-tuvo-que-irse\/\" title=\"El migrante lleg\u00f3 al l\u00edmite de la desesperaci\u00f3n y tuvo que irse\" rel=\"nofollow\" target=\"_blank\">El migrante lleg\u00f3 al l\u00edmite de la desesperaci\u00f3n y tuvo que irse<\/a>\n            <\/h3>                                                            <div class=\"blfe-post-grid-meta\">\n                <span class=\"blfe-post-grid-time\"><i class=\"fas fa-book-reader\"><\/i>10 Min read<\/span>            <\/div>\n                                                        <\/div>\n                <\/div>\n\n            <\/div>\n        <\/div>\n                <div class=\"blfe-post-grid-item\">\n            <div class=\"blfe-post-grid-item-inner blfe-modern-zoom\">\n                        <div class=\"blfe-post-grid-bg-image\">\n            <a class=\"blfe-post-grid-image-inner\" href=\"https:\/\/soymigrante.com\/revista\/un-dia-me-di-ccuenta-que-eramos-migrantes\/\" title=\"Un d\u00eda me d\u00ed cuenta que \u00e9ramos migrantes\" rel=\"nofollow\" target=\"_blank\"><img decoding=\"async\" src=\"https:\/\/soymigrante.com\/revista\/wp-content\/uploads\/2023\/02\/ROSTRO-PINTANDOSE-PINTURA-DE-ARMANDO-SEB.webp\" alt=\"Un d\u00eda me d\u00ed cuenta que \u00e9ramos migrantes\"\/><\/a>        <\/div>\n                        <div class=\"blfe-post-grid-details\">\n                    <div class=\"blfe-post-grid-details-inner\">\n                        <span class=\"blfe-post-category\"><a href=\"https:\/\/soymigrante.com\/revista\/category\/estamos-unidos\/lugar-de-voces\/\">Lugar de Voces<\/a><\/span>                        <h3 class=\"blfe-post-grid-title\">\n            <a href=\"https:\/\/soymigrante.com\/revista\/un-dia-me-di-ccuenta-que-eramos-migrantes\/\" title=\"Un d\u00eda me d\u00ed cuenta que \u00e9ramos migrantes\" rel=\"nofollow\" target=\"_blank\">Un d\u00eda me d\u00ed cuenta que \u00e9ramos migrantes<\/a>\n            <\/h3>                                                            <div class=\"blfe-post-grid-meta\">\n                <span class=\"blfe-post-grid-time\"><i class=\"fas fa-book-reader\"><\/i>2 Min read<\/span>            <\/div>\n                                                        <\/div>\n                <\/div>\n\n            <\/div>\n        <\/div>\n                        <\/div>\n\n                        <\/div>\n            \n                        <div class=\"blfe-post-footer\">\n                        <\/div>\n            \t\t\t\t<\/div>\n\t\t\t\t<\/div>\n\t\t\t\t\t<\/div>\n\t\t\t\t<\/div>\n\t\t\t\t<\/div>\n\t\t","protected":false},"excerpt":{"rendered":"<p>Miguel \u00c1ngel Mux es m\u00fasico y es un fuerte promotor de la marimba en las nuevas generaciones; sin embargo cuando en pandemia cesaron las actividades p\u00fablicas, encontr\u00f3 en la pintura un medio de expresi\u00f3n y tambi\u00e9n de subsistencia. \u201cNo solo vendo cuadros, vendo un pedazo de mi pa\u00eds y comparto un poco de lo que [&hellip;]<\/p>\n","protected":false},"author":19,"featured_media":12178,"comment_status":"open","ping_status":"open","sticky":false,"template":"","format":"standard","meta":{"_acf_changed":false,"_eb_attr":"","footnotes":""},"categories":[58],"tags":[130],"class_list":["post-12172","post","type-post","status-publish","format-standard","has-post-thumbnail","hentry","category-guate-nuestra","tag-mercado-emprendedores"],"acf":[],"aioseo_notices":[],"aioseo_head":"\n\t\t<!-- All in One SEO Pro 4.9.6.2 - aioseo.com -->\n\t<meta name=\"description\" content=\"Dentro o fuera de Guatemala nos desplazamos en busca de trabajo, de oportunidades, de la vida misma. Por Francisco Morales Santos, Premio Nacional de Literatura de Guatemala 1998Imagen ilustrativa: Armando Seb Era una noche muy oscura. Mi padre hab\u00eda conseguido trabajo como jornalero en una finca a unas cuatro leguas de San Lorenzo El Cubo,\" \/>\n\t<meta name=\"robots\" content=\"max-snippet:-1, max-image-preview:large, max-video-preview:-1\" \/>\n\t<meta name=\"author\" content=\"SoyMigrante.com REVISTA\"\/>\n\t<link rel=\"canonical\" href=\"https:\/\/soymigrante.com\/revista\/un-dia-me-di-ccuenta-que-eramos-migrantes\/\" \/>\n\t<meta name=\"generator\" content=\"All in One SEO Pro (AIOSEO) 4.9.6.2\" \/>\n\n\t\t<link rel=\"preconnect\" href=\"https:\/\/fonts.googleapis.com\" crossorigin>\n<link rel=\"preconnect\" href=\"https:\/\/fonts.gstatic.com\" crossorigin>\n\t\t<meta property=\"og:locale\" content=\"es_ES\" \/>\n\t\t<meta property=\"og:site_name\" content=\"SoyMigrante.com REVISTA \u2013 Nuestra misi\u00f3n es reconocer y dignificar al migrante.\" \/>\n\t\t<meta property=\"og:type\" content=\"article\" \/>\n\t\t<meta property=\"og:title\" content=\"Un d\u00eda me d\u00ed cuenta que \u00e9ramos migrantes\" \/>\n\t\t<meta property=\"og:description\" content=\"Dentro o fuera de Guatemala nos desplazamos en busca de trabajo, de oportunidades, de la vida misma. Por Francisco Morales Santos, Premio Nacional de Literatura de Guatemala 1998Imagen ilustrativa: Armando Seb Era una noche muy oscura. Mi padre hab\u00eda conseguido trabajo como jornalero en una finca a unas cuatro leguas de San Lorenzo El Cubo,\" \/>\n\t\t<meta property=\"og:url\" content=\"https:\/\/soymigrante.com\/revista\/un-dia-me-di-ccuenta-que-eramos-migrantes\/\" \/>\n\t\t<meta property=\"og:image\" content=\"https:\/\/soymigrante.com\/revista\/wp-content\/uploads\/2023\/02\/ROSTRO-PINTANDOSE-PINTURA-DE-ARMANDO-SEB.webp\" \/>\n\t\t<meta property=\"og:image:secure_url\" content=\"https:\/\/soymigrante.com\/revista\/wp-content\/uploads\/2023\/02\/ROSTRO-PINTANDOSE-PINTURA-DE-ARMANDO-SEB.webp\" \/>\n\t\t<meta property=\"og:image:width\" content=\"1365\" \/>\n\t\t<meta property=\"og:image:height\" content=\"1365\" \/>\n\t\t<meta property=\"article:published_time\" content=\"2023-05-26T00:31:02+00:00\" \/>\n\t\t<meta property=\"article:modified_time\" content=\"2024-06-25T22:43:22+00:00\" \/>\n\t\t<meta property=\"article:publisher\" content=\"https:\/\/www.facebook.com\/soymigrantecom\" \/>\n\t\t<meta name=\"twitter:card\" content=\"summary_large_image\" \/>\n\t\t<meta name=\"twitter:site\" content=\"@SoyMigrante_com\" \/>\n\t\t<meta name=\"twitter:title\" content=\"Un d\u00eda me d\u00ed cuenta que \u00e9ramos migrantes\" \/>\n\t\t<meta name=\"twitter:description\" content=\"Dentro o fuera de Guatemala nos desplazamos en busca de trabajo, de oportunidades, de la vida misma. Por Francisco Morales Santos, Premio Nacional de Literatura de Guatemala 1998Imagen ilustrativa: Armando Seb Era una noche muy oscura. Mi padre hab\u00eda conseguido trabajo como jornalero en una finca a unas cuatro leguas de San Lorenzo El Cubo,\" \/>\n\t\t<meta name=\"twitter:creator\" content=\"@SoyMigrante_com\" \/>\n\t\t<meta name=\"twitter:image\" content=\"https:\/\/soymigrante.com\/revista\/wp-content\/uploads\/2023\/02\/ROSTRO-PINTANDOSE-PINTURA-DE-ARMANDO-SEB.webp\" \/>\n\t\t<!-- All in One SEO Pro -->\r\n\t\t<title>Un d\u00eda me d\u00ed cuenta que \u00e9ramos migrantes<\/title>\n\n","aioseo_head_json":{"title":"Un d\u00eda me d\u00ed cuenta que \u00e9ramos migrantes","description":"Dentro o fuera de Guatemala nos desplazamos en busca de trabajo, de oportunidades, de la vida misma. Por Francisco Morales Santos, Premio Nacional de Literatura de Guatemala 1998Imagen ilustrativa: Armando Seb Era una noche muy oscura. Mi padre hab\u00eda conseguido trabajo como jornalero en una finca a unas cuatro leguas de San Lorenzo El Cubo,","canonical_url":"https:\/\/soymigrante.com\/revista\/un-dia-me-di-ccuenta-que-eramos-migrantes\/","robots":"max-snippet:-1, max-image-preview:large, max-video-preview:-1","keywords":"","webmasterTools":{"miscellaneous":"&lt;link rel=\"preconnect\" href=\"https:\/\/fonts.googleapis.com\" crossorigin&gt;\n&lt;link rel=\"preconnect\" href=\"https:\/\/fonts.gstatic.com\" crossorigin&gt;"},"schema":null,"og:locale":"es_ES","og:site_name":"SoyMigrante.com REVISTA \u2013 Nuestra misi\u00f3n es reconocer y dignificar al migrante.","og:type":"article","og:title":"Un d\u00eda me d\u00ed cuenta que \u00e9ramos migrantes","og:description":"Dentro o fuera de Guatemala nos desplazamos en busca de trabajo, de oportunidades, de la vida misma. Por Francisco Morales Santos, Premio Nacional de Literatura de Guatemala 1998Imagen ilustrativa: Armando Seb Era una noche muy oscura. Mi padre hab\u00eda conseguido trabajo como jornalero en una finca a unas cuatro leguas de San Lorenzo El Cubo,","og:url":"https:\/\/soymigrante.com\/revista\/un-dia-me-di-ccuenta-que-eramos-migrantes\/","og:image":"https:\/\/soymigrante.com\/revista\/wp-content\/uploads\/2023\/02\/ROSTRO-PINTANDOSE-PINTURA-DE-ARMANDO-SEB.webp","og:image:secure_url":"https:\/\/soymigrante.com\/revista\/wp-content\/uploads\/2023\/02\/ROSTRO-PINTANDOSE-PINTURA-DE-ARMANDO-SEB.webp","og:image:width":1365,"og:image:height":1365,"article:published_time":"2023-05-26T00:31:02+00:00","article:modified_time":"2024-06-25T22:43:22+00:00","article:publisher":"https:\/\/www.facebook.com\/soymigrantecom","twitter:card":"summary_large_image","twitter:site":"@SoyMigrante_com","twitter:title":"Un d\u00eda me d\u00ed cuenta que \u00e9ramos migrantes","twitter:description":"Dentro o fuera de Guatemala nos desplazamos en busca de trabajo, de oportunidades, de la vida misma. Por Francisco Morales Santos, Premio Nacional de Literatura de Guatemala 1998Imagen ilustrativa: Armando Seb Era una noche muy oscura. Mi padre hab\u00eda conseguido trabajo como jornalero en una finca a unas cuatro leguas de San Lorenzo El Cubo,","twitter:creator":"@SoyMigrante_com","twitter:image":"https:\/\/soymigrante.com\/revista\/wp-content\/uploads\/2023\/02\/ROSTRO-PINTANDOSE-PINTURA-DE-ARMANDO-SEB.webp"},"aioseo_meta_data":{"post_id":"12172","title":"Xejul: la galer\u00eda donde Miguel Angel Mux vende arte en l\u00ednea","description":"Miguel \u00c1ngel Mux, de Comalapa, es marimbista y l\u00edder cultural k'aqchikel,. En sus pinturas dignifica la identidad maya y ahora est\u00e1 en SoyMigrante.com MERCADO","keywords":null,"keyphrases":{"focus":{"keyphrase":"Guatemala","score":46,"analysis":{"keyphraseInTitle":{"score":3,"maxScore":9,"error":1},"keyphraseInDescription":{"score":3,"maxScore":9,"error":1},"keyphraseLength":{"score":9,"maxScore":9,"error":0,"length":1},"keyphraseInURL":{"score":1,"maxScore":5,"error":1},"keyphraseInIntroduction":{"score":3,"maxScore":9,"error":1},"keyphraseInSubHeadings":{"score":3,"maxScore":9,"error":1},"keyphraseInImageAlt":{"score":9,"maxScore":9,"error":0},"keywordDensity":{"score":0,"type":"low","maxScore":9,"error":1}}},"additional":[{"keyphrase":"Guatemala","score":53,"analysis":{"keyphraseInDescription":{"score":3,"maxScore":9,"error":1},"keyphraseLength":{"score":9,"maxScore":9,"error":0,"length":1},"keyphraseInIntroduction":{"score":3,"maxScore":9,"error":1},"keyphraseInImageAlt":{"score":9,"maxScore":9,"error":0},"keywordDensity":{"score":0,"type":"low","maxScore":9,"error":1}}},{"keyphrase":"Marimba","score":73,"analysis":{"keyphraseInDescription":{"score":3,"maxScore":9,"error":1},"keyphraseLength":{"score":9,"maxScore":9,"error":0,"length":1},"keyphraseInIntroduction":{"score":3,"maxScore":9,"error":1},"keyphraseInImageAlt":{"score":9,"maxScore":9,"error":0},"keywordDensity":{"type":"best","score":9,"maxScore":9,"error":0}}},{"keyphrase":"Pinturas","score":80,"analysis":{"keyphraseInDescription":{"score":9,"maxScore":9,"error":0},"keyphraseLength":{"score":9,"maxScore":9,"error":0,"length":1},"keyphraseInIntroduction":{"score":9,"maxScore":9,"error":0},"keyphraseInImageAlt":{"score":9,"maxScore":9,"error":0},"keywordDensity":{"score":0,"type":"low","maxScore":9,"error":1}}},{"keyphrase":"Maya","score":80,"analysis":{"keyphraseInDescription":{"score":9,"maxScore":9,"error":0},"keyphraseLength":{"score":9,"maxScore":9,"error":0,"length":1},"keyphraseInIntroduction":{"score":9,"maxScore":9,"error":0},"keyphraseInImageAlt":{"score":9,"maxScore":9,"error":0},"keywordDensity":{"score":0,"type":"low","maxScore":9,"error":1}}},{"keyphrase":"Artista","score":67,"analysis":{"keyphraseInDescription":{"score":3,"maxScore":9,"error":1},"keyphraseLength":{"score":9,"maxScore":9,"error":0,"length":1},"keyphraseInIntroduction":{"score":9,"maxScore":9,"error":0},"keyphraseInImageAlt":{"score":9,"maxScore":9,"error":0},"keywordDensity":{"score":0,"type":"low","maxScore":9,"error":1}}},{"keyphrase":"Xejul","score":53,"analysis":{"keyphraseInDescription":{"score":3,"maxScore":9,"error":1},"keyphraseLength":{"score":9,"maxScore":9,"error":0,"length":1},"keyphraseInIntroduction":{"score":3,"maxScore":9,"error":1},"keyphraseInImageAlt":{"score":9,"maxScore":9,"error":0},"keywordDensity":{"score":0,"type":"low","maxScore":9,"error":1}}}]},"primary_term":null,"canonical_url":null,"og_title":null,"og_description":null,"og_object_type":"default","og_image_type":"default","og_image_url":null,"og_image_width":null,"og_image_height":null,"og_image_custom_url":null,"og_image_custom_fields":null,"og_video":"","og_custom_url":null,"og_article_section":null,"og_article_tags":null,"twitter_use_og":false,"twitter_card":"default","twitter_image_type":"default","twitter_image_url":null,"twitter_image_custom_url":null,"twitter_image_custom_fields":null,"twitter_title":null,"twitter_description":null,"schema":{"blockGraphs":[],"customGraphs":[],"default":{"data":{"Article":[],"Course":[],"Dataset":[],"FAQPage":[],"Movie":[],"Person":[],"Product":[],"ProductReview":[],"Car":[],"Recipe":[],"Service":[],"SoftwareApplication":[],"WebPage":[]},"graphName":"Article","isEnabled":true},"graphs":[]},"schema_type":"default","schema_type_options":null,"pillar_content":false,"robots_default":true,"robots_noindex":false,"robots_noarchive":false,"robots_nosnippet":false,"robots_nofollow":false,"robots_noimageindex":false,"robots_noodp":false,"robots_notranslate":false,"robots_max_snippet":"-1","robots_max_videopreview":"-1","robots_max_imagepreview":"large","priority":null,"frequency":"default","local_seo":null,"seo_analyzer_scan_date":"2025-10-09 00:05:22","breadcrumb_settings":null,"limit_modified_date":false,"reviewed_by":null,"open_ai":"{\"title\":{\"suggestions\":[],\"usage\":0},\"description\":{\"suggestions\":[],\"usage\":0}}","ai":null,"created":"2024-11-05 18:24:11","updated":"2026-02-04 15:53:13"},"aioseo_breadcrumb":"<div class=\"aioseo-breadcrumbs\"><span class=\"aioseo-breadcrumb\">\n\t<a href=\"https:\/\/soymigrante.com\/revista\" title=\"Home\">Home<\/a>\n<\/span><span class=\"aioseo-breadcrumb-separator\">\u00bb<\/span><span class=\"aioseo-breadcrumb\">\n\t<a href=\"https:\/\/soymigrante.com\/revista\/category\/guate-nuestra\/\" title=\"Guate Nuestra\">Guate Nuestra<\/a>\n<\/span><span class=\"aioseo-breadcrumb-separator\">\u00bb<\/span><span class=\"aioseo-breadcrumb\">\n\tGaler\u00eda de arte maya Xejul, de Miguel \u00c1ngel Mux ofrece arte maya sin fronteras\n<\/span><\/div>","aioseo_breadcrumb_json":[{"label":"Home","link":"https:\/\/soymigrante.com\/revista"},{"label":"Guate Nuestra","link":"https:\/\/soymigrante.com\/revista\/category\/guate-nuestra\/"},{"label":"Galer\u00eda de arte maya Xejul, de Miguel \u00c1ngel Mux ofrece arte maya sin fronteras","link":"https:\/\/soymigrante.com\/revista\/galeria-de-arte-maya-xejul-de-miguel-angel-mux-ofrece-arte-maya-sin-fronteras\/"}],"_links":{"self":[{"href":"https:\/\/soymigrante.com\/revista\/wp-json\/wp\/v2\/posts\/12172","targetHints":{"allow":["GET"]}}],"collection":[{"href":"https:\/\/soymigrante.com\/revista\/wp-json\/wp\/v2\/posts"}],"about":[{"href":"https:\/\/soymigrante.com\/revista\/wp-json\/wp\/v2\/types\/post"}],"author":[{"embeddable":true,"href":"https:\/\/soymigrante.com\/revista\/wp-json\/wp\/v2\/users\/19"}],"replies":[{"embeddable":true,"href":"https:\/\/soymigrante.com\/revista\/wp-json\/wp\/v2\/comments?post=12172"}],"version-history":[{"count":6,"href":"https:\/\/soymigrante.com\/revista\/wp-json\/wp\/v2\/posts\/12172\/revisions"}],"predecessor-version":[{"id":38468,"href":"https:\/\/soymigrante.com\/revista\/wp-json\/wp\/v2\/posts\/12172\/revisions\/38468"}],"wp:featuredmedia":[{"embeddable":true,"href":"https:\/\/soymigrante.com\/revista\/wp-json\/wp\/v2\/media\/12178"}],"wp:attachment":[{"href":"https:\/\/soymigrante.com\/revista\/wp-json\/wp\/v2\/media?parent=12172"}],"wp:term":[{"taxonomy":"category","embeddable":true,"href":"https:\/\/soymigrante.com\/revista\/wp-json\/wp\/v2\/categories?post=12172"},{"taxonomy":"post_tag","embeddable":true,"href":"https:\/\/soymigrante.com\/revista\/wp-json\/wp\/v2\/tags?post=12172"}],"curies":[{"name":"wp","href":"https:\/\/api.w.org\/{rel}","templated":true}]}}