{"id":1214,"date":"2023-06-05T21:11:18","date_gmt":"2023-06-05T21:11:18","guid":{"rendered":"https:\/\/soymigrante.com\/revista\/?p=1214"},"modified":"2024-11-01T04:52:05","modified_gmt":"2024-11-01T10:52:05","slug":"super-fiesta-migrante-guatemalteca-se-celebrara-en-los-angeles","status":"publish","type":"post","link":"https:\/\/soymigrante.com\/revista\/super-fiesta-migrante-guatemalteca-se-celebrara-en-los-angeles\/","title":{"rendered":"S\u00faper fiesta migrante guatemalteca se celebrar\u00e1 en Los Angeles"},"content":{"rendered":"\t\t<div data-elementor-type=\"wp-post\" data-elementor-id=\"1214\" class=\"elementor elementor-1214\" data-elementor-post-type=\"post\">\n\t\t\t\t\t\t<section data-particle_enable=\"false\" data-particle-mobile-disabled=\"false\" class=\"elementor-section elementor-top-section elementor-element elementor-element-33994af elementor-section-boxed elementor-section-height-default elementor-section-height-default\" data-id=\"33994af\" data-element_type=\"section\" data-e-type=\"section\">\n\t\t\t\t\t\t<div class=\"elementor-container elementor-column-gap-default\">\n\t\t\t\t\t<div class=\"elementor-column elementor-col-100 elementor-top-column elementor-element elementor-element-d447e3a\" data-id=\"d447e3a\" data-element_type=\"column\" data-e-type=\"column\">\n\t\t\t<div class=\"elementor-widget-wrap elementor-element-populated\">\n\t\t\t\t\t\t<div class=\"elementor-element elementor-element-9aed396 elementor-widget elementor-widget-heading\" data-id=\"9aed396\" data-element_type=\"widget\" data-e-type=\"widget\" data-widget_type=\"heading.default\">\n\t\t\t\t\t<h2 class=\"elementor-heading-title elementor-size-default\"><p>La II Feria Cultural Guatemalteca de Los \u00c1ngeles tendr\u00e1 m\u00fasica de marimba, bailes tradicionales, exposici\u00f3n y venta de artesan\u00edas, comida t\u00edpica, juegos, pero sobre todo, lo m\u00e1s valioso: la uni\u00f3n de miles de migrantes guatemaltecos<\/p><\/h2>\t\t\t\t<\/div>\n\t\t\t\t\t<\/div>\n\t\t<\/div>\n\t\t\t\t\t<\/div>\n\t\t<\/section>\n\t\t\t\t<section data-particle_enable=\"false\" data-particle-mobile-disabled=\"false\" class=\"elementor-section elementor-top-section elementor-element elementor-element-81b2c35 elementor-section-boxed elementor-section-height-default elementor-section-height-default\" data-id=\"81b2c35\" data-element_type=\"section\" data-e-type=\"section\">\n\t\t\t\t\t\t<div class=\"elementor-container elementor-column-gap-default\">\n\t\t\t\t\t<div class=\"elementor-column elementor-col-100 elementor-top-column elementor-element elementor-element-3ed6170\" data-id=\"3ed6170\" data-element_type=\"column\" data-e-type=\"column\">\n\t\t\t<div class=\"elementor-widget-wrap elementor-element-populated\">\n\t\t\t\t\t\t<div class=\"elementor-element elementor-element-84799c8 elementor-widget elementor-widget-facebook-embed\" data-id=\"84799c8\" data-element_type=\"widget\" data-e-type=\"widget\" data-widget_type=\"facebook-embed.default\">\n\t\t\t\t\t<div style=\"min-height: 1px\" class=\"elementor-facebook-widget fb-post\" data-href=\"https:\/\/www.facebook.com\/rene.paniagua1\/videos\/1630911660706531\/\" data-show-text=\"false\"><\/div>\t\t\t\t<\/div>\n\t\t\t\t\t<\/div>\n\t\t<\/div>\n\t\t\t\t\t<\/div>\n\t\t<\/section>\n\t\t\t\t<section data-particle_enable=\"false\" data-particle-mobile-disabled=\"false\" class=\"elementor-section elementor-top-section elementor-element elementor-element-f64963e elementor-section-boxed elementor-section-height-default elementor-section-height-default\" data-id=\"f64963e\" data-element_type=\"section\" data-e-type=\"section\">\n\t\t\t\t\t\t<div class=\"elementor-container elementor-column-gap-default\">\n\t\t\t\t\t<div class=\"elementor-column elementor-col-100 elementor-top-column elementor-element elementor-element-023d136\" data-id=\"023d136\" data-element_type=\"column\" data-e-type=\"column\">\n\t\t\t<div class=\"elementor-widget-wrap elementor-element-populated\">\n\t\t\t\t\t\t<div class=\"elementor-element elementor-element-cf7bf54 elementor-widget elementor-widget-text-editor\" data-id=\"cf7bf54\" data-element_type=\"widget\" data-e-type=\"widget\" data-widget_type=\"text-editor.default\">\n\t\t\t\t\t\t\t\t\t<p><span style=\"color: var( --e-global-color-text ); background-color: var(--ak-bg-color);\">El s\u00e1bado 17 y domingo 18 de junio de 2023, los migrantes guatemaltecos de California y Estados vecinos est\u00e1n invitados al II Festival Cultural: un encuentro con las ra\u00edces, la identidad y la hermandad. Habr\u00e1 conciertos, exhibiciones de baile, artesan\u00eda t\u00edpica, gastronom\u00eda guatemalteca y much\u00edsima alegr\u00eda.<\/span><\/p><p><span style=\"color: var( --e-global-color-text ); background-color: var(--ak-bg-color);\">El evento se desarrollar\u00e1 en Lafayette Park y la calle 6 de Los \u00c1ngeles, California para lo cual se cuenta con todos los permisos necesarios, a fin de contar con total seguridad, accesibilidad y espacio para vivir un d\u00eda inolvidable.<\/span><\/p>\t\t\t\t\t\t\t\t<\/div>\n\t\t\t\t\t<\/div>\n\t\t<\/div>\n\t\t\t\t\t<\/div>\n\t\t<\/section>\n\t\t\t\t<section data-particle_enable=\"false\" data-particle-mobile-disabled=\"false\" class=\"elementor-section elementor-top-section elementor-element elementor-element-69e4c47 elementor-section-boxed elementor-section-height-default elementor-section-height-default\" data-id=\"69e4c47\" data-element_type=\"section\" data-e-type=\"section\">\n\t\t\t\t\t\t<div class=\"elementor-container elementor-column-gap-default\">\n\t\t\t\t\t<div class=\"elementor-column elementor-col-100 elementor-top-column elementor-element elementor-element-bebe89c\" data-id=\"bebe89c\" data-element_type=\"column\" data-e-type=\"column\">\n\t\t\t<div class=\"elementor-widget-wrap elementor-element-populated\">\n\t\t\t\t\t\t<div class=\"elementor-element elementor-element-1328f71 elementor-widget elementor-widget-image\" data-id=\"1328f71\" data-element_type=\"widget\" data-e-type=\"widget\" data-widget_type=\"image.default\">\n\t\t\t\t\t\t\t\t\t\t\t\t<figure class=\"wp-caption\">\n\t\t\t\t\t\t\t\t\t\t<img fetchpriority=\"high\" decoding=\"async\" width=\"768\" height=\"1024\" src=\"https:\/\/soymigrante.com\/revista\/wp-content\/uploads\/2023\/06\/Feria-Cultural-Guatemalteca-de-2022-fue-un-exito-y-por-ello-se-celebrara-una-nueva-edicion-en-2023-5-768x1024.jpeg\" class=\"attachment-large size-large wp-image-1216\" alt=\"Ren\u00e9 Amiel Paniagua es el fundador y principal impulsor del Festival.\" srcset=\"https:\/\/soymigrante.com\/revista\/wp-content\/uploads\/2023\/06\/Feria-Cultural-Guatemalteca-de-2022-fue-un-exito-y-por-ello-se-celebrara-una-nueva-edicion-en-2023-5-768x1024.jpeg 768w, https:\/\/soymigrante.com\/revista\/wp-content\/uploads\/2023\/06\/Feria-Cultural-Guatemalteca-de-2022-fue-un-exito-y-por-ello-se-celebrara-una-nueva-edicion-en-2023-5-225x300.webp 225w, https:\/\/soymigrante.com\/revista\/wp-content\/uploads\/2023\/06\/Feria-Cultural-Guatemalteca-de-2022-fue-un-exito-y-por-ello-se-celebrara-una-nueva-edicion-en-2023-5-1152x1536.jpeg 1152w, https:\/\/soymigrante.com\/revista\/wp-content\/uploads\/2023\/06\/Feria-Cultural-Guatemalteca-de-2022-fue-un-exito-y-por-ello-se-celebrara-una-nueva-edicion-en-2023-5-750x1000.webp 750w, https:\/\/soymigrante.com\/revista\/wp-content\/uploads\/2023\/06\/Feria-Cultural-Guatemalteca-de-2022-fue-un-exito-y-por-ello-se-celebrara-una-nueva-edicion-en-2023-5-1140x1520.jpeg 1140w, https:\/\/soymigrante.com\/revista\/wp-content\/uploads\/2023\/06\/Feria-Cultural-Guatemalteca-de-2022-fue-un-exito-y-por-ello-se-celebrara-una-nueva-edicion-en-2023-5.webp 1200w\" sizes=\"(max-width: 768px) 100vw, 768px\" title=\"Ren\u00e9 Amiel Paniagua es el fundador y principal impulsor del Festival. \u2013 SoyMigrante.com REVISTA\" \/>\t\t\t\t\t\t\t\t\t\t\t<figcaption class=\"widget-image-caption wp-caption-text\"> Ren\u00e9 Amiel Paniagua es el fundador y principal impulsor del Festival.<\/figcaption>\n\t\t\t\t\t\t\t\t\t\t<\/figure>\n\t\t\t\t\t\t\t\t\t<\/div>\n\t\t\t\t\t<\/div>\n\t\t<\/div>\n\t\t\t\t\t<\/div>\n\t\t<\/section>\n\t\t\t\t<section data-particle_enable=\"false\" data-particle-mobile-disabled=\"false\" class=\"elementor-section elementor-top-section elementor-element elementor-element-d85b45c elementor-section-boxed elementor-section-height-default elementor-section-height-default\" data-id=\"d85b45c\" data-element_type=\"section\" data-e-type=\"section\">\n\t\t\t\t\t\t<div class=\"elementor-container elementor-column-gap-default\">\n\t\t\t\t\t<div class=\"elementor-column elementor-col-100 elementor-top-column elementor-element elementor-element-144c778\" data-id=\"144c778\" data-element_type=\"column\" data-e-type=\"column\">\n\t\t\t<div class=\"elementor-widget-wrap elementor-element-populated\">\n\t\t\t\t\t\t<div class=\"elementor-element elementor-element-61d964f elementor-widget elementor-widget-heading\" data-id=\"61d964f\" data-element_type=\"widget\" data-e-type=\"widget\" data-widget_type=\"heading.default\">\n\t\t\t\t\t<h2 class=\"elementor-heading-title elementor-size-default\">Un encuentro de hermandad <\/h2>\t\t\t\t<\/div>\n\t\t\t\t\t<\/div>\n\t\t<\/div>\n\t\t\t\t\t<\/div>\n\t\t<\/section>\n\t\t\t\t<section data-particle_enable=\"false\" data-particle-mobile-disabled=\"false\" class=\"elementor-section elementor-top-section elementor-element elementor-element-86654e3 elementor-section-boxed elementor-section-height-default elementor-section-height-default\" data-id=\"86654e3\" data-element_type=\"section\" data-e-type=\"section\">\n\t\t\t\t\t\t<div class=\"elementor-container elementor-column-gap-default\">\n\t\t\t\t\t<div class=\"elementor-column elementor-col-100 elementor-top-column elementor-element elementor-element-21e7838\" data-id=\"21e7838\" data-element_type=\"column\" data-e-type=\"column\">\n\t\t\t<div class=\"elementor-widget-wrap elementor-element-populated\">\n\t\t\t\t\t\t<div class=\"elementor-element elementor-element-36eebac elementor-widget elementor-widget-text-editor\" data-id=\"36eebac\" data-element_type=\"widget\" data-e-type=\"widget\" data-widget_type=\"text-editor.default\">\n\t\t\t\t\t\t\t\t\t<p><span style=\"color: var( --e-global-color-text ); background-color: var(--ak-bg-color);\">La Feria Cultural fue fundada por Ren\u00e9 Amiel Paniagua, presidente de la Asociaci\u00f3n de Migrantes Guatemaltecos en Los Angeles, AMGLA, cuyo entusiasmo ha contagiado a muchos connacionales, que apoyan en diversas formas.\u00a0<\/span><\/p><p><span style=\"background-color: var(--ak-bg-color); color: var( --e-global-color-text );\">En otras palabras, la Feria Cultural comienza a consolidarse como un fuerte v\u00ednculo de uni\u00f3n a pesar de ser solo el segundo a\u00f1o. Sin embargo, el esfuerzo viene de mucho antes, por iniciativa del propio Amiel, quien poco a poco fue encontrando la empat\u00eda y colaboraci\u00f3n de otros guatemaltecos.<\/span><\/p><p>\u00a0<\/p>\t\t\t\t\t\t\t\t<\/div>\n\t\t\t\t\t<\/div>\n\t\t<\/div>\n\t\t\t\t\t<\/div>\n\t\t<\/section>\n\t\t\t\t<section data-particle_enable=\"false\" data-particle-mobile-disabled=\"false\" class=\"elementor-section elementor-top-section elementor-element elementor-element-6f35367 elementor-section-boxed elementor-section-height-default elementor-section-height-default\" data-id=\"6f35367\" data-element_type=\"section\" data-e-type=\"section\">\n\t\t\t\t\t\t<div class=\"elementor-container elementor-column-gap-default\">\n\t\t\t\t\t<div class=\"elementor-column elementor-col-100 elementor-top-column elementor-element elementor-element-4d9b7b1\" data-id=\"4d9b7b1\" data-element_type=\"column\" data-e-type=\"column\">\n\t\t\t<div class=\"elementor-widget-wrap elementor-element-populated\">\n\t\t\t\t\t\t<div class=\"elementor-element elementor-element-562eced elementor-widget elementor-widget-image\" data-id=\"562eced\" data-element_type=\"widget\" data-e-type=\"widget\" data-widget_type=\"image.default\">\n\t\t\t\t\t\t\t\t\t\t\t\t<figure class=\"wp-caption\">\n\t\t\t\t\t\t\t\t\t\t<img decoding=\"async\" width=\"768\" height=\"576\" src=\"https:\/\/soymigrante.com\/revista\/wp-content\/uploads\/2023\/06\/Feria-Cultural-Guatemalteca-de-2022-fue-un-exito-y-por-ello-se-celebrara-una-nueva-edicion-en-2023-6-1024x768.jpeg\" class=\"attachment-large size-large wp-image-1217\" alt=\"Bailes tradicionales, marimba y grupos guatemaltecos se presentar\u00e1n. Foto cortes\u00eda de Ren\u00e9 Amiel.\" srcset=\"https:\/\/soymigrante.com\/revista\/wp-content\/uploads\/2023\/06\/Feria-Cultural-Guatemalteca-de-2022-fue-un-exito-y-por-ello-se-celebrara-una-nueva-edicion-en-2023-6-1024x768.jpeg 1024w, https:\/\/soymigrante.com\/revista\/wp-content\/uploads\/2023\/06\/Feria-Cultural-Guatemalteca-de-2022-fue-un-exito-y-por-ello-se-celebrara-una-nueva-edicion-en-2023-6-300x225.webp 300w, https:\/\/soymigrante.com\/revista\/wp-content\/uploads\/2023\/06\/Feria-Cultural-Guatemalteca-de-2022-fue-un-exito-y-por-ello-se-celebrara-una-nueva-edicion-en-2023-6-768x576.jpeg 768w, https:\/\/soymigrante.com\/revista\/wp-content\/uploads\/2023\/06\/Feria-Cultural-Guatemalteca-de-2022-fue-un-exito-y-por-ello-se-celebrara-una-nueva-edicion-en-2023-6-1536x1152.jpeg 1536w, https:\/\/soymigrante.com\/revista\/wp-content\/uploads\/2023\/06\/Feria-Cultural-Guatemalteca-de-2022-fue-un-exito-y-por-ello-se-celebrara-una-nueva-edicion-en-2023-6-750x563.webp 750w, https:\/\/soymigrante.com\/revista\/wp-content\/uploads\/2023\/06\/Feria-Cultural-Guatemalteca-de-2022-fue-un-exito-y-por-ello-se-celebrara-una-nueva-edicion-en-2023-6-1140x855.jpeg 1140w, https:\/\/soymigrante.com\/revista\/wp-content\/uploads\/2023\/06\/Feria-Cultural-Guatemalteca-de-2022-fue-un-exito-y-por-ello-se-celebrara-una-nueva-edicion-en-2023-6.webp 1600w\" sizes=\"(max-width: 768px) 100vw, 768px\" title=\"Bailes tradicionales, marimba y grupos guatemaltecos se presentar\u00e1n. Foto cortes\u00eda de Ren\u00e9 Amiel. \u2013 SoyMigrante.com REVISTA\" \/>\t\t\t\t\t\t\t\t\t\t\t<figcaption class=\"widget-image-caption wp-caption-text\">Bailes tradicionales, marimba y grupos guatemaltecos se presentar\u00e1n. Foto cortes\u00eda de Ren\u00e9 Amiel.<\/figcaption>\n\t\t\t\t\t\t\t\t\t\t<\/figure>\n\t\t\t\t\t\t\t\t\t<\/div>\n\t\t\t\t\t<\/div>\n\t\t<\/div>\n\t\t\t\t\t<\/div>\n\t\t<\/section>\n\t\t\t\t<section data-particle_enable=\"false\" data-particle-mobile-disabled=\"false\" class=\"elementor-section elementor-top-section elementor-element elementor-element-a692524 elementor-section-boxed elementor-section-height-default elementor-section-height-default\" data-id=\"a692524\" data-element_type=\"section\" data-e-type=\"section\">\n\t\t\t\t\t\t<div class=\"elementor-container elementor-column-gap-default\">\n\t\t\t\t\t<div class=\"elementor-column elementor-col-100 elementor-top-column elementor-element elementor-element-f42502e\" data-id=\"f42502e\" data-element_type=\"column\" data-e-type=\"column\">\n\t\t\t<div class=\"elementor-widget-wrap elementor-element-populated\">\n\t\t\t\t\t\t<div class=\"elementor-element elementor-element-a11ccf0 elementor-widget elementor-widget-heading\" data-id=\"a11ccf0\" data-element_type=\"widget\" data-e-type=\"widget\" data-widget_type=\"heading.default\">\n\t\t\t\t\t<h2 class=\"elementor-heading-title elementor-size-default\">\u00bfC\u00f3mo surgi\u00f3 este gran evento? <\/h2>\t\t\t\t<\/div>\n\t\t\t\t\t<\/div>\n\t\t<\/div>\n\t\t\t\t\t<\/div>\n\t\t<\/section>\n\t\t\t\t<section data-particle_enable=\"false\" data-particle-mobile-disabled=\"false\" class=\"elementor-section elementor-top-section elementor-element elementor-element-49a38d8 elementor-section-boxed elementor-section-height-default elementor-section-height-default\" data-id=\"49a38d8\" data-element_type=\"section\" data-e-type=\"section\">\n\t\t\t\t\t\t<div class=\"elementor-container elementor-column-gap-default\">\n\t\t\t\t\t<div class=\"elementor-column elementor-col-100 elementor-top-column elementor-element elementor-element-019c0bf\" data-id=\"019c0bf\" data-element_type=\"column\" data-e-type=\"column\">\n\t\t\t<div class=\"elementor-widget-wrap elementor-element-populated\">\n\t\t\t\t\t\t<div class=\"elementor-element elementor-element-422b742 elementor-widget elementor-widget-text-editor\" data-id=\"422b742\" data-element_type=\"widget\" data-e-type=\"widget\" data-widget_type=\"text-editor.default\">\n\t\t\t\t\t\t\t\t\t<p><span style=\"color: var( --e-global-color-text ); background-color: var(--ak-bg-color);\">Despu\u00e9s de m\u00e1s de tres d\u00e9cadas en Estados Unidos, Ren\u00e9 Amiel, migrante guatemalteco, empez\u00f3 a buscar v\u00edas de recuperar las ra\u00edces. \u201cNos hab\u00edamos olvidado de donde venimos, cuales son nuestras ra\u00edces y costumbres. Hace cinco a\u00f1os, en 2019, surgi\u00f3 la idea de crear un primer desfile de independencia de Guatemala\u201d cuenta Amiel.<\/span><\/p><p>\u201cComenzamos a trabajar con compatriotas guatemaltecos en busca de exaltar y sentirnos orgullosos de nuestras costumbres, ra\u00edces y multiculturalidad\u201d, agrega. Ya para 2021 hubo un desfile de carrozas en el cual el objetivo era reflejar los 22 departamentos del pa\u00eds, con decorados aleg\u00f3ricos, incluyendo tradiciones y m\u00fasica.<\/p><p>Cuando termin\u00f3 aquel desfile surgi\u00f3 otra inquietud: \u201cSi \u00bfhab\u00edamos logrado el desfile de 2021, \u00bfpor que no poder crear un evento cultural donde ya no podemos tener solo una carroza aleg\u00f3rica, sino disfrutar de un d\u00eda festivo, de una calle para el encuentro. As\u00ed surgi\u00f3 la Primera Feria Cultural Guatemalteca, celebrada en junio de 2022. Fueron miles de guatemaltecos los que acudieron\u201d, relata emocionado Amiel.<\/p><p>\u201cFue un \u00e9xito. Tuvimos representaci\u00f3n de 14 departamentos a trav\u00e9s de guatemaltecos, migrantes o visitantes. El 90% de asistentes al evento eran guatemaltecos originarios del Occidente. Nos alegr\u00f3 mucho\u201d, expresa el organizador, quien pr\u00e1cticamente coste\u00f3 buena parte de aquel primer evento y tambi\u00e9n el que se encuentra en marcha.<\/p>\t\t\t\t\t\t\t\t<\/div>\n\t\t\t\t\t<\/div>\n\t\t<\/div>\n\t\t\t\t\t<\/div>\n\t\t<\/section>\n\t\t\t\t<section data-particle_enable=\"false\" data-particle-mobile-disabled=\"false\" class=\"elementor-section elementor-top-section elementor-element elementor-element-fb8a139 elementor-section-boxed elementor-section-height-default elementor-section-height-default\" data-id=\"fb8a139\" data-element_type=\"section\" data-e-type=\"section\">\n\t\t\t\t\t\t<div class=\"elementor-container elementor-column-gap-default\">\n\t\t\t\t\t<div class=\"elementor-column elementor-col-100 elementor-top-column elementor-element elementor-element-04c30d8\" data-id=\"04c30d8\" data-element_type=\"column\" data-e-type=\"column\">\n\t\t\t<div class=\"elementor-widget-wrap elementor-element-populated\">\n\t\t\t\t\t\t<div class=\"elementor-element elementor-element-c70e02b elementor-widget elementor-widget-image\" data-id=\"c70e02b\" data-element_type=\"widget\" data-e-type=\"widget\" data-widget_type=\"image.default\">\n\t\t\t\t\t\t\t\t\t\t\t\t<figure class=\"wp-caption\">\n\t\t\t\t\t\t\t\t\t\t<img decoding=\"async\" width=\"768\" height=\"576\" src=\"https:\/\/soymigrante.com\/revista\/wp-content\/uploads\/2023\/06\/Feria-Cultural-Guatemalteca-de-2022-fue-un-exito-y-por-ello-se-celebrara-una-nueva-edicion-en-2023-3-1024x768.jpeg\" class=\"attachment-large size-large wp-image-1225\" alt=\"\" srcset=\"https:\/\/soymigrante.com\/revista\/wp-content\/uploads\/2023\/06\/Feria-Cultural-Guatemalteca-de-2022-fue-un-exito-y-por-ello-se-celebrara-una-nueva-edicion-en-2023-3-1024x768.jpeg 1024w, https:\/\/soymigrante.com\/revista\/wp-content\/uploads\/2023\/06\/Feria-Cultural-Guatemalteca-de-2022-fue-un-exito-y-por-ello-se-celebrara-una-nueva-edicion-en-2023-3-300x225.webp 300w, https:\/\/soymigrante.com\/revista\/wp-content\/uploads\/2023\/06\/Feria-Cultural-Guatemalteca-de-2022-fue-un-exito-y-por-ello-se-celebrara-una-nueva-edicion-en-2023-3-768x576.jpeg 768w, https:\/\/soymigrante.com\/revista\/wp-content\/uploads\/2023\/06\/Feria-Cultural-Guatemalteca-de-2022-fue-un-exito-y-por-ello-se-celebrara-una-nueva-edicion-en-2023-3-1536x1152.jpeg 1536w, https:\/\/soymigrante.com\/revista\/wp-content\/uploads\/2023\/06\/Feria-Cultural-Guatemalteca-de-2022-fue-un-exito-y-por-ello-se-celebrara-una-nueva-edicion-en-2023-3-750x563.webp 750w, https:\/\/soymigrante.com\/revista\/wp-content\/uploads\/2023\/06\/Feria-Cultural-Guatemalteca-de-2022-fue-un-exito-y-por-ello-se-celebrara-una-nueva-edicion-en-2023-3-1140x855.jpeg 1140w, https:\/\/soymigrante.com\/revista\/wp-content\/uploads\/2023\/06\/Feria-Cultural-Guatemalteca-de-2022-fue-un-exito-y-por-ello-se-celebrara-una-nueva-edicion-en-2023-3.webp 1600w\" sizes=\"(max-width: 768px) 100vw, 768px\" title=\"Feria Cultural Guatemalteca de Los Angeles \u2013 SoyMigrante.com REVISTA\" \/>\t\t\t\t\t\t\t\t\t\t\t<figcaption class=\"widget-image-caption wp-caption-text\">As\u00ed se vivi\u00f3 la Primera Feria Cultural Guatemalteca en 2022; se espera una mayor afluencia. Estar\u00e1 abierta de 10 a 10<\/figcaption>\n\t\t\t\t\t\t\t\t\t\t<\/figure>\n\t\t\t\t\t\t\t\t\t<\/div>\n\t\t\t\t\t<\/div>\n\t\t<\/div>\n\t\t\t\t\t<\/div>\n\t\t<\/section>\n\t\t\t\t<section data-particle_enable=\"false\" data-particle-mobile-disabled=\"false\" class=\"elementor-section elementor-top-section elementor-element elementor-element-4fcde1e elementor-section-boxed elementor-section-height-default elementor-section-height-default\" data-id=\"4fcde1e\" data-element_type=\"section\" data-e-type=\"section\">\n\t\t\t\t\t\t<div class=\"elementor-container elementor-column-gap-default\">\n\t\t\t\t\t<div class=\"elementor-column elementor-col-100 elementor-top-column elementor-element elementor-element-321c972\" data-id=\"321c972\" data-element_type=\"column\" data-e-type=\"column\">\n\t\t\t<div class=\"elementor-widget-wrap elementor-element-populated\">\n\t\t\t\t\t\t<div class=\"elementor-element elementor-element-adc3086 elementor-widget elementor-widget-heading\" data-id=\"adc3086\" data-element_type=\"widget\" data-e-type=\"widget\" data-widget_type=\"heading.default\">\n\t\t\t\t\t<h2 class=\"elementor-heading-title elementor-size-default\">Cita infaltable: pr\u00f3ximo 17 y 18 de junio  <\/h2>\t\t\t\t<\/div>\n\t\t\t\t\t<\/div>\n\t\t<\/div>\n\t\t\t\t\t<\/div>\n\t\t<\/section>\n\t\t\t\t<section data-particle_enable=\"false\" data-particle-mobile-disabled=\"false\" class=\"elementor-section elementor-top-section elementor-element elementor-element-881f92b elementor-section-boxed elementor-section-height-default elementor-section-height-default\" data-id=\"881f92b\" data-element_type=\"section\" data-e-type=\"section\">\n\t\t\t\t\t\t<div class=\"elementor-container elementor-column-gap-default\">\n\t\t\t\t\t<div class=\"elementor-column elementor-col-100 elementor-top-column elementor-element elementor-element-c1260af\" data-id=\"c1260af\" data-element_type=\"column\" data-e-type=\"column\">\n\t\t\t<div class=\"elementor-widget-wrap elementor-element-populated\">\n\t\t\t\t\t\t<div class=\"elementor-element elementor-element-3488434 elementor-widget elementor-widget-text-editor\" data-id=\"3488434\" data-element_type=\"widget\" data-e-type=\"widget\" data-widget_type=\"text-editor.default\">\n\t\t\t\t\t\t\t\t\t<p class=\"MsoNormal\">Amiel explica que para este a\u00f1o se contar\u00e1 con una mayor \u00e1rea de juegos, tambi\u00e9n participaci\u00f3n de restaurantes guatemaltecos. El escenario contar\u00e1 con la presentaci\u00f3n del Ballet Folcl\u00f3rico Eterna Primavera, de Oklahoma, que tiene27 integrantes. Tambi\u00e9n se prev\u00e9 la participaci\u00f3n de otro grupo de danza guatemalteca radicado en Arizona. <br \/>\u201cHabr\u00e1 puro talento guatemalteco en escena, desde las 10 de la ma\u00f1ana hasta las 10 de la noche. El cierre del s\u00e1bado y domingo ser\u00e1 con la Marimba Perla Tuneca\u201d<\/p>\t\t\t\t\t\t\t\t<\/div>\n\t\t\t\t\t<\/div>\n\t\t<\/div>\n\t\t\t\t\t<\/div>\n\t\t<\/section>\n\t\t\t\t<section data-particle_enable=\"false\" data-particle-mobile-disabled=\"false\" class=\"elementor-section elementor-top-section elementor-element elementor-element-8af7c3d elementor-section-boxed elementor-section-height-default elementor-section-height-default\" data-id=\"8af7c3d\" data-element_type=\"section\" data-e-type=\"section\">\n\t\t\t\t\t\t<div class=\"elementor-container elementor-column-gap-default\">\n\t\t\t\t\t<div class=\"elementor-column elementor-col-100 elementor-top-column elementor-element elementor-element-3fac497\" data-id=\"3fac497\" data-element_type=\"column\" data-e-type=\"column\">\n\t\t\t<div class=\"elementor-widget-wrap elementor-element-populated\">\n\t\t\t\t\t\t<div class=\"elementor-element elementor-element-3c0d585 elementor-widget elementor-widget-google_maps\" data-id=\"3c0d585\" data-element_type=\"widget\" data-e-type=\"widget\" data-widget_type=\"google_maps.default\">\n\t\t\t\t\t\t\t<div class=\"elementor-custom-embed\">\n\t\t\t<iframe loading=\"lazy\"\n\t\t\t\t\tsrc=\"https:\/\/maps.google.com\/maps?q=Lafayette%20Park%20and%206th%20street%20Los%20Angeles&#038;t=m&#038;z=17&#038;output=embed&#038;iwloc=near\"\n\t\t\t\t\ttitle=\"Lafayette Park and 6th street Los Angeles\"\n\t\t\t\t\taria-label=\"Lafayette Park and 6th street Los Angeles\"\n\t\t\t><\/iframe>\n\t\t<\/div>\n\t\t\t\t\t\t<\/div>\n\t\t\t\t\t<\/div>\n\t\t<\/div>\n\t\t\t\t\t<\/div>\n\t\t<\/section>\n\t\t\t\t<section data-particle_enable=\"false\" data-particle-mobile-disabled=\"false\" class=\"elementor-section elementor-top-section elementor-element elementor-element-4500c90 elementor-section-boxed elementor-section-height-default elementor-section-height-default\" data-id=\"4500c90\" data-element_type=\"section\" data-e-type=\"section\">\n\t\t\t\t\t\t<div class=\"elementor-container elementor-column-gap-default\">\n\t\t\t\t\t<div class=\"elementor-column elementor-col-100 elementor-top-column elementor-element elementor-element-46b647e\" data-id=\"46b647e\" data-element_type=\"column\" data-e-type=\"column\">\n\t\t\t<div class=\"elementor-widget-wrap elementor-element-populated\">\n\t\t\t\t\t\t<div class=\"elementor-element elementor-element-fcbf93e elementor-widget elementor-widget-heading\" data-id=\"fcbf93e\" data-element_type=\"widget\" data-e-type=\"widget\" data-widget_type=\"heading.default\">\n\t\t\t\t\t<h2 class=\"elementor-heading-title elementor-size-default\">La cita es en Lafayette Park y calle 6 de L.A. Siga este mapa para asistir.<\/h2>\t\t\t\t<\/div>\n\t\t\t\t\t<\/div>\n\t\t<\/div>\n\t\t\t\t\t<\/div>\n\t\t<\/section>\n\t\t\t\t<\/div>\n\t\t","protected":false},"excerpt":{"rendered":"<p>La II Feria Cultural Guatemalteca de Los \u00c1ngeles tendr\u00e1 m\u00fasica de marimba, bailes tradicionales, exposici\u00f3n y venta de artesan\u00edas, comida t\u00edpica, juegos, pero sobre todo, lo m\u00e1s valioso: la uni\u00f3n de miles de migrantes guatemaltecos El s\u00e1bado 17 y domingo 18 de junio de 2023, los migrantes guatemaltecos de California y Estados vecinos est\u00e1n invitados [&hellip;]<\/p>\n","protected":false},"author":7,"featured_media":1226,"comment_status":"open","ping_status":"open","sticky":false,"template":"","format":"standard","meta":{"_acf_changed":false,"_eb_attr":"","footnotes":""},"categories":[54],"tags":[],"class_list":["post-1214","post","type-post","status-publish","format-standard","has-post-thumbnail","hentry","category-estamos-unidos"],"acf":[],"aioseo_notices":[],"aioseo_head":"\n\t\t<!-- All in One SEO Pro 4.9.6.2 - aioseo.com -->\n\t<meta name=\"description\" content=\"La II Feria Cultural Guatemalteca de Los \u00c1ngeles tendr\u00e1 m\u00fasica de marimba, bailes tradicionales, exposici\u00f3n y venta de artesan\u00edas, comida t\u00edpica, juegos, pero sobre todo, lo m\u00e1s valioso: la uni\u00f3n de miles de migrantes guatemaltecos El s\u00e1bado 17 y domingo 18 de junio de 2023, los migrantes guatemaltecos de California y Estados vecinos est\u00e1n invitados\" \/>\n\t<meta name=\"robots\" content=\"max-snippet:-1, max-image-preview:large, max-video-preview:-1\" \/>\n\t<meta name=\"author\" content=\"Gustavo Montenegro\"\/>\n\t<link rel=\"canonical\" href=\"https:\/\/soymigrante.com\/revista\/super-fiesta-migrante-guatemalteca-se-celebrara-en-los-angeles\/\" \/>\n\t<meta name=\"generator\" content=\"All in One SEO Pro (AIOSEO) 4.9.6.2\" \/>\n\n\t\t<link rel=\"preconnect\" href=\"https:\/\/fonts.googleapis.com\" crossorigin>\n<link rel=\"preconnect\" href=\"https:\/\/fonts.gstatic.com\" crossorigin>\n\t\t<meta property=\"og:locale\" content=\"es_ES\" \/>\n\t\t<meta property=\"og:site_name\" content=\"SoyMigrante.com REVISTA \u2013 Nuestra misi\u00f3n es reconocer y dignificar al migrante.\" \/>\n\t\t<meta property=\"og:type\" content=\"article\" \/>\n\t\t<meta property=\"og:title\" content=\"S\u00faper fiesta migrante guatemalteca se celebrar\u00e1 en Los Angeles\" \/>\n\t\t<meta property=\"og:description\" content=\"La II Feria Cultural Guatemalteca de Los \u00c1ngeles tendr\u00e1 m\u00fasica de marimba, bailes tradicionales, exposici\u00f3n y venta de artesan\u00edas, comida t\u00edpica, juegos, pero sobre todo, lo m\u00e1s valioso: la uni\u00f3n de miles de migrantes guatemaltecos El s\u00e1bado 17 y domingo 18 de junio de 2023, los migrantes guatemaltecos de California y Estados vecinos est\u00e1n invitados\" \/>\n\t\t<meta property=\"og:url\" content=\"https:\/\/soymigrante.com\/revista\/super-fiesta-migrante-guatemalteca-se-celebrara-en-los-angeles\/\" \/>\n\t\t<meta property=\"og:image\" content=\"https:\/\/soymigrante.com\/revista\/wp-content\/uploads\/2023\/06\/fiesta-guatemalteca-scaled.webp\" \/>\n\t\t<meta property=\"og:image:secure_url\" content=\"https:\/\/soymigrante.com\/revista\/wp-content\/uploads\/2023\/06\/fiesta-guatemalteca-scaled.webp\" \/>\n\t\t<meta property=\"og:image:width\" content=\"1920\" \/>\n\t\t<meta property=\"og:image:height\" content=\"1278\" \/>\n\t\t<meta property=\"article:published_time\" content=\"2023-06-05T21:11:18+00:00\" \/>\n\t\t<meta property=\"article:modified_time\" content=\"2024-11-01T10:52:05+00:00\" \/>\n\t\t<meta property=\"article:publisher\" content=\"https:\/\/www.facebook.com\/soymigrantecom\" \/>\n\t\t<meta name=\"twitter:card\" content=\"summary_large_image\" \/>\n\t\t<meta name=\"twitter:site\" content=\"@SoyMigrante_com\" \/>\n\t\t<meta name=\"twitter:title\" content=\"S\u00faper fiesta migrante guatemalteca se celebrar\u00e1 en Los Angeles\" \/>\n\t\t<meta name=\"twitter:description\" content=\"La II Feria Cultural Guatemalteca de Los \u00c1ngeles tendr\u00e1 m\u00fasica de marimba, bailes tradicionales, exposici\u00f3n y venta de artesan\u00edas, comida t\u00edpica, juegos, pero sobre todo, lo m\u00e1s valioso: la uni\u00f3n de miles de migrantes guatemaltecos El s\u00e1bado 17 y domingo 18 de junio de 2023, los migrantes guatemaltecos de California y Estados vecinos est\u00e1n invitados\" \/>\n\t\t<meta name=\"twitter:creator\" content=\"@SoyMigrante_com\" \/>\n\t\t<meta name=\"twitter:image\" content=\"https:\/\/soymigrante.com\/revista\/wp-content\/uploads\/2023\/06\/fiesta-guatemalteca-scaled.webp\" \/>\n\t\t<!-- All in One SEO Pro -->\r\n\t\t<title>S\u00faper fiesta migrante guatemalteca se celebrar\u00e1 en Los Angeles<\/title>\n\n","aioseo_head_json":{"title":"S\u00faper fiesta migrante guatemalteca se celebrar\u00e1 en Los Angeles","description":"La II Feria Cultural Guatemalteca de Los \u00c1ngeles tendr\u00e1 m\u00fasica de marimba, bailes tradicionales, exposici\u00f3n y venta de artesan\u00edas, comida t\u00edpica, juegos, pero sobre todo, lo m\u00e1s valioso: la uni\u00f3n de miles de migrantes guatemaltecos El s\u00e1bado 17 y domingo 18 de junio de 2023, los migrantes guatemaltecos de California y Estados vecinos est\u00e1n invitados","canonical_url":"https:\/\/soymigrante.com\/revista\/super-fiesta-migrante-guatemalteca-se-celebrara-en-los-angeles\/","robots":"max-snippet:-1, max-image-preview:large, max-video-preview:-1","keywords":"","webmasterTools":{"miscellaneous":"&lt;link rel=\"preconnect\" href=\"https:\/\/fonts.googleapis.com\" crossorigin&gt;\n&lt;link rel=\"preconnect\" href=\"https:\/\/fonts.gstatic.com\" crossorigin&gt;"},"schema":null,"og:locale":"es_ES","og:site_name":"SoyMigrante.com REVISTA \u2013 Nuestra misi\u00f3n es reconocer y dignificar al migrante.","og:type":"article","og:title":"S\u00faper fiesta migrante guatemalteca se celebrar\u00e1 en Los Angeles","og:description":"La II Feria Cultural Guatemalteca de Los \u00c1ngeles tendr\u00e1 m\u00fasica de marimba, bailes tradicionales, exposici\u00f3n y venta de artesan\u00edas, comida t\u00edpica, juegos, pero sobre todo, lo m\u00e1s valioso: la uni\u00f3n de miles de migrantes guatemaltecos El s\u00e1bado 17 y domingo 18 de junio de 2023, los migrantes guatemaltecos de California y Estados vecinos est\u00e1n invitados","og:url":"https:\/\/soymigrante.com\/revista\/super-fiesta-migrante-guatemalteca-se-celebrara-en-los-angeles\/","og:image":"https:\/\/soymigrante.com\/revista\/wp-content\/uploads\/2023\/06\/fiesta-guatemalteca-scaled.webp","og:image:secure_url":"https:\/\/soymigrante.com\/revista\/wp-content\/uploads\/2023\/06\/fiesta-guatemalteca-scaled.webp","og:image:width":1920,"og:image:height":1278,"article:published_time":"2023-06-05T21:11:18+00:00","article:modified_time":"2024-11-01T10:52:05+00:00","article:publisher":"https:\/\/www.facebook.com\/soymigrantecom","twitter:card":"summary_large_image","twitter:site":"@SoyMigrante_com","twitter:title":"S\u00faper fiesta migrante guatemalteca se celebrar\u00e1 en Los Angeles","twitter:description":"La II Feria Cultural Guatemalteca de Los \u00c1ngeles tendr\u00e1 m\u00fasica de marimba, bailes tradicionales, exposici\u00f3n y venta de artesan\u00edas, comida t\u00edpica, juegos, pero sobre todo, lo m\u00e1s valioso: la uni\u00f3n de miles de migrantes guatemaltecos El s\u00e1bado 17 y domingo 18 de junio de 2023, los migrantes guatemaltecos de California y Estados vecinos est\u00e1n invitados","twitter:creator":"@SoyMigrante_com","twitter:image":"https:\/\/soymigrante.com\/revista\/wp-content\/uploads\/2023\/06\/fiesta-guatemalteca-scaled.webp"},"aioseo_meta_data":{"post_id":"1214","title":null,"description":null,"keywords":null,"keyphrases":{"focus":{"keyphrase":"Migrante","score":74,"analysis":{"keyphraseInTitle":{"score":9,"maxScore":9,"error":0},"keyphraseInDescription":{"score":9,"maxScore":9,"error":0},"keyphraseLength":{"score":9,"maxScore":9,"error":0,"length":1},"keyphraseInURL":{"score":5,"maxScore":5,"error":0},"keyphraseInIntroduction":{"score":3,"maxScore":9,"error":1},"keyphraseInSubHeadings":{"score":3,"maxScore":9,"error":1},"keyphraseInImageAlt":{"score":3,"maxScore":9,"error":1},"keywordDensity":{"type":"best","score":9,"maxScore":9,"error":0}}},"additional":[]},"primary_term":null,"canonical_url":null,"og_title":null,"og_description":null,"og_object_type":"default","og_image_type":"default","og_image_url":null,"og_image_width":null,"og_image_height":null,"og_image_custom_url":null,"og_image_custom_fields":null,"og_video":"","og_custom_url":null,"og_article_section":null,"og_article_tags":null,"twitter_use_og":false,"twitter_card":"default","twitter_image_type":"default","twitter_image_url":null,"twitter_image_custom_url":null,"twitter_image_custom_fields":null,"twitter_title":null,"twitter_description":null,"schema":{"blockGraphs":[],"customGraphs":[],"default":{"data":{"Article":[],"Course":[],"Dataset":[],"FAQPage":[],"Movie":[],"Person":[],"Product":[],"ProductReview":[],"Car":[],"Recipe":[],"Service":[],"SoftwareApplication":[],"WebPage":[]},"graphName":"Article","isEnabled":true},"graphs":[]},"schema_type":"default","schema_type_options":null,"pillar_content":false,"robots_default":true,"robots_noindex":false,"robots_noarchive":false,"robots_nosnippet":false,"robots_nofollow":false,"robots_noimageindex":false,"robots_noodp":false,"robots_notranslate":false,"robots_max_snippet":"-1","robots_max_videopreview":"-1","robots_max_imagepreview":"large","priority":null,"frequency":"default","local_seo":null,"seo_analyzer_scan_date":"2025-10-08 19:48:39","breadcrumb_settings":null,"limit_modified_date":false,"reviewed_by":null,"open_ai":"{\"title\":{\"suggestions\":[],\"usage\":0},\"description\":{\"suggestions\":[],\"usage\":0}}","ai":null,"created":"2023-08-18 13:08:24","updated":"2026-02-04 04:36:37"},"aioseo_breadcrumb":"<div class=\"aioseo-breadcrumbs\"><span class=\"aioseo-breadcrumb\">\n\t<a href=\"https:\/\/soymigrante.com\/revista\" title=\"Home\">Home<\/a>\n<\/span><span class=\"aioseo-breadcrumb-separator\">\u00bb<\/span><span class=\"aioseo-breadcrumb\">\n\t<a href=\"https:\/\/soymigrante.com\/revista\/category\/estamos-unidos\/\" title=\"Estamos Unidos\">Estamos Unidos<\/a>\n<\/span><span class=\"aioseo-breadcrumb-separator\">\u00bb<\/span><span class=\"aioseo-breadcrumb\">\n\tS\u00faper fiesta migrante guatemalteca se celebrar\u00e1 en Los Angeles\n<\/span><\/div>","aioseo_breadcrumb_json":[{"label":"Home","link":"https:\/\/soymigrante.com\/revista"},{"label":"Estamos Unidos","link":"https:\/\/soymigrante.com\/revista\/category\/estamos-unidos\/"},{"label":"S\u00faper fiesta migrante guatemalteca se celebrar\u00e1 en Los Angeles","link":"https:\/\/soymigrante.com\/revista\/super-fiesta-migrante-guatemalteca-se-celebrara-en-los-angeles\/"}],"_links":{"self":[{"href":"https:\/\/soymigrante.com\/revista\/wp-json\/wp\/v2\/posts\/1214","targetHints":{"allow":["GET"]}}],"collection":[{"href":"https:\/\/soymigrante.com\/revista\/wp-json\/wp\/v2\/posts"}],"about":[{"href":"https:\/\/soymigrante.com\/revista\/wp-json\/wp\/v2\/types\/post"}],"author":[{"embeddable":true,"href":"https:\/\/soymigrante.com\/revista\/wp-json\/wp\/v2\/users\/7"}],"replies":[{"embeddable":true,"href":"https:\/\/soymigrante.com\/revista\/wp-json\/wp\/v2\/comments?post=1214"}],"version-history":[{"count":0,"href":"https:\/\/soymigrante.com\/revista\/wp-json\/wp\/v2\/posts\/1214\/revisions"}],"wp:featuredmedia":[{"embeddable":true,"href":"https:\/\/soymigrante.com\/revista\/wp-json\/wp\/v2\/media\/1226"}],"wp:attachment":[{"href":"https:\/\/soymigrante.com\/revista\/wp-json\/wp\/v2\/media?parent=1214"}],"wp:term":[{"taxonomy":"category","embeddable":true,"href":"https:\/\/soymigrante.com\/revista\/wp-json\/wp\/v2\/categories?post=1214"},{"taxonomy":"post_tag","embeddable":true,"href":"https:\/\/soymigrante.com\/revista\/wp-json\/wp\/v2\/tags?post=1214"}],"curies":[{"name":"wp","href":"https:\/\/api.w.org\/{rel}","templated":true}]}}