{"id":12019,"date":"2024-11-06T05:00:00","date_gmt":"2024-11-06T11:00:00","guid":{"rendered":"https:\/\/soymigrante.com\/revista\/?p=12019"},"modified":"2024-11-06T14:25:14","modified_gmt":"2024-11-06T20:25:14","slug":"cuevas-misticas-explora-las-aventuras-subterraneas-en-las-verapaces","status":"publish","type":"post","link":"https:\/\/soymigrante.com\/revista\/cuevas-misticas-explora-las-aventuras-subterraneas-en-las-verapaces\/","title":{"rendered":"Cuevas m\u00edsticas: explora las aventuras subterr\u00e1neas en las Verapaces"},"content":{"rendered":"\t\t<div data-elementor-type=\"wp-post\" data-elementor-id=\"12019\" class=\"elementor elementor-12019\" data-elementor-post-type=\"post\">\n\t\t\t\t<div data-particle_enable=\"false\" data-particle-mobile-disabled=\"false\" class=\"elementor-element elementor-element-55907fd e-flex e-con-boxed e-con e-parent\" data-id=\"55907fd\" data-element_type=\"container\" data-e-type=\"container\">\n\t\t\t\t\t<div class=\"e-con-inner\">\n\t\t\t\t<div class=\"elementor-element elementor-element-b8a01b8 elementor-widget elementor-widget-heading\" data-id=\"b8a01b8\" data-element_type=\"widget\" data-e-type=\"widget\" data-widget_type=\"heading.default\">\n\t\t\t\t\t<h2 class=\"elementor-heading-title elementor-size-default\">Desde las m\u00edsticas Cuevas de Lanqu\u00edn hasta las Grutas del Rey Marcos, Guatemala ofrece un mundo subterr\u00e1neo lleno de historia, naturaleza y cultura maya. Conoce algunas de ellas.<\/h2>\t\t\t\t<\/div>\n\t\t\t\t\t<\/div>\n\t\t\t\t<\/div>\n\t\t<div data-particle_enable=\"false\" data-particle-mobile-disabled=\"false\" class=\"elementor-element elementor-element-605b7d7 e-flex e-con-boxed e-con e-parent\" data-id=\"605b7d7\" data-element_type=\"container\" data-e-type=\"container\">\n\t\t\t\t\t<div class=\"e-con-inner\">\n\t\t\t\t<div class=\"elementor-element elementor-element-823e990 elementor-widget elementor-widget-text-editor\" data-id=\"823e990\" data-element_type=\"widget\" data-e-type=\"widget\" data-widget_type=\"text-editor.default\">\n\t\t\t\t\t\t\t\t\t<p>Entra en los pasadizos secretos de Alta Verapaz y Baja Verapaz, y descubre la majestuosidad de las formaciones rocosas, los r\u00edos subterr\u00e1neos y las leyendas que envuelven a estas antiguas cavernas. Aqu\u00ed te contamos c\u00f3mo llegar y qu\u00e9 esperar en cada una de estas maravillas naturales.<\/p><p>Las cuevas de Lanqu\u00edn hasta las Grutas del Rey Marcos est\u00e1n llenas de misticismo pero tambi\u00e9n de extrema aventura que hasta el turista extranjero ama explorar m\u00e1s all\u00e1 en su historia.\u00a0\u00a0<span style=\"text-align: var(--text-align)\"><a href=\"https:\/\/soymigrante.com\/revista\/carrera-de-todos-santos-cuchumatan-un-icono-de-guatemala-y-de-la-cultura-mam\/\">Guatemala es hogar<\/a> de incre\u00edbles cuevas y grutas que ofrecen paisajes espectaculares y aventuras inolvidables.\u00a0<\/span><\/p><p><span style=\"text-align: var(--text-align)\">A continuaci\u00f3n, te cuento sobre algunas de las cuevas m\u00e1s famosas en Guatemala, con detalles sobre c\u00f3mo llegar a cada una de ellas.<\/span><\/p>\t\t\t\t\t\t\t\t<\/div>\n\t\t\t\t\t<\/div>\n\t\t\t\t<\/div>\n\t\t<div data-particle_enable=\"false\" data-particle-mobile-disabled=\"false\" class=\"elementor-element elementor-element-2ab8a1b e-flex e-con-boxed e-con e-parent\" data-id=\"2ab8a1b\" data-element_type=\"container\" data-e-type=\"container\">\n\t\t\t\t\t<div class=\"e-con-inner\">\n\t\t\t\t<div class=\"elementor-element elementor-element-1092055 elementor-widget elementor-widget-heading\" data-id=\"1092055\" data-element_type=\"widget\" data-e-type=\"widget\" data-widget_type=\"heading.default\">\n\t\t\t\t\t<h3 class=\"elementor-heading-title elementor-size-default\">Cuevas de Lanqu\u00edn<\/h3>\t\t\t\t<\/div>\n\t\t\t\t\t<\/div>\n\t\t\t\t<\/div>\n\t\t<div data-particle_enable=\"false\" data-particle-mobile-disabled=\"false\" class=\"elementor-element elementor-element-8bd1b18 e-flex e-con-boxed e-con e-parent\" data-id=\"8bd1b18\" data-element_type=\"container\" data-e-type=\"container\">\n\t\t\t\t\t<div class=\"e-con-inner\">\n\t\t\t\t<div class=\"elementor-element elementor-element-61685f7 elementor-widget elementor-widget-text-editor\" data-id=\"61685f7\" data-element_type=\"widget\" data-e-type=\"widget\" data-widget_type=\"text-editor.default\">\n\t\t\t\t\t\t\t\t\t<p><strong>Ubicaci\u00f3n:<\/strong> Lanqu\u00edn, Alta Verapaz<br \/>Las Cuevas de Lanqu\u00edn son una serie de grutas de piedra caliza llenas de estalactitas y estalagmitas, con un r\u00edo subterr\u00e1neo que corre a lo largo de sus t\u00faneles. Al anochecer, miles de murci\u00e9lagos salen de las cuevas, lo que crea un espect\u00e1culo natural impresionante.<\/p><p><b>C\u00f3mo llegar:<\/b> Desde la Ciudad de Guatemala, toma un autob\u00fas o transporte privado hacia Cob\u00e1n (aproximadamente 4-5 horas) y, desde all\u00ed, otro hacia Lanqu\u00edn (1-2 horas m\u00e1s). Desde el pueblo de Lanqu\u00edn, las cuevas est\u00e1n a unos 10-15 minutos en veh\u00edculo.<\/p>\t\t\t\t\t\t\t\t<\/div>\n\t\t\t\t\t<\/div>\n\t\t\t\t<\/div>\n\t\t<div data-particle_enable=\"false\" data-particle-mobile-disabled=\"false\" class=\"elementor-element elementor-element-f3bdee2 e-flex e-con-boxed e-con e-parent\" data-id=\"f3bdee2\" data-element_type=\"container\" data-e-type=\"container\">\n\t\t\t\t\t<div class=\"e-con-inner\">\n\t\t\t\t<div class=\"elementor-element elementor-element-21bcdab elementor-widget elementor-widget-facebook-embed\" data-id=\"21bcdab\" data-element_type=\"widget\" data-e-type=\"widget\" data-widget_type=\"facebook-embed.default\">\n\t\t\t\t\t<div style=\"min-height: 1px\" class=\"elementor-facebook-widget fb-post\" data-href=\"https:\/\/www.facebook.com\/grutasLanquin\/videos\/1283665425672968?locale=es_LA\" data-show-text=\"false\"><\/div>\t\t\t\t<\/div>\n\t\t\t\t\t<\/div>\n\t\t\t\t<\/div>\n\t\t<div data-particle_enable=\"false\" data-particle-mobile-disabled=\"false\" class=\"elementor-element elementor-element-cc67a03 e-flex e-con-boxed e-con e-parent\" data-id=\"cc67a03\" data-element_type=\"container\" data-e-type=\"container\">\n\t\t\t\t\t<div class=\"e-con-inner\">\n\t\t\t\t<div class=\"elementor-element elementor-element-d6bf12e elementor-widget elementor-widget-heading\" data-id=\"d6bf12e\" data-element_type=\"widget\" data-e-type=\"widget\" data-widget_type=\"heading.default\">\n\t\t\t\t\t<h3 class=\"elementor-heading-title elementor-size-default\">Grutas del Rey Marcos<\/h3>\t\t\t\t<\/div>\n\t\t\t\t\t<\/div>\n\t\t\t\t<\/div>\n\t\t<div data-particle_enable=\"false\" data-particle-mobile-disabled=\"false\" class=\"elementor-element elementor-element-9d3ad24 e-flex e-con-boxed e-con e-parent\" data-id=\"9d3ad24\" data-element_type=\"container\" data-e-type=\"container\">\n\t\t\t\t\t<div class=\"e-con-inner\">\n\t\t\t\t<div class=\"elementor-element elementor-element-359d824 elementor-widget elementor-widget-text-editor\" data-id=\"359d824\" data-element_type=\"widget\" data-e-type=\"widget\" data-widget_type=\"text-editor.default\">\n\t\t\t\t\t\t\t\t\t<p><b>Ubicaci\u00f3n: <\/b>San Juan Chamelco,\u00a0<a href=\"https:\/\/soymigrante.com\/revista\/joyas-mayas-migrantes-ocarina-del-siglo-8-de-alta-verapaz-en-el-museo-de-arte-de-denver\/\" target=\"_blank\" rel=\"noopener\">Alta Verapaz<\/a><br \/>Estas grutas se destacan por sus formaciones rocosas \u00fanicas y su ambiente m\u00edstico. Adem\u00e1s de explorar las cuevas, puedes disfrutar de un balneario natural y una zona de camping. La cueva tiene un arroyo cristalino y en su interior se pueden observar curiosas formaciones minerales.<\/p><p><span style=\"color: var( --e-global-color-text );text-align: var(--text-align)\"><strong>C\u00f3mo llegar:<\/strong> Desde Cob\u00e1n, toma un transporte hacia San Juan Chamelco, que se encuentra a unos 20 minutos. Desde all\u00ed, las grutas est\u00e1n a unos 30 minutos en veh\u00edculo; tambi\u00e9n puedes tomar un tour guiado desde Cob\u00e1n.<\/span><\/p>\t\t\t\t\t\t\t\t<\/div>\n\t\t\t\t\t<\/div>\n\t\t\t\t<\/div>\n\t\t<div data-particle_enable=\"false\" data-particle-mobile-disabled=\"false\" class=\"elementor-element elementor-element-7a395a1 e-flex e-con-boxed e-con e-parent\" data-id=\"7a395a1\" data-element_type=\"container\" data-e-type=\"container\">\n\t\t\t\t\t<div class=\"e-con-inner\">\n\t\t\t\t<div class=\"elementor-element elementor-element-afb3b16 elementor-widget elementor-widget-video\" data-id=\"afb3b16\" data-element_type=\"widget\" data-e-type=\"widget\" data-settings=\"{&quot;youtube_url&quot;:&quot;https:\\\/\\\/www.youtube.com\\\/watch?v=PGBSnL3kTso&quot;,&quot;video_type&quot;:&quot;youtube&quot;,&quot;controls&quot;:&quot;yes&quot;}\" data-widget_type=\"video.default\">\n\t\t\t\t\t\t\t<div class=\"elementor-wrapper elementor-open-inline\">\n\t\t\t<div class=\"elementor-video\"><\/div>\t\t<\/div>\n\t\t\t\t\t\t<\/div>\n\t\t\t\t\t<\/div>\n\t\t\t\t<\/div>\n\t\t<div data-particle_enable=\"false\" data-particle-mobile-disabled=\"false\" class=\"elementor-element elementor-element-15125f8 e-flex e-con-boxed e-con e-parent\" data-id=\"15125f8\" data-element_type=\"container\" data-e-type=\"container\">\n\t\t\t\t\t<div class=\"e-con-inner\">\n\t\t\t\t<div class=\"elementor-element elementor-element-718250b elementor-widget elementor-widget-heading\" data-id=\"718250b\" data-element_type=\"widget\" data-e-type=\"widget\" data-widget_type=\"heading.default\">\n\t\t\t\t\t<h3 class=\"elementor-heading-title elementor-size-default\">Cuevas de Candelaria<\/h3>\t\t\t\t<\/div>\n\t\t\t\t\t<\/div>\n\t\t\t\t<\/div>\n\t\t<div data-particle_enable=\"false\" data-particle-mobile-disabled=\"false\" class=\"elementor-element elementor-element-62cbaa5 e-flex e-con-boxed e-con e-parent\" data-id=\"62cbaa5\" data-element_type=\"container\" data-e-type=\"container\">\n\t\t\t\t\t<div class=\"e-con-inner\">\n\t\t\t\t<div class=\"elementor-element elementor-element-a39950c elementor-widget elementor-widget-text-editor\" data-id=\"a39950c\" data-element_type=\"widget\" data-e-type=\"widget\" data-widget_type=\"text-editor.default\">\n\t\t\t\t\t\t\t\t\t<p><strong>Ubicaci\u00f3n:<\/strong> Chisec, Alta Verapaz<br \/>Las Cuevas de Candelaria son un extenso sistema subterr\u00e1neo considerado uno de los m\u00e1s largos de Centroam\u00e9rica. Estas cuevas tienen un significado especial en la cultura maya, y en ellas puedes practicar tubing en el r\u00edo subterr\u00e1neo o hacer recorridos guiados que te muestran el ambiente m\u00edstico y las formaciones rocosas.<\/p><p><strong>C\u00f3mo llegar:<\/strong> Desde Cob\u00e1n, toma un bus hacia Chisec, que est\u00e1 a aproximadamente una hora. Desde all\u00ed, puedes contratar transporte local o un gu\u00eda para llegar a las cuevas de Candelaria.<\/p>\t\t\t\t\t\t\t\t<\/div>\n\t\t\t\t\t<\/div>\n\t\t\t\t<\/div>\n\t\t<div data-particle_enable=\"false\" data-particle-mobile-disabled=\"false\" class=\"elementor-element elementor-element-b91d02f e-flex e-con-boxed e-con e-parent\" data-id=\"b91d02f\" data-element_type=\"container\" data-e-type=\"container\">\n\t\t\t\t\t<div class=\"e-con-inner\">\n\t\t\t\t<div class=\"elementor-element elementor-element-1356119 elementor-widget elementor-widget-video\" data-id=\"1356119\" data-element_type=\"widget\" data-e-type=\"widget\" data-settings=\"{&quot;youtube_url&quot;:&quot;https:\\\/\\\/www.youtube.com\\\/watch?v=iC4t6MlyIkM&quot;,&quot;video_type&quot;:&quot;youtube&quot;,&quot;controls&quot;:&quot;yes&quot;}\" data-widget_type=\"video.default\">\n\t\t\t\t\t\t\t<div class=\"elementor-wrapper elementor-open-inline\">\n\t\t\t<div class=\"elementor-video\"><\/div>\t\t<\/div>\n\t\t\t\t\t\t<\/div>\n\t\t\t\t\t<\/div>\n\t\t\t\t<\/div>\n\t\t<div data-particle_enable=\"false\" data-particle-mobile-disabled=\"false\" class=\"elementor-element elementor-element-ff74024 e-flex e-con-boxed e-con e-parent\" data-id=\"ff74024\" data-element_type=\"container\" data-e-type=\"container\">\n\t\t\t\t\t<div class=\"e-con-inner\">\n\t\t\t\t<div class=\"elementor-element elementor-element-90ca031 elementor-widget elementor-widget-heading\" data-id=\"90ca031\" data-element_type=\"widget\" data-e-type=\"widget\" data-widget_type=\"heading.default\">\n\t\t\t\t\t<h3 class=\"elementor-heading-title elementor-size-default\">Cuevas de Bombil Pek y Jul Iq'<\/h3>\t\t\t\t<\/div>\n\t\t\t\t\t<\/div>\n\t\t\t\t<\/div>\n\t\t<div data-particle_enable=\"false\" data-particle-mobile-disabled=\"false\" class=\"elementor-element elementor-element-fee4331 e-flex e-con-boxed e-con e-parent\" data-id=\"fee4331\" data-element_type=\"container\" data-e-type=\"container\">\n\t\t\t\t\t<div class=\"e-con-inner\">\n\t\t\t\t<div class=\"elementor-element elementor-element-0468f21 elementor-widget elementor-widget-text-editor\" data-id=\"0468f21\" data-element_type=\"widget\" data-e-type=\"widget\" data-widget_type=\"text-editor.default\">\n\t\t\t\t\t\t\t\t\t<p><strong>Ubicaci\u00f3n:<\/strong> Chisec, Alta Verapaz<br \/>Este sistema de cuevas y r\u00edos subterr\u00e1neos es conocido por su belleza y su conexi\u00f3n con las tradiciones mayas locales. En Bombil Pek, podr\u00e1s explorar pasadizos de piedra caliza, mientras que en Jul Iq\u2019 hay formaciones m\u00e1s amplias que se recorren con equipo especializado.<\/p><p><strong>C\u00f3mo llegar:<\/strong> Desde Chisec, puedes llegar a las cuevas en veh\u00edculo o con gu\u00edas locales. Tambi\u00e9n es posible encontrar tours que incluyan transporte desde\u00a0<a style=\"text-align: var(--text-align)\" href=\"https:\/\/soymigrante.com\/revista\/maderas-grissell-de-la-familia-oxom-crea-muebles-y-piezas-decorativas-en-coban\/\" target=\"_blank\" rel=\"noopener\">Cob\u00e1n.<\/a><\/p>\t\t\t\t\t\t\t\t<\/div>\n\t\t\t\t\t<\/div>\n\t\t\t\t<\/div>\n\t\t<div data-particle_enable=\"false\" data-particle-mobile-disabled=\"false\" class=\"elementor-element elementor-element-a778528 e-flex e-con-boxed e-con e-parent\" data-id=\"a778528\" data-element_type=\"container\" data-e-type=\"container\">\n\t\t\t\t\t<div class=\"e-con-inner\">\n\t\t\t\t<div class=\"elementor-element elementor-element-a05b0bc elementor-widget elementor-widget-video\" data-id=\"a05b0bc\" data-element_type=\"widget\" data-e-type=\"widget\" data-settings=\"{&quot;youtube_url&quot;:&quot;https:\\\/\\\/www.youtube.com\\\/watch?v=t954AUXx7AA&quot;,&quot;video_type&quot;:&quot;youtube&quot;,&quot;controls&quot;:&quot;yes&quot;}\" data-widget_type=\"video.default\">\n\t\t\t\t\t\t\t<div class=\"elementor-wrapper elementor-open-inline\">\n\t\t\t<div class=\"elementor-video\"><\/div>\t\t<\/div>\n\t\t\t\t\t\t<\/div>\n\t\t\t\t\t<\/div>\n\t\t\t\t<\/div>\n\t\t<div data-particle_enable=\"false\" data-particle-mobile-disabled=\"false\" class=\"elementor-element elementor-element-de6f6fb e-flex e-con-boxed e-con e-parent\" data-id=\"de6f6fb\" data-element_type=\"container\" data-e-type=\"container\">\n\t\t\t\t\t<div class=\"e-con-inner\">\n\t\t\t\t<div class=\"elementor-element elementor-element-9d9ed33 elementor-widget elementor-widget-heading\" data-id=\"9d9ed33\" data-element_type=\"widget\" data-e-type=\"widget\" data-widget_type=\"heading.default\">\n\t\t\t\t\t<h3 class=\"elementor-heading-title elementor-size-default\">Cuevas de Chicoy<\/h3>\t\t\t\t<\/div>\n\t\t\t\t\t<\/div>\n\t\t\t\t<\/div>\n\t\t<div data-particle_enable=\"false\" data-particle-mobile-disabled=\"false\" class=\"elementor-element elementor-element-4bbd2c1 e-flex e-con-boxed e-con e-parent\" data-id=\"4bbd2c1\" data-element_type=\"container\" data-e-type=\"container\">\n\t\t\t\t\t<div class=\"e-con-inner\">\n\t\t\t\t<div class=\"elementor-element elementor-element-a5ff61b elementor-widget elementor-widget-text-editor\" data-id=\"a5ff61b\" data-element_type=\"widget\" data-e-type=\"widget\" data-widget_type=\"text-editor.default\">\n\t\t\t\t\t\t\t\t\t<p><strong>Ubicaci\u00f3n:<\/strong> Baja Verapaz,\u00a0<a href=\"https:\/\/soymigrante.com\/revista\/ramiro-garrido-electricista-en-ee-uu-posee-la-poderosa-energia-de-la-generosida\/\" target=\"_blank\" rel=\"noopener\">cerca de Salam\u00e1<\/a><br \/>Estas cuevas tienen un ambiente especial, pues son un lugar de ceremonias mayas. La cueva principal es conocida como Chicoy, y en su interior encontrar\u00e1s altares y ofrendas, pues la cueva es usada como lugar de oraci\u00f3n y rituales.<\/p><p><strong>C\u00f3mo llegar:<\/strong> Desde la Ciudad de Guatemala, toma un bus hacia Salam\u00e1 (aproximadamente 3 horas). Desde all\u00ed, las cuevas est\u00e1n a unos 15 minutos en veh\u00edculo.<\/p>\t\t\t\t\t\t\t\t<\/div>\n\t\t\t\t\t<\/div>\n\t\t\t\t<\/div>\n\t\t<div data-particle_enable=\"false\" data-particle-mobile-disabled=\"false\" class=\"elementor-element elementor-element-6c6366c e-flex e-con-boxed e-con e-parent\" data-id=\"6c6366c\" data-element_type=\"container\" data-e-type=\"container\">\n\t\t\t\t\t<div class=\"e-con-inner\">\n\t\t\t\t<div class=\"elementor-element elementor-element-76afb36 elementor-widget elementor-widget-video\" data-id=\"76afb36\" data-element_type=\"widget\" data-e-type=\"widget\" data-settings=\"{&quot;youtube_url&quot;:&quot;https:\\\/\\\/www.youtube.com\\\/watch?v=hdlTAYn0iIE&quot;,&quot;video_type&quot;:&quot;youtube&quot;,&quot;controls&quot;:&quot;yes&quot;}\" data-widget_type=\"video.default\">\n\t\t\t\t\t\t\t<div class=\"elementor-wrapper elementor-open-inline\">\n\t\t\t<div class=\"elementor-video\"><\/div>\t\t<\/div>\n\t\t\t\t\t\t<\/div>\n\t\t\t\t\t<\/div>\n\t\t\t\t<\/div>\n\t\t<div data-particle_enable=\"false\" data-particle-mobile-disabled=\"false\" class=\"elementor-element elementor-element-9868785 e-flex e-con-boxed e-con e-parent\" data-id=\"9868785\" data-element_type=\"container\" data-e-type=\"container\">\n\t\t\t\t\t<div class=\"e-con-inner\">\n\t\t\t\t<div class=\"elementor-element elementor-element-f8d82ac elementor-widget elementor-widget-heading\" data-id=\"f8d82ac\" data-element_type=\"widget\" data-e-type=\"widget\" data-widget_type=\"heading.default\">\n\t\t\t\t\t<h3 class=\"elementor-heading-title elementor-size-default\">Recomendaciones:<\/h3>\t\t\t\t<\/div>\n\t\t\t\t\t<\/div>\n\t\t\t\t<\/div>\n\t\t<div data-particle_enable=\"false\" data-particle-mobile-disabled=\"false\" class=\"elementor-element elementor-element-2ec853c e-flex e-con-boxed e-con e-parent\" data-id=\"2ec853c\" data-element_type=\"container\" data-e-type=\"container\">\n\t\t\t\t\t<div class=\"e-con-inner\">\n\t\t\t\t<div class=\"elementor-element elementor-element-b6aa5b5 elementor-widget elementor-widget-text-editor\" data-id=\"b6aa5b5\" data-element_type=\"widget\" data-e-type=\"widget\" data-widget_type=\"text-editor.default\">\n\t\t\t\t\t\t\t\t\t<ul><li><strong>Equipo:<\/strong> Lleva linterna, ropa c\u00f3moda, y zapatos de agarre, ya que muchas cuevas tienen superficies resbalosas.<\/li><li><strong>Tours guiados:<\/strong> Muchas de estas cuevas tienen recorridos guiados con gu\u00edas locales que pueden compartirte m\u00e1s sobre la historia y mitolog\u00eda del lugar.<\/li><li><strong>Respeto al entorno:<\/strong> Estas cuevas son lugares sagrados para las comunidades mayas; respeta las indicaciones y el ambiente en general.<br \/>Cada una de estas cuevas en Guatemala ofrece una experiencia \u00fanica, ya sea para admirar su belleza natural o para conocer m\u00e1s sobre la cultura maya.<\/li><\/ul>\t\t\t\t\t\t\t\t<\/div>\n\t\t\t\t\t<\/div>\n\t\t\t\t<\/div>\n\t\t<div data-particle_enable=\"false\" data-particle-mobile-disabled=\"false\" class=\"elementor-element elementor-element-8bb9072 e-flex e-con-boxed e-con e-parent\" data-id=\"8bb9072\" data-element_type=\"container\" data-e-type=\"container\">\n\t\t\t\t\t<div class=\"e-con-inner\">\n\t\t\t\t<div class=\"elementor-element elementor-element-903e14c elementor-widget elementor-widget-heading\" data-id=\"903e14c\" data-element_type=\"widget\" data-e-type=\"widget\" data-widget_type=\"heading.default\">\n\t\t\t\t\t<h2 class=\"elementor-heading-title elementor-size-default\">Aqu\u00ed unos tips para tus viajes<\/h2>\t\t\t\t<\/div>\n\t\t\t\t\t<\/div>\n\t\t\t\t<\/div>\n\t\t<div data-particle_enable=\"false\" data-particle-mobile-disabled=\"false\" class=\"elementor-element elementor-element-820c00c e-flex e-con-boxed e-con e-parent\" data-id=\"820c00c\" data-element_type=\"container\" data-e-type=\"container\">\n\t\t\t\t\t<div class=\"e-con-inner\">\n\t\t\t\t<div class=\"elementor-element elementor-element-73a3d80 elementor-grid-eael-col-3 elementor-grid-tablet-eael-col-2 elementor-grid-mobile-eael-col-1 elementor-widget elementor-widget-eael-post-grid\" data-id=\"73a3d80\" data-element_type=\"widget\" data-e-type=\"widget\" data-settings=\"{&quot;eael_post_grid_columns&quot;:&quot;eael-col-3&quot;,&quot;eael_post_grid_columns_tablet&quot;:&quot;eael-col-2&quot;,&quot;eael_post_grid_columns_mobile&quot;:&quot;eael-col-1&quot;}\" data-widget_type=\"eael-post-grid.default\">\n\t\t\t\t\t<div id=\"eael-post-grid-73a3d80\" class=\"eael-post-grid-container\">\n            <div class=\"eael-post-grid eael-post-appender eael-post-appender-73a3d80 eael-post-grid-style-one\" data-layout-mode=\"masonry\"><article class=\"eael-grid-post  eael-post-grid-column eael-pg-post-11861 category-bienestar\" data-id=\"11861\">\n        <div class=\"eael-grid-post-holder\">\n            <div class=\"eael-grid-post-holder-inner\"><div class=\"eael-entry-media\"><div class=\"eael-entry-overlay fade-in\"><i class=\"far fa-hand-pointer\" aria-hidden=\"true\"><\/i><a href=\"https:\/\/soymigrante.com\/revista\/evita-llevar-estas-frutas-si-viajas-a-usa-hay-restricciones\/\"><\/a><\/div><div class=\"eael-entry-thumbnail \">\n                <img fetchpriority=\"high\" decoding=\"async\" width=\"1024\" height=\"1024\" src=\"https:\/\/soymigrante.com\/revista\/wp-content\/uploads\/2024\/11\/Frutas-prohibidas-de-entrar-a-USA-1024x1024.jpg\" class=\"attachment-large size-large wp-image-11885\" alt=\"Maletas de viaje, sombrero de paja, pi\u00f1a, sand\u00eda inflable y equipo de snorkel en color pastel, lista para vacaciones y verano.\" srcset=\"https:\/\/soymigrante.com\/revista\/wp-content\/uploads\/2024\/11\/Frutas-prohibidas-de-entrar-a-USA-1024x1024.jpg 1024w, https:\/\/soymigrante.com\/revista\/wp-content\/uploads\/2024\/11\/Frutas-prohibidas-de-entrar-a-USA-300x300.webp 300w, https:\/\/soymigrante.com\/revista\/wp-content\/uploads\/2024\/11\/Frutas-prohibidas-de-entrar-a-USA-150x150.webp 150w, https:\/\/soymigrante.com\/revista\/wp-content\/uploads\/2024\/11\/Frutas-prohibidas-de-entrar-a-USA-768x768.jpg 768w, https:\/\/soymigrante.com\/revista\/wp-content\/uploads\/2024\/11\/Frutas-prohibidas-de-entrar-a-USA-1536x1536.jpg 1536w, https:\/\/soymigrante.com\/revista\/wp-content\/uploads\/2024\/11\/Frutas-prohibidas-de-entrar-a-USA-2048x2048.jpg 2048w, https:\/\/soymigrante.com\/revista\/wp-content\/uploads\/2024\/11\/Frutas-prohibidas-de-entrar-a-USA-75x75.webp 75w, https:\/\/soymigrante.com\/revista\/wp-content\/uploads\/2024\/11\/Frutas-prohibidas-de-entrar-a-USA-750x750.webp 750w, https:\/\/soymigrante.com\/revista\/wp-content\/uploads\/2024\/11\/Frutas-prohibidas-de-entrar-a-USA-1140x1140.jpg 1140w, https:\/\/soymigrante.com\/revista\/wp-content\/uploads\/2024\/11\/Frutas-prohibidas-de-entrar-a-USA-scaled.webp 1920w\" sizes=\"(max-width: 1024px) 100vw, 1024px\" \/>\n            <\/div>\n        <\/div><div class=\"eael-entry-wrapper\"><header class=\"eael-entry-header\"><h2 class=\"eael-entry-title\"><a class=\"eael-grid-post-link\" href=\"https:\/\/soymigrante.com\/revista\/evita-llevar-estas-frutas-si-viajas-a-usa-hay-restricciones\/\" title=\"Evita llevar estas frutas si viajas a USA. Hay restricciones\">Evita llevar estas frutas si viajas a USA. Hay restricciones<\/a><\/h2><\/header><div class=\"eael-entry-content\">\n                        <div class=\"eael-grid-post-excerpt\"><a href=\"https:\/\/soymigrante.com\/revista\/evita-llevar-estas-frutas-si-viajas-a-usa-hay-restricciones\/\" class=\"eael-post-elements-readmore-btn\">CONOCE SU HISTORIA <\/a><\/div>\n                    <\/div><\/div><\/div>\n        <\/div>\n    <\/article><article class=\"eael-grid-post  eael-post-grid-column eael-pg-post-10584 category-bienestar\" data-id=\"10584\">\n        <div class=\"eael-grid-post-holder\">\n            <div class=\"eael-grid-post-holder-inner\"><div class=\"eael-entry-media\"><div class=\"eael-entry-overlay fade-in\"><i class=\"far fa-hand-pointer\" aria-hidden=\"true\"><\/i><a href=\"https:\/\/soymigrante.com\/revista\/usar-el-transporte-publico-en-grandes-ciudades-de-usa-es-una-opcion\/\"><\/a><\/div><div class=\"eael-entry-thumbnail \">\n                <img decoding=\"async\" width=\"1024\" height=\"1024\" src=\"https:\/\/soymigrante.com\/revista\/wp-content\/uploads\/2024\/10\/feature-transporte-publico-1024x1024.webp\" class=\"attachment-large size-large wp-image-10589\" alt=\"Estaci\u00f3n de metro en Estados Unidos con tren met\u00e1lico y bandera estadounidense, plataforma y se\u00f1alizaci\u00f3n en un entorno urbano, resaltando la movilidad y cultura migrante.\" srcset=\"https:\/\/soymigrante.com\/revista\/wp-content\/uploads\/2024\/10\/feature-transporte-publico-1024x1024.webp 1024w, https:\/\/soymigrante.com\/revista\/wp-content\/uploads\/2024\/10\/feature-transporte-publico-300x300.webp 300w, https:\/\/soymigrante.com\/revista\/wp-content\/uploads\/2024\/10\/feature-transporte-publico-150x150.webp 150w, https:\/\/soymigrante.com\/revista\/wp-content\/uploads\/2024\/10\/feature-transporte-publico-768x768.webp 768w, https:\/\/soymigrante.com\/revista\/wp-content\/uploads\/2024\/10\/feature-transporte-publico-1536x1536.webp 1536w, https:\/\/soymigrante.com\/revista\/wp-content\/uploads\/2024\/10\/feature-transporte-publico-scaled.webp 1920w, https:\/\/soymigrante.com\/revista\/wp-content\/uploads\/2024\/10\/feature-transporte-publico-75x75.webp 75w, https:\/\/soymigrante.com\/revista\/wp-content\/uploads\/2024\/10\/feature-transporte-publico-750x750.webp 750w, https:\/\/soymigrante.com\/revista\/wp-content\/uploads\/2024\/10\/feature-transporte-publico-1140x1140.jpg 1140w\" sizes=\"(max-width: 1024px) 100vw, 1024px\" \/>\n            <\/div>\n        <\/div><div class=\"eael-entry-wrapper\"><header class=\"eael-entry-header\"><h2 class=\"eael-entry-title\"><a class=\"eael-grid-post-link\" href=\"https:\/\/soymigrante.com\/revista\/usar-el-transporte-publico-en-grandes-ciudades-de-usa-es-una-opcion\/\" title=\"Usar el transporte p\u00fablico en grandes ciudades de USA es una opci\u00f3n\">Usar el transporte p\u00fablico en grandes ciudades de USA es una opci\u00f3n<\/a><\/h2><\/header><div class=\"eael-entry-content\">\n                        <div class=\"eael-grid-post-excerpt\"><a href=\"https:\/\/soymigrante.com\/revista\/usar-el-transporte-publico-en-grandes-ciudades-de-usa-es-una-opcion\/\" class=\"eael-post-elements-readmore-btn\">CONOCE SU HISTORIA <\/a><\/div>\n                    <\/div><\/div><\/div>\n        <\/div>\n    <\/article><article class=\"eael-grid-post  eael-post-grid-column eael-pg-post-8492 category-recursos-migratorios\" data-id=\"8492\">\n        <div class=\"eael-grid-post-holder\">\n            <div class=\"eael-grid-post-holder-inner\"><div class=\"eael-entry-media\"><div class=\"eael-entry-overlay fade-in\"><i class=\"far fa-hand-pointer\" aria-hidden=\"true\"><\/i><a href=\"https:\/\/soymigrante.com\/revista\/como-comprar-vuelos-baratos-para-viajar-de-ee-uu-a-guatemala\/\"><\/a><\/div><div class=\"eael-entry-thumbnail \">\n                <img decoding=\"async\" width=\"1024\" height=\"1024\" src=\"https:\/\/soymigrante.com\/revista\/wp-content\/uploads\/2024\/08\/viajes-baratos-a-guatemala-1024x1024.webp\" class=\"attachment-large size-large wp-image-8494\" alt=\"Vuelo internacional y migrantes en aeropuerto, reflejando temas de migraci\u00f3n y viaje internacional en SoyMigrante.com REVISTA.\" srcset=\"https:\/\/soymigrante.com\/revista\/wp-content\/uploads\/2024\/08\/viajes-baratos-a-guatemala-1024x1024.webp 1024w, https:\/\/soymigrante.com\/revista\/wp-content\/uploads\/2024\/08\/viajes-baratos-a-guatemala-300x300.webp 300w, https:\/\/soymigrante.com\/revista\/wp-content\/uploads\/2024\/08\/viajes-baratos-a-guatemala-150x150.webp 150w, https:\/\/soymigrante.com\/revista\/wp-content\/uploads\/2024\/08\/viajes-baratos-a-guatemala-768x768.webp 768w, https:\/\/soymigrante.com\/revista\/wp-content\/uploads\/2024\/08\/viajes-baratos-a-guatemala-1536x1536.webp 1536w, https:\/\/soymigrante.com\/revista\/wp-content\/uploads\/2024\/08\/viajes-baratos-a-guatemala-scaled.webp 1920w, https:\/\/soymigrante.com\/revista\/wp-content\/uploads\/2024\/08\/viajes-baratos-a-guatemala-75x75.webp 75w, https:\/\/soymigrante.com\/revista\/wp-content\/uploads\/2024\/08\/viajes-baratos-a-guatemala-750x750.webp 750w, https:\/\/soymigrante.com\/revista\/wp-content\/uploads\/2024\/08\/viajes-baratos-a-guatemala-1140x1140.webp 1140w\" sizes=\"(max-width: 1024px) 100vw, 1024px\" \/>\n            <\/div>\n        <\/div><div class=\"eael-entry-wrapper\"><header class=\"eael-entry-header\"><h2 class=\"eael-entry-title\"><a class=\"eael-grid-post-link\" href=\"https:\/\/soymigrante.com\/revista\/como-comprar-vuelos-baratos-para-viajar-de-ee-uu-a-guatemala\/\" title=\"Algunos tips para hallar vuelos m\u00e1s baratos de EE. UU. a Guatemala\">Algunos tips para hallar vuelos m\u00e1s baratos de EE. UU. a Guatemala<\/a><\/h2><\/header><div class=\"eael-entry-content\">\n                        <div class=\"eael-grid-post-excerpt\"><a href=\"https:\/\/soymigrante.com\/revista\/como-comprar-vuelos-baratos-para-viajar-de-ee-uu-a-guatemala\/\" class=\"eael-post-elements-readmore-btn\">CONOCE SU HISTORIA <\/a><\/div>\n                    <\/div><\/div><\/div>\n        <\/div>\n    <\/article><\/div>\n            <div class=\"clearfix\"><\/div>\n        <\/div>\t\t\t\t<\/div>\n\t\t\t\t\t<\/div>\n\t\t\t\t<\/div>\n\t\t\t\t<\/div>\n\t\t","protected":false},"excerpt":{"rendered":"<p>Desde las m\u00edsticas Cuevas de Lanqu\u00edn hasta las Grutas del Rey Marcos, Guatemala ofrece un mundo subterr\u00e1neo lleno de historia, naturaleza y cultura maya. Conoce algunas de ellas. Entra en los pasadizos secretos de Alta Verapaz y Baja Verapaz, y descubre la majestuosidad de las formaciones rocosas, los r\u00edos subterr\u00e1neos y las leyendas que envuelven [&hellip;]<\/p>\n","protected":false},"author":23,"featured_media":12302,"comment_status":"open","ping_status":"open","sticky":false,"template":"","format":"standard","meta":{"_acf_changed":false,"_eb_attr":"","footnotes":""},"categories":[58],"tags":[],"class_list":["post-12019","post","type-post","status-publish","format-standard","has-post-thumbnail","hentry","category-guate-nuestra"],"acf":[],"aioseo_notices":[],"aioseo_head":"\n\t\t<!-- All in One SEO Pro 4.9.6.2 - aioseo.com -->\n\t<meta name=\"description\" content=\"Aparte de sondear sitios con ese nombre, es posible tener ciertas estrategias de b\u00fasqueda para lograr mejores precios en vuelos de USA a Guatemala. Estas son.\" \/>\n\t<meta name=\"robots\" content=\"max-snippet:-1, max-image-preview:large, max-video-preview:-1\" \/>\n\t<meta name=\"author\" content=\"Beatriz Tercero\"\/>\n\t<link rel=\"canonical\" href=\"https:\/\/soymigrante.com\/revista\/como-comprar-vuelos-baratos-para-viajar-de-ee-uu-a-guatemala\/\" \/>\n\t<meta name=\"generator\" content=\"All in One SEO Pro (AIOSEO) 4.9.6.2\" \/>\n\n\t\t<link rel=\"preconnect\" href=\"https:\/\/fonts.googleapis.com\" crossorigin>\n<link rel=\"preconnect\" href=\"https:\/\/fonts.gstatic.com\" crossorigin>\n\t\t<meta property=\"og:locale\" content=\"es_ES\" \/>\n\t\t<meta property=\"og:site_name\" content=\"SoyMigrante.com REVISTA \u2013 Nuestra misi\u00f3n es reconocer y dignificar al migrante.\" \/>\n\t\t<meta property=\"og:type\" content=\"article\" \/>\n\t\t<meta property=\"og:title\" content=\"Vuelos a mejor precios: algunas claves a tener presentes\" \/>\n\t\t<meta property=\"og:description\" content=\"Aparte de sondear sitios con ese nombre, es posible tener ciertas estrategias de b\u00fasqueda para lograr mejores precios en vuelos de USA a Guatemala. Estas son.\" \/>\n\t\t<meta property=\"og:url\" content=\"https:\/\/soymigrante.com\/revista\/como-comprar-vuelos-baratos-para-viajar-de-ee-uu-a-guatemala\/\" \/>\n\t\t<meta property=\"og:image\" content=\"https:\/\/soymigrante.com\/revista\/wp-content\/uploads\/2024\/08\/viajes-baratos-a-guatemala-scaled.webp\" \/>\n\t\t<meta property=\"og:image:secure_url\" content=\"https:\/\/soymigrante.com\/revista\/wp-content\/uploads\/2024\/08\/viajes-baratos-a-guatemala-scaled.webp\" \/>\n\t\t<meta property=\"og:image:width\" content=\"1920\" \/>\n\t\t<meta property=\"og:image:height\" content=\"1920\" \/>\n\t\t<meta property=\"article:published_time\" content=\"2024-08-29T17:12:20+00:00\" \/>\n\t\t<meta property=\"article:modified_time\" content=\"2024-11-01T08:02:38+00:00\" \/>\n\t\t<meta property=\"article:publisher\" content=\"https:\/\/www.facebook.com\/soymigrantecom\" \/>\n\t\t<meta name=\"twitter:card\" content=\"summary_large_image\" \/>\n\t\t<meta name=\"twitter:site\" content=\"@SoyMigrante_com\" \/>\n\t\t<meta name=\"twitter:title\" content=\"Vuelos a mejor precios: algunas claves a tener presentes\" \/>\n\t\t<meta name=\"twitter:description\" content=\"Aparte de sondear sitios con ese nombre, es posible tener ciertas estrategias de b\u00fasqueda para lograr mejores precios en vuelos de USA a Guatemala. Estas son.\" \/>\n\t\t<meta name=\"twitter:creator\" content=\"@SoyMigrante_com\" \/>\n\t\t<meta name=\"twitter:image\" content=\"https:\/\/soymigrante.com\/revista\/wp-content\/uploads\/2024\/08\/viajes-baratos-a-guatemala-scaled.webp\" \/>\n\t\t<!-- All in One SEO Pro -->\r\n\t\t<title>Vuelos a mejor precios: algunas claves a tener presentes<\/title>\n\n","aioseo_head_json":{"title":"Vuelos a mejor precios: algunas claves a tener presentes","description":"Aparte de sondear sitios con ese nombre, es posible tener ciertas estrategias de b\u00fasqueda para lograr mejores precios en vuelos de USA a Guatemala. Estas son.","canonical_url":"https:\/\/soymigrante.com\/revista\/como-comprar-vuelos-baratos-para-viajar-de-ee-uu-a-guatemala\/","robots":"max-snippet:-1, max-image-preview:large, max-video-preview:-1","keywords":"","webmasterTools":{"miscellaneous":"&lt;link rel=\"preconnect\" href=\"https:\/\/fonts.googleapis.com\" crossorigin&gt;\n&lt;link rel=\"preconnect\" href=\"https:\/\/fonts.gstatic.com\" crossorigin&gt;"},"schema":null,"og:locale":"es_ES","og:site_name":"SoyMigrante.com REVISTA \u2013 Nuestra misi\u00f3n es reconocer y dignificar al migrante.","og:type":"article","og:title":"Vuelos a mejor precios: algunas claves a tener presentes","og:description":"Aparte de sondear sitios con ese nombre, es posible tener ciertas estrategias de b\u00fasqueda para lograr mejores precios en vuelos de USA a Guatemala. Estas son.","og:url":"https:\/\/soymigrante.com\/revista\/como-comprar-vuelos-baratos-para-viajar-de-ee-uu-a-guatemala\/","og:image":"https:\/\/soymigrante.com\/revista\/wp-content\/uploads\/2024\/08\/viajes-baratos-a-guatemala-scaled.webp","og:image:secure_url":"https:\/\/soymigrante.com\/revista\/wp-content\/uploads\/2024\/08\/viajes-baratos-a-guatemala-scaled.webp","og:image:width":1920,"og:image:height":1920,"article:published_time":"2024-08-29T17:12:20+00:00","article:modified_time":"2024-11-01T08:02:38+00:00","article:publisher":"https:\/\/www.facebook.com\/soymigrantecom","twitter:card":"summary_large_image","twitter:site":"@SoyMigrante_com","twitter:title":"Vuelos a mejor precios: algunas claves a tener presentes","twitter:description":"Aparte de sondear sitios con ese nombre, es posible tener ciertas estrategias de b\u00fasqueda para lograr mejores precios en vuelos de USA a Guatemala. Estas son.","twitter:creator":"@SoyMigrante_com","twitter:image":"https:\/\/soymigrante.com\/revista\/wp-content\/uploads\/2024\/08\/viajes-baratos-a-guatemala-scaled.webp"},"aioseo_meta_data":{"post_id":"12019","title":"\u00bfQu\u00e9 tal una aventura subterr\u00e1nea en las Verapaces?","description":null,"keywords":null,"keyphrases":{"focus":{"keyphrase":"cuevas m\u00edsticas","score":43,"analysis":{"keyphraseInTitle":{"score":3,"maxScore":9,"error":1},"keyphraseInDescription":{"score":3,"maxScore":9,"error":1},"keyphraseLength":{"score":9,"maxScore":9,"error":0,"length":3},"keyphraseInURL":{"score":5,"maxScore":5,"error":0},"keyphraseInIntroduction":{"score":3,"maxScore":9,"error":1},"keyphraseInSubHeadings":{"score":3,"maxScore":9,"error":1},"keyphraseInImageAlt":{"score":3,"maxScore":9,"error":1},"keywordDensity":{"score":0,"type":"low","maxScore":9,"error":1}}},"additional":[{"keyphrase":"las verapaces","score":40,"analysis":{"keyphraseInDescription":{"score":3,"maxScore":9,"error":1},"keyphraseLength":{"score":9,"maxScore":9,"error":0,"length":2},"keyphraseInIntroduction":{"score":3,"maxScore":9,"error":1},"keyphraseInImageAlt":{"score":3,"maxScore":9,"error":1},"keywordDensity":{"score":0,"type":"low","maxScore":9,"error":1}}},{"keyphrase":"Guatemala","score":73,"analysis":{"keyphraseInDescription":{"score":9,"maxScore":9,"error":0},"keyphraseLength":{"score":9,"maxScore":9,"error":0,"length":1},"keyphraseInIntroduction":{"score":3,"maxScore":9,"error":1},"keyphraseInImageAlt":{"score":3,"maxScore":9,"error":1},"keywordDensity":{"type":"best","score":9,"maxScore":9,"error":0}}},{"keyphrase":"Soy Migrante","score":40,"analysis":{"keyphraseInDescription":{"score":3,"maxScore":9,"error":1},"keyphraseLength":{"score":9,"maxScore":9,"error":0,"length":2},"keyphraseInIntroduction":{"score":3,"maxScore":9,"error":1},"keyphraseInImageAlt":{"score":3,"maxScore":9,"error":1},"keywordDensity":{"score":0,"type":"low","maxScore":9,"error":1}}}]},"primary_term":null,"canonical_url":null,"og_title":null,"og_description":null,"og_object_type":"default","og_image_type":"default","og_image_url":null,"og_image_width":null,"og_image_height":null,"og_image_custom_url":null,"og_image_custom_fields":null,"og_video":"","og_custom_url":null,"og_article_section":null,"og_article_tags":null,"twitter_use_og":false,"twitter_card":"default","twitter_image_type":"default","twitter_image_url":null,"twitter_image_custom_url":null,"twitter_image_custom_fields":null,"twitter_title":null,"twitter_description":null,"schema":{"blockGraphs":[],"customGraphs":[],"default":{"data":{"Article":[],"Course":[],"Dataset":[],"FAQPage":[],"Movie":[],"Person":[],"Product":[],"ProductReview":[],"Car":[],"Recipe":[],"Service":[],"SoftwareApplication":[],"WebPage":[]},"graphName":"Article","isEnabled":true},"graphs":[]},"schema_type":"default","schema_type_options":null,"pillar_content":false,"robots_default":true,"robots_noindex":false,"robots_noarchive":false,"robots_nosnippet":false,"robots_nofollow":false,"robots_noimageindex":false,"robots_noodp":false,"robots_notranslate":false,"robots_max_snippet":"-1","robots_max_videopreview":"-1","robots_max_imagepreview":"large","priority":null,"frequency":"default","local_seo":null,"seo_analyzer_scan_date":"2025-10-09 00:02:21","breadcrumb_settings":null,"limit_modified_date":false,"reviewed_by":null,"open_ai":"{\"title\":{\"suggestions\":[],\"usage\":0},\"description\":{\"suggestions\":[],\"usage\":0}}","ai":null,"created":"2024-11-05 03:08:28","updated":"2026-02-04 15:42:38"},"aioseo_breadcrumb":"<div class=\"aioseo-breadcrumbs\"><span class=\"aioseo-breadcrumb\">\n\t<a href=\"https:\/\/soymigrante.com\/revista\" title=\"Home\">Home<\/a>\n<\/span><span class=\"aioseo-breadcrumb-separator\">\u00bb<\/span><span class=\"aioseo-breadcrumb\">\n\t<a href=\"https:\/\/soymigrante.com\/revista\/category\/guate-nuestra\/\" title=\"Guate Nuestra\">Guate Nuestra<\/a>\n<\/span><span class=\"aioseo-breadcrumb-separator\">\u00bb<\/span><span class=\"aioseo-breadcrumb\">\n\tCuevas m\u00edsticas: explora las aventuras subterr\u00e1neas en las Verapaces\n<\/span><\/div>","aioseo_breadcrumb_json":[{"label":"Home","link":"https:\/\/soymigrante.com\/revista"},{"label":"Guate Nuestra","link":"https:\/\/soymigrante.com\/revista\/category\/guate-nuestra\/"},{"label":"Cuevas m\u00edsticas: explora las aventuras subterr\u00e1neas en las Verapaces","link":"https:\/\/soymigrante.com\/revista\/cuevas-misticas-explora-las-aventuras-subterraneas-en-las-verapaces\/"}],"_links":{"self":[{"href":"https:\/\/soymigrante.com\/revista\/wp-json\/wp\/v2\/posts\/12019","targetHints":{"allow":["GET"]}}],"collection":[{"href":"https:\/\/soymigrante.com\/revista\/wp-json\/wp\/v2\/posts"}],"about":[{"href":"https:\/\/soymigrante.com\/revista\/wp-json\/wp\/v2\/types\/post"}],"author":[{"embeddable":true,"href":"https:\/\/soymigrante.com\/revista\/wp-json\/wp\/v2\/users\/23"}],"replies":[{"embeddable":true,"href":"https:\/\/soymigrante.com\/revista\/wp-json\/wp\/v2\/comments?post=12019"}],"version-history":[{"count":0,"href":"https:\/\/soymigrante.com\/revista\/wp-json\/wp\/v2\/posts\/12019\/revisions"}],"wp:featuredmedia":[{"embeddable":true,"href":"https:\/\/soymigrante.com\/revista\/wp-json\/wp\/v2\/media\/12302"}],"wp:attachment":[{"href":"https:\/\/soymigrante.com\/revista\/wp-json\/wp\/v2\/media?parent=12019"}],"wp:term":[{"taxonomy":"category","embeddable":true,"href":"https:\/\/soymigrante.com\/revista\/wp-json\/wp\/v2\/categories?post=12019"},{"taxonomy":"post_tag","embeddable":true,"href":"https:\/\/soymigrante.com\/revista\/wp-json\/wp\/v2\/tags?post=12019"}],"curies":[{"name":"wp","href":"https:\/\/api.w.org\/{rel}","templated":true}]}}