{"id":11983,"date":"2024-11-05T09:00:00","date_gmt":"2024-11-05T15:00:00","guid":{"rendered":"https:\/\/soymigrante.com\/revista\/?p=11983"},"modified":"2025-11-02T09:36:05","modified_gmt":"2025-11-02T15:36:05","slug":"cada-guatemalteco-que-pueda-votar-en-usa-cuenta-tiana-ochoa-lider-migrante-en-rhode-island","status":"publish","type":"post","link":"https:\/\/soymigrante.com\/revista\/cada-guatemalteco-que-pueda-votar-en-usa-cuenta-tiana-ochoa-lider-migrante-en-rhode-island\/","title":{"rendered":"Tiana Ochoa, l\u00edder migrante en Rhode Island, sirve a la comunidad  hispana, especialmente a la ni\u00f1ez"},"content":{"rendered":"\t\t<div data-elementor-type=\"wp-post\" data-elementor-id=\"11983\" class=\"elementor elementor-11983\" data-elementor-post-type=\"post\">\n\t\t\t\t<div data-particle_enable=\"false\" data-particle-mobile-disabled=\"false\" class=\"elementor-element elementor-element-fdb5bfa e-flex e-con-boxed e-con e-parent\" data-id=\"fdb5bfa\" data-element_type=\"container\" data-e-type=\"container\">\n\t\t\t\t\t<div class=\"e-con-inner\">\n\t\t\t\t<div class=\"elementor-element elementor-element-424ae9c elementor-widget elementor-widget-heading\" data-id=\"424ae9c\" data-element_type=\"widget\" data-e-type=\"widget\" data-widget_type=\"heading.default\">\n\t\t\t\t\t<h2 class=\"elementor-heading-title elementor-size-default\"><span style=\"font-size: 31.2px\">Psic\u00f3loga, educadora, trabajadora social y presidenta del Centro Guatemalteco de New England, Rhode Island, Tiana Ochoa sirve a la comunidad migrante hispana con visi\u00f3n de futuro, desarrollo y grandes objetivos.<\/span><\/h2>\t\t\t\t<\/div>\n\t\t\t\t\t<\/div>\n\t\t\t\t<\/div>\n\t\t<div data-particle_enable=\"false\" data-particle-mobile-disabled=\"false\" class=\"elementor-element elementor-element-d1a2a03 e-flex e-con-boxed e-con e-parent\" data-id=\"d1a2a03\" data-element_type=\"container\" data-e-type=\"container\">\n\t\t\t\t\t<div class=\"e-con-inner\">\n\t\t\t\t<div class=\"elementor-element elementor-element-0d699ea elementor-widget elementor-widget-text-editor\" data-id=\"0d699ea\" data-element_type=\"widget\" data-e-type=\"widget\" data-widget_type=\"text-editor.default\">\n\t\t\t\t\t\t\t\t\t<p><span style=\"text-align: var(--text-align);\">Entusiasta impulsora de las ra\u00edces guatemaltecas y tambi\u00e9n de la hermandad entre hispanos, la migrante guatemalteca Tiana Ochoa aporta a la comunidad de Rhode Island en el \u00e1rea educativa, cultural y social. Lleg\u00f3 a EE.UU. a los 15 a\u00f1os y fue esa misma vivencia de superar barreras la que fundamenta su convicci\u00f3n de apoyo a la ni\u00f1ez y familias.\u00a0<\/span><\/p><p>&#8220;Los guatemaltecos debemos ser un poquito m\u00e1s aventados. Debemos perder el miedo a preguntar, a buscar ayuda. La idiosincrasia chapina nos lleva a veces a ser muy reservados, muy t\u00edmidos. Superemos eso. En EE.UU., preguntemos, toquemos puertas y se abrir\u00e1n&#8221;, sugiere Tiana, quien preside la asociaci\u00f3n cultural Centro Guatemalteco de New England, fundada en 2010 y que cada septiembre celebra un festival chap\u00edn en honor a las fiestas patrias. Adem\u00e1s trabaja en la organizaci\u00f3n Children&#8217;s Friends, como vicepresdienta de programas educativos.<\/p><p>Esta es su historia.<\/p>\t\t\t\t\t\t\t\t<\/div>\n\t\t\t\t\t<\/div>\n\t\t\t\t<\/div>\n\t\t<div data-particle_enable=\"false\" data-particle-mobile-disabled=\"false\" class=\"elementor-element elementor-element-1d1314a e-flex e-con-boxed e-con e-parent\" data-id=\"1d1314a\" data-element_type=\"container\" data-e-type=\"container\">\n\t\t\t\t\t<div class=\"e-con-inner\">\n\t\t\t\t<div class=\"elementor-element elementor-element-69866ec elementor-widget elementor-widget-image\" data-id=\"69866ec\" data-element_type=\"widget\" data-e-type=\"widget\" data-widget_type=\"image.default\">\n\t\t\t\t\t\t\t\t\t\t\t\t<figure class=\"wp-caption\">\n\t\t\t\t\t\t\t\t\t\t<img fetchpriority=\"high\" decoding=\"async\" width=\"960\" height=\"958\" src=\"https:\/\/soymigrante.com\/revista\/wp-content\/uploads\/2024\/11\/tiana-ochoa-lider-migrante-rhode-island-17.webp\" class=\"attachment-large size-large wp-image-12005\" alt=\"Profesional mujer latina en oficina sonriendo, vestida con traje blanquear y bolso, representando \u00e9xito y liderazgo migrante, en contexto de revista SoyMigrante.com REVISTA.\" srcset=\"https:\/\/soymigrante.com\/revista\/wp-content\/uploads\/2024\/11\/tiana-ochoa-lider-migrante-rhode-island-17.webp 960w, https:\/\/soymigrante.com\/revista\/wp-content\/uploads\/2024\/11\/tiana-ochoa-lider-migrante-rhode-island-17-300x300.webp 300w, https:\/\/soymigrante.com\/revista\/wp-content\/uploads\/2024\/11\/tiana-ochoa-lider-migrante-rhode-island-17-150x150.webp 150w, https:\/\/soymigrante.com\/revista\/wp-content\/uploads\/2024\/11\/tiana-ochoa-lider-migrante-rhode-island-17-768x766.jpg 768w, https:\/\/soymigrante.com\/revista\/wp-content\/uploads\/2024\/11\/tiana-ochoa-lider-migrante-rhode-island-17-75x75.webp 75w, https:\/\/soymigrante.com\/revista\/wp-content\/uploads\/2024\/11\/tiana-ochoa-lider-migrante-rhode-island-17-750x748.webp 750w\" sizes=\"(max-width: 960px) 100vw, 960px\" title=\"La guatemalteca Tiana Ochoa estudi\u00f3 Psicolog\u00eda y se especializ\u00f3 en Trabajo Social. Actualmente es vicepresidenta del \u00e1rea educativa de la organizaci\u00f3n Children&#039;s Friends y dirige espec\u00edficamente el cuidado y formaci\u00f3n de peque\u00f1os de 0 a 5 a\u00f1os en varias localidades del Estado de Rhode Island. \u2013 SoyMigrante.com REVISTA\" \/>\t\t\t\t\t\t\t\t\t\t\t<figcaption class=\"widget-image-caption wp-caption-text\">Mujer migrante exitosa con ropa formal en ambiente profesional para revista SoyMigrante.com, destacando temas de migraci\u00f3n, liderazgo y empoderamiento femenino.<\/figcaption>\n\t\t\t\t\t\t\t\t\t\t<\/figure>\n\t\t\t\t\t\t\t\t\t<\/div>\n\t\t\t\t\t<\/div>\n\t\t\t\t<\/div>\n\t\t<div data-particle_enable=\"false\" data-particle-mobile-disabled=\"false\" class=\"elementor-element elementor-element-c8c92aa e-flex e-con-boxed e-con e-parent\" data-id=\"c8c92aa\" data-element_type=\"container\" data-e-type=\"container\">\n\t\t\t\t\t<div class=\"e-con-inner\">\n\t\t\t\t<div class=\"elementor-element elementor-element-310c251 elementor-widget elementor-widget-text-editor\" data-id=\"310c251\" data-element_type=\"widget\" data-e-type=\"widget\" data-widget_type=\"text-editor.default\">\n\t\t\t\t\t\t\t\t\t<p><b style=\"color: var( --e-global-color-text ); text-align: var(--text-align);\">\u00bfHace cuanto existe el Centro Guatemalteco en New England, Rhode Island?<\/b><\/p>\n<p>Es una organizaci\u00f3n que fue fundada en el 2010 para fomentar la cultura. Fue fundada por guatemaltecos, yo empec\u00e9 como voluntaria. Pero a pesar del tiempo la misi\u00f3n sigue siendo la misma: transmitir nuestra cultura a trav\u00e9s de expresiones art\u00edsticas y de identidad. Cada septiembre se efect\u00faa el Festival Guatemala, un evento bien alegre en el que hacemos exhibiciones de pintura, presentamos a artistas visuales, se reconoce a personas que han hecho aportes y avances a la comunidad a trav\u00e9s del Premio Quetzal.<\/p>\t\t\t\t\t\t\t\t<\/div>\n\t\t\t\t\t<\/div>\n\t\t\t\t<\/div>\n\t\t<div data-particle_enable=\"false\" data-particle-mobile-disabled=\"false\" class=\"elementor-element elementor-element-492dddf e-flex e-con-boxed e-con e-parent\" data-id=\"492dddf\" data-element_type=\"container\" data-e-type=\"container\">\n\t\t\t\t\t<div class=\"e-con-inner\">\n\t\t\t\t<div class=\"elementor-element elementor-element-ff62d4f elementor-widget elementor-widget-heading\" data-id=\"ff62d4f\" data-element_type=\"widget\" data-e-type=\"widget\" data-widget_type=\"heading.default\">\n\t\t\t\t\t<h4 class=\"elementor-heading-title elementor-size-default\">El Festival de Independencia, organizado por el Guatemalan Center de New England en septiembre 2024 fue un \u00e9xito<\/h4>\t\t\t\t<\/div>\n\t\t\t\t\t<\/div>\n\t\t\t\t<\/div>\n\t\t<div data-particle_enable=\"false\" data-particle-mobile-disabled=\"false\" class=\"elementor-element elementor-element-d08ca6e e-flex e-con-boxed e-con e-parent\" data-id=\"d08ca6e\" data-element_type=\"container\" data-e-type=\"container\">\n\t\t\t\t\t<div class=\"e-con-inner\">\n\t\t\t\t<div class=\"elementor-element elementor-element-acaccc0 elementor-arrows-position-inside elementor-pagination-position-outside elementor-widget elementor-widget-image-carousel\" data-id=\"acaccc0\" data-element_type=\"widget\" data-e-type=\"widget\" data-settings=\"{&quot;slides_to_show&quot;:&quot;1&quot;,&quot;navigation&quot;:&quot;both&quot;,&quot;autoplay&quot;:&quot;yes&quot;,&quot;pause_on_hover&quot;:&quot;yes&quot;,&quot;pause_on_interaction&quot;:&quot;yes&quot;,&quot;autoplay_speed&quot;:5000,&quot;infinite&quot;:&quot;yes&quot;,&quot;effect&quot;:&quot;slide&quot;,&quot;speed&quot;:500}\" data-widget_type=\"image-carousel.default\">\n\t\t\t\t\t\t\t<div class=\"elementor-image-carousel-wrapper swiper\" role=\"region\" aria-roledescription=\"carousel\" aria-label=\"Carrusel de im\u00e1genes\" dir=\"ltr\">\n\t\t\t<div class=\"elementor-image-carousel swiper-wrapper\" aria-live=\"off\">\n\t\t\t\t\t\t\t\t<div class=\"swiper-slide\" role=\"group\" aria-roledescription=\"slide\" aria-label=\"1 de 9\"><figure class=\"swiper-slide-inner\"><img decoding=\"async\" class=\"swiper-slide-image\" src=\"https:\/\/soymigrante.com\/revista\/wp-content\/uploads\/2024\/11\/tiana-ochoa-lider-migrante-rhode-island-4-1024x732.jpg\" alt=\"Banderas de Guatemala y Estados Unidos en un evento migrante, simbolizando la uni\u00f3n y comunidad de migrantes en un entorno al aire libre, con \u00e1rboles y cielo azul de fondo.\" \/><\/figure><\/div><div class=\"swiper-slide\" role=\"group\" aria-roledescription=\"slide\" aria-label=\"2 de 9\"><figure class=\"swiper-slide-inner\"><img decoding=\"async\" class=\"swiper-slide-image\" src=\"https:\/\/soymigrante.com\/revista\/wp-content\/uploads\/2024\/11\/tiana-ochoa-lider-migrante-rhode-island-13-1024x732.jpg\" alt=\"Banderas y s\u00edmbolos de Guatemala en una celebraci\u00f3n cultural llena de inmigrantes y comunidad en un parque, promoviendo la identidad y orgullo guatemalteco.\" \/><\/figure><\/div><div class=\"swiper-slide\" role=\"group\" aria-roledescription=\"slide\" aria-label=\"3 de 9\"><figure class=\"swiper-slide-inner\"><img decoding=\"async\" class=\"swiper-slide-image\" src=\"https:\/\/soymigrante.com\/revista\/wp-content\/uploads\/2024\/11\/tiana-ochoa-lider-migrante-rhode-island-10-1024x683.jpg\" alt=\"Celebraci\u00f3n de la cultura y la identidad migrante en un evento masivo con espectadores de diferentes edades, resaltando la comunidad y festividades de los migrantes latinoamericanos.\" \/><\/figure><\/div><div class=\"swiper-slide\" role=\"group\" aria-roledescription=\"slide\" aria-label=\"4 de 9\"><figure class=\"swiper-slide-inner\"><img decoding=\"async\" class=\"swiper-slide-image\" src=\"https:\/\/soymigrante.com\/revista\/wp-content\/uploads\/2024\/11\/tiana-ochoa-lider-migrante-rhode-island-9-1024x732.jpg\" alt=\"Coloridos bailarines tradicionales tlaxcaltecas en una celebraci\u00f3n cultural en un parque, rodeados de un p\u00fablico observador y tomando fotos, resaltando la identidad y tradiciones mexicanas.\" \/><\/figure><\/div><div class=\"swiper-slide\" role=\"group\" aria-roledescription=\"slide\" aria-label=\"5 de 9\"><figure class=\"swiper-slide-inner\"><img decoding=\"async\" class=\"swiper-slide-image\" src=\"https:\/\/soymigrante.com\/revista\/wp-content\/uploads\/2024\/11\/tiana-ochoa-lider-migrante-rhode-island-8-1024x683.jpg\" alt=\"Celebraci\u00f3n cultural y comunidad en evento de inmigrantes en un parque al aire libre en Estados Unidos. Personas bailan, conversan y disfrutan en un ambiente festivo.\" \/><\/figure><\/div><div class=\"swiper-slide\" role=\"group\" aria-roledescription=\"slide\" aria-label=\"6 de 9\"><figure class=\"swiper-slide-inner\"><img decoding=\"async\" class=\"swiper-slide-image\" src=\"https:\/\/soymigrante.com\/revista\/wp-content\/uploads\/2024\/11\/tiana-ochoa-lider-migrante-rhode-island-7-1024x683.jpg\" alt=\"Festival Guatemala en el escenario con m\u00fasicos tocando instrumentos tradicionales durante un evento cultural al aire libre.\" \/><\/figure><\/div><div class=\"swiper-slide\" role=\"group\" aria-roledescription=\"slide\" aria-label=\"7 de 9\"><figure class=\"swiper-slide-inner\"><img decoding=\"async\" class=\"swiper-slide-image\" src=\"https:\/\/soymigrante.com\/revista\/wp-content\/uploads\/2024\/11\/tiana-ochoa-lider-migrante-rhode-island-6-1024x732.jpg\" alt=\"Festival Guatemala, banda musical en vivo, m\u00fasica tradicional en evento cultural, celebraci\u00f3n folcl\u00f3rica, grupo musical en escenario, festival cultural en Guatemala, artistas en concierto, m\u00fasica en vivo, evento folkl\u00f3rico guatemalteco, cultural y art\u00edstico.\" \/><\/figure><\/div><div class=\"swiper-slide\" role=\"group\" aria-roledescription=\"slide\" aria-label=\"8 de 9\"><figure class=\"swiper-slide-inner\"><img decoding=\"async\" class=\"swiper-slide-image\" src=\"https:\/\/soymigrante.com\/revista\/wp-content\/uploads\/2024\/11\/tiana-ochoa-lider-migrante-rhode-island-5-e1734361323429-1024x1024.webp\" alt=\"Celebraci\u00f3n de migrantes en un evento cultural, con banderas de Estados Unidos, Guatemala, y Cuba, mostrando orgullo y comunidad en un ambiente festivo y multicultural.\" \/><\/figure><\/div><div class=\"swiper-slide\" role=\"group\" aria-roledescription=\"slide\" aria-label=\"9 de 9\"><figure class=\"swiper-slide-inner\"><img decoding=\"async\" class=\"swiper-slide-image\" src=\"https:\/\/soymigrante.com\/revista\/wp-content\/uploads\/2024\/11\/tiana-ochoa-lider-migrante-rhode-island-3-1024x683.jpg\" alt=\"Personas migrantes vestidas con trajes tradicionales en evento cultural en un parque, participando en festividades de la comunidad migrante en Estados Unidos, resaltando identidad y orgullo cultural.\" \/><\/figure><\/div>\t\t\t<\/div>\n\t\t\t\t\t\t\t\t\t\t\t\t<div class=\"elementor-swiper-button elementor-swiper-button-prev\" role=\"button\" tabindex=\"0\">\n\t\t\t\t\t\t<i aria-hidden=\"true\" class=\"eicon-chevron-left\"><\/i>\t\t\t\t\t<\/div>\n\t\t\t\t\t<div class=\"elementor-swiper-button elementor-swiper-button-next\" role=\"button\" tabindex=\"0\">\n\t\t\t\t\t\t<i aria-hidden=\"true\" class=\"eicon-chevron-right\"><\/i>\t\t\t\t\t<\/div>\n\t\t\t\t\n\t\t\t\t\t\t\t\t\t<div class=\"swiper-pagination\"><\/div>\n\t\t\t\t\t\t\t\t\t<\/div>\n\t\t\t\t\t\t<\/div>\n\t\t\t\t\t<\/div>\n\t\t\t\t<\/div>\n\t\t<div data-particle_enable=\"false\" data-particle-mobile-disabled=\"false\" class=\"elementor-element elementor-element-05efbc8 e-flex e-con-boxed e-con e-parent\" data-id=\"05efbc8\" data-element_type=\"container\" data-e-type=\"container\">\n\t\t\t\t\t<div class=\"e-con-inner\">\n\t\t\t\t<div class=\"elementor-element elementor-element-71e0009 elementor-widget elementor-widget-text-editor\" data-id=\"71e0009\" data-element_type=\"widget\" data-e-type=\"widget\" data-widget_type=\"text-editor.default\">\n\t\t\t\t\t\t\t\t\t<p><span style=\"color: var( --e-global-color-text ); text-align: var(--text-align);\"><b>\u00bfA qui\u00e9nes se ha entregado este premio Quetzal?\u00a0<\/b><\/span><\/p><p>Surgi\u00f3 en 2011. Lo han recibido personas guatemaltecas y tambi\u00e9n hispanas que ayudan a la comunidad. En el 2011 fue el abogado y ex alcalde de Providence,\u00a0 Jorge Elorza,\u00a0 hijo de migrantes guatemaltecos. Ese fue el primero en recibirlo.\u00a0<\/p><p>Tambi\u00e9n est\u00e1 Olga Noguera, una de las fundadoras, que lleg\u00f3 a Rhode Island en la d\u00e9cada 1970 y ha aportado mucho. En 2024 no se celebr\u00f3 el premio pero ya estamos program\u00e1ndolo para 2025. Tambi\u00e9n vamos a retomar un programa de becas para que j\u00f3venes guatemaltecos tengan apoyo para estudiar la universidad.<\/p>\t\t\t\t\t\t\t\t<\/div>\n\t\t\t\t\t<\/div>\n\t\t\t\t<\/div>\n\t\t<div data-particle_enable=\"false\" data-particle-mobile-disabled=\"false\" class=\"elementor-element elementor-element-1bd9817 e-flex e-con-boxed e-con e-parent\" data-id=\"1bd9817\" data-element_type=\"container\" data-e-type=\"container\">\n\t\t\t\t\t<div class=\"e-con-inner\">\n\t\t\t\t<div class=\"elementor-element elementor-element-0ff2670 elementor-widget elementor-widget-image\" data-id=\"0ff2670\" data-element_type=\"widget\" data-e-type=\"widget\" data-widget_type=\"image.default\">\n\t\t\t\t\t\t\t\t\t\t\t\t<figure class=\"wp-caption\">\n\t\t\t\t\t\t\t\t\t\t<img decoding=\"async\" width=\"828\" height=\"619\" src=\"https:\/\/soymigrante.com\/revista\/wp-content\/uploads\/2024\/11\/tiana-ochoa-lider-migrante-rhode-island-15.webp\" class=\"attachment-large size-large wp-image-12003\" alt=\"Impulsar derechos de migrantes y educaci\u00f3n inclusiva en Rhode Island con la Ley de Educaci\u00f3n Preescolar.\" srcset=\"https:\/\/soymigrante.com\/revista\/wp-content\/uploads\/2024\/11\/tiana-ochoa-lider-migrante-rhode-island-15.webp 828w, https:\/\/soymigrante.com\/revista\/wp-content\/uploads\/2024\/11\/tiana-ochoa-lider-migrante-rhode-island-15-300x224.webp 300w, https:\/\/soymigrante.com\/revista\/wp-content\/uploads\/2024\/11\/tiana-ochoa-lider-migrante-rhode-island-15-768x574.jpg 768w, https:\/\/soymigrante.com\/revista\/wp-content\/uploads\/2024\/11\/tiana-ochoa-lider-migrante-rhode-island-15-750x561.webp 750w\" sizes=\"(max-width: 828px) 100vw, 828px\" title=\"Tiana Ochoa durante una audiencia en el senado estatal de Rhode Island, para abogar por un programa de atenci\u00f3n educativa preescolar al cual se le hab\u00edan quitado plazas. Elk trabajo de esta educadora y trabajadora social guatemalteca beneficia a muchas familias migrantes hispanas. \u2013 SoyMigrante.com REVISTA\" \/>\t\t\t\t\t\t\t\t\t\t\t<figcaption class=\"widget-image-caption wp-caption-text\">Revista SoyMigrante.com destaca temas sociales y migratorios relevantes.<\/figcaption>\n\t\t\t\t\t\t\t\t\t\t<\/figure>\n\t\t\t\t\t\t\t\t\t<\/div>\n\t\t\t\t\t<\/div>\n\t\t\t\t<\/div>\n\t\t<div data-particle_enable=\"false\" data-particle-mobile-disabled=\"false\" class=\"elementor-element elementor-element-a0f52c5 e-flex e-con-boxed e-con e-parent\" data-id=\"a0f52c5\" data-element_type=\"container\" data-e-type=\"container\">\n\t\t\t\t\t<div class=\"e-con-inner\">\n\t\t\t\t<div class=\"elementor-element elementor-element-ad7982c elementor-widget elementor-widget-heading\" data-id=\"ad7982c\" data-element_type=\"widget\" data-e-type=\"widget\" data-widget_type=\"heading.default\">\n\t\t\t\t\t<h3 class=\"elementor-heading-title elementor-size-default\">Actitud de servicio inspirada en su propia historia<\/h3>\t\t\t\t<\/div>\n\t\t\t\t\t<\/div>\n\t\t\t\t<\/div>\n\t\t<div data-particle_enable=\"false\" data-particle-mobile-disabled=\"false\" class=\"elementor-element elementor-element-3a0328e e-flex e-con-boxed e-con e-parent\" data-id=\"3a0328e\" data-element_type=\"container\" data-e-type=\"container\">\n\t\t\t\t\t<div class=\"e-con-inner\">\n\t\t\t\t<div class=\"elementor-element elementor-element-d8ed4f8 elementor-widget elementor-widget-text-editor\" data-id=\"d8ed4f8\" data-element_type=\"widget\" data-e-type=\"widget\" data-widget_type=\"text-editor.default\">\n\t\t\t\t\t\t\t\t\t<p><span style=\"color: var( --e-global-color-text ); text-align: var(--text-align);\">Aproximadamente de los 7 a los 15 a\u00f1os, Tiana y sus hermanos vivieron en Guatemala al cuidado de sus abuelos y t\u00edos. &#8220;Mi mam\u00e1 migr\u00f3 a EE.UU. en 1985 en busca de oportunidades laborales&#8221;. Buena parte de ese tiempo la vivi\u00f3 en San Rafael Las Flores, Santa Rosa, con sus abuelos.\u00a0<\/span><\/p><p><span style=\"color: var( --e-global-color-text ); text-align: var(--text-align);\">Por eso al llegar el momento de irse para EE.UU., el cambio\u00a0 fue dr\u00e1stico: &#8220;Mi mam\u00e1 logr\u00f3 llevarnos de manera regular. Y agradezco tanto su sacrificio. Pero fueron inicios dif\u00edciles, una adaptaci\u00f3n muy fuerte. No hablaba ingl\u00e9s y despu\u00e9s de estar en el campo llegar a una gran ciudad fue complicado&#8221;.\u00a0<\/span><\/p><p><span style=\"color: var( --e-global-color-text ); text-align: var(--text-align);\">Adaptarse a una nueva sociedad, a un sistema escolar distinto. Y por eso comprendo la situaci\u00f3n de muchas familias migrantes. Uno de ni\u00f1o no entiende las razones pero\u00a0 de pronto tiene que cambiar de lugar donde vivir y c\u00f3mo vivir.<\/span><\/p><p>Justo all\u00ed Tiana reconoce que surgi\u00f3 su inquietud profesional: &#8220;Eso me lleva a estudiar y entender el comportamiento humano. Porqu\u00e9 hacemos lo que hacemos. Y por supuesto que estoy agradecida por tanto sacrificio, tanto trabajo de mi madre y de mis familiares que nos apoyaron. Pero no todos los migrantes cuentan con ese apoyo y por ello son importantes las instituciones como en la que trabajo actualmente&#8221;.<\/p>\t\t\t\t\t\t\t\t<\/div>\n\t\t\t\t\t<\/div>\n\t\t\t\t<\/div>\n\t\t<div data-particle_enable=\"false\" data-particle-mobile-disabled=\"false\" class=\"elementor-element elementor-element-611b195 e-flex e-con-boxed e-con e-parent\" data-id=\"611b195\" data-element_type=\"container\" data-e-type=\"container\">\n\t\t\t\t\t<div class=\"e-con-inner\">\n\t\t\t\t<div class=\"elementor-element elementor-element-b815988 elementor-widget elementor-widget-facebook-page\" data-id=\"b815988\" data-element_type=\"widget\" data-e-type=\"widget\" data-widget_type=\"facebook-page.default\">\n\t\t\t\t\t<div class=\"elementor-facebook-widget fb-page\" data-href=\"https:\/\/www.facebook.com\/GuatemalanCenter\/photos\" data-tabs=\"timeline\" data-height=\"500px\" data-width=\"500px\" data-small-header=\"false\" data-hide-cover=\"false\" data-show-facepile=\"true\" data-hide-cta=\"false\" style=\"min-height: 1px;height:500px\"><\/div>\t\t\t\t<\/div>\n\t\t\t\t\t<\/div>\n\t\t\t\t<\/div>\n\t\t<div data-particle_enable=\"false\" data-particle-mobile-disabled=\"false\" class=\"elementor-element elementor-element-c7b74a7 e-flex e-con-boxed e-con e-parent\" data-id=\"c7b74a7\" data-element_type=\"container\" data-e-type=\"container\">\n\t\t\t\t\t<div class=\"e-con-inner\">\n\t\t\t\t<div class=\"elementor-element elementor-element-4558002 elementor-widget elementor-widget-text-editor\" data-id=\"4558002\" data-element_type=\"widget\" data-e-type=\"widget\" data-widget_type=\"text-editor.default\">\n\t\t\t\t\t\t\t\t\t<p><span style=\"color: var( --e-global-color-text ); text-align: var(--text-align);\"><b>\u00bfEn qu\u00e9 trabajaba tu mam\u00e1 cuando lleg\u00f3 como migrante a EE.UU.?<\/b><\/span><\/p><p>&#8220;Cuando mi mam\u00e1 cuando entra a Estados Unidos trabaja cuidando ni\u00f1os. Muchas mujeres guatemaltecas migrantes vienen a efectuar ese trabajo, con cari\u00f1o y dedicaci\u00f3n. Pero imag\u00ednese: una mujer que de pronto deja sus tres hijos peque\u00f1os en su pa\u00eds y llega ac\u00e1, para cuidar a los ni\u00f1os de otras personas&#8221;.<\/p><p><span style=\"color: var( --e-global-color-text ); text-align: var(--text-align);\"><b>\u00bfC\u00f3mo recuerdas tu llegada a EE.UU.?<\/b><\/span><\/p><p>Fue empezar de cero. Llegas aqu\u00ed y sientes que no encajas en el ambiente, no puedes hablar, no entiendes lo que te dicen. Pero tambi\u00e9n all\u00ed hay oportunidad para la hermandad. En mi primer d\u00eda de escuelo, recuerdo que la primera chica que me encuentro es una joven de Honduras. Ella me dijo: &#8220;No te preocupes que yo te voy a ayudar y yo te voy a orientar&#8221;. Y as\u00ed tuve siempre ayuda, gente linda que aparece en el camino para apoyar. Entonces debo hacer lo mismo.<\/p><p>\u00a0<\/p>\t\t\t\t\t\t\t\t<\/div>\n\t\t\t\t\t<\/div>\n\t\t\t\t<\/div>\n\t\t<div data-particle_enable=\"false\" data-particle-mobile-disabled=\"false\" class=\"elementor-element elementor-element-a744748 e-flex e-con-boxed e-con e-parent\" data-id=\"a744748\" data-element_type=\"container\" data-e-type=\"container\">\n\t\t\t\t\t<div class=\"e-con-inner\">\n\t\t\t\t<div class=\"elementor-element elementor-element-86aa561 elementor-invisible elementor-widget elementor-widget-testimonial\" data-id=\"86aa561\" data-element_type=\"widget\" data-e-type=\"widget\" data-settings=\"{&quot;_animation&quot;:&quot;rotateInUpRight&quot;}\" data-widget_type=\"testimonial.default\">\n\t\t\t\t\t\t\t<div class=\"elementor-testimonial-wrapper\">\n\t\t\t\t\t\t\t<div class=\"elementor-testimonial-content\">\"En el Guatemalan Center of New England queremos impulsar m\u00e1s que la cultura y el arte. Quisi\u00e9ramos llegar a impulsar m\u00e1s la educaci\u00f3n y el apoyo comunitario\".<\/div>\n\t\t\t\n\t\t\t\t\t\t<div class=\"elementor-testimonial-meta elementor-has-image elementor-testimonial-image-position-aside\">\n\t\t\t\t<div class=\"elementor-testimonial-meta-inner\">\n\t\t\t\t\t\t\t\t\t\t\t<div class=\"elementor-testimonial-image\">\n\t\t\t\t\t\t\t<img decoding=\"async\" width=\"960\" height=\"958\" src=\"https:\/\/soymigrante.com\/revista\/wp-content\/uploads\/2024\/11\/tiana-ochoa-lider-migrante-rhode-island-16.webp\" class=\"attachment-full size-full wp-image-12004\" alt=\"Mujer migrante con vestimenta rosa intenso y peinado recogido, s\u00edmbolo de liderazgo y empoderamiento, en un entorno natural natural, promoviendo la diversidad y los derechos de los migrantes en Am\u00e9rica Latina.\" title=\"tiana ochoa lider migrante rhode island 16 \u2013 SoyMigrante.com REVISTA\" srcset=\"https:\/\/soymigrante.com\/revista\/wp-content\/uploads\/2024\/11\/tiana-ochoa-lider-migrante-rhode-island-16.webp 960w, https:\/\/soymigrante.com\/revista\/wp-content\/uploads\/2024\/11\/tiana-ochoa-lider-migrante-rhode-island-16-300x300.webp 300w, https:\/\/soymigrante.com\/revista\/wp-content\/uploads\/2024\/11\/tiana-ochoa-lider-migrante-rhode-island-16-150x150.webp 150w, https:\/\/soymigrante.com\/revista\/wp-content\/uploads\/2024\/11\/tiana-ochoa-lider-migrante-rhode-island-16-768x766.jpg 768w, https:\/\/soymigrante.com\/revista\/wp-content\/uploads\/2024\/11\/tiana-ochoa-lider-migrante-rhode-island-16-75x75.webp 75w, https:\/\/soymigrante.com\/revista\/wp-content\/uploads\/2024\/11\/tiana-ochoa-lider-migrante-rhode-island-16-750x748.webp 750w\" sizes=\"(max-width: 960px) 100vw, 960px\" \/>\t\t\t\t\t\t<\/div>\n\t\t\t\t\t\n\t\t\t\t\t\t\t\t\t\t<div class=\"elementor-testimonial-details\">\n\t\t\t\t\t\t\t\t\t\t\t\t\t\t<div class=\"elementor-testimonial-name\">Tiana Ochoa<\/div>\n\t\t\t\t\t\t\t\t\t\t\t\t\t\t\t\t\t\t\t\t\t\t<div class=\"elementor-testimonial-job\">Migrante, psic\u00f3loga, educadora y trabajadora social guatemalteca en Rhode Island. Preside el Guatemalan Center of New England.<\/div>\n\t\t\t\t\t\t\t\t\t\t\t\t\t<\/div>\n\t\t\t\t\t\t\t\t\t<\/div>\n\t\t\t<\/div>\n\t\t\t\t\t<\/div>\n\t\t\t\t\t\t<\/div>\n\t\t\t\t\t<\/div>\n\t\t\t\t<\/div>\n\t\t<div data-particle_enable=\"false\" data-particle-mobile-disabled=\"false\" class=\"elementor-element elementor-element-2a8b67f e-flex e-con-boxed e-con e-parent\" data-id=\"2a8b67f\" data-element_type=\"container\" data-e-type=\"container\">\n\t\t\t\t\t<div class=\"e-con-inner\">\n\t\t\t\t<div class=\"elementor-element elementor-element-bb790da elementor-widget elementor-widget-text-editor\" data-id=\"bb790da\" data-element_type=\"widget\" data-e-type=\"widget\" data-widget_type=\"text-editor.default\">\n\t\t\t\t\t\t\t\t\t<p><span style=\"color: var( --e-global-color-text ); text-align: var(--text-align);\"><b>\u00bfEn qu\u00e9 trabajas actualmente?<\/b><\/span><\/p><p>Trabajo para la organizaci\u00f3n Children&#8217;s Friend que es una organizaci\u00f3n no lucrativa aqu\u00ed en la ciudad de Providence, que ofrece un sinf\u00edn de servicios a ni\u00f1os y familias y yo en particular pues soy vicepresidenta de programas educativos para ni\u00f1os desde que nacen hasta la edad de cinco a\u00f1os.\u00a0<\/p><p>En particular mi enfoque es en el programa llamado Head Start de cuidado jnfantil y Pre-K, donde nos aseguramos que los ni\u00f1os desarrollen su potencial y cuando ya les toca ir al kinder, al primer grado, que est\u00e9n preparados emocionalmente, f\u00edsicamente y hasta acad\u00e9micamente.\u00a0\u00a0<\/p><p>\u00a0<\/p><p><b>\u00bfCu\u00e1les son los retos m\u00e1s grandes que tienen estos ni\u00f1os o estas familias?\u00a0\u00a0<\/b><\/p><p>S\u00ed, pues tenemos ni\u00f1os que de pronto, ni\u00f1os que nacieron durante la \u00e9poca de COVID y estamos viendo ni\u00f1os con mucho problema con retraso del lenguaje, que eso afecta mucho las posibilidades de aprendizaje de un ni\u00f1o. Estamos viendo familias que est\u00e1n pasando por momentos bien dif\u00edciles, ya sea econ\u00f3micamente, socialmente, familias que a lo mejor est\u00e1n teniendo dificultad con conseguir trabajo, mantener un trabajo. El programa es financiado por el gobierno federal y realmente se enfoca en las familias m\u00e1s vulnerables: brindan ayuda acad\u00e9mica pero tambi\u00e9n otros servicios. Por ejemplo, si no tienen empleo o si necesitan ayuda para pagar su renta, alguna consejer\u00eda. El programa es bien completo porque da apoyo al ni\u00f1o y a la familia.<\/p><p>\u00a0<\/p><p><b>\u00bfY ayuda a migrantes indocumentados o soloa personas con un status migratorio legal?<\/b><\/p><p>Este programa es para todas aquellas personas de bajos recursos, incluyendo a personas indocumentadas.<\/p>\t\t\t\t\t\t\t\t<\/div>\n\t\t\t\t\t<\/div>\n\t\t\t\t<\/div>\n\t\t<div data-particle_enable=\"false\" data-particle-mobile-disabled=\"false\" class=\"elementor-element elementor-element-3c45b2f e-flex e-con-boxed e-con e-parent\" data-id=\"3c45b2f\" data-element_type=\"container\" data-e-type=\"container\">\n\t\t\t\t\t<div class=\"e-con-inner\">\n\t\t\t\t<div class=\"elementor-element elementor-element-af8ce0e elementor-widget elementor-widget-video\" data-id=\"af8ce0e\" data-element_type=\"widget\" data-e-type=\"widget\" data-settings=\"{&quot;youtube_url&quot;:&quot;https:\\\/\\\/www.youtube.com\\\/watch?v=yczEDbMX1iw&quot;,&quot;start&quot;:41,&quot;end&quot;:170,&quot;video_type&quot;:&quot;youtube&quot;,&quot;controls&quot;:&quot;yes&quot;}\" data-widget_type=\"video.default\">\n\t\t\t\t\t\t\t<div class=\"elementor-wrapper elementor-open-inline\">\n\t\t\t<div class=\"elementor-video\"><\/div>\t\t<\/div>\n\t\t\t\t\t\t<\/div>\n\t\t\t\t\t<\/div>\n\t\t\t\t<\/div>\n\t\t<div data-particle_enable=\"false\" data-particle-mobile-disabled=\"false\" class=\"elementor-element elementor-element-8a32c6e e-flex e-con-boxed e-con e-parent\" data-id=\"8a32c6e\" data-element_type=\"container\" data-e-type=\"container\">\n\t\t\t\t\t<div class=\"e-con-inner\">\n\t\t\t\t<div class=\"elementor-element elementor-element-7fa376c elementor-widget elementor-widget-text-editor\" data-id=\"7fa376c\" data-element_type=\"widget\" data-e-type=\"widget\" data-widget_type=\"text-editor.default\">\n\t\t\t\t\t\t\t\t\t<p><span style=\"color: var( --e-global-color-text ); text-align: var(--text-align);\"><b>\u00bfHay guatemaltecos beneficiarios?<\/b><\/span><\/p><p>Hay muchos. Nuestro programa tiene 14 edificios en diversas partes de Rhore Island. Solo Head Start ofrece servico a 684 ni\u00f1os. Aparte est\u00e1 PreCare, de cuidado infantil. Hablamos de m\u00e1s de mil ni\u00f1os que estamos sirviendo.\u00a0<\/p><p><span style=\"color: var( --e-global-color-text ); text-align: var(--text-align);\"><b>\u00a1Wow, que impresionante!<\/b><\/span><\/p><p>S\u00ed, y cada vez que entro a un aula, no importa en parte de la ciudad, hay mucho ni\u00f1o hispano y por supuesto mucho ni\u00f1o guatemalteco.\u00a0<\/p><p><span style=\"color: var( --e-global-color-text ); text-align: var(--text-align);\"><b>\u00bfQu\u00e9 es lo que sueles aconsejar a los j\u00f3venes y a las familias?<\/b><\/span><\/p><p>Damos esperanza. Que nada es f\u00e1cil en la vida y que todo sue\u00f1o requiere sacrificio. Pero siempre hay posibilidades de hallar qui\u00e9n puede apoyarte, qui\u00e9n puede guiarte, pero hay que estar dispuestos a buscar ayuda.\u00f1 A veces no buscamos ayuda y nos quedamos callados&#8230; y no se soluciona nada as\u00ed.<\/p><p><span style=\"color: var( --e-global-color-text ); text-align: var(--text-align);\"><b>A veces los guatemaltecos somos as\u00ed, nos da miedo preguntar<\/b><\/span><\/p><p>S\u00ed, a esa idiosincrasia nuestra, de ser reservados, o t\u00edmidos. Nos da verg\u00fcenza preguntar. Pero hay que romper eso y mucha gente guatemalteca lo ha hecho. De hecho al Centro Guatemalteco de New England nos llaman o nos escriben con un sinf\u00edn de preguntas. A veces hasta creen que es el consulado y les ledimos. No somos el consulado, somos aparte, pero siempre estamos dispuestos a orientar a la persona, si no sabemos lo averiguamos y le explicamos.<\/p>\t\t\t\t\t\t\t\t<\/div>\n\t\t\t\t\t<\/div>\n\t\t\t\t<\/div>\n\t\t<div data-particle_enable=\"false\" data-particle-mobile-disabled=\"false\" class=\"elementor-element elementor-element-5bfac08 e-flex e-con-boxed e-con e-parent\" data-id=\"5bfac08\" data-element_type=\"container\" data-e-type=\"container\">\n\t\t\t\t\t<div class=\"e-con-inner\">\n\t\t\t\t<div class=\"elementor-element elementor-element-55a6c97 elementor-widget elementor-widget-image\" data-id=\"55a6c97\" data-element_type=\"widget\" data-e-type=\"widget\" data-widget_type=\"image.default\">\n\t\t\t\t\t\t\t\t\t\t\t\t\t\t\t<img loading=\"lazy\" decoding=\"async\" width=\"960\" height=\"959\" src=\"https:\/\/soymigrante.com\/revista\/wp-content\/uploads\/2024\/11\/tiana-ochoa-lider-migrante-rhode-island-18.webp\" class=\"attachment-large size-large wp-image-11984\" alt=\"Vestido de mujer con estampado azul y negro, sonrisa y accesorios elegantes, en fondo negro.\" srcset=\"https:\/\/soymigrante.com\/revista\/wp-content\/uploads\/2024\/11\/tiana-ochoa-lider-migrante-rhode-island-18.webp 960w, https:\/\/soymigrante.com\/revista\/wp-content\/uploads\/2024\/11\/tiana-ochoa-lider-migrante-rhode-island-18-300x300.webp 300w, https:\/\/soymigrante.com\/revista\/wp-content\/uploads\/2024\/11\/tiana-ochoa-lider-migrante-rhode-island-18-150x150.webp 150w, https:\/\/soymigrante.com\/revista\/wp-content\/uploads\/2024\/11\/tiana-ochoa-lider-migrante-rhode-island-18-768x767.jpg 768w, https:\/\/soymigrante.com\/revista\/wp-content\/uploads\/2024\/11\/tiana-ochoa-lider-migrante-rhode-island-18-75x75.webp 75w, https:\/\/soymigrante.com\/revista\/wp-content\/uploads\/2024\/11\/tiana-ochoa-lider-migrante-rhode-island-18-750x749.webp 750w\" sizes=\"(max-width: 960px) 100vw, 960px\" title=\"Tiana Ochoa, migrante guatemalteca que lleg\u00f3 a EE.UU. a los 15 a\u00f1os y logr\u00f3 vencer barreras, pero no solo eso.  Convirti\u00f3 las dificultades en la motivaci\u00f3n de su servicio a la comunidad. \u2013 SoyMigrante.com REVISTA\" \/>\t\t\t\t\t\t\t\t\t\t\t\t\t\t\t<\/div>\n\t\t\t\t\t<\/div>\n\t\t\t\t<\/div>\n\t\t<div data-particle_enable=\"false\" data-particle-mobile-disabled=\"false\" class=\"elementor-element elementor-element-f34ff69 e-flex e-con-boxed e-con e-parent\" data-id=\"f34ff69\" data-element_type=\"container\" data-e-type=\"container\">\n\t\t\t\t\t<div class=\"e-con-inner\">\n\t\t\t\t<div class=\"elementor-element elementor-element-850e918 elementor-widget elementor-widget-text-editor\" data-id=\"850e918\" data-element_type=\"widget\" data-e-type=\"widget\" data-widget_type=\"text-editor.default\">\n\t\t\t\t\t\t\t\t\t<p><span style=\"color: var( --e-global-color-text ); text-align: var(--text-align);\"><b>\u00bfCu\u00e1les son las cualidades del guatemalteco?<\/b><\/span><\/p><p>Los guatemaltecos somos gente trabajadora, somos gente luchona, que de pronto somos tambi\u00e9n muy colaboradores. Nos encanta ayudar, nos encanta servir a las dem\u00e1s, en familia y en comunidad. El migrante guatemalteco tiene mucho que ofrecer y venimos de un pa\u00eds que tiene tanto de qu\u00e9 sentirnos orgullosos de quienes somos y de donde venimos. La sonrisa nunca nos falta y le hallamos el humor a todo.\u00a0<\/p><p><span style=\"color: var( --e-global-color-text ); text-align: var(--text-align);\"><b>\u00daltima pregunta: \u00bfCu\u00e1l es el gran sue\u00f1o de Tiana?<\/b><\/span><\/p><p>Llegan m\u00e1s guatemaltecos a Rhode Island, ya somos una comunidad grande, pero debemos fortalecernos. En Centro Guatemalteco fomentamos los valores y la cultura&#8230; pero queremos fortalecernos en formar capacidades, que nos empodere, que podamos generar m\u00e1s desarrollo humano educativo, laboral, en salud. Podemos crear m\u00e1s alianzas, porque ya existen servicios as\u00ed, pero queremos que m\u00e1s guatemaltecos tengan conocimiento y acceso a ellos.\u00a0<\/p>\t\t\t\t\t\t\t\t<\/div>\n\t\t\t\t\t<\/div>\n\t\t\t\t<\/div>\n\t\t<div data-particle_enable=\"false\" data-particle-mobile-disabled=\"false\" class=\"elementor-element elementor-element-819c928 e-flex e-con-boxed e-con e-parent\" data-id=\"819c928\" data-element_type=\"container\" data-e-type=\"container\">\n\t\t\t\t\t<div class=\"e-con-inner\">\n\t\t\t\t<div class=\"elementor-element elementor-element-bc5ff83 elementor-widget elementor-widget-heading\" data-id=\"bc5ff83\" data-element_type=\"widget\" data-e-type=\"widget\" data-widget_type=\"heading.default\">\n\t\t\t\t\t<h2 class=\"elementor-heading-title elementor-size-default\">M\u00e1s migrantes guatemaltecas inspiradoras<\/h2>\t\t\t\t<\/div>\n\t\t\t\t\t<\/div>\n\t\t\t\t<\/div>\n\t\t<div data-particle_enable=\"false\" data-particle-mobile-disabled=\"false\" class=\"elementor-element elementor-element-fbfbcd2 e-flex e-con-boxed e-con e-parent\" data-id=\"fbfbcd2\" data-element_type=\"container\" data-e-type=\"container\">\n\t\t\t\t\t<div class=\"e-con-inner\">\n\t\t\t\t<div class=\"elementor-element elementor-element-dbb44de elementor-grid-eael-col-3 elementor-grid-tablet-eael-col-2 elementor-grid-mobile-eael-col-1 elementor-widget elementor-widget-eael-post-grid\" data-id=\"dbb44de\" data-element_type=\"widget\" data-e-type=\"widget\" data-settings=\"{&quot;eael_post_grid_columns&quot;:&quot;eael-col-3&quot;,&quot;eael_post_grid_columns_tablet&quot;:&quot;eael-col-2&quot;,&quot;eael_post_grid_columns_mobile&quot;:&quot;eael-col-1&quot;}\" data-widget_type=\"eael-post-grid.default\">\n\t\t\t\t\t<div id=\"eael-post-grid-dbb44de\" class=\"eael-post-grid-container\">\n            <div class=\"eael-post-grid eael-post-appender eael-post-appender-dbb44de eael-post-grid-style-one\" data-layout-mode=\"masonry\"><article class=\"eael-grid-post  eael-post-grid-column eael-pg-post-2838 category-exitos\" data-id=\"2838\">\n        <div class=\"eael-grid-post-holder\">\n            <div class=\"eael-grid-post-holder-inner\"><div class=\"eael-entry-media\"><div class=\"eael-entry-overlay fade-in\"><i class=\"far fa-hand-pointer\" aria-hidden=\"true\"><\/i><a href=\"https:\/\/soymigrante.com\/revista\/migrante-y-emprendedora-emi-la-guatemalteca-ofrece-sabores-aromas-y-memorias-en-houston\/\"><\/a><\/div><div class=\"eael-entry-thumbnail \">\n                <img loading=\"lazy\" decoding=\"async\" width=\"768\" height=\"1024\" src=\"https:\/\/soymigrante.com\/revista\/wp-content\/uploads\/2023\/10\/Emi-es-una-emprendedora-guatemalteca-que-disfruta-compartir-con-los-connacionales-es-orgullosa-de-sus-raices-.webp\" class=\"attachment-large size-large wp-image-2833\" alt=\"Emi es una emprendedora guatemalteca que disfruta compartir con los connacionales, es orgullosa de sus ra\u00edces\" srcset=\"https:\/\/soymigrante.com\/revista\/wp-content\/uploads\/2023\/10\/Emi-es-una-emprendedora-guatemalteca-que-disfruta-compartir-con-los-connacionales-es-orgullosa-de-sus-raices-.webp 768w, https:\/\/soymigrante.com\/revista\/wp-content\/uploads\/2023\/10\/Emi-es-una-emprendedora-guatemalteca-que-disfruta-compartir-con-los-connacionales-es-orgullosa-de-sus-raices--225x300.webp 225w, https:\/\/soymigrante.com\/revista\/wp-content\/uploads\/2023\/10\/Emi-es-una-emprendedora-guatemalteca-que-disfruta-compartir-con-los-connacionales-es-orgullosa-de-sus-raices--750x1000.webp 750w\" sizes=\"(max-width: 768px) 100vw, 768px\" \/>\n            <\/div>\n        <\/div><div class=\"eael-entry-wrapper\"><header class=\"eael-entry-header\"><h2 class=\"eael-entry-title\"><a class=\"eael-grid-post-link\" href=\"https:\/\/soymigrante.com\/revista\/migrante-y-emprendedora-emi-la-guatemalteca-ofrece-sabores-aromas-y-memorias-en-houston\/\" title=\"Emi La Guatemalteca ofrece sabores, aromas y memorias en Dallas, Texas\">Emi La Guatemalteca ofrece sabores, aromas y memorias en Dallas, Texas<\/a><\/h2><\/header><div class=\"eael-entry-content\">\n                        <div class=\"eael-grid-post-excerpt\"><a href=\"https:\/\/soymigrante.com\/revista\/migrante-y-emprendedora-emi-la-guatemalteca-ofrece-sabores-aromas-y-memorias-en-houston\/\" class=\"eael-post-elements-readmore-btn\">CONOCE SU HISTORIA <\/a><\/div>\n                    <\/div><\/div><\/div>\n        <\/div>\n    <\/article><article class=\"eael-grid-post  eael-post-grid-column eael-pg-post-2623 category-exitos\" data-id=\"2623\">\n        <div class=\"eael-grid-post-holder\">\n            <div class=\"eael-grid-post-holder-inner\"><div class=\"eael-entry-media\"><div class=\"eael-entry-overlay fade-in\"><i class=\"far fa-hand-pointer\" aria-hidden=\"true\"><\/i><a href=\"https:\/\/soymigrante.com\/revista\/maestra-guatemalteca-orienta-a-migrantes-en-oklahoma-e-e-u-u\/\"><\/a><\/div><div class=\"eael-entry-thumbnail \">\n                <img loading=\"lazy\" decoding=\"async\" width=\"960\" height=\"953\" src=\"https:\/\/soymigrante.com\/revista\/wp-content\/uploads\/2023\/09\/Saidy-fue-electa-como-senora-Guatemala-en-Oklahoma-cargo-que-obtuvo-por-su-proyeccion-social-con-la-comunidad.webp\" class=\"attachment-large size-large wp-image-2631\" alt=\"Saidy fue electa como se\u00f1ora Guatemala en Oklahoma cargo que obtuvo por su proyecci\u00f3n social con la comunidad\" srcset=\"https:\/\/soymigrante.com\/revista\/wp-content\/uploads\/2023\/09\/Saidy-fue-electa-como-senora-Guatemala-en-Oklahoma-cargo-que-obtuvo-por-su-proyeccion-social-con-la-comunidad.webp 960w, https:\/\/soymigrante.com\/revista\/wp-content\/uploads\/2023\/09\/Saidy-fue-electa-como-senora-Guatemala-en-Oklahoma-cargo-que-obtuvo-por-su-proyeccion-social-con-la-comunidad-300x298.webp 300w, https:\/\/soymigrante.com\/revista\/wp-content\/uploads\/2023\/09\/Saidy-fue-electa-como-senora-Guatemala-en-Oklahoma-cargo-que-obtuvo-por-su-proyeccion-social-con-la-comunidad-150x150.webp 150w, https:\/\/soymigrante.com\/revista\/wp-content\/uploads\/2023\/09\/Saidy-fue-electa-como-senora-Guatemala-en-Oklahoma-cargo-que-obtuvo-por-su-proyeccion-social-con-la-comunidad-768x762.webp 768w, https:\/\/soymigrante.com\/revista\/wp-content\/uploads\/2023\/09\/Saidy-fue-electa-como-senora-Guatemala-en-Oklahoma-cargo-que-obtuvo-por-su-proyeccion-social-con-la-comunidad-75x75.webp 75w, https:\/\/soymigrante.com\/revista\/wp-content\/uploads\/2023\/09\/Saidy-fue-electa-como-senora-Guatemala-en-Oklahoma-cargo-que-obtuvo-por-su-proyeccion-social-con-la-comunidad-750x745.webp 750w\" sizes=\"(max-width: 960px) 100vw, 960px\" \/>\n            <\/div>\n        <\/div><div class=\"eael-entry-wrapper\"><header class=\"eael-entry-header\"><h2 class=\"eael-entry-title\"><a class=\"eael-grid-post-link\" href=\"https:\/\/soymigrante.com\/revista\/maestra-guatemalteca-orienta-a-migrantes-en-oklahoma-e-e-u-u\/\" title=\"Maestra y migrante guatemalteca Saidy Orellana orienta a compatriotas en Oklahoma, E.E.U.U.\">Maestra y migrante guatemalteca Saidy Orellana orienta a compatriotas en Oklahoma, E.E.U.U.<\/a><\/h2><\/header><div class=\"eael-entry-content\">\n                        <div class=\"eael-grid-post-excerpt\"><a href=\"https:\/\/soymigrante.com\/revista\/maestra-guatemalteca-orienta-a-migrantes-en-oklahoma-e-e-u-u\/\" class=\"eael-post-elements-readmore-btn\">CONOCE SU HISTORIA <\/a><\/div>\n                    <\/div><\/div><\/div>\n        <\/div>\n    <\/article><article class=\"eael-grid-post  eael-post-grid-column eael-pg-post-2292 category-exitos\" data-id=\"2292\">\n        <div class=\"eael-grid-post-holder\">\n            <div class=\"eael-grid-post-holder-inner\"><div class=\"eael-entry-media\"><div class=\"eael-entry-overlay fade-in\"><i class=\"far fa-hand-pointer\" aria-hidden=\"true\"><\/i><a href=\"https:\/\/soymigrante.com\/revista\/sandy-castillo-emprendedora-guatemalteca-eeuu\/\"><\/a><\/div><div class=\"eael-entry-thumbnail \">\n                <img loading=\"lazy\" decoding=\"async\" width=\"980\" height=\"783\" src=\"https:\/\/soymigrante.com\/revista\/wp-content\/uploads\/2023\/08\/sandy.webp\" class=\"attachment-large size-large wp-image-2295\" alt=\"\" srcset=\"https:\/\/soymigrante.com\/revista\/wp-content\/uploads\/2023\/08\/sandy.webp 980w, https:\/\/soymigrante.com\/revista\/wp-content\/uploads\/2023\/08\/sandy-300x240.webp 300w, https:\/\/soymigrante.com\/revista\/wp-content\/uploads\/2023\/08\/sandy-768x614.webp 768w, https:\/\/soymigrante.com\/revista\/wp-content\/uploads\/2023\/08\/sandy-750x599.webp 750w\" sizes=\"(max-width: 980px) 100vw, 980px\" \/>\n            <\/div>\n        <\/div><div class=\"eael-entry-wrapper\"><header class=\"eael-entry-header\"><h2 class=\"eael-entry-title\"><a class=\"eael-grid-post-link\" href=\"https:\/\/soymigrante.com\/revista\/sandy-castillo-emprendedora-guatemalteca-eeuu\/\" title=\"Sandy Castillo: De Migrante a emprendedora en EE.UU.\">Sandy Castillo: De Migrante a emprendedora en EE.UU.<\/a><\/h2><\/header><div class=\"eael-entry-content\">\n                        <div class=\"eael-grid-post-excerpt\"><a href=\"https:\/\/soymigrante.com\/revista\/sandy-castillo-emprendedora-guatemalteca-eeuu\/\" class=\"eael-post-elements-readmore-btn\">CONOCE SU HISTORIA <\/a><\/div>\n                    <\/div><\/div><\/div>\n        <\/div>\n    <\/article><\/div>\n            <div class=\"clearfix\"><\/div>\n        <\/div>\t\t\t\t<\/div>\n\t\t\t\t\t<\/div>\n\t\t\t\t<\/div>\n\t\t\t\t<\/div>\n\t\t","protected":false},"excerpt":{"rendered":"<p>Psic\u00f3loga, educadora, trabajadora social y presidenta del Centro Guatemalteco de New England, Rhode Island, Tiana Ochoa sirve a la comunidad migrante hispana con visi\u00f3n de futuro, desarrollo y grandes objetivos. Entusiasta impulsora de las ra\u00edces guatemaltecas y tambi\u00e9n de la hermandad entre hispanos, la migrante guatemalteca Tiana Ochoa aporta a la comunidad de Rhode Island [&hellip;]<\/p>\n","protected":false},"author":7,"featured_media":11984,"comment_status":"open","ping_status":"open","sticky":false,"template":"","format":"standard","meta":{"_acf_changed":false,"_eb_attr":"","footnotes":""},"categories":[50],"tags":[],"class_list":["post-11983","post","type-post","status-publish","format-standard","has-post-thumbnail","hentry","category-exitos"],"acf":[],"aioseo_notices":[],"aioseo_head":"\n\t\t<!-- All in One SEO Pro 4.9.6.2 - aioseo.com -->\n\t<meta name=\"description\" content=\"Sandy Castillo, originaria de Guatemala, supera adversidades como migrante y se convierte en una emprendedora exitosa en EE.UU.\" \/>\n\t<meta name=\"robots\" content=\"max-snippet:-1, max-image-preview:large, max-video-preview:-1\" \/>\n\t<meta name=\"author\" content=\"Diana Batz\"\/>\n\t<link rel=\"canonical\" href=\"https:\/\/soymigrante.com\/revista\/sandy-castillo-emprendedora-guatemalteca-eeuu\/\" \/>\n\t<meta name=\"generator\" content=\"All in One SEO Pro (AIOSEO) 4.9.6.2\" \/>\n\n\t\t<link rel=\"preconnect\" href=\"https:\/\/fonts.googleapis.com\" crossorigin>\n<link rel=\"preconnect\" href=\"https:\/\/fonts.gstatic.com\" crossorigin>\n\t\t<meta property=\"og:locale\" content=\"es_ES\" \/>\n\t\t<meta property=\"og:site_name\" content=\"SoyMigrante.com REVISTA \u2013 Nuestra misi\u00f3n es reconocer y dignificar al migrante.\" \/>\n\t\t<meta property=\"og:type\" content=\"article\" \/>\n\t\t<meta property=\"og:title\" content=\"Sandy Castillo: De Migrante a emprendedora en EE.UU.\" \/>\n\t\t<meta property=\"og:description\" content=\"Sandy Castillo, originaria de Guatemala, supera adversidades como migrante y se convierte en una emprendedora exitosa en EE.UU.\" \/>\n\t\t<meta property=\"og:url\" content=\"https:\/\/soymigrante.com\/revista\/sandy-castillo-emprendedora-guatemalteca-eeuu\/\" \/>\n\t\t<meta property=\"og:image\" content=\"https:\/\/soymigrante.com\/revista\/wp-content\/uploads\/2023\/08\/sandy.webp\" \/>\n\t\t<meta property=\"og:image:secure_url\" content=\"https:\/\/soymigrante.com\/revista\/wp-content\/uploads\/2023\/08\/sandy.webp\" \/>\n\t\t<meta property=\"og:image:width\" content=\"980\" \/>\n\t\t<meta property=\"og:image:height\" content=\"783\" \/>\n\t\t<meta property=\"article:published_time\" content=\"2023-08-23T22:30:58+00:00\" \/>\n\t\t<meta property=\"article:modified_time\" content=\"2024-07-31T00:35:34+00:00\" \/>\n\t\t<meta property=\"article:publisher\" content=\"https:\/\/www.facebook.com\/soymigrantecom\" \/>\n\t\t<meta name=\"twitter:card\" content=\"summary_large_image\" \/>\n\t\t<meta name=\"twitter:site\" content=\"@SoyMigrante_com\" \/>\n\t\t<meta name=\"twitter:title\" content=\"Sandy Castillo: De Migrante a emprendedora en EE.UU.\" \/>\n\t\t<meta name=\"twitter:description\" content=\"Sandy Castillo, originaria de Guatemala, supera adversidades como migrante y se convierte en una emprendedora exitosa en EE.UU.\" \/>\n\t\t<meta name=\"twitter:creator\" content=\"@SoyMigrante_com\" \/>\n\t\t<meta name=\"twitter:image\" content=\"https:\/\/soymigrante.com\/revista\/wp-content\/uploads\/2023\/08\/sandy.webp\" \/>\n\t\t<!-- All in One SEO Pro -->\r\n\t\t<title>Sandy Castillo: De Migrante a emprendedora en EE.UU.<\/title>\n\n","aioseo_head_json":{"title":"Sandy Castillo: De Migrante a emprendedora en EE.UU.","description":"Sandy Castillo, originaria de Guatemala, supera adversidades como migrante y se convierte en una emprendedora exitosa en EE.UU.","canonical_url":"https:\/\/soymigrante.com\/revista\/sandy-castillo-emprendedora-guatemalteca-eeuu\/","robots":"max-snippet:-1, max-image-preview:large, max-video-preview:-1","keywords":"","webmasterTools":{"miscellaneous":"&lt;link rel=\"preconnect\" href=\"https:\/\/fonts.googleapis.com\" crossorigin&gt;\n&lt;link rel=\"preconnect\" href=\"https:\/\/fonts.gstatic.com\" crossorigin&gt;"},"schema":null,"og:locale":"es_ES","og:site_name":"SoyMigrante.com REVISTA \u2013 Nuestra misi\u00f3n es reconocer y dignificar al migrante.","og:type":"article","og:title":"Sandy Castillo: De Migrante a emprendedora en EE.UU.","og:description":"Sandy Castillo, originaria de Guatemala, supera adversidades como migrante y se convierte en una emprendedora exitosa en EE.UU.","og:url":"https:\/\/soymigrante.com\/revista\/sandy-castillo-emprendedora-guatemalteca-eeuu\/","og:image":"https:\/\/soymigrante.com\/revista\/wp-content\/uploads\/2023\/08\/sandy.webp","og:image:secure_url":"https:\/\/soymigrante.com\/revista\/wp-content\/uploads\/2023\/08\/sandy.webp","og:image:width":980,"og:image:height":783,"article:published_time":"2023-08-23T22:30:58+00:00","article:modified_time":"2024-07-31T00:35:34+00:00","article:publisher":"https:\/\/www.facebook.com\/soymigrantecom","twitter:card":"summary_large_image","twitter:site":"@SoyMigrante_com","twitter:title":"Sandy Castillo: De Migrante a emprendedora en EE.UU.","twitter:description":"Sandy Castillo, originaria de Guatemala, supera adversidades como migrante y se convierte en una emprendedora exitosa en EE.UU.","twitter:creator":"@SoyMigrante_com","twitter:image":"https:\/\/soymigrante.com\/revista\/wp-content\/uploads\/2023\/08\/sandy.webp"},"aioseo_meta_data":{"post_id":"11983","title":"Tiana Ochoa lidera servicio a guatemaltecos en Rhode Island","description":"Psic\u00f3loga, educadora, trabajadora social y presidenta del Centro Guatemalteco de New England, en Rhode Island, Tiana Ochoa sirve a la comunidad migrante hispana.","keywords":null,"keyphrases":{"focus":{"keyphrase":"Guatemalteco","score":82,"analysis":{"keyphraseInTitle":{"score":3,"maxScore":9,"error":1},"keyphraseInDescription":{"score":9,"maxScore":9,"error":0},"keyphraseLength":{"score":9,"maxScore":9,"error":0,"length":1},"keyphraseInURL":{"score":5,"maxScore":5,"error":0},"keyphraseInIntroduction":{"score":3,"maxScore":9,"error":1},"keyphraseInSubHeadings":{"score":9,"maxScore":9,"error":0},"keyphraseInImageAlt":{"score":9,"maxScore":9,"error":0},"keywordDensity":{"type":"best","score":9,"maxScore":9,"error":0}}},"additional":[{"keyphrase":"Migrante","score":100,"analysis":{"keyphraseInDescription":{"score":9,"maxScore":9,"error":0},"keyphraseLength":{"score":9,"maxScore":9,"error":0,"length":1},"keyphraseInIntroduction":{"score":9,"maxScore":9,"error":0},"keyphraseInImageAlt":{"score":9,"maxScore":9,"error":0},"keywordDensity":{"type":"best","score":9,"maxScore":9,"error":0}}},{"keyphrase":"Rhode Island","score":80,"analysis":{"keyphraseInDescription":{"score":9,"maxScore":9,"error":0},"keyphraseLength":{"score":9,"maxScore":9,"error":0,"length":2},"keyphraseInIntroduction":{"score":9,"maxScore":9,"error":0},"keyphraseInImageAlt":{"score":9,"maxScore":9,"error":0},"keywordDensity":{"score":0,"type":"low","maxScore":9,"error":1}}}]},"primary_term":null,"canonical_url":null,"og_title":null,"og_description":null,"og_object_type":"default","og_image_type":"default","og_image_url":null,"og_image_width":null,"og_image_height":null,"og_image_custom_url":null,"og_image_custom_fields":null,"og_video":"","og_custom_url":null,"og_article_section":null,"og_article_tags":null,"twitter_use_og":false,"twitter_card":"default","twitter_image_type":"default","twitter_image_url":null,"twitter_image_custom_url":null,"twitter_image_custom_fields":null,"twitter_title":null,"twitter_description":null,"schema":{"blockGraphs":[],"customGraphs":[],"default":{"data":{"Article":[],"Course":[],"Dataset":[],"FAQPage":[],"Movie":[],"Person":[],"Product":[],"ProductReview":[],"Car":[],"Recipe":[],"Service":[],"SoftwareApplication":[],"WebPage":[]},"graphName":"NewsArticle","isEnabled":true},"graphs":[]},"schema_type":"default","schema_type_options":null,"pillar_content":false,"robots_default":true,"robots_noindex":false,"robots_noarchive":false,"robots_nosnippet":false,"robots_nofollow":false,"robots_noimageindex":false,"robots_noodp":false,"robots_notranslate":false,"robots_max_snippet":"-1","robots_max_videopreview":"-1","robots_max_imagepreview":"large","priority":null,"frequency":"default","local_seo":null,"seo_analyzer_scan_date":"2025-11-02 15:36:10","breadcrumb_settings":null,"limit_modified_date":false,"reviewed_by":"0","open_ai":"{\"title\":{\"suggestions\":[],\"usage\":0},\"description\":{\"suggestions\":[],\"usage\":0}}","ai":{"faqs":[],"keyPoints":[],"titles":[],"descriptions":[],"socialPosts":{"email":[],"linkedin":[],"twitter":[],"facebook":[],"instagram":[]}},"created":"2024-11-04 23:44:57","updated":"2026-02-04 15:42:37"},"aioseo_breadcrumb":"<div class=\"aioseo-breadcrumbs\"><span class=\"aioseo-breadcrumb\">\n\t<a href=\"https:\/\/soymigrante.com\/revista\" title=\"Home\">Home<\/a>\n<\/span><span class=\"aioseo-breadcrumb-separator\">\u00bb<\/span><span class=\"aioseo-breadcrumb\">\n\t<a href=\"https:\/\/soymigrante.com\/revista\/category\/exitos\/\" title=\"\u00c9xitos\">\u00c9xitos<\/a>\n<\/span><span class=\"aioseo-breadcrumb-separator\">\u00bb<\/span><span class=\"aioseo-breadcrumb\">\n\tTiana Ochoa, l\u00edder migrante en Rhode Island, sirve a la comunidad  hispana, especialmente a la ni\u00f1ez\n<\/span><\/div>","aioseo_breadcrumb_json":[{"label":"Home","link":"https:\/\/soymigrante.com\/revista"},{"label":"\u00c9xitos","link":"https:\/\/soymigrante.com\/revista\/category\/exitos\/"},{"label":"Tiana Ochoa, l\u00edder migrante en Rhode Island, sirve a la comunidad  hispana, especialmente a la ni\u00f1ez","link":"https:\/\/soymigrante.com\/revista\/cada-guatemalteco-que-pueda-votar-en-usa-cuenta-tiana-ochoa-lider-migrante-en-rhode-island\/"}],"_links":{"self":[{"href":"https:\/\/soymigrante.com\/revista\/wp-json\/wp\/v2\/posts\/11983","targetHints":{"allow":["GET"]}}],"collection":[{"href":"https:\/\/soymigrante.com\/revista\/wp-json\/wp\/v2\/posts"}],"about":[{"href":"https:\/\/soymigrante.com\/revista\/wp-json\/wp\/v2\/types\/post"}],"author":[{"embeddable":true,"href":"https:\/\/soymigrante.com\/revista\/wp-json\/wp\/v2\/users\/7"}],"replies":[{"embeddable":true,"href":"https:\/\/soymigrante.com\/revista\/wp-json\/wp\/v2\/comments?post=11983"}],"version-history":[{"count":1,"href":"https:\/\/soymigrante.com\/revista\/wp-json\/wp\/v2\/posts\/11983\/revisions"}],"predecessor-version":[{"id":48061,"href":"https:\/\/soymigrante.com\/revista\/wp-json\/wp\/v2\/posts\/11983\/revisions\/48061"}],"wp:featuredmedia":[{"embeddable":true,"href":"https:\/\/soymigrante.com\/revista\/wp-json\/wp\/v2\/media\/11984"}],"wp:attachment":[{"href":"https:\/\/soymigrante.com\/revista\/wp-json\/wp\/v2\/media?parent=11983"}],"wp:term":[{"taxonomy":"category","embeddable":true,"href":"https:\/\/soymigrante.com\/revista\/wp-json\/wp\/v2\/categories?post=11983"},{"taxonomy":"post_tag","embeddable":true,"href":"https:\/\/soymigrante.com\/revista\/wp-json\/wp\/v2\/tags?post=11983"}],"curies":[{"name":"wp","href":"https:\/\/api.w.org\/{rel}","templated":true}]}}