{"id":11947,"date":"2024-11-05T08:30:00","date_gmt":"2024-11-05T14:30:00","guid":{"rendered":"https:\/\/soymigrante.com\/revista\/?p=11947"},"modified":"2025-05-19T01:40:06","modified_gmt":"2025-05-19T07:40:06","slug":"codice-joyas-mayas-migrantes-textiles-washington","status":"publish","type":"post","link":"https:\/\/soymigrante.com\/revista\/codice-joyas-mayas-migrantes-textiles-washington\/","title":{"rendered":"Joyas mayas migrantes: textiles guatemaltecos en la Universidad George Washington"},"content":{"rendered":"\t\t<div data-elementor-type=\"wp-post\" data-elementor-id=\"11947\" class=\"elementor elementor-11947\" data-elementor-post-type=\"post\">\n\t\t\t\t<div data-particle_enable=\"false\" data-particle-mobile-disabled=\"false\" class=\"elementor-element elementor-element-47ac146 e-flex e-con-boxed e-con e-parent\" data-id=\"47ac146\" data-element_type=\"container\" data-e-type=\"container\">\n\t\t\t\t\t<div class=\"e-con-inner\">\n\t\t\t\t<div class=\"elementor-element elementor-element-5b42420 elementor-widget elementor-widget-heading\" data-id=\"5b42420\" data-element_type=\"widget\" data-e-type=\"widget\" data-widget_type=\"heading.default\">\n\t\t\t\t\t<h2 class=\"elementor-heading-title elementor-size-default\">En el Museo Textil de la Universidad George Washington, en la capital estadounidense, se resguarda una colecci\u00f3n de m\u00e1s de 1400 piezas de indumentaria maya, de diversas regiones y etnias mayas de Guatemala. Este es un peque\u00f1o vistazo.<\/h2>\t\t\t\t<\/div>\n\t\t\t\t<div class=\"elementor-element elementor-element-a69d506 elementor-widget elementor-widget-html\" data-id=\"a69d506\" data-element_type=\"widget\" data-e-type=\"widget\" data-widget_type=\"html.default\">\n\t\t\t\t\t<div id=\"buzzsprout-player-17186628\"><\/div><script src=\"https:\/\/www.buzzsprout.com\/2444168\/episodes\/17186628-textiles-e-indumentaria-maya-tradicional-en-washington-d-c.js?container_id=buzzsprout-player-17186628&player=small\" type=\"text\/javascript\" charset=\"utf-8\"><\/script>\t\t\t\t<\/div>\n\t\t\t\t\t<\/div>\n\t\t\t\t<\/div>\n\t\t<div data-particle_enable=\"false\" data-particle-mobile-disabled=\"false\" class=\"elementor-element elementor-element-add2ffb e-flex e-con-boxed e-con e-parent\" data-id=\"add2ffb\" data-element_type=\"container\" data-e-type=\"container\">\n\t\t\t\t\t<div class=\"e-con-inner\">\n\t\t\t\t<div class=\"elementor-element elementor-element-6bf653d elementor-widget elementor-widget-text-editor\" data-id=\"6bf653d\" data-element_type=\"widget\" data-e-type=\"widget\" data-widget_type=\"text-editor.default\">\n\t\t\t\t\t\t\t\t\t<p>La simb\u00f3log\u00eda y los c\u00f3digos del <a href=\"https:\/\/soymigrante.com\/revista\/el-lenguaje-sagrado-de-los-textiles-mayas-y-sus-significados\/\">arte textil maya<\/a> provienen de una herencia anestral y esta es una de las razones por las cuales generan tanto inter\u00e9s y fascinaci\u00f3n, en Guatemala y el extranjero. Una muestra de este aprecio es la deslumbrante colecci\u00f3n de prendas tradicionales mayas de diversos pueblos de Guatemala, resguardada en el Museo Textil de la Universidad George Washington, en la capital de EE.UU.<\/p><p>En l\u00ednea se pueden admirar muchas m\u00e1s de estas piezas, entre las cuales hay huipiles, pantalones, cinturones, cintas de cabello, chales, tzutes e incluso frazadas de lana.\u00a0 Esta es solo una peque\u00f1a selecci\u00f3n de piezas, cuyas im\u00e1genes est\u00e1n bajo licencia de Creative Commons, seg\u00fan detalla la p\u00e1gina del Museo.<\/p><p>La mayor\u00eda de estas piezas NO est\u00e1n en exhibici\u00f3n permanente precisamente para asegurar su conservaci\u00f3n. Esta labor de <a href=\"https:\/\/soymigrante.com\/revista\/joyas-mayas-migrantes-textiles-tradicionales-se-atesoran-en-el-museo-de-diseno-goldstein-de-minnesota\/\">resguardo<\/a> es importante porque hay algunas prendas de indumentaria tradicional que ya no se utilizan o son m\u00e1s bien raras.\u00a0 El solo hecho de que figuren tantas de estas joyas textiles en esta colecci\u00f3n es un motivo de orgullo guatemalteco.<\/p>\t\t\t\t\t\t\t\t<\/div>\n\t\t\t\t\t<\/div>\n\t\t\t\t<\/div>\n\t\t<div data-particle_enable=\"false\" data-particle-mobile-disabled=\"false\" class=\"elementor-element elementor-element-3ef34cf e-flex e-con-boxed e-con e-parent\" data-id=\"3ef34cf\" data-element_type=\"container\" data-e-type=\"container\">\n\t\t\t\t\t<div class=\"e-con-inner\">\n\t\t\t\t<div class=\"elementor-element elementor-element-c659a3a elementor-widget elementor-widget-google_maps\" data-id=\"c659a3a\" data-element_type=\"widget\" data-e-type=\"widget\" data-widget_type=\"google_maps.default\">\n\t\t\t\t\t\t\t<div class=\"elementor-custom-embed\">\n\t\t\t<iframe loading=\"lazy\"\n\t\t\t\t\tsrc=\"https:\/\/maps.google.com\/maps?q=George%20Washington%20Textile%20Museum&#038;t=m&#038;z=10&#038;output=embed&#038;iwloc=near\"\n\t\t\t\t\ttitle=\"George Washington Textile Museum\"\n\t\t\t\t\taria-label=\"George Washington Textile Museum\"\n\t\t\t><\/iframe>\n\t\t<\/div>\n\t\t\t\t\t\t<\/div>\n\t\t\t\t\t<\/div>\n\t\t\t\t<\/div>\n\t\t<div data-particle_enable=\"false\" data-particle-mobile-disabled=\"false\" class=\"elementor-element elementor-element-ae9f640 e-flex e-con-boxed e-con e-parent\" data-id=\"ae9f640\" data-element_type=\"container\" data-e-type=\"container\">\n\t\t\t\t\t<div class=\"e-con-inner\">\n\t\t\t\t<div class=\"elementor-element elementor-element-7addc99 elementor-widget elementor-widget-image\" data-id=\"7addc99\" data-element_type=\"widget\" data-e-type=\"widget\" data-widget_type=\"image.default\">\n\t\t\t\t\t\t\t\t\t\t\t\t\t\t\t<img fetchpriority=\"high\" decoding=\"async\" width=\"768\" height=\"686\" src=\"https:\/\/soymigrante.com\/revista\/wp-content\/uploads\/2024\/11\/multimedia-140603original-1024x914.jpg\" class=\"attachment-large size-large wp-image-12059\" alt=\"Tallas tradicionales mexicanas hechas a mano, con textiles bordados en colores vibrantes, reflejando cultura y artesan\u00eda ancestral de M\u00e9xico. Perfectas para festivales y celebraciones culturales.\" srcset=\"https:\/\/soymigrante.com\/revista\/wp-content\/uploads\/2024\/11\/multimedia-140603original-1024x914.jpg 1024w, https:\/\/soymigrante.com\/revista\/wp-content\/uploads\/2024\/11\/multimedia-140603original-300x268.webp 300w, https:\/\/soymigrante.com\/revista\/wp-content\/uploads\/2024\/11\/multimedia-140603original-768x686.jpg 768w, https:\/\/soymigrante.com\/revista\/wp-content\/uploads\/2024\/11\/multimedia-140603original-1536x1371.jpg 1536w, https:\/\/soymigrante.com\/revista\/wp-content\/uploads\/2024\/11\/multimedia-140603original-2048x1829.jpg 2048w, https:\/\/soymigrante.com\/revista\/wp-content\/uploads\/2024\/11\/multimedia-140603original-750x670.webp 750w, https:\/\/soymigrante.com\/revista\/wp-content\/uploads\/2024\/11\/multimedia-140603original-1140x1018.jpg 1140w, https:\/\/soymigrante.com\/revista\/wp-content\/uploads\/2024\/11\/multimedia-140603original.webp 1920w\" sizes=\"(max-width: 768px) 100vw, 768px\" title=\"multimedia-140603original \u2013 SoyMigrante.com REVISTA\" \/>\t\t\t\t\t\t\t\t\t\t\t\t\t\t\t<\/div>\n\t\t\t\t\t<\/div>\n\t\t\t\t<\/div>\n\t\t<div data-particle_enable=\"false\" data-particle-mobile-disabled=\"false\" class=\"elementor-element elementor-element-4e635ea e-flex e-con-boxed e-con e-parent\" data-id=\"4e635ea\" data-element_type=\"container\" data-e-type=\"container\">\n\t\t\t\t\t<div class=\"e-con-inner\">\n\t\t\t\t<div class=\"elementor-element elementor-element-298f5c6 elementor-widget elementor-widget-text-editor\" data-id=\"298f5c6\" data-element_type=\"widget\" data-e-type=\"widget\" data-widget_type=\"text-editor.default\">\n\t\t\t\t\t\t\t\t\t<p>Pantal\u00f3n de <a href=\"https:\/\/soymigrante.com\/revista\/carrera-de-todos-santos-cuchumatan-un-icono-de-guatemala-y-de-la-cultura-mam\/\">Todos Santos Cuchumat\u00e1n<\/a>. Data de\u00a0 antes de 1940 seg\u00fan los registros del museo. L\u00edneas rojas sobre fondo blanco con finos patrones de colores a\u00f1adidos. Utiliza un cintur\u00f3n textil que no est\u00e1 en la colecci\u00f3n.<\/p>\t\t\t\t\t\t\t\t<\/div>\n\t\t\t\t\t<\/div>\n\t\t\t\t<\/div>\n\t\t<div data-particle_enable=\"false\" data-particle-mobile-disabled=\"false\" class=\"elementor-element elementor-element-9a1da55 e-flex e-con-boxed e-con e-parent\" data-id=\"9a1da55\" data-element_type=\"container\" data-e-type=\"container\">\n\t\t\t\t\t<div class=\"e-con-inner\">\n\t\t\t\t<div class=\"elementor-element elementor-element-ee75ebe elementor-widget elementor-widget-image\" data-id=\"ee75ebe\" data-element_type=\"widget\" data-e-type=\"widget\" data-widget_type=\"image.default\">\n\t\t\t\t\t\t\t\t\t\t\t\t\t\t\t<img decoding=\"async\" width=\"642\" height=\"780\" src=\"https:\/\/soymigrante.com\/revista\/wp-content\/uploads\/2024\/11\/textiles-mayas-Universidad-Washington-10.webp\" class=\"attachment-large size-large wp-image-12068\" alt=\"Borsa tejida con dise\u00f1o \u00e9tnico de caballos en colores negro y beige, perfecta para estilo bohemio y accesorios \u00fanicos para migrantes y comunidades hispanas.\" srcset=\"https:\/\/soymigrante.com\/revista\/wp-content\/uploads\/2024\/11\/textiles-mayas-Universidad-Washington-10.webp 642w, https:\/\/soymigrante.com\/revista\/wp-content\/uploads\/2024\/11\/textiles-mayas-Universidad-Washington-10-247x300.webp 247w\" sizes=\"(max-width: 642px) 100vw, 642px\" title=\"textiles mayas Universidad Washington 10 \u2013 SoyMigrante.com REVISTA\" \/>\t\t\t\t\t\t\t\t\t\t\t\t\t\t\t<\/div>\n\t\t\t\t\t<\/div>\n\t\t\t\t<\/div>\n\t\t<div data-particle_enable=\"false\" data-particle-mobile-disabled=\"false\" class=\"elementor-element elementor-element-f956345 e-flex e-con-boxed e-con e-parent\" data-id=\"f956345\" data-element_type=\"container\" data-e-type=\"container\">\n\t\t\t\t\t<div class=\"e-con-inner\">\n\t\t\t\t<div class=\"elementor-element elementor-element-604f0f8 elementor-widget elementor-widget-text-editor\" data-id=\"604f0f8\" data-element_type=\"widget\" data-e-type=\"widget\" data-widget_type=\"text-editor.default\">\n\t\t\t\t\t\t\t\t\t<p>Morral tejido de <a href=\"https:\/\/soymigrante.com\/revista\/departamentos-de-guatemala-solola-tiene-un-corazon-de-agua-cristalina-entre-montanas\/\">Solol\u00e1<\/a> con figuras de jinetes y figuras femeninas. Elaborado con lana blanca y negra. Data de antes de 1940, Se trata de una artesan\u00eda que a\u00fan es com\u00fan encontrar en mercados de Guatemala aunque no con este dise\u00f1o.<\/p>\t\t\t\t\t\t\t\t<\/div>\n\t\t\t\t\t<\/div>\n\t\t\t\t<\/div>\n\t\t<div data-particle_enable=\"false\" data-particle-mobile-disabled=\"false\" class=\"elementor-element elementor-element-ce87af1 e-flex e-con-boxed e-con e-parent\" data-id=\"ce87af1\" data-element_type=\"container\" data-e-type=\"container\">\n\t\t\t\t\t<div class=\"e-con-inner\">\n\t\t\t\t<div class=\"elementor-element elementor-element-409fd57 elementor-widget elementor-widget-image\" data-id=\"409fd57\" data-element_type=\"widget\" data-e-type=\"widget\" data-widget_type=\"image.default\">\n\t\t\t\t\t\t\t\t\t\t\t\t\t\t\t<img decoding=\"async\" width=\"768\" height=\"561\" src=\"https:\/\/soymigrante.com\/revista\/wp-content\/uploads\/2024\/11\/textiles-mayas-Universidad-Washington-11-1024x748.jpg\" class=\"attachment-large size-large wp-image-12069\" alt=\"Colcha tejida con dise\u00f1o floral y colores vibrantes, s\u00edmbolo de tradici\u00f3n textil mexicana, ideal para decoraci\u00f3n y coleccionismo en revista SoyMigrante.com REVISTA.\" srcset=\"https:\/\/soymigrante.com\/revista\/wp-content\/uploads\/2024\/11\/textiles-mayas-Universidad-Washington-11-1024x748.jpg 1024w, https:\/\/soymigrante.com\/revista\/wp-content\/uploads\/2024\/11\/textiles-mayas-Universidad-Washington-11-300x219.webp 300w, https:\/\/soymigrante.com\/revista\/wp-content\/uploads\/2024\/11\/textiles-mayas-Universidad-Washington-11-768x561.jpg 768w, https:\/\/soymigrante.com\/revista\/wp-content\/uploads\/2024\/11\/textiles-mayas-Universidad-Washington-11-750x548.webp 750w, https:\/\/soymigrante.com\/revista\/wp-content\/uploads\/2024\/11\/textiles-mayas-Universidad-Washington-11.webp 1082w\" sizes=\"(max-width: 768px) 100vw, 768px\" title=\"textiles mayas Universidad Washington 11 \u2013 SoyMigrante.com REVISTA\" \/>\t\t\t\t\t\t\t\t\t\t\t\t\t\t\t<\/div>\n\t\t\t\t\t<\/div>\n\t\t\t\t<\/div>\n\t\t<div data-particle_enable=\"false\" data-particle-mobile-disabled=\"false\" class=\"elementor-element elementor-element-7768f32 e-flex e-con-boxed e-con e-parent\" data-id=\"7768f32\" data-element_type=\"container\" data-e-type=\"container\">\n\t\t\t\t\t<div class=\"e-con-inner\">\n\t\t\t\t<div class=\"elementor-element elementor-element-2f5cc33 elementor-widget elementor-widget-text-editor\" data-id=\"2f5cc33\" data-element_type=\"widget\" data-e-type=\"widget\" data-widget_type=\"text-editor.default\">\n\t\t\t\t\t\t\t\t\t<p>Frazada bordada, posiblemente de beb\u00e9. Proviene de <a href=\"https:\/\/soymigrante.com\/revista\/quetzaltenango-500-15-datos-que-quiza-ya-sabias-o-tal-vez-no\/\">Quetzaltenango<\/a> y data de la d\u00e9cada 1940 a 1950.<\/p>\t\t\t\t\t\t\t\t<\/div>\n\t\t\t\t\t<\/div>\n\t\t\t\t<\/div>\n\t\t<div data-particle_enable=\"false\" data-particle-mobile-disabled=\"false\" class=\"elementor-element elementor-element-8941e50 e-flex e-con-boxed e-con e-parent\" data-id=\"8941e50\" data-element_type=\"container\" data-e-type=\"container\">\n\t\t\t\t\t<div class=\"e-con-inner\">\n\t\t\t\t<div class=\"elementor-element elementor-element-7113140 elementor-widget elementor-widget-image\" data-id=\"7113140\" data-element_type=\"widget\" data-e-type=\"widget\" data-widget_type=\"image.default\">\n\t\t\t\t\t\t\t\t\t\t\t\t\t\t\t<img loading=\"lazy\" decoding=\"async\" width=\"768\" height=\"654\" src=\"https:\/\/soymigrante.com\/revista\/wp-content\/uploads\/2024\/11\/textiles-mayas-Universidad-Washington-12-e1730781286235.webp\" class=\"attachment-large size-large wp-image-12070\" alt=\"Sombrero mexicano tradicional con dise\u00f1os coloridos y bordados vibrantes, s\u00edmbolo de la cultura y folklore mexicano ideal para festivales y celebraciones culturales.\" srcset=\"https:\/\/soymigrante.com\/revista\/wp-content\/uploads\/2024\/11\/textiles-mayas-Universidad-Washington-12-e1730781286235.webp 858w, https:\/\/soymigrante.com\/revista\/wp-content\/uploads\/2024\/11\/textiles-mayas-Universidad-Washington-12-e1730781286235-300x256.webp 300w, https:\/\/soymigrante.com\/revista\/wp-content\/uploads\/2024\/11\/textiles-mayas-Universidad-Washington-12-e1730781286235-768x654.jpg 768w, https:\/\/soymigrante.com\/revista\/wp-content\/uploads\/2024\/11\/textiles-mayas-Universidad-Washington-12-e1730781286235-750x639.webp 750w\" sizes=\"(max-width: 768px) 100vw, 768px\" title=\"textiles mayas Universidad Washington 12 \u2013 SoyMigrante.com REVISTA\" \/>\t\t\t\t\t\t\t\t\t\t\t\t\t\t\t<\/div>\n\t\t\t\t\t<\/div>\n\t\t\t\t<\/div>\n\t\t<div data-particle_enable=\"false\" data-particle-mobile-disabled=\"false\" class=\"elementor-element elementor-element-01ee5bc e-flex e-con-boxed e-con e-parent\" data-id=\"01ee5bc\" data-element_type=\"container\" data-e-type=\"container\">\n\t\t\t\t\t<div class=\"e-con-inner\">\n\t\t\t\t<div class=\"elementor-element elementor-element-3b98de5 elementor-widget elementor-widget-text-editor\" data-id=\"3b98de5\" data-element_type=\"widget\" data-e-type=\"widget\" data-widget_type=\"text-editor.default\">\n\t\t\t\t\t\t\t\t\t<p>Delantal elaborado en <a href=\"https:\/\/soymigrante.com\/revista\/chichicastenango-datos-que-quiza-ya-conocias-o-quiza-no\/\">Chichicastenango<\/a>\u00a0 con tejido y bordado. Hecho de algod\u00f3n. Data aproximadamente de 1994 y aunque es una pieza relativamente reciente, enriquece la colecci\u00f3n al ser una prenda de uso cotidiano que poco a poco ha ido desapareciedo.<\/p>\t\t\t\t\t\t\t\t<\/div>\n\t\t\t\t\t<\/div>\n\t\t\t\t<\/div>\n\t\t<div data-particle_enable=\"false\" data-particle-mobile-disabled=\"false\" class=\"elementor-element elementor-element-ef838d5 e-flex e-con-boxed e-con e-parent\" data-id=\"ef838d5\" data-element_type=\"container\" data-e-type=\"container\">\n\t\t\t\t\t<div class=\"e-con-inner\">\n\t\t\t\t<div class=\"elementor-element elementor-element-164592a elementor-widget elementor-widget-image\" data-id=\"164592a\" data-element_type=\"widget\" data-e-type=\"widget\" data-widget_type=\"image.default\">\n\t\t\t\t\t\t\t\t\t\t\t\t\t\t\t<img loading=\"lazy\" decoding=\"async\" width=\"768\" height=\"542\" src=\"https:\/\/soymigrante.com\/revista\/wp-content\/uploads\/2024\/11\/textiles-mayas-Universidad-Washington-7-1024x723.jpg\" class=\"attachment-large size-large wp-image-12066\" alt=\"B2296A-Pa\u00f1uelo mexicano hecho a mano con bordado tradicional y borlas de colores para trajes folcl\u00f3ricos y festivales culturales en M\u00e9xico.\" srcset=\"https:\/\/soymigrante.com\/revista\/wp-content\/uploads\/2024\/11\/textiles-mayas-Universidad-Washington-7-1024x723.jpg 1024w, https:\/\/soymigrante.com\/revista\/wp-content\/uploads\/2024\/11\/textiles-mayas-Universidad-Washington-7-300x212.webp 300w, https:\/\/soymigrante.com\/revista\/wp-content\/uploads\/2024\/11\/textiles-mayas-Universidad-Washington-7-768x542.jpg 768w, https:\/\/soymigrante.com\/revista\/wp-content\/uploads\/2024\/11\/textiles-mayas-Universidad-Washington-7-1536x1085.jpg 1536w, https:\/\/soymigrante.com\/revista\/wp-content\/uploads\/2024\/11\/textiles-mayas-Universidad-Washington-7-2048x1446.jpg 2048w, https:\/\/soymigrante.com\/revista\/wp-content\/uploads\/2024\/11\/textiles-mayas-Universidad-Washington-7-120x86.webp 120w, https:\/\/soymigrante.com\/revista\/wp-content\/uploads\/2024\/11\/textiles-mayas-Universidad-Washington-7-750x530.webp 750w, https:\/\/soymigrante.com\/revista\/wp-content\/uploads\/2024\/11\/textiles-mayas-Universidad-Washington-7-1140x805.jpg 1140w, https:\/\/soymigrante.com\/revista\/wp-content\/uploads\/2024\/11\/textiles-mayas-Universidad-Washington-7.webp 1920w\" sizes=\"(max-width: 768px) 100vw, 768px\" title=\"textiles mayas Universidad Washington 7 \u2013 SoyMigrante.com REVISTA\" \/>\t\t\t\t\t\t\t\t\t\t\t\t\t\t\t<\/div>\n\t\t\t\t\t<\/div>\n\t\t\t\t<\/div>\n\t\t<div data-particle_enable=\"false\" data-particle-mobile-disabled=\"false\" class=\"elementor-element elementor-element-89eaa30 e-flex e-con-boxed e-con e-parent\" data-id=\"89eaa30\" data-element_type=\"container\" data-e-type=\"container\">\n\t\t\t\t\t<div class=\"e-con-inner\">\n\t\t\t\t<div class=\"elementor-element elementor-element-a6c80f3 elementor-widget elementor-widget-text-editor\" data-id=\"a6c80f3\" data-element_type=\"widget\" data-e-type=\"widget\" data-widget_type=\"text-editor.default\">\n\t\t\t\t\t\t\t\t\t<p>Cintur\u00f3n decorado con figuras tejidas de\u00a0 animales, entre ellos gallos y colibr\u00edes. De la etnia <a href=\"https:\/\/soymigrante.com\/revista\/el-pueblo-kaqchikel-abarca-a-1-millon-68-mil-guatemaltecos\/\">kaqchiq&#8217;el<\/a> de Sacatep\u00e9quez. Son llamativas las borlas coloridas. Obsequiado al Museo Textil de la Universidad de Washington por el historiador Roy Parviz Mottahedeh. Esta pieza textil maya data aproximadamente de 1960.<\/p>\t\t\t\t\t\t\t\t<\/div>\n\t\t\t\t\t<\/div>\n\t\t\t\t<\/div>\n\t\t<div data-particle_enable=\"false\" data-particle-mobile-disabled=\"false\" class=\"elementor-element elementor-element-de009e9 e-flex e-con-boxed e-con e-parent\" data-id=\"de009e9\" data-element_type=\"container\" data-e-type=\"container\">\n\t\t\t\t\t<div class=\"e-con-inner\">\n\t\t\t\t<div class=\"elementor-element elementor-element-7735db9 elementor-widget elementor-widget-image\" data-id=\"7735db9\" data-element_type=\"widget\" data-e-type=\"widget\" data-widget_type=\"image.default\">\n\t\t\t\t\t\t\t\t\t\t\t\t\t\t\t<img loading=\"lazy\" decoding=\"async\" width=\"587\" height=\"886\" src=\"https:\/\/soymigrante.com\/revista\/wp-content\/uploads\/2024\/11\/textiles-mayas-momostenango.webp\" class=\"attachment-large size-large wp-image-12089\" alt=\"Alto text: Alfombra tradicional con motivos geom\u00e9tricos y animales en tonos naturales, resaltando detalles en rojo, ideal para decoraci\u00f3n cultural y artesan\u00eda mexicana.\" srcset=\"https:\/\/soymigrante.com\/revista\/wp-content\/uploads\/2024\/11\/textiles-mayas-momostenango.webp 587w, https:\/\/soymigrante.com\/revista\/wp-content\/uploads\/2024\/11\/textiles-mayas-momostenango-199x300.webp 199w\" sizes=\"(max-width: 587px) 100vw, 587px\" title=\"textiles mayas momostenango \u2013 SoyMigrante.com REVISTA\" \/>\t\t\t\t\t\t\t\t\t\t\t\t\t\t\t<\/div>\n\t\t\t\t\t<\/div>\n\t\t\t\t<\/div>\n\t\t<div data-particle_enable=\"false\" data-particle-mobile-disabled=\"false\" class=\"elementor-element elementor-element-144d8dc e-flex e-con-boxed e-con e-parent\" data-id=\"144d8dc\" data-element_type=\"container\" data-e-type=\"container\">\n\t\t\t\t\t<div class=\"e-con-inner\">\n\t\t\t\t<div class=\"elementor-element elementor-element-2570a35 elementor-widget elementor-widget-text-editor\" data-id=\"2570a35\" data-element_type=\"widget\" data-e-type=\"widget\" data-widget_type=\"text-editor.default\">\n\t\t\t\t\t\t\t\t\t<p>Poncho de lana tejida de Momostenango, <a href=\"https:\/\/soymigrante.com\/revista\/departamentos-de-guatemala-totonicapan-la-tierra-del-gran-atanasio-tzul\/\">Totonicap\u00e1n<\/a>.&nbsp; Tiene figuras de animales con un jinete al centro. Hay aves en vuelo, patos y perros que parecen perseguir a unos extra\u00f1os seres de cuatro patas con cabeza antropom\u00f3rfica.&nbsp; Data aproximadamente de la d\u00e9cada 1930.<\/p>\n<div class=\"grid grid-cols-1 md:grid-cols-2 md:gap-4\" style=\"--tw-border-spacing-x: 0; --tw-border-spacing-y: 0; --tw-translate-x: 0; --tw-translate-y: 0; --tw-rotate: 0; --tw-skew-x: 0; --tw-skew-y: 0; --tw-scale-x: 1; --tw-scale-y: 1; --tw-scroll-snap-strictness: proximity; --tw-ring-offset-width: 0px; --tw-ring-offset-color: #fff; --tw-ring-color: rgba(59,130,246,.5); --tw-ring-offset-shadow: 0 0 #0000; --tw-ring-shadow: 0 0 #0000; --tw-shadow: 0 0 #0000; --tw-shadow-colored: 0 0 #0000; display: grid; grid-template-columns: repeat(2, minmax(0px, 1fr)); gap: 1rem; color: rgba(0, 0, 0, 0.87); font-family: Lato, sans-serif; font-size: medium; font-style: normal; font-variant-ligatures: normal; font-variant-caps: normal; font-weight: 400; border: 0px solid #ededed;\">\n<div style=\"--tw-border-spacing-x: 0; --tw-border-spacing-y: 0; --tw-translate-x: 0; --tw-translate-y: 0; --tw-rotate: 0; --tw-skew-x: 0; --tw-skew-y: 0; --tw-scale-x: 1; --tw-scale-y: 1; --tw-scroll-snap-strictness: proximity; --tw-ring-offset-width: 0px; --tw-ring-offset-color: #fff; --tw-ring-color: rgba(59,130,246,.5); --tw-ring-offset-shadow: 0 0 #0000; --tw-ring-shadow: 0 0 #0000; --tw-shadow: 0 0 #0000; --tw-shadow-colored: 0 0 #0000; border: 0px solid #ededed;\">\n<div class=\"CollectionDetails-Item\" style=\"--tw-border-spacing-x: 0; --tw-border-spacing-y: 0; --tw-translate-x: 0; --tw-translate-y: 0; --tw-rotate: 0; --tw-skew-x: 0; --tw-skew-y: 0; --tw-scale-x: 1; --tw-scale-y: 1; --tw-scroll-snap-strictness: proximity; --tw-ring-offset-width: 0px; --tw-ring-offset-color: #fff; --tw-ring-color: rgba(59,130,246,.5); --tw-ring-offset-shadow: 0 0 #0000; --tw-ring-shadow: 0 0 #0000; --tw-shadow: 0 0 #0000; --tw-shadow-colored: 0 0 #0000; margin-top: 0.75rem; margin-bottom: 0.75rem; display: flex; flex-flow: wrap; align-items: flex-start; border: 0px solid #ededed;\">\n<div class=\"CollectionDetails-Item-Body\" style=\"--tw-border-spacing-x: 0; --tw-border-spacing-y: 0; --tw-translate-x: 0; --tw-translate-y: 0; --tw-rotate: 0; --tw-skew-x: 0; --tw-skew-y: 0; --tw-scale-x: 1; --tw-scale-y: 1; --tw-scroll-snap-strictness: proximity; --tw-ring-offset-width: 0px; --tw-ring-offset-color: #fff; --tw-ring-color: rgba(59,130,246,.5); --tw-ring-offset-shadow: 0 0 #0000; --tw-ring-shadow: 0 0 #0000; --tw-shadow: 0 0 #0000; --tw-shadow-colored: 0 0 #0000; font-family: Arial; font-size: 1rem; line-height: 1.5rem; --tw-text-opacity: 1; color: rgb(68 68 68\/var(--tw-text-opacity)); font-weight: 400; border: 0px solid #ededed;\">\n<div class=\"CollectionItem-MoreContent-Wrapper\" style=\"--tw-border-spacing-x: 0; --tw-border-spacing-y: 0; --tw-translate-x: 0; --tw-translate-y: 0; --tw-rotate: 0; --tw-skew-x: 0; --tw-skew-y: 0; --tw-scale-x: 1; --tw-scale-y: 1; --tw-scroll-snap-strictness: proximity; --tw-ring-offset-width: 0px; --tw-ring-offset-color: #fff; --tw-ring-color: rgba(59,130,246,.5); --tw-ring-offset-shadow: 0 0 #0000; --tw-ring-shadow: 0 0 #0000; --tw-shadow: 0 0 #0000; --tw-shadow-colored: 0 0 #0000; position: relative; border: 0px solid #ededed;\">&nbsp;<\/div>\n<\/div>\n<\/div>\n<\/div>\n<\/div>\t\t\t\t\t\t\t\t<\/div>\n\t\t\t\t\t<\/div>\n\t\t\t\t<\/div>\n\t\t<div data-particle_enable=\"false\" data-particle-mobile-disabled=\"false\" class=\"elementor-element elementor-element-6ce9afc e-flex e-con-boxed e-con e-parent\" data-id=\"6ce9afc\" data-element_type=\"container\" data-e-type=\"container\">\n\t\t\t\t\t<div class=\"e-con-inner\">\n\t\t\t\t<div class=\"elementor-element elementor-element-5dd3be9 elementor-widget elementor-widget-image\" data-id=\"5dd3be9\" data-element_type=\"widget\" data-e-type=\"widget\" data-widget_type=\"image.default\">\n\t\t\t\t\t\t\t\t\t\t\t\t\t\t\t<img loading=\"lazy\" decoding=\"async\" width=\"248\" height=\"1024\" src=\"https:\/\/soymigrante.com\/revista\/wp-content\/uploads\/2024\/11\/textiles-mayas-Universidad-Washington-6-248x1024.jpg\" class=\"attachment-large size-large wp-image-12065\" alt=\"Banda de telar tradicional colorida con patrones geom\u00e9tricos y flecos en los extremos.\" srcset=\"https:\/\/soymigrante.com\/revista\/wp-content\/uploads\/2024\/11\/textiles-mayas-Universidad-Washington-6-248x1024.jpg 248w, https:\/\/soymigrante.com\/revista\/wp-content\/uploads\/2024\/11\/textiles-mayas-Universidad-Washington-6-73x300.webp 73w, https:\/\/soymigrante.com\/revista\/wp-content\/uploads\/2024\/11\/textiles-mayas-Universidad-Washington-6-372x1536.jpg 372w\" sizes=\"(max-width: 248px) 100vw, 248px\" title=\"textiles mayas Universidad Washington 6 \u2013 SoyMigrante.com REVISTA\" \/>\t\t\t\t\t\t\t\t\t\t\t\t\t\t\t<\/div>\n\t\t\t\t\t<\/div>\n\t\t\t\t<\/div>\n\t\t<div data-particle_enable=\"false\" data-particle-mobile-disabled=\"false\" class=\"elementor-element elementor-element-4888d67 e-flex e-con-boxed e-con e-parent\" data-id=\"4888d67\" data-element_type=\"container\" data-e-type=\"container\">\n\t\t\t\t\t<div class=\"e-con-inner\">\n\t\t\t\t<div class=\"elementor-element elementor-element-8c484a4 elementor-widget elementor-widget-text-editor\" data-id=\"8c484a4\" data-element_type=\"widget\" data-e-type=\"widget\" data-widget_type=\"text-editor.default\">\n\t\t\t\t\t\t\t\t\t<p>Cintur\u00f3n masculino de algod\u00f3n tejidom con hilo rojo y detalles en colores que no siguen un patr\u00f3n cont\u00ednuo. Perteneciente a la etnia <a href=\"https:\/\/soymigrante.com\/revista\/pueblo-poqomam-los-nietos-de-la-luna-estan-presentes-en-4-territorios\/\">Poqomam<\/a> de Escuintla. Obsequiado a la Universidad por Matthew W. Stirling, eminente antrop\u00f3logo que estudi\u00f3 la cultura Olmeca en Mesoam\u00e9rica. Data de mediados del siglo XX. Stirling naci\u00f3 en 1896 y muri\u00f3 en 1975.<\/p><div style=\"--tw-border-spacing-x: 0; --tw-border-spacing-y: 0; --tw-translate-x: 0; --tw-translate-y: 0; --tw-rotate: 0; --tw-skew-x: 0; --tw-skew-y: 0; --tw-scale-x: 1; --tw-scale-y: 1; --tw-scroll-snap-strictness: proximity; --tw-ring-offset-width: 0px; --tw-ring-offset-color: #fff; --tw-ring-color: rgba(59,130,246,.5); --tw-ring-offset-shadow: 0 0 #0000; --tw-ring-shadow: 0 0 #0000; --tw-shadow: 0 0 #0000; --tw-shadow-colored: 0 0 #0000; color: rgba(0, 0, 0, 0.87); font-family: Lato, sans-serif; font-size: medium; font-style: normal; font-variant-ligatures: normal; font-variant-caps: normal; font-weight: 400; border: 0px solid #ededed;\"><div style=\"--tw-border-spacing-x: 0; --tw-border-spacing-y: 0; --tw-translate-x: 0; --tw-translate-y: 0; --tw-rotate: 0; --tw-skew-x: 0; --tw-skew-y: 0; --tw-scale-x: 1; --tw-scale-y: 1; --tw-scroll-snap-strictness: proximity; --tw-ring-offset-width: 0px; --tw-ring-offset-color: #fff; --tw-ring-color: rgba(59,130,246,.5); --tw-ring-offset-shadow: 0 0 #0000; --tw-ring-shadow: 0 0 #0000; --tw-shadow: 0 0 #0000; --tw-shadow-colored: 0 0 #0000; margin-top: 0.75rem; margin-bottom: 0.75rem; display: flex; flex-flow: wrap; align-items: flex-start; border: 0px solid #ededed;\">\u00a0<\/div><\/div>\t\t\t\t\t\t\t\t<\/div>\n\t\t\t\t\t<\/div>\n\t\t\t\t<\/div>\n\t\t<div data-particle_enable=\"false\" data-particle-mobile-disabled=\"false\" class=\"elementor-element elementor-element-1240108 e-flex e-con-boxed e-con e-parent\" data-id=\"1240108\" data-element_type=\"container\" data-e-type=\"container\">\n\t\t\t\t\t<div class=\"e-con-inner\">\n\t\t\t\t<div class=\"elementor-element elementor-element-418096f elementor-widget elementor-widget-image\" data-id=\"418096f\" data-element_type=\"widget\" data-e-type=\"widget\" data-widget_type=\"image.default\">\n\t\t\t\t\t\t\t\t\t\t\t\t\t\t\t<img loading=\"lazy\" decoding=\"async\" width=\"768\" height=\"629\" src=\"https:\/\/soymigrante.com\/revista\/wp-content\/uploads\/2024\/11\/textiles-mayas-Universidad-Washington-5-1024x839.jpg\" class=\"attachment-large size-large wp-image-12064\" alt=\"Colorido collar bordado tradicional mexicano, con flores y patrones vibrantes en fondo negro, representando cultura y artesan\u00eda ind\u00edgena.\" srcset=\"https:\/\/soymigrante.com\/revista\/wp-content\/uploads\/2024\/11\/textiles-mayas-Universidad-Washington-5-1024x839.jpg 1024w, https:\/\/soymigrante.com\/revista\/wp-content\/uploads\/2024\/11\/textiles-mayas-Universidad-Washington-5-300x246.webp 300w, https:\/\/soymigrante.com\/revista\/wp-content\/uploads\/2024\/11\/textiles-mayas-Universidad-Washington-5-768x629.jpg 768w, https:\/\/soymigrante.com\/revista\/wp-content\/uploads\/2024\/11\/textiles-mayas-Universidad-Washington-5-1536x1259.jpg 1536w, https:\/\/soymigrante.com\/revista\/wp-content\/uploads\/2024\/11\/textiles-mayas-Universidad-Washington-5-2048x1678.jpg 2048w, https:\/\/soymigrante.com\/revista\/wp-content\/uploads\/2024\/11\/textiles-mayas-Universidad-Washington-5-750x615.webp 750w, https:\/\/soymigrante.com\/revista\/wp-content\/uploads\/2024\/11\/textiles-mayas-Universidad-Washington-5-1140x934.jpg 1140w, https:\/\/soymigrante.com\/revista\/wp-content\/uploads\/2024\/11\/textiles-mayas-Universidad-Washington-5.webp 1920w\" sizes=\"(max-width: 768px) 100vw, 768px\" title=\"textiles mayas Universidad Washington 5 \u2013 SoyMigrante.com REVISTA\" \/>\t\t\t\t\t\t\t\t\t\t\t\t\t\t\t<\/div>\n\t\t\t\t\t<\/div>\n\t\t\t\t<\/div>\n\t\t<div data-particle_enable=\"false\" data-particle-mobile-disabled=\"false\" class=\"elementor-element elementor-element-cac6565 e-flex e-con-boxed e-con e-parent\" data-id=\"cac6565\" data-element_type=\"container\" data-e-type=\"container\">\n\t\t\t\t\t<div class=\"e-con-inner\">\n\t\t\t\t<div class=\"elementor-element elementor-element-a1909ff elementor-widget elementor-widget-text-editor\" data-id=\"a1909ff\" data-element_type=\"widget\" data-e-type=\"widget\" data-widget_type=\"text-editor.default\">\n\t\t\t\t\t\t\t\t\t<p>Collar bordado con hilo lustrina sobre tela de algod\u00f3n. Originario de San Marcos. Podr\u00eda ser el cuelo de una blusa o podr\u00eda utilizarse como ornamento. Data de la d\u00e9cada 1960.<\/p>\t\t\t\t\t\t\t\t<\/div>\n\t\t\t\t\t<\/div>\n\t\t\t\t<\/div>\n\t\t<div data-particle_enable=\"false\" data-particle-mobile-disabled=\"false\" class=\"elementor-element elementor-element-cb492dc e-flex e-con-boxed e-con e-parent\" data-id=\"cb492dc\" data-element_type=\"container\" data-e-type=\"container\">\n\t\t\t\t\t<div class=\"e-con-inner\">\n\t\t\t\t<div class=\"elementor-element elementor-element-3c58c12 elementor-widget elementor-widget-image\" data-id=\"3c58c12\" data-element_type=\"widget\" data-e-type=\"widget\" data-widget_type=\"image.default\">\n\t\t\t\t\t\t\t\t\t\t\t\t\t\t\t<img loading=\"lazy\" decoding=\"async\" width=\"768\" height=\"604\" src=\"https:\/\/soymigrante.com\/revista\/wp-content\/uploads\/2024\/11\/textiles-mayas-1024x805.jpg\" class=\"attachment-large size-large wp-image-12088\" alt=\"Abrigo negro de lana con capucha y dobladillo franjado, ideal para invierno. Modelo cl\u00e1sico y elegante, perfecto para complementar outfits casuales o formales en temporada fr\u00eda.\" srcset=\"https:\/\/soymigrante.com\/revista\/wp-content\/uploads\/2024\/11\/textiles-mayas-1024x805.jpg 1024w, https:\/\/soymigrante.com\/revista\/wp-content\/uploads\/2024\/11\/textiles-mayas-300x236.webp 300w, https:\/\/soymigrante.com\/revista\/wp-content\/uploads\/2024\/11\/textiles-mayas-768x603.jpg 768w, https:\/\/soymigrante.com\/revista\/wp-content\/uploads\/2024\/11\/textiles-mayas-1536x1207.jpg 1536w, https:\/\/soymigrante.com\/revista\/wp-content\/uploads\/2024\/11\/textiles-mayas-2048x1609.jpg 2048w, https:\/\/soymigrante.com\/revista\/wp-content\/uploads\/2024\/11\/textiles-mayas-750x589.webp 750w, https:\/\/soymigrante.com\/revista\/wp-content\/uploads\/2024\/11\/textiles-mayas-1140x896.jpg 1140w, https:\/\/soymigrante.com\/revista\/wp-content\/uploads\/2024\/11\/textiles-mayas.webp 1920w\" sizes=\"(max-width: 768px) 100vw, 768px\" title=\"textiles mayas \u2013 SoyMigrante.com REVISTA\" \/>\t\t\t\t\t\t\t\t\t\t\t\t\t\t\t<\/div>\n\t\t\t\t\t<\/div>\n\t\t\t\t<\/div>\n\t\t<div data-particle_enable=\"false\" data-particle-mobile-disabled=\"false\" class=\"elementor-element elementor-element-79e1dd6 e-flex e-con-boxed e-con e-parent\" data-id=\"79e1dd6\" data-element_type=\"container\" data-e-type=\"container\">\n\t\t\t\t\t<div class=\"e-con-inner\">\n\t\t\t\t<div class=\"elementor-element elementor-element-71fb5e0 elementor-widget elementor-widget-text-editor\" data-id=\"71fb5e0\" data-element_type=\"widget\" data-e-type=\"widget\" data-widget_type=\"text-editor.default\">\n\t\t\t\t\t\t\t\t\t<p><span style=\"color: rgb(68 68 68\/var(--tw-text-opacity)); font-size: 1rem; text-align: var(--text-align);\">Cap\u00edxay, prenda tradicional del var\u00f3n <a href=\"https:\/\/soymigrante.com\/revista\/el-pueblo-qanjobal-tiene-el-corazon-en-jolom-konob\/\">q&#8217;anjob&#8217;al.<\/a> Se utiliza como abrigo debido al fr\u00edo predominante de la regi\u00f3n. Proveniente de San Pedro Soloma, Huehuetenango. Tejido con lana de oveja negra. Data de la d\u00e9cada 1930\u00a0<\/span><\/p>\t\t\t\t\t\t\t\t<\/div>\n\t\t\t\t\t<\/div>\n\t\t\t\t<\/div>\n\t\t<div data-particle_enable=\"false\" data-particle-mobile-disabled=\"false\" class=\"elementor-element elementor-element-d1a27db e-flex e-con-boxed e-con e-parent\" data-id=\"d1a27db\" data-element_type=\"container\" data-e-type=\"container\">\n\t\t\t\t\t<div class=\"e-con-inner\">\n\t\t\t\t<div class=\"elementor-element elementor-element-1732983 elementor-widget elementor-widget-image\" data-id=\"1732983\" data-element_type=\"widget\" data-e-type=\"widget\" data-widget_type=\"image.default\">\n\t\t\t\t\t\t\t\t\t\t\t\t\t\t\t<img loading=\"lazy\" decoding=\"async\" width=\"768\" height=\"892\" src=\"https:\/\/soymigrante.com\/revista\/wp-content\/uploads\/2024\/11\/tzute-chicaj.webp\" class=\"attachment-large size-large wp-image-12091\" alt=\"Colorido tapiz tradicional con bordados en tonos rojos, verdes, y dorados, resaltando la artesan\u00eda y cultura ind\u00edgena mexicana.\" srcset=\"https:\/\/soymigrante.com\/revista\/wp-content\/uploads\/2024\/11\/tzute-chicaj.webp 772w, https:\/\/soymigrante.com\/revista\/wp-content\/uploads\/2024\/11\/tzute-chicaj-258x300.webp 258w, https:\/\/soymigrante.com\/revista\/wp-content\/uploads\/2024\/11\/tzute-chicaj-768x892.jpg 768w, https:\/\/soymigrante.com\/revista\/wp-content\/uploads\/2024\/11\/tzute-chicaj-750x871.webp 750w\" sizes=\"(max-width: 768px) 100vw, 768px\" title=\"tzute chicaj \u2013 SoyMigrante.com REVISTA\" \/>\t\t\t\t\t\t\t\t\t\t\t\t\t\t\t<\/div>\n\t\t\t\t\t<\/div>\n\t\t\t\t<\/div>\n\t\t<div data-particle_enable=\"false\" data-particle-mobile-disabled=\"false\" class=\"elementor-element elementor-element-0233c41 e-flex e-con-boxed e-con e-parent\" data-id=\"0233c41\" data-element_type=\"container\" data-e-type=\"container\">\n\t\t\t\t\t<div class=\"e-con-inner\">\n\t\t\t\t<div class=\"elementor-element elementor-element-6cd8bc3 elementor-widget elementor-widget-text-editor\" data-id=\"6cd8bc3\" data-element_type=\"widget\" data-e-type=\"widget\" data-widget_type=\"text-editor.default\">\n\t\t\t\t\t\t\t\t\t<p>Tzut de San Miguel Chicaj, Baja Verapaz. Esta prenda de algod\u00f3n y lana es utilizada por varones durante rituales o ceremonias. Este tejido es de origen <a href=\"https:\/\/soymigrante.com\/revista\/etnias-de-guatemala-los-achi\/\">maya Ach\u00ed<\/a>. Fue donado por el antrop\u00f3logo Pal Kelemen al Museo. Data de 1940.<\/p>\t\t\t\t\t\t\t\t<\/div>\n\t\t\t\t\t<\/div>\n\t\t\t\t<\/div>\n\t\t<div data-particle_enable=\"false\" data-particle-mobile-disabled=\"false\" class=\"elementor-element elementor-element-d18a25b e-flex e-con-boxed e-con e-parent\" data-id=\"d18a25b\" data-element_type=\"container\" data-e-type=\"container\">\n\t\t\t\t\t<div class=\"e-con-inner\">\n\t\t\t\t<div class=\"elementor-element elementor-element-5bcdecf elementor-widget elementor-widget-image\" data-id=\"5bcdecf\" data-element_type=\"widget\" data-e-type=\"widget\" data-widget_type=\"image.default\">\n\t\t\t\t\t\t\t\t\t\t\t\t\t\t\t<img loading=\"lazy\" decoding=\"async\" width=\"768\" height=\"573\" src=\"https:\/\/soymigrante.com\/revista\/wp-content\/uploads\/2024\/11\/cinta-cabello-retalhuleu-1024x764.jpg\" class=\"attachment-large size-large wp-image-12090\" alt=\"Vara de salido tradicional mexicana, color rojo con cinta y flecos morados, s\u00edmbolo de cultura y festividad, perfecta para celebraciones y eventos folcl\u00f3ricos mexicanos.\" srcset=\"https:\/\/soymigrante.com\/revista\/wp-content\/uploads\/2024\/11\/cinta-cabello-retalhuleu-1024x764.jpg 1024w, https:\/\/soymigrante.com\/revista\/wp-content\/uploads\/2024\/11\/cinta-cabello-retalhuleu-300x224.webp 300w, https:\/\/soymigrante.com\/revista\/wp-content\/uploads\/2024\/11\/cinta-cabello-retalhuleu-768x573.jpg 768w, https:\/\/soymigrante.com\/revista\/wp-content\/uploads\/2024\/11\/cinta-cabello-retalhuleu-1536x1145.jpg 1536w, https:\/\/soymigrante.com\/revista\/wp-content\/uploads\/2024\/11\/cinta-cabello-retalhuleu-2048x1527.jpg 2048w, https:\/\/soymigrante.com\/revista\/wp-content\/uploads\/2024\/11\/cinta-cabello-retalhuleu-750x559.webp 750w, https:\/\/soymigrante.com\/revista\/wp-content\/uploads\/2024\/11\/cinta-cabello-retalhuleu-1140x850.jpg 1140w, https:\/\/soymigrante.com\/revista\/wp-content\/uploads\/2024\/11\/cinta-cabello-retalhuleu.webp 1920w\" sizes=\"(max-width: 768px) 100vw, 768px\" title=\"cinta cabello retalhuleu \u2013 SoyMigrante.com REVISTA\" \/>\t\t\t\t\t\t\t\t\t\t\t\t\t\t\t<\/div>\n\t\t\t\t<div class=\"elementor-element elementor-element-ec147d2 elementor-widget elementor-widget-text-editor\" data-id=\"ec147d2\" data-element_type=\"widget\" data-e-type=\"widget\" data-widget_type=\"text-editor.default\">\n\t\t\t\t\t\t\t\t\t<p>Cinta femenina para el cabello bordada y con dos colas. Pertenece a la indumentaria <a href=\"https:\/\/soymigrante.com\/revista\/el-pueblo-kiche-es-heredero-y-continuador-de-la-tradicion-del-popol-vuh\/\">K&#8217;iche<\/a>&#8216; de San Sebasti\u00e1n Retalhuleu.\u00a0 Elaborada con lana y seda. Adquirida por el museo con recursos del Fondo para Investigaci\u00f3n latinoamericana. Data de la d\u00e9cada 1920 a 1930 aproximadamente.\u00a0<\/p>\t\t\t\t\t\t\t\t<\/div>\n\t\t\t\t\t<\/div>\n\t\t\t\t<\/div>\n\t\t<div data-particle_enable=\"false\" data-particle-mobile-disabled=\"false\" class=\"elementor-element elementor-element-662eb0b e-flex e-con-boxed e-con e-parent\" data-id=\"662eb0b\" data-element_type=\"container\" data-e-type=\"container\">\n\t\t\t\t\t<div class=\"e-con-inner\">\n\t\t\t\t<div class=\"elementor-element elementor-element-23a5fc5 elementor-align-center elementor-widget elementor-widget-button\" data-id=\"23a5fc5\" data-element_type=\"widget\" data-e-type=\"widget\" data-widget_type=\"button.default\">\n\t\t\t\t\t\t\t\t\t\t<a class=\"elementor-button elementor-button-link elementor-size-sm\" href=\"https:\/\/collections-gwu.zetcom.net\/en\/collection\/?ff=%7B%7D&#038;idx=&#038;l=18&#038;o=0&#038;om=83&#038;q=Guatemala&#038;s=title_en_sml%20asc&#038;scope=&#038;v=2\">\n\t\t\t\t\t\t<span class=\"elementor-button-content-wrapper\">\n\t\t\t\t\t\t\t\t\t<span class=\"elementor-button-text\">Si desea ver m\u00e1s piezas de textiles e indumentaria maya resguardadas en el Museo de la Universidad George Washington. CLIC AQUI <\/span>\n\t\t\t\t\t<\/span>\n\t\t\t\t\t<\/a>\n\t\t\t\t\t\t\t\t<\/div>\n\t\t\t\t\t<\/div>\n\t\t\t\t<\/div>\n\t\t<div data-particle_enable=\"false\" data-particle-mobile-disabled=\"false\" class=\"elementor-element elementor-element-7e23dd5 e-flex e-con-boxed e-con e-parent\" data-id=\"7e23dd5\" data-element_type=\"container\" data-e-type=\"container\">\n\t\t\t\t\t<div class=\"e-con-inner\">\n\t\t\t\t<div class=\"elementor-element elementor-element-5c3a22d elementor-widget elementor-widget-heading\" data-id=\"5c3a22d\" data-element_type=\"widget\" data-e-type=\"widget\" data-widget_type=\"heading.default\">\n\t\t\t\t\t<h2 class=\"elementor-heading-title elementor-size-default\">Guatemala es un tesoro de riquezas culturales<\/h2>\t\t\t\t<\/div>\n\t\t\t\t\t<\/div>\n\t\t\t\t<\/div>\n\t\t<div data-particle_enable=\"false\" data-particle-mobile-disabled=\"false\" class=\"elementor-element elementor-element-a55b0a9 e-flex e-con-boxed e-con e-parent\" data-id=\"a55b0a9\" data-element_type=\"container\" data-e-type=\"container\">\n\t\t\t\t\t<div class=\"e-con-inner\">\n\t\t\t\t<div class=\"elementor-element elementor-element-7794755 elementor-grid-eael-col-3 elementor-grid-tablet-eael-col-2 elementor-grid-mobile-eael-col-1 elementor-widget elementor-widget-eael-post-grid\" data-id=\"7794755\" data-element_type=\"widget\" data-e-type=\"widget\" data-settings=\"{&quot;eael_post_grid_columns&quot;:&quot;eael-col-3&quot;,&quot;eael_post_grid_columns_tablet&quot;:&quot;eael-col-2&quot;,&quot;eael_post_grid_columns_mobile&quot;:&quot;eael-col-1&quot;}\" data-widget_type=\"eael-post-grid.default\">\n\t\t\t\t\t<div id=\"eael-post-grid-7794755\" class=\"eael-post-grid-container\">\n            <div class=\"eael-post-grid eael-post-appender eael-post-appender-7794755 eael-post-grid-style-one\" data-layout-mode=\"masonry\"><article class=\"eael-grid-post  eael-post-grid-column eael-pg-post-9006 category-pueblos-de-guatemala\" data-id=\"9006\">\n        <div class=\"eael-grid-post-holder\">\n            <div class=\"eael-grid-post-holder-inner\"><div class=\"eael-entry-media\"><div class=\"eael-entry-overlay fade-in\"><i class=\"far fa-hand-pointer\" aria-hidden=\"true\"><\/i><a href=\"https:\/\/soymigrante.com\/revista\/tzunun-tzii-es-el-nombre-prehispanico-del-pueblo-uspanteko-y-su-nahual-es-un-colibri\/\"><\/a><\/div><div class=\"eael-entry-thumbnail \">\n                <img loading=\"lazy\" decoding=\"async\" width=\"1024\" height=\"1024\" src=\"https:\/\/soymigrante.com\/revista\/wp-content\/uploads\/2024\/09\/uspanteko-1024x1024.webp\" class=\"attachment-large size-large wp-image-9460\" alt=\"Princesas del pueblo Uspanteko, foto Muni Uspantan\" srcset=\"https:\/\/soymigrante.com\/revista\/wp-content\/uploads\/2024\/09\/uspanteko-1024x1024.webp 1024w, https:\/\/soymigrante.com\/revista\/wp-content\/uploads\/2024\/09\/uspanteko-300x300.webp 300w, https:\/\/soymigrante.com\/revista\/wp-content\/uploads\/2024\/09\/uspanteko-150x150.webp 150w, https:\/\/soymigrante.com\/revista\/wp-content\/uploads\/2024\/09\/uspanteko-768x768.webp 768w, https:\/\/soymigrante.com\/revista\/wp-content\/uploads\/2024\/09\/uspanteko-75x75.webp 75w, https:\/\/soymigrante.com\/revista\/wp-content\/uploads\/2024\/09\/uspanteko-750x750.webp 750w, https:\/\/soymigrante.com\/revista\/wp-content\/uploads\/2024\/09\/uspanteko-1140x1140.webp 1140w, https:\/\/soymigrante.com\/revista\/wp-content\/uploads\/2024\/09\/uspanteko.webp 1401w\" sizes=\"(max-width: 1024px) 100vw, 1024px\" \/>\n            <\/div>\n        <\/div><div class=\"eael-entry-wrapper\"><header class=\"eael-entry-header\"><h2 class=\"eael-entry-title\"><a class=\"eael-grid-post-link\" href=\"https:\/\/soymigrante.com\/revista\/tzunun-tzii-es-el-nombre-prehispanico-del-pueblo-uspanteko-y-su-nahual-es-un-colibri\/\" title=\"Tz&#8217;unun Tziij es el nombre prehisp\u00e1nico del pueblo Uspanteko y su nahual es un colibr\u00ed\">Tz&#8217;unun Tziij es el nombre prehisp\u00e1nico del pueblo Uspanteko y su nahual es un colibr\u00ed<\/a><\/h2><\/header><div class=\"eael-entry-content\">\n                        <div class=\"eael-grid-post-excerpt\"><a href=\"https:\/\/soymigrante.com\/revista\/tzunun-tzii-es-el-nombre-prehispanico-del-pueblo-uspanteko-y-su-nahual-es-un-colibri\/\" class=\"eael-post-elements-readmore-btn\">CONOCE SU HISTORIA <\/a><\/div>\n                    <\/div><\/div><\/div>\n        <\/div>\n    <\/article><article class=\"eael-grid-post  eael-post-grid-column eael-pg-post-44439 category-guate-nuestra-pueblos-de-guatemala\" data-id=\"44439\">\n        <div class=\"eael-grid-post-holder\">\n            <div class=\"eael-grid-post-holder-inner\"><div class=\"eael-entry-media\"><div class=\"eael-entry-overlay fade-in\"><i class=\"far fa-hand-pointer\" aria-hidden=\"true\"><\/i><a href=\"https:\/\/soymigrante.com\/revista\/san-juan-comalapa-la-cuna-del-arte-popular-en-guatemala\/\"><\/a><\/div><div class=\"eael-entry-thumbnail \">\n                <img loading=\"lazy\" decoding=\"async\" width=\"674\" height=\"674\" src=\"https:\/\/soymigrante.com\/revista\/wp-content\/uploads\/2025\/09\/San-Juan-Comalapa-5-e1757615970442.jpg\" class=\"attachment-large size-large wp-image-44440\" alt=\"San Juan Comalapa, la cuna del arte en Guatemala\" srcset=\"https:\/\/soymigrante.com\/revista\/wp-content\/uploads\/2025\/09\/San-Juan-Comalapa-5-e1757615970442.jpg 674w, https:\/\/soymigrante.com\/revista\/wp-content\/uploads\/2025\/09\/San-Juan-Comalapa-5-e1757615970442-300x300.jpg 300w, https:\/\/soymigrante.com\/revista\/wp-content\/uploads\/2025\/09\/San-Juan-Comalapa-5-e1757615970442-150x150.jpg 150w, https:\/\/soymigrante.com\/revista\/wp-content\/uploads\/2025\/09\/San-Juan-Comalapa-5-e1757615970442-75x75.jpg 75w\" sizes=\"(max-width: 674px) 100vw, 674px\" \/>\n            <\/div>\n        <\/div><div class=\"eael-entry-wrapper\"><header class=\"eael-entry-header\"><h2 class=\"eael-entry-title\"><a class=\"eael-grid-post-link\" href=\"https:\/\/soymigrante.com\/revista\/san-juan-comalapa-la-cuna-del-arte-popular-en-guatemala\/\" title=\"San Juan Comalapa, la cuna del arte popular en Guatemala\">San Juan Comalapa, la cuna del arte popular en Guatemala<\/a><\/h2><\/header><div class=\"eael-entry-content\">\n                        <div class=\"eael-grid-post-excerpt\"><a href=\"https:\/\/soymigrante.com\/revista\/san-juan-comalapa-la-cuna-del-arte-popular-en-guatemala\/\" class=\"eael-post-elements-readmore-btn\">CONOCE SU HISTORIA <\/a><\/div>\n                    <\/div><\/div><\/div>\n        <\/div>\n    <\/article><article class=\"eael-grid-post  eael-post-grid-column eael-pg-post-24000 category-pueblos-de-guatemala\" data-id=\"24000\">\n        <div class=\"eael-grid-post-holder\">\n            <div class=\"eael-grid-post-holder-inner\"><div class=\"eael-entry-media\"><div class=\"eael-entry-overlay fade-in\"><i class=\"far fa-hand-pointer\" aria-hidden=\"true\"><\/i><a href=\"https:\/\/soymigrante.com\/revista\/pueblo-kubul-vive-en-cubulco-baja-verapaz-y-busca-ser-reconocido-como-el-idioma-maya-23\/\"><\/a><\/div><div class=\"eael-entry-thumbnail \">\n                <img loading=\"lazy\" decoding=\"async\" width=\"589\" height=\"589\" src=\"https:\/\/soymigrante.com\/revista\/wp-content\/uploads\/2025\/02\/pueblo-kubul-idioma-maya-1.webp\" class=\"attachment-large size-large wp-image-24002\" alt=\"J\u00f3venes con traje t\u00edpico ind\u00edgena en un evento cultural en un ambiente urbano, destacando la identidad y tradici\u00f3n mexicana, promoviendo orgullo cultural y diversidad en la comunidad.\" srcset=\"https:\/\/soymigrante.com\/revista\/wp-content\/uploads\/2025\/02\/pueblo-kubul-idioma-maya-1.webp 589w, https:\/\/soymigrante.com\/revista\/wp-content\/uploads\/2025\/02\/pueblo-kubul-idioma-maya-1-300x300.jpg 300w, https:\/\/soymigrante.com\/revista\/wp-content\/uploads\/2025\/02\/pueblo-kubul-idioma-maya-1-150x150.jpg 150w, https:\/\/soymigrante.com\/revista\/wp-content\/uploads\/2025\/02\/pueblo-kubul-idioma-maya-1-75x75.webp 75w\" sizes=\"(max-width: 589px) 100vw, 589px\" \/>\n            <\/div>\n        <\/div><div class=\"eael-entry-wrapper\"><header class=\"eael-entry-header\"><h2 class=\"eael-entry-title\"><a class=\"eael-grid-post-link\" href=\"https:\/\/soymigrante.com\/revista\/pueblo-kubul-vive-en-cubulco-baja-verapaz-y-busca-ser-reconocido-como-el-idioma-maya-23\/\" title=\"Pueblo K&#8217;ub&#8217;ul vive en Cubulco, Baja Verapaz y busca ser reconocido como el idioma maya 23\">Pueblo K&#8217;ub&#8217;ul vive en Cubulco, Baja Verapaz y busca ser reconocido como el idioma maya 23<\/a><\/h2><\/header><div class=\"eael-entry-content\">\n                        <div class=\"eael-grid-post-excerpt\"><a href=\"https:\/\/soymigrante.com\/revista\/pueblo-kubul-vive-en-cubulco-baja-verapaz-y-busca-ser-reconocido-como-el-idioma-maya-23\/\" class=\"eael-post-elements-readmore-btn\">CONOCE SU HISTORIA <\/a><\/div>\n                    <\/div><\/div><\/div>\n        <\/div>\n    <\/article><\/div>\n            <div class=\"clearfix\"><\/div>\n        <\/div>            <div class=\"eael-load-more-button-wrap eael-force-hide\">\n                <button class=\"eael-load-more-button\" id=\"eael-load-more-btn-7794755\" data-widget-id=\"7794755\" data-widget=\"7794755\" data-page-id=\"11947\" data-template=\"{&quot;dir&quot;:&quot;lite&quot;,&quot;file_name&quot;:&quot;one.php&quot;,&quot;name&quot;:&quot;Post-Grid&quot;}\" data-class=\"Essential_Addons_Elementor\\Elements\\Post_Grid\" data-layout=\"masonry\" data-page=\"1\" data-args=\"orderby=menu_order&amp;order=asc&amp;ignore_sticky_posts=1&amp;post_status=publish&amp;posts_per_page=3&amp;offset=0&amp;post_type=post&amp;tax_query%5B0%5D%5Btaxonomy%5D=category&amp;tax_query%5B0%5D%5Bfield%5D=term_id&amp;tax_query%5B0%5D%5Bterms%5D%5B0%5D=125&amp;tax_query%5Brelation%5D=AND\" data-max-page=\"9\">\n                    <span class=\"eael-btn-loader button__loader\"><\/span>\n                    <span class=\"eael_load_more_text\">Load More<\/span>\n                <\/button>\n            <\/div>\n            \t\t\t\t<\/div>\n\t\t\t\t\t<\/div>\n\t\t\t\t<\/div>\n\t\t\t\t<\/div>\n\t\t","protected":false},"excerpt":{"rendered":"<p>En el Museo Textil de la Universidad George Washington, en la capital estadounidense, se resguarda una colecci\u00f3n de m\u00e1s de 1400 piezas de indumentaria maya, de diversas regiones y etnias mayas de Guatemala. Este es un peque\u00f1o vistazo. La simb\u00f3log\u00eda y los c\u00f3digos del arte textil maya provienen de una herencia anestral y esta es [&hellip;]<\/p>\n","protected":false},"author":7,"featured_media":12098,"comment_status":"open","ping_status":"open","sticky":false,"template":"","format":"standard","meta":{"_acf_changed":false,"_eb_attr":"","footnotes":""},"categories":[58],"tags":[134],"class_list":["post-11947","post","type-post","status-publish","format-standard","has-post-thumbnail","hentry","category-guate-nuestra","tag-joyas-mayas-migrantes"],"acf":[],"aioseo_notices":[],"aioseo_head":"\n\t\t<!-- All in One SEO Pro 4.9.6.2 - aioseo.com -->\n\t<meta name=\"description\" content=\"Hace m\u00e1s de 800 a\u00f1os los K&#039;ub&#039;ul se separaron de los k&#039;iche&#039; y llegaron hasta el actual \u00e1rea de Cubulco, Baja Verapaz. Buscan ser reconocidos como idioma maya\" \/>\n\t<meta name=\"robots\" content=\"max-snippet:-1, max-image-preview:large, max-video-preview:-1\" \/>\n\t<meta name=\"author\" content=\"Gustavo Montenegro\"\/>\n\t<link rel=\"canonical\" href=\"https:\/\/soymigrante.com\/revista\/pueblo-kubul-vive-en-cubulco-baja-verapaz-y-busca-ser-reconocido-como-el-idioma-maya-23\/\" \/>\n\t<meta name=\"generator\" content=\"All in One SEO Pro (AIOSEO) 4.9.6.2\" \/>\n\n\t\t<link rel=\"preconnect\" href=\"https:\/\/fonts.googleapis.com\" crossorigin>\n<link rel=\"preconnect\" href=\"https:\/\/fonts.gstatic.com\" crossorigin>\n\t\t<meta property=\"og:locale\" content=\"es_ES\" \/>\n\t\t<meta property=\"og:site_name\" content=\"SoyMigrante.com REVISTA \u2013 Nuestra misi\u00f3n es reconocer y dignificar al migrante.\" \/>\n\t\t<meta property=\"og:type\" content=\"article\" \/>\n\t\t<meta property=\"og:title\" content=\"Pueblo K&#039;ub&#039;ul busca ser reconocido como el 23o. idioma maya\" \/>\n\t\t<meta property=\"og:description\" content=\"Hace m\u00e1s de 800 a\u00f1os los K&#039;ub&#039;ul se separaron de los k&#039;iche&#039; y llegaron hasta el actual \u00e1rea de Cubulco, Baja Verapaz. Buscan ser reconocidos como idioma maya\" \/>\n\t\t<meta property=\"og:url\" content=\"https:\/\/soymigrante.com\/revista\/pueblo-kubul-vive-en-cubulco-baja-verapaz-y-busca-ser-reconocido-como-el-idioma-maya-23\/\" \/>\n\t\t<meta property=\"og:image\" content=\"https:\/\/soymigrante.com\/revista\/wp-content\/uploads\/2025\/02\/pueblo-kubul-idioma-maya-1.webp\" \/>\n\t\t<meta property=\"og:image:secure_url\" content=\"https:\/\/soymigrante.com\/revista\/wp-content\/uploads\/2025\/02\/pueblo-kubul-idioma-maya-1.webp\" \/>\n\t\t<meta property=\"og:image:width\" content=\"589\" \/>\n\t\t<meta property=\"og:image:height\" content=\"589\" \/>\n\t\t<meta property=\"article:published_time\" content=\"2025-02-05T17:20:00+00:00\" \/>\n\t\t<meta property=\"article:modified_time\" content=\"2025-03-10T22:27:40+00:00\" \/>\n\t\t<meta property=\"article:publisher\" content=\"https:\/\/www.facebook.com\/soymigrantecom\" \/>\n\t\t<meta name=\"twitter:card\" content=\"summary_large_image\" \/>\n\t\t<meta name=\"twitter:site\" content=\"@SoyMigrante_com\" \/>\n\t\t<meta name=\"twitter:title\" content=\"Pueblo K&#039;ub&#039;ul busca ser reconocido como el 23o. idioma maya\" \/>\n\t\t<meta name=\"twitter:description\" content=\"Hace m\u00e1s de 800 a\u00f1os los K&#039;ub&#039;ul se separaron de los k&#039;iche&#039; y llegaron hasta el actual \u00e1rea de Cubulco, Baja Verapaz. Buscan ser reconocidos como idioma maya\" \/>\n\t\t<meta name=\"twitter:creator\" content=\"@SoyMigrante_com\" \/>\n\t\t<meta name=\"twitter:image\" content=\"https:\/\/soymigrante.com\/revista\/wp-content\/uploads\/2025\/02\/pueblo-kubul-idioma-maya-1.webp\" \/>\n\t\t<!-- All in One SEO Pro -->\r\n\t\t<title>Pueblo K'ub'ul busca ser reconocido como el 23o. idioma maya<\/title>\n\n","aioseo_head_json":{"title":"Pueblo K'ub'ul busca ser reconocido como el 23o. idioma maya","description":"Hace m\u00e1s de 800 a\u00f1os los K'ub'ul se separaron de los k'iche' y llegaron hasta el actual \u00e1rea de Cubulco, Baja Verapaz. Buscan ser reconocidos como idioma maya","canonical_url":"https:\/\/soymigrante.com\/revista\/pueblo-kubul-vive-en-cubulco-baja-verapaz-y-busca-ser-reconocido-como-el-idioma-maya-23\/","robots":"max-snippet:-1, max-image-preview:large, max-video-preview:-1","keywords":"","webmasterTools":{"miscellaneous":"&lt;link rel=\"preconnect\" href=\"https:\/\/fonts.googleapis.com\" crossorigin&gt;\n&lt;link rel=\"preconnect\" href=\"https:\/\/fonts.gstatic.com\" crossorigin&gt;"},"schema":null,"og:locale":"es_ES","og:site_name":"SoyMigrante.com REVISTA \u2013 Nuestra misi\u00f3n es reconocer y dignificar al migrante.","og:type":"article","og:title":"Pueblo K'ub'ul busca ser reconocido como el 23o. idioma maya","og:description":"Hace m\u00e1s de 800 a\u00f1os los K'ub'ul se separaron de los k'iche' y llegaron hasta el actual \u00e1rea de Cubulco, Baja Verapaz. Buscan ser reconocidos como idioma maya","og:url":"https:\/\/soymigrante.com\/revista\/pueblo-kubul-vive-en-cubulco-baja-verapaz-y-busca-ser-reconocido-como-el-idioma-maya-23\/","og:image":"https:\/\/soymigrante.com\/revista\/wp-content\/uploads\/2025\/02\/pueblo-kubul-idioma-maya-1.webp","og:image:secure_url":"https:\/\/soymigrante.com\/revista\/wp-content\/uploads\/2025\/02\/pueblo-kubul-idioma-maya-1.webp","og:image:width":589,"og:image:height":589,"article:published_time":"2025-02-05T17:20:00+00:00","article:modified_time":"2025-03-10T22:27:40+00:00","article:publisher":"https:\/\/www.facebook.com\/soymigrantecom","twitter:card":"summary_large_image","twitter:site":"@SoyMigrante_com","twitter:title":"Pueblo K'ub'ul busca ser reconocido como el 23o. idioma maya","twitter:description":"Hace m\u00e1s de 800 a\u00f1os los K'ub'ul se separaron de los k'iche' y llegaron hasta el actual \u00e1rea de Cubulco, Baja Verapaz. Buscan ser reconocidos como idioma maya","twitter:creator":"@SoyMigrante_com","twitter:image":"https:\/\/soymigrante.com\/revista\/wp-content\/uploads\/2025\/02\/pueblo-kubul-idioma-maya-1.webp"},"aioseo_meta_data":{"post_id":"11947","title":"Joyas mayas migrantes: textiles guatemaltecos en Washington DC","description":"Piezas de indumentaria maya guatemalteca cuyo valor radica en su antig\u00fcedad,. Se resguardan en la Universidad George Washington, en la capital de EE.UU.","keywords":null,"keyphrases":{"focus":{"keyphrase":"Textiles mayas","score":46,"analysis":{"keyphraseInTitle":{"score":3,"maxScore":9,"error":1},"keyphraseInDescription":{"score":3,"maxScore":9,"error":1},"keyphraseLength":{"score":9,"maxScore":9,"error":0,"length":2},"keyphraseInURL":{"score":1,"maxScore":5,"error":1},"keyphraseInIntroduction":{"score":3,"maxScore":9,"error":1},"keyphraseInSubHeadings":{"score":3,"maxScore":9,"error":1},"keyphraseInImageAlt":{"score":9,"maxScore":9,"error":0},"keywordDensity":{"score":0,"type":"low","maxScore":9,"error":1}}},"additional":[{"keyphrase":"Textiles guatemaltecos","score":40,"analysis":{"keyphraseInDescription":{"score":3,"maxScore":9,"error":1},"keyphraseLength":{"score":9,"maxScore":9,"error":0,"length":2},"keyphraseInIntroduction":{"score":3,"maxScore":9,"error":1},"keyphraseInImageAlt":{"score":3,"maxScore":9,"error":1},"keywordDensity":{"score":0,"type":"low","maxScore":9,"error":1}}},{"keyphrase":"Guatemala","score":73,"analysis":{"keyphraseInDescription":{"score":3,"maxScore":9,"error":1},"keyphraseLength":{"score":9,"maxScore":9,"error":0,"length":1},"keyphraseInIntroduction":{"score":9,"maxScore":9,"error":0},"keyphraseInImageAlt":{"score":3,"maxScore":9,"error":1},"keywordDensity":{"type":"best","score":9,"maxScore":9,"error":0}}},{"keyphrase":"Joyas mayas","score":40,"analysis":{"keyphraseInDescription":{"score":3,"maxScore":9,"error":1},"keyphraseLength":{"score":9,"maxScore":9,"error":0,"length":2},"keyphraseInIntroduction":{"score":3,"maxScore":9,"error":1},"keyphraseInImageAlt":{"score":3,"maxScore":9,"error":1},"keywordDensity":{"score":0,"type":"low","maxScore":9,"error":1}}}]},"primary_term":null,"canonical_url":null,"og_title":null,"og_description":null,"og_object_type":"default","og_image_type":"default","og_image_url":null,"og_image_width":null,"og_image_height":null,"og_image_custom_url":null,"og_image_custom_fields":null,"og_video":"","og_custom_url":null,"og_article_section":null,"og_article_tags":null,"twitter_use_og":false,"twitter_card":"default","twitter_image_type":"default","twitter_image_url":null,"twitter_image_custom_url":null,"twitter_image_custom_fields":null,"twitter_title":null,"twitter_description":null,"schema":{"blockGraphs":[],"customGraphs":[],"default":{"data":{"Article":[],"Course":[],"Dataset":[],"FAQPage":[],"Movie":[],"Person":[],"Product":[],"ProductReview":[],"Car":[],"Recipe":[],"Service":[],"SoftwareApplication":[],"WebPage":[]},"graphName":"Article","isEnabled":true},"graphs":[]},"schema_type":"default","schema_type_options":null,"pillar_content":false,"robots_default":true,"robots_noindex":false,"robots_noarchive":false,"robots_nosnippet":false,"robots_nofollow":false,"robots_noimageindex":false,"robots_noodp":false,"robots_notranslate":false,"robots_max_snippet":"-1","robots_max_videopreview":"-1","robots_max_imagepreview":"large","priority":null,"frequency":"default","local_seo":null,"seo_analyzer_scan_date":"2025-10-09 00:00:12","breadcrumb_settings":null,"limit_modified_date":false,"reviewed_by":null,"open_ai":"{\"title\":{\"suggestions\":[],\"usage\":0},\"description\":{\"suggestions\":[],\"usage\":0}}","ai":null,"created":"2024-11-04 16:50:21","updated":"2026-02-04 15:42:36"},"aioseo_breadcrumb":"<div class=\"aioseo-breadcrumbs\"><span class=\"aioseo-breadcrumb\">\n\t<a href=\"https:\/\/soymigrante.com\/revista\" title=\"Home\">Home<\/a>\n<\/span><span class=\"aioseo-breadcrumb-separator\">\u00bb<\/span><span class=\"aioseo-breadcrumb\">\n\t<a href=\"https:\/\/soymigrante.com\/revista\/category\/guate-nuestra\/\" title=\"Guate Nuestra\">Guate Nuestra<\/a>\n<\/span><span class=\"aioseo-breadcrumb-separator\">\u00bb<\/span><span class=\"aioseo-breadcrumb\">\n\tJoyas mayas migrantes: textiles guatemaltecos en la Universidad George Washington\n<\/span><\/div>","aioseo_breadcrumb_json":[{"label":"Home","link":"https:\/\/soymigrante.com\/revista"},{"label":"Guate Nuestra","link":"https:\/\/soymigrante.com\/revista\/category\/guate-nuestra\/"},{"label":"Joyas mayas migrantes: textiles guatemaltecos en la Universidad George Washington","link":"https:\/\/soymigrante.com\/revista\/codice-joyas-mayas-migrantes-textiles-washington\/"}],"_links":{"self":[{"href":"https:\/\/soymigrante.com\/revista\/wp-json\/wp\/v2\/posts\/11947","targetHints":{"allow":["GET"]}}],"collection":[{"href":"https:\/\/soymigrante.com\/revista\/wp-json\/wp\/v2\/posts"}],"about":[{"href":"https:\/\/soymigrante.com\/revista\/wp-json\/wp\/v2\/types\/post"}],"author":[{"embeddable":true,"href":"https:\/\/soymigrante.com\/revista\/wp-json\/wp\/v2\/users\/7"}],"replies":[{"embeddable":true,"href":"https:\/\/soymigrante.com\/revista\/wp-json\/wp\/v2\/comments?post=11947"}],"version-history":[{"count":12,"href":"https:\/\/soymigrante.com\/revista\/wp-json\/wp\/v2\/posts\/11947\/revisions"}],"predecessor-version":[{"id":33865,"href":"https:\/\/soymigrante.com\/revista\/wp-json\/wp\/v2\/posts\/11947\/revisions\/33865"}],"wp:featuredmedia":[{"embeddable":true,"href":"https:\/\/soymigrante.com\/revista\/wp-json\/wp\/v2\/media\/12098"}],"wp:attachment":[{"href":"https:\/\/soymigrante.com\/revista\/wp-json\/wp\/v2\/media?parent=11947"}],"wp:term":[{"taxonomy":"category","embeddable":true,"href":"https:\/\/soymigrante.com\/revista\/wp-json\/wp\/v2\/categories?post=11947"},{"taxonomy":"post_tag","embeddable":true,"href":"https:\/\/soymigrante.com\/revista\/wp-json\/wp\/v2\/tags?post=11947"}],"curies":[{"name":"wp","href":"https:\/\/api.w.org\/{rel}","templated":true}]}}