{"id":11937,"date":"2024-11-05T07:00:00","date_gmt":"2024-11-05T13:00:00","guid":{"rendered":"https:\/\/soymigrante.com\/revista\/?p=11937"},"modified":"2024-11-21T02:08:13","modified_gmt":"2024-11-21T08:08:13","slug":"en-estos-lugares-habra-sabados-consulares-durante-noviembre-y-diciembre-2024","status":"publish","type":"post","link":"https:\/\/soymigrante.com\/revista\/en-estos-lugares-habra-sabados-consulares-durante-noviembre-y-diciembre-2024\/","title":{"rendered":"En estos lugares habr\u00e1 s\u00e1bados consulares durante noviembre y diciembre 2024"},"content":{"rendered":"\t\t<div data-elementor-type=\"wp-post\" data-elementor-id=\"11937\" class=\"elementor elementor-11937\" data-elementor-post-type=\"post\">\n\t\t\t\t<div data-particle_enable=\"false\" data-particle-mobile-disabled=\"false\" class=\"elementor-element elementor-element-d00c4b0 e-flex e-con-boxed e-con e-parent\" data-id=\"d00c4b0\" data-element_type=\"container\" data-e-type=\"container\">\n\t\t\t\t\t<div class=\"e-con-inner\">\n\t\t\t\t<div class=\"elementor-element elementor-element-fa953ef elementor-widget elementor-widget-heading\" data-id=\"fa953ef\" data-element_type=\"widget\" data-e-type=\"widget\" data-widget_type=\"heading.default\">\n\t\t\t\t\t<h2 class=\"elementor-heading-title elementor-size-default\">Si tienes tr\u00e1mites que realizar, el Minex actualiz\u00f3 los lugares donde atender\u00e1n estos dos \u00faltimos meses del a\u00f1o. <\/h2>\t\t\t\t<\/div>\n\t\t\t\t\t<\/div>\n\t\t\t\t<\/div>\n\t\t<div data-particle_enable=\"false\" data-particle-mobile-disabled=\"false\" class=\"elementor-element elementor-element-742afab e-flex e-con-boxed e-con e-parent\" data-id=\"742afab\" data-element_type=\"container\" data-e-type=\"container\">\n\t\t\t\t\t<div class=\"e-con-inner\">\n\t\t\t\t<div class=\"elementor-element elementor-element-9588123 elementor-widget elementor-widget-text-editor\" data-id=\"9588123\" data-element_type=\"widget\" data-e-type=\"widget\" data-widget_type=\"text-editor.default\">\n\t\t\t\t\t\t\t\t\t<p>Los migrantes guatemaltecos en Estados Unidos podr\u00e1n acudir a cualquiera de los <a href=\"https:\/\/soymigrante.com\/revista\/category\/recursos-migratorios\/page\/4\/\" target=\"_blank\" rel=\"noopener\">26 consulados en el pa\u00eds durante diciembre<\/a> para realizar diversos tr\u00e1mites consulares.<\/p><p>Cada mes, los consulados ofrecen servicios en un horario especial de <a href=\"https:\/\/soymigrante.com\/revista\/category\/recursos-migratorios\/page\/4\/\" target=\"_blank\" rel=\"noopener\">8:00 a 13:00 para quienes no pueden asistir entre semana.<\/a> Estos servicios incluyen la tramitaci\u00f3n de documentos, registro civil y asesor\u00edas legales en temas migratorios.<\/p>\t\t\t\t\t\t\t\t<\/div>\n\t\t\t\t\t<\/div>\n\t\t\t\t<\/div>\n\t\t<div data-particle_enable=\"false\" data-particle-mobile-disabled=\"false\" class=\"elementor-element elementor-element-f94e1b6 e-flex e-con-boxed e-con e-parent\" data-id=\"f94e1b6\" data-element_type=\"container\" data-e-type=\"container\">\n\t\t\t\t\t<div class=\"e-con-inner\">\n\t\t\t\t<div class=\"elementor-element elementor-element-3b9ba99 elementor-widget elementor-widget-facebook-embed\" data-id=\"3b9ba99\" data-element_type=\"widget\" data-e-type=\"widget\" data-widget_type=\"facebook-embed.default\">\n\t\t\t\t\t<div style=\"min-height: 1px\" class=\"elementor-facebook-widget fb-post\" data-href=\"https:\/\/www.facebook.com\/photo\/?fbid=573293978376848&#038;set=pb.100070887519629.-2207520000\" data-show-text=\"false\"><\/div>\t\t\t\t<\/div>\n\t\t\t\t\t<\/div>\n\t\t\t\t<\/div>\n\t\t<div data-particle_enable=\"false\" data-particle-mobile-disabled=\"false\" class=\"elementor-element elementor-element-9bb60ef e-flex e-con-boxed e-con e-parent\" data-id=\"9bb60ef\" data-element_type=\"container\" data-e-type=\"container\">\n\t\t\t\t\t<div class=\"e-con-inner\">\n\t\t\t\t<div class=\"elementor-element elementor-element-b0bb237 elementor-widget elementor-widget-text-editor\" data-id=\"b0bb237\" data-element_type=\"widget\" data-e-type=\"widget\" data-widget_type=\"text-editor.default\">\n\t\t\t\t\t\t\t\t\t<p><a href=\"https:\/\/soymigrante.com\/revista\/category\/recursos-migratorios\/page\/4\/\" target=\"_blank\" rel=\"noopener\">Para gestionar el Documento Personal de Identificaci\u00f3n (DPI), pasaporte, certificado de nacimiento o tarjeta consular<\/a>, es necesario realizar una cita previa a trav\u00e9s de la p\u00e1gina web, sin costo alguno.<\/p><p>El Ministerio de Relaciones Exteriores (Minex) ha anunciado las pr\u00f3ximas fechas en las que los connacionales podr\u00e1n acercarse a los consulados para efectuar sus tr\u00e1mites:<\/p>\t\t\t\t\t\t\t\t<\/div>\n\t\t\t\t\t<\/div>\n\t\t\t\t<\/div>\n\t\t<div data-particle_enable=\"false\" data-particle-mobile-disabled=\"false\" class=\"elementor-element elementor-element-ef46b58 e-flex e-con-boxed e-con e-parent\" data-id=\"ef46b58\" data-element_type=\"container\" data-e-type=\"container\">\n\t\t\t\t\t<div class=\"e-con-inner\">\n\t\t\t\t<div class=\"elementor-element elementor-element-65fe873 elementor-widget elementor-widget-facebook-embed\" data-id=\"65fe873\" data-element_type=\"widget\" data-e-type=\"widget\" data-widget_type=\"facebook-embed.default\">\n\t\t\t\t\t<div style=\"min-height: 1px\" class=\"elementor-facebook-widget fb-post\" data-href=\"https:\/\/www.facebook.com\/photo.php?fbid=899702292189995&#038;set=pb.100064506977590.-2207520000&#038;type=3\" data-show-text=\"false\"><\/div>\t\t\t\t<\/div>\n\t\t\t\t\t<\/div>\n\t\t\t\t<\/div>\n\t\t<div data-particle_enable=\"false\" data-particle-mobile-disabled=\"false\" class=\"elementor-element elementor-element-79f47aa e-flex e-con-boxed e-con e-parent\" data-id=\"79f47aa\" data-element_type=\"container\" data-e-type=\"container\">\n\t\t\t\t\t<div class=\"e-con-inner\">\n\t\t\t\t<div class=\"elementor-element elementor-element-f091507 elementor-widget elementor-widget-text-editor\" data-id=\"f091507\" data-element_type=\"widget\" data-e-type=\"widget\" data-widget_type=\"text-editor.default\">\n\t\t\t\t\t\t\t\t\t<div><strong>\u2022 16 de noviembre<\/strong>: Vancouver<\/div><div>\u00a0<\/div><div><strong>\u20227 de diciembre:<\/strong> Atlanta, Chicago, Columbus, Dallas, Del R\u00edo, Denver, Houston, Lake Worth, Los \u00c1ngeles, McAllen, Miami, Nueva York, Omaha, Oklahoma, Phoenix, Providence, Raleigh, Riverhead, San Bernardino, San Francisco, Seattle, Tucson y Nashville.<\/div><div>\u00a0<\/div><div><strong>\u202214 de diciembre:<\/strong> Filadelfia, Maryland y Vancouver.<\/div>\t\t\t\t\t\t\t\t<\/div>\n\t\t\t\t\t<\/div>\n\t\t\t\t<\/div>\n\t\t<div data-particle_enable=\"false\" data-particle-mobile-disabled=\"false\" class=\"elementor-element elementor-element-95ed177 e-flex e-con-boxed e-con e-parent\" data-id=\"95ed177\" data-element_type=\"container\" data-e-type=\"container\">\n\t\t\t\t\t<div class=\"e-con-inner\">\n\t\t\t\t<div class=\"elementor-element elementor-element-6a31b56 elementor-widget elementor-widget-facebook-embed\" data-id=\"6a31b56\" data-element_type=\"widget\" data-e-type=\"widget\" data-widget_type=\"facebook-embed.default\">\n\t\t\t\t\t<div style=\"min-height: 1px\" class=\"elementor-facebook-widget fb-post\" data-href=\"https:\/\/www.facebook.com\/photo\/?fbid=951904876966539&#038;set=pb.100064411073012.-2207520000\" data-show-text=\"false\"><\/div>\t\t\t\t<\/div>\n\t\t\t\t\t<\/div>\n\t\t\t\t<\/div>\n\t\t<div data-particle_enable=\"false\" data-particle-mobile-disabled=\"false\" class=\"elementor-element elementor-element-73f6bdf e-flex e-con-boxed e-con e-parent\" data-id=\"73f6bdf\" data-element_type=\"container\" data-e-type=\"container\">\n\t\t\t\t\t<div class=\"e-con-inner\">\n\t\t\t\t<div class=\"elementor-element elementor-element-215bcf4 elementor-widget elementor-widget-text-editor\" data-id=\"215bcf4\" data-element_type=\"widget\" data-e-type=\"widget\" data-widget_type=\"text-editor.default\">\n\t\t\t\t\t\t\t\t\t<p>Asimismo, se han publicado las fechas y ubicaciones donde se llevar\u00e1n a cabo los consulados<a href=\"https:\/\/soymigrante.com\/revista\/category\/recursos-migratorios\/page\/4\/\" target=\"_blank\" rel=\"noopener\"> m\u00f3viles en las pr\u00f3ximas semanas.<\/a><\/p>\t\t\t\t\t\t\t\t<\/div>\n\t\t\t\t\t<\/div>\n\t\t\t\t<\/div>\n\t\t<div data-particle_enable=\"false\" data-particle-mobile-disabled=\"false\" class=\"elementor-element elementor-element-c5ad292 e-flex e-con-boxed e-con e-parent\" data-id=\"c5ad292\" data-element_type=\"container\" data-e-type=\"container\">\n\t\t\t\t\t<div class=\"e-con-inner\">\n\t\t\t\t<div class=\"elementor-element elementor-element-1e18be5 elementor-widget elementor-widget-text-editor\" data-id=\"1e18be5\" data-element_type=\"widget\" data-e-type=\"widget\" data-widget_type=\"text-editor.default\">\n\t\t\t\t\t\t\t\t\t<p>Para diciembre, solo est\u00e1 confirmado el consulado m\u00f3vil el<strong> 7 y 8 de diciembre en Parkville, Maryland, en la Iglesia del Nazareno.<\/strong><\/p>\t\t\t\t\t\t\t\t<\/div>\n\t\t\t\t\t<\/div>\n\t\t\t\t<\/div>\n\t\t<div data-particle_enable=\"false\" data-particle-mobile-disabled=\"false\" class=\"elementor-element elementor-element-9fa8bea e-flex e-con-boxed e-con e-parent\" data-id=\"9fa8bea\" data-element_type=\"container\" data-e-type=\"container\">\n\t\t\t\t\t<div class=\"e-con-inner\">\n\t\t\t\t<div class=\"elementor-element elementor-element-fa177ef elementor-widget elementor-widget-heading\" data-id=\"fa177ef\" data-element_type=\"widget\" data-e-type=\"widget\" data-widget_type=\"heading.default\">\n\t\t\t\t\t<h2 class=\"elementor-heading-title elementor-size-default\">Te puede interesar...<\/h2>\t\t\t\t<\/div>\n\t\t\t\t\t<\/div>\n\t\t\t\t<\/div>\n\t\t<div data-particle_enable=\"false\" data-particle-mobile-disabled=\"false\" class=\"elementor-element elementor-element-bca7afb e-flex e-con-boxed e-con e-parent\" data-id=\"bca7afb\" data-element_type=\"container\" data-e-type=\"container\">\n\t\t\t\t\t<div class=\"e-con-inner\">\n\t\t\t\t<div class=\"elementor-element elementor-element-191da8b elementor-widget elementor-widget-blfe-post-grid\" data-id=\"191da8b\" data-element_type=\"widget\" data-e-type=\"widget\" data-settings=\"{&quot;columns&quot;:&quot;3&quot;,&quot;columns_tablet&quot;:&quot;6&quot;,&quot;columns_mobile&quot;:&quot;12&quot;,&quot;hero1_layout_column_gap&quot;:{&quot;unit&quot;:&quot;px&quot;,&quot;size&quot;:30,&quot;sizes&quot;:[]},&quot;hero1_layout_column_gap_tablet&quot;:{&quot;unit&quot;:&quot;px&quot;,&quot;size&quot;:&quot;&quot;,&quot;sizes&quot;:[]},&quot;hero1_layout_column_gap_mobile&quot;:{&quot;unit&quot;:&quot;px&quot;,&quot;size&quot;:&quot;&quot;,&quot;sizes&quot;:[]},&quot;hero1_layout_row_gap&quot;:{&quot;unit&quot;:&quot;px&quot;,&quot;size&quot;:30,&quot;sizes&quot;:[]},&quot;hero1_layout_row_gap_tablet&quot;:{&quot;unit&quot;:&quot;px&quot;,&quot;size&quot;:&quot;&quot;,&quot;sizes&quot;:[]},&quot;hero1_layout_row_gap_mobile&quot;:{&quot;unit&quot;:&quot;px&quot;,&quot;size&quot;:&quot;&quot;,&quot;sizes&quot;:[]}}\" data-widget_type=\"blfe-post-grid.hero1\">\n\t\t\t\t<div class=\"elementor-widget-container\">\n\t\t\t\t\t\n                        <div class=\"blfe-post-grid-container \">\n            \n                <div data-skin=\"hero1\" class=\"blfe-row blfe-posts-inner blfe-hero1 blfe-posts-inner blfe-col-3 blfe-col-tab-6 blfe-col-mob-12     \">\n                            <div class=\"blfe-post-grid-item\">\n            <div class=\"blfe-post-grid-item-inner blfe-modern-zoom\">\n                        <div class=\"blfe-post-grid-bg-image\">\n            <a class=\"blfe-post-grid-image-inner\" href=\"https:\/\/soymigrante.com\/revista\/tramite-de-la-tarjeta-de-residencia-o-green-card\/\" title=\"El anhelado tr\u00e1mite de la Green Card: requisitos y pasos\" rel=\"nofollow\" target=\"_blank\"><img decoding=\"async\" src=\"https:\/\/soymigrante.com\/revista\/wp-content\/uploads\/2023\/03\/bandera-y-green-card.webp\" alt=\"El anhelado tr\u00e1mite de la Green Card: requisitos y pasos\"\/><\/a>        <\/div>\n                        <div class=\"blfe-post-grid-details\">\n                    <div class=\"blfe-post-grid-details-inner\">\n                        <span class=\"blfe-post-category\"><a href=\"https:\/\/soymigrante.com\/revista\/category\/recursos-migratorios\/\">Recursos Migratorios<\/a><\/span>                        <h3 class=\"blfe-post-grid-title\">\n            <a href=\"https:\/\/soymigrante.com\/revista\/tramite-de-la-tarjeta-de-residencia-o-green-card\/\" title=\"El anhelado tr\u00e1mite de la Green Card: requisitos y pasos\" rel=\"nofollow\" target=\"_blank\">El anhelado tr\u00e1mite de la Green Card: requisitos y pasos<\/a>\n            <\/h3>                                                            <div class=\"blfe-post-grid-meta\">\n                <span class=\"blfe-post-grid-time\"><i class=\"fas fa-book-reader\"><\/i>5 Min read<\/span>            <\/div>\n                                                        <\/div>\n                <\/div>\n\n            <\/div>\n        <\/div>\n                <div class=\"blfe-post-grid-item\">\n            <div class=\"blfe-post-grid-item-inner blfe-modern-zoom\">\n                        <div class=\"blfe-post-grid-bg-image\">\n            <a class=\"blfe-post-grid-image-inner\" href=\"https:\/\/soymigrante.com\/revista\/proceso-para-tramitar-la-residencia-permanente-en-eeuu-para-un-familiar\/\" title=\"Proceso para tramitar la residencia permanente en EE.UU. para un familiar\" rel=\"nofollow\" target=\"_blank\"><img decoding=\"async\" src=\"https:\/\/soymigrante.com\/revista\/wp-content\/uploads\/2023\/03\/SoyM_Ilust_2-80.webp\" alt=\"Proceso para tramitar la residencia permanente en EE.UU. para un familiar\"\/><\/a>        <\/div>\n                        <div class=\"blfe-post-grid-details\">\n                    <div class=\"blfe-post-grid-details-inner\">\n                        <span class=\"blfe-post-category\"><a href=\"https:\/\/soymigrante.com\/revista\/category\/recursos-migratorios\/\">Recursos Migratorios<\/a><\/span>                        <h3 class=\"blfe-post-grid-title\">\n            <a href=\"https:\/\/soymigrante.com\/revista\/proceso-para-tramitar-la-residencia-permanente-en-eeuu-para-un-familiar\/\" title=\"Proceso para tramitar la residencia permanente en EE.UU. para un familiar\" rel=\"nofollow\" target=\"_blank\">Proceso para tramitar la residencia permanente en EE.UU. para un familiar<\/a>\n            <\/h3>                                                            <div class=\"blfe-post-grid-meta\">\n                <span class=\"blfe-post-grid-time\"><i class=\"fas fa-book-reader\"><\/i>7 Min read<\/span>            <\/div>\n                                                        <\/div>\n                <\/div>\n\n            <\/div>\n        <\/div>\n                <div class=\"blfe-post-grid-item\">\n            <div class=\"blfe-post-grid-item-inner blfe-modern-zoom\">\n                        <div class=\"blfe-post-grid-bg-image\">\n            <a class=\"blfe-post-grid-image-inner\" href=\"https:\/\/soymigrante.com\/revista\/tramite-gratuito-de-dpi-para-retornados-a-guatemala\/\" title=\"Tr\u00e1mite gratuito de DPI para retornados a Guatemala\" rel=\"nofollow\" target=\"_blank\"><img decoding=\"async\" src=\"https:\/\/soymigrante.com\/revista\/wp-content\/uploads\/2023\/03\/dpi-cortesia-la-hora.webp\" alt=\"Tr\u00e1mite gratuito de DPI para retornados a Guatemala\"\/><\/a>        <\/div>\n                        <div class=\"blfe-post-grid-details\">\n                    <div class=\"blfe-post-grid-details-inner\">\n                        <span class=\"blfe-post-category\"><a href=\"https:\/\/soymigrante.com\/revista\/category\/recursos-migratorios\/\">Recursos Migratorios<\/a><\/span>                        <h3 class=\"blfe-post-grid-title\">\n            <a href=\"https:\/\/soymigrante.com\/revista\/tramite-gratuito-de-dpi-para-retornados-a-guatemala\/\" title=\"Tr\u00e1mite gratuito de DPI para retornados a Guatemala\" rel=\"nofollow\" target=\"_blank\">Tr\u00e1mite gratuito de DPI para retornados a Guatemala<\/a>\n            <\/h3>                                                            <div class=\"blfe-post-grid-meta\">\n                <span class=\"blfe-post-grid-time\"><i class=\"fas fa-book-reader\"><\/i>2 Min read<\/span>            <\/div>\n                                                        <\/div>\n                <\/div>\n\n            <\/div>\n        <\/div>\n                        <\/div>\n\n                        <\/div>\n            \n                        <div class=\"blfe-post-footer\">\n                        <\/div>\n            \t\t\t\t<\/div>\n\t\t\t\t<\/div>\n\t\t\t\t\t<\/div>\n\t\t\t\t<\/div>\n\t\t\t\t<\/div>\n\t\t","protected":false},"excerpt":{"rendered":"<p>Si tienes tr\u00e1mites que realizar, el Minex actualiz\u00f3 los lugares donde atender\u00e1n estos dos \u00faltimos meses del a\u00f1o. Los migrantes guatemaltecos en Estados Unidos podr\u00e1n acudir a cualquiera de los 26 consulados en el pa\u00eds durante diciembre para realizar diversos tr\u00e1mites consulares. Cada mes, los consulados ofrecen servicios en un horario especial de 8:00 a [&hellip;]<\/p>\n","protected":false},"author":19,"featured_media":11940,"comment_status":"open","ping_status":"open","sticky":false,"template":"","format":"standard","meta":{"_acf_changed":false,"_eb_attr":"","footnotes":""},"categories":[59],"tags":[],"class_list":["post-11937","post","type-post","status-publish","format-standard","has-post-thumbnail","hentry","category-recursos-migratorios"],"acf":[],"aioseo_notices":[],"aioseo_head":"\n\t\t<!-- All in One SEO Pro 4.9.6.2 - aioseo.com -->\n\t<meta name=\"description\" content=\"Servicio gratuito es prestado por el Registro Nacional de las Personas, para los connacionales deportados por v\u00eda a\u00e9rea de Estados Unidos.\" \/>\n\t<meta name=\"robots\" content=\"max-snippet:-1, max-image-preview:large, max-video-preview:-1\" \/>\n\t<meta name=\"author\" content=\"SoyMigrante.com REVISTA\"\/>\n\t<link rel=\"canonical\" href=\"https:\/\/soymigrante.com\/revista\/tramite-gratuito-de-dpi-para-retornados-a-guatemala\/\" \/>\n\t<meta name=\"generator\" content=\"All in One SEO Pro (AIOSEO) 4.9.6.2\" \/>\n\n\t\t<link rel=\"preconnect\" href=\"https:\/\/fonts.googleapis.com\" crossorigin>\n<link rel=\"preconnect\" href=\"https:\/\/fonts.gstatic.com\" crossorigin>\n\t\t<meta property=\"og:locale\" content=\"es_ES\" \/>\n\t\t<meta property=\"og:site_name\" content=\"SoyMigrante.com REVISTA \u2013 Nuestra misi\u00f3n es reconocer y dignificar al migrante.\" \/>\n\t\t<meta property=\"og:type\" content=\"article\" \/>\n\t\t<meta property=\"og:title\" content=\"Tr\u00e1mite gratuito de DPI para retornados a Guatemala\" \/>\n\t\t<meta property=\"og:description\" content=\"Servicio gratuito es prestado por el Registro Nacional de las Personas, para los connacionales deportados por v\u00eda a\u00e9rea de Estados Unidos.\" \/>\n\t\t<meta property=\"og:url\" content=\"https:\/\/soymigrante.com\/revista\/tramite-gratuito-de-dpi-para-retornados-a-guatemala\/\" \/>\n\t\t<meta property=\"og:image\" content=\"https:\/\/soymigrante.com\/revista\/wp-content\/uploads\/2023\/03\/dpi-cortesia-la-hora.webp\" \/>\n\t\t<meta property=\"og:image:secure_url\" content=\"https:\/\/soymigrante.com\/revista\/wp-content\/uploads\/2023\/03\/dpi-cortesia-la-hora.webp\" \/>\n\t\t<meta property=\"og:image:width\" content=\"1276\" \/>\n\t\t<meta property=\"og:image:height\" content=\"927\" \/>\n\t\t<meta property=\"article:published_time\" content=\"2023-05-26T00:37:43+00:00\" \/>\n\t\t<meta property=\"article:modified_time\" content=\"2024-11-01T16:54:56+00:00\" \/>\n\t\t<meta property=\"article:publisher\" content=\"https:\/\/www.facebook.com\/soymigrantecom\" \/>\n\t\t<meta name=\"twitter:card\" content=\"summary_large_image\" \/>\n\t\t<meta name=\"twitter:site\" content=\"@SoyMigrante_com\" \/>\n\t\t<meta name=\"twitter:title\" content=\"Tr\u00e1mite gratuito de DPI para retornados a Guatemala\" \/>\n\t\t<meta name=\"twitter:description\" content=\"Servicio gratuito es prestado por el Registro Nacional de las Personas, para los connacionales deportados por v\u00eda a\u00e9rea de Estados Unidos.\" \/>\n\t\t<meta name=\"twitter:creator\" content=\"@SoyMigrante_com\" \/>\n\t\t<meta name=\"twitter:image\" content=\"https:\/\/soymigrante.com\/revista\/wp-content\/uploads\/2023\/03\/dpi-cortesia-la-hora.webp\" \/>\n\t\t<!-- All in One SEO Pro -->\r\n\t\t<title>Tr\u00e1mite gratuito de DPI para retornados a Guatemala<\/title>\n\n","aioseo_head_json":{"title":"Tr\u00e1mite gratuito de DPI para retornados a Guatemala","description":"Servicio gratuito es prestado por el Registro Nacional de las Personas, para los connacionales deportados por v\u00eda a\u00e9rea de Estados Unidos.","canonical_url":"https:\/\/soymigrante.com\/revista\/tramite-gratuito-de-dpi-para-retornados-a-guatemala\/","robots":"max-snippet:-1, max-image-preview:large, max-video-preview:-1","keywords":"","webmasterTools":{"miscellaneous":"&lt;link rel=\"preconnect\" href=\"https:\/\/fonts.googleapis.com\" crossorigin&gt;\n&lt;link rel=\"preconnect\" href=\"https:\/\/fonts.gstatic.com\" crossorigin&gt;"},"schema":null,"og:locale":"es_ES","og:site_name":"SoyMigrante.com REVISTA \u2013 Nuestra misi\u00f3n es reconocer y dignificar al migrante.","og:type":"article","og:title":"Tr\u00e1mite gratuito de DPI para retornados a Guatemala","og:description":"Servicio gratuito es prestado por el Registro Nacional de las Personas, para los connacionales deportados por v\u00eda a\u00e9rea de Estados Unidos.","og:url":"https:\/\/soymigrante.com\/revista\/tramite-gratuito-de-dpi-para-retornados-a-guatemala\/","og:image":"https:\/\/soymigrante.com\/revista\/wp-content\/uploads\/2023\/03\/dpi-cortesia-la-hora.webp","og:image:secure_url":"https:\/\/soymigrante.com\/revista\/wp-content\/uploads\/2023\/03\/dpi-cortesia-la-hora.webp","og:image:width":1276,"og:image:height":927,"article:published_time":"2023-05-26T00:37:43+00:00","article:modified_time":"2024-11-01T16:54:56+00:00","article:publisher":"https:\/\/www.facebook.com\/soymigrantecom","twitter:card":"summary_large_image","twitter:site":"@SoyMigrante_com","twitter:title":"Tr\u00e1mite gratuito de DPI para retornados a Guatemala","twitter:description":"Servicio gratuito es prestado por el Registro Nacional de las Personas, para los connacionales deportados por v\u00eda a\u00e9rea de Estados Unidos.","twitter:creator":"@SoyMigrante_com","twitter:image":"https:\/\/soymigrante.com\/revista\/wp-content\/uploads\/2023\/03\/dpi-cortesia-la-hora.webp"},"aioseo_meta_data":{"post_id":"11937","title":"S\u00e1bados consulares guatemaltecos en noviembre y diciembre","description":"Si tienes tr\u00e1mites que realizar, el Minex actualiz\u00f3 los consulados que abrir\u00e1n en s\u00e1bado estos dos \u00faltimos meses del a\u00f1o. Solo se atiende con cita previa.","keywords":null,"keyphrases":{"focus":{"keyphrase":"Consulados","score":68,"analysis":{"keyphraseInTitle":{"score":3,"maxScore":9,"error":1},"keyphraseInDescription":{"score":9,"maxScore":9,"error":0},"keyphraseLength":{"score":9,"maxScore":9,"error":0,"length":1},"keyphraseInURL":{"score":1,"maxScore":5,"error":1},"keyphraseInIntroduction":{"score":9,"maxScore":9,"error":0},"keyphraseInSubHeadings":{"score":3,"maxScore":9,"error":1},"keyphraseInImageAlt":{"score":3,"maxScore":9,"error":1},"keywordDensity":{"type":"best","score":9,"maxScore":9,"error":0}}},"additional":[{"keyphrase":"consulados","score":87,"analysis":{"keyphraseInDescription":{"score":9,"maxScore":9,"error":0},"keyphraseLength":{"score":9,"maxScore":9,"error":0,"length":1},"keyphraseInIntroduction":{"score":9,"maxScore":9,"error":0},"keyphraseInImageAlt":{"score":3,"maxScore":9,"error":1},"keywordDensity":{"type":"best","score":9,"maxScore":9,"error":0}}},{"keyphrase":"usa","score":40,"analysis":{"keyphraseInDescription":{"score":3,"maxScore":9,"error":1},"keyphraseLength":{"score":9,"maxScore":9,"error":0,"length":1},"keyphraseInIntroduction":{"score":3,"maxScore":9,"error":1},"keyphraseInImageAlt":{"score":3,"maxScore":9,"error":1},"keywordDensity":{"score":0,"type":"low","maxScore":9,"error":1}}}]},"primary_term":null,"canonical_url":null,"og_title":null,"og_description":null,"og_object_type":"default","og_image_type":"default","og_image_url":null,"og_image_width":null,"og_image_height":null,"og_image_custom_url":null,"og_image_custom_fields":null,"og_video":"","og_custom_url":null,"og_article_section":null,"og_article_tags":null,"twitter_use_og":false,"twitter_card":"default","twitter_image_type":"default","twitter_image_url":null,"twitter_image_custom_url":null,"twitter_image_custom_fields":null,"twitter_title":null,"twitter_description":null,"schema":{"blockGraphs":[],"customGraphs":[],"default":{"data":{"Article":[],"Course":[],"Dataset":[],"FAQPage":[],"Movie":[],"Person":[],"Product":[],"ProductReview":[],"Car":[],"Recipe":[],"Service":[],"SoftwareApplication":[],"WebPage":[]},"graphName":"Article","isEnabled":true},"graphs":[]},"schema_type":"default","schema_type_options":null,"pillar_content":false,"robots_default":true,"robots_noindex":false,"robots_noarchive":false,"robots_nosnippet":false,"robots_nofollow":false,"robots_noimageindex":false,"robots_noodp":false,"robots_notranslate":false,"robots_max_snippet":"-1","robots_max_videopreview":"-1","robots_max_imagepreview":"large","priority":null,"frequency":"default","local_seo":null,"seo_analyzer_scan_date":"2025-10-09 00:00:12","breadcrumb_settings":null,"limit_modified_date":false,"reviewed_by":null,"open_ai":"{\"title\":{\"suggestions\":[],\"usage\":0},\"description\":{\"suggestions\":[],\"usage\":0}}","ai":null,"created":"2024-11-04 15:47:45","updated":"2026-02-04 15:42:36"},"aioseo_breadcrumb":"<div class=\"aioseo-breadcrumbs\"><span class=\"aioseo-breadcrumb\">\n\t<a href=\"https:\/\/soymigrante.com\/revista\" title=\"Home\">Home<\/a>\n<\/span><span class=\"aioseo-breadcrumb-separator\">\u00bb<\/span><span class=\"aioseo-breadcrumb\">\n\t<a href=\"https:\/\/soymigrante.com\/revista\/category\/recursos-migratorios\/\" title=\"Recursos Migratorios\">Recursos Migratorios<\/a>\n<\/span><span class=\"aioseo-breadcrumb-separator\">\u00bb<\/span><span class=\"aioseo-breadcrumb\">\n\tEn estos lugares habr\u00e1 s\u00e1bados consulares durante noviembre y diciembre 2024\n<\/span><\/div>","aioseo_breadcrumb_json":[{"label":"Home","link":"https:\/\/soymigrante.com\/revista"},{"label":"Recursos Migratorios","link":"https:\/\/soymigrante.com\/revista\/category\/recursos-migratorios\/"},{"label":"En estos lugares habr\u00e1 s\u00e1bados consulares durante noviembre y diciembre 2024","link":"https:\/\/soymigrante.com\/revista\/en-estos-lugares-habra-sabados-consulares-durante-noviembre-y-diciembre-2024\/"}],"_links":{"self":[{"href":"https:\/\/soymigrante.com\/revista\/wp-json\/wp\/v2\/posts\/11937","targetHints":{"allow":["GET"]}}],"collection":[{"href":"https:\/\/soymigrante.com\/revista\/wp-json\/wp\/v2\/posts"}],"about":[{"href":"https:\/\/soymigrante.com\/revista\/wp-json\/wp\/v2\/types\/post"}],"author":[{"embeddable":true,"href":"https:\/\/soymigrante.com\/revista\/wp-json\/wp\/v2\/users\/19"}],"replies":[{"embeddable":true,"href":"https:\/\/soymigrante.com\/revista\/wp-json\/wp\/v2\/comments?post=11937"}],"version-history":[{"count":0,"href":"https:\/\/soymigrante.com\/revista\/wp-json\/wp\/v2\/posts\/11937\/revisions"}],"wp:featuredmedia":[{"embeddable":true,"href":"https:\/\/soymigrante.com\/revista\/wp-json\/wp\/v2\/media\/11940"}],"wp:attachment":[{"href":"https:\/\/soymigrante.com\/revista\/wp-json\/wp\/v2\/media?parent=11937"}],"wp:term":[{"taxonomy":"category","embeddable":true,"href":"https:\/\/soymigrante.com\/revista\/wp-json\/wp\/v2\/categories?post=11937"},{"taxonomy":"post_tag","embeddable":true,"href":"https:\/\/soymigrante.com\/revista\/wp-json\/wp\/v2\/tags?post=11937"}],"curies":[{"name":"wp","href":"https:\/\/api.w.org\/{rel}","templated":true}]}}