{"id":11833,"date":"2024-11-16T09:29:32","date_gmt":"2024-11-16T15:29:32","guid":{"rendered":"https:\/\/soymigrante.com\/revista\/?p=11833"},"modified":"2024-11-16T10:24:02","modified_gmt":"2024-11-16T16:24:02","slug":"ya-viene-el-festival-de-las-flores-de-antigua-guatemala-2024","status":"publish","type":"post","link":"https:\/\/soymigrante.com\/revista\/ya-viene-el-festival-de-las-flores-de-antigua-guatemala-2024\/","title":{"rendered":"Festival de las Flores de Antigua 2024 celebra las maravillas de Guatemala: ven a verlo"},"content":{"rendered":"\t\t<div data-elementor-type=\"wp-post\" data-elementor-id=\"11833\" class=\"elementor elementor-11833\" data-elementor-post-type=\"post\">\n\t\t\t\t<div data-particle_enable=\"false\" data-particle-mobile-disabled=\"false\" class=\"elementor-element elementor-element-75e9f06 e-flex e-con-boxed e-con e-parent\" data-id=\"75e9f06\" data-element_type=\"container\" data-e-type=\"container\">\n\t\t\t\t\t<div class=\"e-con-inner\">\n\t\t\t\t<div class=\"elementor-element elementor-element-69b2477 elementor-widget elementor-widget-heading\" data-id=\"69b2477\" data-element_type=\"widget\" data-e-type=\"widget\" data-widget_type=\"heading.default\">\n\t\t\t\t\t<h2 class=\"elementor-heading-title elementor-size-default\">La ciudad colonial de Antigua Guatemala se llena de color y belleza natural con el esperado Festival de Flores este 16 y 17 de noviembre. Est\u00e1 dedicado a exaltar a Guatemala como Tierra de Maravillas. \n<\/h2>\t\t\t\t<\/div>\n\t\t\t\t\t<\/div>\n\t\t\t\t<\/div>\n\t\t<div data-particle_enable=\"false\" data-particle-mobile-disabled=\"false\" class=\"elementor-element elementor-element-29222cf e-flex e-con-boxed e-con e-parent\" data-id=\"29222cf\" data-element_type=\"container\" data-e-type=\"container\">\n\t\t\t\t\t<div class=\"e-con-inner\">\n\t\t\t\t<div class=\"elementor-element elementor-element-0f4cd35 elementor-widget elementor-widget-text-editor\" data-id=\"0f4cd35\" data-element_type=\"widget\" data-e-type=\"widget\" data-widget_type=\"text-editor.default\">\n\t\t\t\t\t\t\t\t\t<p>Masiva afluencia de visitantes guatemaltecos y extranjeros atrae la ciudad colonial de Antigua Guatemala por el Festival de las Flores, que se celebra este s\u00e1bado 16 y domingo 17 de noviembre, con el tema Guatemala, Tierra de Maravillas. Arreglos florales en ventanas, autom\u00f3viles, puertas y por todas las calles antig\u00fce\u00f1as prometen sorprender y deslumbrar a los visitantes.\u00a0<\/p><p>El tema de &#8220;pa\u00eds de Maravillas&#8221; se equipara en cierta forma con el legendario cuento de Alicia en el Pa\u00eds de las Maravillas, pero con un toque totalmente guatemalteco y natural. Miles de flores de diversas especies, todas cultivadas en municipios pr\u00f3ximos, con decoraciones patrocinadas por comercios locales y marcas guatemaltecas, prometen deslumbrar a todos con un verdadero arco iris creativo.<\/p><p>No queda atr\u00e1s la idea de Guatemala, tierra de Eterna Primavera, que se refleja en la riqueza de variedades de flores frescas.<\/p>\t\t\t\t\t\t\t\t<\/div>\n\t\t\t\t\t<\/div>\n\t\t\t\t<\/div>\n\t\t<div data-particle_enable=\"false\" data-particle-mobile-disabled=\"false\" class=\"elementor-element elementor-element-3dcc263 e-flex e-con-boxed e-con e-parent\" data-id=\"3dcc263\" data-element_type=\"container\" data-e-type=\"container\">\n\t\t\t\t\t<div class=\"e-con-inner\">\n\t\t\t\t<div class=\"elementor-element elementor-element-bd7af29 elementor-widget elementor-widget-facebook-embed\" data-id=\"bd7af29\" data-element_type=\"widget\" data-e-type=\"widget\" data-widget_type=\"facebook-embed.default\">\n\t\t\t\t\t<div style=\"min-height: 1px\" class=\"elementor-facebook-widget fb-video\" data-href=\"https:\/\/fb.watch\/vUsVf1w7pJ\/\" data-show-text=\"false\" data-allowfullscreen=\"false\" data-autoplay=\"false\" data-show-captions=\"false\"><\/div>\t\t\t\t<\/div>\n\t\t\t\t\t<\/div>\n\t\t\t\t<\/div>\n\t\t<div data-particle_enable=\"false\" data-particle-mobile-disabled=\"false\" class=\"elementor-element elementor-element-6cc2f98 e-flex e-con-boxed e-con e-parent\" data-id=\"6cc2f98\" data-element_type=\"container\" data-e-type=\"container\">\n\t\t\t\t\t<div class=\"e-con-inner\">\n\t\t\t\t<div class=\"elementor-element elementor-element-6d13ed6 elementor-widget elementor-widget-heading\" data-id=\"6d13ed6\" data-element_type=\"widget\" data-e-type=\"widget\" data-widget_type=\"heading.default\">\n\t\t\t\t\t<h3 class=\"elementor-heading-title elementor-size-default\">Festival de las Flores inici\u00f3 con desfile<\/h3>\t\t\t\t<\/div>\n\t\t\t\t\t<\/div>\n\t\t\t\t<\/div>\n\t\t<div data-particle_enable=\"false\" data-particle-mobile-disabled=\"false\" class=\"elementor-element elementor-element-e69c737 e-flex e-con-boxed e-con e-parent\" data-id=\"e69c737\" data-element_type=\"container\" data-e-type=\"container\">\n\t\t\t\t\t<div class=\"e-con-inner\">\n\t\t\t\t<div class=\"elementor-element elementor-element-41f9e1a elementor-widget elementor-widget-text-editor\" data-id=\"41f9e1a\" data-element_type=\"widget\" data-e-type=\"widget\" data-widget_type=\"text-editor.default\">\n\t\t\t\t\t\t\t\t\t<p>El viernes 15 de noviembre tuvo lugar el desfile Inicia la primavera, con el cual oficialmente arranc\u00f3 el Festival de las Flores 2024. Veh\u00edculos literalmente cubiertos de flores y bandas escolares recorrieron las calles empedradas de Antigua Guatemala.<\/p><p>En la calle del Arco, todo un \u00edcono de Guatemala ante el mundo, se colocaron barriletes por lo alto, mientras en la calle lucen ya carretas, macetones y arreglos florales que ser\u00e1n acondicionados constantemente para que mantengan su frescura.\u00a0<\/p>\t\t\t\t\t\t\t\t<\/div>\n\t\t\t\t\t<\/div>\n\t\t\t\t<\/div>\n\t\t<div data-particle_enable=\"false\" data-particle-mobile-disabled=\"false\" class=\"elementor-element elementor-element-60ff9b0 e-flex e-con-boxed e-con e-parent\" data-id=\"60ff9b0\" data-element_type=\"container\" data-e-type=\"container\">\n\t\t\t\t\t<div class=\"e-con-inner\">\n\t\t\t\t<div class=\"elementor-element elementor-element-ba32daf elementor-widget elementor-widget-facebook-embed\" data-id=\"ba32daf\" data-element_type=\"widget\" data-e-type=\"widget\" data-widget_type=\"facebook-embed.default\">\n\t\t\t\t\t<div style=\"min-height: 1px\" class=\"elementor-facebook-widget fb-video\" data-href=\"https:\/\/fb.watch\/vUtO3R6WWA\/\" data-show-text=\"false\" data-allowfullscreen=\"false\" data-autoplay=\"false\" data-show-captions=\"false\"><\/div>\t\t\t\t<\/div>\n\t\t\t\t\t<\/div>\n\t\t\t\t<\/div>\n\t\t<div data-particle_enable=\"false\" data-particle-mobile-disabled=\"false\" class=\"elementor-element elementor-element-a435ce7 e-flex e-con-boxed e-con e-parent\" data-id=\"a435ce7\" data-element_type=\"container\" data-e-type=\"container\">\n\t\t\t\t\t<div class=\"e-con-inner\">\n\t\t\t\t<div class=\"elementor-element elementor-element-662cf23 elementor-widget elementor-widget-heading\" data-id=\"662cf23\" data-element_type=\"widget\" data-e-type=\"widget\" data-widget_type=\"heading.default\">\n\t\t\t\t\t<h3 class=\"elementor-heading-title elementor-size-default\">Festival de las Flores: algo de historia de esta actividad que ya es una tradici\u00f3n<\/h3>\t\t\t\t<\/div>\n\t\t\t\t\t<\/div>\n\t\t\t\t<\/div>\n\t\t<div data-particle_enable=\"false\" data-particle-mobile-disabled=\"false\" class=\"elementor-element elementor-element-99e4571 e-flex e-con-boxed e-con e-parent\" data-id=\"99e4571\" data-element_type=\"container\" data-e-type=\"container\">\n\t\t\t\t\t<div class=\"e-con-inner\">\n\t\t\t\t<div class=\"elementor-element elementor-element-1412c9e elementor-widget elementor-widget-text-editor\" data-id=\"1412c9e\" data-element_type=\"widget\" data-e-type=\"widget\" data-widget_type=\"text-editor.default\">\n\t\t\t\t\t\t\t\t\t<p>\u201cCada a\u00f1o florecemos de manera m\u00e1s consciente\u201d refiere una de las frases de expectativa del\u00a0 Festival de Flores que se celebra el 16 y17 de noviembre de 2024 en Antigua Guatemala, Sacatep\u00e9quez.<\/p><p>El Festival de las Flores se ha convertido en un espacio cultural de referencia\u00a0<a href=\"https:\/\/soymigrante.com\/revista\/fiambre-guatemalteco-gigante-se-preparara-en-los-angeles\/\" target=\"_blank\" rel=\"noopener\">en Guatemala<\/a>\u00a0tanto para turistas nacionales como extranjeros ya que se han convertido en el p\u00fablico perfecto en el evento que se celebra en la colonial ciudad de Antigua Guatemala, escenario id\u00f3neo para resaltar la creatividad de cientos de artistas a partir de creaciones de arreglos con flores.\u00a0<\/p>\t\t\t\t\t\t\t\t<\/div>\n\t\t\t\t\t<\/div>\n\t\t\t\t<\/div>\n\t\t<div data-particle_enable=\"false\" data-particle-mobile-disabled=\"false\" class=\"elementor-element elementor-element-31e8331 e-flex e-con-boxed e-con e-parent\" data-id=\"31e8331\" data-element_type=\"container\" data-e-type=\"container\">\n\t\t\t\t\t<div class=\"e-con-inner\">\n\t\t\t\t<div class=\"elementor-element elementor-element-c1e8791 elementor-widget elementor-widget-heading\" data-id=\"c1e8791\" data-element_type=\"widget\" data-e-type=\"widget\" data-widget_type=\"heading.default\">\n\t\t\t\t\t<h3 class=\"elementor-heading-title elementor-size-default\">Festival de las Flores: gu\u00eda para \u00e1reas de parqueo en Antigua Guatemala<\/h3>\t\t\t\t<\/div>\n\t\t\t\t\t<\/div>\n\t\t\t\t<\/div>\n\t\t<div data-particle_enable=\"false\" data-particle-mobile-disabled=\"false\" class=\"elementor-element elementor-element-a5e63d7 e-flex e-con-boxed e-con e-parent\" data-id=\"a5e63d7\" data-element_type=\"container\" data-e-type=\"container\">\n\t\t\t\t\t<div class=\"e-con-inner\">\n\t\t\t\t<div class=\"elementor-element elementor-element-c6f04df elementor-widget elementor-widget-html\" data-id=\"c6f04df\" data-element_type=\"widget\" data-e-type=\"widget\" data-widget_type=\"html.default\">\n\t\t\t\t\t<iframe src=\"https:\/\/www.facebook.com\/plugins\/post.php?href=https%3A%2F%2Fwww.facebook.com%2Fphoto.php%3Ffbid%3D971053835052259%26set%3Da.361609095996739%26type%3D3&show_text=true&width=500\" width=\"500\" height=\"697\" style=\"border:none;overflow:hidden\" scrolling=\"no\" frameborder=\"0\" allowfullscreen=\"true\" allow=\"autoplay; clipboard-write; encrypted-media; picture-in-picture; web-share\"><\/iframe>\t\t\t\t<\/div>\n\t\t\t\t\t<\/div>\n\t\t\t\t<\/div>\n\t\t<div data-particle_enable=\"false\" data-particle-mobile-disabled=\"false\" class=\"elementor-element elementor-element-d35e0be e-flex e-con-boxed e-con e-parent\" data-id=\"d35e0be\" data-element_type=\"container\" data-e-type=\"container\">\n\t\t\t\t\t<div class=\"e-con-inner\">\n\t\t\t\t<div class=\"elementor-element elementor-element-80ea824 elementor-widget elementor-widget-heading\" data-id=\"80ea824\" data-element_type=\"widget\" data-e-type=\"widget\" data-widget_type=\"heading.default\">\n\t\t\t\t\t<h3 class=\"elementor-heading-title elementor-size-default\">Festival de las Flores: gu\u00eda de fachadas, para que no te pierdas ninguna<\/h3>\t\t\t\t<\/div>\n\t\t\t\t\t<\/div>\n\t\t\t\t<\/div>\n\t\t<div data-particle_enable=\"false\" data-particle-mobile-disabled=\"false\" class=\"elementor-element elementor-element-dc4e021 e-flex e-con-boxed e-con e-parent\" data-id=\"dc4e021\" data-element_type=\"container\" data-e-type=\"container\">\n\t\t\t\t\t<div class=\"e-con-inner\">\n\t\t\t\t<div class=\"elementor-element elementor-element-60cb69d elementor-widget elementor-widget-text-editor\" data-id=\"60cb69d\" data-element_type=\"widget\" data-e-type=\"widget\" data-widget_type=\"text-editor.default\">\n\t\t\t\t\t\t\t\t\t<p>Recorrer la Antigua Guatemala durante el Festival de Flores es una experiencia diferente. Pero para disfrutar mejor de\u00a0 todos los arreglos y fachadas decoradas con incontables\u00a0 arreglos florales, existe una gu\u00eda sugerida y un mapa. Se puede elegir la ruta y seleccionar aquellas que generen m\u00e1s expectativa.\u00a0<\/p>\t\t\t\t\t\t\t\t<\/div>\n\t\t\t\t\t<\/div>\n\t\t\t\t<\/div>\n\t\t<div data-particle_enable=\"false\" data-particle-mobile-disabled=\"false\" class=\"elementor-element elementor-element-709a9ca e-flex e-con-boxed e-con e-parent\" data-id=\"709a9ca\" data-element_type=\"container\" data-e-type=\"container\">\n\t\t\t\t\t<div class=\"e-con-inner\">\n\t\t\t\t<div class=\"elementor-element elementor-element-b2dfe90 elementor-widget elementor-widget-facebook-embed\" data-id=\"b2dfe90\" data-element_type=\"widget\" data-e-type=\"widget\" data-widget_type=\"facebook-embed.default\">\n\t\t\t\t\t<div style=\"min-height: 1px\" class=\"elementor-facebook-widget fb-post\" data-href=\"https:\/\/www.facebook.com\/festivaldelasfloresenlaantigua\/posts\/pfbid0a6q4GMkbeHUZKSE1LzTCZzWqU4W9Cp8Sb2kP4T1n55zCXfKHFLBkisGLff19D4rEl\" data-show-text=\"true\"><\/div>\t\t\t\t<\/div>\n\t\t\t\t\t<\/div>\n\t\t\t\t<\/div>\n\t\t<div data-particle_enable=\"false\" data-particle-mobile-disabled=\"false\" class=\"elementor-element elementor-element-eee48a1 e-flex e-con-boxed e-con e-parent\" data-id=\"eee48a1\" data-element_type=\"container\" data-e-type=\"container\">\n\t\t\t\t\t<div class=\"e-con-inner\">\n\t\t\t\t<div class=\"elementor-element elementor-element-015fcb9 elementor-widget elementor-widget-heading\" data-id=\"015fcb9\" data-element_type=\"widget\" data-e-type=\"widget\" data-widget_type=\"heading.default\">\n\t\t\t\t\t<h3 class=\"elementor-heading-title elementor-size-default\">Festival de las Flores en cifras<\/h3>\t\t\t\t<\/div>\n\t\t\t\t\t<\/div>\n\t\t\t\t<\/div>\n\t\t<div data-particle_enable=\"false\" data-particle-mobile-disabled=\"false\" class=\"elementor-element elementor-element-7325352 e-flex e-con-boxed e-con e-parent\" data-id=\"7325352\" data-element_type=\"container\" data-e-type=\"container\">\n\t\t\t\t\t<div class=\"e-con-inner\">\n\t\t\t\t<div class=\"elementor-element elementor-element-0379770 elementor-widget elementor-widget-text-editor\" data-id=\"0379770\" data-element_type=\"widget\" data-e-type=\"widget\" data-widget_type=\"text-editor.default\">\n\t\t\t\t\t\t\t\t\t<p>A la fecha este evento ha reunido desde su primer festival m\u00e1s de 2 mil 500 artistas, 100 talleres y al menos 30 exposiciones entre los que destacan floristas, pintores, fot\u00f3grafos, escultores, m\u00fasicos, entre otros.<\/p><p>Este a\u00f1o el Festival de las Flores, previo a los dos grandes d\u00edas donde se expondr\u00e1n bellos y creativos arreglos florales por las calles de\u00a0<a href=\"https:\/\/soymigrante.com\/revista\/tantas-parejas-suenan-con-celebrar-sus-bodas-en-antigua-guatemala\/\" target=\"_blank\" rel=\"noopener\">la Antigua Guatemala,<\/a>\u00a0la tem\u00e1tica es la \u201cAntigua, ciudad de las maravillas\u201d tomando como referencia a Alicia en el pa\u00eds de las maravillas.<br \/>\u201cEl Festival de las Flores es un evento \u00fanico que se realiza anualmente en noviembre.<\/p><p>&#8220;Este m\u00e1gico festival inici\u00f3 en 2017 fundado por un equipo de emprendedores so\u00f1adores guatemaltecos amantes de la cultura y el arte, y sobre todo enamorados de la eterna primavera&#8221;, refieren organizadores del evento que est\u00e1 conformado por emprendedores guatemaltecos.<\/p><p>\u201cEl evento une todas las artes, pero su principal actividad es mostrar el talento que existe en el pa\u00eds a trav\u00e9s del arte floral\u201d, a\u00f1aden.<\/p>\t\t\t\t\t\t\t\t<\/div>\n\t\t\t\t\t<\/div>\n\t\t\t\t<\/div>\n\t\t<div data-particle_enable=\"false\" data-particle-mobile-disabled=\"false\" class=\"elementor-element elementor-element-a99c9bf e-flex e-con-boxed e-con e-parent\" data-id=\"a99c9bf\" data-element_type=\"container\" data-e-type=\"container\">\n\t\t\t\t\t<div class=\"e-con-inner\">\n\t\t\t\t<div class=\"elementor-element elementor-element-bd879d2 elementor-widget elementor-widget-heading\" data-id=\"bd879d2\" data-element_type=\"widget\" data-e-type=\"widget\" data-widget_type=\"heading.default\">\n\t\t\t\t\t<h3 class=\"elementor-heading-title elementor-size-default\">Busca tu ruta para llegar a Antigua: recuerda que habr\u00e1 masiva afluencia, as\u00ed que con paciencia<\/h3>\t\t\t\t<\/div>\n\t\t\t\t\t<\/div>\n\t\t\t\t<\/div>\n\t\t<div data-particle_enable=\"false\" data-particle-mobile-disabled=\"false\" class=\"elementor-element elementor-element-882395a e-flex e-con-boxed e-con e-parent\" data-id=\"882395a\" data-element_type=\"container\" data-e-type=\"container\">\n\t\t\t\t\t<div class=\"e-con-inner\">\n\t\t\t\t<div class=\"elementor-element elementor-element-28f8fb8 elementor-widget elementor-widget-google_maps\" data-id=\"28f8fb8\" data-element_type=\"widget\" data-e-type=\"widget\" data-widget_type=\"google_maps.default\">\n\t\t\t\t\t\t\t<div class=\"elementor-custom-embed\">\n\t\t\t<iframe loading=\"lazy\"\n\t\t\t\t\tsrc=\"https:\/\/maps.google.com\/maps?q=Parque%20Central%20Antigua%20Guatemala&#038;t=m&#038;z=10&#038;output=embed&#038;iwloc=near\"\n\t\t\t\t\ttitle=\"Parque Central Antigua Guatemala\"\n\t\t\t\t\taria-label=\"Parque Central Antigua Guatemala\"\n\t\t\t><\/iframe>\n\t\t<\/div>\n\t\t\t\t\t\t<\/div>\n\t\t\t\t\t<\/div>\n\t\t\t\t<\/div>\n\t\t<div data-particle_enable=\"false\" data-particle-mobile-disabled=\"false\" class=\"elementor-element elementor-element-4ad165f e-flex e-con-boxed e-con e-parent\" data-id=\"4ad165f\" data-element_type=\"container\" data-e-type=\"container\">\n\t\t\t\t\t<div class=\"e-con-inner\">\n\t\t\t\t<div class=\"elementor-element elementor-element-a90443f elementor-widget elementor-widget-text-editor\" data-id=\"a90443f\" data-element_type=\"widget\" data-e-type=\"widget\" data-widget_type=\"text-editor.default\">\n\t\t\t\t\t\t\t\t\t<p><span style=\"font-family: Roboto, sans-serif;font-size: 16px;font-style: normal;font-weight: 400\">Este a\u00f1o los organizadores han decidido sumarse al lema de efectuar una campa\u00f1a verde, en pro del medioambiente, por lo que las flores usadas durante el festivas ser\u00e1n reutilizadas por Green Mamma para producir un compostaje, una especie de fertilizante, estoy con el apoyo del Ayuntamiento de la&nbsp;<\/span><a href=\"https:\/\/soymigrante.com\/revista\/7-datos-de-antigua-guatemala-que-seguro-ya-sabias-o-quiza-no\/\" target=\"_blank\" style=\"text-align: var(--text-align)\">Antigua Guatemala.<\/a><\/p>\n<p>En esta edici\u00f3n, se tendr\u00e1 una campa\u00f1a m\u00e1s verde, en la cual las flores utilizadas por todos los participantes se ir\u00e1n a un proceso de compostaje junto a Green Mamma y el Ayuntamiento de La Antigua Guatemala.&nbsp;<span style=\"color: var( --e-global-color-text );text-align: var(--text-align)\">\u201cTodos los caminos del coraz\u00f3n te llevan a la Antigua Guatemala\u201d, refiere el lema final de este festival.<\/span><\/p>\n<p><u>&nbsp;<\/u>M\u00e1s all\u00e1 del evento de los d\u00edas del festival, tambi\u00e9n se han promovido varias actividades recreativas. El pr\u00f3ximo 10 de noviembre se celebrar\u00e1 \u201cCocinando con flores\u201d, para mostrar al p\u00fablico los platillos en los que el toque principal son las flores. Tambi\u00e9n habr\u00e1 un desfile, un torneo de ajedrez,<a href=\"https:\/\/soymigrante.com\/revista\/un-domingo-cualquiera-es-especial-en-la-antigua-guatemala\/\" target=\"_blank\" style=\"text-align: var(--text-align)\">entre otras actividades.<\/a><\/p>\t\t\t\t\t\t\t\t<\/div>\n\t\t\t\t<div class=\"elementor-element elementor-element-0938837 elementor-widget elementor-widget-heading\" data-id=\"0938837\" data-element_type=\"widget\" data-e-type=\"widget\" data-widget_type=\"heading.default\">\n\t\t\t\t\t<h3 class=\"elementor-heading-title elementor-size-default\">Im\u00e1genes del recuerdo: Festival de Flores en 2023<\/h3>\t\t\t\t<\/div>\n\t\t\t\t\t<\/div>\n\t\t\t\t<\/div>\n\t\t<div data-particle_enable=\"false\" data-particle-mobile-disabled=\"false\" class=\"elementor-element elementor-element-99e946b e-flex e-con-boxed e-con e-parent\" data-id=\"99e946b\" data-element_type=\"container\" data-e-type=\"container\">\n\t\t\t\t\t<div class=\"e-con-inner\">\n\t\t\t\t<div class=\"elementor-element elementor-element-b4250a4 elementor-arrows-position-inside elementor-pagination-position-outside elementor-widget elementor-widget-image-carousel\" data-id=\"b4250a4\" data-element_type=\"widget\" data-e-type=\"widget\" data-settings=\"{&quot;slides_to_show&quot;:&quot;1&quot;,&quot;navigation&quot;:&quot;both&quot;,&quot;autoplay&quot;:&quot;yes&quot;,&quot;pause_on_hover&quot;:&quot;yes&quot;,&quot;pause_on_interaction&quot;:&quot;yes&quot;,&quot;autoplay_speed&quot;:5000,&quot;infinite&quot;:&quot;yes&quot;,&quot;effect&quot;:&quot;slide&quot;,&quot;speed&quot;:500}\" data-widget_type=\"image-carousel.default\">\n\t\t\t\t\t\t\t<div class=\"elementor-image-carousel-wrapper swiper\" role=\"region\" aria-roledescription=\"carousel\" aria-label=\"Carrusel de im\u00e1genes\" dir=\"ltr\">\n\t\t\t<div class=\"elementor-image-carousel swiper-wrapper\" aria-live=\"off\">\n\t\t\t\t\t\t\t\t<div class=\"swiper-slide\" role=\"group\" aria-roledescription=\"slide\" aria-label=\"1 de 11\"><figure class=\"swiper-slide-inner\"><img decoding=\"async\" class=\"swiper-slide-image\" src=\"https:\/\/soymigrante.com\/revista\/wp-content\/uploads\/2024\/11\/festival-de-las-flores-feature2-819x1024.jpg\" alt=\"Ramo de flores coloridas en una fuente en una plaza hist\u00f3rica en Arequipa, Per\u00fa, durante un evento cultural y festivo, con edificios coloniales en el fondo.\" \/><\/figure><\/div><div class=\"swiper-slide\" role=\"group\" aria-roledescription=\"slide\" aria-label=\"2 de 11\"><figure class=\"swiper-slide-inner\"><img decoding=\"async\" class=\"swiper-slide-image\" src=\"https:\/\/soymigrante.com\/revista\/wp-content\/uploads\/2024\/11\/Festival-de-la-Flores15.webp\" alt=\"Rodeo de flores en festival tradicional de M\u00e9xico con mujeres vestidas en ropa t\u00edpica, rodeadas de coloridos arreglos florales y decoraciones culturales en las calles.\" \/><\/figure><\/div><div class=\"swiper-slide\" role=\"group\" aria-roledescription=\"slide\" aria-label=\"3 de 11\"><figure class=\"swiper-slide-inner\"><img decoding=\"async\" class=\"swiper-slide-image\" src=\"https:\/\/soymigrante.com\/revista\/wp-content\/uploads\/2024\/11\/Festival-de-la-Flores14-819x1024.jpg\" alt=\"Alta calidad de la Torre del Reloj de Antigua Guatemala decorada con flores vibrantes, representando patrimonio y turismo en Guatemala, ideal para revista de migrantes y cultura.\" \/><\/figure><\/div><div class=\"swiper-slide\" role=\"group\" aria-roledescription=\"slide\" aria-label=\"4 de 11\"><figure class=\"swiper-slide-inner\"><img decoding=\"async\" class=\"swiper-slide-image\" src=\"https:\/\/soymigrante.com\/revista\/wp-content\/uploads\/2024\/11\/Festival-de-la-Flores13-819x1024.jpg\" alt=\"Bandas de flores y cestas de mimbre colgadas en la pared amarilla, decorando un espacio con estilo r\u00fastico y vibrante, evocando la tradici\u00f3n y belleza del arte floral en el entorno artesanal.\" \/><\/figure><\/div><div class=\"swiper-slide\" role=\"group\" aria-roledescription=\"slide\" aria-label=\"5 de 11\"><figure class=\"swiper-slide-inner\"><img decoding=\"async\" class=\"swiper-slide-image\" src=\"https:\/\/soymigrante.com\/revista\/wp-content\/uploads\/2024\/11\/Festival-de-la-Flores12.webp\" alt=\"Flores tradicionales de mercado en colores vibrantes, ideales para arreglos florales festivos y culturales en M\u00e9xico.\" \/><\/figure><\/div><div class=\"swiper-slide\" role=\"group\" aria-roledescription=\"slide\" aria-label=\"6 de 11\"><figure class=\"swiper-slide-inner\"><img decoding=\"async\" class=\"swiper-slide-image\" src=\"https:\/\/soymigrante.com\/revista\/wp-content\/uploads\/2024\/11\/Festival-de-la-Flores11-819x1024.jpg\" alt=\"Arco floral en un mercado de flores en Guatemala, con flores coloridas, decoraciones tradicionales, y plantas t\u00edpicas, reflejando cultura y tradiciones guatemaltecas.\" \/><\/figure><\/div><div class=\"swiper-slide\" role=\"group\" aria-roledescription=\"slide\" aria-label=\"7 de 11\"><figure class=\"swiper-slide-inner\"><img decoding=\"async\" class=\"swiper-slide-image\" src=\"https:\/\/soymigrante.com\/revista\/wp-content\/uploads\/2024\/11\/Festival-de-la-Flores10-819x1024.jpg\" alt=\"Catedral hist\u00f3rica con decoraci\u00f3n floral vibrante en un d\u00eda soleado, s\u00edmbolo de cultura y patrimonio en Latinoam\u00e9rica.\" \/><\/figure><\/div><div class=\"swiper-slide\" role=\"group\" aria-roledescription=\"slide\" aria-label=\"8 de 11\"><figure class=\"swiper-slide-inner\"><img decoding=\"async\" class=\"swiper-slide-image\" src=\"https:\/\/soymigrante.com\/revista\/wp-content\/uploads\/2024\/11\/Festival-de-la-Flores6-819x1024.jpg\" alt=\"Colorido altar de D\u00eda de los Muertos con calavera decorada y flores en un evento cultural mexicano, resaltando tradiciones, celebraci\u00f3n y arte popular en M\u00e9xico.\" \/><\/figure><\/div><div class=\"swiper-slide\" role=\"group\" aria-roledescription=\"slide\" aria-label=\"9 de 11\"><figure class=\"swiper-slide-inner\"><img decoding=\"async\" class=\"swiper-slide-image\" src=\"https:\/\/soymigrante.com\/revista\/wp-content\/uploads\/2024\/11\/Festival-de-la-Flores5-819x1024.jpg\" alt=\"Colorida fachada de casa colonial decorada con flores en el balc\u00f3n, en un d\u00eda soleado, reflejando la cultura y belleza de la arquitectura tradicional mexicana.\" \/><\/figure><\/div><div class=\"swiper-slide\" role=\"group\" aria-roledescription=\"slide\" aria-label=\"10 de 11\"><figure class=\"swiper-slide-inner\"><img decoding=\"async\" class=\"swiper-slide-image\" src=\"https:\/\/soymigrante.com\/revista\/wp-content\/uploads\/2024\/11\/festival-de-las-flores6-768x1024.jpg\" alt=\"Colorido altar de D\u00eda de Muertos decorado con flores, frutas y calaveras en una celebraci\u00f3n tradicional mexicana en un pueblo con calles pintadas en colores vivos.\" \/><\/figure><\/div><div class=\"swiper-slide\" role=\"group\" aria-roledescription=\"slide\" aria-label=\"11 de 11\"><figure class=\"swiper-slide-inner\"><img decoding=\"async\" class=\"swiper-slide-image\" src=\"https:\/\/soymigrante.com\/revista\/wp-content\/uploads\/2024\/11\/Festival-de-la-Flores-768x1024.jpg\" alt=\"Colorido altar de D\u00eda de Muertos en una plaza hist\u00f3rica, adornado con flores y estructura de madera, celebrando la cultura mexicana en un ambiente festivo y vibrante.\" \/><\/figure><\/div>\t\t\t<\/div>\n\t\t\t\t\t\t\t\t\t\t\t\t<div class=\"elementor-swiper-button elementor-swiper-button-prev\" role=\"button\" tabindex=\"0\">\n\t\t\t\t\t\t<i aria-hidden=\"true\" class=\"eicon-chevron-left\"><\/i>\t\t\t\t\t<\/div>\n\t\t\t\t\t<div class=\"elementor-swiper-button elementor-swiper-button-next\" role=\"button\" tabindex=\"0\">\n\t\t\t\t\t\t<i aria-hidden=\"true\" class=\"eicon-chevron-right\"><\/i>\t\t\t\t\t<\/div>\n\t\t\t\t\n\t\t\t\t\t\t\t\t\t<div class=\"swiper-pagination\"><\/div>\n\t\t\t\t\t\t\t\t\t<\/div>\n\t\t\t\t\t\t<\/div>\n\t\t\t\t\t<\/div>\n\t\t\t\t<\/div>\n\t\t<div data-particle_enable=\"false\" data-particle-mobile-disabled=\"false\" class=\"elementor-element elementor-element-3d30fb7 e-flex e-con-boxed e-con e-parent\" data-id=\"3d30fb7\" data-element_type=\"container\" data-e-type=\"container\">\n\t\t\t\t\t<div class=\"e-con-inner\">\n\t\t\t\t<div class=\"elementor-element elementor-element-3636b90 elementor-widget elementor-widget-heading\" data-id=\"3636b90\" data-element_type=\"widget\" data-e-type=\"widget\" data-widget_type=\"heading.default\">\n\t\t\t\t\t<h2 class=\"elementor-heading-title elementor-size-default\">Una ciudad que enamora<\/h2>\t\t\t\t<\/div>\n\t\t\t\t\t<\/div>\n\t\t\t\t<\/div>\n\t\t<div data-particle_enable=\"false\" data-particle-mobile-disabled=\"false\" class=\"elementor-element elementor-element-93c4fdf e-flex e-con-boxed e-con e-parent\" data-id=\"93c4fdf\" data-element_type=\"container\" data-e-type=\"container\">\n\t\t\t\t\t<div class=\"e-con-inner\">\n\t\t\t\t<div class=\"elementor-element elementor-element-5a30312 elementor-grid-eael-col-3 elementor-grid-tablet-eael-col-2 elementor-grid-mobile-eael-col-1 elementor-widget elementor-widget-eael-post-grid\" data-id=\"5a30312\" data-element_type=\"widget\" data-e-type=\"widget\" data-settings=\"{&quot;eael_post_grid_columns&quot;:&quot;eael-col-3&quot;,&quot;eael_post_grid_columns_tablet&quot;:&quot;eael-col-2&quot;,&quot;eael_post_grid_columns_mobile&quot;:&quot;eael-col-1&quot;}\" data-widget_type=\"eael-post-grid.default\">\n\t\t\t\t\t<div id=\"eael-post-grid-5a30312\" class=\"eael-post-grid-container\">\n            <div class=\"eael-post-grid eael-post-appender eael-post-appender-5a30312 eael-post-grid-style-one\" data-layout-mode=\"masonry\"><article class=\"eael-grid-post  eael-post-grid-column eael-pg-post-5664 category-arte-cultura-guate-nuestra tags-joyas-de-antigua-guatemala\" data-id=\"5664\">\n        <div class=\"eael-grid-post-holder\">\n            <div class=\"eael-grid-post-holder-inner\"><div class=\"eael-entry-media\"><div class=\"eael-entry-overlay fade-in\"><i class=\"far fa-hand-pointer\" aria-hidden=\"true\"><\/i><a href=\"https:\/\/soymigrante.com\/revista\/joyas-de-antigua-guatemala-7-datos-de-las-ruinas-de-santa-clara\/\"><\/a><\/div><div class=\"eael-entry-thumbnail \">\n                <img fetchpriority=\"high\" decoding=\"async\" width=\"888\" height=\"660\" src=\"https:\/\/soymigrante.com\/revista\/wp-content\/uploads\/2024\/03\/Captura-de-pantalla-2024-03-28-144931.webp\" class=\"attachment-large size-large wp-image-5672\" alt=\"\u00c1ngeles flanquean los lados del atrio interior de Santa Clara. N\u00f3tese el estilo de las columnas a los lados, de tipo serliano. Por eso este frontispicio es una de las mejores muestras del barroco guatemalteco.\" srcset=\"https:\/\/soymigrante.com\/revista\/wp-content\/uploads\/2024\/03\/Captura-de-pantalla-2024-03-28-144931.webp 888w, https:\/\/soymigrante.com\/revista\/wp-content\/uploads\/2024\/03\/Captura-de-pantalla-2024-03-28-144931-300x223.webp 300w, https:\/\/soymigrante.com\/revista\/wp-content\/uploads\/2024\/03\/Captura-de-pantalla-2024-03-28-144931-768x571.webp 768w, https:\/\/soymigrante.com\/revista\/wp-content\/uploads\/2024\/03\/Captura-de-pantalla-2024-03-28-144931-750x557.webp 750w\" sizes=\"(max-width: 888px) 100vw, 888px\" \/>\n            <\/div>\n        <\/div><div class=\"eael-entry-wrapper\"><header class=\"eael-entry-header\"><h2 class=\"eael-entry-title\"><a class=\"eael-grid-post-link\" href=\"https:\/\/soymigrante.com\/revista\/joyas-de-antigua-guatemala-7-datos-de-las-ruinas-de-santa-clara\/\" title=\"Joyas de Antigua Guatemala: 7 datos de las ruinas del convento de Santa Clara\">Joyas de Antigua Guatemala: 7 datos de las ruinas del convento de Santa Clara<\/a><\/h2><\/header><div class=\"eael-entry-content\">\n                        <div class=\"eael-grid-post-excerpt\"><a href=\"https:\/\/soymigrante.com\/revista\/joyas-de-antigua-guatemala-7-datos-de-las-ruinas-de-santa-clara\/\" class=\"eael-post-elements-readmore-btn\">CONOCE SU HISTORIA <\/a><\/div>\n                    <\/div><\/div><\/div>\n        <\/div>\n    <\/article><article class=\"eael-grid-post  eael-post-grid-column eael-pg-post-7919 category-guate-nuestra\" data-id=\"7919\">\n        <div class=\"eael-grid-post-holder\">\n            <div class=\"eael-grid-post-holder-inner\"><div class=\"eael-entry-media\"><div class=\"eael-entry-overlay fade-in\"><i class=\"far fa-hand-pointer\" aria-hidden=\"true\"><\/i><a href=\"https:\/\/soymigrante.com\/revista\/tantas-parejas-suenan-con-celebrar-sus-bodas-en-antigua-guatemala\/\"><\/a><\/div><div class=\"eael-entry-thumbnail \">\n                <img decoding=\"async\" width=\"1024\" height=\"681\" src=\"https:\/\/soymigrante.com\/revista\/wp-content\/uploads\/2024\/08\/boda-ana-melissa-wedding-guatemala-1024x681.webp\" class=\"attachment-large size-large wp-image-7954\" alt=\"Elegante pareja de reci\u00e9n casados en sesi\u00f3n fotogr\u00e1fica con coche cl\u00e1sico blanco, fondo de arquitectura hist\u00f3rica, celebraci\u00f3n de amor y cultura en M\u00e9xico.\" srcset=\"https:\/\/soymigrante.com\/revista\/wp-content\/uploads\/2024\/08\/boda-ana-melissa-wedding-guatemala-1024x681.webp 1024w, https:\/\/soymigrante.com\/revista\/wp-content\/uploads\/2024\/08\/boda-ana-melissa-wedding-guatemala-300x200.webp 300w, https:\/\/soymigrante.com\/revista\/wp-content\/uploads\/2024\/08\/boda-ana-melissa-wedding-guatemala-768x511.webp 768w, https:\/\/soymigrante.com\/revista\/wp-content\/uploads\/2024\/08\/boda-ana-melissa-wedding-guatemala-750x499.webp 750w, https:\/\/soymigrante.com\/revista\/wp-content\/uploads\/2024\/08\/boda-ana-melissa-wedding-guatemala-1140x758.webp 1140w, https:\/\/soymigrante.com\/revista\/wp-content\/uploads\/2024\/08\/boda-ana-melissa-wedding-guatemala.webp 1440w\" sizes=\"(max-width: 1024px) 100vw, 1024px\" \/>\n            <\/div>\n        <\/div><div class=\"eael-entry-wrapper\"><header class=\"eael-entry-header\"><h2 class=\"eael-entry-title\"><a class=\"eael-grid-post-link\" href=\"https:\/\/soymigrante.com\/revista\/tantas-parejas-suenan-con-celebrar-sus-bodas-en-antigua-guatemala\/\" title=\"Tantas parejas sue\u00f1an con celebrar sus bodas en Antigua Guatemala\">Tantas parejas sue\u00f1an con celebrar sus bodas en Antigua Guatemala<\/a><\/h2><\/header><div class=\"eael-entry-content\">\n                        <div class=\"eael-grid-post-excerpt\"><a href=\"https:\/\/soymigrante.com\/revista\/tantas-parejas-suenan-con-celebrar-sus-bodas-en-antigua-guatemala\/\" class=\"eael-post-elements-readmore-btn\">CONOCE SU HISTORIA <\/a><\/div>\n                    <\/div><\/div><\/div>\n        <\/div>\n    <\/article><article class=\"eael-grid-post  eael-post-grid-column eael-pg-post-5452 category-guate-nuestra\" data-id=\"5452\">\n        <div class=\"eael-grid-post-holder\">\n            <div class=\"eael-grid-post-holder-inner\"><div class=\"eael-entry-media\"><div class=\"eael-entry-overlay fade-in\"><i class=\"far fa-hand-pointer\" aria-hidden=\"true\"><\/i><a href=\"https:\/\/soymigrante.com\/revista\/antigua-guatemala-alfombras-serrin-semana-santa-fe-tradicion\/\"><\/a><\/div><div class=\"eael-entry-thumbnail \">\n                <img decoding=\"async\" width=\"487\" height=\"638\" src=\"https:\/\/soymigrante.com\/revista\/wp-content\/uploads\/2024\/03\/Alfombras-de-Cuaresma-y-Semana-Santa-en-Antigua-Guatemala-Fotos-Michelle-Gonzalez-8.webp\" class=\"attachment-large size-large wp-image-5460\" alt=\"Los dise\u00f1os geom\u00e9tricos pueden adquirir enorme complejidad y requieren de hasta 10 moldes para ser completados. Quienes los elaboran se colocan sobre tablas sostenidas con bloques para poder trabajar por encima e ir coloreando con aserr\u00edn la forma prevista, El aserr\u00edn con los tintes se prepara desde muchas semanas antes, para que su color no var\u00ede al secarse. (Foto Michelle Gonzalez)\" srcset=\"https:\/\/soymigrante.com\/revista\/wp-content\/uploads\/2024\/03\/Alfombras-de-Cuaresma-y-Semana-Santa-en-Antigua-Guatemala-Fotos-Michelle-Gonzalez-8.webp 487w, https:\/\/soymigrante.com\/revista\/wp-content\/uploads\/2024\/03\/Alfombras-de-Cuaresma-y-Semana-Santa-en-Antigua-Guatemala-Fotos-Michelle-Gonzalez-8-229x300.webp 229w\" sizes=\"(max-width: 487px) 100vw, 487px\" \/>\n            <\/div>\n        <\/div><div class=\"eael-entry-wrapper\"><header class=\"eael-entry-header\"><h2 class=\"eael-entry-title\"><a class=\"eael-grid-post-link\" href=\"https:\/\/soymigrante.com\/revista\/antigua-guatemala-alfombras-serrin-semana-santa-fe-tradicion\/\" title=\"Alfombras de Antigua Guatemala: ofrenda de fe, trabajo y devoci\u00f3n\">Alfombras de Antigua Guatemala: ofrenda de fe, trabajo y devoci\u00f3n<\/a><\/h2><\/header><div class=\"eael-entry-content\">\n                        <div class=\"eael-grid-post-excerpt\"><a href=\"https:\/\/soymigrante.com\/revista\/antigua-guatemala-alfombras-serrin-semana-santa-fe-tradicion\/\" class=\"eael-post-elements-readmore-btn\">CONOCE SU HISTORIA <\/a><\/div>\n                    <\/div><\/div><\/div>\n        <\/div>\n    <\/article><\/div>\n            <div class=\"clearfix\"><\/div>\n        <\/div>\t\t\t\t<\/div>\n\t\t\t\t\t<\/div>\n\t\t\t\t<\/div>\n\t\t\t\t<\/div>\n\t\t","protected":false},"excerpt":{"rendered":"<p>La ciudad colonial de Antigua Guatemala se llena de color y belleza natural con el esperado Festival de Flores este 16 y 17 de noviembre. Est\u00e1 dedicado a exaltar a Guatemala como Tierra de Maravillas. Masiva afluencia de visitantes guatemaltecos y extranjeros atrae la ciudad colonial de Antigua Guatemala por el Festival de las Flores, [&hellip;]<\/p>\n","protected":false},"author":23,"featured_media":13388,"comment_status":"open","ping_status":"open","sticky":false,"template":"","format":"standard","meta":{"_acf_changed":false,"_eb_attr":"","footnotes":""},"categories":[58],"tags":[],"class_list":["post-11833","post","type-post","status-publish","format-standard","has-post-thumbnail","hentry","category-guate-nuestra"],"acf":[],"aioseo_notices":[],"aioseo_head":"\n\t\t<!-- All in One SEO Pro 4.9.6.2 - aioseo.com -->\n\t<meta name=\"description\" content=\"Las piedras de Antigua Guatemala se visten de colores fugaces y devotos en las tradicionales alfombras de aserr\u00edn, que son una fusi\u00f3n de elementos prehisp\u00e1nicos y espa\u00f1oles, en un admirable lenguaje de fe. Devoci\u00f3n de siglos se hace presente La elaboraci\u00f3n de alfombras de aserr\u00edn, flores, frutas y otros materiales vegetales es todo un s\u00edmbolo\" \/>\n\t<meta name=\"robots\" content=\"max-snippet:-1, max-image-preview:large, max-video-preview:-1\" \/>\n\t<meta name=\"author\" content=\"Beatriz Tercero\"\/>\n\t<link rel=\"canonical\" href=\"https:\/\/soymigrante.com\/revista\/ya-viene-el-festival-de-las-flores-de-antigua-guatemala-2024\/\" \/>\n\t<meta name=\"generator\" content=\"All in One SEO Pro (AIOSEO) 4.9.6.2\" \/>\n\n\t\t<link rel=\"preconnect\" href=\"https:\/\/fonts.googleapis.com\" crossorigin>\n<link rel=\"preconnect\" href=\"https:\/\/fonts.gstatic.com\" crossorigin>\n\t\t<meta property=\"og:locale\" content=\"es_ES\" \/>\n\t\t<meta property=\"og:site_name\" content=\"SoyMigrante.com REVISTA \u2013 Nuestra misi\u00f3n es reconocer y dignificar al migrante.\" \/>\n\t\t<meta property=\"og:type\" content=\"article\" \/>\n\t\t<meta property=\"og:title\" content=\"El Festival de Flores de Antigua Guatemala te espera\" \/>\n\t\t<meta property=\"og:description\" content=\"La ciudad colonial de Antigua Guatemala celebra este 16 y 17 de noviembre el Festival de las Flores, dedicado a Guatemala,Tierra de las Maravillas.\" \/>\n\t\t<meta property=\"og:url\" content=\"https:\/\/soymigrante.com\/revista\/ya-viene-el-festival-de-las-flores-de-antigua-guatemala-2024\/\" \/>\n\t\t<meta property=\"og:image\" content=\"https:\/\/soymigrante.com\/revista\/wp-content\/uploads\/2024\/11\/festival-de-las-flores-antigua-guatemala.webp\" \/>\n\t\t<meta property=\"og:image:secure_url\" content=\"https:\/\/soymigrante.com\/revista\/wp-content\/uploads\/2024\/11\/festival-de-las-flores-antigua-guatemala.webp\" \/>\n\t\t<meta property=\"og:image:width\" content=\"1018\" \/>\n\t\t<meta property=\"og:image:height\" content=\"1018\" \/>\n\t\t<meta property=\"article:published_time\" content=\"2024-11-16T15:29:32+00:00\" \/>\n\t\t<meta property=\"article:modified_time\" content=\"2024-11-16T16:24:02+00:00\" \/>\n\t\t<meta property=\"article:publisher\" content=\"https:\/\/www.facebook.com\/soymigrantecom\" \/>\n\t\t<meta name=\"twitter:card\" content=\"summary_large_image\" \/>\n\t\t<meta name=\"twitter:site\" content=\"@SoyMigrante_com\" \/>\n\t\t<meta name=\"twitter:title\" content=\"El Festival de Flores de Antigua Guatemala te espera\" \/>\n\t\t<meta name=\"twitter:description\" content=\"La ciudad colonial de Antigua Guatemala celebra este 16 y 17 de noviembre el Festival de las Flores, dedicado a Guatemala,Tierra de las Maravillas.\" \/>\n\t\t<meta name=\"twitter:creator\" content=\"@SoyMigrante_com\" \/>\n\t\t<meta name=\"twitter:image\" content=\"https:\/\/soymigrante.com\/revista\/wp-content\/uploads\/2024\/11\/festival-de-las-flores-antigua-guatemala.webp\" \/>\n\t\t<!-- All in One SEO Pro -->\r\n\t\t<title>El Festival de Flores de Antigua Guatemala te espera<\/title>\n\n","aioseo_head_json":{"title":"El Festival de Flores de Antigua Guatemala te espera","description":"La ciudad colonial de Antigua Guatemala celebra este 16 y 17 de noviembre el Festival de las Flores, dedicado a Guatemala,Tierra de las Maravillas.","canonical_url":"https:\/\/soymigrante.com\/revista\/ya-viene-el-festival-de-las-flores-de-antigua-guatemala-2024\/","robots":"max-snippet:-1, max-image-preview:large, max-video-preview:-1","keywords":"","webmasterTools":{"miscellaneous":"&lt;link rel=\"preconnect\" href=\"https:\/\/fonts.googleapis.com\" crossorigin&gt;\n&lt;link rel=\"preconnect\" href=\"https:\/\/fonts.gstatic.com\" crossorigin&gt;"},"schema":null,"og:locale":"es_ES","og:site_name":"SoyMigrante.com REVISTA \u2013 Nuestra misi\u00f3n es reconocer y dignificar al migrante.","og:type":"article","og:title":"El Festival de Flores de Antigua Guatemala te espera","og:description":"La ciudad colonial de Antigua Guatemala celebra este 16 y 17 de noviembre el Festival de las Flores, dedicado a Guatemala,Tierra de las Maravillas.","og:url":"https:\/\/soymigrante.com\/revista\/ya-viene-el-festival-de-las-flores-de-antigua-guatemala-2024\/","og:image":"https:\/\/soymigrante.com\/revista\/wp-content\/uploads\/2024\/11\/festival-de-las-flores-antigua-guatemala.webp","og:image:secure_url":"https:\/\/soymigrante.com\/revista\/wp-content\/uploads\/2024\/11\/festival-de-las-flores-antigua-guatemala.webp","og:image:width":1018,"og:image:height":1018,"article:published_time":"2024-11-16T15:29:32+00:00","article:modified_time":"2024-11-16T16:24:02+00:00","article:publisher":"https:\/\/www.facebook.com\/soymigrantecom","twitter:card":"summary_large_image","twitter:site":"@SoyMigrante_com","twitter:title":"El Festival de Flores de Antigua Guatemala te espera","twitter:description":"La ciudad colonial de Antigua Guatemala celebra este 16 y 17 de noviembre el Festival de las Flores, dedicado a Guatemala,Tierra de las Maravillas.","twitter:creator":"@SoyMigrante_com","twitter:image":"https:\/\/soymigrante.com\/revista\/wp-content\/uploads\/2024\/11\/festival-de-las-flores-antigua-guatemala.webp"},"aioseo_meta_data":{"post_id":"11833","title":"El Festival de Flores de Antigua Guatemala te espera","description":"La ciudad colonial de Antigua Guatemala celebra este 16 y 17 de noviembre el Festival de las Flores, dedicado a Guatemala,Tierra de las Maravillas.","keywords":null,"keyphrases":{"focus":{"keyphrase":"Festival de Flores","score":54,"analysis":{"keyphraseInTitle":{"score":9,"maxScore":9,"error":0},"keyphraseInDescription":{"score":3,"maxScore":9,"error":1},"keyphraseLength":{"score":9,"maxScore":9,"error":0,"length":3},"keyphraseInURL":{"score":1,"maxScore":5,"error":1},"keyphraseInIntroduction":{"score":3,"maxScore":9,"error":1},"keyphraseInSubHeadings":{"score":3,"maxScore":9,"error":1},"keyphraseInImageAlt":{"score":9,"maxScore":9,"error":0},"keywordDensity":{"score":0,"type":"low","maxScore":9,"error":1}}},"additional":[{"keyphrase":"Antigua Guatemala","score":100,"analysis":{"keyphraseInDescription":{"score":9,"maxScore":9,"error":0},"keyphraseLength":{"score":9,"maxScore":9,"error":0,"length":2},"keyphraseInIntroduction":{"score":9,"maxScore":9,"error":0},"keyphraseInImageAlt":{"score":9,"maxScore":9,"error":0},"keywordDensity":{"type":"best","score":9,"maxScore":9,"error":0}}},{"keyphrase":"Soy Migrante","score":40,"analysis":{"keyphraseInDescription":{"score":3,"maxScore":9,"error":1},"keyphraseLength":{"score":9,"maxScore":9,"error":0,"length":2},"keyphraseInIntroduction":{"score":3,"maxScore":9,"error":1},"keyphraseInImageAlt":{"score":3,"maxScore":9,"error":1},"keywordDensity":{"score":0,"type":"low","maxScore":9,"error":1}}},{"keyphrase":"guatemala","score":100,"analysis":{"keyphraseInDescription":{"score":9,"maxScore":9,"error":0},"keyphraseLength":{"score":9,"maxScore":9,"error":0,"length":1},"keyphraseInIntroduction":{"score":9,"maxScore":9,"error":0},"keyphraseInImageAlt":{"score":9,"maxScore":9,"error":0},"keywordDensity":{"type":"best","score":9,"maxScore":9,"error":0}}}]},"primary_term":null,"canonical_url":null,"og_title":null,"og_description":null,"og_object_type":"default","og_image_type":"default","og_image_url":null,"og_image_width":null,"og_image_height":null,"og_image_custom_url":null,"og_image_custom_fields":null,"og_video":"","og_custom_url":null,"og_article_section":null,"og_article_tags":null,"twitter_use_og":false,"twitter_card":"default","twitter_image_type":"default","twitter_image_url":null,"twitter_image_custom_url":null,"twitter_image_custom_fields":null,"twitter_title":null,"twitter_description":null,"schema":{"blockGraphs":[],"customGraphs":[],"default":{"data":{"Article":[],"Course":[],"Dataset":[],"FAQPage":[],"Movie":[],"Person":[],"Product":[],"ProductReview":[],"Car":[],"Recipe":[],"Service":[],"SoftwareApplication":[],"WebPage":[]},"graphName":"Article","isEnabled":true},"graphs":[]},"schema_type":"default","schema_type_options":null,"pillar_content":false,"robots_default":true,"robots_noindex":false,"robots_noarchive":false,"robots_nosnippet":false,"robots_nofollow":false,"robots_noimageindex":false,"robots_noodp":false,"robots_notranslate":false,"robots_max_snippet":"-1","robots_max_videopreview":"-1","robots_max_imagepreview":"large","priority":null,"frequency":"default","local_seo":null,"seo_analyzer_scan_date":"2025-10-09 00:19:11","breadcrumb_settings":null,"limit_modified_date":false,"reviewed_by":null,"open_ai":"{\"title\":{\"suggestions\":[],\"usage\":0},\"description\":{\"suggestions\":[],\"usage\":0}}","ai":null,"created":"2024-11-04 01:25:07","updated":"2026-02-04 16:33:46"},"aioseo_breadcrumb":"<div class=\"aioseo-breadcrumbs\"><span class=\"aioseo-breadcrumb\">\n\t<a href=\"https:\/\/soymigrante.com\/revista\" title=\"Home\">Home<\/a>\n<\/span><span class=\"aioseo-breadcrumb-separator\">\u00bb<\/span><span class=\"aioseo-breadcrumb\">\n\t<a href=\"https:\/\/soymigrante.com\/revista\/category\/guate-nuestra\/\" title=\"Guate Nuestra\">Guate Nuestra<\/a>\n<\/span><span class=\"aioseo-breadcrumb-separator\">\u00bb<\/span><span class=\"aioseo-breadcrumb\">\n\tFestival de las Flores de Antigua 2024 celebra las maravillas de Guatemala: ven a verlo\n<\/span><\/div>","aioseo_breadcrumb_json":[{"label":"Home","link":"https:\/\/soymigrante.com\/revista"},{"label":"Guate Nuestra","link":"https:\/\/soymigrante.com\/revista\/category\/guate-nuestra\/"},{"label":"Festival de las Flores de Antigua 2024 celebra las maravillas de Guatemala: ven a verlo","link":"https:\/\/soymigrante.com\/revista\/ya-viene-el-festival-de-las-flores-de-antigua-guatemala-2024\/"}],"_links":{"self":[{"href":"https:\/\/soymigrante.com\/revista\/wp-json\/wp\/v2\/posts\/11833","targetHints":{"allow":["GET"]}}],"collection":[{"href":"https:\/\/soymigrante.com\/revista\/wp-json\/wp\/v2\/posts"}],"about":[{"href":"https:\/\/soymigrante.com\/revista\/wp-json\/wp\/v2\/types\/post"}],"author":[{"embeddable":true,"href":"https:\/\/soymigrante.com\/revista\/wp-json\/wp\/v2\/users\/23"}],"replies":[{"embeddable":true,"href":"https:\/\/soymigrante.com\/revista\/wp-json\/wp\/v2\/comments?post=11833"}],"version-history":[{"count":0,"href":"https:\/\/soymigrante.com\/revista\/wp-json\/wp\/v2\/posts\/11833\/revisions"}],"wp:featuredmedia":[{"embeddable":true,"href":"https:\/\/soymigrante.com\/revista\/wp-json\/wp\/v2\/media\/13388"}],"wp:attachment":[{"href":"https:\/\/soymigrante.com\/revista\/wp-json\/wp\/v2\/media?parent=11833"}],"wp:term":[{"taxonomy":"category","embeddable":true,"href":"https:\/\/soymigrante.com\/revista\/wp-json\/wp\/v2\/categories?post=11833"},{"taxonomy":"post_tag","embeddable":true,"href":"https:\/\/soymigrante.com\/revista\/wp-json\/wp\/v2\/tags?post=11833"}],"curies":[{"name":"wp","href":"https:\/\/api.w.org\/{rel}","templated":true}]}}