{"id":1179,"date":"2023-06-07T01:03:32","date_gmt":"2023-06-07T01:03:32","guid":{"rendered":"https:\/\/soymigrante.com\/revista\/?p=1179"},"modified":"2024-11-01T04:42:19","modified_gmt":"2024-11-01T10:42:19","slug":"migrante-guatemalteco-mario-cabrera","status":"publish","type":"post","link":"https:\/\/soymigrante.com\/revista\/migrante-guatemalteco-mario-cabrera\/","title":{"rendered":"Resaltan aporte de   guatemalteco Mario Cabrera en EE. UU."},"content":{"rendered":"\t\t<div data-elementor-type=\"wp-post\" data-elementor-id=\"1179\" class=\"elementor elementor-1179\" data-elementor-post-type=\"post\">\n\t\t\t\t\t\t<section data-particle_enable=\"false\" data-particle-mobile-disabled=\"false\" class=\"elementor-section elementor-top-section elementor-element elementor-element-5bbbedd elementor-section-boxed elementor-section-height-default elementor-section-height-default\" data-id=\"5bbbedd\" data-element_type=\"section\" data-e-type=\"section\">\n\t\t\t\t\t\t<div class=\"elementor-container elementor-column-gap-default\">\n\t\t\t\t\t<div class=\"elementor-column elementor-col-100 elementor-top-column elementor-element elementor-element-3734b92\" data-id=\"3734b92\" data-element_type=\"column\" data-e-type=\"column\">\n\t\t\t<div class=\"elementor-widget-wrap elementor-element-populated\">\n\t\t\t\t\t\t<div class=\"elementor-element elementor-element-512bac1 elementor-widget elementor-widget-heading\" data-id=\"512bac1\" data-element_type=\"widget\" data-e-type=\"widget\" data-widget_type=\"heading.default\">\n\t\t\t\t\t<h2 class=\"elementor-heading-title elementor-size-default\">Mario Cabrera es un exitoso profesional y migrante guatemalteco, gerente de marketing de una gran empresa farmac\u00e9utica, que fue destacado por una prestigiosa publicaci\u00f3n dedicada a impulsar el talento hispano.<\/h2>\t\t\t\t<\/div>\n\t\t\t\t\t<\/div>\n\t\t<\/div>\n\t\t\t\t\t<\/div>\n\t\t<\/section>\n\t\t\t\t<section data-particle_enable=\"false\" data-particle-mobile-disabled=\"false\" class=\"elementor-section elementor-top-section elementor-element elementor-element-a57c258 elementor-section-boxed elementor-section-height-default elementor-section-height-default\" data-id=\"a57c258\" data-element_type=\"section\" data-e-type=\"section\">\n\t\t\t\t\t\t<div class=\"elementor-container elementor-column-gap-default\">\n\t\t\t\t\t<div class=\"elementor-column elementor-col-100 elementor-top-column elementor-element elementor-element-33325b3\" data-id=\"33325b3\" data-element_type=\"column\" data-e-type=\"column\">\n\t\t\t<div class=\"elementor-widget-wrap elementor-element-populated\">\n\t\t\t\t\t\t<div class=\"elementor-element elementor-element-b061298 elementor-widget__width-initial elementor-widget elementor-widget-text-editor\" data-id=\"b061298\" data-element_type=\"widget\" data-e-type=\"widget\" data-widget_type=\"text-editor.default\">\n\t\t\t\t\t\t\t\t\t<p>El guatemalteco Ma<span style=\"font-family: Roboto, sans-serif; font-size: 16px; font-style: normal; font-variant-ligatures: normal; font-variant-caps: normal; font-weight: 400; text-align: justify; color: var( --e-global-color-text ); background-color: var(--ak-bg-color);\">rio Cabrera lidera el \u00e1rea de marketing de la divisi\u00f3n de productos para mascotas para todo Estados Unidos dentro de la compa\u00f1\u00eda farmac\u00e9utica Boehringer Ingelheim, una de las 20 m\u00e1s grandes del mundo en su ramo. Su larga carrera profesional en Estados Unidos es la mejor prueba de su \u00e9xito.\u00a0<\/span><\/p><p><span style=\"font-family: Roboto, sans-serif; font-size: 16px; font-style: normal; font-variant-ligatures: normal; font-variant-caps: normal; font-weight: 400; text-align: justify; color: var( --e-global-color-text ); background-color: var(--ak-bg-color);\">Sin embargo, este migrante guatemalteco siempre resalta sus valores guatemaltecos como pilar b\u00e1sico de su desempe\u00f1o.\u00a0<\/span><span style=\"color: var( --e-global-color-text ); text-align: justify; background-color: var(--ak-bg-color);\">Cabrera\u00a0 afirma que siempre ve &#8220;muchas conexiones entre su cultura hispana y los valores corporativos&#8221;<\/span><span style=\"text-align: justify; background-color: var(--ak-bg-color);\"><span style=\"color: #000000; font-family: BISansNEXT, fallback, sans-serif;\">.<\/span><\/span><\/p>\t\t\t\t\t\t\t\t<\/div>\n\t\t\t\t\t<\/div>\n\t\t<\/div>\n\t\t\t\t\t<\/div>\n\t\t<\/section>\n\t\t\t\t<section data-particle_enable=\"false\" data-particle-mobile-disabled=\"false\" class=\"elementor-section elementor-top-section elementor-element elementor-element-ee84a98 elementor-section-boxed elementor-section-height-default elementor-section-height-default\" data-id=\"ee84a98\" data-element_type=\"section\" data-e-type=\"section\">\n\t\t\t\t\t\t<div class=\"elementor-container elementor-column-gap-default\">\n\t\t\t\t\t<div class=\"elementor-column elementor-col-100 elementor-top-column elementor-element elementor-element-67e9a7f\" data-id=\"67e9a7f\" data-element_type=\"column\" data-e-type=\"column\">\n\t\t\t<div class=\"elementor-widget-wrap elementor-element-populated\">\n\t\t\t\t\t\t<div class=\"elementor-element elementor-element-6c80aa9 elementor-widget__width-initial elementor-widget elementor-widget-text-editor\" data-id=\"6c80aa9\" data-element_type=\"widget\" data-e-type=\"widget\" data-widget_type=\"text-editor.default\">\n\t\t\t\t\t\t\t\t\t<p><span style=\"font-weight: 400; color: var( --e-global-color-text ); background-color: var(--ak-bg-color);\">Cree firmemente que la mayor parte de personas que se trasladan a un nuevo pa\u00eds, llevan consigo valores y culturas atesorados en el coraz\u00f3n y la mente. Al encontrarse ante situaciones inesperadas aplican ciertas actitudes positivas que va marcado la diferencia. Tal ha sido su experiencia.<\/span><\/p>\t\t\t\t\t\t\t\t<\/div>\n\t\t\t\t\t<\/div>\n\t\t<\/div>\n\t\t\t\t\t<\/div>\n\t\t<\/section>\n\t\t\t\t<section data-particle_enable=\"false\" data-particle-mobile-disabled=\"false\" class=\"elementor-section elementor-top-section elementor-element elementor-element-f1c78ae elementor-section-boxed elementor-section-height-default elementor-section-height-default\" data-id=\"f1c78ae\" data-element_type=\"section\" data-e-type=\"section\">\n\t\t\t\t\t\t<div class=\"elementor-container elementor-column-gap-default\">\n\t\t\t\t\t<div class=\"elementor-column elementor-col-100 elementor-top-column elementor-element elementor-element-5ef469a\" data-id=\"5ef469a\" data-element_type=\"column\" data-e-type=\"column\">\n\t\t\t<div class=\"elementor-widget-wrap elementor-element-populated\">\n\t\t\t\t\t\t<div class=\"elementor-element elementor-element-02ec0cb elementor-widget elementor-widget-video\" data-id=\"02ec0cb\" data-element_type=\"widget\" data-e-type=\"widget\" data-settings=\"{&quot;youtube_url&quot;:&quot;https:\\\/\\\/www.youtube.com\\\/watch?v=mTVw_aiAgao&quot;,&quot;video_type&quot;:&quot;youtube&quot;,&quot;controls&quot;:&quot;yes&quot;}\" data-widget_type=\"video.default\">\n\t\t\t\t\t\t\t<div class=\"elementor-wrapper elementor-open-inline\">\n\t\t\t<div class=\"elementor-video\"><\/div>\t\t<\/div>\n\t\t\t\t\t\t<\/div>\n\t\t\t\t\t<\/div>\n\t\t<\/div>\n\t\t\t\t\t<\/div>\n\t\t<\/section>\n\t\t\t\t<section data-particle_enable=\"false\" data-particle-mobile-disabled=\"false\" class=\"elementor-section elementor-top-section elementor-element elementor-element-f863cad elementor-section-boxed elementor-section-height-default elementor-section-height-default\" data-id=\"f863cad\" data-element_type=\"section\" data-e-type=\"section\">\n\t\t\t\t\t\t<div class=\"elementor-container elementor-column-gap-default\">\n\t\t\t\t\t<div class=\"elementor-column elementor-col-100 elementor-top-column elementor-element elementor-element-03dc9d7\" data-id=\"03dc9d7\" data-element_type=\"column\" data-e-type=\"column\">\n\t\t\t<div class=\"elementor-widget-wrap elementor-element-populated\">\n\t\t\t\t\t\t<div class=\"elementor-element elementor-element-05a4198 elementor-widget elementor-widget-heading\" data-id=\"05a4198\" data-element_type=\"widget\" data-e-type=\"widget\" data-widget_type=\"heading.default\">\n\t\t\t\t\t<h3 class=\"elementor-heading-title elementor-size-default\">Los valores como herramienta de defensa<\/h3>\t\t\t\t<\/div>\n\t\t\t\t<div class=\"elementor-element elementor-element-0bd09c5 elementor-widget elementor-widget-text-editor\" data-id=\"0bd09c5\" data-element_type=\"widget\" data-e-type=\"widget\" data-widget_type=\"text-editor.default\">\n\t\t\t\t\t\t\t\t\t<p><span style=\"font-weight: 400;\">Mario Cabrera tiene el valor del respeto como uno de sus pilares. En una entrevista con la prestigiosa revista <a href=\"https:\/\/hispanicexecutive.com\/mario-cabrera-boehringer-ingelheim\/\">Hispanic Heritage<\/a>, en ingl\u00e9s, dedicada a exaltar el liderazgo hispano en diversas industrias de Estados Unidos, publicada en febrero de 2023, relat\u00f3 una experiencia que ilustra esta actitud, que le hizo pasar una situaci\u00f3n que no olvida.<\/span><\/p><p><span style=\"font-weight: 400;\">En una ocasi\u00f3n estaba en una reuni\u00f3n bastante concurrida y un vicepresidente, de mayor edad, lleg\u00f3 tarde a la reuni\u00f3n. Cabrera se puso de pie para\u00a0 cederle el lugar. Le hab\u00edan dicho que no lo hiciera, pero para \u00e9l era lo apropiado, lo m\u00e1s humilde y educado.\u00a0<\/span><span style=\"font-weight: 400; color: var( --e-global-color-text ); background-color: var(--ak-bg-color);\">\u00a0\u201cSoy de Guatemala y los valores con los que me criaron, me dijeron de inmediato que respetara a mis mayores y a mis superiores\u201d.\u00a0<\/span><\/p><p><span style=\"font-weight: 400; color: var( --e-global-color-text ); background-color: var(--ak-bg-color);\">Aunque la experiencia de la reuni\u00f3n fue inc\u00f3moda, no iba a cambiar su sistema de valores. &#8220;Si iba a tener que ser cruel o desconsiderado para salir adelante, no quer\u00eda hacerlo&#8221;, comparti\u00f3 en una capacitaci\u00f3n de liderazgo patrocinada por el Consejo Corporativo Nacional Hispano (NHCC), instituci\u00f3n a la cual fue invitado a pertenecer.<\/span><\/p>\t\t\t\t\t\t\t\t<\/div>\n\t\t\t\t\t<\/div>\n\t\t<\/div>\n\t\t\t\t\t<\/div>\n\t\t<\/section>\n\t\t\t\t<section data-particle_enable=\"false\" data-particle-mobile-disabled=\"false\" class=\"elementor-section elementor-top-section elementor-element elementor-element-30fa3f0 elementor-section-boxed elementor-section-height-default elementor-section-height-default\" data-id=\"30fa3f0\" data-element_type=\"section\" data-e-type=\"section\">\n\t\t\t\t\t\t<div class=\"elementor-container elementor-column-gap-default\">\n\t\t\t\t\t<div class=\"elementor-column elementor-col-100 elementor-top-column elementor-element elementor-element-4aa2c09\" data-id=\"4aa2c09\" data-element_type=\"column\" data-e-type=\"column\">\n\t\t\t<div class=\"elementor-widget-wrap elementor-element-populated\">\n\t\t\t\t\t\t<div class=\"elementor-element elementor-element-4a1e28b elementor-widget elementor-widget-text-editor\" data-id=\"4a1e28b\" data-element_type=\"widget\" data-e-type=\"widget\" data-widget_type=\"text-editor.default\">\n\t\t\t\t\t\t\t\t\t<p><span style=\"font-weight: 400;\">Ciertamente Mario se encontraba en un entorno competitivo, y por muchas razones las acciones m\u00e1s sencillas abr\u00edan grandes oportunidades. Siempre ha sostenido que los latinos tienen ideas y comportamientos que permiten crear una personalidad corporativa con calidad y empat\u00eda. Por ello fue invitado\u00a0 a formar parte de la junta directiva de dicho consejo.<\/span><\/p><p><span style=\"font-weight: 400; color: var( --e-global-color-text ); background-color: var(--ak-bg-color);\">&#8220;No ten\u00eda que cambiar mis valores para subir de cargo. No\u00a0 ten\u00eda que convertirme en alguien que no quer\u00eda ser.\u00a0Simplemente necesitaba encontrar el espacio adecuado para mi carrera&#8221;, a\u00f1adi\u00f3.<\/span><\/p>\t\t\t\t\t\t\t\t<\/div>\n\t\t\t\t\t<\/div>\n\t\t<\/div>\n\t\t\t\t\t<\/div>\n\t\t<\/section>\n\t\t\t\t<section data-particle_enable=\"false\" data-particle-mobile-disabled=\"false\" class=\"elementor-section elementor-top-section elementor-element elementor-element-c026e2f elementor-section-boxed elementor-section-height-default elementor-section-height-default\" data-id=\"c026e2f\" data-element_type=\"section\" data-e-type=\"section\">\n\t\t\t\t\t\t<div class=\"elementor-container elementor-column-gap-default\">\n\t\t\t\t\t<div class=\"elementor-column elementor-col-100 elementor-top-column elementor-element elementor-element-5b7caa9\" data-id=\"5b7caa9\" data-element_type=\"column\" data-e-type=\"column\">\n\t\t\t<div class=\"elementor-widget-wrap elementor-element-populated\">\n\t\t\t\t\t\t<div class=\"elementor-element elementor-element-ecb7338 elementor-widget elementor-widget-heading\" data-id=\"ecb7338\" data-element_type=\"widget\" data-e-type=\"widget\" data-widget_type=\"heading.default\">\n\t\t\t\t\t<h3 class=\"elementor-heading-title elementor-size-default\">La recompensa llega un a\u00f1o desp\u00faes<\/h3>\t\t\t\t<\/div>\n\t\t\t\t<div class=\"elementor-element elementor-element-339bec9 elementor-widget__width-initial elementor-widget elementor-widget-text-editor\" data-id=\"339bec9\" data-element_type=\"widget\" data-e-type=\"widget\" data-widget_type=\"text-editor.default\">\n\t\t\t\t\t\t\t\t\t<p><span style=\"font-weight: 400;\">En una ocasi\u00f3n se abri\u00f3 una plaza de\u00a0 trabajo en Merck Animal Health, al cual Mario Cabrera deseaba aplicar. Coincidi\u00f3 con David Gonzales, mentor de la capacitaci\u00f3n que realiz\u00f3 el Consejo Corporativo Nacional Hispano (NHCC).\u00a0<\/span><span style=\"font-weight: 400; color: var( --e-global-color-text ); background-color: var(--ak-bg-color);\">Cabrera fue reconocido de inmediato por la experiencia que en su momento comparti\u00f3, David Gonzales ayudo a Cabrera a obtener la entrevista de trabajo.\u00a0<\/span><\/p><p><span style=\"font-weight: 400; color: var( --e-global-color-text ); background-color: var(--ak-bg-color);\">\u201cEl tipo de redes que nosotros, como hispanos, podemos construir f\u00e1cilmente es muy importante. Este es alguien que conoc\u00ed y que sirvi\u00f3 como un gran ejemplo.\u00a0En alg\u00fan momento, podr\u00e9 devolverle ese favor a otra persona\u201d, asegura en la entrevista.<\/span><\/p>\t\t\t\t\t\t\t\t<\/div>\n\t\t\t\t\t<\/div>\n\t\t<\/div>\n\t\t\t\t\t<\/div>\n\t\t<\/section>\n\t\t\t\t<section data-particle_enable=\"false\" data-particle-mobile-disabled=\"false\" class=\"elementor-section elementor-top-section elementor-element elementor-element-a3a5c77 elementor-section-boxed elementor-section-height-default elementor-section-height-default\" data-id=\"a3a5c77\" data-element_type=\"section\" data-e-type=\"section\">\n\t\t\t\t\t\t<div class=\"elementor-container elementor-column-gap-default\">\n\t\t\t\t\t<div class=\"elementor-column elementor-col-100 elementor-top-column elementor-element elementor-element-7c21b16\" data-id=\"7c21b16\" data-element_type=\"column\" data-e-type=\"column\">\n\t\t\t<div class=\"elementor-widget-wrap elementor-element-populated\">\n\t\t\t\t\t\t<div class=\"elementor-element elementor-element-e44301a elementor-widget elementor-widget-text-editor\" data-id=\"e44301a\" data-element_type=\"widget\" data-e-type=\"widget\" data-widget_type=\"text-editor.default\">\n\t\t\t\t\t\t\t\t\t<p><span style=\"font-weight: 400;\">Desde 2019 trabaja en la divisi\u00f3n de marketing de productos para mascotas de Boehringer Ingelheim, empresa alemana con m\u00e1s de 130 a\u00f1os de historia. <\/span><span style=\"font-weight: 400;\">El negocio de la salud animal no es uno en el que existan muchos ejecutivos de origen latino.\u00a0Sin embargo, el trabajo realizado por Cabrera en Boehringer Ingelheim ha abierto en la compa\u00f1\u00eda compa\u00f1\u00eda sensibilidades para crear nuevos canales de talento est\u00e1 logrando resultados impresionantes.\u00a0<\/span><\/p><p><span style=\"font-weight: 400; color: var( --e-global-color-text ); background-color: var(--ak-bg-color);\">\u201cEs muy f\u00e1cil para m\u00ed simplemente abrirme a mi red cuando busco atraer a diversos vendedores\u201d, dice Cabrera.\u00a0\u201cNo solo buscamos las mismas escuelas de talento, tambi\u00e9n tratamos de reflejar a los clientes que servimos&#8221;, expresa en alusi\u00f3n a la creciente poblaci\u00f3n hispana en EE.UU.<\/span><\/p><p><span style=\"font-weight: 400; color: var( --e-global-color-text ); background-color: var(--ak-bg-color);\">En efecto en el <a href=\"https:\/\/www.boehringer-ingelheim.com\/us\/news\/diversity-inclusion\/3-ways-bis-corporate-values-align-hispanic-heritage\">sitio digital de Boehringer Ingelheim<\/a>, Mario resalta tres grandes valores del trabajador\u00a0 hispano: capacidad para las buenas relaciones, profunda cultura de respeto y la disposici\u00f3n a ser agradecidos para poder ayudar a otros.<\/span><\/p>\t\t\t\t\t\t\t\t<\/div>\n\t\t\t\t\t<\/div>\n\t\t<\/div>\n\t\t\t\t\t<\/div>\n\t\t<\/section>\n\t\t\t\t<section data-particle_enable=\"false\" data-particle-mobile-disabled=\"false\" class=\"elementor-section elementor-top-section elementor-element elementor-element-f873b22 elementor-section-boxed elementor-section-height-default elementor-section-height-default\" data-id=\"f873b22\" data-element_type=\"section\" data-e-type=\"section\">\n\t\t\t\t\t\t<div class=\"elementor-container elementor-column-gap-default\">\n\t\t\t\t\t<div class=\"elementor-column elementor-col-100 elementor-top-column elementor-element elementor-element-b88145c\" data-id=\"b88145c\" data-element_type=\"column\" data-e-type=\"column\">\n\t\t\t<div class=\"elementor-widget-wrap elementor-element-populated\">\n\t\t\t\t\t\t<div class=\"elementor-element elementor-element-3ee79bd elementor-widget elementor-widget-image\" data-id=\"3ee79bd\" data-element_type=\"widget\" data-e-type=\"widget\" data-widget_type=\"image.default\">\n\t\t\t\t\t\t\t\t\t\t\t\t<figure class=\"wp-caption\">\n\t\t\t\t\t\t\t\t\t\t<img fetchpriority=\"high\" decoding=\"async\" width=\"400\" height=\"533\" src=\"https:\/\/soymigrante.com\/revista\/wp-content\/uploads\/2023\/06\/mario-cabrera-en-una-foto-de-boehring-ingelmann.webp\" class=\"attachment-large size-large wp-image-1277\" alt=\"\" srcset=\"https:\/\/soymigrante.com\/revista\/wp-content\/uploads\/2023\/06\/mario-cabrera-en-una-foto-de-boehring-ingelmann.webp 400w, https:\/\/soymigrante.com\/revista\/wp-content\/uploads\/2023\/06\/mario-cabrera-en-una-foto-de-boehring-ingelmann-225x300.webp 225w\" sizes=\"(max-width: 400px) 100vw, 400px\" title=\"Mario Cabrera es un proactivo y din\u00e1mico integrante de la farmac\u00e9utica Boehring Ingelmann. Fotograf\u00eda de Boehring Ingelmann \u2013 SoyMigrante.com REVISTA\" \/>\t\t\t\t\t\t\t\t\t\t\t<figcaption class=\"widget-image-caption wp-caption-text\">El guatemalteco Mario Cabrera impulsa la valoraci\u00f3n del talento hispano en su compa\u00f1\u00eda (Fotograf\u00eda de Boehring Ingelmann)<\/figcaption>\n\t\t\t\t\t\t\t\t\t\t<\/figure>\n\t\t\t\t\t\t\t\t\t<\/div>\n\t\t\t\t\t<\/div>\n\t\t<\/div>\n\t\t\t\t\t<\/div>\n\t\t<\/section>\n\t\t\t\t<section data-particle_enable=\"false\" data-particle-mobile-disabled=\"false\" class=\"elementor-section elementor-top-section elementor-element elementor-element-2cf6740 elementor-section-boxed elementor-section-height-default elementor-section-height-default\" data-id=\"2cf6740\" data-element_type=\"section\" data-e-type=\"section\">\n\t\t\t\t\t\t<div class=\"elementor-container elementor-column-gap-default\">\n\t\t\t\t\t<div class=\"elementor-column elementor-col-100 elementor-top-column elementor-element elementor-element-aea31fd\" data-id=\"aea31fd\" data-element_type=\"column\" data-e-type=\"column\">\n\t\t\t<div class=\"elementor-widget-wrap elementor-element-populated\">\n\t\t\t\t\t\t<div class=\"elementor-element elementor-element-56dbae4 elementor-widget elementor-widget-heading\" data-id=\"56dbae4\" data-element_type=\"widget\" data-e-type=\"widget\" data-widget_type=\"heading.default\">\n\t\t\t\t\t<h3 class=\"elementor-heading-title elementor-size-default\">Mario, una inspiraci\u00f3n y ejemplo<\/h3>\t\t\t\t<\/div>\n\t\t\t\t<div class=\"elementor-element elementor-element-fc34d16 elementor-widget elementor-widget-text-editor\" data-id=\"fc34d16\" data-element_type=\"widget\" data-e-type=\"widget\" data-widget_type=\"text-editor.default\">\n\t\t\t\t\t\t\t\t\t<p><span style=\"font-weight: 400;\">Mario es hijo de un piloto de la Fuerza A\u00e9rea Guatemalteca,\u00a0 de origen humilde y de una ama de casa que dej\u00f3 de graduarse de la escuela secundaria para cuidar de su familia.<\/span><span style=\"color: var( --e-global-color-text ); background-color: var(--ak-bg-color);\">\u00a0\u201cDoy gracias a Dios porque mis padres me trajeron a los EE. UU. para recibir educaci\u00f3n y por los mentores que me ayudaron en el camino, solo quiero continuar retribuyendo a los dem\u00e1s como pueda, y ayudar a otros a aceptar quienes son, los valores con los que fueron criados son los que los hacen ser quienes son, y deben celebrarse\u201d, expresa.<\/span><\/p><p>Parte de la informaci\u00f3n de la nota se public\u00f3 originalmente en ingl\u00e9s en\u00a0 \u00a0<span style=\"color: var( --e-global-color-text ); background-color: var(--ak-bg-color);\"><a href=\"https:\/\/hispanicexecutive.com\/mario-cabrera-boehringer-ingelheim\/\">https:\/\/hispanicexecutive.com\/mario-cabrera-boehringer-ingelheim\/<\/a><\/span><\/p>\t\t\t\t\t\t\t\t<\/div>\n\t\t\t\t\t<\/div>\n\t\t<\/div>\n\t\t\t\t\t<\/div>\n\t\t<\/section>\n\t\t\t\t<section data-particle_enable=\"false\" data-particle-mobile-disabled=\"false\" class=\"elementor-section elementor-top-section elementor-element elementor-element-be5cf40 elementor-section-boxed elementor-section-height-default elementor-section-height-default\" data-id=\"be5cf40\" data-element_type=\"section\" data-e-type=\"section\">\n\t\t\t\t\t\t<div class=\"elementor-container elementor-column-gap-default\">\n\t\t\t\t\t<div class=\"elementor-column elementor-col-100 elementor-top-column elementor-element elementor-element-ada9d77\" data-id=\"ada9d77\" data-element_type=\"column\" data-e-type=\"column\">\n\t\t\t<div class=\"elementor-widget-wrap elementor-element-populated\">\n\t\t\t\t\t\t<div class=\"elementor-element elementor-element-78bb8dc elementor-widget elementor-widget-image\" data-id=\"78bb8dc\" data-element_type=\"widget\" data-e-type=\"widget\" data-widget_type=\"image.default\">\n\t\t\t\t\t\t\t\t\t\t\t\t\t\t\t<img decoding=\"async\" width=\"683\" height=\"692\" src=\"https:\/\/soymigrante.com\/revista\/wp-content\/uploads\/2023\/06\/mario-cabrera.webp\" class=\"attachment-large size-large wp-image-1245\" alt=\"El guatemalteco Mario Cabrera fue destacado como orgullo hispano por la farmac\u00e9utica donde labora.\" srcset=\"https:\/\/soymigrante.com\/revista\/wp-content\/uploads\/2023\/06\/mario-cabrera.webp 683w, https:\/\/soymigrante.com\/revista\/wp-content\/uploads\/2023\/06\/mario-cabrera-296x300.webp 296w, https:\/\/soymigrante.com\/revista\/wp-content\/uploads\/2023\/06\/mario-cabrera-75x75.webp 75w\" sizes=\"(max-width: 683px) 100vw, 683px\" title=\"El guatemalteco Mario Cabrera fue destacado como orgullo hispano por la farmac\u00e9utica donde labora. \u2013 SoyMigrante.com REVISTA\" \/>\t\t\t\t\t\t\t\t\t\t\t\t\t\t\t<\/div>\n\t\t\t\t\t<\/div>\n\t\t<\/div>\n\t\t\t\t\t<\/div>\n\t\t<\/section>\n\t\t\t\t<\/div>\n\t\t","protected":false},"excerpt":{"rendered":"<p>Mario Cabrera es un exitoso profesional y migrante guatemalteco, gerente de marketing de una gran empresa farmac\u00e9utica, que fue destacado por una prestigiosa publicaci\u00f3n dedicada a impulsar el talento hispano. El guatemalteco Mario Cabrera lidera el \u00e1rea de marketing de la divisi\u00f3n de productos para mascotas para todo Estados Unidos dentro de la compa\u00f1\u00eda farmac\u00e9utica [&hellip;]<\/p>\n","protected":false},"author":10,"featured_media":1180,"comment_status":"open","ping_status":"open","sticky":false,"template":"","format":"standard","meta":{"_acf_changed":false,"_eb_attr":"","footnotes":""},"categories":[50],"tags":[],"class_list":["post-1179","post","type-post","status-publish","format-standard","has-post-thumbnail","hentry","category-exitos"],"acf":[],"aioseo_notices":[],"aioseo_head":"\n\t\t<!-- All in One SEO Pro 4.9.6.2 - aioseo.com -->\n\t<meta name=\"description\" content=\"Mario Cabrera es un exitoso profesional y migrante guatemalteco, gerente de marketing de una gran empresa farmac\u00e9utica, que fue destacado por una prestigiosa publicaci\u00f3n dedicada a impulsar el talento hispano. El guatemalteco Mario Cabrera lidera el \u00e1rea de marketing de la divisi\u00f3n de productos para mascotas para todo Estados Unidos dentro de la compa\u00f1\u00eda farmac\u00e9utica\" \/>\n\t<meta name=\"robots\" content=\"max-snippet:-1, max-image-preview:large, max-video-preview:-1\" \/>\n\t<meta name=\"author\" content=\"Diana Batz\"\/>\n\t<link rel=\"canonical\" href=\"https:\/\/soymigrante.com\/revista\/migrante-guatemalteco-mario-cabrera\/\" \/>\n\t<meta name=\"generator\" content=\"All in One SEO Pro (AIOSEO) 4.9.6.2\" \/>\n\n\t\t<link rel=\"preconnect\" href=\"https:\/\/fonts.googleapis.com\" crossorigin>\n<link rel=\"preconnect\" href=\"https:\/\/fonts.gstatic.com\" crossorigin>\n\t\t<meta property=\"og:locale\" content=\"es_ES\" \/>\n\t\t<meta property=\"og:site_name\" content=\"SoyMigrante.com REVISTA \u2013 Nuestra misi\u00f3n es reconocer y dignificar al migrante.\" \/>\n\t\t<meta property=\"og:type\" content=\"article\" \/>\n\t\t<meta property=\"og:title\" content=\"Resaltan aporte de guatemalteco Mario Cabrera en EE. UU.\" \/>\n\t\t<meta property=\"og:description\" content=\"Mario Cabrera es un exitoso profesional y migrante guatemalteco, gerente de marketing de una gran empresa farmac\u00e9utica, que fue destacado por una prestigiosa publicaci\u00f3n dedicada a impulsar el talento hispano. El guatemalteco Mario Cabrera lidera el \u00e1rea de marketing de la divisi\u00f3n de productos para mascotas para todo Estados Unidos dentro de la compa\u00f1\u00eda farmac\u00e9utica\" \/>\n\t\t<meta property=\"og:url\" content=\"https:\/\/soymigrante.com\/revista\/migrante-guatemalteco-mario-cabrera\/\" \/>\n\t\t<meta property=\"og:image\" content=\"https:\/\/soymigrante.com\/revista\/wp-content\/uploads\/2023\/06\/CORTESIA-DE-MARIO-CABRERA.webp\" \/>\n\t\t<meta property=\"og:image:secure_url\" content=\"https:\/\/soymigrante.com\/revista\/wp-content\/uploads\/2023\/06\/CORTESIA-DE-MARIO-CABRERA.webp\" \/>\n\t\t<meta property=\"og:image:width\" content=\"1019\" \/>\n\t\t<meta property=\"og:image:height\" content=\"1280\" \/>\n\t\t<meta property=\"article:published_time\" content=\"2023-06-07T01:03:32+00:00\" \/>\n\t\t<meta property=\"article:modified_time\" content=\"2024-11-01T10:42:19+00:00\" \/>\n\t\t<meta property=\"article:publisher\" content=\"https:\/\/www.facebook.com\/soymigrantecom\" \/>\n\t\t<meta name=\"twitter:card\" content=\"summary_large_image\" \/>\n\t\t<meta name=\"twitter:site\" content=\"@SoyMigrante_com\" \/>\n\t\t<meta name=\"twitter:title\" content=\"Resaltan aporte de guatemalteco Mario Cabrera en EE. UU.\" \/>\n\t\t<meta name=\"twitter:description\" content=\"Mario Cabrera es un exitoso profesional y migrante guatemalteco, gerente de marketing de una gran empresa farmac\u00e9utica, que fue destacado por una prestigiosa publicaci\u00f3n dedicada a impulsar el talento hispano. El guatemalteco Mario Cabrera lidera el \u00e1rea de marketing de la divisi\u00f3n de productos para mascotas para todo Estados Unidos dentro de la compa\u00f1\u00eda farmac\u00e9utica\" \/>\n\t\t<meta name=\"twitter:creator\" content=\"@SoyMigrante_com\" \/>\n\t\t<meta name=\"twitter:image\" content=\"https:\/\/soymigrante.com\/revista\/wp-content\/uploads\/2023\/06\/CORTESIA-DE-MARIO-CABRERA.webp\" \/>\n\t\t<!-- All in One SEO Pro -->\r\n\t\t<title>Resaltan aporte de guatemalteco Mario Cabrera en EE. UU.<\/title>\n\n","aioseo_head_json":{"title":"Resaltan aporte de guatemalteco Mario Cabrera en EE. UU.","description":"Mario Cabrera es un exitoso profesional y migrante guatemalteco, gerente de marketing de una gran empresa farmac\u00e9utica, que fue destacado por una prestigiosa publicaci\u00f3n dedicada a impulsar el talento hispano. El guatemalteco Mario Cabrera lidera el \u00e1rea de marketing de la divisi\u00f3n de productos para mascotas para todo Estados Unidos dentro de la compa\u00f1\u00eda farmac\u00e9utica","canonical_url":"https:\/\/soymigrante.com\/revista\/migrante-guatemalteco-mario-cabrera\/","robots":"max-snippet:-1, max-image-preview:large, max-video-preview:-1","keywords":"","webmasterTools":{"miscellaneous":"&lt;link rel=\"preconnect\" href=\"https:\/\/fonts.googleapis.com\" crossorigin&gt;\n&lt;link rel=\"preconnect\" href=\"https:\/\/fonts.gstatic.com\" crossorigin&gt;"},"schema":null,"og:locale":"es_ES","og:site_name":"SoyMigrante.com REVISTA \u2013 Nuestra misi\u00f3n es reconocer y dignificar al migrante.","og:type":"article","og:title":"Resaltan aporte de guatemalteco Mario Cabrera en EE. UU.","og:description":"Mario Cabrera es un exitoso profesional y migrante guatemalteco, gerente de marketing de una gran empresa farmac\u00e9utica, que fue destacado por una prestigiosa publicaci\u00f3n dedicada a impulsar el talento hispano. El guatemalteco Mario Cabrera lidera el \u00e1rea de marketing de la divisi\u00f3n de productos para mascotas para todo Estados Unidos dentro de la compa\u00f1\u00eda farmac\u00e9utica","og:url":"https:\/\/soymigrante.com\/revista\/migrante-guatemalteco-mario-cabrera\/","og:image":"https:\/\/soymigrante.com\/revista\/wp-content\/uploads\/2023\/06\/CORTESIA-DE-MARIO-CABRERA.webp","og:image:secure_url":"https:\/\/soymigrante.com\/revista\/wp-content\/uploads\/2023\/06\/CORTESIA-DE-MARIO-CABRERA.webp","og:image:width":1019,"og:image:height":1280,"article:published_time":"2023-06-07T01:03:32+00:00","article:modified_time":"2024-11-01T10:42:19+00:00","article:publisher":"https:\/\/www.facebook.com\/soymigrantecom","twitter:card":"summary_large_image","twitter:site":"@SoyMigrante_com","twitter:title":"Resaltan aporte de guatemalteco Mario Cabrera en EE. UU.","twitter:description":"Mario Cabrera es un exitoso profesional y migrante guatemalteco, gerente de marketing de una gran empresa farmac\u00e9utica, que fue destacado por una prestigiosa publicaci\u00f3n dedicada a impulsar el talento hispano. El guatemalteco Mario Cabrera lidera el \u00e1rea de marketing de la divisi\u00f3n de productos para mascotas para todo Estados Unidos dentro de la compa\u00f1\u00eda farmac\u00e9utica","twitter:creator":"@SoyMigrante_com","twitter:image":"https:\/\/soymigrante.com\/revista\/wp-content\/uploads\/2023\/06\/CORTESIA-DE-MARIO-CABRERA.webp"},"aioseo_meta_data":{"post_id":"1179","title":null,"description":null,"keywords":null,"keyphrases":{"focus":{"keyphrase":"Migrante","score":51,"analysis":{"keyphraseInTitle":{"score":3,"maxScore":9,"error":1},"keyphraseInDescription":{"score":9,"maxScore":9,"error":0},"keyphraseLength":{"score":9,"maxScore":9,"error":0,"length":1},"keyphraseInURL":{"score":5,"maxScore":5,"error":0},"keyphraseInIntroduction":{"score":3,"maxScore":9,"error":1},"keyphraseInSubHeadings":{"score":3,"maxScore":9,"error":1},"keyphraseInImageAlt":{"score":3,"maxScore":9,"error":1},"keywordDensity":{"score":0,"type":"low","maxScore":9,"error":1}}},"additional":[]},"primary_term":null,"canonical_url":null,"og_title":null,"og_description":null,"og_object_type":"default","og_image_type":"default","og_image_url":null,"og_image_width":null,"og_image_height":null,"og_image_custom_url":null,"og_image_custom_fields":null,"og_video":"","og_custom_url":null,"og_article_section":null,"og_article_tags":null,"twitter_use_og":false,"twitter_card":"default","twitter_image_type":"default","twitter_image_url":null,"twitter_image_custom_url":null,"twitter_image_custom_fields":null,"twitter_title":null,"twitter_description":null,"schema":{"blockGraphs":[],"customGraphs":[],"default":{"data":{"Article":[],"Course":[],"Dataset":[],"FAQPage":[],"Movie":[],"Person":[],"Product":[],"ProductReview":[],"Car":[],"Recipe":[],"Service":[],"SoftwareApplication":[],"WebPage":[]},"graphName":"Article","isEnabled":true},"graphs":[]},"schema_type":"default","schema_type_options":null,"pillar_content":false,"robots_default":true,"robots_noindex":false,"robots_noarchive":false,"robots_nosnippet":false,"robots_nofollow":false,"robots_noimageindex":false,"robots_noodp":false,"robots_notranslate":false,"robots_max_snippet":"-1","robots_max_videopreview":"-1","robots_max_imagepreview":"large","priority":null,"frequency":"default","local_seo":null,"seo_analyzer_scan_date":"2025-10-08 19:51:17","breadcrumb_settings":null,"limit_modified_date":false,"reviewed_by":null,"open_ai":"{\"title\":{\"suggestions\":[],\"usage\":0},\"description\":{\"suggestions\":[],\"usage\":0}}","ai":null,"created":"2023-08-18 13:06:41","updated":"2026-02-04 04:36:37"},"aioseo_breadcrumb":"<div class=\"aioseo-breadcrumbs\"><span class=\"aioseo-breadcrumb\">\n\t<a href=\"https:\/\/soymigrante.com\/revista\" title=\"Home\">Home<\/a>\n<\/span><span class=\"aioseo-breadcrumb-separator\">\u00bb<\/span><span class=\"aioseo-breadcrumb\">\n\t<a href=\"https:\/\/soymigrante.com\/revista\/category\/exitos\/\" title=\"\u00c9xitos\">\u00c9xitos<\/a>\n<\/span><span class=\"aioseo-breadcrumb-separator\">\u00bb<\/span><span class=\"aioseo-breadcrumb\">\n\tResaltan aporte de   guatemalteco Mario Cabrera en EE. UU.\n<\/span><\/div>","aioseo_breadcrumb_json":[{"label":"Home","link":"https:\/\/soymigrante.com\/revista"},{"label":"\u00c9xitos","link":"https:\/\/soymigrante.com\/revista\/category\/exitos\/"},{"label":"Resaltan aporte de   guatemalteco Mario Cabrera en EE. UU.","link":"https:\/\/soymigrante.com\/revista\/migrante-guatemalteco-mario-cabrera\/"}],"_links":{"self":[{"href":"https:\/\/soymigrante.com\/revista\/wp-json\/wp\/v2\/posts\/1179","targetHints":{"allow":["GET"]}}],"collection":[{"href":"https:\/\/soymigrante.com\/revista\/wp-json\/wp\/v2\/posts"}],"about":[{"href":"https:\/\/soymigrante.com\/revista\/wp-json\/wp\/v2\/types\/post"}],"author":[{"embeddable":true,"href":"https:\/\/soymigrante.com\/revista\/wp-json\/wp\/v2\/users\/10"}],"replies":[{"embeddable":true,"href":"https:\/\/soymigrante.com\/revista\/wp-json\/wp\/v2\/comments?post=1179"}],"version-history":[{"count":1,"href":"https:\/\/soymigrante.com\/revista\/wp-json\/wp\/v2\/posts\/1179\/revisions"}],"predecessor-version":[{"id":53575,"href":"https:\/\/soymigrante.com\/revista\/wp-json\/wp\/v2\/posts\/1179\/revisions\/53575"}],"wp:featuredmedia":[{"embeddable":true,"href":"https:\/\/soymigrante.com\/revista\/wp-json\/wp\/v2\/media\/1180"}],"wp:attachment":[{"href":"https:\/\/soymigrante.com\/revista\/wp-json\/wp\/v2\/media?parent=1179"}],"wp:term":[{"taxonomy":"category","embeddable":true,"href":"https:\/\/soymigrante.com\/revista\/wp-json\/wp\/v2\/categories?post=1179"},{"taxonomy":"post_tag","embeddable":true,"href":"https:\/\/soymigrante.com\/revista\/wp-json\/wp\/v2\/tags?post=1179"}],"curies":[{"name":"wp","href":"https:\/\/api.w.org\/{rel}","templated":true}]}}