{"id":1156,"date":"2023-06-01T17:48:49","date_gmt":"2023-06-01T17:48:49","guid":{"rendered":"https:\/\/soymigrante.com\/revista\/?p=1156"},"modified":"2026-03-11T16:30:39","modified_gmt":"2026-03-11T22:30:39","slug":"las-palabras-del-mejor-graduado-de-una-high-school-de-texas-un-migrante-guatemalteco","status":"publish","type":"post","link":"https:\/\/soymigrante.com\/revista\/las-palabras-del-mejor-graduado-de-una-high-school-de-texas-un-migrante-guatemalteco\/","title":{"rendered":"Migrante guatemalteco,  el mejor graduado de una High School de Texas, relata su vivencia"},"content":{"rendered":"\t\t<div data-elementor-type=\"wp-post\" data-elementor-id=\"1156\" class=\"elementor elementor-1156\" data-elementor-post-type=\"post\">\n\t\t\t\t\t\t<section data-particle_enable=\"false\" data-particle-mobile-disabled=\"false\" class=\"elementor-section elementor-top-section elementor-element elementor-element-6fdc006 elementor-section-boxed elementor-section-height-default elementor-section-height-default\" data-id=\"6fdc006\" data-element_type=\"section\" data-e-type=\"section\">\n\t\t\t\t\t\t<div class=\"elementor-container elementor-column-gap-default\">\n\t\t\t\t\t<div class=\"elementor-column elementor-col-100 elementor-top-column elementor-element elementor-element-0e8d1a2\" data-id=\"0e8d1a2\" data-element_type=\"column\" data-e-type=\"column\">\n\t\t\t<div class=\"elementor-widget-wrap elementor-element-populated\">\n\t\t\t\t\t\t<div class=\"elementor-element elementor-element-305b770 elementor-widget elementor-widget-heading\" data-id=\"305b770\" data-element_type=\"widget\" data-e-type=\"widget\" data-widget_type=\"heading.default\">\n\t\t\t\t\t<h1 class=\"elementor-heading-title elementor-size-default\">Ra\u00fal L\u00f3pez,  lleg\u00f3 a Texas en 2014. Enfrent\u00f3 las dificultades de ser migrante guatemalteco, pero el 23 de mayo se gradu\u00f3 como el mejor de su promoci\u00f3m. Escribe su testimonio de vida especialmente para  SoyMigrante.com<\/h1>\t\t\t\t<\/div>\n\t\t\t\t\t<\/div>\n\t\t<\/div>\n\t\t\t\t\t<\/div>\n\t\t<\/section>\n\t\t\t\t<section data-particle_enable=\"false\" data-particle-mobile-disabled=\"false\" class=\"elementor-section elementor-top-section elementor-element elementor-element-27df6af elementor-section-boxed elementor-section-height-default elementor-section-height-default\" data-id=\"27df6af\" data-element_type=\"section\" data-e-type=\"section\">\n\t\t\t\t\t\t<div class=\"elementor-container elementor-column-gap-default\">\n\t\t\t\t\t<div class=\"elementor-column elementor-col-100 elementor-top-column elementor-element elementor-element-d13e373\" data-id=\"d13e373\" data-element_type=\"column\" data-e-type=\"column\">\n\t\t\t<div class=\"elementor-widget-wrap elementor-element-populated\">\n\t\t\t\t\t\t<div class=\"elementor-element elementor-element-6f2b689 elementor-widget elementor-widget-image\" data-id=\"6f2b689\" data-element_type=\"widget\" data-e-type=\"widget\" data-widget_type=\"image.default\">\n\t\t\t\t\t\t\t\t\t\t\t\t<figure class=\"wp-caption\">\n\t\t\t\t\t\t\t\t\t\t<img fetchpriority=\"high\" decoding=\"async\" width=\"1024\" height=\"620\" src=\"https:\/\/soymigrante.com\/revista\/wp-content\/uploads\/2023\/06\/Raul-Lopez-joven-guatemalteco-que-se-graduo-como-el-mejor-de-su-clase-en-la-High-School-Maceo-Smithm-de-Dallas-1-1024x620.jpg\" class=\"attachment-large size-large wp-image-1148\" alt=\"\" srcset=\"https:\/\/soymigrante.com\/revista\/wp-content\/uploads\/2023\/06\/Raul-Lopez-joven-guatemalteco-que-se-graduo-como-el-mejor-de-su-clase-en-la-High-School-Maceo-Smithm-de-Dallas-1-1024x620.jpg 1024w, https:\/\/soymigrante.com\/revista\/wp-content\/uploads\/2023\/06\/Raul-Lopez-joven-guatemalteco-que-se-graduo-como-el-mejor-de-su-clase-en-la-High-School-Maceo-Smithm-de-Dallas-1-300x182.webp 300w, https:\/\/soymigrante.com\/revista\/wp-content\/uploads\/2023\/06\/Raul-Lopez-joven-guatemalteco-que-se-graduo-como-el-mejor-de-su-clase-en-la-High-School-Maceo-Smithm-de-Dallas-1-768x465.jpg 768w, https:\/\/soymigrante.com\/revista\/wp-content\/uploads\/2023\/06\/Raul-Lopez-joven-guatemalteco-que-se-graduo-como-el-mejor-de-su-clase-en-la-High-School-Maceo-Smithm-de-Dallas-1-750x454.webp 750w, https:\/\/soymigrante.com\/revista\/wp-content\/uploads\/2023\/06\/Raul-Lopez-joven-guatemalteco-que-se-graduo-como-el-mejor-de-su-clase-en-la-High-School-Maceo-Smithm-de-Dallas-1-1140x691.jpg 1140w, https:\/\/soymigrante.com\/revista\/wp-content\/uploads\/2023\/06\/Raul-Lopez-joven-guatemalteco-que-se-graduo-como-el-mejor-de-su-clase-en-la-High-School-Maceo-Smithm-de-Dallas-1.webp 1299w\" sizes=\"(max-width: 1024px) 100vw, 1024px\" title=\"Ra\u00fal L\u00f3pez, joven guatemalteco que se gradu\u00f3 como el mejor de su clase en la High School Maceo Smithm de Dallas (1) \u2013 SoyMigrante.com REVISTA\" \/>\t\t\t\t\t\t\t\t\t\t\t<figcaption class=\"widget-image-caption wp-caption-text\">Autoridades de la High School Maceo Smith felicitan a Ra\u00fal L\u00f3pez, por ser el mejor de la promoci\u00f3n de egresados 2023.<\/figcaption>\n\t\t\t\t\t\t\t\t\t\t<\/figure>\n\t\t\t\t\t\t\t\t\t<\/div>\n\t\t\t\t\t<\/div>\n\t\t<\/div>\n\t\t\t\t\t<\/div>\n\t\t<\/section>\n\t\t\t\t<section data-particle_enable=\"false\" data-particle-mobile-disabled=\"false\" class=\"elementor-section elementor-top-section elementor-element elementor-element-9e187ec elementor-section-boxed elementor-section-height-default elementor-section-height-default\" data-id=\"9e187ec\" data-element_type=\"section\" data-e-type=\"section\">\n\t\t\t\t\t\t<div class=\"elementor-container elementor-column-gap-default\">\n\t\t\t\t\t<div class=\"elementor-column elementor-col-100 elementor-top-column elementor-element elementor-element-c4197fd\" data-id=\"c4197fd\" data-element_type=\"column\" data-e-type=\"column\">\n\t\t\t<div class=\"elementor-widget-wrap elementor-element-populated\">\n\t\t\t\t\t\t<div class=\"elementor-element elementor-element-d22ceeb elementor-widget elementor-widget-text-editor\" data-id=\"d22ceeb\" data-element_type=\"widget\" data-e-type=\"widget\" data-widget_type=\"text-editor.default\">\n\t\t\t\t\t\t\t\t\t<p><b>Ra\u00fal L\u00f3pez, migrante guatemalteco y estudiante. Este es mi mensaje.<\/b><\/p>\n<p>Solo con una maleta y una botella de agua llegu\u00e9&#8221; relat\u00f3 el migrante guatemalteco Ra\u00fal L\u00f3pez acerca de su llegada a la ciudad de Dallas, Texas. La dif\u00edcil adaptaci\u00f3n a un entorno extra\u00f1o, la diferencia idiom\u00e1tica, los esfuerzos de sus padres fueron parte de su discurso de graduaci\u00f3n de High School Maceo Smith. Ello fue el 21 de mayo \u00faltimo y&nbsp; le correspondi\u00f3 por ser el mejor de su promoci\u00f3n.<\/p>\n<p>Ra\u00fal forma parte tambi\u00e9n del programa de liderazgo Barack Obama, el cual busca propiciar el acceso universitario. Gracias a dicho programa obtuvo una beca para&nbsp; continuar su ruta profesional.&nbsp;&nbsp;<\/p><p>El migrante guatemalteco escribi\u00f3 este mensaje de testimonio para S<b>oyMigrante.com<\/b> acerca de sus vivencias. En este texto hay emoci\u00f3n, inspiraci\u00f3n y grandes ganas de vivir.<\/p>\t\t\t\t\t\t\t\t<\/div>\n\t\t\t\t\t<\/div>\n\t\t<\/div>\n\t\t\t\t\t<\/div>\n\t\t<\/section>\n\t\t\t\t<section data-particle_enable=\"false\" data-particle-mobile-disabled=\"false\" class=\"elementor-section elementor-top-section elementor-element elementor-element-eedeac3 elementor-section-boxed elementor-section-height-default elementor-section-height-default\" data-id=\"eedeac3\" data-element_type=\"section\" data-e-type=\"section\">\n\t\t\t\t\t\t<div class=\"elementor-container elementor-column-gap-default\">\n\t\t\t\t\t<div class=\"elementor-column elementor-col-100 elementor-top-column elementor-element elementor-element-d8228ee\" data-id=\"d8228ee\" data-element_type=\"column\" data-e-type=\"column\">\n\t\t\t<div class=\"elementor-widget-wrap elementor-element-populated\">\n\t\t\t\t\t\t<div class=\"elementor-element elementor-element-835791f elementor-widget elementor-widget-image\" data-id=\"835791f\" data-element_type=\"widget\" data-e-type=\"widget\" data-widget_type=\"image.default\">\n\t\t\t\t\t\t\t\t\t\t\t\t<figure class=\"wp-caption\">\n\t\t\t\t\t\t\t\t\t\t<img decoding=\"async\" width=\"1024\" height=\"768\" src=\"https:\/\/soymigrante.com\/revista\/wp-content\/uploads\/2023\/06\/Raul-Lopez-joven-guatemalteco-que-se-graduo-como-el-mejor-de-su-clase-en-la-High-School-Maceo-Smithm-de-Dallas-3-1024x768.jpg\" class=\"attachment-large size-large wp-image-1150\" alt=\"\" srcset=\"https:\/\/soymigrante.com\/revista\/wp-content\/uploads\/2023\/06\/Raul-Lopez-joven-guatemalteco-que-se-graduo-como-el-mejor-de-su-clase-en-la-High-School-Maceo-Smithm-de-Dallas-3-1024x768.jpg 1024w, https:\/\/soymigrante.com\/revista\/wp-content\/uploads\/2023\/06\/Raul-Lopez-joven-guatemalteco-que-se-graduo-como-el-mejor-de-su-clase-en-la-High-School-Maceo-Smithm-de-Dallas-3-300x225.webp 300w, https:\/\/soymigrante.com\/revista\/wp-content\/uploads\/2023\/06\/Raul-Lopez-joven-guatemalteco-que-se-graduo-como-el-mejor-de-su-clase-en-la-High-School-Maceo-Smithm-de-Dallas-3-768x576.jpg 768w, https:\/\/soymigrante.com\/revista\/wp-content\/uploads\/2023\/06\/Raul-Lopez-joven-guatemalteco-que-se-graduo-como-el-mejor-de-su-clase-en-la-High-School-Maceo-Smithm-de-Dallas-3-750x563.webp 750w, https:\/\/soymigrante.com\/revista\/wp-content\/uploads\/2023\/06\/Raul-Lopez-joven-guatemalteco-que-se-graduo-como-el-mejor-de-su-clase-en-la-High-School-Maceo-Smithm-de-Dallas-3-1140x855.jpg 1140w, https:\/\/soymigrante.com\/revista\/wp-content\/uploads\/2023\/06\/Raul-Lopez-joven-guatemalteco-que-se-graduo-como-el-mejor-de-su-clase-en-la-High-School-Maceo-Smithm-de-Dallas-3.webp 1280w\" sizes=\"(max-width: 1024px) 100vw, 1024px\" title=\"Ra\u00fal L\u00f3pez, joven guatemalteco que se gradu\u00f3 como el mejor de su clase en la High School Maceo Smithm de Dallas (3) \u2013 SoyMigrante.com REVISTA\" \/>\t\t\t\t\t\t\t\t\t\t\t<figcaption class=\"widget-image-caption wp-caption-text\">Esta es la HIgh School Maceo Smith, de la cual se gradu\u00f3 Ra\u00fal L\u00f3pez. Dicho centro participa en la iniciativa de desarrollo de liderazgos j\u00f3venes de  Barack Obama.<\/figcaption>\n\t\t\t\t\t\t\t\t\t\t<\/figure>\n\t\t\t\t\t\t\t\t\t<\/div>\n\t\t\t\t\t<\/div>\n\t\t<\/div>\n\t\t\t\t\t<\/div>\n\t\t<\/section>\n\t\t\t\t<section data-particle_enable=\"false\" data-particle-mobile-disabled=\"false\" class=\"elementor-section elementor-top-section elementor-element elementor-element-c01851f elementor-section-boxed elementor-section-height-default elementor-section-height-default\" data-id=\"c01851f\" data-element_type=\"section\" data-e-type=\"section\">\n\t\t\t\t\t\t<div class=\"elementor-container elementor-column-gap-default\">\n\t\t\t\t\t<div class=\"elementor-column elementor-col-100 elementor-top-column elementor-element elementor-element-4c2a8df\" data-id=\"4c2a8df\" data-element_type=\"column\" data-e-type=\"column\">\n\t\t\t<div class=\"elementor-widget-wrap elementor-element-populated\">\n\t\t\t\t\t\t<div class=\"elementor-element elementor-element-648f31e elementor-widget elementor-widget-heading\" data-id=\"648f31e\" data-element_type=\"widget\" data-e-type=\"widget\" data-widget_type=\"heading.default\">\n\t\t\t\t\t<h3 class=\"elementor-heading-title elementor-size-default\">\"Fue como si me lanzaran al agua fr\u00eda\" <\/h3>\t\t\t\t<\/div>\n\t\t\t\t\t<\/div>\n\t\t<\/div>\n\t\t\t\t\t<\/div>\n\t\t<\/section>\n\t\t\t\t<section data-particle_enable=\"false\" data-particle-mobile-disabled=\"false\" class=\"elementor-section elementor-top-section elementor-element elementor-element-8b08a00 elementor-section-boxed elementor-section-height-default elementor-section-height-default\" data-id=\"8b08a00\" data-element_type=\"section\" data-e-type=\"section\">\n\t\t\t\t\t\t<div class=\"elementor-container elementor-column-gap-default\">\n\t\t\t\t\t<div class=\"elementor-column elementor-col-100 elementor-top-column elementor-element elementor-element-149696e\" data-id=\"149696e\" data-element_type=\"column\" data-e-type=\"column\">\n\t\t\t<div class=\"elementor-widget-wrap elementor-element-populated\">\n\t\t\t\t\t\t<div class=\"elementor-element elementor-element-4fba164 elementor-widget elementor-widget-text-editor\" data-id=\"4fba164\" data-element_type=\"widget\" data-e-type=\"widget\" data-widget_type=\"text-editor.default\">\n\t\t\t\t\t\t\t\t\t<p><span style=\"background-color: var(--ak-bg-color); color: var( --e-global-color-text ); font-size: 12pt;\">Cuando aterric\u00e9 en los Estados Unidos,\u00a0desde Guatemala, el miedo era una de las muchas ideas que dominaban mis\u00a0pensamientos. Un d\u00eda yo era\u00a0 Ra\u00fal Alejandro L\u00f3pez Mu\u00f1oz, y al siguiente me convert\u00ed\u00a0en simplemente Ra\u00fal L\u00f3pez. De puro golpe, sin tener opci\u00f3n. No reconoc\u00eda\u00a0absolutamente nada del ambiente al que me hab\u00eda trasladado y tampoco estaba\u00a0suficientemente familiarizado con el lenguaje como para que pudiera hacer\u00a0preguntas y adquirir una imagen de este nuevo \u201cmundo.\u201d\u00a0<\/span><\/p><p><span style=\"background-color: var(--ak-bg-color); color: var( --e-global-color-text ); font-size: 12pt;\">Tuve que depender de\u00a0gu\u00edas poco comprensibles. Soy una persona a la que le gusta ser\u00a0independiente. Fue como si me quitaran la libertad o mi \u201cvoz\u201d , a\u00a0la fuerza.\u00a0<\/span><span style=\"font-size: 12pt; text-indent: 36pt; color: var( --e-global-color-text ); background-color: var(--ak-bg-color);\">De veras sent\u00ed como que me hab\u00edan echado al agua fr\u00eda,\u00a0<\/span><span style=\"font-size: 12pt; text-indent: 36pt; color: var( --e-global-color-text ); background-color: var(--ak-bg-color);\">sin saber c\u00f3mo nadar, y que en cada segundo estaba el\u00a0<\/span><span style=\"font-size: 12pt; text-indent: 36pt; color: var( --e-global-color-text ); background-color: var(--ak-bg-color);\">riesgo de que por fin me ahogara.\u00a0<\/span><\/p><p><span style=\"font-size: 12pt; text-indent: 36pt; color: var( --e-global-color-text ); background-color: var(--ak-bg-color);\">\u00bfC\u00f3mo no pod\u00eda estar mentalmente paralizado\u00a0<\/span><span style=\"font-size: 12pt; text-indent: 36pt; color: var( --e-global-color-text ); background-color: var(--ak-bg-color);\">el miedo con todo esto pasando al mismo tiempo? Las \u00fanicas personas con las\u00a0<\/span><span style=\"font-size: 12pt; text-indent: 36pt; color: var( --e-global-color-text ); background-color: var(--ak-bg-color);\">que me sent\u00eda c\u00f3modo eran mi pap\u00e1, mi mam\u00e1 y mi hermanita. Y eso que la mayor\u00eda\u00a0<\/span><span style=\"font-size: 12pt; text-indent: 36pt; color: var( --e-global-color-text ); background-color: var(--ak-bg-color);\">del tiempo me encontraba explorando nuevos senderos completamente solo, sin\u00a0<\/span><span style=\"font-size: 12pt; text-indent: 36pt; color: var( --e-global-color-text ); background-color: var(--ak-bg-color);\">ellos. En menos tiempo de lo que imagin\u00e9 ya estaba sentado en mi escritorio,\u00a0\u00a0<\/span><span style=\"font-size: 12pt; text-indent: 36pt; color: var( --e-global-color-text ); background-color: var(--ak-bg-color);\">rodeado de muchos estudiantes hispanos.<\/span><\/p><p><span style=\"font-size: 12pt; text-indent: 36pt; color: var( --e-global-color-text ); background-color: var(--ak-bg-color);\">Su forma de hablar era muy rara. Muchos\u00a0<\/span><span style=\"font-size: 12pt; text-indent: 36pt; color: var( --e-global-color-text ); background-color: var(--ak-bg-color);\">a veces ni siquiera llegaban a la escuela por irse\u00a0<\/span><span style=\"font-size: 12pt; text-indent: 36pt; color: var( --e-global-color-text ); background-color: var(--ak-bg-color);\">a comer tacos o quedarse en la calle. Y<\/span><span style=\"font-size: 12pt; text-indent: 36pt; color: var( --e-global-color-text ); background-color: var(--ak-bg-color);\">o era muy peque\u00f1o\u00a0<\/span><span style=\"font-size: 12pt; text-indent: 36pt; color: var( --e-global-color-text ); background-color: var(--ak-bg-color);\">para darme cuenta de lo que hac\u00edan. Tuve que depender del instinto y hacer lo\u00a0<\/span><span style=\"font-size: 12pt; text-indent: 36pt; color: var( --e-global-color-text ); background-color: var(--ak-bg-color);\">correcto para sobrevivir.\u00a0 Ahora me he\u00a0<\/span><span style=\"font-size: 12pt; text-indent: 36pt; color: var( --e-global-color-text ); background-color: var(--ak-bg-color);\">comenzado a dar cuenta de la gravedad de las acciones de aquellos compa\u00f1eros. A saber\u00a0<\/span><span style=\"font-size: 12pt; text-indent: 36pt; color: var( --e-global-color-text ); background-color: var(--ak-bg-color);\">c\u00f3mo fue que sal\u00ed de eso, pero estoy muy agradecido por tener la oportunidad de\u00a0<\/span><span style=\"font-size: 12pt; text-indent: 36pt; color: var( --e-global-color-text ); background-color: var(--ak-bg-color);\">haber ido hacia mejores oportunidades en el 6to grado.<\/span><\/p>\t\t\t\t\t\t\t\t<\/div>\n\t\t\t\t\t<\/div>\n\t\t<\/div>\n\t\t\t\t\t<\/div>\n\t\t<\/section>\n\t\t\t\t<section data-particle_enable=\"false\" data-particle-mobile-disabled=\"false\" class=\"elementor-section elementor-top-section elementor-element elementor-element-886cc5d elementor-section-boxed elementor-section-height-default elementor-section-height-default\" data-id=\"886cc5d\" data-element_type=\"section\" data-e-type=\"section\">\n\t\t\t\t\t\t<div class=\"elementor-container elementor-column-gap-default\">\n\t\t\t\t\t<div class=\"elementor-column elementor-col-100 elementor-top-column elementor-element elementor-element-d8f21ed\" data-id=\"d8f21ed\" data-element_type=\"column\" data-e-type=\"column\">\n\t\t\t<div class=\"elementor-widget-wrap elementor-element-populated\">\n\t\t\t\t\t\t<div class=\"elementor-element elementor-element-9df5089 elementor-widget elementor-widget-facebook-embed\" data-id=\"9df5089\" data-element_type=\"widget\" data-e-type=\"widget\" data-widget_type=\"facebook-embed.default\">\n\t\t\t\t\t<div style=\"min-height: 1px\" class=\"elementor-facebook-widget fb-video\" data-href=\"https:\/\/fb.watch\/kUvoQ4g0NA\/\" data-show-text=\"false\" data-allowfullscreen=\"false\" data-autoplay=\"false\" data-show-captions=\"false\"><\/div>\t\t\t\t<\/div>\n\t\t\t\t\t<\/div>\n\t\t<\/div>\n\t\t\t\t\t<\/div>\n\t\t<\/section>\n\t\t\t\t<section data-particle_enable=\"false\" data-particle-mobile-disabled=\"false\" class=\"elementor-section elementor-top-section elementor-element elementor-element-f43a143 elementor-section-boxed elementor-section-height-default elementor-section-height-default\" data-id=\"f43a143\" data-element_type=\"section\" data-e-type=\"section\">\n\t\t\t\t\t\t<div class=\"elementor-container elementor-column-gap-default\">\n\t\t\t\t\t<div class=\"elementor-column elementor-col-100 elementor-top-column elementor-element elementor-element-2f381dd\" data-id=\"2f381dd\" data-element_type=\"column\" data-e-type=\"column\">\n\t\t\t<div class=\"elementor-widget-wrap elementor-element-populated\">\n\t\t\t\t\t\t<div class=\"elementor-element elementor-element-7a5a6f0 elementor-widget elementor-widget-heading\" data-id=\"7a5a6f0\" data-element_type=\"widget\" data-e-type=\"widget\" data-widget_type=\"heading.default\">\n\t\t\t\t\t<h2 class=\"elementor-heading-title elementor-size-default\">\"Lo importante no es ser el mejor, sino el m\u00e1s dedicado\"<\/h2>\t\t\t\t<\/div>\n\t\t\t\t\t<\/div>\n\t\t<\/div>\n\t\t\t\t\t<\/div>\n\t\t<\/section>\n\t\t\t\t<section data-particle_enable=\"false\" data-particle-mobile-disabled=\"false\" class=\"elementor-section elementor-top-section elementor-element elementor-element-68eae50 elementor-section-boxed elementor-section-height-default elementor-section-height-default\" data-id=\"68eae50\" data-element_type=\"section\" data-e-type=\"section\">\n\t\t\t\t\t\t<div class=\"elementor-container elementor-column-gap-default\">\n\t\t\t\t\t<div class=\"elementor-column elementor-col-100 elementor-top-column elementor-element elementor-element-7816fc4\" data-id=\"7816fc4\" data-element_type=\"column\" data-e-type=\"column\">\n\t\t\t<div class=\"elementor-widget-wrap elementor-element-populated\">\n\t\t\t\t\t\t<div class=\"elementor-element elementor-element-1e8010a elementor-widget elementor-widget-text-editor\" data-id=\"1e8010a\" data-element_type=\"widget\" data-e-type=\"widget\" data-widget_type=\"text-editor.default\">\n\t\t\t\t\t\t\t\t\t<p><span style=\"font-size: 12pt; text-indent: 36pt; color: var( --e-global-color-text ); background-color: var(--ak-bg-color);\">Cuando entr\u00e9 en BOMLA (Barack Obama Leadership Male Leadership Academy), me sent\u00ed en un ambiente escolar completamente diferente al que hab\u00eda estado desde que llegu\u00e9 a Texas. En esta escuela todos los ni\u00f1os se respetaban y actuaban como hermanos en muchos aspectos.\u00a0<\/span><\/p><p><span style=\"font-size: 12pt; text-indent: 36pt; color: var( --e-global-color-text ); background-color: var(--ak-bg-color);\">Yo notaba la diferencia en la forma de convivir con mis nuevos compa\u00f1eros a los que hab\u00eda tenido antes. Eso me hace pensar, \u201cSoy muy afortunado de haber podido cambiar de escuela y ascendido a un lugar donde le pude sacar m\u00e1s provecho a mi educaci\u00f3n\u201d, porque la realidad es que hubiera sido f\u00e1cil rendirme. Pero tuve el deseo de salir adelante.<\/span><\/p><p><span style=\"background-color: var(--ak-bg-color); color: var( --e-global-color-text ); font-size: 12pt; text-indent: 36pt;\">No voy a mentir, durante mis primeros a\u00f1os en BOMLA me sent\u00eda en desventaja comparado con otros chicos, pero como les dije a muchos de mis compa\u00f1eros durante mi discurso hace unas semanas, no es importante ser el mejor para poder ser exitoso, sino el m\u00e1s dedicado.\u00a0<\/span><\/p><p><span style=\"background-color: var(--ak-bg-color); color: var( --e-global-color-text ); font-size: 12pt; text-indent: 36pt;\">A pesar de siempre tener miedo y sentirme nervioso cuando entraba, siempre le puse muchas ganas a mis estudios, hice preguntas y habl\u00e9 con otras personas, hasta que por fin tuve una idea de c\u00f3mo manipular el mundo a mi favor. Recuerdo que el momento en el que por fin comprend\u00ed algunas cosas fue hasta finales de mi cuarto a\u00f1o en BOMLA. Desde entonces, he estado en reuniones, eventos, y he hecho servicio comunitario para poder explorar el mundo como siempre hab\u00eda querido.<\/span><\/p><p><span style=\"background-color: var(--ak-bg-color); color: var( --e-global-color-text ); font-size: 12pt; text-indent: 36pt;\">He sido exitoso. Pero tengo que admitir que eso tambi\u00e9n se deriva de las experiencias de mis padres y mis compa\u00f1eros, combinadas. Siempre vi a mis padres trabajar duro desde que tengo uso de raz\u00f3n.\u00a0<\/span><\/p><p><span style=\"background-color: var(--ak-bg-color); color: var( --e-global-color-text ); font-size: 12pt; text-indent: 36pt;\">Muchos de mis compa\u00f1eros ven\u00edan de barrios populares, pero siempre estaban muy dedicados y pintaban para ser algo grande, y muchos de ellos ahora van a ir a la universidad para estudiar arte, ingenier\u00eda, deportes y servicios m\u00e9dicos, entre varias otras materias.\u00a0<\/span><\/p><p><span style=\"background-color: var(--ak-bg-color); color: var( --e-global-color-text ); font-size: 12pt; text-indent: 36pt;\">Aunque he tenido varios buenos ejemplos, siempre me di cuenta de un aspecto que corre entre las personas m\u00e1s satisfechas con sus logros:\u00a0<\/span><b style=\"text-indent: 36pt; color: var( --e-global-color-text ); background-color: var(--ak-bg-color);\"><span lang=\"EN\" style=\"font-size: 12.0pt; line-height: 115%;\">Todo es simplemente cuesti\u00f3n de una actitud positiva.<\/span><\/b><\/p>\t\t\t\t\t\t\t\t<\/div>\n\t\t\t\t\t<\/div>\n\t\t<\/div>\n\t\t\t\t\t<\/div>\n\t\t<\/section>\n\t\t\t\t<section data-particle_enable=\"false\" data-particle-mobile-disabled=\"false\" class=\"elementor-section elementor-top-section elementor-element elementor-element-fb85411 elementor-section-boxed elementor-section-height-default elementor-section-height-default\" data-id=\"fb85411\" data-element_type=\"section\" data-e-type=\"section\">\n\t\t\t\t\t\t<div class=\"elementor-container elementor-column-gap-default\">\n\t\t\t\t\t<div class=\"elementor-column elementor-col-100 elementor-top-column elementor-element elementor-element-37fd7f2\" data-id=\"37fd7f2\" data-element_type=\"column\" data-e-type=\"column\">\n\t\t\t<div class=\"elementor-widget-wrap elementor-element-populated\">\n\t\t\t\t\t\t<div class=\"elementor-element elementor-element-7a2cf72 elementor-widget elementor-widget-image\" data-id=\"7a2cf72\" data-element_type=\"widget\" data-e-type=\"widget\" data-widget_type=\"image.default\">\n\t\t\t\t\t\t\t\t\t\t\t\t<figure class=\"wp-caption\">\n\t\t\t\t\t\t\t\t\t\t<img decoding=\"async\" width=\"771\" height=\"1024\" src=\"https:\/\/soymigrante.com\/revista\/wp-content\/uploads\/2023\/06\/Raul-Lopez-estudiante-guatemalteco-en-Dallas-junto-a-sus-padres-771x1024.jpeg\" class=\"attachment-large size-large wp-image-1166\" alt=\"\" srcset=\"https:\/\/soymigrante.com\/revista\/wp-content\/uploads\/2023\/06\/Raul-Lopez-estudiante-guatemalteco-en-Dallas-junto-a-sus-padres-771x1024.jpeg 771w, https:\/\/soymigrante.com\/revista\/wp-content\/uploads\/2023\/06\/Raul-Lopez-estudiante-guatemalteco-en-Dallas-junto-a-sus-padres-226x300.webp 226w, https:\/\/soymigrante.com\/revista\/wp-content\/uploads\/2023\/06\/Raul-Lopez-estudiante-guatemalteco-en-Dallas-junto-a-sus-padres-768x1021.jpeg 768w, https:\/\/soymigrante.com\/revista\/wp-content\/uploads\/2023\/06\/Raul-Lopez-estudiante-guatemalteco-en-Dallas-junto-a-sus-padres-1156x1536.jpeg 1156w, https:\/\/soymigrante.com\/revista\/wp-content\/uploads\/2023\/06\/Raul-Lopez-estudiante-guatemalteco-en-Dallas-junto-a-sus-padres-750x997.webp 750w, https:\/\/soymigrante.com\/revista\/wp-content\/uploads\/2023\/06\/Raul-Lopez-estudiante-guatemalteco-en-Dallas-junto-a-sus-padres-1140x1515.jpeg 1140w, https:\/\/soymigrante.com\/revista\/wp-content\/uploads\/2023\/06\/Raul-Lopez-estudiante-guatemalteco-en-Dallas-junto-a-sus-padres.webp 1204w\" sizes=\"(max-width: 771px) 100vw, 771px\" title=\"Ra\u00fal, L\u00f3pez, estudiante guatemalteco en Dallas, junto a sus padres \u2013 SoyMigrante.com REVISTA\" \/>\t\t\t\t\t\t\t\t\t\t\t<figcaption class=\"widget-image-caption wp-caption-text\">Ra\u00fal L\u00f3pez, el mejor de su promoci\u00f3n de High School en una secundaria de Dallas, Texas, reconoce la inspiraci\u00f3n, ejemplo y apoyo de sus padres como clave para su \u00e9xito. Foto del d\u00eda de graduaci\u00f3n <\/figcaption>\n\t\t\t\t\t\t\t\t\t\t<\/figure>\n\t\t\t\t\t\t\t\t\t<\/div>\n\t\t\t\t\t<\/div>\n\t\t<\/div>\n\t\t\t\t\t<\/div>\n\t\t<\/section>\n\t\t\t\t<section data-particle_enable=\"false\" data-particle-mobile-disabled=\"false\" class=\"elementor-section elementor-top-section elementor-element elementor-element-59d7adc elementor-section-boxed elementor-section-height-default elementor-section-height-default\" data-id=\"59d7adc\" data-element_type=\"section\" data-e-type=\"section\">\n\t\t\t\t\t\t<div class=\"elementor-container elementor-column-gap-default\">\n\t\t\t\t\t<div class=\"elementor-column elementor-col-100 elementor-top-column elementor-element elementor-element-7fe6b83\" data-id=\"7fe6b83\" data-element_type=\"column\" data-e-type=\"column\">\n\t\t\t<div class=\"elementor-widget-wrap elementor-element-populated\">\n\t\t\t\t\t\t<div class=\"elementor-element elementor-element-4f234f4 elementor-widget elementor-widget-heading\" data-id=\"4f234f4\" data-element_type=\"widget\" data-e-type=\"widget\" data-widget_type=\"heading.default\">\n\t\t\t\t\t<h2 class=\"elementor-heading-title elementor-size-default\">Siempre listos para el cambio <\/h2>\t\t\t\t<\/div>\n\t\t\t\t\t<\/div>\n\t\t<\/div>\n\t\t\t\t\t<\/div>\n\t\t<\/section>\n\t\t\t\t<section data-particle_enable=\"false\" data-particle-mobile-disabled=\"false\" class=\"elementor-section elementor-top-section elementor-element elementor-element-7179f54 elementor-section-boxed elementor-section-height-default elementor-section-height-default\" data-id=\"7179f54\" data-element_type=\"section\" data-e-type=\"section\">\n\t\t\t\t\t\t<div class=\"elementor-container elementor-column-gap-default\">\n\t\t\t\t\t<div class=\"elementor-column elementor-col-100 elementor-top-column elementor-element elementor-element-5ec3ceb\" data-id=\"5ec3ceb\" data-element_type=\"column\" data-e-type=\"column\">\n\t\t\t<div class=\"elementor-widget-wrap elementor-element-populated\">\n\t\t\t\t\t\t<div class=\"elementor-element elementor-element-ed6d0cc elementor-widget elementor-widget-text-editor\" data-id=\"ed6d0cc\" data-element_type=\"widget\" data-e-type=\"widget\" data-widget_type=\"text-editor.default\">\n\t\t\t\t\t\t\t\t\t<p><span style=\"font-size: 12pt; color: var( --e-global-color-text ); background-color: var(--ak-bg-color);\">No importa que tan inteligente o sabio seas, si no hay motivaci\u00f3n en lo que haces, es mejor hacer algo que te renueve el entusiasmo. De lo contrario se corre el riesgo de deprimirse o bien tomar malas decisiones que luego dejan remordimiento.\u00a0<\/span><\/p><p><span style=\"font-size: 12pt; color: var( --e-global-color-text ); background-color: var(--ak-bg-color);\">La mayor\u00eda de la gente exitosa que he visto ha llegado muy alto\u00a0 porque siempre ha buscado la mejor manera de vivir su vida y la han disfrutado al m\u00e1ximo. DDesde que me di cuenta de esto, mi filosof\u00eda personal se ha basado en disfrutar mi vida y tomarme todo con calma. Intento estar tranquilo y satisfecho con lo que sea que haga, ya sea tarea o diversi\u00f3n. Para ser sincero, esa filosof\u00eda ha sido b\u00e1sicamente todo lo que he utilizado para poder ascender de posici\u00f3n en mi escuela.<\/span><\/p><p><span style=\"background-color: var(--ak-bg-color); color: var( --e-global-color-text ); font-size: 12pt;\">Ahora ya me dirijo hacia un nuevo cap\u00edtulo de mi vida. Voy a la universidad. Estoy confiado en que al tener una buena actitud y quedarme enfocado, podr\u00e9 llegar a tener todo lo que siempre he querido: una vida con paz.\u00a0<\/span><\/p><p><span style=\"background-color: var(--ak-bg-color); color: var( --e-global-color-text ); font-size: 12pt;\">No va a ser nada f\u00e1cil pero estoy seguro de que puedo enfrentar todo.\u00a0 Nada fue m\u00e1s dif\u00edcil para m\u00ed que el completo cambio de vida que sufr\u00ed al llegar a los Estados Unidos por primera vez.\u00a0<\/span><\/p><p><span style=\"background-color: var(--ak-bg-color); color: var( --e-global-color-text ); font-size: 12pt;\">A mi abuelito* le gusta decir: \u201cLo \u00fanico que nunca cambia es el cambio,\u201d y creo que a estas alturas, el cambio no ser\u00e1 un problema\u00a0 sin importar qu\u00e9 cosa sea. Con\u00a0 \u00a0ser una persona mejor cada d\u00eda y saber c\u00f3mo crecer, estoy seguro de que lograr\u00e9 ser la mejor versi\u00f3n de m\u00ed. Estoy seguro de que muchos otros j\u00f3venes pueden serlo y hacerlo.<\/span><\/p><p>*Ra\u00fal L\u00f3pez es nieto de V\u00edctor Mu\u00f1oz, Premio Nacional de Literatura de Guatemala 2014.<\/p>\t\t\t\t\t\t\t\t<\/div>\n\t\t\t\t\t<\/div>\n\t\t<\/div>\n\t\t\t\t\t<\/div>\n\t\t<\/section>\n\t\t\t\t<\/div>\n\t\t","protected":false},"excerpt":{"rendered":"<p>Ra\u00fal L\u00f3pez, lleg\u00f3 a Texas en 2014. Enfrent\u00f3 las dificultades de ser migrante guatemalteco, pero el 23 de mayo se gradu\u00f3 como el mejor de su promoci\u00f3m. Escribe su testimonio de vida especialmente para SoyMigrante.com Autoridades de la High School Maceo Smith felicitan a Ra\u00fal L\u00f3pez, por ser el mejor de la promoci\u00f3n de egresados [&hellip;]<\/p>\n","protected":false},"author":1,"featured_media":1149,"comment_status":"open","ping_status":"open","sticky":false,"template":"","format":"standard","meta":{"_acf_changed":false,"_eb_attr":"","footnotes":""},"categories":[50],"tags":[295],"class_list":["post-1156","post","type-post","status-publish","format-standard","has-post-thumbnail","hentry","category-exitos","tag-texas"],"acf":[],"aioseo_notices":[],"aioseo_head":"\n\t\t<!-- All in One SEO Pro 4.9.6.2 - aioseo.com -->\n\t<meta name=\"description\" content=\"Ra\u00fal L\u00f3pez, lleg\u00f3 a Texas en 2014. Enfrent\u00f3 las dificultades de ser migrante guatemalteco, pero el 23 de mayo se gradu\u00f3 como el mejor de su promoci\u00f3m. Escribe su testimonio de vida especialmente para SoyMigrante.com Ra\u00fal L\u00f3pez, migrante guatemalteco y estudiante. Este es mi mensaje. Solo con una maleta y una botella de agua llegu\u00e9\u201d\" \/>\n\t<meta name=\"robots\" content=\"max-snippet:-1, max-image-preview:large, max-video-preview:-1\" \/>\n\t<meta name=\"author\" content=\"SoyMigrante.com REVISTA\"\/>\n\t<link rel=\"canonical\" href=\"https:\/\/soymigrante.com\/revista\/las-palabras-del-mejor-graduado-de-una-high-school-de-texas-un-migrante-guatemalteco\/\" \/>\n\t<meta name=\"generator\" content=\"All in One SEO Pro (AIOSEO) 4.9.6.2\" \/>\n\n\t\t<link rel=\"preconnect\" href=\"https:\/\/fonts.googleapis.com\" crossorigin>\n<link rel=\"preconnect\" href=\"https:\/\/fonts.gstatic.com\" crossorigin>\n\t\t<meta property=\"og:locale\" content=\"es_ES\" \/>\n\t\t<meta property=\"og:site_name\" content=\"SoyMigrante.com REVISTA \u2013 Nuestra misi\u00f3n es reconocer y dignificar al migrante.\" \/>\n\t\t<meta property=\"og:type\" content=\"article\" \/>\n\t\t<meta property=\"og:title\" content=\"Migrante guatemalteco, el mejor graduado de una High School de Texas, relata su vivencia\" \/>\n\t\t<meta property=\"og:description\" content=\"Ra\u00fal L\u00f3pez, lleg\u00f3 a Texas en 2014. Enfrent\u00f3 las dificultades de ser migrante guatemalteco, pero el 23 de mayo se gradu\u00f3 como el mejor de su promoci\u00f3m. Escribe su testimonio de vida especialmente para SoyMigrante.com Ra\u00fal L\u00f3pez, migrante guatemalteco y estudiante. Este es mi mensaje. Solo con una maleta y una botella de agua llegu\u00e9\u201d\" \/>\n\t\t<meta property=\"og:url\" content=\"https:\/\/soymigrante.com\/revista\/las-palabras-del-mejor-graduado-de-una-high-school-de-texas-un-migrante-guatemalteco\/\" \/>\n\t\t<meta property=\"og:image\" content=\"https:\/\/soymigrante.com\/revista\/wp-content\/uploads\/2023\/06\/Raul-Lopez-joven-guatemalteco-que-se-graduo-como-el-mejor-de-su-clase-en-la-High-School-Maceo-Smithm-de-Dallas-2.webp\" \/>\n\t\t<meta property=\"og:image:secure_url\" content=\"https:\/\/soymigrante.com\/revista\/wp-content\/uploads\/2023\/06\/Raul-Lopez-joven-guatemalteco-que-se-graduo-como-el-mejor-de-su-clase-en-la-High-School-Maceo-Smithm-de-Dallas-2.webp\" \/>\n\t\t<meta property=\"og:image:width\" content=\"1632\" \/>\n\t\t<meta property=\"og:image:height\" content=\"1014\" \/>\n\t\t<meta property=\"article:published_time\" content=\"2023-06-01T17:48:49+00:00\" \/>\n\t\t<meta property=\"article:modified_time\" content=\"2026-03-11T22:30:39+00:00\" \/>\n\t\t<meta property=\"article:publisher\" content=\"https:\/\/www.facebook.com\/soymigrantecom\" \/>\n\t\t<meta name=\"twitter:card\" content=\"summary_large_image\" \/>\n\t\t<meta name=\"twitter:site\" content=\"@SoyMigrante_com\" \/>\n\t\t<meta name=\"twitter:title\" content=\"Migrante guatemalteco, el mejor graduado de una High School de Texas, relata su vivencia\" \/>\n\t\t<meta name=\"twitter:description\" content=\"Ra\u00fal L\u00f3pez, lleg\u00f3 a Texas en 2014. Enfrent\u00f3 las dificultades de ser migrante guatemalteco, pero el 23 de mayo se gradu\u00f3 como el mejor de su promoci\u00f3m. Escribe su testimonio de vida especialmente para SoyMigrante.com Ra\u00fal L\u00f3pez, migrante guatemalteco y estudiante. Este es mi mensaje. Solo con una maleta y una botella de agua llegu\u00e9\u201d\" \/>\n\t\t<meta name=\"twitter:creator\" content=\"@SoyMigrante_com\" \/>\n\t\t<meta name=\"twitter:image\" content=\"https:\/\/soymigrante.com\/revista\/wp-content\/uploads\/2023\/06\/Raul-Lopez-joven-guatemalteco-que-se-graduo-como-el-mejor-de-su-clase-en-la-High-School-Maceo-Smithm-de-Dallas-2.webp\" \/>\n\t\t<!-- All in One SEO Pro -->\r\n\t\t<title>Migrante guatemalteco, el mejor graduado de una High School de Texas, relata su vivencia<\/title>\n\n","aioseo_head_json":{"title":"Migrante guatemalteco, el mejor graduado de una High School de Texas, relata su vivencia","description":"Ra\u00fal L\u00f3pez, lleg\u00f3 a Texas en 2014. Enfrent\u00f3 las dificultades de ser migrante guatemalteco, pero el 23 de mayo se gradu\u00f3 como el mejor de su promoci\u00f3m. Escribe su testimonio de vida especialmente para SoyMigrante.com Ra\u00fal L\u00f3pez, migrante guatemalteco y estudiante. Este es mi mensaje. Solo con una maleta y una botella de agua llegu\u00e9\u201d","canonical_url":"https:\/\/soymigrante.com\/revista\/las-palabras-del-mejor-graduado-de-una-high-school-de-texas-un-migrante-guatemalteco\/","robots":"max-snippet:-1, max-image-preview:large, max-video-preview:-1","keywords":"","webmasterTools":{"miscellaneous":"&lt;link rel=\"preconnect\" href=\"https:\/\/fonts.googleapis.com\" crossorigin&gt;\n&lt;link rel=\"preconnect\" href=\"https:\/\/fonts.gstatic.com\" crossorigin&gt;"},"schema":null,"og:locale":"es_ES","og:site_name":"SoyMigrante.com REVISTA \u2013 Nuestra misi\u00f3n es reconocer y dignificar al migrante.","og:type":"article","og:title":"Migrante guatemalteco, el mejor graduado de una High School de Texas, relata su vivencia","og:description":"Ra\u00fal L\u00f3pez, lleg\u00f3 a Texas en 2014. Enfrent\u00f3 las dificultades de ser migrante guatemalteco, pero el 23 de mayo se gradu\u00f3 como el mejor de su promoci\u00f3m. Escribe su testimonio de vida especialmente para SoyMigrante.com Ra\u00fal L\u00f3pez, migrante guatemalteco y estudiante. Este es mi mensaje. Solo con una maleta y una botella de agua llegu\u00e9\u201d","og:url":"https:\/\/soymigrante.com\/revista\/las-palabras-del-mejor-graduado-de-una-high-school-de-texas-un-migrante-guatemalteco\/","og:image":"https:\/\/soymigrante.com\/revista\/wp-content\/uploads\/2023\/06\/Raul-Lopez-joven-guatemalteco-que-se-graduo-como-el-mejor-de-su-clase-en-la-High-School-Maceo-Smithm-de-Dallas-2.webp","og:image:secure_url":"https:\/\/soymigrante.com\/revista\/wp-content\/uploads\/2023\/06\/Raul-Lopez-joven-guatemalteco-que-se-graduo-como-el-mejor-de-su-clase-en-la-High-School-Maceo-Smithm-de-Dallas-2.webp","og:image:width":1632,"og:image:height":1014,"article:published_time":"2023-06-01T17:48:49+00:00","article:modified_time":"2026-03-11T22:30:39+00:00","article:publisher":"https:\/\/www.facebook.com\/soymigrantecom","twitter:card":"summary_large_image","twitter:site":"@SoyMigrante_com","twitter:title":"Migrante guatemalteco, el mejor graduado de una High School de Texas, relata su vivencia","twitter:description":"Ra\u00fal L\u00f3pez, lleg\u00f3 a Texas en 2014. Enfrent\u00f3 las dificultades de ser migrante guatemalteco, pero el 23 de mayo se gradu\u00f3 como el mejor de su promoci\u00f3m. Escribe su testimonio de vida especialmente para SoyMigrante.com Ra\u00fal L\u00f3pez, migrante guatemalteco y estudiante. Este es mi mensaje. Solo con una maleta y una botella de agua llegu\u00e9\u201d","twitter:creator":"@SoyMigrante_com","twitter:image":"https:\/\/soymigrante.com\/revista\/wp-content\/uploads\/2023\/06\/Raul-Lopez-joven-guatemalteco-que-se-graduo-como-el-mejor-de-su-clase-en-la-High-School-Maceo-Smithm-de-Dallas-2.webp"},"aioseo_meta_data":{"post_id":"1156","title":null,"description":null,"keywords":null,"keyphrases":{"focus":{"keyphrase":"Migrante","score":69,"analysis":{"keyphraseInTitle":{"score":9,"maxScore":9,"error":0},"keyphraseInDescription":{"score":9,"maxScore":9,"error":0},"keyphraseLength":{"score":9,"maxScore":9,"error":0,"length":1},"keyphraseInURL":{"score":5,"maxScore":5,"error":0},"keyphraseInIntroduction":{"score":9,"maxScore":9,"error":0},"keyphraseInSubHeadings":{"score":3,"maxScore":9,"error":1},"keyphraseInImageAlt":{"score":3,"maxScore":9,"error":1},"keywordDensity":{"score":0,"type":"low","maxScore":9,"error":1}}},"additional":[]},"primary_term":null,"canonical_url":null,"og_title":null,"og_description":null,"og_object_type":"default","og_image_type":"default","og_image_url":null,"og_image_width":null,"og_image_height":null,"og_image_custom_url":null,"og_image_custom_fields":null,"og_video":"","og_custom_url":null,"og_article_section":null,"og_article_tags":null,"twitter_use_og":false,"twitter_card":"default","twitter_image_type":"default","twitter_image_url":null,"twitter_image_custom_url":null,"twitter_image_custom_fields":null,"twitter_title":null,"twitter_description":null,"schema":{"blockGraphs":[],"customGraphs":[],"default":{"data":{"Article":[],"Course":[],"Dataset":[],"FAQPage":[],"Movie":[],"Person":[],"Product":[],"ProductReview":[],"Car":[],"Recipe":[],"Service":[],"SoftwareApplication":[],"WebPage":[]},"graphName":"NewsArticle","isEnabled":true},"graphs":[]},"schema_type":"default","schema_type_options":null,"pillar_content":false,"robots_default":true,"robots_noindex":false,"robots_noarchive":false,"robots_nosnippet":false,"robots_nofollow":false,"robots_noimageindex":false,"robots_noodp":false,"robots_notranslate":false,"robots_max_snippet":"-1","robots_max_videopreview":"-1","robots_max_imagepreview":"large","priority":null,"frequency":"default","local_seo":null,"seo_analyzer_scan_date":"2026-03-16 21:44:39","breadcrumb_settings":null,"limit_modified_date":false,"reviewed_by":"0","open_ai":"{\"title\":{\"suggestions\":[],\"usage\":0},\"description\":{\"suggestions\":[],\"usage\":0}}","ai":{"faqs":[],"keyPoints":[],"titles":[],"descriptions":[],"socialPosts":{"email":[],"linkedin":[],"twitter":[],"facebook":[],"instagram":[]}},"created":"2023-08-18 13:05:22","updated":"2026-03-16 21:44:39"},"aioseo_breadcrumb":"<div class=\"aioseo-breadcrumbs\"><span class=\"aioseo-breadcrumb\">\n\t<a href=\"https:\/\/soymigrante.com\/revista\" title=\"Home\">Home<\/a>\n<\/span><span class=\"aioseo-breadcrumb-separator\">\u00bb<\/span><span class=\"aioseo-breadcrumb\">\n\t<a href=\"https:\/\/soymigrante.com\/revista\/category\/exitos\/\" title=\"\u00c9xitos\">\u00c9xitos<\/a>\n<\/span><span class=\"aioseo-breadcrumb-separator\">\u00bb<\/span><span class=\"aioseo-breadcrumb\">\n\tMigrante guatemalteco,  el mejor graduado de una High School de Texas, relata su vivencia\n<\/span><\/div>","aioseo_breadcrumb_json":[{"label":"Home","link":"https:\/\/soymigrante.com\/revista"},{"label":"\u00c9xitos","link":"https:\/\/soymigrante.com\/revista\/category\/exitos\/"},{"label":"Migrante guatemalteco,  el mejor graduado de una High School de Texas, relata su vivencia","link":"https:\/\/soymigrante.com\/revista\/las-palabras-del-mejor-graduado-de-una-high-school-de-texas-un-migrante-guatemalteco\/"}],"_links":{"self":[{"href":"https:\/\/soymigrante.com\/revista\/wp-json\/wp\/v2\/posts\/1156","targetHints":{"allow":["GET"]}}],"collection":[{"href":"https:\/\/soymigrante.com\/revista\/wp-json\/wp\/v2\/posts"}],"about":[{"href":"https:\/\/soymigrante.com\/revista\/wp-json\/wp\/v2\/types\/post"}],"author":[{"embeddable":true,"href":"https:\/\/soymigrante.com\/revista\/wp-json\/wp\/v2\/users\/1"}],"replies":[{"embeddable":true,"href":"https:\/\/soymigrante.com\/revista\/wp-json\/wp\/v2\/comments?post=1156"}],"version-history":[{"count":1,"href":"https:\/\/soymigrante.com\/revista\/wp-json\/wp\/v2\/posts\/1156\/revisions"}],"predecessor-version":[{"id":53574,"href":"https:\/\/soymigrante.com\/revista\/wp-json\/wp\/v2\/posts\/1156\/revisions\/53574"}],"wp:featuredmedia":[{"embeddable":true,"href":"https:\/\/soymigrante.com\/revista\/wp-json\/wp\/v2\/media\/1149"}],"wp:attachment":[{"href":"https:\/\/soymigrante.com\/revista\/wp-json\/wp\/v2\/media?parent=1156"}],"wp:term":[{"taxonomy":"category","embeddable":true,"href":"https:\/\/soymigrante.com\/revista\/wp-json\/wp\/v2\/categories?post=1156"},{"taxonomy":"post_tag","embeddable":true,"href":"https:\/\/soymigrante.com\/revista\/wp-json\/wp\/v2\/tags?post=1156"}],"curies":[{"name":"wp","href":"https:\/\/api.w.org\/{rel}","templated":true}]}}