{"id":1118,"date":"2023-05-31T21:35:39","date_gmt":"2023-05-31T21:35:39","guid":{"rendered":"https:\/\/soymigrante.com\/revista\/?p=1118"},"modified":"2024-11-01T06:54:39","modified_gmt":"2024-11-01T12:54:39","slug":"migrante-guatemalteco-julio-cota-es-fotografo-en-nueva-york","status":"publish","type":"post","link":"https:\/\/soymigrante.com\/revista\/migrante-guatemalteco-julio-cota-es-fotografo-en-nueva-york\/","title":{"rendered":"Migrante guatemalteco Julio Cota cuenta historias fotogr\u00e1ficas en Nueva York"},"content":{"rendered":"\t\t<div data-elementor-type=\"wp-post\" data-elementor-id=\"1118\" class=\"elementor elementor-1118\" data-elementor-post-type=\"post\">\n\t\t\t\t\t\t<section data-particle_enable=\"false\" data-particle-mobile-disabled=\"false\" class=\"elementor-section elementor-top-section elementor-element elementor-element-63ef6e7 elementor-section-boxed elementor-section-height-default elementor-section-height-default\" data-id=\"63ef6e7\" data-element_type=\"section\" data-e-type=\"section\">\n\t\t\t\t\t\t<div class=\"elementor-container elementor-column-gap-default\">\n\t\t\t\t\t<div class=\"elementor-column elementor-col-100 elementor-top-column elementor-element elementor-element-9d3e0b4\" data-id=\"9d3e0b4\" data-element_type=\"column\" data-e-type=\"column\">\n\t\t\t<div class=\"elementor-widget-wrap elementor-element-populated\">\n\t\t\t\t\t\t<div class=\"elementor-element elementor-element-820f05a elementor-widget elementor-widget-heading\" data-id=\"820f05a\" data-element_type=\"widget\" data-e-type=\"widget\" data-widget_type=\"heading.default\">\n\t\t\t\t\t<h2 class=\"elementor-heading-title elementor-size-default\">Julio Cota Julajuj, oriundo del caser\u00edo Tierra Linda departamento de Solol\u00e1, llego a Estados Unidos hace tres a\u00f1os y medio. Este migrante guatemalteco trabaj\u00f3 en un restaurantes, pero su pasi\u00f3n y talento es la fotograf\u00eda.<\/h2>\t\t\t\t<\/div>\n\t\t\t\t\t<\/div>\n\t\t<\/div>\n\t\t\t\t\t<\/div>\n\t\t<\/section>\n\t\t\t\t<section data-particle_enable=\"false\" data-particle-mobile-disabled=\"false\" class=\"elementor-section elementor-top-section elementor-element elementor-element-1d4fe84 elementor-section-full_width elementor-section-height-default elementor-section-height-default\" data-id=\"1d4fe84\" data-element_type=\"section\" data-e-type=\"section\">\n\t\t\t\t\t\t<div class=\"elementor-container elementor-column-gap-default\">\n\t\t\t\t\t<div class=\"elementor-column elementor-col-100 elementor-top-column elementor-element elementor-element-40fe29b\" data-id=\"40fe29b\" data-element_type=\"column\" data-e-type=\"column\">\n\t\t\t<div class=\"elementor-widget-wrap\">\n\t\t\t\t\t\t\t<\/div>\n\t\t<\/div>\n\t\t\t\t\t<\/div>\n\t\t<\/section>\n\t\t\t\t<section data-particle_enable=\"false\" data-particle-mobile-disabled=\"false\" class=\"elementor-section elementor-top-section elementor-element elementor-element-f33f7cc elementor-section-boxed elementor-section-height-default elementor-section-height-default\" data-id=\"f33f7cc\" data-element_type=\"section\" data-e-type=\"section\">\n\t\t\t\t\t\t<div class=\"elementor-container elementor-column-gap-default\">\n\t\t\t\t\t<div class=\"elementor-column elementor-col-100 elementor-top-column elementor-element elementor-element-55fe13f\" data-id=\"55fe13f\" data-element_type=\"column\" data-e-type=\"column\">\n\t\t\t<div class=\"elementor-widget-wrap elementor-element-populated\">\n\t\t\t\t\t\t<div class=\"elementor-element elementor-element-0b4d3ad elementor-widget elementor-widget-image\" data-id=\"0b4d3ad\" data-element_type=\"widget\" data-e-type=\"widget\" data-widget_type=\"image.default\">\n\t\t\t\t\t\t\t\t\t\t\t\t<figure class=\"wp-caption\">\n\t\t\t\t\t\t\t\t\t\t<img fetchpriority=\"high\" decoding=\"async\" width=\"768\" height=\"768\" src=\"https:\/\/soymigrante.com\/revista\/wp-content\/uploads\/2023\/05\/Julio-Cota-fotografo-de-Solola-es-migrante-en-Nueva-York-3.webp\" class=\"attachment-large size-large wp-image-1146\" alt=\"Julio Cota, fot\u00f3grafo de Solol\u00e1, es migrante en Nueva York (3)\" srcset=\"https:\/\/soymigrante.com\/revista\/wp-content\/uploads\/2023\/05\/Julio-Cota-fotografo-de-Solola-es-migrante-en-Nueva-York-3.webp 960w, https:\/\/soymigrante.com\/revista\/wp-content\/uploads\/2023\/05\/Julio-Cota-fotografo-de-Solola-es-migrante-en-Nueva-York-3-300x300.webp 300w, https:\/\/soymigrante.com\/revista\/wp-content\/uploads\/2023\/05\/Julio-Cota-fotografo-de-Solola-es-migrante-en-Nueva-York-3-150x150.webp 150w, https:\/\/soymigrante.com\/revista\/wp-content\/uploads\/2023\/05\/Julio-Cota-fotografo-de-Solola-es-migrante-en-Nueva-York-3-768x768.jpeg 768w, https:\/\/soymigrante.com\/revista\/wp-content\/uploads\/2023\/05\/Julio-Cota-fotografo-de-Solola-es-migrante-en-Nueva-York-3-75x75.webp 75w, https:\/\/soymigrante.com\/revista\/wp-content\/uploads\/2023\/05\/Julio-Cota-fotografo-de-Solola-es-migrante-en-Nueva-York-3-750x750.webp 750w, https:\/\/soymigrante.com\/revista\/wp-content\/uploads\/2023\/05\/Julio-Cota-fotografo-de-Solola-es-migrante-en-Nueva-York-3-600x600.jpeg 600w\" sizes=\"(max-width: 768px) 100vw, 768px\" title=\"Julio Cota, fot\u00f3grafo de Solol\u00e1, es migrante en Nueva York (3) \u2013 SoyMigrante.com REVISTA\" \/>\t\t\t\t\t\t\t\t\t\t\t<figcaption class=\"widget-image-caption wp-caption-text\">Julio Cota anhela un d\u00eda regresar a su natal Solol\u00e1 para fotograf'\u00edar sus hermosos paisajes con todos los conocimientos y experiencias que ha adquirrido en Nueva York.<\/figcaption>\n\t\t\t\t\t\t\t\t\t\t<\/figure>\n\t\t\t\t\t\t\t\t\t<\/div>\n\t\t\t\t<div class=\"elementor-element elementor-element-fc50241 elementor-widget elementor-widget-text-editor\" data-id=\"fc50241\" data-element_type=\"widget\" data-e-type=\"widget\" data-widget_type=\"text-editor.default\">\n\t\t\t\t\t\t\t\t\t<p><span style=\"font-weight: 400;\">Se siente muy orgulloso de ser migrante y guatemalteco. Desde la tierra del paisaje departamento de Solol\u00e1, Julio a la edad de 12 a\u00f1os se dedicaba a trabajar, para ayudar a su familia vend\u00eda productos artesanales en los lugares m\u00e1s tur\u00edsticos. Constantemente observaba a a turistas con c\u00e1maras de fotos. Captaban el paisaje.\u00a0 As\u00ed naci\u00f3 en Julio el sue\u00f1o de poder trabajar para adquirir equipo y ser fot\u00f3grafo. <\/span><\/p><p><span style=\"font-weight: 400;\">Llega como migrante a Estados Unidos a la edad de 17 a\u00f1os. Empez\u00f3 un proceso de adaptaci\u00f3n hacia su nuevo hogar. Se dedic\u00f3 a estudiar y a trabajar de\u00a0 medio tiempo como; ayudante cocina, preparador y mensajero de entregas de alimentos.<\/span><\/p><p><span style=\"font-weight: 400;\">Un a\u00f1o despu\u00e9s logro comprar su primer c\u00e1mara fotogr\u00e1fica. Con el talento innato empez\u00f3 a fotografiar paisajes y a conocidos de su actual residencia New York.<\/span><\/p><p><span style=\"font-weight: 400;\">\u201cMe<\/span><i><span style=\"font-weight: 400;\"> compr\u00e9 mi primer c\u00e1mara, \u201cla m\u00e1s sencilla\u201d yo sal\u00eda en mis d\u00edas de descanso que eran los mi\u00e9rcoles, para desestresarme empec\u00e9 a tomar fotos de la Ciudad de New York, personas y todo lo que se mov\u00eda\u201d <\/span><\/i><span style=\"font-weight: 400;\">cuenta emotivamente este migrante guatemalteco que el a\u00f1o pasado logr\u00f3 graduarse de High School: listo para nuevos logros.<\/span><\/p>\t\t\t\t\t\t\t\t<\/div>\n\t\t\t\t<div class=\"elementor-element elementor-element-92c2701 elementor-widget elementor-widget-image\" data-id=\"92c2701\" data-element_type=\"widget\" data-e-type=\"widget\" data-widget_type=\"image.default\">\n\t\t\t\t\t\t\t\t\t\t\t\t<figure class=\"wp-caption\">\n\t\t\t\t\t\t\t\t\t\t<img decoding=\"async\" width=\"683\" height=\"1024\" src=\"https:\/\/soymigrante.com\/revista\/wp-content\/uploads\/2023\/05\/Julio-Cota-fotografo-de-Solola-es-migrante-en-Nueva-York-2.webp\" class=\"attachment-large size-large wp-image-1142\" alt=\"Julio Cota, migrante guatemalteco en Nueva York, originario de Solol\u00e1\" srcset=\"https:\/\/soymigrante.com\/revista\/wp-content\/uploads\/2023\/05\/Julio-Cota-fotografo-de-Solola-es-migrante-en-Nueva-York-2.webp 683w, https:\/\/soymigrante.com\/revista\/wp-content\/uploads\/2023\/05\/Julio-Cota-fotografo-de-Solola-es-migrante-en-Nueva-York-2-200x300.webp 200w\" sizes=\"(max-width: 683px) 100vw, 683px\" title=\"Julio Cota, fot\u00f3grafo de Solol\u00e1, es migrante en Nueva York (2) \u2013 SoyMigrante.com REVISTA\" \/>\t\t\t\t\t\t\t\t\t\t\t<figcaption class=\"widget-image-caption wp-caption-text\">En sus inicios, el migrante guatemalteco Julio Cota empez\u00f3 fotografiando a personas  a las cuales ped\u00eda posar. As\u00ed comenz\u00f3 el cultivo de un ojo que transforma momentos.<\/figcaption>\n\t\t\t\t\t\t\t\t\t\t<\/figure>\n\t\t\t\t\t\t\t\t\t<\/div>\n\t\t\t\t\t<\/div>\n\t\t<\/div>\n\t\t\t\t\t<\/div>\n\t\t<\/section>\n\t\t\t\t<section data-particle_enable=\"false\" data-particle-mobile-disabled=\"false\" class=\"elementor-section elementor-top-section elementor-element elementor-element-0c2ee61 elementor-section-boxed elementor-section-height-default elementor-section-height-default\" data-id=\"0c2ee61\" data-element_type=\"section\" data-e-type=\"section\">\n\t\t\t\t\t\t<div class=\"elementor-container elementor-column-gap-default\">\n\t\t\t\t\t<div class=\"elementor-column elementor-col-100 elementor-top-column elementor-element elementor-element-34ce8b5\" data-id=\"34ce8b5\" data-element_type=\"column\" data-e-type=\"column\">\n\t\t\t<div class=\"elementor-widget-wrap elementor-element-populated\">\n\t\t\t\t\t\t<div class=\"elementor-element elementor-element-a7b9fd8 elementor-widget elementor-widget-text-editor\" data-id=\"a7b9fd8\" data-element_type=\"widget\" data-e-type=\"widget\" data-widget_type=\"text-editor.default\">\n\t\t\t\t\t\t\t\t\t<h2><strong>Time Square una oportunidad<\/strong><\/h2><p><span style=\"font-weight: 400;\">La esquina mas famosa de la ciudad de New York, <a href=\"https:\/\/www.earthcam.com\/cams\/newyork\/timessquare\/?cam=tsrobo1\">Times Square<\/a> le brindo una oportunidad, en la que aprovecho para capturar momentos \u00fanicos y en especial a connacionales que fue encontrando en esta gran ciudad.<\/span><\/p><p><span style=\"font-weight: 400;\">Con el talento y pasi\u00f3n, empez\u00f3 a darse a conocer mostrando su trabajo con amigos, compa\u00f1eros y vecinos del lugar, en efecto lo empezaron contratar como fot\u00f3grafo para eventos m\u00faltiples: cumplea\u00f1os, bodas, bautizos etc.<\/span><\/p><p><i><span style=\"font-weight: 400;\">\u201cPor mucho tiempo sal\u00eda a las calles a tomar fotos a parejas, personas, y lo hacia de manera gratuita, cuando presentaba mi trabajo le gustaba a la gente, contrat\u00e1ndome a varios eventos\u201d<\/span><\/i><span style=\"font-weight: 400;\"> agreg\u00f3.<\/span><\/p>\t\t\t\t\t\t\t\t<\/div>\n\t\t\t\t\t<\/div>\n\t\t<\/div>\n\t\t\t\t\t<\/div>\n\t\t<\/section>\n\t\t\t\t<section data-particle_enable=\"false\" data-particle-mobile-disabled=\"false\" class=\"elementor-section elementor-top-section elementor-element elementor-element-a4555b9 elementor-section-boxed elementor-section-height-default elementor-section-height-default\" data-id=\"a4555b9\" data-element_type=\"section\" data-e-type=\"section\">\n\t\t\t\t\t\t<div class=\"elementor-container elementor-column-gap-default\">\n\t\t\t\t\t<div class=\"elementor-column elementor-col-100 elementor-top-column elementor-element elementor-element-2995c41\" data-id=\"2995c41\" data-element_type=\"column\" data-e-type=\"column\">\n\t\t\t<div class=\"elementor-widget-wrap elementor-element-populated\">\n\t\t\t\t\t\t<div class=\"elementor-element elementor-element-cc132fb elementor-widget elementor-widget-image\" data-id=\"cc132fb\" data-element_type=\"widget\" data-e-type=\"widget\" data-widget_type=\"image.default\">\n\t\t\t\t\t\t\t\t\t\t\t\t<figure class=\"wp-caption\">\n\t\t\t\t\t\t\t\t\t\t<img decoding=\"async\" width=\"768\" height=\"512\" src=\"https:\/\/soymigrante.com\/revista\/wp-content\/uploads\/2023\/05\/Graduacion-de-Julio-Cota-fotografo-guatemalteco-en-Nueva-York-3.webp\" class=\"attachment-large size-large wp-image-1143\" alt=\"Graduaci\u00f3n de Julio Cota, fot\u00f3grafo guatemalteco en Nueva York (3)\" srcset=\"https:\/\/soymigrante.com\/revista\/wp-content\/uploads\/2023\/05\/Graduacion-de-Julio-Cota-fotografo-guatemalteco-en-Nueva-York-3.webp 1024w, https:\/\/soymigrante.com\/revista\/wp-content\/uploads\/2023\/05\/Graduacion-de-Julio-Cota-fotografo-guatemalteco-en-Nueva-York-3-300x200.webp 300w, https:\/\/soymigrante.com\/revista\/wp-content\/uploads\/2023\/05\/Graduacion-de-Julio-Cota-fotografo-guatemalteco-en-Nueva-York-3-768x512.jpeg 768w, https:\/\/soymigrante.com\/revista\/wp-content\/uploads\/2023\/05\/Graduacion-de-Julio-Cota-fotografo-guatemalteco-en-Nueva-York-3-750x500.webp 750w, https:\/\/soymigrante.com\/revista\/wp-content\/uploads\/2023\/05\/Graduacion-de-Julio-Cota-fotografo-guatemalteco-en-Nueva-York-3-600x400.jpeg 600w\" sizes=\"(max-width: 768px) 100vw, 768px\" title=\"Graduaci\u00f3n de Julio Cota, fot\u00f3grafo guatemalteco en Nueva York (3) \u2013 SoyMigrante.com REVISTA\" \/>\t\t\t\t\t\t\t\t\t\t\t<figcaption class=\"widget-image-caption wp-caption-text\">Graduaci\u00f3n de HIgh School de Julio Cota, fot\u00f3grafo guatemalteco en Nueva York en la escuela Sunset<\/figcaption>\n\t\t\t\t\t\t\t\t\t\t<\/figure>\n\t\t\t\t\t\t\t\t\t<\/div>\n\t\t\t\t\t<\/div>\n\t\t<\/div>\n\t\t\t\t\t<\/div>\n\t\t<\/section>\n\t\t\t\t<section data-particle_enable=\"false\" data-particle-mobile-disabled=\"false\" class=\"elementor-section elementor-top-section elementor-element elementor-element-089c5d2 elementor-section-boxed elementor-section-height-default elementor-section-height-default\" data-id=\"089c5d2\" data-element_type=\"section\" data-e-type=\"section\">\n\t\t\t\t\t\t<div class=\"elementor-container elementor-column-gap-default\">\n\t\t\t\t\t<div class=\"elementor-column elementor-col-100 elementor-top-column elementor-element elementor-element-4f66a9b\" data-id=\"4f66a9b\" data-element_type=\"column\" data-e-type=\"column\">\n\t\t\t<div class=\"elementor-widget-wrap elementor-element-populated\">\n\t\t\t\t\t\t<div class=\"elementor-element elementor-element-36bf2a0 elementor-widget elementor-widget-image\" data-id=\"36bf2a0\" data-element_type=\"widget\" data-e-type=\"widget\" data-widget_type=\"image.default\">\n\t\t\t\t\t\t\t\t\t\t\t\t<figure class=\"wp-caption\">\n\t\t\t\t\t\t\t\t\t\t<img loading=\"lazy\" decoding=\"async\" width=\"683\" height=\"1024\" src=\"https:\/\/soymigrante.com\/revista\/wp-content\/uploads\/2023\/05\/Graduacion-de-Julio-Cota-fotografo-guatemalteco-en-Nueva-York-1.webp\" class=\"attachment-large size-large wp-image-1144\" alt=\"\" srcset=\"https:\/\/soymigrante.com\/revista\/wp-content\/uploads\/2023\/05\/Graduacion-de-Julio-Cota-fotografo-guatemalteco-en-Nueva-York-1.webp 683w, https:\/\/soymigrante.com\/revista\/wp-content\/uploads\/2023\/05\/Graduacion-de-Julio-Cota-fotografo-guatemalteco-en-Nueva-York-1-200x300.webp 200w\" sizes=\"(max-width: 683px) 100vw, 683px\" title=\"Graduaci\u00f3n de Julio Cota, fot\u00f3grafo guatemalteco en Nueva York (1) \u2013 SoyMigrante.com REVISTA\" \/>\t\t\t\t\t\t\t\t\t\t\t<figcaption class=\"widget-image-caption wp-caption-text\">Con gran orgullo por sus ra\u00edces guatemaltecas, Julio Cota exalt\u00f3 la bandera azul y blanco el d\u00eda de su graduaci\u00f3n de High School.<\/figcaption>\n\t\t\t\t\t\t\t\t\t\t<\/figure>\n\t\t\t\t\t\t\t\t\t<\/div>\n\t\t\t\t\t<\/div>\n\t\t<\/div>\n\t\t\t\t\t<\/div>\n\t\t<\/section>\n\t\t\t\t<section data-particle_enable=\"false\" data-particle-mobile-disabled=\"false\" class=\"elementor-section elementor-top-section elementor-element elementor-element-818a1eb elementor-section-boxed elementor-section-height-default elementor-section-height-default\" data-id=\"818a1eb\" data-element_type=\"section\" data-e-type=\"section\">\n\t\t\t\t\t\t<div class=\"elementor-container elementor-column-gap-default\">\n\t\t\t\t\t<div class=\"elementor-column elementor-col-100 elementor-top-column elementor-element elementor-element-19b416c\" data-id=\"19b416c\" data-element_type=\"column\" data-e-type=\"column\">\n\t\t\t<div class=\"elementor-widget-wrap elementor-element-populated\">\n\t\t\t\t\t\t<div class=\"elementor-element elementor-element-805496d elementor-widget elementor-widget-text-editor\" data-id=\"805496d\" data-element_type=\"widget\" data-e-type=\"widget\" data-widget_type=\"text-editor.default\">\n\t\t\t\t\t\t\t\t\t<p><span style=\"font-weight: 400;\">Las redes sociales han sido un pilar importante para Julio. Cuenta que fue motivado por colegas y creadores de contenido para subir fotograf\u00edas a trav\u00e9s de plataformas como: Facebook, Instagram y Tik Tok. Quer\u00eda darse a conocer como un fot\u00f3grafo que capta la esencia de una historia.\u00a0<\/span><\/p><p><span style=\"font-weight: 400;\">Con una sonrisa y alegr\u00eda. el migrante guatemalteco agrega: <\/span><i><span style=\"font-weight: 400;\">\u201cMi gente me inspira, sacarle una sonrisa a trav\u00e9s de una foto es muy bonito, esto me llena y me hace mucho mas feliz compartirlo con todas las personas\u201d.<\/span><\/i><\/p><p><span style=\"font-weight: 400;\">Actualmente busca profesionalizarse en el arte de la fotograf\u00eda y crear contenido que transmita y capture momentos importantes. Con el pasar del tiempo Julio Cota se ha ido proveyendo con equipo profesional.<\/span><\/p>\t\t\t\t\t\t\t\t<\/div>\n\t\t\t\t\t<\/div>\n\t\t<\/div>\n\t\t\t\t\t<\/div>\n\t\t<\/section>\n\t\t\t\t<section data-particle_enable=\"false\" data-particle-mobile-disabled=\"false\" class=\"elementor-section elementor-top-section elementor-element elementor-element-b082ac0 elementor-section-boxed elementor-section-height-default elementor-section-height-default\" data-id=\"b082ac0\" data-element_type=\"section\" data-e-type=\"section\">\n\t\t\t\t\t\t<div class=\"elementor-container elementor-column-gap-default\">\n\t\t\t\t\t<div class=\"elementor-column elementor-col-100 elementor-top-column elementor-element elementor-element-157c5d1\" data-id=\"157c5d1\" data-element_type=\"column\" data-e-type=\"column\">\n\t\t\t<div class=\"elementor-widget-wrap elementor-element-populated\">\n\t\t\t\t\t\t<div class=\"elementor-element elementor-element-a75b19d elementor-widget elementor-widget-image\" data-id=\"a75b19d\" data-element_type=\"widget\" data-e-type=\"widget\" data-widget_type=\"image.default\">\n\t\t\t\t\t\t\t\t\t\t\t\t<figure class=\"wp-caption\">\n\t\t\t\t\t\t\t\t\t\t<img loading=\"lazy\" decoding=\"async\" width=\"683\" height=\"1024\" src=\"https:\/\/soymigrante.com\/revista\/wp-content\/uploads\/2023\/05\/FOTOGRAFIA-DE-PERSONAS-EN-LA-GRAN-CIUDAD-JULIO-COTA-683x1024.jpeg\" class=\"attachment-large size-large wp-image-1125\" alt=\"\" srcset=\"https:\/\/soymigrante.com\/revista\/wp-content\/uploads\/2023\/05\/FOTOGRAFIA-DE-PERSONAS-EN-LA-GRAN-CIUDAD-JULIO-COTA-683x1024.jpeg 683w, https:\/\/soymigrante.com\/revista\/wp-content\/uploads\/2023\/05\/FOTOGRAFIA-DE-PERSONAS-EN-LA-GRAN-CIUDAD-JULIO-COTA-200x300.webp 200w, https:\/\/soymigrante.com\/revista\/wp-content\/uploads\/2023\/05\/FOTOGRAFIA-DE-PERSONAS-EN-LA-GRAN-CIUDAD-JULIO-COTA-768x1151.jpeg 768w, https:\/\/soymigrante.com\/revista\/wp-content\/uploads\/2023\/05\/FOTOGRAFIA-DE-PERSONAS-EN-LA-GRAN-CIUDAD-JULIO-COTA-1025x1536.jpeg 1025w, https:\/\/soymigrante.com\/revista\/wp-content\/uploads\/2023\/05\/FOTOGRAFIA-DE-PERSONAS-EN-LA-GRAN-CIUDAD-JULIO-COTA-750x1124.webp 750w, https:\/\/soymigrante.com\/revista\/wp-content\/uploads\/2023\/05\/FOTOGRAFIA-DE-PERSONAS-EN-LA-GRAN-CIUDAD-JULIO-COTA-1140x1709.jpeg 1140w, https:\/\/soymigrante.com\/revista\/wp-content\/uploads\/2023\/05\/FOTOGRAFIA-DE-PERSONAS-EN-LA-GRAN-CIUDAD-JULIO-COTA.webp 1281w\" sizes=\"(max-width: 683px) 100vw, 683px\" title=\"FOTOGRAFIA DE PERSONAS EN LA GRAN CIUDAD JULIO COTA \u2013 SoyMigrante.com REVISTA\" \/>\t\t\t\t\t\t\t\t\t\t\t<figcaption class=\"widget-image-caption wp-caption-text\">Julio Cota, migrante guatemalteco, disfruta mucho de encontrarse con compatriotas en Times Square Nueva York, a quienes retrata gratuitamente; aunque gracias a ello ya lo contratan para cubrir eventos con su c\u00e1mara. Fotograf\u00eda : Julio Cota<\/figcaption>\n\t\t\t\t\t\t\t\t\t\t<\/figure>\n\t\t\t\t\t\t\t\t\t<\/div>\n\t\t\t\t\t<\/div>\n\t\t<\/div>\n\t\t\t\t\t<\/div>\n\t\t<\/section>\n\t\t\t\t<section data-particle_enable=\"false\" data-particle-mobile-disabled=\"false\" class=\"elementor-section elementor-top-section elementor-element elementor-element-61fbe86 elementor-section-boxed elementor-section-height-default elementor-section-height-default\" data-id=\"61fbe86\" data-element_type=\"section\" data-e-type=\"section\">\n\t\t\t\t\t\t<div class=\"elementor-container elementor-column-gap-default\">\n\t\t\t\t\t<div class=\"elementor-column elementor-col-100 elementor-top-column elementor-element elementor-element-5d5095e\" data-id=\"5d5095e\" data-element_type=\"column\" data-e-type=\"column\">\n\t\t\t<div class=\"elementor-widget-wrap elementor-element-populated\">\n\t\t\t\t\t\t<div class=\"elementor-element elementor-element-852c3d2 elementor-widget elementor-widget-text-editor\" data-id=\"852c3d2\" data-element_type=\"widget\" data-e-type=\"widget\" data-widget_type=\"text-editor.default\">\n\t\t\t\t\t\t\t\t\t<h2><b>Regresar a Guatemala es una meta\u00a0<\/b><\/h2><p><span style=\"font-weight: 400;\">Estima Julio que en dos a tres a\u00f1os regresara a su tierra natal. Su objetivo es apoyar las necesidades de su comunidad y realizar fotograf\u00edas con su gente. En esencia el migrante y fot\u00f3grafo guatemalteco desea inspirar y un llevar un mensaje.\u00a0<\/span><\/p><p><span style=\"font-weight: 400;\">Anhela reencontrarse con su familia. En su caser\u00edo Tierra Linda viven sus padres quienes se dedican a la siembra y cosecha de verduras. Julio tiene siete hermanos. Julio es el hijo del medio de esta familia.<\/span><\/p><p><i><span style=\"font-weight: 400;\">\u201cMi familia siempre me apoya y han estado muy feliz, cuando hablo con ellos sobre mis proyectos, me motivan, por ejemplo, en Guatemala tuve muchos trabajos para poder apoyar a mi familia y ellos siempre estuvieron conmigo\u201d<\/span><\/i><span style=\"font-weight: 400;\"> agrega el migrante.<\/span><\/p>\t\t\t\t\t\t\t\t<\/div>\n\t\t\t\t\t<\/div>\n\t\t<\/div>\n\t\t\t\t\t<\/div>\n\t\t<\/section>\n\t\t\t\t<section data-particle_enable=\"false\" data-particle-mobile-disabled=\"false\" class=\"elementor-section elementor-top-section elementor-element elementor-element-368e2c8 elementor-section-boxed elementor-section-height-default elementor-section-height-default\" data-id=\"368e2c8\" data-element_type=\"section\" data-e-type=\"section\">\n\t\t\t\t\t\t<div class=\"elementor-container elementor-column-gap-default\">\n\t\t\t\t\t<div class=\"elementor-column elementor-col-100 elementor-top-column elementor-element elementor-element-5844a06\" data-id=\"5844a06\" data-element_type=\"column\" data-e-type=\"column\">\n\t\t\t<div class=\"elementor-widget-wrap elementor-element-populated\">\n\t\t\t\t\t\t<div class=\"elementor-element elementor-element-94fd0ca elementor-widget elementor-widget-image\" data-id=\"94fd0ca\" data-element_type=\"widget\" data-e-type=\"widget\" data-widget_type=\"image.default\">\n\t\t\t\t\t\t\t\t\t\t\t\t<figure class=\"wp-caption\">\n\t\t\t\t\t\t\t\t\t\t<img loading=\"lazy\" decoding=\"async\" width=\"661\" height=\"1024\" src=\"https:\/\/soymigrante.com\/revista\/wp-content\/uploads\/2023\/05\/EN-LA-CALLE-DE-TIME-SQUARE-EN-BUSCA-DE-UNA-OPORTUNIDAD-JULIO-COTA-2-661x1024.jpeg\" class=\"attachment-large size-large wp-image-1127\" alt=\"\" srcset=\"https:\/\/soymigrante.com\/revista\/wp-content\/uploads\/2023\/05\/EN-LA-CALLE-DE-TIME-SQUARE-EN-BUSCA-DE-UNA-OPORTUNIDAD-JULIO-COTA-2-661x1024.jpeg 661w, https:\/\/soymigrante.com\/revista\/wp-content\/uploads\/2023\/05\/EN-LA-CALLE-DE-TIME-SQUARE-EN-BUSCA-DE-UNA-OPORTUNIDAD-JULIO-COTA-2-194x300.webp 194w, https:\/\/soymigrante.com\/revista\/wp-content\/uploads\/2023\/05\/EN-LA-CALLE-DE-TIME-SQUARE-EN-BUSCA-DE-UNA-OPORTUNIDAD-JULIO-COTA-2-768x1190.jpeg 768w, https:\/\/soymigrante.com\/revista\/wp-content\/uploads\/2023\/05\/EN-LA-CALLE-DE-TIME-SQUARE-EN-BUSCA-DE-UNA-OPORTUNIDAD-JULIO-COTA-2-992x1536.jpeg 992w, https:\/\/soymigrante.com\/revista\/wp-content\/uploads\/2023\/05\/EN-LA-CALLE-DE-TIME-SQUARE-EN-BUSCA-DE-UNA-OPORTUNIDAD-JULIO-COTA-2-750x1162.webp 750w, https:\/\/soymigrante.com\/revista\/wp-content\/uploads\/2023\/05\/EN-LA-CALLE-DE-TIME-SQUARE-EN-BUSCA-DE-UNA-OPORTUNIDAD-JULIO-COTA-2-1140x1766.jpeg 1140w, https:\/\/soymigrante.com\/revista\/wp-content\/uploads\/2023\/05\/EN-LA-CALLE-DE-TIME-SQUARE-EN-BUSCA-DE-UNA-OPORTUNIDAD-JULIO-COTA-2.webp 1239w\" sizes=\"(max-width: 661px) 100vw, 661px\" title=\"EN LA CALLE DE TIME SQUARE EN BUSCA DE UNA OPORTUNIDAD JULIO COTA (2) \u2013 SoyMigrante.com REVISTA\" \/>\t\t\t\t\t\t\t\t\t\t\t<figcaption class=\"widget-image-caption wp-caption-text\">Julio Cota se considera un incansable cazador de im\u00e1genes y momentos en la Gran Manzana.<\/figcaption>\n\t\t\t\t\t\t\t\t\t\t<\/figure>\n\t\t\t\t\t\t\t\t\t<\/div>\n\t\t\t\t\t<\/div>\n\t\t<\/div>\n\t\t\t\t\t<\/div>\n\t\t<\/section>\n\t\t\t\t<section data-particle_enable=\"false\" data-particle-mobile-disabled=\"false\" class=\"elementor-section elementor-top-section elementor-element elementor-element-462c98f elementor-section-boxed elementor-section-height-default elementor-section-height-default\" data-id=\"462c98f\" data-element_type=\"section\" data-e-type=\"section\">\n\t\t\t\t\t\t<div class=\"elementor-container elementor-column-gap-default\">\n\t\t\t\t\t<div class=\"elementor-column elementor-col-100 elementor-top-column elementor-element elementor-element-f13d974\" data-id=\"f13d974\" data-element_type=\"column\" data-e-type=\"column\">\n\t\t\t<div class=\"elementor-widget-wrap elementor-element-populated\">\n\t\t\t\t\t\t<div class=\"elementor-element elementor-element-9683f69 elementor-widget elementor-widget-text-editor\" data-id=\"9683f69\" data-element_type=\"widget\" data-e-type=\"widget\" data-widget_type=\"text-editor.default\">\n\t\t\t\t\t\t\t\t\t<p><span style=\"font-weight: 400;\">Julio tom\u00f3 la decisi\u00f3n de dedicarse totalmente a la fotograf\u00eda. Considera este arte como un proyecto de emprendimiento personal. Pretende que con los a\u00f1os pueda ir creciendo. Tambi\u00e9n hace una reflexi\u00f3n sobre el sue\u00f1o americano y dice que para \u00e9l es sentirse bien y satisfecho con los proyectos que se proponen estando en otro pa\u00eds. Considera\u00a0 importante direccionar y encontrar el camino para la construcci\u00f3n de la libertad y del sue\u00f1o americano, pero este solo se completar\u00e1 cuando logre regresar sano y salvo para invertir y desarrollarse en su propia tierra.<\/span><\/p><p><span style=\"font-weight: 400;\">\u201c<\/span><i><span style=\"font-weight: 400;\">Aprovechen las peque\u00f1as oportunidades, no las dejen pasar, es dif\u00edcil pero no imposible<\/span><\/i><span style=\"font-weight: 400;\">\u201d finaliz\u00f3 el migrante y fot\u00f3grafo guatemalteco.<\/span><\/p>\t\t\t\t\t\t\t\t<\/div>\n\t\t\t\t\t<\/div>\n\t\t<\/div>\n\t\t\t\t\t<\/div>\n\t\t<\/section>\n\t\t\t\t<section data-particle_enable=\"false\" data-particle-mobile-disabled=\"false\" class=\"elementor-section elementor-top-section elementor-element elementor-element-ca60d8c elementor-section-boxed elementor-section-height-default elementor-section-height-default\" data-id=\"ca60d8c\" data-element_type=\"section\" data-e-type=\"section\">\n\t\t\t\t\t\t<div class=\"elementor-container elementor-column-gap-default\">\n\t\t\t\t\t<div class=\"elementor-column elementor-col-100 elementor-top-column elementor-element elementor-element-4285a10\" data-id=\"4285a10\" data-element_type=\"column\" data-e-type=\"column\">\n\t\t\t<div class=\"elementor-widget-wrap elementor-element-populated\">\n\t\t\t\t\t\t<div class=\"elementor-element elementor-element-1b5e16a elementor-widget elementor-widget-gallery\" data-id=\"1b5e16a\" data-element_type=\"widget\" data-e-type=\"widget\" data-settings=\"{&quot;columns&quot;:1,&quot;gap&quot;:{&quot;unit&quot;:&quot;px&quot;,&quot;size&quot;:46,&quot;sizes&quot;:[]},&quot;image_hover_animation&quot;:&quot;shrink-contained&quot;,&quot;content_hover_animation&quot;:&quot;grow&quot;,&quot;lazyload&quot;:&quot;yes&quot;,&quot;gallery_layout&quot;:&quot;grid&quot;,&quot;columns_tablet&quot;:2,&quot;columns_mobile&quot;:1,&quot;gap_tablet&quot;:{&quot;unit&quot;:&quot;px&quot;,&quot;size&quot;:10,&quot;sizes&quot;:[]},&quot;gap_mobile&quot;:{&quot;unit&quot;:&quot;px&quot;,&quot;size&quot;:10,&quot;sizes&quot;:[]},&quot;link_to&quot;:&quot;file&quot;,&quot;aspect_ratio&quot;:&quot;3:2&quot;,&quot;overlay_background&quot;:&quot;yes&quot;}\" data-widget_type=\"gallery.default\">\n\t\t\t\t\t\t\t<div class=\"elementor-gallery__container\">\n\t\t\t\t\t\t\t<a class=\"e-gallery-item elementor-gallery-item elementor-animated-content\" href=\"https:\/\/soymigrante.com\/revista\/wp-content\/uploads\/2023\/05\/EMPRENDEDOR-GUATEMALTECO-CAPTADO-POR-JULIO.webp\" data-elementor-open-lightbox=\"yes\" data-elementor-lightbox-slideshow=\"1b5e16a\" data-elementor-lightbox-title=\"EMPRENDEDOR GUATEMALTECO CAPTADO POR JULIO\" data-e-action-hash=\"#elementor-action%3Aaction%3Dlightbox%26settings%3DeyJpZCI6MTEyMywidXJsIjoiaHR0cHM6XC9cL3NveW1pZ3JhbnRlLmNvbVwvcmV2aXN0YVwvd3AtY29udGVudFwvdXBsb2Fkc1wvMjAyM1wvMDVcL0VNUFJFTkRFRE9SLUdVQVRFTUFMVEVDTy1DQVBUQURPLVBPUi1KVUxJTy53ZWJwIiwic2xpZGVzaG93IjoiMWI1ZTE2YSJ9\">\n\t\t\t\t\t<div class=\"e-gallery-image elementor-gallery-item__image\" data-thumbnail=\"https:\/\/soymigrante.com\/revista\/wp-content\/uploads\/2023\/05\/EMPRENDEDOR-GUATEMALTECO-CAPTADO-POR-JULIO-768x1151.jpeg\" data-width=\"768\" data-height=\"1151\" aria-label=\"\" role=\"img\" ><\/div>\n\t\t\t\t\t\t\t\t\t\t\t<div class=\"elementor-gallery-item__overlay\"><\/div>\n\t\t\t\t\t\t\t\t\t\t\t\t\t\t<\/a>\n\t\t\t\t\t\t\t<a class=\"e-gallery-item elementor-gallery-item elementor-animated-content\" href=\"https:\/\/soymigrante.com\/revista\/wp-content\/uploads\/2023\/05\/Julio-Cota-fotografo-de-Solola-es-migrante-en-Nueva-York-1.webp\" data-elementor-open-lightbox=\"yes\" data-elementor-lightbox-slideshow=\"1b5e16a\" data-elementor-lightbox-title=\"Julio Cota, fot\u00f3grafo de Solol\u00e1, es migrante en Nueva York (1)\" data-elementor-lightbox-description=\"Julio Cota, migrante guatemalteco, empez\u00f3 fotografiando a extra\u00f1os, a quienes ped\u00eda posar en Times Square, Nueva York. Poco a poco empezaron a llegar pedidos para sesiones fotogr\u00e1ficas.\" data-e-action-hash=\"#elementor-action%3Aaction%3Dlightbox%26settings%3DeyJpZCI6MTE0MSwidXJsIjoiaHR0cHM6XC9cL3NveW1pZ3JhbnRlLmNvbVwvcmV2aXN0YVwvd3AtY29udGVudFwvdXBsb2Fkc1wvMjAyM1wvMDVcL0p1bGlvLUNvdGEtZm90b2dyYWZvLWRlLVNvbG9sYS1lcy1taWdyYW50ZS1lbi1OdWV2YS1Zb3JrLTEud2VicCIsInNsaWRlc2hvdyI6IjFiNWUxNmEifQ%3D%3D\">\n\t\t\t\t\t<div class=\"e-gallery-image elementor-gallery-item__image\" data-thumbnail=\"https:\/\/soymigrante.com\/revista\/wp-content\/uploads\/2023\/05\/Julio-Cota-fotografo-de-Solola-es-migrante-en-Nueva-York-1.webp\" data-width=\"683\" data-height=\"1024\" aria-label=\"Julio Cota, fot\u00f3grafo de Solol\u00e1, es migrante en Nueva York. Comenz\u00f3 fotografiando a voluntarios en Times Square\" role=\"img\" ><\/div>\n\t\t\t\t\t\t\t\t\t\t\t<div class=\"elementor-gallery-item__overlay\"><\/div>\n\t\t\t\t\t\t\t\t\t\t\t\t\t\t<\/a>\n\t\t\t\t\t\t\t<a class=\"e-gallery-item elementor-gallery-item elementor-animated-content\" href=\"https:\/\/soymigrante.com\/revista\/wp-content\/uploads\/2023\/05\/PAREJA-RECIEN-CASADA-EN-TIMES-SQUARE.webp\" data-elementor-open-lightbox=\"yes\" data-elementor-lightbox-slideshow=\"1b5e16a\" data-elementor-lightbox-title=\"PAREJA RECIEN CASADA EN TIMES SQUARE\" data-e-action-hash=\"#elementor-action%3Aaction%3Dlightbox%26settings%3DeyJpZCI6MTEyOCwidXJsIjoiaHR0cHM6XC9cL3NveW1pZ3JhbnRlLmNvbVwvcmV2aXN0YVwvd3AtY29udGVudFwvdXBsb2Fkc1wvMjAyM1wvMDVcL1BBUkVKQS1SRUNJRU4tQ0FTQURBLUVOLVRJTUVTLVNRVUFSRS53ZWJwIiwic2xpZGVzaG93IjoiMWI1ZTE2YSJ9\">\n\t\t\t\t\t<div class=\"e-gallery-image elementor-gallery-item__image\" data-thumbnail=\"https:\/\/soymigrante.com\/revista\/wp-content\/uploads\/2023\/05\/PAREJA-RECIEN-CASADA-EN-TIMES-SQUARE-768x960.jpeg\" data-width=\"768\" data-height=\"960\" aria-label=\"\" role=\"img\" ><\/div>\n\t\t\t\t\t\t\t\t\t\t\t<div class=\"elementor-gallery-item__overlay\"><\/div>\n\t\t\t\t\t\t\t\t\t\t\t\t\t\t<\/a>\n\t\t\t\t\t\t\t<a class=\"e-gallery-item elementor-gallery-item elementor-animated-content\" href=\"https:\/\/soymigrante.com\/revista\/wp-content\/uploads\/2023\/05\/CAPTANDO-MOMENTOS-DE-GENTE-TRABAJADORA-EN-EEUU-TRABAJO-DE-JULIO-COTA.webp\" data-elementor-open-lightbox=\"yes\" data-elementor-lightbox-slideshow=\"1b5e16a\" data-elementor-lightbox-title=\"CAPTANDO MOMENTOS DE GENTE TRABAJADORA EN EEUU, TRABAJO DE JULIO COTA\" data-e-action-hash=\"#elementor-action%3Aaction%3Dlightbox%26settings%3DeyJpZCI6MTEyMiwidXJsIjoiaHR0cHM6XC9cL3NveW1pZ3JhbnRlLmNvbVwvcmV2aXN0YVwvd3AtY29udGVudFwvdXBsb2Fkc1wvMjAyM1wvMDVcL0NBUFRBTkRPLU1PTUVOVE9TLURFLUdFTlRFLVRSQUJBSkFET1JBLUVOLUVFVVUtVFJBQkFKTy1ERS1KVUxJTy1DT1RBLndlYnAiLCJzbGlkZXNob3ciOiIxYjVlMTZhIn0%3D\">\n\t\t\t\t\t<div class=\"e-gallery-image elementor-gallery-item__image\" data-thumbnail=\"https:\/\/soymigrante.com\/revista\/wp-content\/uploads\/2023\/05\/CAPTANDO-MOMENTOS-DE-GENTE-TRABAJADORA-EN-EEUU-TRABAJO-DE-JULIO-COTA-768x1151.jpeg\" data-width=\"768\" data-height=\"1151\" aria-label=\"\" role=\"img\" ><\/div>\n\t\t\t\t\t\t\t\t\t\t\t<div class=\"elementor-gallery-item__overlay\"><\/div>\n\t\t\t\t\t\t\t\t\t\t\t\t\t\t<\/a>\n\t\t\t\t\t\t\t<a class=\"e-gallery-item elementor-gallery-item elementor-animated-content\" href=\"https:\/\/soymigrante.com\/revista\/wp-content\/uploads\/2023\/05\/SUPERMAN-EN-LA-CALLE-DE-TIME-SQUARE.webp\" data-elementor-open-lightbox=\"yes\" data-elementor-lightbox-slideshow=\"1b5e16a\" data-elementor-lightbox-title=\"SUPERMAN EN LA CALLE DE TIME SQUARE\" data-e-action-hash=\"#elementor-action%3Aaction%3Dlightbox%26settings%3DeyJpZCI6MTEyNiwidXJsIjoiaHR0cHM6XC9cL3NveW1pZ3JhbnRlLmNvbVwvcmV2aXN0YVwvd3AtY29udGVudFwvdXBsb2Fkc1wvMjAyM1wvMDVcL1NVUEVSTUFOLUVOLUxBLUNBTExFLURFLVRJTUUtU1FVQVJFLndlYnAiLCJzbGlkZXNob3ciOiIxYjVlMTZhIn0%3D\">\n\t\t\t\t\t<div class=\"e-gallery-image elementor-gallery-item__image\" data-thumbnail=\"https:\/\/soymigrante.com\/revista\/wp-content\/uploads\/2023\/05\/SUPERMAN-EN-LA-CALLE-DE-TIME-SQUARE-768x959.jpeg\" data-width=\"768\" data-height=\"959\" aria-label=\"\" role=\"img\" ><\/div>\n\t\t\t\t\t\t\t\t\t\t\t<div class=\"elementor-gallery-item__overlay\"><\/div>\n\t\t\t\t\t\t\t\t\t\t\t\t\t\t<\/a>\n\t\t\t\t\t\t\t<a class=\"e-gallery-item elementor-gallery-item elementor-animated-content\" href=\"https:\/\/soymigrante.com\/revista\/wp-content\/uploads\/2023\/05\/CAPTANDO-MOMENTOS-UNICOS.webp\" data-elementor-open-lightbox=\"yes\" data-elementor-lightbox-slideshow=\"1b5e16a\" data-elementor-lightbox-title=\"CAPTANDO MOMENTOS UNICOS\" data-e-action-hash=\"#elementor-action%3Aaction%3Dlightbox%26settings%3DeyJpZCI6MTEyMSwidXJsIjoiaHR0cHM6XC9cL3NveW1pZ3JhbnRlLmNvbVwvcmV2aXN0YVwvd3AtY29udGVudFwvdXBsb2Fkc1wvMjAyM1wvMDVcL0NBUFRBTkRPLU1PTUVOVE9TLVVOSUNPUy53ZWJwIiwic2xpZGVzaG93IjoiMWI1ZTE2YSJ9\">\n\t\t\t\t\t<div class=\"e-gallery-image elementor-gallery-item__image\" data-thumbnail=\"https:\/\/soymigrante.com\/revista\/wp-content\/uploads\/2023\/05\/CAPTANDO-MOMENTOS-UNICOS.webp\" data-width=\"683\" data-height=\"1024\" aria-label=\"Trabajo de Julio Cota\" role=\"img\" ><\/div>\n\t\t\t\t\t\t\t\t\t\t\t<div class=\"elementor-gallery-item__overlay\"><\/div>\n\t\t\t\t\t\t\t\t\t\t\t\t\t\t<\/a>\n\t\t\t\t\t<\/div>\n\t\t\t\t\t<\/div>\n\t\t\t\t\t<\/div>\n\t\t<\/div>\n\t\t\t\t\t<\/div>\n\t\t<\/section>\n\t\t\t\t<\/div>\n\t\t","protected":false},"excerpt":{"rendered":"<p>Julio Cota Julajuj, oriundo del caser\u00edo Tierra Linda departamento de Solol\u00e1, llego a Estados Unidos hace tres a\u00f1os y medio. Este migrante guatemalteco trabaj\u00f3 en un restaurantes, pero su pasi\u00f3n y talento es la fotograf\u00eda. Julio Cota anhela un d\u00eda regresar a su natal Solol\u00e1 para fotograf&#8217;\u00edar sus hermosos paisajes con todos los conocimientos y [&hellip;]<\/p>\n","protected":false},"author":10,"featured_media":1167,"comment_status":"open","ping_status":"open","sticky":false,"template":"","format":"standard","meta":{"_acf_changed":false,"_eb_attr":"","footnotes":""},"categories":[50],"tags":[],"class_list":["post-1118","post","type-post","status-publish","format-standard","has-post-thumbnail","hentry","category-exitos"],"acf":[],"aioseo_notices":[],"aioseo_head":"\n\t\t<!-- All in One SEO Pro 4.9.6.2 - aioseo.com -->\n\t<meta name=\"description\" content=\"Julio Cota Julajuj, oriundo del caser\u00edo Tierra Linda departamento de Solol\u00e1, llego a Estados Unidos hace tres a\u00f1os y medio. Este migrante guatemalteco trabaj\u00f3 en un restaurantes, pero su pasi\u00f3n y talento es la fotograf\u00eda. Se siente muy orgulloso de ser migrante y guatemalteco. Desde la tierra del paisaje departamento de Solol\u00e1, Julio a la\" \/>\n\t<meta name=\"robots\" content=\"max-snippet:-1, max-image-preview:large, max-video-preview:-1\" \/>\n\t<meta name=\"author\" content=\"Diana Batz\"\/>\n\t<link rel=\"canonical\" href=\"https:\/\/soymigrante.com\/revista\/migrante-guatemalteco-julio-cota-es-fotografo-en-nueva-york\/\" \/>\n\t<meta name=\"generator\" content=\"All in One SEO Pro (AIOSEO) 4.9.6.2\" \/>\n\n\t\t<link rel=\"preconnect\" href=\"https:\/\/fonts.googleapis.com\" crossorigin>\n<link rel=\"preconnect\" href=\"https:\/\/fonts.gstatic.com\" crossorigin>\n\t\t<meta property=\"og:locale\" content=\"es_ES\" \/>\n\t\t<meta property=\"og:site_name\" content=\"SoyMigrante.com REVISTA \u2013 Nuestra misi\u00f3n es reconocer y dignificar al migrante.\" \/>\n\t\t<meta property=\"og:type\" content=\"article\" \/>\n\t\t<meta property=\"og:title\" content=\"Migrante guatemalteco Julio Cota cuenta historias fotogr\u00e1ficas en Nueva York\" \/>\n\t\t<meta property=\"og:description\" content=\"Julio Cota Julajuj, oriundo del caser\u00edo Tierra Linda departamento de Solol\u00e1, llego a Estados Unidos hace tres a\u00f1os y medio. Este migrante guatemalteco trabaj\u00f3 en un restaurantes, pero su pasi\u00f3n y talento es la fotograf\u00eda. Se siente muy orgulloso de ser migrante y guatemalteco. Desde la tierra del paisaje departamento de Solol\u00e1, Julio a la\" \/>\n\t\t<meta property=\"og:url\" content=\"https:\/\/soymigrante.com\/revista\/migrante-guatemalteco-julio-cota-es-fotografo-en-nueva-york\/\" \/>\n\t\t<meta property=\"og:image\" content=\"https:\/\/soymigrante.com\/revista\/wp-content\/uploads\/2023\/06\/SM_7.webp\" \/>\n\t\t<meta property=\"og:image:secure_url\" content=\"https:\/\/soymigrante.com\/revista\/wp-content\/uploads\/2023\/06\/SM_7.webp\" \/>\n\t\t<meta property=\"og:image:width\" content=\"400\" \/>\n\t\t<meta property=\"og:image:height\" content=\"400\" \/>\n\t\t<meta property=\"article:published_time\" content=\"2023-05-31T21:35:39+00:00\" \/>\n\t\t<meta property=\"article:modified_time\" content=\"2024-11-01T12:54:39+00:00\" \/>\n\t\t<meta property=\"article:publisher\" content=\"https:\/\/www.facebook.com\/soymigrantecom\" \/>\n\t\t<meta name=\"twitter:card\" content=\"summary_large_image\" \/>\n\t\t<meta name=\"twitter:site\" content=\"@SoyMigrante_com\" \/>\n\t\t<meta name=\"twitter:title\" content=\"Migrante guatemalteco Julio Cota cuenta historias fotogr\u00e1ficas en Nueva York\" \/>\n\t\t<meta name=\"twitter:description\" content=\"Julio Cota Julajuj, oriundo del caser\u00edo Tierra Linda departamento de Solol\u00e1, llego a Estados Unidos hace tres a\u00f1os y medio. Este migrante guatemalteco trabaj\u00f3 en un restaurantes, pero su pasi\u00f3n y talento es la fotograf\u00eda. Se siente muy orgulloso de ser migrante y guatemalteco. Desde la tierra del paisaje departamento de Solol\u00e1, Julio a la\" \/>\n\t\t<meta name=\"twitter:creator\" content=\"@SoyMigrante_com\" \/>\n\t\t<meta name=\"twitter:image\" content=\"https:\/\/soymigrante.com\/revista\/wp-content\/uploads\/2023\/06\/SM_7.webp\" \/>\n\t\t<!-- All in One SEO Pro -->\r\n\t\t<title>Migrante guatemalteco Julio Cota cuenta historias fotogr\u00e1ficas en Nueva York<\/title>\n\n","aioseo_head_json":{"title":"Migrante guatemalteco Julio Cota cuenta historias fotogr\u00e1ficas en Nueva York","description":"Julio Cota Julajuj, oriundo del caser\u00edo Tierra Linda departamento de Solol\u00e1, llego a Estados Unidos hace tres a\u00f1os y medio. Este migrante guatemalteco trabaj\u00f3 en un restaurantes, pero su pasi\u00f3n y talento es la fotograf\u00eda. Se siente muy orgulloso de ser migrante y guatemalteco. Desde la tierra del paisaje departamento de Solol\u00e1, Julio a la","canonical_url":"https:\/\/soymigrante.com\/revista\/migrante-guatemalteco-julio-cota-es-fotografo-en-nueva-york\/","robots":"max-snippet:-1, max-image-preview:large, max-video-preview:-1","keywords":"","webmasterTools":{"miscellaneous":"&lt;link rel=\"preconnect\" href=\"https:\/\/fonts.googleapis.com\" crossorigin&gt;\n&lt;link rel=\"preconnect\" href=\"https:\/\/fonts.gstatic.com\" crossorigin&gt;"},"schema":null,"og:locale":"es_ES","og:site_name":"SoyMigrante.com REVISTA \u2013 Nuestra misi\u00f3n es reconocer y dignificar al migrante.","og:type":"article","og:title":"Migrante guatemalteco Julio Cota cuenta historias fotogr\u00e1ficas en Nueva York","og:description":"Julio Cota Julajuj, oriundo del caser\u00edo Tierra Linda departamento de Solol\u00e1, llego a Estados Unidos hace tres a\u00f1os y medio. Este migrante guatemalteco trabaj\u00f3 en un restaurantes, pero su pasi\u00f3n y talento es la fotograf\u00eda. Se siente muy orgulloso de ser migrante y guatemalteco. Desde la tierra del paisaje departamento de Solol\u00e1, Julio a la","og:url":"https:\/\/soymigrante.com\/revista\/migrante-guatemalteco-julio-cota-es-fotografo-en-nueva-york\/","og:image":"https:\/\/soymigrante.com\/revista\/wp-content\/uploads\/2023\/06\/SM_7.webp","og:image:secure_url":"https:\/\/soymigrante.com\/revista\/wp-content\/uploads\/2023\/06\/SM_7.webp","og:image:width":400,"og:image:height":400,"article:published_time":"2023-05-31T21:35:39+00:00","article:modified_time":"2024-11-01T12:54:39+00:00","article:publisher":"https:\/\/www.facebook.com\/soymigrantecom","twitter:card":"summary_large_image","twitter:site":"@SoyMigrante_com","twitter:title":"Migrante guatemalteco Julio Cota cuenta historias fotogr\u00e1ficas en Nueva York","twitter:description":"Julio Cota Julajuj, oriundo del caser\u00edo Tierra Linda departamento de Solol\u00e1, llego a Estados Unidos hace tres a\u00f1os y medio. Este migrante guatemalteco trabaj\u00f3 en un restaurantes, pero su pasi\u00f3n y talento es la fotograf\u00eda. Se siente muy orgulloso de ser migrante y guatemalteco. Desde la tierra del paisaje departamento de Solol\u00e1, Julio a la","twitter:creator":"@SoyMigrante_com","twitter:image":"https:\/\/soymigrante.com\/revista\/wp-content\/uploads\/2023\/06\/SM_7.webp"},"aioseo_meta_data":{"post_id":"1118","title":null,"description":null,"keywords":null,"keyphrases":{"focus":{"keyphrase":"Migrante","score":91,"analysis":{"keyphraseInTitle":{"score":9,"maxScore":9,"error":0},"keyphraseInDescription":{"score":9,"maxScore":9,"error":0},"keyphraseLength":{"score":9,"maxScore":9,"error":0,"length":1},"keyphraseInURL":{"score":5,"maxScore":5,"error":0},"keyphraseInIntroduction":{"score":3,"maxScore":9,"error":1},"keyphraseInSubHeadings":{"score":9,"maxScore":9,"error":0},"keyphraseInImageAlt":{"score":9,"maxScore":9,"error":0},"keywordDensity":{"type":"best","score":9,"maxScore":9,"error":0}}},"additional":[{"keyphrase":"Fotograf\u00eda","score":73,"analysis":{"keyphraseInDescription":{"score":9,"maxScore":9,"error":0},"keyphraseLength":{"score":9,"maxScore":9,"error":0,"length":2},"keyphraseInIntroduction":{"score":3,"maxScore":9,"error":1},"keyphraseInImageAlt":{"score":3,"maxScore":9,"error":1},"keywordDensity":{"type":"best","score":9,"maxScore":9,"error":0}}}]},"primary_term":null,"canonical_url":null,"og_title":null,"og_description":null,"og_object_type":"default","og_image_type":"default","og_image_url":null,"og_image_width":null,"og_image_height":null,"og_image_custom_url":null,"og_image_custom_fields":null,"og_video":"","og_custom_url":null,"og_article_section":null,"og_article_tags":null,"twitter_use_og":false,"twitter_card":"default","twitter_image_type":"default","twitter_image_url":null,"twitter_image_custom_url":null,"twitter_image_custom_fields":null,"twitter_title":null,"twitter_description":null,"schema":{"blockGraphs":[],"customGraphs":[],"default":{"data":{"Article":[],"Course":[],"Dataset":[],"FAQPage":[],"Movie":[],"Person":[],"Product":[],"ProductReview":[],"Car":[],"Recipe":[],"Service":[],"SoftwareApplication":[],"WebPage":[]},"graphName":"Article","isEnabled":true},"graphs":[]},"schema_type":"default","schema_type_options":null,"pillar_content":false,"robots_default":true,"robots_noindex":false,"robots_noarchive":false,"robots_nosnippet":false,"robots_nofollow":false,"robots_noimageindex":false,"robots_noodp":false,"robots_notranslate":false,"robots_max_snippet":"-1","robots_max_videopreview":"-1","robots_max_imagepreview":"large","priority":null,"frequency":"default","local_seo":null,"seo_analyzer_scan_date":"2025-10-08 19:48:37","breadcrumb_settings":null,"limit_modified_date":false,"reviewed_by":null,"open_ai":"{\"title\":{\"suggestions\":[],\"usage\":0},\"description\":{\"suggestions\":[],\"usage\":0}}","ai":null,"created":"2023-08-18 13:00:43","updated":"2026-02-04 04:30:41"},"aioseo_breadcrumb":"<div class=\"aioseo-breadcrumbs\"><span class=\"aioseo-breadcrumb\">\n\t<a href=\"https:\/\/soymigrante.com\/revista\" title=\"Home\">Home<\/a>\n<\/span><span class=\"aioseo-breadcrumb-separator\">\u00bb<\/span><span class=\"aioseo-breadcrumb\">\n\t<a href=\"https:\/\/soymigrante.com\/revista\/category\/exitos\/\" title=\"\u00c9xitos\">\u00c9xitos<\/a>\n<\/span><span class=\"aioseo-breadcrumb-separator\">\u00bb<\/span><span class=\"aioseo-breadcrumb\">\n\tMigrante guatemalteco Julio Cota cuenta historias fotogr\u00e1ficas en Nueva York\n<\/span><\/div>","aioseo_breadcrumb_json":[{"label":"Home","link":"https:\/\/soymigrante.com\/revista"},{"label":"\u00c9xitos","link":"https:\/\/soymigrante.com\/revista\/category\/exitos\/"},{"label":"Migrante guatemalteco Julio Cota cuenta historias fotogr\u00e1ficas en Nueva York","link":"https:\/\/soymigrante.com\/revista\/migrante-guatemalteco-julio-cota-es-fotografo-en-nueva-york\/"}],"_links":{"self":[{"href":"https:\/\/soymigrante.com\/revista\/wp-json\/wp\/v2\/posts\/1118","targetHints":{"allow":["GET"]}}],"collection":[{"href":"https:\/\/soymigrante.com\/revista\/wp-json\/wp\/v2\/posts"}],"about":[{"href":"https:\/\/soymigrante.com\/revista\/wp-json\/wp\/v2\/types\/post"}],"author":[{"embeddable":true,"href":"https:\/\/soymigrante.com\/revista\/wp-json\/wp\/v2\/users\/10"}],"replies":[{"embeddable":true,"href":"https:\/\/soymigrante.com\/revista\/wp-json\/wp\/v2\/comments?post=1118"}],"version-history":[{"count":0,"href":"https:\/\/soymigrante.com\/revista\/wp-json\/wp\/v2\/posts\/1118\/revisions"}],"wp:featuredmedia":[{"embeddable":true,"href":"https:\/\/soymigrante.com\/revista\/wp-json\/wp\/v2\/media\/1167"}],"wp:attachment":[{"href":"https:\/\/soymigrante.com\/revista\/wp-json\/wp\/v2\/media?parent=1118"}],"wp:term":[{"taxonomy":"category","embeddable":true,"href":"https:\/\/soymigrante.com\/revista\/wp-json\/wp\/v2\/categories?post=1118"},{"taxonomy":"post_tag","embeddable":true,"href":"https:\/\/soymigrante.com\/revista\/wp-json\/wp\/v2\/tags?post=1118"}],"curies":[{"name":"wp","href":"https:\/\/api.w.org\/{rel}","templated":true}]}}