{"id":11094,"date":"2024-11-06T07:00:00","date_gmt":"2024-11-06T13:00:00","guid":{"rendered":"https:\/\/soymigrante.com\/revista\/?p=11094"},"modified":"2025-07-21T11:40:27","modified_gmt":"2025-07-21T17:40:27","slug":"emprendedora-lilia-rojas-elabora-joyas-con-creatividad-marca-livero","status":"publish","type":"post","link":"https:\/\/soymigrante.com\/revista\/emprendedora-lilia-rojas-elabora-joyas-con-creatividad-marca-livero\/","title":{"rendered":"Emprendedora Lilia Rojas libera su creatividad con joyas artesanales Livero"},"content":{"rendered":"\t\t<div data-elementor-type=\"wp-post\" data-elementor-id=\"11094\" class=\"elementor elementor-11094\" data-elementor-post-type=\"post\">\n\t\t\t\t<div data-particle_enable=\"false\" data-particle-mobile-disabled=\"false\" class=\"elementor-element elementor-element-e8178c4 e-flex e-con-boxed e-con e-parent\" data-id=\"e8178c4\" data-element_type=\"container\" data-e-type=\"container\">\n\t\t\t\t\t<div class=\"e-con-inner\">\n\t\t\t\t<div class=\"elementor-element elementor-element-8437f7e elementor-widget elementor-widget-heading\" data-id=\"8437f7e\" data-element_type=\"widget\" data-e-type=\"widget\" data-widget_type=\"heading.default\">\n\t\t\t\t\t<h2 class=\"elementor-heading-title elementor-size-default\">Un curso de elaboraci\u00f3n de collares condujo su creatividad a generar un emprendimiento. Es as\u00ed como Lilia Rojas ahora impulsa su marca de originales accesorios hechos a mano Livero. <\/h2>\t\t\t\t<\/div>\n\t\t\t\t<div class=\"elementor-element elementor-element-54dfb74 elementor-widget elementor-widget-text-editor\" data-id=\"54dfb74\" data-element_type=\"widget\" data-e-type=\"widget\" data-widget_type=\"text-editor.default\">\n\t\t\t\t\t\t\t\t\t<p>Lilia Rojas, una talentosa emprendedora guatemalteca, ha encontrado en el dise\u00f1o de collares una v\u00eda para expresar su creatividad y superar obst\u00e1culos en su camino hacia el \u00e9xito.<\/p><p>Su pasi\u00f3n por las joyas artesanales y su esp\u00edritu optimista la han llevado a destacarse en el competitivo mundo de la moda y la artesan\u00eda en Guatemala.<\/p><p><a href=\"https:\/\/soymigrante.com\/revista\/emprendedora-lilia-rojas-elabora-joyas-con-creatividad-marca-livero\/\"><span style=\"font-family: Roboto, sans-serif; font-size: 16px; font-style: normal; font-variant-ligatures: normal; font-variant-caps: normal; font-weight: 400;\">Lilia Rojas se encuentra dentro de los primeros 100 emprendedores guatemaltecos en abrir su tienda digital Livero en\u00a0<\/span>SoyMigrante.com MERCADO<\/a><span style=\"font-family: Roboto, sans-serif; font-size: 16px; font-style: normal; font-variant-ligatures: normal; font-variant-caps: normal; font-weight: 400;\">\u00a0la comunidad en l\u00ednea creada para que emprendedores y compradores guatemaltecos se encuentren: <a href=\"https:\/\/soymigrante.com\/mercado\/marketplace\/seller\/profile\/Livero-accesorios-que-marcan-la-diferencia\" target=\"_blank\" rel=\"noopener\">un proyecto activo, proactivo e innovador para peque\u00f1os negocios y creadores de productos elaborados a mano<\/a>, detr\u00e1s de los cuales siempre hay una historia.\u00a0\u00a0<\/span><\/p><p>Su empresa Livero ha crecido con los a\u00f1os, todo por la lucha de Lilia, que se ha encargado de demostrar su creatividad en cada pieza.\u00a0<\/p>\t\t\t\t\t\t\t\t<\/div>\n\t\t\t\t\t<\/div>\n\t\t\t\t<\/div>\n\t\t<div data-particle_enable=\"false\" data-particle-mobile-disabled=\"false\" class=\"elementor-element elementor-element-7223343 e-flex e-con-boxed e-con e-parent\" data-id=\"7223343\" data-element_type=\"container\" data-e-type=\"container\">\n\t\t\t\t\t<div class=\"e-con-inner\">\n\t\t\t\t\t<\/div>\n\t\t\t\t<\/div>\n\t\t<div data-particle_enable=\"false\" data-particle-mobile-disabled=\"false\" class=\"elementor-element elementor-element-9101609 e-flex e-con-boxed e-con e-parent\" data-id=\"9101609\" data-element_type=\"container\" data-e-type=\"container\">\n\t\t\t\t\t<div class=\"e-con-inner\">\n\t\t\t\t<div class=\"elementor-element elementor-element-47ad4aa elementor-widget elementor-widget-image\" data-id=\"47ad4aa\" data-element_type=\"widget\" data-e-type=\"widget\" data-widget_type=\"image.default\">\n\t\t\t\t\t\t\t\t\t\t\t\t\t\t\t\t<a href=\"https:\/\/soymigrante.com\/mercado\/marketplace\/seller\/profile\/Livero-accesorios-que-marcan-la-diferencia\">\n\t\t\t\t\t\t\t<img fetchpriority=\"high\" decoding=\"async\" width=\"768\" height=\"324\" src=\"https:\/\/soymigrante.com\/revista\/wp-content\/uploads\/2024\/11\/livero-tienda-1-1024x432.jpg\" class=\"attachment-large size-large wp-image-14316\" alt=\"Livero de accesorios hechos a mano en Guatemala, ideales para marcar la diferencia con productos artesanales y \u00fanicos, disponibles en SoyMigrante.com REVISTA.\" srcset=\"https:\/\/soymigrante.com\/revista\/wp-content\/uploads\/2024\/11\/livero-tienda-1-1024x432.jpg 1024w, https:\/\/soymigrante.com\/revista\/wp-content\/uploads\/2024\/11\/livero-tienda-1-300x127.jpg 300w, https:\/\/soymigrante.com\/revista\/wp-content\/uploads\/2024\/11\/livero-tienda-1-768x324.jpg 768w, https:\/\/soymigrante.com\/revista\/wp-content\/uploads\/2024\/11\/livero-tienda-1-1536x648.jpg 1536w, https:\/\/soymigrante.com\/revista\/wp-content\/uploads\/2024\/11\/livero-tienda-1-750x316.webp 750w, https:\/\/soymigrante.com\/revista\/wp-content\/uploads\/2024\/11\/livero-tienda-1-1140x481.webp 1140w, https:\/\/soymigrante.com\/revista\/wp-content\/uploads\/2024\/11\/livero-tienda-1.webp 1861w\" sizes=\"(max-width: 768px) 100vw, 768px\" title=\"livero tienda \u2013 SoyMigrante.com REVISTA\" \/>\t\t\t\t\t\t\t\t<\/a>\n\t\t\t\t\t\t\t\t\t\t\t\t\t\t\t<\/div>\n\t\t\t\t\t<\/div>\n\t\t\t\t<\/div>\n\t\t<div data-particle_enable=\"false\" data-particle-mobile-disabled=\"false\" class=\"elementor-element elementor-element-bfaaf77 e-flex e-con-boxed e-con e-parent\" data-id=\"bfaaf77\" data-element_type=\"container\" data-e-type=\"container\">\n\t\t\t\t\t<div class=\"e-con-inner\">\n\t\t\t\t<div class=\"elementor-element elementor-element-59e39b1 elementor-align-center elementor-widget elementor-widget-button\" data-id=\"59e39b1\" data-element_type=\"widget\" data-e-type=\"widget\" data-widget_type=\"button.default\">\n\t\t\t\t\t\t\t\t\t\t<a class=\"elementor-button elementor-button-link elementor-size-sm\" href=\"https:\/\/docs.google.com\/forms\/d\/e\/1FAIpQLSeifGbAD-zVVAAEB2pGGq9F6Eh1abaRRHer0Jvk_WCpYSEgtg\/viewform?vc=0&#038;c=0&#038;w=1&#038;flr=0&#038;pli=1\">\n\t\t\t\t\t\t<span class=\"elementor-button-content-wrapper\">\n\t\t\t\t\t\t\t\t\t<span class=\"elementor-button-text\">INSCR\u00cdBETE PARA SER PARTE DE SOYMIGRANTE.COM\/MERCADO (AQU\u00cd)<\/span>\n\t\t\t\t\t<\/span>\n\t\t\t\t\t<\/a>\n\t\t\t\t\t\t\t\t<\/div>\n\t\t\t\t\t<\/div>\n\t\t\t\t<\/div>\n\t\t<div data-particle_enable=\"false\" data-particle-mobile-disabled=\"false\" class=\"elementor-element elementor-element-f6e7f8f e-flex e-con-boxed e-con e-parent\" data-id=\"f6e7f8f\" data-element_type=\"container\" data-e-type=\"container\">\n\t\t\t\t\t<div class=\"e-con-inner\">\n\t\t\t\t<div class=\"elementor-element elementor-element-77f942c elementor-invisible elementor-widget elementor-widget-testimonial\" data-id=\"77f942c\" data-element_type=\"widget\" data-e-type=\"widget\" data-settings=\"{&quot;_animation&quot;:&quot;rotateInUpRight&quot;}\" data-widget_type=\"testimonial.default\">\n\t\t\t\t\t\t\t<div class=\"elementor-testimonial-wrapper\">\n\t\t\t\t\t\t\t<div class=\"elementor-testimonial-content\">\"Un curso en el Intecap fue el primer paso para poder empezar a descubrir las posibilidades de un\nart\u00edculo decorativo personal creativo\".<\/div>\n\t\t\t\n\t\t\t\t\t\t<div class=\"elementor-testimonial-meta elementor-has-image elementor-testimonial-image-position-aside\">\n\t\t\t\t<div class=\"elementor-testimonial-meta-inner\">\n\t\t\t\t\t\t\t\t\t\t\t<div class=\"elementor-testimonial-image\">\n\t\t\t\t\t\t\t<img decoding=\"async\" width=\"721\" height=\"772\" src=\"https:\/\/soymigrante.com\/revista\/wp-content\/uploads\/2024\/11\/Lilia-Rojas-la-emprendedora-guatemalteca-que-renace-con-creatividad-e1730868178236.webp\" class=\"attachment-full size-full wp-image-12190\" alt=\"SoyMigrante.com revista portada mujer con gafas sonrisa cercan\u00eda comunidad inmigrante.\" title=\"Lilia Rojas la emprendedora guatemalteca que renace con creatividad \u2013 SoyMigrante.com REVISTA\" srcset=\"https:\/\/soymigrante.com\/revista\/wp-content\/uploads\/2024\/11\/Lilia-Rojas-la-emprendedora-guatemalteca-que-renace-con-creatividad-e1730868178236.webp 721w, https:\/\/soymigrante.com\/revista\/wp-content\/uploads\/2024\/11\/Lilia-Rojas-la-emprendedora-guatemalteca-que-renace-con-creatividad-e1730868178236-280x300.webp 280w\" sizes=\"(max-width: 721px) 100vw, 721px\" \/>\t\t\t\t\t\t<\/div>\n\t\t\t\t\t\n\t\t\t\t\t\t\t\t\t\t<div class=\"elementor-testimonial-details\">\n\t\t\t\t\t\t\t\t\t\t\t\t\t\t<div class=\"elementor-testimonial-name\">Lilia Rojas<\/div>\n\t\t\t\t\t\t\t\t\t\t\t\t\t\t\t\t\t\t\t\t\t\t<div class=\"elementor-testimonial-job\">Emprendedora guatemalteca\nfundadora de la marca de\nbisuter\u00eda Livero<\/div>\n\t\t\t\t\t\t\t\t\t\t\t\t\t<\/div>\n\t\t\t\t\t\t\t\t\t<\/div>\n\t\t\t<\/div>\n\t\t\t\t\t<\/div>\n\t\t\t\t\t\t<\/div>\n\t\t\t\t\t<\/div>\n\t\t\t\t<\/div>\n\t\t<div data-particle_enable=\"false\" data-particle-mobile-disabled=\"false\" class=\"elementor-element elementor-element-706e796 e-flex e-con-boxed e-con e-parent\" data-id=\"706e796\" data-element_type=\"container\" data-e-type=\"container\">\n\t\t\t\t\t<div class=\"e-con-inner\">\n\t\t\t\t<div class=\"elementor-element elementor-element-c6fa2ed elementor-widget elementor-widget-heading\" data-id=\"c6fa2ed\" data-element_type=\"widget\" data-e-type=\"widget\" data-widget_type=\"heading.default\">\n\t\t\t\t\t<h3 class=\"elementor-heading-title elementor-size-default\">Creatividad y amor por el arte <\/h3>\t\t\t\t<\/div>\n\t\t\t\t\t<\/div>\n\t\t\t\t<\/div>\n\t\t<div data-particle_enable=\"false\" data-particle-mobile-disabled=\"false\" class=\"elementor-element elementor-element-d0039fd e-flex e-con-boxed e-con e-parent\" data-id=\"d0039fd\" data-element_type=\"container\" data-e-type=\"container\">\n\t\t\t\t\t<div class=\"e-con-inner\">\n\t\t\t\t<div class=\"elementor-element elementor-element-6e764c3 elementor-widget elementor-widget-text-editor\" data-id=\"6e764c3\" data-element_type=\"widget\" data-e-type=\"widget\" data-widget_type=\"text-editor.default\">\n\t\t\t\t\t\t\t\t\t<p>Con un enfoque en la inspiraci\u00f3n y la creatividad, <a href=\"https:\/\/soymigrante.com\/mercado\/marketplace\/seller\/profile\/Livero-accesorios-que-marcan-la-diferencia\" target=\"_blank\" rel=\"noopener\">Lilia dise\u00f1a piezas \u00fanicas<\/a> que reflejan tanto su personalidad como su amor por el arte.<\/p><p>Desde sus primeros cursos en el INTECAP, Lilia demostr\u00f3 una habilidad excepcional para el dise\u00f1o, creando collares que capturan la atenci\u00f3n de quienes buscan una joya especial. Sin embargo, su camino como emprendedora no ha sido f\u00e1cil.<\/p>\t\t\t\t\t\t\t\t<\/div>\n\t\t\t\t\t<\/div>\n\t\t\t\t<\/div>\n\t\t<div data-particle_enable=\"false\" data-particle-mobile-disabled=\"false\" class=\"elementor-element elementor-element-6d9445d e-flex e-con-boxed e-con e-parent\" data-id=\"6d9445d\" data-element_type=\"container\" data-e-type=\"container\">\n\t\t\t\t\t<div class=\"e-con-inner\">\n\t\t\t\t<div class=\"elementor-element elementor-element-1267de2 elementor-align-center elementor-widget elementor-widget-global elementor-global-14402 elementor-widget-button\" data-id=\"1267de2\" data-element_type=\"widget\" data-e-type=\"widget\" data-widget_type=\"button.default\">\n\t\t\t\t\t\t\t\t\t\t<a class=\"elementor-button elementor-button-link elementor-size-sm\" href=\"https:\/\/soymigrante.com\/mercado\/marketplace\/seller\/register\">\n\t\t\t\t\t\t<span class=\"elementor-button-content-wrapper\">\n\t\t\t\t\t\t<span class=\"elementor-button-icon\">\n\t\t\t\t<i aria-hidden=\"true\" class=\"fas fa-cart-arrow-down\"><\/i>\t\t\t<\/span>\n\t\t\t\t\t\t\t\t\t<span class=\"elementor-button-text\">\u00bfERES EMPRENDEDOR Y QUIERES ENTRAR AL COMERCIO DIGITAL? NO ESPERES M\u00c1S Y  ABRE TU TIENDA DIGITAL  EN SOYMIGRANTE.COM\/MERCADO <\/span>\n\t\t\t\t\t<\/span>\n\t\t\t\t\t<\/a>\n\t\t\t\t\t\t\t\t<\/div>\n\t\t\t\t\t<\/div>\n\t\t\t\t<\/div>\n\t\t<div data-particle_enable=\"false\" data-particle-mobile-disabled=\"false\" class=\"elementor-element elementor-element-cac900e e-flex e-con-boxed e-con e-parent\" data-id=\"cac900e\" data-element_type=\"container\" data-e-type=\"container\">\n\t\t\t\t\t<div class=\"e-con-inner\">\n\t\t\t\t<div class=\"elementor-element elementor-element-bb8aa63 elementor-widget elementor-widget-text-editor\" data-id=\"bb8aa63\" data-element_type=\"widget\" data-e-type=\"widget\" data-widget_type=\"text-editor.default\">\n\t\t\t\t\t\t\t\t\t<p>Al inicio, <a href=\"https:\/\/soymigrante.com\/mercado\/marketplace\/seller\/profile\/Livero-accesorios-que-marcan-la-diferencia\" target=\"_blank\" rel=\"noopener\">su negocio creci\u00f3 gracias al esfuerzo constante<\/a> y al deseo de salir adelante, pero la pandemia de coronavirus puso a prueba su perseverancia, seg\u00fan relata.\u00a0<\/p><p>Con las restricciones y el impacto econ\u00f3mico, las ventas se complicaron, y Lilia tuvo que replantearse c\u00f3mo seguir adelante.<\/p>\t\t\t\t\t\t\t\t<\/div>\n\t\t\t\t\t<\/div>\n\t\t\t\t<\/div>\n\t\t<div data-particle_enable=\"false\" data-particle-mobile-disabled=\"false\" class=\"elementor-element elementor-element-ed92d87 e-flex e-con-boxed e-con e-parent\" data-id=\"ed92d87\" data-element_type=\"container\" data-e-type=\"container\">\n\t\t\t\t\t<div class=\"e-con-inner\">\n\t\t\t\t<div class=\"elementor-element elementor-element-45408bd elementor-widget elementor-widget-image-gallery\" data-id=\"45408bd\" data-element_type=\"widget\" data-e-type=\"widget\" data-widget_type=\"image-gallery.default\">\n\t\t\t\t\t\t\t<div class=\"elementor-image-gallery\">\n\t\t\t<div id='gallery-1' class='gallery galleryid-11094 gallery-columns-3 gallery-size-medium'><figure class='gallery-item'>\n\t\t\t<div class='gallery-icon portrait'>\n\t\t\t\t<a data-elementor-open-lightbox=\"yes\" data-elementor-lightbox-slideshow=\"45408bd\" data-elementor-lightbox-title=\"Lilia Rojas la emprendedora guatemalteca que renace con creatividad 1\" data-elementor-lightbox-description=\"Este collar de moda presenta una combinaci\u00f3n de piedras turquesa, cuentas beige y marr\u00f3n, engastadas en una cadena met\u00e1lica, perfecto para lucir estilo bohemio y artesanal.\" data-e-action-hash=\"#elementor-action%3Aaction%3Dlightbox%26settings%3DeyJpZCI6MTExMTYsInVybCI6Imh0dHBzOlwvXC9zb3ltaWdyYW50ZS5jb21cL3JldmlzdGFcL3dwLWNvbnRlbnRcL3VwbG9hZHNcLzIwMjRcLzEwXC9MaWxpYS1Sb2phcy1sYS1lbXByZW5kZWRvcmEtZ3VhdGVtYWx0ZWNhLXF1ZS1yZW5hY2UtY29uLWNyZWF0aXZpZGFkLTEud2VicCIsInNsaWRlc2hvdyI6IjQ1NDA4YmQifQ%3D%3D\" href='https:\/\/soymigrante.com\/revista\/wp-content\/uploads\/2024\/10\/Lilia-Rojas-la-emprendedora-guatemalteca-que-renace-con-creatividad-1.webp'><img decoding=\"async\" width=\"169\" height=\"300\" src=\"https:\/\/soymigrante.com\/revista\/wp-content\/uploads\/2024\/10\/Lilia-Rojas-la-emprendedora-guatemalteca-que-renace-con-creatividad-1-169x300.webp\" class=\"attachment-medium size-medium\" alt=\"Collar de piedras turquesa y cuentas en tonos beige y marr\u00f3n, con cadena de metal plateada, exhibido en una showcase negra.\" aria-describedby=\"gallery-1-11116\" srcset=\"https:\/\/soymigrante.com\/revista\/wp-content\/uploads\/2024\/10\/Lilia-Rojas-la-emprendedora-guatemalteca-que-renace-con-creatividad-1-169x300.webp 169w, https:\/\/soymigrante.com\/revista\/wp-content\/uploads\/2024\/10\/Lilia-Rojas-la-emprendedora-guatemalteca-que-renace-con-creatividad-1-576x1024.jpeg 576w, https:\/\/soymigrante.com\/revista\/wp-content\/uploads\/2024\/10\/Lilia-Rojas-la-emprendedora-guatemalteca-que-renace-con-creatividad-1-768x1365.jpeg 768w, https:\/\/soymigrante.com\/revista\/wp-content\/uploads\/2024\/10\/Lilia-Rojas-la-emprendedora-guatemalteca-que-renace-con-creatividad-1-864x1536.jpeg 864w, https:\/\/soymigrante.com\/revista\/wp-content\/uploads\/2024\/10\/Lilia-Rojas-la-emprendedora-guatemalteca-que-renace-con-creatividad-1-750x1333.webp 750w, https:\/\/soymigrante.com\/revista\/wp-content\/uploads\/2024\/10\/Lilia-Rojas-la-emprendedora-guatemalteca-que-renace-con-creatividad-1.webp 900w\" sizes=\"(max-width: 169px) 100vw, 169px\" title=\"Lilia Rojas la emprendedora guatemalteca que renace con creatividad 1 \u2013 SoyMigrante.com REVISTA\" \/><\/a>\n\t\t\t<\/div>\n\t\t\t\t<figcaption class='wp-caption-text gallery-caption' id='gallery-1-11116'>\n\t\t\t\tCollar artesanal con piedras turquesa, cuentas y cadena de metal, ideal para accesorios de moda y complementos bohemios.\n\t\t\t\t<\/figcaption><\/figure><figure class='gallery-item'>\n\t\t\t<div class='gallery-icon portrait'>\n\t\t\t\t<a data-elementor-open-lightbox=\"yes\" data-elementor-lightbox-slideshow=\"45408bd\" data-elementor-lightbox-title=\"Lilia Rojas la emprendedora guatemalteca que renace con creatividad 2\" data-elementor-lightbox-description=\"Imagen de conjunto de joyer\u00eda femenina, que incluye un collar elaborado con hilo trenzado y perlas, y pendientes a juego, dise\u00f1ado para complementar estilos elegantes y sofisticados, resaltando la creatividad y artesan\u00eda en accesorios de moda.\" data-e-action-hash=\"#elementor-action%3Aaction%3Dlightbox%26settings%3DeyJpZCI6MTExMTcsInVybCI6Imh0dHBzOlwvXC9zb3ltaWdyYW50ZS5jb21cL3JldmlzdGFcL3dwLWNvbnRlbnRcL3VwbG9hZHNcLzIwMjRcLzEwXC9MaWxpYS1Sb2phcy1sYS1lbXByZW5kZWRvcmEtZ3VhdGVtYWx0ZWNhLXF1ZS1yZW5hY2UtY29uLWNyZWF0aXZpZGFkLTIud2VicCIsInNsaWRlc2hvdyI6IjQ1NDA4YmQifQ%3D%3D\" href='https:\/\/soymigrante.com\/revista\/wp-content\/uploads\/2024\/10\/Lilia-Rojas-la-emprendedora-guatemalteca-que-renace-con-creatividad-2.webp'><img loading=\"lazy\" decoding=\"async\" width=\"169\" height=\"300\" src=\"https:\/\/soymigrante.com\/revista\/wp-content\/uploads\/2024\/10\/Lilia-Rojas-la-emprendedora-guatemalteca-que-renace-con-creatividad-2-169x300.webp\" class=\"attachment-medium size-medium\" alt=\"Collar y aretes de moda hechos a mano con hilo y perlas, ideales para lucir elegante en eventos formales o casuales, ofreciendo un estilo sofisticado y \u00fanico.\" aria-describedby=\"gallery-1-11117\" srcset=\"https:\/\/soymigrante.com\/revista\/wp-content\/uploads\/2024\/10\/Lilia-Rojas-la-emprendedora-guatemalteca-que-renace-con-creatividad-2-169x300.webp 169w, https:\/\/soymigrante.com\/revista\/wp-content\/uploads\/2024\/10\/Lilia-Rojas-la-emprendedora-guatemalteca-que-renace-con-creatividad-2-576x1024.jpeg 576w, https:\/\/soymigrante.com\/revista\/wp-content\/uploads\/2024\/10\/Lilia-Rojas-la-emprendedora-guatemalteca-que-renace-con-creatividad-2-768x1365.jpeg 768w, https:\/\/soymigrante.com\/revista\/wp-content\/uploads\/2024\/10\/Lilia-Rojas-la-emprendedora-guatemalteca-que-renace-con-creatividad-2-864x1536.jpeg 864w, https:\/\/soymigrante.com\/revista\/wp-content\/uploads\/2024\/10\/Lilia-Rojas-la-emprendedora-guatemalteca-que-renace-con-creatividad-2-750x1333.webp 750w, https:\/\/soymigrante.com\/revista\/wp-content\/uploads\/2024\/10\/Lilia-Rojas-la-emprendedora-guatemalteca-que-renace-con-creatividad-2.webp 900w\" sizes=\"(max-width: 169px) 100vw, 169px\" title=\"Lilia Rojas la emprendedora guatemalteca que renace con creatividad 2 \u2013 SoyMigrante.com REVISTA\" \/><\/a>\n\t\t\t<\/div>\n\t\t\t\t<figcaption class='wp-caption-text gallery-caption' id='gallery-1-11117'>\n\t\t\t\tConjunto de joyer\u00eda artesanal con collar y pendientes de dise\u00f1o grueso de hilo trenzado y perlas, perfecto para quienes buscan accesorios exclusivos y elegantes en sus looks.\n\t\t\t\t<\/figcaption><\/figure><figure class='gallery-item'>\n\t\t\t<div class='gallery-icon portrait'>\n\t\t\t\t<a data-elementor-open-lightbox=\"yes\" data-elementor-lightbox-slideshow=\"45408bd\" data-elementor-lightbox-title=\"Lilia Rojas la emprendedora guatemalteca que renace con creatividad\" data-elementor-lightbox-description=\"Lujoso collar hecho a mano con cuentas de color azul y blanco, ideal para vestir en ocasiones especiales o como pieza \u00fanica de accesorios de moda para mujeres.\" data-e-action-hash=\"#elementor-action%3Aaction%3Dlightbox%26settings%3DeyJpZCI6MTExMTgsInVybCI6Imh0dHBzOlwvXC9zb3ltaWdyYW50ZS5jb21cL3JldmlzdGFcL3dwLWNvbnRlbnRcL3VwbG9hZHNcLzIwMjRcLzEwXC9MaWxpYS1Sb2phcy1sYS1lbXByZW5kZWRvcmEtZ3VhdGVtYWx0ZWNhLXF1ZS1yZW5hY2UtY29uLWNyZWF0aXZpZGFkLTMud2VicCIsInNsaWRlc2hvdyI6IjQ1NDA4YmQifQ%3D%3D\" href='https:\/\/soymigrante.com\/revista\/wp-content\/uploads\/2024\/10\/Lilia-Rojas-la-emprendedora-guatemalteca-que-renace-con-creatividad-3.webp'><img loading=\"lazy\" decoding=\"async\" width=\"169\" height=\"300\" src=\"https:\/\/soymigrante.com\/revista\/wp-content\/uploads\/2024\/10\/Lilia-Rojas-la-emprendedora-guatemalteca-que-renace-con-creatividad-3-169x300.webp\" class=\"attachment-medium size-medium\" alt=\"Lazo de cuerda trenzada adornado con peque\u00f1as cuentas y perlas en tonos de azul y blanco, colgado en un soporte negro.\" aria-describedby=\"gallery-1-11118\" srcset=\"https:\/\/soymigrante.com\/revista\/wp-content\/uploads\/2024\/10\/Lilia-Rojas-la-emprendedora-guatemalteca-que-renace-con-creatividad-3-169x300.webp 169w, https:\/\/soymigrante.com\/revista\/wp-content\/uploads\/2024\/10\/Lilia-Rojas-la-emprendedora-guatemalteca-que-renace-con-creatividad-3-576x1024.jpeg 576w, https:\/\/soymigrante.com\/revista\/wp-content\/uploads\/2024\/10\/Lilia-Rojas-la-emprendedora-guatemalteca-que-renace-con-creatividad-3-768x1365.jpeg 768w, https:\/\/soymigrante.com\/revista\/wp-content\/uploads\/2024\/10\/Lilia-Rojas-la-emprendedora-guatemalteca-que-renace-con-creatividad-3-864x1536.jpeg 864w, https:\/\/soymigrante.com\/revista\/wp-content\/uploads\/2024\/10\/Lilia-Rojas-la-emprendedora-guatemalteca-que-renace-con-creatividad-3-750x1333.webp 750w, https:\/\/soymigrante.com\/revista\/wp-content\/uploads\/2024\/10\/Lilia-Rojas-la-emprendedora-guatemalteca-que-renace-con-creatividad-3.webp 900w\" sizes=\"(max-width: 169px) 100vw, 169px\" title=\"Lilia Rojas la emprendedora guatemalteca que renace con creatividad \u2013 SoyMigrante.com REVISTA\" \/><\/a>\n\t\t\t<\/div>\n\t\t\t\t<figcaption class='wp-caption-text gallery-caption' id='gallery-1-11118'>\n\t\t\t\tCollar artesanal, bisuter\u00eda moderna, accesorios de elaboraci\u00f3n manual, joyer\u00eda en tonos azul y blanco para mujeres, dise\u00f1o exclusivo.\n\t\t\t\t<\/figcaption><\/figure>\n\t\t<\/div>\n\t\t<\/div>\n\t\t\t\t\t\t<\/div>\n\t\t\t\t\t<\/div>\n\t\t\t\t<\/div>\n\t\t<div data-particle_enable=\"false\" data-particle-mobile-disabled=\"false\" class=\"elementor-element elementor-element-185000b e-flex e-con-boxed e-con e-parent\" data-id=\"185000b\" data-element_type=\"container\" data-e-type=\"container\">\n\t\t\t\t\t<div class=\"e-con-inner\">\n\t\t\t\t<div class=\"elementor-element elementor-element-f8ea22c elementor-widget elementor-widget-heading\" data-id=\"f8ea22c\" data-element_type=\"widget\" data-e-type=\"widget\" data-widget_type=\"heading.default\">\n\t\t\t\t\t<h3 class=\"elementor-heading-title elementor-size-default\">Su trabajo no se detiene <\/h3>\t\t\t\t<\/div>\n\t\t\t\t\t<\/div>\n\t\t\t\t<\/div>\n\t\t<div data-particle_enable=\"false\" data-particle-mobile-disabled=\"false\" class=\"elementor-element elementor-element-6c5c683 e-flex e-con-boxed e-con e-parent\" data-id=\"6c5c683\" data-element_type=\"container\" data-e-type=\"container\">\n\t\t\t\t\t<div class=\"e-con-inner\">\n\t\t\t\t<div class=\"elementor-element elementor-element-5889db1 elementor-widget elementor-widget-text-editor\" data-id=\"5889db1\" data-element_type=\"widget\" data-e-type=\"widget\" data-widget_type=\"text-editor.default\">\n\t\t\t\t\t\t\t\t\t<p>Hoy, gracias a su talento y tenacidad, Lilia est\u00e1 viendo su negocio resurgir, gracias a que ha encontrado nuevos motivos de inspiraci\u00f3n para crear accesorios vers\u00e1tiles para la mujer moderna.<\/p><p>Con precios que van desde <a href=\"https:\/\/soymigrante.com\/mercado\/marketplace\/seller\/profile\/Livero-accesorios-que-marcan-la-diferencia\" target=\"_blank\" rel=\"noopener\">Q100 hasta Q500, seg\u00fan la complejidad de cada dise\u00f1o,<\/a> sus collares han vuelto a ganar popularidad, y ella contin\u00faa desarroll\u00e1ndose como artista y empresaria.<\/p>\t\t\t\t\t\t\t\t<\/div>\n\t\t\t\t\t<\/div>\n\t\t\t\t<\/div>\n\t\t<div data-particle_enable=\"false\" data-particle-mobile-disabled=\"false\" class=\"elementor-element elementor-element-63ab0ca e-flex e-con-boxed e-con e-parent\" data-id=\"63ab0ca\" data-element_type=\"container\" data-e-type=\"container\">\n\t\t\t\t\t<div class=\"e-con-inner\">\n\t\t\t\t<div class=\"elementor-element elementor-element-5ab4bec elementor-widget elementor-widget-text-editor\" data-id=\"5ab4bec\" data-element_type=\"widget\" data-e-type=\"widget\" data-widget_type=\"text-editor.default\">\n\t\t\t\t\t\t\t\t\t<p>Lilia Rojas no solo ha logrado mantenerse a flote; <a href=\"https:\/\/soymigrante.com\/mercado\/marketplace\/seller\/profile\/Livero-accesorios-que-marcan-la-diferencia\" target=\"_blank\" rel=\"noopener\">tambi\u00e9n se ha fortalecido y ha renovado su compromiso de crear piezas nuevas<\/a> y originales que representen tanto su esp\u00edritu como el de quienes los usan.<\/p><p>Lilia es un ejemplo de resiliencia para quienes desean emprender en Guatemala, mostrando que con pasi\u00f3n y creatividad, los desaf\u00edos se pueden transformar en nuevas oportunidades.<\/p>\t\t\t\t\t\t\t\t<\/div>\n\t\t\t\t\t<\/div>\n\t\t\t\t<\/div>\n\t\t<div data-particle_enable=\"false\" data-particle-mobile-disabled=\"false\" class=\"elementor-element elementor-element-3f2dc21 e-flex e-con-boxed e-con e-parent\" data-id=\"3f2dc21\" data-element_type=\"container\" data-e-type=\"container\">\n\t\t\t\t\t<div class=\"e-con-inner\">\n\t\t\t\t<div class=\"elementor-element elementor-element-ab52097 elementor-widget elementor-widget-image-gallery\" data-id=\"ab52097\" data-element_type=\"widget\" data-e-type=\"widget\" data-widget_type=\"image-gallery.default\">\n\t\t\t\t\t\t\t<div class=\"elementor-image-gallery\">\n\t\t\t<div id='gallery-2' class='gallery galleryid-11094 gallery-columns-2 gallery-size-medium'><figure class='gallery-item'>\n\t\t\t<div class='gallery-icon portrait'>\n\t\t\t\t<a data-elementor-open-lightbox=\"yes\" data-elementor-lightbox-slideshow=\"ab52097\" data-elementor-lightbox-title=\"Lilia Rojas la emprendedora guatemalteca que renace con creatividad 4\" data-elementor-lightbox-description=\"Este collar artesanal combina piedras turquesa y coral rojo en un dise\u00f1o llamativo, perfecto para complementar estilos bohemios y \u00fanicos, hecho con cuidado y creatividad en accesorios de moda.\" data-e-action-hash=\"#elementor-action%3Aaction%3Dlightbox%26settings%3DeyJpZCI6MTExMTksInVybCI6Imh0dHBzOlwvXC9zb3ltaWdyYW50ZS5jb21cL3JldmlzdGFcL3dwLWNvbnRlbnRcL3VwbG9hZHNcLzIwMjRcLzEwXC9MaWxpYS1Sb2phcy1sYS1lbXByZW5kZWRvcmEtZ3VhdGVtYWx0ZWNhLXF1ZS1yZW5hY2UtY29uLWNyZWF0aXZpZGFkLTQud2VicCIsInNsaWRlc2hvdyI6ImFiNTIwOTcifQ%3D%3D\" href='https:\/\/soymigrante.com\/revista\/wp-content\/uploads\/2024\/10\/Lilia-Rojas-la-emprendedora-guatemalteca-que-renace-con-creatividad-4.webp'><img loading=\"lazy\" decoding=\"async\" width=\"169\" height=\"300\" src=\"https:\/\/soymigrante.com\/revista\/wp-content\/uploads\/2024\/10\/Lilia-Rojas-la-emprendedora-guatemalteca-que-renace-con-creatividad-4-169x300.webp\" class=\"attachment-medium size-medium\" alt=\"Colgante de collar hecho con piedras turquesa y coral rojo, artesanal y colorido, ideal para accesorios de moda y estilo bohemio.\" aria-describedby=\"gallery-2-11119\" srcset=\"https:\/\/soymigrante.com\/revista\/wp-content\/uploads\/2024\/10\/Lilia-Rojas-la-emprendedora-guatemalteca-que-renace-con-creatividad-4-169x300.webp 169w, https:\/\/soymigrante.com\/revista\/wp-content\/uploads\/2024\/10\/Lilia-Rojas-la-emprendedora-guatemalteca-que-renace-con-creatividad-4-576x1024.jpeg 576w, https:\/\/soymigrante.com\/revista\/wp-content\/uploads\/2024\/10\/Lilia-Rojas-la-emprendedora-guatemalteca-que-renace-con-creatividad-4-768x1365.jpeg 768w, https:\/\/soymigrante.com\/revista\/wp-content\/uploads\/2024\/10\/Lilia-Rojas-la-emprendedora-guatemalteca-que-renace-con-creatividad-4-864x1536.jpeg 864w, https:\/\/soymigrante.com\/revista\/wp-content\/uploads\/2024\/10\/Lilia-Rojas-la-emprendedora-guatemalteca-que-renace-con-creatividad-4-750x1333.webp 750w, https:\/\/soymigrante.com\/revista\/wp-content\/uploads\/2024\/10\/Lilia-Rojas-la-emprendedora-guatemalteca-que-renace-con-creatividad-4.webp 900w\" sizes=\"(max-width: 169px) 100vw, 169px\" title=\"Lilia Rojas la emprendedora guatemalteca que renace con creatividad 4 \u2013 SoyMigrante.com REVISTA\" \/><\/a>\n\t\t\t<\/div>\n\t\t\t\t<figcaption class='wp-caption-text gallery-caption' id='gallery-2-11119'>\n\t\t\t\tCollar con piedras turquesa y coral rojo, accesorio de moda bohemia, artesanal y colorido para mujer.\n\t\t\t\t<\/figcaption><\/figure><figure class='gallery-item'>\n\t\t\t<div class='gallery-icon portrait'>\n\t\t\t\t<a data-elementor-open-lightbox=\"yes\" data-elementor-lightbox-slideshow=\"ab52097\" data-elementor-lightbox-title=\"Lilia Rojas la emprendedora guatemalteca que renace con creatividad\" data-elementor-lightbox-description=\"Este collar artesanal combina piedras, abalorios y tejido, creando una pieza \u00fanica que representa la creatividad y cultura migrante en accesorios de moda. Es una pieza especial para quienes aprecian el arte hecho a mano y la expresi\u00f3n cultural.\" data-e-action-hash=\"#elementor-action%3Aaction%3Dlightbox%26settings%3DeyJpZCI6MTExMjAsInVybCI6Imh0dHBzOlwvXC9zb3ltaWdyYW50ZS5jb21cL3JldmlzdGFcL3dwLWNvbnRlbnRcL3VwbG9hZHNcLzIwMjRcLzEwXC9MaWxpYS1Sb2phcy1sYS1lbXByZW5kZWRvcmEtZ3VhdGVtYWx0ZWNhLXF1ZS1yZW5hY2UtY29uLWNyZWF0aXZpZGFkLTUud2VicCIsInNsaWRlc2hvdyI6ImFiNTIwOTcifQ%3D%3D\" href='https:\/\/soymigrante.com\/revista\/wp-content\/uploads\/2024\/10\/Lilia-Rojas-la-emprendedora-guatemalteca-que-renace-con-creatividad-5.webp'><img loading=\"lazy\" decoding=\"async\" width=\"169\" height=\"300\" src=\"https:\/\/soymigrante.com\/revista\/wp-content\/uploads\/2024\/10\/Lilia-Rojas-la-emprendedora-guatemalteca-que-renace-con-creatividad-5-169x300.webp\" class=\"attachment-medium size-medium\" alt=\"Bisuter\u00eda artesanal con piedras y abalorios, colgante elaborado a mano con dise\u00f1o \u00fanico, ideal para accesorios de moda y expresi\u00f3n personal.\" aria-describedby=\"gallery-2-11120\" srcset=\"https:\/\/soymigrante.com\/revista\/wp-content\/uploads\/2024\/10\/Lilia-Rojas-la-emprendedora-guatemalteca-que-renace-con-creatividad-5-169x300.webp 169w, https:\/\/soymigrante.com\/revista\/wp-content\/uploads\/2024\/10\/Lilia-Rojas-la-emprendedora-guatemalteca-que-renace-con-creatividad-5-576x1024.jpeg 576w, https:\/\/soymigrante.com\/revista\/wp-content\/uploads\/2024\/10\/Lilia-Rojas-la-emprendedora-guatemalteca-que-renace-con-creatividad-5-768x1365.jpeg 768w, https:\/\/soymigrante.com\/revista\/wp-content\/uploads\/2024\/10\/Lilia-Rojas-la-emprendedora-guatemalteca-que-renace-con-creatividad-5-864x1536.jpeg 864w, https:\/\/soymigrante.com\/revista\/wp-content\/uploads\/2024\/10\/Lilia-Rojas-la-emprendedora-guatemalteca-que-renace-con-creatividad-5-750x1333.webp 750w, https:\/\/soymigrante.com\/revista\/wp-content\/uploads\/2024\/10\/Lilia-Rojas-la-emprendedora-guatemalteca-que-renace-con-creatividad-5.webp 900w\" sizes=\"(max-width: 169px) 100vw, 169px\" title=\"Lilia Rojas la emprendedora guatemalteca que renace con creatividad \u2013 SoyMigrante.com REVISTA\" \/><\/a>\n\t\t\t<\/div>\n\t\t\t\t<figcaption class='wp-caption-text gallery-caption' id='gallery-2-11120'>\n\t\t\t\tCollar de bisuter\u00eda hecho a mano con piedras, abalorios y tejido creativo, perfecto para estilos bohemios y accesorios originales que reflejan la cultura migrante.\n\t\t\t\t<\/figcaption><\/figure>\n\t\t<\/div>\n\t\t<\/div>\n\t\t\t\t\t\t<\/div>\n\t\t\t\t\t<\/div>\n\t\t\t\t<\/div>\n\t\t<div data-particle_enable=\"false\" data-particle-mobile-disabled=\"false\" class=\"elementor-element elementor-element-b8950fa e-flex e-con-boxed e-con e-parent\" data-id=\"b8950fa\" data-element_type=\"container\" data-e-type=\"container\">\n\t\t\t\t\t<div class=\"e-con-inner\">\n\t\t\t\t<div class=\"elementor-element elementor-element-cbc735c elementor-widget elementor-widget-heading\" data-id=\"cbc735c\" data-element_type=\"widget\" data-e-type=\"widget\" data-widget_type=\"heading.default\">\n\t\t\t\t\t<h3 class=\"elementor-heading-title elementor-size-default\">Nuevas oportunidades<\/h3>\t\t\t\t<\/div>\n\t\t\t\t\t<\/div>\n\t\t\t\t<\/div>\n\t\t<div data-particle_enable=\"false\" data-particle-mobile-disabled=\"false\" class=\"elementor-element elementor-element-bc33550 e-flex e-con-boxed e-con e-parent\" data-id=\"bc33550\" data-element_type=\"container\" data-e-type=\"container\">\n\t\t\t\t\t<div class=\"e-con-inner\">\n\t\t\t\t<div class=\"elementor-element elementor-element-1df75a2 elementor-widget elementor-widget-text-editor\" data-id=\"1df75a2\" data-element_type=\"widget\" data-e-type=\"widget\" data-widget_type=\"text-editor.default\">\n\t\t\t\t\t\t\t\t\t<p>Ahora Lilia tiene la posibilidad de llevar su creatividad muy lejos por medio de la plataforma <a href=\"https:\/\/soymigrante.com\/mercado\/\">SoyMigrante.com MERCADO<\/a> en donde exhibir\u00e1 sus creaciones y ser\u00e1 conocida por m\u00e1s personas.\u00a0<span style=\"color: var( --e-global-color-text ); text-align: var(--text-align);\">Sus productos podr\u00e1n ser comprados en Guatemala y llevados a Estados Unidos.<\/span><\/p>\t\t\t\t\t\t\t\t<\/div>\n\t\t\t\t\t<\/div>\n\t\t\t\t<\/div>\n\t\t<div data-particle_enable=\"false\" data-particle-mobile-disabled=\"false\" class=\"elementor-element elementor-element-e7d8781 e-flex e-con-boxed e-con e-parent\" data-id=\"e7d8781\" data-element_type=\"container\" data-e-type=\"container\">\n\t\t\t\t\t<div class=\"e-con-inner\">\n\t\t\t\t<div class=\"elementor-element elementor-element-145257c elementor-widget elementor-widget-heading\" data-id=\"145257c\" data-element_type=\"widget\" data-e-type=\"widget\" data-widget_type=\"heading.default\">\n\t\t\t\t\t<h2 class=\"elementor-heading-title elementor-size-default\">M\u00e1s ingenio de emprendedores en SoyMigrante.com MERCADO<\/h2>\t\t\t\t<\/div>\n\t\t\t\t\t<\/div>\n\t\t\t\t<\/div>\n\t\t<div data-particle_enable=\"false\" data-particle-mobile-disabled=\"false\" class=\"elementor-element elementor-element-8ed459d e-flex e-con-boxed e-con e-parent\" data-id=\"8ed459d\" data-element_type=\"container\" data-e-type=\"container\">\n\t\t\t\t\t<div class=\"e-con-inner\">\n\t\t\t\t<div class=\"elementor-element elementor-element-02c053f elementor-grid-eael-col-3 elementor-grid-tablet-eael-col-2 elementor-grid-mobile-eael-col-1 elementor-widget elementor-widget-eael-post-grid\" data-id=\"02c053f\" data-element_type=\"widget\" data-e-type=\"widget\" data-settings=\"{&quot;eael_post_grid_columns&quot;:&quot;eael-col-3&quot;,&quot;eael_post_grid_columns_tablet&quot;:&quot;eael-col-2&quot;,&quot;eael_post_grid_columns_mobile&quot;:&quot;eael-col-1&quot;}\" data-widget_type=\"eael-post-grid.default\">\n\t\t\t\t\t<div id=\"eael-post-grid-02c053f\" class=\"eael-post-grid-container\">\n            <div class=\"eael-post-grid eael-post-appender eael-post-appender-02c053f eael-post-grid-style-one\" data-layout-mode=\"masonry\"><article class=\"eael-grid-post  eael-post-grid-column eael-pg-post-55287 category-bienestar tags-mercado-emprendedores\" data-id=\"55287\">\n        <div class=\"eael-grid-post-holder\">\n            <div class=\"eael-grid-post-holder-inner\"><div class=\"eael-entry-media\"><div class=\"eael-entry-overlay fade-in\"><i class=\"far fa-hand-pointer\" aria-hidden=\"true\"><\/i><a href=\"https:\/\/soymigrante.com\/revista\/estrategias-para-fidelizar-clientes-pequenas-acciones-que-te-ayudaran-en-el-comercio-digital\/\"><\/a><\/div><div class=\"eael-entry-thumbnail \">\n                <img loading=\"lazy\" decoding=\"async\" width=\"1024\" height=\"1024\" src=\"https:\/\/soymigrante.com\/revista\/wp-content\/uploads\/2026\/04\/vendedora-soymigrantecom-emprendimiento-emprendedora-comercio-digital.png\" class=\"attachment-large size-large wp-image-55288\" alt=\"Woman in a colorful patterned dress unpacks a gift box with a tied paper wrapping and a handwritten note reading &#039;\u00a1Gracias por apoyar mi sue\u00f1o!&#039; in a craft shop with shelves and plants behind her.\" srcset=\"https:\/\/soymigrante.com\/revista\/wp-content\/uploads\/2026\/04\/vendedora-soymigrantecom-emprendimiento-emprendedora-comercio-digital.png 1024w, https:\/\/soymigrante.com\/revista\/wp-content\/uploads\/2026\/04\/vendedora-soymigrantecom-emprendimiento-emprendedora-comercio-digital-300x300.png 300w, https:\/\/soymigrante.com\/revista\/wp-content\/uploads\/2026\/04\/vendedora-soymigrantecom-emprendimiento-emprendedora-comercio-digital-150x150.png 150w, https:\/\/soymigrante.com\/revista\/wp-content\/uploads\/2026\/04\/vendedora-soymigrantecom-emprendimiento-emprendedora-comercio-digital-768x768.png 768w, https:\/\/soymigrante.com\/revista\/wp-content\/uploads\/2026\/04\/vendedora-soymigrantecom-emprendimiento-emprendedora-comercio-digital-75x75.png 75w, https:\/\/soymigrante.com\/revista\/wp-content\/uploads\/2026\/04\/vendedora-soymigrantecom-emprendimiento-emprendedora-comercio-digital-750x750.png 750w\" sizes=\"(max-width: 1024px) 100vw, 1024px\" \/>\n            <\/div>\n        <\/div><div class=\"eael-entry-wrapper\"><header class=\"eael-entry-header\"><h2 class=\"eael-entry-title\"><a class=\"eael-grid-post-link\" href=\"https:\/\/soymigrante.com\/revista\/estrategias-para-fidelizar-clientes-pequenas-acciones-que-te-ayudaran-en-el-comercio-digital\/\" title=\"Estrategias para fidelizar clientes: peque\u00f1as acciones que te ayudar\u00e1n en el comercio digital\">Estrategias para fidelizar clientes: peque\u00f1as acciones que te ayudar\u00e1n en el comercio digital<\/a><\/h2><\/header><div class=\"eael-entry-content\">\n                        <div class=\"eael-grid-post-excerpt\"><a href=\"https:\/\/soymigrante.com\/revista\/estrategias-para-fidelizar-clientes-pequenas-acciones-que-te-ayudaran-en-el-comercio-digital\/\" class=\"eael-post-elements-readmore-btn\">CONOCE SU HISTORIA <\/a><\/div>\n                    <\/div><\/div><\/div>\n        <\/div>\n    <\/article><article class=\"eael-grid-post  eael-post-grid-column eael-pg-post-55228 category-guate-nuestra tags-mercado-emprendedores\" data-id=\"55228\">\n        <div class=\"eael-grid-post-holder\">\n            <div class=\"eael-grid-post-holder-inner\"><div class=\"eael-entry-media\"><div class=\"eael-entry-overlay fade-in\"><i class=\"far fa-hand-pointer\" aria-hidden=\"true\"><\/i><a href=\"https:\/\/soymigrante.com\/revista\/libros-guatemaltecos-dia-internacional-del-libro-festeja-inspirate-mercado\/\"><\/a><\/div><div class=\"eael-entry-thumbnail \">\n                <img loading=\"lazy\" decoding=\"async\" width=\"1024\" height=\"1024\" src=\"https:\/\/soymigrante.com\/revista\/wp-content\/uploads\/2026\/04\/DIA-DEL-LIBRO-SOYMIGRANTE-MERCADO-1024x1024.png\" class=\"attachment-large size-large wp-image-55229\" alt=\"DIA DEL LIBRO SOYMIGRANTE MERCADO\" srcset=\"https:\/\/soymigrante.com\/revista\/wp-content\/uploads\/2026\/04\/DIA-DEL-LIBRO-SOYMIGRANTE-MERCADO-1024x1024.png 1024w, https:\/\/soymigrante.com\/revista\/wp-content\/uploads\/2026\/04\/DIA-DEL-LIBRO-SOYMIGRANTE-MERCADO-300x300.png 300w, https:\/\/soymigrante.com\/revista\/wp-content\/uploads\/2026\/04\/DIA-DEL-LIBRO-SOYMIGRANTE-MERCADO-150x150.png 150w, https:\/\/soymigrante.com\/revista\/wp-content\/uploads\/2026\/04\/DIA-DEL-LIBRO-SOYMIGRANTE-MERCADO-768x768.png 768w, https:\/\/soymigrante.com\/revista\/wp-content\/uploads\/2026\/04\/DIA-DEL-LIBRO-SOYMIGRANTE-MERCADO-75x75.png 75w, https:\/\/soymigrante.com\/revista\/wp-content\/uploads\/2026\/04\/DIA-DEL-LIBRO-SOYMIGRANTE-MERCADO-750x750.png 750w, https:\/\/soymigrante.com\/revista\/wp-content\/uploads\/2026\/04\/DIA-DEL-LIBRO-SOYMIGRANTE-MERCADO-1140x1140.png 1140w, https:\/\/soymigrante.com\/revista\/wp-content\/uploads\/2026\/04\/DIA-DEL-LIBRO-SOYMIGRANTE-MERCADO.png 1200w\" sizes=\"(max-width: 1024px) 100vw, 1024px\" \/>\n            <\/div>\n        <\/div><div class=\"eael-entry-wrapper\"><header class=\"eael-entry-header\"><h2 class=\"eael-entry-title\"><a class=\"eael-grid-post-link\" href=\"https:\/\/soymigrante.com\/revista\/libros-guatemaltecos-dia-internacional-del-libro-festeja-inspirate-mercado\/\" title=\"Celebra el D\u00eda del Libro con inspiraci\u00f3n 100% guatemalteca: adquiere, disfruta u obsequia en MERCADO\">Celebra el D\u00eda del Libro con inspiraci\u00f3n 100% guatemalteca: adquiere, disfruta u obsequia en MERCADO<\/a><\/h2><\/header><div class=\"eael-entry-content\">\n                        <div class=\"eael-grid-post-excerpt\"><a href=\"https:\/\/soymigrante.com\/revista\/libros-guatemaltecos-dia-internacional-del-libro-festeja-inspirate-mercado\/\" class=\"eael-post-elements-readmore-btn\">CONOCE SU HISTORIA <\/a><\/div>\n                    <\/div><\/div><\/div>\n        <\/div>\n    <\/article><article class=\"eael-grid-post  eael-post-grid-column eael-pg-post-55055 category-guate-nuestra tags-mercado-emprendedores\" data-id=\"55055\">\n        <div class=\"eael-grid-post-holder\">\n            <div class=\"eael-grid-post-holder-inner\"><div class=\"eael-entry-media\"><div class=\"eael-entry-overlay fade-in\"><i class=\"far fa-hand-pointer\" aria-hidden=\"true\"><\/i><a href=\"https:\/\/soymigrante.com\/revista\/dia-mundial-del-emprendimiento-16-historias-llenas-de-trabajo-y-creatividad-presentes-en-mercado\/\"><\/a><\/div><div class=\"eael-entry-thumbnail \">\n                <img loading=\"lazy\" decoding=\"async\" width=\"1024\" height=\"1024\" src=\"https:\/\/soymigrante.com\/revista\/wp-content\/uploads\/2026\/04\/SOYMIGRANTECOM-MERCADO-DIA-MUNDIAL-DEL-EMPRENDEDOR.png\" class=\"attachment-large size-large wp-image-55056\" alt=\"SOYMIGRANTECOM MERCADO DIA MUNDIAL DEL EMPRENDEDOR\" srcset=\"https:\/\/soymigrante.com\/revista\/wp-content\/uploads\/2026\/04\/SOYMIGRANTECOM-MERCADO-DIA-MUNDIAL-DEL-EMPRENDEDOR.png 1024w, https:\/\/soymigrante.com\/revista\/wp-content\/uploads\/2026\/04\/SOYMIGRANTECOM-MERCADO-DIA-MUNDIAL-DEL-EMPRENDEDOR-300x300.png 300w, https:\/\/soymigrante.com\/revista\/wp-content\/uploads\/2026\/04\/SOYMIGRANTECOM-MERCADO-DIA-MUNDIAL-DEL-EMPRENDEDOR-150x150.png 150w, https:\/\/soymigrante.com\/revista\/wp-content\/uploads\/2026\/04\/SOYMIGRANTECOM-MERCADO-DIA-MUNDIAL-DEL-EMPRENDEDOR-768x768.png 768w, https:\/\/soymigrante.com\/revista\/wp-content\/uploads\/2026\/04\/SOYMIGRANTECOM-MERCADO-DIA-MUNDIAL-DEL-EMPRENDEDOR-75x75.png 75w, https:\/\/soymigrante.com\/revista\/wp-content\/uploads\/2026\/04\/SOYMIGRANTECOM-MERCADO-DIA-MUNDIAL-DEL-EMPRENDEDOR-750x750.png 750w\" sizes=\"(max-width: 1024px) 100vw, 1024px\" \/>\n            <\/div>\n        <\/div><div class=\"eael-entry-wrapper\"><header class=\"eael-entry-header\"><h2 class=\"eael-entry-title\"><a class=\"eael-grid-post-link\" href=\"https:\/\/soymigrante.com\/revista\/dia-mundial-del-emprendimiento-16-historias-llenas-de-trabajo-y-creatividad-presentes-en-mercado\/\" title=\"D\u00eda Mundial del Emprendimiento: 16 historias llenas de  trabajo y creatividad presentes en MERCADO\">D\u00eda Mundial del Emprendimiento: 16 historias llenas de  trabajo y creatividad presentes en MERCADO<\/a><\/h2><\/header><div class=\"eael-entry-content\">\n                        <div class=\"eael-grid-post-excerpt\"><a href=\"https:\/\/soymigrante.com\/revista\/dia-mundial-del-emprendimiento-16-historias-llenas-de-trabajo-y-creatividad-presentes-en-mercado\/\" class=\"eael-post-elements-readmore-btn\">CONOCE SU HISTORIA <\/a><\/div>\n                    <\/div><\/div><\/div>\n        <\/div>\n    <\/article><\/div>\n            <div class=\"clearfix\"><\/div>\n        <\/div>            <div class=\"eael-load-more-button-wrap eael-force-hide\">\n                <button class=\"eael-load-more-button\" id=\"eael-load-more-btn-02c053f\" data-widget-id=\"02c053f\" data-widget=\"02c053f\" data-page-id=\"11094\" data-template=\"{&quot;dir&quot;:&quot;lite&quot;,&quot;file_name&quot;:&quot;one.php&quot;,&quot;name&quot;:&quot;Post-Grid&quot;}\" data-class=\"Essential_Addons_Elementor\\Elements\\Post_Grid\" data-layout=\"masonry\" data-page=\"1\" data-args=\"orderby=date&amp;order=desc&amp;ignore_sticky_posts=1&amp;post_status=publish&amp;posts_per_page=3&amp;offset=0&amp;post_type=post&amp;tax_query%5B0%5D%5Btaxonomy%5D=post_tag&amp;tax_query%5B0%5D%5Bfield%5D=term_id&amp;tax_query%5B0%5D%5Bterms%5D%5B0%5D=130&amp;tax_query%5Brelation%5D=AND\" data-max-page=\"35\">\n                    <span class=\"eael-btn-loader button__loader\"><\/span>\n                    <span class=\"eael_load_more_text\">Load More<\/span>\n                <\/button>\n            <\/div>\n            \t\t\t\t<\/div>\n\t\t\t\t\t<\/div>\n\t\t\t\t<\/div>\n\t\t\t\t<\/div>\n\t\t","protected":false},"excerpt":{"rendered":"<p>Un curso de elaboraci\u00f3n de collares condujo su creatividad a generar un emprendimiento. Es as\u00ed como Lilia Rojas ahora impulsa su marca de originales accesorios hechos a mano Livero. Lilia Rojas, una talentosa emprendedora guatemalteca, ha encontrado en el dise\u00f1o de collares una v\u00eda para expresar su creatividad y superar obst\u00e1culos en su camino hacia [&hellip;]<\/p>\n","protected":false},"author":19,"featured_media":12312,"comment_status":"open","ping_status":"open","sticky":false,"template":"","format":"standard","meta":{"_acf_changed":false,"_eb_attr":"","footnotes":""},"categories":[58],"tags":[130],"class_list":["post-11094","post","type-post","status-publish","format-standard","has-post-thumbnail","hentry","category-guate-nuestra","tag-mercado-emprendedores"],"acf":[],"aioseo_notices":[],"aioseo_head":"\n\t\t<!-- All in One SEO Pro 4.9.6.2 - aioseo.com -->\n\t<meta name=\"description\" content=\"SoyMigrante.com MERCADO es una plataforma abierta a todos los emprendedores y artesanos guatemaltecos. Estas son historias inspiradoras \u00a1Felicidades y adelante!\" \/>\n\t<meta name=\"robots\" content=\"max-snippet:-1, max-image-preview:large, max-video-preview:-1\" \/>\n\t<meta name=\"author\" content=\"SoyMigrante.com REVISTA\"\/>\n\t<link rel=\"canonical\" href=\"https:\/\/soymigrante.com\/revista\/dia-mundial-del-emprendimiento-16-historias-llenas-de-trabajo-y-creatividad-presentes-en-mercado\/\" \/>\n\t<meta name=\"generator\" content=\"All in One SEO Pro (AIOSEO) 4.9.6.2\" \/>\n\n\t\t<link rel=\"preconnect\" href=\"https:\/\/fonts.googleapis.com\" crossorigin>\n<link rel=\"preconnect\" href=\"https:\/\/fonts.gstatic.com\" crossorigin>\n\t\t<meta property=\"og:locale\" content=\"es_ES\" \/>\n\t\t<meta property=\"og:site_name\" content=\"SoyMigrante.com REVISTA \u2013 Nuestra misi\u00f3n es reconocer y dignificar al migrante.\" \/>\n\t\t<meta property=\"og:type\" content=\"article\" \/>\n\t\t<meta property=\"og:title\" content=\"Celebremos el D\u00eda Mundial del Emprendimiento apoy\u00e1ndolo\" \/>\n\t\t<meta property=\"og:description\" content=\"SoyMigrante.com MERCADO es una plataforma abierta a todos los emprendedores y artesanos guatemaltecos. Estas son historias inspiradoras \u00a1Felicidades y adelante!\" \/>\n\t\t<meta property=\"og:url\" content=\"https:\/\/soymigrante.com\/revista\/dia-mundial-del-emprendimiento-16-historias-llenas-de-trabajo-y-creatividad-presentes-en-mercado\/\" \/>\n\t\t<meta property=\"og:image\" content=\"https:\/\/soymigrante.com\/revista\/wp-content\/uploads\/2026\/04\/SOYMIGRANTECOM-MERCADO-DIA-MUNDIAL-DEL-EMPRENDEDOR.png\" \/>\n\t\t<meta property=\"og:image:secure_url\" content=\"https:\/\/soymigrante.com\/revista\/wp-content\/uploads\/2026\/04\/SOYMIGRANTECOM-MERCADO-DIA-MUNDIAL-DEL-EMPRENDEDOR.png\" \/>\n\t\t<meta property=\"og:image:width\" content=\"1024\" \/>\n\t\t<meta property=\"og:image:height\" content=\"1024\" \/>\n\t\t<meta property=\"article:published_time\" content=\"2026-04-16T17:15:21+00:00\" \/>\n\t\t<meta property=\"article:modified_time\" content=\"2026-04-16T17:32:59+00:00\" \/>\n\t\t<meta property=\"article:publisher\" content=\"https:\/\/www.facebook.com\/soymigrantecom\" \/>\n\t\t<meta name=\"twitter:card\" content=\"summary_large_image\" \/>\n\t\t<meta name=\"twitter:site\" content=\"@SoyMigrante_com\" \/>\n\t\t<meta name=\"twitter:title\" content=\"Celebremos el D\u00eda Mundial del Emprendimiento apoy\u00e1ndolo\" \/>\n\t\t<meta name=\"twitter:description\" content=\"SoyMigrante.com MERCADO es una plataforma abierta a todos los emprendedores y artesanos guatemaltecos. Estas son historias inspiradoras \u00a1Felicidades y adelante!\" \/>\n\t\t<meta name=\"twitter:creator\" content=\"@SoyMigrante_com\" \/>\n\t\t<meta name=\"twitter:image\" content=\"https:\/\/soymigrante.com\/revista\/wp-content\/uploads\/2026\/04\/SOYMIGRANTECOM-MERCADO-DIA-MUNDIAL-DEL-EMPRENDEDOR.png\" \/>\n\t\t<!-- All in One SEO Pro -->\r\n\t\t<title>Celebremos el D\u00eda Mundial del Emprendimiento apoy\u00e1ndolo<\/title>\n\n","aioseo_head_json":{"title":"Celebremos el D\u00eda Mundial del Emprendimiento apoy\u00e1ndolo","description":"SoyMigrante.com MERCADO es una plataforma abierta a todos los emprendedores y artesanos guatemaltecos. Estas son historias inspiradoras \u00a1Felicidades y adelante!","canonical_url":"https:\/\/soymigrante.com\/revista\/dia-mundial-del-emprendimiento-16-historias-llenas-de-trabajo-y-creatividad-presentes-en-mercado\/","robots":"max-snippet:-1, max-image-preview:large, max-video-preview:-1","keywords":"","webmasterTools":{"miscellaneous":"&lt;link rel=\"preconnect\" href=\"https:\/\/fonts.googleapis.com\" crossorigin&gt;\n&lt;link rel=\"preconnect\" href=\"https:\/\/fonts.gstatic.com\" crossorigin&gt;"},"schema":null,"og:locale":"es_ES","og:site_name":"SoyMigrante.com REVISTA \u2013 Nuestra misi\u00f3n es reconocer y dignificar al migrante.","og:type":"article","og:title":"Celebremos el D\u00eda Mundial del Emprendimiento apoy\u00e1ndolo","og:description":"SoyMigrante.com MERCADO es una plataforma abierta a todos los emprendedores y artesanos guatemaltecos. Estas son historias inspiradoras \u00a1Felicidades y adelante!","og:url":"https:\/\/soymigrante.com\/revista\/dia-mundial-del-emprendimiento-16-historias-llenas-de-trabajo-y-creatividad-presentes-en-mercado\/","og:image":"https:\/\/soymigrante.com\/revista\/wp-content\/uploads\/2026\/04\/SOYMIGRANTECOM-MERCADO-DIA-MUNDIAL-DEL-EMPRENDEDOR.png","og:image:secure_url":"https:\/\/soymigrante.com\/revista\/wp-content\/uploads\/2026\/04\/SOYMIGRANTECOM-MERCADO-DIA-MUNDIAL-DEL-EMPRENDEDOR.png","og:image:width":1024,"og:image:height":1024,"article:published_time":"2026-04-16T17:15:21+00:00","article:modified_time":"2026-04-16T17:32:59+00:00","article:publisher":"https:\/\/www.facebook.com\/soymigrantecom","twitter:card":"summary_large_image","twitter:site":"@SoyMigrante_com","twitter:title":"Celebremos el D\u00eda Mundial del Emprendimiento apoy\u00e1ndolo","twitter:description":"SoyMigrante.com MERCADO es una plataforma abierta a todos los emprendedores y artesanos guatemaltecos. Estas son historias inspiradoras \u00a1Felicidades y adelante!","twitter:creator":"@SoyMigrante_com","twitter:image":"https:\/\/soymigrante.com\/revista\/wp-content\/uploads\/2026\/04\/SOYMIGRANTECOM-MERCADO-DIA-MUNDIAL-DEL-EMPRENDEDOR.png"},"aioseo_meta_data":{"post_id":"11094","title":"Emprendedora Lilia Rojas crea joyas artesanales con bisuter\u00eda","description":"Un curso de bisuter\u00eda fue el inicio de un camino de creatividad y esfuerzo que no ha sido f\u00e1cil. Ahora Lilia Rojas los vende a trav\u00e9s de SoyMigrante.com MERCADO","keywords":null,"keyphrases":{"focus":{"keyphrase":"Emprendedora","score":82,"analysis":{"keyphraseInTitle":{"score":9,"maxScore":9,"error":0},"keyphraseInDescription":{"score":3,"maxScore":9,"error":1},"keyphraseLength":{"score":9,"maxScore":9,"error":0,"length":1},"keyphraseInURL":{"score":5,"maxScore":5,"error":0},"keyphraseInIntroduction":{"score":9,"maxScore":9,"error":0},"keyphraseInSubHeadings":{"score":3,"maxScore":9,"error":1},"keyphraseInImageAlt":{"score":9,"maxScore":9,"error":0},"keywordDensity":{"type":"best","score":9,"maxScore":9,"error":0}}},"additional":[{"keyphrase":"emprendedora","score":87,"analysis":{"keyphraseInDescription":{"score":3,"maxScore":9,"error":1},"keyphraseLength":{"score":9,"maxScore":9,"error":0,"length":1},"keyphraseInIntroduction":{"score":9,"maxScore":9,"error":0},"keyphraseInImageAlt":{"score":9,"maxScore":9,"error":0},"keywordDensity":{"type":"best","score":9,"maxScore":9,"error":0}}},{"keyphrase":"guatemalteca","score":87,"analysis":{"keyphraseInDescription":{"score":3,"maxScore":9,"error":1},"keyphraseLength":{"score":9,"maxScore":9,"error":0,"length":1},"keyphraseInIntroduction":{"score":9,"maxScore":9,"error":0},"keyphraseInImageAlt":{"score":9,"maxScore":9,"error":0},"keywordDensity":{"type":"best","score":9,"maxScore":9,"error":0}}},{"keyphrase":"SoyMigrante MERCADO","score":40,"analysis":{"keyphraseInDescription":{"score":3,"maxScore":9,"error":1},"keyphraseLength":{"score":9,"maxScore":9,"error":0,"length":2},"keyphraseInIntroduction":{"score":3,"maxScore":9,"error":1},"keyphraseInImageAlt":{"score":3,"maxScore":9,"error":1},"keywordDensity":{"score":0,"type":"low","maxScore":9,"error":1}}}]},"primary_term":null,"canonical_url":null,"og_title":null,"og_description":null,"og_object_type":"default","og_image_type":"default","og_image_url":null,"og_image_width":null,"og_image_height":null,"og_image_custom_url":null,"og_image_custom_fields":null,"og_video":"","og_custom_url":null,"og_article_section":null,"og_article_tags":null,"twitter_use_og":false,"twitter_card":"default","twitter_image_type":"default","twitter_image_url":null,"twitter_image_custom_url":null,"twitter_image_custom_fields":null,"twitter_title":null,"twitter_description":null,"schema":{"blockGraphs":[],"customGraphs":[],"default":{"data":{"Article":[],"Course":[],"Dataset":[],"FAQPage":[],"Movie":[],"Person":[],"Product":[],"ProductReview":[],"Car":[],"Recipe":[],"Service":[],"SoftwareApplication":[],"WebPage":[]},"graphName":"Article","isEnabled":true},"graphs":[]},"schema_type":"default","schema_type_options":null,"pillar_content":false,"robots_default":true,"robots_noindex":false,"robots_noarchive":false,"robots_nosnippet":false,"robots_nofollow":false,"robots_noimageindex":false,"robots_noodp":false,"robots_notranslate":false,"robots_max_snippet":"-1","robots_max_videopreview":"-1","robots_max_imagepreview":"large","priority":null,"frequency":"default","local_seo":null,"seo_analyzer_scan_date":"2025-10-09 00:02:21","breadcrumb_settings":null,"limit_modified_date":false,"reviewed_by":null,"open_ai":"{\"title\":{\"suggestions\":[],\"usage\":0},\"description\":{\"suggestions\":[],\"usage\":0}}","ai":null,"created":"2024-10-31 21:24:19","updated":"2026-02-04 15:42:38"},"aioseo_breadcrumb":"<div class=\"aioseo-breadcrumbs\"><span class=\"aioseo-breadcrumb\">\n\t<a href=\"https:\/\/soymigrante.com\/revista\" title=\"Home\">Home<\/a>\n<\/span><span class=\"aioseo-breadcrumb-separator\">\u00bb<\/span><span class=\"aioseo-breadcrumb\">\n\t<a href=\"https:\/\/soymigrante.com\/revista\/category\/guate-nuestra\/\" title=\"Guate Nuestra\">Guate Nuestra<\/a>\n<\/span><span class=\"aioseo-breadcrumb-separator\">\u00bb<\/span><span class=\"aioseo-breadcrumb\">\n\tEmprendedora Lilia Rojas libera su creatividad con joyas artesanales Livero\n<\/span><\/div>","aioseo_breadcrumb_json":[{"label":"Home","link":"https:\/\/soymigrante.com\/revista"},{"label":"Guate Nuestra","link":"https:\/\/soymigrante.com\/revista\/category\/guate-nuestra\/"},{"label":"Emprendedora Lilia Rojas libera su creatividad con joyas artesanales Livero","link":"https:\/\/soymigrante.com\/revista\/emprendedora-lilia-rojas-elabora-joyas-con-creatividad-marca-livero\/"}],"_links":{"self":[{"href":"https:\/\/soymigrante.com\/revista\/wp-json\/wp\/v2\/posts\/11094","targetHints":{"allow":["GET"]}}],"collection":[{"href":"https:\/\/soymigrante.com\/revista\/wp-json\/wp\/v2\/posts"}],"about":[{"href":"https:\/\/soymigrante.com\/revista\/wp-json\/wp\/v2\/types\/post"}],"author":[{"embeddable":true,"href":"https:\/\/soymigrante.com\/revista\/wp-json\/wp\/v2\/users\/19"}],"replies":[{"embeddable":true,"href":"https:\/\/soymigrante.com\/revista\/wp-json\/wp\/v2\/comments?post=11094"}],"version-history":[{"count":3,"href":"https:\/\/soymigrante.com\/revista\/wp-json\/wp\/v2\/posts\/11094\/revisions"}],"predecessor-version":[{"id":39886,"href":"https:\/\/soymigrante.com\/revista\/wp-json\/wp\/v2\/posts\/11094\/revisions\/39886"}],"wp:featuredmedia":[{"embeddable":true,"href":"https:\/\/soymigrante.com\/revista\/wp-json\/wp\/v2\/media\/12312"}],"wp:attachment":[{"href":"https:\/\/soymigrante.com\/revista\/wp-json\/wp\/v2\/media?parent=11094"}],"wp:term":[{"taxonomy":"category","embeddable":true,"href":"https:\/\/soymigrante.com\/revista\/wp-json\/wp\/v2\/categories?post=11094"},{"taxonomy":"post_tag","embeddable":true,"href":"https:\/\/soymigrante.com\/revista\/wp-json\/wp\/v2\/tags?post=11094"}],"curies":[{"name":"wp","href":"https:\/\/api.w.org\/{rel}","templated":true}]}}