{"id":11062,"date":"2024-11-01T05:00:00","date_gmt":"2024-11-01T11:00:00","guid":{"rendered":"https:\/\/soymigrante.com\/revista\/?p=11062"},"modified":"2024-11-05T11:49:18","modified_gmt":"2024-11-05T17:49:18","slug":"colectivo-maya-awal-organiza-festival-de-barriletes-en-maryland","status":"publish","type":"post","link":"https:\/\/soymigrante.com\/revista\/colectivo-maya-awal-organiza-festival-de-barriletes-en-maryland\/","title":{"rendered":"Colectivo Maya Awal organiza Festival de Barriletes en Maryland"},"content":{"rendered":"\t\t<div data-elementor-type=\"wp-post\" data-elementor-id=\"11062\" class=\"elementor elementor-11062\" data-elementor-post-type=\"post\">\n\t\t\t\t<div data-particle_enable=\"false\" data-particle-mobile-disabled=\"false\" class=\"elementor-element elementor-element-b701f42 e-flex e-con-boxed e-con e-parent\" data-id=\"b701f42\" data-element_type=\"container\" data-e-type=\"container\">\n\t\t\t\t\t<div class=\"e-con-inner\">\n\t\t\t\t<div class=\"elementor-element elementor-element-dec1e66 elementor-widget elementor-widget-heading\" data-id=\"dec1e66\" data-element_type=\"widget\" data-e-type=\"widget\" data-widget_type=\"heading.default\">\n\t\t\t\t\t<h2 class=\"elementor-heading-title elementor-size-default\">El pr\u00f3ximo domingo 3 de noviembre en Maryland, Estados Unidos, se celebrar\u00e1 el festival del barrilete, un concurso familiar impulsado por la organizaci\u00f3n maya Awal Danza. Habr\u00e1 premios en efectivo.\n<\/h2>\t\t\t\t<\/div>\n\t\t\t\t\t<\/div>\n\t\t\t\t<\/div>\n\t\t<div data-particle_enable=\"false\" data-particle-mobile-disabled=\"false\" class=\"elementor-element elementor-element-3073bdd e-flex e-con-boxed e-con e-parent\" data-id=\"3073bdd\" data-element_type=\"container\" data-e-type=\"container\">\n\t\t\t\t\t<div class=\"e-con-inner\">\n\t\t\t\t<div class=\"elementor-element elementor-element-7719a48 elementor-widget elementor-widget-text-editor\" data-id=\"7719a48\" data-element_type=\"widget\" data-e-type=\"widget\" data-widget_type=\"text-editor.default\">\n\t\t\t\t\t\t\t\t\t<p>El centro comunitario de Maryland, Estados Unidos, estar\u00e1 lleno de color el pr\u00f3ximo domingo 3 de noviembre, esto gracias al concurso de barriletes&nbsp;<span style=\"font-family: Roboto, sans-serif;font-size: 16px;font-style: normal;font-weight: 400;color: var( --e-global-color-text );text-align: var(--text-align)\">organizado por Awal Danza,<\/span><span style=\"color: var( --e-global-color-text );text-align: var(--text-align)\">&nbsp;en conmemoraci\u00f3n del D\u00eda de los Santos Difuntos.<\/span><\/p>\n<p>Cada 1 de noviembre en la cultura guatemalteca se conmemora el D\u00eda de los Muertos o Santos Difuntos, y el barrilete es s\u00edmbolo muy caracter\u00edstico en Guatemala, la cual tiene su origen en el pueblo maya. Para conmemorar esta festividad, Awal Danza ha convocado al concurso de barriletes familiar en Maryland, Estados Unidos.<\/p>\n<p>La ciudades de Sumpango y Santiago Sacatep\u00e9quez en Guatemala&nbsp;<a href=\"https:\/\/soymigrante.com\/revista\/festival-de-barriletes-de-santiago-sacatepequez-lleva-125-anos-de-tradicion\/\" target=\"_blank\" rel=\"noopener\">son los dos sitios m\u00e1s representativos en la elaboraci\u00f3n de los barriletes.&nbsp;<\/a>En el D\u00eda de los Santos Difuntos se elaboran ah\u00ed barriletes que pueden llegar a medir hasta 25 metros de altura.<\/p>\t\t\t\t\t\t\t\t<\/div>\n\t\t\t\t\t<\/div>\n\t\t\t\t<\/div>\n\t\t<div data-particle_enable=\"false\" data-particle-mobile-disabled=\"false\" class=\"elementor-element elementor-element-3f91801 e-flex e-con-boxed e-con e-parent\" data-id=\"3f91801\" data-element_type=\"container\" data-e-type=\"container\">\n\t\t\t\t\t<div class=\"e-con-inner\">\n\t\t\t\t<div class=\"elementor-element elementor-element-c354897 elementor-align-center elementor-widget elementor-widget-button\" data-id=\"c354897\" data-element_type=\"widget\" data-e-type=\"widget\" data-widget_type=\"button.default\">\n\t\t\t\t\t\t\t\t\t\t<a class=\"elementor-button elementor-button-link elementor-size-sm\" href=\"https:\/\/www.google.com\/maps\/place\/Merrimac+Dr,+Maryland,+EE.+UU.\/@38.9923763,-76.9834975,17z\/data=!4m6!3m5!1s0x89b7c66e0b106f25:0x6e4116e7439d44e2!8m2!3d38.9923722!4d-76.9809172!16s%2Fg%2F1tcxf2jz?entry=ttu&#038;g_ep=EgoyMDI0MTAyOS4wIKXMDSoASAFQAw%3D%3D\">\n\t\t\t\t\t\t<span class=\"elementor-button-content-wrapper\">\n\t\t\t\t\t\t\t\t\t<span class=\"elementor-button-text\">Te compartimos la ubicaci\u00f3n. Pulsa aqu\u00ed.<\/span>\n\t\t\t\t\t<\/span>\n\t\t\t\t\t<\/a>\n\t\t\t\t\t\t\t\t<\/div>\n\t\t\t\t\t<\/div>\n\t\t\t\t<\/div>\n\t\t<div data-particle_enable=\"false\" data-particle-mobile-disabled=\"false\" class=\"elementor-element elementor-element-624be73 e-flex e-con-boxed e-con e-parent\" data-id=\"624be73\" data-element_type=\"container\" data-e-type=\"container\">\n\t\t\t\t\t<div class=\"e-con-inner\">\n\t\t\t\t<div class=\"elementor-element elementor-element-4763c0c elementor-widget elementor-widget-image\" data-id=\"4763c0c\" data-element_type=\"widget\" data-e-type=\"widget\" data-widget_type=\"image.default\">\n\t\t\t\t\t\t\t\t\t\t\t\t\t\t\t<img fetchpriority=\"high\" decoding=\"async\" width=\"768\" height=\"994\" src=\"https:\/\/soymigrante.com\/revista\/wp-content\/uploads\/2024\/10\/Premios-barriletes-791x1024.jpg\" class=\"attachment-large size-large wp-image-11070\" alt=\"Barretes, concurso infantil, evento comunitario, feria cultural para ni\u00f1os, actividades recreativas para padres e hijos, celebraci\u00f3n tradici\u00f3n ind\u00edgena en Estados Unidos, actividades familiares en Maryland, festival de cultura infantil, fiesta tradicional latinoamericana, arte y juegos para ni\u00f1os en Maryland.\" srcset=\"https:\/\/soymigrante.com\/revista\/wp-content\/uploads\/2024\/10\/Premios-barriletes-791x1024.jpg 791w, https:\/\/soymigrante.com\/revista\/wp-content\/uploads\/2024\/10\/Premios-barriletes-232x300.webp 232w, https:\/\/soymigrante.com\/revista\/wp-content\/uploads\/2024\/10\/Premios-barriletes-768x994.jpg 768w, https:\/\/soymigrante.com\/revista\/wp-content\/uploads\/2024\/10\/Premios-barriletes-1187x1536.jpg 1187w, https:\/\/soymigrante.com\/revista\/wp-content\/uploads\/2024\/10\/Premios-barriletes-750x971.webp 750w, https:\/\/soymigrante.com\/revista\/wp-content\/uploads\/2024\/10\/Premios-barriletes-1140x1475.jpg 1140w, https:\/\/soymigrante.com\/revista\/wp-content\/uploads\/2024\/10\/Premios-barriletes.webp 1275w\" sizes=\"(max-width: 768px) 100vw, 768px\" title=\"Premios barriletes \u2013 SoyMigrante.com REVISTA\" \/>\t\t\t\t\t\t\t\t\t\t\t\t\t\t\t<\/div>\n\t\t\t\t\t<\/div>\n\t\t\t\t<\/div>\n\t\t<div data-particle_enable=\"false\" data-particle-mobile-disabled=\"false\" class=\"elementor-element elementor-element-9e5eae7 e-flex e-con-boxed e-con e-parent\" data-id=\"9e5eae7\" data-element_type=\"container\" data-e-type=\"container\">\n\t\t\t\t\t<div class=\"e-con-inner\">\n\t\t\t\t<div class=\"elementor-element elementor-element-abbee91 elementor-widget elementor-widget-heading\" data-id=\"abbee91\" data-element_type=\"widget\" data-e-type=\"widget\" data-widget_type=\"heading.default\">\n\t\t\t\t\t<h3 class=\"elementor-heading-title elementor-size-default\">Premios para los mejores barriletes<\/h3>\t\t\t\t<\/div>\n\t\t\t\t\t<\/div>\n\t\t\t\t<\/div>\n\t\t<div data-particle_enable=\"false\" data-particle-mobile-disabled=\"false\" class=\"elementor-element elementor-element-5341ebf e-flex e-con-boxed e-con e-parent\" data-id=\"5341ebf\" data-element_type=\"container\" data-e-type=\"container\">\n\t\t\t\t\t<div class=\"e-con-inner\">\n\t\t\t\t<div class=\"elementor-element elementor-element-194b9fb elementor-widget elementor-widget-text-editor\" data-id=\"194b9fb\" data-element_type=\"widget\" data-e-type=\"widget\" data-widget_type=\"text-editor.default\">\n\t\t\t\t\t\t\t\t\t<p>\u201cLa idea es que lleguen a verlos, tendremos concursos de barriletes con el fin de que cada padre conviva con su hijo o hija haciendo un barrilete\u201d, refiere don Vinicio Cabrera Awal organizador del evento y fundador de<a href=\"https:\/\/soymigrante.com\/revista\/migrante-awal-marimba-tradicion-guatemala-washington\/\" target=\"_blank\" rel=\"noopener\"> Danza Awal en Maryland<\/a>&nbsp;y explica que para participar en este concurso es necesario que el padre o madre env\u00eden un video en el que est\u00e9n elaborando un barrilete junto a sus hijos. En el lugar p<span style=\"font-family: Roboto, sans-serif;font-size: 16px;font-style: normal;font-weight: 400;color: var( --e-global-color-text );text-align: var(--text-align)\">odr\u00e1s degustar platillos t\u00edpicos. Tambi\u00e9n habr\u00e1 juegos para ni\u00f1os, <a href=\"https:\/\/soymigrante.com\/revista\/mercado-artesanias-en-guatemala-ubicaciones-y-horarios\/\">venta de artesan\u00edas<\/a>, entre otros.<\/span><\/p>\n<p>Se premiar\u00e1n a cuatro participantes. Habr\u00e1 premios en efectivo para los primeros lugares y una televisi\u00f3n para el primer lugar. La categor\u00eda de edad para participar es entre los 5 a\u00f1os hasta los 20 a\u00f1os.<\/p>\n<p>\u201cLo que nos motiva es ver a la gente que le gusta participar y preguntan para ver el evento.&nbsp;<a href=\"https:\/\/soymigrante.com\/revista\/siete-expresiones-de-multiculturalidad-guatemalteca-ganan-fuerza-en-usa\/\" target=\"_blank\">Esta es parte de nuestra cultura y tradici\u00f3n<\/a>, para que no los perdamos y nos alegra ver a los ni\u00f1os volarlos o hacerlos\u201d, explica Vinicio. Adem\u00e1s, en el centro comunitario se habilitar\u00e1n unas mesas con los materiales para elaborar barriletes sin ning\u00fan costo, para los ni\u00f1os que deseen elaborar uno ese d\u00eda.<\/p>\t\t\t\t\t\t\t\t<\/div>\n\t\t\t\t\t<\/div>\n\t\t\t\t<\/div>\n\t\t<div data-particle_enable=\"false\" data-particle-mobile-disabled=\"false\" class=\"elementor-element elementor-element-81f78a9 e-flex e-con-boxed e-con e-parent\" data-id=\"81f78a9\" data-element_type=\"container\" data-e-type=\"container\">\n\t\t\t\t\t<div class=\"e-con-inner\">\n\t\t\t\t<div class=\"elementor-element elementor-element-15796d2 elementor-widget elementor-widget-facebook-embed\" data-id=\"15796d2\" data-element_type=\"widget\" data-e-type=\"widget\" data-widget_type=\"facebook-embed.default\">\n\t\t\t\t\t<div style=\"min-height: 1px\" class=\"elementor-facebook-widget fb-post\" data-href=\"https:\/\/www.facebook.com\/photo\/?fbid=3985755141713999&#038;set=a.1386615988294607\" data-show-text=\"false\"><\/div>\t\t\t\t<\/div>\n\t\t\t\t\t<\/div>\n\t\t\t\t<\/div>\n\t\t<div data-particle_enable=\"false\" data-particle-mobile-disabled=\"false\" class=\"elementor-element elementor-element-7a6c95b e-flex e-con-boxed e-con e-parent\" data-id=\"7a6c95b\" data-element_type=\"container\" data-e-type=\"container\">\n\t\t\t\t\t<div class=\"e-con-inner\">\n\t\t\t\t<div class=\"elementor-element elementor-element-93e8e5c elementor-widget elementor-widget-text-editor\" data-id=\"93e8e5c\" data-element_type=\"widget\" data-e-type=\"widget\" data-widget_type=\"text-editor.default\">\n\t\t\t\t\t\t\t\t\t<p>Para Vinicio esta no es la primera vez que efect\u00faa el concurso. Lo que lo motivo a seguir con esta convocatoria tras convocatoria son los recuerdos que tiene de su infancia. \u00c9l naci\u00f3 en Concepci\u00f3n Chiquirichapa, Quetzaltenango, donde volaba barrilete. La ventaja de estos lugares es la altura sobre el nivel del mar por lo que el vuelo de estos es mucho mejor.<\/p><p>Desde Awal Danza elaboran un barrilete de 16 pies que ser\u00e1 expuesto el pr\u00f3ximo domingo 3 de noviembre, para que los participantes y la comunidad de Maryland puedan ir a visitarlo y conocer m\u00e1s de esta hermosa y creativa tradici\u00f3n guatemalteca. Ser\u00e1 ese d\u00eda que le den los toques finales.\u00a0<\/p>\t\t\t\t\t\t\t\t<\/div>\n\t\t\t\t\t<\/div>\n\t\t\t\t<\/div>\n\t\t<div data-particle_enable=\"false\" data-particle-mobile-disabled=\"false\" class=\"elementor-element elementor-element-d8f246d e-flex e-con-boxed e-con e-parent\" data-id=\"d8f246d\" data-element_type=\"container\" data-e-type=\"container\">\n\t\t\t\t\t<div class=\"e-con-inner\">\n\t\t\t\t<div class=\"elementor-element elementor-element-9153efd elementor-widget elementor-widget-heading\" data-id=\"9153efd\" data-element_type=\"widget\" data-e-type=\"widget\" data-widget_type=\"heading.default\">\n\t\t\t\t\t<h3 class=\"elementor-heading-title elementor-size-default\">Tradiciones guatemaltecas que conocer<\/h3>\t\t\t\t<\/div>\n\t\t\t\t\t<\/div>\n\t\t\t\t<\/div>\n\t\t<div data-particle_enable=\"false\" data-particle-mobile-disabled=\"false\" class=\"elementor-element elementor-element-41712e2 e-flex e-con-boxed e-con e-parent\" data-id=\"41712e2\" data-element_type=\"container\" data-e-type=\"container\">\n\t\t\t\t\t<div class=\"e-con-inner\">\n\t\t\t\t<div class=\"elementor-element elementor-element-e4c008c elementor-grid-eael-col-3 elementor-grid-tablet-eael-col-2 elementor-grid-mobile-eael-col-1 elementor-widget elementor-widget-eael-post-grid\" data-id=\"e4c008c\" data-element_type=\"widget\" data-e-type=\"widget\" data-settings=\"{&quot;eael_post_grid_columns&quot;:&quot;eael-col-3&quot;,&quot;eael_post_grid_columns_tablet&quot;:&quot;eael-col-2&quot;,&quot;eael_post_grid_columns_mobile&quot;:&quot;eael-col-1&quot;}\" data-widget_type=\"eael-post-grid.default\">\n\t\t\t\t\t<div id=\"eael-post-grid-e4c008c\" class=\"eael-post-grid-container\">\n            <div class=\"eael-post-grid eael-post-appender eael-post-appender-e4c008c eael-post-grid-style-one\" data-layout-mode=\"masonry\"><article class=\"eael-grid-post  eael-post-grid-column eael-pg-post-7682 category-guate-nuestra\" data-id=\"7682\">\n        <div class=\"eael-grid-post-holder\">\n            <div class=\"eael-grid-post-holder-inner\"><div class=\"eael-entry-media\"><div class=\"eael-entry-overlay fade-in\"><i class=\"far fa-hand-pointer\" aria-hidden=\"true\"><\/i><a href=\"https:\/\/soymigrante.com\/revista\/festival-rabin-ajau-en-imagenes-alegria-hermandad-tradicion-e-identidad\/\"><\/a><\/div><div class=\"eael-entry-thumbnail \">\n                <img decoding=\"async\" width=\"1024\" height=\"1024\" src=\"https:\/\/soymigrante.com\/revista\/wp-content\/uploads\/2024\/07\/Rabin-Ajau-Coban-Abel-Juarez-14-1024x1024.webp\" class=\"attachment-large size-large wp-image-7684\" alt=\"Vendedora ind\u00edgena con traje tradicional colorido y accesorios en feria cultural en M\u00e9xico, promoviendo identidad y cultura migrante.\" srcset=\"https:\/\/soymigrante.com\/revista\/wp-content\/uploads\/2024\/07\/Rabin-Ajau-Coban-Abel-Juarez-14-1024x1024.webp 1024w, https:\/\/soymigrante.com\/revista\/wp-content\/uploads\/2024\/07\/Rabin-Ajau-Coban-Abel-Juarez-14-300x300.webp 300w, https:\/\/soymigrante.com\/revista\/wp-content\/uploads\/2024\/07\/Rabin-Ajau-Coban-Abel-Juarez-14-150x150.webp 150w, https:\/\/soymigrante.com\/revista\/wp-content\/uploads\/2024\/07\/Rabin-Ajau-Coban-Abel-Juarez-14-768x768.webp 768w, https:\/\/soymigrante.com\/revista\/wp-content\/uploads\/2024\/07\/Rabin-Ajau-Coban-Abel-Juarez-14-1536x1536.webp 1536w, https:\/\/soymigrante.com\/revista\/wp-content\/uploads\/2024\/07\/Rabin-Ajau-Coban-Abel-Juarez-14-scaled.webp 1920w, https:\/\/soymigrante.com\/revista\/wp-content\/uploads\/2024\/07\/Rabin-Ajau-Coban-Abel-Juarez-14-75x75.webp 75w, https:\/\/soymigrante.com\/revista\/wp-content\/uploads\/2024\/07\/Rabin-Ajau-Coban-Abel-Juarez-14-750x750.webp 750w, https:\/\/soymigrante.com\/revista\/wp-content\/uploads\/2024\/07\/Rabin-Ajau-Coban-Abel-Juarez-14-1140x1140.webp 1140w\" sizes=\"(max-width: 1024px) 100vw, 1024px\" \/>\n            <\/div>\n        <\/div><div class=\"eael-entry-wrapper\"><header class=\"eael-entry-header\"><h2 class=\"eael-entry-title\"><a class=\"eael-grid-post-link\" href=\"https:\/\/soymigrante.com\/revista\/festival-rabin-ajau-en-imagenes-alegria-hermandad-tradicion-e-identidad\/\" title=\"Festival Rab\u00edn Ajau en im\u00e1genes: alegr\u00eda, hermandad, tradici\u00f3n e identidad\">Festival Rab\u00edn Ajau en im\u00e1genes: alegr\u00eda, hermandad, tradici\u00f3n e identidad<\/a><\/h2><\/header><div class=\"eael-entry-content\">\n                        <div class=\"eael-grid-post-excerpt\"><a href=\"https:\/\/soymigrante.com\/revista\/festival-rabin-ajau-en-imagenes-alegria-hermandad-tradicion-e-identidad\/\" class=\"eael-post-elements-readmore-btn\">CONOCE SU HISTORIA <\/a><\/div>\n                    <\/div><\/div><\/div>\n        <\/div>\n    <\/article><article class=\"eael-grid-post  eael-post-grid-column eael-pg-post-2456 category-guate-nuestra tags-danzas-de-guatemala\" data-id=\"2456\">\n        <div class=\"eael-grid-post-holder\">\n            <div class=\"eael-grid-post-holder-inner\"><div class=\"eael-entry-media\"><div class=\"eael-entry-overlay fade-in\"><i class=\"far fa-hand-pointer\" aria-hidden=\"true\"><\/i><a href=\"https:\/\/soymigrante.com\/revista\/guatemala-danza-el-palo-volador-en-joyabaj-cubulco-o-chichicastenango-siempre-es-memorable\/\"><\/a><\/div><div class=\"eael-entry-thumbnail \">\n                <img decoding=\"async\" width=\"1024\" height=\"604\" src=\"https:\/\/soymigrante.com\/revista\/wp-content\/uploads\/2023\/09\/Captura-de-pantalla-2023-09-04-073800-e1693837574983-1024x604.webp\" class=\"attachment-large size-large wp-image-2458\" alt=\"Los monos Hun Batz y Hun Chouen en lo alto del palo antes de descender. Captura de pantalla de video de TV Asunci\u00f3n Joyabaj.\" srcset=\"https:\/\/soymigrante.com\/revista\/wp-content\/uploads\/2023\/09\/Captura-de-pantalla-2023-09-04-073800-e1693837574983-1024x604.webp 1024w, https:\/\/soymigrante.com\/revista\/wp-content\/uploads\/2023\/09\/Captura-de-pantalla-2023-09-04-073800-e1693837574983-300x177.webp 300w, https:\/\/soymigrante.com\/revista\/wp-content\/uploads\/2023\/09\/Captura-de-pantalla-2023-09-04-073800-e1693837574983-768x453.webp 768w, https:\/\/soymigrante.com\/revista\/wp-content\/uploads\/2023\/09\/Captura-de-pantalla-2023-09-04-073800-e1693837574983-750x442.webp 750w, https:\/\/soymigrante.com\/revista\/wp-content\/uploads\/2023\/09\/Captura-de-pantalla-2023-09-04-073800-e1693837574983-1140x673.webp 1140w, https:\/\/soymigrante.com\/revista\/wp-content\/uploads\/2023\/09\/Captura-de-pantalla-2023-09-04-073800-e1693837574983.webp 1256w\" sizes=\"(max-width: 1024px) 100vw, 1024px\" \/>\n            <\/div>\n        <\/div><div class=\"eael-entry-wrapper\"><header class=\"eael-entry-header\"><h2 class=\"eael-entry-title\"><a class=\"eael-grid-post-link\" href=\"https:\/\/soymigrante.com\/revista\/guatemala-danza-el-palo-volador-en-joyabaj-cubulco-o-chichicastenango-siempre-es-memorable\/\" title=\"Danzas de Guatemala: El Palo Volador en Joyabaj, Cubulco o Chichicastenango es inolvidable\">Danzas de Guatemala: El Palo Volador en Joyabaj, Cubulco o Chichicastenango es inolvidable<\/a><\/h2><\/header><div class=\"eael-entry-content\">\n                        <div class=\"eael-grid-post-excerpt\"><a href=\"https:\/\/soymigrante.com\/revista\/guatemala-danza-el-palo-volador-en-joyabaj-cubulco-o-chichicastenango-siempre-es-memorable\/\" class=\"eael-post-elements-readmore-btn\">CONOCE SU HISTORIA <\/a><\/div>\n                    <\/div><\/div><\/div>\n        <\/div>\n    <\/article><article class=\"eael-grid-post  eael-post-grid-column eael-pg-post-2449 category-guate-nuestra tags-danzas-de-guatemala\" data-id=\"2449\">\n        <div class=\"eael-grid-post-holder\">\n            <div class=\"eael-grid-post-holder-inner\"><div class=\"eael-entry-media\"><div class=\"eael-entry-overlay fade-in\"><i class=\"far fa-hand-pointer\" aria-hidden=\"true\"><\/i><a href=\"https:\/\/soymigrante.com\/revista\/danza-guatemala-el-ancestral-baile-del-venado\/\"><\/a><\/div><div class=\"eael-entry-thumbnail \">\n                <img loading=\"lazy\" decoding=\"async\" width=\"1024\" height=\"683\" src=\"https:\/\/soymigrante.com\/revista\/wp-content\/uploads\/2023\/09\/DANZA-DEL-VENADO-CUNEN-QUICHE-1024x683.webp\" class=\"attachment-large size-large wp-image-2450\" alt=\"DANZA DEL VENADO CUNEN QUICHE\" srcset=\"https:\/\/soymigrante.com\/revista\/wp-content\/uploads\/2023\/09\/DANZA-DEL-VENADO-CUNEN-QUICHE-1024x683.webp 1024w, https:\/\/soymigrante.com\/revista\/wp-content\/uploads\/2023\/09\/DANZA-DEL-VENADO-CUNEN-QUICHE-300x200.webp 300w, https:\/\/soymigrante.com\/revista\/wp-content\/uploads\/2023\/09\/DANZA-DEL-VENADO-CUNEN-QUICHE-768x512.webp 768w, https:\/\/soymigrante.com\/revista\/wp-content\/uploads\/2023\/09\/DANZA-DEL-VENADO-CUNEN-QUICHE-1536x1024.webp 1536w, https:\/\/soymigrante.com\/revista\/wp-content\/uploads\/2023\/09\/DANZA-DEL-VENADO-CUNEN-QUICHE-750x500.webp 750w, https:\/\/soymigrante.com\/revista\/wp-content\/uploads\/2023\/09\/DANZA-DEL-VENADO-CUNEN-QUICHE-1140x760.webp 1140w, https:\/\/soymigrante.com\/revista\/wp-content\/uploads\/2023\/09\/DANZA-DEL-VENADO-CUNEN-QUICHE-600x400.webp 600w, https:\/\/soymigrante.com\/revista\/wp-content\/uploads\/2023\/09\/DANZA-DEL-VENADO-CUNEN-QUICHE.webp 1920w\" sizes=\"(max-width: 1024px) 100vw, 1024px\" \/>\n            <\/div>\n        <\/div><div class=\"eael-entry-wrapper\"><header class=\"eael-entry-header\"><h2 class=\"eael-entry-title\"><a class=\"eael-grid-post-link\" href=\"https:\/\/soymigrante.com\/revista\/danza-guatemala-el-ancestral-baile-del-venado\/\" title=\"Danzas de Guatemala: El  Baile del Venado est\u00e1 en la memoria de muchos migrantes.\">Danzas de Guatemala: El  Baile del Venado est\u00e1 en la memoria de muchos migrantes.<\/a><\/h2><\/header><div class=\"eael-entry-content\">\n                        <div class=\"eael-grid-post-excerpt\"><a href=\"https:\/\/soymigrante.com\/revista\/danza-guatemala-el-ancestral-baile-del-venado\/\" class=\"eael-post-elements-readmore-btn\">CONOCE SU HISTORIA <\/a><\/div>\n                    <\/div><\/div><\/div>\n        <\/div>\n    <\/article><\/div>\n            <div class=\"clearfix\"><\/div>\n        <\/div>\t\t\t\t<\/div>\n\t\t\t\t\t<\/div>\n\t\t\t\t<\/div>\n\t\t\t\t<\/div>\n\t\t","protected":false},"excerpt":{"rendered":"<p>El pr\u00f3ximo domingo 3 de noviembre en Maryland, Estados Unidos, se celebrar\u00e1 el festival del barrilete, un concurso familiar impulsado por la organizaci\u00f3n maya Awal Danza. Habr\u00e1 premios en efectivo. El centro comunitario de Maryland, Estados Unidos, estar\u00e1 lleno de color el pr\u00f3ximo domingo 3 de noviembre, esto gracias al concurso de barriletes&nbsp;organizado por Awal [&hellip;]<\/p>\n","protected":false},"author":23,"featured_media":11080,"comment_status":"open","ping_status":"open","sticky":false,"template":"","format":"standard","meta":{"_acf_changed":false,"_eb_attr":"","footnotes":""},"categories":[58],"tags":[],"class_list":["post-11062","post","type-post","status-publish","format-standard","has-post-thumbnail","hentry","category-guate-nuestra"],"acf":[],"aioseo_notices":[],"aioseo_head":"\n\t\t<!-- All in One SEO Pro 4.9.6.2 - aioseo.com -->\n\t<meta name=\"description\" content=\"Se calcula que El Baile del Venado surgi\u00f3 hace 1,500 a\u00f1os como un ritual de cacer\u00eda; tiene unos 26 danzantes y en cada localidad donde se celebra tiene distintas caracter\u00edsticas. Tradici\u00f3n en al menos 35 comunidades El Baile del Venado es una danza ritual que surgi\u00f3 hace unos 1,500 a\u00f1os, es decir en plena \u00e9poca\" \/>\n\t<meta name=\"robots\" content=\"max-snippet:-1, max-image-preview:large, max-video-preview:-1\" \/>\n\t<meta name=\"author\" content=\"Beatriz Tercero\"\/>\n\t<link rel=\"canonical\" href=\"https:\/\/soymigrante.com\/revista\/colectivo-maya-awal-organiza-festival-de-barriletes-en-maryland\/\" \/>\n\t<meta name=\"generator\" content=\"All in One SEO Pro (AIOSEO) 4.9.6.2\" \/>\n\n\t\t<link rel=\"preconnect\" href=\"https:\/\/fonts.googleapis.com\" crossorigin>\n<link rel=\"preconnect\" href=\"https:\/\/fonts.gstatic.com\" crossorigin>\n\t\t<meta property=\"og:locale\" content=\"es_ES\" \/>\n\t\t<meta property=\"og:site_name\" content=\"SoyMigrante.com REVISTA \u2013 Nuestra misi\u00f3n es reconocer y dignificar al migrante.\" \/>\n\t\t<meta property=\"og:type\" content=\"article\" \/>\n\t\t<meta property=\"og:title\" content=\"Concurso de barriletes en Maryland\" \/>\n\t\t<meta property=\"og:description\" content=\"El domingo 3 de noviembre en Maryland, Estados Unidos, se celebrar\u00e1 el festival del barrilete, un concurso familiar impulsado por la organizaci\u00f3n maya Awal Danza.\" \/>\n\t\t<meta property=\"og:url\" content=\"https:\/\/soymigrante.com\/revista\/colectivo-maya-awal-organiza-festival-de-barriletes-en-maryland\/\" \/>\n\t\t<meta property=\"og:image\" content=\"https:\/\/soymigrante.com\/revista\/wp-content\/uploads\/2024\/10\/Barriletes-guatemala.webp\" \/>\n\t\t<meta property=\"og:image:secure_url\" content=\"https:\/\/soymigrante.com\/revista\/wp-content\/uploads\/2024\/10\/Barriletes-guatemala.webp\" \/>\n\t\t<meta property=\"og:image:width\" content=\"1080\" \/>\n\t\t<meta property=\"og:image:height\" content=\"1080\" \/>\n\t\t<meta property=\"article:published_time\" content=\"2024-11-01T11:00:00+00:00\" \/>\n\t\t<meta property=\"article:modified_time\" content=\"2024-11-05T17:49:18+00:00\" \/>\n\t\t<meta property=\"article:publisher\" content=\"https:\/\/www.facebook.com\/soymigrantecom\" \/>\n\t\t<meta name=\"twitter:card\" content=\"summary_large_image\" \/>\n\t\t<meta name=\"twitter:site\" content=\"@SoyMigrante_com\" \/>\n\t\t<meta name=\"twitter:title\" content=\"Concurso de barriletes en Maryland\" \/>\n\t\t<meta name=\"twitter:description\" content=\"El domingo 3 de noviembre en Maryland, Estados Unidos, se celebrar\u00e1 el festival del barrilete, un concurso familiar impulsado por la organizaci\u00f3n maya Awal Danza.\" \/>\n\t\t<meta name=\"twitter:creator\" content=\"@SoyMigrante_com\" \/>\n\t\t<meta name=\"twitter:image\" content=\"https:\/\/soymigrante.com\/revista\/wp-content\/uploads\/2024\/10\/Barriletes-guatemala.webp\" \/>\n\t\t<!-- All in One SEO Pro -->\r\n\t\t<title>Concurso de barriletes en Maryland<\/title>\n\n","aioseo_head_json":{"title":"Concurso de barriletes en Maryland","description":"El domingo 3 de noviembre en Maryland, Estados Unidos, se celebrar\u00e1 el festival del barrilete, un concurso familiar impulsado por la organizaci\u00f3n maya Awal Danza.","canonical_url":"https:\/\/soymigrante.com\/revista\/colectivo-maya-awal-organiza-festival-de-barriletes-en-maryland\/","robots":"max-snippet:-1, max-image-preview:large, max-video-preview:-1","keywords":"","webmasterTools":{"miscellaneous":"&lt;link rel=\"preconnect\" href=\"https:\/\/fonts.googleapis.com\" crossorigin&gt;\n&lt;link rel=\"preconnect\" href=\"https:\/\/fonts.gstatic.com\" crossorigin&gt;"},"schema":null,"og:locale":"es_ES","og:site_name":"SoyMigrante.com REVISTA \u2013 Nuestra misi\u00f3n es reconocer y dignificar al migrante.","og:type":"article","og:title":"Concurso de barriletes en Maryland","og:description":"El domingo 3 de noviembre en Maryland, Estados Unidos, se celebrar\u00e1 el festival del barrilete, un concurso familiar impulsado por la organizaci\u00f3n maya Awal Danza.","og:url":"https:\/\/soymigrante.com\/revista\/colectivo-maya-awal-organiza-festival-de-barriletes-en-maryland\/","og:image":"https:\/\/soymigrante.com\/revista\/wp-content\/uploads\/2024\/10\/Barriletes-guatemala.webp","og:image:secure_url":"https:\/\/soymigrante.com\/revista\/wp-content\/uploads\/2024\/10\/Barriletes-guatemala.webp","og:image:width":1080,"og:image:height":1080,"article:published_time":"2024-11-01T11:00:00+00:00","article:modified_time":"2024-11-05T17:49:18+00:00","article:publisher":"https:\/\/www.facebook.com\/soymigrantecom","twitter:card":"summary_large_image","twitter:site":"@SoyMigrante_com","twitter:title":"Concurso de barriletes en Maryland","twitter:description":"El domingo 3 de noviembre en Maryland, Estados Unidos, se celebrar\u00e1 el festival del barrilete, un concurso familiar impulsado por la organizaci\u00f3n maya Awal Danza.","twitter:creator":"@SoyMigrante_com","twitter:image":"https:\/\/soymigrante.com\/revista\/wp-content\/uploads\/2024\/10\/Barriletes-guatemala.webp"},"aioseo_meta_data":{"post_id":"11062","title":"Concurso de barriletes en Maryland","description":"El domingo 3 de noviembre en Maryland, Estados Unidos, se celebrar\u00e1 el festival del barrilete, un concurso familiar impulsado por la organizaci\u00f3n maya Awal Danza.","keywords":null,"keyphrases":{"focus":{"keyphrase":"Concurso de barriletes","score":54,"analysis":{"keyphraseInTitle":{"score":9,"maxScore":9,"error":0},"keyphraseInDescription":{"score":3,"maxScore":9,"error":1},"keyphraseLength":{"score":9,"maxScore":9,"error":0,"length":3},"keyphraseInURL":{"score":1,"maxScore":5,"error":1},"keyphraseInIntroduction":{"score":9,"maxScore":9,"error":0},"keyphraseInSubHeadings":{"score":3,"maxScore":9,"error":1},"keyphraseInImageAlt":{"score":3,"maxScore":9,"error":1},"keywordDensity":{"score":0,"type":"low","maxScore":9,"error":1}}},"additional":[{"keyphrase":"D\u00eda de Muertos","score":40,"analysis":{"keyphraseInDescription":{"score":3,"maxScore":9,"error":1},"keyphraseLength":{"score":9,"maxScore":9,"error":0,"length":4},"keyphraseInIntroduction":{"score":3,"maxScore":9,"error":1},"keyphraseInImageAlt":{"score":3,"maxScore":9,"error":1},"keywordDensity":{"score":0,"type":"low","maxScore":9,"error":1}}},{"keyphrase":"Barriletes","score":73,"analysis":{"keyphraseInDescription":{"score":3,"maxScore":9,"error":1},"keyphraseLength":{"score":9,"maxScore":9,"error":0,"length":1},"keyphraseInIntroduction":{"score":9,"maxScore":9,"error":0},"keyphraseInImageAlt":{"score":3,"maxScore":9,"error":1},"keywordDensity":{"type":"best","score":9,"maxScore":9,"error":0}}},{"keyphrase":"tradiciones guatemaltecas","score":40,"analysis":{"keyphraseInDescription":{"score":3,"maxScore":9,"error":1},"keyphraseLength":{"score":9,"maxScore":9,"error":0,"length":2},"keyphraseInIntroduction":{"score":3,"maxScore":9,"error":1},"keyphraseInImageAlt":{"score":3,"maxScore":9,"error":1},"keywordDensity":{"score":0,"type":"low","maxScore":9,"error":1}}},{"keyphrase":"Soy Migrante","score":40,"analysis":{"keyphraseInDescription":{"score":3,"maxScore":9,"error":1},"keyphraseLength":{"score":9,"maxScore":9,"error":0,"length":2},"keyphraseInIntroduction":{"score":3,"maxScore":9,"error":1},"keyphraseInImageAlt":{"score":3,"maxScore":9,"error":1},"keywordDensity":{"score":0,"type":"low","maxScore":9,"error":1}}}]},"primary_term":null,"canonical_url":null,"og_title":null,"og_description":null,"og_object_type":"default","og_image_type":"default","og_image_url":null,"og_image_width":null,"og_image_height":null,"og_image_custom_url":null,"og_image_custom_fields":null,"og_video":"","og_custom_url":null,"og_article_section":null,"og_article_tags":null,"twitter_use_og":false,"twitter_card":"default","twitter_image_type":"default","twitter_image_url":null,"twitter_image_custom_url":null,"twitter_image_custom_fields":null,"twitter_title":null,"twitter_description":null,"schema":{"blockGraphs":[],"customGraphs":[],"default":{"data":{"Article":[],"Course":[],"Dataset":[],"FAQPage":[],"Movie":[],"Person":[],"Product":[],"ProductReview":[],"Car":[],"Recipe":[],"Service":[],"SoftwareApplication":[],"WebPage":[]},"graphName":"Article","isEnabled":true},"graphs":[]},"schema_type":"default","schema_type_options":null,"pillar_content":false,"robots_default":true,"robots_noindex":false,"robots_noarchive":false,"robots_nosnippet":false,"robots_nofollow":false,"robots_noimageindex":false,"robots_noodp":false,"robots_notranslate":false,"robots_max_snippet":"-1","robots_max_videopreview":"-1","robots_max_imagepreview":"large","priority":null,"frequency":"default","local_seo":null,"seo_analyzer_scan_date":"2025-10-08 23:57:50","breadcrumb_settings":null,"limit_modified_date":false,"reviewed_by":null,"open_ai":"{\"title\":{\"suggestions\":[],\"usage\":0},\"description\":{\"suggestions\":[],\"usage\":0}}","ai":null,"created":"2024-10-31 20:14:28","updated":"2026-02-04 15:33:49"},"aioseo_breadcrumb":"<div class=\"aioseo-breadcrumbs\"><span class=\"aioseo-breadcrumb\">\n\t<a href=\"https:\/\/soymigrante.com\/revista\" title=\"Home\">Home<\/a>\n<\/span><span class=\"aioseo-breadcrumb-separator\">\u00bb<\/span><span class=\"aioseo-breadcrumb\">\n\t<a href=\"https:\/\/soymigrante.com\/revista\/category\/guate-nuestra\/\" title=\"Guate Nuestra\">Guate Nuestra<\/a>\n<\/span><span class=\"aioseo-breadcrumb-separator\">\u00bb<\/span><span class=\"aioseo-breadcrumb\">\n\tColectivo Maya Awal organiza Festival de Barriletes en Maryland\n<\/span><\/div>","aioseo_breadcrumb_json":[{"label":"Home","link":"https:\/\/soymigrante.com\/revista"},{"label":"Guate Nuestra","link":"https:\/\/soymigrante.com\/revista\/category\/guate-nuestra\/"},{"label":"Colectivo Maya Awal organiza Festival de Barriletes en Maryland","link":"https:\/\/soymigrante.com\/revista\/colectivo-maya-awal-organiza-festival-de-barriletes-en-maryland\/"}],"_links":{"self":[{"href":"https:\/\/soymigrante.com\/revista\/wp-json\/wp\/v2\/posts\/11062","targetHints":{"allow":["GET"]}}],"collection":[{"href":"https:\/\/soymigrante.com\/revista\/wp-json\/wp\/v2\/posts"}],"about":[{"href":"https:\/\/soymigrante.com\/revista\/wp-json\/wp\/v2\/types\/post"}],"author":[{"embeddable":true,"href":"https:\/\/soymigrante.com\/revista\/wp-json\/wp\/v2\/users\/23"}],"replies":[{"embeddable":true,"href":"https:\/\/soymigrante.com\/revista\/wp-json\/wp\/v2\/comments?post=11062"}],"version-history":[{"count":0,"href":"https:\/\/soymigrante.com\/revista\/wp-json\/wp\/v2\/posts\/11062\/revisions"}],"wp:featuredmedia":[{"embeddable":true,"href":"https:\/\/soymigrante.com\/revista\/wp-json\/wp\/v2\/media\/11080"}],"wp:attachment":[{"href":"https:\/\/soymigrante.com\/revista\/wp-json\/wp\/v2\/media?parent=11062"}],"wp:term":[{"taxonomy":"category","embeddable":true,"href":"https:\/\/soymigrante.com\/revista\/wp-json\/wp\/v2\/categories?post=11062"},{"taxonomy":"post_tag","embeddable":true,"href":"https:\/\/soymigrante.com\/revista\/wp-json\/wp\/v2\/tags?post=11062"}],"curies":[{"name":"wp","href":"https:\/\/api.w.org\/{rel}","templated":true}]}}