{"id":11002,"date":"2024-11-14T08:03:47","date_gmt":"2024-11-14T14:03:47","guid":{"rendered":"https:\/\/soymigrante.com\/revista\/?p=11002"},"modified":"2024-11-25T18:35:24","modified_gmt":"2024-11-26T00:35:24","slug":"alumin-art-128-crea-pistas-de-formula-1-orquestas-o-procesiones-mini-a-base-de-alambre","status":"publish","type":"post","link":"https:\/\/soymigrante.com\/revista\/alumin-art-128-crea-pistas-de-formula-1-orquestas-o-procesiones-mini-a-base-de-alambre\/","title":{"rendered":"Alumin-Art transforma el alambre en creativas figuras y recuerdos con nombre"},"content":{"rendered":"\t\t<div data-elementor-type=\"wp-post\" data-elementor-id=\"11002\" class=\"elementor elementor-11002\" data-elementor-post-type=\"post\">\n\t\t\t\t<div data-particle_enable=\"false\" data-particle-mobile-disabled=\"false\" class=\"elementor-element elementor-element-956ad4d e-flex e-con-boxed e-con e-parent\" data-id=\"956ad4d\" data-element_type=\"container\" data-e-type=\"container\">\n\t\t\t\t\t<div class=\"e-con-inner\">\n\t\t\t\t<div class=\"elementor-element elementor-element-820a3d0 elementor-widget elementor-widget-heading\" data-id=\"820a3d0\" data-element_type=\"widget\" data-e-type=\"widget\" data-widget_type=\"heading.default\">\n\t\t\t\t\t<h2 class=\"elementor-heading-title elementor-size-default\"><a href=\"https:\/\/soymigrante.com\/mercado\/\">Juan Antonio Escobar Larios no logr\u00f3 estudiar arte por razones econ\u00f3micas, pero su creatividad hall\u00f3 otro camino: elabor\u00f3 figuras con globos y duroport. Un d\u00eda, su mam\u00e1 le di\u00f3 una idea: \u00bfPor qu\u00e9 no haces art\u00edculos con alambre? As\u00ed naci\u00f3 Alumin-Art, emprendimiento ahora presente en SoyMigrante.com MERCADO.\n<\/a><\/h2>\t\t\t\t<\/div>\n\t\t\t\t\t<\/div>\n\t\t\t\t<\/div>\n\t\t<div data-particle_enable=\"false\" data-particle-mobile-disabled=\"false\" class=\"elementor-element elementor-element-eae0f14 e-flex e-con-boxed e-con e-parent\" data-id=\"eae0f14\" data-element_type=\"container\" data-e-type=\"container\">\n\t\t\t\t\t<div class=\"e-con-inner\">\n\t\t\t\t<div class=\"elementor-element elementor-element-a570c70 elementor-widget elementor-widget-text-editor\" data-id=\"a570c70\" data-element_type=\"widget\" data-e-type=\"widget\" data-widget_type=\"text-editor.default\">\n\t\t\t\t\t\t\t\t\t<p><span style=\"font-family: Roboto, sans-serif; font-size: 16px; font-style: normal; font-weight: 400;\">En Alumin-Art Juan Antonio Escobar Larios te\u00a0<\/span>puede elaborar una pieza<span style=\"font-family: Roboto, sans-serif; font-size: 16px; font-style: normal; font-weight: 400;\">\u00a0de una procesi\u00f3n miniatura, un motociclista, un auto de carreras f\u00f3rmula 1 o lo que desees. El tiempo de realizaci\u00f3n depende de la complejidad,k pero nada es imposible.\u00a0 Este inusual emprendimiento artesanal forma parte de un grupo de artesanos antig\u00fce\u00f1os y ahora tambi\u00e9n ya se encuentra abierto<\/span><\/p><p class=\"MsoNormal\"><a href=\"https:\/\/soymigrante.com\/mercado\/marketplace\/seller\/profile\/alumin-art-arteenalambre\">La tienda digital Alumin-Art ya est\u00e1 abierta en\u00a0SoyMigrante.com MERCADO<\/a>, la comunidad en l\u00ednea creada para que emprendedores y compradores guatemaltecos se encuentren:<a href=\"https:\/\/soymigrante.com\/mercado\/\"> un proyecto activo, proactivo e innovador para peque\u00f1os negocios y creadores de productos elaborados a mano<\/a>, detr\u00e1s de las cuales siempre hay una historia. Y esta es la historia Antonio Escobar Larios.\u00a0<\/p><p>Alumin-Art tiene 13 a\u00f1os de existir. Juan Antonio comenz\u00f3 &#8220;escribiendo&#8221;\u00a0 nombres de personas con alambre, pero luego decidi\u00f3 emprender el reto de confeccionar piezas \u00fanicas, cada vez m\u00e1s complejas,\u00a0 utilizando su creatividad, manos y por supuesto, herramientas para darle forma al alambre.<\/p>\t\t\t\t\t\t\t\t<\/div>\n\t\t\t\t\t<\/div>\n\t\t\t\t<\/div>\n\t\t<div data-particle_enable=\"false\" data-particle-mobile-disabled=\"false\" class=\"elementor-element elementor-element-7909885 e-flex e-con-boxed e-con e-parent\" data-id=\"7909885\" data-element_type=\"container\" data-e-type=\"container\">\n\t\t\t\t\t<div class=\"e-con-inner\">\n\t\t\t\t<div class=\"elementor-element elementor-element-74b9e5b elementor-widget elementor-widget-image\" data-id=\"74b9e5b\" data-element_type=\"widget\" data-e-type=\"widget\" data-widget_type=\"image.default\">\n\t\t\t\t\t\t\t\t\t\t\t\t<figure class=\"wp-caption\">\n\t\t\t\t\t\t\t\t\t\t<img fetchpriority=\"high\" decoding=\"async\" width=\"455\" height=\"564\" src=\"https:\/\/soymigrante.com\/revista\/wp-content\/uploads\/2024\/10\/piezas-de-alambre2.webp\" class=\"attachment-2048x2048 size-2048x2048 wp-image-11022\" alt=\"Miniatura de bicicleta con figura de mu\u00f1eco de resortes, en exhibici\u00f3n en Mercado de artesan\u00edas.\" srcset=\"https:\/\/soymigrante.com\/revista\/wp-content\/uploads\/2024\/10\/piezas-de-alambre2.webp 455w, https:\/\/soymigrante.com\/revista\/wp-content\/uploads\/2024\/10\/piezas-de-alambre2-242x300.webp 242w\" sizes=\"(max-width: 455px) 100vw, 455px\" title=\"piezas de alambre2 \u2013 SoyMigrante.com REVISTA\" \/>\t\t\t\t\t\t\t\t\t\t\t<figcaption class=\"widget-image-caption wp-caption-text\">Figura artesanal de bicicleta hecha con resortes y otros materiales, exhibida en mercado de artesan\u00edas, representa creatividad y arte popular.<\/figcaption>\n\t\t\t\t\t\t\t\t\t\t<\/figure>\n\t\t\t\t\t\t\t\t\t<\/div>\n\t\t\t\t\t<\/div>\n\t\t\t\t<\/div>\n\t\t<div data-particle_enable=\"false\" data-particle-mobile-disabled=\"false\" class=\"elementor-element elementor-element-27450ee e-flex e-con-boxed e-con e-parent\" data-id=\"27450ee\" data-element_type=\"container\" data-e-type=\"container\">\n\t\t\t\t\t<div class=\"e-con-inner\">\n\t\t\t\t<div class=\"elementor-element elementor-element-38d857e elementor-widget elementor-widget-heading\" data-id=\"38d857e\" data-element_type=\"widget\" data-e-type=\"widget\" data-widget_type=\"heading.default\">\n\t\t\t\t\t<h2 class=\"elementor-heading-title elementor-size-default\">El arte convertir el alambre en im\u00e1genes<\/h2>\t\t\t\t<\/div>\n\t\t\t\t\t<\/div>\n\t\t\t\t<\/div>\n\t\t<div data-particle_enable=\"false\" data-particle-mobile-disabled=\"false\" class=\"elementor-element elementor-element-d3f9b4a e-flex e-con-boxed e-con e-parent\" data-id=\"d3f9b4a\" data-element_type=\"container\" data-e-type=\"container\">\n\t\t\t\t\t<div class=\"e-con-inner\">\n\t\t\t\t<div class=\"elementor-element elementor-element-bd3d1a9 elementor-widget elementor-widget-text-editor\" data-id=\"bd3d1a9\" data-element_type=\"widget\" data-e-type=\"widget\" data-widget_type=\"text-editor.default\">\n\t\t\t\t\t\t\t\t\t<p>Las primeras piezas en elaborar y comercializar fueron nombres elaborados con alambre. Fue en el 2012 que durante la fiesta patronal de Jocotenango, Antigua Guatemala, esos nombres tridimensionales fueron un \u00e9xito en ventas durante los tres d\u00edas que dur\u00f3 la festividad. Desde entonces Alumin Art 128 busca crear piezas \u00fanicas, gracias al alambre. Entre las creaciones que elabora est\u00e1n las pistas de la F\u00f3rmula 1.<\/p><p>Los clientes pueden pedir la elaboraci\u00f3n espec\u00edfica de alg\u00fan veh\u00edculo de la F\u00f3rmula 1. Juan Antonio tambi\u00e9n elabora orquestas en miniatura. Esta creaci\u00f3n puede incluir hasta 23 m\u00fasicos con diferentes instrumentos. Tambi\u00e9n hace procesiones minis, muy tradicionales para Antigua Guatemala durante\u00a0<a style=\"text-align: var(--text-align);\" href=\"https:\/\/soymigrante.com\/revista\/semana-santa-guatemalteca-via-crucis-infantil-huehuetenango\/\" target=\"_blank\" rel=\"noopener\">la Semana Santa.<\/a><\/p>\t\t\t\t\t\t\t\t<\/div>\n\t\t\t\t\t<\/div>\n\t\t\t\t<\/div>\n\t\t<div data-particle_enable=\"false\" data-particle-mobile-disabled=\"false\" class=\"elementor-element elementor-element-61f2634 e-flex e-con-boxed e-con e-parent\" data-id=\"61f2634\" data-element_type=\"container\" data-e-type=\"container\">\n\t\t\t\t\t<div class=\"e-con-inner\">\n\t\t\t\t<div class=\"elementor-element elementor-element-5224854 elementor-widget elementor-widget-image\" data-id=\"5224854\" data-element_type=\"widget\" data-e-type=\"widget\" data-widget_type=\"image.default\">\n\t\t\t\t\t\t\t\t\t\t\t\t\t\t\t\t<a href=\"https:\/\/soymigrante.com\/mercado\/marketplace\/seller\/profile\/alumin-art-arteenalambre\">\n\t\t\t\t\t\t\t<img decoding=\"async\" width=\"768\" height=\"344\" src=\"https:\/\/soymigrante.com\/revista\/wp-content\/uploads\/2024\/11\/ARTE-A-MANO-1-1024x459.jpg\" class=\"attachment-large size-large wp-image-12697\" alt=\"Alumin-Art arte en alambre, esculturas hechas con alambre pintado y dise\u00f1o artesanal, creada en Guatemala, perfecta como decoraci\u00f3n y regalo \u00fanico con estilo artesanal y contempor\u00e1neo.\" srcset=\"https:\/\/soymigrante.com\/revista\/wp-content\/uploads\/2024\/11\/ARTE-A-MANO-1-1024x459.jpg 1024w, https:\/\/soymigrante.com\/revista\/wp-content\/uploads\/2024\/11\/ARTE-A-MANO-1-300x134.webp 300w, https:\/\/soymigrante.com\/revista\/wp-content\/uploads\/2024\/11\/ARTE-A-MANO-1-768x344.jpg 768w, https:\/\/soymigrante.com\/revista\/wp-content\/uploads\/2024\/11\/ARTE-A-MANO-1-750x336.webp 750w, https:\/\/soymigrante.com\/revista\/wp-content\/uploads\/2024\/11\/ARTE-A-MANO-1-1140x511.jpg 1140w, https:\/\/soymigrante.com\/revista\/wp-content\/uploads\/2024\/11\/ARTE-A-MANO-1.webp 1345w\" sizes=\"(max-width: 768px) 100vw, 768px\" title=\"ARTE A MANO \u2013 SoyMigrante.com REVISTA\" \/>\t\t\t\t\t\t\t\t<\/a>\n\t\t\t\t\t\t\t\t\t\t\t\t\t\t\t<\/div>\n\t\t\t\t\t<\/div>\n\t\t\t\t<\/div>\n\t\t<div data-particle_enable=\"false\" data-particle-mobile-disabled=\"false\" class=\"elementor-element elementor-element-d9d296d e-flex e-con-boxed e-con e-parent\" data-id=\"d9d296d\" data-element_type=\"container\" data-e-type=\"container\">\n\t\t\t\t\t<div class=\"e-con-inner\">\n\t\t\t\t<div class=\"elementor-element elementor-element-44f6b82 elementor-align-center elementor-widget elementor-widget-global elementor-global-14402 elementor-widget-button\" data-id=\"44f6b82\" data-element_type=\"widget\" data-e-type=\"widget\" data-widget_type=\"button.default\">\n\t\t\t\t\t\t\t\t\t\t<a class=\"elementor-button elementor-button-link elementor-size-sm\" href=\"https:\/\/soymigrante.com\/mercado\/marketplace\/seller\/register\">\n\t\t\t\t\t\t<span class=\"elementor-button-content-wrapper\">\n\t\t\t\t\t\t<span class=\"elementor-button-icon\">\n\t\t\t\t<i aria-hidden=\"true\" class=\"fas fa-cart-arrow-down\"><\/i>\t\t\t<\/span>\n\t\t\t\t\t\t\t\t\t<span class=\"elementor-button-text\">\u00bfERES EMPRENDEDOR Y QUIERES ENTRAR AL COMERCIO DIGITAL? NO ESPERES M\u00c1S Y  ABRE TU TIENDA DIGITAL  EN SOYMIGRANTE.COM\/MERCADO <\/span>\n\t\t\t\t\t<\/span>\n\t\t\t\t\t<\/a>\n\t\t\t\t\t\t\t\t<\/div>\n\t\t\t\t\t<\/div>\n\t\t\t\t<\/div>\n\t\t<div data-particle_enable=\"false\" data-particle-mobile-disabled=\"false\" class=\"elementor-element elementor-element-168b550 e-flex e-con-boxed e-con e-parent\" data-id=\"168b550\" data-element_type=\"container\" data-e-type=\"container\">\n\t\t\t\t\t<div class=\"e-con-inner\">\n\t\t\t\t<div class=\"elementor-element elementor-element-b2bccb9 elementor-widget elementor-widget-heading\" data-id=\"b2bccb9\" data-element_type=\"widget\" data-e-type=\"widget\" data-widget_type=\"heading.default\">\n\t\t\t\t\t<h3 class=\"elementor-heading-title elementor-size-default\">El sue\u00f1o de ser artista se transforma \n<\/h3>\t\t\t\t<\/div>\n\t\t\t\t\t<\/div>\n\t\t\t\t<\/div>\n\t\t<div data-particle_enable=\"false\" data-particle-mobile-disabled=\"false\" class=\"elementor-element elementor-element-5026d2a e-flex e-con-boxed e-con e-parent\" data-id=\"5026d2a\" data-element_type=\"container\" data-e-type=\"container\">\n\t\t\t\t\t<div class=\"e-con-inner\">\n\t\t\t\t<div class=\"elementor-element elementor-element-fb12942 elementor-widget elementor-widget-text-editor\" data-id=\"fb12942\" data-element_type=\"widget\" data-e-type=\"widget\" data-widget_type=\"text-editor.default\">\n\t\t\t\t\t\t\t\t\t<p>A Juan Antonio Escobar Larios siempre le ha apasionado el arte. En su ni\u00f1ez anhelaba ser pintor. Ante la situaci\u00f3n econ\u00f3mica familiar le fue imposible estudiar esa \u00e1rea. Ten\u00eda habilidad para crear piezas con duroport, globoflexia, entre otros. Cuando ten\u00eda 27 a\u00f1os su madre le motiv\u00f3 para elaborar piezas con alambre y comercializarlas.\u00a0<\/p><p>Fue para una fiesta del 15 de agosto en Jocotenango,<a href=\"https:\/\/soymigrante.com\/revista\/tantas-parejas-suenan-con-celebrar-sus-bodas-en-antigua-guatemala\/\" target=\"_blank\" rel=\"noopener\"> Antigua Guatemala,<\/a>\u00a0que se anim\u00f3 vender sus creaciones. Solo en un d\u00eda de venta obtuvo Q1,400.00. Para el lunes siguiente, Juan Antonio decidi\u00f3 renunciar a su trabajo y as\u00ed dedicarse de lleno a la nueva oportunidad que le ofrec\u00eda sus creaciones a base de alambre.<\/p><p>El artesano antig\u00fce\u00f1o explica que sus creaciones han llamado mucho la atenci\u00f3n, sobre todo, al turismo extranjero. Gracias al apoyo de la Asociaci\u00f3n de Artesanos en Antigua, Juan Antonio ha podido mostrar sus creaciones desde Alumin Art 128, incluso, durante participaciones en Nicaragua y El Salvador, como parte de las delegaciones de artesanos guatemaltecos que han participado en ferias comerciales.<\/p>\t\t\t\t\t\t\t\t<\/div>\n\t\t\t\t\t<\/div>\n\t\t\t\t<\/div>\n\t\t<div data-particle_enable=\"false\" data-particle-mobile-disabled=\"false\" class=\"elementor-element elementor-element-2fb416b e-flex e-con-boxed e-con e-parent\" data-id=\"2fb416b\" data-element_type=\"container\" data-e-type=\"container\">\n\t\t\t\t\t<div class=\"e-con-inner\">\n\t\t\t\t<div class=\"elementor-element elementor-element-e332c91 elementor-widget elementor-widget-video\" data-id=\"e332c91\" data-element_type=\"widget\" data-e-type=\"widget\" data-settings=\"{&quot;video_type&quot;:&quot;hosted&quot;,&quot;controls&quot;:&quot;yes&quot;}\" data-widget_type=\"video.default\">\n\t\t\t\t\t\t\t<div class=\"e-hosted-video elementor-wrapper elementor-open-inline\">\n\t\t\t\t\t<video class=\"elementor-video\" src=\"https:\/\/soymigrante.com\/revista\/wp-content\/uploads\/2024\/10\/ALUMIN-ART-128-VIDEO.mp4\" controls=\"\" preload=\"metadata\" controlsList=\"nodownload\"><\/video>\n\t\t\t\t<\/div>\n\t\t\t\t\t\t<\/div>\n\t\t\t\t\t<\/div>\n\t\t\t\t<\/div>\n\t\t<div data-particle_enable=\"false\" data-particle-mobile-disabled=\"false\" class=\"elementor-element elementor-element-f7d76e7 e-flex e-con-boxed e-con e-parent\" data-id=\"f7d76e7\" data-element_type=\"container\" data-e-type=\"container\">\n\t\t\t\t\t<div class=\"e-con-inner\">\n\t\t\t\t<div class=\"elementor-element elementor-element-9584443 elementor-widget elementor-widget-text-editor\" data-id=\"9584443\" data-element_type=\"widget\" data-e-type=\"widget\" data-widget_type=\"text-editor.default\">\n\t\t\t\t\t\t\t\t\t<p>\u201cEs bastante bonito trabajar el alambre. A las personas les llama mucho la atenci\u00f3n de c\u00f3mo lo elaboro debido a la velocidad. Trabajo con habilidad y paciencia, sobre todo con habilidad. Muchos de mis clientes son del extranjero. Los guatemaltecos no compran tanto mi trabajo como lo hace el extranjero. El extranjero ve una pieza y la asemeja con alg\u00fan familiar, se ven reflejados y luego surge en pedir una pieza en especial\u201d, refiere Juan Antonio.<\/p>\t\t\t\t\t\t\t\t<\/div>\n\t\t\t\t\t<\/div>\n\t\t\t\t<\/div>\n\t\t<div data-particle_enable=\"false\" data-particle-mobile-disabled=\"false\" class=\"elementor-element elementor-element-d208441 e-flex e-con-boxed e-con e-parent\" data-id=\"d208441\" data-element_type=\"container\" data-e-type=\"container\">\n\t\t\t\t\t<div class=\"e-con-inner\">\n\t\t\t\t<div class=\"elementor-element elementor-element-7609231 elementor-arrows-position-inside elementor-pagination-position-outside elementor-widget elementor-widget-image-carousel\" data-id=\"7609231\" data-element_type=\"widget\" data-e-type=\"widget\" data-settings=\"{&quot;slides_to_show&quot;:&quot;1&quot;,&quot;navigation&quot;:&quot;both&quot;,&quot;autoplay&quot;:&quot;yes&quot;,&quot;pause_on_hover&quot;:&quot;yes&quot;,&quot;pause_on_interaction&quot;:&quot;yes&quot;,&quot;autoplay_speed&quot;:5000,&quot;infinite&quot;:&quot;yes&quot;,&quot;effect&quot;:&quot;slide&quot;,&quot;speed&quot;:500}\" data-widget_type=\"image-carousel.default\">\n\t\t\t\t\t\t\t<div class=\"elementor-image-carousel-wrapper swiper\" role=\"region\" aria-roledescription=\"carousel\" aria-label=\"Carrusel de im\u00e1genes\" dir=\"ltr\">\n\t\t\t<div class=\"elementor-image-carousel swiper-wrapper\" aria-live=\"off\">\n\t\t\t\t\t\t\t\t<div class=\"swiper-slide\" role=\"group\" aria-roledescription=\"slide\" aria-label=\"1 de 8\"><figure class=\"swiper-slide-inner\"><img decoding=\"async\" class=\"swiper-slide-image\" src=\"https:\/\/soymigrante.com\/revista\/wp-content\/uploads\/2024\/10\/alambre-piezas-10.webp\" alt=\"Migrante arte artesanal figura de lata reciclada con guitarra y letras coloridas dedicada a Marely en Revista SoyMigrante.com.\" \/><\/figure><\/div><div class=\"swiper-slide\" role=\"group\" aria-roledescription=\"slide\" aria-label=\"2 de 8\"><figure class=\"swiper-slide-inner\"><img decoding=\"async\" class=\"swiper-slide-image\" src=\"https:\/\/soymigrante.com\/revista\/wp-content\/uploads\/2024\/10\/alambre-piezas9.webp\" alt=\"Music lover figurine with guitar, microphone, and musical notes under a glass dome, representing a passion for music and musical talent.\" \/><\/figure><\/div><div class=\"swiper-slide\" role=\"group\" aria-roledescription=\"slide\" aria-label=\"3 de 8\"><figure class=\"swiper-slide-inner\"><img decoding=\"async\" class=\"swiper-slide-image\" src=\"https:\/\/soymigrante.com\/revista\/wp-content\/uploads\/2024\/10\/alambre-piezas8.webp\" alt=\"Ferrari miniatura en base de madera con escudo y triciclo en miniatura, exhibido en la revista SoyMigrante.com REVISTA, destacando temas de cultura, comunidad y migrantes en un entorno art\u00edstico y colorido.\" \/><\/figure><\/div><div class=\"swiper-slide\" role=\"group\" aria-roledescription=\"slide\" aria-label=\"4 de 8\"><figure class=\"swiper-slide-inner\"><img decoding=\"async\" class=\"swiper-slide-image\" src=\"https:\/\/soymigrante.com\/revista\/wp-content\/uploads\/2024\/10\/alambre-piezas5.webp\" alt=\"Figura artesanal de un acr\u00f3bata con cuerda en una esfera de cristal, exhibida como pieza decorativa o art\u00edstica en un centro cultural o de arte.\" \/><\/figure><\/div><div class=\"swiper-slide\" role=\"group\" aria-roledescription=\"slide\" aria-label=\"5 de 8\"><figure class=\"swiper-slide-inner\"><img decoding=\"async\" class=\"swiper-slide-image\" src=\"https:\/\/soymigrante.com\/revista\/wp-content\/uploads\/2024\/10\/alambres-pieza7.webp\" alt=\"Jovenes con mensajes de amor y amistad en una caja de cristal decorada, ideal para regalar en ocasiones especiales, simbolizando cari\u00f1o y uni\u00f3n.\" \/><\/figure><\/div><div class=\"swiper-slide\" role=\"group\" aria-roledescription=\"slide\" aria-label=\"6 de 8\"><figure class=\"swiper-slide-inner\"><img decoding=\"async\" class=\"swiper-slide-image\" src=\"https:\/\/soymigrante.com\/revista\/wp-content\/uploads\/2024\/10\/alambres-piezas6.webp\" alt=\"Mol\u00e9cula de lat\u00f3n y pl\u00e1stico decorativa en forma de figura art\u00edstica bajo una c\u00fapula de cristal sobre base de madera.\" \/><\/figure><\/div><div class=\"swiper-slide\" role=\"group\" aria-roledescription=\"slide\" aria-label=\"7 de 8\"><figure class=\"swiper-slide-inner\"><img decoding=\"async\" class=\"swiper-slide-image\" src=\"https:\/\/soymigrante.com\/revista\/wp-content\/uploads\/2024\/10\/alambre-piezas4.webp\" alt=\"Mu\u00f1eco de cristal con ladrones y abejas decorativas en caja de madera para celebraci\u00f3n de cumplea\u00f1os.\" \/><\/figure><\/div><div class=\"swiper-slide\" role=\"group\" aria-roledescription=\"slide\" aria-label=\"8 de 8\"><figure class=\"swiper-slide-inner\"><img decoding=\"async\" class=\"swiper-slide-image\" src=\"https:\/\/soymigrante.com\/revista\/wp-content\/uploads\/2024\/10\/alambre-piezas3.webp\" alt=\"Cr\u00e1neo de cristal con figura artesanal y elementos de recuerdo en una base de madera, s\u00edmbolo de memoria y cultura en las comunidades migrantes mexicanas.\" \/><\/figure><\/div>\t\t\t<\/div>\n\t\t\t\t\t\t\t\t\t\t\t\t<div class=\"elementor-swiper-button elementor-swiper-button-prev\" role=\"button\" tabindex=\"0\">\n\t\t\t\t\t\t<i aria-hidden=\"true\" class=\"eicon-chevron-left\"><\/i>\t\t\t\t\t<\/div>\n\t\t\t\t\t<div class=\"elementor-swiper-button elementor-swiper-button-next\" role=\"button\" tabindex=\"0\">\n\t\t\t\t\t\t<i aria-hidden=\"true\" class=\"eicon-chevron-right\"><\/i>\t\t\t\t\t<\/div>\n\t\t\t\t\n\t\t\t\t\t\t\t\t\t<div class=\"swiper-pagination\"><\/div>\n\t\t\t\t\t\t\t\t\t<\/div>\n\t\t\t\t\t\t<\/div>\n\t\t\t\t\t<\/div>\n\t\t\t\t<\/div>\n\t\t<div data-particle_enable=\"false\" data-particle-mobile-disabled=\"false\" class=\"elementor-element elementor-element-fd4f246 e-flex e-con-boxed e-con e-parent\" data-id=\"fd4f246\" data-element_type=\"container\" data-e-type=\"container\">\n\t\t\t\t\t<div class=\"e-con-inner\">\n\t\t\t\t<div class=\"elementor-element elementor-element-4973ba1 elementor-widget elementor-widget-heading\" data-id=\"4973ba1\" data-element_type=\"widget\" data-e-type=\"widget\" data-widget_type=\"heading.default\">\n\t\t\t\t\t<h3 class=\"elementor-heading-title elementor-size-default\">MERCADO, una plataforma para emprendedores<\/h3>\t\t\t\t<\/div>\n\t\t\t\t\t<\/div>\n\t\t\t\t<\/div>\n\t\t<div data-particle_enable=\"false\" data-particle-mobile-disabled=\"false\" class=\"elementor-element elementor-element-93def2f e-flex e-con-boxed e-con e-parent\" data-id=\"93def2f\" data-element_type=\"container\" data-e-type=\"container\">\n\t\t\t\t\t<div class=\"e-con-inner\">\n\t\t\t\t<div class=\"elementor-element elementor-element-4df102f elementor-grid-eael-col-3 elementor-grid-tablet-eael-col-2 elementor-grid-mobile-eael-col-1 elementor-widget elementor-widget-eael-post-grid\" data-id=\"4df102f\" data-element_type=\"widget\" data-e-type=\"widget\" data-settings=\"{&quot;eael_post_grid_columns&quot;:&quot;eael-col-3&quot;,&quot;eael_post_grid_columns_tablet&quot;:&quot;eael-col-2&quot;,&quot;eael_post_grid_columns_mobile&quot;:&quot;eael-col-1&quot;}\" data-widget_type=\"eael-post-grid.default\">\n\t\t\t\t\t<div id=\"eael-post-grid-4df102f\" class=\"eael-post-grid-container\">\n            <div class=\"eael-post-grid eael-post-appender eael-post-appender-4df102f eael-post-grid-style-one\" data-layout-mode=\"masonry\"><article class=\"eael-grid-post  eael-post-grid-column eael-pg-post-11094 category-guate-nuestra tags-mercado-emprendedores\" data-id=\"11094\">\n        <div class=\"eael-grid-post-holder\">\n            <div class=\"eael-grid-post-holder-inner\"><div class=\"eael-entry-media\"><div class=\"eael-entry-overlay fade-in\"><i class=\"far fa-hand-pointer\" aria-hidden=\"true\"><\/i><a href=\"https:\/\/soymigrante.com\/revista\/emprendedora-lilia-rojas-elabora-joyas-con-creatividad-marca-livero\/\"><\/a><\/div><div class=\"eael-entry-thumbnail \">\n                <img decoding=\"async\" width=\"690\" height=\"690\" src=\"https:\/\/soymigrante.com\/revista\/wp-content\/uploads\/2024\/11\/livero-lilia-rojas.webp\" class=\"attachment-large size-large wp-image-12312\" alt=\"Vera artesan\u00eda de collar y pulsera con piedras turquoise y madera en tonos marr\u00f3n y azul. Accesorios artesanales \u00fanicos hechos a mano para estilo bohemio y \u00e9tnico.\" srcset=\"https:\/\/soymigrante.com\/revista\/wp-content\/uploads\/2024\/11\/livero-lilia-rojas.webp 690w, https:\/\/soymigrante.com\/revista\/wp-content\/uploads\/2024\/11\/livero-lilia-rojas-300x300.webp 300w, https:\/\/soymigrante.com\/revista\/wp-content\/uploads\/2024\/11\/livero-lilia-rojas-150x150.webp 150w, https:\/\/soymigrante.com\/revista\/wp-content\/uploads\/2024\/11\/livero-lilia-rojas-75x75.webp 75w\" sizes=\"(max-width: 690px) 100vw, 690px\" \/>\n            <\/div>\n        <\/div><div class=\"eael-entry-wrapper\"><header class=\"eael-entry-header\"><h2 class=\"eael-entry-title\"><a class=\"eael-grid-post-link\" href=\"https:\/\/soymigrante.com\/revista\/emprendedora-lilia-rojas-elabora-joyas-con-creatividad-marca-livero\/\" title=\"Emprendedora Lilia Rojas libera su creatividad con joyas artesanales Livero\">Emprendedora Lilia Rojas libera su creatividad con joyas artesanales Livero<\/a><\/h2><\/header><div class=\"eael-entry-content\">\n                        <div class=\"eael-grid-post-excerpt\"><a href=\"https:\/\/soymigrante.com\/revista\/emprendedora-lilia-rojas-elabora-joyas-con-creatividad-marca-livero\/\" class=\"eael-post-elements-readmore-btn\">CONOCE SU HISTORIA <\/a><\/div>\n                    <\/div><\/div><\/div>\n        <\/div>\n    <\/article><article class=\"eael-grid-post  eael-post-grid-column eael-pg-post-10732 category-guate-nuestra tags-mercado-emprendedores\" data-id=\"10732\">\n        <div class=\"eael-grid-post-holder\">\n            <div class=\"eael-grid-post-holder-inner\"><div class=\"eael-entry-media\"><div class=\"eael-entry-overlay fade-in\"><i class=\"far fa-hand-pointer\" aria-hidden=\"true\"><\/i><a href=\"https:\/\/soymigrante.com\/revista\/maderas-grissell-de-la-familia-oxom-crea-muebles-y-piezas-decorativas-en-coban\/\"><\/a><\/div><div class=\"eael-entry-thumbnail \">\n                <img loading=\"lazy\" decoding=\"async\" width=\"750\" height=\"750\" src=\"https:\/\/soymigrante.com\/revista\/wp-content\/uploads\/2024\/10\/grissell-coban.webp\" class=\"attachment-large size-large wp-image-10972\" alt=\"Espejo de pie de madera, art\u00edculos de decoraci\u00f3n y accesorios para ba\u00f1os en un espacio comercial. Muestra productos de est\u00e9tica, mobiliario y art\u00edculos de higiene personal.\" srcset=\"https:\/\/soymigrante.com\/revista\/wp-content\/uploads\/2024\/10\/grissell-coban.webp 750w, https:\/\/soymigrante.com\/revista\/wp-content\/uploads\/2024\/10\/grissell-coban-300x300.webp 300w, https:\/\/soymigrante.com\/revista\/wp-content\/uploads\/2024\/10\/grissell-coban-150x150.webp 150w, https:\/\/soymigrante.com\/revista\/wp-content\/uploads\/2024\/10\/grissell-coban-75x75.webp 75w\" sizes=\"(max-width: 750px) 100vw, 750px\" \/>\n            <\/div>\n        <\/div><div class=\"eael-entry-wrapper\"><header class=\"eael-entry-header\"><h2 class=\"eael-entry-title\"><a class=\"eael-grid-post-link\" href=\"https:\/\/soymigrante.com\/revista\/maderas-grissell-de-la-familia-oxom-crea-muebles-y-piezas-decorativas-en-coban\/\" title=\"Familia Oxom crea muebles y piezas decorativas en Maderas Gryssell que ya est\u00e1 en MERCADO\">Familia Oxom crea muebles y piezas decorativas en Maderas Gryssell que ya est\u00e1 en MERCADO<\/a><\/h2><\/header><div class=\"eael-entry-content\">\n                        <div class=\"eael-grid-post-excerpt\"><a href=\"https:\/\/soymigrante.com\/revista\/maderas-grissell-de-la-familia-oxom-crea-muebles-y-piezas-decorativas-en-coban\/\" class=\"eael-post-elements-readmore-btn\">CONOCE SU HISTORIA <\/a><\/div>\n                    <\/div><\/div><\/div>\n        <\/div>\n    <\/article><article class=\"eael-grid-post  eael-post-grid-column eael-pg-post-10683 category-guate-nuestra tags-mercado-emprendedores\" data-id=\"10683\">\n        <div class=\"eael-grid-post-holder\">\n            <div class=\"eael-grid-post-holder-inner\"><div class=\"eael-entry-media\"><div class=\"eael-entry-overlay fade-in\"><i class=\"far fa-hand-pointer\" aria-hidden=\"true\"><\/i><a href=\"https:\/\/soymigrante.com\/revista\/tejido-con-el-mismo-carino-de-la-abuelita-el-emprendimiento-crochet-con-amor\/\"><\/a><\/div><div class=\"eael-entry-thumbnail \">\n                <img loading=\"lazy\" decoding=\"async\" width=\"670\" height=\"661\" src=\"https:\/\/soymigrante.com\/revista\/wp-content\/uploads\/2024\/10\/crochet-con-amor-2.webp\" class=\"attachment-large size-large wp-image-10687\" alt=\"Vocales de flores en maceteros tejidos a mano, exposici\u00f3n de artesanalidades durante evento cultural, artistas creando obras de arte en crochet, mercado de artesan\u00edas tradicionales, t\u00e9cnicas de tejido en lana natural, eventos culturales en SoyMigrante.com REVISTA.\" srcset=\"https:\/\/soymigrante.com\/revista\/wp-content\/uploads\/2024\/10\/crochet-con-amor-2.webp 670w, https:\/\/soymigrante.com\/revista\/wp-content\/uploads\/2024\/10\/crochet-con-amor-2-300x296.webp 300w, https:\/\/soymigrante.com\/revista\/wp-content\/uploads\/2024\/10\/crochet-con-amor-2-75x75.webp 75w\" sizes=\"(max-width: 670px) 100vw, 670px\" \/>\n            <\/div>\n        <\/div><div class=\"eael-entry-wrapper\"><header class=\"eael-entry-header\"><h2 class=\"eael-entry-title\"><a class=\"eael-grid-post-link\" href=\"https:\/\/soymigrante.com\/revista\/tejido-con-el-mismo-carino-de-la-abuelita-el-emprendimiento-crochet-con-amor\/\" title=\"Tejido con el mismo cari\u00f1o de la abuelita: el emprendimiento Crochet con Amor\">Tejido con el mismo cari\u00f1o de la abuelita: el emprendimiento Crochet con Amor<\/a><\/h2><\/header><div class=\"eael-entry-content\">\n                        <div class=\"eael-grid-post-excerpt\"><a href=\"https:\/\/soymigrante.com\/revista\/tejido-con-el-mismo-carino-de-la-abuelita-el-emprendimiento-crochet-con-amor\/\" class=\"eael-post-elements-readmore-btn\">CONOCE SU HISTORIA <\/a><\/div>\n                    <\/div><\/div><\/div>\n        <\/div>\n    <\/article><\/div>\n            <div class=\"clearfix\"><\/div>\n        <\/div>\t\t\t\t<\/div>\n\t\t\t\t\t<\/div>\n\t\t\t\t<\/div>\n\t\t\t\t<\/div>\n\t\t","protected":false},"excerpt":{"rendered":"<p>Juan Antonio Escobar Larios no logr\u00f3 estudiar arte por razones econ\u00f3micas, pero su creatividad hall\u00f3 otro camino: elabor\u00f3 figuras con globos y duroport. Un d\u00eda, su mam\u00e1 le di\u00f3 una idea: \u00bfPor qu\u00e9 no haces art\u00edculos con alambre? As\u00ed naci\u00f3 Alumin-Art, emprendimiento ahora presente en SoyMigrante.com MERCADO. En Alumin-Art Juan Antonio Escobar Larios te\u00a0puede elaborar [&hellip;]<\/p>\n","protected":false},"author":23,"featured_media":11035,"comment_status":"open","ping_status":"open","sticky":false,"template":"","format":"standard","meta":{"_acf_changed":false,"_eb_attr":"","footnotes":""},"categories":[58],"tags":[130],"class_list":["post-11002","post","type-post","status-publish","format-standard","has-post-thumbnail","hentry","category-guate-nuestra","tag-mercado-emprendedores"],"acf":[],"aioseo_notices":[],"aioseo_head":"\n\t\t<!-- All in One SEO Pro 4.9.6.2 - aioseo.com -->\n\t<meta name=\"description\" content=\"La emprendedora Claudia Garc\u00eda aprendi\u00f3 de ni\u00f1a a tejer con su abuelita Elizabeth. Aquella habilidad es hoy el hilo de un arte a la venta en SoyMigrante MERCADO\" \/>\n\t<meta name=\"robots\" content=\"max-snippet:-1, max-image-preview:large, max-video-preview:-1\" \/>\n\t<meta name=\"author\" content=\"Gustavo Montenegro\"\/>\n\t<link rel=\"canonical\" href=\"https:\/\/soymigrante.com\/revista\/tejido-con-el-mismo-carino-de-la-abuelita-el-emprendimiento-crochet-con-amor\/\" \/>\n\t<meta name=\"generator\" content=\"All in One SEO Pro (AIOSEO) 4.9.6.2\" \/>\n\n\t\t<link rel=\"preconnect\" href=\"https:\/\/fonts.googleapis.com\" crossorigin>\n<link rel=\"preconnect\" href=\"https:\/\/fonts.gstatic.com\" crossorigin>\n\t\t<meta property=\"og:locale\" content=\"es_ES\" \/>\n\t\t<meta property=\"og:site_name\" content=\"SoyMigrante.com REVISTA \u2013 Nuestra misi\u00f3n es reconocer y dignificar al migrante.\" \/>\n\t\t<meta property=\"og:type\" content=\"article\" \/>\n\t\t<meta property=\"og:title\" content=\"Tejido con cari\u00f1o de la abuelita: Crochet con Amor\" \/>\n\t\t<meta property=\"og:description\" content=\"La emprendedora Claudia Garc\u00eda aprendi\u00f3 de ni\u00f1a a tejer con su abuelita Elizabeth. Aquella habilidad es hoy el hilo de un arte a la venta en SoyMigrante MERCADO\" \/>\n\t\t<meta property=\"og:url\" content=\"https:\/\/soymigrante.com\/revista\/tejido-con-el-mismo-carino-de-la-abuelita-el-emprendimiento-crochet-con-amor\/\" \/>\n\t\t<meta property=\"og:image\" content=\"https:\/\/soymigrante.com\/revista\/wp-content\/uploads\/2024\/10\/crochet-con-amor-2.webp\" \/>\n\t\t<meta property=\"og:image:secure_url\" content=\"https:\/\/soymigrante.com\/revista\/wp-content\/uploads\/2024\/10\/crochet-con-amor-2.webp\" \/>\n\t\t<meta property=\"og:image:width\" content=\"670\" \/>\n\t\t<meta property=\"og:image:height\" content=\"661\" \/>\n\t\t<meta property=\"article:published_time\" content=\"2024-10-25T18:53:11+00:00\" \/>\n\t\t<meta property=\"article:modified_time\" content=\"2025-07-21T17:43:40+00:00\" \/>\n\t\t<meta property=\"article:publisher\" content=\"https:\/\/www.facebook.com\/soymigrantecom\" \/>\n\t\t<meta name=\"twitter:card\" content=\"summary_large_image\" \/>\n\t\t<meta name=\"twitter:site\" content=\"@SoyMigrante_com\" \/>\n\t\t<meta name=\"twitter:title\" content=\"Tejido con cari\u00f1o de la abuelita: Crochet con Amor\" \/>\n\t\t<meta name=\"twitter:description\" content=\"La emprendedora Claudia Garc\u00eda aprendi\u00f3 de ni\u00f1a a tejer con su abuelita Elizabeth. Aquella habilidad es hoy el hilo de un arte a la venta en SoyMigrante MERCADO\" \/>\n\t\t<meta name=\"twitter:creator\" content=\"@SoyMigrante_com\" \/>\n\t\t<meta name=\"twitter:image\" content=\"https:\/\/soymigrante.com\/revista\/wp-content\/uploads\/2024\/10\/crochet-con-amor-2.webp\" \/>\n\t\t<!-- All in One SEO Pro -->\r\n\t\t<title>Tejido con cari\u00f1o de la abuelita: Crochet con Amor<\/title>\n\n","aioseo_head_json":{"title":"Tejido con cari\u00f1o de la abuelita: Crochet con Amor","description":"La emprendedora Claudia Garc\u00eda aprendi\u00f3 de ni\u00f1a a tejer con su abuelita Elizabeth. Aquella habilidad es hoy el hilo de un arte a la venta en SoyMigrante MERCADO","canonical_url":"https:\/\/soymigrante.com\/revista\/tejido-con-el-mismo-carino-de-la-abuelita-el-emprendimiento-crochet-con-amor\/","robots":"max-snippet:-1, max-image-preview:large, max-video-preview:-1","keywords":"","webmasterTools":{"miscellaneous":"&lt;link rel=\"preconnect\" href=\"https:\/\/fonts.googleapis.com\" crossorigin&gt;\n&lt;link rel=\"preconnect\" href=\"https:\/\/fonts.gstatic.com\" crossorigin&gt;"},"schema":null,"og:locale":"es_ES","og:site_name":"SoyMigrante.com REVISTA \u2013 Nuestra misi\u00f3n es reconocer y dignificar al migrante.","og:type":"article","og:title":"Tejido con cari\u00f1o de la abuelita: Crochet con Amor","og:description":"La emprendedora Claudia Garc\u00eda aprendi\u00f3 de ni\u00f1a a tejer con su abuelita Elizabeth. Aquella habilidad es hoy el hilo de un arte a la venta en SoyMigrante MERCADO","og:url":"https:\/\/soymigrante.com\/revista\/tejido-con-el-mismo-carino-de-la-abuelita-el-emprendimiento-crochet-con-amor\/","og:image":"https:\/\/soymigrante.com\/revista\/wp-content\/uploads\/2024\/10\/crochet-con-amor-2.webp","og:image:secure_url":"https:\/\/soymigrante.com\/revista\/wp-content\/uploads\/2024\/10\/crochet-con-amor-2.webp","og:image:width":670,"og:image:height":661,"article:published_time":"2024-10-25T18:53:11+00:00","article:modified_time":"2025-07-21T17:43:40+00:00","article:publisher":"https:\/\/www.facebook.com\/soymigrantecom","twitter:card":"summary_large_image","twitter:site":"@SoyMigrante_com","twitter:title":"Tejido con cari\u00f1o de la abuelita: Crochet con Amor","twitter:description":"La emprendedora Claudia Garc\u00eda aprendi\u00f3 de ni\u00f1a a tejer con su abuelita Elizabeth. Aquella habilidad es hoy el hilo de un arte a la venta en SoyMigrante MERCADO","twitter:creator":"@SoyMigrante_com","twitter:image":"https:\/\/soymigrante.com\/revista\/wp-content\/uploads\/2024\/10\/crochet-con-amor-2.webp"},"aioseo_meta_data":{"post_id":"11002","title":"Alumin-Art crea creativas figuras a base de alambre","description":"Cada pieza de Alumin-Art tiene el sello creativo de Juan Antonio Escobar Larios: un artista cuyo medio de expresi\u00f3n es alambre, convertido en fant\u00e1sticas figuras","keywords":null,"keyphrases":{"focus":{"keyphrase":"Emprendedor","score":37,"analysis":{"keyphraseInTitle":{"score":3,"maxScore":9,"error":1},"keyphraseInDescription":{"score":3,"maxScore":9,"error":1},"keyphraseLength":{"score":9,"maxScore":9,"error":0,"length":1},"keyphraseInURL":{"score":1,"maxScore":5,"error":1},"keyphraseInIntroduction":{"score":3,"maxScore":9,"error":1},"keyphraseInSubHeadings":{"score":3,"maxScore":9,"error":1},"keyphraseInImageAlt":{"score":3,"maxScore":9,"error":1},"keywordDensity":{"score":0,"type":"low","maxScore":9,"error":1}}},"additional":[{"keyphrase":"Emprendedores","score":40,"analysis":{"keyphraseInDescription":{"score":3,"maxScore":9,"error":1},"keyphraseLength":{"score":9,"maxScore":9,"error":0,"length":1},"keyphraseInIntroduction":{"score":3,"maxScore":9,"error":1},"keyphraseInImageAlt":{"score":3,"maxScore":9,"error":1},"keywordDensity":{"score":0,"type":"low","maxScore":9,"error":1}}},{"keyphrase":"Soymigrante.com\/MERCADO","score":40,"analysis":{"keyphraseInDescription":{"score":3,"maxScore":9,"error":1},"keyphraseLength":{"score":9,"maxScore":9,"error":0,"length":1},"keyphraseInIntroduction":{"score":3,"maxScore":9,"error":1},"keyphraseInImageAlt":{"score":3,"maxScore":9,"error":1},"keywordDensity":{"score":0,"type":"low","maxScore":9,"error":1}}}]},"primary_term":null,"canonical_url":null,"og_title":null,"og_description":null,"og_object_type":"default","og_image_type":"default","og_image_url":null,"og_image_width":null,"og_image_height":null,"og_image_custom_url":null,"og_image_custom_fields":null,"og_video":"","og_custom_url":null,"og_article_section":null,"og_article_tags":null,"twitter_use_og":false,"twitter_card":"default","twitter_image_type":"default","twitter_image_url":null,"twitter_image_custom_url":null,"twitter_image_custom_fields":null,"twitter_title":null,"twitter_description":null,"schema":{"blockGraphs":[],"customGraphs":[],"default":{"data":{"Article":[],"Course":[],"Dataset":[],"FAQPage":[],"Movie":[],"Person":[],"Product":[],"ProductReview":[],"Car":[],"Recipe":[],"Service":[],"SoftwareApplication":[],"WebPage":[]},"graphName":"Article","isEnabled":true},"graphs":[]},"schema_type":"default","schema_type_options":null,"pillar_content":false,"robots_default":true,"robots_noindex":false,"robots_noarchive":false,"robots_nosnippet":false,"robots_nofollow":false,"robots_noimageindex":false,"robots_noodp":false,"robots_notranslate":false,"robots_max_snippet":"-1","robots_max_videopreview":"-1","robots_max_imagepreview":"large","priority":null,"frequency":"default","local_seo":null,"seo_analyzer_scan_date":"2025-10-09 00:16:28","breadcrumb_settings":null,"limit_modified_date":false,"reviewed_by":null,"open_ai":"{\"title\":{\"suggestions\":[],\"usage\":0},\"description\":{\"suggestions\":[],\"usage\":0}}","ai":null,"created":"2024-10-30 22:42:26","updated":"2026-02-04 16:30:08"},"aioseo_breadcrumb":"<div class=\"aioseo-breadcrumbs\"><span class=\"aioseo-breadcrumb\">\n\t<a href=\"https:\/\/soymigrante.com\/revista\" title=\"Home\">Home<\/a>\n<\/span><span class=\"aioseo-breadcrumb-separator\">\u00bb<\/span><span class=\"aioseo-breadcrumb\">\n\t<a href=\"https:\/\/soymigrante.com\/revista\/category\/guate-nuestra\/\" title=\"Guate Nuestra\">Guate Nuestra<\/a>\n<\/span><span class=\"aioseo-breadcrumb-separator\">\u00bb<\/span><span class=\"aioseo-breadcrumb\">\n\tAlumin-Art transforma el alambre en creativas figuras y recuerdos con nombre\n<\/span><\/div>","aioseo_breadcrumb_json":[{"label":"Home","link":"https:\/\/soymigrante.com\/revista"},{"label":"Guate Nuestra","link":"https:\/\/soymigrante.com\/revista\/category\/guate-nuestra\/"},{"label":"Alumin-Art transforma el alambre en creativas figuras y recuerdos con nombre","link":"https:\/\/soymigrante.com\/revista\/alumin-art-128-crea-pistas-de-formula-1-orquestas-o-procesiones-mini-a-base-de-alambre\/"}],"_links":{"self":[{"href":"https:\/\/soymigrante.com\/revista\/wp-json\/wp\/v2\/posts\/11002","targetHints":{"allow":["GET"]}}],"collection":[{"href":"https:\/\/soymigrante.com\/revista\/wp-json\/wp\/v2\/posts"}],"about":[{"href":"https:\/\/soymigrante.com\/revista\/wp-json\/wp\/v2\/types\/post"}],"author":[{"embeddable":true,"href":"https:\/\/soymigrante.com\/revista\/wp-json\/wp\/v2\/users\/23"}],"replies":[{"embeddable":true,"href":"https:\/\/soymigrante.com\/revista\/wp-json\/wp\/v2\/comments?post=11002"}],"version-history":[{"count":0,"href":"https:\/\/soymigrante.com\/revista\/wp-json\/wp\/v2\/posts\/11002\/revisions"}],"wp:featuredmedia":[{"embeddable":true,"href":"https:\/\/soymigrante.com\/revista\/wp-json\/wp\/v2\/media\/11035"}],"wp:attachment":[{"href":"https:\/\/soymigrante.com\/revista\/wp-json\/wp\/v2\/media?parent=11002"}],"wp:term":[{"taxonomy":"category","embeddable":true,"href":"https:\/\/soymigrante.com\/revista\/wp-json\/wp\/v2\/categories?post=11002"},{"taxonomy":"post_tag","embeddable":true,"href":"https:\/\/soymigrante.com\/revista\/wp-json\/wp\/v2\/tags?post=11002"}],"curies":[{"name":"wp","href":"https:\/\/api.w.org\/{rel}","templated":true}]}}