{"id":10958,"date":"2024-11-02T18:24:00","date_gmt":"2024-11-03T00:24:00","guid":{"rendered":"https:\/\/soymigrante.com\/revista\/?p=10958"},"modified":"2024-11-03T05:55:23","modified_gmt":"2024-11-03T11:55:23","slug":"fiambre-guatemalteco-gigante-se-preparara-en-los-angeles","status":"publish","type":"post","link":"https:\/\/soymigrante.com\/revista\/fiambre-guatemalteco-gigante-se-preparara-en-los-angeles\/","title":{"rendered":"As\u00ed se disfrut\u00f3 el Fiambre Gigante Guatemalteco 2024 en Los Angeles"},"content":{"rendered":"\t\t<div data-elementor-type=\"wp-post\" data-elementor-id=\"10958\" class=\"elementor elementor-10958\" data-elementor-post-type=\"post\">\n\t\t\t\t<div data-particle_enable=\"false\" data-particle-mobile-disabled=\"false\" class=\"elementor-element elementor-element-46ab6f5 e-flex e-con-boxed e-con e-parent\" data-id=\"46ab6f5\" data-element_type=\"container\" data-e-type=\"container\">\n\t\t\t\t\t<div class=\"e-con-inner\">\n\t\t\t\t<div class=\"elementor-element elementor-element-542ed02 elementor-widget elementor-widget-heading\" data-id=\"542ed02\" data-element_type=\"widget\" data-e-type=\"widget\" data-widget_type=\"heading.default\">\n\t\t\t\t\t<h2 class=\"elementor-heading-title elementor-size-default\">Por quinto a\u00f1o consecutivo, los migrantes guatemaltecos  prepararon y disfrutaron con hermandad y trabajo en equipo el s\u00faper Fiambre Guatemalteco Gigante en Los Angeles. Fue una verdadera fiesta de sabor y cultura.<\/h2>\t\t\t\t<\/div>\n\t\t\t\t\t<\/div>\n\t\t\t\t<\/div>\n\t\t<div data-particle_enable=\"false\" data-particle-mobile-disabled=\"false\" class=\"elementor-element elementor-element-3ea8f85 e-flex e-con-boxed e-con e-parent\" data-id=\"3ea8f85\" data-element_type=\"container\" data-e-type=\"container\">\n\t\t\t\t\t<div class=\"e-con-inner\">\n\t\t\t\t<div class=\"elementor-element elementor-element-f737073 elementor-widget elementor-widget-text-editor\" data-id=\"f737073\" data-element_type=\"widget\" data-e-type=\"widget\" data-widget_type=\"text-editor.default\">\n\t\t\t\t\t\t\t\t\t<p>Cada a\u00f1o, la comunidad guatemalteca en Los \u00c1ngeles se re\u00fane para preparar el fiambre m\u00e1s grande de Estados Unidos, <a href=\"https:\/\/soymigrante.com\/revista\/category\/guate-nuestra\/\" target=\"_blank\" rel=\"noopener\">un evento que honra una de las tradiciones culinarias m\u00e1s significativas de Guatemala<\/a>\u00a0y este a\u00f1o no es la excepci\u00f3n.<\/p>\n<p>Pocos minutos antes de las 11 horas de este dos de noviembre comenz\u00f3 la preparaci\u00f3n del Fiambre Gigante de Los Angeles. Sobre una base de hojas de lechuga, se efectu\u00f3 una oraci\u00f3n inicial para agradecer a Dios por la oportunidad de vivir, trabajar y producir en Estados Unidos, lo cual hace posible el aporte de ingredientes de todos los participantes.<\/p>\n<p>Tras la oraci\u00f3n, las encargadas de la preparaci\u00f3n, encabezadas por el restaurante La Guatemalteca, comenzaron a verter los ingredientes: embutidos, verduras picadas, carnes, pepinillos, alcaparras, aceitunas y el consabido caldillo para dar vida a un inmenso plato de fiambre, que se crea y se disfruta en hermandad.\u00a0<\/p>\t\t\t\t\t\t\t\t<\/div>\n\t\t\t\t\t<\/div>\n\t\t\t\t<\/div>\n\t\t<div data-particle_enable=\"false\" data-particle-mobile-disabled=\"false\" class=\"elementor-element elementor-element-25d9b75 e-flex e-con-boxed e-con e-parent\" data-id=\"25d9b75\" data-element_type=\"container\" data-e-type=\"container\">\n\t\t\t\t\t<div class=\"e-con-inner\">\n\t\t\t\t<div class=\"elementor-element elementor-element-03395fc elementor-arrows-position-inside elementor-pagination-position-outside elementor-widget elementor-widget-image-carousel\" data-id=\"03395fc\" data-element_type=\"widget\" data-e-type=\"widget\" data-settings=\"{&quot;slides_to_show&quot;:&quot;1&quot;,&quot;navigation&quot;:&quot;both&quot;,&quot;autoplay&quot;:&quot;yes&quot;,&quot;pause_on_hover&quot;:&quot;yes&quot;,&quot;pause_on_interaction&quot;:&quot;yes&quot;,&quot;autoplay_speed&quot;:5000,&quot;infinite&quot;:&quot;yes&quot;,&quot;effect&quot;:&quot;slide&quot;,&quot;speed&quot;:500}\" data-widget_type=\"image-carousel.default\">\n\t\t\t\t\t\t\t<div class=\"elementor-image-carousel-wrapper swiper\" role=\"region\" aria-roledescription=\"carousel\" aria-label=\"Carrusel de im\u00e1genes\" dir=\"ltr\">\n\t\t\t<div class=\"elementor-image-carousel swiper-wrapper\" aria-live=\"off\">\n\t\t\t\t\t\t\t\t<div class=\"swiper-slide\" role=\"group\" aria-roledescription=\"slide\" aria-label=\"1 de 6\"><figure class=\"swiper-slide-inner\"><img decoding=\"async\" class=\"swiper-slide-image\" src=\"https:\/\/soymigrante.com\/revista\/wp-content\/uploads\/2024\/11\/fiambre-gigante-los-angeles-4-1024x576.jpg\" alt=\"Verduras frescas y ensalada tradicional en puesto de mercado mexicano en festival cultural. Precio econ\u00f3mico y ambiente comunitario en una feria local.\" \/><figcaption class=\"elementor-image-carousel-caption\">Cesta grande de lechugas y verduras frescas en un mercado callejero, resaltando la agricultura local y la alimentaci\u00f3n saludable en eventos comunitarios.<\/figcaption><\/figure><\/div><div class=\"swiper-slide\" role=\"group\" aria-roledescription=\"slide\" aria-label=\"2 de 6\"><figure class=\"swiper-slide-inner\"><img decoding=\"async\" class=\"swiper-slide-image\" src=\"https:\/\/soymigrante.com\/revista\/wp-content\/uploads\/2024\/11\/fiambre-gigante-los-angeles-5-1024x576.jpg\" alt=\"Sabores tradicionales en festival gastron\u00f3mico latinoamericano, con variedad de ensaladas y platillos t\u00edpicos, cultura y diversidad en un evento comunitario al aire libre.\" \/><figcaption class=\"elementor-image-carousel-caption\">Plato t\u00edpico latinoamericano en evento cultural, donde familias disfrutan de comida tradicional, ensaladas y platos regionales en un ambiente festivo y multicultural.<\/figcaption><\/figure><\/div><div class=\"swiper-slide\" role=\"group\" aria-roledescription=\"slide\" aria-label=\"3 de 6\"><figure class=\"swiper-slide-inner\"><img decoding=\"async\" class=\"swiper-slide-image\" src=\"https:\/\/soymigrante.com\/revista\/wp-content\/uploads\/2024\/11\/fiambre-gigante-los-angeles-6-1024x576.jpg\" alt=\"Sabores de M\u00e9xico en feria gastron\u00f3mica para migrantes y comunidad, celebraci\u00f3n cultural con comida tradicional, convivencia y m\u00fasica en un evento al aire libre.\" \/><figcaption class=\"elementor-image-carousel-caption\">Disfruta de una feria gastron\u00f3mica donde migrantes y comunidades celebran la cultura mexicana con comida tradicional, m\u00fasica y convivencia en un ambiente festivo y alegre.<\/figcaption><\/figure><\/div><div class=\"swiper-slide\" role=\"group\" aria-roledescription=\"slide\" aria-label=\"4 de 6\"><figure class=\"swiper-slide-inner\"><img decoding=\"async\" class=\"swiper-slide-image\" src=\"https:\/\/soymigrante.com\/revista\/wp-content\/uploads\/2024\/11\/fiambre-gigante-los-angeles-7-1024x576.jpg\" alt=\"Comida tradicional guatemalteca en feria cultural, personas sirviendo delicioso plato de ensalada con ingredientes frescos, en evento de celebraci\u00f3n y cultura de Guatemala.\" \/><figcaption class=\"elementor-image-carousel-caption\">Feria cultural en Guatemala con comida tradicional, personas sirviendo ensalada fresca en evento comunitario, resaltando la gastronom\u00eda guatemalteca.<\/figcaption><\/figure><\/div><div class=\"swiper-slide\" role=\"group\" aria-roledescription=\"slide\" aria-label=\"5 de 6\"><figure class=\"swiper-slide-inner\"><img decoding=\"async\" class=\"swiper-slide-image\" src=\"https:\/\/soymigrante.com\/revista\/wp-content\/uploads\/2024\/11\/fiambre-gigante-los-angeles-8-1024x576.jpg\" alt=\"Sabores de la gastronom\u00eda mexicana en festival cultural al aire libre, con variedad de alimentos tradicionales, m\u00fasica y comunidad, promoviendo la cultura y la identidad mexicana.\" \/><figcaption class=\"elementor-image-carousel-caption\">Disfruta de la cachetada de M\u00e9xico en un festival cultural con comida tradicional, m\u00fasica en vivo y una comunidad vibrante exhibiendo su herencia culinaria y cultural.<\/figcaption><\/figure><\/div><div class=\"swiper-slide\" role=\"group\" aria-roledescription=\"slide\" aria-label=\"6 de 6\"><figure class=\"swiper-slide-inner\"><img decoding=\"async\" class=\"swiper-slide-image\" src=\"https:\/\/soymigrante.com\/revista\/wp-content\/uploads\/2024\/11\/fiambre-gigante-los-angeles-1-1024x461.jpg\" alt=\"Celebraci\u00f3n cultural y tradicional de Guatemala en EE. UU. con comunidad migrante, mostrando trajes t\u00edpicos, m\u00fasica y unidad en evento organizado por SoyMigrante.com REVISTA.\" \/><figcaption class=\"elementor-image-carousel-caption\">Un grupo diverso de guatemaltecos en EE. UU. participa en un evento cultural, vistiendo trajes t\u00edpicos, disfrutando de la m\u00fasica y fortaleciendo su identidad y comunidad en Estados Unidos.<\/figcaption><\/figure><\/div>\t\t\t<\/div>\n\t\t\t\t\t\t\t\t\t\t\t\t<div class=\"elementor-swiper-button elementor-swiper-button-prev\" role=\"button\" tabindex=\"0\">\n\t\t\t\t\t\t<i aria-hidden=\"true\" class=\"eicon-chevron-left\"><\/i>\t\t\t\t\t<\/div>\n\t\t\t\t\t<div class=\"elementor-swiper-button elementor-swiper-button-next\" role=\"button\" tabindex=\"0\">\n\t\t\t\t\t\t<i aria-hidden=\"true\" class=\"eicon-chevron-right\"><\/i>\t\t\t\t\t<\/div>\n\t\t\t\t\n\t\t\t\t\t\t\t\t\t<div class=\"swiper-pagination\"><\/div>\n\t\t\t\t\t\t\t\t\t<\/div>\n\t\t\t\t\t\t<\/div>\n\t\t\t\t\t<\/div>\n\t\t\t\t<\/div>\n\t\t<div data-particle_enable=\"false\" data-particle-mobile-disabled=\"false\" class=\"elementor-element elementor-element-3affb52 e-flex e-con-boxed e-con e-parent\" data-id=\"3affb52\" data-element_type=\"container\" data-e-type=\"container\">\n\t\t\t\t\t<div class=\"e-con-inner\">\n\t\t\t\t<div class=\"elementor-element elementor-element-a47b7e6 elementor-widget elementor-widget-text-editor\" data-id=\"a47b7e6\" data-element_type=\"widget\" data-e-type=\"widget\" data-widget_type=\"text-editor.default\">\n\t\t\t\t\t\t\t\t\t<p>La elaboraci\u00f3n de este fiambre tiene un fuerte sentido de identidad multicultural, aunque en la comunidad migrante guatemalteca de Los Angeles haber nacido en la Tierra del Quetzal es el gran unificador, independientemente del departamento o etnia a la que se pertenece.<\/p>\t\t\t\t\t\t\t\t<\/div>\n\t\t\t\t\t<\/div>\n\t\t\t\t<\/div>\n\t\t<div data-particle_enable=\"false\" data-particle-mobile-disabled=\"false\" class=\"elementor-element elementor-element-d3d2334 e-flex e-con-boxed e-con e-parent\" data-id=\"d3d2334\" data-element_type=\"container\" data-e-type=\"container\">\n\t\t\t\t\t<div class=\"e-con-inner\">\n\t\t\t\t<div class=\"elementor-element elementor-element-c8be5f9 elementor-widget elementor-widget-facebook-embed\" data-id=\"c8be5f9\" data-element_type=\"widget\" data-e-type=\"widget\" data-widget_type=\"facebook-embed.default\">\n\t\t\t\t\t<div style=\"min-height: 1px\" class=\"elementor-facebook-widget fb-video\" data-href=\"https:\/\/www.facebook.com\/RedMigranteGuate\/videos\/1270885360612725\" data-show-text=\"false\" data-allowfullscreen=\"false\" data-autoplay=\"false\" data-show-captions=\"false\"><\/div>\t\t\t\t<\/div>\n\t\t\t\t\t<\/div>\n\t\t\t\t<\/div>\n\t\t<div data-particle_enable=\"false\" data-particle-mobile-disabled=\"false\" class=\"elementor-element elementor-element-22301a7 e-flex e-con-boxed e-con e-parent\" data-id=\"22301a7\" data-element_type=\"container\" data-e-type=\"container\">\n\t\t\t\t\t<div class=\"e-con-inner\">\n\t\t\t\t<div class=\"elementor-element elementor-element-76e86e0 elementor-widget elementor-widget-heading\" data-id=\"76e86e0\" data-element_type=\"widget\" data-e-type=\"widget\" data-widget_type=\"heading.default\">\n\t\t\t\t\t<h3 class=\"elementor-heading-title elementor-size-default\">Una danza y cientos de libras compartidas<\/h3>\t\t\t\t<\/div>\n\t\t\t\t\t<\/div>\n\t\t\t\t<\/div>\n\t\t<div data-particle_enable=\"false\" data-particle-mobile-disabled=\"false\" class=\"elementor-element elementor-element-614d0a8 e-flex e-con-boxed e-con e-parent\" data-id=\"614d0a8\" data-element_type=\"container\" data-e-type=\"container\">\n\t\t\t\t\t<div class=\"e-con-inner\">\n\t\t\t\t<div class=\"elementor-element elementor-element-2fc70c3 elementor-widget elementor-widget-text-editor\" data-id=\"2fc70c3\" data-element_type=\"widget\" data-e-type=\"widget\" data-widget_type=\"text-editor.default\">\n\t\t\t\t\t\t\t\t\t<p>El Fiambre Guatemalteco Gigante de los Angeles se convirti\u00f3 de nuevo en s\u00edmbolo de uni\u00f3n y hermandad de los migrantes chapines. Una vez listo el s\u00faper plato de 800 libras, se efectu\u00f3 la &#8220;Danza del Fiambre&#8221;, con la pieza Rey Quich\u00e9 como fondo. Alrededor del enorme fest\u00edn varias guatemaltecas con indumentaria maya bailaron alrededor.<\/p>\n<p>Luego vino el momento principal: repartir y compartir. Los platillos son gratuitos y quien deseaba su porci\u00f3n la recibi\u00f3. El objetivo de esta actividad nunca es lucrativo sino por el contrario, compartir en hermandad.\u00a0 Con alegre m\u00fasica de marimba, los guatemaltecos conmemoraron el recuerdo de sus seres queridos que ya no est\u00e1n en este mundo y a la vez festejaron la vida.\u00a0<\/p>\t\t\t\t\t\t\t\t<\/div>\n\t\t\t\t\t<\/div>\n\t\t\t\t<\/div>\n\t\t<div data-particle_enable=\"false\" data-particle-mobile-disabled=\"false\" class=\"elementor-element elementor-element-62304ab e-flex e-con-boxed e-con e-parent\" data-id=\"62304ab\" data-element_type=\"container\" data-e-type=\"container\">\n\t\t\t\t\t<div class=\"e-con-inner\">\n\t\t\t\t<div class=\"elementor-element elementor-element-12faa4c elementor-widget elementor-widget-heading\" data-id=\"12faa4c\" data-element_type=\"widget\" data-e-type=\"widget\" data-widget_type=\"heading.default\">\n\t\t\t\t\t<h4 class=\"elementor-heading-title elementor-size-default\">Estos fueron los preparativos previo a la creaci\u00f3n del S\u00faper Fiambre Guatemalteco Gigante de Los Angeles<\/h4>\t\t\t\t<\/div>\n\t\t\t\t\t<\/div>\n\t\t\t\t<\/div>\n\t\t<div data-particle_enable=\"false\" data-particle-mobile-disabled=\"false\" class=\"elementor-element elementor-element-2575d9e e-flex e-con-boxed e-con e-parent\" data-id=\"2575d9e\" data-element_type=\"container\" data-e-type=\"container\">\n\t\t\t\t\t<div class=\"e-con-inner\">\n\t\t\t\t<div class=\"elementor-element elementor-element-2bda561 elementor-widget elementor-widget-facebook-embed\" data-id=\"2bda561\" data-element_type=\"widget\" data-e-type=\"widget\" data-widget_type=\"facebook-embed.default\">\n\t\t\t\t\t<div style=\"min-height: 1px\" class=\"elementor-facebook-widget fb-video\" data-href=\"https:\/\/fb.watch\/vCd2DVL4H7\/\" data-show-text=\"false\" data-allowfullscreen=\"false\" data-autoplay=\"false\" data-show-captions=\"false\"><\/div>\t\t\t\t<\/div>\n\t\t\t\t\t<\/div>\n\t\t\t\t<\/div>\n\t\t<div data-particle_enable=\"false\" data-particle-mobile-disabled=\"false\" class=\"elementor-element elementor-element-36cabfe e-flex e-con-boxed e-con e-parent\" data-id=\"36cabfe\" data-element_type=\"container\" data-e-type=\"container\">\n\t\t\t\t\t<div class=\"e-con-inner\">\n\t\t\t\t<div class=\"elementor-element elementor-element-c1d0ca3 elementor-widget elementor-widget-heading\" data-id=\"c1d0ca3\" data-element_type=\"widget\" data-e-type=\"widget\" data-widget_type=\"heading.default\">\n\t\t\t\t\t<h3 class=\"elementor-heading-title elementor-size-default\">Planificado con d\u00edas de antelaci\u00f3n<\/h3>\t\t\t\t<\/div>\n\t\t\t\t\t<\/div>\n\t\t\t\t<\/div>\n\t\t<div data-particle_enable=\"false\" data-particle-mobile-disabled=\"false\" class=\"elementor-element elementor-element-994dd65 e-flex e-con-boxed e-con e-parent\" data-id=\"994dd65\" data-element_type=\"container\" data-e-type=\"container\">\n\t\t\t\t\t<div class=\"e-con-inner\">\n\t\t\t\t<div class=\"elementor-element elementor-element-b47a3f1 elementor-widget elementor-widget-text-editor\" data-id=\"b47a3f1\" data-element_type=\"widget\" data-e-type=\"widget\" data-widget_type=\"text-editor.default\">\n\t\t\t\t\t\t\t\t\t<p><span style=\"color: var( --e-global-color-text ); text-align: var(--text-align);\">Aqu\u00ed actualizamos y retomamos la nota publicada d\u00edas antes del S\u00faper Fiambre. Deborah, Edgar y Julieta Champney nos cuentan la historia de este platillo y su peculiaridad para degustarlo fuera de las fronteras guatemaltecas.\u00a0\u00a0<\/span><\/p>\t\t\t\t\t\t\t\t<\/div>\n\t\t\t\t\t<\/div>\n\t\t\t\t<\/div>\n\t\t<div data-particle_enable=\"false\" data-particle-mobile-disabled=\"false\" class=\"elementor-element elementor-element-39bffc0 e-flex e-con-boxed e-con e-parent\" data-id=\"39bffc0\" data-element_type=\"container\" data-e-type=\"container\">\n\t\t\t\t\t<div class=\"e-con-inner\">\n\t\t\t\t<div class=\"elementor-element elementor-element-517eb32 elementor-widget elementor-widget-text-editor\" data-id=\"517eb32\" data-element_type=\"widget\" data-e-type=\"widget\" data-widget_type=\"text-editor.default\">\n\t\t\t\t\t\t\t\t\t<p><a href=\"https:\/\/soymigrante.com\/revista\/category\/guate-nuestra\/\" target=\"_blank\" rel=\"noopener\">Para los guatemaltecos en Los \u00c1ngeles, esta celebraci\u00f3n representa una oportunidad de mantener viva su cultura.<\/a><\/p>\n<p>La preparaci\u00f3n de un fiambre de 800 libras se ha convertido en un esfuerzo colectivo que involucra a decenas de personas y requiere semanas de planificaci\u00f3n y preparaci\u00f3n. Este 2024 ser\u00e1 el quinto a\u00f1o que se prepara.<\/p>\t\t\t\t\t\t\t\t<\/div>\n\t\t\t\t\t<\/div>\n\t\t\t\t<\/div>\n\t\t<div data-particle_enable=\"false\" data-particle-mobile-disabled=\"false\" class=\"elementor-element elementor-element-b8e3dca e-flex e-con-boxed e-con e-parent\" data-id=\"b8e3dca\" data-element_type=\"container\" data-e-type=\"container\">\n\t\t\t\t\t<div class=\"e-con-inner\">\n\t\t\t\t<div class=\"elementor-element elementor-element-7197b03 elementor-widget elementor-widget-text-editor\" data-id=\"7197b03\" data-element_type=\"widget\" data-e-type=\"widget\" data-widget_type=\"text-editor.default\">\n\t\t\t\t\t\t\t\t\t<p>La elaboraci\u00f3n del fiambre m\u00e1s grande de Estados Unidos no es tarea f\u00e1cil. El proceso comienza con la recolecci\u00f3n de los ingredientes: decenas de variedades de carnes, embutidos, vegetales encurtidos, quesos y de todo un poco. <a href=\"https:\/\/soymigrante.com\/revista\/category\/guate-nuestra\/\" target=\"_blank\" rel=\"noopener\">Cada ingrediente representa una regi\u00f3n y una historia, y al juntarlos, se crea una obra maestra de sabores y simbolismos.<\/a><\/p>\n<p>El fiambre de este a\u00f1o incluye una combinaci\u00f3n de m\u00e1s de 40 ingredientes, cuidadosamente preparados y dispuestos en una presentaci\u00f3n colorida y majestuosa.\u00a0<\/p>\t\t\t\t\t\t\t\t<\/div>\n\t\t\t\t\t<\/div>\n\t\t\t\t<\/div>\n\t\t<div data-particle_enable=\"false\" data-particle-mobile-disabled=\"false\" class=\"elementor-element elementor-element-524df5e e-flex e-con-boxed e-con e-parent\" data-id=\"524df5e\" data-element_type=\"container\" data-e-type=\"container\">\n\t\t\t\t\t<div class=\"e-con-inner\">\n\t\t\t\t<div class=\"elementor-element elementor-element-62f7e39 elementor-widget elementor-widget-image\" data-id=\"62f7e39\" data-element_type=\"widget\" data-e-type=\"widget\" data-widget_type=\"image.default\">\n\t\t\t\t\t\t\t\t\t\t\t\t<figure class=\"wp-caption\">\n\t\t\t\t\t\t\t\t\t\t<img fetchpriority=\"high\" decoding=\"async\" width=\"768\" height=\"670\" src=\"https:\/\/soymigrante.com\/revista\/wp-content\/uploads\/2024\/10\/El-fiambre-ma\u0301s-grande-de-Estados-Unidos-800-libras-de-tradicio\u0301n6.webp\" class=\"attachment-large size-large wp-image-11007\" alt=\"El fiambre m\u00e1s grande de Estados Unidos 800 libras de tradici\u00f3n\" srcset=\"https:\/\/soymigrante.com\/revista\/wp-content\/uploads\/2024\/10\/El-fiambre-ma\u0301s-grande-de-Estados-Unidos-800-libras-de-tradicio\u0301n6.webp 890w, https:\/\/soymigrante.com\/revista\/wp-content\/uploads\/2024\/10\/El-fiambre-ma\u0301s-grande-de-Estados-Unidos-800-libras-de-tradicio\u0301n6-300x262.webp 300w, https:\/\/soymigrante.com\/revista\/wp-content\/uploads\/2024\/10\/El-fiambre-ma\u0301s-grande-de-Estados-Unidos-800-libras-de-tradicio\u0301n6-768x670.jpeg.webp 768w, https:\/\/soymigrante.com\/revista\/wp-content\/uploads\/2024\/10\/El-fiambre-ma\u0301s-grande-de-Estados-Unidos-800-libras-de-tradicio\u0301n6-750x655.webp 750w\" sizes=\"(max-width: 768px) 100vw, 768px\" title=\"El fiambre ma\u0301s grande de Estados Unidos 800 libras de tradicio\u0301n6 \u2013 SoyMigrante.com REVISTA\" \/>\t\t\t\t\t\t\t\t\t\t\t<figcaption class=\"widget-image-caption wp-caption-text\">Preparaci\u00f3n del Fiambre Gigante en 2023. Fotograf\u00eda cortes\u00eda de D\u00e9bora chapney<\/figcaption>\n\t\t\t\t\t\t\t\t\t\t<\/figure>\n\t\t\t\t\t\t\t\t\t<\/div>\n\t\t\t\t\t<\/div>\n\t\t\t\t<\/div>\n\t\t<div data-particle_enable=\"false\" data-particle-mobile-disabled=\"false\" class=\"elementor-element elementor-element-06c1279 e-flex e-con-boxed e-con e-parent\" data-id=\"06c1279\" data-element_type=\"container\" data-e-type=\"container\">\n\t\t\t\t\t<div class=\"e-con-inner\">\n\t\t\t\t<div class=\"elementor-element elementor-element-eefae73 elementor-widget elementor-widget-heading\" data-id=\"eefae73\" data-element_type=\"widget\" data-e-type=\"widget\" data-widget_type=\"heading.default\">\n\t\t\t\t\t<h3 class=\"elementor-heading-title elementor-size-default\">Un evento de comunidad y orgullo guatemalteco<\/h3>\t\t\t\t<\/div>\n\t\t\t\t\t<\/div>\n\t\t\t\t<\/div>\n\t\t<div data-particle_enable=\"false\" data-particle-mobile-disabled=\"false\" class=\"elementor-element elementor-element-dd3e6e6 e-flex e-con-boxed e-con e-parent\" data-id=\"dd3e6e6\" data-element_type=\"container\" data-e-type=\"container\">\n\t\t\t\t\t<div class=\"e-con-inner\">\n\t\t\t\t<div class=\"elementor-element elementor-element-f051ef8 elementor-widget elementor-widget-text-editor\" data-id=\"f051ef8\" data-element_type=\"widget\" data-e-type=\"widget\" data-widget_type=\"text-editor.default\">\n\t\t\t\t\t\t\t\t\t<p>La preparaci\u00f3n del fiambre no solo es un evento culinario, sino tambi\u00e9n una oportunidad para que la comunidad guatemalteca en Los \u00c1ngeles se re\u00fana, compartiendo recuerdos y tradiciones. Este evento se ha convertido en un s\u00edmbolo de orgullo y pertenencia, atrayendo <a href=\"https:\/\/soymigrante.com\/revista\/category\/guate-nuestra\/\" target=\"_blank\" rel=\"noopener\">a guatemaltecos de todas partes de California y a curiosos que desean conocer m\u00e1s sobre esta tradici\u00f3n.<\/a><\/p><p>\u201cEs una manera de mantenernos conectados con nuestras ra\u00edces y de ense\u00f1ar a las nuevas generaciones el valor de nuestras costumbres\u201d, coment\u00f3 Deborah Champney, una de las organizadores del evento. Adem\u00e1s de la comida, la celebraci\u00f3n incluye m\u00fasica y danzas guatemaltecas, creando un ambiente festivo y acogedor para todos los asistentes.<\/p>\t\t\t\t\t\t\t\t<\/div>\n\t\t\t\t\t<\/div>\n\t\t\t\t<\/div>\n\t\t<div data-particle_enable=\"false\" data-particle-mobile-disabled=\"false\" class=\"elementor-element elementor-element-4c23d6c e-flex e-con-boxed e-con e-parent\" data-id=\"4c23d6c\" data-element_type=\"container\" data-e-type=\"container\">\n\t\t\t\t\t<div class=\"e-con-inner\">\n\t\t\t\t<div class=\"elementor-element elementor-element-c134b8f elementor-widget elementor-widget-text-editor\" data-id=\"c134b8f\" data-element_type=\"widget\" data-e-type=\"widget\" data-widget_type=\"text-editor.default\">\n\t\t\t\t\t\t\t\t\t<p><a href=\"https:\/\/soymigrante.com\/revista\/category\/guate-nuestra\/\" target=\"_blank\" rel=\"noopener\">El fiambre m\u00e1s grande de Estados Unidos, elaborado en Los \u00c1ngeles, es una muestra del esp\u00edritu de la comunidad guatemalteca<\/a>, que no importa cu\u00e1n lejos est\u00e9 de su tierra natal, sigue manteniendo vivas sus tradiciones.<\/p><p>Con sus 800 libras de historia, sabor y cultura, este fiambre simboliza la fuerza de una comunidad que se mantiene unida y orgullosa de sus ra\u00edces.<\/p>\t\t\t\t\t\t\t\t<\/div>\n\t\t\t\t\t<\/div>\n\t\t\t\t<\/div>\n\t\t<div data-particle_enable=\"false\" data-particle-mobile-disabled=\"false\" class=\"elementor-element elementor-element-64e96fb e-flex e-con-boxed e-con e-parent\" data-id=\"64e96fb\" data-element_type=\"container\" data-e-type=\"container\">\n\t\t\t\t\t<div class=\"e-con-inner\">\n\t\t\t\t<div class=\"elementor-element elementor-element-041679d elementor-widget elementor-widget-image\" data-id=\"041679d\" data-element_type=\"widget\" data-e-type=\"widget\" data-widget_type=\"image.default\">\n\t\t\t\t\t\t\t\t\t\t\t\t<figure class=\"wp-caption\">\n\t\t\t\t\t\t\t\t\t\t<img decoding=\"async\" width=\"768\" height=\"576\" src=\"https:\/\/soymigrante.com\/revista\/wp-content\/uploads\/2024\/10\/El-fiambre-ma\u0301s-grande-de-Estados-Unidos-800-libras-de-tradicio\u0301n-.webp\" class=\"attachment-large size-large wp-image-11008\" alt=\"El fiambre m\u00e1s grande de Estados Unidos 800 libras de tradici\u00f3n\" srcset=\"https:\/\/soymigrante.com\/revista\/wp-content\/uploads\/2024\/10\/El-fiambre-ma\u0301s-grande-de-Estados-Unidos-800-libras-de-tradicio\u0301n-.webp 960w, https:\/\/soymigrante.com\/revista\/wp-content\/uploads\/2024\/10\/El-fiambre-ma\u0301s-grande-de-Estados-Unidos-800-libras-de-tradicio\u0301n--300x225.webp 300w, https:\/\/soymigrante.com\/revista\/wp-content\/uploads\/2024\/10\/El-fiambre-ma\u0301s-grande-de-Estados-Unidos-800-libras-de-tradicio\u0301n--768x576.jpeg.webp 768w, https:\/\/soymigrante.com\/revista\/wp-content\/uploads\/2024\/10\/El-fiambre-ma\u0301s-grande-de-Estados-Unidos-800-libras-de-tradicio\u0301n--750x563.webp 750w\" sizes=\"(max-width: 768px) 100vw, 768px\" title=\"El fiambre ma\u0301s grande de Estados Unidos 800 libras de tradicio\u0301n \u2013 SoyMigrante.com REVISTA\" \/>\t\t\t\t\t\t\t\t\t\t\t<figcaption class=\"widget-image-caption wp-caption-text\">Foto: Cortes\u00eda Deborah Champney<\/figcaption>\n\t\t\t\t\t\t\t\t\t\t<\/figure>\n\t\t\t\t\t\t\t\t\t<\/div>\n\t\t\t\t\t<\/div>\n\t\t\t\t<\/div>\n\t\t<div data-particle_enable=\"false\" data-particle-mobile-disabled=\"false\" class=\"elementor-element elementor-element-2262c15 e-flex e-con-boxed e-con e-parent\" data-id=\"2262c15\" data-element_type=\"container\" data-e-type=\"container\">\n\t\t\t\t\t<div class=\"e-con-inner\">\n\t\t\t\t<div class=\"elementor-element elementor-element-2e0fa79 elementor-widget elementor-widget-heading\" data-id=\"2e0fa79\" data-element_type=\"widget\" data-e-type=\"widget\" data-widget_type=\"heading.default\">\n\t\t\t\t\t<h3 class=\"elementor-heading-title elementor-size-default\">Receta para el fiambre m\u00e1s grande de Estados Unidos <\/h3>\t\t\t\t<\/div>\n\t\t\t\t\t<\/div>\n\t\t\t\t<\/div>\n\t\t<div data-particle_enable=\"false\" data-particle-mobile-disabled=\"false\" class=\"elementor-element elementor-element-fdaa260 e-flex e-con-boxed e-con e-parent\" data-id=\"fdaa260\" data-element_type=\"container\" data-e-type=\"container\">\n\t\t\t\t\t<div class=\"e-con-inner\">\n\t\t\t\t<div class=\"elementor-element elementor-element-7b8962f elementor-widget elementor-widget-text-editor\" data-id=\"7b8962f\" data-element_type=\"widget\" data-e-type=\"widget\" data-widget_type=\"text-editor.default\">\n\t\t\t\t\t\t\t\t\t<p>Ingredientes:<br \/>Verduras, estas deben ir cortadas, cocidas al dente y en salmuera de vinagre para que el fiambre tome mejor sabor.<\/p><p>20 libras de arveja<br \/>20 libras de ejote en juliana <br \/>20 libras zanahoria en juliana <br \/>20 coliflores grandes en trocitos <br \/>10 repollos picados <br \/>20 libras pacayas tiernas<br \/>35 chiles pimientos curtidos <br \/>20 libras de habas tiernas<br \/>15 libras pap\u00e1 en juliana <br \/>15 libras de frijol rojo <br \/>20 libras de champi\u00f1ones<\/p>\t\t\t\t\t\t\t\t<\/div>\n\t\t\t\t\t<\/div>\n\t\t\t\t<\/div>\n\t\t<div data-particle_enable=\"false\" data-particle-mobile-disabled=\"false\" class=\"elementor-element elementor-element-a75bd79 e-flex e-con-boxed e-con e-parent\" data-id=\"a75bd79\" data-element_type=\"container\" data-e-type=\"container\">\n\t\t\t\t\t<div class=\"e-con-inner\">\n\t\t\t\t<div class=\"elementor-element elementor-element-3bcd296 elementor-widget elementor-widget-text-editor\" data-id=\"3bcd296\" data-element_type=\"widget\" data-e-type=\"widget\" data-widget_type=\"text-editor.default\">\n\t\t\t\t\t\t\t\t\t<p><br \/>Salmuera para curtir verdura <br \/>Or\u00e9gano<br \/>Tomillo<br \/>Laurel<br \/>Ajo<br \/>Pimienta negra en bolita <br \/>Vinagre <br \/>Aceite de oliva<br \/>Al tener la verdura cocida agregar esta salmuera. No debe pon\u00e9rselo mucha sal. <\/p>\t\t\t\t\t\t\t\t<\/div>\n\t\t\t\t\t<\/div>\n\t\t\t\t<\/div>\n\t\t<div data-particle_enable=\"false\" data-particle-mobile-disabled=\"false\" class=\"elementor-element elementor-element-19bb8ff e-flex e-con-boxed e-con e-parent\" data-id=\"19bb8ff\" data-element_type=\"container\" data-e-type=\"container\">\n\t\t\t\t\t<div class=\"e-con-inner\">\n\t\t\t\t<div class=\"elementor-element elementor-element-af3779a elementor-widget elementor-widget-facebook-embed\" data-id=\"af3779a\" data-element_type=\"widget\" data-e-type=\"widget\" data-widget_type=\"facebook-embed.default\">\n\t\t\t\t\t<div style=\"min-height: 1px\" class=\"elementor-facebook-widget fb-video\" data-href=\"https:\/\/www.facebook.com\/reel\/574960155346954\" data-show-text=\"false\" data-allowfullscreen=\"false\" data-autoplay=\"false\" data-show-captions=\"false\"><\/div>\t\t\t\t<\/div>\n\t\t\t\t\t<\/div>\n\t\t\t\t<\/div>\n\t\t<div data-particle_enable=\"false\" data-particle-mobile-disabled=\"false\" class=\"elementor-element elementor-element-a69c867 e-flex e-con-boxed e-con e-parent\" data-id=\"a69c867\" data-element_type=\"container\" data-e-type=\"container\">\n\t\t\t\t\t<div class=\"e-con-inner\">\n\t\t\t\t<div class=\"elementor-element elementor-element-758489d elementor-widget elementor-widget-text-editor\" data-id=\"758489d\" data-element_type=\"widget\" data-e-type=\"widget\" data-widget_type=\"text-editor.default\">\n\t\t\t\t\t\t\t\t\t<p><strong>Carnes<\/strong><br \/>20 libras de patitas a la vinagreta <br \/>20 libras de mortadella <br \/>20 libras de chorizos extreme\u00f1o<br \/>20 libras de cecina <br \/>20 libras de lengua salitrada<br \/>20 libras de salami<br \/>20 libras de salchich\u00f3n <br \/>20 libras de lomo de cinta<br \/>20 libras de chorizo negro<br \/>20 libras de chorizo colorado <br \/>20 libras de longaniza<br \/>20 libras de butifarra<br \/>20 libras camar\u00f3n pelado <br \/>20 libras jam\u00f3n de pollo <br \/>20 libras de jam\u00f3n de cerdo <br \/>20 libras de salchicha <br \/>20 libras de carne Ahumada<\/p><p>\u00a0<\/p><p><strong>Caldillo<\/strong> <br \/>12 gallinas criollas <br \/>8 manojos de perejil<br \/>40 tallos de cebolla<br \/>5 tazas de mostaza<br \/>5 tazas de mayonesa de Lim\u00f3n<br \/>20 cucharaditas de or\u00e9gano<br \/>sal al gusto <br \/>2 tazas taza de salsa inglesa<br \/>1 libra de az\u00facar<br \/>10 tazas de vinagre de manzana <br \/>8 frascos alcaparras <br \/>L\u00edquido de la cocci\u00f3n de verduras<br \/>Caldo en el que se cocin\u00f3 la gallina y dem\u00e1s carnes<br \/>30 yemas de huevo<br \/>Laurel<br \/>Tomillo<br \/>2 cabezas de ajo<br \/>2 libras cebolla <br \/>3 remolachas<\/p><p><br \/><strong>Adorno<\/strong><br \/>20 libras queso amarillo en tiras<br \/>20 libras de queso blanco en tiras <br \/>20 libras de queso fresco<br \/>15 libras de queso seco<br \/>20 libras chile chamborote<br \/>25 latas grandes de esp\u00e1rragos<br \/>5 botes de pacaya<br \/>20 libras r\u00e1banos<br \/>20 libras cebollas curtidas <br \/>10 libras coles de brusela<br \/>20 libras de pepinillos<br \/>20 libras mazorquitas <br \/>15 libras aceitunas verdes sin pepita <br \/>15 libras aceituna negra <br \/>20 libras lechugas <br \/>20 libras de palmito<br \/>20 libras de garbanzo <br \/>Perejil picado <br \/>Hoja de pl\u00e1tano (para poner debajo)<\/p>\t\t\t\t\t\t\t\t<\/div>\n\t\t\t\t\t<\/div>\n\t\t\t\t<\/div>\n\t\t<div data-particle_enable=\"false\" data-particle-mobile-disabled=\"false\" class=\"elementor-element elementor-element-7ade327 e-flex e-con-boxed e-con e-parent\" data-id=\"7ade327\" data-element_type=\"container\" data-e-type=\"container\">\n\t\t\t\t\t<div class=\"e-con-inner\">\n\t\t\t\t<div class=\"elementor-element elementor-element-f7b8575 elementor-widget elementor-widget-heading\" data-id=\"f7b8575\" data-element_type=\"widget\" data-e-type=\"widget\" data-widget_type=\"heading.default\">\n\t\t\t\t\t<h2 class=\"elementor-heading-title elementor-size-default\">Te puede interesar...<\/h2>\t\t\t\t<\/div>\n\t\t\t\t\t<\/div>\n\t\t\t\t<\/div>\n\t\t<div data-particle_enable=\"false\" data-particle-mobile-disabled=\"false\" class=\"elementor-element elementor-element-fd3d10e e-flex e-con-boxed e-con e-parent\" data-id=\"fd3d10e\" data-element_type=\"container\" data-e-type=\"container\">\n\t\t\t\t\t<div class=\"e-con-inner\">\n\t\t\t\t<div class=\"elementor-element elementor-element-31e1667 elementor-widget elementor-widget-blfe-post-grid\" data-id=\"31e1667\" data-element_type=\"widget\" data-e-type=\"widget\" data-settings=\"{&quot;columns&quot;:&quot;3&quot;,&quot;columns_tablet&quot;:&quot;6&quot;,&quot;columns_mobile&quot;:&quot;12&quot;,&quot;hero1_layout_column_gap&quot;:{&quot;unit&quot;:&quot;px&quot;,&quot;size&quot;:30,&quot;sizes&quot;:[]},&quot;hero1_layout_column_gap_tablet&quot;:{&quot;unit&quot;:&quot;px&quot;,&quot;size&quot;:&quot;&quot;,&quot;sizes&quot;:[]},&quot;hero1_layout_column_gap_mobile&quot;:{&quot;unit&quot;:&quot;px&quot;,&quot;size&quot;:&quot;&quot;,&quot;sizes&quot;:[]},&quot;hero1_layout_row_gap&quot;:{&quot;unit&quot;:&quot;px&quot;,&quot;size&quot;:30,&quot;sizes&quot;:[]},&quot;hero1_layout_row_gap_tablet&quot;:{&quot;unit&quot;:&quot;px&quot;,&quot;size&quot;:&quot;&quot;,&quot;sizes&quot;:[]},&quot;hero1_layout_row_gap_mobile&quot;:{&quot;unit&quot;:&quot;px&quot;,&quot;size&quot;:&quot;&quot;,&quot;sizes&quot;:[]}}\" data-widget_type=\"blfe-post-grid.hero1\">\n\t\t\t\t<div class=\"elementor-widget-container\">\n\t\t\t\t\t\n                        <div class=\"blfe-post-grid-container \">\n            \n                <div data-skin=\"hero1\" class=\"blfe-row blfe-posts-inner blfe-hero1 blfe-posts-inner blfe-col-3 blfe-col-tab-6 blfe-col-mob-12     \">\n                            <div class=\"blfe-post-grid-item\">\n            <div class=\"blfe-post-grid-item-inner blfe-modern-zoom\">\n                        <div class=\"blfe-post-grid-bg-image\">\n            <a class=\"blfe-post-grid-image-inner\" href=\"https:\/\/soymigrante.com\/revista\/ecoturismo-en-guatemala\/\" title=\"Joya natural en la bocacosta de Chiquimulilla, Santa Rosa\" rel=\"nofollow\" target=\"_blank\"><img decoding=\"async\" src=\"https:\/\/soymigrante.com\/revista\/wp-content\/uploads\/2023\/02\/3-Guate-Nuestra-Chiquimulilla-1-scaled.webp\" alt=\"Joya natural en la bocacosta de Chiquimulilla, Santa Rosa\"\/><\/a>        <\/div>\n                        <div class=\"blfe-post-grid-details\">\n                    <div class=\"blfe-post-grid-details-inner\">\n                        <span class=\"blfe-post-category\"><a href=\"https:\/\/soymigrante.com\/revista\/category\/guate-nuestra\/\">Guate Nuestra<\/a><\/span>                        <h3 class=\"blfe-post-grid-title\">\n            <a href=\"https:\/\/soymigrante.com\/revista\/ecoturismo-en-guatemala\/\" title=\"Joya natural en la bocacosta de Chiquimulilla, Santa Rosa\" rel=\"nofollow\" target=\"_blank\">Joya natural en la bocacosta de Chiquimulilla, Santa Rosa<\/a>\n            <\/h3>                                                            <div class=\"blfe-post-grid-meta\">\n                <span class=\"blfe-post-grid-time\"><i class=\"fas fa-book-reader\"><\/i>3 Min read<\/span>            <\/div>\n                                                        <\/div>\n                <\/div>\n\n            <\/div>\n        <\/div>\n                <div class=\"blfe-post-grid-item\">\n            <div class=\"blfe-post-grid-item-inner blfe-modern-zoom\">\n                        <div class=\"blfe-post-grid-bg-image\">\n            <a class=\"blfe-post-grid-image-inner\" href=\"https:\/\/soymigrante.com\/revista\/indumentaria-tradicional-del-varon-tzutujil\/\" title=\"Legendario \u201cN\u2019skaw\u201d: pantal\u00f3n del var\u00f3n tz&#8217;utuj&#8217;il de San Juan la Laguna\" rel=\"nofollow\" target=\"_blank\"><img decoding=\"async\" src=\"https:\/\/soymigrante.com\/revista\/wp-content\/uploads\/2023\/02\/San-Juan-pantalon-3-ecastro.webp\" alt=\"Legendario \u201cN\u2019skaw\u201d: pantal\u00f3n del var\u00f3n tz&#8217;utuj&#8217;il de San Juan la Laguna\"\/><\/a>        <\/div>\n                        <div class=\"blfe-post-grid-details\">\n                    <div class=\"blfe-post-grid-details-inner\">\n                        <span class=\"blfe-post-category\"><a href=\"https:\/\/soymigrante.com\/revista\/category\/guate-nuestra\/\">Guate Nuestra<\/a><\/span>                        <h3 class=\"blfe-post-grid-title\">\n            <a href=\"https:\/\/soymigrante.com\/revista\/indumentaria-tradicional-del-varon-tzutujil\/\" title=\"Legendario \u201cN\u2019skaw\u201d: pantal\u00f3n del var\u00f3n tz&#8217;utuj&#8217;il de San Juan la Laguna\" rel=\"nofollow\" target=\"_blank\">Legendario \u201cN\u2019skaw\u201d: pantal\u00f3n del var\u00f3n tz&#8217;utuj&#8217;il de San Juan la Laguna<\/a>\n            <\/h3>                                                            <div class=\"blfe-post-grid-meta\">\n                <span class=\"blfe-post-grid-time\"><i class=\"fas fa-book-reader\"><\/i>2 Min read<\/span>            <\/div>\n                                                        <\/div>\n                <\/div>\n\n            <\/div>\n        <\/div>\n                <div class=\"blfe-post-grid-item\">\n            <div class=\"blfe-post-grid-item-inner blfe-modern-zoom\">\n                        <div class=\"blfe-post-grid-bg-image\">\n            <a class=\"blfe-post-grid-image-inner\" href=\"https:\/\/soymigrante.com\/revista\/viaje-en-autobus-extraurbano-de-guatemala\/\" title=\"Cr\u00f3nica: el viaje en camioneta, recuerdo de muchos migrantes\" rel=\"nofollow\" target=\"_blank\"><img decoding=\"async\" src=\"https:\/\/soymigrante.com\/revista\/wp-content\/uploads\/2023\/06\/Camionetas-en-paso-adesnivel-cuatro-caminos-San-Cistobal-Totonicapan.webp\" alt=\"Cr\u00f3nica: el viaje en camioneta, recuerdo de muchos migrantes\"\/><\/a>        <\/div>\n                        <div class=\"blfe-post-grid-details\">\n                    <div class=\"blfe-post-grid-details-inner\">\n                        <span class=\"blfe-post-category\"><a href=\"https:\/\/soymigrante.com\/revista\/category\/guate-nuestra\/\">Guate Nuestra<\/a><\/span>                        <h3 class=\"blfe-post-grid-title\">\n            <a href=\"https:\/\/soymigrante.com\/revista\/viaje-en-autobus-extraurbano-de-guatemala\/\" title=\"Cr\u00f3nica: el viaje en camioneta, recuerdo de muchos migrantes\" rel=\"nofollow\" target=\"_blank\">Cr\u00f3nica: el viaje en camioneta, recuerdo de muchos migrantes<\/a>\n            <\/h3>                                                            <div class=\"blfe-post-grid-meta\">\n                <span class=\"blfe-post-grid-time\"><i class=\"fas fa-book-reader\"><\/i>5 Min read<\/span>            <\/div>\n                                                        <\/div>\n                <\/div>\n\n            <\/div>\n        <\/div>\n                        <\/div>\n\n                        <\/div>\n            \n                        <div class=\"blfe-post-footer\">\n                        <\/div>\n            \t\t\t\t<\/div>\n\t\t\t\t<\/div>\n\t\t\t\t\t<\/div>\n\t\t\t\t<\/div>\n\t\t\t\t<\/div>\n\t\t","protected":false},"excerpt":{"rendered":"<p>Por quinto a\u00f1o consecutivo, los migrantes guatemaltecos prepararon y disfrutaron con hermandad y trabajo en equipo el s\u00faper Fiambre Guatemalteco Gigante en Los Angeles. Fue una verdadera fiesta de sabor y cultura. Cada a\u00f1o, la comunidad guatemalteca en Los \u00c1ngeles se re\u00fane para preparar el fiambre m\u00e1s grande de Estados Unidos, un evento que honra [&hellip;]<\/p>\n","protected":false},"author":19,"featured_media":11799,"comment_status":"open","ping_status":"open","sticky":false,"template":"","format":"standard","meta":{"_acf_changed":false,"_eb_attr":"","footnotes":""},"categories":[58],"tags":[],"class_list":["post-10958","post","type-post","status-publish","format-standard","has-post-thumbnail","hentry","category-guate-nuestra"],"acf":[],"aioseo_notices":[],"aioseo_head":"\n\t\t<!-- All in One SEO Pro 4.9.6.2 - aioseo.com -->\n\t<meta name=\"description\" content=\"\u00a1S\u00fabale s\u00fabale!, \u00bfA d\u00f3nde va? \u00a1llega, llega! Toto, Xela, Guate, San Marcos, Huhue: el viaje tantas veces efectuado en camioneta extraurbana\" \/>\n\t<meta name=\"robots\" content=\"max-snippet:-1, max-image-preview:large, max-video-preview:-1\" \/>\n\t<meta name=\"author\" content=\"Diana Batz\"\/>\n\t<link rel=\"canonical\" href=\"https:\/\/soymigrante.com\/revista\/viaje-en-autobus-extraurbano-de-guatemala\/\" \/>\n\t<meta name=\"generator\" content=\"All in One SEO Pro (AIOSEO) 4.9.6.2\" \/>\n\n\t\t<link rel=\"preconnect\" href=\"https:\/\/fonts.googleapis.com\" crossorigin>\n<link rel=\"preconnect\" href=\"https:\/\/fonts.gstatic.com\" crossorigin>\n\t\t<meta property=\"og:locale\" content=\"es_ES\" \/>\n\t\t<meta property=\"og:site_name\" content=\"SoyMigrante.com REVISTA \u2013 Nuestra misi\u00f3n es reconocer y dignificar al migrante.\" \/>\n\t\t<meta property=\"og:type\" content=\"article\" \/>\n\t\t<meta property=\"og:title\" content=\"Cr\u00f3nica: el viaje en camioneta, recuerdo de muchos migrantes\" \/>\n\t\t<meta property=\"og:description\" content=\"\u00a1S\u00fabale s\u00fabale!, \u00bfA d\u00f3nde va? \u00a1llega, llega! Toto, Xela, Guate, San Marcos, Huhue: el viaje tantas veces efectuado en camioneta extraurbana\" \/>\n\t\t<meta property=\"og:url\" content=\"https:\/\/soymigrante.com\/revista\/viaje-en-autobus-extraurbano-de-guatemala\/\" \/>\n\t\t<meta property=\"og:image\" content=\"https:\/\/soymigrante.com\/revista\/wp-content\/uploads\/2023\/06\/Camionetas-en-paso-adesnivel-cuatro-caminos-San-Cistobal-Totonicapan.webp\" \/>\n\t\t<meta property=\"og:image:secure_url\" content=\"https:\/\/soymigrante.com\/revista\/wp-content\/uploads\/2023\/06\/Camionetas-en-paso-adesnivel-cuatro-caminos-San-Cistobal-Totonicapan.webp\" \/>\n\t\t<meta property=\"og:image:width\" content=\"1101\" \/>\n\t\t<meta property=\"og:image:height\" content=\"619\" \/>\n\t\t<meta property=\"article:published_time\" content=\"2023-06-08T07:30:00+00:00\" \/>\n\t\t<meta property=\"article:modified_time\" content=\"2024-11-01T10:35:50+00:00\" \/>\n\t\t<meta property=\"article:publisher\" content=\"https:\/\/www.facebook.com\/soymigrantecom\" \/>\n\t\t<meta name=\"twitter:card\" content=\"summary_large_image\" \/>\n\t\t<meta name=\"twitter:site\" content=\"@SoyMigrante_com\" \/>\n\t\t<meta name=\"twitter:title\" content=\"Cr\u00f3nica: el viaje en camioneta, recuerdo de muchos migrantes\" \/>\n\t\t<meta name=\"twitter:description\" content=\"\u00a1S\u00fabale s\u00fabale!, \u00bfA d\u00f3nde va? \u00a1llega, llega! Toto, Xela, Guate, San Marcos, Huhue: el viaje tantas veces efectuado en camioneta extraurbana\" \/>\n\t\t<meta name=\"twitter:creator\" content=\"@SoyMigrante_com\" \/>\n\t\t<meta name=\"twitter:image\" content=\"https:\/\/soymigrante.com\/revista\/wp-content\/uploads\/2023\/06\/Camionetas-en-paso-adesnivel-cuatro-caminos-San-Cistobal-Totonicapan.webp\" \/>\n\t\t<!-- All in One SEO Pro -->\r\n\t\t<title>Cr\u00f3nica: el viaje en camioneta, recuerdo de muchos migrantes<\/title>\n\n","aioseo_head_json":{"title":"Cr\u00f3nica: el viaje en camioneta, recuerdo de muchos migrantes","description":"\u00a1S\u00fabale s\u00fabale!, \u00bfA d\u00f3nde va? \u00a1llega, llega! Toto, Xela, Guate, San Marcos, Huhue: el viaje tantas veces efectuado en camioneta extraurbana","canonical_url":"https:\/\/soymigrante.com\/revista\/viaje-en-autobus-extraurbano-de-guatemala\/","robots":"max-snippet:-1, max-image-preview:large, max-video-preview:-1","keywords":"","webmasterTools":{"miscellaneous":"&lt;link rel=\"preconnect\" href=\"https:\/\/fonts.googleapis.com\" crossorigin&gt;\n&lt;link rel=\"preconnect\" href=\"https:\/\/fonts.gstatic.com\" crossorigin&gt;"},"schema":null,"og:locale":"es_ES","og:site_name":"SoyMigrante.com REVISTA \u2013 Nuestra misi\u00f3n es reconocer y dignificar al migrante.","og:type":"article","og:title":"Cr\u00f3nica: el viaje en camioneta, recuerdo de muchos migrantes","og:description":"\u00a1S\u00fabale s\u00fabale!, \u00bfA d\u00f3nde va? \u00a1llega, llega! Toto, Xela, Guate, San Marcos, Huhue: el viaje tantas veces efectuado en camioneta extraurbana","og:url":"https:\/\/soymigrante.com\/revista\/viaje-en-autobus-extraurbano-de-guatemala\/","og:image":"https:\/\/soymigrante.com\/revista\/wp-content\/uploads\/2023\/06\/Camionetas-en-paso-adesnivel-cuatro-caminos-San-Cistobal-Totonicapan.webp","og:image:secure_url":"https:\/\/soymigrante.com\/revista\/wp-content\/uploads\/2023\/06\/Camionetas-en-paso-adesnivel-cuatro-caminos-San-Cistobal-Totonicapan.webp","og:image:width":1101,"og:image:height":619,"article:published_time":"2023-06-08T07:30:00+00:00","article:modified_time":"2024-11-01T10:35:50+00:00","article:publisher":"https:\/\/www.facebook.com\/soymigrantecom","twitter:card":"summary_large_image","twitter:site":"@SoyMigrante_com","twitter:title":"Cr\u00f3nica: el viaje en camioneta, recuerdo de muchos migrantes","twitter:description":"\u00a1S\u00fabale s\u00fabale!, \u00bfA d\u00f3nde va? \u00a1llega, llega! Toto, Xela, Guate, San Marcos, Huhue: el viaje tantas veces efectuado en camioneta extraurbana","twitter:creator":"@SoyMigrante_com","twitter:image":"https:\/\/soymigrante.com\/revista\/wp-content\/uploads\/2023\/06\/Camionetas-en-paso-adesnivel-cuatro-caminos-San-Cistobal-Totonicapan.webp"},"aioseo_meta_data":{"post_id":"10958","title":null,"description":"Migrantes guatemaltecos comparten por 5o. a\u00f1o un fiambre gigante. Este platillo es un s\u00edmbolo gastron\u00f3mico de Guatemala y su preparaci\u00f3n refleja hermandad.","keywords":null,"keyphrases":{"focus":{"keyphrase":"Fiambre","score":100,"analysis":{"keyphraseInTitle":{"score":9,"maxScore":9,"error":0},"keyphraseInDescription":{"score":9,"maxScore":9,"error":0},"keyphraseLength":{"score":9,"maxScore":9,"error":0,"length":1},"keyphraseInURL":{"score":5,"maxScore":5,"error":0},"keyphraseInIntroduction":{"score":9,"maxScore":9,"error":0},"keyphraseInSubHeadings":{"score":9,"maxScore":9,"error":0},"keyphraseInImageAlt":{"score":9,"maxScore":9,"error":0},"keywordDensity":{"type":"best","score":9,"maxScore":9,"error":0}}},"additional":[{"keyphrase":"Guatemaltecos","score":67,"analysis":{"keyphraseInDescription":{"score":9,"maxScore":9,"error":0},"keyphraseLength":{"score":9,"maxScore":9,"error":0,"length":1},"keyphraseInIntroduction":{"score":3,"maxScore":9,"error":1},"keyphraseInImageAlt":{"score":9,"maxScore":9,"error":0},"keywordDensity":{"score":0,"type":"low","maxScore":9,"error":1}}}]},"primary_term":null,"canonical_url":null,"og_title":null,"og_description":null,"og_object_type":"default","og_image_type":"default","og_image_url":null,"og_image_width":null,"og_image_height":null,"og_image_custom_url":null,"og_image_custom_fields":null,"og_video":"","og_custom_url":null,"og_article_section":null,"og_article_tags":null,"twitter_use_og":false,"twitter_card":"default","twitter_image_type":"default","twitter_image_url":null,"twitter_image_custom_url":null,"twitter_image_custom_fields":null,"twitter_title":null,"twitter_description":null,"schema":{"blockGraphs":[],"customGraphs":[],"default":{"data":{"Article":[],"Course":[],"Dataset":[],"FAQPage":[],"Movie":[],"Person":[],"Product":[],"ProductReview":[],"Car":[],"Recipe":[],"Service":[],"SoftwareApplication":[],"WebPage":[]},"graphName":"Article","isEnabled":true},"graphs":[]},"schema_type":"default","schema_type_options":null,"pillar_content":false,"robots_default":true,"robots_noindex":false,"robots_noarchive":false,"robots_nosnippet":false,"robots_nofollow":false,"robots_noimageindex":false,"robots_noodp":false,"robots_notranslate":false,"robots_max_snippet":"-1","robots_max_videopreview":"-1","robots_max_imagepreview":"large","priority":null,"frequency":"default","local_seo":null,"seo_analyzer_scan_date":"2025-10-08 23:59:09","breadcrumb_settings":null,"limit_modified_date":false,"reviewed_by":null,"open_ai":"{\"title\":{\"suggestions\":[],\"usage\":0},\"description\":{\"suggestions\":[],\"usage\":0}}","ai":null,"created":"2024-10-30 22:06:11","updated":"2026-02-04 15:33:51"},"aioseo_breadcrumb":"<div class=\"aioseo-breadcrumbs\"><span class=\"aioseo-breadcrumb\">\n\t<a href=\"https:\/\/soymigrante.com\/revista\" title=\"Home\">Home<\/a>\n<\/span><span class=\"aioseo-breadcrumb-separator\">\u00bb<\/span><span class=\"aioseo-breadcrumb\">\n\t<a href=\"https:\/\/soymigrante.com\/revista\/category\/guate-nuestra\/\" title=\"Guate Nuestra\">Guate Nuestra<\/a>\n<\/span><span class=\"aioseo-breadcrumb-separator\">\u00bb<\/span><span class=\"aioseo-breadcrumb\">\n\tAs\u00ed se disfrut\u00f3 el Fiambre Gigante Guatemalteco 2024 en Los Angeles\n<\/span><\/div>","aioseo_breadcrumb_json":[{"label":"Home","link":"https:\/\/soymigrante.com\/revista"},{"label":"Guate Nuestra","link":"https:\/\/soymigrante.com\/revista\/category\/guate-nuestra\/"},{"label":"As\u00ed se disfrut\u00f3 el Fiambre Gigante Guatemalteco 2024 en Los Angeles","link":"https:\/\/soymigrante.com\/revista\/fiambre-guatemalteco-gigante-se-preparara-en-los-angeles\/"}],"_links":{"self":[{"href":"https:\/\/soymigrante.com\/revista\/wp-json\/wp\/v2\/posts\/10958","targetHints":{"allow":["GET"]}}],"collection":[{"href":"https:\/\/soymigrante.com\/revista\/wp-json\/wp\/v2\/posts"}],"about":[{"href":"https:\/\/soymigrante.com\/revista\/wp-json\/wp\/v2\/types\/post"}],"author":[{"embeddable":true,"href":"https:\/\/soymigrante.com\/revista\/wp-json\/wp\/v2\/users\/19"}],"replies":[{"embeddable":true,"href":"https:\/\/soymigrante.com\/revista\/wp-json\/wp\/v2\/comments?post=10958"}],"version-history":[{"count":0,"href":"https:\/\/soymigrante.com\/revista\/wp-json\/wp\/v2\/posts\/10958\/revisions"}],"wp:featuredmedia":[{"embeddable":true,"href":"https:\/\/soymigrante.com\/revista\/wp-json\/wp\/v2\/media\/11799"}],"wp:attachment":[{"href":"https:\/\/soymigrante.com\/revista\/wp-json\/wp\/v2\/media?parent=10958"}],"wp:term":[{"taxonomy":"category","embeddable":true,"href":"https:\/\/soymigrante.com\/revista\/wp-json\/wp\/v2\/categories?post=10958"},{"taxonomy":"post_tag","embeddable":true,"href":"https:\/\/soymigrante.com\/revista\/wp-json\/wp\/v2\/tags?post=10958"}],"curies":[{"name":"wp","href":"https:\/\/api.w.org\/{rel}","templated":true}]}}