{"id":10915,"date":"2024-10-30T15:35:49","date_gmt":"2024-10-30T21:35:49","guid":{"rendered":"https:\/\/soymigrante.com\/revista\/?p=10915"},"modified":"2024-11-01T11:53:59","modified_gmt":"2024-11-01T17:53:59","slug":"festival-de-barriletes-de-santiago-sacatepequez-lleva-125-anos-de-tradicion","status":"publish","type":"post","link":"https:\/\/soymigrante.com\/revista\/festival-de-barriletes-de-santiago-sacatepequez-lleva-125-anos-de-tradicion\/","title":{"rendered":"Festival de Barriletes de Santiago Sacatep\u00e9quez lleva 125 a\u00f1os de tradici\u00f3n"},"content":{"rendered":"\t\t<div data-elementor-type=\"wp-post\" data-elementor-id=\"10915\" class=\"elementor elementor-10915\" data-elementor-post-type=\"post\">\n\t\t\t\t<div data-particle_enable=\"false\" data-particle-mobile-disabled=\"false\" class=\"elementor-element elementor-element-81fe365 e-flex e-con-boxed e-con e-parent\" data-id=\"81fe365\" data-element_type=\"container\" data-e-type=\"container\">\n\t\t\t\t\t<div class=\"e-con-inner\">\n\t\t\t\t<div class=\"elementor-element elementor-element-07f92dc elementor-widget elementor-widget-heading\" data-id=\"07f92dc\" data-element_type=\"widget\" data-e-type=\"widget\" data-widget_type=\"heading.default\">\n\t\t\t\t\t<h2 class=\"elementor-heading-title elementor-size-default\">Este 1 y 2 de noviembre, Guatemala cumple 125 a\u00f1os de una de sus tradiciones m\u00e1s significativas: el Festival de Barriletes Gigantes en Santiago Sacatep\u00e9quez.\n<\/h2>\t\t\t\t<\/div>\n\t\t\t\t\t<\/div>\n\t\t\t\t<\/div>\n\t\t<div data-particle_enable=\"false\" data-particle-mobile-disabled=\"false\" class=\"elementor-element elementor-element-dc2ae6b e-flex e-con-boxed e-con e-parent\" data-id=\"dc2ae6b\" data-element_type=\"container\" data-e-type=\"container\">\n\t\t\t\t\t<div class=\"e-con-inner\">\n\t\t\t\t<div class=\"elementor-element elementor-element-d784f81 elementor-widget elementor-widget-text-editor\" data-id=\"d784f81\" data-element_type=\"widget\" data-e-type=\"widget\" data-widget_type=\"text-editor.default\">\n\t\t\t\t\t\t\t\t\t<p>Aunque se le llama festival, la tradici\u00f3n de los barriletes gigantes de Santiago Sacatep\u00e9quez constituye un ritual espiritual que pone en contacto a los fieles con las almas de sus ancestros. Es innegable el colorido y la magnificencia de los barriletes que ese elaboran, as\u00ed como su esp\u00edritu festivo, por lo cual ya es un \u00edcono de Guatemala, que cumple 125 a\u00f1os de celebrarse, cada 1 y 2 de noviembre.<\/p><p>De alguna manera, tiene un hermano menor, e<span style=\"color: var( --e-global-color-text ); text-align: var(--text-align);\">l Festival de Sumpango Sacatep\u00e9quez, tambi\u00e9n de similares caracter\u00edsticas, <\/span><a style=\"text-align: var(--text-align);\" href=\"https:\/\/soymigrante.com\/revista\/category\/guate-nuestra\/\" target=\"_blank\" rel=\"noopener\">un evento cultural y espiritual que se celebra todos los a\u00f1os el 1 de noviembre en <\/a>el municipio vecino.<span style=\"color: var( --e-global-color-text ); text-align: var(--text-align);\">.<\/span><\/p><p>Sin embargo, la antg\u00fcedad del ritual en Santiago Sacatep\u00e9quez est\u00e1 documentada y llega a 125 a\u00f1os. Todo el pueblo y miles de visitantes se reunen en el campo de f\u00fatbol ubicado al lado del cementerio para participar en un concurso de barriletes gigantes. <a href=\"https:\/\/soymigrante.com\/revista\/category\/guate-nuestra\/\" target=\"_blank\" rel=\"noopener\">Cada barrilete es elaborado desde meses atr\u00e1s y participa en un concurso de creatividad y de vuelo.<\/a><\/p><p>El festival existe desde hace varios siglos y fue reconocido como patrimonio cultural de Guatemala por el Ministerio de Cultura y Deportes, el 30 de octubre de 1998.<\/p>\t\t\t\t\t\t\t\t<\/div>\n\t\t\t\t\t<\/div>\n\t\t\t\t<\/div>\n\t\t<div data-particle_enable=\"false\" data-particle-mobile-disabled=\"false\" class=\"elementor-element elementor-element-8391df3 e-flex e-con-boxed e-con e-parent\" data-id=\"8391df3\" data-element_type=\"container\" data-e-type=\"container\">\n\t\t\t\t\t<div class=\"e-con-inner\">\n\t\t\t\t<div class=\"elementor-element elementor-element-e5546b6 elementor-widget elementor-widget-facebook-embed\" data-id=\"e5546b6\" data-element_type=\"widget\" data-e-type=\"widget\" data-widget_type=\"facebook-embed.default\">\n\t\t\t\t\t<div style=\"min-height: 1px\" class=\"elementor-facebook-widget fb-post\" data-href=\"https:\/\/www.facebook.com\/story.php?story_fbid=950350897135100&#038;id=100064805945462&#038;mibextid=qi2Omg&#038;rdid=jflRIjbCjlkt2e9I\" data-show-text=\"false\"><\/div>\t\t\t\t<\/div>\n\t\t\t\t\t<\/div>\n\t\t\t\t<\/div>\n\t\t<div data-particle_enable=\"false\" data-particle-mobile-disabled=\"false\" class=\"elementor-element elementor-element-a4fa775 e-flex e-con-boxed e-con e-parent\" data-id=\"a4fa775\" data-element_type=\"container\" data-e-type=\"container\">\n\t\t\t\t\t<div class=\"e-con-inner\">\n\t\t\t\t<div class=\"elementor-element elementor-element-30b27e8 elementor-widget elementor-widget-text-editor\" data-id=\"30b27e8\" data-element_type=\"widget\" data-e-type=\"widget\" data-widget_type=\"text-editor.default\">\n\t\t\t\t\t\t\t\t\t<p><span style=\"color: var( --e-global-color-text ); text-align: var(--text-align);\">El festival\u00a0\u00a0<\/span><a style=\"text-align: var(--text-align);\" href=\"https:\/\/soymigrante.com\/revista\/category\/guate-nuestra\/\" target=\"_blank\" rel=\"noopener\">fue reconocido como patrimonio cultural de Guatemala por el Ministerio de Cultura y Deportes, el 30 de octubre de 1998<\/a>\u00a0debido a su profundo significado y difusi\u00f3n a nivel mundial. De hecho, algunos barriletes gigantes est\u00e1n en algunos museos o bien se ha empezado a difundir la tradici\u00f3n de elaborar barriletes y exponerlos en algunas comunidades migrantes guatemaltecas en EE.UU.<\/p>\t\t\t\t\t\t\t\t<\/div>\n\t\t\t\t\t<\/div>\n\t\t\t\t<\/div>\n\t\t<div data-particle_enable=\"false\" data-particle-mobile-disabled=\"false\" class=\"elementor-element elementor-element-aa3f71b e-flex e-con-boxed e-con e-parent\" data-id=\"aa3f71b\" data-element_type=\"container\" data-e-type=\"container\">\n\t\t\t\t\t<div class=\"e-con-inner\">\n\t\t\t\t<div class=\"elementor-element elementor-element-7e9f1e8 elementor-widget elementor-widget-facebook-embed\" data-id=\"7e9f1e8\" data-element_type=\"widget\" data-e-type=\"widget\" data-widget_type=\"facebook-embed.default\">\n\t\t\t\t\t<div style=\"min-height: 1px\" class=\"elementor-facebook-widget fb-post\" data-href=\"https:\/\/www.facebook.com\/photo\/?fbid=122150926640351146&#038;set=pb.61560534392899.-2207520000\" data-show-text=\"false\"><\/div>\t\t\t\t<\/div>\n\t\t\t\t\t<\/div>\n\t\t\t\t<\/div>\n\t\t<div data-particle_enable=\"false\" data-particle-mobile-disabled=\"false\" class=\"elementor-element elementor-element-808fd42 e-flex e-con-boxed e-con e-parent\" data-id=\"808fd42\" data-element_type=\"container\" data-e-type=\"container\">\n\t\t\t\t\t<div class=\"e-con-inner\">\n\t\t\t\t<div class=\"elementor-element elementor-element-64e7f3a elementor-widget elementor-widget-heading\" data-id=\"64e7f3a\" data-element_type=\"widget\" data-e-type=\"widget\" data-widget_type=\"heading.default\">\n\t\t\t\t\t<h3 class=\"elementor-heading-title elementor-size-default\">Origen de una tradici\u00f3n centenaria<\/h3>\t\t\t\t<\/div>\n\t\t\t\t\t<\/div>\n\t\t\t\t<\/div>\n\t\t<div data-particle_enable=\"false\" data-particle-mobile-disabled=\"false\" class=\"elementor-element elementor-element-905ced6 e-flex e-con-boxed e-con e-parent\" data-id=\"905ced6\" data-element_type=\"container\" data-e-type=\"container\">\n\t\t\t\t\t<div class=\"e-con-inner\">\n\t\t\t\t<div class=\"elementor-element elementor-element-44d8f65 elementor-widget elementor-widget-text-editor\" data-id=\"44d8f65\" data-element_type=\"widget\" data-e-type=\"widget\" data-widget_type=\"text-editor.default\">\n\t\t\t\t\t\t\t\t\t<p>La tradici\u00f3n de los barriletes gigantes tiene una conexi\u00f3n prehisp\u00e1nica, cuando los deudos de un difunto quer\u00edan ahuyentar a los malos esp\u00edritus. Cuando llega la tradici\u00f3n y cosmovisi\u00f3n cristiana, se sincretizan las creencias. Adem\u00e1s, el influjo de los barriletes llega con la conquista y se convierten en un nuevo lenguaje cultural.&nbsp;<\/p><p>Es as\u00ed como se configur\u00f3 en concepto del barrilete como un mensajero en pleno vuelo&nbsp;&nbsp;<a href=\"https:\/\/soymigrante.com\/revista\/category\/guate-nuestra\/\" target=\"_blank\" rel=\"noopener\">permitiendo que las almas de los seres queridos descansaran en paz y sus familiares se comunicaran con ellas<\/a>. Con el tiempo, esta pr\u00e1ctica se arraig\u00f3 en la comunidad, convirti\u00e9ndose en una celebraci\u00f3n que re\u00fane espiritualidad, arte y herencia cultural.<\/p>\n<p>A lo largo de los a\u00f1os, el festival ha evolucionado. <a href=\"https:\/\/soymigrante.com\/revista\/category\/guate-nuestra\/\" target=\"_blank\" rel=\"noopener\">Los dise\u00f1os de los barriletes han pasado de ser simples formas a convertirse en verdaderas obras de arte,<\/a> con tem\u00e1ticas que van desde la naturaleza hasta la justicia social y la identidad ind\u00edgena. Hoy en d\u00eda, el festival es un s\u00edmbolo de resistencia y orgullo cultural, en el que la tradici\u00f3n y la identidad guatemalteca se entrelazan para mantener viva esta pr\u00e1ctica milenaria.<\/p>\t\t\t\t\t\t\t\t<\/div>\n\t\t\t\t\t<\/div>\n\t\t\t\t<\/div>\n\t\t<div data-particle_enable=\"false\" data-particle-mobile-disabled=\"false\" class=\"elementor-element elementor-element-02f6d7b e-flex e-con-boxed e-con e-parent\" data-id=\"02f6d7b\" data-element_type=\"container\" data-e-type=\"container\">\n\t\t\t\t\t<div class=\"e-con-inner\">\n\t\t\t\t<div class=\"elementor-element elementor-element-5908d06 elementor-widget elementor-widget-video\" data-id=\"5908d06\" data-element_type=\"widget\" data-e-type=\"widget\" data-settings=\"{&quot;youtube_url&quot;:&quot;https:\\\/\\\/www.youtube.com\\\/watch?v=4dCugv7_ugg&quot;,&quot;video_type&quot;:&quot;youtube&quot;,&quot;controls&quot;:&quot;yes&quot;}\" data-widget_type=\"video.default\">\n\t\t\t\t\t\t\t<div class=\"elementor-wrapper elementor-open-inline\">\n\t\t\t<div class=\"elementor-video\"><\/div>\t\t<\/div>\n\t\t\t\t\t\t<\/div>\n\t\t\t\t\t<\/div>\n\t\t\t\t<\/div>\n\t\t<div data-particle_enable=\"false\" data-particle-mobile-disabled=\"false\" class=\"elementor-element elementor-element-4269ead e-flex e-con-boxed e-con e-parent\" data-id=\"4269ead\" data-element_type=\"container\" data-e-type=\"container\">\n\t\t\t\t\t<div class=\"e-con-inner\">\n\t\t\t\t<div class=\"elementor-element elementor-element-73c7428 elementor-widget elementor-widget-google_maps\" data-id=\"73c7428\" data-element_type=\"widget\" data-e-type=\"widget\" data-widget_type=\"google_maps.default\">\n\t\t\t\t\t\t\t<div class=\"elementor-custom-embed\">\n\t\t\t<iframe loading=\"lazy\"\n\t\t\t\t\tsrc=\"https:\/\/maps.google.com\/maps?q=Santiago%20Sacatepequez&#038;t=m&#038;z=10&#038;output=embed&#038;iwloc=near\"\n\t\t\t\t\ttitle=\"Santiago Sacatepequez\"\n\t\t\t\t\taria-label=\"Santiago Sacatepequez\"\n\t\t\t><\/iframe>\n\t\t<\/div>\n\t\t\t\t\t\t<\/div>\n\t\t\t\t\t<\/div>\n\t\t\t\t<\/div>\n\t\t<div data-particle_enable=\"false\" data-particle-mobile-disabled=\"false\" class=\"elementor-element elementor-element-5c98b11 e-flex e-con-boxed e-con e-parent\" data-id=\"5c98b11\" data-element_type=\"container\" data-e-type=\"container\">\n\t\t\t\t\t<div class=\"e-con-inner\">\n\t\t\t\t<div class=\"elementor-element elementor-element-95d04b1 elementor-widget elementor-widget-heading\" data-id=\"95d04b1\" data-element_type=\"widget\" data-e-type=\"widget\" data-widget_type=\"heading.default\">\n\t\t\t\t\t<h3 class=\"elementor-heading-title elementor-size-default\">Horarios y d\u00edas de celebraci\u00f3n<\/h3>\t\t\t\t<\/div>\n\t\t\t\t\t<\/div>\n\t\t\t\t<\/div>\n\t\t<div data-particle_enable=\"false\" data-particle-mobile-disabled=\"false\" class=\"elementor-element elementor-element-761a757 e-flex e-con-boxed e-con e-parent\" data-id=\"761a757\" data-element_type=\"container\" data-e-type=\"container\">\n\t\t\t\t\t<div class=\"e-con-inner\">\n\t\t\t\t<div class=\"elementor-element elementor-element-130b0de elementor-widget elementor-widget-text-editor\" data-id=\"130b0de\" data-element_type=\"widget\" data-e-type=\"widget\" data-widget_type=\"text-editor.default\">\n\t\t\t\t\t\t\t\t\t<p>Este a\u00f1o, el festival se llevar\u00e1 a cabo los d\u00edas 1 y 2 de noviembre, coincidiendo con el D\u00eda de los Muertos.<\/p><p><strong>Las actividades principales comenzar\u00e1n desde las 8:00 horas,<\/strong> cuando los barriletes gigantes ser\u00e1n desplegados y exhibidos en el campo de vuelo, un espacio abierto especialmente preparado para que los visitantes puedan admirarlos y los barrileteros puedan mostrar sus obras de arte. <a href=\"https:\/\/soymigrante.com\/revista\/category\/guate-nuestra\/\" target=\"_blank\" rel=\"noopener\">El evento se extiende hasta el anochecer, permitiendo a los asistentes disfrutar de exhibiciones de barriletes,<\/a> concursos y presentaciones art\u00edsticas, as\u00ed como degustar platillos tradicionales guatemaltecos.<\/p>\t\t\t\t\t\t\t\t<\/div>\n\t\t\t\t\t<\/div>\n\t\t\t\t<\/div>\n\t\t<div data-particle_enable=\"false\" data-particle-mobile-disabled=\"false\" class=\"elementor-element elementor-element-ad78520 e-flex e-con-boxed e-con e-parent\" data-id=\"ad78520\" data-element_type=\"container\" data-e-type=\"container\">\n\t\t\t\t\t<div class=\"e-con-inner\">\n\t\t\t\t<div class=\"elementor-element elementor-element-5e1d302 elementor-widget elementor-widget-facebook-embed\" data-id=\"5e1d302\" data-element_type=\"widget\" data-e-type=\"widget\" data-widget_type=\"facebook-embed.default\">\n\t\t\t\t\t<div style=\"min-height: 1px\" class=\"elementor-facebook-widget fb-post\" data-href=\"https:\/\/www.facebook.com\/photo.php?fbid=122149670630351146&#038;set=pb.61560534392899.-2207520000&#038;type=3\" data-show-text=\"false\"><\/div>\t\t\t\t<\/div>\n\t\t\t\t\t<\/div>\n\t\t\t\t<\/div>\n\t\t<div data-particle_enable=\"false\" data-particle-mobile-disabled=\"false\" class=\"elementor-element elementor-element-1eaa86f e-flex e-con-boxed e-con e-parent\" data-id=\"1eaa86f\" data-element_type=\"container\" data-e-type=\"container\">\n\t\t\t\t\t<div class=\"e-con-inner\">\n\t\t\t\t<div class=\"elementor-element elementor-element-fd7963e elementor-widget elementor-widget-heading\" data-id=\"fd7963e\" data-element_type=\"widget\" data-e-type=\"widget\" data-widget_type=\"heading.default\">\n\t\t\t\t\t<h3 class=\"elementor-heading-title elementor-size-default\">El proceso creativo: un trabajo de meses<\/h3>\t\t\t\t<\/div>\n\t\t\t\t\t<\/div>\n\t\t\t\t<\/div>\n\t\t<div data-particle_enable=\"false\" data-particle-mobile-disabled=\"false\" class=\"elementor-element elementor-element-d5a1ea6 e-flex e-con-boxed e-con e-parent\" data-id=\"d5a1ea6\" data-element_type=\"container\" data-e-type=\"container\">\n\t\t\t\t\t<div class=\"e-con-inner\">\n\t\t\t\t<div class=\"elementor-element elementor-element-ac16050 elementor-widget elementor-widget-text-editor\" data-id=\"ac16050\" data-element_type=\"widget\" data-e-type=\"widget\" data-widget_type=\"text-editor.default\">\n\t\t\t\t\t\t\t\t\t<p>El dise\u00f1o y construcci\u00f3n de los barriletes gigantes es una tarea que requiere meses de dedicaci\u00f3n. <a href=\"https:\/\/soymigrante.com\/revista\/category\/guate-nuestra\/\" target=\"_blank\" rel=\"noopener\">Los artesanos y barrileteros de Sumpango se organizan en grupos y dedican largas horas a la planificaci\u00f3n, creaci\u00f3n y pintura de los dise\u00f1os,<\/a> utilizando materiales tradicionales como papel de china, bamb\u00fa y pegamento artesanal. Cada barrilete, que puede alcanzar hasta los 20 metros de di\u00e1metro, lleva un mensaje profundo y, con frecuencia, aborda temas sociales y culturales, como el respeto a los derechos humanos, la preservaci\u00f3n del medio ambiente y el fortalecimiento de la identidad ind\u00edgena.<\/p>\t\t\t\t\t\t\t\t<\/div>\n\t\t\t\t\t<\/div>\n\t\t\t\t<\/div>\n\t\t<div data-particle_enable=\"false\" data-particle-mobile-disabled=\"false\" class=\"elementor-element elementor-element-dc16b75 e-flex e-con-boxed e-con e-parent\" data-id=\"dc16b75\" data-element_type=\"container\" data-e-type=\"container\">\n\t\t\t\t\t<div class=\"e-con-inner\">\n\t\t\t\t<div class=\"elementor-element elementor-element-6bbd2f3 elementor-widget elementor-widget-facebook-embed\" data-id=\"6bbd2f3\" data-element_type=\"widget\" data-e-type=\"widget\" data-widget_type=\"facebook-embed.default\">\n\t\t\t\t\t<div style=\"min-height: 1px\" class=\"elementor-facebook-widget fb-post\" data-href=\"https:\/\/www.facebook.com\/photo.php?fbid=122125657262351146&#038;set=pb.61560534392899.-2207520000&#038;type=3\" data-show-text=\"false\"><\/div>\t\t\t\t<\/div>\n\t\t\t\t\t<\/div>\n\t\t\t\t<\/div>\n\t\t<div data-particle_enable=\"false\" data-particle-mobile-disabled=\"false\" class=\"elementor-element elementor-element-69f8102 e-flex e-con-boxed e-con e-parent\" data-id=\"69f8102\" data-element_type=\"container\" data-e-type=\"container\">\n\t\t\t\t\t<div class=\"e-con-inner\">\n\t\t\t\t<div class=\"elementor-element elementor-element-195c5fb elementor-widget elementor-widget-heading\" data-id=\"195c5fb\" data-element_type=\"widget\" data-e-type=\"widget\" data-widget_type=\"heading.default\">\n\t\t\t\t\t<h3 class=\"elementor-heading-title elementor-size-default\">Tambi\u00e9n en Sumpango, Sacatep\u00e9quez<\/h3>\t\t\t\t<\/div>\n\t\t\t\t\t<\/div>\n\t\t\t\t<\/div>\n\t\t<div data-particle_enable=\"false\" data-particle-mobile-disabled=\"false\" class=\"elementor-element elementor-element-280c52c e-flex e-con-boxed e-con e-parent\" data-id=\"280c52c\" data-element_type=\"container\" data-e-type=\"container\">\n\t\t\t\t\t<div class=\"e-con-inner\">\n\t\t\t\t<div class=\"elementor-element elementor-element-6886c4f elementor-widget elementor-widget-google_maps\" data-id=\"6886c4f\" data-element_type=\"widget\" data-e-type=\"widget\" data-widget_type=\"google_maps.default\">\n\t\t\t\t\t\t\t<div class=\"elementor-custom-embed\">\n\t\t\t<iframe loading=\"lazy\"\n\t\t\t\t\tsrc=\"https:\/\/maps.google.com\/maps?q=Sumpango%2C%20Sacatepequez&#038;t=m&#038;z=10&#038;output=embed&#038;iwloc=near\"\n\t\t\t\t\ttitle=\"Sumpango, Sacatepequez\"\n\t\t\t\t\taria-label=\"Sumpango, Sacatepequez\"\n\t\t\t><\/iframe>\n\t\t<\/div>\n\t\t\t\t\t\t<\/div>\n\t\t\t\t\t<\/div>\n\t\t\t\t<\/div>\n\t\t<div data-particle_enable=\"false\" data-particle-mobile-disabled=\"false\" class=\"elementor-element elementor-element-3b09e49 e-flex e-con-boxed e-con e-parent\" data-id=\"3b09e49\" data-element_type=\"container\" data-e-type=\"container\">\n\t\t\t\t\t<div class=\"e-con-inner\">\n\t\t\t\t<div class=\"elementor-element elementor-element-b8c2ef3 elementor-widget elementor-widget-text-editor\" data-id=\"b8c2ef3\" data-element_type=\"widget\" data-e-type=\"widget\" data-widget_type=\"text-editor.default\">\n\t\t\t\t\t\t\t\t\t<p>El festival de barriletes de Sumpango, que tambi\u00e9n es municipio de Sacatep\u00e9quez, es m\u00e1s que una celebraci\u00f3n; representa un pilar fundamental de la identidad guatemalteca. <a href=\"https:\/\/soymigrante.com\/revista\/category\/guate-nuestra\/\" target=\"_blank\" rel=\"noopener\">Para los habitantes de Sumpango, es una oportunidad de honrar a sus antepasados y expresar su creatividad y orgullo cultural.<\/a> Para los visitantes nacionales e internacionales, el festival ofrece una experiencia \u00fanica y conmovedora que permite conocer de cerca las costumbres y valores de Guatemala.<\/p><p>Este evento no solo atrae a muchos de turistas, sino que tambi\u00e9n fortalece la econom\u00eda local, promoviendo el turismo y generando ingresos para los artesanos y comerciantes de la regi\u00f3n. A nivel cultural, el festival es un recordatorio de la riqueza y diversidad de la cultura guatemalteca y la importancia de preservar y transmitir estas tradiciones a las nuevas generaciones.<\/p>\t\t\t\t\t\t\t\t<\/div>\n\t\t\t\t\t<\/div>\n\t\t\t\t<\/div>\n\t\t<div data-particle_enable=\"false\" data-particle-mobile-disabled=\"false\" class=\"elementor-element elementor-element-4a889b9 e-flex e-con-boxed e-con e-parent\" data-id=\"4a889b9\" data-element_type=\"container\" data-e-type=\"container\">\n\t\t\t\t\t<div class=\"e-con-inner\">\n\t\t\t\t<div class=\"elementor-element elementor-element-e0ecee2 elementor-widget elementor-widget-heading\" data-id=\"e0ecee2\" data-element_type=\"widget\" data-e-type=\"widget\" data-widget_type=\"heading.default\">\n\t\t\t\t\t<h3 class=\"elementor-heading-title elementor-size-default\">Un legado para futuras generaciones<\/h3>\t\t\t\t<\/div>\n\t\t\t\t\t<\/div>\n\t\t\t\t<\/div>\n\t\t<div data-particle_enable=\"false\" data-particle-mobile-disabled=\"false\" class=\"elementor-element elementor-element-8df3a04 e-flex e-con-boxed e-con e-parent\" data-id=\"8df3a04\" data-element_type=\"container\" data-e-type=\"container\">\n\t\t\t\t\t<div class=\"e-con-inner\">\n\t\t\t\t<div class=\"elementor-element elementor-element-7d321e2 elementor-widget elementor-widget-text-editor\" data-id=\"7d321e2\" data-element_type=\"widget\" data-e-type=\"widget\" data-widget_type=\"text-editor.default\">\n\t\t\t\t\t\t\t\t\t<p><a href=\"https:\/\/soymigrante.com\/revista\/category\/guate-nuestra\/\" target=\"_blank\" rel=\"noopener\">Con 125 a\u00f1os de historia, el festival de barriletes de Sumpango ha logrado lo que pocos eventos pueden: perdurar en el tiempo y adaptarse a los cambios sociales sin perder su esencia.<\/a> Para los habitantes de Sumpango, es un s\u00edmbolo de identidad y un legado que desean preservar y transmitir a las futuras generaciones.<\/p><p>Este 1 y 2 de noviembre, el festival no solo celebrar\u00e1 su historia, sino tambi\u00e9n su compromiso con la cultura, el arte y la espiritualidad de Guatemala, recordando a todos los presentes que, a trav\u00e9s del vuelo de los barriletes, los recuerdos y el amor por los seres queridos que partieron siguen vivos.<\/p>\t\t\t\t\t\t\t\t<\/div>\n\t\t\t\t\t<\/div>\n\t\t\t\t<\/div>\n\t\t<div data-particle_enable=\"false\" data-particle-mobile-disabled=\"false\" class=\"elementor-element elementor-element-55c969f e-flex e-con-boxed e-con e-parent\" data-id=\"55c969f\" data-element_type=\"container\" data-e-type=\"container\">\n\t\t\t\t\t<div class=\"e-con-inner\">\n\t\t\t\t<div class=\"elementor-element elementor-element-29df8e5 elementor-widget elementor-widget-heading\" data-id=\"29df8e5\" data-element_type=\"widget\" data-e-type=\"widget\" data-widget_type=\"heading.default\">\n\t\t\t\t\t<h2 class=\"elementor-heading-title elementor-size-default\">Te puede interesar...<\/h2>\t\t\t\t<\/div>\n\t\t\t\t\t<\/div>\n\t\t\t\t<\/div>\n\t\t<div data-particle_enable=\"false\" data-particle-mobile-disabled=\"false\" class=\"elementor-element elementor-element-db953b4 e-flex e-con-boxed e-con e-parent\" data-id=\"db953b4\" data-element_type=\"container\" data-e-type=\"container\">\n\t\t\t\t\t<div class=\"e-con-inner\">\n\t\t\t\t<div class=\"elementor-element elementor-element-a93fa2b elementor-widget elementor-widget-blfe-post-grid\" data-id=\"a93fa2b\" data-element_type=\"widget\" data-e-type=\"widget\" data-settings=\"{&quot;columns&quot;:&quot;3&quot;,&quot;columns_tablet&quot;:&quot;6&quot;,&quot;columns_mobile&quot;:&quot;12&quot;,&quot;hero1_layout_column_gap&quot;:{&quot;unit&quot;:&quot;px&quot;,&quot;size&quot;:30,&quot;sizes&quot;:[]},&quot;hero1_layout_column_gap_tablet&quot;:{&quot;unit&quot;:&quot;px&quot;,&quot;size&quot;:&quot;&quot;,&quot;sizes&quot;:[]},&quot;hero1_layout_column_gap_mobile&quot;:{&quot;unit&quot;:&quot;px&quot;,&quot;size&quot;:&quot;&quot;,&quot;sizes&quot;:[]},&quot;hero1_layout_row_gap&quot;:{&quot;unit&quot;:&quot;px&quot;,&quot;size&quot;:30,&quot;sizes&quot;:[]},&quot;hero1_layout_row_gap_tablet&quot;:{&quot;unit&quot;:&quot;px&quot;,&quot;size&quot;:&quot;&quot;,&quot;sizes&quot;:[]},&quot;hero1_layout_row_gap_mobile&quot;:{&quot;unit&quot;:&quot;px&quot;,&quot;size&quot;:&quot;&quot;,&quot;sizes&quot;:[]}}\" data-widget_type=\"blfe-post-grid.hero1\">\n\t\t\t\t<div class=\"elementor-widget-container\">\n\t\t\t\t\t\n                        <div class=\"blfe-post-grid-container \">\n            \n                <div data-skin=\"hero1\" class=\"blfe-row blfe-posts-inner blfe-hero1 blfe-posts-inner blfe-col-3 blfe-col-tab-6 blfe-col-mob-12     \">\n                            <div class=\"blfe-post-grid-item\">\n            <div class=\"blfe-post-grid-item-inner blfe-modern-zoom\">\n                        <div class=\"blfe-post-grid-bg-image\">\n            <a class=\"blfe-post-grid-image-inner\" href=\"https:\/\/soymigrante.com\/revista\/regina-ruiz-borda-con-amor-y-dedicacion-en-yumei\/\" title=\"Regina Ruiz ofrece art\u00edculos bordados con dedicaci\u00f3n y amor en Yumei\" rel=\"nofollow\" target=\"_blank\"><img decoding=\"async\" src=\"https:\/\/soymigrante.com\/revista\/wp-content\/uploads\/2024\/12\/Regina-Ruiz-es-una-emprendedora-que-hila-con-amor-2-e1733269259338.webp\" alt=\"Regina Ruiz ofrece art\u00edculos bordados con dedicaci\u00f3n y amor en Yumei\"\/><\/a>        <\/div>\n                        <div class=\"blfe-post-grid-details\">\n                    <div class=\"blfe-post-grid-details-inner\">\n                        <span class=\"blfe-post-category\"><a href=\"https:\/\/soymigrante.com\/revista\/category\/guate-nuestra\/\">Guate Nuestra<\/a><\/span>                        <h3 class=\"blfe-post-grid-title\">\n            <a href=\"https:\/\/soymigrante.com\/revista\/regina-ruiz-borda-con-amor-y-dedicacion-en-yumei\/\" title=\"Regina Ruiz ofrece art\u00edculos bordados con dedicaci\u00f3n y amor en Yumei\" rel=\"nofollow\" target=\"_blank\">Regina Ruiz ofrece art\u00edculos bordados con dedicaci\u00f3n y amor en Yumei<\/a>\n            <\/h3>                                                            <div class=\"blfe-post-grid-meta\">\n                <span class=\"blfe-post-grid-time\"><i class=\"fas fa-book-reader\"><\/i>4 Min read<\/span>            <\/div>\n                                                        <\/div>\n                <\/div>\n\n            <\/div>\n        <\/div>\n                <div class=\"blfe-post-grid-item\">\n            <div class=\"blfe-post-grid-item-inner blfe-modern-zoom\">\n                        <div class=\"blfe-post-grid-bg-image\">\n            <a class=\"blfe-post-grid-image-inner\" href=\"https:\/\/soymigrante.com\/revista\/guatemala-danza-el-baile-de-toritos-es-una-fiesta-de-400-anos-de-antiguedad\/\" title=\"Danzas de Guatemala: El Baile del Torito es una fiesta con m\u00e1s de 400 a\u00f1os de antig\u00fcedad\" rel=\"nofollow\" target=\"_blank\"><img decoding=\"async\" src=\"https:\/\/soymigrante.com\/revista\/wp-content\/uploads\/2023\/09\/BAILE-DEL-TORITO-FUENTE-ARCHIVO-SIC-e1694019451736.webp\" alt=\"Danzas de Guatemala: El Baile del Torito es una fiesta con m\u00e1s de 400 a\u00f1os de antig\u00fcedad\"\/><\/a>        <\/div>\n                        <div class=\"blfe-post-grid-details\">\n                    <div class=\"blfe-post-grid-details-inner\">\n                        <span class=\"blfe-post-category\"><a href=\"https:\/\/soymigrante.com\/revista\/category\/guate-nuestra\/\">Guate Nuestra<\/a><\/span>                        <h3 class=\"blfe-post-grid-title\">\n            <a href=\"https:\/\/soymigrante.com\/revista\/guatemala-danza-el-baile-de-toritos-es-una-fiesta-de-400-anos-de-antiguedad\/\" title=\"Danzas de Guatemala: El Baile del Torito es una fiesta con m\u00e1s de 400 a\u00f1os de antig\u00fcedad\" rel=\"nofollow\" target=\"_blank\">Danzas de Guatemala: El Baile del Torito es una fiesta con m\u00e1s de 400 a\u00f1os de antig\u00fcedad<\/a>\n            <\/h3>                                                            <div class=\"blfe-post-grid-meta\">\n                <span class=\"blfe-post-grid-time\"><i class=\"fas fa-book-reader\"><\/i>4 Min read<\/span>            <\/div>\n                                                        <\/div>\n                <\/div>\n\n            <\/div>\n        <\/div>\n                <div class=\"blfe-post-grid-item\">\n            <div class=\"blfe-post-grid-item-inner blfe-modern-zoom\">\n                        <div class=\"blfe-post-grid-bg-image\">\n            <a class=\"blfe-post-grid-image-inner\" href=\"https:\/\/soymigrante.com\/revista\/danza-guatemala-el-ancestral-baile-del-venado\/\" title=\"Danzas de Guatemala: El  Baile del Venado est\u00e1 en la memoria de muchos migrantes.\" rel=\"nofollow\" target=\"_blank\"><img decoding=\"async\" src=\"https:\/\/soymigrante.com\/revista\/wp-content\/uploads\/2023\/09\/DANZA-DEL-VENADO-CUNEN-QUICHE.webp\" alt=\"Danzas de Guatemala: El  Baile del Venado est\u00e1 en la memoria de muchos migrantes.\"\/><\/a>        <\/div>\n                        <div class=\"blfe-post-grid-details\">\n                    <div class=\"blfe-post-grid-details-inner\">\n                        <span class=\"blfe-post-category\"><a href=\"https:\/\/soymigrante.com\/revista\/category\/guate-nuestra\/\">Guate Nuestra<\/a><\/span>                        <h3 class=\"blfe-post-grid-title\">\n            <a href=\"https:\/\/soymigrante.com\/revista\/danza-guatemala-el-ancestral-baile-del-venado\/\" title=\"Danzas de Guatemala: El  Baile del Venado est\u00e1 en la memoria de muchos migrantes.\" rel=\"nofollow\" target=\"_blank\">Danzas de Guatemala: El  Baile del Venado est\u00e1 en la memoria de muchos migrantes.<\/a>\n            <\/h3>                                                            <div class=\"blfe-post-grid-meta\">\n                <span class=\"blfe-post-grid-time\"><i class=\"fas fa-book-reader\"><\/i>4 Min read<\/span>            <\/div>\n                                                        <\/div>\n                <\/div>\n\n            <\/div>\n        <\/div>\n                        <\/div>\n\n                        <\/div>\n            \n                        <div class=\"blfe-post-footer\">\n                        <\/div>\n            \t\t\t\t<\/div>\n\t\t\t\t<\/div>\n\t\t\t\t\t<\/div>\n\t\t\t\t<\/div>\n\t\t\t\t<\/div>\n\t\t","protected":false},"excerpt":{"rendered":"<p>Este 1 y 2 de noviembre, Guatemala cumple 125 a\u00f1os de una de sus tradiciones m\u00e1s significativas: el Festival de Barriletes Gigantes en Santiago Sacatep\u00e9quez. Aunque se le llama festival, la tradici\u00f3n de los barriletes gigantes de Santiago Sacatep\u00e9quez constituye un ritual espiritual que pone en contacto a los fieles con las almas de sus [&hellip;]<\/p>\n","protected":false},"author":19,"featured_media":10936,"comment_status":"open","ping_status":"open","sticky":false,"template":"","format":"standard","meta":{"_acf_changed":false,"_eb_attr":"","footnotes":""},"categories":[58],"tags":[],"class_list":["post-10915","post","type-post","status-publish","format-standard","has-post-thumbnail","hentry","category-guate-nuestra"],"acf":[],"aioseo_notices":[],"aioseo_head":"\n\t\t<!-- All in One SEO Pro 4.9.6.2 - aioseo.com -->\n\t<meta name=\"description\" content=\"Se calcula que El Baile del Venado surgi\u00f3 hace 1,500 a\u00f1os como un ritual de cacer\u00eda; tiene unos 26 danzantes y en cada localidad donde se celebra tiene distintas caracter\u00edsticas. Tradici\u00f3n en al menos 35 comunidades El Baile del Venado es una danza ritual que surgi\u00f3 hace unos 1,500 a\u00f1os, es decir en plena \u00e9poca\" \/>\n\t<meta name=\"robots\" content=\"max-snippet:-1, max-image-preview:large, max-video-preview:-1\" \/>\n\t<meta name=\"author\" content=\"Marysabel Aldana\"\/>\n\t<link rel=\"canonical\" href=\"https:\/\/soymigrante.com\/revista\/festival-de-barriletes-de-santiago-sacatepequez-lleva-125-anos-de-tradicion\/\" \/>\n\t<meta name=\"generator\" content=\"All in One SEO Pro (AIOSEO) 4.9.6.2\" \/>\n\n\t\t<link rel=\"preconnect\" href=\"https:\/\/fonts.googleapis.com\" crossorigin>\n<link rel=\"preconnect\" href=\"https:\/\/fonts.gstatic.com\" crossorigin>\n\t\t<meta property=\"og:locale\" content=\"es_ES\" \/>\n\t\t<meta property=\"og:site_name\" content=\"SoyMigrante.com REVISTA \u2013 Nuestra misi\u00f3n es reconocer y dignificar al migrante.\" \/>\n\t\t<meta property=\"og:type\" content=\"article\" \/>\n\t\t<meta property=\"og:title\" content=\"Festival de Barriletes de Santiago: 125 a\u00f1os de tradici\u00f3n\" \/>\n\t\t<meta property=\"og:description\" content=\"Una de las tradiciones m\u00e1s ic\u00f3nicas de Guatemala cumple 125 a\u00f1os: el festival de barriletes gigantes de Santiago Sacatep\u00e9quez.. Se celebra el 1 y 2 de noviembre.\" \/>\n\t\t<meta property=\"og:url\" content=\"https:\/\/soymigrante.com\/revista\/festival-de-barriletes-de-santiago-sacatepequez-lleva-125-anos-de-tradicion\/\" \/>\n\t\t<meta property=\"og:image\" content=\"https:\/\/soymigrante.com\/revista\/wp-content\/uploads\/2024\/10\/barriletes-santiago-atitlan-2.webp\" \/>\n\t\t<meta property=\"og:image:secure_url\" content=\"https:\/\/soymigrante.com\/revista\/wp-content\/uploads\/2024\/10\/barriletes-santiago-atitlan-2.webp\" \/>\n\t\t<meta property=\"og:image:width\" content=\"1485\" \/>\n\t\t<meta property=\"og:image:height\" content=\"1485\" \/>\n\t\t<meta property=\"article:published_time\" content=\"2024-10-30T21:35:49+00:00\" \/>\n\t\t<meta property=\"article:modified_time\" content=\"2024-11-01T17:53:59+00:00\" \/>\n\t\t<meta property=\"article:publisher\" content=\"https:\/\/www.facebook.com\/soymigrantecom\" \/>\n\t\t<meta name=\"twitter:card\" content=\"summary_large_image\" \/>\n\t\t<meta name=\"twitter:site\" content=\"@SoyMigrante_com\" \/>\n\t\t<meta name=\"twitter:title\" content=\"Festival de Barriletes de Santiago: 125 a\u00f1os de tradici\u00f3n\" \/>\n\t\t<meta name=\"twitter:description\" content=\"Una de las tradiciones m\u00e1s ic\u00f3nicas de Guatemala cumple 125 a\u00f1os: el festival de barriletes gigantes de Santiago Sacatep\u00e9quez.. Se celebra el 1 y 2 de noviembre.\" \/>\n\t\t<meta name=\"twitter:creator\" content=\"@SoyMigrante_com\" \/>\n\t\t<meta name=\"twitter:image\" content=\"https:\/\/soymigrante.com\/revista\/wp-content\/uploads\/2024\/10\/barriletes-santiago-atitlan-2.webp\" \/>\n\t\t<!-- All in One SEO Pro -->\r\n\t\t<title>Festival de Barriletes de Santiago: 125 a\u00f1os de tradici\u00f3n<\/title>\n\n","aioseo_head_json":{"title":"Festival de Barriletes de Santiago: 125 a\u00f1os de tradici\u00f3n","description":"Una de las tradiciones m\u00e1s ic\u00f3nicas de Guatemala cumple 125 a\u00f1os: el festival de barriletes gigantes de Santiago Sacatep\u00e9quez.. Se celebra el 1 y 2 de noviembre.","canonical_url":"https:\/\/soymigrante.com\/revista\/festival-de-barriletes-de-santiago-sacatepequez-lleva-125-anos-de-tradicion\/","robots":"max-snippet:-1, max-image-preview:large, max-video-preview:-1","keywords":"","webmasterTools":{"miscellaneous":"&lt;link rel=\"preconnect\" href=\"https:\/\/fonts.googleapis.com\" crossorigin&gt;\n&lt;link rel=\"preconnect\" href=\"https:\/\/fonts.gstatic.com\" crossorigin&gt;"},"schema":null,"og:locale":"es_ES","og:site_name":"SoyMigrante.com REVISTA \u2013 Nuestra misi\u00f3n es reconocer y dignificar al migrante.","og:type":"article","og:title":"Festival de Barriletes de Santiago: 125 a\u00f1os de tradici\u00f3n","og:description":"Una de las tradiciones m\u00e1s ic\u00f3nicas de Guatemala cumple 125 a\u00f1os: el festival de barriletes gigantes de Santiago Sacatep\u00e9quez.. Se celebra el 1 y 2 de noviembre.","og:url":"https:\/\/soymigrante.com\/revista\/festival-de-barriletes-de-santiago-sacatepequez-lleva-125-anos-de-tradicion\/","og:image":"https:\/\/soymigrante.com\/revista\/wp-content\/uploads\/2024\/10\/barriletes-santiago-atitlan-2.webp","og:image:secure_url":"https:\/\/soymigrante.com\/revista\/wp-content\/uploads\/2024\/10\/barriletes-santiago-atitlan-2.webp","og:image:width":1485,"og:image:height":1485,"article:published_time":"2024-10-30T21:35:49+00:00","article:modified_time":"2024-11-01T17:53:59+00:00","article:publisher":"https:\/\/www.facebook.com\/soymigrantecom","twitter:card":"summary_large_image","twitter:site":"@SoyMigrante_com","twitter:title":"Festival de Barriletes de Santiago: 125 a\u00f1os de tradici\u00f3n","twitter:description":"Una de las tradiciones m\u00e1s ic\u00f3nicas de Guatemala cumple 125 a\u00f1os: el festival de barriletes gigantes de Santiago Sacatep\u00e9quez.. Se celebra el 1 y 2 de noviembre.","twitter:creator":"@SoyMigrante_com","twitter:image":"https:\/\/soymigrante.com\/revista\/wp-content\/uploads\/2024\/10\/barriletes-santiago-atitlan-2.webp"},"aioseo_meta_data":{"post_id":"10915","title":"Festival de Barriletes de Santiago: 125 a\u00f1os de tradici\u00f3n","description":"Una de las tradiciones m\u00e1s ic\u00f3nicas de Guatemala cumple 125 a\u00f1os: el festival de barriletes gigantes de Santiago Sacatep\u00e9quez.. Se celebra el 1 y 2 de noviembre.","keywords":null,"keyphrases":{"focus":{"keyphrase":"Festival de barriletes","score":60,"analysis":{"keyphraseInTitle":{"score":9,"maxScore":9,"error":0},"keyphraseInDescription":{"score":9,"maxScore":9,"error":0},"keyphraseLength":{"score":9,"maxScore":9,"error":0,"length":3},"keyphraseInURL":{"score":5,"maxScore":5,"error":0},"keyphraseInIntroduction":{"score":3,"maxScore":9,"error":1},"keyphraseInSubHeadings":{"score":3,"maxScore":9,"error":1},"keyphraseInImageAlt":{"score":3,"maxScore":9,"error":1},"keywordDensity":{"score":0,"type":"low","maxScore":9,"error":1}}},"additional":[{"keyphrase":"Santiago Atitl\u00e1n","score":40,"analysis":{"keyphraseInDescription":{"score":3,"maxScore":9,"error":1},"keyphraseLength":{"score":9,"maxScore":9,"error":0,"length":3},"keyphraseInIntroduction":{"score":3,"maxScore":9,"error":1},"keyphraseInImageAlt":{"score":3,"maxScore":9,"error":1},"keywordDensity":{"score":0,"type":"low","maxScore":9,"error":1}}}]},"primary_term":null,"canonical_url":null,"og_title":null,"og_description":null,"og_object_type":"default","og_image_type":"default","og_image_url":null,"og_image_width":null,"og_image_height":null,"og_image_custom_url":null,"og_image_custom_fields":null,"og_video":"","og_custom_url":null,"og_article_section":null,"og_article_tags":null,"twitter_use_og":false,"twitter_card":"default","twitter_image_type":"default","twitter_image_url":null,"twitter_image_custom_url":null,"twitter_image_custom_fields":null,"twitter_title":null,"twitter_description":null,"schema":{"blockGraphs":[],"customGraphs":[],"default":{"data":{"Article":[],"Course":[],"Dataset":[],"FAQPage":[],"Movie":[],"Person":[],"Product":[],"ProductReview":[],"Car":[],"Recipe":[],"Service":[],"SoftwareApplication":[],"WebPage":[]},"graphName":"Article","isEnabled":true},"graphs":[]},"schema_type":"default","schema_type_options":null,"pillar_content":false,"robots_default":true,"robots_noindex":false,"robots_noarchive":false,"robots_nosnippet":false,"robots_nofollow":false,"robots_noimageindex":false,"robots_noodp":false,"robots_notranslate":false,"robots_max_snippet":"-1","robots_max_videopreview":"-1","robots_max_imagepreview":"large","priority":null,"frequency":"default","local_seo":null,"seo_analyzer_scan_date":"2025-10-08 23:55:20","breadcrumb_settings":null,"limit_modified_date":false,"reviewed_by":null,"open_ai":"{\"title\":{\"suggestions\":[],\"usage\":0},\"description\":{\"suggestions\":[],\"usage\":0}}","ai":null,"created":"2024-10-29 23:35:42","updated":"2026-02-04 15:21:59"},"aioseo_breadcrumb":"<div class=\"aioseo-breadcrumbs\"><span class=\"aioseo-breadcrumb\">\n\t<a href=\"https:\/\/soymigrante.com\/revista\" title=\"Home\">Home<\/a>\n<\/span><span class=\"aioseo-breadcrumb-separator\">\u00bb<\/span><span class=\"aioseo-breadcrumb\">\n\t<a href=\"https:\/\/soymigrante.com\/revista\/category\/guate-nuestra\/\" title=\"Guate Nuestra\">Guate Nuestra<\/a>\n<\/span><span class=\"aioseo-breadcrumb-separator\">\u00bb<\/span><span class=\"aioseo-breadcrumb\">\n\tFestival de Barriletes de Santiago Sacatep\u00e9quez lleva 125 a\u00f1os de tradici\u00f3n\n<\/span><\/div>","aioseo_breadcrumb_json":[{"label":"Home","link":"https:\/\/soymigrante.com\/revista"},{"label":"Guate Nuestra","link":"https:\/\/soymigrante.com\/revista\/category\/guate-nuestra\/"},{"label":"Festival de Barriletes de Santiago Sacatep\u00e9quez lleva 125 a\u00f1os de tradici\u00f3n","link":"https:\/\/soymigrante.com\/revista\/festival-de-barriletes-de-santiago-sacatepequez-lleva-125-anos-de-tradicion\/"}],"_links":{"self":[{"href":"https:\/\/soymigrante.com\/revista\/wp-json\/wp\/v2\/posts\/10915","targetHints":{"allow":["GET"]}}],"collection":[{"href":"https:\/\/soymigrante.com\/revista\/wp-json\/wp\/v2\/posts"}],"about":[{"href":"https:\/\/soymigrante.com\/revista\/wp-json\/wp\/v2\/types\/post"}],"author":[{"embeddable":true,"href":"https:\/\/soymigrante.com\/revista\/wp-json\/wp\/v2\/users\/19"}],"replies":[{"embeddable":true,"href":"https:\/\/soymigrante.com\/revista\/wp-json\/wp\/v2\/comments?post=10915"}],"version-history":[{"count":0,"href":"https:\/\/soymigrante.com\/revista\/wp-json\/wp\/v2\/posts\/10915\/revisions"}],"wp:featuredmedia":[{"embeddable":true,"href":"https:\/\/soymigrante.com\/revista\/wp-json\/wp\/v2\/media\/10936"}],"wp:attachment":[{"href":"https:\/\/soymigrante.com\/revista\/wp-json\/wp\/v2\/media?parent=10915"}],"wp:term":[{"taxonomy":"category","embeddable":true,"href":"https:\/\/soymigrante.com\/revista\/wp-json\/wp\/v2\/categories?post=10915"},{"taxonomy":"post_tag","embeddable":true,"href":"https:\/\/soymigrante.com\/revista\/wp-json\/wp\/v2\/tags?post=10915"}],"curies":[{"name":"wp","href":"https:\/\/api.w.org\/{rel}","templated":true}]}}