{"id":10824,"date":"2024-10-29T17:21:55","date_gmt":"2024-10-29T23:21:55","guid":{"rendered":"https:\/\/soymigrante.com\/revista\/?p=10824"},"modified":"2024-10-31T20:50:43","modified_gmt":"2024-11-01T02:50:43","slug":"norma-pineda-y-su-esposo-dirigen-su-exitosa-fabrica-de-bardas-west-stamford-fence","status":"publish","type":"post","link":"https:\/\/soymigrante.com\/revista\/norma-pineda-y-su-esposo-dirigen-su-exitosa-fabrica-de-bardas-west-stamford-fence\/","title":{"rendered":"Norma Pineda y su esposo dirigen exitosa f\u00e1brica de bardas West Stamford Fence en Connecticut"},"content":{"rendered":"\t\t<div data-elementor-type=\"wp-post\" data-elementor-id=\"10824\" class=\"elementor elementor-10824\" data-elementor-post-type=\"post\">\n\t\t\t\t<div data-particle_enable=\"false\" data-particle-mobile-disabled=\"false\" class=\"elementor-element elementor-element-fa7ce17 e-flex e-con-boxed e-con e-parent\" data-id=\"fa7ce17\" data-element_type=\"container\" data-e-type=\"container\">\n\t\t\t\t\t<div class=\"e-con-inner\">\n\t\t\t\t<div class=\"elementor-element elementor-element-1485969 elementor-widget elementor-widget-heading\" data-id=\"1485969\" data-element_type=\"widget\" data-e-type=\"widget\" data-widget_type=\"heading.default\">\n\t\t\t\t\t<h2 class=\"elementor-heading-title elementor-size-default\"><span style=\"font-size: 31.2px;font-weight: 400\">Norma Pineda Vel\u00e1squez  lleg\u00f3 con su esposo hace 19 a\u00f1os a Connecticut; hace 16 fundaron su exitosa f\u00e1brica de cercas West Stamford Fence, pero nunca se olvidan de  San Ildefonso Ixtahuac\u00e1n, su pueblo natal, ni de los m\u00e1s necesitados. Ella relata su historia y muestra que para el \u00e9xito y la empat\u00eda nunca hay bardas.<\/span><\/h2>\t\t\t\t<\/div>\n\t\t\t\t\t<\/div>\n\t\t\t\t<\/div>\n\t\t<div data-particle_enable=\"false\" data-particle-mobile-disabled=\"false\" class=\"elementor-element elementor-element-b848a41 e-flex e-con-boxed e-con e-parent\" data-id=\"b848a41\" data-element_type=\"container\" data-e-type=\"container\">\n\t\t\t\t\t<div class=\"e-con-inner\">\n\t\t\t\t<div class=\"elementor-element elementor-element-ddae671 elementor-widget elementor-widget-text-editor\" data-id=\"ddae671\" data-element_type=\"widget\" data-e-type=\"widget\" data-widget_type=\"text-editor.default\">\n\t\t\t\t\t\t\t\t\t<p><span style=\"text-align: var(--text-align);\">&#8220;A los seis a\u00f1os empec\u00e9 a trabajar, haciendo limpieza y ayudando en el oficio en casas. No tuve mu\u00f1ecas, ni juegos, crec\u00ed trabajando a causa de la pobreza&#8221;, relata Norma Pineda Vel\u00e1squez, migrante guatemalteca originaria de San Ildefonso Ixtahuac\u00e1n, Huehuetenango y residente desde hace dos d\u00e9cadas en Stamford, Connecticut.<\/span><\/p><p>Junto a su esposo, Juan fundaron West Stamford Fence, empresa que fabrica bardas de metal o madera, al gusto y necesidad del cliente, con calidad al detalle, por lo cual figura en el top de su ramo en el Estado. Pero su \u00e9xito no les hace olvidar de la necesidad ajena y efect\u00faan actividades ben\u00e9ficas en su natal Ixtahuac\u00e1n, con participaci\u00f3n de otros paisanos migrantes en EE.UU. Esta es su historia.<\/p>\t\t\t\t\t\t\t\t<\/div>\n\t\t\t\t\t<\/div>\n\t\t\t\t<\/div>\n\t\t<div data-particle_enable=\"false\" data-particle-mobile-disabled=\"false\" class=\"elementor-element elementor-element-8f83e39 e-flex e-con-boxed e-con e-parent\" data-id=\"8f83e39\" data-element_type=\"container\" data-e-type=\"container\">\n\t\t\t\t\t<div class=\"e-con-inner\">\n\t\t\t\t<div class=\"elementor-element elementor-element-d72d8b2 elementor-widget elementor-widget-image\" data-id=\"d72d8b2\" data-element_type=\"widget\" data-e-type=\"widget\" data-widget_type=\"image.default\">\n\t\t\t\t\t\t\t\t\t\t\t\t<figure class=\"wp-caption\">\n\t\t\t\t\t\t\t\t\t\t<img fetchpriority=\"high\" decoding=\"async\" width=\"768\" height=\"368\" src=\"https:\/\/soymigrante.com\/revista\/wp-content\/uploads\/2024\/10\/norma-pineda-migrante-2-e1746678683132-1024x491.webp\" class=\"attachment-large size-large wp-image-10829\" alt=\"Personas migrantes en un mirador con vista urbana y r\u00edo, mostrando diversidad y comunidad migrante en el contexto de la Revista SoyMigrante.com, enfocada en derechos y experiencias de migrantes en Espa\u00f1a.\" srcset=\"https:\/\/soymigrante.com\/revista\/wp-content\/uploads\/2024\/10\/norma-pineda-migrante-2-e1746678683132-1024x491.webp 1024w, https:\/\/soymigrante.com\/revista\/wp-content\/uploads\/2024\/10\/norma-pineda-migrante-2-e1746678683132-300x144.webp 300w, https:\/\/soymigrante.com\/revista\/wp-content\/uploads\/2024\/10\/norma-pineda-migrante-2-e1746678683132-768x368.webp 768w, https:\/\/soymigrante.com\/revista\/wp-content\/uploads\/2024\/10\/norma-pineda-migrante-2-e1746678683132-750x359.webp 750w, https:\/\/soymigrante.com\/revista\/wp-content\/uploads\/2024\/10\/norma-pineda-migrante-2-e1746678683132-1140x546.webp 1140w, https:\/\/soymigrante.com\/revista\/wp-content\/uploads\/2024\/10\/norma-pineda-migrante-2-e1746678683132.webp 1440w\" sizes=\"(max-width: 768px) 100vw, 768px\" title=\"Norma Pineda y su esposo Juan Vel\u00e1squez, junto a sus hijos Katie y Dominic. \u2013 SoyMigrante.com REVISTA\" \/>\t\t\t\t\t\t\t\t\t\t\t<figcaption class=\"widget-image-caption wp-caption-text\">Norma Pineda y su esposo Juan Vel\u00e1squez, junto a sus hijos Katie y Dominic.<\/figcaption>\n\t\t\t\t\t\t\t\t\t\t<\/figure>\n\t\t\t\t\t\t\t\t\t<\/div>\n\t\t\t\t\t<\/div>\n\t\t\t\t<\/div>\n\t\t<div data-particle_enable=\"false\" data-particle-mobile-disabled=\"false\" class=\"elementor-element elementor-element-99ece1a e-flex e-con-boxed e-con e-parent\" data-id=\"99ece1a\" data-element_type=\"container\" data-e-type=\"container\">\n\t\t\t\t\t<div class=\"e-con-inner\">\n\t\t\t\t<div class=\"elementor-element elementor-element-a6642ae elementor-widget elementor-widget-heading\" data-id=\"a6642ae\" data-element_type=\"widget\" data-e-type=\"widget\" data-widget_type=\"heading.default\">\n\t\t\t\t\t<h3 class=\"elementor-heading-title elementor-size-default\">Norma emprende un camino con Juan<\/h3>\t\t\t\t<\/div>\n\t\t\t\t\t<\/div>\n\t\t\t\t<\/div>\n\t\t<div data-particle_enable=\"false\" data-particle-mobile-disabled=\"false\" class=\"elementor-element elementor-element-d229e66 e-flex e-con-boxed e-con e-parent\" data-id=\"d229e66\" data-element_type=\"container\" data-e-type=\"container\">\n\t\t\t\t\t<div class=\"e-con-inner\">\n\t\t\t\t<div class=\"elementor-element elementor-element-8f92836 elementor-widget elementor-widget-text-editor\" data-id=\"8f92836\" data-element_type=\"widget\" data-e-type=\"widget\" data-widget_type=\"text-editor.default\">\n\t\t\t\t\t\t\t\t\t<p><span style=\"color: var( --e-global-color-text ); text-align: var(--text-align);\">&#8220;Soy Norma Pineda Vel\u00e1squez, soy esposa y madre de dos maravillosos hijos. Llegu\u00e9 en el 2005. Vine junto a mi esposo, Juan Vel\u00e1squez. Soy de San Ildefonso, Ixtahuac\u00e1n, departamento de Huehuetenango. Orgullosamente copalera&#8221;.<\/span><\/p><p>&#8220;Hab\u00eda intentado venir a los 14 a\u00f1os, pero no fue posible. Dios sabr\u00e1 por qu\u00e9. Conoc\u00ed a mi esposo, sab\u00eda que yo quer\u00eda ayudar a sacar adelante a mi familia. me motiv\u00f3 y me dijo: Yo te ayudo. \u00c9l ya hab\u00eda estado una vez en EE.UU. y eso me ayud\u00f3 a entender y tomar el ritmo de la vida&#8221;.<\/p>\t\t\t\t\t\t\t\t<\/div>\n\t\t\t\t\t<\/div>\n\t\t\t\t<\/div>\n\t\t<div data-particle_enable=\"false\" data-particle-mobile-disabled=\"false\" class=\"elementor-element elementor-element-4da05d9 e-flex e-con-boxed e-con e-parent\" data-id=\"4da05d9\" data-element_type=\"container\" data-e-type=\"container\">\n\t\t\t\t\t<div class=\"e-con-inner\">\n\t\t\t\t<div class=\"elementor-element elementor-element-8738468 elementor-invisible elementor-widget elementor-widget-testimonial\" data-id=\"8738468\" data-element_type=\"widget\" data-e-type=\"widget\" data-settings=\"{&quot;_animation&quot;:&quot;rotateInUpRight&quot;}\" data-widget_type=\"testimonial.default\">\n\t\t\t\t\t\t\t<div class=\"elementor-testimonial-wrapper\">\n\t\t\t\t\t\t\t<div class=\"elementor-testimonial-content\">\"Me siento orgullosa de mis ra\u00edces, de mi San Ildefonso Ixtahuac\u00e1n y por eso a\u00fan desde Estados Unidos trato la forma de conectar con mis ra\u00edces y de apoyar a quienes lo necesitan junto a otros paisanos. Mi gran sue\u00f1o es poder un d\u00eda viajar a Guatemala pues llevo casi dos d\u00e9cadas de no poder abrazar a mis padres\".<\/div>\n\t\t\t\n\t\t\t\t\t\t<div class=\"elementor-testimonial-meta elementor-has-image elementor-testimonial-image-position-aside\">\n\t\t\t\t<div class=\"elementor-testimonial-meta-inner\">\n\t\t\t\t\t\t\t\t\t\t\t<div class=\"elementor-testimonial-image\">\n\t\t\t\t\t\t\t<img decoding=\"async\" width=\"640\" height=\"852\" src=\"https:\/\/soymigrante.com\/revista\/wp-content\/uploads\/2024\/10\/migrante-guatemalteca-norma-pineda.webp\" class=\"attachment-full size-full wp-image-10883\" alt=\"SoyMigrante.com revista con enfoque en migrantes, derechos laborales y cultura migrante en Latinoam\u00e9rica.\" title=\"migrante guatemalteca norma pineda \u2013 SoyMigrante.com REVISTA\" \/>\t\t\t\t\t\t<\/div>\n\t\t\t\t\t\n\t\t\t\t\t\t\t\t\t\t<div class=\"elementor-testimonial-details\">\n\t\t\t\t\t\t\t\t\t\t\t\t\t\t<div class=\"elementor-testimonial-name\">Norma Pineda<\/div>\n\t\t\t\t\t\t\t\t\t\t\t\t\t\t\t\t\t\t\t\t\t\t<div class=\"elementor-testimonial-job\">Migrante y emprendedora guatemalteca<\/div>\n\t\t\t\t\t\t\t\t\t\t\t\t\t<\/div>\n\t\t\t\t\t\t\t\t\t<\/div>\n\t\t\t<\/div>\n\t\t\t\t\t<\/div>\n\t\t\t\t\t\t<\/div>\n\t\t\t\t\t<\/div>\n\t\t\t\t<\/div>\n\t\t<div data-particle_enable=\"false\" data-particle-mobile-disabled=\"false\" class=\"elementor-element elementor-element-faf6b30 e-flex e-con-boxed e-con e-parent\" data-id=\"faf6b30\" data-element_type=\"container\" data-e-type=\"container\">\n\t\t\t\t\t<div class=\"e-con-inner\">\n\t\t\t\t<div class=\"elementor-element elementor-element-9e8e9fa elementor-widget elementor-widget-heading\" data-id=\"9e8e9fa\" data-element_type=\"widget\" data-e-type=\"widget\" data-widget_type=\"heading.default\">\n\t\t\t\t\t<h3 class=\"elementor-heading-title elementor-size-default\">Comienzos dif\u00edciles y una transformaci\u00f3n<\/h3>\t\t\t\t<\/div>\n\t\t\t\t\t<\/div>\n\t\t\t\t<\/div>\n\t\t<div data-particle_enable=\"false\" data-particle-mobile-disabled=\"false\" class=\"elementor-element elementor-element-01af639 e-flex e-con-boxed e-con e-parent\" data-id=\"01af639\" data-element_type=\"container\" data-e-type=\"container\">\n\t\t\t\t\t<div class=\"e-con-inner\">\n\t\t\t\t<div class=\"elementor-element elementor-element-ff80f27 elementor-widget elementor-widget-text-editor\" data-id=\"ff80f27\" data-element_type=\"widget\" data-e-type=\"widget\" data-widget_type=\"text-editor.default\">\n\t\t\t\t\t\t\t\t\t<p><span style=\"color: var( --e-global-color-text ); text-align: var(--text-align);\">Norma empez\u00f3 su vida migrante en EE.UU. trabajando en un restaurante, lavando platos. Despu\u00e9s fue a una f\u00e1brica de crema Nivea. Pero le rondaba la idea de tener su propia empresa. La motivaci\u00f3n surg\u00eda a partir de experiencias desafortunadas:<\/span><\/p><p>&#8220;Mi esposo siempre ha dicho que el que no arriesga no gana. Estamos dentro de las 3 mejores y \u00e9l se dio cuenta que yo sufr\u00ed demasiada discriminaci\u00f3n en el trabajo, por no hablar ingl\u00e9s o no pronunciarlo bien. Me ayud\u00f3 a estudiar y cuando lo aprend\u00ed, me convenc\u00ed que deseaba atender a la gente en nuestra propia empresa&#8221;.<\/p><p>&#8220;Juan, mi esposo tuvo muchos trabajos y uno de ellos fue en herrer\u00eda. Uno no nace sabiendo, el trabajo lo va ense\u00f1ando a uno. Conoci\u00f3 a un italiano que le ense\u00f1\u00f3 mucho sobre cercas, de malla, de tablas, de muchos materiales. Y nos lanzamos al agua, con la empresa. Hubo mucho sacrificio, esfuerzo y seguimos trabajando por dar buena calidad. West Stanford Fence LLC tiene ya 16 a\u00f1os.&#8221;<\/p>\t\t\t\t\t\t\t\t<\/div>\n\t\t\t\t\t<\/div>\n\t\t\t\t<\/div>\n\t\t<div data-particle_enable=\"false\" data-particle-mobile-disabled=\"false\" class=\"elementor-element elementor-element-a331e51 e-flex e-con-boxed e-con e-parent\" data-id=\"a331e51\" data-element_type=\"container\" data-e-type=\"container\">\n\t\t\t\t\t<div class=\"e-con-inner\">\n\t\t\t\t<div class=\"elementor-element elementor-element-ae26649 elementor-widget elementor-widget-facebook-page\" data-id=\"ae26649\" data-element_type=\"widget\" data-e-type=\"widget\" data-widget_type=\"facebook-page.default\">\n\t\t\t\t\t<div class=\"elementor-facebook-widget fb-page\" data-href=\"https:\/\/www.facebook.com\/profile.php?id=100057659100770\" data-tabs=\"timeline\" data-height=\"500px\" data-width=\"500px\" data-small-header=\"false\" data-hide-cover=\"false\" data-show-facepile=\"true\" data-hide-cta=\"false\" style=\"min-height: 1px;height:500px\"><\/div>\t\t\t\t<\/div>\n\t\t\t\t\t<\/div>\n\t\t\t\t<\/div>\n\t\t<div data-particle_enable=\"false\" data-particle-mobile-disabled=\"false\" class=\"elementor-element elementor-element-d1925cc e-flex e-con-boxed e-con e-parent\" data-id=\"d1925cc\" data-element_type=\"container\" data-e-type=\"container\">\n\t\t\t\t\t<div class=\"e-con-inner\">\n\t\t\t\t<div class=\"elementor-element elementor-element-3580a71 elementor-widget elementor-widget-heading\" data-id=\"3580a71\" data-element_type=\"widget\" data-e-type=\"widget\" data-widget_type=\"heading.default\">\n\t\t\t\t\t<h3 class=\"elementor-heading-title elementor-size-default\">El \u00e9xito, la humildad y la solidaridad se ense\u00f1an <\/h3>\t\t\t\t<\/div>\n\t\t\t\t\t<\/div>\n\t\t\t\t<\/div>\n\t\t<div data-particle_enable=\"false\" data-particle-mobile-disabled=\"false\" class=\"elementor-element elementor-element-cf132fe e-flex e-con-boxed e-con e-parent\" data-id=\"cf132fe\" data-element_type=\"container\" data-e-type=\"container\">\n\t\t\t\t\t<div class=\"e-con-inner\">\n\t\t\t\t<div class=\"elementor-element elementor-element-0507ef5 elementor-widget elementor-widget-text-editor\" data-id=\"0507ef5\" data-element_type=\"widget\" data-e-type=\"widget\" data-widget_type=\"text-editor.default\">\n\t\t\t\t\t\t\t\t\t<p><span style=\"color: var( --e-global-color-text ); text-align: var(--text-align);\">Al felicitarla por su buen posicionamiento dice: &#8220;Nada es imposible, cuando uno quiere, todo se puede. Cuando ganamos, est\u00e1 bien; si nos toca la de perder, por lo menos lo intentamos y seguro algo aprendimos. Con la ayuda de Dios no existen los l\u00edmites&#8221;.<\/span><\/p><p>Sus dos hijos, Katie Anah\u00ed de 16 y John Dominic de 12, ya participan y ayudan en la empresa, pero tambi\u00e9n se proyectan a la comunidad con esp\u00edritu de servicio aprendido de sus padres.<\/p><p>\u00a0<\/p><p>&#8220;Katie fue Se\u00f1orita Independencia 2023-24 de Miss Guatemala Connecticut. Cuando ella gan\u00f3 ese t\u00edtulo, tuvimos una seria conversaci\u00f3n con ella. Le dije que portar una corona y el llevar esa banda es un compromiso grande. Y ella lo comprendi\u00f3: durante su reinado realiz\u00f3 proyectos de ayuda humanitaria, tres en San Ildefonso, uno en Escuintla y otro aqu\u00ed en Stamford&#8221;.<\/p><p>&#8220;Reuni\u00f3 ayuda para ancianos en Guatemala, recolect\u00f3 170 juguetes para ni\u00f1os y junt\u00f3 ayuda econ\u00f3mica para alguien que necesitaba tratamiento m\u00e9dico.\u00a0 Aqu\u00ed en Stamford particip\u00f3 en ALTA, un programa para ayudar a estudiar y empoderar a alumnos de secundaria y poco antes de entregar la corona, reuni\u00f3 fondos para dar cobijas a ancianos de un hogar.<\/p><p>\u00a0<\/p>\t\t\t\t\t\t\t\t<\/div>\n\t\t\t\t\t<\/div>\n\t\t\t\t<\/div>\n\t\t<div data-particle_enable=\"false\" data-particle-mobile-disabled=\"false\" class=\"elementor-element elementor-element-1d24bc1 e-flex e-con-boxed e-con e-parent\" data-id=\"1d24bc1\" data-element_type=\"container\" data-e-type=\"container\">\n\t\t\t\t\t<div class=\"e-con-inner\">\n\t\t\t\t<div class=\"elementor-element elementor-element-41805b2 elementor-arrows-position-inside elementor-pagination-position-outside elementor-widget elementor-widget-image-carousel\" data-id=\"41805b2\" data-element_type=\"widget\" data-e-type=\"widget\" data-settings=\"{&quot;slides_to_show&quot;:&quot;1&quot;,&quot;navigation&quot;:&quot;both&quot;,&quot;autoplay&quot;:&quot;yes&quot;,&quot;pause_on_hover&quot;:&quot;yes&quot;,&quot;pause_on_interaction&quot;:&quot;yes&quot;,&quot;autoplay_speed&quot;:5000,&quot;infinite&quot;:&quot;yes&quot;,&quot;effect&quot;:&quot;slide&quot;,&quot;speed&quot;:500}\" data-widget_type=\"image-carousel.default\">\n\t\t\t\t\t\t\t<div class=\"elementor-image-carousel-wrapper swiper\" role=\"region\" aria-roledescription=\"carousel\" aria-label=\"Carrusel de im\u00e1genes\" dir=\"ltr\">\n\t\t\t<div class=\"elementor-image-carousel swiper-wrapper\" aria-live=\"off\">\n\t\t\t\t\t\t\t\t<div class=\"swiper-slide\" role=\"group\" aria-roledescription=\"slide\" aria-label=\"1 de 2\"><figure class=\"swiper-slide-inner\"><img decoding=\"async\" class=\"swiper-slide-image\" src=\"https:\/\/soymigrante.com\/revista\/wp-content\/uploads\/2024\/10\/norma-pineda-migrante-11.webp\" alt=\"Ni\u00f1os con ropa deportiva y bal\u00f3n de f\u00fatbol, en un parque infantil, promoviendo valores de inclusi\u00f3n y deporte para ni\u00f1os migrantes, en contexto de Revista SoyMigrante.com.\" \/><figcaption class=\"elementor-image-carousel-caption\">Ni\u00f1os en el parque con bal\u00f3n de f\u00fatbol, promoviendo la ni\u00f1ez activa y saludable.<\/figcaption><\/figure><\/div><div class=\"swiper-slide\" role=\"group\" aria-roledescription=\"slide\" aria-label=\"2 de 2\"><figure class=\"swiper-slide-inner\"><img decoding=\"async\" class=\"swiper-slide-image\" src=\"https:\/\/soymigrante.com\/revista\/wp-content\/uploads\/2024\/10\/norma-pineda-migrante-9.webp\" alt=\"Joven candidata con banda y abuela ind\u00edgena, entregando ayuda social en comunidad rural, simbolizando orgullo y apoyo a tradiciones e inclusi\u00f3n en M\u00e9xico.\" \/><figcaption class=\"elementor-image-carousel-caption\">Joven candidata ind\u00edgena entregando ayuda social a abuela en comunidad rural de M\u00e9xico, promoviendo valores de inclusi\u00f3n, apoyo a comunidades originarias y la importancia del activismo social.<\/figcaption><\/figure><\/div>\t\t\t<\/div>\n\t\t\t\t\t\t\t\t\t\t\t\t<div class=\"elementor-swiper-button elementor-swiper-button-prev\" role=\"button\" tabindex=\"0\">\n\t\t\t\t\t\t<i aria-hidden=\"true\" class=\"eicon-chevron-left\"><\/i>\t\t\t\t\t<\/div>\n\t\t\t\t\t<div class=\"elementor-swiper-button elementor-swiper-button-next\" role=\"button\" tabindex=\"0\">\n\t\t\t\t\t\t<i aria-hidden=\"true\" class=\"eicon-chevron-right\"><\/i>\t\t\t\t\t<\/div>\n\t\t\t\t\n\t\t\t\t\t\t\t\t\t<div class=\"swiper-pagination\"><\/div>\n\t\t\t\t\t\t\t\t\t<\/div>\n\t\t\t\t\t\t<\/div>\n\t\t\t\t\t<\/div>\n\t\t\t\t<\/div>\n\t\t<div data-particle_enable=\"false\" data-particle-mobile-disabled=\"false\" class=\"elementor-element elementor-element-d510b62 e-flex e-con-boxed e-con e-parent\" data-id=\"d510b62\" data-element_type=\"container\" data-e-type=\"container\">\n\t\t\t\t\t<div class=\"e-con-inner\">\n\t\t\t\t<div class=\"elementor-element elementor-element-7719c18 elementor-widget elementor-widget-text-editor\" data-id=\"7719c18\" data-element_type=\"widget\" data-e-type=\"widget\" data-widget_type=\"text-editor.default\">\n\t\t\t\t\t\t\t\t\t<p>\u00a0<span style=\"color: var( --e-global-color-text ); text-align: var(--text-align);\">Dominic, por su lado, recolectaba botellas pl\u00e1sticas para reciclaje y lleg\u00f3 a juntar US$500, que encarg\u00f3 a su mam\u00e1 para que se los guardara. De pronto tuvo oportunidad de viajar a Guatemala y le dijo a su mam\u00e1, yo tambi\u00e9n usar\u00e9 el dinero para un proyecto. &#8220;Vio a ni\u00f1os que jugaban futbol en el campo de San Ildefonso y Dominic compr\u00f3 33 pelotas profesionales de futbol y se las obsequi\u00f3 a los ni\u00f1os de escasos recursos. No quer\u00eda que nadie lo supiera, pero cuando le pregunt\u00e9 por el dinero me dijo&#8221;, relata Norma.<\/span><\/p><p>\u00a0<\/p><p>Pero esos frutos de caridad y servicio no son casuales, porque Norma y su esposo participan en un grupo llamado Solidaridad sin Fronteras.\u00a0<\/p><p>\u00a0<\/p><p>\u00a0<\/p>\t\t\t\t\t\t\t\t<\/div>\n\t\t\t\t\t<\/div>\n\t\t\t\t<\/div>\n\t\t<div data-particle_enable=\"false\" data-particle-mobile-disabled=\"false\" class=\"elementor-element elementor-element-c7aa867 e-flex e-con-boxed e-con e-parent\" data-id=\"c7aa867\" data-element_type=\"container\" data-e-type=\"container\">\n\t\t\t\t\t<div class=\"e-con-inner\">\n\t\t\t\t<div class=\"elementor-element elementor-element-34a47e8 elementor-widget elementor-widget-facebook-page\" data-id=\"34a47e8\" data-element_type=\"widget\" data-e-type=\"widget\" data-widget_type=\"facebook-page.default\">\n\t\t\t\t\t<div class=\"elementor-facebook-widget fb-page\" data-href=\"https:\/\/www.facebook.com\/profile.php?id=61554162125268\" data-tabs=\"timeline\" data-height=\"500px\" data-width=\"500px\" data-small-header=\"false\" data-hide-cover=\"false\" data-show-facepile=\"true\" data-hide-cta=\"false\" style=\"min-height: 1px;height:500px\"><\/div>\t\t\t\t<\/div>\n\t\t\t\t\t<\/div>\n\t\t\t\t<\/div>\n\t\t<div data-particle_enable=\"false\" data-particle-mobile-disabled=\"false\" class=\"elementor-element elementor-element-031e93d e-flex e-con-boxed e-con e-parent\" data-id=\"031e93d\" data-element_type=\"container\" data-e-type=\"container\">\n\t\t\t\t\t<div class=\"e-con-inner\">\n\t\t\t\t<div class=\"elementor-element elementor-element-b6dc566 elementor-widget elementor-widget-heading\" data-id=\"b6dc566\" data-element_type=\"widget\" data-e-type=\"widget\" data-widget_type=\"heading.default\">\n\t\t\t\t\t<h3 class=\"elementor-heading-title elementor-size-default\">Migrantes de San Ildefonso se solidarizan con su comunidad<\/h3>\t\t\t\t<\/div>\n\t\t\t\t\t<\/div>\n\t\t\t\t<\/div>\n\t\t<div data-particle_enable=\"false\" data-particle-mobile-disabled=\"false\" class=\"elementor-element elementor-element-a0e6e98 e-flex e-con-boxed e-con e-parent\" data-id=\"a0e6e98\" data-element_type=\"container\" data-e-type=\"container\">\n\t\t\t\t\t<div class=\"e-con-inner\">\n\t\t\t\t<div class=\"elementor-element elementor-element-49556ce elementor-widget elementor-widget-text-editor\" data-id=\"49556ce\" data-element_type=\"widget\" data-e-type=\"widget\" data-widget_type=\"text-editor.default\">\n\t\t\t\t\t\t\t\t\t<p><span style=\"color: var( --e-global-color-text ); text-align: var(--text-align);\">&#8220;ESte grupo\u00a0 se fund\u00f3\u00a0 el 8 de julio del 2015, con paisanos de Ixtahuac\u00e1n que est\u00e1n aqu\u00ed en USA. Mi pap\u00e1 nos ayuda all\u00e1 en Huehuetenango. Hemos efectuado donativos de v\u00edveres, de juguetes, tambi\u00e9n de zapatos a ni\u00f1os lustradores, en cada fin de a\u00f1o siempre damos canastas navide\u00f1as. Nunca nos olvidamos de nuestra comunidad&#8221;.<\/span><\/p><p>&#8220;Es que mi pap\u00e1 siempre nos dec\u00eda donde come uno, come dos. Y yo le agrego: hasta tres, pero si todos ayudamos, comen muchos m\u00e1s&#8221;.<\/p><p>Y as\u00ed es, con todo y su \u00e9xito, y a pesar de la penuria de su infancia, Norma tiene una actitud de generosidad: &#8220;A pesar de lo que uno ha pasado en la vida, penas, dificultades, Dios es el \u00fanico que se encarga de que uno tenga un coraz\u00f3n suave y manos abiertas para dar&#8221;.\u00a0<\/p>\t\t\t\t\t\t\t\t<\/div>\n\t\t\t\t\t<\/div>\n\t\t\t\t<\/div>\n\t\t<div data-particle_enable=\"false\" data-particle-mobile-disabled=\"false\" class=\"elementor-element elementor-element-f80dc7b e-flex e-con-boxed e-con e-parent\" data-id=\"f80dc7b\" data-element_type=\"container\" data-e-type=\"container\">\n\t\t\t\t\t<div class=\"e-con-inner\">\n\t\t\t\t<div class=\"elementor-element elementor-element-96df57c elementor-widget elementor-widget-google_maps\" data-id=\"96df57c\" data-element_type=\"widget\" data-e-type=\"widget\" data-widget_type=\"google_maps.default\">\n\t\t\t\t\t\t\t<div class=\"elementor-custom-embed\">\n\t\t\t<iframe loading=\"lazy\"\n\t\t\t\t\tsrc=\"https:\/\/maps.google.com\/maps?q=San%20Idelfonso%20Ixtahuacan%20&#038;t=m&#038;z=10&#038;output=embed&#038;iwloc=near\"\n\t\t\t\t\ttitle=\"San Idelfonso Ixtahuacan \"\n\t\t\t\t\taria-label=\"San Idelfonso Ixtahuacan \"\n\t\t\t><\/iframe>\n\t\t<\/div>\n\t\t\t\t\t\t<\/div>\n\t\t\t\t\t<\/div>\n\t\t\t\t<\/div>\n\t\t<div data-particle_enable=\"false\" data-particle-mobile-disabled=\"false\" class=\"elementor-element elementor-element-0cfc583 e-flex e-con-boxed e-con e-parent\" data-id=\"0cfc583\" data-element_type=\"container\" data-e-type=\"container\">\n\t\t\t\t\t<div class=\"e-con-inner\">\n\t\t\t\t<div class=\"elementor-element elementor-element-d8a600a elementor-widget elementor-widget-heading\" data-id=\"d8a600a\" data-element_type=\"widget\" data-e-type=\"widget\" data-widget_type=\"heading.default\">\n\t\t\t\t\t<h3 class=\"elementor-heading-title elementor-size-default\">El gran sue\u00f1o de Norma<\/h3>\t\t\t\t<\/div>\n\t\t\t\t\t<\/div>\n\t\t\t\t<\/div>\n\t\t<div data-particle_enable=\"false\" data-particle-mobile-disabled=\"false\" class=\"elementor-element elementor-element-f697eac e-flex e-con-boxed e-con e-parent\" data-id=\"f697eac\" data-element_type=\"container\" data-e-type=\"container\">\n\t\t\t\t\t<div class=\"e-con-inner\">\n\t\t\t\t<div class=\"elementor-element elementor-element-0693177 elementor-widget elementor-widget-text-editor\" data-id=\"0693177\" data-element_type=\"widget\" data-e-type=\"widget\" data-widget_type=\"text-editor.default\">\n\t\t\t\t\t\t\t\t\t<p>Con todo el \u00e9xito como madre, emprendedora y guatemaltecas solidaria, parecer\u00eda un poco de m\u00e1s preguntarle a Norma Pineda sobre su gran sue\u00f1o. Pero en efecto, tiene uno, que espera poder complir:<\/p><p>&#8220;Poder tener un estatus legal en EE.UU. y as\u00ed poder viajar a Guatemala, a Huehuetenango y as\u00ed poder abrazar a mis padres. Hace casi 20 a\u00f1os que no los puedo abrazar y cuando uno piensa eso, se llena de nostalgia. Espero que Dios me permita poder lograrlo&#8221;.<\/p>\t\t\t\t\t\t\t\t<\/div>\n\t\t\t\t\t<\/div>\n\t\t\t\t<\/div>\n\t\t<div data-particle_enable=\"false\" data-particle-mobile-disabled=\"false\" class=\"elementor-element elementor-element-8ecdb6a e-flex e-con-boxed e-con e-parent\" data-id=\"8ecdb6a\" data-element_type=\"container\" data-e-type=\"container\">\n\t\t\t\t\t<div class=\"e-con-inner\">\n\t\t\t\t<div class=\"elementor-element elementor-element-e2c4936 elementor-widget elementor-widget-heading\" data-id=\"e2c4936\" data-element_type=\"widget\" data-e-type=\"widget\" data-widget_type=\"heading.default\">\n\t\t\t\t\t<h2 class=\"elementor-heading-title elementor-size-default\">Guatemaltecas migrantes triunfadoras<\/h2>\t\t\t\t<\/div>\n\t\t\t\t\t<\/div>\n\t\t\t\t<\/div>\n\t\t<div data-particle_enable=\"false\" data-particle-mobile-disabled=\"false\" class=\"elementor-element elementor-element-e0e6f64 e-flex e-con-boxed e-con e-parent\" data-id=\"e0e6f64\" data-element_type=\"container\" data-e-type=\"container\">\n\t\t\t\t\t<div class=\"e-con-inner\">\n\t\t\t\t<div class=\"elementor-element elementor-element-e3829e4 elementor-grid-eael-col-3 elementor-grid-tablet-eael-col-2 elementor-grid-mobile-eael-col-1 elementor-widget elementor-widget-eael-post-grid\" data-id=\"e3829e4\" data-element_type=\"widget\" data-e-type=\"widget\" data-settings=\"{&quot;eael_post_grid_columns&quot;:&quot;eael-col-3&quot;,&quot;eael_post_grid_columns_tablet&quot;:&quot;eael-col-2&quot;,&quot;eael_post_grid_columns_mobile&quot;:&quot;eael-col-1&quot;}\" data-widget_type=\"eael-post-grid.default\">\n\t\t\t\t\t<div id=\"eael-post-grid-e3829e4\" class=\"eael-post-grid-container\">\n            <div class=\"eael-post-grid eael-post-appender eael-post-appender-e3829e4 eael-post-grid-style-one\" data-layout-mode=\"masonry\"><article class=\"eael-grid-post  eael-post-grid-column eael-pg-post-4097 category-exitos\" data-id=\"4097\">\n        <div class=\"eael-grid-post-holder\">\n            <div class=\"eael-grid-post-holder-inner\"><div class=\"eael-entry-media\"><div class=\"eael-entry-overlay fade-in\"><i class=\"far fa-hand-pointer\" aria-hidden=\"true\"><\/i><a href=\"https:\/\/soymigrante.com\/revista\/migrante-guatemalteca-milwaukee-wisconsin-guarderia-ninera-panaderia-organica\/\"><\/a><\/div><div class=\"eael-entry-thumbnail \">\n                <img decoding=\"async\" width=\"321\" height=\"368\" src=\"https:\/\/soymigrante.com\/revista\/wp-content\/uploads\/2023\/12\/MIGRANTE-GUATEMALTECA-MARIA-ELENA-MORALES-EN-MILWAUKEE-WISCONSIN-2.webp\" class=\"attachment-large size-large wp-image-4100\" alt=\"\" srcset=\"https:\/\/soymigrante.com\/revista\/wp-content\/uploads\/2023\/12\/MIGRANTE-GUATEMALTECA-MARIA-ELENA-MORALES-EN-MILWAUKEE-WISCONSIN-2.webp 321w, https:\/\/soymigrante.com\/revista\/wp-content\/uploads\/2023\/12\/MIGRANTE-GUATEMALTECA-MARIA-ELENA-MORALES-EN-MILWAUKEE-WISCONSIN-2-262x300.webp 262w\" sizes=\"(max-width: 321px) 100vw, 321px\" \/>\n            <\/div>\n        <\/div><div class=\"eael-entry-wrapper\"><header class=\"eael-entry-header\"><h2 class=\"eael-entry-title\"><a class=\"eael-grid-post-link\" href=\"https:\/\/soymigrante.com\/revista\/migrante-guatemalteca-milwaukee-wisconsin-guarderia-ninera-panaderia-organica\/\" title=\"Maestra migrante Mar\u00eda Elena Morales amasa un fresco porvenir\">Maestra migrante Mar\u00eda Elena Morales amasa un fresco porvenir<\/a><\/h2><\/header><div class=\"eael-entry-content\">\n                        <div class=\"eael-grid-post-excerpt\"><a href=\"https:\/\/soymigrante.com\/revista\/migrante-guatemalteca-milwaukee-wisconsin-guarderia-ninera-panaderia-organica\/\" class=\"eael-post-elements-readmore-btn\">CONOCE SU HISTORIA <\/a><\/div>\n                    <\/div><\/div><\/div>\n        <\/div>\n    <\/article><article class=\"eael-grid-post  eael-post-grid-column eael-pg-post-2838 category-exitos\" data-id=\"2838\">\n        <div class=\"eael-grid-post-holder\">\n            <div class=\"eael-grid-post-holder-inner\"><div class=\"eael-entry-media\"><div class=\"eael-entry-overlay fade-in\"><i class=\"far fa-hand-pointer\" aria-hidden=\"true\"><\/i><a href=\"https:\/\/soymigrante.com\/revista\/migrante-y-emprendedora-emi-la-guatemalteca-ofrece-sabores-aromas-y-memorias-en-houston\/\"><\/a><\/div><div class=\"eael-entry-thumbnail \">\n                <img loading=\"lazy\" decoding=\"async\" width=\"768\" height=\"1024\" src=\"https:\/\/soymigrante.com\/revista\/wp-content\/uploads\/2023\/10\/Emi-es-una-emprendedora-guatemalteca-que-disfruta-compartir-con-los-connacionales-es-orgullosa-de-sus-raices-.webp\" class=\"attachment-large size-large wp-image-2833\" alt=\"Emi es una emprendedora guatemalteca que disfruta compartir con los connacionales, es orgullosa de sus ra\u00edces\" srcset=\"https:\/\/soymigrante.com\/revista\/wp-content\/uploads\/2023\/10\/Emi-es-una-emprendedora-guatemalteca-que-disfruta-compartir-con-los-connacionales-es-orgullosa-de-sus-raices-.webp 768w, https:\/\/soymigrante.com\/revista\/wp-content\/uploads\/2023\/10\/Emi-es-una-emprendedora-guatemalteca-que-disfruta-compartir-con-los-connacionales-es-orgullosa-de-sus-raices--225x300.webp 225w, https:\/\/soymigrante.com\/revista\/wp-content\/uploads\/2023\/10\/Emi-es-una-emprendedora-guatemalteca-que-disfruta-compartir-con-los-connacionales-es-orgullosa-de-sus-raices--750x1000.webp 750w\" sizes=\"(max-width: 768px) 100vw, 768px\" \/>\n            <\/div>\n        <\/div><div class=\"eael-entry-wrapper\"><header class=\"eael-entry-header\"><h2 class=\"eael-entry-title\"><a class=\"eael-grid-post-link\" href=\"https:\/\/soymigrante.com\/revista\/migrante-y-emprendedora-emi-la-guatemalteca-ofrece-sabores-aromas-y-memorias-en-houston\/\" title=\"Emi La Guatemalteca ofrece sabores, aromas y memorias en Dallas, Texas\">Emi La Guatemalteca ofrece sabores, aromas y memorias en Dallas, Texas<\/a><\/h2><\/header><div class=\"eael-entry-content\">\n                        <div class=\"eael-grid-post-excerpt\"><a href=\"https:\/\/soymigrante.com\/revista\/migrante-y-emprendedora-emi-la-guatemalteca-ofrece-sabores-aromas-y-memorias-en-houston\/\" class=\"eael-post-elements-readmore-btn\">CONOCE SU HISTORIA <\/a><\/div>\n                    <\/div><\/div><\/div>\n        <\/div>\n    <\/article><article class=\"eael-grid-post  eael-post-grid-column eael-pg-post-2709 category-exitos\" data-id=\"2709\">\n        <div class=\"eael-grid-post-holder\">\n            <div class=\"eael-grid-post-holder-inner\"><div class=\"eael-entry-media\"><div class=\"eael-entry-overlay fade-in\"><i class=\"far fa-hand-pointer\" aria-hidden=\"true\"><\/i><a href=\"https:\/\/soymigrante.com\/revista\/migrante-guatemalteca-claudia-hernandez-dignifica-a-la-mujer\/\"><\/a><\/div><div class=\"eael-entry-thumbnail \">\n                <img loading=\"lazy\" decoding=\"async\" width=\"1024\" height=\"660\" src=\"https:\/\/soymigrante.com\/revista\/wp-content\/uploads\/2023\/09\/clau-hern-1024x660.webp\" class=\"attachment-large size-large wp-image-2886\" alt=\"Claudia D. Hern\u00e1ndez, migrante y escritora guatemalteca.\" srcset=\"https:\/\/soymigrante.com\/revista\/wp-content\/uploads\/2023\/09\/clau-hern-1024x660.webp 1024w, https:\/\/soymigrante.com\/revista\/wp-content\/uploads\/2023\/09\/clau-hern-300x193.webp 300w, https:\/\/soymigrante.com\/revista\/wp-content\/uploads\/2023\/09\/clau-hern-768x495.webp 768w, https:\/\/soymigrante.com\/revista\/wp-content\/uploads\/2023\/09\/clau-hern-750x483.webp 750w, https:\/\/soymigrante.com\/revista\/wp-content\/uploads\/2023\/09\/clau-hern-1140x735.webp 1140w, https:\/\/soymigrante.com\/revista\/wp-content\/uploads\/2023\/09\/clau-hern.webp 1187w\" sizes=\"(max-width: 1024px) 100vw, 1024px\" \/>\n            <\/div>\n        <\/div><div class=\"eael-entry-wrapper\"><header class=\"eael-entry-header\"><h2 class=\"eael-entry-title\"><a class=\"eael-grid-post-link\" href=\"https:\/\/soymigrante.com\/revista\/migrante-guatemalteca-claudia-hernandez-dignifica-a-la-mujer\/\" title=\"Migrante guatemalteca Claudia D. Hern\u00e1ndez  dignifica a las mujeres con arte y poes\u00eda\">Migrante guatemalteca Claudia D. Hern\u00e1ndez  dignifica a las mujeres con arte y poes\u00eda<\/a><\/h2><\/header><div class=\"eael-entry-content\">\n                        <div class=\"eael-grid-post-excerpt\"><a href=\"https:\/\/soymigrante.com\/revista\/migrante-guatemalteca-claudia-hernandez-dignifica-a-la-mujer\/\" class=\"eael-post-elements-readmore-btn\">CONOCE SU HISTORIA <\/a><\/div>\n                    <\/div><\/div><\/div>\n        <\/div>\n    <\/article><\/div>\n            <div class=\"clearfix\"><\/div>\n        <\/div>\t\t\t\t<\/div>\n\t\t\t\t\t<\/div>\n\t\t\t\t<\/div>\n\t\t\t\t<\/div>\n\t\t","protected":false},"excerpt":{"rendered":"<p>Norma Pineda Vel\u00e1squez lleg\u00f3 con su esposo hace 19 a\u00f1os a Connecticut; hace 16 fundaron su exitosa f\u00e1brica de cercas West Stamford Fence, pero nunca se olvidan de San Ildefonso Ixtahuac\u00e1n, su pueblo natal, ni de los m\u00e1s necesitados. Ella relata su historia y muestra que para el \u00e9xito y la empat\u00eda nunca hay bardas. [&hellip;]<\/p>\n","protected":false},"author":7,"featured_media":10829,"comment_status":"open","ping_status":"open","sticky":false,"template":"","format":"standard","meta":{"_acf_changed":false,"_eb_attr":"","footnotes":""},"categories":[50],"tags":[],"class_list":["post-10824","post","type-post","status-publish","format-standard","has-post-thumbnail","hentry","category-exitos"],"acf":[],"aioseo_notices":[],"aioseo_head":"\n\t\t<!-- All in One SEO Pro 4.9.6.2 - aioseo.com -->\n\t<meta name=\"description\" content=\"Claudia D. Hern\u00e1ndez migrante guatemalteca autora del libro Tejiendo la niebla relata la su experiencia tras migrar junto a su madre y vivir una etapa de violencia dom\u00e9stica\" \/>\n\t<meta name=\"robots\" content=\"max-snippet:-1, max-image-preview:large, max-video-preview:-1\" \/>\n\t<meta name=\"author\" content=\"Diana Batz\"\/>\n\t<link rel=\"canonical\" href=\"https:\/\/soymigrante.com\/revista\/migrante-guatemalteca-claudia-hernandez-dignifica-a-la-mujer\/\" \/>\n\t<meta name=\"generator\" content=\"All in One SEO Pro (AIOSEO) 4.9.6.2\" \/>\n\n\t\t<link rel=\"preconnect\" href=\"https:\/\/fonts.googleapis.com\" crossorigin>\n<link rel=\"preconnect\" href=\"https:\/\/fonts.gstatic.com\" crossorigin>\n\t\t<meta property=\"og:locale\" content=\"es_ES\" \/>\n\t\t<meta property=\"og:site_name\" content=\"SoyMigrante.com REVISTA \u2013 Nuestra misi\u00f3n es reconocer y dignificar al migrante.\" \/>\n\t\t<meta property=\"og:type\" content=\"article\" \/>\n\t\t<meta property=\"og:title\" content=\"Migrante guatemalteca Claudia D. Hern\u00e1ndez dignifica a las mujeres con arte y poes\u00eda\" \/>\n\t\t<meta property=\"og:description\" content=\"Claudia D. Hern\u00e1ndez migrante guatemalteca autora del libro Tejiendo la niebla relata la su experiencia tras migrar junto a su madre y vivir una etapa de violencia dom\u00e9stica\" \/>\n\t\t<meta property=\"og:url\" content=\"https:\/\/soymigrante.com\/revista\/migrante-guatemalteca-claudia-hernandez-dignifica-a-la-mujer\/\" \/>\n\t\t<meta property=\"og:image\" content=\"https:\/\/soymigrante.com\/revista\/wp-content\/uploads\/2023\/09\/clau-hern.webp\" \/>\n\t\t<meta property=\"og:image:secure_url\" content=\"https:\/\/soymigrante.com\/revista\/wp-content\/uploads\/2023\/09\/clau-hern.webp\" \/>\n\t\t<meta property=\"og:image:width\" content=\"1187\" \/>\n\t\t<meta property=\"og:image:height\" content=\"765\" \/>\n\t\t<meta property=\"article:published_time\" content=\"2023-10-09T19:40:11+00:00\" \/>\n\t\t<meta property=\"article:modified_time\" content=\"2024-07-31T03:51:23+00:00\" \/>\n\t\t<meta property=\"article:publisher\" content=\"https:\/\/www.facebook.com\/soymigrantecom\" \/>\n\t\t<meta name=\"twitter:card\" content=\"summary_large_image\" \/>\n\t\t<meta name=\"twitter:site\" content=\"@SoyMigrante_com\" \/>\n\t\t<meta name=\"twitter:title\" content=\"Migrante guatemalteca Claudia D. Hern\u00e1ndez dignifica a las mujeres con arte y poes\u00eda\" \/>\n\t\t<meta name=\"twitter:description\" content=\"Claudia D. Hern\u00e1ndez migrante guatemalteca autora del libro Tejiendo la niebla relata la su experiencia tras migrar junto a su madre y vivir una etapa de violencia dom\u00e9stica\" \/>\n\t\t<meta name=\"twitter:creator\" content=\"@SoyMigrante_com\" \/>\n\t\t<meta name=\"twitter:image\" content=\"https:\/\/soymigrante.com\/revista\/wp-content\/uploads\/2023\/09\/clau-hern.webp\" \/>\n\t\t<!-- All in One SEO Pro -->\r\n\t\t<title>Migrante guatemalteca Claudia D. Hern\u00e1ndez dignifica a las mujeres con arte y poes\u00eda<\/title>\n\n","aioseo_head_json":{"title":"Migrante guatemalteca Claudia D. Hern\u00e1ndez dignifica a las mujeres con arte y poes\u00eda","description":"Claudia D. Hern\u00e1ndez migrante guatemalteca autora del libro Tejiendo la niebla relata la su experiencia tras migrar junto a su madre y vivir una etapa de violencia dom\u00e9stica","canonical_url":"https:\/\/soymigrante.com\/revista\/migrante-guatemalteca-claudia-hernandez-dignifica-a-la-mujer\/","robots":"max-snippet:-1, max-image-preview:large, max-video-preview:-1","keywords":"","webmasterTools":{"miscellaneous":"&lt;link rel=\"preconnect\" href=\"https:\/\/fonts.googleapis.com\" crossorigin&gt;\n&lt;link rel=\"preconnect\" href=\"https:\/\/fonts.gstatic.com\" crossorigin&gt;"},"schema":null,"og:locale":"es_ES","og:site_name":"SoyMigrante.com REVISTA \u2013 Nuestra misi\u00f3n es reconocer y dignificar al migrante.","og:type":"article","og:title":"Migrante guatemalteca Claudia D. Hern\u00e1ndez dignifica a las mujeres con arte y poes\u00eda","og:description":"Claudia D. Hern\u00e1ndez migrante guatemalteca autora del libro Tejiendo la niebla relata la su experiencia tras migrar junto a su madre y vivir una etapa de violencia dom\u00e9stica","og:url":"https:\/\/soymigrante.com\/revista\/migrante-guatemalteca-claudia-hernandez-dignifica-a-la-mujer\/","og:image":"https:\/\/soymigrante.com\/revista\/wp-content\/uploads\/2023\/09\/clau-hern.webp","og:image:secure_url":"https:\/\/soymigrante.com\/revista\/wp-content\/uploads\/2023\/09\/clau-hern.webp","og:image:width":1187,"og:image:height":765,"article:published_time":"2023-10-09T19:40:11+00:00","article:modified_time":"2024-07-31T03:51:23+00:00","article:publisher":"https:\/\/www.facebook.com\/soymigrantecom","twitter:card":"summary_large_image","twitter:site":"@SoyMigrante_com","twitter:title":"Migrante guatemalteca Claudia D. Hern\u00e1ndez dignifica a las mujeres con arte y poes\u00eda","twitter:description":"Claudia D. Hern\u00e1ndez migrante guatemalteca autora del libro Tejiendo la niebla relata la su experiencia tras migrar junto a su madre y vivir una etapa de violencia dom\u00e9stica","twitter:creator":"@SoyMigrante_com","twitter:image":"https:\/\/soymigrante.com\/revista\/wp-content\/uploads\/2023\/09\/clau-hern.webp"},"aioseo_meta_data":{"post_id":"10824","title":"Guatemaltecos fundaron f\u00e1brica de bardas West Stamford Fences","description":"Norma Pineda y Juan Vel\u00e1squez son esposos guatemaltecos migrantes en Connecticut. Su f\u00e1brica de bardas est\u00e1 en el Top 3 pero nunca se olvidan de su pueblo","keywords":null,"keyphrases":{"focus":{"keyphrase":"Guatemaltecos","score":54,"analysis":{"keyphraseInTitle":{"score":9,"maxScore":9,"error":0},"keyphraseInDescription":{"score":9,"maxScore":9,"error":0},"keyphraseLength":{"score":9,"maxScore":9,"error":0,"length":1},"keyphraseInURL":{"score":1,"maxScore":5,"error":1},"keyphraseInIntroduction":{"score":3,"maxScore":9,"error":1},"keyphraseInSubHeadings":{"score":3,"maxScore":9,"error":1},"keyphraseInImageAlt":{"score":3,"maxScore":9,"error":1},"keywordDensity":{"score":0,"type":"low","maxScore":9,"error":1}}},"additional":[{"keyphrase":"F\u00e1brica","score":53,"analysis":{"keyphraseInDescription":{"score":9,"maxScore":9,"error":0},"keyphraseLength":{"score":9,"maxScore":9,"error":0,"length":2},"keyphraseInIntroduction":{"score":3,"maxScore":9,"error":1},"keyphraseInImageAlt":{"score":3,"maxScore":9,"error":1},"keywordDensity":{"score":0,"type":"low","maxScore":9,"error":1}}},{"keyphrase":"Huehuetenango","score":53,"analysis":{"keyphraseInDescription":{"score":3,"maxScore":9,"error":1},"keyphraseLength":{"score":9,"maxScore":9,"error":0,"length":1},"keyphraseInIntroduction":{"score":9,"maxScore":9,"error":0},"keyphraseInImageAlt":{"score":3,"maxScore":9,"error":1},"keywordDensity":{"score":0,"type":"low","maxScore":9,"error":1}}},{"keyphrase":"connecticut","score":80,"analysis":{"keyphraseInDescription":{"score":9,"maxScore":9,"error":0},"keyphraseLength":{"score":9,"maxScore":9,"error":0,"length":1},"keyphraseInIntroduction":{"score":9,"maxScore":9,"error":0},"keyphraseInImageAlt":{"score":9,"maxScore":9,"error":0},"keywordDensity":{"score":0,"type":"low","maxScore":9,"error":1}}},{"keyphrase":"Stamford","score":53,"analysis":{"keyphraseInDescription":{"score":3,"maxScore":9,"error":1},"keyphraseLength":{"score":9,"maxScore":9,"error":0,"length":1},"keyphraseInIntroduction":{"score":9,"maxScore":9,"error":0},"keyphraseInImageAlt":{"score":3,"maxScore":9,"error":1},"keywordDensity":{"score":0,"type":"low","maxScore":9,"error":1}}},{"keyphrase":"Migrantes","score":53,"analysis":{"keyphraseInDescription":{"score":9,"maxScore":9,"error":0},"keyphraseLength":{"score":9,"maxScore":9,"error":0,"length":1},"keyphraseInIntroduction":{"score":3,"maxScore":9,"error":1},"keyphraseInImageAlt":{"score":3,"maxScore":9,"error":1},"keywordDensity":{"score":0,"type":"low","maxScore":9,"error":1}}}]},"primary_term":null,"canonical_url":null,"og_title":null,"og_description":null,"og_object_type":"default","og_image_type":"default","og_image_url":null,"og_image_width":null,"og_image_height":null,"og_image_custom_url":null,"og_image_custom_fields":null,"og_video":"","og_custom_url":null,"og_article_section":null,"og_article_tags":null,"twitter_use_og":false,"twitter_card":"default","twitter_image_type":"default","twitter_image_url":null,"twitter_image_custom_url":null,"twitter_image_custom_fields":null,"twitter_title":null,"twitter_description":null,"schema":{"blockGraphs":[],"customGraphs":[],"default":{"data":{"Article":[],"Course":[],"Dataset":[],"FAQPage":[],"Movie":[],"Person":[],"Product":[],"ProductReview":[],"Car":[],"Recipe":[],"Service":[],"SoftwareApplication":[],"WebPage":[]},"graphName":"Article","isEnabled":true},"graphs":[]},"schema_type":"default","schema_type_options":null,"pillar_content":false,"robots_default":true,"robots_noindex":false,"robots_noarchive":false,"robots_nosnippet":false,"robots_nofollow":false,"robots_noimageindex":false,"robots_noodp":false,"robots_notranslate":false,"robots_max_snippet":"-1","robots_max_videopreview":"-1","robots_max_imagepreview":"large","priority":null,"frequency":"default","local_seo":null,"seo_analyzer_scan_date":"2025-10-08 23:55:19","breadcrumb_settings":null,"limit_modified_date":false,"reviewed_by":null,"open_ai":"{\"title\":{\"suggestions\":[],\"usage\":0},\"description\":{\"suggestions\":[],\"usage\":0}}","ai":null,"created":"2024-10-29 21:50:42","updated":"2026-02-04 15:21:59"},"aioseo_breadcrumb":"<div class=\"aioseo-breadcrumbs\"><span class=\"aioseo-breadcrumb\">\n\t<a href=\"https:\/\/soymigrante.com\/revista\" title=\"Home\">Home<\/a>\n<\/span><span class=\"aioseo-breadcrumb-separator\">\u00bb<\/span><span class=\"aioseo-breadcrumb\">\n\t<a href=\"https:\/\/soymigrante.com\/revista\/category\/exitos\/\" title=\"\u00c9xitos\">\u00c9xitos<\/a>\n<\/span><span class=\"aioseo-breadcrumb-separator\">\u00bb<\/span><span class=\"aioseo-breadcrumb\">\n\tNorma Pineda y su esposo dirigen exitosa f\u00e1brica de bardas West Stamford Fence en Connecticut\n<\/span><\/div>","aioseo_breadcrumb_json":[{"label":"Home","link":"https:\/\/soymigrante.com\/revista"},{"label":"\u00c9xitos","link":"https:\/\/soymigrante.com\/revista\/category\/exitos\/"},{"label":"Norma Pineda y su esposo dirigen exitosa f\u00e1brica de bardas West Stamford Fence en Connecticut","link":"https:\/\/soymigrante.com\/revista\/norma-pineda-y-su-esposo-dirigen-su-exitosa-fabrica-de-bardas-west-stamford-fence\/"}],"_links":{"self":[{"href":"https:\/\/soymigrante.com\/revista\/wp-json\/wp\/v2\/posts\/10824","targetHints":{"allow":["GET"]}}],"collection":[{"href":"https:\/\/soymigrante.com\/revista\/wp-json\/wp\/v2\/posts"}],"about":[{"href":"https:\/\/soymigrante.com\/revista\/wp-json\/wp\/v2\/types\/post"}],"author":[{"embeddable":true,"href":"https:\/\/soymigrante.com\/revista\/wp-json\/wp\/v2\/users\/7"}],"replies":[{"embeddable":true,"href":"https:\/\/soymigrante.com\/revista\/wp-json\/wp\/v2\/comments?post=10824"}],"version-history":[{"count":0,"href":"https:\/\/soymigrante.com\/revista\/wp-json\/wp\/v2\/posts\/10824\/revisions"}],"wp:featuredmedia":[{"embeddable":true,"href":"https:\/\/soymigrante.com\/revista\/wp-json\/wp\/v2\/media\/10829"}],"wp:attachment":[{"href":"https:\/\/soymigrante.com\/revista\/wp-json\/wp\/v2\/media?parent=10824"}],"wp:term":[{"taxonomy":"category","embeddable":true,"href":"https:\/\/soymigrante.com\/revista\/wp-json\/wp\/v2\/categories?post=10824"},{"taxonomy":"post_tag","embeddable":true,"href":"https:\/\/soymigrante.com\/revista\/wp-json\/wp\/v2\/tags?post=10824"}],"curies":[{"name":"wp","href":"https:\/\/api.w.org\/{rel}","templated":true}]}}