{"id":10820,"date":"2024-11-04T08:45:32","date_gmt":"2024-11-04T14:45:32","guid":{"rendered":"https:\/\/soymigrante.com\/revista\/?p=10820"},"modified":"2024-11-04T09:04:04","modified_gmt":"2024-11-04T15:04:04","slug":"milbet-del-cid-ofrece-antojitos-chapines-en-restaurante-amalia-en-los-angeles","status":"publish","type":"post","link":"https:\/\/soymigrante.com\/revista\/milbet-del-cid-ofrece-antojitos-chapines-en-restaurante-amalia-en-los-angeles\/","title":{"rendered":"Milbet del Cid ofrece antojitos chapines en restaurante Amalia, en Los Angeles"},"content":{"rendered":"\t\t<div data-elementor-type=\"wp-post\" data-elementor-id=\"10820\" class=\"elementor elementor-10820\" data-elementor-post-type=\"post\">\n\t\t\t\t<div data-particle_enable=\"false\" data-particle-mobile-disabled=\"false\" class=\"elementor-element elementor-element-208e7fb e-flex e-con-boxed e-con e-parent\" data-id=\"208e7fb\" data-element_type=\"container\" data-e-type=\"container\">\n\t\t\t\t\t<div class=\"e-con-inner\">\n\t\t\t\t<div class=\"elementor-element elementor-element-044033d elementor-widget elementor-widget-heading\" data-id=\"044033d\" data-element_type=\"widget\" data-e-type=\"widget\" data-widget_type=\"heading.default\">\n\t\t\t\t\t<h2 class=\"elementor-heading-title elementor-size-default\">La migrante guatemalteca Amalia del Cid fund\u00f3 el restaurante en 1994, con  platillos chapines e ingredientes originales en Los \u00c1ngeles, California.  Su hija Milbet contin\u00faa la tradici\u00f3n de sabor y uni\u00f3n familiar.\n<\/h2>\t\t\t\t<\/div>\n\t\t\t\t\t<\/div>\n\t\t\t\t<\/div>\n\t\t<div data-particle_enable=\"false\" data-particle-mobile-disabled=\"false\" class=\"elementor-element elementor-element-82586eb e-flex e-con-boxed e-con e-parent\" data-id=\"82586eb\" data-element_type=\"container\" data-e-type=\"container\">\n\t\t\t\t\t<div class=\"e-con-inner\">\n\t\t\t\t<div class=\"elementor-element elementor-element-1fd8148 elementor-widget elementor-widget-text-editor\" data-id=\"1fd8148\" data-element_type=\"widget\" data-e-type=\"widget\" data-widget_type=\"text-editor.default\">\n\t\t\t\t\t\t\t\t\t<p>\u201cSon 30 a\u00f1os de trabajo fuert\u00edsimo\u201d comparte Milbet del Cid, hija de do\u00f1a Amalia del Cid fundadora del restaurante guatemalteco m\u00e1s famoso, tradicional y de referencia para la comunidad migrante chapina en Los \u00c1ngeles, California.<\/p><p>Ubicado en la 4210 Beverly Boulevard de Los \u00c1ngeles, California,\u00a0 en restaurante Amalia se elabora cada platillo guatemalteco conservando la originalidad de las recetas que se preparan. Y es que hay toda una historia de migraci\u00f3n, uni\u00f3n y emprendimiento detr\u00e1s: do\u00f1a Amalia naci\u00f3 en Baja Verapaz, en donde se encargaba de darle alimento a los trabajadores de la granja de su familia.<\/p><p>Se cas\u00f3 y continu\u00f3 trabajando en cocina, su gran talento. Pero a los 24 a\u00f1os qued\u00f3 viuda y decidi\u00f3 emigrar, primero a la capital de Guatemala en busca de oportunidades laborales para sostener a sus hijos. En 1985 decidi\u00f3 migrar a Estados Unidos.<\/p><p><span style=\"color: var( --e-global-color-text ); text-align: var(--text-align);\">Trabaj\u00f3 en algunos restaurantes y finalmente en 1994 decidi\u00f3 abrir el suyo\u00a0<\/span><span style=\"color: var( --e-global-color-text ); text-align: var(--text-align);\">en 1994. Le llam\u00f3 Amalia para reflejar esa saz\u00f3n \u00fanica.<\/span><\/p>\t\t\t\t\t\t\t\t<\/div>\n\t\t\t\t\t<\/div>\n\t\t\t\t<\/div>\n\t\t<div data-particle_enable=\"false\" data-particle-mobile-disabled=\"false\" class=\"elementor-element elementor-element-ce3b497 e-flex e-con-boxed e-con e-parent\" data-id=\"ce3b497\" data-element_type=\"container\" data-e-type=\"container\">\n\t\t\t\t\t<div class=\"e-con-inner\">\n\t\t\t\t<div class=\"elementor-element elementor-element-ae75d00 elementor-widget elementor-widget-image\" data-id=\"ae75d00\" data-element_type=\"widget\" data-e-type=\"widget\" data-widget_type=\"image.default\">\n\t\t\t\t\t\t\t\t\t\t\t\t<figure class=\"wp-caption\">\n\t\t\t\t\t\t\t\t\t\t<img fetchpriority=\"high\" decoding=\"async\" width=\"768\" height=\"960\" src=\"https:\/\/soymigrante.com\/revista\/wp-content\/uploads\/2024\/10\/amalias-restaurante-dia-del-guatemalteco10.webp\" class=\"attachment-large size-large wp-image-10856\" alt=\"Pol\u00edtica del restaurante Amalia&#039;s en la comunidad migrante mexicana.\" title=\"amalias restaurante dia del guatemalteco10 \u2013 SoyMigrante.com REVISTA\" \/>\t\t\t\t\t\t\t\t\t\t\t<figcaption class=\"widget-image-caption wp-caption-text\">Do\u00f1a Amalia del Cid, cuyo rostro siempre joven es el logotipo del restaurante que lleva su nombre, desarroll\u00f3 sus propias recetas tradicionales y son las que se preparan a diario.<\/figcaption>\n\t\t\t\t\t\t\t\t\t\t<\/figure>\n\t\t\t\t\t\t\t\t\t<\/div>\n\t\t\t\t\t<\/div>\n\t\t\t\t<\/div>\n\t\t<div data-particle_enable=\"false\" data-particle-mobile-disabled=\"false\" class=\"elementor-element elementor-element-bb1cf3f e-flex e-con-boxed e-con e-parent\" data-id=\"bb1cf3f\" data-element_type=\"container\" data-e-type=\"container\">\n\t\t\t\t\t<div class=\"e-con-inner\">\n\t\t\t\t<div class=\"elementor-element elementor-element-c80ba8d elementor-widget elementor-widget-heading\" data-id=\"c80ba8d\" data-element_type=\"widget\" data-e-type=\"widget\" data-widget_type=\"heading.default\">\n\t\t\t\t\t<h3 class=\"elementor-heading-title elementor-size-default\">La historia detr\u00e1s de un gran sabor<\/h3>\t\t\t\t<\/div>\n\t\t\t\t\t<\/div>\n\t\t\t\t<\/div>\n\t\t<div data-particle_enable=\"false\" data-particle-mobile-disabled=\"false\" class=\"elementor-element elementor-element-131db73 e-flex e-con-boxed e-con e-parent\" data-id=\"131db73\" data-element_type=\"container\" data-e-type=\"container\">\n\t\t\t\t\t<div class=\"e-con-inner\">\n\t\t\t\t<div class=\"elementor-element elementor-element-2e1e235 elementor-widget elementor-widget-text-editor\" data-id=\"2e1e235\" data-element_type=\"widget\" data-e-type=\"widget\" data-widget_type=\"text-editor.default\">\n\t\t\t\t\t\t\t\t\t<p>\u201cMi madre migr\u00f3 sola a Estados Unidos. A los tres a\u00f1os ella fue a traernos (a los cuatro hijos). Ha sido una madre luchadora, incansablemente luchadora. Mi madre nos fue a traer. Comenzamos trabajando en restaurantes guatemaltecos en la d\u00e9cada de los 80\u201d, recuerda Milbet.\u00a0<\/p><p>Milbet recuerda que al fallecer su padre, se mudaron con su mam\u00e1 a la colonia La Florida, zona 19 de la Ciudad de Guatemala, donde recuerda que ella y sus hermanas ayudaban a vender comida. Ella en particular sal\u00eda a vender tamales en una bicicleta y a veces frente a su casa.\u00a0<\/p><p>La nostalgia le gana a Milbet. \u201cMe hizo recordar. Era muy alegre, jug\u00e1bamos con nuestros compa\u00f1eros de escuela. Ahora nos comunicamos en Facebook\u201d, comparte.<\/p>\t\t\t\t\t\t\t\t<\/div>\n\t\t\t\t\t<\/div>\n\t\t\t\t<\/div>\n\t\t<div data-particle_enable=\"false\" data-particle-mobile-disabled=\"false\" class=\"elementor-element elementor-element-2c44bd4 e-flex e-con-boxed e-con e-parent\" data-id=\"2c44bd4\" data-element_type=\"container\" data-e-type=\"container\">\n\t\t\t\t\t<div class=\"e-con-inner\">\n\t\t\t\t<div class=\"elementor-element elementor-element-0a14674 elementor-widget elementor-widget-google_maps\" data-id=\"0a14674\" data-element_type=\"widget\" data-e-type=\"widget\" data-widget_type=\"google_maps.default\">\n\t\t\t\t\t\t\t<div class=\"elementor-custom-embed\">\n\t\t\t<iframe loading=\"lazy\"\n\t\t\t\t\tsrc=\"https:\/\/maps.google.com\/maps?q=Amalia%27s%20Restaurant&#038;t=m&#038;z=10&#038;output=embed&#038;iwloc=near\"\n\t\t\t\t\ttitle=\"Amalia&#039;s Restaurant\"\n\t\t\t\t\taria-label=\"Amalia&#039;s Restaurant\"\n\t\t\t><\/iframe>\n\t\t<\/div>\n\t\t\t\t\t\t<\/div>\n\t\t\t\t\t<\/div>\n\t\t\t\t<\/div>\n\t\t<div data-particle_enable=\"false\" data-particle-mobile-disabled=\"false\" class=\"elementor-element elementor-element-b0b8f29 e-flex e-con-boxed e-con e-parent\" data-id=\"b0b8f29\" data-element_type=\"container\" data-e-type=\"container\">\n\t\t\t\t\t<div class=\"e-con-inner\">\n\t\t\t\t<div class=\"elementor-element elementor-element-fca8f3f elementor-widget elementor-widget-testimonial\" data-id=\"fca8f3f\" data-element_type=\"widget\" data-e-type=\"widget\" data-widget_type=\"testimonial.default\">\n\t\t\t\t\t\t\t<div class=\"elementor-testimonial-wrapper\">\n\t\t\t\t\t\t\t<div class=\"elementor-testimonial-content\">\u201cMe siento orgullosa del legado de mi madre. Nos ha abierto las puertas. El guatemalteco es trabajador\".-<\/div>\n\t\t\t\n\t\t\t\t\t\t<div class=\"elementor-testimonial-meta elementor-has-image elementor-testimonial-image-position-aside\">\n\t\t\t\t<div class=\"elementor-testimonial-meta-inner\">\n\t\t\t\t\t\t\t\t\t\t\t<div class=\"elementor-testimonial-image\">\n\t\t\t\t\t\t\t<img decoding=\"async\" width=\"356\" height=\"356\" src=\"https:\/\/soymigrante.com\/revista\/wp-content\/uploads\/2024\/10\/Milbet-del-Cid-Restaurante-Amalia.webp\" class=\"attachment-full size-full wp-image-10849\" alt=\"Mujer sonriente con gafas, cabello rizado y expresi\u00f3n c\u00e1lida, promoviendo temas de migraci\u00f3n y comunidad en la revista SoyMigrante.com REVISTA.\" title=\"Milbet del Cid Restaurante Amalia \u2013 SoyMigrante.com REVISTA\" \/>\t\t\t\t\t\t<\/div>\n\t\t\t\t\t\n\t\t\t\t\t\t\t\t\t\t<div class=\"elementor-testimonial-details\">\n\t\t\t\t\t\t\t\t\t\t\t\t\t\t<div class=\"elementor-testimonial-name\">Milbet del Cid<\/div>\n\t\t\t\t\t\t\t\t\t\t\t\t\t\t\t\t\t\t\t\t\t\t<div class=\"elementor-testimonial-job\">Emprendedora guatemalteca<\/div>\n\t\t\t\t\t\t\t\t\t\t\t\t\t<\/div>\n\t\t\t\t\t\t\t\t\t<\/div>\n\t\t\t<\/div>\n\t\t\t\t\t<\/div>\n\t\t\t\t\t\t<\/div>\n\t\t\t\t\t<\/div>\n\t\t\t\t<\/div>\n\t\t<div data-particle_enable=\"false\" data-particle-mobile-disabled=\"false\" class=\"elementor-element elementor-element-a98d074 e-flex e-con-boxed e-con e-parent\" data-id=\"a98d074\" data-element_type=\"container\" data-e-type=\"container\">\n\t\t\t\t\t<div class=\"e-con-inner\">\n\t\t\t\t<div class=\"elementor-element elementor-element-6e3419c elementor-widget elementor-widget-heading\" data-id=\"6e3419c\" data-element_type=\"widget\" data-e-type=\"widget\" data-widget_type=\"heading.default\">\n\t\t\t\t\t<h3 class=\"elementor-heading-title elementor-size-default\">Una barrera para seguir creciendo<\/h3>\t\t\t\t<\/div>\n\t\t\t\t\t<\/div>\n\t\t\t\t<\/div>\n\t\t<div data-particle_enable=\"false\" data-particle-mobile-disabled=\"false\" class=\"elementor-element elementor-element-cf1e94d e-flex e-con-boxed e-con e-parent\" data-id=\"cf1e94d\" data-element_type=\"container\" data-e-type=\"container\">\n\t\t\t\t\t<div class=\"e-con-inner\">\n\t\t\t\t<div class=\"elementor-element elementor-element-92bb85a elementor-widget elementor-widget-text-editor\" data-id=\"92bb85a\" data-element_type=\"widget\" data-e-type=\"widget\" data-widget_type=\"text-editor.default\">\n\t\t\t\t\t\t\t\t\t<p>En el 2008, do\u00f1a Amalia decidi\u00f3 ampliar su restaurante, pero la recesi\u00f3n de esa \u00e9poca apag\u00f3 el \u00e9xito que ella esperaba con el restaurante. A pesar de los esfuerzos familiares por mantenerlo abierto sostenerlo ya no era posible para do\u00f1a Amalia.<\/p><p>As\u00ed que Milbet decide comprarle el negocio a su mam\u00e1 y desde hace 14 a\u00f1os, ella le ha dado un nuevo impulso, para resaltar m\u00e1s la caracter\u00edstica principal de Amalia\u00b4s Restaurant: cocinar con ingredientes originales de Guatemala. No es f\u00e1cil, pero es lo que les hace \u00fanicos.<\/p>\t\t\t\t\t\t\t\t<\/div>\n\t\t\t\t\t<\/div>\n\t\t\t\t<\/div>\n\t\t<div data-particle_enable=\"false\" data-particle-mobile-disabled=\"false\" class=\"elementor-element elementor-element-b096ab9 e-flex e-con-boxed e-con e-parent\" data-id=\"b096ab9\" data-element_type=\"container\" data-e-type=\"container\">\n\t\t\t\t\t<div class=\"e-con-inner\">\n\t\t\t\t<div class=\"elementor-element elementor-element-c80a59b elementor-widget elementor-widget-video\" data-id=\"c80a59b\" data-element_type=\"widget\" data-e-type=\"widget\" data-settings=\"{&quot;youtube_url&quot;:&quot;https:\\\/\\\/www.youtube.com\\\/watch?v=qOCKtBBRXTk&quot;,&quot;start&quot;:120,&quot;show_image_overlay&quot;:&quot;yes&quot;,&quot;image_overlay&quot;:{&quot;url&quot;:&quot;https:\\\/\\\/soymigrante.com\\\/revista\\\/wp-content\\\/uploads\\\/2024\\\/10\\\/amalias-restaurante-dia-del-guatemalteco6.webp&quot;,&quot;id&quot;:10864,&quot;size&quot;:&quot;&quot;,&quot;alt&quot;:&quot;&quot;,&quot;source&quot;:&quot;library&quot;},&quot;video_type&quot;:&quot;youtube&quot;,&quot;controls&quot;:&quot;yes&quot;}\" data-widget_type=\"video.default\">\n\t\t\t\t\t\t\t<div class=\"elementor-wrapper elementor-open-inline\">\n\t\t\t<div class=\"elementor-video\"><\/div>\t\t\t\t<div class=\"elementor-custom-embed-image-overlay\" style=\"background-image: url(https:\/\/soymigrante.com\/revista\/wp-content\/uploads\/2024\/10\/amalias-restaurante-dia-del-guatemalteco6.webp);\">\n\t\t\t\t\t\t\t\t\t\t\t\t\t\t\t\t<div class=\"elementor-custom-embed-play\" role=\"button\" aria-label=\"Reproducir v\u00eddeo\" tabindex=\"0\">\n\t\t\t\t\t\t\t<i aria-hidden=\"true\" class=\"eicon-play\"><\/i>\t\t\t\t\t\t<\/div>\n\t\t\t\t\t\t\t\t\t<\/div>\n\t\t\t\t\t<\/div>\n\t\t\t\t\t\t<\/div>\n\t\t\t\t\t<\/div>\n\t\t\t\t<\/div>\n\t\t<div data-particle_enable=\"false\" data-particle-mobile-disabled=\"false\" class=\"elementor-element elementor-element-e6dfadb e-flex e-con-boxed e-con e-parent\" data-id=\"e6dfadb\" data-element_type=\"container\" data-e-type=\"container\">\n\t\t\t\t\t<div class=\"e-con-inner\">\n\t\t\t\t<div class=\"elementor-element elementor-element-667fff9 elementor-widget elementor-widget-heading\" data-id=\"667fff9\" data-element_type=\"widget\" data-e-type=\"widget\" data-widget_type=\"heading.default\">\n\t\t\t\t\t<h3 class=\"elementor-heading-title elementor-size-default\">Desde hilachas hasta kaq'ik<\/h3>\t\t\t\t<\/div>\n\t\t\t\t\t<\/div>\n\t\t\t\t<\/div>\n\t\t<div data-particle_enable=\"false\" data-particle-mobile-disabled=\"false\" class=\"elementor-element elementor-element-f01aa1b e-flex e-con-boxed e-con e-parent\" data-id=\"f01aa1b\" data-element_type=\"container\" data-e-type=\"container\">\n\t\t\t\t\t<div class=\"e-con-inner\">\n\t\t\t\t<div class=\"elementor-element elementor-element-d89599d elementor-widget elementor-widget-text-editor\" data-id=\"d89599d\" data-element_type=\"widget\" data-e-type=\"widget\" data-widget_type=\"text-editor.default\">\n\t\t\t\t\t\t\t\t\t<p><span style=\"color: var( --e-global-color-text ); text-align: var(--text-align);\">\u201cEs mucho trabajo porque implica viajar a Guatemala y buscar ingredientes que se puedan ingresar a EE.UU.\u201d, refiere Milbet. Cada platillo requiere cierto condimento que se elabora en<\/span><a style=\"text-align: var(--text-align);\" href=\"https:\/\/soymigrante.com\/revista\/ramiro-garrido-electricista-en-ee-uu-posee-la-poderosa-energia-de-la-generosida\/\" target=\"_blank\" rel=\"noopener\"> Guatemala\u00a0<\/a><span style=\"color: var( --e-global-color-text ); text-align: var(--text-align);\">como el achiote, el cual compran directamente con un proveedor de Popt\u00fan.<\/span><\/p><p>Durante la reciente temporada de fiambre, Amalia se distingui\u00f3 porque varios de los ingredientes son preparados por ellos mismos, con una receta artesanal casera:el chorizo negro, longaniza, la butifarra.<\/p><p>En referencia a las bebidas tambi\u00e9n preparan la original horchata a base de ma\u00edz y otras semillas.\u00a0<a href=\"https:\/\/soymigrante.com\/revista\/diez-opciones-para-incluir-ingredientes-chapines-en-tu-nutricion-en-usa\/\" target=\"_blank\" rel=\"noopener\">\u201cNuestro men\u00fa es cien por ciento guatemalteco<\/a>. No encuentras nada que no sea guatemalteco. Cocinamos hilachas, pepi\u00e1n, chiles rellenos, Kaq\u00b4ik, revolcado\u2026 Todo lo que consumes est\u00e1 hecho en Amalias\u201d, expresa con orgullo Milbet.<\/p>\t\t\t\t\t\t\t\t<\/div>\n\t\t\t\t\t<\/div>\n\t\t\t\t<\/div>\n\t\t<div data-particle_enable=\"false\" data-particle-mobile-disabled=\"false\" class=\"elementor-element elementor-element-0549a2a e-flex e-con-boxed e-con e-parent\" data-id=\"0549a2a\" data-element_type=\"container\" data-e-type=\"container\">\n\t\t\t\t\t<div class=\"e-con-inner\">\n\t\t\t\t<div class=\"elementor-element elementor-element-964a81a elementor-widget elementor-widget-heading\" data-id=\"964a81a\" data-element_type=\"widget\" data-e-type=\"widget\" data-widget_type=\"heading.default\">\n\t\t\t\t\t<h4 class=\"elementor-heading-title elementor-size-default\">\u00bfGusta ver el men\u00fa de antojitos guatemaltecos de Amalia?<\/h4>\t\t\t\t<\/div>\n\t\t\t\t\t<\/div>\n\t\t\t\t<\/div>\n\t\t<div data-particle_enable=\"false\" data-particle-mobile-disabled=\"false\" class=\"elementor-element elementor-element-c0ead49 e-flex e-con-boxed e-con e-parent\" data-id=\"c0ead49\" data-element_type=\"container\" data-e-type=\"container\">\n\t\t\t\t\t<div class=\"e-con-inner\">\n\t\t\t\t<div class=\"elementor-element elementor-element-9df7c98 elementor-invisible elementor-widget elementor-widget-image\" data-id=\"9df7c98\" data-element_type=\"widget\" data-e-type=\"widget\" data-settings=\"{&quot;_animation&quot;:&quot;bounceInRight&quot;}\" data-widget_type=\"image.default\">\n\t\t\t\t\t\t\t\t\t\t\t\t<figure class=\"wp-caption\">\n\t\t\t\t\t\t\t\t\t\t\t<a href=\"https:\/\/www.amaliasrestaurant.com\/menu\">\n\t\t\t\t\t\t\t<img decoding=\"async\" width=\"768\" height=\"602\" src=\"https:\/\/soymigrante.com\/revista\/wp-content\/uploads\/2024\/11\/restaurante-amalia-comida-chapina.webp\" class=\"attachment-large size-large wp-image-11898\" alt=\"Refrescos y c\u00f3cteles coloridos, con decoraci\u00f3n tropical y presentaci\u00f3n atractiva, ideales para acompa\u00f1ar platos t\u00edpicos mexicanos y latinoamericanos en un restaurante.\" srcset=\"https:\/\/soymigrante.com\/revista\/wp-content\/uploads\/2024\/11\/restaurante-amalia-comida-chapina.webp 805w, https:\/\/soymigrante.com\/revista\/wp-content\/uploads\/2024\/11\/restaurante-amalia-comida-chapina-300x235.webp 300w, https:\/\/soymigrante.com\/revista\/wp-content\/uploads\/2024\/11\/restaurante-amalia-comida-chapina-768x602.jpg 768w, https:\/\/soymigrante.com\/revista\/wp-content\/uploads\/2024\/11\/restaurante-amalia-comida-chapina-750x588.webp 750w\" sizes=\"(max-width: 768px) 100vw, 768px\" title=\"Para muestra un vistazo a una parte del men\u00fa de Restaurante Amalia. Si desea verlo todo en su sitio web puede dar clic en la imagen. \u2013 SoyMigrante.com REVISTA\" \/>\t\t\t\t\t\t\t\t<\/a>\n\t\t\t\t\t\t\t\t\t\t\t<figcaption class=\"widget-image-caption wp-caption-text\">Platos tradicionales mexicanos y latinoamericanos con ingredientes frescos y sabores aut\u00e9nticos, incluyendo carnes, sopas y guarniciones en un ambiente de restaurante.<\/figcaption>\n\t\t\t\t\t\t\t\t\t\t<\/figure>\n\t\t\t\t\t\t\t\t\t<\/div>\n\t\t\t\t\t<\/div>\n\t\t\t\t<\/div>\n\t\t<div data-particle_enable=\"false\" data-particle-mobile-disabled=\"false\" class=\"elementor-element elementor-element-c77c8e5 e-flex e-con-boxed e-con e-parent\" data-id=\"c77c8e5\" data-element_type=\"container\" data-e-type=\"container\">\n\t\t\t\t\t<div class=\"e-con-inner\">\n\t\t\t\t<div class=\"elementor-element elementor-element-8ac0e96 elementor-widget elementor-widget-heading\" data-id=\"8ac0e96\" data-element_type=\"widget\" data-e-type=\"widget\" data-widget_type=\"heading.default\">\n\t\t\t\t\t<h3 class=\"elementor-heading-title elementor-size-default\">Sabor guatemalteco inolvidable<\/h3>\t\t\t\t<\/div>\n\t\t\t\t\t<\/div>\n\t\t\t\t<\/div>\n\t\t<div data-particle_enable=\"false\" data-particle-mobile-disabled=\"false\" class=\"elementor-element elementor-element-8e017df e-flex e-con-boxed e-con e-parent\" data-id=\"8e017df\" data-element_type=\"container\" data-e-type=\"container\">\n\t\t\t\t\t<div class=\"e-con-inner\">\n\t\t\t\t<div class=\"elementor-element elementor-element-cb082c8 elementor-widget elementor-widget-text-editor\" data-id=\"cb082c8\" data-element_type=\"widget\" data-e-type=\"widget\" data-widget_type=\"text-editor.default\">\n\t\t\t\t\t\t\t\t\t<p>Algunos de sus clientes se han mudado a otros estados, pero en los recientes d\u00edas del fiambre, no quisieron perderse el sabor el que se prepara en Amalia\u00b4s Restaurant tras a\u00f1o.\u00a0<\/p><p>Milbet decidi\u00f3 poner a prueba la log\u00edstica para enviar fiambre a San Francisco, Nueva York y\u00a0<a href=\"https:\/\/soymigrante.com\/revista\/joyas-mayas-migrantes-el-misterioso-trozo-de-dintel-de-tikal-en-washington\/\" target=\"_blank\" rel=\"noopener\">Washington.\u00a0<\/a>Los pedidos eran bastantes y ten\u00edan como meta superar la cifra de 2023, cuando vendieron casi 2 mil platos.\u00a0<\/p><p>\u201cMe siento orgullosa del legado de mi madre. Nos ha abierto las puertas. El guatemalteco es trabajador. Tengo dos hijos una de 23 y otro de 28, y los dos son trabajadores. Es un orgullo para m\u00ed ense\u00f1arles a mis hijos a seguir el legado de mi madre\u201d, comparte Milbet al final.<\/p>\t\t\t\t\t\t\t\t<\/div>\n\t\t\t\t\t<\/div>\n\t\t\t\t<\/div>\n\t\t<div data-particle_enable=\"false\" data-particle-mobile-disabled=\"false\" class=\"elementor-element elementor-element-87ff49b e-flex e-con-boxed e-con e-parent\" data-id=\"87ff49b\" data-element_type=\"container\" data-e-type=\"container\">\n\t\t\t\t\t<div class=\"e-con-inner\">\n\t\t\t\t<div class=\"elementor-element elementor-element-ec5d7b1 elementor-widget elementor-widget-heading\" data-id=\"ec5d7b1\" data-element_type=\"widget\" data-e-type=\"widget\" data-widget_type=\"heading.default\">\n\t\t\t\t\t<h4 class=\"elementor-heading-title elementor-size-default\">As\u00ed estuvo la preparaci\u00f3n del tradicional fiambre guatemalteco<\/h4>\t\t\t\t<\/div>\n\t\t\t\t\t<\/div>\n\t\t\t\t<\/div>\n\t\t<div data-particle_enable=\"false\" data-particle-mobile-disabled=\"false\" class=\"elementor-element elementor-element-7437030 e-flex e-con-boxed e-con e-parent\" data-id=\"7437030\" data-element_type=\"container\" data-e-type=\"container\">\n\t\t\t\t\t<div class=\"e-con-inner\">\n\t\t\t\t<div class=\"elementor-element elementor-element-ed3fc62 elementor-invisible elementor-widget elementor-widget-facebook-embed\" data-id=\"ed3fc62\" data-element_type=\"widget\" data-e-type=\"widget\" data-settings=\"{&quot;_animation&quot;:&quot;fadeInLeft&quot;}\" data-widget_type=\"facebook-embed.default\">\n\t\t\t\t\t<div style=\"min-height: 1px\" class=\"elementor-facebook-widget fb-video\" data-href=\"https:\/\/www.facebook.com\/amaliasguatemalan\/videos\/1096020988754014\" data-show-text=\"false\" data-allowfullscreen=\"false\" data-autoplay=\"false\" data-show-captions=\"false\"><\/div>\t\t\t\t<\/div>\n\t\t\t\t\t<\/div>\n\t\t\t\t<\/div>\n\t\t<div data-particle_enable=\"false\" data-particle-mobile-disabled=\"false\" class=\"elementor-element elementor-element-036e1d0 e-flex e-con-boxed e-con e-parent\" data-id=\"036e1d0\" data-element_type=\"container\" data-e-type=\"container\">\n\t\t\t\t\t<div class=\"e-con-inner\">\n\t\t\t\t<div class=\"elementor-element elementor-element-9eb8f3f elementor-arrows-position-inside elementor-pagination-position-outside elementor-widget elementor-widget-image-carousel\" data-id=\"9eb8f3f\" data-element_type=\"widget\" data-e-type=\"widget\" data-settings=\"{&quot;slides_to_show&quot;:&quot;1&quot;,&quot;navigation&quot;:&quot;both&quot;,&quot;autoplay&quot;:&quot;yes&quot;,&quot;pause_on_hover&quot;:&quot;yes&quot;,&quot;pause_on_interaction&quot;:&quot;yes&quot;,&quot;autoplay_speed&quot;:5000,&quot;infinite&quot;:&quot;yes&quot;,&quot;effect&quot;:&quot;slide&quot;,&quot;speed&quot;:500}\" data-widget_type=\"image-carousel.default\">\n\t\t\t\t\t\t\t<div class=\"elementor-image-carousel-wrapper swiper\" role=\"region\" aria-roledescription=\"carousel\" aria-label=\"Carrusel de im\u00e1genes\" dir=\"ltr\">\n\t\t\t<div class=\"elementor-image-carousel swiper-wrapper\" aria-live=\"off\">\n\t\t\t\t\t\t\t\t<div class=\"swiper-slide\" role=\"group\" aria-roledescription=\"slide\" aria-label=\"1 de 11\"><figure class=\"swiper-slide-inner\"><img decoding=\"async\" class=\"swiper-slide-image\" src=\"https:\/\/soymigrante.com\/revista\/wp-content\/uploads\/2024\/10\/amalias-restaurante-dia-del-guatemalteco16.webp\" alt=\"Sabores de la gastronom\u00eda mexicana con sopa de mariscos y arroz, acompa\u00f1ada de lim\u00f3n y cilantro fresco en un plato tradicional, ideal para compartir y disfrutar en familia o en un restaurante.\" \/><figcaption class=\"elementor-image-carousel-caption\">Plato de caldo de mariscos con guarniciones tradicionales, ideal para los amantes de la cocina mexicana aut\u00e9ntica y los sabores del mar.<\/figcaption><\/figure><\/div><div class=\"swiper-slide\" role=\"group\" aria-roledescription=\"slide\" aria-label=\"2 de 11\"><figure class=\"swiper-slide-inner\"><img decoding=\"async\" class=\"swiper-slide-image\" src=\"https:\/\/soymigrante.com\/revista\/wp-content\/uploads\/2024\/10\/Amalia-restaurante.webp\" alt=\"Deliciosa variedad de comida tradicional guatemalteca en un plato abundante con tacos, empanadas, y salsas en un restaurante t\u00edpico, representando la cultura culinaria de Guatemala.\" \/><figcaption class=\"elementor-image-carousel-caption\">Festival gastron\u00f3mico con especialidades guatemaltecas, mostrando la riqueza de sabores y recetas ancestrales en un plato colorido y apetitoso.<\/figcaption><\/figure><\/div><div class=\"swiper-slide\" role=\"group\" aria-roledescription=\"slide\" aria-label=\"3 de 11\"><figure class=\"swiper-slide-inner\"><img decoding=\"async\" class=\"swiper-slide-image\" src=\"https:\/\/soymigrante.com\/revista\/wp-content\/uploads\/2024\/10\/amalias-restaurante-dia-del-guatemalteco7.webp\" alt=\"Hamburguesa mexicana decorada con adornos coloridos en un restaurante con paredes decorativas del pa\u00eds.\" \/><figcaption class=\"elementor-image-carousel-caption\">Decoraci\u00f3n tradicional mexicana en restaurante, con elementos culturales y detalles t\u00edpicos en un ambiente acogedor y colorido.<\/figcaption><\/figure><\/div><div class=\"swiper-slide\" role=\"group\" aria-roledescription=\"slide\" aria-label=\"4 de 11\"><figure class=\"swiper-slide-inner\"><img decoding=\"async\" class=\"swiper-slide-image\" src=\"https:\/\/soymigrante.com\/revista\/wp-content\/uploads\/2024\/10\/amalia-restaurante2.webp\" alt=\"Arroz mexicano con frijoles, carne asada y guacamole en plato t\u00edpico, representaci\u00f3n de la gastronom\u00eda tradicional mexicana con ingredientes frescos y sabores aut\u00e9nticos.\" \/><figcaption class=\"elementor-image-carousel-caption\">Delicioso plato mexicano con arroz, frijoles, carne asada, guacamole y salsa en presentaci\u00f3n atractiva, resaltando la riqueza culinaria de M\u00e9xico.<\/figcaption><\/figure><\/div><div class=\"swiper-slide\" role=\"group\" aria-roledescription=\"slide\" aria-label=\"5 de 11\"><figure class=\"swiper-slide-inner\"><img decoding=\"async\" class=\"swiper-slide-image\" src=\"https:\/\/soymigrante.com\/revista\/wp-content\/uploads\/2024\/10\/amalias-restaurante-dia-del-guatemalteco6.webp\" alt=\"Restaurante guatemalteco Amalia S, comida tradicional en una fachada con men\u00fa de mariscos, carnes y guatemalteca, en un ambiente familiar.\" \/><figcaption class=\"elementor-image-carousel-caption\">Disfruta la gastronom\u00eda guatemalteca en Amaia's Restaurante, reconocido por su aut\u00e9ntica comida tradicional, mariscos, pollo y carnes asadas en un lugar con ambiente familiar y atenci\u00f3n de calidad.<\/figcaption><\/figure><\/div><div class=\"swiper-slide\" role=\"group\" aria-roledescription=\"slide\" aria-label=\"6 de 11\"><figure class=\"swiper-slide-inner\"><img decoding=\"async\" class=\"swiper-slide-image\" src=\"https:\/\/soymigrante.com\/revista\/wp-content\/uploads\/2024\/10\/amalia-restaurante3.webp\" alt=\"Deliciosas taquitos de tamal con carne y queso, acompa\u00f1ados de salsa picante y ensalada de col, ideales para disfrutar en comida mexicana tradicional.\" \/><figcaption class=\"elementor-image-carousel-caption\">Plato de tacos de tamal con carne, queso y salsa, servido en restaurante mexicano con ensalada de col, representando la gastronom\u00eda aut\u00e9ntica y cultural de M\u00e9xico.<\/figcaption><\/figure><\/div><div class=\"swiper-slide\" role=\"group\" aria-roledescription=\"slide\" aria-label=\"7 de 11\"><figure class=\"swiper-slide-inner\"><img decoding=\"async\" class=\"swiper-slide-image\" src=\"https:\/\/soymigrante.com\/revista\/wp-content\/uploads\/2024\/10\/amalias-restaurante-dia-del-guatemalteco5.webp\" alt=\"Un grupo de personas en una celebraci\u00f3n de boda en un restaurante, compartiendo comida y momentos felices con decoraci\u00f3n colorida y ambiente acogedor, en un evento cultural y familiar.\" \/><figcaption class=\"elementor-image-carousel-caption\">Boda tradicional mexicana en restaurante con ambiente alegre y celebraci\u00f3n familiar, mostrando cultura, diversidad y uni\u00f3n en una comida especial.<\/figcaption><\/figure><\/div><div class=\"swiper-slide\" role=\"group\" aria-roledescription=\"slide\" aria-label=\"8 de 11\"><figure class=\"swiper-slide-inner\"><img decoding=\"async\" class=\"swiper-slide-image\" src=\"https:\/\/soymigrante.com\/revista\/wp-content\/uploads\/2024\/10\/amalias-restaurante-dia-del-guatemalteco3.webp\" alt=\"Disfruta de la aut\u00e9ntica gastronom\u00eda guatemalteca en Amalia&#039;s Guatemalan Restaurant, ubicado en una zona estrat\u00e9gica, con un equipo de mujeres orgullosas y profesionales, ofreciendo tortillas hechas a mano y vegetales frescos.\" \/><figcaption class=\"elementor-image-carousel-caption\">Restaurante guatemalteco Amalia's con equipo femenino, tortillas hechas a mano y vegetales frescos, en un ambiente amigable y aut\u00e9ntico para quienes buscan sabores tradicionales de Guatemala.<\/figcaption><\/figure><\/div><div class=\"swiper-slide\" role=\"group\" aria-roledescription=\"slide\" aria-label=\"9 de 11\"><figure class=\"swiper-slide-inner\"><img decoding=\"async\" class=\"swiper-slide-image\" src=\"https:\/\/soymigrante.com\/revista\/wp-content\/uploads\/2024\/10\/amalia-restaurante4.webp\" alt=\"Deliciosa comida mexicana con frijoles negros, huevos estrellados y carne asada en un plato tradicional. Perfecto para disfrutar de sabores aut\u00e9nticos y variedad gastron\u00f3mica.\" \/><figcaption class=\"elementor-image-carousel-caption\">Comida mexicana, platos tradicionales, carnes asadas, frijoles negros, desayuno mexicano, recetas aut\u00e9nticas, gastronom\u00eda mexicana.<\/figcaption><\/figure><\/div><div class=\"swiper-slide\" role=\"group\" aria-roledescription=\"slide\" aria-label=\"10 de 11\"><figure class=\"swiper-slide-inner\"><img decoding=\"async\" class=\"swiper-slide-image\" src=\"https:\/\/soymigrante.com\/revista\/wp-content\/uploads\/2024\/10\/amalia-restaurante5.webp\" alt=\"Sabores aut\u00e9nticos de la gastronom\u00eda mexicana en la revista SoyMigrante.com, destacando recetas tradicionales, cultura culinaria y gastronom\u00eda mexicana aut\u00e9ntica.\" \/><figcaption class=\"elementor-image-carousel-caption\">Plato t\u00edpico mexicano con carne asada, pollo en salsa, guacamole y arroz, resaltando la diversidad de la gastronom\u00eda mexicana en la revista SoyMigrante.com.<\/figcaption><\/figure><\/div><div class=\"swiper-slide\" role=\"group\" aria-roledescription=\"slide\" aria-label=\"11 de 11\"><figure class=\"swiper-slide-inner\"><img decoding=\"async\" class=\"swiper-slide-image\" src=\"https:\/\/soymigrante.com\/revista\/wp-content\/uploads\/2024\/10\/amalias-restaurante-dia-del-guatemalteco4.webp\" alt=\"Disfruta de una comida familiar en un restaurante con decoraci\u00f3n tradicional mexicana y un mural que muestra un volc\u00e1n y calles pintorescas, ideal para la comunidad migrante y turistas interesados en cultura mexicana.\" \/><figcaption class=\"elementor-image-carousel-caption\">Los detalles del restaurante est\u00e1n pensados en la nostalgia.<\/figcaption><\/figure><\/div>\t\t\t<\/div>\n\t\t\t\t\t\t\t\t\t\t\t\t<div class=\"elementor-swiper-button elementor-swiper-button-prev\" role=\"button\" tabindex=\"0\">\n\t\t\t\t\t\t<i aria-hidden=\"true\" class=\"eicon-chevron-left\"><\/i>\t\t\t\t\t<\/div>\n\t\t\t\t\t<div class=\"elementor-swiper-button elementor-swiper-button-next\" role=\"button\" tabindex=\"0\">\n\t\t\t\t\t\t<i aria-hidden=\"true\" class=\"eicon-chevron-right\"><\/i>\t\t\t\t\t<\/div>\n\t\t\t\t\n\t\t\t\t\t\t\t\t\t<div class=\"swiper-pagination\"><\/div>\n\t\t\t\t\t\t\t\t\t<\/div>\n\t\t\t\t\t\t<\/div>\n\t\t\t\t\t<\/div>\n\t\t\t\t<\/div>\n\t\t<div data-particle_enable=\"false\" data-particle-mobile-disabled=\"false\" class=\"elementor-element elementor-element-f02bc72 e-flex e-con-boxed e-con e-parent\" data-id=\"f02bc72\" data-element_type=\"container\" data-e-type=\"container\">\n\t\t\t\t\t<div class=\"e-con-inner\">\n\t\t\t\t<div class=\"elementor-element elementor-element-fad9f0b elementor-widget elementor-widget-heading\" data-id=\"fad9f0b\" data-element_type=\"widget\" data-e-type=\"widget\" data-widget_type=\"heading.default\">\n\t\t\t\t\t<h3 class=\"elementor-heading-title elementor-size-default\">Historias que inspiran en USA<\/h3>\t\t\t\t<\/div>\n\t\t\t\t\t<\/div>\n\t\t\t\t<\/div>\n\t\t<div data-particle_enable=\"false\" data-particle-mobile-disabled=\"false\" class=\"elementor-element elementor-element-379986d e-flex e-con-boxed e-con e-parent\" data-id=\"379986d\" data-element_type=\"container\" data-e-type=\"container\">\n\t\t\t\t\t<div class=\"e-con-inner\">\n\t\t\t\t<div class=\"elementor-element elementor-element-3090294 elementor-grid-eael-col-3 elementor-grid-tablet-eael-col-2 elementor-grid-mobile-eael-col-1 elementor-widget elementor-widget-eael-post-grid\" data-id=\"3090294\" data-element_type=\"widget\" data-e-type=\"widget\" data-settings=\"{&quot;eael_post_grid_columns&quot;:&quot;eael-col-3&quot;,&quot;eael_post_grid_columns_tablet&quot;:&quot;eael-col-2&quot;,&quot;eael_post_grid_columns_mobile&quot;:&quot;eael-col-1&quot;}\" data-widget_type=\"eael-post-grid.default\">\n\t\t\t\t\t<div id=\"eael-post-grid-3090294\" class=\"eael-post-grid-container\">\n            <div class=\"eael-post-grid eael-post-appender eael-post-appender-3090294 eael-post-grid-style-one\" data-layout-mode=\"masonry\"><article class=\"eael-grid-post  eael-post-grid-column eael-pg-post-10417 category-exitos\" data-id=\"10417\">\n        <div class=\"eael-grid-post-holder\">\n            <div class=\"eael-grid-post-holder-inner\"><div class=\"eael-entry-media\"><div class=\"eael-entry-overlay fade-in\"><i class=\"far fa-hand-pointer\" aria-hidden=\"true\"><\/i><a href=\"https:\/\/soymigrante.com\/revista\/ramiro-garrido-electricista-en-ee-uu-posee-la-poderosa-energia-de-la-generosida\/\"><\/a><\/div><div class=\"eael-entry-thumbnail \">\n                <img loading=\"lazy\" decoding=\"async\" width=\"1010\" height=\"1010\" src=\"https:\/\/soymigrante.com\/revista\/wp-content\/uploads\/2024\/10\/banner-Ramiro-Garrido-Veliz-soy-migrante.webp\" class=\"attachment-large size-large wp-image-10419\" alt=\"Camisa gris con logo rojo, hombre con sombrero vaquero negro, retrato en interior, cultura migrante, identidad mexicana, Revista SoyMigrante.com, tem\u00e1tica migratoria y cultural, celebraci\u00f3n de tradiciones mexicanas, hombre con estilo regional de M\u00e9xico, orgullo cultural y migrante.\" srcset=\"https:\/\/soymigrante.com\/revista\/wp-content\/uploads\/2024\/10\/banner-Ramiro-Garrido-Veliz-soy-migrante.webp 1010w, https:\/\/soymigrante.com\/revista\/wp-content\/uploads\/2024\/10\/banner-Ramiro-Garrido-Veliz-soy-migrante-300x300.webp 300w, https:\/\/soymigrante.com\/revista\/wp-content\/uploads\/2024\/10\/banner-Ramiro-Garrido-Veliz-soy-migrante-150x150.webp 150w, https:\/\/soymigrante.com\/revista\/wp-content\/uploads\/2024\/10\/banner-Ramiro-Garrido-Veliz-soy-migrante-768x768.webp 768w, https:\/\/soymigrante.com\/revista\/wp-content\/uploads\/2024\/10\/banner-Ramiro-Garrido-Veliz-soy-migrante-75x75.webp 75w, https:\/\/soymigrante.com\/revista\/wp-content\/uploads\/2024\/10\/banner-Ramiro-Garrido-Veliz-soy-migrante-750x750.webp 750w\" sizes=\"(max-width: 1010px) 100vw, 1010px\" \/>\n            <\/div>\n        <\/div><div class=\"eael-entry-wrapper\"><header class=\"eael-entry-header\"><h2 class=\"eael-entry-title\"><a class=\"eael-grid-post-link\" href=\"https:\/\/soymigrante.com\/revista\/ramiro-garrido-electricista-en-ee-uu-posee-la-poderosa-energia-de-la-generosida\/\" title=\"Ramiro Garrido es electricista y posee la poderosa energ\u00eda de la generosidad\">Ramiro Garrido es electricista y posee la poderosa energ\u00eda de la generosidad<\/a><\/h2><\/header><div class=\"eael-entry-content\">\n                        <div class=\"eael-grid-post-excerpt\"><a href=\"https:\/\/soymigrante.com\/revista\/ramiro-garrido-electricista-en-ee-uu-posee-la-poderosa-energia-de-la-generosida\/\" class=\"eael-post-elements-readmore-btn\">CONOCE SU HISTORIA <\/a><\/div>\n                    <\/div><\/div><\/div>\n        <\/div>\n    <\/article><article class=\"eael-grid-post  eael-post-grid-column eael-pg-post-10116 category-exitos\" data-id=\"10116\">\n        <div class=\"eael-grid-post-holder\">\n            <div class=\"eael-grid-post-holder-inner\"><div class=\"eael-entry-media\"><div class=\"eael-entry-overlay fade-in\"><i class=\"far fa-hand-pointer\" aria-hidden=\"true\"><\/i><a href=\"https:\/\/soymigrante.com\/revista\/de-monjas-a-stamford-connecticut-maria-sandoval-preside-el-grupo-quetzal\/\"><\/a><\/div><div class=\"eael-entry-thumbnail \">\n                <img loading=\"lazy\" decoding=\"async\" width=\"1024\" height=\"1024\" src=\"https:\/\/soymigrante.com\/revista\/wp-content\/uploads\/2024\/10\/Maria-Sandoval-Grupo-Quetzal-soy-migrante-1-1024x1024.webp\" class=\"attachment-large size-large wp-image-10135\" alt=\"Colaboradora con traje tradicional mexicano durante celebraci\u00f3n cultural con \u00e1rboles de fondo en la revista SoyMigrante.com REVISTA.\" srcset=\"https:\/\/soymigrante.com\/revista\/wp-content\/uploads\/2024\/10\/Maria-Sandoval-Grupo-Quetzal-soy-migrante-1-1024x1024.webp 1024w, https:\/\/soymigrante.com\/revista\/wp-content\/uploads\/2024\/10\/Maria-Sandoval-Grupo-Quetzal-soy-migrante-1-300x300.webp 300w, https:\/\/soymigrante.com\/revista\/wp-content\/uploads\/2024\/10\/Maria-Sandoval-Grupo-Quetzal-soy-migrante-1-150x150.webp 150w, https:\/\/soymigrante.com\/revista\/wp-content\/uploads\/2024\/10\/Maria-Sandoval-Grupo-Quetzal-soy-migrante-1-768x768.webp 768w, https:\/\/soymigrante.com\/revista\/wp-content\/uploads\/2024\/10\/Maria-Sandoval-Grupo-Quetzal-soy-migrante-1-75x75.webp 75w, https:\/\/soymigrante.com\/revista\/wp-content\/uploads\/2024\/10\/Maria-Sandoval-Grupo-Quetzal-soy-migrante-1-750x750.webp 750w, https:\/\/soymigrante.com\/revista\/wp-content\/uploads\/2024\/10\/Maria-Sandoval-Grupo-Quetzal-soy-migrante-1-1140x1140.webp 1140w, https:\/\/soymigrante.com\/revista\/wp-content\/uploads\/2024\/10\/Maria-Sandoval-Grupo-Quetzal-soy-migrante-1.webp 1514w\" sizes=\"(max-width: 1024px) 100vw, 1024px\" \/>\n            <\/div>\n        <\/div><div class=\"eael-entry-wrapper\"><header class=\"eael-entry-header\"><h2 class=\"eael-entry-title\"><a class=\"eael-grid-post-link\" href=\"https:\/\/soymigrante.com\/revista\/de-monjas-a-stamford-connecticut-maria-sandoval-preside-el-grupo-quetzal\/\" title=\"De Monjas a Stamford, Connecticut: Mar\u00eda Sandoval preside el Grupo Quetzal\">De Monjas a Stamford, Connecticut: Mar\u00eda Sandoval preside el Grupo Quetzal<\/a><\/h2><\/header><div class=\"eael-entry-content\">\n                        <div class=\"eael-grid-post-excerpt\"><a href=\"https:\/\/soymigrante.com\/revista\/de-monjas-a-stamford-connecticut-maria-sandoval-preside-el-grupo-quetzal\/\" class=\"eael-post-elements-readmore-btn\">CONOCE SU HISTORIA <\/a><\/div>\n                    <\/div><\/div><\/div>\n        <\/div>\n    <\/article><article class=\"eael-grid-post  eael-post-grid-column eael-pg-post-10027 category-exitos\" data-id=\"10027\">\n        <div class=\"eael-grid-post-holder\">\n            <div class=\"eael-grid-post-holder-inner\"><div class=\"eael-entry-media\"><div class=\"eael-entry-overlay fade-in\"><i class=\"far fa-hand-pointer\" aria-hidden=\"true\"><\/i><a href=\"https:\/\/soymigrante.com\/revista\/es-un-honor-ser-guatemalteco-rudy-perez-subjefe-de-policia-en-minneapolis-minnesota\/\"><\/a><\/div><div class=\"eael-entry-thumbnail \">\n                <img loading=\"lazy\" decoding=\"async\" width=\"1024\" height=\"1024\" src=\"https:\/\/soymigrante.com\/revista\/wp-content\/uploads\/2024\/10\/Rudy-Perez-subjefe-policial-guatemalteco-americano-1-1024x1024.webp\" class=\"attachment-large size-large wp-image-10094\" alt=\"Polic\u00eda de tr\u00e1nsito en uniforme, sonriendo, en un parque con edificio hist\u00f3rico al fondo, representando autoridad y seguridad ciudadana en un entorno urbano.\" srcset=\"https:\/\/soymigrante.com\/revista\/wp-content\/uploads\/2024\/10\/Rudy-Perez-subjefe-policial-guatemalteco-americano-1-1024x1024.webp 1024w, https:\/\/soymigrante.com\/revista\/wp-content\/uploads\/2024\/10\/Rudy-Perez-subjefe-policial-guatemalteco-americano-1-300x300.webp 300w, https:\/\/soymigrante.com\/revista\/wp-content\/uploads\/2024\/10\/Rudy-Perez-subjefe-policial-guatemalteco-americano-1-150x150.webp 150w, https:\/\/soymigrante.com\/revista\/wp-content\/uploads\/2024\/10\/Rudy-Perez-subjefe-policial-guatemalteco-americano-1-768x768.webp 768w, https:\/\/soymigrante.com\/revista\/wp-content\/uploads\/2024\/10\/Rudy-Perez-subjefe-policial-guatemalteco-americano-1-75x75.webp 75w, https:\/\/soymigrante.com\/revista\/wp-content\/uploads\/2024\/10\/Rudy-Perez-subjefe-policial-guatemalteco-americano-1-750x750.webp 750w, https:\/\/soymigrante.com\/revista\/wp-content\/uploads\/2024\/10\/Rudy-Perez-subjefe-policial-guatemalteco-americano-1.webp 1206w\" sizes=\"(max-width: 1024px) 100vw, 1024px\" \/>\n            <\/div>\n        <\/div><div class=\"eael-entry-wrapper\"><header class=\"eael-entry-header\"><h2 class=\"eael-entry-title\"><a class=\"eael-grid-post-link\" href=\"https:\/\/soymigrante.com\/revista\/es-un-honor-ser-guatemalteco-rudy-perez-subjefe-de-policia-en-minneapolis-minnesota\/\" title=\"\u201cEs un honor ser guatemalteco\u201d: Rudy P\u00e9rez, subjefe de polic\u00eda en Minneapolis, Minnesota.\">\u201cEs un honor ser guatemalteco\u201d: Rudy P\u00e9rez, subjefe de polic\u00eda en Minneapolis, Minnesota.<\/a><\/h2><\/header><div class=\"eael-entry-content\">\n                        <div class=\"eael-grid-post-excerpt\"><a href=\"https:\/\/soymigrante.com\/revista\/es-un-honor-ser-guatemalteco-rudy-perez-subjefe-de-policia-en-minneapolis-minnesota\/\" class=\"eael-post-elements-readmore-btn\">CONOCE SU HISTORIA <\/a><\/div>\n                    <\/div><\/div><\/div>\n        <\/div>\n    <\/article><\/div>\n            <div class=\"clearfix\"><\/div>\n        <\/div>\t\t\t\t<\/div>\n\t\t\t\t\t<\/div>\n\t\t\t\t<\/div>\n\t\t\t\t<\/div>\n\t\t","protected":false},"excerpt":{"rendered":"<p>La migrante guatemalteca Amalia del Cid fund\u00f3 el restaurante en 1994, con platillos chapines e ingredientes originales en Los \u00c1ngeles, California. Su hija Milbet contin\u00faa la tradici\u00f3n de sabor y uni\u00f3n familiar. \u201cSon 30 a\u00f1os de trabajo fuert\u00edsimo\u201d comparte Milbet del Cid, hija de do\u00f1a Amalia del Cid fundadora del restaurante guatemalteco m\u00e1s famoso, tradicional [&hellip;]<\/p>\n","protected":false},"author":23,"featured_media":10875,"comment_status":"open","ping_status":"open","sticky":false,"template":"","format":"standard","meta":{"_acf_changed":false,"_eb_attr":"","footnotes":""},"categories":[50],"tags":[],"class_list":["post-10820","post","type-post","status-publish","format-standard","has-post-thumbnail","hentry","category-exitos"],"acf":[],"aioseo_notices":[],"aioseo_head":"\n\t\t<!-- All in One SEO Pro 4.9.6.2 - aioseo.com -->\n\t<meta name=\"description\" content=\"Rudy P\u00e9rez es hijo, esposo, padre y subjefe en el Departamento de la Polic\u00eda Golden Valley en Minneapolis, Minessota, EE.UU. pero nunca se olvida de Guatemala.\" \/>\n\t<meta name=\"robots\" content=\"max-snippet:-1, max-image-preview:large, max-video-preview:-1\" \/>\n\t<meta name=\"author\" content=\"Beatriz Tercero\"\/>\n\t<link rel=\"canonical\" href=\"https:\/\/soymigrante.com\/revista\/es-un-honor-ser-guatemalteco-rudy-perez-subjefe-de-policia-en-minneapolis-minnesota\/\" \/>\n\t<meta name=\"generator\" content=\"All in One SEO Pro (AIOSEO) 4.9.6.2\" \/>\n\n\t\t<link rel=\"preconnect\" href=\"https:\/\/fonts.googleapis.com\" crossorigin>\n<link rel=\"preconnect\" href=\"https:\/\/fonts.gstatic.com\" crossorigin>\n\t\t<meta property=\"og:locale\" content=\"es_ES\" \/>\n\t\t<meta property=\"og:site_name\" content=\"SoyMigrante.com REVISTA \u2013 Nuestra misi\u00f3n es reconocer y dignificar al migrante.\" \/>\n\t\t<meta property=\"og:type\" content=\"article\" \/>\n\t\t<meta property=\"og:title\" content=\"Rudy P\u00e9rez, un subjefe policial en Minnesota, Estados Unidos\" \/>\n\t\t<meta property=\"og:description\" content=\"Rudy P\u00e9rez es hijo, esposo, padre y subjefe en el Departamento de la Polic\u00eda Golden Valley en Minneapolis, Minessota, EE.UU. pero nunca se olvida de Guatemala.\" \/>\n\t\t<meta property=\"og:url\" content=\"https:\/\/soymigrante.com\/revista\/es-un-honor-ser-guatemalteco-rudy-perez-subjefe-de-policia-en-minneapolis-minnesota\/\" \/>\n\t\t<meta property=\"og:image\" content=\"https:\/\/soymigrante.com\/revista\/wp-content\/uploads\/2024\/10\/Rudy-Perez-subjefe-policial-guatemalteco-americano-1.webp\" \/>\n\t\t<meta property=\"og:image:secure_url\" content=\"https:\/\/soymigrante.com\/revista\/wp-content\/uploads\/2024\/10\/Rudy-Perez-subjefe-policial-guatemalteco-americano-1.webp\" \/>\n\t\t<meta property=\"og:image:width\" content=\"1206\" \/>\n\t\t<meta property=\"og:image:height\" content=\"1206\" \/>\n\t\t<meta property=\"article:published_time\" content=\"2024-10-07T13:00:00+00:00\" \/>\n\t\t<meta property=\"article:modified_time\" content=\"2024-10-07T16:51:33+00:00\" \/>\n\t\t<meta property=\"article:publisher\" content=\"https:\/\/www.facebook.com\/soymigrantecom\" \/>\n\t\t<meta name=\"twitter:card\" content=\"summary_large_image\" \/>\n\t\t<meta name=\"twitter:site\" content=\"@SoyMigrante_com\" \/>\n\t\t<meta name=\"twitter:title\" content=\"Rudy P\u00e9rez, un subjefe policial en Minnesota, Estados Unidos\" \/>\n\t\t<meta name=\"twitter:description\" content=\"Rudy P\u00e9rez es hijo, esposo, padre y subjefe en el Departamento de la Polic\u00eda Golden Valley en Minneapolis, Minessota, EE.UU. pero nunca se olvida de Guatemala.\" \/>\n\t\t<meta name=\"twitter:creator\" content=\"@SoyMigrante_com\" \/>\n\t\t<meta name=\"twitter:image\" content=\"https:\/\/soymigrante.com\/revista\/wp-content\/uploads\/2024\/10\/Rudy-Perez-subjefe-policial-guatemalteco-americano-1.webp\" \/>\n\t\t<!-- All in One SEO Pro -->\r\n\t\t<title>Rudy P\u00e9rez, un subjefe policial en Minnesota, Estados Unidos<\/title>\n\n","aioseo_head_json":{"title":"Rudy P\u00e9rez, un subjefe policial en Minnesota, Estados Unidos","description":"Rudy P\u00e9rez es hijo, esposo, padre y subjefe en el Departamento de la Polic\u00eda Golden Valley en Minneapolis, Minessota, EE.UU. pero nunca se olvida de Guatemala.","canonical_url":"https:\/\/soymigrante.com\/revista\/es-un-honor-ser-guatemalteco-rudy-perez-subjefe-de-policia-en-minneapolis-minnesota\/","robots":"max-snippet:-1, max-image-preview:large, max-video-preview:-1","keywords":"","webmasterTools":{"miscellaneous":"&lt;link rel=\"preconnect\" href=\"https:\/\/fonts.googleapis.com\" crossorigin&gt;\n&lt;link rel=\"preconnect\" href=\"https:\/\/fonts.gstatic.com\" crossorigin&gt;"},"schema":null,"og:locale":"es_ES","og:site_name":"SoyMigrante.com REVISTA \u2013 Nuestra misi\u00f3n es reconocer y dignificar al migrante.","og:type":"article","og:title":"Rudy P\u00e9rez, un subjefe policial en Minnesota, Estados Unidos","og:description":"Rudy P\u00e9rez es hijo, esposo, padre y subjefe en el Departamento de la Polic\u00eda Golden Valley en Minneapolis, Minessota, EE.UU. pero nunca se olvida de Guatemala.","og:url":"https:\/\/soymigrante.com\/revista\/es-un-honor-ser-guatemalteco-rudy-perez-subjefe-de-policia-en-minneapolis-minnesota\/","og:image":"https:\/\/soymigrante.com\/revista\/wp-content\/uploads\/2024\/10\/Rudy-Perez-subjefe-policial-guatemalteco-americano-1.webp","og:image:secure_url":"https:\/\/soymigrante.com\/revista\/wp-content\/uploads\/2024\/10\/Rudy-Perez-subjefe-policial-guatemalteco-americano-1.webp","og:image:width":1206,"og:image:height":1206,"article:published_time":"2024-10-07T13:00:00+00:00","article:modified_time":"2024-10-07T16:51:33+00:00","article:publisher":"https:\/\/www.facebook.com\/soymigrantecom","twitter:card":"summary_large_image","twitter:site":"@SoyMigrante_com","twitter:title":"Rudy P\u00e9rez, un subjefe policial en Minnesota, Estados Unidos","twitter:description":"Rudy P\u00e9rez es hijo, esposo, padre y subjefe en el Departamento de la Polic\u00eda Golden Valley en Minneapolis, Minessota, EE.UU. pero nunca se olvida de Guatemala.","twitter:creator":"@SoyMigrante_com","twitter:image":"https:\/\/soymigrante.com\/revista\/wp-content\/uploads\/2024\/10\/Rudy-Perez-subjefe-policial-guatemalteco-americano-1.webp"},"aioseo_meta_data":{"post_id":"10820","title":"Amalia: antojitos chapines en Los Angeles desde hace 30 a\u00f1os","description":"El Restaurante Amalia ha preparado platillos guatemaltecos con productos originales desde hace tres d\u00e9cadas en Los \u00c1ngeles.","keywords":null,"keyphrases":{"focus":{"keyphrase":"Restaurante Amalia","score":60,"analysis":{"keyphraseInTitle":{"score":3,"maxScore":9,"error":1},"keyphraseInDescription":{"score":9,"maxScore":9,"error":0},"keyphraseLength":{"score":9,"maxScore":9,"error":0,"length":2},"keyphraseInURL":{"score":5,"maxScore":5,"error":0},"keyphraseInIntroduction":{"score":3,"maxScore":9,"error":1},"keyphraseInSubHeadings":{"score":3,"maxScore":9,"error":1},"keyphraseInImageAlt":{"score":9,"maxScore":9,"error":0},"keywordDensity":{"score":0,"type":"low","maxScore":9,"error":1}}},"additional":[{"keyphrase":"Recetas guatemaltecas","score":40,"analysis":{"keyphraseInDescription":{"score":3,"maxScore":9,"error":1},"keyphraseLength":{"score":9,"maxScore":9,"error":0,"length":2},"keyphraseInIntroduction":{"score":3,"maxScore":9,"error":1},"keyphraseInImageAlt":{"score":3,"maxScore":9,"error":1},"keywordDensity":{"score":0,"type":"low","maxScore":9,"error":1}}},{"keyphrase":"Los Angeles","score":53,"analysis":{"keyphraseInDescription":{"score":3,"maxScore":9,"error":1},"keyphraseLength":{"score":9,"maxScore":9,"error":0,"length":2},"keyphraseInIntroduction":{"score":3,"maxScore":9,"error":1},"keyphraseInImageAlt":{"score":9,"maxScore":9,"error":0},"keywordDensity":{"score":0,"type":"low","maxScore":9,"error":1}}},{"keyphrase":"Fiambre","score":40,"analysis":{"keyphraseInDescription":{"score":3,"maxScore":9,"error":1},"keyphraseLength":{"score":9,"maxScore":9,"error":0,"length":1},"keyphraseInIntroduction":{"score":3,"maxScore":9,"error":1},"keyphraseInImageAlt":{"score":3,"maxScore":9,"error":1},"keywordDensity":{"score":0,"type":"low","maxScore":9,"error":1}}},{"keyphrase":"Soy Migrante","score":40,"analysis":{"keyphraseInDescription":{"score":3,"maxScore":9,"error":1},"keyphraseLength":{"score":9,"maxScore":9,"error":0,"length":2},"keyphraseInIntroduction":{"score":3,"maxScore":9,"error":1},"keyphraseInImageAlt":{"score":3,"maxScore":9,"error":1},"keywordDensity":{"score":0,"type":"low","maxScore":9,"error":1}}},{"keyphrase":"Antojitos Chapines","score":40,"analysis":{"keyphraseInDescription":{"score":3,"maxScore":9,"error":1},"keyphraseLength":{"score":9,"maxScore":9,"error":0,"length":2},"keyphraseInIntroduction":{"score":3,"maxScore":9,"error":1},"keyphraseInImageAlt":{"score":3,"maxScore":9,"error":1},"keywordDensity":{"score":0,"type":"low","maxScore":9,"error":1}}}]},"primary_term":null,"canonical_url":null,"og_title":null,"og_description":null,"og_object_type":"default","og_image_type":"default","og_image_url":null,"og_image_width":null,"og_image_height":null,"og_image_custom_url":null,"og_image_custom_fields":null,"og_video":"","og_custom_url":null,"og_article_section":null,"og_article_tags":null,"twitter_use_og":false,"twitter_card":"default","twitter_image_type":"default","twitter_image_url":null,"twitter_image_custom_url":null,"twitter_image_custom_fields":null,"twitter_title":null,"twitter_description":null,"schema":{"blockGraphs":[],"customGraphs":[],"default":{"data":{"Article":[],"Course":[],"Dataset":[],"FAQPage":[],"Movie":[],"Person":[],"Product":[],"ProductReview":[],"Car":[],"Recipe":[],"Service":[],"SoftwareApplication":[],"WebPage":[]},"graphName":"Article","isEnabled":true},"graphs":[]},"schema_type":"default","schema_type_options":null,"pillar_content":false,"robots_default":true,"robots_noindex":false,"robots_noarchive":false,"robots_nosnippet":false,"robots_nofollow":false,"robots_noimageindex":false,"robots_noodp":false,"robots_notranslate":false,"robots_max_snippet":"-1","robots_max_videopreview":"-1","robots_max_imagepreview":"large","priority":null,"frequency":"default","local_seo":null,"seo_analyzer_scan_date":"2025-10-08 23:59:11","breadcrumb_settings":null,"limit_modified_date":false,"reviewed_by":null,"open_ai":"{\"title\":{\"suggestions\":[],\"usage\":0},\"description\":{\"suggestions\":[],\"usage\":0}}","ai":null,"created":"2024-10-29 22:04:39","updated":"2026-02-04 15:33:52"},"aioseo_breadcrumb":"<div class=\"aioseo-breadcrumbs\"><span class=\"aioseo-breadcrumb\">\n\t<a href=\"https:\/\/soymigrante.com\/revista\" title=\"Home\">Home<\/a>\n<\/span><span class=\"aioseo-breadcrumb-separator\">\u00bb<\/span><span class=\"aioseo-breadcrumb\">\n\t<a href=\"https:\/\/soymigrante.com\/revista\/category\/exitos\/\" title=\"\u00c9xitos\">\u00c9xitos<\/a>\n<\/span><span class=\"aioseo-breadcrumb-separator\">\u00bb<\/span><span class=\"aioseo-breadcrumb\">\n\tMilbet del Cid ofrece antojitos chapines en restaurante Amalia, en Los Angeles\n<\/span><\/div>","aioseo_breadcrumb_json":[{"label":"Home","link":"https:\/\/soymigrante.com\/revista"},{"label":"\u00c9xitos","link":"https:\/\/soymigrante.com\/revista\/category\/exitos\/"},{"label":"Milbet del Cid ofrece antojitos chapines en restaurante Amalia, en Los Angeles","link":"https:\/\/soymigrante.com\/revista\/milbet-del-cid-ofrece-antojitos-chapines-en-restaurante-amalia-en-los-angeles\/"}],"_links":{"self":[{"href":"https:\/\/soymigrante.com\/revista\/wp-json\/wp\/v2\/posts\/10820","targetHints":{"allow":["GET"]}}],"collection":[{"href":"https:\/\/soymigrante.com\/revista\/wp-json\/wp\/v2\/posts"}],"about":[{"href":"https:\/\/soymigrante.com\/revista\/wp-json\/wp\/v2\/types\/post"}],"author":[{"embeddable":true,"href":"https:\/\/soymigrante.com\/revista\/wp-json\/wp\/v2\/users\/23"}],"replies":[{"embeddable":true,"href":"https:\/\/soymigrante.com\/revista\/wp-json\/wp\/v2\/comments?post=10820"}],"version-history":[{"count":0,"href":"https:\/\/soymigrante.com\/revista\/wp-json\/wp\/v2\/posts\/10820\/revisions"}],"wp:featuredmedia":[{"embeddable":true,"href":"https:\/\/soymigrante.com\/revista\/wp-json\/wp\/v2\/media\/10875"}],"wp:attachment":[{"href":"https:\/\/soymigrante.com\/revista\/wp-json\/wp\/v2\/media?parent=10820"}],"wp:term":[{"taxonomy":"category","embeddable":true,"href":"https:\/\/soymigrante.com\/revista\/wp-json\/wp\/v2\/categories?post=10820"},{"taxonomy":"post_tag","embeddable":true,"href":"https:\/\/soymigrante.com\/revista\/wp-json\/wp\/v2\/tags?post=10820"}],"curies":[{"name":"wp","href":"https:\/\/api.w.org\/{rel}","templated":true}]}}