{"id":10771,"date":"2024-10-29T18:10:57","date_gmt":"2024-10-30T00:10:57","guid":{"rendered":"https:\/\/soymigrante.com\/revista\/?p=10771"},"modified":"2025-10-30T10:40:48","modified_gmt":"2025-10-30T16:40:48","slug":"fiambre-de-guatemala-un-simbolo-chapin-de-sabor-tradicion-y-familia","status":"publish","type":"post","link":"https:\/\/soymigrante.com\/revista\/fiambre-de-guatemala-un-simbolo-chapin-de-sabor-tradicion-y-familia\/","title":{"rendered":"Fiambre guatemalteco es s\u00edmbolo de sabor, memoria y familia"},"content":{"rendered":"\t\t<div data-elementor-type=\"wp-post\" data-elementor-id=\"10771\" class=\"elementor elementor-10771\" data-elementor-post-type=\"post\">\n\t\t\t\t<div data-particle_enable=\"false\" data-particle-mobile-disabled=\"false\" class=\"elementor-element elementor-element-fd4c377 e-flex e-con-boxed e-con e-parent\" data-id=\"fd4c377\" data-element_type=\"container\" data-e-type=\"container\">\n\t\t\t\t\t<div class=\"e-con-inner\">\n\t\t\t\t<div class=\"elementor-element elementor-element-daf94de elementor-widget elementor-widget-heading\" data-id=\"daf94de\" data-element_type=\"widget\" data-e-type=\"widget\" data-widget_type=\"heading.default\">\n\t\t\t\t\t<h2 class=\"elementor-heading-title elementor-size-default\">El fiambre es un plato ic\u00f3nico de Guatemala, especialmente popular el 1 y 2 de noviembre: pero es a la vez un s\u00edmbolo gastron\u00f3mico nacional sin fronteras.\n<\/h2>\t\t\t\t<\/div>\n\t\t\t\t<div class=\"elementor-element elementor-element-c456438 elementor-widget elementor-widget-html\" data-id=\"c456438\" data-element_type=\"widget\" data-e-type=\"widget\" data-widget_type=\"html.default\">\n\t\t\t\t\t<div id=\"buzzsprout-player-18105796\"><\/div><script src=\"https:\/\/www.buzzsprout.com\/2444168\/episodes\/18105796-cuatro-historias-migrantes-en-usa-unidas-por-el-fiambre-guatemalteco.js?container_id=buzzsprout-player-18105796&player=small\" type=\"text\/javascript\" charset=\"utf-8\"><\/script>\t\t\t\t<\/div>\n\t\t\t\t\t<\/div>\n\t\t\t\t<\/div>\n\t\t<div data-particle_enable=\"false\" data-particle-mobile-disabled=\"false\" class=\"elementor-element elementor-element-60c6955 e-flex e-con-boxed e-con e-parent\" data-id=\"60c6955\" data-element_type=\"container\" data-e-type=\"container\">\n\t\t\t\t\t<div class=\"e-con-inner\">\n\t\t\t\t<div class=\"elementor-element elementor-element-9d402a1 elementor-widget elementor-widget-text-editor\" data-id=\"9d402a1\" data-element_type=\"widget\" data-e-type=\"widget\" data-widget_type=\"text-editor.default\">\n\t\t\t\t\t\t\t\t\t<p>La historia del fiambre se remonta a la \u00e9poca colonial, <a href=\"https:\/\/soymigrante.com\/revista\/category\/guate-nuestra\/\" target=\"_blank\" rel=\"noopener\">cuando se mezclaron ingredientes y tradiciones tra\u00eddas de Europa con las costumbres ind\u00edgenas<\/a>. Seg\u00fan la leyenda, el plato surgi\u00f3 porque las familias llevaban al cementerio una variedad de alimentos para honrar a sus seres queridos, y luego, al mezclarlos, naci\u00f3 el fiambre como una ensalada \u00fanica.<\/p><p>Con el tiempo, el fiambre se ha convertido en un s\u00edmbolo de respeto y recuerdo. Su preparaci\u00f3n es un proceso en el que participan familias enteras, simbolizando la uni\u00f3n y el homenaje a los antepasados.<\/p><p><a href=\"https:\/\/soymigrante.com\/revista\/category\/guate-nuestra\/\" target=\"_blank\" rel=\"noopener\">La combinaci\u00f3n de sabores, texturas y colores refleja la diversidad de la cultura guatemalteca<\/a> y representa un ritual de comuni\u00f3n con aquellos que han partido.<\/p>\t\t\t\t\t\t\t\t<\/div>\n\t\t\t\t\t<\/div>\n\t\t\t\t<\/div>\n\t\t<div data-particle_enable=\"false\" data-particle-mobile-disabled=\"false\" class=\"elementor-element elementor-element-892532a e-flex e-con-boxed e-con e-parent\" data-id=\"892532a\" data-element_type=\"container\" data-e-type=\"container\">\n\t\t\t\t\t<div class=\"e-con-inner\">\n\t\t\t\t<div class=\"elementor-element elementor-element-1638a7c elementor-widget elementor-widget-html\" data-id=\"1638a7c\" data-element_type=\"widget\" data-e-type=\"widget\" data-widget_type=\"html.default\">\n\t\t\t\t\t<iframe width=\"560\" height=\"415\" src=\"https:\/\/www.youtube.com\/embed\/KM1fimenSUs?si=5eyHVZa21zoIRSbM\" title=\"YouTube video player\" frameborder=\"0\" allow=\"accelerometer; autoplay; clipboard-write; encrypted-media; gyroscope; picture-in-picture; web-share\" referrerpolicy=\"strict-origin-when-cross-origin\" allowfullscreen><\/iframe>\t\t\t\t<\/div>\n\t\t\t\t\t<\/div>\n\t\t\t\t<\/div>\n\t\t<div data-particle_enable=\"false\" data-particle-mobile-disabled=\"false\" class=\"elementor-element elementor-element-6c6d8b2 e-flex e-con-boxed e-con e-parent\" data-id=\"6c6d8b2\" data-element_type=\"container\" data-e-type=\"container\">\n\t\t\t\t\t<div class=\"e-con-inner\">\n\t\t\t\t<div class=\"elementor-element elementor-element-f667c00 elementor-widget elementor-widget-heading\" data-id=\"f667c00\" data-element_type=\"widget\" data-e-type=\"widget\" data-widget_type=\"heading.default\">\n\t\t\t\t\t<h3 class=\"elementor-heading-title elementor-size-default\">Receta completa del fiambre<\/h3>\t\t\t\t<\/div>\n\t\t\t\t\t<\/div>\n\t\t\t\t<\/div>\n\t\t<div data-particle_enable=\"false\" data-particle-mobile-disabled=\"false\" class=\"elementor-element elementor-element-b62b685 e-flex e-con-boxed e-con e-parent\" data-id=\"b62b685\" data-element_type=\"container\" data-e-type=\"container\">\n\t\t\t\t\t<div class=\"e-con-inner\">\n\t\t\t\t<div class=\"elementor-element elementor-element-b3cac5e elementor-widget elementor-widget-text-editor\" data-id=\"b3cac5e\" data-element_type=\"widget\" data-e-type=\"widget\" data-widget_type=\"text-editor.default\">\n\t\t\t\t\t\t\t\t\t<div><strong>Ingredientes<\/strong><\/div><div>\u00a0<\/div><div>El fiambre tradicional se divide en varios tipos: <a href=\"https:\/\/soymigrante.com\/revista\/category\/guate-nuestra\/\" target=\"_blank\" rel=\"noopener\">rojo, blanco y verde, dependiendo de los ingredientes y el aderezo.<\/a> A continuaci\u00f3n, se presenta una receta para el fiambre rojo, el m\u00e1s com\u00fan:<\/div><div>\u00a0<\/div><div><strong>Vegetales<\/strong><\/div><div>\u00a0<\/div><div>\u20221 libra de zanahorias (cocidas y en rodajas)<\/div><div>\u20221 libra de remolachas (cocidas y en rodajas)<\/div><div>\u20221 libra de ejotes (cocidos y cortados en trozos)<\/div><div>\u20221 coliflor (cocida y separada en floretes)<\/div><div>\u20221 libra de guisantes (cocidos)<\/div><div>\u20221 libra de ma\u00edz en grano<\/div><div>\u20221 libra de papa (cocida y en cubos)<\/div><div>\u00a0<\/div><div><strong>Embutidos y carnes<\/strong><\/div><div>\u00a0<\/div><div>\u2022\u00bd libra de chorizo (en rodajas)<\/div><div>\u2022\u00bd libra de longaniza (en rodajas)<\/div><div>\u2022\u00bd libra de salami<\/div><div>\u2022\u00bd libra de jam\u00f3n<\/div><div>\u2022\u00bd libra de mortadela<\/div><div>\u2022\u00bd libra de salchichas<\/div><div>\u2022\u00bd libra de lengua (cocida y cortada en rodajas finas)<\/div><div>\u2022\u00bd libra de pechuga de pollo (cocida y desmenuzada)<\/div><div>\u00a0<\/div><div><strong>Quesos y otros<\/strong><\/div><div>\u00a0<\/div><div>\u20221 libra de queso duro (en cubos)<\/div><div>\u2022\u00bd taza de aceitunas verdes y negras<\/div><div>\u2022\u00bd taza de alcaparras<\/div><div>\u20221 taza de cebollines en vinagre<\/div><div>\u20221 taza de chile pimiento rojo y verde (en rodajas)<\/div><div>\u00a0<\/div><div><strong>Aderezo<\/strong><\/div><div>\u00a0<\/div><div>\u20221 taza de vinagre de remolacha (el agua de cocci\u00f3n de las remolachas)<\/div><div>\u20221 taza de vinagre blanco<\/div><div>\u20221 taza de aceite de oliva<\/div><div>\u20222 cucharadas de mostaza<\/div><div>\u20222 cucharadas de az\u00facar<\/div><div>\u2022Sal y pimienta al gusto<\/div><div>\u00a0<\/div><div><strong>Para decorar<\/strong><\/div><div>\u00a0<\/div><div>\u2022Hojas de lechuga<\/div><div>\u2022Rabanitos (cortados en flor)<\/div><div>\u2022Huevos cocidos (en rodajas)<\/div>\t\t\t\t\t\t\t\t<\/div>\n\t\t\t\t\t<\/div>\n\t\t\t\t<\/div>\n\t\t<div data-particle_enable=\"false\" data-particle-mobile-disabled=\"false\" class=\"elementor-element elementor-element-3d83c33 e-flex e-con-boxed e-con e-parent\" data-id=\"3d83c33\" data-element_type=\"container\" data-e-type=\"container\">\n\t\t\t\t\t<div class=\"e-con-inner\">\n\t\t\t\t<div class=\"elementor-element elementor-element-09fd35b elementor-grid-eael-col-1 elementor-grid-tablet-eael-col-2 elementor-grid-mobile-eael-col-1 elementor-widget elementor-widget-eael-post-grid\" data-id=\"09fd35b\" data-element_type=\"widget\" data-e-type=\"widget\" data-settings=\"{&quot;eael_post_grid_columns&quot;:&quot;eael-col-1&quot;,&quot;eael_post_grid_columns_tablet&quot;:&quot;eael-col-2&quot;,&quot;eael_post_grid_columns_mobile&quot;:&quot;eael-col-1&quot;}\" data-widget_type=\"eael-post-grid.default\">\n\t\t\t\t\t<div id=\"eael-post-grid-09fd35b\" class=\"eael-post-grid-container\">\n            <div class=\"eael-post-grid eael-post-appender eael-post-appender-09fd35b eael-post-grid-style-one\" data-layout-mode=\"masonry\"><article class=\"eael-grid-post  eael-post-grid-column eael-pg-post-47281 category-estamos-unidos\" data-id=\"47281\">\n        <div class=\"eael-grid-post-holder\">\n            <div class=\"eael-grid-post-holder-inner\"><div class=\"eael-entry-media\"><div class=\"eael-entry-overlay fade-in\"><i class=\"far fa-hand-pointer\" aria-hidden=\"true\"><\/i><a href=\"https:\/\/soymigrante.com\/revista\/fiambre-guatemalteco-con-historia-y-sin-fronteras-martha-coc-lo-prepara-en-new-jersey\/\"><\/a><\/div><div class=\"eael-entry-thumbnail eael-image-ratio\">\n                <img fetchpriority=\"high\" decoding=\"async\" width=\"579\" height=\"572\" src=\"https:\/\/soymigrante.com\/revista\/wp-content\/uploads\/2025\/10\/fiambre-de-martha-francisca-en-new-jersey.png\" class=\"attachment-large size-large wp-image-47282\" alt=\"fiambre de martha francisca en new jersey\" srcset=\"https:\/\/soymigrante.com\/revista\/wp-content\/uploads\/2025\/10\/fiambre-de-martha-francisca-en-new-jersey.png 579w, https:\/\/soymigrante.com\/revista\/wp-content\/uploads\/2025\/10\/fiambre-de-martha-francisca-en-new-jersey-300x296.png 300w, https:\/\/soymigrante.com\/revista\/wp-content\/uploads\/2025\/10\/fiambre-de-martha-francisca-en-new-jersey-75x75.png 75w\" sizes=\"(max-width: 579px) 100vw, 579px\" \/>\n            <\/div>\n        <\/div><div class=\"eael-entry-wrapper\"><header class=\"eael-entry-header\"><h2 class=\"eael-entry-title\"><a class=\"eael-grid-post-link\" href=\"https:\/\/soymigrante.com\/revista\/fiambre-guatemalteco-con-historia-y-sin-fronteras-martha-coc-lo-prepara-en-new-jersey\/\" title=\"Fiambre guatemalteco con historia y sin fronteras: Martha Coc lo prepara en New Jersey\">Fiambre guatemalteco con historia y sin fronteras: Martha Coc lo prepara en New Jersey<\/a><\/h2><\/header><div class=\"eael-entry-content\">\n                        <div class=\"eael-grid-post-excerpt\"><a href=\"https:\/\/soymigrante.com\/revista\/fiambre-guatemalteco-con-historia-y-sin-fronteras-martha-coc-lo-prepara-en-new-jersey\/\" class=\"eael-post-elements-readmore-btn\">CONOCE SU HISTORIA <\/a><\/div>\n                    <\/div><\/div><\/div>\n        <\/div>\n    <\/article><\/div>\n            <div class=\"clearfix\"><\/div>\n        <\/div>\t\t\t\t<\/div>\n\t\t\t\t\t<\/div>\n\t\t\t\t<\/div>\n\t\t<div data-particle_enable=\"false\" data-particle-mobile-disabled=\"false\" class=\"elementor-element elementor-element-7c8b0cf e-flex e-con-boxed e-con e-parent\" data-id=\"7c8b0cf\" data-element_type=\"container\" data-e-type=\"container\">\n\t\t\t\t\t<div class=\"e-con-inner\">\n\t\t\t\t<div class=\"elementor-element elementor-element-0526cb9 elementor-widget elementor-widget-text-editor\" data-id=\"0526cb9\" data-element_type=\"widget\" data-e-type=\"widget\" data-widget_type=\"text-editor.default\">\n\t\t\t\t\t\t\t\t\t<div><strong>Preparaci\u00f3n<\/strong><\/div><div>\u00a0<\/div><div><strong>1.Cocci\u00f3n y Corte de Ingredientes:<\/strong> Cocina cada vegetal y embutido por separado para mantener sus sabores. Corta todo en rodajas o cubos, seg\u00fan el tipo de ingrediente, y aseg\u00farate de que todo est\u00e9 a temperatura ambiente antes de mezclar.<\/div><div><strong>2.Preparaci\u00f3n del Aderezo:<\/strong> En un taz\u00f3n grande, mezcla el vinagre de remolacha, vinagre blanco, aceite de oliva, mostaza, az\u00facar, sal y pimienta. Revuelve bien hasta obtener una mezcla homog\u00e9nea.<\/div><div><strong>3.Ensamblado:<\/strong> En un taz\u00f3n grande, combina todos los vegetales, embutidos, carnes, quesos y encurtidos. A\u00f1ade el aderezo y mezcla suavemente para no deshacer los ingredientes. Deja reposar en el refrigerador durante unas horas o toda la noche para que los sabores se integren.<\/div><div><strong>4.Decoraci\u00f3n y Presentaci\u00f3n:<\/strong> Coloca hojas de lechuga en una bandeja y distribuye el fiambre encima. <a href=\"https:\/\/soymigrante.com\/revista\/category\/guate-nuestra\/\" target=\"_blank\" rel=\"noopener\">Decora con los rabanitos en flor, rodajas de huevo cocido y cualquier otro adorno tradicional que desees.<\/a><\/div><div>\u00a0<\/div>\t\t\t\t\t\t\t\t<\/div>\n\t\t\t\t\t<\/div>\n\t\t\t\t<\/div>\n\t\t<div data-particle_enable=\"false\" data-particle-mobile-disabled=\"false\" class=\"elementor-element elementor-element-25e5646 e-flex e-con-boxed e-con e-parent\" data-id=\"25e5646\" data-element_type=\"container\" data-e-type=\"container\">\n\t\t\t\t\t<div class=\"e-con-inner\">\n\t\t\t\t<div class=\"elementor-element elementor-element-03a6163 elementor-widget elementor-widget-html\" data-id=\"03a6163\" data-element_type=\"widget\" data-e-type=\"widget\" data-widget_type=\"html.default\">\n\t\t\t\t\t<iframe width=\"560\" height=\"415\" src=\"https:\/\/www.youtube.com\/embed\/90omKW6zFoI?si=3NixzAVlMTZVXLIm\" title=\"YouTube video player\" frameborder=\"0\" allow=\"accelerometer; autoplay; clipboard-write; encrypted-media; gyroscope; picture-in-picture; web-share\" referrerpolicy=\"strict-origin-when-cross-origin\" allowfullscreen><\/iframe>\t\t\t\t<\/div>\n\t\t\t\t\t<\/div>\n\t\t\t\t<\/div>\n\t\t<div data-particle_enable=\"false\" data-particle-mobile-disabled=\"false\" class=\"elementor-element elementor-element-7a64480 e-flex e-con-boxed e-con e-parent\" data-id=\"7a64480\" data-element_type=\"container\" data-e-type=\"container\">\n\t\t\t\t\t<div class=\"e-con-inner\">\n\t\t\t\t<div class=\"elementor-element elementor-element-3e4ce88 elementor-widget elementor-widget-text-editor\" data-id=\"3e4ce88\" data-element_type=\"widget\" data-e-type=\"widget\" data-widget_type=\"text-editor.default\">\n\t\t\t\t\t\t\t\t\t<p><a href=\"https:\/\/soymigrante.com\/revista\/category\/guate-nuestra\/\" target=\"_blank\" rel=\"noopener\">El fiambre no solo es un platillo delicioso, sino un reflejo de la identidad guatemalteca<\/a>, un tributo a las generaciones pasadas y una expresi\u00f3n de amor y respeto.<\/p>\t\t\t\t\t\t\t\t<\/div>\n\t\t\t\t\t<\/div>\n\t\t\t\t<\/div>\n\t\t<div data-particle_enable=\"false\" data-particle-mobile-disabled=\"false\" class=\"elementor-element elementor-element-dc3a5ef e-flex e-con-boxed e-con e-parent\" data-id=\"dc3a5ef\" data-element_type=\"container\" data-e-type=\"container\">\n\t\t\t\t\t<div class=\"e-con-inner\">\n\t\t\t\t<div class=\"elementor-element elementor-element-4e8d4e4 elementor-widget elementor-widget-heading\" data-id=\"4e8d4e4\" data-element_type=\"widget\" data-e-type=\"widget\" data-widget_type=\"heading.default\">\n\t\t\t\t\t<h2 class=\"elementor-heading-title elementor-size-default\">El fiambre tambi\u00e9n es migrante<\/h2>\t\t\t\t<\/div>\n\t\t\t\t\t<\/div>\n\t\t\t\t<\/div>\n\t\t<div data-particle_enable=\"false\" data-particle-mobile-disabled=\"false\" class=\"elementor-element elementor-element-e2f3a4c e-flex e-con-boxed e-con e-parent\" data-id=\"e2f3a4c\" data-element_type=\"container\" data-e-type=\"container\">\n\t\t\t\t\t<div class=\"e-con-inner\">\n\t\t\t\t<div class=\"elementor-element elementor-element-b94f5b4 elementor-grid-eael-col-3 elementor-grid-tablet-eael-col-2 elementor-grid-mobile-eael-col-1 elementor-widget elementor-widget-eael-post-grid\" data-id=\"b94f5b4\" data-element_type=\"widget\" data-e-type=\"widget\" data-settings=\"{&quot;eael_post_grid_columns&quot;:&quot;eael-col-3&quot;,&quot;eael_post_grid_columns_tablet&quot;:&quot;eael-col-2&quot;,&quot;eael_post_grid_columns_mobile&quot;:&quot;eael-col-1&quot;}\" data-widget_type=\"eael-post-grid.default\">\n\t\t\t\t\t<div id=\"eael-post-grid-b94f5b4\" class=\"eael-post-grid-container\">\n            <div class=\"eael-post-grid eael-post-appender eael-post-appender-b94f5b4 eael-post-grid-style-one\" data-layout-mode=\"masonry\"><article class=\"eael-grid-post  eael-post-grid-column eael-pg-post-47458 category-estamos-unidos\" data-id=\"47458\">\n        <div class=\"eael-grid-post-holder\">\n            <div class=\"eael-grid-post-holder-inner\"><div class=\"eael-entry-media\"><div class=\"eael-entry-overlay fade-in\"><i class=\"far fa-hand-pointer\" aria-hidden=\"true\"><\/i><a href=\"https:\/\/soymigrante.com\/revista\/fiambre-guatemalteco-en-new-york-no-hay-nada-igual-en-el-mundo-chef-del-restaurante-ix\/\"><\/a><\/div><div class=\"eael-entry-thumbnail eael-image-ratio\">\n                <img decoding=\"async\" width=\"421\" height=\"416\" src=\"https:\/\/soymigrante.com\/revista\/wp-content\/uploads\/2025\/10\/fiambre-guatemalteco-2.png\" class=\"attachment-large size-large wp-image-47472\" alt=\"fiambre guatemalteco en new york\" srcset=\"https:\/\/soymigrante.com\/revista\/wp-content\/uploads\/2025\/10\/fiambre-guatemalteco-2.png 421w, https:\/\/soymigrante.com\/revista\/wp-content\/uploads\/2025\/10\/fiambre-guatemalteco-2-300x296.png 300w, https:\/\/soymigrante.com\/revista\/wp-content\/uploads\/2025\/10\/fiambre-guatemalteco-2-75x75.png 75w\" sizes=\"(max-width: 421px) 100vw, 421px\" \/>\n            <\/div>\n        <\/div><div class=\"eael-entry-wrapper\"><header class=\"eael-entry-header\"><h2 class=\"eael-entry-title\"><a class=\"eael-grid-post-link\" href=\"https:\/\/soymigrante.com\/revista\/fiambre-guatemalteco-en-new-york-no-hay-nada-igual-en-el-mundo-chef-del-restaurante-ix\/\" title=\"Fiambre guatemalteco en New York. &#8220;No hay nada igual en el mundo&#8221;: chef Jorge C\u00e1rdenas, restaurante Ix\">Fiambre guatemalteco en New York. &#8220;No hay nada igual en el mundo&#8221;: chef Jorge C\u00e1rdenas, restaurante Ix<\/a><\/h2><\/header><div class=\"eael-entry-content\">\n                        <div class=\"eael-grid-post-excerpt\"><a href=\"https:\/\/soymigrante.com\/revista\/fiambre-guatemalteco-en-new-york-no-hay-nada-igual-en-el-mundo-chef-del-restaurante-ix\/\" class=\"eael-post-elements-readmore-btn\">CONOCE SU HISTORIA <\/a><\/div>\n                    <\/div><\/div><\/div>\n        <\/div>\n    <\/article><article class=\"eael-grid-post  eael-post-grid-column eael-pg-post-47767 category-estamos-unidos\" data-id=\"47767\">\n        <div class=\"eael-grid-post-holder\">\n            <div class=\"eael-grid-post-holder-inner\"><div class=\"eael-entry-media\"><div class=\"eael-entry-overlay fade-in\"><i class=\"far fa-hand-pointer\" aria-hidden=\"true\"><\/i><a href=\"https:\/\/soymigrante.com\/revista\/fiambre-guatemalteco-en-connecticut-esly-garcia-sigue-la-receta-de-su-mama\/\"><\/a><\/div><div class=\"eael-entry-thumbnail eael-image-ratio\">\n                <img decoding=\"async\" width=\"421\" height=\"416\" src=\"https:\/\/soymigrante.com\/revista\/wp-content\/uploads\/2025\/10\/esly-garcia-fiambre-en-connecticut-2.png\" class=\"attachment-large size-large wp-image-47778\" alt=\"esly garcia fiambre en connecticut 2\" srcset=\"https:\/\/soymigrante.com\/revista\/wp-content\/uploads\/2025\/10\/esly-garcia-fiambre-en-connecticut-2.png 421w, https:\/\/soymigrante.com\/revista\/wp-content\/uploads\/2025\/10\/esly-garcia-fiambre-en-connecticut-2-300x296.png 300w, https:\/\/soymigrante.com\/revista\/wp-content\/uploads\/2025\/10\/esly-garcia-fiambre-en-connecticut-2-75x75.png 75w\" sizes=\"(max-width: 421px) 100vw, 421px\" \/>\n            <\/div>\n        <\/div><div class=\"eael-entry-wrapper\"><header class=\"eael-entry-header\"><h2 class=\"eael-entry-title\"><a class=\"eael-grid-post-link\" href=\"https:\/\/soymigrante.com\/revista\/fiambre-guatemalteco-en-connecticut-esly-garcia-sigue-la-receta-de-su-mama\/\" title=\"Fiambre guatemalteco en Connecticut: Esly Garc\u00eda sigue la receta de su mam\u00e1\">Fiambre guatemalteco en Connecticut: Esly Garc\u00eda sigue la receta de su mam\u00e1<\/a><\/h2><\/header><div class=\"eael-entry-content\">\n                        <div class=\"eael-grid-post-excerpt\"><a href=\"https:\/\/soymigrante.com\/revista\/fiambre-guatemalteco-en-connecticut-esly-garcia-sigue-la-receta-de-su-mama\/\" class=\"eael-post-elements-readmore-btn\">CONOCE SU HISTORIA <\/a><\/div>\n                    <\/div><\/div><\/div>\n        <\/div>\n    <\/article><article class=\"eael-grid-post  eael-post-grid-column eael-pg-post-47881 category-exitos-guatemala\" data-id=\"47881\">\n        <div class=\"eael-grid-post-holder\">\n            <div class=\"eael-grid-post-holder-inner\"><div class=\"eael-entry-media\"><div class=\"eael-entry-overlay fade-in\"><i class=\"far fa-hand-pointer\" aria-hidden=\"true\"><\/i><a href=\"https:\/\/soymigrante.com\/revista\/madre-del-2025-chicago-jackie-de-leon-fiambre-guatemalteco-tradicion-migrante\/\"><\/a><\/div><div class=\"eael-entry-thumbnail eael-image-ratio\">\n                <img loading=\"lazy\" decoding=\"async\" width=\"801\" height=\"801\" src=\"https:\/\/soymigrante.com\/revista\/wp-content\/uploads\/2025\/10\/jacke-de-leon-madre-del-ano-2025-chicago.jpg\" class=\"attachment-large size-large wp-image-47889\" alt=\"jacke de leon madre del a\u00f1o 2025 chicago\" srcset=\"https:\/\/soymigrante.com\/revista\/wp-content\/uploads\/2025\/10\/jacke-de-leon-madre-del-ano-2025-chicago.jpg 801w, https:\/\/soymigrante.com\/revista\/wp-content\/uploads\/2025\/10\/jacke-de-leon-madre-del-ano-2025-chicago-300x300.jpg 300w, https:\/\/soymigrante.com\/revista\/wp-content\/uploads\/2025\/10\/jacke-de-leon-madre-del-ano-2025-chicago-150x150.jpg 150w, https:\/\/soymigrante.com\/revista\/wp-content\/uploads\/2025\/10\/jacke-de-leon-madre-del-ano-2025-chicago-768x768.jpg 768w, https:\/\/soymigrante.com\/revista\/wp-content\/uploads\/2025\/10\/jacke-de-leon-madre-del-ano-2025-chicago-75x75.jpg 75w, https:\/\/soymigrante.com\/revista\/wp-content\/uploads\/2025\/10\/jacke-de-leon-madre-del-ano-2025-chicago-750x750.jpg 750w\" sizes=\"(max-width: 801px) 100vw, 801px\" \/>\n            <\/div>\n        <\/div><div class=\"eael-entry-wrapper\"><header class=\"eael-entry-header\"><h2 class=\"eael-entry-title\"><a class=\"eael-grid-post-link\" href=\"https:\/\/soymigrante.com\/revista\/madre-del-2025-chicago-jackie-de-leon-fiambre-guatemalteco-tradicion-migrante\/\" title=\"Jackie de Le\u00f3n pone el sabor del fiambre guatemalteco en Chicago\">Jackie de Le\u00f3n pone el sabor del fiambre guatemalteco en Chicago<\/a><\/h2><\/header><div class=\"eael-entry-content\">\n                        <div class=\"eael-grid-post-excerpt\"><a href=\"https:\/\/soymigrante.com\/revista\/madre-del-2025-chicago-jackie-de-leon-fiambre-guatemalteco-tradicion-migrante\/\" class=\"eael-post-elements-readmore-btn\">CONOCE SU HISTORIA <\/a><\/div>\n                    <\/div><\/div><\/div>\n        <\/div>\n    <\/article><\/div>\n            <div class=\"clearfix\"><\/div>\n        <\/div>\t\t\t\t<\/div>\n\t\t\t\t\t<\/div>\n\t\t\t\t<\/div>\n\t\t\t\t<\/div>\n\t\t","protected":false},"excerpt":{"rendered":"<p>El fiambre es un plato ic\u00f3nico de Guatemala, especialmente popular el 1 y 2 de noviembre: pero es a la vez un s\u00edmbolo gastron\u00f3mico nacional sin fronteras. La historia del fiambre se remonta a la \u00e9poca colonial, cuando se mezclaron ingredientes y tradiciones tra\u00eddas de Europa con las costumbres ind\u00edgenas. Seg\u00fan la leyenda, el plato [&hellip;]<\/p>\n","protected":false},"author":19,"featured_media":10927,"comment_status":"open","ping_status":"open","sticky":false,"template":"","format":"standard","meta":{"_acf_changed":false,"_eb_attr":"","footnotes":""},"categories":[247],"tags":[],"class_list":["post-10771","post","type-post","status-publish","format-standard","has-post-thumbnail","hentry","category-recetas-guatemaltecas"],"acf":[],"aioseo_notices":[],"aioseo_head":"\n\t\t<!-- All in One SEO Pro 4.9.6.2 - aioseo.com -->\n\t<meta name=\"description\" content=\"Empresaria, escritora y Madre del A\u00f1o 2025 electa por la Asociaci\u00f3n Cultural Guatemalteca de Chicago, Jackie de Le\u00f3n mantiene la tradici\u00f3n del fiambre.\" \/>\n\t<meta name=\"robots\" content=\"max-snippet:-1, max-image-preview:large, max-video-preview:-1\" \/>\n\t<meta name=\"author\" content=\"Gustavo Montenegro\"\/>\n\t<link rel=\"canonical\" href=\"https:\/\/soymigrante.com\/revista\/madre-del-2025-chicago-jackie-de-leon-fiambre-guatemalteco-tradicion-migrante\/\" \/>\n\t<meta name=\"generator\" content=\"All in One SEO Pro (AIOSEO) 4.9.6.2\" \/>\n\n\t\t<link rel=\"preconnect\" href=\"https:\/\/fonts.googleapis.com\" crossorigin>\n<link rel=\"preconnect\" href=\"https:\/\/fonts.gstatic.com\" crossorigin>\n\t\t<meta property=\"og:locale\" content=\"es_ES\" \/>\n\t\t<meta property=\"og:site_name\" content=\"SoyMigrante.com REVISTA \u2013 Nuestra misi\u00f3n es reconocer y dignificar al migrante.\" \/>\n\t\t<meta property=\"og:type\" content=\"article\" \/>\n\t\t<meta property=\"og:title\" content=\"Fiambre guatemalteco de Jackie de Le\u00f3n se saborea en Chicago\" \/>\n\t\t<meta property=\"og:description\" content=\"Empresaria, escritora y Madre del A\u00f1o 2025 electa por la Asociaci\u00f3n Cultural Guatemalteca de Chicago, Jackie de Le\u00f3n mantiene la tradici\u00f3n del fiambre.\" \/>\n\t\t<meta property=\"og:url\" content=\"https:\/\/soymigrante.com\/revista\/madre-del-2025-chicago-jackie-de-leon-fiambre-guatemalteco-tradicion-migrante\/\" \/>\n\t\t<meta property=\"og:image\" content=\"https:\/\/soymigrante.com\/revista\/wp-content\/uploads\/2025\/10\/jacke-de-leon-madre-del-ano-2025-chicago.jpg\" \/>\n\t\t<meta property=\"og:image:secure_url\" content=\"https:\/\/soymigrante.com\/revista\/wp-content\/uploads\/2025\/10\/jacke-de-leon-madre-del-ano-2025-chicago.jpg\" \/>\n\t\t<meta property=\"og:image:width\" content=\"801\" \/>\n\t\t<meta property=\"og:image:height\" content=\"801\" \/>\n\t\t<meta property=\"article:published_time\" content=\"2025-10-30T13:00:00+00:00\" \/>\n\t\t<meta property=\"article:modified_time\" content=\"2025-10-30T15:02:52+00:00\" \/>\n\t\t<meta property=\"article:publisher\" content=\"https:\/\/www.facebook.com\/soymigrantecom\" \/>\n\t\t<meta name=\"twitter:card\" content=\"summary_large_image\" \/>\n\t\t<meta name=\"twitter:site\" content=\"@SoyMigrante_com\" \/>\n\t\t<meta name=\"twitter:title\" content=\"Fiambre guatemalteco de Jackie de Le\u00f3n se saborea en Chicago\" \/>\n\t\t<meta name=\"twitter:description\" content=\"Empresaria, escritora y Madre del A\u00f1o 2025 electa por la Asociaci\u00f3n Cultural Guatemalteca de Chicago, Jackie de Le\u00f3n mantiene la tradici\u00f3n del fiambre.\" \/>\n\t\t<meta name=\"twitter:creator\" content=\"@SoyMigrante_com\" \/>\n\t\t<meta name=\"twitter:image\" content=\"https:\/\/soymigrante.com\/revista\/wp-content\/uploads\/2025\/10\/jacke-de-leon-madre-del-ano-2025-chicago.jpg\" \/>\n\t\t<!-- All in One SEO Pro -->\r\n\t\t<title>Fiambre guatemalteco de Jackie de Le\u00f3n se saborea en Chicago<\/title>\n\n","aioseo_head_json":{"title":"Fiambre guatemalteco de Jackie de Le\u00f3n se saborea en Chicago","description":"Empresaria, escritora y Madre del A\u00f1o 2025 electa por la Asociaci\u00f3n Cultural Guatemalteca de Chicago, Jackie de Le\u00f3n mantiene la tradici\u00f3n del fiambre.","canonical_url":"https:\/\/soymigrante.com\/revista\/madre-del-2025-chicago-jackie-de-leon-fiambre-guatemalteco-tradicion-migrante\/","robots":"max-snippet:-1, max-image-preview:large, max-video-preview:-1","keywords":"","webmasterTools":{"miscellaneous":"&lt;link rel=\"preconnect\" href=\"https:\/\/fonts.googleapis.com\" crossorigin&gt;\n&lt;link rel=\"preconnect\" href=\"https:\/\/fonts.gstatic.com\" crossorigin&gt;"},"schema":null,"og:locale":"es_ES","og:site_name":"SoyMigrante.com REVISTA \u2013 Nuestra misi\u00f3n es reconocer y dignificar al migrante.","og:type":"article","og:title":"Fiambre guatemalteco de Jackie de Le\u00f3n se saborea en Chicago","og:description":"Empresaria, escritora y Madre del A\u00f1o 2025 electa por la Asociaci\u00f3n Cultural Guatemalteca de Chicago, Jackie de Le\u00f3n mantiene la tradici\u00f3n del fiambre.","og:url":"https:\/\/soymigrante.com\/revista\/madre-del-2025-chicago-jackie-de-leon-fiambre-guatemalteco-tradicion-migrante\/","og:image":"https:\/\/soymigrante.com\/revista\/wp-content\/uploads\/2025\/10\/jacke-de-leon-madre-del-ano-2025-chicago.jpg","og:image:secure_url":"https:\/\/soymigrante.com\/revista\/wp-content\/uploads\/2025\/10\/jacke-de-leon-madre-del-ano-2025-chicago.jpg","og:image:width":801,"og:image:height":801,"article:published_time":"2025-10-30T13:00:00+00:00","article:modified_time":"2025-10-30T15:02:52+00:00","article:publisher":"https:\/\/www.facebook.com\/soymigrantecom","twitter:card":"summary_large_image","twitter:site":"@SoyMigrante_com","twitter:title":"Fiambre guatemalteco de Jackie de Le\u00f3n se saborea en Chicago","twitter:description":"Empresaria, escritora y Madre del A\u00f1o 2025 electa por la Asociaci\u00f3n Cultural Guatemalteca de Chicago, Jackie de Le\u00f3n mantiene la tradici\u00f3n del fiambre.","twitter:creator":"@SoyMigrante_com","twitter:image":"https:\/\/soymigrante.com\/revista\/wp-content\/uploads\/2025\/10\/jacke-de-leon-madre-del-ano-2025-chicago.jpg"},"aioseo_meta_data":{"post_id":"10771","title":"Fiambre de Guatemala simboliza tradici\u00f3n, sabor y memoria","description":"El fiambre guatemalteco rompe la barrera del tiempo y la geograf\u00eda. Es un platillo tradicional del 1 y 2 de noviembre. Combina sabores con imaginaci\u00f3n y tradici\u00f3n.","keywords":null,"keyphrases":{"focus":{"keyphrase":"Fiambre","score":100,"analysis":{"keyphraseInTitle":{"score":9,"maxScore":9,"error":0},"keyphraseInDescription":{"score":9,"maxScore":9,"error":0},"keyphraseLength":{"score":9,"maxScore":9,"error":0,"length":1},"keyphraseInURL":{"score":5,"maxScore":5,"error":0},"keyphraseInIntroduction":{"score":9,"maxScore":9,"error":0},"keyphraseInSubHeadings":{"score":9,"maxScore":9,"error":0},"keyphraseInImageAlt":{"score":9,"maxScore":9,"error":0},"keywordDensity":{"type":"best","score":9,"maxScore":9,"error":0}}},"additional":[]},"primary_term":null,"canonical_url":null,"og_title":null,"og_description":null,"og_object_type":"default","og_image_type":"default","og_image_url":null,"og_image_width":null,"og_image_height":null,"og_image_custom_url":null,"og_image_custom_fields":null,"og_video":"","og_custom_url":null,"og_article_section":null,"og_article_tags":null,"twitter_use_og":false,"twitter_card":"default","twitter_image_type":"default","twitter_image_url":null,"twitter_image_custom_url":null,"twitter_image_custom_fields":null,"twitter_title":null,"twitter_description":null,"schema":{"blockGraphs":[],"customGraphs":[],"default":{"data":{"Article":[],"Course":[],"Dataset":[],"FAQPage":[],"Movie":[],"Person":[],"Product":[],"ProductReview":[],"Car":[],"Recipe":[],"Service":[],"SoftwareApplication":[],"WebPage":[]},"graphName":"NewsArticle","isEnabled":true},"graphs":[]},"schema_type":"default","schema_type_options":null,"pillar_content":false,"robots_default":true,"robots_noindex":false,"robots_noarchive":false,"robots_nosnippet":false,"robots_nofollow":false,"robots_noimageindex":false,"robots_noodp":false,"robots_notranslate":false,"robots_max_snippet":"-1","robots_max_videopreview":"-1","robots_max_imagepreview":"large","priority":null,"frequency":"default","local_seo":null,"seo_analyzer_scan_date":"2025-10-30 16:41:24","breadcrumb_settings":null,"limit_modified_date":false,"reviewed_by":"0","open_ai":"{\"title\":{\"suggestions\":[],\"usage\":0},\"description\":{\"suggestions\":[],\"usage\":0}}","ai":{"faqs":[],"keyPoints":[],"titles":[],"descriptions":[],"socialPosts":{"email":[],"linkedin":[],"twitter":[],"facebook":[],"instagram":[]}},"created":"2024-10-29 14:51:29","updated":"2026-02-04 15:21:59"},"aioseo_breadcrumb":"<div class=\"aioseo-breadcrumbs\"><span class=\"aioseo-breadcrumb\">\n\t<a href=\"https:\/\/soymigrante.com\/revista\" title=\"Home\">Home<\/a>\n<\/span><span class=\"aioseo-breadcrumb-separator\">\u00bb<\/span><span class=\"aioseo-breadcrumb\">\n\t<a href=\"https:\/\/soymigrante.com\/revista\/category\/guate-nuestra\/\" title=\"Guate Nuestra\">Guate Nuestra<\/a>\n<\/span><span class=\"aioseo-breadcrumb-separator\">\u00bb<\/span><span class=\"aioseo-breadcrumb\">\n\t<a href=\"https:\/\/soymigrante.com\/revista\/category\/guate-nuestra\/recetas-guatemaltecas\/\" title=\"Recetas guatemaltecas\">Recetas guatemaltecas<\/a>\n<\/span><span class=\"aioseo-breadcrumb-separator\">\u00bb<\/span><span class=\"aioseo-breadcrumb\">\n\tFiambre guatemalteco es s\u00edmbolo de sabor, memoria y familia\n<\/span><\/div>","aioseo_breadcrumb_json":[{"label":"Home","link":"https:\/\/soymigrante.com\/revista"},{"label":"Guate Nuestra","link":"https:\/\/soymigrante.com\/revista\/category\/guate-nuestra\/"},{"label":"Recetas guatemaltecas","link":"https:\/\/soymigrante.com\/revista\/category\/guate-nuestra\/recetas-guatemaltecas\/"},{"label":"Fiambre guatemalteco es s\u00edmbolo de sabor, memoria y familia","link":"https:\/\/soymigrante.com\/revista\/fiambre-de-guatemala-un-simbolo-chapin-de-sabor-tradicion-y-familia\/"}],"_links":{"self":[{"href":"https:\/\/soymigrante.com\/revista\/wp-json\/wp\/v2\/posts\/10771","targetHints":{"allow":["GET"]}}],"collection":[{"href":"https:\/\/soymigrante.com\/revista\/wp-json\/wp\/v2\/posts"}],"about":[{"href":"https:\/\/soymigrante.com\/revista\/wp-json\/wp\/v2\/types\/post"}],"author":[{"embeddable":true,"href":"https:\/\/soymigrante.com\/revista\/wp-json\/wp\/v2\/users\/19"}],"replies":[{"embeddable":true,"href":"https:\/\/soymigrante.com\/revista\/wp-json\/wp\/v2\/comments?post=10771"}],"version-history":[{"count":11,"href":"https:\/\/soymigrante.com\/revista\/wp-json\/wp\/v2\/posts\/10771\/revisions"}],"predecessor-version":[{"id":47920,"href":"https:\/\/soymigrante.com\/revista\/wp-json\/wp\/v2\/posts\/10771\/revisions\/47920"}],"wp:featuredmedia":[{"embeddable":true,"href":"https:\/\/soymigrante.com\/revista\/wp-json\/wp\/v2\/media\/10927"}],"wp:attachment":[{"href":"https:\/\/soymigrante.com\/revista\/wp-json\/wp\/v2\/media?parent=10771"}],"wp:term":[{"taxonomy":"category","embeddable":true,"href":"https:\/\/soymigrante.com\/revista\/wp-json\/wp\/v2\/categories?post=10771"},{"taxonomy":"post_tag","embeddable":true,"href":"https:\/\/soymigrante.com\/revista\/wp-json\/wp\/v2\/tags?post=10771"}],"curies":[{"name":"wp","href":"https:\/\/api.w.org\/{rel}","templated":true}]}}