{"id":10732,"date":"2024-10-30T16:23:17","date_gmt":"2024-10-30T22:23:17","guid":{"rendered":"https:\/\/soymigrante.com\/revista\/?p=10732"},"modified":"2025-07-21T14:27:30","modified_gmt":"2025-07-21T20:27:30","slug":"maderas-grissell-de-la-familia-oxom-crea-muebles-y-piezas-decorativas-en-coban","status":"publish","type":"post","link":"https:\/\/soymigrante.com\/revista\/maderas-grissell-de-la-familia-oxom-crea-muebles-y-piezas-decorativas-en-coban\/","title":{"rendered":"Familia Oxom crea muebles y piezas decorativas en Maderas Gryssell que ya est\u00e1 en MERCADO"},"content":{"rendered":"\t\t<div data-elementor-type=\"wp-post\" data-elementor-id=\"10732\" class=\"elementor elementor-10732\" data-elementor-post-type=\"post\">\n\t\t\t\t<div data-particle_enable=\"false\" data-particle-mobile-disabled=\"false\" class=\"elementor-element elementor-element-f89daa6 e-flex e-con-boxed e-con e-parent\" data-id=\"f89daa6\" data-element_type=\"container\" data-e-type=\"container\">\n\t\t\t\t\t<div class=\"e-con-inner\">\n\t\t\t\t<div class=\"elementor-element elementor-element-ed05e9c elementor-widget elementor-widget-heading\" data-id=\"ed05e9c\" data-element_type=\"widget\" data-e-type=\"widget\" data-widget_type=\"heading.default\">\n\t\t\t\t\t<h2 class=\"elementor-heading-title elementor-size-default\">Taller de Maderas Gryssell es un emprendimiento familiar surgido en Cob\u00e1n, Alta Verapaz, gracias al entusiasmo de \u00d3scar Oxom y familia. Tiene su tienda digital en SoyMigrante.com MERCADO y esta es su historia.<\/h2>\t\t\t\t<\/div>\n\t\t\t\t\t<\/div>\n\t\t\t\t<\/div>\n\t\t<div data-particle_enable=\"false\" data-particle-mobile-disabled=\"false\" class=\"elementor-element elementor-element-2ab8682 e-flex e-con-boxed e-con e-parent\" data-id=\"2ab8682\" data-element_type=\"container\" data-e-type=\"container\">\n\t\t\t\t\t<div class=\"e-con-inner\">\n\t\t\t\t<div class=\"elementor-element elementor-element-26049fb elementor-widget elementor-widget-text-editor\" data-id=\"26049fb\" data-element_type=\"widget\" data-e-type=\"widget\" data-widget_type=\"text-editor.default\">\n\t\t\t\t\t\t\t\t\t<p>Maderas Gryssell es una peque\u00f1a empresa familiar que surgi\u00f3 hace 30 a\u00f1os en la cabecera departamental de\u00a0<a href=\"https:\/\/soymigrante.com\/revista\/brillan-pueblos-mayas-en-eleccion-de-rabin-ajau-y-festival-de-coban\/\" target=\"_blank\" rel=\"noopener\">Cob\u00e1n, Alta Verapaz.<\/a>\u00a0Ahora ya est\u00e1 en la era el comercio electr\u00f3nico gracias a su tienda online en\u00a0<a href=\"https:\/\/soymigrante.com\/mercado\/marketplace\/seller\/profile\/maderas-gryssell\">SoyMigrante.com MERCADO<\/a> donde se pueden adquirir sus productos con entrega en toda Guatemala.<\/p><p>Elaboran diversos accesorios como mesas de noche, espejos, cofres y exhibidores. Pero tambi\u00e9n elaboran, desde hace 12 a\u00f1os piezas decorativas como\u00a0<span style=\"font-family: Roboto, sans-serif; font-size: 16px; font-style: normal; font-weight: 400; color: var( --e-global-color-text ); text-align: var(--text-align);\">los camiones de colores, que bien pueden ser un juguete o un original detalle decorativo.\u00a0<\/span><\/p><p><span style=\"font-family: Roboto, sans-serif; font-size: 16px; font-style: normal; font-weight: 400; color: var( --e-global-color-text ); text-align: var(--text-align);\">Elaboran cofres, cajas de chapas en dos tama\u00f1os, cubiertos tallados para decorar el comedor o la cocina, toalleros, papeleros,\u00a0 servilleteros y mucho m\u00e1s. Esta es su historia.\u00a0<\/span><\/p>\t\t\t\t\t\t\t\t<\/div>\n\t\t\t\t\t<\/div>\n\t\t\t\t<\/div>\n\t\t<div data-particle_enable=\"false\" data-particle-mobile-disabled=\"false\" class=\"elementor-element elementor-element-de4669f e-flex e-con-boxed e-con e-parent\" data-id=\"de4669f\" data-element_type=\"container\" data-e-type=\"container\">\n\t\t\t\t\t<div class=\"e-con-inner\">\n\t\t\t\t<div class=\"elementor-element elementor-element-9ac5a6d elementor-widget elementor-widget-image\" data-id=\"9ac5a6d\" data-element_type=\"widget\" data-e-type=\"widget\" data-widget_type=\"image.default\">\n\t\t\t\t\t\t\t\t\t\t\t\t<figure class=\"wp-caption\">\n\t\t\t\t\t\t\t\t\t\t\t<a href=\"https:\/\/soymigrante.com\/mercado\/marketplace\/seller\/profile\/maderas-gryssell\">\n\t\t\t\t\t\t\t<img fetchpriority=\"high\" decoding=\"async\" width=\"768\" height=\"576\" src=\"https:\/\/soymigrante.com\/revista\/wp-content\/uploads\/2024\/10\/Maderas-Grissell-soy-migrante-mercado10.webp\" class=\"attachment-large size-large wp-image-10789\" alt=\"Amplificador de soporte para m\u00e1scara y productos de higiene en centro comercial, con \u00e1rea de exhibici\u00f3n y decoraci\u00f3n moderna para promover servicios de salud y bienestar.\" title=\"Maderas Grissell soy migrante mercado10 \u2013 SoyMigrante.com REVISTA\" \/>\t\t\t\t\t\t\t\t<\/a>\n\t\t\t\t\t\t\t\t\t\t\t<figcaption class=\"widget-image-caption wp-caption-text\">Espectacular \u00e1rea en centro comercial con soporte y accesorios para productos de higiene y salud, dise\u00f1ada para promover servicios y productos relacionados con el bienestar de los migrantes.<\/figcaption>\n\t\t\t\t\t\t\t\t\t\t<\/figure>\n\t\t\t\t\t\t\t\t\t<\/div>\n\t\t\t\t\t<\/div>\n\t\t\t\t<\/div>\n\t\t<div data-particle_enable=\"false\" data-particle-mobile-disabled=\"false\" class=\"elementor-element elementor-element-5b9895d e-flex e-con-boxed e-con e-parent\" data-id=\"5b9895d\" data-element_type=\"container\" data-e-type=\"container\">\n\t\t\t\t\t<div class=\"e-con-inner\">\n\t\t\t\t<div class=\"elementor-element elementor-element-028c392 elementor-widget elementor-widget-text-editor\" data-id=\"028c392\" data-element_type=\"widget\" data-e-type=\"widget\" data-widget_type=\"text-editor.default\">\n\t\t\t\t\t\t\t\t\t<p>El fundador e impulsor de este emprendimiento es \u00d3scar Oxom, deportista y fuerte impulsor del emprendimiento artesanal en la regi\u00f3n, quien cuenta con el apoyo de su familia.\u00a0<\/p><p><span style=\"color: var( --e-global-color-text ); text-align: var(--text-align);\">De hecho, la idea de crear piezas de madera mini fue de la esposa de don Oscar Ox\u00f3m propietario de este taller que al inicio se enfocaba solo en muebles. \u201cElla es realmente qui\u00e9n le dio vida a este nuevo proyecto. Es una mujer creativa\u201d, expresa don Oscar, quien pr\u00e1cticamente puede hacer realidad cualquier proyecto en este material.<\/span><\/p><p>De esa cuenta, tambi\u00e9n elaboran peque\u00f1as marimbas en miniatura, que son muy apreciadas por los visitantes extranjeros de Cob\u00e1n. Pr\u00e1cticamente no hay l\u00edmite para las posibilidades y la <a href=\"https:\/\/soymigrante.com\/mercado\/marketplace\/seller\/profile\/maderas-gryssell\">tienda digital Gryssell as\u00ed lo exhibe<\/a>.<\/p>\t\t\t\t\t\t\t\t<\/div>\n\t\t\t\t\t<\/div>\n\t\t\t\t<\/div>\n\t\t<div data-particle_enable=\"false\" data-particle-mobile-disabled=\"false\" class=\"elementor-element elementor-element-d3e448e e-flex e-con-boxed e-con e-parent\" data-id=\"d3e448e\" data-element_type=\"container\" data-e-type=\"container\">\n\t\t\t\t\t<div class=\"e-con-inner\">\n\t\t\t\t<div class=\"elementor-element elementor-element-742bd60 elementor-widget elementor-widget-image\" data-id=\"742bd60\" data-element_type=\"widget\" data-e-type=\"widget\" data-widget_type=\"image.default\">\n\t\t\t\t\t\t\t\t\t\t\t\t<figure class=\"wp-caption\">\n\t\t\t\t\t\t\t\t\t\t<img decoding=\"async\" width=\"721\" height=\"932\" src=\"https:\/\/soymigrante.com\/revista\/wp-content\/uploads\/2024\/10\/oscar-oxom-grissell-coban-mercado.webp\" class=\"attachment-large size-large wp-image-10973\" alt=\"Camiseta azul y saco negro, hombre hablando en micr\u00f3fono en un evento formal con fondo beige.\" srcset=\"https:\/\/soymigrante.com\/revista\/wp-content\/uploads\/2024\/10\/oscar-oxom-grissell-coban-mercado.webp 721w, https:\/\/soymigrante.com\/revista\/wp-content\/uploads\/2024\/10\/oscar-oxom-grissell-coban-mercado-232x300.webp 232w\" sizes=\"(max-width: 721px) 100vw, 721px\" title=\"Oscar Ox\u00f3m es un activo miembro de la comunidad cobanera que impulsa el emprendimiento en la comunidad. \u2013 SoyMigrante.com REVISTA\" \/>\t\t\t\t\t\t\t\t\t\t\t<figcaption class=\"widget-image-caption wp-caption-text\">Hombre en evento formal, hablando en micr\u00f3fono en un acto oficial o conferencia.<\/figcaption>\n\t\t\t\t\t\t\t\t\t\t<\/figure>\n\t\t\t\t\t\t\t\t\t<\/div>\n\t\t\t\t\t<\/div>\n\t\t\t\t<\/div>\n\t\t<div data-particle_enable=\"false\" data-particle-mobile-disabled=\"false\" class=\"elementor-element elementor-element-bc6a54a e-flex e-con-boxed e-con e-parent\" data-id=\"bc6a54a\" data-element_type=\"container\" data-e-type=\"container\">\n\t\t\t\t\t<div class=\"e-con-inner\">\n\t\t\t\t<div class=\"elementor-element elementor-element-7d2d3ac elementor-widget elementor-widget-heading\" data-id=\"7d2d3ac\" data-element_type=\"widget\" data-e-type=\"widget\" data-widget_type=\"heading.default\">\n\t\t\t\t\t<h3 class=\"elementor-heading-title elementor-size-default\">Comparte conocimiento sobre la madera<\/h3>\t\t\t\t<\/div>\n\t\t\t\t\t<\/div>\n\t\t\t\t<\/div>\n\t\t<div data-particle_enable=\"false\" data-particle-mobile-disabled=\"false\" class=\"elementor-element elementor-element-8bd5b12 e-flex e-con-boxed e-con e-parent\" data-id=\"8bd5b12\" data-element_type=\"container\" data-e-type=\"container\">\n\t\t\t\t\t<div class=\"e-con-inner\">\n\t\t\t\t<div class=\"elementor-element elementor-element-2f06498 elementor-widget elementor-widget-text-editor\" data-id=\"2f06498\" data-element_type=\"widget\" data-e-type=\"widget\" data-widget_type=\"text-editor.default\">\n\t\t\t\t\t\t\t\t\t<p>En la actualidad, desde Maderas Gricell tambi\u00e9n ofrecen talleres a aquellos\u00a0<a href=\"https:\/\/soymigrante.com\/revista\/historias-creatividad-y-economia-se-integran-en-el-ingenio-artesanal-de-guatemala\/\" target=\"_blank\" rel=\"noopener\">artesanos locales<\/a>\u00a0que deseen aprender a trabajar la madera. As\u00ed que son una fuente de trabajo, pero tambi\u00e9n de capacitaci\u00f3n para que la elaboraci\u00f3n de piezas de madera entre los artesanos locales no se pierda.<\/p><p>La esposa de don \u00d3scar es la que se encarga de la venta de los productos, su hija con los puntos de venta estrat\u00e9gicos. Y \u00e9l coordina la compra de materia prima y la producci\u00f3n.<\/p>\t\t\t\t\t\t\t\t<\/div>\n\t\t\t\t\t<\/div>\n\t\t\t\t<\/div>\n\t\t<div data-particle_enable=\"false\" data-particle-mobile-disabled=\"false\" class=\"elementor-element elementor-element-e19459c e-flex e-con-boxed e-con e-parent\" data-id=\"e19459c\" data-element_type=\"container\" data-e-type=\"container\">\n\t\t\t\t\t<div class=\"e-con-inner\">\n\t\t\t\t<div class=\"elementor-element elementor-element-3e29eb1 elementor-widget elementor-widget-image\" data-id=\"3e29eb1\" data-element_type=\"widget\" data-e-type=\"widget\" data-widget_type=\"image.default\">\n\t\t\t\t\t\t\t\t\t\t\t\t<figure class=\"wp-caption\">\n\t\t\t\t\t\t\t\t\t\t\t<a href=\"https:\/\/soymigrante.com\/mercado\/marketplace\/seller\/profile\/maderas-gryssell\">\n\t\t\t\t\t\t\t<img decoding=\"async\" width=\"768\" height=\"771\" src=\"https:\/\/soymigrante.com\/revista\/wp-content\/uploads\/2024\/10\/cubiertos-de-madera.webp\" class=\"attachment-large size-large wp-image-10790\" alt=\"Vallas de madera pintadas en tonos marr\u00f3n y naranja exhibidas en una tienda de muebles, ideales para decorar ambientes c\u00e1lidos y acogedores, tendencia en dise\u00f1o interior y mobiliario para el hogar.\" title=\"cubiertos de madera \u2013 SoyMigrante.com REVISTA\" \/>\t\t\t\t\t\t\t\t<\/a>\n\t\t\t\t\t\t\t\t\t\t\t<figcaption class=\"widget-image-caption wp-caption-text\">Decoraci\u00f3n de madera y utensilios en feria artesanal, productos para el hogar en exhibici\u00f3n en centro comercial.<\/figcaption>\n\t\t\t\t\t\t\t\t\t\t<\/figure>\n\t\t\t\t\t\t\t\t\t<\/div>\n\t\t\t\t\t<\/div>\n\t\t\t\t<\/div>\n\t\t<div data-particle_enable=\"false\" data-particle-mobile-disabled=\"false\" class=\"elementor-element elementor-element-9ca460c e-flex e-con-boxed e-con e-parent\" data-id=\"9ca460c\" data-element_type=\"container\" data-e-type=\"container\">\n\t\t\t\t\t<div class=\"e-con-inner\">\n\t\t\t\t<div class=\"elementor-element elementor-element-7642e60 elementor-widget elementor-widget-testimonial\" data-id=\"7642e60\" data-element_type=\"widget\" data-e-type=\"widget\" data-widget_type=\"testimonial.default\">\n\t\t\t\t\t\t\t<div class=\"elementor-testimonial-wrapper\">\n\t\t\t\t\t\t\t<div class=\"elementor-testimonial-content\">\"Para m\u00ed es trabajar con la naturaleza y transformar la madera en algo \u00fatil para el hogar\u201d.-<\/div>\n\t\t\t\n\t\t\t\t\t\t<div class=\"elementor-testimonial-meta elementor-has-image elementor-testimonial-image-position-aside\">\n\t\t\t\t<div class=\"elementor-testimonial-meta-inner\">\n\t\t\t\t\t\t\t\t\t\t\t<div class=\"elementor-testimonial-image\">\n\t\t\t\t\t\t\t<img loading=\"lazy\" decoding=\"async\" width=\"324\" height=\"328\" src=\"https:\/\/soymigrante.com\/revista\/wp-content\/uploads\/2024\/10\/Oscar-Oxon-maderas-grissell.webp\" class=\"attachment-full size-full wp-image-10806\" alt=\"Profesional sonriendo en un entorno formal, vestido con traje y corbata, en una foto para la revista SoyMigrante.com REVISTA, que destaca historias de migrantes y su impacto en la comunidad.\" title=\"Oscar Oxon maderas grissell \u2013 SoyMigrante.com REVISTA\" \/>\t\t\t\t\t\t<\/div>\n\t\t\t\t\t\n\t\t\t\t\t\t\t\t\t\t<div class=\"elementor-testimonial-details\">\n\t\t\t\t\t\t\t\t\t\t\t\t\t\t<div class=\"elementor-testimonial-name\">\u00d3scar Ox\u00f3m<\/div>\n\t\t\t\t\t\t\t\t\t\t\t\t\t\t\t\t\t\t\t\t\t\t<div class=\"elementor-testimonial-job\">Ebanista y emprendedor\nen Cob\u00e1n, Alta Verapaz.<\/div>\n\t\t\t\t\t\t\t\t\t\t\t\t\t<\/div>\n\t\t\t\t\t\t\t\t\t<\/div>\n\t\t\t<\/div>\n\t\t\t\t\t<\/div>\n\t\t\t\t\t\t<\/div>\n\t\t\t\t\t<\/div>\n\t\t\t\t<\/div>\n\t\t<div data-particle_enable=\"false\" data-particle-mobile-disabled=\"false\" class=\"elementor-element elementor-element-92ebda6 e-flex e-con-boxed e-con e-parent\" data-id=\"92ebda6\" data-element_type=\"container\" data-e-type=\"container\">\n\t\t\t\t\t<div class=\"e-con-inner\">\n\t\t\t\t<div class=\"elementor-element elementor-element-f39a22a elementor-widget elementor-widget-heading\" data-id=\"f39a22a\" data-element_type=\"widget\" data-e-type=\"widget\" data-widget_type=\"heading.default\">\n\t\t\t\t\t<h3 class=\"elementor-heading-title elementor-size-default\">La historia de c\u00f3mo naci\u00f3 un talento en la madera<\/h3>\t\t\t\t<\/div>\n\t\t\t\t\t<\/div>\n\t\t\t\t<\/div>\n\t\t<div data-particle_enable=\"false\" data-particle-mobile-disabled=\"false\" class=\"elementor-element elementor-element-d0840d0 e-flex e-con-boxed e-con e-parent\" data-id=\"d0840d0\" data-element_type=\"container\" data-e-type=\"container\">\n\t\t\t\t\t<div class=\"e-con-inner\">\n\t\t\t\t<div class=\"elementor-element elementor-element-c49ba76 elementor-widget elementor-widget-text-editor\" data-id=\"c49ba76\" data-element_type=\"widget\" data-e-type=\"widget\" data-widget_type=\"text-editor.default\">\n\t\t\t\t\t\t\t\t\t<p>Desde que ten\u00eda 12 a\u00f1os comenz\u00f3 a trabajar en carpinter\u00eda, oficio al que le tom\u00f3 mucho cari\u00f1o y quiso aprender todo sobre maderas, herramientas, acabados, materiales.<\/p><p>&#8220;A los 18 a\u00f1os yo era un joven con conocimiento para trabajar la madera y decid\u00ed ser un ebanista&#8221;. Fue as\u00ed como tom\u00f3 mayor contacto con con maderas finas. En su adultez se alej\u00f3 un poco de trabajar la madera, pero ten\u00eda claro que tarde o temprano deb\u00eda continuar con su pasi\u00f3n y comenz\u00f3 con elaborar muebles o piezas de madera que necesitaba para decorar o utilizar en su casa.<\/p><p>\u201cVimos mucha competencia. Actualic\u00e9 el taller que en ese entonces ten\u00edamos. Me termin\u00e9 de capacitar y comenc\u00e9 a realizar los trabajos solicitados. Tambi\u00e9n nos estamos enfocando en el \u00e1rea de artesan\u00edas en busca de oportunidades. Hemos decidido incorporar a grupos de artesanos para obtener puntos de\u00a0<a href=\"https:\/\/soymigrante.com\/revista\/mercado-es-una-comunidad-digital-para-emprendedores-guatemaltecos\/\" target=\"_blank\" rel=\"noopener\">mercado<\/a>\u201d, comparte don \u00d3scar.<\/p>\t\t\t\t\t\t\t\t<\/div>\n\t\t\t\t\t<\/div>\n\t\t\t\t<\/div>\n\t\t<div data-particle_enable=\"false\" data-particle-mobile-disabled=\"false\" class=\"elementor-element elementor-element-3bb93b2 e-flex e-con-boxed e-con e-parent\" data-id=\"3bb93b2\" data-element_type=\"container\" data-e-type=\"container\">\n\t\t\t\t\t<div class=\"e-con-inner\">\n\t\t\t\t<div class=\"elementor-element elementor-element-b16932c elementor-arrows-position-inside elementor-pagination-position-outside elementor-widget elementor-widget-image-carousel\" data-id=\"b16932c\" data-element_type=\"widget\" data-e-type=\"widget\" data-settings=\"{&quot;slides_to_show&quot;:&quot;1&quot;,&quot;navigation&quot;:&quot;both&quot;,&quot;autoplay&quot;:&quot;yes&quot;,&quot;pause_on_hover&quot;:&quot;yes&quot;,&quot;pause_on_interaction&quot;:&quot;yes&quot;,&quot;autoplay_speed&quot;:5000,&quot;infinite&quot;:&quot;yes&quot;,&quot;effect&quot;:&quot;slide&quot;,&quot;speed&quot;:500}\" data-widget_type=\"image-carousel.default\">\n\t\t\t\t\t\t\t<div class=\"elementor-image-carousel-wrapper swiper\" role=\"region\" aria-roledescription=\"carousel\" aria-label=\"Carrusel de im\u00e1genes\" dir=\"ltr\">\n\t\t\t<div class=\"elementor-image-carousel swiper-wrapper\" aria-live=\"off\">\n\t\t\t\t\t\t\t\t<div class=\"swiper-slide\" role=\"group\" aria-roledescription=\"slide\" aria-label=\"1 de 6\"><a data-elementor-open-lightbox=\"yes\" data-elementor-lightbox-slideshow=\"b16932c\" data-elementor-lightbox-title=\"camion de madera\" data-elementor-lightbox-description=\"Divertido coche de madera pintado en colores vivos, carrito infantil decorativo y funcional, ideal para decorar espacios de juego y estimular la creatividad de los ni\u00f1os, hecho a mano con materiales duraderos y seguros.\" data-e-action-hash=\"#elementor-action%3Aaction%3Dlightbox%26settings%3DeyJpZCI6IjEwNzk3IiwidXJsIjoiaHR0cHM6XC9cL3NveW1pZ3JhbnRlLmNvbVwvcmV2aXN0YVwvd3AtY29udGVudFwvdXBsb2Fkc1wvMjAyNFwvMTBcL2NhbWlvbi1kZS1tYWRlcmEud2VicCIsInNsaWRlc2hvdyI6ImIxNjkzMmMifQ%3D%3D\" href=\"https:\/\/soymigrante.com\/mercado\/marketplace\/seller\/profile\/maderas-gryssell\"><figure class=\"swiper-slide-inner\"><img decoding=\"async\" class=\"swiper-slide-image\" src=\"https:\/\/soymigrante.com\/revista\/wp-content\/uploads\/2024\/10\/camion-de-madera.webp\" alt=\"Coche de madera pintado en colores vibrantes, carrito infantil decorativo, juguete hecho a mano para ni\u00f1os, decoraci\u00f3n de mobiliario infantil, ideas creativas para espacios de juegos infantiles.\" \/><\/figure><\/a><\/div><div class=\"swiper-slide\" role=\"group\" aria-roledescription=\"slide\" aria-label=\"2 de 6\"><a data-elementor-open-lightbox=\"yes\" data-elementor-lightbox-slideshow=\"b16932c\" data-elementor-lightbox-title=\"Maderas Grissell soy migrante mercado5\" data-elementor-lightbox-description=\"Conjunto de espejo, mueble y banco de madera artesanal, dise\u00f1ado para agregar estilo y funcionalidad a dormitorios y vestidores, con acabado en madera natural y estilo vintage.\" data-e-action-hash=\"#elementor-action%3Aaction%3Dlightbox%26settings%3DeyJpZCI6IjEwODAwIiwidXJsIjoiaHR0cHM6XC9cL3NveW1pZ3JhbnRlLmNvbVwvcmV2aXN0YVwvd3AtY29udGVudFwvdXBsb2Fkc1wvMjAyNFwvMTBcL01hZGVyYXMtR3Jpc3NlbGwtc295LW1pZ3JhbnRlLW1lcmNhZG81LndlYnAiLCJzbGlkZXNob3ciOiJiMTY5MzJjIn0%3D\" href=\"https:\/\/soymigrante.com\/mercado\/marketplace\/seller\/profile\/maderas-gryssell\"><figure class=\"swiper-slide-inner\"><img decoding=\"async\" class=\"swiper-slide-image\" src=\"https:\/\/soymigrante.com\/revista\/wp-content\/uploads\/2024\/10\/Maderas-Grissell-soy-migrante-mercado5.webp\" alt=\"Espejo vintage con mueble de madera y banco, ideal para vestidor o dormitorio, artesanal y decorativo, mobiliario de estilo cl\u00e1sico y funcional.\" \/><\/figure><\/a><\/div><div class=\"swiper-slide\" role=\"group\" aria-roledescription=\"slide\" aria-label=\"3 de 6\"><a data-elementor-open-lightbox=\"yes\" data-elementor-lightbox-slideshow=\"b16932c\" data-elementor-lightbox-title=\"Maderas Grissell soy migrante mercado8\" data-elementor-lightbox-description=\"El espejo de maquillaje con luces LED y mueble vintage negro es una pieza funcional y decorativa para cualquier dormitorio o vestidor. Incluye iluminaci\u00f3n para facilitar la aplicaci\u00f3n de maquillaje y peinado, combinando estilo cl\u00e1sico con tecnolog\u00eda moderna.\" data-e-action-hash=\"#elementor-action%3Aaction%3Dlightbox%26settings%3DeyJpZCI6IjEwNzk4IiwidXJsIjoiaHR0cHM6XC9cL3NveW1pZ3JhbnRlLmNvbVwvcmV2aXN0YVwvd3AtY29udGVudFwvdXBsb2Fkc1wvMjAyNFwvMTBcL01hZGVyYXMtR3Jpc3NlbGwtc295LW1pZ3JhbnRlLW1lcmNhZG84LndlYnAiLCJzbGlkZXNob3ciOiJiMTY5MzJjIn0%3D\" href=\"https:\/\/soymigrante.com\/mercado\/marketplace\/seller\/profile\/maderas-gryssell\"><figure class=\"swiper-slide-inner\"><img decoding=\"async\" class=\"swiper-slide-image\" src=\"https:\/\/soymigrante.com\/revista\/wp-content\/uploads\/2024\/10\/Maderas-Grissell-soy-migrante-mercado8.webp\" alt=\"Espejo de maquillaje con luces LED, mueble de tocador vintage en color negro, ideal para cuarto con estilo moderno y funcional. Perfecto para mejorar la rutina de belleza y decorativa de tu espacio.\" \/><\/figure><\/a><\/div><div class=\"swiper-slide\" role=\"group\" aria-roledescription=\"slide\" aria-label=\"4 de 6\"><a data-elementor-open-lightbox=\"yes\" data-elementor-lightbox-slideshow=\"b16932c\" data-elementor-lightbox-title=\"Maderas Grissell soy migrante mercado2\" data-elementor-lightbox-description=\"Conjunto de mueble de madera vintage que incluye un tocador con espejo grande y taburete, dise\u00f1ado en estilo cl\u00e1sico y elegante, ideal para decorar y organizar espacios personales en hogares o tiendas, con acabado en madera oscura.\" data-e-action-hash=\"#elementor-action%3Aaction%3Dlightbox%26settings%3DeyJpZCI6IjEwODAyIiwidXJsIjoiaHR0cHM6XC9cL3NveW1pZ3JhbnRlLmNvbVwvcmV2aXN0YVwvd3AtY29udGVudFwvdXBsb2Fkc1wvMjAyNFwvMTBcL01hZGVyYXMtR3Jpc3NlbGwtc295LW1pZ3JhbnRlLW1lcmNhZG8yLndlYnAiLCJzbGlkZXNob3ciOiJiMTY5MzJjIn0%3D\" href=\"https:\/\/soymigrante.com\/mercado\/marketplace\/seller\/profile\/maderas-gryssell\"><figure class=\"swiper-slide-inner\"><img decoding=\"async\" class=\"swiper-slide-image\" src=\"https:\/\/soymigrante.com\/revista\/wp-content\/uploads\/2024\/10\/Maderas-Grissell-soy-migrante-mercado2.webp\" alt=\"Espejo de madera vintage con tocador y taburete, ideal para decoraci\u00f3n cl\u00e1sica y elegante en habitaciones o vestidores, con estructura robusta y dise\u00f1o detallado.\" \/><\/figure><\/a><\/div><div class=\"swiper-slide\" role=\"group\" aria-roledescription=\"slide\" aria-label=\"5 de 6\"><a data-elementor-open-lightbox=\"yes\" data-elementor-lightbox-slideshow=\"b16932c\" data-elementor-lightbox-title=\"Maderas Grissell soy migrante mercado7\" data-elementor-lightbox-description=\"Un elegante espejo de pie vintage con marco de madera oscura en un centro comercial, perfecto para decoraci\u00f3n, tiendas o espacios hogare\u00f1os con estilo cl\u00e1sico y funcionalidad est\u00e9tica.\" data-e-action-hash=\"#elementor-action%3Aaction%3Dlightbox%26settings%3DeyJpZCI6IjEwNzk5IiwidXJsIjoiaHR0cHM6XC9cL3NveW1pZ3JhbnRlLmNvbVwvcmV2aXN0YVwvd3AtY29udGVudFwvdXBsb2Fkc1wvMjAyNFwvMTBcL01hZGVyYXMtR3Jpc3NlbGwtc295LW1pZ3JhbnRlLW1lcmNhZG83LndlYnAiLCJzbGlkZXNob3ciOiJiMTY5MzJjIn0%3D\" href=\"https:\/\/soymigrante.com\/mercado\/marketplace\/seller\/profile\/maderas-gryssell\"><figure class=\"swiper-slide-inner\"><img decoding=\"async\" class=\"swiper-slide-image\" src=\"https:\/\/soymigrante.com\/revista\/wp-content\/uploads\/2024\/10\/Maderas-Grissell-soy-migrante-mercado7.webp\" alt=\"Espejo de pie de estilo vintage en un centro comercial, con marco de madera oscuro y f\u00e1cil de mover. Ideal para tiendas, decoraci\u00f3n o uso en viviendas que buscan un toque cl\u00e1sico.\" \/><\/figure><\/a><\/div><div class=\"swiper-slide\" role=\"group\" aria-roledescription=\"slide\" aria-label=\"6 de 6\"><a data-elementor-open-lightbox=\"yes\" data-elementor-lightbox-slideshow=\"b16932c\" data-elementor-lightbox-title=\"Maderas Grissell soy migrante mercado4\" data-elementor-lightbox-description=\"Esta imagen muestra un cofre de madera robusto con tapa y asa, dise\u00f1ado para almacenamiento decorativo. La pieza est\u00e1 hecha con madera trabajada y barnizada en tonos marrones, siendo \u00fatil y decorativa para diferentes ambientes.\" data-e-action-hash=\"#elementor-action%3Aaction%3Dlightbox%26settings%3DeyJpZCI6IjEwODAxIiwidXJsIjoiaHR0cHM6XC9cL3NveW1pZ3JhbnRlLmNvbVwvcmV2aXN0YVwvd3AtY29udGVudFwvdXBsb2Fkc1wvMjAyNFwvMTBcL01hZGVyYXMtR3Jpc3NlbGwtc295LW1pZ3JhbnRlLW1lcmNhZG80LndlYnAiLCJzbGlkZXNob3ciOiJiMTY5MzJjIn0%3D\" href=\"https:\/\/soymigrante.com\/mercado\/marketplace\/seller\/profile\/maderas-gryssell\"><figure class=\"swiper-slide-inner\"><img decoding=\"async\" class=\"swiper-slide-image\" src=\"https:\/\/soymigrante.com\/revista\/wp-content\/uploads\/2024\/10\/Maderas-Grissell-soy-migrante-mercado4.webp\" alt=\"Cofre de madera artesanal con acabado natural y asa resistente, perfecto para almacenamiento decorativo o para guardar objetos personales. Dise\u00f1o elegante y funcional para cualquier espacio.\" \/><\/figure><\/a><\/div>\t\t\t<\/div>\n\t\t\t\t\t\t\t\t\t\t\t\t<div class=\"elementor-swiper-button elementor-swiper-button-prev\" role=\"button\" tabindex=\"0\">\n\t\t\t\t\t\t<i aria-hidden=\"true\" class=\"eicon-chevron-left\"><\/i>\t\t\t\t\t<\/div>\n\t\t\t\t\t<div class=\"elementor-swiper-button elementor-swiper-button-next\" role=\"button\" tabindex=\"0\">\n\t\t\t\t\t\t<i aria-hidden=\"true\" class=\"eicon-chevron-right\"><\/i>\t\t\t\t\t<\/div>\n\t\t\t\t\n\t\t\t\t\t\t\t\t\t<div class=\"swiper-pagination\"><\/div>\n\t\t\t\t\t\t\t\t\t<\/div>\n\t\t\t\t\t\t<\/div>\n\t\t\t\t\t<\/div>\n\t\t\t\t<\/div>\n\t\t<div data-particle_enable=\"false\" data-particle-mobile-disabled=\"false\" class=\"elementor-element elementor-element-aa1837e e-flex e-con-boxed e-con e-parent\" data-id=\"aa1837e\" data-element_type=\"container\" data-e-type=\"container\">\n\t\t\t\t\t<div class=\"e-con-inner\">\n\t\t\t\t<div class=\"elementor-element elementor-element-a158b09 elementor-widget elementor-widget-heading\" data-id=\"a158b09\" data-element_type=\"widget\" data-e-type=\"widget\" data-widget_type=\"heading.default\">\n\t\t\t\t\t<h3 class=\"elementor-heading-title elementor-size-default\">Piezas peque\u00f1as, oportunidades grandes<\/h3>\t\t\t\t<\/div>\n\t\t\t\t\t<\/div>\n\t\t\t\t<\/div>\n\t\t<div data-particle_enable=\"false\" data-particle-mobile-disabled=\"false\" class=\"elementor-element elementor-element-278727e e-flex e-con-boxed e-con e-parent\" data-id=\"278727e\" data-element_type=\"container\" data-e-type=\"container\">\n\t\t\t\t\t<div class=\"e-con-inner\">\n\t\t\t\t<div class=\"elementor-element elementor-element-687a17e elementor-widget elementor-widget-text-editor\" data-id=\"687a17e\" data-element_type=\"widget\" data-e-type=\"widget\" data-widget_type=\"text-editor.default\">\n\t\t\t\t\t\t\t\t\t<p>La idea de cambiar a un 100% el trabajo de cosas grandes a peque\u00f1as fue una idea de su esposa motivados por reciclar el material, que sin darse cuenta, hab\u00edan acumulado en el taller de madera. \u201cTen\u00edamos un volumen de material y cuando empezamos con ello vimos lo que pod\u00edamos aprovechar\u201d.<\/p><p>Al preguntarle qu\u00e9 representaci\u00f3n tiene la madera en su vida, don \u00d3scar responde: \u201cvida, innovaci\u00f3n, creatividad, oportunidad. Me hace pensar en muchas cosas a futuro, mucha curiosidad. Para m\u00ed es trabajar con la naturaleza y transformar la madera en algo \u00fatil para el hogar\u201d.<\/p>\t\t\t\t\t\t\t\t<\/div>\n\t\t\t\t\t<\/div>\n\t\t\t\t<\/div>\n\t\t<div data-particle_enable=\"false\" data-particle-mobile-disabled=\"false\" class=\"elementor-element elementor-element-7818b16 e-flex e-con-boxed e-con e-parent\" data-id=\"7818b16\" data-element_type=\"container\" data-e-type=\"container\">\n\t\t\t\t\t<div class=\"e-con-inner\">\n\t\t\t\t<div class=\"elementor-element elementor-element-b89dd58 elementor-widget elementor-widget-facebook-embed\" data-id=\"b89dd58\" data-element_type=\"widget\" data-e-type=\"widget\" data-widget_type=\"facebook-embed.default\">\n\t\t\t\t\t<div style=\"min-height: 1px\" class=\"elementor-facebook-widget fb-post\" data-href=\"https:\/\/www.facebook.com\/permalink.php?story_fbid=745028905928156&#038;id=100012631597315&#038;ref=embed_post\" data-show-text=\"false\"><\/div>\t\t\t\t<\/div>\n\t\t\t\t\t<\/div>\n\t\t\t\t<\/div>\n\t\t<div data-particle_enable=\"false\" data-particle-mobile-disabled=\"false\" class=\"elementor-element elementor-element-7339e6b e-flex e-con-boxed e-con e-parent\" data-id=\"7339e6b\" data-element_type=\"container\" data-e-type=\"container\">\n\t\t\t\t\t<div class=\"e-con-inner\">\n\t\t\t\t<div class=\"elementor-element elementor-element-bdb5031 elementor-widget elementor-widget-heading\" data-id=\"bdb5031\" data-element_type=\"widget\" data-e-type=\"widget\" data-widget_type=\"heading.default\">\n\t\t\t\t\t<h3 class=\"elementor-heading-title elementor-size-default\">S\u00e9 parte de SoyMigrante.com\/MERCADO<\/h3>\t\t\t\t<\/div>\n\t\t\t\t\t<\/div>\n\t\t\t\t<\/div>\n\t\t<div data-particle_enable=\"false\" data-particle-mobile-disabled=\"false\" class=\"elementor-element elementor-element-9ce7a08 e-flex e-con-boxed e-con e-parent\" data-id=\"9ce7a08\" data-element_type=\"container\" data-e-type=\"container\">\n\t\t\t\t\t<div class=\"e-con-inner\">\n\t\t\t\t<div class=\"elementor-element elementor-element-8a1cf2e elementor-grid-eael-col-3 elementor-grid-tablet-eael-col-2 elementor-grid-mobile-eael-col-1 elementor-widget elementor-widget-eael-post-grid\" data-id=\"8a1cf2e\" data-element_type=\"widget\" data-e-type=\"widget\" data-settings=\"{&quot;eael_post_grid_columns&quot;:&quot;eael-col-3&quot;,&quot;eael_post_grid_columns_tablet&quot;:&quot;eael-col-2&quot;,&quot;eael_post_grid_columns_mobile&quot;:&quot;eael-col-1&quot;}\" data-widget_type=\"eael-post-grid.default\">\n\t\t\t\t\t<div id=\"eael-post-grid-8a1cf2e\" class=\"eael-post-grid-container\">\n            <div class=\"eael-post-grid eael-post-appender eael-post-appender-8a1cf2e eael-post-grid-style-one\" data-layout-mode=\"masonry\"><article class=\"eael-grid-post  eael-post-grid-column eael-pg-post-10385 category-guate-nuestra tags-mercado-emprendedores\" data-id=\"10385\">\n        <div class=\"eael-grid-post-holder\">\n            <div class=\"eael-grid-post-holder-inner\"><div class=\"eael-entry-media\"><div class=\"eael-entry-overlay fade-in\"><i class=\"far fa-hand-pointer\" aria-hidden=\"true\"><\/i><a href=\"https:\/\/soymigrante.com\/revista\/cooperativa-yax-transforma-una-planta-recicladora-en-huehuetenango-que-crea-y-genera-empleo\/\"><\/a><\/div><div class=\"eael-entry-thumbnail \">\n                <img loading=\"lazy\" decoding=\"async\" width=\"1024\" height=\"1024\" src=\"https:\/\/soymigrante.com\/revista\/wp-content\/uploads\/2024\/10\/yax-transforma-1024x1024.webp\" class=\"attachment-large size-large wp-image-10489\" alt=\"Transformaci\u00f3n social en eventos de SoyMigrante.com REVISTA, promoviendo inclusi\u00f3n y derechos de migrantes en Am\u00e9rica Latina.\" srcset=\"https:\/\/soymigrante.com\/revista\/wp-content\/uploads\/2024\/10\/yax-transforma-1024x1024.webp 1024w, https:\/\/soymigrante.com\/revista\/wp-content\/uploads\/2024\/10\/yax-transforma-300x300.webp 300w, https:\/\/soymigrante.com\/revista\/wp-content\/uploads\/2024\/10\/yax-transforma-150x150.webp 150w, https:\/\/soymigrante.com\/revista\/wp-content\/uploads\/2024\/10\/yax-transforma-768x768.webp 768w, https:\/\/soymigrante.com\/revista\/wp-content\/uploads\/2024\/10\/yax-transforma-75x75.webp 75w, https:\/\/soymigrante.com\/revista\/wp-content\/uploads\/2024\/10\/yax-transforma-750x750.webp 750w, https:\/\/soymigrante.com\/revista\/wp-content\/uploads\/2024\/10\/yax-transforma.webp 1049w\" sizes=\"(max-width: 1024px) 100vw, 1024px\" \/>\n            <\/div>\n        <\/div><div class=\"eael-entry-wrapper\"><header class=\"eael-entry-header\"><h2 class=\"eael-entry-title\"><a class=\"eael-grid-post-link\" href=\"https:\/\/soymigrante.com\/revista\/cooperativa-yax-transforma-una-planta-recicladora-en-huehuetenango-que-crea-y-genera-empleo\/\" title=\"Yax Transforma recolecta pl\u00e1stico y lo convierte en tablas, mesas, postes y&#8230; empleos\">Yax Transforma recolecta pl\u00e1stico y lo convierte en tablas, mesas, postes y&#8230; empleos<\/a><\/h2><\/header><div class=\"eael-entry-content\">\n                        <div class=\"eael-grid-post-excerpt\"><a href=\"https:\/\/soymigrante.com\/revista\/cooperativa-yax-transforma-una-planta-recicladora-en-huehuetenango-que-crea-y-genera-empleo\/\" class=\"eael-post-elements-readmore-btn\">CONOCE SU HISTORIA <\/a><\/div>\n                    <\/div><\/div><\/div>\n        <\/div>\n    <\/article><article class=\"eael-grid-post  eael-post-grid-column eael-pg-post-10038 category-editorial\" data-id=\"10038\">\n        <div class=\"eael-grid-post-holder\">\n            <div class=\"eael-grid-post-holder-inner\"><div class=\"eael-entry-media\"><div class=\"eael-entry-overlay fade-in\"><i class=\"far fa-hand-pointer\" aria-hidden=\"true\"><\/i><a href=\"https:\/\/soymigrante.com\/revista\/mercado-es-una-comunidad-digital-para-emprendedores-guatemaltecos\/\"><\/a><\/div><div class=\"eael-entry-thumbnail \">\n                <img loading=\"lazy\" decoding=\"async\" width=\"823\" height=\"823\" src=\"https:\/\/soymigrante.com\/revista\/wp-content\/uploads\/2024\/10\/empren.webp\" class=\"attachment-large size-large wp-image-10041\" alt=\"Colaborador mostrando su obra art\u00edstica en una exposici\u00f3n de la revista SoyMigrante.com REVISTA en Guatemala. Destaca la cultura y el talento migrante a trav\u00e9s del arte y la fotograf\u00eda.\" srcset=\"https:\/\/soymigrante.com\/revista\/wp-content\/uploads\/2024\/10\/empren.webp 823w, https:\/\/soymigrante.com\/revista\/wp-content\/uploads\/2024\/10\/empren-300x300.webp 300w, https:\/\/soymigrante.com\/revista\/wp-content\/uploads\/2024\/10\/empren-150x150.webp 150w, https:\/\/soymigrante.com\/revista\/wp-content\/uploads\/2024\/10\/empren-768x768.webp 768w, https:\/\/soymigrante.com\/revista\/wp-content\/uploads\/2024\/10\/empren-75x75.webp 75w, https:\/\/soymigrante.com\/revista\/wp-content\/uploads\/2024\/10\/empren-750x750.webp 750w\" sizes=\"(max-width: 823px) 100vw, 823px\" \/>\n            <\/div>\n        <\/div><div class=\"eael-entry-wrapper\"><header class=\"eael-entry-header\"><h2 class=\"eael-entry-title\"><a class=\"eael-grid-post-link\" href=\"https:\/\/soymigrante.com\/revista\/mercado-es-una-comunidad-digital-para-emprendedores-guatemaltecos\/\" title=\"MERCADO es una comunidad digital para emprendedores guatemaltecos\">MERCADO es una comunidad digital para emprendedores guatemaltecos<\/a><\/h2><\/header><div class=\"eael-entry-content\">\n                        <div class=\"eael-grid-post-excerpt\"><a href=\"https:\/\/soymigrante.com\/revista\/mercado-es-una-comunidad-digital-para-emprendedores-guatemaltecos\/\" class=\"eael-post-elements-readmore-btn\">CONOCE SU HISTORIA <\/a><\/div>\n                    <\/div><\/div><\/div>\n        <\/div>\n    <\/article><article class=\"eael-grid-post  eael-post-grid-column eael-pg-post-8867 category-estamos-unidos\" data-id=\"8867\">\n        <div class=\"eael-grid-post-holder\">\n            <div class=\"eael-grid-post-holder-inner\"><div class=\"eael-entry-media\"><div class=\"eael-entry-overlay fade-in\"><i class=\"far fa-hand-pointer\" aria-hidden=\"true\"><\/i><a href=\"https:\/\/soymigrante.com\/revista\/soymigrante-com-mercado-viene-plataforma-digital-para-emprendedores-guatemaltecos\/\"><\/a><\/div><div class=\"eael-entry-thumbnail \">\n                <img loading=\"lazy\" decoding=\"async\" width=\"633\" height=\"621\" src=\"https:\/\/soymigrante.com\/revista\/wp-content\/uploads\/2024\/09\/Captura-de-pantalla-2024-09-05-120913.webp\" class=\"attachment-large size-large wp-image-8877\" alt=\"Tejedora ind\u00edgena con textiles coloridos y tradicionales, mostrando su cultura y arte en un fondo vibrante en la revista SoyMigrante.com.\" srcset=\"https:\/\/soymigrante.com\/revista\/wp-content\/uploads\/2024\/09\/Captura-de-pantalla-2024-09-05-120913.webp 633w, https:\/\/soymigrante.com\/revista\/wp-content\/uploads\/2024\/09\/Captura-de-pantalla-2024-09-05-120913-300x294.webp 300w, https:\/\/soymigrante.com\/revista\/wp-content\/uploads\/2024\/09\/Captura-de-pantalla-2024-09-05-120913-75x75.webp 75w\" sizes=\"(max-width: 633px) 100vw, 633px\" \/>\n            <\/div>\n        <\/div><div class=\"eael-entry-wrapper\"><header class=\"eael-entry-header\"><h2 class=\"eael-entry-title\"><a class=\"eael-grid-post-link\" href=\"https:\/\/soymigrante.com\/revista\/soymigrante-com-mercado-viene-plataforma-digital-para-emprendedores-guatemaltecos\/\" title=\"SoyMigrante.com\/Mercado es una  plataforma  digital para emprendedores guatemaltecos\">SoyMigrante.com\/Mercado es una  plataforma  digital para emprendedores guatemaltecos<\/a><\/h2><\/header><div class=\"eael-entry-content\">\n                        <div class=\"eael-grid-post-excerpt\"><a href=\"https:\/\/soymigrante.com\/revista\/soymigrante-com-mercado-viene-plataforma-digital-para-emprendedores-guatemaltecos\/\" class=\"eael-post-elements-readmore-btn\">CONOCE SU HISTORIA <\/a><\/div>\n                    <\/div><\/div><\/div>\n        <\/div>\n    <\/article><\/div>\n            <div class=\"clearfix\"><\/div>\n        <\/div>\t\t\t\t<\/div>\n\t\t\t\t\t<\/div>\n\t\t\t\t<\/div>\n\t\t\t\t<\/div>\n\t\t","protected":false},"excerpt":{"rendered":"<p>Taller de Maderas Gryssell es un emprendimiento familiar surgido en Cob\u00e1n, Alta Verapaz, gracias al entusiasmo de \u00d3scar Oxom y familia. Tiene su tienda digital en SoyMigrante.com MERCADO y esta es su historia. Maderas Gryssell es una peque\u00f1a empresa familiar que surgi\u00f3 hace 30 a\u00f1os en la cabecera departamental de\u00a0Cob\u00e1n, Alta Verapaz.\u00a0Ahora ya est\u00e1 en [&hellip;]<\/p>\n","protected":false},"author":23,"featured_media":10972,"comment_status":"open","ping_status":"open","sticky":false,"template":"","format":"standard","meta":{"_acf_changed":false,"_eb_attr":"","footnotes":""},"categories":[58],"tags":[130],"class_list":["post-10732","post","type-post","status-publish","format-standard","has-post-thumbnail","hentry","category-guate-nuestra","tag-mercado-emprendedores"],"acf":[],"aioseo_notices":[],"aioseo_head":"\n\t\t<!-- All in One SEO Pro 4.9.6.2 - aioseo.com -->\n\t<meta name=\"description\" content=\"Una plaza de mercado sin fronteras es SoyMigrante.com\/Mercado, una plataforma de comercio digital para migrantes y emprendedores guatemaltecos. As\u00ed funciiona\" \/>\n\t<meta name=\"robots\" content=\"max-snippet:-1, max-image-preview:large, max-video-preview:-1\" \/>\n\t<meta name=\"author\" content=\"Marysabel Aldana\"\/>\n\t<link rel=\"canonical\" href=\"https:\/\/soymigrante.com\/revista\/soymigrante-com-mercado-viene-plataforma-digital-para-emprendedores-guatemaltecos\/\" \/>\n\t<meta name=\"generator\" content=\"All in One SEO Pro (AIOSEO) 4.9.6.2\" \/>\n\n\t\t<link rel=\"preconnect\" href=\"https:\/\/fonts.googleapis.com\" crossorigin>\n<link rel=\"preconnect\" href=\"https:\/\/fonts.gstatic.com\" crossorigin>\n\t\t<meta property=\"og:locale\" content=\"es_ES\" \/>\n\t\t<meta property=\"og:site_name\" content=\"SoyMigrante.com REVISTA \u2013 Nuestra misi\u00f3n es reconocer y dignificar al migrante.\" \/>\n\t\t<meta property=\"og:type\" content=\"article\" \/>\n\t\t<meta property=\"og:title\" content=\"SoyMigrante.com Mercado es e-commerce para emprendedores\" \/>\n\t\t<meta property=\"og:description\" content=\"Una plaza de mercado sin fronteras es SoyMigrante.com\/Mercado, una plataforma de comercio digital para migrantes y emprendedores guatemaltecos. As\u00ed funciiona\" \/>\n\t\t<meta property=\"og:url\" content=\"https:\/\/soymigrante.com\/revista\/soymigrante-com-mercado-viene-plataforma-digital-para-emprendedores-guatemaltecos\/\" \/>\n\t\t<meta property=\"og:image\" content=\"https:\/\/soymigrante.com\/revista\/wp-content\/uploads\/2024\/09\/Captura-de-pantalla-2024-09-05-120913.webp\" \/>\n\t\t<meta property=\"og:image:secure_url\" content=\"https:\/\/soymigrante.com\/revista\/wp-content\/uploads\/2024\/09\/Captura-de-pantalla-2024-09-05-120913.webp\" \/>\n\t\t<meta property=\"og:image:width\" content=\"633\" \/>\n\t\t<meta property=\"og:image:height\" content=\"621\" \/>\n\t\t<meta property=\"article:published_time\" content=\"2024-09-06T17:19:42+00:00\" \/>\n\t\t<meta property=\"article:modified_time\" content=\"2024-09-06T18:08:04+00:00\" \/>\n\t\t<meta property=\"article:publisher\" content=\"https:\/\/www.facebook.com\/soymigrantecom\" \/>\n\t\t<meta name=\"twitter:card\" content=\"summary_large_image\" \/>\n\t\t<meta name=\"twitter:site\" content=\"@SoyMigrante_com\" \/>\n\t\t<meta name=\"twitter:title\" content=\"SoyMigrante.com Mercado es e-commerce para emprendedores\" \/>\n\t\t<meta name=\"twitter:description\" content=\"Una plaza de mercado sin fronteras es SoyMigrante.com\/Mercado, una plataforma de comercio digital para migrantes y emprendedores guatemaltecos. As\u00ed funciiona\" \/>\n\t\t<meta name=\"twitter:creator\" content=\"@SoyMigrante_com\" \/>\n\t\t<meta name=\"twitter:image\" content=\"https:\/\/soymigrante.com\/revista\/wp-content\/uploads\/2024\/09\/Captura-de-pantalla-2024-09-05-120913.webp\" \/>\n\t\t<!-- All in One SEO Pro -->\r\n\t\t<title>SoyMigrante.com Mercado es e-commerce para emprendedores<\/title>\n\n","aioseo_head_json":{"title":"SoyMigrante.com Mercado es e-commerce para emprendedores","description":"Una plaza de mercado sin fronteras es SoyMigrante.com\/Mercado, una plataforma de comercio digital para migrantes y emprendedores guatemaltecos. As\u00ed funciiona","canonical_url":"https:\/\/soymigrante.com\/revista\/soymigrante-com-mercado-viene-plataforma-digital-para-emprendedores-guatemaltecos\/","robots":"max-snippet:-1, max-image-preview:large, max-video-preview:-1","keywords":"","webmasterTools":{"miscellaneous":"&lt;link rel=\"preconnect\" href=\"https:\/\/fonts.googleapis.com\" crossorigin&gt;\n&lt;link rel=\"preconnect\" href=\"https:\/\/fonts.gstatic.com\" crossorigin&gt;"},"schema":null,"og:locale":"es_ES","og:site_name":"SoyMigrante.com REVISTA \u2013 Nuestra misi\u00f3n es reconocer y dignificar al migrante.","og:type":"article","og:title":"SoyMigrante.com Mercado es e-commerce para emprendedores","og:description":"Una plaza de mercado sin fronteras es SoyMigrante.com\/Mercado, una plataforma de comercio digital para migrantes y emprendedores guatemaltecos. As\u00ed funciiona","og:url":"https:\/\/soymigrante.com\/revista\/soymigrante-com-mercado-viene-plataforma-digital-para-emprendedores-guatemaltecos\/","og:image":"https:\/\/soymigrante.com\/revista\/wp-content\/uploads\/2024\/09\/Captura-de-pantalla-2024-09-05-120913.webp","og:image:secure_url":"https:\/\/soymigrante.com\/revista\/wp-content\/uploads\/2024\/09\/Captura-de-pantalla-2024-09-05-120913.webp","og:image:width":633,"og:image:height":621,"article:published_time":"2024-09-06T17:19:42+00:00","article:modified_time":"2024-09-06T18:08:04+00:00","article:publisher":"https:\/\/www.facebook.com\/soymigrantecom","twitter:card":"summary_large_image","twitter:site":"@SoyMigrante_com","twitter:title":"SoyMigrante.com Mercado es e-commerce para emprendedores","twitter:description":"Una plaza de mercado sin fronteras es SoyMigrante.com\/Mercado, una plataforma de comercio digital para migrantes y emprendedores guatemaltecos. As\u00ed funciiona","twitter:creator":"@SoyMigrante_com","twitter:image":"https:\/\/soymigrante.com\/revista\/wp-content\/uploads\/2024\/09\/Captura-de-pantalla-2024-09-05-120913.webp"},"aioseo_meta_data":{"post_id":"10732","title":"Maderas Gryssell convierte la madera en arte y utilidad","description":"Maderas Gryssell es una peque\u00f1a empresa familiar que surgi\u00f3 hace 30 a\u00f1os en la cabecera departamental de Cob\u00e1n, Alta Verapaz.","keywords":null,"keyphrases":{"focus":{"keyphrase":"Mercado","score":76,"analysis":{"keyphraseInTitle":{"score":3,"maxScore":9,"error":1},"keyphraseInDescription":{"score":3,"maxScore":9,"error":1},"keyphraseLength":{"score":9,"maxScore":9,"error":0,"length":1},"keyphraseInURL":{"score":1,"maxScore":5,"error":1},"keyphraseInIntroduction":{"score":9,"maxScore":9,"error":0},"keyphraseInSubHeadings":{"score":9,"maxScore":9,"error":0},"keyphraseInImageAlt":{"score":9,"maxScore":9,"error":0},"keywordDensity":{"type":"best","score":9,"maxScore":9,"error":0}}},"additional":[{"keyphrase":"piezas de madera","score":40,"analysis":{"keyphraseInDescription":{"score":3,"maxScore":9,"error":1},"keyphraseLength":{"score":9,"maxScore":9,"error":0,"length":3},"keyphraseInIntroduction":{"score":3,"maxScore":9,"error":1},"keyphraseInImageAlt":{"score":3,"maxScore":9,"error":1},"keywordDensity":{"score":0,"type":"low","maxScore":9,"error":1}}},{"keyphrase":"Alta Verapaz","score":67,"analysis":{"keyphraseInDescription":{"score":9,"maxScore":9,"error":0},"keyphraseLength":{"score":9,"maxScore":9,"error":0,"length":2},"keyphraseInIntroduction":{"score":9,"maxScore":9,"error":0},"keyphraseInImageAlt":{"score":3,"maxScore":9,"error":1},"keywordDensity":{"score":0,"type":"low","maxScore":9,"error":1}}},{"keyphrase":"Mercado","score":87,"analysis":{"keyphraseInDescription":{"score":3,"maxScore":9,"error":1},"keyphraseLength":{"score":9,"maxScore":9,"error":0,"length":1},"keyphraseInIntroduction":{"score":9,"maxScore":9,"error":0},"keyphraseInImageAlt":{"score":9,"maxScore":9,"error":0},"keywordDensity":{"type":"best","score":9,"maxScore":9,"error":0}}},{"keyphrase":"Soy Migrante","score":40,"analysis":{"keyphraseInDescription":{"score":3,"maxScore":9,"error":1},"keyphraseLength":{"score":9,"maxScore":9,"error":0,"length":2},"keyphraseInIntroduction":{"score":3,"maxScore":9,"error":1},"keyphraseInImageAlt":{"score":3,"maxScore":9,"error":1},"keywordDensity":{"score":0,"type":"low","maxScore":9,"error":1}}}]},"primary_term":null,"canonical_url":null,"og_title":null,"og_description":null,"og_object_type":"default","og_image_type":"default","og_image_url":null,"og_image_width":null,"og_image_height":null,"og_image_custom_url":null,"og_image_custom_fields":null,"og_video":"","og_custom_url":null,"og_article_section":null,"og_article_tags":null,"twitter_use_og":false,"twitter_card":"default","twitter_image_type":"default","twitter_image_url":null,"twitter_image_custom_url":null,"twitter_image_custom_fields":null,"twitter_title":null,"twitter_description":null,"schema":{"blockGraphs":[],"customGraphs":[],"default":{"data":{"Article":[],"Course":[],"Dataset":[],"FAQPage":[],"Movie":[],"Person":[],"Product":[],"ProductReview":[],"Car":[],"Recipe":[],"Service":[],"SoftwareApplication":[],"WebPage":[]},"graphName":"none","isEnabled":true},"graphs":[]},"schema_type":"default","schema_type_options":null,"pillar_content":false,"robots_default":true,"robots_noindex":false,"robots_noarchive":false,"robots_nosnippet":false,"robots_nofollow":false,"robots_noimageindex":false,"robots_noodp":false,"robots_notranslate":false,"robots_max_snippet":"-1","robots_max_videopreview":"-1","robots_max_imagepreview":"large","priority":null,"frequency":"default","local_seo":null,"seo_analyzer_scan_date":"2025-10-08 23:55:20","breadcrumb_settings":null,"limit_modified_date":false,"reviewed_by":"0","open_ai":"{\"title\":{\"suggestions\":[],\"usage\":0},\"description\":{\"suggestions\":[],\"usage\":0}}","ai":{"faqs":[],"keyPoints":[],"titles":[],"descriptions":[],"socialPosts":{"email":[],"linkedin":[],"twitter":[],"facebook":[],"instagram":[]}},"created":"2024-10-28 21:23:19","updated":"2026-02-04 15:22:00"},"aioseo_breadcrumb":"<div class=\"aioseo-breadcrumbs\"><span class=\"aioseo-breadcrumb\">\n\t<a href=\"https:\/\/soymigrante.com\/revista\" title=\"Home\">Home<\/a>\n<\/span><span class=\"aioseo-breadcrumb-separator\">\u00bb<\/span><span class=\"aioseo-breadcrumb\">\n\t<a href=\"https:\/\/soymigrante.com\/revista\/category\/guate-nuestra\/\" title=\"Guate Nuestra\">Guate Nuestra<\/a>\n<\/span><span class=\"aioseo-breadcrumb-separator\">\u00bb<\/span><span class=\"aioseo-breadcrumb\">\n\tFamilia Oxom crea muebles y piezas decorativas en Maderas Gryssell que ya est\u00e1 en MERCADO\n<\/span><\/div>","aioseo_breadcrumb_json":[{"label":"Home","link":"https:\/\/soymigrante.com\/revista"},{"label":"Guate Nuestra","link":"https:\/\/soymigrante.com\/revista\/category\/guate-nuestra\/"},{"label":"Familia Oxom crea muebles y piezas decorativas en Maderas Gryssell que ya est\u00e1 en MERCADO","link":"https:\/\/soymigrante.com\/revista\/maderas-grissell-de-la-familia-oxom-crea-muebles-y-piezas-decorativas-en-coban\/"}],"_links":{"self":[{"href":"https:\/\/soymigrante.com\/revista\/wp-json\/wp\/v2\/posts\/10732","targetHints":{"allow":["GET"]}}],"collection":[{"href":"https:\/\/soymigrante.com\/revista\/wp-json\/wp\/v2\/posts"}],"about":[{"href":"https:\/\/soymigrante.com\/revista\/wp-json\/wp\/v2\/types\/post"}],"author":[{"embeddable":true,"href":"https:\/\/soymigrante.com\/revista\/wp-json\/wp\/v2\/users\/23"}],"replies":[{"embeddable":true,"href":"https:\/\/soymigrante.com\/revista\/wp-json\/wp\/v2\/comments?post=10732"}],"version-history":[{"count":5,"href":"https:\/\/soymigrante.com\/revista\/wp-json\/wp\/v2\/posts\/10732\/revisions"}],"predecessor-version":[{"id":39982,"href":"https:\/\/soymigrante.com\/revista\/wp-json\/wp\/v2\/posts\/10732\/revisions\/39982"}],"wp:featuredmedia":[{"embeddable":true,"href":"https:\/\/soymigrante.com\/revista\/wp-json\/wp\/v2\/media\/10972"}],"wp:attachment":[{"href":"https:\/\/soymigrante.com\/revista\/wp-json\/wp\/v2\/media?parent=10732"}],"wp:term":[{"taxonomy":"category","embeddable":true,"href":"https:\/\/soymigrante.com\/revista\/wp-json\/wp\/v2\/categories?post=10732"},{"taxonomy":"post_tag","embeddable":true,"href":"https:\/\/soymigrante.com\/revista\/wp-json\/wp\/v2\/tags?post=10732"}],"curies":[{"name":"wp","href":"https:\/\/api.w.org\/{rel}","templated":true}]}}