{"id":10716,"date":"2024-10-26T12:48:49","date_gmt":"2024-10-26T18:48:49","guid":{"rendered":"https:\/\/soymigrante.com\/revista\/?p=10716"},"modified":"2024-10-26T12:56:04","modified_gmt":"2024-10-26T18:56:04","slug":"foro-tps-en-guatemala-union-de-apoyos-diferencia-actual-solicitud-de-29-anteriores","status":"publish","type":"post","link":"https:\/\/soymigrante.com\/revista\/foro-tps-en-guatemala-union-de-apoyos-diferencia-actual-solicitud-de-29-anteriores\/","title":{"rendered":"Foro TPS en Guatemala: &#8220;Uni\u00f3n de apoyos diferencia actual solicitud de las 29 anteriores&#8221;"},"content":{"rendered":"\t\t<div data-elementor-type=\"wp-post\" data-elementor-id=\"10716\" class=\"elementor elementor-10716\" data-elementor-post-type=\"post\">\n\t\t\t\t<div data-particle_enable=\"false\" data-particle-mobile-disabled=\"false\" class=\"elementor-element elementor-element-c9687ee e-flex e-con-boxed e-con e-parent\" data-id=\"c9687ee\" data-element_type=\"container\" data-e-type=\"container\">\n\t\t\t\t\t<div class=\"e-con-inner\">\n\t\t\t\t<div class=\"elementor-element elementor-element-c34f8ba elementor-widget elementor-widget-heading\" data-id=\"c34f8ba\" data-element_type=\"widget\" data-e-type=\"widget\" data-widget_type=\"heading.default\">\n\t\t\t\t\t<h2 class=\"elementor-heading-title elementor-size-default\">Foro TPS organizado en la capital de Guatemala por la Red Migrante Guatemalteca expone crecimiento del movimiento con apoyo de 168 alcaldes locales, 59 congresistas de EE.UU., 22 senadores y m\u00e1s de 30 mil firmas de guatemaltecos.<\/h2>\t\t\t\t<\/div>\n\t\t\t\t\t<\/div>\n\t\t\t\t<\/div>\n\t\t<div data-particle_enable=\"false\" data-particle-mobile-disabled=\"false\" class=\"elementor-element elementor-element-4f11603 e-flex e-con-boxed e-con e-parent\" data-id=\"4f11603\" data-element_type=\"container\" data-e-type=\"container\">\n\t\t\t\t\t<div class=\"e-con-inner\">\n\t\t\t\t<div class=\"elementor-element elementor-element-b997283 elementor-widget elementor-widget-text-editor\" data-id=\"b997283\" data-element_type=\"widget\" data-e-type=\"widget\" data-widget_type=\"text-editor.default\">\n\t\t\t\t\t\t\t\t\t<p>En dos d\u00e9cadas se han planteado al menos 29 solicitudes de Estatus de Protecci\u00f3n Temporal (TPS) para guatemaltecos, a varios presidentes de Estados Unidos pero actualmente hay una nueva petici\u00f3n, que fue presentada oficialmente el 5 de abril por el actual gobierno de Guatemala y cuya respuesta depende del presidente<a href=\"https:\/\/soymigrante.com\/revista\/walter-batres-presidente-red-migrante-guatemalteca-experiencia-los-angeles\/\"> <\/a>Josep Biden, expuso&nbsp;<a href=\"https:\/\/soymigrante.com\/revista\/walter-batres-presidente-red-migrante-guatemalteca-experiencia-los-angeles\/\" target=\"_blank\">Walter Batres, Presidente de la Red Migrante Guatemalteco<\/a>&nbsp;durante el Foro TPS&nbsp; efectuado en ciudad de Guatemala este s\u00e1bado 26 de octubre.<\/p>\n<p>&#8220;Es incomprensible por qu\u00e9 Guatemala, siendo un aliado estrat\u00e9gico de Estados Unidos, no tiene un TPS. Nicaragua, El Salvador, Honduras, Hait\u00ed tienen TPS y Guatemala a\u00fan no. Pero este es el momento&#8221;, expuso Meredith Brown, abogada migratoria estadounidense que apoya la gesti\u00f3n legal de la solicitud y que particip\u00f3 en el Foro, al cual asistieron alcaldes locales que han emitido cartas de aval.<\/p>\n<p><\/p>\t\t\t\t\t\t\t\t<\/div>\n\t\t\t\t\t<\/div>\n\t\t\t\t<\/div>\n\t\t<div data-particle_enable=\"false\" data-particle-mobile-disabled=\"false\" class=\"elementor-element elementor-element-3da0d7a e-flex e-con-boxed e-con e-parent\" data-id=\"3da0d7a\" data-element_type=\"container\" data-e-type=\"container\">\n\t\t\t\t\t<div class=\"e-con-inner\">\n\t\t\t\t<div class=\"elementor-element elementor-element-505b51f elementor-widget elementor-widget-image\" data-id=\"505b51f\" data-element_type=\"widget\" data-e-type=\"widget\" data-widget_type=\"image.default\">\n\t\t\t\t\t\t\t\t\t\t\t\t<figure class=\"wp-caption\">\n\t\t\t\t\t\t\t\t\t\t<img fetchpriority=\"high\" decoding=\"async\" width=\"720\" height=\"480\" src=\"https:\/\/soymigrante.com\/revista\/wp-content\/uploads\/2024\/10\/foro-6.webp\" class=\"attachment-large size-large wp-image-10717\" alt=\"Asistencia a un foro sobre temas migratorios en un evento formal, con participantes en mesa de discusi\u00f3n y proyecci\u00f3n de pantalla, en un entorno elegante y profesional.\" srcset=\"https:\/\/soymigrante.com\/revista\/wp-content\/uploads\/2024\/10\/foro-6.webp 720w, https:\/\/soymigrante.com\/revista\/wp-content\/uploads\/2024\/10\/foro-6-300x200.webp 300w\" sizes=\"(max-width: 720px) 100vw, 720px\" title=\"El Foro TPS Guatemala se efectu\u00f3 este s\u00e1bado 26 de octubre en el Hotel Camino Real, con la participaci\u00f3n de unos 30 alcaldes en representaci\u00f3n de los 168 que ya se adhirieron a la solicitud. \u2013 SoyMigrante.com REVISTA\" \/>\t\t\t\t\t\t\t\t\t\t\t<figcaption class=\"widget-image-caption wp-caption-text\">El foro TIPS Guatemala re\u00fane a l\u00edderes y profesionales en un encuentro que promueve la integraci\u00f3n y el desarrollo en la regi\u00f3n.<\/figcaption>\n\t\t\t\t\t\t\t\t\t\t<\/figure>\n\t\t\t\t\t\t\t\t\t<\/div>\n\t\t\t\t\t<\/div>\n\t\t\t\t<\/div>\n\t\t<div data-particle_enable=\"false\" data-particle-mobile-disabled=\"false\" class=\"elementor-element elementor-element-73829f0 e-flex e-con-boxed e-con e-parent\" data-id=\"73829f0\" data-element_type=\"container\" data-e-type=\"container\">\n\t\t\t\t\t<div class=\"e-con-inner\">\n\t\t\t\t<div class=\"elementor-element elementor-element-c58a55a elementor-widget elementor-widget-text-editor\" data-id=\"c58a55a\" data-element_type=\"widget\" data-e-type=\"widget\" data-widget_type=\"text-editor.default\">\n\t\t\t\t\t\t\t\t\t<p><span style=\"color: var( --e-global-color-text ); text-align: var(--text-align);\">La principal diferencia de la solicitud actual TPS es que se convirti\u00f3 en un movimiento que une esfuerzos y sectores de Guatemala y EE.UU:, porque cuenta con el apoyo de la Red Migrante Guatemalteca, con voluntarios en 42 Estados, m\u00e1s de 30 mil firmas recolectadas, adem\u00e1s de cartas de apoyo de 168 alcaldes, 59 congresistas de EE.UU., 22 senadores y 10 ciudades estadounidenses, agreg\u00f3 Batres.<\/span><\/p><p><span style=\"color: var( --e-global-color-text ); text-align: var(--text-align);\">El viceministro de Relaciones Exteriores, Eduardo Escobedo, particip\u00f3 en el foro refiri\u00e9ndose a caracter\u00edsticas de la solicitud en curso:\u00a0<\/span><span style=\"color: var( --e-global-color-text ); text-align: var(--text-align);\">&#8220;Solicitudes anteriores se motivaron en desastres puntuales: tormentas, erupciones volc\u00e1nicas, deslaves, sequ\u00edas, incendios&#8230; Pero nosotros expusimos la vulnerabilidad constante por el cambio clim\u00e1tico, pero tambi\u00e9n la debilidad de nuestra infraestructura y el impacto de la corrupci\u00f3n&#8221;, expuso.\u00a0<\/span><\/p><p><span style=\"color: var( --e-global-color-text ); text-align: var(--text-align);\">A\u00f1adi\u00f3 que las puertas de los consulados guatemaltecos en EE.UU. han estado abiertas a los voluntarios de Red Migrante para brindar informaci\u00f3n a los connacionales y recaudar firmas de apoyo a la solicitud. &#8220;Esta es una causa nacional que beneficia a los connacionales migrantes y tambi\u00e9n a todo el pa\u00eds&#8221;, finaliz\u00f3.<\/span><\/p>\t\t\t\t\t\t\t\t<\/div>\n\t\t\t\t\t<\/div>\n\t\t\t\t<\/div>\n\t\t<div data-particle_enable=\"false\" data-particle-mobile-disabled=\"false\" class=\"elementor-element elementor-element-bc885a8 e-flex e-con-boxed e-con e-parent\" data-id=\"bc885a8\" data-element_type=\"container\" data-e-type=\"container\">\n\t\t\t\t\t<div class=\"e-con-inner\">\n\t\t\t\t<div class=\"elementor-element elementor-element-bf78596 elementor-widget elementor-widget-image\" data-id=\"bf78596\" data-element_type=\"widget\" data-e-type=\"widget\" data-widget_type=\"image.default\">\n\t\t\t\t\t\t\t\t\t\t\t\t<figure class=\"wp-caption\">\n\t\t\t\t\t\t\t\t\t\t<img decoding=\"async\" width=\"720\" height=\"480\" src=\"https:\/\/soymigrante.com\/revista\/wp-content\/uploads\/2024\/10\/foro1.webp\" class=\"attachment-large size-large wp-image-10720\" alt=\"TPS Movimiento Migrante Guatemalteco apoyo migrantes emigrantes derechos humanos fiestas y eventos Guatemala comunidad internacional inmigraci\u00f3n formalizaci\u00f3n documentaci\u00f3n tr\u00e1mites pol\u00edticas migratorias.\" srcset=\"https:\/\/soymigrante.com\/revista\/wp-content\/uploads\/2024\/10\/foro1.webp 720w, https:\/\/soymigrante.com\/revista\/wp-content\/uploads\/2024\/10\/foro1-300x200.webp 300w\" sizes=\"(max-width: 720px) 100vw, 720px\" title=\"Walter Batres, presidente de la Red Migrante Guatemalteca y Meredith Brown, abogada migratoria que asesora legalmente la solicitud y la b\u00fasqueda de apoyos en Estados Unidos. \u2013 SoyMigrante.com REVISTA\" \/>\t\t\t\t\t\t\t\t\t\t\t<figcaption class=\"widget-image-caption wp-caption-text\">Walter Batres, presidente de la Red Migrante Guatemalteca y Meredith Brown, abogada migratoria que asesora legalmente la solicitud y la b\u00fasqueda de apoyos en Estados Unidos.<\/figcaption>\n\t\t\t\t\t\t\t\t\t\t<\/figure>\n\t\t\t\t\t\t\t\t\t<\/div>\n\t\t\t\t\t<\/div>\n\t\t\t\t<\/div>\n\t\t<div data-particle_enable=\"false\" data-particle-mobile-disabled=\"false\" class=\"elementor-element elementor-element-b89aa43 e-flex e-con-boxed e-con e-parent\" data-id=\"b89aa43\" data-element_type=\"container\" data-e-type=\"container\">\n\t\t\t\t\t<div class=\"e-con-inner\">\n\t\t\t\t<div class=\"elementor-element elementor-element-431f26b elementor-widget elementor-widget-text-editor\" data-id=\"431f26b\" data-element_type=\"widget\" data-e-type=\"widget\" data-widget_type=\"text-editor.default\">\n\t\t\t\t\t\t\t\t\t<p><span style=\"color: var( --e-global-color-text ); text-align: var(--text-align);\">&#8220;Muchos guatemaltecos desconocen los beneficios de un TPS y por eso no se suman. Hay que vencer el miedo y apoyar&#8221;, dijo<a href=\"https:\/\/soymigrante.com\/revista\/jose-coronado-dreamer-guatemalteco-y-graduado-de-harvard-apoya-tps-para-migrantes\/\"> Jos\u00e9 Coronado, dreamer guatemalteco y graduado de Harvard, analista pol\u00edtico<\/a> que regres\u00f3 por primera vez al pa\u00eds y quien ha gestionado cabildeos con oficinas de congresistas y senadores. Tenia 16 a\u00f1os de no ver el pa\u00eds en que naci\u00f3.<\/span><\/p><p><span style=\"color: var( --e-global-color-text ); text-align: var(--text-align);\">&#8220;Ha sido una experiencia enriquecedora, volver a ver a mi hermano, admirar esta tierra que dej\u00e9 de ni\u00f1o. He tenido oportunidad de estudiar, de graduarme y de apoyar el movimiento TPS, pero ahora al haber podido estar en mi pa\u00eds, siento mayor por compromiso por seguir impulsando mejoras para que m\u00e1s guatemaltecos puedan ojal\u00e1 un d\u00eda regresar a visitar a sus familias&#8221;, agreg\u00f3 Coronado con emoci\u00f3n.<\/span><\/p>\t\t\t\t\t\t\t\t<\/div>\n\t\t\t\t\t<\/div>\n\t\t\t\t<\/div>\n\t\t<div data-particle_enable=\"false\" data-particle-mobile-disabled=\"false\" class=\"elementor-element elementor-element-3d7d5e6 e-flex e-con-boxed e-con e-parent\" data-id=\"3d7d5e6\" data-element_type=\"container\" data-e-type=\"container\">\n\t\t\t\t\t<div class=\"e-con-inner\">\n\t\t\t\t<div class=\"elementor-element elementor-element-2c0f8a9 elementor-grid-eael-col-1 elementor-grid-tablet-eael-col-2 elementor-grid-mobile-eael-col-1 elementor-widget elementor-widget-eael-post-grid\" data-id=\"2c0f8a9\" data-element_type=\"widget\" data-e-type=\"widget\" data-settings=\"{&quot;eael_post_grid_columns&quot;:&quot;eael-col-1&quot;,&quot;eael_post_grid_columns_tablet&quot;:&quot;eael-col-2&quot;,&quot;eael_post_grid_columns_mobile&quot;:&quot;eael-col-1&quot;}\" data-widget_type=\"eael-post-grid.default\">\n\t\t\t\t\t<div id=\"eael-post-grid-2c0f8a9\" class=\"eael-post-grid-container\">\n            <div class=\"eael-post-grid eael-post-appender eael-post-appender-2c0f8a9 eael-post-grid-style-one\" data-layout-mode=\"masonry\"><article class=\"eael-grid-post  eael-post-grid-column eael-pg-post-6331 category-estamos-unidos\" data-id=\"6331\">\n        <div class=\"eael-grid-post-holder\">\n            <div class=\"eael-grid-post-holder-inner\"><div class=\"eael-entry-media\"><div class=\"eael-entry-overlay fade-in\"><i class=\"far fa-hand-pointer\" aria-hidden=\"true\"><\/i><a href=\"https:\/\/soymigrante.com\/revista\/cuantos-guatemaltecos-hay-en-estados-unidos-minex-2024-cifras-migrantes\/\"><\/a><\/div><div class=\"eael-entry-thumbnail \">\n                <img decoding=\"async\" width=\"867\" height=\"767\" src=\"https:\/\/soymigrante.com\/revista\/wp-content\/uploads\/2024\/05\/Captura-de-pantalla-2024-05-09-224018.webp\" class=\"attachment-large size-large wp-image-6332\" alt=\"Cuantos guatemaltecos hay en Estados Unidos cifras actualizadas del Minex. Fotograf\u00eda de Chapines de Coraz\u00f3n Houston\" srcset=\"https:\/\/soymigrante.com\/revista\/wp-content\/uploads\/2024\/05\/Captura-de-pantalla-2024-05-09-224018.webp 867w, https:\/\/soymigrante.com\/revista\/wp-content\/uploads\/2024\/05\/Captura-de-pantalla-2024-05-09-224018-300x265.webp 300w, https:\/\/soymigrante.com\/revista\/wp-content\/uploads\/2024\/05\/Captura-de-pantalla-2024-05-09-224018-768x679.webp 768w, https:\/\/soymigrante.com\/revista\/wp-content\/uploads\/2024\/05\/Captura-de-pantalla-2024-05-09-224018-750x663.webp 750w\" sizes=\"(max-width: 867px) 100vw, 867px\" \/>\n            <\/div>\n        <\/div><div class=\"eael-entry-wrapper\"><header class=\"eael-entry-header\"><h2 class=\"eael-entry-title\"><a class=\"eael-grid-post-link\" href=\"https:\/\/soymigrante.com\/revista\/cuantos-guatemaltecos-hay-en-estados-unidos-minex-2024-cifras-migrantes\/\" title=\"Cifra actualizada de cuantos guatemaltecos hay en Estados Unidos en 2024\">Cifra actualizada de cuantos guatemaltecos hay en Estados Unidos en 2024<\/a><\/h2><\/header><div class=\"eael-entry-content\">\n                        <div class=\"eael-grid-post-excerpt\"><a href=\"https:\/\/soymigrante.com\/revista\/cuantos-guatemaltecos-hay-en-estados-unidos-minex-2024-cifras-migrantes\/\" class=\"eael-post-elements-readmore-btn\">CONOCE SU HISTORIA <\/a><\/div>\n                    <\/div><\/div><\/div>\n        <\/div>\n    <\/article><\/div>\n            <div class=\"clearfix\"><\/div>\n        <\/div>\t\t\t\t<\/div>\n\t\t\t\t\t<\/div>\n\t\t\t\t<\/div>\n\t\t<div data-particle_enable=\"false\" data-particle-mobile-disabled=\"false\" class=\"elementor-element elementor-element-c1f86ae e-flex e-con-boxed e-con e-parent\" data-id=\"c1f86ae\" data-element_type=\"container\" data-e-type=\"container\">\n\t\t\t\t\t<div class=\"e-con-inner\">\n\t\t\t\t<div class=\"elementor-element elementor-element-46ea6e9 elementor-widget elementor-widget-text-editor\" data-id=\"46ea6e9\" data-element_type=\"widget\" data-e-type=\"widget\" data-widget_type=\"text-editor.default\">\n\t\t\t\t\t\t\t\t\t<p><span style=\"color: var( --e-global-color-text ); text-align: var(--text-align);\">La abogada Brown agreg\u00f3 que la solicitud del TPS tiene grandes oportunidades, pero tambi\u00e9n sugiere plantear otro recurso llamado Deferred Enforced Departure (DED), que permite al presidente de EE.UU. proteger a migrantes de pa\u00edses que sean verdaderos aliados pol\u00edticos y Guatemala es uno de ellos. &#8220;Hay pa\u00edses con TPS y DED y Guatemala debe solicitar los dos. Es cuesti\u00f3n de voluntad pol\u00edtica y de aprovechar el momento pol\u00edtico&#8221;, declar\u00f3 la experta migratoria.<\/span><\/p><p>Seg\u00fan cifras oficiales hay 3.2 millones de guatemaltecos migrantes en Estados Unidos, cuyas remesas familiares representan el 20% del Producto Interno Bruto, es decir una quinta parte de la econom\u00eda nacional. Se calcula que m\u00e1s de 2 tercios de ellos est\u00e1n en situaci\u00f3n migratoria irregular, pero al menos 900 mil podr\u00edan beneficiarse de un TPS.<\/p><p>\u00a0<\/p><p>\u00a0<\/p>\t\t\t\t\t\t\t\t<\/div>\n\t\t\t\t\t<\/div>\n\t\t\t\t<\/div>\n\t\t<div data-particle_enable=\"false\" data-particle-mobile-disabled=\"false\" class=\"elementor-element elementor-element-089c599 e-flex e-con-boxed e-con e-parent\" data-id=\"089c599\" data-element_type=\"container\" data-e-type=\"container\">\n\t\t\t\t\t<div class=\"e-con-inner\">\n\t\t\t\t<div class=\"elementor-element elementor-element-2e1e367 elementor-grid-eael-col-3 elementor-grid-tablet-eael-col-2 elementor-grid-mobile-eael-col-1 elementor-widget elementor-widget-eael-post-grid\" data-id=\"2e1e367\" data-element_type=\"widget\" data-e-type=\"widget\" data-settings=\"{&quot;eael_post_grid_columns&quot;:&quot;eael-col-3&quot;,&quot;eael_post_grid_columns_tablet&quot;:&quot;eael-col-2&quot;,&quot;eael_post_grid_columns_mobile&quot;:&quot;eael-col-1&quot;}\" data-widget_type=\"eael-post-grid.default\">\n\t\t\t\t\t<div id=\"eael-post-grid-2e1e367\" class=\"eael-post-grid-container\">\n            <div class=\"eael-post-grid eael-post-appender eael-post-appender-2e1e367 eael-post-grid-style-one\" data-layout-mode=\"masonry\"><article class=\"eael-grid-post  eael-post-grid-column eael-pg-post-10437 category-estamos-unidos\" data-id=\"10437\">\n        <div class=\"eael-grid-post-holder\">\n            <div class=\"eael-grid-post-holder-inner\"><div class=\"eael-entry-media\"><div class=\"eael-entry-overlay fade-in\"><i class=\"far fa-hand-pointer\" aria-hidden=\"true\"><\/i><a href=\"https:\/\/soymigrante.com\/revista\/esto-dice-la-carta-de-22-senadores-de-ee-uu-dirigida-al-presidente-biden-en-favor-del-tps-para-guatemaltecos\/\"><\/a><\/div><div class=\"eael-entry-thumbnail \">\n                <img loading=\"lazy\" decoding=\"async\" width=\"720\" height=\"720\" src=\"https:\/\/soymigrante.com\/revista\/wp-content\/uploads\/2024\/10\/CARTA-SENADO-cuadrada.webp\" class=\"attachment-large size-large wp-image-10438\" alt=\"Exilio y derechos humanos en EE. UU. revista SoyMigrante, enfoque en migraci\u00f3n, protecci\u00f3n y activismo para comunidad migrante guatemalteca en Estados Unidos.\" srcset=\"https:\/\/soymigrante.com\/revista\/wp-content\/uploads\/2024\/10\/CARTA-SENADO-cuadrada.webp 720w, https:\/\/soymigrante.com\/revista\/wp-content\/uploads\/2024\/10\/CARTA-SENADO-cuadrada-300x300.webp 300w, https:\/\/soymigrante.com\/revista\/wp-content\/uploads\/2024\/10\/CARTA-SENADO-cuadrada-150x150.webp 150w, https:\/\/soymigrante.com\/revista\/wp-content\/uploads\/2024\/10\/CARTA-SENADO-cuadrada-75x75.webp 75w\" sizes=\"(max-width: 720px) 100vw, 720px\" \/>\n            <\/div>\n        <\/div><div class=\"eael-entry-wrapper\"><header class=\"eael-entry-header\"><h2 class=\"eael-entry-title\"><a class=\"eael-grid-post-link\" href=\"https:\/\/soymigrante.com\/revista\/esto-dice-la-carta-de-22-senadores-de-ee-uu-dirigida-al-presidente-biden-en-favor-del-tps-para-guatemaltecos\/\" title=\"Esto dice la carta de 22 senadores de EE.UU. dirigida al presidente Biden en favor del TPS para guatemaltecos\">Esto dice la carta de 22 senadores de EE.UU. dirigida al presidente Biden en favor del TPS para guatemaltecos<\/a><\/h2><\/header><div class=\"eael-entry-content\">\n                        <div class=\"eael-grid-post-excerpt\"><a href=\"https:\/\/soymigrante.com\/revista\/esto-dice-la-carta-de-22-senadores-de-ee-uu-dirigida-al-presidente-biden-en-favor-del-tps-para-guatemaltecos\/\" class=\"eael-post-elements-readmore-btn\">CONOCE SU HISTORIA <\/a><\/div>\n                    <\/div><\/div><\/div>\n        <\/div>\n    <\/article><article class=\"eael-grid-post  eael-post-grid-column eael-pg-post-7733 category-estamos-unidos\" data-id=\"7733\">\n        <div class=\"eael-grid-post-holder\">\n            <div class=\"eael-grid-post-holder-inner\"><div class=\"eael-entry-media\"><div class=\"eael-entry-overlay fade-in\"><i class=\"far fa-hand-pointer\" aria-hidden=\"true\"><\/i><a href=\"https:\/\/soymigrante.com\/revista\/red-migrante-recolecta-firmas-de-apoyo-a-tps-para-guatemala-en-consulados\/\"><\/a><\/div><div class=\"eael-entry-thumbnail \">\n                <img loading=\"lazy\" decoding=\"async\" width=\"730\" height=\"730\" src=\"https:\/\/soymigrante.com\/revista\/wp-content\/uploads\/2024\/07\/consulado-guatemala-tps.webp\" class=\"attachment-large size-large wp-image-7744\" alt=\"Guatemaltecos participando en un evento de migrantes, con banderas y documentos en mano, en un espacio de reuni\u00f3n y capacitaci\u00f3n sobre derechos y oportunidades para la comunidad migrante en Guatemala.\" srcset=\"https:\/\/soymigrante.com\/revista\/wp-content\/uploads\/2024\/07\/consulado-guatemala-tps.webp 730w, https:\/\/soymigrante.com\/revista\/wp-content\/uploads\/2024\/07\/consulado-guatemala-tps-300x300.webp 300w, https:\/\/soymigrante.com\/revista\/wp-content\/uploads\/2024\/07\/consulado-guatemala-tps-150x150.webp 150w, https:\/\/soymigrante.com\/revista\/wp-content\/uploads\/2024\/07\/consulado-guatemala-tps-75x75.webp 75w\" sizes=\"(max-width: 730px) 100vw, 730px\" \/>\n            <\/div>\n        <\/div><div class=\"eael-entry-wrapper\"><header class=\"eael-entry-header\"><h2 class=\"eael-entry-title\"><a class=\"eael-grid-post-link\" href=\"https:\/\/soymigrante.com\/revista\/red-migrante-recolecta-firmas-de-apoyo-a-tps-para-guatemala-en-consulados\/\" title=\"Red Migrante recolecta firmas de apoyo a TPS para Guatemala en consulados.\">Red Migrante recolecta firmas de apoyo a TPS para Guatemala en consulados.<\/a><\/h2><\/header><div class=\"eael-entry-content\">\n                        <div class=\"eael-grid-post-excerpt\"><a href=\"https:\/\/soymigrante.com\/revista\/red-migrante-recolecta-firmas-de-apoyo-a-tps-para-guatemala-en-consulados\/\" class=\"eael-post-elements-readmore-btn\">CONOCE SU HISTORIA <\/a><\/div>\n                    <\/div><\/div><\/div>\n        <\/div>\n    <\/article><article class=\"eael-grid-post  eael-post-grid-column eael-pg-post-1507 category-lugar-de-voces\" data-id=\"1507\">\n        <div class=\"eael-grid-post-holder\">\n            <div class=\"eael-grid-post-holder-inner\"><div class=\"eael-entry-media\"><div class=\"eael-entry-overlay fade-in\"><i class=\"far fa-hand-pointer\" aria-hidden=\"true\"><\/i><a href=\"https:\/\/soymigrante.com\/revista\/estados-unidos-amplia-tps-para-migrantes-de-3-paises-y-guatemaltecos-siguen-sin-lograr-ese-beneficio\/\"><\/a><\/div><div class=\"eael-entry-thumbnail \">\n                <img loading=\"lazy\" decoding=\"async\" width=\"751\" height=\"417\" src=\"https:\/\/soymigrante.com\/revista\/wp-content\/uploads\/2023\/06\/guatemala-tps-2.webp\" class=\"attachment-large size-large wp-image-1512\" alt=\"\" srcset=\"https:\/\/soymigrante.com\/revista\/wp-content\/uploads\/2023\/06\/guatemala-tps-2.webp 751w, https:\/\/soymigrante.com\/revista\/wp-content\/uploads\/2023\/06\/guatemala-tps-2-300x167.webp 300w\" sizes=\"(max-width: 751px) 100vw, 751px\" \/>\n            <\/div>\n        <\/div><div class=\"eael-entry-wrapper\"><header class=\"eael-entry-header\"><h2 class=\"eael-entry-title\"><a class=\"eael-grid-post-link\" href=\"https:\/\/soymigrante.com\/revista\/estados-unidos-amplia-tps-para-migrantes-de-3-paises-y-guatemaltecos-siguen-sin-lograr-ese-beneficio\/\" title=\"Estados Unidos ampl\u00eda TPS a migrantes de 3 pa\u00edses pero Guatemala sigue sin ese beneficio\">Estados Unidos ampl\u00eda TPS a migrantes de 3 pa\u00edses pero Guatemala sigue sin ese beneficio<\/a><\/h2><\/header><div class=\"eael-entry-content\">\n                        <div class=\"eael-grid-post-excerpt\"><a href=\"https:\/\/soymigrante.com\/revista\/estados-unidos-amplia-tps-para-migrantes-de-3-paises-y-guatemaltecos-siguen-sin-lograr-ese-beneficio\/\" class=\"eael-post-elements-readmore-btn\">CONOCE SU HISTORIA <\/a><\/div>\n                    <\/div><\/div><\/div>\n        <\/div>\n    <\/article><\/div>\n            <div class=\"clearfix\"><\/div>\n        <\/div>\t\t\t\t<\/div>\n\t\t\t\t\t<\/div>\n\t\t\t\t<\/div>\n\t\t\t\t<\/div>\n\t\t","protected":false},"excerpt":{"rendered":"<p>Foro TPS organizado en la capital de Guatemala por la Red Migrante Guatemalteca expone crecimiento del movimiento con apoyo de 168 alcaldes locales, 59 congresistas de EE.UU., 22 senadores y m\u00e1s de 30 mil firmas de guatemaltecos. En dos d\u00e9cadas se han planteado al menos 29 solicitudes de Estatus de Protecci\u00f3n Temporal (TPS) para guatemaltecos, [&hellip;]<\/p>\n","protected":false},"author":7,"featured_media":10724,"comment_status":"open","ping_status":"open","sticky":false,"template":"","format":"standard","meta":{"_acf_changed":true,"_eb_attr":"","footnotes":""},"categories":[54],"tags":[],"class_list":["post-10716","post","type-post","status-publish","format-standard","has-post-thumbnail","hentry","category-estamos-unidos"],"acf":[],"aioseo_notices":[],"aioseo_head":"\n\t\t<!-- All in One SEO Pro 4.9.6.2 - aioseo.com -->\n\t<meta name=\"description\" content=\"Gobierno de Joe Biden extiende beneficio de TPS a El Salvador, Honduras, Nicaragua y Nepal, pero Guatemala sigue sin recibirlo pese a m\u00faltiples peticiones\" \/>\n\t<meta name=\"robots\" content=\"max-snippet:-1, max-image-preview:large, max-video-preview:-1\" \/>\n\t<meta name=\"author\" content=\"SoyMigrante.com REVISTA\"\/>\n\t<link rel=\"canonical\" href=\"https:\/\/soymigrante.com\/revista\/estados-unidos-amplia-tps-para-migrantes-de-3-paises-y-guatemaltecos-siguen-sin-lograr-ese-beneficio\/\" \/>\n\t<meta name=\"generator\" content=\"All in One SEO Pro (AIOSEO) 4.9.6.2\" \/>\n\n\t\t<link rel=\"preconnect\" href=\"https:\/\/fonts.googleapis.com\" crossorigin>\n<link rel=\"preconnect\" href=\"https:\/\/fonts.gstatic.com\" crossorigin>\n\t\t<meta property=\"og:locale\" content=\"es_ES\" \/>\n\t\t<meta property=\"og:site_name\" content=\"SoyMigrante.com REVISTA \u2013 Nuestra misi\u00f3n es reconocer y dignificar al migrante.\" \/>\n\t\t<meta property=\"og:type\" content=\"article\" \/>\n\t\t<meta property=\"og:title\" content=\"Estados Unidos ampl\u00eda TPS a migrantes de 3 pa\u00edses pero Guatemala sigue sin ese beneficio\" \/>\n\t\t<meta property=\"og:description\" content=\"Gobierno de Joe Biden extiende beneficio de TPS a El Salvador, Honduras, Nicaragua y Nepal, pero Guatemala sigue sin recibirlo pese a m\u00faltiples peticiones\" \/>\n\t\t<meta property=\"og:url\" content=\"https:\/\/soymigrante.com\/revista\/estados-unidos-amplia-tps-para-migrantes-de-3-paises-y-guatemaltecos-siguen-sin-lograr-ese-beneficio\/\" \/>\n\t\t<meta property=\"og:image\" content=\"https:\/\/soymigrante.com\/revista\/wp-content\/uploads\/2023\/06\/guatemala-tps-2.webp\" \/>\n\t\t<meta property=\"og:image:secure_url\" content=\"https:\/\/soymigrante.com\/revista\/wp-content\/uploads\/2023\/06\/guatemala-tps-2.webp\" \/>\n\t\t<meta property=\"og:image:width\" content=\"751\" \/>\n\t\t<meta property=\"og:image:height\" content=\"417\" \/>\n\t\t<meta property=\"article:published_time\" content=\"2023-06-20T21:44:30+00:00\" \/>\n\t\t<meta property=\"article:modified_time\" content=\"2024-07-31T21:37:12+00:00\" \/>\n\t\t<meta property=\"article:publisher\" content=\"https:\/\/www.facebook.com\/soymigrantecom\" \/>\n\t\t<meta name=\"twitter:card\" content=\"summary_large_image\" \/>\n\t\t<meta name=\"twitter:site\" content=\"@SoyMigrante_com\" \/>\n\t\t<meta name=\"twitter:title\" content=\"Estados Unidos ampl\u00eda TPS a migrantes de 3 pa\u00edses pero Guatemala sigue sin ese beneficio\" \/>\n\t\t<meta name=\"twitter:description\" content=\"Gobierno de Joe Biden extiende beneficio de TPS a El Salvador, Honduras, Nicaragua y Nepal, pero Guatemala sigue sin recibirlo pese a m\u00faltiples peticiones\" \/>\n\t\t<meta name=\"twitter:creator\" content=\"@SoyMigrante_com\" \/>\n\t\t<meta name=\"twitter:image\" content=\"https:\/\/soymigrante.com\/revista\/wp-content\/uploads\/2023\/06\/guatemala-tps-2.webp\" \/>\n\t\t<!-- All in One SEO Pro -->\r\n\t\t<title>Estados Unidos ampl\u00eda TPS a migrantes de 3 pa\u00edses pero Guatemala sigue sin ese beneficio<\/title>\n\n","aioseo_head_json":{"title":"Estados Unidos ampl\u00eda TPS a migrantes de 3 pa\u00edses pero Guatemala sigue sin ese beneficio","description":"Gobierno de Joe Biden extiende beneficio de TPS a El Salvador, Honduras, Nicaragua y Nepal, pero Guatemala sigue sin recibirlo pese a m\u00faltiples peticiones","canonical_url":"https:\/\/soymigrante.com\/revista\/estados-unidos-amplia-tps-para-migrantes-de-3-paises-y-guatemaltecos-siguen-sin-lograr-ese-beneficio\/","robots":"max-snippet:-1, max-image-preview:large, max-video-preview:-1","keywords":"","webmasterTools":{"miscellaneous":"&lt;link rel=\"preconnect\" href=\"https:\/\/fonts.googleapis.com\" crossorigin&gt;\n&lt;link rel=\"preconnect\" href=\"https:\/\/fonts.gstatic.com\" crossorigin&gt;"},"schema":null,"og:locale":"es_ES","og:site_name":"SoyMigrante.com REVISTA \u2013 Nuestra misi\u00f3n es reconocer y dignificar al migrante.","og:type":"article","og:title":"Estados Unidos ampl\u00eda TPS a migrantes de 3 pa\u00edses pero Guatemala sigue sin ese beneficio","og:description":"Gobierno de Joe Biden extiende beneficio de TPS a El Salvador, Honduras, Nicaragua y Nepal, pero Guatemala sigue sin recibirlo pese a m\u00faltiples peticiones","og:url":"https:\/\/soymigrante.com\/revista\/estados-unidos-amplia-tps-para-migrantes-de-3-paises-y-guatemaltecos-siguen-sin-lograr-ese-beneficio\/","og:image":"https:\/\/soymigrante.com\/revista\/wp-content\/uploads\/2023\/06\/guatemala-tps-2.webp","og:image:secure_url":"https:\/\/soymigrante.com\/revista\/wp-content\/uploads\/2023\/06\/guatemala-tps-2.webp","og:image:width":751,"og:image:height":417,"article:published_time":"2023-06-20T21:44:30+00:00","article:modified_time":"2024-07-31T21:37:12+00:00","article:publisher":"https:\/\/www.facebook.com\/soymigrantecom","twitter:card":"summary_large_image","twitter:site":"@SoyMigrante_com","twitter:title":"Estados Unidos ampl\u00eda TPS a migrantes de 3 pa\u00edses pero Guatemala sigue sin ese beneficio","twitter:description":"Gobierno de Joe Biden extiende beneficio de TPS a El Salvador, Honduras, Nicaragua y Nepal, pero Guatemala sigue sin recibirlo pese a m\u00faltiples peticiones","twitter:creator":"@SoyMigrante_com","twitter:image":"https:\/\/soymigrante.com\/revista\/wp-content\/uploads\/2023\/06\/guatemala-tps-2.webp"},"aioseo_meta_data":{"post_id":"10716","title":"Foro TPS presenta en Guatemala avances de solicitud migratoria","description":"Foro TPS Guatemalteco expone en Ciudad de Guatemala la fuerza del movimiento con apoyo de 168 alcaldes locales, 59 congresistas, 22 senadores y miles de frmas","keywords":null,"keyphrases":{"focus":{"keyphrase":"TPS","score":100,"analysis":{"keyphraseInTitle":{"score":9,"maxScore":9,"error":0},"keyphraseInDescription":{"score":9,"maxScore":9,"error":0},"keyphraseLength":{"score":9,"maxScore":9,"error":0,"length":1},"keyphraseInURL":{"score":5,"maxScore":5,"error":0},"keyphraseInIntroduction":{"score":9,"maxScore":9,"error":0},"keyphraseInSubHeadings":{"score":9,"maxScore":9,"error":0},"keyphraseInImageAlt":{"score":9,"maxScore":9,"error":0},"keywordDensity":{"type":"best","score":9,"maxScore":9,"error":0}}},"additional":[{"keyphrase":"Migrantes","score":60,"analysis":{"keyphraseInDescription":{"score":3,"maxScore":9,"error":1},"keyphraseLength":{"score":9,"maxScore":9,"error":0,"length":1},"keyphraseInIntroduction":{"score":3,"maxScore":9,"error":1},"keyphraseInImageAlt":{"score":3,"maxScore":9,"error":1},"keywordDensity":{"type":"best","score":9,"maxScore":9,"error":0}}}]},"primary_term":null,"canonical_url":null,"og_title":null,"og_description":null,"og_object_type":"default","og_image_type":"default","og_image_url":null,"og_image_width":null,"og_image_height":null,"og_image_custom_url":null,"og_image_custom_fields":null,"og_video":"","og_custom_url":null,"og_article_section":null,"og_article_tags":null,"twitter_use_og":false,"twitter_card":"default","twitter_image_type":"default","twitter_image_url":null,"twitter_image_custom_url":null,"twitter_image_custom_fields":null,"twitter_title":null,"twitter_description":null,"schema":{"blockGraphs":[],"customGraphs":[],"default":{"data":{"Article":[],"Course":[],"Dataset":[],"FAQPage":[],"Movie":[],"Person":[],"Product":[],"ProductReview":[],"Car":[],"Recipe":[],"Service":[],"SoftwareApplication":[],"WebPage":[]},"graphName":"Article","isEnabled":true},"graphs":[]},"schema_type":"default","schema_type_options":null,"pillar_content":false,"robots_default":true,"robots_noindex":false,"robots_noarchive":false,"robots_nosnippet":false,"robots_nofollow":false,"robots_noimageindex":false,"robots_noodp":false,"robots_notranslate":false,"robots_max_snippet":"-1","robots_max_videopreview":"-1","robots_max_imagepreview":"large","priority":null,"frequency":"default","local_seo":null,"seo_analyzer_scan_date":"2025-10-08 23:53:49","breadcrumb_settings":null,"limit_modified_date":false,"reviewed_by":null,"open_ai":"{\"title\":{\"suggestions\":[],\"usage\":0},\"description\":{\"suggestions\":[],\"usage\":0}}","ai":null,"created":"2024-10-26 18:31:50","updated":"2026-02-04 15:21:58"},"aioseo_breadcrumb":"<div class=\"aioseo-breadcrumbs\"><span class=\"aioseo-breadcrumb\">\n\t<a href=\"https:\/\/soymigrante.com\/revista\" title=\"Home\">Home<\/a>\n<\/span><span class=\"aioseo-breadcrumb-separator\">\u00bb<\/span><span class=\"aioseo-breadcrumb\">\n\t<a href=\"https:\/\/soymigrante.com\/revista\/category\/estamos-unidos\/\" title=\"Estamos Unidos\">Estamos Unidos<\/a>\n<\/span><span class=\"aioseo-breadcrumb-separator\">\u00bb<\/span><span class=\"aioseo-breadcrumb\">\n\tForo TPS en Guatemala: \u201cUni\u00f3n de apoyos diferencia actual solicitud de las 29 anteriores\u201d\n<\/span><\/div>","aioseo_breadcrumb_json":[{"label":"Home","link":"https:\/\/soymigrante.com\/revista"},{"label":"Estamos Unidos","link":"https:\/\/soymigrante.com\/revista\/category\/estamos-unidos\/"},{"label":"Foro TPS en Guatemala: &#8220;Uni\u00f3n de apoyos diferencia actual solicitud de las 29 anteriores&#8221;","link":"https:\/\/soymigrante.com\/revista\/foro-tps-en-guatemala-union-de-apoyos-diferencia-actual-solicitud-de-29-anteriores\/"}],"_links":{"self":[{"href":"https:\/\/soymigrante.com\/revista\/wp-json\/wp\/v2\/posts\/10716","targetHints":{"allow":["GET"]}}],"collection":[{"href":"https:\/\/soymigrante.com\/revista\/wp-json\/wp\/v2\/posts"}],"about":[{"href":"https:\/\/soymigrante.com\/revista\/wp-json\/wp\/v2\/types\/post"}],"author":[{"embeddable":true,"href":"https:\/\/soymigrante.com\/revista\/wp-json\/wp\/v2\/users\/7"}],"replies":[{"embeddable":true,"href":"https:\/\/soymigrante.com\/revista\/wp-json\/wp\/v2\/comments?post=10716"}],"version-history":[{"count":0,"href":"https:\/\/soymigrante.com\/revista\/wp-json\/wp\/v2\/posts\/10716\/revisions"}],"wp:featuredmedia":[{"embeddable":true,"href":"https:\/\/soymigrante.com\/revista\/wp-json\/wp\/v2\/media\/10724"}],"wp:attachment":[{"href":"https:\/\/soymigrante.com\/revista\/wp-json\/wp\/v2\/media?parent=10716"}],"wp:term":[{"taxonomy":"category","embeddable":true,"href":"https:\/\/soymigrante.com\/revista\/wp-json\/wp\/v2\/categories?post=10716"},{"taxonomy":"post_tag","embeddable":true,"href":"https:\/\/soymigrante.com\/revista\/wp-json\/wp\/v2\/tags?post=10716"}],"curies":[{"name":"wp","href":"https:\/\/api.w.org\/{rel}","templated":true}]}}