{"id":10706,"date":"2024-11-04T09:16:09","date_gmt":"2024-11-04T15:16:09","guid":{"rendered":"https:\/\/soymigrante.com\/revista\/?p=10706"},"modified":"2024-11-27T16:59:46","modified_gmt":"2024-11-27T22:59:46","slug":"remesas-migrantes-10-se-destinan-a-ahorro-y-8-a-emprendimientos","status":"publish","type":"post","link":"https:\/\/soymigrante.com\/revista\/remesas-migrantes-10-se-destinan-a-ahorro-y-8-a-emprendimientos\/","title":{"rendered":"10% de remesas migrantes se destinan a ahorro y 8%, a emprendimientos: entrevista con experto guatemalteco"},"content":{"rendered":"\t\t<div data-elementor-type=\"wp-post\" data-elementor-id=\"10706\" class=\"elementor elementor-10706\" data-elementor-post-type=\"post\">\n\t\t\t\t<div data-particle_enable=\"false\" data-particle-mobile-disabled=\"false\" class=\"elementor-element elementor-element-eb8688c e-flex e-con-boxed e-con e-parent\" data-id=\"eb8688c\" data-element_type=\"container\" data-e-type=\"container\">\n\t\t\t\t\t<div class=\"e-con-inner\">\n\t\t\t\t<div class=\"elementor-element elementor-element-009c473 elementor-widget elementor-widget-heading\" data-id=\"009c473\" data-element_type=\"widget\" data-e-type=\"widget\" data-widget_type=\"heading.default\">\n\t\t\t\t\t<h2 class=\"elementor-heading-title elementor-size-default\">Las remesas constituyen una oportunidad para el desarrollo familiar y comunitario. Su administraci\u00f3n y aprovechamiento fue uno de los temas de la reciente Cumbre Migratoria Religiosa efectuada en Guatemala. <\/h2>\t\t\t\t<\/div>\n\t\t\t\t\t<\/div>\n\t\t\t\t<\/div>\n\t\t<div data-particle_enable=\"false\" data-particle-mobile-disabled=\"false\" class=\"elementor-element elementor-element-265cb72 e-flex e-con-boxed e-con e-parent\" data-id=\"265cb72\" data-element_type=\"container\" data-e-type=\"container\">\n\t\t\t\t\t<div class=\"e-con-inner\">\n\t\t\t\t<div class=\"elementor-element elementor-element-5df6e99 elementor-widget elementor-widget-text-editor\" data-id=\"5df6e99\" data-element_type=\"widget\" data-e-type=\"widget\" data-widget_type=\"text-editor.default\">\n\t\t\t\t\t\t\t\t\t<p>\u00bfQu\u00e9 representan las remesas para Guatemala? \u00bfC\u00f3mo aprovechar el recurso econ\u00f3mico de las remesas familiares? Son algunas preguntas que detonan un an\u00e1lisis sobre la contribuci\u00f3n que los migrantes en<a href=\"https:\/\/soymigrante.com\/revista\/conoce-el-sistema-de-calificacion-educativo-con-letras-y-gpa-de-usa\/\" target=\"_blank\" rel=\"noopener\"> Estados Unidos<\/a>\u00a0hacen hacia sus pa\u00edses de origen.<\/p><p>En la Cumbre Migratoria Religiosa 2024 varios fueron los temas analizados sobre la migraci\u00f3n: efectos y causas a nivel econ\u00f3mico, pol\u00edtico, social y religioso.<\/p><p>Ezrra Israel Orozco Paredes, doctor en Ciencias Empresariales, Magister en Finanzas y Administrador de Empresas, pudo ser entrevistado en dicha cumpre para analizar desde el punto de vista social y econ\u00f3mico lo que representan las remesas en pa\u00edses de ruta migrante como lo es Guatemala. Adem\u00e1s, nos comparte datos relevantes de c\u00f3mo el migrante guatemalteco y su familia est\u00e1n destinando de forma inteligente\u00a0<a style=\"text-align: var(--text-align);\" href=\"https:\/\/soymigrante.com\/revista\/remesas-de-migrantes\/\" target=\"_blank\" rel=\"noopener\">el recurso de la remesa.<\/a><\/p>\t\t\t\t\t\t\t\t<\/div>\n\t\t\t\t\t<\/div>\n\t\t\t\t<\/div>\n\t\t<div data-particle_enable=\"false\" data-particle-mobile-disabled=\"false\" class=\"elementor-element elementor-element-3a185c7 e-flex e-con-boxed e-con e-parent\" data-id=\"3a185c7\" data-element_type=\"container\" data-e-type=\"container\">\n\t\t\t\t\t<div class=\"e-con-inner\">\n\t\t\t\t<div class=\"elementor-element elementor-element-25a7591 elementor-widget elementor-widget-image\" data-id=\"25a7591\" data-element_type=\"widget\" data-e-type=\"widget\" data-widget_type=\"image.default\">\n\t\t\t\t\t\t\t\t\t\t\t\t<figure class=\"wp-caption\">\n\t\t\t\t\t\t\t\t\t\t<img fetchpriority=\"high\" decoding=\"async\" width=\"768\" height=\"504\" src=\"https:\/\/soymigrante.com\/revista\/wp-content\/uploads\/2024\/11\/guatemaltecos-trabajo-remesas-2-1024x672.jpg\" class=\"attachment-large size-large wp-image-14758\" alt=\"Soldador trabajando en obra de construcci\u00f3n, reparaci\u00f3n industrial, con casco de seguridad y herramientas, enfoque en seguridad laboral y profesi\u00f3n de la industria pesada.\" srcset=\"https:\/\/soymigrante.com\/revista\/wp-content\/uploads\/2024\/11\/guatemaltecos-trabajo-remesas-2-1024x672.jpg 1024w, https:\/\/soymigrante.com\/revista\/wp-content\/uploads\/2024\/11\/guatemaltecos-trabajo-remesas-2-300x197.jpg 300w, https:\/\/soymigrante.com\/revista\/wp-content\/uploads\/2024\/11\/guatemaltecos-trabajo-remesas-2-768x504.jpg 768w, https:\/\/soymigrante.com\/revista\/wp-content\/uploads\/2024\/11\/guatemaltecos-trabajo-remesas-2-750x492.webp 750w, https:\/\/soymigrante.com\/revista\/wp-content\/uploads\/2024\/11\/guatemaltecos-trabajo-remesas-2-1140x748.webp 1140w, https:\/\/soymigrante.com\/revista\/wp-content\/uploads\/2024\/11\/guatemaltecos-trabajo-remesas-2.webp 1327w\" sizes=\"(max-width: 768px) 100vw, 768px\" title=\"Largas horas, turnos extra y mucha dedicaci\u00f3n de migrantes guatemaltecos est\u00e1n detr\u00e1s del env\u00edo de remesas desde Estados Unidos. \u2013 SoyMigrante.com REVISTA\" \/>\t\t\t\t\t\t\t\t\t\t\t<figcaption class=\"widget-image-caption wp-caption-text\">Trabajador en reparaci\u00f3n industrial con casco de seguridad, utilizando herramientas en una obra en construcci\u00f3n, enfatizando la importancia de la seguridad laboral y la industria pesada.<\/figcaption>\n\t\t\t\t\t\t\t\t\t\t<\/figure>\n\t\t\t\t\t\t\t\t\t<\/div>\n\t\t\t\t\t<\/div>\n\t\t\t\t<\/div>\n\t\t<div data-particle_enable=\"false\" data-particle-mobile-disabled=\"false\" class=\"elementor-element elementor-element-621f409 e-flex e-con-boxed e-con e-parent\" data-id=\"621f409\" data-element_type=\"container\" data-e-type=\"container\">\n\t\t\t\t\t<div class=\"e-con-inner\">\n\t\t\t\t<div class=\"elementor-element elementor-element-03e1efe elementor-widget elementor-widget-heading\" data-id=\"03e1efe\" data-element_type=\"widget\" data-e-type=\"widget\" data-widget_type=\"heading.default\">\n\t\t\t\t\t<h4 class=\"elementor-heading-title elementor-size-default\">\u00bfCu\u00e1l es el impacto de las remesas en la econom\u00eda  guatemalteca?<\/h4>\t\t\t\t<\/div>\n\t\t\t\t\t<\/div>\n\t\t\t\t<\/div>\n\t\t<div data-particle_enable=\"false\" data-particle-mobile-disabled=\"false\" class=\"elementor-element elementor-element-2624613 e-flex e-con-boxed e-con e-parent\" data-id=\"2624613\" data-element_type=\"container\" data-e-type=\"container\">\n\t\t\t\t\t<div class=\"e-con-inner\">\n\t\t\t\t<div class=\"elementor-element elementor-element-e1ded31 elementor-widget elementor-widget-text-editor\" data-id=\"e1ded31\" data-element_type=\"widget\" data-e-type=\"widget\" data-widget_type=\"text-editor.default\">\n\t\t\t\t\t\t\t\t\t<p><span style=\"text-align: var(--text-align)\">\u00a0Las remesas en Guatemala son un factor de alto impacto en nuestra econom\u00eda. Seg\u00fan los \u00faltimos datos estad\u00edsticos atr\u00e1s de M\u00e9xico que m\u00e1s recibe remesas. Sin embargo, en M\u00e9xico no pasa del 5% del Producto Interno Bruto y en Guatemala ha alcanzado hasta el 20%. Incluso por encima de las exportaciones del pa\u00eds.<\/span><\/p><p>Se estima que alrededor de seis millones y medio de personas reciben beneficios directos e indirectos sobre las remesas, la cual genera un impacto econ\u00f3mico sin precedentes y ello cataloga a Guatemala con \u201cun caso especial\u201d gracias al env\u00edo de remesas de migrantes que viven en Estados Unidos.<\/p><p>La dinamizaci\u00f3n de la econom\u00eda depende del flujo de las remesas hacia Guatemala desde Estados Unidos.<\/p><div>\u00a0<\/div>\t\t\t\t\t\t\t\t<\/div>\n\t\t\t\t\t<\/div>\n\t\t\t\t<\/div>\n\t\t<div data-particle_enable=\"false\" data-particle-mobile-disabled=\"false\" class=\"elementor-element elementor-element-0217acf e-flex e-con-boxed e-con e-parent\" data-id=\"0217acf\" data-element_type=\"container\" data-e-type=\"container\">\n\t\t\t\t\t<div class=\"e-con-inner\">\n\t\t\t\t<div class=\"elementor-element elementor-element-2377634 elementor-widget elementor-widget-heading\" data-id=\"2377634\" data-element_type=\"widget\" data-e-type=\"widget\" data-widget_type=\"heading.default\">\n\t\t\t\t\t<h4 class=\"elementor-heading-title elementor-size-default\">\u00bfC\u00f3mo influyen las remesas en la reducci\u00f3n de la desigualdad social?<\/h4>\t\t\t\t<\/div>\n\t\t\t\t\t<\/div>\n\t\t\t\t<\/div>\n\t\t<div data-particle_enable=\"false\" data-particle-mobile-disabled=\"false\" class=\"elementor-element elementor-element-8dff3d2 e-flex e-con-boxed e-con e-parent\" data-id=\"8dff3d2\" data-element_type=\"container\" data-e-type=\"container\">\n\t\t\t\t\t<div class=\"e-con-inner\">\n\t\t\t\t<div class=\"elementor-element elementor-element-d94a915 elementor-widget elementor-widget-text-editor\" data-id=\"d94a915\" data-element_type=\"widget\" data-e-type=\"widget\" data-widget_type=\"text-editor.default\">\n\t\t\t\t\t\t\t\t\t<p>Los destinatarios de esas remesas suelen encontrarse en la base piramidal de ingresos econ\u00f3micos del pa\u00eds. Eso implica que haya mejores, aunque leves, e inversi\u00f3n social, alimentaci\u00f3n, educaci\u00f3n y hay un importante uso y destino de las remesas en materia de vivienda.\u00a0<\/p><p>En ese punto, la desigualdad, cabe la pena mencionar que Guatemala, seg\u00fan el coeficiente de GINI, tiene alto \u00edndice de desigualdad y las remesas contribuyen a la disminuci\u00f3n de la desigualdad porque es una forma, desde mi punto de vista, de distribuci\u00f3n de la riqueza directa hacia las familias muchos casos de la base de la pir\u00e1mide, es decir de las personas que tienen menos recursos econ\u00f3micos.<\/p>\t\t\t\t\t\t\t\t<\/div>\n\t\t\t\t\t<\/div>\n\t\t\t\t<\/div>\n\t\t<div data-particle_enable=\"false\" data-particle-mobile-disabled=\"false\" class=\"elementor-element elementor-element-f75acc9 e-flex e-con-boxed e-con e-parent\" data-id=\"f75acc9\" data-element_type=\"container\" data-e-type=\"container\">\n\t\t\t\t\t<div class=\"e-con-inner\">\n\t\t\t\t<div class=\"elementor-element elementor-element-287d12f elementor-grid-eael-col-1 elementor-grid-tablet-eael-col-2 elementor-grid-mobile-eael-col-1 elementor-widget elementor-widget-eael-post-grid\" data-id=\"287d12f\" data-element_type=\"widget\" data-e-type=\"widget\" data-settings=\"{&quot;eael_post_grid_columns&quot;:&quot;eael-col-1&quot;,&quot;eael_post_grid_columns_tablet&quot;:&quot;eael-col-2&quot;,&quot;eael_post_grid_columns_mobile&quot;:&quot;eael-col-1&quot;}\" data-widget_type=\"eael-post-grid.default\">\n\t\t\t\t\t<div id=\"eael-post-grid-287d12f\" class=\"eael-post-grid-container\">\n            <div class=\"eael-post-grid eael-post-appender eael-post-appender-287d12f eael-post-grid-style-one\" data-layout-mode=\"masonry\"><article class=\"eael-grid-post  eael-post-grid-column eael-pg-post-12574 category-estamos-unidos tags-remesas-migrantes\" data-id=\"12574\">\n        <div class=\"eael-grid-post-holder\">\n            <div class=\"eael-grid-post-holder-inner\"><div class=\"eael-entry-media\"><div class=\"eael-entry-overlay fade-in\"><i class=\"far fa-hand-pointer\" aria-hidden=\"true\"><\/i><a href=\"https:\/\/soymigrante.com\/revista\/millones-en-remesas-migrantes-apuntan-a-record-2024\/\"><\/a><\/div><div class=\"eael-entry-thumbnail \">\n                <img decoding=\"async\" width=\"624\" height=\"624\" src=\"https:\/\/soymigrante.com\/revista\/wp-content\/uploads\/2024\/11\/remesa-migrante-envio.webp\" class=\"attachment-large size-large wp-image-12575\" alt=\"Transferencias internacionales para migrantes en Guatemala Revista SoyMigrante.com, informaci\u00f3n sobre pagos y tasas en d\u00f3lares y moneda local, gu\u00eda para migrantes y comunidad migrante.\" srcset=\"https:\/\/soymigrante.com\/revista\/wp-content\/uploads\/2024\/11\/remesa-migrante-envio.webp 624w, https:\/\/soymigrante.com\/revista\/wp-content\/uploads\/2024\/11\/remesa-migrante-envio-300x300.webp 300w, https:\/\/soymigrante.com\/revista\/wp-content\/uploads\/2024\/11\/remesa-migrante-envio-150x150.webp 150w, https:\/\/soymigrante.com\/revista\/wp-content\/uploads\/2024\/11\/remesa-migrante-envio-75x75.webp 75w\" sizes=\"(max-width: 624px) 100vw, 624px\" \/>\n            <\/div>\n        <\/div><div class=\"eael-entry-wrapper\"><header class=\"eael-entry-header\"><h2 class=\"eael-entry-title\"><a class=\"eael-grid-post-link\" href=\"https:\/\/soymigrante.com\/revista\/millones-en-remesas-migrantes-apuntan-a-record-2024\/\" title=\"Migrantes env\u00edan US$1 mil 734 millones en remesas en noviembre y se prev\u00e9 nuevo r\u00e9cord en 2024\">Migrantes env\u00edan US$1 mil 734 millones en remesas en noviembre y se prev\u00e9 nuevo r\u00e9cord en 2024<\/a><\/h2><\/header><div class=\"eael-entry-content\">\n                        <div class=\"eael-grid-post-excerpt\"><a href=\"https:\/\/soymigrante.com\/revista\/millones-en-remesas-migrantes-apuntan-a-record-2024\/\" class=\"eael-post-elements-readmore-btn\">CONOCE SU HISTORIA <\/a><\/div>\n                    <\/div><\/div><\/div>\n        <\/div>\n    <\/article><\/div>\n            <div class=\"clearfix\"><\/div>\n        <\/div>\t\t\t\t<\/div>\n\t\t\t\t\t<\/div>\n\t\t\t\t<\/div>\n\t\t<div data-particle_enable=\"false\" data-particle-mobile-disabled=\"false\" class=\"elementor-element elementor-element-eb5f8cb e-flex e-con-boxed e-con e-parent\" data-id=\"eb5f8cb\" data-element_type=\"container\" data-e-type=\"container\">\n\t\t\t\t\t<div class=\"e-con-inner\">\n\t\t\t\t<div class=\"elementor-element elementor-element-66effe3 elementor-widget elementor-widget-heading\" data-id=\"66effe3\" data-element_type=\"widget\" data-e-type=\"widget\" data-widget_type=\"heading.default\">\n\t\t\t\t\t<h4 class=\"elementor-heading-title elementor-size-default\">\u00bfC\u00f3mo dimensiona el aporte econ\u00f3mico migrante para Guatemala pero tambi\u00e9n para EE.UU?<\/h4>\t\t\t\t<\/div>\n\t\t\t\t\t<\/div>\n\t\t\t\t<\/div>\n\t\t<div data-particle_enable=\"false\" data-particle-mobile-disabled=\"false\" class=\"elementor-element elementor-element-d9f007b e-flex e-con-boxed e-con e-parent\" data-id=\"d9f007b\" data-element_type=\"container\" data-e-type=\"container\">\n\t\t\t\t\t<div class=\"e-con-inner\">\n\t\t\t\t<div class=\"elementor-element elementor-element-fbee8ff elementor-widget elementor-widget-text-editor\" data-id=\"fbee8ff\" data-element_type=\"widget\" data-e-type=\"widget\" data-widget_type=\"text-editor.default\">\n\t\t\t\t\t\t\t\t\t<p>Si vemos, desde hace 10 a\u00f1os las <a href=\"https:\/\/soymigrante.com\/revista\/migrantes-guatemaltecos-dedicaron-al-envio-de-remesas-el-53-de-sus-ingresos\/\">remesas <\/a>han crecido ininterrumpidamente. El a\u00f1o pasado (2023) hemos alcanzado m\u00e1s de US$19 mil millones (Q150 mil millones aprox.) que han venido a dinamizar el consumo y esta parte es importante. La dinamizaci\u00f3n del consumo hace que los negocios de la micro y mediana empresa que conforman el 96% del parque empresarial mantenga girando la rueda del negocio.\u00a0<\/p><p>Y esto (la dinamizaci\u00f3n) en parte responsable de que, si se observamos el crecimiento Producto Interno Bruto en Guatemala, ha sido positivo. Dentro de los destinos de las remesas existe un sub-rubro llamado rubro intermedio, aproximadamente un 7% u 8% se est\u00e1 destinando a la generaci\u00f3n de emprendimientos.<\/p><p>\u201cEsto est\u00e1 dando una luz de esperanza de que pronto vamos a tener un repunte porque el emprendimiento desde mi punto de vista es una de las herramientas m\u00e1s efectivas para la generaci\u00f3n de empleo y si hay apoyo, si hay emprendimiento, entonces vamos a tener un impacto de la reducci\u00f3n dr\u00e1stica de los migrantes, que un 90% salen del pa\u00eds justamente por temas econ\u00f3micos y b\u00fasqueda de empleo\u201d, a\u00f1ade Orozco.<\/p>\t\t\t\t\t\t\t\t<\/div>\n\t\t\t\t\t<\/div>\n\t\t\t\t<\/div>\n\t\t<div data-particle_enable=\"false\" data-particle-mobile-disabled=\"false\" class=\"elementor-element elementor-element-4b5326f e-flex e-con-boxed e-con e-parent\" data-id=\"4b5326f\" data-element_type=\"container\" data-e-type=\"container\">\n\t\t\t\t\t<div class=\"e-con-inner\">\n\t\t\t\t<div class=\"elementor-element elementor-element-0e65827 elementor-align-center elementor-widget elementor-widget-button\" data-id=\"0e65827\" data-element_type=\"widget\" data-e-type=\"widget\" data-widget_type=\"button.default\">\n\t\t\t\t\t\t\t\t\t\t<a class=\"elementor-button elementor-button-link elementor-size-sm\" href=\"https:\/\/soymigrante.com\/revista\/soymigrante-com-mercado-viene-plataforma-digital-para-emprendedores-guatemaltecos\/\">\n\t\t\t\t\t\t<span class=\"elementor-button-content-wrapper\">\n\t\t\t\t\t\t\t\t\t<span class=\"elementor-button-text\">SoyMigrante.com  MERCADO puede ser esa opci\u00f3n que estabas esperando para potenciar tus productos elaborados a mano o artesanales. CONOCE M\u00c1S AQU\u00cd<\/span>\n\t\t\t\t\t<\/span>\n\t\t\t\t\t<\/a>\n\t\t\t\t\t\t\t\t<\/div>\n\t\t\t\t\t<\/div>\n\t\t\t\t<\/div>\n\t\t<div data-particle_enable=\"false\" data-particle-mobile-disabled=\"false\" class=\"elementor-element elementor-element-06de4f1 e-flex e-con-boxed e-con e-parent\" data-id=\"06de4f1\" data-element_type=\"container\" data-e-type=\"container\">\n\t\t\t\t\t<div class=\"e-con-inner\">\n\t\t\t\t<div class=\"elementor-element elementor-element-e38cf8f elementor-widget elementor-widget-heading\" data-id=\"e38cf8f\" data-element_type=\"widget\" data-e-type=\"widget\" data-widget_type=\"heading.default\">\n\t\t\t\t\t<h3 class=\"elementor-heading-title elementor-size-default\">Generaci\u00f3n de empleo y remesas<\/h3>\t\t\t\t<\/div>\n\t\t\t\t\t<\/div>\n\t\t\t\t<\/div>\n\t\t<div data-particle_enable=\"false\" data-particle-mobile-disabled=\"false\" class=\"elementor-element elementor-element-234b248 e-flex e-con-boxed e-con e-parent\" data-id=\"234b248\" data-element_type=\"container\" data-e-type=\"container\">\n\t\t\t\t\t<div class=\"e-con-inner\">\n\t\t\t\t<div class=\"elementor-element elementor-element-135b5b1 elementor-widget elementor-widget-text-editor\" data-id=\"135b5b1\" data-element_type=\"widget\" data-e-type=\"widget\" data-widget_type=\"text-editor.default\">\n\t\t\t\t\t\t\t\t\t<p>El doctor Orozco tambi\u00e9n refiere que, durante la pandemia, se decreci\u00f3 en el ingreso de remesas en un 1.8% y Guatemala fue nombrado como uno de los pa\u00edses m\u00e1s resilientes econ\u00f3micamente. Este fen\u00f3meno de<a href=\"https:\/\/soymigrante.com\/revista\/como-manejar-las-remesas-claves-para-aprovechar-al-maximo\/\" target=\"_blank\"> las remesas<\/a>&nbsp;obviamente genera m\u00e1s empleo en Estados Unidos y tambi\u00e9n del derrame econ\u00f3mico hacia las familias m\u00e1s necesitadas en Guatemala. Sin embargo, esto no se refleja en mayor nivel de empleo en Guatemala, dice Orozco.<\/p>\n<p>Tambi\u00e9n expone que Guatemala tiene uno de los menores niveles de desempleo m\u00e1s bajos de Latinoam\u00e9rica, pero a\u00f1ade que la problem\u00e1tica en Guatemala es el subempleo. \u201cAh\u00ed es donde nosotros no hemos visto que las remesas vengan a incentivar de una manera significativa la generaci\u00f3n de empleo\u201d, refiere Orozco.<\/p>\t\t\t\t\t\t\t\t<\/div>\n\t\t\t\t\t<\/div>\n\t\t\t\t<\/div>\n\t\t<div data-particle_enable=\"false\" data-particle-mobile-disabled=\"false\" class=\"elementor-element elementor-element-ce14cf3 e-flex e-con-boxed e-con e-parent\" data-id=\"ce14cf3\" data-element_type=\"container\" data-e-type=\"container\">\n\t\t\t\t\t<div class=\"e-con-inner\">\n\t\t\t\t<div class=\"elementor-element elementor-element-bac9106 elementor-widget elementor-widget-image\" data-id=\"bac9106\" data-element_type=\"widget\" data-e-type=\"widget\" data-widget_type=\"image.default\">\n\t\t\t\t\t\t\t\t\t\t\t\t<figure class=\"wp-caption\">\n\t\t\t\t\t\t\t\t\t\t<img decoding=\"async\" width=\"768\" height=\"495\" src=\"https:\/\/soymigrante.com\/revista\/wp-content\/uploads\/2024\/11\/guatemaltecos-trabajo-remesas-1-1024x660.jpg\" class=\"attachment-large size-large wp-image-14759\" alt=\"Renovaci\u00f3n de tejado con tejas de cer\u00e1mica, t\u00e9cnico instalando nuevas tejas en la estructura del tejado, proceso de reparaci\u00f3n y mantenimiento de techos, construcci\u00f3n de viviendas, trabajo en la carpinter\u00eda en altura.\" srcset=\"https:\/\/soymigrante.com\/revista\/wp-content\/uploads\/2024\/11\/guatemaltecos-trabajo-remesas-1-1024x660.jpg 1024w, https:\/\/soymigrante.com\/revista\/wp-content\/uploads\/2024\/11\/guatemaltecos-trabajo-remesas-1-300x193.jpg 300w, https:\/\/soymigrante.com\/revista\/wp-content\/uploads\/2024\/11\/guatemaltecos-trabajo-remesas-1-768x495.jpg 768w, https:\/\/soymigrante.com\/revista\/wp-content\/uploads\/2024\/11\/guatemaltecos-trabajo-remesas-1-750x484.webp 750w, https:\/\/soymigrante.com\/revista\/wp-content\/uploads\/2024\/11\/guatemaltecos-trabajo-remesas-1-1140x735.webp 1140w, https:\/\/soymigrante.com\/revista\/wp-content\/uploads\/2024\/11\/guatemaltecos-trabajo-remesas-1.webp 1337w\" sizes=\"(max-width: 768px) 100vw, 768px\" title=\"La mano de obra guatemalteca es reconocida por su alta calidad de desempe\u00f1o en Estados Unidos. \u2013 SoyMigrante.com REVISTA\" \/>\t\t\t\t\t\t\t\t\t\t\t<figcaption class=\"widget-image-caption wp-caption-text\">Trabajador instalando tejas en tejado para renovar el techo de una vivienda, proceso de reparaci\u00f3n y mantenimiento de techos, construcci\u00f3n y reforma de viviendas, trabajo especializado en techados.<\/figcaption>\n\t\t\t\t\t\t\t\t\t\t<\/figure>\n\t\t\t\t\t\t\t\t\t<\/div>\n\t\t\t\t\t<\/div>\n\t\t\t\t<\/div>\n\t\t<div data-particle_enable=\"false\" data-particle-mobile-disabled=\"false\" class=\"elementor-element elementor-element-33a592b e-flex e-con-boxed e-con e-parent\" data-id=\"33a592b\" data-element_type=\"container\" data-e-type=\"container\">\n\t\t\t\t\t<div class=\"e-con-inner\">\n\t\t\t\t<div class=\"elementor-element elementor-element-ea58729 elementor-widget elementor-widget-heading\" data-id=\"ea58729\" data-element_type=\"widget\" data-e-type=\"widget\" data-widget_type=\"heading.default\">\n\t\t\t\t\t<h4 class=\"elementor-heading-title elementor-size-default\">\u00bfQu\u00e9 recomienda para priorizar mejor el uso de remesas en hogares guatemaltecos?<\/h4>\t\t\t\t<\/div>\n\t\t\t\t\t<\/div>\n\t\t\t\t<\/div>\n\t\t<div data-particle_enable=\"false\" data-particle-mobile-disabled=\"false\" class=\"elementor-element elementor-element-cf7b808 e-flex e-con-boxed e-con e-parent\" data-id=\"cf7b808\" data-element_type=\"container\" data-e-type=\"container\">\n\t\t\t\t\t<div class=\"e-con-inner\">\n\t\t\t\t<div class=\"elementor-element elementor-element-0e09c14 elementor-widget elementor-widget-text-editor\" data-id=\"0e09c14\" data-element_type=\"widget\" data-e-type=\"widget\" data-widget_type=\"text-editor.default\">\n\t\t\t\t\t\t\t\t\t<p>Justamente el 47% de las remesas se va en tema de vivienda. Y el consumo del 35%, aproximadamente, quiere decir que hay m\u00e1s inversi\u00f3n en temas de vivienda que dinero consumido. Sin embargo, en la pr\u00e1ctica hay grandes construcciones deshabitadas, no puedo especificar qu\u00e9 pasa, pero ese deseo de retornar se desvanece. S\u00ed env\u00edan dinero, s\u00ed env\u00edan ayuda para construir, pero hay pueblos donde hay mansiones fantasmas donde uno puede observar, sobre todo en el altiplano, que en primer lugar es caro el mantenimiento.\u00a0<\/p><p><span style=\"color: var( --e-global-color-text );text-align: var(--text-align)\">Las familias se ven limitadas a habitarla por tema de costos que tienen que erogar. Y las personas que lo hicieron con \u00e1nimos de que alg\u00fan d\u00eda va a regresar, no siempre es ese el efecto inmediato. Valdr\u00eda la pena investigar qu\u00e9 pasa en la mente del migrante que se va con la ilusi\u00f3n de hacer una vivienda, de mejorar un nivel de vida y a veces, por construir una casa, sacrifican su hogar. Ah\u00ed hay otro tema social que se desprende justamente del \u00e1rea de las remesas.\u00a0<\/span><\/p>\t\t\t\t\t\t\t\t<\/div>\n\t\t\t\t\t<\/div>\n\t\t\t\t<\/div>\n\t\t<div data-particle_enable=\"false\" data-particle-mobile-disabled=\"false\" class=\"elementor-element elementor-element-95dac55 e-flex e-con-boxed e-con e-parent\" data-id=\"95dac55\" data-element_type=\"container\" data-e-type=\"container\">\n\t\t\t\t\t<div class=\"e-con-inner\">\n\t\t\t\t<div class=\"elementor-element elementor-element-5563cb8 elementor-widget elementor-widget-testimonial\" data-id=\"5563cb8\" data-element_type=\"widget\" data-e-type=\"widget\" data-widget_type=\"testimonial.default\">\n\t\t\t\t\t\t\t<div class=\"elementor-testimonial-wrapper\">\n\t\t\t\t\t\t\t<div class=\"elementor-testimonial-content\">\"Hay m\u00e1s inversi\u00f3n en temas de vivienda que dinero consumido\".-<\/div>\n\t\t\t\n\t\t\t\t\t\t<div class=\"elementor-testimonial-meta elementor-has-image elementor-testimonial-image-position-aside\">\n\t\t\t\t<div class=\"elementor-testimonial-meta-inner\">\n\t\t\t\t\t\t\t\t\t\t\t<div class=\"elementor-testimonial-image\">\n\t\t\t\t\t\t\t<img loading=\"lazy\" decoding=\"async\" width=\"286\" height=\"310\" src=\"https:\/\/soymigrante.com\/revista\/wp-content\/uploads\/2024\/10\/Ezrra-Israel-Orozco-Paredes-experto-financiero.webp\" class=\"attachment-full size-full wp-image-10709\" alt=\"Imagen de un hombre de negocios sonriendo en un entorno profesional, vestido con traje y corbata, representando liderazgo y fortaleza para la comunidad migrante en la revista SoyMigrante.com REVISTA.\" title=\"Ezrra Israel Orozco Paredes experto financiero \u2013 SoyMigrante.com REVISTA\" srcset=\"https:\/\/soymigrante.com\/revista\/wp-content\/uploads\/2024\/10\/Ezrra-Israel-Orozco-Paredes-experto-financiero.webp 286w, https:\/\/soymigrante.com\/revista\/wp-content\/uploads\/2024\/10\/Ezrra-Israel-Orozco-Paredes-experto-financiero-277x300.webp 277w\" sizes=\"(max-width: 286px) 100vw, 286px\" \/>\t\t\t\t\t\t<\/div>\n\t\t\t\t\t\n\t\t\t\t\t\t\t\t\t\t<div class=\"elementor-testimonial-details\">\n\t\t\t\t\t\t\t\t\t\t\t\t\t\t<div class=\"elementor-testimonial-name\">Ezrra Israel Orozco Paredes<\/div>\n\t\t\t\t\t\t\t\t\t\t\t\t\t\t\t\t\t\t\t\t\t\t<div class=\"elementor-testimonial-job\">Experto financiero, economista y emprendedor. <\/div>\n\t\t\t\t\t\t\t\t\t\t\t\t\t<\/div>\n\t\t\t\t\t\t\t\t\t<\/div>\n\t\t\t<\/div>\n\t\t\t\t\t<\/div>\n\t\t\t\t\t\t<\/div>\n\t\t\t\t\t<\/div>\n\t\t\t\t<\/div>\n\t\t<div data-particle_enable=\"false\" data-particle-mobile-disabled=\"false\" class=\"elementor-element elementor-element-61a32d8 e-flex e-con-boxed e-con e-parent\" data-id=\"61a32d8\" data-element_type=\"container\" data-e-type=\"container\">\n\t\t\t\t\t<div class=\"e-con-inner\">\n\t\t\t\t<div class=\"elementor-element elementor-element-c8a8c94 elementor-widget elementor-widget-text-editor\" data-id=\"c8a8c94\" data-element_type=\"widget\" data-e-type=\"widget\" data-widget_type=\"text-editor.default\">\n\t\t\t\t\t\t\t\t\t<p>Orozco resalta que desde su perspectiva econ\u00f3mico es que se ve la inexistencia de educaci\u00f3n financiera para el uso de remesas. \u201cVemos casas donde hay cuatro o cinco televisiones en cada cuarto o personas que tienen tel\u00e9fonos de \u00faltima generaci\u00f3n y despu\u00e9s no tienen para el saldo de la tarjeta del tel\u00e9fono. Cosas as\u00ed respaldan el efecto inmediato de las remesas.<\/p>\t\t\t\t\t\t\t\t<\/div>\n\t\t\t\t\t<\/div>\n\t\t\t\t<\/div>\n\t\t<div data-particle_enable=\"false\" data-particle-mobile-disabled=\"false\" class=\"elementor-element elementor-element-794ad3d e-flex e-con-boxed e-con e-parent\" data-id=\"794ad3d\" data-element_type=\"container\" data-e-type=\"container\">\n\t\t\t\t\t<div class=\"e-con-inner\">\n\t\t\t\t<div class=\"elementor-element elementor-element-60075d0 elementor-widget elementor-widget-heading\" data-id=\"60075d0\" data-element_type=\"widget\" data-e-type=\"widget\" data-widget_type=\"heading.default\">\n\t\t\t\t\t<h4 class=\"elementor-heading-title elementor-size-default\">\u00bfComo visualiza la evoluci\u00f3n del env\u00edo y regulaci\u00f3n de las remesas?<\/h4>\t\t\t\t<\/div>\n\t\t\t\t\t<\/div>\n\t\t\t\t<\/div>\n\t\t<div data-particle_enable=\"false\" data-particle-mobile-disabled=\"false\" class=\"elementor-element elementor-element-25c1628 e-flex e-con-boxed e-con e-parent\" data-id=\"25c1628\" data-element_type=\"container\" data-e-type=\"container\">\n\t\t\t\t\t<div class=\"e-con-inner\">\n\t\t\t\t<div class=\"elementor-element elementor-element-8ea4950 elementor-widget elementor-widget-text-editor\" data-id=\"8ea4950\" data-element_type=\"widget\" data-e-type=\"widget\" data-widget_type=\"text-editor.default\">\n\t\t\t\t\t\t\t\t\t<p>Las remesas fluyen libremente. Ahora se han ampliado las instituciones que cambian remesas, ya no solo son bancos ahora hay cooperativas de ahorro y cr\u00e9dito. Incluso las microfinancieras. Tambi\u00e9n hay modalidad de que las remesas las env\u00edan por criptomonedas.\u00a0<\/p><p>Hay una ampliaci\u00f3n en la rama de posibilidades porque el flujo no se ha regulado como tal, m\u00e1s bien es libre. Y la meta de este a\u00f1o va entre 20 a 20 mil millones de d\u00f3lares. Y si tomamos en cuenta que para la la econom\u00eda incentiva y promueve el comercio interno y externo, desde el punto econ\u00f3mico, entre m\u00e1s viene, mejor.<\/p><p>Incluso, Guatemala tiene una moneda muy estable. Es una de las monedas m\u00e1s fuertes que hay en Latinoam\u00e9rica y al revisra la cantidad de reservas que tiene el pa\u00eds (m\u00e1s de US$22 mil millones) eso hace que la demandad de d\u00f3lares garantice una estabilidad en el tipo de camio. A veces el Banco de Guatemala tiene que entrar al mercado cambiario para evitar se aprecie mucho la moneda, para mantener una estabilidad de los precios.<\/p><p>En ese sentido tenemos que dejar que fluya el libre mercado. Para la econom\u00eda, entre m\u00e1s d\u00f3lares env\u00edan, mejor. Guatemala tiene una econom\u00eda fuerte.<\/p>\t\t\t\t\t\t\t\t<\/div>\n\t\t\t\t\t<\/div>\n\t\t\t\t<\/div>\n\t\t<div data-particle_enable=\"false\" data-particle-mobile-disabled=\"false\" class=\"elementor-element elementor-element-a7f7f30 e-flex e-con-boxed e-con e-parent\" data-id=\"a7f7f30\" data-element_type=\"container\" data-e-type=\"container\">\n\t\t\t\t\t<div class=\"e-con-inner\">\n\t\t\t\t<div class=\"elementor-element elementor-element-481a69c elementor-widget elementor-widget-image\" data-id=\"481a69c\" data-element_type=\"widget\" data-e-type=\"widget\" data-widget_type=\"image.default\">\n\t\t\t\t\t\t\t\t\t\t\t\t<figure class=\"wp-caption\">\n\t\t\t\t\t\t\t\t\t\t<img loading=\"lazy\" decoding=\"async\" width=\"768\" height=\"447\" src=\"https:\/\/soymigrante.com\/revista\/wp-content\/uploads\/2024\/11\/remesas-1024x596.png\" class=\"attachment-large size-large wp-image-14760\" alt=\"Dinero en efectivo y bandera de Guatemala, representando temas de inmigraci\u00f3n y econom\u00eda en el contexto de la revista SoyMigrante.com.\" srcset=\"https:\/\/soymigrante.com\/revista\/wp-content\/uploads\/2024\/11\/remesas-1024x596.png 1024w, https:\/\/soymigrante.com\/revista\/wp-content\/uploads\/2024\/11\/remesas-300x175.png 300w, https:\/\/soymigrante.com\/revista\/wp-content\/uploads\/2024\/11\/remesas-768x447.png 768w, https:\/\/soymigrante.com\/revista\/wp-content\/uploads\/2024\/11\/remesas-750x436.webp 750w, https:\/\/soymigrante.com\/revista\/wp-content\/uploads\/2024\/11\/remesas-1140x663.webp 1140w, https:\/\/soymigrante.com\/revista\/wp-content\/uploads\/2024\/11\/remesas.webp 1258w\" sizes=\"(max-width: 768px) 100vw, 768px\" title=\"Las remesas enviadas por migrantes desde EE:UU. constituyen una quinta parte de la econom\u00eda guatemalteca y el mayor rubro de ingreso de divisas. \u2013 SoyMigrante.com REVISTA\" \/>\t\t\t\t\t\t\t\t\t\t\t<figcaption class=\"widget-image-caption wp-caption-text\">Imagen que muestra billete de d\u00f3lar estadounidense y bandera de Guatemala, resaltando asuntos migratorios, econ\u00f3micos y culturales en la revista SoyMigrante.com.<\/figcaption>\n\t\t\t\t\t\t\t\t\t\t<\/figure>\n\t\t\t\t\t\t\t\t\t<\/div>\n\t\t\t\t\t<\/div>\n\t\t\t\t<\/div>\n\t\t<div data-particle_enable=\"false\" data-particle-mobile-disabled=\"false\" class=\"elementor-element elementor-element-fd8a747 e-flex e-con-boxed e-con e-parent\" data-id=\"fd8a747\" data-element_type=\"container\" data-e-type=\"container\">\n\t\t\t\t\t<div class=\"e-con-inner\">\n\t\t\t\t<div class=\"elementor-element elementor-element-16131f4 elementor-widget elementor-widget-heading\" data-id=\"16131f4\" data-element_type=\"widget\" data-e-type=\"widget\" data-widget_type=\"heading.default\">\n\t\t\t\t\t<h4 class=\"elementor-heading-title elementor-size-default\">\u00bfCu\u00e1nto de las remesas va al ahorro en Guatemala?<\/h4>\t\t\t\t<\/div>\n\t\t\t\t\t<\/div>\n\t\t\t\t<\/div>\n\t\t<div data-particle_enable=\"false\" data-particle-mobile-disabled=\"false\" class=\"elementor-element elementor-element-b716066 e-flex e-con-boxed e-con e-parent\" data-id=\"b716066\" data-element_type=\"container\" data-e-type=\"container\">\n\t\t\t\t\t<div class=\"e-con-inner\">\n\t\t\t\t<div class=\"elementor-element elementor-element-2866581 elementor-widget elementor-widget-text-editor\" data-id=\"2866581\" data-element_type=\"widget\" data-e-type=\"widget\" data-widget_type=\"text-editor.default\">\n\t\t\t\t\t\t\t\t\t<p><span style=\"color: var( --e-global-color-text );text-align: var(--text-align)\">\u201cSi de US$20 mil millones y el 10% se va al ahorro, estamos diciendo que ah\u00ed se van 2 mil millones de d\u00f3lares, est\u00e1n durmiendo los justos, pero que deber\u00edan o podr\u00edan orientarse hacia alg\u00fan recurso m\u00e1s productivo\u201d, a\u00f1ade Orozco en vistas de que el migrante aprenda a invertir, pero para ello es importante fomentar la educaci\u00f3n financiera y as\u00ed administrar correctamente cada centavo proveniente de las remesas de los migrantes guatemaltecos en USA.<\/span><\/p>\t\t\t\t\t\t\t\t<\/div>\n\t\t\t\t\t<\/div>\n\t\t\t\t<\/div>\n\t\t<div data-particle_enable=\"false\" data-particle-mobile-disabled=\"false\" class=\"elementor-element elementor-element-f729177 e-flex e-con-boxed e-con e-parent\" data-id=\"f729177\" data-element_type=\"container\" data-e-type=\"container\">\n\t\t\t\t\t<div class=\"e-con-inner\">\n\t\t\t\t<div class=\"elementor-element elementor-element-3f7324f elementor-widget elementor-widget-heading\" data-id=\"3f7324f\" data-element_type=\"widget\" data-e-type=\"widget\" data-widget_type=\"heading.default\">\n\t\t\t\t\t<h3 class=\"elementor-heading-title elementor-size-default\">Consejos para tu econom\u00eda<\/h3>\t\t\t\t<\/div>\n\t\t\t\t\t<\/div>\n\t\t\t\t<\/div>\n\t\t<div data-particle_enable=\"false\" data-particle-mobile-disabled=\"false\" class=\"elementor-element elementor-element-1ccbbd9 e-flex e-con-boxed e-con e-parent\" data-id=\"1ccbbd9\" data-element_type=\"container\" data-e-type=\"container\">\n\t\t\t\t\t<div class=\"e-con-inner\">\n\t\t\t\t<div class=\"elementor-element elementor-element-a6756ea elementor-grid-eael-col-3 elementor-grid-tablet-eael-col-2 elementor-grid-mobile-eael-col-1 elementor-widget elementor-widget-eael-post-grid\" data-id=\"a6756ea\" data-element_type=\"widget\" data-e-type=\"widget\" data-settings=\"{&quot;eael_post_grid_columns&quot;:&quot;eael-col-3&quot;,&quot;eael_post_grid_columns_tablet&quot;:&quot;eael-col-2&quot;,&quot;eael_post_grid_columns_mobile&quot;:&quot;eael-col-1&quot;}\" data-widget_type=\"eael-post-grid.default\">\n\t\t\t\t\t<div id=\"eael-post-grid-a6756ea\" class=\"eael-post-grid-container\">\n            <div class=\"eael-post-grid eael-post-appender eael-post-appender-a6756ea eael-post-grid-style-one\" data-layout-mode=\"masonry\"><article class=\"eael-grid-post  eael-post-grid-column eael-pg-post-9718 category-bienestar\" data-id=\"9718\">\n        <div class=\"eael-grid-post-holder\">\n            <div class=\"eael-grid-post-holder-inner\"><div class=\"eael-entry-media\"><div class=\"eael-entry-overlay fade-in\"><i class=\"far fa-hand-pointer\" aria-hidden=\"true\"><\/i><a href=\"https:\/\/soymigrante.com\/revista\/como-hacer-un-presupuesto-para-alcanzar-metas-y-evitar-claveles\/\"><\/a><\/div><div class=\"eael-entry-thumbnail \">\n                <img loading=\"lazy\" decoding=\"async\" width=\"828\" height=\"828\" src=\"https:\/\/soymigrante.com\/revista\/wp-content\/uploads\/2024\/09\/presupuesto-en-el-hogar.webp\" class=\"attachment-large size-large wp-image-9725\" alt=\"Foto de un joven digital sentado con pierna doblada, usando un smartphone, rodeado de gr\u00e1ficos digitales, un gato rosa y una taza de caf\u00e9, representando contenido digital y tecnolog\u00eda.\" srcset=\"https:\/\/soymigrante.com\/revista\/wp-content\/uploads\/2024\/09\/presupuesto-en-el-hogar.webp 828w, https:\/\/soymigrante.com\/revista\/wp-content\/uploads\/2024\/09\/presupuesto-en-el-hogar-300x300.webp 300w, https:\/\/soymigrante.com\/revista\/wp-content\/uploads\/2024\/09\/presupuesto-en-el-hogar-150x150.webp 150w, https:\/\/soymigrante.com\/revista\/wp-content\/uploads\/2024\/09\/presupuesto-en-el-hogar-768x768.webp 768w, https:\/\/soymigrante.com\/revista\/wp-content\/uploads\/2024\/09\/presupuesto-en-el-hogar-75x75.webp 75w, https:\/\/soymigrante.com\/revista\/wp-content\/uploads\/2024\/09\/presupuesto-en-el-hogar-750x750.webp 750w\" sizes=\"(max-width: 828px) 100vw, 828px\" \/>\n            <\/div>\n        <\/div><div class=\"eael-entry-wrapper\"><header class=\"eael-entry-header\"><h2 class=\"eael-entry-title\"><a class=\"eael-grid-post-link\" href=\"https:\/\/soymigrante.com\/revista\/como-hacer-un-presupuesto-para-alcanzar-metas-y-evitar-claveles\/\" title=\"C\u00f3mo hacer un presupuesto para alcanzar sue\u00f1os y evitar deudas\">C\u00f3mo hacer un presupuesto para alcanzar sue\u00f1os y evitar deudas<\/a><\/h2><\/header><div class=\"eael-entry-content\">\n                        <div class=\"eael-grid-post-excerpt\"><a href=\"https:\/\/soymigrante.com\/revista\/como-hacer-un-presupuesto-para-alcanzar-metas-y-evitar-claveles\/\" class=\"eael-post-elements-readmore-btn\">CONOCE SU HISTORIA <\/a><\/div>\n                    <\/div><\/div><\/div>\n        <\/div>\n    <\/article><article class=\"eael-grid-post  eael-post-grid-column eael-pg-post-8329 category-bienestar\" data-id=\"8329\">\n        <div class=\"eael-grid-post-holder\">\n            <div class=\"eael-grid-post-holder-inner\"><div class=\"eael-entry-media\"><div class=\"eael-entry-overlay fade-in\"><i class=\"far fa-hand-pointer\" aria-hidden=\"true\"><\/i><a href=\"https:\/\/soymigrante.com\/revista\/experto-responde-es-mejor-alquilar-o-comprar-casa-en-usa\/\"><\/a><\/div><div class=\"eael-entry-thumbnail \">\n                <img loading=\"lazy\" decoding=\"async\" width=\"1024\" height=\"1024\" src=\"https:\/\/soymigrante.com\/revista\/wp-content\/uploads\/2024\/08\/house-hacking-soy-migrante-1-1024x1024.webp\" class=\"attachment-large size-large wp-image-8347\" alt=\"Claves y viviendas para migrantes que buscan asesor\u00eda en oferta inmobiliaria y derechos en su proceso de migraci\u00f3n.\" srcset=\"https:\/\/soymigrante.com\/revista\/wp-content\/uploads\/2024\/08\/house-hacking-soy-migrante-1-1024x1024.webp 1024w, https:\/\/soymigrante.com\/revista\/wp-content\/uploads\/2024\/08\/house-hacking-soy-migrante-1-300x300.webp 300w, https:\/\/soymigrante.com\/revista\/wp-content\/uploads\/2024\/08\/house-hacking-soy-migrante-1-150x150.webp 150w, https:\/\/soymigrante.com\/revista\/wp-content\/uploads\/2024\/08\/house-hacking-soy-migrante-1-768x768.webp 768w, https:\/\/soymigrante.com\/revista\/wp-content\/uploads\/2024\/08\/house-hacking-soy-migrante-1-1536x1536.webp 1536w, https:\/\/soymigrante.com\/revista\/wp-content\/uploads\/2024\/08\/house-hacking-soy-migrante-1-scaled.webp 1920w, https:\/\/soymigrante.com\/revista\/wp-content\/uploads\/2024\/08\/house-hacking-soy-migrante-1-75x75.webp 75w, https:\/\/soymigrante.com\/revista\/wp-content\/uploads\/2024\/08\/house-hacking-soy-migrante-1-750x750.webp 750w, https:\/\/soymigrante.com\/revista\/wp-content\/uploads\/2024\/08\/house-hacking-soy-migrante-1-1140x1140.webp 1140w\" sizes=\"(max-width: 1024px) 100vw, 1024px\" \/>\n            <\/div>\n        <\/div><div class=\"eael-entry-wrapper\"><header class=\"eael-entry-header\"><h2 class=\"eael-entry-title\"><a class=\"eael-grid-post-link\" href=\"https:\/\/soymigrante.com\/revista\/experto-responde-es-mejor-alquilar-o-comprar-casa-en-usa\/\" title=\"Experto guatemalteco explica: \u00bfEs mejor comprar casa o rentar en USA?\">Experto guatemalteco explica: \u00bfEs mejor comprar casa o rentar en USA?<\/a><\/h2><\/header><div class=\"eael-entry-content\">\n                        <div class=\"eael-grid-post-excerpt\"><a href=\"https:\/\/soymigrante.com\/revista\/experto-responde-es-mejor-alquilar-o-comprar-casa-en-usa\/\" class=\"eael-post-elements-readmore-btn\">CONOCE SU HISTORIA <\/a><\/div>\n                    <\/div><\/div><\/div>\n        <\/div>\n    <\/article><article class=\"eael-grid-post  eael-post-grid-column eael-pg-post-1855 category-bienestar\" data-id=\"1855\">\n        <div class=\"eael-grid-post-holder\">\n            <div class=\"eael-grid-post-holder-inner\"><div class=\"eael-entry-media\"><div class=\"eael-entry-overlay fade-in\"><i class=\"far fa-hand-pointer\" aria-hidden=\"true\"><\/i><a href=\"https:\/\/soymigrante.com\/revista\/importancia-del-ahorro-migrantes-guatemaltecos\/\"><\/a><\/div><div class=\"eael-entry-thumbnail \">\n                <img loading=\"lazy\" decoding=\"async\" width=\"1024\" height=\"699\" src=\"https:\/\/soymigrante.com\/revista\/wp-content\/uploads\/2023\/07\/Captura-de-pantalla-2023-07-13-232819-1024x699.webp\" class=\"attachment-large size-large wp-image-1859\" alt=\"\" srcset=\"https:\/\/soymigrante.com\/revista\/wp-content\/uploads\/2023\/07\/Captura-de-pantalla-2023-07-13-232819-1024x699.webp 1024w, https:\/\/soymigrante.com\/revista\/wp-content\/uploads\/2023\/07\/Captura-de-pantalla-2023-07-13-232819-300x205.webp 300w, https:\/\/soymigrante.com\/revista\/wp-content\/uploads\/2023\/07\/Captura-de-pantalla-2023-07-13-232819-768x524.webp 768w, https:\/\/soymigrante.com\/revista\/wp-content\/uploads\/2023\/07\/Captura-de-pantalla-2023-07-13-232819-750x512.webp 750w, https:\/\/soymigrante.com\/revista\/wp-content\/uploads\/2023\/07\/Captura-de-pantalla-2023-07-13-232819-1140x778.webp 1140w, https:\/\/soymigrante.com\/revista\/wp-content\/uploads\/2023\/07\/Captura-de-pantalla-2023-07-13-232819.webp 1175w\" sizes=\"(max-width: 1024px) 100vw, 1024px\" \/>\n            <\/div>\n        <\/div><div class=\"eael-entry-wrapper\"><header class=\"eael-entry-header\"><h2 class=\"eael-entry-title\"><a class=\"eael-grid-post-link\" href=\"https:\/\/soymigrante.com\/revista\/importancia-del-ahorro-migrantes-guatemaltecos\/\" title=\"7 claves para ahorrar que quiz\u00e1 ya hab\u00edas pensado&#8230; o tal vez no\">7 claves para ahorrar que quiz\u00e1 ya hab\u00edas pensado&#8230; o tal vez no<\/a><\/h2><\/header><div class=\"eael-entry-content\">\n                        <div class=\"eael-grid-post-excerpt\"><a href=\"https:\/\/soymigrante.com\/revista\/importancia-del-ahorro-migrantes-guatemaltecos\/\" class=\"eael-post-elements-readmore-btn\">CONOCE SU HISTORIA <\/a><\/div>\n                    <\/div><\/div><\/div>\n        <\/div>\n    <\/article><\/div>\n            <div class=\"clearfix\"><\/div>\n        <\/div>\t\t\t\t<\/div>\n\t\t\t\t\t<\/div>\n\t\t\t\t<\/div>\n\t\t\t\t<\/div>\n\t\t","protected":false},"excerpt":{"rendered":"<p>Las remesas constituyen una oportunidad para el desarrollo familiar y comunitario. Su administraci\u00f3n y aprovechamiento fue uno de los temas de la reciente Cumbre Migratoria Religiosa efectuada en Guatemala. \u00bfQu\u00e9 representan las remesas para Guatemala? \u00bfC\u00f3mo aprovechar el recurso econ\u00f3mico de las remesas familiares? Son algunas preguntas que detonan un an\u00e1lisis sobre la contribuci\u00f3n que [&hellip;]<\/p>\n","protected":false},"author":23,"featured_media":10708,"comment_status":"open","ping_status":"open","sticky":false,"template":"","format":"standard","meta":{"_acf_changed":false,"_eb_attr":"","footnotes":""},"categories":[54],"tags":[],"class_list":["post-10706","post","type-post","status-publish","format-standard","has-post-thumbnail","hentry","category-estamos-unidos"],"acf":[],"aioseo_notices":[],"aioseo_head":"\n\t\t<!-- All in One SEO Pro 4.9.6.2 - aioseo.com -->\n\t<meta name=\"description\" content=\"Explora 7 claves esenciales para desarrollar un h\u00e1bito de ahorro s\u00f3lido, especialmente dise\u00f1adas para migrantes en busca de estabilidad financiera\" \/>\n\t<meta name=\"robots\" content=\"max-snippet:-1, max-image-preview:large, max-video-preview:-1\" \/>\n\t<meta name=\"author\" content=\"SoyMigrante.com REVISTA\"\/>\n\t<link rel=\"canonical\" href=\"https:\/\/soymigrante.com\/revista\/importancia-del-ahorro-migrantes-guatemaltecos\/\" \/>\n\t<meta name=\"generator\" content=\"All in One SEO Pro (AIOSEO) 4.9.6.2\" \/>\n\n\t\t<link rel=\"preconnect\" href=\"https:\/\/fonts.googleapis.com\" crossorigin>\n<link rel=\"preconnect\" href=\"https:\/\/fonts.gstatic.com\" crossorigin>\n\t\t<meta property=\"og:locale\" content=\"es_ES\" \/>\n\t\t<meta property=\"og:site_name\" content=\"SoyMigrante.com REVISTA \u2013 Nuestra misi\u00f3n es reconocer y dignificar al migrante.\" \/>\n\t\t<meta property=\"og:type\" content=\"article\" \/>\n\t\t<meta property=\"og:title\" content=\"7 claves para ahorrar que quiz\u00e1 ya hab\u00edas pensado\u2026 o tal vez no\" \/>\n\t\t<meta property=\"og:description\" content=\"Explora 7 claves esenciales para desarrollar un h\u00e1bito de ahorro s\u00f3lido, especialmente dise\u00f1adas para migrantes en busca de estabilidad financiera\" \/>\n\t\t<meta property=\"og:url\" content=\"https:\/\/soymigrante.com\/revista\/importancia-del-ahorro-migrantes-guatemaltecos\/\" \/>\n\t\t<meta property=\"og:image\" content=\"https:\/\/soymigrante.com\/revista\/wp-content\/uploads\/2023\/07\/Captura-de-pantalla-2023-07-13-232819.webp\" \/>\n\t\t<meta property=\"og:image:secure_url\" content=\"https:\/\/soymigrante.com\/revista\/wp-content\/uploads\/2023\/07\/Captura-de-pantalla-2023-07-13-232819.webp\" \/>\n\t\t<meta property=\"og:image:width\" content=\"1175\" \/>\n\t\t<meta property=\"og:image:height\" content=\"802\" \/>\n\t\t<meta property=\"article:published_time\" content=\"2023-07-14T06:02:10+00:00\" \/>\n\t\t<meta property=\"article:modified_time\" content=\"2024-07-31T14:11:25+00:00\" \/>\n\t\t<meta property=\"article:publisher\" content=\"https:\/\/www.facebook.com\/soymigrantecom\" \/>\n\t\t<meta name=\"twitter:card\" content=\"summary_large_image\" \/>\n\t\t<meta name=\"twitter:site\" content=\"@SoyMigrante_com\" \/>\n\t\t<meta name=\"twitter:title\" content=\"7 claves para ahorrar que quiz\u00e1 ya hab\u00edas pensado\u2026 o tal vez no\" \/>\n\t\t<meta name=\"twitter:description\" content=\"Explora 7 claves esenciales para desarrollar un h\u00e1bito de ahorro s\u00f3lido, especialmente dise\u00f1adas para migrantes en busca de estabilidad financiera\" \/>\n\t\t<meta name=\"twitter:creator\" content=\"@SoyMigrante_com\" \/>\n\t\t<meta name=\"twitter:image\" content=\"https:\/\/soymigrante.com\/revista\/wp-content\/uploads\/2023\/07\/Captura-de-pantalla-2023-07-13-232819.webp\" \/>\n\t\t<!-- All in One SEO Pro -->\r\n\t\t<title>7 claves para ahorrar que quiz\u00e1 ya hab\u00edas pensado\u2026 o tal vez no<\/title>\n\n","aioseo_head_json":{"title":"7 claves para ahorrar que quiz\u00e1 ya hab\u00edas pensado\u2026 o tal vez no","description":"Explora 7 claves esenciales para desarrollar un h\u00e1bito de ahorro s\u00f3lido, especialmente dise\u00f1adas para migrantes en busca de estabilidad financiera","canonical_url":"https:\/\/soymigrante.com\/revista\/importancia-del-ahorro-migrantes-guatemaltecos\/","robots":"max-snippet:-1, max-image-preview:large, max-video-preview:-1","keywords":"","webmasterTools":{"miscellaneous":"&lt;link rel=\"preconnect\" href=\"https:\/\/fonts.googleapis.com\" crossorigin&gt;\n&lt;link rel=\"preconnect\" href=\"https:\/\/fonts.gstatic.com\" crossorigin&gt;"},"schema":null,"og:locale":"es_ES","og:site_name":"SoyMigrante.com REVISTA \u2013 Nuestra misi\u00f3n es reconocer y dignificar al migrante.","og:type":"article","og:title":"7 claves para ahorrar que quiz\u00e1 ya hab\u00edas pensado\u2026 o tal vez no","og:description":"Explora 7 claves esenciales para desarrollar un h\u00e1bito de ahorro s\u00f3lido, especialmente dise\u00f1adas para migrantes en busca de estabilidad financiera","og:url":"https:\/\/soymigrante.com\/revista\/importancia-del-ahorro-migrantes-guatemaltecos\/","og:image":"https:\/\/soymigrante.com\/revista\/wp-content\/uploads\/2023\/07\/Captura-de-pantalla-2023-07-13-232819.webp","og:image:secure_url":"https:\/\/soymigrante.com\/revista\/wp-content\/uploads\/2023\/07\/Captura-de-pantalla-2023-07-13-232819.webp","og:image:width":1175,"og:image:height":802,"article:published_time":"2023-07-14T06:02:10+00:00","article:modified_time":"2024-07-31T14:11:25+00:00","article:publisher":"https:\/\/www.facebook.com\/soymigrantecom","twitter:card":"summary_large_image","twitter:site":"@SoyMigrante_com","twitter:title":"7 claves para ahorrar que quiz\u00e1 ya hab\u00edas pensado\u2026 o tal vez no","twitter:description":"Explora 7 claves esenciales para desarrollar un h\u00e1bito de ahorro s\u00f3lido, especialmente dise\u00f1adas para migrantes en busca de estabilidad financiera","twitter:creator":"@SoyMigrante_com","twitter:image":"https:\/\/soymigrante.com\/revista\/wp-content\/uploads\/2023\/07\/Captura-de-pantalla-2023-07-13-232819.webp"},"aioseo_meta_data":{"post_id":"10706","title":"Remesas a Guatemala","description":"Durante Cumbre Migratoria Religiosa 2024, organizada por INC. y la U. San Pablo de Guatemala, se revelaron datos acerca del impacto de remesas en el desarrollo.","keywords":null,"keyphrases":{"focus":{"keyphrase":"remesas","score":100,"analysis":{"keyphraseInTitle":{"score":9,"maxScore":9,"error":0},"keyphraseInDescription":{"score":9,"maxScore":9,"error":0},"keyphraseLength":{"score":9,"maxScore":9,"error":0,"length":1},"keyphraseInURL":{"score":5,"maxScore":5,"error":0},"keyphraseInIntroduction":{"score":9,"maxScore":9,"error":0},"keyphraseInSubHeadings":{"score":9,"maxScore":9,"error":0},"keyphraseInImageAlt":{"score":9,"maxScore":9,"error":0},"keywordDensity":{"type":"best","score":9,"maxScore":9,"error":0}}},"additional":[{"keyphrase":"Guatemala","score":87,"analysis":{"keyphraseInDescription":{"score":9,"maxScore":9,"error":0},"keyphraseLength":{"score":9,"maxScore":9,"error":0,"length":1},"keyphraseInIntroduction":{"score":9,"maxScore":9,"error":0},"keyphraseInImageAlt":{"score":3,"maxScore":9,"error":1},"keywordDensity":{"type":"best","score":9,"maxScore":9,"error":0}}},{"keyphrase":"Estados Unidos","score":67,"analysis":{"keyphraseInDescription":{"score":3,"maxScore":9,"error":1},"keyphraseLength":{"score":9,"maxScore":9,"error":0,"length":2},"keyphraseInIntroduction":{"score":9,"maxScore":9,"error":0},"keyphraseInImageAlt":{"score":9,"maxScore":9,"error":0},"keywordDensity":{"score":0,"type":"low","maxScore":9,"error":1}}},{"keyphrase":"migrantes","score":67,"analysis":{"keyphraseInDescription":{"score":3,"maxScore":9,"error":1},"keyphraseLength":{"score":9,"maxScore":9,"error":0,"length":1},"keyphraseInIntroduction":{"score":9,"maxScore":9,"error":0},"keyphraseInImageAlt":{"score":9,"maxScore":9,"error":0},"keywordDensity":{"score":0,"type":"low","maxScore":9,"error":1}}},{"keyphrase":"desigualdad social","score":40,"analysis":{"keyphraseInDescription":{"score":3,"maxScore":9,"error":1},"keyphraseLength":{"score":9,"maxScore":9,"error":0,"length":2},"keyphraseInIntroduction":{"score":3,"maxScore":9,"error":1},"keyphraseInImageAlt":{"score":3,"maxScore":9,"error":1},"keywordDensity":{"score":0,"type":"low","maxScore":9,"error":1}}}]},"primary_term":null,"canonical_url":null,"og_title":null,"og_description":null,"og_object_type":"default","og_image_type":"default","og_image_url":null,"og_image_width":null,"og_image_height":null,"og_image_custom_url":null,"og_image_custom_fields":null,"og_video":"","og_custom_url":null,"og_article_section":null,"og_article_tags":null,"twitter_use_og":false,"twitter_card":"default","twitter_image_type":"default","twitter_image_url":null,"twitter_image_custom_url":null,"twitter_image_custom_fields":null,"twitter_title":null,"twitter_description":null,"schema":{"blockGraphs":[],"customGraphs":[],"default":{"data":{"Article":[],"Course":[],"Dataset":[],"FAQPage":[],"Movie":[],"Person":[],"Product":[],"ProductReview":[],"Car":[],"Recipe":[],"Service":[],"SoftwareApplication":[],"WebPage":[]},"graphName":"Article","isEnabled":true},"graphs":[]},"schema_type":"default","schema_type_options":null,"pillar_content":false,"robots_default":true,"robots_noindex":false,"robots_noarchive":false,"robots_nosnippet":false,"robots_nofollow":false,"robots_noimageindex":false,"robots_noodp":false,"robots_notranslate":false,"robots_max_snippet":"-1","robots_max_videopreview":"-1","robots_max_imagepreview":"large","priority":null,"frequency":"default","local_seo":null,"seo_analyzer_scan_date":"2025-10-09 00:00:11","breadcrumb_settings":null,"limit_modified_date":false,"reviewed_by":null,"open_ai":"{\"title\":{\"suggestions\":[],\"usage\":0},\"description\":{\"suggestions\":[],\"usage\":0}}","ai":null,"created":"2024-10-25 23:05:34","updated":"2026-02-04 15:42:35"},"aioseo_breadcrumb":"<div class=\"aioseo-breadcrumbs\"><span class=\"aioseo-breadcrumb\">\n\t<a href=\"https:\/\/soymigrante.com\/revista\" title=\"Home\">Home<\/a>\n<\/span><span class=\"aioseo-breadcrumb-separator\">\u00bb<\/span><span class=\"aioseo-breadcrumb\">\n\t<a href=\"https:\/\/soymigrante.com\/revista\/category\/estamos-unidos\/\" title=\"Estamos Unidos\">Estamos Unidos<\/a>\n<\/span><span class=\"aioseo-breadcrumb-separator\">\u00bb<\/span><span class=\"aioseo-breadcrumb\">\n\t10% de remesas migrantes se destinan a ahorro y 8%, a emprendimientos: entrevista con experto guatemalteco\n<\/span><\/div>","aioseo_breadcrumb_json":[{"label":"Home","link":"https:\/\/soymigrante.com\/revista"},{"label":"Estamos Unidos","link":"https:\/\/soymigrante.com\/revista\/category\/estamos-unidos\/"},{"label":"10% de remesas migrantes se destinan a ahorro y 8%, a emprendimientos: entrevista con experto guatemalteco","link":"https:\/\/soymigrante.com\/revista\/remesas-migrantes-10-se-destinan-a-ahorro-y-8-a-emprendimientos\/"}],"_links":{"self":[{"href":"https:\/\/soymigrante.com\/revista\/wp-json\/wp\/v2\/posts\/10706","targetHints":{"allow":["GET"]}}],"collection":[{"href":"https:\/\/soymigrante.com\/revista\/wp-json\/wp\/v2\/posts"}],"about":[{"href":"https:\/\/soymigrante.com\/revista\/wp-json\/wp\/v2\/types\/post"}],"author":[{"embeddable":true,"href":"https:\/\/soymigrante.com\/revista\/wp-json\/wp\/v2\/users\/23"}],"replies":[{"embeddable":true,"href":"https:\/\/soymigrante.com\/revista\/wp-json\/wp\/v2\/comments?post=10706"}],"version-history":[{"count":0,"href":"https:\/\/soymigrante.com\/revista\/wp-json\/wp\/v2\/posts\/10706\/revisions"}],"wp:featuredmedia":[{"embeddable":true,"href":"https:\/\/soymigrante.com\/revista\/wp-json\/wp\/v2\/media\/10708"}],"wp:attachment":[{"href":"https:\/\/soymigrante.com\/revista\/wp-json\/wp\/v2\/media?parent=10706"}],"wp:term":[{"taxonomy":"category","embeddable":true,"href":"https:\/\/soymigrante.com\/revista\/wp-json\/wp\/v2\/categories?post=10706"},{"taxonomy":"post_tag","embeddable":true,"href":"https:\/\/soymigrante.com\/revista\/wp-json\/wp\/v2\/tags?post=10706"}],"curies":[{"name":"wp","href":"https:\/\/api.w.org\/{rel}","templated":true}]}}