{"id":1070,"date":"2023-05-27T01:21:07","date_gmt":"2023-05-27T01:21:07","guid":{"rendered":"https:\/\/soymigrante.com\/revista\/?p=1070"},"modified":"2024-11-01T07:52:05","modified_gmt":"2024-11-01T13:52:05","slug":"comunicado-de-prensa-momostenango-26-de-mayo-2023","status":"publish","type":"post","link":"https:\/\/soymigrante.com\/revista\/comunicado-de-prensa-momostenango-26-de-mayo-2023\/","title":{"rendered":"COMUNICADO DE PRENSA Momostenango 26 de mayo de 2023"},"content":{"rendered":"\t\t<div data-elementor-type=\"wp-post\" data-elementor-id=\"1070\" class=\"elementor elementor-1070\" data-elementor-post-type=\"post\">\n\t\t\t\t\t\t<section data-particle_enable=\"false\" data-particle-mobile-disabled=\"false\" class=\"elementor-section elementor-top-section elementor-element elementor-element-6371949 elementor-section-boxed elementor-section-height-default elementor-section-height-default\" data-id=\"6371949\" data-element_type=\"section\" data-e-type=\"section\">\n\t\t\t\t\t\t<div class=\"elementor-container elementor-column-gap-default\">\n\t\t\t\t\t<div class=\"elementor-column elementor-col-100 elementor-top-column elementor-element elementor-element-67aa99d\" data-id=\"67aa99d\" data-element_type=\"column\" data-e-type=\"column\">\n\t\t\t<div class=\"elementor-widget-wrap elementor-element-populated\">\n\t\t\t\t\t\t<div class=\"elementor-element elementor-element-d944696 elementor-widget elementor-widget-spacer\" data-id=\"d944696\" data-element_type=\"widget\" data-e-type=\"widget\" data-widget_type=\"spacer.default\">\n\t\t\t\t\t\t\t<div class=\"elementor-spacer\">\n\t\t\t<div class=\"elementor-spacer-inner\"><\/div>\n\t\t<\/div>\n\t\t\t\t\t\t<\/div>\n\t\t\t\t<div class=\"elementor-element elementor-element-7bec301 elementor-widget elementor-widget-heading\" data-id=\"7bec301\" data-element_type=\"widget\" data-e-type=\"widget\" data-widget_type=\"heading.default\">\n\t\t\t\t\t<h3 class=\"elementor-heading-title elementor-size-default\">EMOTIVO LANZAMIENTO DEL EMPRENDIMIENTO DIGITAL SOYMIGRANTE.COM <\/h3>\t\t\t\t<\/div>\n\t\t\t\t\t<\/div>\n\t\t<\/div>\n\t\t\t\t\t<\/div>\n\t\t<\/section>\n\t\t\t\t<section data-particle_enable=\"false\" data-particle-mobile-disabled=\"false\" class=\"elementor-section elementor-top-section elementor-element elementor-element-f49f03f elementor-section-boxed elementor-section-height-default elementor-section-height-default\" data-id=\"f49f03f\" data-element_type=\"section\" data-e-type=\"section\">\n\t\t\t\t\t\t<div class=\"elementor-container elementor-column-gap-default\">\n\t\t\t\t\t<div class=\"elementor-column elementor-col-100 elementor-top-column elementor-element elementor-element-4053530\" data-id=\"4053530\" data-element_type=\"column\" data-e-type=\"column\">\n\t\t\t<div class=\"elementor-widget-wrap elementor-element-populated\">\n\t\t\t\t\t\t<div class=\"elementor-element elementor-element-14ecf55 elementor-widget elementor-widget-text-editor\" data-id=\"14ecf55\" data-element_type=\"widget\" data-e-type=\"widget\" data-widget_type=\"text-editor.default\">\n\t\t\t\t\t\t\t\t\t<p>\u201cSoyMigrante.com\u201d nace para reconocer y dignificar el aporte de los guatemaltecos radicados en Estados Unidos, cuyo aporte sostiene la econom\u00eda, pero tambi\u00e9n para trazar nuevas oportunidades locales de negocios en busca del Sue\u00f1o Guatemalteco\u201d, expres\u00f3 el migrante Marcos Antil, al presentar su nuevo emprendimiento, el viernes 26 de mayo en Momostenango, Totonicap\u00e1n: una plataforma digital que integra el servicio de informaci\u00f3n a trav\u00e9s de historias y notas propositivas, as\u00ed como una fase de mercado en l\u00ednea (Marketplace).<\/p>\t\t\t\t\t\t\t\t<\/div>\n\t\t\t\t\t<\/div>\n\t\t<\/div>\n\t\t\t\t\t<\/div>\n\t\t<\/section>\n\t\t\t\t<section data-particle_enable=\"false\" data-particle-mobile-disabled=\"false\" class=\"elementor-section elementor-top-section elementor-element elementor-element-723cd9b elementor-section-boxed elementor-section-height-default elementor-section-height-default\" data-id=\"723cd9b\" data-element_type=\"section\" data-e-type=\"section\">\n\t\t\t\t\t\t<div class=\"elementor-container elementor-column-gap-default\">\n\t\t\t\t\t<div class=\"elementor-column elementor-col-100 elementor-top-column elementor-element elementor-element-d3ee368\" data-id=\"d3ee368\" data-element_type=\"column\" data-e-type=\"column\">\n\t\t\t<div class=\"elementor-widget-wrap elementor-element-populated\">\n\t\t\t\t\t\t<div class=\"elementor-element elementor-element-8b038c8 elementor-widget elementor-widget-text-editor\" data-id=\"8b038c8\" data-element_type=\"widget\" data-e-type=\"widget\" data-widget_type=\"text-editor.default\">\n\t\t\t\t\t\t\t\t\t<p>En el \u00e1rea de storytelling, <a href=\"https:\/\/soymigrante.com\/revista\">SoyMigrante.com<\/a> busca ser una plataforma sin fronteras para relatar las historias, logros, desaf\u00edos y valiosos testimonios de vida que reflejan un conjunto de valores que despiertan inspiraci\u00f3n, esperanza y el anhelo del sue\u00f1o guatemalteco. El proyecto sirve para\u00a0 escribir la historia de una Guatemala fuera de Guatemala pero con el mismo coraz\u00f3n.<\/p>\t\t\t\t\t\t\t\t<\/div>\n\t\t\t\t\t<\/div>\n\t\t<\/div>\n\t\t\t\t\t<\/div>\n\t\t<\/section>\n\t\t\t\t<section data-particle_enable=\"false\" data-particle-mobile-disabled=\"false\" class=\"elementor-section elementor-top-section elementor-element elementor-element-f0c13c8 elementor-section-boxed elementor-section-height-default elementor-section-height-default\" data-id=\"f0c13c8\" data-element_type=\"section\" data-e-type=\"section\">\n\t\t\t\t\t\t<div class=\"elementor-container elementor-column-gap-default\">\n\t\t\t\t\t<div class=\"elementor-column elementor-col-100 elementor-top-column elementor-element elementor-element-70faa57\" data-id=\"70faa57\" data-element_type=\"column\" data-e-type=\"column\">\n\t\t\t<div class=\"elementor-widget-wrap elementor-element-populated\">\n\t\t\t\t\t\t<div class=\"elementor-element elementor-element-15027b3 elementor-widget elementor-widget-text-editor\" data-id=\"15027b3\" data-element_type=\"widget\" data-e-type=\"widget\" data-widget_type=\"text-editor.default\">\n\t\t\t\t\t\t\t\t\t<p>El evento de presentaci\u00f3n fue conducido por Virginia Argueta, empresaria y Miss Guatemala 2016. Se cont\u00f3 con la participaci\u00f3n de los socios fundadores de la nueva compa\u00f1\u00eda: el impulsor de emprendimiento Alexis Canahu\u00ed, el arquitecto y cantante Francisco P\u00e1ez, el ingeniero y m\u00fasico Jacobo Nitsch, ambos integrantes del conjunto Malacates Trebol Shop, as\u00ed como del Director Editorial y tambi\u00e9n cofundador Gustavo Adolfo Montenegro, periodista con 30 a\u00f1os de carrera.<\/p>\t\t\t\t\t\t\t\t<\/div>\n\t\t\t\t<div class=\"elementor-element elementor-element-9ea8fb0 elementor-widget elementor-widget-text-editor\" data-id=\"9ea8fb0\" data-element_type=\"widget\" data-e-type=\"widget\" data-widget_type=\"text-editor.default\">\n\t\t\t\t\t\t\t\t\t<p>El evento se efectu\u00f3 en Momostenango, en el sal\u00f3n del caf\u00e9 Momostip\u00e1n, propiedad de Angel Ambrocio, migrante y emprendedor que estuvo en EE.UU. entre 2005 y 2012, pero que volvi\u00f3 para estar con su familias y generar oportunidades en su lugar de origen.<\/p><p>El sitio soymigrante.com ya se encuentra abierto al p\u00fablico, es totalmente gratuito.<br \/>Para informaci\u00f3n adicional escribir al correo.<\/p>\t\t\t\t\t\t\t\t<\/div>\n\t\t\t\t\t<\/div>\n\t\t<\/div>\n\t\t\t\t\t<\/div>\n\t\t<\/section>\n\t\t\t\t<section data-particle_enable=\"false\" data-particle-mobile-disabled=\"false\" class=\"elementor-section elementor-top-section elementor-element elementor-element-4c21b3e elementor-section-boxed elementor-section-height-default elementor-section-height-default\" data-id=\"4c21b3e\" data-element_type=\"section\" data-e-type=\"section\">\n\t\t\t\t\t\t<div class=\"elementor-container elementor-column-gap-default\">\n\t\t\t\t\t<div class=\"elementor-column elementor-col-100 elementor-top-column elementor-element elementor-element-991d2b0\" data-id=\"991d2b0\" data-element_type=\"column\" data-e-type=\"column\">\n\t\t\t<div class=\"elementor-widget-wrap elementor-element-populated\">\n\t\t\t\t\t\t<div class=\"elementor-element elementor-element-3a9c336 elementor-widget elementor-widget-gallery\" data-id=\"3a9c336\" data-element_type=\"widget\" data-e-type=\"widget\" data-settings=\"{&quot;gallery_layout&quot;:&quot;justified&quot;,&quot;lazyload&quot;:&quot;yes&quot;,&quot;ideal_row_height&quot;:{&quot;unit&quot;:&quot;px&quot;,&quot;size&quot;:200,&quot;sizes&quot;:[]},&quot;ideal_row_height_tablet&quot;:{&quot;unit&quot;:&quot;px&quot;,&quot;size&quot;:150,&quot;sizes&quot;:[]},&quot;ideal_row_height_mobile&quot;:{&quot;unit&quot;:&quot;px&quot;,&quot;size&quot;:150,&quot;sizes&quot;:[]},&quot;gap&quot;:{&quot;unit&quot;:&quot;px&quot;,&quot;size&quot;:10,&quot;sizes&quot;:[]},&quot;gap_tablet&quot;:{&quot;unit&quot;:&quot;px&quot;,&quot;size&quot;:10,&quot;sizes&quot;:[]},&quot;gap_mobile&quot;:{&quot;unit&quot;:&quot;px&quot;,&quot;size&quot;:10,&quot;sizes&quot;:[]},&quot;link_to&quot;:&quot;file&quot;,&quot;overlay_background&quot;:&quot;yes&quot;,&quot;content_hover_animation&quot;:&quot;fade-in&quot;}\" data-widget_type=\"gallery.default\">\n\t\t\t\t\t\t\t<div class=\"elementor-gallery__container\">\n\t\t\t\t\t\t\t<a class=\"e-gallery-item elementor-gallery-item elementor-animated-content\" href=\"https:\/\/soymigrante.com\/revista\/wp-content\/uploads\/2023\/05\/COMUNICADO-DE-PRENSA-Momostenango-26-de-mayo-de-2023-1.webp\" data-elementor-open-lightbox=\"yes\" data-elementor-lightbox-slideshow=\"3a9c336\" data-elementor-lightbox-title=\"COMUNICADO DE PRENSA Momostenango 26 de mayo de 2023-1\" data-elementor-lightbox-description=\"EMOTIVO LANZAMIENTO DEL EMPRENDIMIENTO DIGITAL SOYMIGRANTE.COM   \" data-e-action-hash=\"#elementor-action%3Aaction%3Dlightbox%26settings%3DeyJpZCI6MTA3NiwidXJsIjoiaHR0cHM6XC9cL3NveW1pZ3JhbnRlLmNvbVwvcmV2aXN0YVwvd3AtY29udGVudFwvdXBsb2Fkc1wvMjAyM1wvMDVcL0NPTVVOSUNBRE8tREUtUFJFTlNBLU1vbW9zdGVuYW5nby0yNi1kZS1tYXlvLWRlLTIwMjMtMS53ZWJwIiwic2xpZGVzaG93IjoiM2E5YzMzNiJ9\">\n\t\t\t\t\t<div class=\"e-gallery-image elementor-gallery-item__image\" data-thumbnail=\"https:\/\/soymigrante.com\/revista\/wp-content\/uploads\/2023\/05\/COMUNICADO-DE-PRENSA-Momostenango-26-de-mayo-de-2023-1-300x200.webp\" data-width=\"300\" data-height=\"200\" aria-label=\"EMOTIVO LANZAMIENTO DEL EMPRENDIMIENTO DIGITAL SOYMIGRANTE.COM\" role=\"img\" ><\/div>\n\t\t\t\t\t\t\t\t\t\t\t<div class=\"elementor-gallery-item__overlay\"><\/div>\n\t\t\t\t\t\t\t\t\t\t\t\t\t\t<\/a>\n\t\t\t\t\t\t\t<a class=\"e-gallery-item elementor-gallery-item elementor-animated-content\" href=\"https:\/\/soymigrante.com\/revista\/wp-content\/uploads\/2023\/05\/COMUNICADO-DE-PRENSA-Momostenango-26-de-mayo-de-2023-5.webp\" data-elementor-open-lightbox=\"yes\" data-elementor-lightbox-slideshow=\"3a9c336\" data-elementor-lightbox-title=\"COMUNICADO DE PRENSA Momostenango 26 de mayo de 2023-5\" data-elementor-lightbox-description=\"EMOTIVO LANZAMIENTO DEL EMPRENDIMIENTO DIGITAL SOYMIGRANTE.COM   \" data-e-action-hash=\"#elementor-action%3Aaction%3Dlightbox%26settings%3DeyJpZCI6MTA3MiwidXJsIjoiaHR0cHM6XC9cL3NveW1pZ3JhbnRlLmNvbVwvcmV2aXN0YVwvd3AtY29udGVudFwvdXBsb2Fkc1wvMjAyM1wvMDVcL0NPTVVOSUNBRE8tREUtUFJFTlNBLU1vbW9zdGVuYW5nby0yNi1kZS1tYXlvLWRlLTIwMjMtNS53ZWJwIiwic2xpZGVzaG93IjoiM2E5YzMzNiJ9\">\n\t\t\t\t\t<div class=\"e-gallery-image elementor-gallery-item__image\" data-thumbnail=\"https:\/\/soymigrante.com\/revista\/wp-content\/uploads\/2023\/05\/COMUNICADO-DE-PRENSA-Momostenango-26-de-mayo-de-2023-5-300x200.webp\" data-width=\"300\" data-height=\"200\" aria-label=\"EMOTIVO LANZAMIENTO DEL EMPRENDIMIENTO DIGITAL SOYMIGRANTE.COM\" role=\"img\" ><\/div>\n\t\t\t\t\t\t\t\t\t\t\t<div class=\"elementor-gallery-item__overlay\"><\/div>\n\t\t\t\t\t\t\t\t\t\t\t\t\t\t<\/a>\n\t\t\t\t\t\t\t<a class=\"e-gallery-item elementor-gallery-item elementor-animated-content\" href=\"https:\/\/soymigrante.com\/revista\/wp-content\/uploads\/2023\/05\/COMUNICADO-DE-PRENSA-Momostenango-26-de-mayo-de-2023-4.webp\" data-elementor-open-lightbox=\"yes\" data-elementor-lightbox-slideshow=\"3a9c336\" data-elementor-lightbox-title=\"COMUNICADO DE PRENSA Momostenango 26 de mayo de 2023-4\" data-elementor-lightbox-description=\"EMOTIVO LANZAMIENTO DEL EMPRENDIMIENTO DIGITAL SOYMIGRANTE.COM   \" data-e-action-hash=\"#elementor-action%3Aaction%3Dlightbox%26settings%3DeyJpZCI6MTA3MywidXJsIjoiaHR0cHM6XC9cL3NveW1pZ3JhbnRlLmNvbVwvcmV2aXN0YVwvd3AtY29udGVudFwvdXBsb2Fkc1wvMjAyM1wvMDVcL0NPTVVOSUNBRE8tREUtUFJFTlNBLU1vbW9zdGVuYW5nby0yNi1kZS1tYXlvLWRlLTIwMjMtNC53ZWJwIiwic2xpZGVzaG93IjoiM2E5YzMzNiJ9\">\n\t\t\t\t\t<div class=\"e-gallery-image elementor-gallery-item__image\" data-thumbnail=\"https:\/\/soymigrante.com\/revista\/wp-content\/uploads\/2023\/05\/COMUNICADO-DE-PRENSA-Momostenango-26-de-mayo-de-2023-4-300x200.webp\" data-width=\"300\" data-height=\"200\" aria-label=\"EMOTIVO LANZAMIENTO DEL EMPRENDIMIENTO DIGITAL SOYMIGRANTE.COM\" role=\"img\" ><\/div>\n\t\t\t\t\t\t\t\t\t\t\t<div class=\"elementor-gallery-item__overlay\"><\/div>\n\t\t\t\t\t\t\t\t\t\t\t\t\t\t<\/a>\n\t\t\t\t\t\t\t<a class=\"e-gallery-item elementor-gallery-item elementor-animated-content\" href=\"https:\/\/soymigrante.com\/revista\/wp-content\/uploads\/2023\/05\/COMUNICADO-DE-PRENSA-Momostenango-26-de-mayo-de-2023-2.webp\" data-elementor-open-lightbox=\"yes\" data-elementor-lightbox-slideshow=\"3a9c336\" data-elementor-lightbox-title=\"COMUNICADO DE PRENSA Momostenango 26 de mayo de 2023-2\" data-elementor-lightbox-description=\"EMOTIVO LANZAMIENTO DEL EMPRENDIMIENTO DIGITAL SOYMIGRANTE.COM   \" data-e-action-hash=\"#elementor-action%3Aaction%3Dlightbox%26settings%3DeyJpZCI6MTA3NSwidXJsIjoiaHR0cHM6XC9cL3NveW1pZ3JhbnRlLmNvbVwvcmV2aXN0YVwvd3AtY29udGVudFwvdXBsb2Fkc1wvMjAyM1wvMDVcL0NPTVVOSUNBRE8tREUtUFJFTlNBLU1vbW9zdGVuYW5nby0yNi1kZS1tYXlvLWRlLTIwMjMtMi53ZWJwIiwic2xpZGVzaG93IjoiM2E5YzMzNiJ9\">\n\t\t\t\t\t<div class=\"e-gallery-image elementor-gallery-item__image\" data-thumbnail=\"https:\/\/soymigrante.com\/revista\/wp-content\/uploads\/2023\/05\/COMUNICADO-DE-PRENSA-Momostenango-26-de-mayo-de-2023-2-300x200.webp\" data-width=\"300\" data-height=\"200\" aria-label=\"EMOTIVO LANZAMIENTO DEL EMPRENDIMIENTO DIGITAL SOYMIGRANTE.COM\" role=\"img\" ><\/div>\n\t\t\t\t\t\t\t\t\t\t\t<div class=\"elementor-gallery-item__overlay\"><\/div>\n\t\t\t\t\t\t\t\t\t\t\t\t\t\t<\/a>\n\t\t\t\t\t\t\t<a class=\"e-gallery-item elementor-gallery-item elementor-animated-content\" href=\"https:\/\/soymigrante.com\/revista\/wp-content\/uploads\/2023\/05\/COMUNICADO-DE-PRENSA-Momostenango-26-de-mayo-de-2023-6.webp\" data-elementor-open-lightbox=\"yes\" data-elementor-lightbox-slideshow=\"3a9c336\" data-elementor-lightbox-title=\"COMUNICADO DE PRENSA Momostenango 26 de mayo de 2023-6\" data-elementor-lightbox-description=\"EMOTIVO LANZAMIENTO DEL EMPRENDIMIENTO DIGITAL SOYMIGRANTE.COM   \" data-e-action-hash=\"#elementor-action%3Aaction%3Dlightbox%26settings%3DeyJpZCI6MTA3MSwidXJsIjoiaHR0cHM6XC9cL3NveW1pZ3JhbnRlLmNvbVwvcmV2aXN0YVwvd3AtY29udGVudFwvdXBsb2Fkc1wvMjAyM1wvMDVcL0NPTVVOSUNBRE8tREUtUFJFTlNBLU1vbW9zdGVuYW5nby0yNi1kZS1tYXlvLWRlLTIwMjMtNi53ZWJwIiwic2xpZGVzaG93IjoiM2E5YzMzNiJ9\">\n\t\t\t\t\t<div class=\"e-gallery-image elementor-gallery-item__image\" data-thumbnail=\"https:\/\/soymigrante.com\/revista\/wp-content\/uploads\/2023\/05\/COMUNICADO-DE-PRENSA-Momostenango-26-de-mayo-de-2023-6-300x200.webp\" data-width=\"300\" data-height=\"200\" aria-label=\"EMOTIVO LANZAMIENTO DEL EMPRENDIMIENTO DIGITAL SOYMIGRANTE.COM\" role=\"img\" ><\/div>\n\t\t\t\t\t\t\t\t\t\t\t<div class=\"elementor-gallery-item__overlay\"><\/div>\n\t\t\t\t\t\t\t\t\t\t\t\t\t\t<\/a>\n\t\t\t\t\t\t\t<a class=\"e-gallery-item elementor-gallery-item elementor-animated-content\" href=\"https:\/\/soymigrante.com\/revista\/wp-content\/uploads\/2023\/05\/COMUNICADO-DE-PRENSA-Momostenango-26-de-mayo-de-2023-3.webp\" data-elementor-open-lightbox=\"yes\" data-elementor-lightbox-slideshow=\"3a9c336\" data-elementor-lightbox-title=\"COMUNICADO DE PRENSA Momostenango 26 de mayo de 2023-3\" data-elementor-lightbox-description=\"EMOTIVO LANZAMIENTO DEL EMPRENDIMIENTO DIGITAL SOYMIGRANTE.COM   \" data-e-action-hash=\"#elementor-action%3Aaction%3Dlightbox%26settings%3DeyJpZCI6MTA3NCwidXJsIjoiaHR0cHM6XC9cL3NveW1pZ3JhbnRlLmNvbVwvcmV2aXN0YVwvd3AtY29udGVudFwvdXBsb2Fkc1wvMjAyM1wvMDVcL0NPTVVOSUNBRE8tREUtUFJFTlNBLU1vbW9zdGVuYW5nby0yNi1kZS1tYXlvLWRlLTIwMjMtMy53ZWJwIiwic2xpZGVzaG93IjoiM2E5YzMzNiJ9\">\n\t\t\t\t\t<div class=\"e-gallery-image elementor-gallery-item__image\" data-thumbnail=\"https:\/\/soymigrante.com\/revista\/wp-content\/uploads\/2023\/05\/COMUNICADO-DE-PRENSA-Momostenango-26-de-mayo-de-2023-3-300x200.webp\" data-width=\"300\" data-height=\"200\" aria-label=\"EMOTIVO LANZAMIENTO DEL EMPRENDIMIENTO DIGITAL SOYMIGRANTE.COM\" role=\"img\" ><\/div>\n\t\t\t\t\t\t\t\t\t\t\t<div class=\"elementor-gallery-item__overlay\"><\/div>\n\t\t\t\t\t\t\t\t\t\t\t\t\t\t<\/a>\n\t\t\t\t\t<\/div>\n\t\t\t\t\t<\/div>\n\t\t\t\t\t<\/div>\n\t\t<\/div>\n\t\t\t\t\t<\/div>\n\t\t<\/section>\n\t\t\t\t<section data-particle_enable=\"false\" data-particle-mobile-disabled=\"false\" class=\"elementor-section elementor-top-section elementor-element elementor-element-a2d4d3b elementor-section-boxed elementor-section-height-default elementor-section-height-default\" data-id=\"a2d4d3b\" data-element_type=\"section\" data-e-type=\"section\">\n\t\t\t\t\t\t<div class=\"elementor-container elementor-column-gap-default\">\n\t\t\t\t\t<div class=\"elementor-column elementor-col-100 elementor-top-column elementor-element elementor-element-1ade7ef\" data-id=\"1ade7ef\" data-element_type=\"column\" data-e-type=\"column\">\n\t\t\t<div class=\"elementor-widget-wrap elementor-element-populated\">\n\t\t\t\t\t\t<div class=\"elementor-element elementor-element-17bf77c elementor-align-left elementor-widget elementor-widget-button\" data-id=\"17bf77c\" data-element_type=\"widget\" data-e-type=\"widget\" data-widget_type=\"button.default\">\n\t\t\t\t\t\t\t\t\t\t<a class=\"elementor-button elementor-button-link elementor-size-lg\" href=\"https:\/\/drive.google.com\/drive\/folders\/1sAnQNYoV2fp8qrZEnf4oLWfMt4WrCprd?usp=share_link\">\n\t\t\t\t\t\t<span class=\"elementor-button-content-wrapper\">\n\t\t\t\t\t\t<span class=\"elementor-button-icon\">\n\t\t\t\t<i aria-hidden=\"true\" class=\"fas fa-download\"><\/i>\t\t\t<\/span>\n\t\t\t\t\t\t\t\t\t<span class=\"elementor-button-text\">Im\u00e1genes de alta resolucion del lanzamiento SoyMigrante.com<\/span>\n\t\t\t\t\t<\/span>\n\t\t\t\t\t<\/a>\n\t\t\t\t\t\t\t\t<\/div>\n\t\t\t\t\t<\/div>\n\t\t<\/div>\n\t\t\t\t\t<\/div>\n\t\t<\/section>\n\t\t\t\t<\/div>\n\t\t","protected":false},"excerpt":{"rendered":"<p>EMOTIVO LANZAMIENTO DEL EMPRENDIMIENTO DIGITAL SOYMIGRANTE.COM \u201cSoyMigrante.com\u201d nace para reconocer y dignificar el aporte de los guatemaltecos radicados en Estados Unidos, cuyo aporte sostiene la econom\u00eda, pero tambi\u00e9n para trazar nuevas oportunidades locales de negocios en busca del Sue\u00f1o Guatemalteco\u201d, expres\u00f3 el migrante Marcos Antil, al presentar su nuevo emprendimiento, el viernes 26 de mayo [&hellip;]<\/p>\n","protected":false},"author":1,"featured_media":1076,"comment_status":"open","ping_status":"open","sticky":false,"template":"","format":"standard","meta":{"_acf_changed":false,"_eb_attr":"","footnotes":""},"categories":[54],"tags":[],"class_list":["post-1070","post","type-post","status-publish","format-standard","has-post-thumbnail","hentry","category-estamos-unidos"],"acf":[],"aioseo_notices":[],"aioseo_head":"\n\t\t<!-- All in One SEO Pro 4.9.6.2 - aioseo.com -->\n\t<meta name=\"description\" content=\"EMOTIVO LANZAMIENTO DEL EMPRENDIMIENTO DIGITAL SOYMIGRANTE.COM \u201cSoyMigrante.com\u201d nace para reconocer y dignificar el aporte de los guatemaltecos radicados en Estados Unidos, cuyo aporte sostiene la econom\u00eda, pero tambi\u00e9n para trazar nuevas oportunidades locales de negocios en busca del Sue\u00f1o Guatemalteco\u201d, expres\u00f3 el migrante Marcos Antil, al presentar su nuevo emprendimiento, el viernes 26 de mayo\" \/>\n\t<meta name=\"robots\" content=\"max-snippet:-1, max-image-preview:large, max-video-preview:-1\" \/>\n\t<meta name=\"author\" content=\"SoyMigrante.com REVISTA\"\/>\n\t<link rel=\"canonical\" href=\"https:\/\/soymigrante.com\/revista\/comunicado-de-prensa-momostenango-26-de-mayo-2023\/\" \/>\n\t<meta name=\"generator\" content=\"All in One SEO Pro (AIOSEO) 4.9.6.2\" \/>\n\n\t\t<link rel=\"preconnect\" href=\"https:\/\/fonts.googleapis.com\" crossorigin>\n<link rel=\"preconnect\" href=\"https:\/\/fonts.gstatic.com\" crossorigin>\n\t\t<meta property=\"og:locale\" content=\"es_ES\" \/>\n\t\t<meta property=\"og:site_name\" content=\"SoyMigrante.com REVISTA \u2013 Nuestra misi\u00f3n es reconocer y dignificar al migrante.\" \/>\n\t\t<meta property=\"og:type\" content=\"article\" \/>\n\t\t<meta property=\"og:title\" content=\"COMUNICADO DE PRENSA Momostenango 26 de mayo de 2023\" \/>\n\t\t<meta property=\"og:description\" content=\"EMOTIVO LANZAMIENTO DEL EMPRENDIMIENTO DIGITAL SOYMIGRANTE.COM \u201cSoyMigrante.com\u201d nace para reconocer y dignificar el aporte de los guatemaltecos radicados en Estados Unidos, cuyo aporte sostiene la econom\u00eda, pero tambi\u00e9n para trazar nuevas oportunidades locales de negocios en busca del Sue\u00f1o Guatemalteco\u201d, expres\u00f3 el migrante Marcos Antil, al presentar su nuevo emprendimiento, el viernes 26 de mayo\" \/>\n\t\t<meta property=\"og:url\" content=\"https:\/\/soymigrante.com\/revista\/comunicado-de-prensa-momostenango-26-de-mayo-2023\/\" \/>\n\t\t<meta property=\"og:image\" content=\"https:\/\/soymigrante.com\/revista\/wp-content\/uploads\/2023\/05\/COMUNICADO-DE-PRENSA-Momostenango-26-de-mayo-de-2023-1.webp\" \/>\n\t\t<meta property=\"og:image:secure_url\" content=\"https:\/\/soymigrante.com\/revista\/wp-content\/uploads\/2023\/05\/COMUNICADO-DE-PRENSA-Momostenango-26-de-mayo-de-2023-1.webp\" \/>\n\t\t<meta property=\"og:image:width\" content=\"1000\" \/>\n\t\t<meta property=\"og:image:height\" content=\"665\" \/>\n\t\t<meta property=\"article:published_time\" content=\"2023-05-27T01:21:07+00:00\" \/>\n\t\t<meta property=\"article:modified_time\" content=\"2024-11-01T13:52:05+00:00\" \/>\n\t\t<meta property=\"article:publisher\" content=\"https:\/\/www.facebook.com\/soymigrantecom\" \/>\n\t\t<meta name=\"twitter:card\" content=\"summary_large_image\" \/>\n\t\t<meta name=\"twitter:site\" content=\"@SoyMigrante_com\" \/>\n\t\t<meta name=\"twitter:title\" content=\"COMUNICADO DE PRENSA Momostenango 26 de mayo de 2023\" \/>\n\t\t<meta name=\"twitter:description\" content=\"EMOTIVO LANZAMIENTO DEL EMPRENDIMIENTO DIGITAL SOYMIGRANTE.COM \u201cSoyMigrante.com\u201d nace para reconocer y dignificar el aporte de los guatemaltecos radicados en Estados Unidos, cuyo aporte sostiene la econom\u00eda, pero tambi\u00e9n para trazar nuevas oportunidades locales de negocios en busca del Sue\u00f1o Guatemalteco\u201d, expres\u00f3 el migrante Marcos Antil, al presentar su nuevo emprendimiento, el viernes 26 de mayo\" \/>\n\t\t<meta name=\"twitter:creator\" content=\"@SoyMigrante_com\" \/>\n\t\t<meta name=\"twitter:image\" content=\"https:\/\/soymigrante.com\/revista\/wp-content\/uploads\/2023\/05\/COMUNICADO-DE-PRENSA-Momostenango-26-de-mayo-de-2023-1.webp\" \/>\n\t\t<!-- All in One SEO Pro -->\r\n\t\t<title>COMUNICADO DE PRENSA Momostenango 26 de mayo de 2023<\/title>\n\n","aioseo_head_json":{"title":"COMUNICADO DE PRENSA Momostenango 26 de mayo de 2023","description":"EMOTIVO LANZAMIENTO DEL EMPRENDIMIENTO DIGITAL SOYMIGRANTE.COM \u201cSoyMigrante.com\u201d nace para reconocer y dignificar el aporte de los guatemaltecos radicados en Estados Unidos, cuyo aporte sostiene la econom\u00eda, pero tambi\u00e9n para trazar nuevas oportunidades locales de negocios en busca del Sue\u00f1o Guatemalteco\u201d, expres\u00f3 el migrante Marcos Antil, al presentar su nuevo emprendimiento, el viernes 26 de mayo","canonical_url":"https:\/\/soymigrante.com\/revista\/comunicado-de-prensa-momostenango-26-de-mayo-2023\/","robots":"max-snippet:-1, max-image-preview:large, max-video-preview:-1","keywords":"","webmasterTools":{"miscellaneous":"&lt;link rel=\"preconnect\" href=\"https:\/\/fonts.googleapis.com\" crossorigin&gt;\n&lt;link rel=\"preconnect\" href=\"https:\/\/fonts.gstatic.com\" crossorigin&gt;"},"schema":null,"og:locale":"es_ES","og:site_name":"SoyMigrante.com REVISTA \u2013 Nuestra misi\u00f3n es reconocer y dignificar al migrante.","og:type":"article","og:title":"COMUNICADO DE PRENSA Momostenango 26 de mayo de 2023","og:description":"EMOTIVO LANZAMIENTO DEL EMPRENDIMIENTO DIGITAL SOYMIGRANTE.COM \u201cSoyMigrante.com\u201d nace para reconocer y dignificar el aporte de los guatemaltecos radicados en Estados Unidos, cuyo aporte sostiene la econom\u00eda, pero tambi\u00e9n para trazar nuevas oportunidades locales de negocios en busca del Sue\u00f1o Guatemalteco\u201d, expres\u00f3 el migrante Marcos Antil, al presentar su nuevo emprendimiento, el viernes 26 de mayo","og:url":"https:\/\/soymigrante.com\/revista\/comunicado-de-prensa-momostenango-26-de-mayo-2023\/","og:image":"https:\/\/soymigrante.com\/revista\/wp-content\/uploads\/2023\/05\/COMUNICADO-DE-PRENSA-Momostenango-26-de-mayo-de-2023-1.webp","og:image:secure_url":"https:\/\/soymigrante.com\/revista\/wp-content\/uploads\/2023\/05\/COMUNICADO-DE-PRENSA-Momostenango-26-de-mayo-de-2023-1.webp","og:image:width":1000,"og:image:height":665,"article:published_time":"2023-05-27T01:21:07+00:00","article:modified_time":"2024-11-01T13:52:05+00:00","article:publisher":"https:\/\/www.facebook.com\/soymigrantecom","twitter:card":"summary_large_image","twitter:site":"@SoyMigrante_com","twitter:title":"COMUNICADO DE PRENSA Momostenango 26 de mayo de 2023","twitter:description":"EMOTIVO LANZAMIENTO DEL EMPRENDIMIENTO DIGITAL SOYMIGRANTE.COM \u201cSoyMigrante.com\u201d nace para reconocer y dignificar el aporte de los guatemaltecos radicados en Estados Unidos, cuyo aporte sostiene la econom\u00eda, pero tambi\u00e9n para trazar nuevas oportunidades locales de negocios en busca del Sue\u00f1o Guatemalteco\u201d, expres\u00f3 el migrante Marcos Antil, al presentar su nuevo emprendimiento, el viernes 26 de mayo","twitter:creator":"@SoyMigrante_com","twitter:image":"https:\/\/soymigrante.com\/revista\/wp-content\/uploads\/2023\/05\/COMUNICADO-DE-PRENSA-Momostenango-26-de-mayo-de-2023-1.webp"},"aioseo_meta_data":{"post_id":"1070","title":null,"description":null,"keywords":null,"keyphrases":{"focus":{"keyphrase":"Migrante","score":80,"analysis":{"keyphraseInTitle":{"score":3,"maxScore":9,"error":1},"keyphraseInDescription":{"score":9,"maxScore":9,"error":0},"keyphraseLength":{"score":9,"maxScore":9,"error":0,"length":1},"keyphraseInURL":{"score":5,"maxScore":5,"error":0},"keyphraseInIntroduction":{"score":9,"maxScore":9,"error":0},"keyphraseInSubHeadings":{"score":3,"maxScore":9,"error":1},"keyphraseInImageAlt":[],"keywordDensity":{"type":"best","score":9,"maxScore":9,"error":0}}},"additional":[]},"primary_term":null,"canonical_url":null,"og_title":null,"og_description":null,"og_object_type":"default","og_image_type":"default","og_image_url":null,"og_image_width":null,"og_image_height":null,"og_image_custom_url":null,"og_image_custom_fields":null,"og_video":"","og_custom_url":null,"og_article_section":null,"og_article_tags":null,"twitter_use_og":false,"twitter_card":"default","twitter_image_type":"default","twitter_image_url":null,"twitter_image_custom_url":null,"twitter_image_custom_fields":null,"twitter_title":null,"twitter_description":null,"schema":{"blockGraphs":[],"customGraphs":[],"default":{"data":{"Article":[],"Course":[],"Dataset":[],"FAQPage":[],"Movie":[],"Person":[],"Product":[],"ProductReview":[],"Car":[],"Recipe":[],"Service":[],"SoftwareApplication":[],"WebPage":[]},"graphName":"Article","isEnabled":true},"graphs":[]},"schema_type":"default","schema_type_options":null,"pillar_content":false,"robots_default":true,"robots_noindex":false,"robots_noarchive":false,"robots_nosnippet":false,"robots_nofollow":false,"robots_noimageindex":false,"robots_noodp":false,"robots_notranslate":false,"robots_max_snippet":"-1","robots_max_videopreview":"-1","robots_max_imagepreview":"large","priority":null,"frequency":"default","local_seo":null,"seo_analyzer_scan_date":"2025-10-08 19:48:36","breadcrumb_settings":null,"limit_modified_date":false,"reviewed_by":null,"open_ai":"{\"title\":{\"suggestions\":[],\"usage\":0},\"description\":{\"suggestions\":[],\"usage\":0}}","ai":null,"created":"2023-08-18 12:57:55","updated":"2026-02-04 04:30:41"},"aioseo_breadcrumb":"<div class=\"aioseo-breadcrumbs\"><span class=\"aioseo-breadcrumb\">\n\t<a href=\"https:\/\/soymigrante.com\/revista\" title=\"Home\">Home<\/a>\n<\/span><span class=\"aioseo-breadcrumb-separator\">\u00bb<\/span><span class=\"aioseo-breadcrumb\">\n\t<a href=\"https:\/\/soymigrante.com\/revista\/category\/estamos-unidos\/\" title=\"Estamos Unidos\">Estamos Unidos<\/a>\n<\/span><span class=\"aioseo-breadcrumb-separator\">\u00bb<\/span><span class=\"aioseo-breadcrumb\">\n\tCOMUNICADO DE PRENSA Momostenango 26 de mayo de 2023\n<\/span><\/div>","aioseo_breadcrumb_json":[{"label":"Home","link":"https:\/\/soymigrante.com\/revista"},{"label":"Estamos Unidos","link":"https:\/\/soymigrante.com\/revista\/category\/estamos-unidos\/"},{"label":"COMUNICADO DE PRENSA Momostenango 26 de mayo de 2023","link":"https:\/\/soymigrante.com\/revista\/comunicado-de-prensa-momostenango-26-de-mayo-2023\/"}],"_links":{"self":[{"href":"https:\/\/soymigrante.com\/revista\/wp-json\/wp\/v2\/posts\/1070","targetHints":{"allow":["GET"]}}],"collection":[{"href":"https:\/\/soymigrante.com\/revista\/wp-json\/wp\/v2\/posts"}],"about":[{"href":"https:\/\/soymigrante.com\/revista\/wp-json\/wp\/v2\/types\/post"}],"author":[{"embeddable":true,"href":"https:\/\/soymigrante.com\/revista\/wp-json\/wp\/v2\/users\/1"}],"replies":[{"embeddable":true,"href":"https:\/\/soymigrante.com\/revista\/wp-json\/wp\/v2\/comments?post=1070"}],"version-history":[{"count":0,"href":"https:\/\/soymigrante.com\/revista\/wp-json\/wp\/v2\/posts\/1070\/revisions"}],"wp:featuredmedia":[{"embeddable":true,"href":"https:\/\/soymigrante.com\/revista\/wp-json\/wp\/v2\/media\/1076"}],"wp:attachment":[{"href":"https:\/\/soymigrante.com\/revista\/wp-json\/wp\/v2\/media?parent=1070"}],"wp:term":[{"taxonomy":"category","embeddable":true,"href":"https:\/\/soymigrante.com\/revista\/wp-json\/wp\/v2\/categories?post=1070"},{"taxonomy":"post_tag","embeddable":true,"href":"https:\/\/soymigrante.com\/revista\/wp-json\/wp\/v2\/tags?post=1070"}],"curies":[{"name":"wp","href":"https:\/\/api.w.org\/{rel}","templated":true}]}}