{"id":10683,"date":"2024-10-25T12:53:11","date_gmt":"2024-10-25T18:53:11","guid":{"rendered":"https:\/\/soymigrante.com\/revista\/?p=10683"},"modified":"2025-07-21T11:43:40","modified_gmt":"2025-07-21T17:43:40","slug":"tejido-con-el-mismo-carino-de-la-abuelita-el-emprendimiento-crochet-con-amor","status":"publish","type":"post","link":"https:\/\/soymigrante.com\/revista\/tejido-con-el-mismo-carino-de-la-abuelita-el-emprendimiento-crochet-con-amor\/","title":{"rendered":"Tejido con el mismo cari\u00f1o de la abuelita: el emprendimiento Crochet con Amor"},"content":{"rendered":"\t\t<div data-elementor-type=\"wp-post\" data-elementor-id=\"10683\" class=\"elementor elementor-10683\" data-elementor-post-type=\"post\">\n\t\t\t\t<div data-particle_enable=\"false\" data-particle-mobile-disabled=\"false\" class=\"elementor-element elementor-element-84f3625 e-flex e-con-boxed e-con e-parent\" data-id=\"84f3625\" data-element_type=\"container\" data-e-type=\"container\">\n\t\t\t\t\t<div class=\"e-con-inner\">\n\t\t\t\t<div class=\"elementor-element elementor-element-e5a58b1 elementor-widget elementor-widget-heading\" data-id=\"e5a58b1\" data-element_type=\"widget\" data-e-type=\"widget\" data-widget_type=\"heading.default\">\n\t\t\t\t\t<h2 class=\"elementor-heading-title elementor-size-default\"><a href=\"https:\/\/soymigrante.com\/mercado\/marketplace\/seller\/profile\/crochet-con-amor\"><span style=\"font-size: 31.2px;font-weight: 400\">Emprendedora Claudia Garc\u00eda crea art\u00edculos decorativos o utilitarios con aguja, hilo y mucha dedicaci\u00f3n, junto a su socia Lilian Alba. Aprendi\u00f3 de ni\u00f1a con las instrucciones de la abuela Elizabet y ahora busca darse a conocer a trav\u00e9s de SoyMigrante.com\/MERCADO<\/span><\/a><\/h2>\t\t\t\t<\/div>\n\t\t\t\t\t<\/div>\n\t\t\t\t<\/div>\n\t\t<div data-particle_enable=\"false\" data-particle-mobile-disabled=\"false\" class=\"elementor-element elementor-element-650e7b9 e-flex e-con-boxed e-con e-parent\" data-id=\"650e7b9\" data-element_type=\"container\" data-e-type=\"container\">\n\t\t\t\t\t<div class=\"e-con-inner\">\n\t\t\t\t<div class=\"elementor-element elementor-element-ae7f8f0 elementor-widget elementor-widget-text-editor\" data-id=\"ae7f8f0\" data-element_type=\"widget\" data-e-type=\"widget\" data-widget_type=\"text-editor.default\">\n\t\t\t\t\t\t\t\t\t<p>Flores, personajes de caricatura, tapetes con dise\u00f1os, diademas, gorros&#8230;Cualquier figura se puede realizar en Crochet con Amor, el emprendimiento de Claudia Garc\u00eda al cual se sum\u00f3 su amiga Lilian Alba hace un a\u00f1o y medio.\u00a0 Aguja, hilos de colores, dedicaci\u00f3n y, sobre todo, mucho cari\u00f1o son los elementos de sus piezas, que ahora se venden y env\u00edan a toda Guatemala <a href=\"https:\/\/soymigrante.com\/mercado\/marketplace\/seller\/profile\/crochet-con-amor\">a trav\u00e9s de su tienda digital en SoyMigrante.com\/MERCADO.\u00a0<\/a><\/p><p>&#8220;El emprendimiento se llamaba antes Crochet Studios pero era algo muy fr\u00edo y lo cambi\u00e9 a Crochet con Amor: porque fue con mucho amor que yo aprend\u00ed a tejer. Las manualidades siempre estaban presentes en mi familia, a trav\u00e9s de mi mam\u00e1, mis t\u00edas, mi abuelita&#8221;, cuenta Claudia.<\/p>\t\t\t\t\t\t\t\t<\/div>\n\t\t\t\t\t<\/div>\n\t\t\t\t<\/div>\n\t\t<div data-particle_enable=\"false\" data-particle-mobile-disabled=\"false\" class=\"elementor-element elementor-element-14c0744 e-flex e-con-boxed e-con e-parent\" data-id=\"14c0744\" data-element_type=\"container\" data-e-type=\"container\">\n\t\t\t\t\t<div class=\"e-con-inner\">\n\t\t\t\t<div class=\"elementor-element elementor-element-ac14cb3 elementor-widget elementor-widget-image\" data-id=\"ac14cb3\" data-element_type=\"widget\" data-e-type=\"widget\" data-widget_type=\"image.default\">\n\t\t\t\t\t\t\t\t\t\t\t\t<figure class=\"wp-caption\">\n\t\t\t\t\t\t\t\t\t\t\t<a href=\"https:\/\/soymigrante.com\/mercado\/marketplace\/seller\/profile\/crochet-con-amor\">\n\t\t\t\t\t\t\t<img fetchpriority=\"high\" decoding=\"async\" width=\"670\" height=\"661\" src=\"https:\/\/soymigrante.com\/revista\/wp-content\/uploads\/2024\/10\/crochet-con-amor-2.webp\" class=\"attachment-large size-large wp-image-10687\" alt=\"Vocales de flores en maceteros tejidos a mano, exposici\u00f3n de artesanalidades durante evento cultural, artistas creando obras de arte en crochet, mercado de artesan\u00edas tradicionales, t\u00e9cnicas de tejido en lana natural, eventos culturales en SoyMigrante.com REVISTA.\" srcset=\"https:\/\/soymigrante.com\/revista\/wp-content\/uploads\/2024\/10\/crochet-con-amor-2.webp 670w, https:\/\/soymigrante.com\/revista\/wp-content\/uploads\/2024\/10\/crochet-con-amor-2-300x296.webp 300w, https:\/\/soymigrante.com\/revista\/wp-content\/uploads\/2024\/10\/crochet-con-amor-2-75x75.webp 75w\" sizes=\"(max-width: 670px) 100vw, 670px\" title=\"Emprendimiento Crochet con Amor Mercado \u2013 SoyMigrante.com REVISTA\" \/>\t\t\t\t\t\t\t\t<\/a>\n\t\t\t\t\t\t\t\t\t\t\t<figcaption class=\"widget-image-caption wp-caption-text\">- Flores crochet en macetas, artesan\u00eda migrante, exposici\u00f3n cultural, creatividad y manualidades en eventos de migrantes en SoyMigrante.com REVISTA.<\/figcaption>\n\t\t\t\t\t\t\t\t\t\t<\/figure>\n\t\t\t\t\t\t\t\t\t<\/div>\n\t\t\t\t\t<\/div>\n\t\t\t\t<\/div>\n\t\t<div data-particle_enable=\"false\" data-particle-mobile-disabled=\"false\" class=\"elementor-element elementor-element-6a292c9 e-flex e-con-boxed e-con e-parent\" data-id=\"6a292c9\" data-element_type=\"container\" data-e-type=\"container\">\n\t\t\t\t\t<div class=\"e-con-inner\">\n\t\t\t\t<div class=\"elementor-element elementor-element-1c9ecba elementor-widget elementor-widget-heading\" data-id=\"1c9ecba\" data-element_type=\"widget\" data-e-type=\"widget\" data-widget_type=\"heading.default\">\n\t\t\t\t\t<h2 class=\"elementor-heading-title elementor-size-default\">En la necesidad brilla el talento<\/h2>\t\t\t\t<\/div>\n\t\t\t\t\t<\/div>\n\t\t\t\t<\/div>\n\t\t<div data-particle_enable=\"false\" data-particle-mobile-disabled=\"false\" class=\"elementor-element elementor-element-038f659 e-flex e-con-boxed e-con e-parent\" data-id=\"038f659\" data-element_type=\"container\" data-e-type=\"container\">\n\t\t\t\t\t<div class=\"e-con-inner\">\n\t\t\t\t<div class=\"elementor-element elementor-element-f8775d5 elementor-widget elementor-widget-text-editor\" data-id=\"f8775d5\" data-element_type=\"widget\" data-e-type=\"widget\" data-widget_type=\"text-editor.default\">\n\t\t\t\t\t\t\t\t\t<p><span style=\"color: var( --e-global-color-text ); text-align: var(--text-align);\">Claudia Garc\u00eda trabajaba como asistente de log\u00edstica en una empresa de transporte de carga, pero en 2014 hubo un recorte y qued\u00f3 sin empleo. &#8220;Uno puede estar sin trabajo pero las facturas siguen llegando. As\u00ed que pens\u00e9 \u00bfqu\u00e9 puedo hacer? Y comenz\u00f3 a tejer crochet. Era algo que hab\u00eda aprendido de ni\u00f1a.&#8221;<\/span><\/p><p>&#8220;En las vacaciones escolares me encantaba estar mucho tiempo en la casa de mis abuelitos maternos. Mi abuelo se llamaba Ra\u00fal Manzo y mi abuelita era Elizabeth Castellanos de Manzo. Ella sab\u00eda tejer muy bien y me ense\u00f1\u00f3 paso a paso, con mucho cari\u00f1o y paciencia. Desde c\u00f3mo hacer cadenas con lana e hilo, como sujetar la aguja, ir formando pilares&#8230;&#8221;.<\/p><p>En 2014, Claudia recuper\u00f3 aquella memoria y tambi\u00e9n se actualiz\u00f3 con nuevas t\u00e9cnicas. &#8220;Antes solo se hac\u00edan gorritos, escarpines y tapetes. Pero hoy se puede hacer pr\u00e1cticamente de todo tejiendo&#8221;.<\/p>\t\t\t\t\t\t\t\t<\/div>\n\t\t\t\t\t<\/div>\n\t\t\t\t<\/div>\n\t\t<div data-particle_enable=\"false\" data-particle-mobile-disabled=\"false\" class=\"elementor-element elementor-element-da2e252 e-flex e-con-boxed e-con e-parent\" data-id=\"da2e252\" data-element_type=\"container\" data-e-type=\"container\">\n\t\t\t\t\t<div class=\"e-con-inner\">\n\t\t\t\t<div class=\"elementor-element elementor-element-f74ca0f elementor-widget elementor-widget-image-gallery\" data-id=\"f74ca0f\" data-element_type=\"widget\" data-e-type=\"widget\" data-widget_type=\"image-gallery.default\">\n\t\t\t\t\t\t\t<div class=\"elementor-image-gallery\">\n\t\t\t<div id='gallery-1' class='gallery galleryid-10683 gallery-columns-1 gallery-size-medium'><figure class='gallery-item'>\n\t\t\t<div class='gallery-icon landscape'>\n\t\t\t\t<a data-elementor-open-lightbox=\"yes\" data-elementor-lightbox-slideshow=\"f74ca0f\" data-elementor-lightbox-title=\"Pr\u00e1cticamente de todo se puede hacer con hilo, dedicaci\u00f3n y cari\u00f1o en Crochet con Amor. Misterio navide\u00f1o.\" data-elementor-lightbox-description=\"Dibujo de pesebre de crochet con personajes tradicionales navide\u00f1os, perfectos para decorar en eventos religiosos y culturales, en un estilo artesanal y hecho a mano.\" data-e-action-hash=\"#elementor-action%3Aaction%3Dlightbox%26settings%3DeyJpZCI6MTA2OTIsInVybCI6Imh0dHBzOlwvXC9zb3ltaWdyYW50ZS5jb21cL3JldmlzdGFcL3dwLWNvbnRlbnRcL3VwbG9hZHNcLzIwMjRcLzEwXC9lbXByZW5kaW1pZW50by1jcm9jaGV0LWNvbi1hbW9yLW1lcmNhZG8tMS53ZWJwIiwic2xpZGVzaG93IjoiZjc0Y2EwZiJ9\" href='https:\/\/soymigrante.com\/revista\/wp-content\/uploads\/2024\/10\/emprendimiento-crochet-con-amor-mercado-1.webp'><img decoding=\"async\" width=\"300\" height=\"289\" src=\"https:\/\/soymigrante.com\/revista\/wp-content\/uploads\/2024\/10\/emprendimiento-crochet-con-amor-mercado-1-300x289.webp\" class=\"attachment-medium size-medium\" alt=\"Ni\u00f1os con figuras de ganchillo de la historia de Navidad, incluyendo a Mar\u00eda, Jos\u00e9, el Ni\u00f1o Jes\u00fas, oveja, burro y otros personajes b\u00edblicos hechos a mano.\" aria-describedby=\"gallery-1-10692\" srcset=\"https:\/\/soymigrante.com\/revista\/wp-content\/uploads\/2024\/10\/emprendimiento-crochet-con-amor-mercado-1-300x289.webp 300w, https:\/\/soymigrante.com\/revista\/wp-content\/uploads\/2024\/10\/emprendimiento-crochet-con-amor-mercado-1-1024x988.jpg 1024w, https:\/\/soymigrante.com\/revista\/wp-content\/uploads\/2024\/10\/emprendimiento-crochet-con-amor-mercado-1-768x741.jpg 768w, https:\/\/soymigrante.com\/revista\/wp-content\/uploads\/2024\/10\/emprendimiento-crochet-con-amor-mercado-1-750x724.webp 750w, https:\/\/soymigrante.com\/revista\/wp-content\/uploads\/2024\/10\/emprendimiento-crochet-con-amor-mercado-1.webp 1079w\" sizes=\"(max-width: 300px) 100vw, 300px\" title=\"Pr\u00e1cticamente de todo se puede hacer con hilo, dedicaci\u00f3n y cari\u00f1o en Crochet con Amor. Misterio navide\u00f1o. \u2013 SoyMigrante.com REVISTA\" \/><\/a>\n\t\t\t<\/div>\n\t\t\t\t<figcaption class='wp-caption-text gallery-caption' id='gallery-1-10692'>\n\t\t\t\tDulce mu\u00f1eco de Navidad en forma de Jes\u00fas en pesebre, con figuras de personajes b\u00edblicos y animales tejidas en crochet, perfecta para decoraciones navide\u00f1as y actividades culturales cristianas.\n\t\t\t\t<\/figcaption><\/figure><figure class='gallery-item'>\n\t\t\t<div class='gallery-icon portrait'>\n\t\t\t\t<a data-elementor-open-lightbox=\"yes\" data-elementor-lightbox-slideshow=\"f74ca0f\" data-elementor-lightbox-title=\"Pr\u00e1cticamente de todo se puede hacer con hilo, dedicaci\u00f3n y cari\u00f1o en Crochet con Amor.  Personaje Stitch\" data-elementor-lightbox-description=\"Este adorable peluche crochet de perro presenta un arte textil elaborado minuciosamente con hilos en colores azul, gris, naranja y dorado, con un estilo \u00fanico que refleja creatividad y tradici\u00f3n, perfecto para coleccionistas.\" data-e-action-hash=\"#elementor-action%3Aaction%3Dlightbox%26settings%3DeyJpZCI6MTA2OTEsInVybCI6Imh0dHBzOlwvXC9zb3ltaWdyYW50ZS5jb21cL3JldmlzdGFcL3dwLWNvbnRlbnRcL3VwbG9hZHNcLzIwMjRcLzEwXC9lbXByZW5kaW1pZW50by1jcm9jaGV0LWNvbi1hbW9yLW1lcmNhZG8tNi53ZWJwIiwic2xpZGVzaG93IjoiZjc0Y2EwZiJ9\" href='https:\/\/soymigrante.com\/revista\/wp-content\/uploads\/2024\/10\/emprendimiento-crochet-con-amor-mercado-6.webp'><img decoding=\"async\" width=\"265\" height=\"300\" src=\"https:\/\/soymigrante.com\/revista\/wp-content\/uploads\/2024\/10\/emprendimiento-crochet-con-amor-mercado-6-265x300.webp\" class=\"attachment-medium size-medium\" alt=\"Hecho a mano, peluche crochet de un perro tejida con hilos en colores azul y gris, con orejas grandes color naranja y bufanda tejida en tonos dorados y verdes, ideal para colecci\u00f3n o decoraci\u00f3n.\" aria-describedby=\"gallery-1-10691\" srcset=\"https:\/\/soymigrante.com\/revista\/wp-content\/uploads\/2024\/10\/emprendimiento-crochet-con-amor-mercado-6-265x300.webp 265w, https:\/\/soymigrante.com\/revista\/wp-content\/uploads\/2024\/10\/emprendimiento-crochet-con-amor-mercado-6-904x1024.jpg 904w, https:\/\/soymigrante.com\/revista\/wp-content\/uploads\/2024\/10\/emprendimiento-crochet-con-amor-mercado-6-768x870.jpg 768w, https:\/\/soymigrante.com\/revista\/wp-content\/uploads\/2024\/10\/emprendimiento-crochet-con-amor-mercado-6-1356x1536.jpg 1356w, https:\/\/soymigrante.com\/revista\/wp-content\/uploads\/2024\/10\/emprendimiento-crochet-con-amor-mercado-6-750x849.webp 750w, https:\/\/soymigrante.com\/revista\/wp-content\/uploads\/2024\/10\/emprendimiento-crochet-con-amor-mercado-6-1140x1291.jpg 1140w, https:\/\/soymigrante.com\/revista\/wp-content\/uploads\/2024\/10\/emprendimiento-crochet-con-amor-mercado-6.webp 1413w\" sizes=\"(max-width: 265px) 100vw, 265px\" title=\"Pr\u00e1cticamente de todo se puede hacer con hilo, dedicaci\u00f3n y cari\u00f1o en Crochet con Amor.  Personaje Stitch \u2013 SoyMigrante.com REVISTA\" \/><\/a>\n\t\t\t<\/div>\n\t\t\t\t<figcaption class='wp-caption-text gallery-caption' id='gallery-1-10691'>\n\t\t\t\tPeluche crocheted de un perro con dise\u00f1o artesanal, colorido y suave, resaltando en la portada de la revista SoyMigrante.com REVISTA dedicado a arte textil y cultura migrante.\n\t\t\t\t<\/figcaption><\/figure><figure class='gallery-item'>\n\t\t\t<div class='gallery-icon portrait'>\n\t\t\t\t<a data-elementor-open-lightbox=\"yes\" data-elementor-lightbox-slideshow=\"f74ca0f\" data-elementor-lightbox-title=\"Pr\u00e1cticamente de todo se puede hacer con hilo, dedicaci\u00f3n y cari\u00f1o en Crochet con Amor. Ramo de flores.\" data-elementor-lightbox-description=\"Ramo de flores de ganchillo en tonos rosa y morado, realizado a mano con detalles delicados, envuelto en papel colorido con lazo verde, destacando en celebraciones por el D\u00eda de la Madre y en el contexto de la migraci\u00f3n.\" data-e-action-hash=\"#elementor-action%3Aaction%3Dlightbox%26settings%3DeyJpZCI6MTA2OTAsInVybCI6Imh0dHBzOlwvXC9zb3ltaWdyYW50ZS5jb21cL3JldmlzdGFcL3dwLWNvbnRlbnRcL3VwbG9hZHNcLzIwMjRcLzEwXC9lbXByZW5kaW1pZW50by1jcm9jaGV0LWNvbi1hbW9yLW1lcmNhZG8tNS53ZWJwIiwic2xpZGVzaG93IjoiZjc0Y2EwZiJ9\" href='https:\/\/soymigrante.com\/revista\/wp-content\/uploads\/2024\/10\/emprendimiento-crochet-con-amor-mercado-5.webp'><img loading=\"lazy\" decoding=\"async\" width=\"225\" height=\"300\" src=\"https:\/\/soymigrante.com\/revista\/wp-content\/uploads\/2024\/10\/emprendimiento-crochet-con-amor-mercado-5-225x300.webp\" class=\"attachment-medium size-medium\" alt=\"Flores de ganchillo hechas a mano para celebrar el D\u00eda de la Madre, en tonos rosa y morado, enmarcadas en papel rosa y verde, ideales para regalos y homenajes a las mam\u00e1s migrantes.\" aria-describedby=\"gallery-1-10690\" srcset=\"https:\/\/soymigrante.com\/revista\/wp-content\/uploads\/2024\/10\/emprendimiento-crochet-con-amor-mercado-5-225x300.webp 225w, https:\/\/soymigrante.com\/revista\/wp-content\/uploads\/2024\/10\/emprendimiento-crochet-con-amor-mercado-5-768x1024.jpg 768w, https:\/\/soymigrante.com\/revista\/wp-content\/uploads\/2024\/10\/emprendimiento-crochet-con-amor-mercado-5-750x1000.webp 750w, https:\/\/soymigrante.com\/revista\/wp-content\/uploads\/2024\/10\/emprendimiento-crochet-con-amor-mercado-5.webp 1080w\" sizes=\"(max-width: 225px) 100vw, 225px\" title=\"Pr\u00e1cticamente de todo se puede hacer con hilo, dedicaci\u00f3n y cari\u00f1o en Crochet con Amor. Ramo de flores. \u2013 SoyMigrante.com REVISTA\" \/><\/a>\n\t\t\t<\/div>\n\t\t\t\t<figcaption class='wp-caption-text gallery-caption' id='gallery-1-10690'>\n\t\t\t\tHermoso ramo de flores de ganchillo en tonos rosa y morado, elaborado a mano y decorado con papel y cinta, perfecto para celebrar a las madres migrantes y valorar su labor en la comunidad.\n\t\t\t\t<\/figcaption><\/figure><figure class='gallery-item'>\n\t\t\t<div class='gallery-icon portrait'>\n\t\t\t\t<a data-elementor-open-lightbox=\"yes\" data-elementor-lightbox-slideshow=\"f74ca0f\" data-elementor-lightbox-title=\"Pr\u00e1cticamente de todo se puede hacer con hilo, dedicaci\u00f3n y cari\u00f1o en Crochet con Amor. Personaje Bowser,\" data-elementor-lightbox-description=\"Peluche de drag\u00f3n crochet hecho a mano, ideal para ni\u00f1os y coleccionistas, con detalles en colores vivos y textura suave, representando un drag\u00f3n de fantas\u00eda con encanto y creatividad artesanal.\" data-e-action-hash=\"#elementor-action%3Aaction%3Dlightbox%26settings%3DeyJpZCI6MTA2ODksInVybCI6Imh0dHBzOlwvXC9zb3ltaWdyYW50ZS5jb21cL3JldmlzdGFcL3dwLWNvbnRlbnRcL3VwbG9hZHNcLzIwMjRcLzEwXC9lbXByZW5kaW1pZW50by1jcm9jaGV0LWNvbi1hbW9yLW1lcmNhZG8tNC53ZWJwIiwic2xpZGVzaG93IjoiZjc0Y2EwZiJ9\" href='https:\/\/soymigrante.com\/revista\/wp-content\/uploads\/2024\/10\/emprendimiento-crochet-con-amor-mercado-4.webp'><img loading=\"lazy\" decoding=\"async\" width=\"173\" height=\"300\" src=\"https:\/\/soymigrante.com\/revista\/wp-content\/uploads\/2024\/10\/emprendimiento-crochet-con-amor-mercado-4-173x300.webp\" class=\"attachment-medium size-medium\" alt=\"Colorido peluche de drag\u00f3n hecho a mano en crochet, perfecto para decoraci\u00f3n o regalos, con detalles en colores vibrantes y textura suave.\" aria-describedby=\"gallery-1-10689\" srcset=\"https:\/\/soymigrante.com\/revista\/wp-content\/uploads\/2024\/10\/emprendimiento-crochet-con-amor-mercado-4-173x300.webp 173w, https:\/\/soymigrante.com\/revista\/wp-content\/uploads\/2024\/10\/emprendimiento-crochet-con-amor-mercado-4-589x1024.jpg 589w, https:\/\/soymigrante.com\/revista\/wp-content\/uploads\/2024\/10\/emprendimiento-crochet-con-amor-mercado-4.webp 720w\" sizes=\"(max-width: 173px) 100vw, 173px\" title=\"Pr\u00e1cticamente de todo se puede hacer con hilo, dedicaci\u00f3n y cari\u00f1o en Crochet con Amor. Personaje Bowser, \u2013 SoyMigrante.com REVISTA\" \/><\/a>\n\t\t\t<\/div>\n\t\t\t\t<figcaption class='wp-caption-text gallery-caption' id='gallery-1-10689'>\n\t\t\t\tAlt: Mu\u00f1eco de drag\u00f3n gigante hecho a mano en crochet, colorido y detallado, perfecto para decoraci\u00f3n o coleccionismo.\n\t\t\t\t<\/figcaption><\/figure>\n\t\t<\/div>\n\t\t<\/div>\n\t\t\t\t\t\t<\/div>\n\t\t\t\t\t<\/div>\n\t\t\t\t<\/div>\n\t\t<div data-particle_enable=\"false\" data-particle-mobile-disabled=\"false\" class=\"elementor-element elementor-element-fcd2e66 e-flex e-con-boxed e-con e-parent\" data-id=\"fcd2e66\" data-element_type=\"container\" data-e-type=\"container\">\n\t\t\t\t\t<div class=\"e-con-inner\">\n\t\t\t\t<div class=\"elementor-element elementor-element-10f653a elementor-widget elementor-widget-heading\" data-id=\"10f653a\" data-element_type=\"widget\" data-e-type=\"widget\" data-widget_type=\"heading.default\">\n\t\t\t\t\t<h2 class=\"elementor-heading-title elementor-size-default\">Un primer encargo teje un nuevo camino<\/h2>\t\t\t\t<\/div>\n\t\t\t\t\t<\/div>\n\t\t\t\t<\/div>\n\t\t<div data-particle_enable=\"false\" data-particle-mobile-disabled=\"false\" class=\"elementor-element elementor-element-592e69e e-flex e-con-boxed e-con e-parent\" data-id=\"592e69e\" data-element_type=\"container\" data-e-type=\"container\">\n\t\t\t\t\t<div class=\"e-con-inner\">\n\t\t\t\t<div class=\"elementor-element elementor-element-99be95b elementor-widget elementor-widget-text-editor\" data-id=\"99be95b\" data-element_type=\"widget\" data-e-type=\"widget\" data-widget_type=\"text-editor.default\">\n\t\t\t\t\t\t\t\t\t<p><span style=\"color: var( --e-global-color-text ); text-align: var(--text-align);\">&#8220;Una amiga que confeccionaba vestidos infantiles me encarg\u00f3 varias docenas de flores de lana, para coloc\u00e1rselos a los vestidos. As\u00ed empec\u00e9 a generar los primeros recursos con aquella habilidad del tejido&#8221;.\u00a0<\/span><\/p><p>&#8220;Luego segu\u00ed haciendo diademas, decoraciones y mu\u00f1ecos. Segu\u00eda aprendiendo pero la base era el amor de mi abuelita. Ella muri\u00f3 hace 22 a\u00f1os, pero sigue aqu\u00ed presente. Por eso <a href=\"https:\/\/soymigrante.com\/mercado\/marketplace\/seller\/profile\/crochet-con-amor\">Crochet con Amor<\/a> tiene un profundo sentido para m\u00ed&#8221;.<\/p><p>Claudia domina hoy muchas t\u00e9cnicas y junto a una amiga, tambi\u00e9n tejedora, Lilian Alba, suman talentos en este emprendimiento que forma parte de <a href=\"https:\/\/soymigrante.com\/mercado\/\">SoyMigrante.com MERCADO<\/a>, la comunidad digital que une a emprendedores y compradores de toda Guatemala.<\/p><p>&#8220;Disfruto y le pongo cari\u00f1o a cada pieza que hago. Al trabajarla me lleva a aquellos tiempos de vacaciones, cuando compart\u00eda con mis primos, mis abuelitos. Ahora cuando mis t\u00edos me ven trabajando tejidos me dicen: \u00a1Eres igualita a mam\u00e1!&#8221;, cuenta Claudia.<\/p>\t\t\t\t\t\t\t\t<\/div>\n\t\t\t\t\t<\/div>\n\t\t\t\t<\/div>\n\t\t<div data-particle_enable=\"false\" data-particle-mobile-disabled=\"false\" class=\"elementor-element elementor-element-64bd54c e-flex e-con-boxed e-con e-parent\" data-id=\"64bd54c\" data-element_type=\"container\" data-e-type=\"container\">\n\t\t\t\t\t<div class=\"e-con-inner\">\n\t\t\t\t<div class=\"elementor-element elementor-element-8ee4167 elementor-widget elementor-widget-image\" data-id=\"8ee4167\" data-element_type=\"widget\" data-e-type=\"widget\" data-widget_type=\"image.default\">\n\t\t\t\t\t\t\t\t\t\t\t\t<figure class=\"wp-caption\">\n\t\t\t\t\t\t\t\t\t\t<img loading=\"lazy\" decoding=\"async\" width=\"438\" height=\"823\" src=\"https:\/\/soymigrante.com\/revista\/wp-content\/uploads\/2024\/10\/crochet-con-amor-soymigrante-mercado.webp\" class=\"attachment-large size-large wp-image-10688\" alt=\"Ayuda a la mujer con ropa clara y cabello oscuro que sostiene una moneda, en un entorno interior, promoviendo inclusi\u00f3n y atenci\u00f3n social para migrantes en la revista SoyMigrante.com REVISTA.\" srcset=\"https:\/\/soymigrante.com\/revista\/wp-content\/uploads\/2024\/10\/crochet-con-amor-soymigrante-mercado.webp 438w, https:\/\/soymigrante.com\/revista\/wp-content\/uploads\/2024\/10\/crochet-con-amor-soymigrante-mercado-160x300.webp 160w\" sizes=\"(max-width: 438px) 100vw, 438px\" title=\"Lilian Alba tiene gran destreza en el tejido y desde hace un a\u00f1o y medio forma parte de Crochet con Amor. \u2013 SoyMigrante.com REVISTA\" \/>\t\t\t\t\t\t\t\t\t\t\t<figcaption class=\"widget-image-caption wp-caption-text\">Una mujer con cabello oscuro y ropa clara sostiene una moneda en sus manos en un entorno interior, destacando la importancia del apoyo y la inclusi\u00f3n social a migrantes en la revista SoyMigrante.com REVISTA.<\/figcaption>\n\t\t\t\t\t\t\t\t\t\t<\/figure>\n\t\t\t\t\t\t\t\t\t<\/div>\n\t\t\t\t\t<\/div>\n\t\t\t\t<\/div>\n\t\t<div data-particle_enable=\"false\" data-particle-mobile-disabled=\"false\" class=\"elementor-element elementor-element-a301dec e-flex e-con-boxed e-con e-parent\" data-id=\"a301dec\" data-element_type=\"container\" data-e-type=\"container\">\n\t\t\t\t\t<div class=\"e-con-inner\">\n\t\t\t\t<div class=\"elementor-element elementor-element-d223bb4 elementor-widget elementor-widget-heading\" data-id=\"d223bb4\" data-element_type=\"widget\" data-e-type=\"widget\" data-widget_type=\"heading.default\">\n\t\t\t\t\t<h2 class=\"elementor-heading-title elementor-size-default\">Una ventana sin fronteras para el arte manual<\/h2>\t\t\t\t<\/div>\n\t\t\t\t\t<\/div>\n\t\t\t\t<\/div>\n\t\t<div data-particle_enable=\"false\" data-particle-mobile-disabled=\"false\" class=\"elementor-element elementor-element-8e4fca1 e-flex e-con-boxed e-con e-parent\" data-id=\"8e4fca1\" data-element_type=\"container\" data-e-type=\"container\">\n\t\t\t\t\t<div class=\"e-con-inner\">\n\t\t\t\t<div class=\"elementor-element elementor-element-4b453e7 elementor-widget elementor-widget-text-editor\" data-id=\"4b453e7\" data-element_type=\"widget\" data-e-type=\"widget\" data-widget_type=\"text-editor.default\">\n\t\t\t\t\t\t\t\t\t<p><span style=\"color: var( --e-global-color-text ); text-align: var(--text-align);\">Al preguntarle a Claudia Garc\u00eda qu\u00e9 le motiv\u00f3 a participar en MERCADO, dice:<\/span><\/p><p>&#8220;Actualmente tengo un empleo pero sigo tejiendo, prque es algo que me gusta hacer. Queremos que nos conozcan, que las personas vean que las manos artesanales tienen un valor grande y mucho que dar en esta \u00e9poca digital.\u00a0 Sabemos que es un peque\u00f1o emprendimiento, pero so\u00f1amos con crecer y generar trabajo para m\u00e1s mujeres tejedoras&#8221;.\u00a0<\/p><p>As\u00ed que para buscar ese detalle especial tejido con delicadeza para regalar o regalarse, entra aqu\u00ed a<a href=\"https:\/\/soymigrante.com\/mercado\/marketplace\/seller\/profile\/crochet-con-amor\">\u00a0la tienda digital de Crochet con Amor\u00a0en SoyMigrante.com MERCADO.<\/a><\/p>\t\t\t\t\t\t\t\t<\/div>\n\t\t\t\t<div class=\"elementor-element elementor-element-10c8476 elementor-widget elementor-widget-image\" data-id=\"10c8476\" data-element_type=\"widget\" data-e-type=\"widget\" data-widget_type=\"image.default\">\n\t\t\t\t\t\t\t\t\t\t\t\t<figure class=\"wp-caption\">\n\t\t\t\t\t\t\t\t\t\t\t<a href=\"https:\/\/soymigrante.com\/mercado\/marketplace\/seller\/profile\/crochet-con-amor\">\n\t\t\t\t\t\t\t<img loading=\"lazy\" decoding=\"async\" width=\"500\" height=\"476\" src=\"https:\/\/soymigrante.com\/revista\/wp-content\/uploads\/2024\/11\/Screenshot-2024-11-05-at-13414 AM.webp\" class=\"attachment-large size-large wp-image-12130\" alt=\"Crochet con Amor suma habilidad, creatividad y cari\u00f1o por cada pieza para convertirla en un detalle especial.\" srcset=\"https:\/\/soymigrante.com\/revista\/wp-content\/uploads\/2024\/11\/Screenshot-2024-11-05-at-13414%20AM.webp 500w, https:\/\/soymigrante.com\/revista\/wp-content\/uploads\/2024\/11\/Screenshot-2024-11-05-at-13414%20AM-300x286.webp 300w\" sizes=\"(max-width: 500px) 100vw, 500px\" title=\"Crochet con Amor suma habilidad, creatividad y cari\u00f1o por cada pieza para convertirla en un detalle especial. \u2013 SoyMigrante.com REVISTA\" \/>\t\t\t\t\t\t\t\t<\/a>\n\t\t\t\t\t\t\t\t\t\t\t<figcaption class=\"widget-image-caption wp-caption-text\">Crochet con Amor suma habilidad, creatividad y cari\u00f1o por cada pieza para convertirla en un detalle especial.<\/figcaption>\n\t\t\t\t\t\t\t\t\t\t<\/figure>\n\t\t\t\t\t\t\t\t\t<\/div>\n\t\t\t\t<div class=\"elementor-element elementor-element-72ca4e5 elementor-widget elementor-widget-image\" data-id=\"72ca4e5\" data-element_type=\"widget\" data-e-type=\"widget\" data-widget_type=\"image.default\">\n\t\t\t\t\t\t\t\t\t\t\t\t<figure class=\"wp-caption\">\n\t\t\t\t\t\t\t\t\t\t<img loading=\"lazy\" decoding=\"async\" width=\"768\" height=\"811\" src=\"https:\/\/soymigrante.com\/revista\/wp-content\/uploads\/2024\/10\/crochet-con-amor-970x1024.jpg\" class=\"attachment-large size-large wp-image-10694\" alt=\"Nos abuelos sentados juntos en una silla, imagen emotiva que refleja amor familiar y apoyo mutuo, ideal para art\u00edculos sobre infancia, familia, migrantes y comunidad en SoyMigrante.com REVISTA.\" srcset=\"https:\/\/soymigrante.com\/revista\/wp-content\/uploads\/2024\/10\/crochet-con-amor-970x1024.jpg 970w, https:\/\/soymigrante.com\/revista\/wp-content\/uploads\/2024\/10\/crochet-con-amor-284x300.webp 284w, https:\/\/soymigrante.com\/revista\/wp-content\/uploads\/2024\/10\/crochet-con-amor-768x811.jpg 768w, https:\/\/soymigrante.com\/revista\/wp-content\/uploads\/2024\/10\/crochet-con-amor-750x792.webp 750w, https:\/\/soymigrante.com\/revista\/wp-content\/uploads\/2024\/10\/crochet-con-amor.webp 1000w\" sizes=\"(max-width: 768px) 100vw, 768px\" title=\"Claudia Garc\u00eda recuerda que sus vacaciones escolares sol\u00eda pasarlas en casa de sus abuelitos: Ra\u00fal Manzo y Elizabeth Barrientos de Manzo. Ella le ense\u00f1\u00f3 a tejer con cari\u00f1o y hoy por hoy le parece incre\u00edble que aquel gesto de amor sea la valiosa base de su emprendimiento de arte manual. \u2013 SoyMigrante.com REVISTA\" \/>\t\t\t\t\t\t\t\t\t\t\t<figcaption class=\"widget-image-caption wp-caption-text\">Claudia Garc\u00eda recuerda que sus vacaciones escolares sol\u00eda pasarlas en casa de sus abuelitos: Ra\u00fal Manzo y Elizabeth Barrientos de Manzo. Ella le ense\u00f1\u00f3 a tejer con cari\u00f1o y hoy por hoy le parece incre\u00edble que aquel gesto de amor sea la valiosa base de su emprendimiento de arte manual.<\/figcaption>\n\t\t\t\t\t\t\t\t\t\t<\/figure>\n\t\t\t\t\t\t\t\t\t<\/div>\n\t\t\t\t\t<\/div>\n\t\t\t\t<\/div>\n\t\t<div data-particle_enable=\"false\" data-particle-mobile-disabled=\"false\" class=\"elementor-element elementor-element-4d385af e-flex e-con-boxed e-con e-parent\" data-id=\"4d385af\" data-element_type=\"container\" data-e-type=\"container\">\n\t\t\t\t\t<div class=\"e-con-inner\">\n\t\t\t\t<div class=\"elementor-element elementor-element-24ca013 elementor-widget elementor-widget-heading\" data-id=\"24ca013\" data-element_type=\"widget\" data-e-type=\"widget\" data-widget_type=\"heading.default\">\n\t\t\t\t\t<h2 class=\"elementor-heading-title elementor-size-default\">Esp\u00edritu emprendedor guatemalteco sin fronteras<\/h2>\t\t\t\t<\/div>\n\t\t\t\t\t<\/div>\n\t\t\t\t<\/div>\n\t\t<div data-particle_enable=\"false\" data-particle-mobile-disabled=\"false\" class=\"elementor-element elementor-element-8008fcf e-flex e-con-boxed e-con e-parent\" data-id=\"8008fcf\" data-element_type=\"container\" data-e-type=\"container\">\n\t\t\t\t\t<div class=\"e-con-inner\">\n\t\t\t\t<div class=\"elementor-element elementor-element-c9a4532 elementor-grid-eael-col-3 elementor-grid-tablet-eael-col-2 elementor-grid-mobile-eael-col-1 elementor-widget elementor-widget-eael-post-grid\" data-id=\"c9a4532\" data-element_type=\"widget\" data-e-type=\"widget\" data-settings=\"{&quot;eael_post_grid_columns&quot;:&quot;eael-col-3&quot;,&quot;eael_post_grid_columns_tablet&quot;:&quot;eael-col-2&quot;,&quot;eael_post_grid_columns_mobile&quot;:&quot;eael-col-1&quot;}\" data-widget_type=\"eael-post-grid.default\">\n\t\t\t\t\t<div id=\"eael-post-grid-c9a4532\" class=\"eael-post-grid-container\">\n            <div class=\"eael-post-grid eael-post-appender eael-post-appender-c9a4532 eael-post-grid-style-one\" data-layout-mode=\"masonry\"><article class=\"eael-grid-post  eael-post-grid-column eael-pg-post-6824 category-exitos\" data-id=\"6824\">\n        <div class=\"eael-grid-post-holder\">\n            <div class=\"eael-grid-post-holder-inner\"><div class=\"eael-entry-media\"><div class=\"eael-entry-overlay fade-in\"><i class=\"far fa-hand-pointer\" aria-hidden=\"true\"><\/i><a href=\"https:\/\/soymigrante.com\/revista\/el-lado-refrescante-de-un-sueno-helado-xelaju-ya-tiene-camion\/\"><\/a><\/div><div class=\"eael-entry-thumbnail \">\n                <img loading=\"lazy\" decoding=\"async\" width=\"1024\" height=\"1024\" src=\"https:\/\/soymigrante.com\/revista\/wp-content\/uploads\/2024\/06\/445381730_473944155157856_4835934118547600935_n-1024x1024.webp\" class=\"attachment-large size-large wp-image-6825\" alt=\"Heladeros y clientes en una feria de comida mexicana, disfrutando de helados artesanales frente a un food truck colorido en un entorno verde y natural.\" srcset=\"https:\/\/soymigrante.com\/revista\/wp-content\/uploads\/2024\/06\/445381730_473944155157856_4835934118547600935_n-1024x1024.webp 1024w, https:\/\/soymigrante.com\/revista\/wp-content\/uploads\/2024\/06\/445381730_473944155157856_4835934118547600935_n-300x300.webp 300w, https:\/\/soymigrante.com\/revista\/wp-content\/uploads\/2024\/06\/445381730_473944155157856_4835934118547600935_n-150x150.webp 150w, https:\/\/soymigrante.com\/revista\/wp-content\/uploads\/2024\/06\/445381730_473944155157856_4835934118547600935_n-768x768.webp 768w, https:\/\/soymigrante.com\/revista\/wp-content\/uploads\/2024\/06\/445381730_473944155157856_4835934118547600935_n-75x75.webp 75w, https:\/\/soymigrante.com\/revista\/wp-content\/uploads\/2024\/06\/445381730_473944155157856_4835934118547600935_n-750x750.webp 750w, https:\/\/soymigrante.com\/revista\/wp-content\/uploads\/2024\/06\/445381730_473944155157856_4835934118547600935_n.webp 1098w\" sizes=\"(max-width: 1024px) 100vw, 1024px\" \/>\n            <\/div>\n        <\/div><div class=\"eael-entry-wrapper\"><header class=\"eael-entry-header\"><h2 class=\"eael-entry-title\"><a class=\"eael-grid-post-link\" href=\"https:\/\/soymigrante.com\/revista\/el-lado-refrescante-de-un-sueno-helado-xelaju-ya-tiene-camion\/\" title=\"El lado refrescante de un sue\u00f1o: Helados Xelaj\u00fa ya tiene su cami\u00f3n\">El lado refrescante de un sue\u00f1o: Helados Xelaj\u00fa ya tiene su cami\u00f3n<\/a><\/h2><\/header><div class=\"eael-entry-content\">\n                        <div class=\"eael-grid-post-excerpt\"><a href=\"https:\/\/soymigrante.com\/revista\/el-lado-refrescante-de-un-sueno-helado-xelaju-ya-tiene-camion\/\" class=\"eael-post-elements-readmore-btn\">CONOCE SU HISTORIA <\/a><\/div>\n                    <\/div><\/div><\/div>\n        <\/div>\n    <\/article><article class=\"eael-grid-post  eael-post-grid-column eael-pg-post-3201 category-exitos\" data-id=\"3201\">\n        <div class=\"eael-grid-post-holder\">\n            <div class=\"eael-grid-post-holder-inner\"><div class=\"eael-entry-media\"><div class=\"eael-entry-overlay fade-in\"><i class=\"far fa-hand-pointer\" aria-hidden=\"true\"><\/i><a href=\"https:\/\/soymigrante.com\/revista\/nim-ali-emprendimiento-gastronomico-migrante-en-el-corazon-de-washington-d-c\/\"><\/a><\/div><div class=\"eael-entry-thumbnail \">\n                <img loading=\"lazy\" decoding=\"async\" width=\"883\" height=\"783\" src=\"https:\/\/soymigrante.com\/revista\/wp-content\/uploads\/2023\/11\/grg.webp\" class=\"attachment-large size-large wp-image-3333\" alt=\"\" srcset=\"https:\/\/soymigrante.com\/revista\/wp-content\/uploads\/2023\/11\/grg.webp 883w, https:\/\/soymigrante.com\/revista\/wp-content\/uploads\/2023\/11\/grg-300x266.webp 300w, https:\/\/soymigrante.com\/revista\/wp-content\/uploads\/2023\/11\/grg-768x681.webp 768w, https:\/\/soymigrante.com\/revista\/wp-content\/uploads\/2023\/11\/grg-750x665.webp 750w\" sizes=\"(max-width: 883px) 100vw, 883px\" \/>\n            <\/div>\n        <\/div><div class=\"eael-entry-wrapper\"><header class=\"eael-entry-header\"><h2 class=\"eael-entry-title\"><a class=\"eael-grid-post-link\" href=\"https:\/\/soymigrante.com\/revista\/nim-ali-emprendimiento-gastronomico-migrante-en-el-corazon-de-washington-d-c\/\" title=\"Nim Ali: emprendimiento gastron\u00f3mico de la migrante Karla Alonzo en Washington D.C.\">Nim Ali: emprendimiento gastron\u00f3mico de la migrante Karla Alonzo en Washington D.C.<\/a><\/h2><\/header><div class=\"eael-entry-content\">\n                        <div class=\"eael-grid-post-excerpt\"><a href=\"https:\/\/soymigrante.com\/revista\/nim-ali-emprendimiento-gastronomico-migrante-en-el-corazon-de-washington-d-c\/\" class=\"eael-post-elements-readmore-btn\">CONOCE SU HISTORIA <\/a><\/div>\n                    <\/div><\/div><\/div>\n        <\/div>\n    <\/article><article class=\"eael-grid-post  eael-post-grid-column eael-pg-post-229 category-exitos\" data-id=\"229\">\n        <div class=\"eael-grid-post-holder\">\n            <div class=\"eael-grid-post-holder-inner\"><div class=\"eael-entry-media\"><div class=\"eael-entry-overlay fade-in\"><i class=\"far fa-hand-pointer\" aria-hidden=\"true\"><\/i><a href=\"https:\/\/soymigrante.com\/revista\/susana-madrigal-por-a-barahona\/\"><\/a><\/div><div class=\"eael-entry-thumbnail \">\n                <img loading=\"lazy\" decoding=\"async\" width=\"1024\" height=\"768\" src=\"https:\/\/soymigrante.com\/revista\/wp-content\/uploads\/2023\/02\/1-EXITOS-MADRIGAL-2-1.webp\" class=\"attachment-large size-large wp-image-230\" alt=\"\" srcset=\"https:\/\/soymigrante.com\/revista\/wp-content\/uploads\/2023\/02\/1-EXITOS-MADRIGAL-2-1.webp 1024w, https:\/\/soymigrante.com\/revista\/wp-content\/uploads\/2023\/02\/1-EXITOS-MADRIGAL-2-1-300x225.webp 300w, https:\/\/soymigrante.com\/revista\/wp-content\/uploads\/2023\/02\/1-EXITOS-MADRIGAL-2-1-768x576.jpeg 768w, https:\/\/soymigrante.com\/revista\/wp-content\/uploads\/2023\/02\/1-EXITOS-MADRIGAL-2-1-750x563.webp 750w\" sizes=\"(max-width: 1024px) 100vw, 1024px\" \/>\n            <\/div>\n        <\/div><div class=\"eael-entry-wrapper\"><header class=\"eael-entry-header\"><h2 class=\"eael-entry-title\"><a class=\"eael-grid-post-link\" href=\"https:\/\/soymigrante.com\/revista\/susana-madrigal-por-a-barahona\/\" title=\"Susana Madrigal: madre, esposa y emprendedora\">Susana Madrigal: madre, esposa y emprendedora<\/a><\/h2><\/header><div class=\"eael-entry-content\">\n                        <div class=\"eael-grid-post-excerpt\"><a href=\"https:\/\/soymigrante.com\/revista\/susana-madrigal-por-a-barahona\/\" class=\"eael-post-elements-readmore-btn\">CONOCE SU HISTORIA <\/a><\/div>\n                    <\/div><\/div><\/div>\n        <\/div>\n    <\/article><\/div>\n            <div class=\"clearfix\"><\/div>\n        <\/div>\t\t\t\t<\/div>\n\t\t\t\t\t<\/div>\n\t\t\t\t<\/div>\n\t\t\t\t<\/div>\n\t\t","protected":false},"excerpt":{"rendered":"<p>Emprendedora Claudia Garc\u00eda crea art\u00edculos decorativos o utilitarios con aguja, hilo y mucha dedicaci\u00f3n, junto a su socia Lilian Alba. Aprendi\u00f3 de ni\u00f1a con las instrucciones de la abuela Elizabet y ahora busca darse a conocer a trav\u00e9s de SoyMigrante.com\/MERCADO Flores, personajes de caricatura, tapetes con dise\u00f1os, diademas, gorros&#8230;Cualquier figura se puede realizar en Crochet [&hellip;]<\/p>\n","protected":false},"author":7,"featured_media":10687,"comment_status":"open","ping_status":"open","sticky":false,"template":"","format":"standard","meta":{"_acf_changed":false,"_eb_attr":"","footnotes":""},"categories":[58],"tags":[130],"class_list":["post-10683","post","type-post","status-publish","format-standard","has-post-thumbnail","hentry","category-guate-nuestra","tag-mercado-emprendedores"],"acf":[],"aioseo_notices":[],"aioseo_head":"\n\t\t<!-- All in One SEO Pro 4.9.6.2 - aioseo.com -->\n\t<meta name=\"description\" content=\"Susana Madrigales de Montenegro, actualmente reside en Chicago, Illinois desde hace 25 a\u00f1os, es esposa de Jorge Montenegro con quien se cas\u00f3 en el a\u00f1o 1994 y con quien procre\u00f3 a sus dos hijos, Douglas de 27 a\u00f1os y Eunice de 25 a\u00f1os.\" \/>\n\t<meta name=\"robots\" content=\"max-snippet:-1, max-image-preview:large, max-video-preview:-1\" \/>\n\t<meta name=\"author\" content=\"SoyMigrante.com REVISTA\"\/>\n\t<link rel=\"canonical\" href=\"https:\/\/soymigrante.com\/revista\/susana-madrigal-por-a-barahona\/\" \/>\n\t<meta name=\"generator\" content=\"All in One SEO Pro (AIOSEO) 4.9.6.2\" \/>\n\n\t\t<link rel=\"preconnect\" href=\"https:\/\/fonts.googleapis.com\" crossorigin>\n<link rel=\"preconnect\" href=\"https:\/\/fonts.gstatic.com\" crossorigin>\n\t\t<meta property=\"og:locale\" content=\"es_ES\" \/>\n\t\t<meta property=\"og:site_name\" content=\"SoyMigrante.com REVISTA \u2013 Nuestra misi\u00f3n es reconocer y dignificar al migrante.\" \/>\n\t\t<meta property=\"og:type\" content=\"article\" \/>\n\t\t<meta property=\"og:title\" content=\"Susana Madrigal: madre, esposa y emprendedora\" \/>\n\t\t<meta property=\"og:description\" content=\"Susana Madrigales de Montenegro, actualmente reside en Chicago, Illinois desde hace 25 a\u00f1os, es esposa de Jorge Montenegro con quien se cas\u00f3 en el a\u00f1o 1994 y con quien procre\u00f3 a sus dos hijos, Douglas de 27 a\u00f1os y Eunice de 25 a\u00f1os.\" \/>\n\t\t<meta property=\"og:url\" content=\"https:\/\/soymigrante.com\/revista\/susana-madrigal-por-a-barahona\/\" \/>\n\t\t<meta property=\"og:image\" content=\"https:\/\/soymigrante.com\/revista\/wp-content\/uploads\/2023\/02\/1-EXITOS-MADRIGAL-2-1.webp\" \/>\n\t\t<meta property=\"og:image:secure_url\" content=\"https:\/\/soymigrante.com\/revista\/wp-content\/uploads\/2023\/02\/1-EXITOS-MADRIGAL-2-1.webp\" \/>\n\t\t<meta property=\"og:image:width\" content=\"1024\" \/>\n\t\t<meta property=\"og:image:height\" content=\"768\" \/>\n\t\t<meta property=\"article:published_time\" content=\"2023-05-26T00:50:14+00:00\" \/>\n\t\t<meta property=\"article:modified_time\" content=\"2024-06-25T22:20:44+00:00\" \/>\n\t\t<meta property=\"article:publisher\" content=\"https:\/\/www.facebook.com\/soymigrantecom\" \/>\n\t\t<meta name=\"twitter:card\" content=\"summary_large_image\" \/>\n\t\t<meta name=\"twitter:site\" content=\"@SoyMigrante_com\" \/>\n\t\t<meta name=\"twitter:title\" content=\"Susana Madrigal: madre, esposa y emprendedora\" \/>\n\t\t<meta name=\"twitter:description\" content=\"Susana Madrigales de Montenegro, actualmente reside en Chicago, Illinois desde hace 25 a\u00f1os, es esposa de Jorge Montenegro con quien se cas\u00f3 en el a\u00f1o 1994 y con quien procre\u00f3 a sus dos hijos, Douglas de 27 a\u00f1os y Eunice de 25 a\u00f1os.\" \/>\n\t\t<meta name=\"twitter:creator\" content=\"@SoyMigrante_com\" \/>\n\t\t<meta name=\"twitter:image\" content=\"https:\/\/soymigrante.com\/revista\/wp-content\/uploads\/2023\/02\/1-EXITOS-MADRIGAL-2-1.webp\" \/>\n\t\t<!-- All in One SEO Pro -->\r\n\t\t<title>Susana Madrigal: madre, esposa y emprendedora<\/title>\n\n","aioseo_head_json":{"title":"Susana Madrigal: madre, esposa y emprendedora","description":"Susana Madrigales de Montenegro, actualmente reside en Chicago, Illinois desde hace 25 a\u00f1os, es esposa de Jorge Montenegro con quien se cas\u00f3 en el a\u00f1o 1994 y con quien procre\u00f3 a sus dos hijos, Douglas de 27 a\u00f1os y Eunice de 25 a\u00f1os.","canonical_url":"https:\/\/soymigrante.com\/revista\/susana-madrigal-por-a-barahona\/","robots":"max-snippet:-1, max-image-preview:large, max-video-preview:-1","keywords":"","webmasterTools":{"miscellaneous":"&lt;link rel=\"preconnect\" href=\"https:\/\/fonts.googleapis.com\" crossorigin&gt;\n&lt;link rel=\"preconnect\" href=\"https:\/\/fonts.gstatic.com\" crossorigin&gt;"},"schema":null,"og:locale":"es_ES","og:site_name":"SoyMigrante.com REVISTA \u2013 Nuestra misi\u00f3n es reconocer y dignificar al migrante.","og:type":"article","og:title":"Susana Madrigal: madre, esposa y emprendedora","og:description":"Susana Madrigales de Montenegro, actualmente reside en Chicago, Illinois desde hace 25 a\u00f1os, es esposa de Jorge Montenegro con quien se cas\u00f3 en el a\u00f1o 1994 y con quien procre\u00f3 a sus dos hijos, Douglas de 27 a\u00f1os y Eunice de 25 a\u00f1os.","og:url":"https:\/\/soymigrante.com\/revista\/susana-madrigal-por-a-barahona\/","og:image":"https:\/\/soymigrante.com\/revista\/wp-content\/uploads\/2023\/02\/1-EXITOS-MADRIGAL-2-1.webp","og:image:secure_url":"https:\/\/soymigrante.com\/revista\/wp-content\/uploads\/2023\/02\/1-EXITOS-MADRIGAL-2-1.webp","og:image:width":1024,"og:image:height":768,"article:published_time":"2023-05-26T00:50:14+00:00","article:modified_time":"2024-06-25T22:20:44+00:00","article:publisher":"https:\/\/www.facebook.com\/soymigrantecom","twitter:card":"summary_large_image","twitter:site":"@SoyMigrante_com","twitter:title":"Susana Madrigal: madre, esposa y emprendedora","twitter:description":"Susana Madrigales de Montenegro, actualmente reside en Chicago, Illinois desde hace 25 a\u00f1os, es esposa de Jorge Montenegro con quien se cas\u00f3 en el a\u00f1o 1994 y con quien procre\u00f3 a sus dos hijos, Douglas de 27 a\u00f1os y Eunice de 25 a\u00f1os.","twitter:creator":"@SoyMigrante_com","twitter:image":"https:\/\/soymigrante.com\/revista\/wp-content\/uploads\/2023\/02\/1-EXITOS-MADRIGAL-2-1.webp"},"aioseo_meta_data":{"post_id":"10683","title":"Tejido con cari\u00f1o de la abuelita: Crochet con Amor","description":"La emprendedora Claudia Garc\u00eda aprendi\u00f3 de ni\u00f1a a tejer con su abuelita Elizabeth. Aquella habilidad es hoy el hilo de un arte a la venta en SoyMigrante MERCADO","keywords":null,"keyphrases":{"focus":{"keyphrase":"Emprendedora","score":69,"analysis":{"keyphraseInTitle":{"score":3,"maxScore":9,"error":1},"keyphraseInDescription":{"score":9,"maxScore":9,"error":0},"keyphraseLength":{"score":9,"maxScore":9,"error":0,"length":1},"keyphraseInURL":{"score":1,"maxScore":5,"error":1}}},"additional":[{"keyphrase":"Mercado","score":100,"analysis":{"keyphraseInDescription":{"score":9,"maxScore":9,"error":0},"keyphraseLength":{"score":9,"maxScore":9,"error":0,"length":1}}},{"keyphrase":"Arte","score":100,"analysis":{"keyphraseInDescription":{"score":9,"maxScore":9,"error":0},"keyphraseLength":{"score":9,"maxScore":9,"error":0,"length":1}}},{"keyphrase":"Tejido","score":67,"analysis":{"keyphraseInDescription":{"score":3,"maxScore":9,"error":1},"keyphraseLength":{"score":9,"maxScore":9,"error":0,"length":1}}}]},"primary_term":null,"canonical_url":null,"og_title":null,"og_description":null,"og_object_type":"default","og_image_type":"default","og_image_url":null,"og_image_width":null,"og_image_height":null,"og_image_custom_url":null,"og_image_custom_fields":null,"og_video":"","og_custom_url":null,"og_article_section":null,"og_article_tags":null,"twitter_use_og":false,"twitter_card":"default","twitter_image_type":"default","twitter_image_url":null,"twitter_image_custom_url":null,"twitter_image_custom_fields":null,"twitter_title":null,"twitter_description":null,"schema":{"blockGraphs":[],"customGraphs":[],"default":{"data":{"Article":[],"Course":[],"Dataset":[],"FAQPage":[],"Movie":[],"Person":[],"Product":[],"ProductReview":[],"Car":[],"Recipe":[],"Service":[],"SoftwareApplication":[],"WebPage":[]},"graphName":"Article","isEnabled":true},"graphs":[]},"schema_type":"default","schema_type_options":null,"pillar_content":false,"robots_default":true,"robots_noindex":false,"robots_noarchive":false,"robots_nosnippet":false,"robots_nofollow":false,"robots_noimageindex":false,"robots_noodp":false,"robots_notranslate":false,"robots_max_snippet":"-1","robots_max_videopreview":"-1","robots_max_imagepreview":"large","priority":null,"frequency":"default","local_seo":null,"seo_analyzer_scan_date":"2025-10-08 23:52:47","breadcrumb_settings":null,"limit_modified_date":false,"reviewed_by":null,"open_ai":"{\"title\":{\"suggestions\":[],\"usage\":0},\"description\":{\"suggestions\":[],\"usage\":0}}","ai":null,"created":"2024-10-25 16:54:40","updated":"2026-02-04 15:19:49"},"aioseo_breadcrumb":"<div class=\"aioseo-breadcrumbs\"><span class=\"aioseo-breadcrumb\">\n\t<a href=\"https:\/\/soymigrante.com\/revista\" title=\"Home\">Home<\/a>\n<\/span><span class=\"aioseo-breadcrumb-separator\">\u00bb<\/span><span class=\"aioseo-breadcrumb\">\n\t<a href=\"https:\/\/soymigrante.com\/revista\/category\/guate-nuestra\/\" title=\"Guate Nuestra\">Guate Nuestra<\/a>\n<\/span><span class=\"aioseo-breadcrumb-separator\">\u00bb<\/span><span class=\"aioseo-breadcrumb\">\n\tTejido con el mismo cari\u00f1o de la abuelita: el emprendimiento Crochet con Amor\n<\/span><\/div>","aioseo_breadcrumb_json":[{"label":"Home","link":"https:\/\/soymigrante.com\/revista"},{"label":"Guate Nuestra","link":"https:\/\/soymigrante.com\/revista\/category\/guate-nuestra\/"},{"label":"Tejido con el mismo cari\u00f1o de la abuelita: el emprendimiento Crochet con Amor","link":"https:\/\/soymigrante.com\/revista\/tejido-con-el-mismo-carino-de-la-abuelita-el-emprendimiento-crochet-con-amor\/"}],"_links":{"self":[{"href":"https:\/\/soymigrante.com\/revista\/wp-json\/wp\/v2\/posts\/10683","targetHints":{"allow":["GET"]}}],"collection":[{"href":"https:\/\/soymigrante.com\/revista\/wp-json\/wp\/v2\/posts"}],"about":[{"href":"https:\/\/soymigrante.com\/revista\/wp-json\/wp\/v2\/types\/post"}],"author":[{"embeddable":true,"href":"https:\/\/soymigrante.com\/revista\/wp-json\/wp\/v2\/users\/7"}],"replies":[{"embeddable":true,"href":"https:\/\/soymigrante.com\/revista\/wp-json\/wp\/v2\/comments?post=10683"}],"version-history":[{"count":3,"href":"https:\/\/soymigrante.com\/revista\/wp-json\/wp\/v2\/posts\/10683\/revisions"}],"predecessor-version":[{"id":39892,"href":"https:\/\/soymigrante.com\/revista\/wp-json\/wp\/v2\/posts\/10683\/revisions\/39892"}],"wp:featuredmedia":[{"embeddable":true,"href":"https:\/\/soymigrante.com\/revista\/wp-json\/wp\/v2\/media\/10687"}],"wp:attachment":[{"href":"https:\/\/soymigrante.com\/revista\/wp-json\/wp\/v2\/media?parent=10683"}],"wp:term":[{"taxonomy":"category","embeddable":true,"href":"https:\/\/soymigrante.com\/revista\/wp-json\/wp\/v2\/categories?post=10683"},{"taxonomy":"post_tag","embeddable":true,"href":"https:\/\/soymigrante.com\/revista\/wp-json\/wp\/v2\/tags?post=10683"}],"curies":[{"name":"wp","href":"https:\/\/api.w.org\/{rel}","templated":true}]}}