{"id":10677,"date":"2024-10-24T07:00:00","date_gmt":"2024-10-24T13:00:00","guid":{"rendered":"https:\/\/soymigrante.com\/revista\/?p=10677"},"modified":"2024-10-23T23:33:21","modified_gmt":"2024-10-24T05:33:21","slug":"una-suplica-desde-una-ciudad-muy-lejana-de-mi-pueblo","status":"publish","type":"post","link":"https:\/\/soymigrante.com\/revista\/una-suplica-desde-una-ciudad-muy-lejana-de-mi-pueblo\/","title":{"rendered":"La s\u00faplica de un migrante desde un lugar muy distante de su pueblo"},"content":{"rendered":"\t\t<div data-elementor-type=\"wp-post\" data-elementor-id=\"10677\" class=\"elementor elementor-10677\" data-elementor-post-type=\"post\">\n\t\t\t\t<div data-particle_enable=\"false\" data-particle-mobile-disabled=\"false\" class=\"elementor-element elementor-element-9b82e42 e-flex e-con-boxed e-con e-parent\" data-id=\"9b82e42\" data-element_type=\"container\" data-e-type=\"container\">\n\t\t\t\t\t<div class=\"e-con-inner\">\n\t\t\t\t<div class=\"elementor-element elementor-element-327c4f8 elementor-widget elementor-widget-heading\" data-id=\"327c4f8\" data-element_type=\"widget\" data-e-type=\"widget\" data-widget_type=\"heading.default\">\n\t\t\t\t\t<h2 class=\"elementor-heading-title elementor-size-default\">Comunicador y promotor cultural momosteco Germ\u00e1n Ajanel, propone una reflexi\u00f3n en clave de s\u00faplica, acerca de la perspectiva del migrante guatemalteco, las carencias que obligan a su partida y el anhelo de regresar alg\u00fan d\u00eda a su tierra.<\/h2>\t\t\t\t<\/div>\n\t\t\t\t\t<\/div>\n\t\t\t\t<\/div>\n\t\t<div data-particle_enable=\"false\" data-particle-mobile-disabled=\"false\" class=\"elementor-element elementor-element-774057f e-flex e-con-boxed e-con e-parent\" data-id=\"774057f\" data-element_type=\"container\" data-e-type=\"container\">\n\t\t\t\t\t<div class=\"e-con-inner\">\n\t\t\t\t<div class=\"elementor-element elementor-element-d28ce03 elementor-widget elementor-widget-text-editor\" data-id=\"d28ce03\" data-element_type=\"widget\" data-e-type=\"widget\" data-widget_type=\"text-editor.default\">\n\t\t\t\t\t\t\t\t\t<p><b>Por Germ\u00e1n Ajanel<\/b><\/p>\t\t\t\t\t\t\t\t<\/div>\n\t\t\t\t\t<\/div>\n\t\t\t\t<\/div>\n\t\t<div data-particle_enable=\"false\" data-particle-mobile-disabled=\"false\" class=\"elementor-element elementor-element-8db7173 e-flex e-con-boxed e-con e-parent\" data-id=\"8db7173\" data-element_type=\"container\" data-e-type=\"container\">\n\t\t\t\t\t<div class=\"e-con-inner\">\n\t\t\t\t<div class=\"elementor-element elementor-element-c22a791 elementor-widget elementor-widget-text-editor\" data-id=\"c22a791\" data-element_type=\"widget\" data-e-type=\"widget\" data-widget_type=\"text-editor.default\">\n\t\t\t\t\t\t\t\t\t<p><span style=\"color: var( --e-global-color-text ); text-align: var(--text-align);\">No s\u00e9 si fue mi fe, la de mi amada, la de mis hijos o la de mi madre, quiz\u00e1s fueron todas.las s\u00faplicas juntas, las que hoy permiten escribir estas l\u00edneas.<\/span><\/p><p>\u00a0Lo \u00fanico que me quedo fue el silencio, pues ya no hubo m\u00e1s amigos, fiestas o borracheras que pudieran ocultar ese grito que desgarraba mi coraz\u00f3n.\u00a0\u00a0<\/p><p>Cada ma\u00f1ana era dif\u00edcil levantarse y pensar en el futuro, <a href=\"https:\/\/soymigrante.com\/revista\/leonel-arenas-conecta-a-migrantes-en-connecticut-con-nobles-causas\/\">ver a los m\u00edos pasar necesidades<\/a>,\u00a0 ver c\u00f3mo se encaminaban a la escuela para prepararse, con un futuro incierto, pensar en ese t\u00edtulo que colgaba de la pared, que era el orgullo de la familia, pero no serv\u00eda para un trabajo, pues ac\u00e1 no hay posibilidad de trabajo, sino es por cuello o pisto para pagar por el puesto.\u00a0<\/p><p>\u00a0<\/p>\t\t\t\t\t\t\t\t<\/div>\n\t\t\t\t\t<\/div>\n\t\t\t\t<\/div>\n\t\t<div data-particle_enable=\"false\" data-particle-mobile-disabled=\"false\" class=\"elementor-element elementor-element-8c19bb3 e-flex e-con-boxed e-con e-parent\" data-id=\"8c19bb3\" data-element_type=\"container\" data-e-type=\"container\">\n\t\t\t\t\t<div class=\"e-con-inner\">\n\t\t\t\t<div class=\"elementor-element elementor-element-dc3cc61 elementor-widget elementor-widget-image\" data-id=\"dc3cc61\" data-element_type=\"widget\" data-e-type=\"widget\" data-widget_type=\"image.default\">\n\t\t\t\t\t\t\t\t\t\t\t\t<figure class=\"wp-caption\">\n\t\t\t\t\t\t\t\t\t\t<img fetchpriority=\"high\" decoding=\"async\" width=\"720\" height=\"430\" src=\"https:\/\/soymigrante.com\/revista\/wp-content\/uploads\/2024\/10\/guatemala-fotografias-de-german-ajanel-2.webp\" class=\"attachment-large size-large wp-image-10680\" alt=\"C\u00e1maras antiguas y objetos tradicionales en un almac\u00e9n rural, reflejando cultura e historia en espacios de M\u00e9xico.\" srcset=\"https:\/\/soymigrante.com\/revista\/wp-content\/uploads\/2024\/10\/guatemala-fotografias-de-german-ajanel-2.webp 720w, https:\/\/soymigrante.com\/revista\/wp-content\/uploads\/2024\/10\/guatemala-fotografias-de-german-ajanel-2-300x179.webp 300w\" sizes=\"(max-width: 720px) 100vw, 720px\" title=\"El recuerdo de la casa familiar en un pueblo, en una aldea o un caser\u00edo de monta\u00f1a nunca se olvida ni siquiera en la ciudad m\u00e1s moderna de EE.UU. (Fotograf\u00eda Germ\u00e1n Ajanel) \u2013 SoyMigrante.com REVISTA\" \/>\t\t\t\t\t\t\t\t\t\t\t<figcaption class=\"widget-image-caption wp-caption-text\">C\u00e1maras y objetos tradicionales en un espacio rural, muestran la cultura y el patrimonio mexicano en un ambiente humilde y lleno de historia.<\/figcaption>\n\t\t\t\t\t\t\t\t\t\t<\/figure>\n\t\t\t\t\t\t\t\t\t<\/div>\n\t\t\t\t\t<\/div>\n\t\t\t\t<\/div>\n\t\t<div data-particle_enable=\"false\" data-particle-mobile-disabled=\"false\" class=\"elementor-element elementor-element-c4cae4d e-flex e-con-boxed e-con e-parent\" data-id=\"c4cae4d\" data-element_type=\"container\" data-e-type=\"container\">\n\t\t\t\t\t<div class=\"e-con-inner\">\n\t\t\t\t<div class=\"elementor-element elementor-element-6c3d194 elementor-widget elementor-widget-heading\" data-id=\"6c3d194\" data-element_type=\"widget\" data-e-type=\"widget\" data-widget_type=\"heading.default\">\n\t\t\t\t\t<h3 class=\"elementor-heading-title elementor-size-default\">Entre todos luch\u00e1bamos por llevar el pan diario...<\/h3>\t\t\t\t<\/div>\n\t\t\t\t\t<\/div>\n\t\t\t\t<\/div>\n\t\t<div data-particle_enable=\"false\" data-particle-mobile-disabled=\"false\" class=\"elementor-element elementor-element-8c47478 e-flex e-con-boxed e-con e-parent\" data-id=\"8c47478\" data-element_type=\"container\" data-e-type=\"container\">\n\t\t\t\t\t<div class=\"e-con-inner\">\n\t\t\t\t<div class=\"elementor-element elementor-element-5863414 elementor-widget elementor-widget-text-editor\" data-id=\"5863414\" data-element_type=\"widget\" data-e-type=\"widget\" data-widget_type=\"text-editor.default\">\n\t\t\t\t\t\t\t\t\t<p><span style=\"color: var( --e-global-color-text ); text-align: var(--text-align);\">&#8230; Cada noche reunidos en torno a la mesa escuchando la s\u00faplica de mi madre, y teniendo la esperanza de que ma\u00f1ana ser\u00eda mejor.<\/span><\/p><p>La pobreza, la marginaci\u00f3n, la falta de oportunidades, la corrupci\u00f3n,.la violencia, la tristeza, la amenaza era\u00a0 cada d\u00eda, el pan nuestro.\u00a0<\/p><p>Solo hab\u00eda un sue\u00f1o, solo era uno, y era ser feliz.<\/p><p>Pero c\u00f3mo cuesta ser feliz en un pa\u00eds con muchas oportunidades pero lamentablemente todas ellas vendidas o corrompidas.\u00a0<\/p><p>C\u00f3mo cuesta ser feliz en un pa\u00eds con una gran riqueza pero en manos de unos pocos y qui\u00e9nes deciden si dan o no oportunidad.<\/p><p>C\u00f3mo cuesta ser feliz en un pa\u00eds que te roba los sue\u00f1os. Pero ah\u00ed fue donde lleg\u00f3 un sue\u00f1o m\u00e1s, no era cualquier sue\u00f1o, quiz\u00e1s era una pesadilla, despert\u00e9, supliqu\u00e9 y entonces decid\u00ed.<\/p><p>\u00a0<\/p>\t\t\t\t\t\t\t\t<\/div>\n\t\t\t\t\t<\/div>\n\t\t\t\t<\/div>\n\t\t<div data-particle_enable=\"false\" data-particle-mobile-disabled=\"false\" class=\"elementor-element elementor-element-3468296 e-flex e-con-boxed e-con e-parent\" data-id=\"3468296\" data-element_type=\"container\" data-e-type=\"container\">\n\t\t\t\t\t<div class=\"e-con-inner\">\n\t\t\t\t<div class=\"elementor-element elementor-element-61d8a8f elementor-widget elementor-widget-image\" data-id=\"61d8a8f\" data-element_type=\"widget\" data-e-type=\"widget\" data-widget_type=\"image.default\">\n\t\t\t\t\t\t\t\t\t\t\t\t<figure class=\"wp-caption\">\n\t\t\t\t\t\t\t\t\t\t<img decoding=\"async\" width=\"768\" height=\"576\" src=\"https:\/\/soymigrante.com\/revista\/wp-content\/uploads\/2024\/10\/guatemala-fotografias-de-german-ajanel-1.webp\" class=\"attachment-large size-large wp-image-10681\" alt=\"Paisaje natural con puesta de sol, \u00e1rboles y colinas en un entorno tranquilo y hermoso, ideal para art\u00edculos sobre migraci\u00f3n, cultura y Derechos Humanos en una revista especializada.\" srcset=\"https:\/\/soymigrante.com\/revista\/wp-content\/uploads\/2024\/10\/guatemala-fotografias-de-german-ajanel-1.webp 960w, https:\/\/soymigrante.com\/revista\/wp-content\/uploads\/2024\/10\/guatemala-fotografias-de-german-ajanel-1-300x225.webp 300w, https:\/\/soymigrante.com\/revista\/wp-content\/uploads\/2024\/10\/guatemala-fotografias-de-german-ajanel-1-768x576.jpg 768w, https:\/\/soymigrante.com\/revista\/wp-content\/uploads\/2024\/10\/guatemala-fotografias-de-german-ajanel-1-750x563.webp 750w\" sizes=\"(max-width: 768px) 100vw, 768px\" title=\"Los migrantes que tienen la posibilidad de regresar a su pueblo se encuentran con esa magia de infancia y esas memorias que nunca se borrar\u00e1n. (Fotograf\u00eda German Ajanel) \u2013 SoyMigrante.com REVISTA\" \/>\t\t\t\t\t\t\t\t\t\t\t<figcaption class=\"widget-image-caption wp-caption-text\">Amanecer en paisaje natural con \u00e1rboles y monta\u00f1as, reflejando paz y serenidad en un entorno rural y verde.<\/figcaption>\n\t\t\t\t\t\t\t\t\t\t<\/figure>\n\t\t\t\t\t\t\t\t\t<\/div>\n\t\t\t\t\t<\/div>\n\t\t\t\t<\/div>\n\t\t<div data-particle_enable=\"false\" data-particle-mobile-disabled=\"false\" class=\"elementor-element elementor-element-5527b35 e-flex e-con-boxed e-con e-parent\" data-id=\"5527b35\" data-element_type=\"container\" data-e-type=\"container\">\n\t\t\t\t\t<div class=\"e-con-inner\">\n\t\t\t\t<div class=\"elementor-element elementor-element-1f72abb elementor-widget elementor-widget-heading\" data-id=\"1f72abb\" data-element_type=\"widget\" data-e-type=\"widget\" data-widget_type=\"heading.default\">\n\t\t\t\t\t<h3 class=\"elementor-heading-title elementor-size-default\">Tuve que marchar, decir adi\u00f3s....<\/h3>\t\t\t\t<\/div>\n\t\t\t\t\t<\/div>\n\t\t\t\t<\/div>\n\t\t<div data-particle_enable=\"false\" data-particle-mobile-disabled=\"false\" class=\"elementor-element elementor-element-1fb7ce6 e-flex e-con-boxed e-con e-parent\" data-id=\"1fb7ce6\" data-element_type=\"container\" data-e-type=\"container\">\n\t\t\t\t\t<div class=\"e-con-inner\">\n\t\t\t\t<div class=\"elementor-element elementor-element-a722b39 elementor-widget elementor-widget-text-editor\" data-id=\"a722b39\" data-element_type=\"widget\" data-e-type=\"widget\" data-widget_type=\"text-editor.default\">\n\t\t\t\t\t\t\t\t\t<p><span style=\"color: var( --e-global-color-text ); text-align: var(--text-align);\">&#8230;.Y buscar aquel sue\u00f1o, <a href=\"https:\/\/soymigrante.com\/revista\/tps-para-guatemala-que-se-necesita-para-lograr-este-beneficio-para-migrantes-en-ee-uu\/\">aquella tierra que me dar\u00eda la opci\u00f3n de ganar dinero,<\/a> aunque perdiera mi vida, mis sue\u00f1os, mis anhelos, mis momentos m\u00e1s felices compartidos en familia.<\/span><\/p><p>Y entonces ah\u00ed s\u00f3lo quedo el silencio y el recuerdo.\u00a0<\/p><p>Me arme de valor, le cont\u00e9 a mi madre, le dije a mi esposa que ten\u00eda que irme para que los ni\u00f1os tuvieran una posibilidad, aquella que yo no tuve. Ella llor\u00f3 y suplico buscar otra opci\u00f3n pero ya no hab\u00eda m\u00e1s.\u00a0<\/p><p>En la esquina de mi casa un altar y mi madre sollozando suplicaba porque todo fuera bien, me abraz\u00f3, me bendijo, y con su voz entrecortada me pidi\u00f3 que regresara pronto, que ella estar\u00eda esper\u00e1ndome, as\u00ed como cada d\u00eda lo hac\u00eda. Se que se fue llorando a suplicar al Dios del cielo.\u00a0<\/p><p>No fue f\u00e1cil el camino, no fueron f\u00e1ciles los d\u00edas de viaje, no fue f\u00e1cil llegar y empezar, no fue f\u00e1cil encontrar ese trabajo. Ante cada dificultad lo \u00fanico que me alent\u00f3 fue esa oraci\u00f3n que de rodillas, de pie, mojado, o con sed elev\u00e9 al cielo, a la tierra, la s\u00faplica de mi coraz\u00f3n.<\/p>\t\t\t\t\t\t\t\t<\/div>\n\t\t\t\t\t<\/div>\n\t\t\t\t<\/div>\n\t\t<div data-particle_enable=\"false\" data-particle-mobile-disabled=\"false\" class=\"elementor-element elementor-element-e2b8fdc e-flex e-con-boxed e-con e-parent\" data-id=\"e2b8fdc\" data-element_type=\"container\" data-e-type=\"container\">\n\t\t\t\t\t<div class=\"e-con-inner\">\n\t\t\t\t<div class=\"elementor-element elementor-element-2584700 elementor-widget elementor-widget-image\" data-id=\"2584700\" data-element_type=\"widget\" data-e-type=\"widget\" data-widget_type=\"image.default\">\n\t\t\t\t\t\t\t\t\t\t\t\t<figure class=\"wp-caption\">\n\t\t\t\t\t\t\t\t\t\t<img decoding=\"async\" width=\"768\" height=\"768\" src=\"https:\/\/soymigrante.com\/revista\/wp-content\/uploads\/2024\/09\/pueblo-kiche-1024x1024.webp\" class=\"attachment-large size-large wp-image-8932\" alt=\"Tradici\u00f3n cultural del pueblo ind\u00edgena en M\u00e9xico, vestimenta t\u00edpica con mochila y sombrero en un entorno rural.\" srcset=\"https:\/\/soymigrante.com\/revista\/wp-content\/uploads\/2024\/09\/pueblo-kiche-1024x1024.webp 1024w, https:\/\/soymigrante.com\/revista\/wp-content\/uploads\/2024\/09\/pueblo-kiche-300x300.webp 300w, https:\/\/soymigrante.com\/revista\/wp-content\/uploads\/2024\/09\/pueblo-kiche-150x150.webp 150w, https:\/\/soymigrante.com\/revista\/wp-content\/uploads\/2024\/09\/pueblo-kiche-768x768.webp 768w, https:\/\/soymigrante.com\/revista\/wp-content\/uploads\/2024\/09\/pueblo-kiche-75x75.webp 75w, https:\/\/soymigrante.com\/revista\/wp-content\/uploads\/2024\/09\/pueblo-kiche-750x750.webp 750w, https:\/\/soymigrante.com\/revista\/wp-content\/uploads\/2024\/09\/pueblo-kiche-1140x1140.webp 1140w, https:\/\/soymigrante.com\/revista\/wp-content\/uploads\/2024\/09\/pueblo-kiche.webp 1168w\" sizes=\"(max-width: 768px) 100vw, 768px\" title=\"Pueblos de Guatemala k&#039;iche  fotograf\u00eda de Marcos Zarate \u2013 SoyMigrante.com REVISTA\" \/>\t\t\t\t\t\t\t\t\t\t\t<figcaption class=\"widget-image-caption wp-caption-text\">German Ajanel, autor de este texto, luce la indumentaria tradicional del var\u00f3n k'iche' en Momostenango, Totonicap\u00e1n<\/figcaption>\n\t\t\t\t\t\t\t\t\t\t<\/figure>\n\t\t\t\t\t\t\t\t\t<\/div>\n\t\t\t\t\t<\/div>\n\t\t\t\t<\/div>\n\t\t<div data-particle_enable=\"false\" data-particle-mobile-disabled=\"false\" class=\"elementor-element elementor-element-bfd7ccb e-flex e-con-boxed e-con e-parent\" data-id=\"bfd7ccb\" data-element_type=\"container\" data-e-type=\"container\">\n\t\t\t\t\t<div class=\"e-con-inner\">\n\t\t\t\t<div class=\"elementor-element elementor-element-4af86aa elementor-widget elementor-widget-heading\" data-id=\"4af86aa\" data-element_type=\"widget\" data-e-type=\"widget\" data-widget_type=\"heading.default\">\n\t\t\t\t\t<h3 class=\"elementor-heading-title elementor-size-default\">Y al parecer mi s\u00faplica fue escuchada...<\/h3>\t\t\t\t<\/div>\n\t\t\t\t\t<\/div>\n\t\t\t\t<\/div>\n\t\t<div data-particle_enable=\"false\" data-particle-mobile-disabled=\"false\" class=\"elementor-element elementor-element-4bd7340 e-flex e-con-boxed e-con e-parent\" data-id=\"4bd7340\" data-element_type=\"container\" data-e-type=\"container\">\n\t\t\t\t\t<div class=\"e-con-inner\">\n\t\t\t\t<div class=\"elementor-element elementor-element-41ddb1f elementor-widget elementor-widget-text-editor\" data-id=\"41ddb1f\" data-element_type=\"widget\" data-e-type=\"widget\" data-widget_type=\"text-editor.default\">\n\t\t\t\t\t\t\t\t\t<p><span style=\"color: var( --e-global-color-text ); text-align: var(--text-align);\">Y al parecer fue escuchada porque buscando lleg\u00f3 el trabajo,&nbsp; la oportunidad.<\/span><\/p>\n<p><span style=\"color: var( --e-global-color-text ); text-align: var(--text-align);\">Pero ahora suplico de nuevo porque <a href=\"https:\/\/soymigrante.com\/revista\/migrantes-guatemaltecos-dedicaron-al-envio-de-remesas-el-53-de-sus-ingresos\/\">todo esto tenga sentido,<\/a> que mis hijos crezcan, se preparen y tengan la oportunidad que yo siempre quise para m\u00ed. Que ellos alcancen mejores puestos.<\/span><\/p>\n<p>Suplico nuevamente que la distancia no nos haga da\u00f1o, que mi ausencia no les afecte, y que todo lo que con esfuerzo env\u00edo, sirva para ser mejores personas, suplico porque a m\u00ed regreso pueda abrazarlos a todos, especialmente a aquella mujer que suplicante deje frente al altar de la casa, para que sus l\u00e1grimas puedan enjugarse, y con ese tierno abrazo pueda escuchar que me dice: &#8220;Ya veniste mijo&#8221;.<\/p>\n<p>Hoy solo queda eso, por ello suplico, cada d\u00eda suplico.<\/p>\t\t\t\t\t\t\t\t<\/div>\n\t\t\t\t\t<\/div>\n\t\t\t\t<\/div>\n\t\t<div data-particle_enable=\"false\" data-particle-mobile-disabled=\"false\" class=\"elementor-element elementor-element-2c8c5be e-flex e-con-boxed e-con e-parent\" data-id=\"2c8c5be\" data-element_type=\"container\" data-e-type=\"container\">\n\t\t\t\t\t<div class=\"e-con-inner\">\n\t\t\t\t<div class=\"elementor-element elementor-element-30278ee elementor-grid-eael-col-1 elementor-grid-tablet-eael-col-2 elementor-grid-mobile-eael-col-1 elementor-widget elementor-widget-eael-post-grid\" data-id=\"30278ee\" data-element_type=\"widget\" data-e-type=\"widget\" data-settings=\"{&quot;eael_post_grid_columns&quot;:&quot;eael-col-1&quot;,&quot;eael_post_grid_columns_tablet&quot;:&quot;eael-col-2&quot;,&quot;eael_post_grid_columns_mobile&quot;:&quot;eael-col-1&quot;}\" data-widget_type=\"eael-post-grid.default\">\n\t\t\t\t\t<div id=\"eael-post-grid-30278ee\" class=\"eael-post-grid-container\">\n            <div class=\"eael-post-grid eael-post-appender eael-post-appender-30278ee eael-post-grid-style-one\" data-layout-mode=\"masonry\"><article class=\"eael-grid-post  eael-post-grid-column eael-pg-post-2415 category-exitos\" data-id=\"2415\">\n        <div class=\"eael-grid-post-holder\">\n            <div class=\"eael-grid-post-holder-inner\"><div class=\"eael-entry-media\"><div class=\"eael-entry-overlay fade-in\"><i class=\"far fa-hand-pointer\" aria-hidden=\"true\"><\/i><a href=\"https:\/\/soymigrante.com\/revista\/roldan-jose-es-un-migrante-guatemalteco-orgulloso-de-su-raiz-y-de-ser-un-mico-bailador\/\"><\/a><\/div><div class=\"eael-entry-thumbnail \">\n                <img loading=\"lazy\" decoding=\"async\" width=\"1024\" height=\"683\" src=\"https:\/\/soymigrante.com\/revista\/wp-content\/uploads\/2023\/08\/LADANZ1-1024x683.webp\" class=\"attachment-large size-large wp-image-2365\" alt=\"El mico y migrante guatemalteco\" srcset=\"https:\/\/soymigrante.com\/revista\/wp-content\/uploads\/2023\/08\/LADANZ1-1024x683.webp 1024w, https:\/\/soymigrante.com\/revista\/wp-content\/uploads\/2023\/08\/LADANZ1-300x200.webp 300w, https:\/\/soymigrante.com\/revista\/wp-content\/uploads\/2023\/08\/LADANZ1-768x512.webp 768w, https:\/\/soymigrante.com\/revista\/wp-content\/uploads\/2023\/08\/LADANZ1-1536x1024.webp 1536w, https:\/\/soymigrante.com\/revista\/wp-content\/uploads\/2023\/08\/LADANZ1-750x500.webp 750w, https:\/\/soymigrante.com\/revista\/wp-content\/uploads\/2023\/08\/LADANZ1-1140x760.webp 1140w, https:\/\/soymigrante.com\/revista\/wp-content\/uploads\/2023\/08\/LADANZ1-600x400.webp 600w, https:\/\/soymigrante.com\/revista\/wp-content\/uploads\/2023\/08\/LADANZ1.webp 1600w\" sizes=\"(max-width: 1024px) 100vw, 1024px\" \/>\n            <\/div>\n        <\/div><div class=\"eael-entry-wrapper\"><header class=\"eael-entry-header\"><h2 class=\"eael-entry-title\"><a class=\"eael-grid-post-link\" href=\"https:\/\/soymigrante.com\/revista\/roldan-jose-es-un-migrante-guatemalteco-orgulloso-de-su-raiz-y-de-ser-un-mico-bailador\/\" title=\"Rold\u00e1n Jos\u00e9 es un  migrante guatemalteco orgulloso de ser mico bailador momosteco en NY\">Rold\u00e1n Jos\u00e9 es un  migrante guatemalteco orgulloso de ser mico bailador momosteco en NY<\/a><\/h2><\/header><div class=\"eael-entry-content\">\n                        <div class=\"eael-grid-post-excerpt\"><a href=\"https:\/\/soymigrante.com\/revista\/roldan-jose-es-un-migrante-guatemalteco-orgulloso-de-su-raiz-y-de-ser-un-mico-bailador\/\" class=\"eael-post-elements-readmore-btn\">CONOCE SU HISTORIA <\/a><\/div>\n                    <\/div><\/div><\/div>\n        <\/div>\n    <\/article><\/div>\n            <div class=\"clearfix\"><\/div>\n        <\/div>\t\t\t\t<\/div>\n\t\t\t\t\t<\/div>\n\t\t\t\t<\/div>\n\t\t\t\t<\/div>\n\t\t","protected":false},"excerpt":{"rendered":"<p>Comunicador y promotor cultural momosteco Germ\u00e1n Ajanel, propone una reflexi\u00f3n en clave de s\u00faplica, acerca de la perspectiva del migrante guatemalteco, las carencias que obligan a su partida y el anhelo de regresar alg\u00fan d\u00eda a su tierra. Por Germ\u00e1n Ajanel No s\u00e9 si fue mi fe, la de mi amada, la de mis hijos [&hellip;]<\/p>\n","protected":false},"author":1,"featured_media":10678,"comment_status":"open","ping_status":"open","sticky":false,"template":"","format":"standard","meta":{"_acf_changed":false,"_eb_attr":"","footnotes":""},"categories":[56],"tags":[],"class_list":["post-10677","post","type-post","status-publish","format-standard","has-post-thumbnail","hentry","category-lugar-de-voces"],"acf":[],"aioseo_notices":[],"aioseo_head":"\n\t\t<!-- All in One SEO Pro 4.9.6.2 - aioseo.com -->\n\t<meta name=\"description\" content=\"Roldan Jos\u00e9 Wix deja huella en los corazones de los guatemaltecos migrantes y de las personas que lo rodean, dar a conocer su origen y tradiciones es el objetivo de publicar fotos ataviado con traje de mico de danza tradicional de Momostenango. Orgulloso de sus ra\u00edces mayas Roldan Jos\u00e9 es originario de la comunidad de Roldan Jos\u00e9 luce trajes de personajes de los bailes tradicionales de su natal Momostenango en Estados Unidos, es migrante guatemalteco orgullo de sus ra\u00edces.\" \/>\n\t<meta name=\"robots\" content=\"max-snippet:-1, max-image-preview:large, max-video-preview:-1\" \/>\n\t<meta name=\"author\" content=\"SoyMigrante.com REVISTA\"\/>\n\t<link rel=\"canonical\" href=\"https:\/\/soymigrante.com\/revista\/una-suplica-desde-una-ciudad-muy-lejana-de-mi-pueblo\/\" \/>\n\t<meta name=\"generator\" content=\"All in One SEO Pro (AIOSEO) 4.9.6.2\" \/>\n\n\t\t<link rel=\"preconnect\" href=\"https:\/\/fonts.googleapis.com\" crossorigin>\n<link rel=\"preconnect\" href=\"https:\/\/fonts.gstatic.com\" crossorigin>\n\t\t<meta property=\"og:locale\" content=\"es_ES\" \/>\n\t\t<meta property=\"og:site_name\" content=\"SoyMigrante.com REVISTA \u2013 Nuestra misi\u00f3n es reconocer y dignificar al migrante.\" \/>\n\t\t<meta property=\"og:type\" content=\"article\" \/>\n\t\t<meta property=\"og:title\" content=\"La s\u00faplica de un migrante desde un lugar muy distante de su pueblo\" \/>\n\t\t<meta property=\"og:description\" content=\"Escritor y comunicador maya k&#039;iche&#039; German Ajanel se pone en los zapatos del migrante para evocar la nostalgia de la distancia y las necesidades que lo impulsan\" \/>\n\t\t<meta property=\"og:url\" content=\"https:\/\/soymigrante.com\/revista\/una-suplica-desde-una-ciudad-muy-lejana-de-mi-pueblo\/\" \/>\n\t\t<meta property=\"og:image\" content=\"https:\/\/soymigrante.com\/revista\/wp-content\/uploads\/2024\/10\/migrante-texto-german-ajanel-1-scaled.webp\" \/>\n\t\t<meta property=\"og:image:secure_url\" content=\"https:\/\/soymigrante.com\/revista\/wp-content\/uploads\/2024\/10\/migrante-texto-german-ajanel-1-scaled.webp\" \/>\n\t\t<meta property=\"og:image:width\" content=\"1920\" \/>\n\t\t<meta property=\"og:image:height\" content=\"1920\" \/>\n\t\t<meta property=\"article:published_time\" content=\"2024-10-24T13:00:00+00:00\" \/>\n\t\t<meta property=\"article:modified_time\" content=\"2024-10-24T05:33:21+00:00\" \/>\n\t\t<meta property=\"article:publisher\" content=\"https:\/\/www.facebook.com\/soymigrantecom\" \/>\n\t\t<meta name=\"twitter:card\" content=\"summary_large_image\" \/>\n\t\t<meta name=\"twitter:site\" content=\"@SoyMigrante_com\" \/>\n\t\t<meta name=\"twitter:title\" content=\"La s\u00faplica de un migrante desde un lugar muy distante de su pueblo\" \/>\n\t\t<meta name=\"twitter:description\" content=\"Escritor y comunicador maya k&#039;iche&#039; German Ajanel se pone en los zapatos del migrante para evocar la nostalgia de la distancia y las necesidades que lo impulsan\" \/>\n\t\t<meta name=\"twitter:creator\" content=\"@SoyMigrante_com\" \/>\n\t\t<meta name=\"twitter:image\" content=\"https:\/\/soymigrante.com\/revista\/wp-content\/uploads\/2024\/10\/migrante-texto-german-ajanel-1-scaled.webp\" \/>\n\t\t<!-- All in One SEO Pro -->\r\n\t\t<title>La s\u00faplica de un migrante desde un lugar muy distante de su pueblo<\/title>\n\n","aioseo_head_json":{"title":"La s\u00faplica de un migrante desde un lugar muy distante de su pueblo","description":"Escritor y comunicador maya k'iche' German Ajanel se pone en los zapatos del migrante para evocar la nostalgia de la distancia y las necesidades que lo impulsan","canonical_url":"https:\/\/soymigrante.com\/revista\/una-suplica-desde-una-ciudad-muy-lejana-de-mi-pueblo\/","robots":"max-snippet:-1, max-image-preview:large, max-video-preview:-1","keywords":"","webmasterTools":{"miscellaneous":"&lt;link rel=\"preconnect\" href=\"https:\/\/fonts.googleapis.com\" crossorigin&gt;\n&lt;link rel=\"preconnect\" href=\"https:\/\/fonts.gstatic.com\" crossorigin&gt;"},"schema":null,"og:locale":"es_ES","og:site_name":"SoyMigrante.com REVISTA \u2013 Nuestra misi\u00f3n es reconocer y dignificar al migrante.","og:type":"article","og:title":"La s\u00faplica de un migrante desde un lugar muy distante de su pueblo","og:description":"Escritor y comunicador maya k'iche' German Ajanel se pone en los zapatos del migrante para evocar la nostalgia de la distancia y las necesidades que lo impulsan","og:url":"https:\/\/soymigrante.com\/revista\/una-suplica-desde-una-ciudad-muy-lejana-de-mi-pueblo\/","og:image":"https:\/\/soymigrante.com\/revista\/wp-content\/uploads\/2024\/10\/migrante-texto-german-ajanel-1-scaled.webp","og:image:secure_url":"https:\/\/soymigrante.com\/revista\/wp-content\/uploads\/2024\/10\/migrante-texto-german-ajanel-1-scaled.webp","og:image:width":1920,"og:image:height":1920,"article:published_time":"2024-10-24T13:00:00+00:00","article:modified_time":"2024-10-24T05:33:21+00:00","article:publisher":"https:\/\/www.facebook.com\/soymigrantecom","twitter:card":"summary_large_image","twitter:site":"@SoyMigrante_com","twitter:title":"La s\u00faplica de un migrante desde un lugar muy distante de su pueblo","twitter:description":"Escritor y comunicador maya k'iche' German Ajanel se pone en los zapatos del migrante para evocar la nostalgia de la distancia y las necesidades que lo impulsan","twitter:creator":"@SoyMigrante_com","twitter:image":"https:\/\/soymigrante.com\/revista\/wp-content\/uploads\/2024\/10\/migrante-texto-german-ajanel-1-scaled.webp"},"aioseo_meta_data":{"post_id":"10677","title":null,"description":"Escritor y comunicador maya k'iche' German Ajanel se pone en los zapatos del migrante para evocar la nostalgia de la distancia y las necesidades que lo impulsan","keywords":null,"keyphrases":{"focus":{"keyphrase":"Pueblo","score":60,"analysis":{"keyphraseInTitle":{"score":9,"maxScore":9,"error":0},"keyphraseInDescription":{"score":3,"maxScore":9,"error":1},"keyphraseLength":{"score":9,"maxScore":9,"error":0,"length":1},"keyphraseInURL":{"score":5,"maxScore":5,"error":0},"keyphraseInIntroduction":{"score":3,"maxScore":9,"error":1},"keyphraseInSubHeadings":{"score":3,"maxScore":9,"error":1},"keyphraseInImageAlt":{"score":9,"maxScore":9,"error":0},"keywordDensity":{"score":0,"type":"low","maxScore":9,"error":1}}},"additional":[{"keyphrase":"Migrante","score":67,"analysis":{"keyphraseInDescription":{"score":9,"maxScore":9,"error":0},"keyphraseLength":{"score":9,"maxScore":9,"error":0,"length":1},"keyphraseInIntroduction":{"score":3,"maxScore":9,"error":1},"keyphraseInImageAlt":{"score":9,"maxScore":9,"error":0},"keywordDensity":{"score":0,"type":"low","maxScore":9,"error":1}}}]},"primary_term":null,"canonical_url":null,"og_title":null,"og_description":null,"og_object_type":"default","og_image_type":"default","og_image_url":null,"og_image_width":null,"og_image_height":null,"og_image_custom_url":null,"og_image_custom_fields":null,"og_video":"","og_custom_url":null,"og_article_section":null,"og_article_tags":null,"twitter_use_og":false,"twitter_card":"default","twitter_image_type":"default","twitter_image_url":null,"twitter_image_custom_url":null,"twitter_image_custom_fields":null,"twitter_title":null,"twitter_description":null,"schema":{"blockGraphs":[],"customGraphs":[],"default":{"data":{"Article":[],"Course":[],"Dataset":[],"FAQPage":[],"Movie":[],"Person":[],"Product":[],"ProductReview":[],"Car":[],"Recipe":[],"Service":[],"SoftwareApplication":[],"WebPage":[]},"graphName":"Article","isEnabled":true},"graphs":[]},"schema_type":"default","schema_type_options":null,"pillar_content":false,"robots_default":true,"robots_noindex":false,"robots_noarchive":false,"robots_nosnippet":false,"robots_nofollow":false,"robots_noimageindex":false,"robots_noodp":false,"robots_notranslate":false,"robots_max_snippet":"-1","robots_max_videopreview":"-1","robots_max_imagepreview":"large","priority":null,"frequency":"default","local_seo":null,"seo_analyzer_scan_date":"2025-10-08 23:52:46","breadcrumb_settings":null,"limit_modified_date":false,"reviewed_by":null,"open_ai":"{\"title\":{\"suggestions\":[],\"usage\":0},\"description\":{\"suggestions\":[],\"usage\":0}}","ai":null,"created":"2024-10-24 05:06:14","updated":"2026-02-04 15:19:49"},"aioseo_breadcrumb":"<div class=\"aioseo-breadcrumbs\"><span class=\"aioseo-breadcrumb\">\n\t<a href=\"https:\/\/soymigrante.com\/revista\" title=\"Home\">Home<\/a>\n<\/span><span class=\"aioseo-breadcrumb-separator\">\u00bb<\/span><span class=\"aioseo-breadcrumb\">\n\t<a href=\"https:\/\/soymigrante.com\/revista\/category\/estamos-unidos\/\" title=\"Estamos Unidos\">Estamos Unidos<\/a>\n<\/span><span class=\"aioseo-breadcrumb-separator\">\u00bb<\/span><span class=\"aioseo-breadcrumb\">\n\t<a href=\"https:\/\/soymigrante.com\/revista\/category\/estamos-unidos\/lugar-de-voces\/\" title=\"Lugar de Voces\">Lugar de Voces<\/a>\n<\/span><span class=\"aioseo-breadcrumb-separator\">\u00bb<\/span><span class=\"aioseo-breadcrumb\">\n\tLa s\u00faplica de un migrante desde un lugar muy distante de su pueblo\n<\/span><\/div>","aioseo_breadcrumb_json":[{"label":"Home","link":"https:\/\/soymigrante.com\/revista"},{"label":"Estamos Unidos","link":"https:\/\/soymigrante.com\/revista\/category\/estamos-unidos\/"},{"label":"Lugar de Voces","link":"https:\/\/soymigrante.com\/revista\/category\/estamos-unidos\/lugar-de-voces\/"},{"label":"La s\u00faplica de un migrante desde un lugar muy distante de su pueblo","link":"https:\/\/soymigrante.com\/revista\/una-suplica-desde-una-ciudad-muy-lejana-de-mi-pueblo\/"}],"_links":{"self":[{"href":"https:\/\/soymigrante.com\/revista\/wp-json\/wp\/v2\/posts\/10677","targetHints":{"allow":["GET"]}}],"collection":[{"href":"https:\/\/soymigrante.com\/revista\/wp-json\/wp\/v2\/posts"}],"about":[{"href":"https:\/\/soymigrante.com\/revista\/wp-json\/wp\/v2\/types\/post"}],"author":[{"embeddable":true,"href":"https:\/\/soymigrante.com\/revista\/wp-json\/wp\/v2\/users\/1"}],"replies":[{"embeddable":true,"href":"https:\/\/soymigrante.com\/revista\/wp-json\/wp\/v2\/comments?post=10677"}],"version-history":[{"count":0,"href":"https:\/\/soymigrante.com\/revista\/wp-json\/wp\/v2\/posts\/10677\/revisions"}],"wp:featuredmedia":[{"embeddable":true,"href":"https:\/\/soymigrante.com\/revista\/wp-json\/wp\/v2\/media\/10678"}],"wp:attachment":[{"href":"https:\/\/soymigrante.com\/revista\/wp-json\/wp\/v2\/media?parent=10677"}],"wp:term":[{"taxonomy":"category","embeddable":true,"href":"https:\/\/soymigrante.com\/revista\/wp-json\/wp\/v2\/categories?post=10677"},{"taxonomy":"post_tag","embeddable":true,"href":"https:\/\/soymigrante.com\/revista\/wp-json\/wp\/v2\/tags?post=10677"}],"curies":[{"name":"wp","href":"https:\/\/api.w.org\/{rel}","templated":true}]}}